{"id":23926,"date":"2021-05-26T09:24:27","date_gmt":"2021-05-26T12:24:27","guid":{"rendered":"https:\/\/www.cidademarketing.com.br\/marketing\/?p=23926"},"modified":"2021-05-26T09:24:29","modified_gmt":"2021-05-26T12:24:29","slug":"heineken-abre-mao-de-espaco-publicitario-da-final-da-uefa-champions-league-para-auxiliar-bares-e-restaurantes","status":"publish","type":"post","link":"https:\/\/www.cidademarketing.com.br\/marketing\/2021\/05\/26\/heineken-abre-mao-de-espaco-publicitario-da-final-da-uefa-champions-league-para-auxiliar-bares-e-restaurantes\/","title":{"rendered":"Heineken\u00ae abre m\u00e3o de espa\u00e7o publicit\u00e1rio da final da UEFA Champions League para auxiliar bares e restaurantes"},"content":{"rendered":"\n<p>Com o intuito de apoiar os bares e restaurantes que est\u00e3o com o faturamento drasticamente reduzido em raz\u00e3o da pandemia de Covid-19, a Heineken<em>\u00ae<\/em> apresenta <em>&#8220;Ajude Seu Bar&#8221;<\/em>, movimento em que a marca cede parte do seu espa\u00e7o publicit\u00e1rio durante a semana da final da UEFA Champions League para divulgar servi\u00e7os de entrega de estabelecimentos de todo o pa\u00eds.<\/p>\n\n\n\n<p>Patrocinadora oficial da UEFA Champions League pelo 15\u00b0 ano, a a\u00e7\u00e3o tem cria\u00e7\u00e3o da Publicis Brasil, e faz parte da campanha global &#8220;Never Alone&#8221;, que mostra que mesmo com o distanciamento social, os torcedores nunca est\u00e3o sozinhos ao assistir uma partida do campeonato, conectados pela emo\u00e7\u00e3o dos jogos. A marca usa uma de suas principais campanhas para chamar aten\u00e7\u00e3o \u00e0 situa\u00e7\u00e3o econ\u00f4mica dos parceiros, que por mais um ano passam por restri\u00e7\u00f5es para atender seus clientes, e assim mostra que eles tamb\u00e9m n\u00e3o estar\u00e3o sozinhos neste momento.<\/p>\n\n\n\n<figure class=\"wp-block-gallery columns-2 is-cropped wp-block-gallery-1 is-layout-flex wp-block-gallery-is-layout-flex\"><ul class=\"blocks-gallery-grid\"><li class=\"blocks-gallery-item\"><figure><img fetchpriority=\"high\" decoding=\"async\" width=\"1024\" height=\"576\" src=\"https:\/\/www.cidademarketing.com.br\/marketing\/wp-content\/uploads\/2021\/05\/heineken_02-1024x576.jpg\" alt=\"\" data-id=\"23931\" data-full-url=\"https:\/\/www.cidademarketing.com.br\/marketing\/wp-content\/uploads\/2021\/05\/heineken_02-scaled.jpg\" data-link=\"https:\/\/www.cidademarketing.com.br\/marketing\/?attachment_id=23931\" class=\"wp-image-23931\" srcset=\"https:\/\/www.cidademarketing.com.br\/marketing\/wp-content\/uploads\/2021\/05\/heineken_02-1024x576.jpg 1024w, https:\/\/www.cidademarketing.com.br\/marketing\/wp-content\/uploads\/2021\/05\/heineken_02-300x169.jpg 300w, https:\/\/www.cidademarketing.com.br\/marketing\/wp-content\/uploads\/2021\/05\/heineken_02-768x432.jpg 768w, https:\/\/www.cidademarketing.com.br\/marketing\/wp-content\/uploads\/2021\/05\/heineken_02-1536x864.jpg 1536w, https:\/\/www.cidademarketing.com.br\/marketing\/wp-content\/uploads\/2021\/05\/heineken_02-2048x1152.jpg 2048w, https:\/\/www.cidademarketing.com.br\/marketing\/wp-content\/uploads\/2021\/05\/heineken_02-747x420.jpg 747w, https:\/\/www.cidademarketing.com.br\/marketing\/wp-content\/uploads\/2021\/05\/heineken_02-640x360.jpg 640w, https:\/\/www.cidademarketing.com.br\/marketing\/wp-content\/uploads\/2021\/05\/heineken_02-681x383.jpg 681w\" sizes=\"(max-width: 1024px) 100vw, 1024px\" \/><\/figure><\/li><li class=\"blocks-gallery-item\"><figure><img decoding=\"async\" width=\"1024\" height=\"576\" src=\"https:\/\/www.cidademarketing.com.br\/marketing\/wp-content\/uploads\/2021\/05\/heineken_01-1024x576.jpg\" alt=\"\" data-id=\"23932\" data-full-url=\"https:\/\/www.cidademarketing.com.br\/marketing\/wp-content\/uploads\/2021\/05\/heineken_01-scaled.jpg\" data-link=\"https:\/\/www.cidademarketing.com.br\/marketing\/?attachment_id=23932\" class=\"wp-image-23932\" srcset=\"https:\/\/www.cidademarketing.com.br\/marketing\/wp-content\/uploads\/2021\/05\/heineken_01-1024x576.jpg 1024w, https:\/\/www.cidademarketing.com.br\/marketing\/wp-content\/uploads\/2021\/05\/heineken_01-300x169.jpg 300w, https:\/\/www.cidademarketing.com.br\/marketing\/wp-content\/uploads\/2021\/05\/heineken_01-768x432.jpg 768w, https:\/\/www.cidademarketing.com.br\/marketing\/wp-content\/uploads\/2021\/05\/heineken_01-1536x864.jpg 1536w, https:\/\/www.cidademarketing.com.br\/marketing\/wp-content\/uploads\/2021\/05\/heineken_01-2048x1152.jpg 2048w, https:\/\/www.cidademarketing.com.br\/marketing\/wp-content\/uploads\/2021\/05\/heineken_01-747x420.jpg 747w, https:\/\/www.cidademarketing.com.br\/marketing\/wp-content\/uploads\/2021\/05\/heineken_01-640x360.jpg 640w, https:\/\/www.cidademarketing.com.br\/marketing\/wp-content\/uploads\/2021\/05\/heineken_01-681x383.jpg 681w\" sizes=\"(max-width: 1024px) 100vw, 1024px\" \/><\/figure><\/li><li class=\"blocks-gallery-item\"><figure><img decoding=\"async\" width=\"1024\" height=\"576\" src=\"https:\/\/www.cidademarketing.com.br\/marketing\/wp-content\/uploads\/2021\/05\/heineken_04-1024x576.jpg\" alt=\"\" data-id=\"23933\" data-full-url=\"https:\/\/www.cidademarketing.com.br\/marketing\/wp-content\/uploads\/2021\/05\/heineken_04-scaled.jpg\" data-link=\"https:\/\/www.cidademarketing.com.br\/marketing\/?attachment_id=23933\" class=\"wp-image-23933\" srcset=\"https:\/\/www.cidademarketing.com.br\/marketing\/wp-content\/uploads\/2021\/05\/heineken_04-1024x576.jpg 1024w, https:\/\/www.cidademarketing.com.br\/marketing\/wp-content\/uploads\/2021\/05\/heineken_04-300x169.jpg 300w, https:\/\/www.cidademarketing.com.br\/marketing\/wp-content\/uploads\/2021\/05\/heineken_04-768x432.jpg 768w, https:\/\/www.cidademarketing.com.br\/marketing\/wp-content\/uploads\/2021\/05\/heineken_04-1536x864.jpg 1536w, https:\/\/www.cidademarketing.com.br\/marketing\/wp-content\/uploads\/2021\/05\/heineken_04-2048x1152.jpg 2048w, https:\/\/www.cidademarketing.com.br\/marketing\/wp-content\/uploads\/2021\/05\/heineken_04-747x420.jpg 747w, https:\/\/www.cidademarketing.com.br\/marketing\/wp-content\/uploads\/2021\/05\/heineken_04-640x360.jpg 640w, https:\/\/www.cidademarketing.com.br\/marketing\/wp-content\/uploads\/2021\/05\/heineken_04-681x383.jpg 681w\" sizes=\"(max-width: 1024px) 100vw, 1024px\" \/><\/figure><\/li><\/ul><\/figure>\n\n\n\n<p><\/p>\n\n\n\n<p>Na ativa\u00e7\u00e3o, a Heineken<em>\u00ae<\/em> \u00e9 a respons\u00e1vel por desenvolver e impulsionar os an\u00fancios por meio do Facebook, Instagram e YouTube, de maneira geolocalizada, para os usu\u00e1rios pr\u00f3ximos aos bares participantes da campanha. J\u00e1 os estabelecimentos, por sua vez, s\u00e3o respons\u00e1veis pela opera\u00e7\u00e3o log\u00edstica dos pedidos de delivery. A ideia \u00e9 que os consumidores sintam-se convidados a viver uma experi\u00eancia de bar em casa, enquanto curtem a partida final entre Chelsea e Manchester City e, consequentemente, apoiem os bares de sua regi\u00e3o. A lista de bares participantes e mais informa\u00e7\u00f5es sobre a campanha estar\u00e3o dispon\u00edveis na p\u00e1gina Ajude Seu Bar, a partir do dia 24 de maio. (<a href=\"https:\/\/www.ajudeseubar.com.br\" target=\"_blank\" rel=\"noreferrer noopener\">https:\/\/www.ajudeseubar.com.br<\/a>).<\/p>\n\n\n\n<p>&#8220;Com a iniciativa, refor\u00e7amos a mensagem da nossa campanha global <em>Never Alone,<\/em> de que estamos vivendo um per\u00edodo de distanciamento social, mas quando o assunto \u00e9 UEFA Champions League, at\u00e9 podemos estar fisicamente sozinhos, mas estamos todos conectados atrav\u00e9s da emo\u00e7\u00e3o do esporte. Os bares, que costumam ser local de encontro entre amigos que vibram com o torneio, est\u00e3o sendo afetados mais uma vez nesta data t\u00e3o esperada. Ent\u00e3o, por meio desta interven\u00e7\u00e3o, incentivamos a compra via delivery para que sintam que n\u00e3o est\u00e3o sozinhos&#8221;, explica Gabriel D\u2019Angelo Braz, diretor de marketing da marca Heineken\u00ae no Brasil.<\/p>\n\n\n\n<figure class=\"wp-block-video\"><video height=\"1080\" style=\"aspect-ratio: 1920 \/ 1080;\" width=\"1920\" controls src=\"https:\/\/www.cidademarketing.com.br\/marketing\/wp-content\/uploads\/2021\/05\/HEINEKEN_THE_CHAMPIONS_SEM_BAR_34s_YOUTUBE.mp4\"><\/video><\/figure>\n\n\n\n<p>Esta iniciativa integra o pilar global #SocialiseResponsibly, da marca Heineken\u00ae, que tem como foco incentivar a manuten\u00e7\u00e3o dos cuidados na socializa\u00e7\u00e3o respons\u00e1vel por todos os pa\u00edses que a marca atua no mundo, especialmente durante a pandemia.<\/p>\n\n\n\n<p>Para incentivar mais pessoas a participarem da a\u00e7\u00e3o, a Heineken\u00ae veicular\u00e1 um filme in\u00e9dito nas redes sociais, denominado <em>The Champions<\/em>, e utilizar\u00e1 m\u00eddia OOH nas cidades de S\u00e3o Paulo e Rio de Janeiro, assim amplificando a divulga\u00e7\u00e3o dos estabelecimentos parceiros. <\/p>\n\n\n\n<p>A Heineken\u00ae n\u00e3o tem participa\u00e7\u00e3o nos lucros das empresas participantes.<\/p>\n\n\n\n<p><strong>SOBRE CAMPANHA GLOBAL <a href=\"https:\/\/youtu.be\/aal56gy7L5Y\" target=\"_blank\" rel=\"noreferrer noopener\">&#8220;NEVER ALONE&#8221;<\/a><\/strong><\/p>\n\n\n\n<p>A Heineken<em>\u00ae<\/em> apresentou, no dia 12 de abril, a campanha de divulga\u00e7\u00e3o do patroc\u00ednio da UEFA Champions League, temporada 2020\/2021, per\u00edodo que marca o 15\u00ba ano de parceria com o principal torneio de times do futebol mundial. Com o mote &#8220;Voc\u00ea nunca est\u00e1 assistindo sozinho, mesmo quando est\u00e1 assistindo sozinho&#8221;, &#8220;<em>Never Alone<\/em>&#8221; \u00e9 um filme assinado pela Publicis Mil\u00e3o que convida os consumidores a acompanharem o campeonato com responsabilidade e vivenciarem juntos, de suas casas, toda emo\u00e7\u00e3o que acompanha as partidas do torneio.<\/p>\n\n\n\n<p>Estrelado por Thierry Henry, lend\u00e1rio ex-jogador e campe\u00e3o mundial, tamb\u00e9m ganhador de um t\u00edtulo da UEFA Champions League pelo Barcelona (2008\/2009), o filme mostra que mesmo em momentos t\u00e3o desafiadores, com v\u00e1rias restri\u00e7\u00f5es sociais, uma partida de futebol \u00e9 capaz de unir pessoas. Conectados pela paix\u00e3o do futebol, os torcedores, no conforto de seus lares, vibram a mesma emo\u00e7\u00e3o simultaneamente.<\/p>\n\n\n\n<p><\/p>\n\n\n\n<p><\/p>\n\n\n\n<p><strong><u>FICHA T\u00c9CNICA:<\/u><\/strong><br><strong>HEINEKEN<\/strong><br>Vice-presidente de marketing: Nabil Nasser<br>Diretor de marketing: Gabriel D\u2019Angelo Braz<br>Gerente de marketing: Priscila de Almeida Prado Fins<br>Analista de Marketing: Marina Ferraz Awada<br>Coordenadora de Comunica\u00e7\u00e3o Corporativa: Marilia Borges Pires dos Santos<br>Estagi\u00e1rio de Comunica\u00e7\u00e3o Corporativa: Felipe Cezar<br><br><strong>PUBLICIS &#8211; AG\u00caNCIA<\/strong><br>CCO: Domenico Massareto<br>Diretor Executivo de cria\u00e7\u00e3o: Gustavo Victorino<br>Diretor de Cria\u00e7\u00e3o: Arturo Marenda<br>Diretor de Cria\u00e7\u00e3o Associado: Andr\u00e9 Leotta<br>Reda\u00e7\u00e3o: Rodolfo Monteiro, Jessica Borges<br>Dire\u00e7\u00e3o de arte: Elias Carmo, Isabel Fontes, Samuel Gon\u00e7alves<br>Head de atendimento: Flavia Cortes<br>Atendimento: Joanna Alencar, Renata Principe, Marina Roge, Cassia Brand\u00e3o<br>Head de planejamento: Juliana Elia<br>Planejamento: Silvia Mello, Daniela Altenfelder, Caio Dias<br>Head de m\u00eddia: Mauricio Almeida<br>M\u00eddia: Ana Sanchez, Polimarcos Macedo, Jussara Bezerra, Fernando Brito<br>Global Publicis Mil\u00e3o: Guy Lewis<br>Head de Produ\u00e7\u00e3o: Renata Say\u00e3o<br>RTVC: Giuliano Springhetti<br><br><strong>BARRY COMPANY &#8211; PRODUTORA DO FILME<\/strong><br>Dire\u00e7\u00e3o De Cena: Judith Belfer<br>Produ\u00e7\u00e3o Executiva: Krysse Mello E Juliana Martellotta<br>Atendimento Larissa Perrotta E Carolina Teixeira<br>Dire\u00e7\u00e3o De Fotografia: Ted Abel<br>Dire\u00e7\u00e3o De Arte: Tha\u00eds Albuquerque<br>Montagem: Alexandre Boechat<br>Finaliza\u00e7\u00e3o: Barry Company<br>Coordenador De P\u00f3s: Ale Cois E Sabrina Comar<br>Finalizador: Luiz Bicudo Jr.<br>Colour Grading: Estudio Ely<br><br><strong>SAT\u00c9LITE AUDIO &#8211; PRODUTORA DE SOM<\/strong><br>Dire\u00e7\u00e3o Musical: Roberto Coelho, Kito Siqueira, Hurso Ambrifi E Thiago Colli<br>Atendimento: Fernanda Costa, Renata Schincariol E Carol Ara\u00fajo<br>Produ\u00e7\u00e3o Musical: Kito Siqueira, Roberto Coelho, Hurso Ambrifi, Mike Vlcek, Thiago<br>Colli, Charly Coombes, Koitty E Helton Oliveira<br>Finaliza\u00e7\u00e3o: Carla Cornea, Pedro Macedo, Ian Sierra E Renan Marques<br>Coordena\u00e7\u00e3o De Produ\u00e7\u00e3o: Ana Cordeiro, Larissa Costa<br><br><strong>IPROSPECT &#8211; DIGITAL MEDIA<\/strong><br>Business Director: Caroline Bassi<br>Business Manager: Gioconda Ferraz<br>Media Director: Teda Leite<br>Media Manager: K\u00e1ssia Trompiere e Fernando Garcia<br>Media Supervisor: Cleberson Luque<br>Media Analist: Lais Virgilio, Arthur Fialho e Hugo Alves<br>Insights Manager: Rodrigo Korikawa<br>Programmatic Media Manager: Artur de Menezes Ven\u00e2ncio Martins<br>Programmatic Media Analyst: Lucas Lelis<br><br><strong>LEMA &#8211; PR<\/strong><br>Diretor de Conta: Let\u00edcia Zioni, Leandro Matulja<br>Diretor de Planejamento e Cria\u00e7\u00e3o: Guilherme Maia<br>Coordenador de Planejamento: Felipe Vaitsman<br>Planejamento: Andr\u00e9s Piza<br>Reda\u00e7\u00e3o: Rodrigo Guarizo<br>Dire\u00e7\u00e3o de Arte: Sidney de Oliveira<br>Gerente de Projetos: Ana Amadio<br>Coordenadora de Imprensa: Ana Cl\u00e1udia Luiz<br>Atendimento de Imprensa: Bruno Bataglioto<br>Assistente de Imprensa: Ricardo Oliveira<br>Marketing de Influ\u00eancia: Vin\u00edcius Conrad e Beatriz S\u00e1<br>Produtora Executiva: Magda Castagna<\/p>\n","protected":false},"excerpt":{"rendered":"<p>Com o intuito de apoiar os bares e restaurantes que est\u00e3o com o faturamento drasticamente reduzido em raz\u00e3o da pandemia de Covid-19, a Heineken\u00ae apresenta &#8220;Ajude Seu Bar&#8221;, movimento em que a marca cede parte do seu espa\u00e7o publicit\u00e1rio durante a semana da final da UEFA Champions League para divulgar servi\u00e7os de entrega de estabelecimentos [&hellip;]<\/p>\n","protected":false},"author":1,"featured_media":23935,"comment_status":"open","ping_status":"open","sticky":false,"template":"","format":"standard","meta":{"tdm_status":"","tdm_grid_status":"","footnotes":""},"categories":[6],"tags":[33,654,1403],"class_list":["post-23926","post","type-post","status-publish","format-standard","has-post-thumbnail","hentry","category-noticias","tag-estrategia","tag-heineken","tag-uefa"],"yoast_head":"<!-- This site is optimized with the Yoast SEO plugin v27.5 - https:\/\/yoast.com\/product\/yoast-seo-wordpress\/ -->\n<title>Heineken\u00ae abre m\u00e3o de espa\u00e7o publicit\u00e1rio da final da UEFA Champions League para auxiliar bares e restaurantes - CidadeMarketing<\/title>\n<meta name=\"robots\" content=\"index, follow, max-snippet:-1, max-image-preview:large, max-video-preview:-1\" \/>\n<link rel=\"canonical\" href=\"https:\/\/www.cidademarketing.com.br\/marketing\/2021\/05\/26\/heineken-abre-mao-de-espaco-publicitario-da-final-da-uefa-champions-league-para-auxiliar-bares-e-restaurantes\/\" \/>\n<meta property=\"og:locale\" content=\"pt_BR\" \/>\n<meta property=\"og:type\" content=\"article\" \/>\n<meta property=\"og:title\" content=\"Heineken\u00ae abre m\u00e3o de espa\u00e7o publicit\u00e1rio da final da UEFA Champions League para auxiliar bares e restaurantes - CidadeMarketing\" \/>\n<meta property=\"og:description\" content=\"Com o intuito de apoiar os bares e restaurantes que est\u00e3o com o faturamento drasticamente reduzido em raz\u00e3o da pandemia de Covid-19, a Heineken\u00ae apresenta &#8220;Ajude Seu Bar&#8221;, movimento em que a marca cede parte do seu espa\u00e7o publicit\u00e1rio durante a semana da final da UEFA Champions League para divulgar servi\u00e7os de entrega de estabelecimentos [&hellip;]\" \/>\n<meta property=\"og:url\" content=\"https:\/\/www.cidademarketing.com.br\/marketing\/2021\/05\/26\/heineken-abre-mao-de-espaco-publicitario-da-final-da-uefa-champions-league-para-auxiliar-bares-e-restaurantes\/\" \/>\n<meta property=\"og:site_name\" content=\"CidadeMarketing\" \/>\n<meta property=\"article:publisher\" content=\"https:\/\/www.facebook.com\/portalcidademarketing\" \/>\n<meta property=\"article:author\" content=\"https:\/\/www.facebook.com\/thalesbrandao\" \/>\n<meta property=\"article:published_time\" content=\"2021-05-26T12:24:27+00:00\" \/>\n<meta property=\"article:modified_time\" content=\"2021-05-26T12:24:29+00:00\" \/>\n<meta property=\"og:image\" content=\"https:\/\/www.cidademarketing.com.br\/marketing\/wp-content\/uploads\/2021\/05\/heineken_03-scaled.jpg\" \/>\n\t<meta property=\"og:image:width\" content=\"2560\" \/>\n\t<meta property=\"og:image:height\" content=\"1440\" \/>\n\t<meta property=\"og:image:type\" content=\"image\/jpeg\" \/>\n<meta name=\"author\" content=\"Thales Brand\u00e3o\" \/>\n<meta name=\"twitter:card\" content=\"summary_large_image\" \/>\n<meta name=\"twitter:creator\" content=\"@http:\/\/www.twitter.com\/thalesbrandao\" \/>\n<meta name=\"twitter:site\" content=\"@CidadeMarketing\" \/>\n<meta name=\"twitter:label1\" content=\"Escrito por\" \/>\n\t<meta name=\"twitter:data1\" content=\"Thales Brand\u00e3o\" \/>\n\t<meta name=\"twitter:label2\" content=\"Est. tempo de leitura\" \/>\n\t<meta name=\"twitter:data2\" content=\"5 minutos\" \/>\n<script type=\"application\/ld+json\" class=\"yoast-schema-graph\">{\"@context\":\"https:\\\/\\\/schema.org\",\"@graph\":[{\"@type\":\"Article\",\"@id\":\"https:\\\/\\\/www.cidademarketing.com.br\\\/marketing\\\/2021\\\/05\\\/26\\\/heineken-abre-mao-de-espaco-publicitario-da-final-da-uefa-champions-league-para-auxiliar-bares-e-restaurantes\\\/#article\",\"isPartOf\":{\"@id\":\"https:\\\/\\\/www.cidademarketing.com.br\\\/marketing\\\/2021\\\/05\\\/26\\\/heineken-abre-mao-de-espaco-publicitario-da-final-da-uefa-champions-league-para-auxiliar-bares-e-restaurantes\\\/\"},\"author\":{\"name\":\"Thales Brand\u00e3o\",\"@id\":\"https:\\\/\\\/www.cidademarketing.com.br\\\/marketing\\\/#\\\/schema\\\/person\\\/02daff9f18bd9378c9e01eb6b2db155f\"},\"headline\":\"Heineken\u00ae abre m\u00e3o de espa\u00e7o publicit\u00e1rio da final da UEFA Champions League para auxiliar bares e restaurantes\",\"datePublished\":\"2021-05-26T12:24:27+00:00\",\"dateModified\":\"2021-05-26T12:24:29+00:00\",\"mainEntityOfPage\":{\"@id\":\"https:\\\/\\\/www.cidademarketing.com.br\\\/marketing\\\/2021\\\/05\\\/26\\\/heineken-abre-mao-de-espaco-publicitario-da-final-da-uefa-champions-league-para-auxiliar-bares-e-restaurantes\\\/\"},\"wordCount\":1025,\"commentCount\":0,\"publisher\":{\"@id\":\"https:\\\/\\\/www.cidademarketing.com.br\\\/marketing\\\/#organization\"},\"image\":{\"@id\":\"https:\\\/\\\/www.cidademarketing.com.br\\\/marketing\\\/2021\\\/05\\\/26\\\/heineken-abre-mao-de-espaco-publicitario-da-final-da-uefa-champions-league-para-auxiliar-bares-e-restaurantes\\\/#primaryimage\"},\"thumbnailUrl\":\"https:\\\/\\\/www.cidademarketing.com.br\\\/marketing\\\/wp-content\\\/uploads\\\/2021\\\/05\\\/heineken_03-scaled.jpg\",\"keywords\":[\"estrat\u00e9gia\",\"Heineken\",\"UEFA\"],\"articleSection\":[\"Not\u00edcias\"],\"inLanguage\":\"pt-BR\",\"potentialAction\":[{\"@type\":\"CommentAction\",\"name\":\"Comment\",\"target\":[\"https:\\\/\\\/www.cidademarketing.com.br\\\/marketing\\\/2021\\\/05\\\/26\\\/heineken-abre-mao-de-espaco-publicitario-da-final-da-uefa-champions-league-para-auxiliar-bares-e-restaurantes\\\/#respond\"]}]},{\"@type\":\"WebPage\",\"@id\":\"https:\\\/\\\/www.cidademarketing.com.br\\\/marketing\\\/2021\\\/05\\\/26\\\/heineken-abre-mao-de-espaco-publicitario-da-final-da-uefa-champions-league-para-auxiliar-bares-e-restaurantes\\\/\",\"url\":\"https:\\\/\\\/www.cidademarketing.com.br\\\/marketing\\\/2021\\\/05\\\/26\\\/heineken-abre-mao-de-espaco-publicitario-da-final-da-uefa-champions-league-para-auxiliar-bares-e-restaurantes\\\/\",\"name\":\"Heineken\u00ae abre m\u00e3o de espa\u00e7o publicit\u00e1rio da final da UEFA Champions League para auxiliar bares e restaurantes - CidadeMarketing\",\"isPartOf\":{\"@id\":\"https:\\\/\\\/www.cidademarketing.com.br\\\/marketing\\\/#website\"},\"primaryImageOfPage\":{\"@id\":\"https:\\\/\\\/www.cidademarketing.com.br\\\/marketing\\\/2021\\\/05\\\/26\\\/heineken-abre-mao-de-espaco-publicitario-da-final-da-uefa-champions-league-para-auxiliar-bares-e-restaurantes\\\/#primaryimage\"},\"image\":{\"@id\":\"https:\\\/\\\/www.cidademarketing.com.br\\\/marketing\\\/2021\\\/05\\\/26\\\/heineken-abre-mao-de-espaco-publicitario-da-final-da-uefa-champions-league-para-auxiliar-bares-e-restaurantes\\\/#primaryimage\"},\"thumbnailUrl\":\"https:\\\/\\\/www.cidademarketing.com.br\\\/marketing\\\/wp-content\\\/uploads\\\/2021\\\/05\\\/heineken_03-scaled.jpg\",\"datePublished\":\"2021-05-26T12:24:27+00:00\",\"dateModified\":\"2021-05-26T12:24:29+00:00\",\"breadcrumb\":{\"@id\":\"https:\\\/\\\/www.cidademarketing.com.br\\\/marketing\\\/2021\\\/05\\\/26\\\/heineken-abre-mao-de-espaco-publicitario-da-final-da-uefa-champions-league-para-auxiliar-bares-e-restaurantes\\\/#breadcrumb\"},\"inLanguage\":\"pt-BR\",\"potentialAction\":[{\"@type\":\"ReadAction\",\"target\":[\"https:\\\/\\\/www.cidademarketing.com.br\\\/marketing\\\/2021\\\/05\\\/26\\\/heineken-abre-mao-de-espaco-publicitario-da-final-da-uefa-champions-league-para-auxiliar-bares-e-restaurantes\\\/\"]}]},{\"@type\":\"ImageObject\",\"inLanguage\":\"pt-BR\",\"@id\":\"https:\\\/\\\/www.cidademarketing.com.br\\\/marketing\\\/2021\\\/05\\\/26\\\/heineken-abre-mao-de-espaco-publicitario-da-final-da-uefa-champions-league-para-auxiliar-bares-e-restaurantes\\\/#primaryimage\",\"url\":\"https:\\\/\\\/www.cidademarketing.com.br\\\/marketing\\\/wp-content\\\/uploads\\\/2021\\\/05\\\/heineken_03-scaled.jpg\",\"contentUrl\":\"https:\\\/\\\/www.cidademarketing.com.br\\\/marketing\\\/wp-content\\\/uploads\\\/2021\\\/05\\\/heineken_03-scaled.jpg\",\"width\":2560,\"height\":1440,\"caption\":\"Reprodu\u00e7\u00e3o\"},{\"@type\":\"BreadcrumbList\",\"@id\":\"https:\\\/\\\/www.cidademarketing.com.br\\\/marketing\\\/2021\\\/05\\\/26\\\/heineken-abre-mao-de-espaco-publicitario-da-final-da-uefa-champions-league-para-auxiliar-bares-e-restaurantes\\\/#breadcrumb\",\"itemListElement\":[{\"@type\":\"ListItem\",\"position\":1,\"name\":\"In\u00edcio\",\"item\":\"https:\\\/\\\/www.cidademarketing.com.br\\\/marketing\\\/\"},{\"@type\":\"ListItem\",\"position\":2,\"name\":\"Heineken\u00ae abre m\u00e3o de espa\u00e7o publicit\u00e1rio da final da UEFA Champions League para auxiliar bares e restaurantes\"}]},{\"@type\":\"WebSite\",\"@id\":\"https:\\\/\\\/www.cidademarketing.com.br\\\/marketing\\\/#website\",\"url\":\"https:\\\/\\\/www.cidademarketing.com.br\\\/marketing\\\/\",\"name\":\"CidadeMarketing\",\"description\":\"Somos um ve\u00edculo de comunica\u00e7\u00e3o de destaque no Brasil, reconhecido por conte\u00fados nos segmentos de marketing, empreendedorismo e inova\u00e7\u00e3o.\",\"publisher\":{\"@id\":\"https:\\\/\\\/www.cidademarketing.com.br\\\/marketing\\\/#organization\"},\"alternateName\":\"CidadeMarketing\",\"potentialAction\":[{\"@type\":\"SearchAction\",\"target\":{\"@type\":\"EntryPoint\",\"urlTemplate\":\"https:\\\/\\\/www.cidademarketing.com.br\\\/marketing\\\/?s={search_term_string}\"},\"query-input\":{\"@type\":\"PropertyValueSpecification\",\"valueRequired\":true,\"valueName\":\"search_term_string\"}}],\"inLanguage\":\"pt-BR\"},{\"@type\":\"Organization\",\"@id\":\"https:\\\/\\\/www.cidademarketing.com.br\\\/marketing\\\/#organization\",\"name\":\"CidadeMarketing\",\"alternateName\":\"CidadeMarketing\",\"url\":\"https:\\\/\\\/www.cidademarketing.com.br\\\/marketing\\\/\",\"logo\":{\"@type\":\"ImageObject\",\"inLanguage\":\"pt-BR\",\"@id\":\"https:\\\/\\\/www.cidademarketing.com.br\\\/marketing\\\/#\\\/schema\\\/logo\\\/image\\\/\",\"url\":\"https:\\\/\\\/www.cidademarketing.com.br\\\/marketing\\\/wp-content\\\/uploads\\\/2020\\\/01\\\/cidademarketing_marca_mobile.png\",\"contentUrl\":\"https:\\\/\\\/www.cidademarketing.com.br\\\/marketing\\\/wp-content\\\/uploads\\\/2020\\\/01\\\/cidademarketing_marca_mobile.png\",\"width\":230,\"height\":92,\"caption\":\"CidadeMarketing\"},\"image\":{\"@id\":\"https:\\\/\\\/www.cidademarketing.com.br\\\/marketing\\\/#\\\/schema\\\/logo\\\/image\\\/\"},\"sameAs\":[\"https:\\\/\\\/www.facebook.com\\\/portalcidademarketing\",\"https:\\\/\\\/x.com\\\/CidadeMarketing\",\"https:\\\/\\\/www.instagram.com\\\/cidademarketing\\\/\"]},{\"@type\":\"Person\",\"@id\":\"https:\\\/\\\/www.cidademarketing.com.br\\\/marketing\\\/#\\\/schema\\\/person\\\/02daff9f18bd9378c9e01eb6b2db155f\",\"name\":\"Thales Brand\u00e3o\",\"image\":{\"@type\":\"ImageObject\",\"inLanguage\":\"pt-BR\",\"@id\":\"https:\\\/\\\/secure.gravatar.com\\\/avatar\\\/7ca3206950207cc3cb48feec56a8a7898741ab725c368d99d5d7a5a50aab80c6?s=96&d=mm&r=g\",\"url\":\"https:\\\/\\\/secure.gravatar.com\\\/avatar\\\/7ca3206950207cc3cb48feec56a8a7898741ab725c368d99d5d7a5a50aab80c6?s=96&d=mm&r=g\",\"contentUrl\":\"https:\\\/\\\/secure.gravatar.com\\\/avatar\\\/7ca3206950207cc3cb48feec56a8a7898741ab725c368d99d5d7a5a50aab80c6?s=96&d=mm&r=g\",\"caption\":\"Thales Brand\u00e3o\"},\"description\":\"Editor Executivo do Portal CidadeMarketing.com.br &gt; Mestre em Comunica\u00e7\u00e3o e Sociedade pela Universidade Federal de Sergipe. Possui MBA Executivo em Administra\u00e7\u00e3o com \u00eanfase em Marketing pela Funda\u00e7\u00e3o Get\u00falio Vargas - Rio de Janeiro. Consultor, Palestrante e Pesquisador sobre Empreendedorismo, Marketing, Redes Sociais e Neg\u00f3cios Digitais. Professor, Palestrante TedxTalks e Campus Party. Twitter: @ThalesBrandao\",\"sameAs\":[\"http:\\\/\\\/www.mandacaru.com.br\",\"https:\\\/\\\/www.facebook.com\\\/thalesbrandao\",\"http:\\\/\\\/www.instagram.com.br\\\/thalesbrandaoferreira\",\"https:\\\/\\\/www.linkedin.com\\\/in\\\/thales-brand\u00e3o-3948609\\\/\",\"https:\\\/\\\/x.com\\\/http:\\\/\\\/www.twitter.com\\\/thalesbrandao\"],\"url\":\"https:\\\/\\\/www.cidademarketing.com.br\\\/marketing\\\/author\\\/thalesbrandao\\\/\"}]}<\/script>\n<!-- \/ Yoast SEO plugin. -->","yoast_head_json":{"title":"Heineken\u00ae abre m\u00e3o de espa\u00e7o publicit\u00e1rio da final da UEFA Champions League para auxiliar bares e restaurantes - CidadeMarketing","robots":{"index":"index","follow":"follow","max-snippet":"max-snippet:-1","max-image-preview":"max-image-preview:large","max-video-preview":"max-video-preview:-1"},"canonical":"https:\/\/www.cidademarketing.com.br\/marketing\/2021\/05\/26\/heineken-abre-mao-de-espaco-publicitario-da-final-da-uefa-champions-league-para-auxiliar-bares-e-restaurantes\/","og_locale":"pt_BR","og_type":"article","og_title":"Heineken\u00ae abre m\u00e3o de espa\u00e7o publicit\u00e1rio da final da UEFA Champions League para auxiliar bares e restaurantes - CidadeMarketing","og_description":"Com o intuito de apoiar os bares e restaurantes que est\u00e3o com o faturamento drasticamente reduzido em raz\u00e3o da pandemia de Covid-19, a Heineken\u00ae apresenta &#8220;Ajude Seu Bar&#8221;, movimento em que a marca cede parte do seu espa\u00e7o publicit\u00e1rio durante a semana da final da UEFA Champions League para divulgar servi\u00e7os de entrega de estabelecimentos [&hellip;]","og_url":"https:\/\/www.cidademarketing.com.br\/marketing\/2021\/05\/26\/heineken-abre-mao-de-espaco-publicitario-da-final-da-uefa-champions-league-para-auxiliar-bares-e-restaurantes\/","og_site_name":"CidadeMarketing","article_publisher":"https:\/\/www.facebook.com\/portalcidademarketing","article_author":"https:\/\/www.facebook.com\/thalesbrandao","article_published_time":"2021-05-26T12:24:27+00:00","article_modified_time":"2021-05-26T12:24:29+00:00","og_image":[{"width":2560,"height":1440,"url":"https:\/\/www.cidademarketing.com.br\/marketing\/wp-content\/uploads\/2021\/05\/heineken_03-scaled.jpg","type":"image\/jpeg"}],"author":"Thales Brand\u00e3o","twitter_card":"summary_large_image","twitter_creator":"@http:\/\/www.twitter.com\/thalesbrandao","twitter_site":"@CidadeMarketing","twitter_misc":{"Escrito por":"Thales Brand\u00e3o","Est. tempo de leitura":"5 minutos"},"schema":{"@context":"https:\/\/schema.org","@graph":[{"@type":"Article","@id":"https:\/\/www.cidademarketing.com.br\/marketing\/2021\/05\/26\/heineken-abre-mao-de-espaco-publicitario-da-final-da-uefa-champions-league-para-auxiliar-bares-e-restaurantes\/#article","isPartOf":{"@id":"https:\/\/www.cidademarketing.com.br\/marketing\/2021\/05\/26\/heineken-abre-mao-de-espaco-publicitario-da-final-da-uefa-champions-league-para-auxiliar-bares-e-restaurantes\/"},"author":{"name":"Thales Brand\u00e3o","@id":"https:\/\/www.cidademarketing.com.br\/marketing\/#\/schema\/person\/02daff9f18bd9378c9e01eb6b2db155f"},"headline":"Heineken\u00ae abre m\u00e3o de espa\u00e7o publicit\u00e1rio da final da UEFA Champions League para auxiliar bares e restaurantes","datePublished":"2021-05-26T12:24:27+00:00","dateModified":"2021-05-26T12:24:29+00:00","mainEntityOfPage":{"@id":"https:\/\/www.cidademarketing.com.br\/marketing\/2021\/05\/26\/heineken-abre-mao-de-espaco-publicitario-da-final-da-uefa-champions-league-para-auxiliar-bares-e-restaurantes\/"},"wordCount":1025,"commentCount":0,"publisher":{"@id":"https:\/\/www.cidademarketing.com.br\/marketing\/#organization"},"image":{"@id":"https:\/\/www.cidademarketing.com.br\/marketing\/2021\/05\/26\/heineken-abre-mao-de-espaco-publicitario-da-final-da-uefa-champions-league-para-auxiliar-bares-e-restaurantes\/#primaryimage"},"thumbnailUrl":"https:\/\/www.cidademarketing.com.br\/marketing\/wp-content\/uploads\/2021\/05\/heineken_03-scaled.jpg","keywords":["estrat\u00e9gia","Heineken","UEFA"],"articleSection":["Not\u00edcias"],"inLanguage":"pt-BR","potentialAction":[{"@type":"CommentAction","name":"Comment","target":["https:\/\/www.cidademarketing.com.br\/marketing\/2021\/05\/26\/heineken-abre-mao-de-espaco-publicitario-da-final-da-uefa-champions-league-para-auxiliar-bares-e-restaurantes\/#respond"]}]},{"@type":"WebPage","@id":"https:\/\/www.cidademarketing.com.br\/marketing\/2021\/05\/26\/heineken-abre-mao-de-espaco-publicitario-da-final-da-uefa-champions-league-para-auxiliar-bares-e-restaurantes\/","url":"https:\/\/www.cidademarketing.com.br\/marketing\/2021\/05\/26\/heineken-abre-mao-de-espaco-publicitario-da-final-da-uefa-champions-league-para-auxiliar-bares-e-restaurantes\/","name":"Heineken\u00ae abre m\u00e3o de espa\u00e7o publicit\u00e1rio da final da UEFA Champions League para auxiliar bares e restaurantes - CidadeMarketing","isPartOf":{"@id":"https:\/\/www.cidademarketing.com.br\/marketing\/#website"},"primaryImageOfPage":{"@id":"https:\/\/www.cidademarketing.com.br\/marketing\/2021\/05\/26\/heineken-abre-mao-de-espaco-publicitario-da-final-da-uefa-champions-league-para-auxiliar-bares-e-restaurantes\/#primaryimage"},"image":{"@id":"https:\/\/www.cidademarketing.com.br\/marketing\/2021\/05\/26\/heineken-abre-mao-de-espaco-publicitario-da-final-da-uefa-champions-league-para-auxiliar-bares-e-restaurantes\/#primaryimage"},"thumbnailUrl":"https:\/\/www.cidademarketing.com.br\/marketing\/wp-content\/uploads\/2021\/05\/heineken_03-scaled.jpg","datePublished":"2021-05-26T12:24:27+00:00","dateModified":"2021-05-26T12:24:29+00:00","breadcrumb":{"@id":"https:\/\/www.cidademarketing.com.br\/marketing\/2021\/05\/26\/heineken-abre-mao-de-espaco-publicitario-da-final-da-uefa-champions-league-para-auxiliar-bares-e-restaurantes\/#breadcrumb"},"inLanguage":"pt-BR","potentialAction":[{"@type":"ReadAction","target":["https:\/\/www.cidademarketing.com.br\/marketing\/2021\/05\/26\/heineken-abre-mao-de-espaco-publicitario-da-final-da-uefa-champions-league-para-auxiliar-bares-e-restaurantes\/"]}]},{"@type":"ImageObject","inLanguage":"pt-BR","@id":"https:\/\/www.cidademarketing.com.br\/marketing\/2021\/05\/26\/heineken-abre-mao-de-espaco-publicitario-da-final-da-uefa-champions-league-para-auxiliar-bares-e-restaurantes\/#primaryimage","url":"https:\/\/www.cidademarketing.com.br\/marketing\/wp-content\/uploads\/2021\/05\/heineken_03-scaled.jpg","contentUrl":"https:\/\/www.cidademarketing.com.br\/marketing\/wp-content\/uploads\/2021\/05\/heineken_03-scaled.jpg","width":2560,"height":1440,"caption":"Reprodu\u00e7\u00e3o"},{"@type":"BreadcrumbList","@id":"https:\/\/www.cidademarketing.com.br\/marketing\/2021\/05\/26\/heineken-abre-mao-de-espaco-publicitario-da-final-da-uefa-champions-league-para-auxiliar-bares-e-restaurantes\/#breadcrumb","itemListElement":[{"@type":"ListItem","position":1,"name":"In\u00edcio","item":"https:\/\/www.cidademarketing.com.br\/marketing\/"},{"@type":"ListItem","position":2,"name":"Heineken\u00ae abre m\u00e3o de espa\u00e7o publicit\u00e1rio da final da UEFA Champions League para auxiliar bares e restaurantes"}]},{"@type":"WebSite","@id":"https:\/\/www.cidademarketing.com.br\/marketing\/#website","url":"https:\/\/www.cidademarketing.com.br\/marketing\/","name":"CidadeMarketing","description":"Somos um ve\u00edculo de comunica\u00e7\u00e3o de destaque no Brasil, reconhecido por conte\u00fados nos segmentos de marketing, empreendedorismo e inova\u00e7\u00e3o.","publisher":{"@id":"https:\/\/www.cidademarketing.com.br\/marketing\/#organization"},"alternateName":"CidadeMarketing","potentialAction":[{"@type":"SearchAction","target":{"@type":"EntryPoint","urlTemplate":"https:\/\/www.cidademarketing.com.br\/marketing\/?s={search_term_string}"},"query-input":{"@type":"PropertyValueSpecification","valueRequired":true,"valueName":"search_term_string"}}],"inLanguage":"pt-BR"},{"@type":"Organization","@id":"https:\/\/www.cidademarketing.com.br\/marketing\/#organization","name":"CidadeMarketing","alternateName":"CidadeMarketing","url":"https:\/\/www.cidademarketing.com.br\/marketing\/","logo":{"@type":"ImageObject","inLanguage":"pt-BR","@id":"https:\/\/www.cidademarketing.com.br\/marketing\/#\/schema\/logo\/image\/","url":"https:\/\/www.cidademarketing.com.br\/marketing\/wp-content\/uploads\/2020\/01\/cidademarketing_marca_mobile.png","contentUrl":"https:\/\/www.cidademarketing.com.br\/marketing\/wp-content\/uploads\/2020\/01\/cidademarketing_marca_mobile.png","width":230,"height":92,"caption":"CidadeMarketing"},"image":{"@id":"https:\/\/www.cidademarketing.com.br\/marketing\/#\/schema\/logo\/image\/"},"sameAs":["https:\/\/www.facebook.com\/portalcidademarketing","https:\/\/x.com\/CidadeMarketing","https:\/\/www.instagram.com\/cidademarketing\/"]},{"@type":"Person","@id":"https:\/\/www.cidademarketing.com.br\/marketing\/#\/schema\/person\/02daff9f18bd9378c9e01eb6b2db155f","name":"Thales Brand\u00e3o","image":{"@type":"ImageObject","inLanguage":"pt-BR","@id":"https:\/\/secure.gravatar.com\/avatar\/7ca3206950207cc3cb48feec56a8a7898741ab725c368d99d5d7a5a50aab80c6?s=96&d=mm&r=g","url":"https:\/\/secure.gravatar.com\/avatar\/7ca3206950207cc3cb48feec56a8a7898741ab725c368d99d5d7a5a50aab80c6?s=96&d=mm&r=g","contentUrl":"https:\/\/secure.gravatar.com\/avatar\/7ca3206950207cc3cb48feec56a8a7898741ab725c368d99d5d7a5a50aab80c6?s=96&d=mm&r=g","caption":"Thales Brand\u00e3o"},"description":"Editor Executivo do Portal CidadeMarketing.com.br &gt; Mestre em Comunica\u00e7\u00e3o e Sociedade pela Universidade Federal de Sergipe. Possui MBA Executivo em Administra\u00e7\u00e3o com \u00eanfase em Marketing pela Funda\u00e7\u00e3o Get\u00falio Vargas - Rio de Janeiro. Consultor, Palestrante e Pesquisador sobre Empreendedorismo, Marketing, Redes Sociais e Neg\u00f3cios Digitais. Professor, Palestrante TedxTalks e Campus Party. Twitter: @ThalesBrandao","sameAs":["http:\/\/www.mandacaru.com.br","https:\/\/www.facebook.com\/thalesbrandao","http:\/\/www.instagram.com.br\/thalesbrandaoferreira","https:\/\/www.linkedin.com\/in\/thales-brand\u00e3o-3948609\/","https:\/\/x.com\/http:\/\/www.twitter.com\/thalesbrandao"],"url":"https:\/\/www.cidademarketing.com.br\/marketing\/author\/thalesbrandao\/"}]}},"amp_enabled":true,"_links":{"self":[{"href":"https:\/\/www.cidademarketing.com.br\/marketing\/wp-json\/wp\/v2\/posts\/23926","targetHints":{"allow":["GET"]}}],"collection":[{"href":"https:\/\/www.cidademarketing.com.br\/marketing\/wp-json\/wp\/v2\/posts"}],"about":[{"href":"https:\/\/www.cidademarketing.com.br\/marketing\/wp-json\/wp\/v2\/types\/post"}],"author":[{"embeddable":true,"href":"https:\/\/www.cidademarketing.com.br\/marketing\/wp-json\/wp\/v2\/users\/1"}],"replies":[{"embeddable":true,"href":"https:\/\/www.cidademarketing.com.br\/marketing\/wp-json\/wp\/v2\/comments?post=23926"}],"version-history":[{"count":2,"href":"https:\/\/www.cidademarketing.com.br\/marketing\/wp-json\/wp\/v2\/posts\/23926\/revisions"}],"predecessor-version":[{"id":23936,"href":"https:\/\/www.cidademarketing.com.br\/marketing\/wp-json\/wp\/v2\/posts\/23926\/revisions\/23936"}],"wp:featuredmedia":[{"embeddable":true,"href":"https:\/\/www.cidademarketing.com.br\/marketing\/wp-json\/wp\/v2\/media\/23935"}],"wp:attachment":[{"href":"https:\/\/www.cidademarketing.com.br\/marketing\/wp-json\/wp\/v2\/media?parent=23926"}],"wp:term":[{"taxonomy":"category","embeddable":true,"href":"https:\/\/www.cidademarketing.com.br\/marketing\/wp-json\/wp\/v2\/categories?post=23926"},{"taxonomy":"post_tag","embeddable":true,"href":"https:\/\/www.cidademarketing.com.br\/marketing\/wp-json\/wp\/v2\/tags?post=23926"}],"curies":[{"name":"wp","href":"https:\/\/api.w.org\/{rel}","templated":true}]}}