{"id":2351,"date":"2018-09-25T00:24:44","date_gmt":"2018-09-25T03:24:44","guid":{"rendered":"http:\/\/www.cidademarketing.com.br\/marketing\/?p=2351"},"modified":"2018-09-25T00:25:30","modified_gmt":"2018-09-25T03:25:30","slug":"waze-anuncia-integracao-com-apple-carplay","status":"publish","type":"post","link":"https:\/\/www.cidademarketing.com.br\/marketing\/2018\/09\/25\/waze-anuncia-integracao-com-apple-carplay\/","title":{"rendered":"Waze anuncia integra\u00e7\u00e3o com Apple CarPlay"},"content":{"rendered":"<p>O Waze, plataforma que une usu\u00e1rios nas ruas e fora delas, anuncia hoje a integra\u00e7\u00e3o com o Apple CarPlay para avan\u00e7ar ainda mais na miss\u00e3o de reduzir o tr\u00e2nsito, e tornar a dire\u00e7\u00e3o nas vias mais segura e conveniente para todos. Com um dos primeiros apps de navega\u00e7\u00e3o na plataforma CarPlay, a integra\u00e7\u00e3o com o Waze dar\u00e1 a milh\u00f5es de usu\u00e1rios a oportunidade de utilizar as funcionalidades do Waze perfeitamente direto nas telas dos consoles dos carros.<\/p>\n<p>Wazers que tem carros equipados com CarPlay conseguir\u00e3o fazer o download do Waze e navegar para os locais preferidos sem problemas. Conectando o iPhone a um sistema compat\u00edvel com o CarPlay atrav\u00e9s de um cabo USB ou conex\u00e3o sem fio &#8211; se dispon\u00edvel, o motorista pode buscar destinos, selecionar uma rota preferida, reportar problemas de tr\u00e2nsito, entre outros.<\/p>\n<p>\u201cEstamos animados em trazer o poder da comunidade do Waze diretamente para os consoles dos carros com o Apple CarPlay\u201d diz Jens Baron, Platform Strategy do Waze. \u201cIsso nos permite dar vida a uma das integra\u00e7\u00f5es mais solicitadas pelos usu\u00e1rios, dando a eles a oportunidade de aproveitar os benef\u00edcios do Waze em uma tela maior, a tela do Apple CarPlay\u201d.<\/p>\n<p>\u201cSeja para checar o tr\u00e2nsito do seu trajeto di\u00e1rio ou viajar para um lugar novo, n\u00f3s sabemos que motoristas de ve\u00edculos Chevrolet, Buick, GMC e Cadillac usam o Waze para navega\u00e7\u00e3o regularmente,\u201d disse John McFarland, diretor de Ecossistemas Conectados da General Motors. \u201cA possibilidade de oferecer a op\u00e7\u00e3o de utilizar globalmente o Waze atrav\u00e9s do Apple CarPlay em mais de 50 modelos \u00e9 outro exemplo de como fornecer aos nossos consumidores uma forma significativa de trazer suas vidas digitais para o ve\u00edculo em uma maneira simples e segura\u201d.<\/p>\n<p>Com o Waze para CarPlay, motoristas podem navegar facilmente pela experi\u00eancia completa do Waze, que inclui:<\/p>\n<p>Favoritar Casa e Trabalho: Navegue facilmente com apenas um toque na tela para navegar a destinos pr\u00e9 programados no Waze.<\/p>\n<p>Organize tudo o que o motorista precisa em uma tela de visualiza\u00e7\u00e3o completa antes de sair, incluindo a possibilidade de verificar rotas alternativas facilmente e ajustar as configura\u00e7\u00f5es de som.<\/p>\n<p>Reportar: \u00c9 ainda mais f\u00e1cil ajudar outros wazers nas vias com um menu visual para reportar problemas.<\/p>\n<p>Alertas: Receba alertas visuais e de \u00e1udio para ficar informado e manter as duas m\u00e3os no volante.<\/p>\n<p>Waze para <a href=\"https:\/\/www.apple.com\/br\/ios\/carplay\/\" target=\"_blank\" rel=\"noopener\">Apple CarPlay<\/a> j\u00e1 est\u00e1 dispon\u00edvel.<\/p>\n","protected":false},"excerpt":{"rendered":"<p>O Waze, plataforma que une usu\u00e1rios nas ruas e fora delas, anuncia hoje a integra\u00e7\u00e3o com o Apple CarPlay para avan\u00e7ar ainda mais na miss\u00e3o de reduzir o tr\u00e2nsito, e tornar a dire\u00e7\u00e3o nas vias mais segura e conveniente para todos. Com um dos primeiros apps de navega\u00e7\u00e3o na plataforma CarPlay, a integra\u00e7\u00e3o com o [&hellip;]<\/p>\n","protected":false},"author":1,"featured_media":2352,"comment_status":"open","ping_status":"open","sticky":false,"template":"","format":"standard","meta":{"tdm_status":"","tdm_grid_status":"","footnotes":""},"categories":[11,6],"tags":[366,297,518,62,419],"class_list":["post-2351","post","type-post","status-publish","format-standard","has-post-thumbnail","hentry","category-digital","category-noticias","tag-app","tag-apple","tag-carplay","tag-digital","tag-waze"],"yoast_head":"<!-- This site is optimized with the Yoast SEO plugin v27.5 - https:\/\/yoast.com\/product\/yoast-seo-wordpress\/ -->\n<title>Waze anuncia integra\u00e7\u00e3o com Apple CarPlay - CidadeMarketing<\/title>\n<meta name=\"robots\" content=\"index, follow, max-snippet:-1, max-image-preview:large, max-video-preview:-1\" \/>\n<link rel=\"canonical\" href=\"https:\/\/www.cidademarketing.com.br\/marketing\/2018\/09\/25\/waze-anuncia-integracao-com-apple-carplay\/\" \/>\n<meta property=\"og:locale\" content=\"pt_BR\" \/>\n<meta property=\"og:type\" content=\"article\" \/>\n<meta property=\"og:title\" content=\"Waze anuncia integra\u00e7\u00e3o com Apple CarPlay - CidadeMarketing\" \/>\n<meta property=\"og:description\" content=\"O Waze, plataforma que une usu\u00e1rios nas ruas e fora delas, anuncia hoje a integra\u00e7\u00e3o com o Apple CarPlay para avan\u00e7ar ainda mais na miss\u00e3o de reduzir o tr\u00e2nsito, e tornar a dire\u00e7\u00e3o nas vias mais segura e conveniente para todos. Com um dos primeiros apps de navega\u00e7\u00e3o na plataforma CarPlay, a integra\u00e7\u00e3o com o [&hellip;]\" \/>\n<meta property=\"og:url\" content=\"https:\/\/www.cidademarketing.com.br\/marketing\/2018\/09\/25\/waze-anuncia-integracao-com-apple-carplay\/\" \/>\n<meta property=\"og:site_name\" content=\"CidadeMarketing\" \/>\n<meta property=\"article:publisher\" content=\"https:\/\/www.facebook.com\/portalcidademarketing\" \/>\n<meta property=\"article:author\" content=\"https:\/\/www.facebook.com\/thalesbrandao\" \/>\n<meta property=\"article:published_time\" content=\"2018-09-25T03:24:44+00:00\" \/>\n<meta property=\"article:modified_time\" content=\"2018-09-25T03:25:30+00:00\" \/>\n<meta property=\"og:image\" content=\"https:\/\/www.cidademarketing.com.br\/marketing\/wp-content\/uploads\/2018\/09\/carplay_itunes.jpg\" \/>\n\t<meta property=\"og:image:width\" content=\"1000\" \/>\n\t<meta property=\"og:image:height\" content=\"473\" \/>\n\t<meta property=\"og:image:type\" content=\"image\/jpeg\" \/>\n<meta name=\"author\" content=\"Thales Brand\u00e3o\" \/>\n<meta name=\"twitter:card\" content=\"summary_large_image\" \/>\n<meta name=\"twitter:creator\" content=\"@http:\/\/www.twitter.com\/thalesbrandao\" \/>\n<meta name=\"twitter:site\" content=\"@CidadeMarketing\" \/>\n<meta name=\"twitter:label1\" content=\"Escrito por\" \/>\n\t<meta name=\"twitter:data1\" content=\"Thales Brand\u00e3o\" \/>\n\t<meta name=\"twitter:label2\" content=\"Est. tempo de leitura\" \/>\n\t<meta name=\"twitter:data2\" content=\"2 minutos\" \/>\n<script type=\"application\/ld+json\" class=\"yoast-schema-graph\">{\"@context\":\"https:\\\/\\\/schema.org\",\"@graph\":[{\"@type\":\"Article\",\"@id\":\"https:\\\/\\\/www.cidademarketing.com.br\\\/marketing\\\/2018\\\/09\\\/25\\\/waze-anuncia-integracao-com-apple-carplay\\\/#article\",\"isPartOf\":{\"@id\":\"https:\\\/\\\/www.cidademarketing.com.br\\\/marketing\\\/2018\\\/09\\\/25\\\/waze-anuncia-integracao-com-apple-carplay\\\/\"},\"author\":{\"name\":\"Thales Brand\u00e3o\",\"@id\":\"https:\\\/\\\/www.cidademarketing.com.br\\\/marketing\\\/#\\\/schema\\\/person\\\/02daff9f18bd9378c9e01eb6b2db155f\"},\"headline\":\"Waze anuncia integra\u00e7\u00e3o com Apple CarPlay\",\"datePublished\":\"2018-09-25T03:24:44+00:00\",\"dateModified\":\"2018-09-25T03:25:30+00:00\",\"mainEntityOfPage\":{\"@id\":\"https:\\\/\\\/www.cidademarketing.com.br\\\/marketing\\\/2018\\\/09\\\/25\\\/waze-anuncia-integracao-com-apple-carplay\\\/\"},\"wordCount\":427,\"commentCount\":0,\"publisher\":{\"@id\":\"https:\\\/\\\/www.cidademarketing.com.br\\\/marketing\\\/#organization\"},\"image\":{\"@id\":\"https:\\\/\\\/www.cidademarketing.com.br\\\/marketing\\\/2018\\\/09\\\/25\\\/waze-anuncia-integracao-com-apple-carplay\\\/#primaryimage\"},\"thumbnailUrl\":\"https:\\\/\\\/www.cidademarketing.com.br\\\/marketing\\\/wp-content\\\/uploads\\\/2018\\\/09\\\/carplay_itunes.jpg\",\"keywords\":[\"app\",\"Apple\",\"Carplay\",\"digital\",\"Waze\"],\"articleSection\":[\"Digital\",\"Not\u00edcias\"],\"inLanguage\":\"pt-BR\",\"potentialAction\":[{\"@type\":\"CommentAction\",\"name\":\"Comment\",\"target\":[\"https:\\\/\\\/www.cidademarketing.com.br\\\/marketing\\\/2018\\\/09\\\/25\\\/waze-anuncia-integracao-com-apple-carplay\\\/#respond\"]}]},{\"@type\":\"WebPage\",\"@id\":\"https:\\\/\\\/www.cidademarketing.com.br\\\/marketing\\\/2018\\\/09\\\/25\\\/waze-anuncia-integracao-com-apple-carplay\\\/\",\"url\":\"https:\\\/\\\/www.cidademarketing.com.br\\\/marketing\\\/2018\\\/09\\\/25\\\/waze-anuncia-integracao-com-apple-carplay\\\/\",\"name\":\"Waze anuncia integra\u00e7\u00e3o com Apple CarPlay - CidadeMarketing\",\"isPartOf\":{\"@id\":\"https:\\\/\\\/www.cidademarketing.com.br\\\/marketing\\\/#website\"},\"primaryImageOfPage\":{\"@id\":\"https:\\\/\\\/www.cidademarketing.com.br\\\/marketing\\\/2018\\\/09\\\/25\\\/waze-anuncia-integracao-com-apple-carplay\\\/#primaryimage\"},\"image\":{\"@id\":\"https:\\\/\\\/www.cidademarketing.com.br\\\/marketing\\\/2018\\\/09\\\/25\\\/waze-anuncia-integracao-com-apple-carplay\\\/#primaryimage\"},\"thumbnailUrl\":\"https:\\\/\\\/www.cidademarketing.com.br\\\/marketing\\\/wp-content\\\/uploads\\\/2018\\\/09\\\/carplay_itunes.jpg\",\"datePublished\":\"2018-09-25T03:24:44+00:00\",\"dateModified\":\"2018-09-25T03:25:30+00:00\",\"breadcrumb\":{\"@id\":\"https:\\\/\\\/www.cidademarketing.com.br\\\/marketing\\\/2018\\\/09\\\/25\\\/waze-anuncia-integracao-com-apple-carplay\\\/#breadcrumb\"},\"inLanguage\":\"pt-BR\",\"potentialAction\":[{\"@type\":\"ReadAction\",\"target\":[\"https:\\\/\\\/www.cidademarketing.com.br\\\/marketing\\\/2018\\\/09\\\/25\\\/waze-anuncia-integracao-com-apple-carplay\\\/\"]}]},{\"@type\":\"ImageObject\",\"inLanguage\":\"pt-BR\",\"@id\":\"https:\\\/\\\/www.cidademarketing.com.br\\\/marketing\\\/2018\\\/09\\\/25\\\/waze-anuncia-integracao-com-apple-carplay\\\/#primaryimage\",\"url\":\"https:\\\/\\\/www.cidademarketing.com.br\\\/marketing\\\/wp-content\\\/uploads\\\/2018\\\/09\\\/carplay_itunes.jpg\",\"contentUrl\":\"https:\\\/\\\/www.cidademarketing.com.br\\\/marketing\\\/wp-content\\\/uploads\\\/2018\\\/09\\\/carplay_itunes.jpg\",\"width\":1000,\"height\":473,\"caption\":\"Reprodu\u00e7\u00e3o\"},{\"@type\":\"BreadcrumbList\",\"@id\":\"https:\\\/\\\/www.cidademarketing.com.br\\\/marketing\\\/2018\\\/09\\\/25\\\/waze-anuncia-integracao-com-apple-carplay\\\/#breadcrumb\",\"itemListElement\":[{\"@type\":\"ListItem\",\"position\":1,\"name\":\"In\u00edcio\",\"item\":\"https:\\\/\\\/www.cidademarketing.com.br\\\/marketing\\\/\"},{\"@type\":\"ListItem\",\"position\":2,\"name\":\"Waze anuncia integra\u00e7\u00e3o com Apple CarPlay\"}]},{\"@type\":\"WebSite\",\"@id\":\"https:\\\/\\\/www.cidademarketing.com.br\\\/marketing\\\/#website\",\"url\":\"https:\\\/\\\/www.cidademarketing.com.br\\\/marketing\\\/\",\"name\":\"CidadeMarketing\",\"description\":\"Somos um ve\u00edculo de comunica\u00e7\u00e3o de destaque no Brasil, reconhecido por conte\u00fados nos segmentos de marketing, empreendedorismo e inova\u00e7\u00e3o.\",\"publisher\":{\"@id\":\"https:\\\/\\\/www.cidademarketing.com.br\\\/marketing\\\/#organization\"},\"alternateName\":\"CidadeMarketing\",\"potentialAction\":[{\"@type\":\"SearchAction\",\"target\":{\"@type\":\"EntryPoint\",\"urlTemplate\":\"https:\\\/\\\/www.cidademarketing.com.br\\\/marketing\\\/?s={search_term_string}\"},\"query-input\":{\"@type\":\"PropertyValueSpecification\",\"valueRequired\":true,\"valueName\":\"search_term_string\"}}],\"inLanguage\":\"pt-BR\"},{\"@type\":\"Organization\",\"@id\":\"https:\\\/\\\/www.cidademarketing.com.br\\\/marketing\\\/#organization\",\"name\":\"CidadeMarketing\",\"alternateName\":\"CidadeMarketing\",\"url\":\"https:\\\/\\\/www.cidademarketing.com.br\\\/marketing\\\/\",\"logo\":{\"@type\":\"ImageObject\",\"inLanguage\":\"pt-BR\",\"@id\":\"https:\\\/\\\/www.cidademarketing.com.br\\\/marketing\\\/#\\\/schema\\\/logo\\\/image\\\/\",\"url\":\"https:\\\/\\\/www.cidademarketing.com.br\\\/marketing\\\/wp-content\\\/uploads\\\/2020\\\/01\\\/cidademarketing_marca_mobile.png\",\"contentUrl\":\"https:\\\/\\\/www.cidademarketing.com.br\\\/marketing\\\/wp-content\\\/uploads\\\/2020\\\/01\\\/cidademarketing_marca_mobile.png\",\"width\":230,\"height\":92,\"caption\":\"CidadeMarketing\"},\"image\":{\"@id\":\"https:\\\/\\\/www.cidademarketing.com.br\\\/marketing\\\/#\\\/schema\\\/logo\\\/image\\\/\"},\"sameAs\":[\"https:\\\/\\\/www.facebook.com\\\/portalcidademarketing\",\"https:\\\/\\\/x.com\\\/CidadeMarketing\",\"https:\\\/\\\/www.instagram.com\\\/cidademarketing\\\/\"]},{\"@type\":\"Person\",\"@id\":\"https:\\\/\\\/www.cidademarketing.com.br\\\/marketing\\\/#\\\/schema\\\/person\\\/02daff9f18bd9378c9e01eb6b2db155f\",\"name\":\"Thales Brand\u00e3o\",\"image\":{\"@type\":\"ImageObject\",\"inLanguage\":\"pt-BR\",\"@id\":\"https:\\\/\\\/secure.gravatar.com\\\/avatar\\\/7ca3206950207cc3cb48feec56a8a7898741ab725c368d99d5d7a5a50aab80c6?s=96&d=mm&r=g\",\"url\":\"https:\\\/\\\/secure.gravatar.com\\\/avatar\\\/7ca3206950207cc3cb48feec56a8a7898741ab725c368d99d5d7a5a50aab80c6?s=96&d=mm&r=g\",\"contentUrl\":\"https:\\\/\\\/secure.gravatar.com\\\/avatar\\\/7ca3206950207cc3cb48feec56a8a7898741ab725c368d99d5d7a5a50aab80c6?s=96&d=mm&r=g\",\"caption\":\"Thales Brand\u00e3o\"},\"description\":\"Editor Executivo do Portal CidadeMarketing.com.br &gt; Mestre em Comunica\u00e7\u00e3o e Sociedade pela Universidade Federal de Sergipe. Possui MBA Executivo em Administra\u00e7\u00e3o com \u00eanfase em Marketing pela Funda\u00e7\u00e3o Get\u00falio Vargas - Rio de Janeiro. Consultor, Palestrante e Pesquisador sobre Empreendedorismo, Marketing, Redes Sociais e Neg\u00f3cios Digitais. Professor, Palestrante TedxTalks e Campus Party. Twitter: @ThalesBrandao\",\"sameAs\":[\"http:\\\/\\\/www.mandacaru.com.br\",\"https:\\\/\\\/www.facebook.com\\\/thalesbrandao\",\"http:\\\/\\\/www.instagram.com.br\\\/thalesbrandaoferreira\",\"https:\\\/\\\/www.linkedin.com\\\/in\\\/thales-brand\u00e3o-3948609\\\/\",\"https:\\\/\\\/x.com\\\/http:\\\/\\\/www.twitter.com\\\/thalesbrandao\"],\"url\":\"https:\\\/\\\/www.cidademarketing.com.br\\\/marketing\\\/author\\\/thalesbrandao\\\/\"}]}<\/script>\n<!-- \/ Yoast SEO plugin. -->","yoast_head_json":{"title":"Waze anuncia integra\u00e7\u00e3o com Apple CarPlay - CidadeMarketing","robots":{"index":"index","follow":"follow","max-snippet":"max-snippet:-1","max-image-preview":"max-image-preview:large","max-video-preview":"max-video-preview:-1"},"canonical":"https:\/\/www.cidademarketing.com.br\/marketing\/2018\/09\/25\/waze-anuncia-integracao-com-apple-carplay\/","og_locale":"pt_BR","og_type":"article","og_title":"Waze anuncia integra\u00e7\u00e3o com Apple CarPlay - CidadeMarketing","og_description":"O Waze, plataforma que une usu\u00e1rios nas ruas e fora delas, anuncia hoje a integra\u00e7\u00e3o com o Apple CarPlay para avan\u00e7ar ainda mais na miss\u00e3o de reduzir o tr\u00e2nsito, e tornar a dire\u00e7\u00e3o nas vias mais segura e conveniente para todos. Com um dos primeiros apps de navega\u00e7\u00e3o na plataforma CarPlay, a integra\u00e7\u00e3o com o [&hellip;]","og_url":"https:\/\/www.cidademarketing.com.br\/marketing\/2018\/09\/25\/waze-anuncia-integracao-com-apple-carplay\/","og_site_name":"CidadeMarketing","article_publisher":"https:\/\/www.facebook.com\/portalcidademarketing","article_author":"https:\/\/www.facebook.com\/thalesbrandao","article_published_time":"2018-09-25T03:24:44+00:00","article_modified_time":"2018-09-25T03:25:30+00:00","og_image":[{"width":1000,"height":473,"url":"https:\/\/www.cidademarketing.com.br\/marketing\/wp-content\/uploads\/2018\/09\/carplay_itunes.jpg","type":"image\/jpeg"}],"author":"Thales Brand\u00e3o","twitter_card":"summary_large_image","twitter_creator":"@http:\/\/www.twitter.com\/thalesbrandao","twitter_site":"@CidadeMarketing","twitter_misc":{"Escrito por":"Thales Brand\u00e3o","Est. tempo de leitura":"2 minutos"},"schema":{"@context":"https:\/\/schema.org","@graph":[{"@type":"Article","@id":"https:\/\/www.cidademarketing.com.br\/marketing\/2018\/09\/25\/waze-anuncia-integracao-com-apple-carplay\/#article","isPartOf":{"@id":"https:\/\/www.cidademarketing.com.br\/marketing\/2018\/09\/25\/waze-anuncia-integracao-com-apple-carplay\/"},"author":{"name":"Thales Brand\u00e3o","@id":"https:\/\/www.cidademarketing.com.br\/marketing\/#\/schema\/person\/02daff9f18bd9378c9e01eb6b2db155f"},"headline":"Waze anuncia integra\u00e7\u00e3o com Apple CarPlay","datePublished":"2018-09-25T03:24:44+00:00","dateModified":"2018-09-25T03:25:30+00:00","mainEntityOfPage":{"@id":"https:\/\/www.cidademarketing.com.br\/marketing\/2018\/09\/25\/waze-anuncia-integracao-com-apple-carplay\/"},"wordCount":427,"commentCount":0,"publisher":{"@id":"https:\/\/www.cidademarketing.com.br\/marketing\/#organization"},"image":{"@id":"https:\/\/www.cidademarketing.com.br\/marketing\/2018\/09\/25\/waze-anuncia-integracao-com-apple-carplay\/#primaryimage"},"thumbnailUrl":"https:\/\/www.cidademarketing.com.br\/marketing\/wp-content\/uploads\/2018\/09\/carplay_itunes.jpg","keywords":["app","Apple","Carplay","digital","Waze"],"articleSection":["Digital","Not\u00edcias"],"inLanguage":"pt-BR","potentialAction":[{"@type":"CommentAction","name":"Comment","target":["https:\/\/www.cidademarketing.com.br\/marketing\/2018\/09\/25\/waze-anuncia-integracao-com-apple-carplay\/#respond"]}]},{"@type":"WebPage","@id":"https:\/\/www.cidademarketing.com.br\/marketing\/2018\/09\/25\/waze-anuncia-integracao-com-apple-carplay\/","url":"https:\/\/www.cidademarketing.com.br\/marketing\/2018\/09\/25\/waze-anuncia-integracao-com-apple-carplay\/","name":"Waze anuncia integra\u00e7\u00e3o com Apple CarPlay - CidadeMarketing","isPartOf":{"@id":"https:\/\/www.cidademarketing.com.br\/marketing\/#website"},"primaryImageOfPage":{"@id":"https:\/\/www.cidademarketing.com.br\/marketing\/2018\/09\/25\/waze-anuncia-integracao-com-apple-carplay\/#primaryimage"},"image":{"@id":"https:\/\/www.cidademarketing.com.br\/marketing\/2018\/09\/25\/waze-anuncia-integracao-com-apple-carplay\/#primaryimage"},"thumbnailUrl":"https:\/\/www.cidademarketing.com.br\/marketing\/wp-content\/uploads\/2018\/09\/carplay_itunes.jpg","datePublished":"2018-09-25T03:24:44+00:00","dateModified":"2018-09-25T03:25:30+00:00","breadcrumb":{"@id":"https:\/\/www.cidademarketing.com.br\/marketing\/2018\/09\/25\/waze-anuncia-integracao-com-apple-carplay\/#breadcrumb"},"inLanguage":"pt-BR","potentialAction":[{"@type":"ReadAction","target":["https:\/\/www.cidademarketing.com.br\/marketing\/2018\/09\/25\/waze-anuncia-integracao-com-apple-carplay\/"]}]},{"@type":"ImageObject","inLanguage":"pt-BR","@id":"https:\/\/www.cidademarketing.com.br\/marketing\/2018\/09\/25\/waze-anuncia-integracao-com-apple-carplay\/#primaryimage","url":"https:\/\/www.cidademarketing.com.br\/marketing\/wp-content\/uploads\/2018\/09\/carplay_itunes.jpg","contentUrl":"https:\/\/www.cidademarketing.com.br\/marketing\/wp-content\/uploads\/2018\/09\/carplay_itunes.jpg","width":1000,"height":473,"caption":"Reprodu\u00e7\u00e3o"},{"@type":"BreadcrumbList","@id":"https:\/\/www.cidademarketing.com.br\/marketing\/2018\/09\/25\/waze-anuncia-integracao-com-apple-carplay\/#breadcrumb","itemListElement":[{"@type":"ListItem","position":1,"name":"In\u00edcio","item":"https:\/\/www.cidademarketing.com.br\/marketing\/"},{"@type":"ListItem","position":2,"name":"Waze anuncia integra\u00e7\u00e3o com Apple CarPlay"}]},{"@type":"WebSite","@id":"https:\/\/www.cidademarketing.com.br\/marketing\/#website","url":"https:\/\/www.cidademarketing.com.br\/marketing\/","name":"CidadeMarketing","description":"Somos um ve\u00edculo de comunica\u00e7\u00e3o de destaque no Brasil, reconhecido por conte\u00fados nos segmentos de marketing, empreendedorismo e inova\u00e7\u00e3o.","publisher":{"@id":"https:\/\/www.cidademarketing.com.br\/marketing\/#organization"},"alternateName":"CidadeMarketing","potentialAction":[{"@type":"SearchAction","target":{"@type":"EntryPoint","urlTemplate":"https:\/\/www.cidademarketing.com.br\/marketing\/?s={search_term_string}"},"query-input":{"@type":"PropertyValueSpecification","valueRequired":true,"valueName":"search_term_string"}}],"inLanguage":"pt-BR"},{"@type":"Organization","@id":"https:\/\/www.cidademarketing.com.br\/marketing\/#organization","name":"CidadeMarketing","alternateName":"CidadeMarketing","url":"https:\/\/www.cidademarketing.com.br\/marketing\/","logo":{"@type":"ImageObject","inLanguage":"pt-BR","@id":"https:\/\/www.cidademarketing.com.br\/marketing\/#\/schema\/logo\/image\/","url":"https:\/\/www.cidademarketing.com.br\/marketing\/wp-content\/uploads\/2020\/01\/cidademarketing_marca_mobile.png","contentUrl":"https:\/\/www.cidademarketing.com.br\/marketing\/wp-content\/uploads\/2020\/01\/cidademarketing_marca_mobile.png","width":230,"height":92,"caption":"CidadeMarketing"},"image":{"@id":"https:\/\/www.cidademarketing.com.br\/marketing\/#\/schema\/logo\/image\/"},"sameAs":["https:\/\/www.facebook.com\/portalcidademarketing","https:\/\/x.com\/CidadeMarketing","https:\/\/www.instagram.com\/cidademarketing\/"]},{"@type":"Person","@id":"https:\/\/www.cidademarketing.com.br\/marketing\/#\/schema\/person\/02daff9f18bd9378c9e01eb6b2db155f","name":"Thales Brand\u00e3o","image":{"@type":"ImageObject","inLanguage":"pt-BR","@id":"https:\/\/secure.gravatar.com\/avatar\/7ca3206950207cc3cb48feec56a8a7898741ab725c368d99d5d7a5a50aab80c6?s=96&d=mm&r=g","url":"https:\/\/secure.gravatar.com\/avatar\/7ca3206950207cc3cb48feec56a8a7898741ab725c368d99d5d7a5a50aab80c6?s=96&d=mm&r=g","contentUrl":"https:\/\/secure.gravatar.com\/avatar\/7ca3206950207cc3cb48feec56a8a7898741ab725c368d99d5d7a5a50aab80c6?s=96&d=mm&r=g","caption":"Thales Brand\u00e3o"},"description":"Editor Executivo do Portal CidadeMarketing.com.br &gt; Mestre em Comunica\u00e7\u00e3o e Sociedade pela Universidade Federal de Sergipe. Possui MBA Executivo em Administra\u00e7\u00e3o com \u00eanfase em Marketing pela Funda\u00e7\u00e3o Get\u00falio Vargas - Rio de Janeiro. Consultor, Palestrante e Pesquisador sobre Empreendedorismo, Marketing, Redes Sociais e Neg\u00f3cios Digitais. Professor, Palestrante TedxTalks e Campus Party. Twitter: @ThalesBrandao","sameAs":["http:\/\/www.mandacaru.com.br","https:\/\/www.facebook.com\/thalesbrandao","http:\/\/www.instagram.com.br\/thalesbrandaoferreira","https:\/\/www.linkedin.com\/in\/thales-brand\u00e3o-3948609\/","https:\/\/x.com\/http:\/\/www.twitter.com\/thalesbrandao"],"url":"https:\/\/www.cidademarketing.com.br\/marketing\/author\/thalesbrandao\/"}]}},"amp_enabled":true,"_links":{"self":[{"href":"https:\/\/www.cidademarketing.com.br\/marketing\/wp-json\/wp\/v2\/posts\/2351","targetHints":{"allow":["GET"]}}],"collection":[{"href":"https:\/\/www.cidademarketing.com.br\/marketing\/wp-json\/wp\/v2\/posts"}],"about":[{"href":"https:\/\/www.cidademarketing.com.br\/marketing\/wp-json\/wp\/v2\/types\/post"}],"author":[{"embeddable":true,"href":"https:\/\/www.cidademarketing.com.br\/marketing\/wp-json\/wp\/v2\/users\/1"}],"replies":[{"embeddable":true,"href":"https:\/\/www.cidademarketing.com.br\/marketing\/wp-json\/wp\/v2\/comments?post=2351"}],"version-history":[{"count":1,"href":"https:\/\/www.cidademarketing.com.br\/marketing\/wp-json\/wp\/v2\/posts\/2351\/revisions"}],"predecessor-version":[{"id":2353,"href":"https:\/\/www.cidademarketing.com.br\/marketing\/wp-json\/wp\/v2\/posts\/2351\/revisions\/2353"}],"wp:featuredmedia":[{"embeddable":true,"href":"https:\/\/www.cidademarketing.com.br\/marketing\/wp-json\/wp\/v2\/media\/2352"}],"wp:attachment":[{"href":"https:\/\/www.cidademarketing.com.br\/marketing\/wp-json\/wp\/v2\/media?parent=2351"}],"wp:term":[{"taxonomy":"category","embeddable":true,"href":"https:\/\/www.cidademarketing.com.br\/marketing\/wp-json\/wp\/v2\/categories?post=2351"},{"taxonomy":"post_tag","embeddable":true,"href":"https:\/\/www.cidademarketing.com.br\/marketing\/wp-json\/wp\/v2\/tags?post=2351"}],"curies":[{"name":"wp","href":"https:\/\/api.w.org\/{rel}","templated":true}]}}