{"id":2328,"date":"2018-09-21T23:53:34","date_gmt":"2018-09-22T02:53:34","guid":{"rendered":"http:\/\/www.cidademarketing.com.br\/marketing\/?p=2328"},"modified":"2018-09-21T23:53:34","modified_gmt":"2018-09-22T02:53:34","slug":"desemprego-derruba-arrecadacao-da-previdencia-em-r-15-bilhoes","status":"publish","type":"post","link":"https:\/\/www.cidademarketing.com.br\/marketing\/2018\/09\/21\/desemprego-derruba-arrecadacao-da-previdencia-em-r-15-bilhoes\/","title":{"rendered":"Desemprego derruba arrecada\u00e7\u00e3o da Previd\u00eancia em R$ 15 bilh\u00f5es"},"content":{"rendered":"<p>A arrecada\u00e7\u00e3o l\u00edquida do Regime Geral de Previd\u00eancia Social (RGPS), que envolve os trabalhadores da iniciativa privada, caiu R$ 1,95 bilh\u00e3o no bimestre encerrado em\u00a0agosto. A informa\u00e7\u00e3o foi confirmada\u00a0hoje\u00a0(21) durante a apresenta\u00e7\u00e3o do Relat\u00f3rio de Receitas e Despesas do governo federal. No acumulado do ano, segundo o secret\u00e1rio\u00a0do Tesouro Nacional, Mansueto Almeida, a frustra\u00e7\u00e3o de receitas para o setor est\u00e1 em cerca de R$ 15 bilh\u00f5es.<\/p>\n<p>&#8220;Houve mais uma queda da receita do RGPS. Isso aconteceu em todos os bimestres do ano&#8221;, afirmou. A previs\u00e3o inicial de arrecada\u00e7\u00e3o da Previd\u00eancia era de R$ 405 bilh\u00f5es, mas as atuais proje\u00e7\u00f5es do governo indicam receitas na faixa de R$ 390 bilh\u00f5es.<\/p>\n<p>De acordo com o secret\u00e1rio, o resultado abaixo do esperado est\u00e1 relacionado \u00e0 lenta recupera\u00e7\u00e3o do emprego formal no pa\u00eds. &#8220;Isso se reflete na [queda] da massa\u00a0salarial e consequentemente na arrecada\u00e7\u00e3o da Previd\u00eancia&#8221;, explicou. A taxa de desemprego, segundo a mais recente Pesquisa Nacional por Amostra de Domic\u00edlios Cont\u00ednua (Pnad Cont\u00ednua), divulgada em agosto pelo Instituto Brasileiro de Geografia e Estat\u00edstica (IBGE), abrange 12,3% da popula\u00e7\u00e3o economicamente ativa, volume 0,6% menor do que o apurado em mar\u00e7o. O n\u00famero representa um contingente de 12,9 milh\u00f5es de pessoas sem trabalho no pa\u00eds.<\/p>\n<p>Apesar da queda na arrecada\u00e7\u00e3o de recursos da Previd\u00eancia, houve aumento de R$ 3,9 bilh\u00f5es nas receitas totais das Uni\u00e3o no quarto bimestre do ano (julho\/agosto) em rela\u00e7\u00e3o ao bimestre anterior (maio\/junho). O aumento da arrecada\u00e7\u00e3o combinada com a redu\u00e7\u00e3o no pagamento de despesas obrigat\u00f3rias vai permitir que o governo libere mais R$ 4,12 bilh\u00f5es para minist\u00e9rios e outros \u00f3rg\u00e3os p\u00fablicos sem ultrapassar o limite de teto de gastos.<\/p>\n<p>Do lado das despesas, houve redu\u00e7\u00e3o de R$ 1,1 bilh\u00e3o em pagamentos de benef\u00edcios previdenci\u00e1rios nos dois \u00faltimos meses. Segundo estimativas apresentadas pelo secret\u00e1rio de Or\u00e7amento Federal, George Soares, em cerca de dois anos, o governo j\u00e1 conseguiu economizar R$ 10 bilh\u00f5es em pagamentos de benef\u00edcios irregulares da Previd\u00eancia Social.<\/p>\n<p>&#8220;Houve um esfor\u00e7o de fazer a reavalia\u00e7\u00e3o desses benef\u00edcios, como revis\u00e3o de cadastros, mutir\u00e3o de m\u00e9dicos peritos para revis\u00e3o de aux\u00edlio-doen\u00e7as. Em termos acumulados, j\u00e1 rendeu algo em torno de R$ 10 bilh\u00f5es&#8221;, afirmou. Apesar da economia, ressaltou Soares, o corte de benef\u00edcios irregulares ocorre na margem dos gastos previdenci\u00e1rios e n\u00e3o resolve o problema do setor, que, no ano passado, de acordo com o pr\u00f3prio governo, registrou d\u00e9ficit nominal de R$ 182,4 bilh\u00f5es, crescimento de 21,8% em rela\u00e7\u00e3o a 2016.<\/p>\n<h2>Mais recursos<\/h2>\n<p>Em rela\u00e7\u00e3o \u00e0 disponibiliza\u00e7\u00e3o de mais R$ 4,12 bilh\u00f5es para despesas de minist\u00e9rios, a equipe econ\u00f4mica do governo afirmou que far\u00e1 uma triagem, na semana que vem, para definir as \u00e1reas priorit\u00e1rias que receber\u00e3o recursos. A demanda atual entre todas as pastas \u00e9 de cerca de R$ 6,7 bilh\u00f5es.<\/p>\n<p>Ser\u00e3o priorizados, segundo o secret\u00e1rio de Or\u00e7amento Federal, os pagamentos de obras em est\u00e1gio avan\u00e7ado, contratos de manuten\u00e7\u00e3o de minist\u00e9rios e compromissos internacionais do pa\u00eds.<\/p>\n<p><strong>CidadeMarketing com informa\u00e7\u00f5es da EBC.<\/strong><\/p>\n","protected":false},"excerpt":{"rendered":"<p>A arrecada\u00e7\u00e3o l\u00edquida do Regime Geral de Previd\u00eancia Social (RGPS), que envolve os trabalhadores da iniciativa privada, caiu R$ 1,95 bilh\u00e3o no bimestre encerrado em\u00a0agosto. A informa\u00e7\u00e3o foi confirmada\u00a0hoje\u00a0(21) durante a apresenta\u00e7\u00e3o do Relat\u00f3rio de Receitas e Despesas do governo federal. No acumulado do ano, segundo o secret\u00e1rio\u00a0do Tesouro Nacional, Mansueto Almeida, a frustra\u00e7\u00e3o de [&hellip;]<\/p>\n","protected":false},"author":1,"featured_media":2329,"comment_status":"open","ping_status":"open","sticky":false,"template":"","format":"standard","meta":{"tdm_status":"","tdm_grid_status":"","footnotes":""},"categories":[6],"tags":[147,331],"class_list":["post-2328","post","type-post","status-publish","format-standard","has-post-thumbnail","hentry","category-noticias","tag-brasil","tag-desemprego"],"yoast_head":"<!-- This site is optimized with the Yoast SEO plugin v27.5 - https:\/\/yoast.com\/product\/yoast-seo-wordpress\/ -->\n<title>Desemprego derruba arrecada\u00e7\u00e3o da Previd\u00eancia em R$ 15 bilh\u00f5es - CidadeMarketing<\/title>\n<meta name=\"robots\" content=\"index, follow, max-snippet:-1, max-image-preview:large, max-video-preview:-1\" \/>\n<link rel=\"canonical\" href=\"https:\/\/www.cidademarketing.com.br\/marketing\/2018\/09\/21\/desemprego-derruba-arrecadacao-da-previdencia-em-r-15-bilhoes\/\" \/>\n<meta property=\"og:locale\" content=\"pt_BR\" \/>\n<meta property=\"og:type\" content=\"article\" \/>\n<meta property=\"og:title\" content=\"Desemprego derruba arrecada\u00e7\u00e3o da Previd\u00eancia em R$ 15 bilh\u00f5es - CidadeMarketing\" \/>\n<meta property=\"og:description\" content=\"A arrecada\u00e7\u00e3o l\u00edquida do Regime Geral de Previd\u00eancia Social (RGPS), que envolve os trabalhadores da iniciativa privada, caiu R$ 1,95 bilh\u00e3o no bimestre encerrado em\u00a0agosto. A informa\u00e7\u00e3o foi confirmada\u00a0hoje\u00a0(21) durante a apresenta\u00e7\u00e3o do Relat\u00f3rio de Receitas e Despesas do governo federal. No acumulado do ano, segundo o secret\u00e1rio\u00a0do Tesouro Nacional, Mansueto Almeida, a frustra\u00e7\u00e3o de [&hellip;]\" \/>\n<meta property=\"og:url\" content=\"https:\/\/www.cidademarketing.com.br\/marketing\/2018\/09\/21\/desemprego-derruba-arrecadacao-da-previdencia-em-r-15-bilhoes\/\" \/>\n<meta property=\"og:site_name\" content=\"CidadeMarketing\" \/>\n<meta property=\"article:publisher\" content=\"https:\/\/www.facebook.com\/portalcidademarketing\" \/>\n<meta property=\"article:author\" content=\"https:\/\/www.facebook.com\/thalesbrandao\" \/>\n<meta property=\"article:published_time\" content=\"2018-09-22T02:53:34+00:00\" \/>\n<meta property=\"og:image\" content=\"https:\/\/www.cidademarketing.com.br\/marketing\/wp-content\/uploads\/2018\/09\/previdencia_social.jpg\" \/>\n\t<meta property=\"og:image:width\" content=\"550\" \/>\n\t<meta property=\"og:image:height\" content=\"258\" \/>\n\t<meta property=\"og:image:type\" content=\"image\/jpeg\" \/>\n<meta name=\"author\" content=\"Thales Brand\u00e3o\" \/>\n<meta name=\"twitter:card\" content=\"summary_large_image\" \/>\n<meta name=\"twitter:creator\" content=\"@http:\/\/www.twitter.com\/thalesbrandao\" \/>\n<meta name=\"twitter:site\" content=\"@CidadeMarketing\" \/>\n<meta name=\"twitter:label1\" content=\"Escrito por\" \/>\n\t<meta name=\"twitter:data1\" content=\"Thales Brand\u00e3o\" \/>\n\t<meta name=\"twitter:label2\" content=\"Est. tempo de leitura\" \/>\n\t<meta name=\"twitter:data2\" content=\"3 minutos\" \/>\n<script type=\"application\/ld+json\" class=\"yoast-schema-graph\">{\"@context\":\"https:\\\/\\\/schema.org\",\"@graph\":[{\"@type\":\"Article\",\"@id\":\"https:\\\/\\\/www.cidademarketing.com.br\\\/marketing\\\/2018\\\/09\\\/21\\\/desemprego-derruba-arrecadacao-da-previdencia-em-r-15-bilhoes\\\/#article\",\"isPartOf\":{\"@id\":\"https:\\\/\\\/www.cidademarketing.com.br\\\/marketing\\\/2018\\\/09\\\/21\\\/desemprego-derruba-arrecadacao-da-previdencia-em-r-15-bilhoes\\\/\"},\"author\":{\"name\":\"Thales Brand\u00e3o\",\"@id\":\"https:\\\/\\\/www.cidademarketing.com.br\\\/marketing\\\/#\\\/schema\\\/person\\\/02daff9f18bd9378c9e01eb6b2db155f\"},\"headline\":\"Desemprego derruba arrecada\u00e7\u00e3o da Previd\u00eancia em R$ 15 bilh\u00f5es\",\"datePublished\":\"2018-09-22T02:53:34+00:00\",\"mainEntityOfPage\":{\"@id\":\"https:\\\/\\\/www.cidademarketing.com.br\\\/marketing\\\/2018\\\/09\\\/21\\\/desemprego-derruba-arrecadacao-da-previdencia-em-r-15-bilhoes\\\/\"},\"wordCount\":563,\"commentCount\":0,\"publisher\":{\"@id\":\"https:\\\/\\\/www.cidademarketing.com.br\\\/marketing\\\/#organization\"},\"image\":{\"@id\":\"https:\\\/\\\/www.cidademarketing.com.br\\\/marketing\\\/2018\\\/09\\\/21\\\/desemprego-derruba-arrecadacao-da-previdencia-em-r-15-bilhoes\\\/#primaryimage\"},\"thumbnailUrl\":\"https:\\\/\\\/www.cidademarketing.com.br\\\/marketing\\\/wp-content\\\/uploads\\\/2018\\\/09\\\/previdencia_social.jpg\",\"keywords\":[\"Brasil\",\"desemprego\"],\"articleSection\":[\"Not\u00edcias\"],\"inLanguage\":\"pt-BR\",\"potentialAction\":[{\"@type\":\"CommentAction\",\"name\":\"Comment\",\"target\":[\"https:\\\/\\\/www.cidademarketing.com.br\\\/marketing\\\/2018\\\/09\\\/21\\\/desemprego-derruba-arrecadacao-da-previdencia-em-r-15-bilhoes\\\/#respond\"]}]},{\"@type\":\"WebPage\",\"@id\":\"https:\\\/\\\/www.cidademarketing.com.br\\\/marketing\\\/2018\\\/09\\\/21\\\/desemprego-derruba-arrecadacao-da-previdencia-em-r-15-bilhoes\\\/\",\"url\":\"https:\\\/\\\/www.cidademarketing.com.br\\\/marketing\\\/2018\\\/09\\\/21\\\/desemprego-derruba-arrecadacao-da-previdencia-em-r-15-bilhoes\\\/\",\"name\":\"Desemprego derruba arrecada\u00e7\u00e3o da Previd\u00eancia em R$ 15 bilh\u00f5es - CidadeMarketing\",\"isPartOf\":{\"@id\":\"https:\\\/\\\/www.cidademarketing.com.br\\\/marketing\\\/#website\"},\"primaryImageOfPage\":{\"@id\":\"https:\\\/\\\/www.cidademarketing.com.br\\\/marketing\\\/2018\\\/09\\\/21\\\/desemprego-derruba-arrecadacao-da-previdencia-em-r-15-bilhoes\\\/#primaryimage\"},\"image\":{\"@id\":\"https:\\\/\\\/www.cidademarketing.com.br\\\/marketing\\\/2018\\\/09\\\/21\\\/desemprego-derruba-arrecadacao-da-previdencia-em-r-15-bilhoes\\\/#primaryimage\"},\"thumbnailUrl\":\"https:\\\/\\\/www.cidademarketing.com.br\\\/marketing\\\/wp-content\\\/uploads\\\/2018\\\/09\\\/previdencia_social.jpg\",\"datePublished\":\"2018-09-22T02:53:34+00:00\",\"breadcrumb\":{\"@id\":\"https:\\\/\\\/www.cidademarketing.com.br\\\/marketing\\\/2018\\\/09\\\/21\\\/desemprego-derruba-arrecadacao-da-previdencia-em-r-15-bilhoes\\\/#breadcrumb\"},\"inLanguage\":\"pt-BR\",\"potentialAction\":[{\"@type\":\"ReadAction\",\"target\":[\"https:\\\/\\\/www.cidademarketing.com.br\\\/marketing\\\/2018\\\/09\\\/21\\\/desemprego-derruba-arrecadacao-da-previdencia-em-r-15-bilhoes\\\/\"]}]},{\"@type\":\"ImageObject\",\"inLanguage\":\"pt-BR\",\"@id\":\"https:\\\/\\\/www.cidademarketing.com.br\\\/marketing\\\/2018\\\/09\\\/21\\\/desemprego-derruba-arrecadacao-da-previdencia-em-r-15-bilhoes\\\/#primaryimage\",\"url\":\"https:\\\/\\\/www.cidademarketing.com.br\\\/marketing\\\/wp-content\\\/uploads\\\/2018\\\/09\\\/previdencia_social.jpg\",\"contentUrl\":\"https:\\\/\\\/www.cidademarketing.com.br\\\/marketing\\\/wp-content\\\/uploads\\\/2018\\\/09\\\/previdencia_social.jpg\",\"width\":550,\"height\":258},{\"@type\":\"BreadcrumbList\",\"@id\":\"https:\\\/\\\/www.cidademarketing.com.br\\\/marketing\\\/2018\\\/09\\\/21\\\/desemprego-derruba-arrecadacao-da-previdencia-em-r-15-bilhoes\\\/#breadcrumb\",\"itemListElement\":[{\"@type\":\"ListItem\",\"position\":1,\"name\":\"In\u00edcio\",\"item\":\"https:\\\/\\\/www.cidademarketing.com.br\\\/marketing\\\/\"},{\"@type\":\"ListItem\",\"position\":2,\"name\":\"Desemprego derruba arrecada\u00e7\u00e3o da Previd\u00eancia em R$ 15 bilh\u00f5es\"}]},{\"@type\":\"WebSite\",\"@id\":\"https:\\\/\\\/www.cidademarketing.com.br\\\/marketing\\\/#website\",\"url\":\"https:\\\/\\\/www.cidademarketing.com.br\\\/marketing\\\/\",\"name\":\"CidadeMarketing\",\"description\":\"Somos um ve\u00edculo de comunica\u00e7\u00e3o de destaque no Brasil, reconhecido por conte\u00fados nos segmentos de marketing, empreendedorismo e inova\u00e7\u00e3o.\",\"publisher\":{\"@id\":\"https:\\\/\\\/www.cidademarketing.com.br\\\/marketing\\\/#organization\"},\"alternateName\":\"CidadeMarketing\",\"potentialAction\":[{\"@type\":\"SearchAction\",\"target\":{\"@type\":\"EntryPoint\",\"urlTemplate\":\"https:\\\/\\\/www.cidademarketing.com.br\\\/marketing\\\/?s={search_term_string}\"},\"query-input\":{\"@type\":\"PropertyValueSpecification\",\"valueRequired\":true,\"valueName\":\"search_term_string\"}}],\"inLanguage\":\"pt-BR\"},{\"@type\":\"Organization\",\"@id\":\"https:\\\/\\\/www.cidademarketing.com.br\\\/marketing\\\/#organization\",\"name\":\"CidadeMarketing\",\"alternateName\":\"CidadeMarketing\",\"url\":\"https:\\\/\\\/www.cidademarketing.com.br\\\/marketing\\\/\",\"logo\":{\"@type\":\"ImageObject\",\"inLanguage\":\"pt-BR\",\"@id\":\"https:\\\/\\\/www.cidademarketing.com.br\\\/marketing\\\/#\\\/schema\\\/logo\\\/image\\\/\",\"url\":\"https:\\\/\\\/www.cidademarketing.com.br\\\/marketing\\\/wp-content\\\/uploads\\\/2020\\\/01\\\/cidademarketing_marca_mobile.png\",\"contentUrl\":\"https:\\\/\\\/www.cidademarketing.com.br\\\/marketing\\\/wp-content\\\/uploads\\\/2020\\\/01\\\/cidademarketing_marca_mobile.png\",\"width\":230,\"height\":92,\"caption\":\"CidadeMarketing\"},\"image\":{\"@id\":\"https:\\\/\\\/www.cidademarketing.com.br\\\/marketing\\\/#\\\/schema\\\/logo\\\/image\\\/\"},\"sameAs\":[\"https:\\\/\\\/www.facebook.com\\\/portalcidademarketing\",\"https:\\\/\\\/x.com\\\/CidadeMarketing\",\"https:\\\/\\\/www.instagram.com\\\/cidademarketing\\\/\"]},{\"@type\":\"Person\",\"@id\":\"https:\\\/\\\/www.cidademarketing.com.br\\\/marketing\\\/#\\\/schema\\\/person\\\/02daff9f18bd9378c9e01eb6b2db155f\",\"name\":\"Thales Brand\u00e3o\",\"image\":{\"@type\":\"ImageObject\",\"inLanguage\":\"pt-BR\",\"@id\":\"https:\\\/\\\/secure.gravatar.com\\\/avatar\\\/7ca3206950207cc3cb48feec56a8a7898741ab725c368d99d5d7a5a50aab80c6?s=96&d=mm&r=g\",\"url\":\"https:\\\/\\\/secure.gravatar.com\\\/avatar\\\/7ca3206950207cc3cb48feec56a8a7898741ab725c368d99d5d7a5a50aab80c6?s=96&d=mm&r=g\",\"contentUrl\":\"https:\\\/\\\/secure.gravatar.com\\\/avatar\\\/7ca3206950207cc3cb48feec56a8a7898741ab725c368d99d5d7a5a50aab80c6?s=96&d=mm&r=g\",\"caption\":\"Thales Brand\u00e3o\"},\"description\":\"Editor Executivo do Portal CidadeMarketing.com.br &gt; Mestre em Comunica\u00e7\u00e3o e Sociedade pela Universidade Federal de Sergipe. Possui MBA Executivo em Administra\u00e7\u00e3o com \u00eanfase em Marketing pela Funda\u00e7\u00e3o Get\u00falio Vargas - Rio de Janeiro. Consultor, Palestrante e Pesquisador sobre Empreendedorismo, Marketing, Redes Sociais e Neg\u00f3cios Digitais. Professor, Palestrante TedxTalks e Campus Party. Twitter: @ThalesBrandao\",\"sameAs\":[\"http:\\\/\\\/www.mandacaru.com.br\",\"https:\\\/\\\/www.facebook.com\\\/thalesbrandao\",\"http:\\\/\\\/www.instagram.com.br\\\/thalesbrandaoferreira\",\"https:\\\/\\\/www.linkedin.com\\\/in\\\/thales-brand\u00e3o-3948609\\\/\",\"https:\\\/\\\/x.com\\\/http:\\\/\\\/www.twitter.com\\\/thalesbrandao\"],\"url\":\"https:\\\/\\\/www.cidademarketing.com.br\\\/marketing\\\/author\\\/thalesbrandao\\\/\"}]}<\/script>\n<!-- \/ Yoast SEO plugin. -->","yoast_head_json":{"title":"Desemprego derruba arrecada\u00e7\u00e3o da Previd\u00eancia em R$ 15 bilh\u00f5es - CidadeMarketing","robots":{"index":"index","follow":"follow","max-snippet":"max-snippet:-1","max-image-preview":"max-image-preview:large","max-video-preview":"max-video-preview:-1"},"canonical":"https:\/\/www.cidademarketing.com.br\/marketing\/2018\/09\/21\/desemprego-derruba-arrecadacao-da-previdencia-em-r-15-bilhoes\/","og_locale":"pt_BR","og_type":"article","og_title":"Desemprego derruba arrecada\u00e7\u00e3o da Previd\u00eancia em R$ 15 bilh\u00f5es - CidadeMarketing","og_description":"A arrecada\u00e7\u00e3o l\u00edquida do Regime Geral de Previd\u00eancia Social (RGPS), que envolve os trabalhadores da iniciativa privada, caiu R$ 1,95 bilh\u00e3o no bimestre encerrado em\u00a0agosto. A informa\u00e7\u00e3o foi confirmada\u00a0hoje\u00a0(21) durante a apresenta\u00e7\u00e3o do Relat\u00f3rio de Receitas e Despesas do governo federal. No acumulado do ano, segundo o secret\u00e1rio\u00a0do Tesouro Nacional, Mansueto Almeida, a frustra\u00e7\u00e3o de [&hellip;]","og_url":"https:\/\/www.cidademarketing.com.br\/marketing\/2018\/09\/21\/desemprego-derruba-arrecadacao-da-previdencia-em-r-15-bilhoes\/","og_site_name":"CidadeMarketing","article_publisher":"https:\/\/www.facebook.com\/portalcidademarketing","article_author":"https:\/\/www.facebook.com\/thalesbrandao","article_published_time":"2018-09-22T02:53:34+00:00","og_image":[{"width":550,"height":258,"url":"https:\/\/www.cidademarketing.com.br\/marketing\/wp-content\/uploads\/2018\/09\/previdencia_social.jpg","type":"image\/jpeg"}],"author":"Thales Brand\u00e3o","twitter_card":"summary_large_image","twitter_creator":"@http:\/\/www.twitter.com\/thalesbrandao","twitter_site":"@CidadeMarketing","twitter_misc":{"Escrito por":"Thales Brand\u00e3o","Est. tempo de leitura":"3 minutos"},"schema":{"@context":"https:\/\/schema.org","@graph":[{"@type":"Article","@id":"https:\/\/www.cidademarketing.com.br\/marketing\/2018\/09\/21\/desemprego-derruba-arrecadacao-da-previdencia-em-r-15-bilhoes\/#article","isPartOf":{"@id":"https:\/\/www.cidademarketing.com.br\/marketing\/2018\/09\/21\/desemprego-derruba-arrecadacao-da-previdencia-em-r-15-bilhoes\/"},"author":{"name":"Thales Brand\u00e3o","@id":"https:\/\/www.cidademarketing.com.br\/marketing\/#\/schema\/person\/02daff9f18bd9378c9e01eb6b2db155f"},"headline":"Desemprego derruba arrecada\u00e7\u00e3o da Previd\u00eancia em R$ 15 bilh\u00f5es","datePublished":"2018-09-22T02:53:34+00:00","mainEntityOfPage":{"@id":"https:\/\/www.cidademarketing.com.br\/marketing\/2018\/09\/21\/desemprego-derruba-arrecadacao-da-previdencia-em-r-15-bilhoes\/"},"wordCount":563,"commentCount":0,"publisher":{"@id":"https:\/\/www.cidademarketing.com.br\/marketing\/#organization"},"image":{"@id":"https:\/\/www.cidademarketing.com.br\/marketing\/2018\/09\/21\/desemprego-derruba-arrecadacao-da-previdencia-em-r-15-bilhoes\/#primaryimage"},"thumbnailUrl":"https:\/\/www.cidademarketing.com.br\/marketing\/wp-content\/uploads\/2018\/09\/previdencia_social.jpg","keywords":["Brasil","desemprego"],"articleSection":["Not\u00edcias"],"inLanguage":"pt-BR","potentialAction":[{"@type":"CommentAction","name":"Comment","target":["https:\/\/www.cidademarketing.com.br\/marketing\/2018\/09\/21\/desemprego-derruba-arrecadacao-da-previdencia-em-r-15-bilhoes\/#respond"]}]},{"@type":"WebPage","@id":"https:\/\/www.cidademarketing.com.br\/marketing\/2018\/09\/21\/desemprego-derruba-arrecadacao-da-previdencia-em-r-15-bilhoes\/","url":"https:\/\/www.cidademarketing.com.br\/marketing\/2018\/09\/21\/desemprego-derruba-arrecadacao-da-previdencia-em-r-15-bilhoes\/","name":"Desemprego derruba arrecada\u00e7\u00e3o da Previd\u00eancia em R$ 15 bilh\u00f5es - CidadeMarketing","isPartOf":{"@id":"https:\/\/www.cidademarketing.com.br\/marketing\/#website"},"primaryImageOfPage":{"@id":"https:\/\/www.cidademarketing.com.br\/marketing\/2018\/09\/21\/desemprego-derruba-arrecadacao-da-previdencia-em-r-15-bilhoes\/#primaryimage"},"image":{"@id":"https:\/\/www.cidademarketing.com.br\/marketing\/2018\/09\/21\/desemprego-derruba-arrecadacao-da-previdencia-em-r-15-bilhoes\/#primaryimage"},"thumbnailUrl":"https:\/\/www.cidademarketing.com.br\/marketing\/wp-content\/uploads\/2018\/09\/previdencia_social.jpg","datePublished":"2018-09-22T02:53:34+00:00","breadcrumb":{"@id":"https:\/\/www.cidademarketing.com.br\/marketing\/2018\/09\/21\/desemprego-derruba-arrecadacao-da-previdencia-em-r-15-bilhoes\/#breadcrumb"},"inLanguage":"pt-BR","potentialAction":[{"@type":"ReadAction","target":["https:\/\/www.cidademarketing.com.br\/marketing\/2018\/09\/21\/desemprego-derruba-arrecadacao-da-previdencia-em-r-15-bilhoes\/"]}]},{"@type":"ImageObject","inLanguage":"pt-BR","@id":"https:\/\/www.cidademarketing.com.br\/marketing\/2018\/09\/21\/desemprego-derruba-arrecadacao-da-previdencia-em-r-15-bilhoes\/#primaryimage","url":"https:\/\/www.cidademarketing.com.br\/marketing\/wp-content\/uploads\/2018\/09\/previdencia_social.jpg","contentUrl":"https:\/\/www.cidademarketing.com.br\/marketing\/wp-content\/uploads\/2018\/09\/previdencia_social.jpg","width":550,"height":258},{"@type":"BreadcrumbList","@id":"https:\/\/www.cidademarketing.com.br\/marketing\/2018\/09\/21\/desemprego-derruba-arrecadacao-da-previdencia-em-r-15-bilhoes\/#breadcrumb","itemListElement":[{"@type":"ListItem","position":1,"name":"In\u00edcio","item":"https:\/\/www.cidademarketing.com.br\/marketing\/"},{"@type":"ListItem","position":2,"name":"Desemprego derruba arrecada\u00e7\u00e3o da Previd\u00eancia em R$ 15 bilh\u00f5es"}]},{"@type":"WebSite","@id":"https:\/\/www.cidademarketing.com.br\/marketing\/#website","url":"https:\/\/www.cidademarketing.com.br\/marketing\/","name":"CidadeMarketing","description":"Somos um ve\u00edculo de comunica\u00e7\u00e3o de destaque no Brasil, reconhecido por conte\u00fados nos segmentos de marketing, empreendedorismo e inova\u00e7\u00e3o.","publisher":{"@id":"https:\/\/www.cidademarketing.com.br\/marketing\/#organization"},"alternateName":"CidadeMarketing","potentialAction":[{"@type":"SearchAction","target":{"@type":"EntryPoint","urlTemplate":"https:\/\/www.cidademarketing.com.br\/marketing\/?s={search_term_string}"},"query-input":{"@type":"PropertyValueSpecification","valueRequired":true,"valueName":"search_term_string"}}],"inLanguage":"pt-BR"},{"@type":"Organization","@id":"https:\/\/www.cidademarketing.com.br\/marketing\/#organization","name":"CidadeMarketing","alternateName":"CidadeMarketing","url":"https:\/\/www.cidademarketing.com.br\/marketing\/","logo":{"@type":"ImageObject","inLanguage":"pt-BR","@id":"https:\/\/www.cidademarketing.com.br\/marketing\/#\/schema\/logo\/image\/","url":"https:\/\/www.cidademarketing.com.br\/marketing\/wp-content\/uploads\/2020\/01\/cidademarketing_marca_mobile.png","contentUrl":"https:\/\/www.cidademarketing.com.br\/marketing\/wp-content\/uploads\/2020\/01\/cidademarketing_marca_mobile.png","width":230,"height":92,"caption":"CidadeMarketing"},"image":{"@id":"https:\/\/www.cidademarketing.com.br\/marketing\/#\/schema\/logo\/image\/"},"sameAs":["https:\/\/www.facebook.com\/portalcidademarketing","https:\/\/x.com\/CidadeMarketing","https:\/\/www.instagram.com\/cidademarketing\/"]},{"@type":"Person","@id":"https:\/\/www.cidademarketing.com.br\/marketing\/#\/schema\/person\/02daff9f18bd9378c9e01eb6b2db155f","name":"Thales Brand\u00e3o","image":{"@type":"ImageObject","inLanguage":"pt-BR","@id":"https:\/\/secure.gravatar.com\/avatar\/7ca3206950207cc3cb48feec56a8a7898741ab725c368d99d5d7a5a50aab80c6?s=96&d=mm&r=g","url":"https:\/\/secure.gravatar.com\/avatar\/7ca3206950207cc3cb48feec56a8a7898741ab725c368d99d5d7a5a50aab80c6?s=96&d=mm&r=g","contentUrl":"https:\/\/secure.gravatar.com\/avatar\/7ca3206950207cc3cb48feec56a8a7898741ab725c368d99d5d7a5a50aab80c6?s=96&d=mm&r=g","caption":"Thales Brand\u00e3o"},"description":"Editor Executivo do Portal CidadeMarketing.com.br &gt; Mestre em Comunica\u00e7\u00e3o e Sociedade pela Universidade Federal de Sergipe. Possui MBA Executivo em Administra\u00e7\u00e3o com \u00eanfase em Marketing pela Funda\u00e7\u00e3o Get\u00falio Vargas - Rio de Janeiro. Consultor, Palestrante e Pesquisador sobre Empreendedorismo, Marketing, Redes Sociais e Neg\u00f3cios Digitais. Professor, Palestrante TedxTalks e Campus Party. Twitter: @ThalesBrandao","sameAs":["http:\/\/www.mandacaru.com.br","https:\/\/www.facebook.com\/thalesbrandao","http:\/\/www.instagram.com.br\/thalesbrandaoferreira","https:\/\/www.linkedin.com\/in\/thales-brand\u00e3o-3948609\/","https:\/\/x.com\/http:\/\/www.twitter.com\/thalesbrandao"],"url":"https:\/\/www.cidademarketing.com.br\/marketing\/author\/thalesbrandao\/"}]}},"amp_enabled":true,"_links":{"self":[{"href":"https:\/\/www.cidademarketing.com.br\/marketing\/wp-json\/wp\/v2\/posts\/2328","targetHints":{"allow":["GET"]}}],"collection":[{"href":"https:\/\/www.cidademarketing.com.br\/marketing\/wp-json\/wp\/v2\/posts"}],"about":[{"href":"https:\/\/www.cidademarketing.com.br\/marketing\/wp-json\/wp\/v2\/types\/post"}],"author":[{"embeddable":true,"href":"https:\/\/www.cidademarketing.com.br\/marketing\/wp-json\/wp\/v2\/users\/1"}],"replies":[{"embeddable":true,"href":"https:\/\/www.cidademarketing.com.br\/marketing\/wp-json\/wp\/v2\/comments?post=2328"}],"version-history":[{"count":1,"href":"https:\/\/www.cidademarketing.com.br\/marketing\/wp-json\/wp\/v2\/posts\/2328\/revisions"}],"predecessor-version":[{"id":2330,"href":"https:\/\/www.cidademarketing.com.br\/marketing\/wp-json\/wp\/v2\/posts\/2328\/revisions\/2330"}],"wp:featuredmedia":[{"embeddable":true,"href":"https:\/\/www.cidademarketing.com.br\/marketing\/wp-json\/wp\/v2\/media\/2329"}],"wp:attachment":[{"href":"https:\/\/www.cidademarketing.com.br\/marketing\/wp-json\/wp\/v2\/media?parent=2328"}],"wp:term":[{"taxonomy":"category","embeddable":true,"href":"https:\/\/www.cidademarketing.com.br\/marketing\/wp-json\/wp\/v2\/categories?post=2328"},{"taxonomy":"post_tag","embeddable":true,"href":"https:\/\/www.cidademarketing.com.br\/marketing\/wp-json\/wp\/v2\/tags?post=2328"}],"curies":[{"name":"wp","href":"https:\/\/api.w.org\/{rel}","templated":true}]}}