{"id":23103,"date":"2021-04-08T09:15:15","date_gmt":"2021-04-08T12:15:15","guid":{"rendered":"https:\/\/www.cidademarketing.com.br\/marketing\/?p=23103"},"modified":"2021-04-08T09:15:18","modified_gmt":"2021-04-08T12:15:18","slug":"socios-do-btg-pactual-criam-o-instituto-de-tecnologia-e-lideranca","status":"publish","type":"post","link":"https:\/\/www.cidademarketing.com.br\/marketing\/2021\/04\/08\/socios-do-btg-pactual-criam-o-instituto-de-tecnologia-e-lideranca\/","title":{"rendered":"S\u00f3cios do BTG Pactual criam o Instituto de Tecnologia e Lideran\u00e7a"},"content":{"rendered":"\n<p>Com a desafiadora miss\u00e3o de formar as futuras lideran\u00e7as em tecnologia que ir\u00e3o ajudar a transformar o Brasil, Andr\u00e9 Esteves, Roberto Sallouti e s\u00f3cios do BTG Pactual unem for\u00e7as para a cria\u00e7\u00e3o do Instituto de Tecnologia e Lideran\u00e7a (Inteli), institui\u00e7\u00e3o privada e sem fins lucrativos, localizado em S\u00e3o Paulo, com a proposta de oferecer ensino de ponta no Pa\u00eds. Patrocinado por uma doa\u00e7\u00e3o de R$ 200 milh\u00f5es da fam\u00edlia Esteves, e com apoio institucional do BTG Pactual, o Inteli vai oferecer forma\u00e7\u00e3o superior para estudantes na \u00e1rea de tecnologia, com \u00eanfase em computa\u00e7\u00e3o, neg\u00f3cios e lideran\u00e7a.<\/p>\n\n\n\n<p>&#8220;O Inteli nasceu da necessidade que o Pa\u00eds tem de se tornar mais relevante no desenvolvimento de tecnologia. Queremos formar futuros l\u00edderes, e para isso, vamos oferecer um ensino que vai al\u00e9m da computa\u00e7\u00e3o, integrando ao curr\u00edculo disciplinas como empreendedorismo, economia de mercado, estado de direito e sustentabilidade. Ser\u00e1 a primeira faculdade de tecnologia baseada em projetos do Brasil&#8221;, afirma Andr\u00e9 Esteves.<\/p>\n\n\n\n<p>Para Roberto Sallouti, a transforma\u00e7\u00e3o digital e o desenvolvimento de lideran\u00e7as s\u00e3o os principais desafios para o futuro. &#8220;A miss\u00e3o do Inteli \u00e9 justamente oferecer todas as ferramentas e o ambiente prop\u00edcio para a forma\u00e7\u00e3o dessa gera\u00e7\u00e3o de l\u00edderes, que tem sede de conhecimento, esp\u00edrito empreendedor, com forte capacidade de adapta\u00e7\u00e3o e totalmente orientada para a solu\u00e7\u00e3o de problemas reais. Ao nosso ver, s\u00e3o eles que v\u00e3o ajudar a transformar o Brasil&#8221;, complementa Sallouti.<\/p>\n\n\n\n<p>Com as primeiras turmas previstas para fevereiro de 2022, o Inteli vai oferecer inicialmente quatro cursos de gradua\u00e7\u00e3o presenciais: Engenharia da Computa\u00e7\u00e3o, Engenharia de Software, Ci\u00eancia da Computa\u00e7\u00e3o e Sistemas de Informa\u00e7\u00e3o. Os cursos ter\u00e3o dura\u00e7\u00e3o de quatro anos, divididos em 16 m\u00f3dulos. Al\u00e9m de aulas com professores experts, em cada m\u00f3dulo os estudantes desenvolver\u00e3o um projeto para atender as necessidades de um parceiro de mercado, seja de empresas privadas, startups ou ONGs. Para o primeiro ano est\u00e3o previstas 250 vagas. A meta \u00e9 ter mil alunos matriculados at\u00e9 2025.<\/p>\n\n\n\n<p>O Inteli tem a miss\u00e3o de desenvolver seus alunos em tr\u00eas conjuntos de compet\u00eancias: computa\u00e7\u00e3o, aprofundando em intelig\u00eancia artificial, ci\u00eancia de dados, seguran\u00e7a cibern\u00e9tica; neg\u00f3cios, abordando \u00e1reas como finan\u00e7as corporativas, intelig\u00eancia de mercado, marketing digital, people analytics e sustentabilidade; e em aspectos comportamentais como comunica\u00e7\u00e3o, \u00e9tica e resili\u00eancia. O objetivo \u00e9 que os alunos aprendam, desde a primeira semana de aula, a causar impacto real na sociedade, orientados todo o tempo para buscar solu\u00e7\u00f5es para as inefici\u00eancias do mundo de forma pr\u00e1tica.<\/p>\n\n\n\n<p>Com foco em atrair os melhores talentos do Brasil, independente da condi\u00e7\u00e3o socioecon\u00f4mica, o Instituto ter\u00e1 estudantes bolsistas e pagantes. O mais importante \u00e9 que o estudante tenha paix\u00e3o por transformar a sociedade, alto potencial e capacidade anal\u00edtica e de pensar alternativas criativas para problemas. No futuro, o Inteli prev\u00ea, ainda, a oferta de cursos de p\u00f3s-gradua\u00e7\u00e3o, ensino \u00e0 dist\u00e2ncia, uma incubadora de startups e cursos livres.<\/p>\n\n\n\n<p>Comp\u00f5e o Conselho do Inteli: Andr\u00e9 Esteves e Lilian Esteves, empres\u00e1ria e filantropa, como patrocinadores; Roberto Sallouti como presidente do Conselho, Arthur Lazarte, Co-fundador e CEO da Wildlife; Mark Maletz, membro s\u00eanior da Harvard Business School (HBS); Pedro Thompson, CEO da Exame; Silvio Meira, PhD em Computa\u00e7\u00e3o e co-fundador do Porto Digital em Recife; Ricardo Dias, co-fundador da Adventures Inc e antes VP de Marketing da Ambev; e Sofia Esteves, fundadora e Presidente do Conselho do Grupo Cia de Talentos.<\/p>\n\n\n\n<p>Completam o time, na diretoria executiva, Ma\u00edra Habimorad, anteriormente CEO da Cia de Talentos e Diretora Acad\u00eamica e de Inova\u00e7\u00e3o do Ibmec, que ser\u00e1 CEO do Inteli; Ana Garcia, co-fundadora da Brasa, como Head de Opera\u00e7\u00f5es do Inteli; e Maur\u00edcio Garcia, com mais de 30 anos de experi\u00eancia como Executivo Acad\u00eamico e de Inova\u00e7\u00e3o em grandes grupos educacionais, como Conselheiro Acad\u00eamico. Toda equipe Inteli foi desenhada para criar um time multidisciplinar com experi\u00eancias diversas, pe\u00e7a fundamental para pensar um modelo acad\u00eamico com vis\u00e3o de futuro e alinhado com as expectativas do mercado. Entre os pr\u00f3ximos passos est\u00e1 a assinatura de acordo para instala\u00e7\u00e3o do Campus em um espa\u00e7o horizontal e arborizado de 9 mil m\u00b2 em S\u00e3o Paulo, e o levantamento de recursos para financiar as bolsas de estudos.<\/p>\n","protected":false},"excerpt":{"rendered":"<p>Com a desafiadora miss\u00e3o de formar as futuras lideran\u00e7as em tecnologia que ir\u00e3o ajudar a transformar o Brasil, Andr\u00e9 Esteves, Roberto Sallouti e s\u00f3cios do BTG Pactual unem for\u00e7as para a cria\u00e7\u00e3o do Instituto de Tecnologia e Lideran\u00e7a (Inteli), institui\u00e7\u00e3o privada e sem fins lucrativos, localizado em S\u00e3o Paulo, com a proposta de oferecer ensino [&hellip;]<\/p>\n","protected":false},"author":1,"featured_media":20064,"comment_status":"open","ping_status":"open","sticky":false,"template":"","format":"standard","meta":{"tdm_status":"","tdm_grid_status":"","footnotes":""},"categories":[6],"tags":[830,28,177],"class_list":["post-23103","post","type-post","status-publish","format-standard","has-post-thumbnail","hentry","category-noticias","tag-btg-pactual","tag-marketing","tag-marketing-social"],"yoast_head":"<!-- This site is optimized with the Yoast SEO plugin v27.5 - https:\/\/yoast.com\/product\/yoast-seo-wordpress\/ -->\n<title>S\u00f3cios do BTG Pactual criam o Instituto de Tecnologia e Lideran\u00e7a - CidadeMarketing<\/title>\n<meta name=\"robots\" content=\"index, follow, max-snippet:-1, max-image-preview:large, max-video-preview:-1\" \/>\n<link rel=\"canonical\" href=\"https:\/\/www.cidademarketing.com.br\/marketing\/2021\/04\/08\/socios-do-btg-pactual-criam-o-instituto-de-tecnologia-e-lideranca\/\" \/>\n<meta property=\"og:locale\" content=\"pt_BR\" \/>\n<meta property=\"og:type\" content=\"article\" \/>\n<meta property=\"og:title\" content=\"S\u00f3cios do BTG Pactual criam o Instituto de Tecnologia e Lideran\u00e7a - CidadeMarketing\" \/>\n<meta property=\"og:description\" content=\"Com a desafiadora miss\u00e3o de formar as futuras lideran\u00e7as em tecnologia que ir\u00e3o ajudar a transformar o Brasil, Andr\u00e9 Esteves, Roberto Sallouti e s\u00f3cios do BTG Pactual unem for\u00e7as para a cria\u00e7\u00e3o do Instituto de Tecnologia e Lideran\u00e7a (Inteli), institui\u00e7\u00e3o privada e sem fins lucrativos, localizado em S\u00e3o Paulo, com a proposta de oferecer ensino [&hellip;]\" \/>\n<meta property=\"og:url\" content=\"https:\/\/www.cidademarketing.com.br\/marketing\/2021\/04\/08\/socios-do-btg-pactual-criam-o-instituto-de-tecnologia-e-lideranca\/\" \/>\n<meta property=\"og:site_name\" content=\"CidadeMarketing\" \/>\n<meta property=\"article:publisher\" content=\"https:\/\/www.facebook.com\/portalcidademarketing\" \/>\n<meta property=\"article:author\" content=\"https:\/\/www.facebook.com\/thalesbrandao\" \/>\n<meta property=\"article:published_time\" content=\"2021-04-08T12:15:15+00:00\" \/>\n<meta property=\"article:modified_time\" content=\"2021-04-08T12:15:18+00:00\" \/>\n<meta property=\"og:image\" content=\"https:\/\/www.cidademarketing.com.br\/marketing\/wp-content\/uploads\/2020\/10\/btgpactual.jpg\" \/>\n\t<meta property=\"og:image:width\" content=\"1280\" \/>\n\t<meta property=\"og:image:height\" content=\"720\" \/>\n\t<meta property=\"og:image:type\" content=\"image\/jpeg\" \/>\n<meta name=\"author\" content=\"Thales Brand\u00e3o\" \/>\n<meta name=\"twitter:card\" content=\"summary_large_image\" \/>\n<meta name=\"twitter:creator\" content=\"@http:\/\/www.twitter.com\/thalesbrandao\" \/>\n<meta name=\"twitter:site\" content=\"@CidadeMarketing\" \/>\n<meta name=\"twitter:label1\" content=\"Escrito por\" \/>\n\t<meta name=\"twitter:data1\" content=\"Thales Brand\u00e3o\" \/>\n\t<meta name=\"twitter:label2\" content=\"Est. tempo de leitura\" \/>\n\t<meta name=\"twitter:data2\" content=\"4 minutos\" \/>\n<script type=\"application\/ld+json\" class=\"yoast-schema-graph\">{\"@context\":\"https:\\\/\\\/schema.org\",\"@graph\":[{\"@type\":\"Article\",\"@id\":\"https:\\\/\\\/www.cidademarketing.com.br\\\/marketing\\\/2021\\\/04\\\/08\\\/socios-do-btg-pactual-criam-o-instituto-de-tecnologia-e-lideranca\\\/#article\",\"isPartOf\":{\"@id\":\"https:\\\/\\\/www.cidademarketing.com.br\\\/marketing\\\/2021\\\/04\\\/08\\\/socios-do-btg-pactual-criam-o-instituto-de-tecnologia-e-lideranca\\\/\"},\"author\":{\"name\":\"Thales Brand\u00e3o\",\"@id\":\"https:\\\/\\\/www.cidademarketing.com.br\\\/marketing\\\/#\\\/schema\\\/person\\\/02daff9f18bd9378c9e01eb6b2db155f\"},\"headline\":\"S\u00f3cios do BTG Pactual criam o Instituto de Tecnologia e Lideran\u00e7a\",\"datePublished\":\"2021-04-08T12:15:15+00:00\",\"dateModified\":\"2021-04-08T12:15:18+00:00\",\"mainEntityOfPage\":{\"@id\":\"https:\\\/\\\/www.cidademarketing.com.br\\\/marketing\\\/2021\\\/04\\\/08\\\/socios-do-btg-pactual-criam-o-instituto-de-tecnologia-e-lideranca\\\/\"},\"wordCount\":772,\"commentCount\":0,\"publisher\":{\"@id\":\"https:\\\/\\\/www.cidademarketing.com.br\\\/marketing\\\/#organization\"},\"image\":{\"@id\":\"https:\\\/\\\/www.cidademarketing.com.br\\\/marketing\\\/2021\\\/04\\\/08\\\/socios-do-btg-pactual-criam-o-instituto-de-tecnologia-e-lideranca\\\/#primaryimage\"},\"thumbnailUrl\":\"https:\\\/\\\/www.cidademarketing.com.br\\\/marketing\\\/wp-content\\\/uploads\\\/2020\\\/10\\\/btgpactual.jpg\",\"keywords\":[\"BTG Pactual\",\"marketing\",\"marketing social\"],\"articleSection\":[\"Not\u00edcias\"],\"inLanguage\":\"pt-BR\",\"potentialAction\":[{\"@type\":\"CommentAction\",\"name\":\"Comment\",\"target\":[\"https:\\\/\\\/www.cidademarketing.com.br\\\/marketing\\\/2021\\\/04\\\/08\\\/socios-do-btg-pactual-criam-o-instituto-de-tecnologia-e-lideranca\\\/#respond\"]}]},{\"@type\":\"WebPage\",\"@id\":\"https:\\\/\\\/www.cidademarketing.com.br\\\/marketing\\\/2021\\\/04\\\/08\\\/socios-do-btg-pactual-criam-o-instituto-de-tecnologia-e-lideranca\\\/\",\"url\":\"https:\\\/\\\/www.cidademarketing.com.br\\\/marketing\\\/2021\\\/04\\\/08\\\/socios-do-btg-pactual-criam-o-instituto-de-tecnologia-e-lideranca\\\/\",\"name\":\"S\u00f3cios do BTG Pactual criam o Instituto de Tecnologia e Lideran\u00e7a - CidadeMarketing\",\"isPartOf\":{\"@id\":\"https:\\\/\\\/www.cidademarketing.com.br\\\/marketing\\\/#website\"},\"primaryImageOfPage\":{\"@id\":\"https:\\\/\\\/www.cidademarketing.com.br\\\/marketing\\\/2021\\\/04\\\/08\\\/socios-do-btg-pactual-criam-o-instituto-de-tecnologia-e-lideranca\\\/#primaryimage\"},\"image\":{\"@id\":\"https:\\\/\\\/www.cidademarketing.com.br\\\/marketing\\\/2021\\\/04\\\/08\\\/socios-do-btg-pactual-criam-o-instituto-de-tecnologia-e-lideranca\\\/#primaryimage\"},\"thumbnailUrl\":\"https:\\\/\\\/www.cidademarketing.com.br\\\/marketing\\\/wp-content\\\/uploads\\\/2020\\\/10\\\/btgpactual.jpg\",\"datePublished\":\"2021-04-08T12:15:15+00:00\",\"dateModified\":\"2021-04-08T12:15:18+00:00\",\"breadcrumb\":{\"@id\":\"https:\\\/\\\/www.cidademarketing.com.br\\\/marketing\\\/2021\\\/04\\\/08\\\/socios-do-btg-pactual-criam-o-instituto-de-tecnologia-e-lideranca\\\/#breadcrumb\"},\"inLanguage\":\"pt-BR\",\"potentialAction\":[{\"@type\":\"ReadAction\",\"target\":[\"https:\\\/\\\/www.cidademarketing.com.br\\\/marketing\\\/2021\\\/04\\\/08\\\/socios-do-btg-pactual-criam-o-instituto-de-tecnologia-e-lideranca\\\/\"]}]},{\"@type\":\"ImageObject\",\"inLanguage\":\"pt-BR\",\"@id\":\"https:\\\/\\\/www.cidademarketing.com.br\\\/marketing\\\/2021\\\/04\\\/08\\\/socios-do-btg-pactual-criam-o-instituto-de-tecnologia-e-lideranca\\\/#primaryimage\",\"url\":\"https:\\\/\\\/www.cidademarketing.com.br\\\/marketing\\\/wp-content\\\/uploads\\\/2020\\\/10\\\/btgpactual.jpg\",\"contentUrl\":\"https:\\\/\\\/www.cidademarketing.com.br\\\/marketing\\\/wp-content\\\/uploads\\\/2020\\\/10\\\/btgpactual.jpg\",\"width\":1280,\"height\":720},{\"@type\":\"BreadcrumbList\",\"@id\":\"https:\\\/\\\/www.cidademarketing.com.br\\\/marketing\\\/2021\\\/04\\\/08\\\/socios-do-btg-pactual-criam-o-instituto-de-tecnologia-e-lideranca\\\/#breadcrumb\",\"itemListElement\":[{\"@type\":\"ListItem\",\"position\":1,\"name\":\"In\u00edcio\",\"item\":\"https:\\\/\\\/www.cidademarketing.com.br\\\/marketing\\\/\"},{\"@type\":\"ListItem\",\"position\":2,\"name\":\"S\u00f3cios do BTG Pactual criam o Instituto de Tecnologia e Lideran\u00e7a\"}]},{\"@type\":\"WebSite\",\"@id\":\"https:\\\/\\\/www.cidademarketing.com.br\\\/marketing\\\/#website\",\"url\":\"https:\\\/\\\/www.cidademarketing.com.br\\\/marketing\\\/\",\"name\":\"CidadeMarketing\",\"description\":\"Somos um ve\u00edculo de comunica\u00e7\u00e3o de destaque no Brasil, reconhecido por conte\u00fados nos segmentos de marketing, empreendedorismo e inova\u00e7\u00e3o.\",\"publisher\":{\"@id\":\"https:\\\/\\\/www.cidademarketing.com.br\\\/marketing\\\/#organization\"},\"alternateName\":\"CidadeMarketing\",\"potentialAction\":[{\"@type\":\"SearchAction\",\"target\":{\"@type\":\"EntryPoint\",\"urlTemplate\":\"https:\\\/\\\/www.cidademarketing.com.br\\\/marketing\\\/?s={search_term_string}\"},\"query-input\":{\"@type\":\"PropertyValueSpecification\",\"valueRequired\":true,\"valueName\":\"search_term_string\"}}],\"inLanguage\":\"pt-BR\"},{\"@type\":\"Organization\",\"@id\":\"https:\\\/\\\/www.cidademarketing.com.br\\\/marketing\\\/#organization\",\"name\":\"CidadeMarketing\",\"alternateName\":\"CidadeMarketing\",\"url\":\"https:\\\/\\\/www.cidademarketing.com.br\\\/marketing\\\/\",\"logo\":{\"@type\":\"ImageObject\",\"inLanguage\":\"pt-BR\",\"@id\":\"https:\\\/\\\/www.cidademarketing.com.br\\\/marketing\\\/#\\\/schema\\\/logo\\\/image\\\/\",\"url\":\"https:\\\/\\\/www.cidademarketing.com.br\\\/marketing\\\/wp-content\\\/uploads\\\/2020\\\/01\\\/cidademarketing_marca_mobile.png\",\"contentUrl\":\"https:\\\/\\\/www.cidademarketing.com.br\\\/marketing\\\/wp-content\\\/uploads\\\/2020\\\/01\\\/cidademarketing_marca_mobile.png\",\"width\":230,\"height\":92,\"caption\":\"CidadeMarketing\"},\"image\":{\"@id\":\"https:\\\/\\\/www.cidademarketing.com.br\\\/marketing\\\/#\\\/schema\\\/logo\\\/image\\\/\"},\"sameAs\":[\"https:\\\/\\\/www.facebook.com\\\/portalcidademarketing\",\"https:\\\/\\\/x.com\\\/CidadeMarketing\",\"https:\\\/\\\/www.instagram.com\\\/cidademarketing\\\/\"]},{\"@type\":\"Person\",\"@id\":\"https:\\\/\\\/www.cidademarketing.com.br\\\/marketing\\\/#\\\/schema\\\/person\\\/02daff9f18bd9378c9e01eb6b2db155f\",\"name\":\"Thales Brand\u00e3o\",\"image\":{\"@type\":\"ImageObject\",\"inLanguage\":\"pt-BR\",\"@id\":\"https:\\\/\\\/secure.gravatar.com\\\/avatar\\\/7ca3206950207cc3cb48feec56a8a7898741ab725c368d99d5d7a5a50aab80c6?s=96&d=mm&r=g\",\"url\":\"https:\\\/\\\/secure.gravatar.com\\\/avatar\\\/7ca3206950207cc3cb48feec56a8a7898741ab725c368d99d5d7a5a50aab80c6?s=96&d=mm&r=g\",\"contentUrl\":\"https:\\\/\\\/secure.gravatar.com\\\/avatar\\\/7ca3206950207cc3cb48feec56a8a7898741ab725c368d99d5d7a5a50aab80c6?s=96&d=mm&r=g\",\"caption\":\"Thales Brand\u00e3o\"},\"description\":\"Editor Executivo do Portal CidadeMarketing.com.br &gt; Mestre em Comunica\u00e7\u00e3o e Sociedade pela Universidade Federal de Sergipe. Possui MBA Executivo em Administra\u00e7\u00e3o com \u00eanfase em Marketing pela Funda\u00e7\u00e3o Get\u00falio Vargas - Rio de Janeiro. Consultor, Palestrante e Pesquisador sobre Empreendedorismo, Marketing, Redes Sociais e Neg\u00f3cios Digitais. Professor, Palestrante TedxTalks e Campus Party. Twitter: @ThalesBrandao\",\"sameAs\":[\"http:\\\/\\\/www.mandacaru.com.br\",\"https:\\\/\\\/www.facebook.com\\\/thalesbrandao\",\"http:\\\/\\\/www.instagram.com.br\\\/thalesbrandaoferreira\",\"https:\\\/\\\/www.linkedin.com\\\/in\\\/thales-brand\u00e3o-3948609\\\/\",\"https:\\\/\\\/x.com\\\/http:\\\/\\\/www.twitter.com\\\/thalesbrandao\"],\"url\":\"https:\\\/\\\/www.cidademarketing.com.br\\\/marketing\\\/author\\\/thalesbrandao\\\/\"}]}<\/script>\n<!-- \/ Yoast SEO plugin. -->","yoast_head_json":{"title":"S\u00f3cios do BTG Pactual criam o Instituto de Tecnologia e Lideran\u00e7a - CidadeMarketing","robots":{"index":"index","follow":"follow","max-snippet":"max-snippet:-1","max-image-preview":"max-image-preview:large","max-video-preview":"max-video-preview:-1"},"canonical":"https:\/\/www.cidademarketing.com.br\/marketing\/2021\/04\/08\/socios-do-btg-pactual-criam-o-instituto-de-tecnologia-e-lideranca\/","og_locale":"pt_BR","og_type":"article","og_title":"S\u00f3cios do BTG Pactual criam o Instituto de Tecnologia e Lideran\u00e7a - CidadeMarketing","og_description":"Com a desafiadora miss\u00e3o de formar as futuras lideran\u00e7as em tecnologia que ir\u00e3o ajudar a transformar o Brasil, Andr\u00e9 Esteves, Roberto Sallouti e s\u00f3cios do BTG Pactual unem for\u00e7as para a cria\u00e7\u00e3o do Instituto de Tecnologia e Lideran\u00e7a (Inteli), institui\u00e7\u00e3o privada e sem fins lucrativos, localizado em S\u00e3o Paulo, com a proposta de oferecer ensino [&hellip;]","og_url":"https:\/\/www.cidademarketing.com.br\/marketing\/2021\/04\/08\/socios-do-btg-pactual-criam-o-instituto-de-tecnologia-e-lideranca\/","og_site_name":"CidadeMarketing","article_publisher":"https:\/\/www.facebook.com\/portalcidademarketing","article_author":"https:\/\/www.facebook.com\/thalesbrandao","article_published_time":"2021-04-08T12:15:15+00:00","article_modified_time":"2021-04-08T12:15:18+00:00","og_image":[{"width":1280,"height":720,"url":"https:\/\/www.cidademarketing.com.br\/marketing\/wp-content\/uploads\/2020\/10\/btgpactual.jpg","type":"image\/jpeg"}],"author":"Thales Brand\u00e3o","twitter_card":"summary_large_image","twitter_creator":"@http:\/\/www.twitter.com\/thalesbrandao","twitter_site":"@CidadeMarketing","twitter_misc":{"Escrito por":"Thales Brand\u00e3o","Est. tempo de leitura":"4 minutos"},"schema":{"@context":"https:\/\/schema.org","@graph":[{"@type":"Article","@id":"https:\/\/www.cidademarketing.com.br\/marketing\/2021\/04\/08\/socios-do-btg-pactual-criam-o-instituto-de-tecnologia-e-lideranca\/#article","isPartOf":{"@id":"https:\/\/www.cidademarketing.com.br\/marketing\/2021\/04\/08\/socios-do-btg-pactual-criam-o-instituto-de-tecnologia-e-lideranca\/"},"author":{"name":"Thales Brand\u00e3o","@id":"https:\/\/www.cidademarketing.com.br\/marketing\/#\/schema\/person\/02daff9f18bd9378c9e01eb6b2db155f"},"headline":"S\u00f3cios do BTG Pactual criam o Instituto de Tecnologia e Lideran\u00e7a","datePublished":"2021-04-08T12:15:15+00:00","dateModified":"2021-04-08T12:15:18+00:00","mainEntityOfPage":{"@id":"https:\/\/www.cidademarketing.com.br\/marketing\/2021\/04\/08\/socios-do-btg-pactual-criam-o-instituto-de-tecnologia-e-lideranca\/"},"wordCount":772,"commentCount":0,"publisher":{"@id":"https:\/\/www.cidademarketing.com.br\/marketing\/#organization"},"image":{"@id":"https:\/\/www.cidademarketing.com.br\/marketing\/2021\/04\/08\/socios-do-btg-pactual-criam-o-instituto-de-tecnologia-e-lideranca\/#primaryimage"},"thumbnailUrl":"https:\/\/www.cidademarketing.com.br\/marketing\/wp-content\/uploads\/2020\/10\/btgpactual.jpg","keywords":["BTG Pactual","marketing","marketing social"],"articleSection":["Not\u00edcias"],"inLanguage":"pt-BR","potentialAction":[{"@type":"CommentAction","name":"Comment","target":["https:\/\/www.cidademarketing.com.br\/marketing\/2021\/04\/08\/socios-do-btg-pactual-criam-o-instituto-de-tecnologia-e-lideranca\/#respond"]}]},{"@type":"WebPage","@id":"https:\/\/www.cidademarketing.com.br\/marketing\/2021\/04\/08\/socios-do-btg-pactual-criam-o-instituto-de-tecnologia-e-lideranca\/","url":"https:\/\/www.cidademarketing.com.br\/marketing\/2021\/04\/08\/socios-do-btg-pactual-criam-o-instituto-de-tecnologia-e-lideranca\/","name":"S\u00f3cios do BTG Pactual criam o Instituto de Tecnologia e Lideran\u00e7a - CidadeMarketing","isPartOf":{"@id":"https:\/\/www.cidademarketing.com.br\/marketing\/#website"},"primaryImageOfPage":{"@id":"https:\/\/www.cidademarketing.com.br\/marketing\/2021\/04\/08\/socios-do-btg-pactual-criam-o-instituto-de-tecnologia-e-lideranca\/#primaryimage"},"image":{"@id":"https:\/\/www.cidademarketing.com.br\/marketing\/2021\/04\/08\/socios-do-btg-pactual-criam-o-instituto-de-tecnologia-e-lideranca\/#primaryimage"},"thumbnailUrl":"https:\/\/www.cidademarketing.com.br\/marketing\/wp-content\/uploads\/2020\/10\/btgpactual.jpg","datePublished":"2021-04-08T12:15:15+00:00","dateModified":"2021-04-08T12:15:18+00:00","breadcrumb":{"@id":"https:\/\/www.cidademarketing.com.br\/marketing\/2021\/04\/08\/socios-do-btg-pactual-criam-o-instituto-de-tecnologia-e-lideranca\/#breadcrumb"},"inLanguage":"pt-BR","potentialAction":[{"@type":"ReadAction","target":["https:\/\/www.cidademarketing.com.br\/marketing\/2021\/04\/08\/socios-do-btg-pactual-criam-o-instituto-de-tecnologia-e-lideranca\/"]}]},{"@type":"ImageObject","inLanguage":"pt-BR","@id":"https:\/\/www.cidademarketing.com.br\/marketing\/2021\/04\/08\/socios-do-btg-pactual-criam-o-instituto-de-tecnologia-e-lideranca\/#primaryimage","url":"https:\/\/www.cidademarketing.com.br\/marketing\/wp-content\/uploads\/2020\/10\/btgpactual.jpg","contentUrl":"https:\/\/www.cidademarketing.com.br\/marketing\/wp-content\/uploads\/2020\/10\/btgpactual.jpg","width":1280,"height":720},{"@type":"BreadcrumbList","@id":"https:\/\/www.cidademarketing.com.br\/marketing\/2021\/04\/08\/socios-do-btg-pactual-criam-o-instituto-de-tecnologia-e-lideranca\/#breadcrumb","itemListElement":[{"@type":"ListItem","position":1,"name":"In\u00edcio","item":"https:\/\/www.cidademarketing.com.br\/marketing\/"},{"@type":"ListItem","position":2,"name":"S\u00f3cios do BTG Pactual criam o Instituto de Tecnologia e Lideran\u00e7a"}]},{"@type":"WebSite","@id":"https:\/\/www.cidademarketing.com.br\/marketing\/#website","url":"https:\/\/www.cidademarketing.com.br\/marketing\/","name":"CidadeMarketing","description":"Somos um ve\u00edculo de comunica\u00e7\u00e3o de destaque no Brasil, reconhecido por conte\u00fados nos segmentos de marketing, empreendedorismo e inova\u00e7\u00e3o.","publisher":{"@id":"https:\/\/www.cidademarketing.com.br\/marketing\/#organization"},"alternateName":"CidadeMarketing","potentialAction":[{"@type":"SearchAction","target":{"@type":"EntryPoint","urlTemplate":"https:\/\/www.cidademarketing.com.br\/marketing\/?s={search_term_string}"},"query-input":{"@type":"PropertyValueSpecification","valueRequired":true,"valueName":"search_term_string"}}],"inLanguage":"pt-BR"},{"@type":"Organization","@id":"https:\/\/www.cidademarketing.com.br\/marketing\/#organization","name":"CidadeMarketing","alternateName":"CidadeMarketing","url":"https:\/\/www.cidademarketing.com.br\/marketing\/","logo":{"@type":"ImageObject","inLanguage":"pt-BR","@id":"https:\/\/www.cidademarketing.com.br\/marketing\/#\/schema\/logo\/image\/","url":"https:\/\/www.cidademarketing.com.br\/marketing\/wp-content\/uploads\/2020\/01\/cidademarketing_marca_mobile.png","contentUrl":"https:\/\/www.cidademarketing.com.br\/marketing\/wp-content\/uploads\/2020\/01\/cidademarketing_marca_mobile.png","width":230,"height":92,"caption":"CidadeMarketing"},"image":{"@id":"https:\/\/www.cidademarketing.com.br\/marketing\/#\/schema\/logo\/image\/"},"sameAs":["https:\/\/www.facebook.com\/portalcidademarketing","https:\/\/x.com\/CidadeMarketing","https:\/\/www.instagram.com\/cidademarketing\/"]},{"@type":"Person","@id":"https:\/\/www.cidademarketing.com.br\/marketing\/#\/schema\/person\/02daff9f18bd9378c9e01eb6b2db155f","name":"Thales Brand\u00e3o","image":{"@type":"ImageObject","inLanguage":"pt-BR","@id":"https:\/\/secure.gravatar.com\/avatar\/7ca3206950207cc3cb48feec56a8a7898741ab725c368d99d5d7a5a50aab80c6?s=96&d=mm&r=g","url":"https:\/\/secure.gravatar.com\/avatar\/7ca3206950207cc3cb48feec56a8a7898741ab725c368d99d5d7a5a50aab80c6?s=96&d=mm&r=g","contentUrl":"https:\/\/secure.gravatar.com\/avatar\/7ca3206950207cc3cb48feec56a8a7898741ab725c368d99d5d7a5a50aab80c6?s=96&d=mm&r=g","caption":"Thales Brand\u00e3o"},"description":"Editor Executivo do Portal CidadeMarketing.com.br &gt; Mestre em Comunica\u00e7\u00e3o e Sociedade pela Universidade Federal de Sergipe. Possui MBA Executivo em Administra\u00e7\u00e3o com \u00eanfase em Marketing pela Funda\u00e7\u00e3o Get\u00falio Vargas - Rio de Janeiro. Consultor, Palestrante e Pesquisador sobre Empreendedorismo, Marketing, Redes Sociais e Neg\u00f3cios Digitais. Professor, Palestrante TedxTalks e Campus Party. Twitter: @ThalesBrandao","sameAs":["http:\/\/www.mandacaru.com.br","https:\/\/www.facebook.com\/thalesbrandao","http:\/\/www.instagram.com.br\/thalesbrandaoferreira","https:\/\/www.linkedin.com\/in\/thales-brand\u00e3o-3948609\/","https:\/\/x.com\/http:\/\/www.twitter.com\/thalesbrandao"],"url":"https:\/\/www.cidademarketing.com.br\/marketing\/author\/thalesbrandao\/"}]}},"amp_enabled":true,"_links":{"self":[{"href":"https:\/\/www.cidademarketing.com.br\/marketing\/wp-json\/wp\/v2\/posts\/23103","targetHints":{"allow":["GET"]}}],"collection":[{"href":"https:\/\/www.cidademarketing.com.br\/marketing\/wp-json\/wp\/v2\/posts"}],"about":[{"href":"https:\/\/www.cidademarketing.com.br\/marketing\/wp-json\/wp\/v2\/types\/post"}],"author":[{"embeddable":true,"href":"https:\/\/www.cidademarketing.com.br\/marketing\/wp-json\/wp\/v2\/users\/1"}],"replies":[{"embeddable":true,"href":"https:\/\/www.cidademarketing.com.br\/marketing\/wp-json\/wp\/v2\/comments?post=23103"}],"version-history":[{"count":1,"href":"https:\/\/www.cidademarketing.com.br\/marketing\/wp-json\/wp\/v2\/posts\/23103\/revisions"}],"predecessor-version":[{"id":23104,"href":"https:\/\/www.cidademarketing.com.br\/marketing\/wp-json\/wp\/v2\/posts\/23103\/revisions\/23104"}],"wp:featuredmedia":[{"embeddable":true,"href":"https:\/\/www.cidademarketing.com.br\/marketing\/wp-json\/wp\/v2\/media\/20064"}],"wp:attachment":[{"href":"https:\/\/www.cidademarketing.com.br\/marketing\/wp-json\/wp\/v2\/media?parent=23103"}],"wp:term":[{"taxonomy":"category","embeddable":true,"href":"https:\/\/www.cidademarketing.com.br\/marketing\/wp-json\/wp\/v2\/categories?post=23103"},{"taxonomy":"post_tag","embeddable":true,"href":"https:\/\/www.cidademarketing.com.br\/marketing\/wp-json\/wp\/v2\/tags?post=23103"}],"curies":[{"name":"wp","href":"https:\/\/api.w.org\/{rel}","templated":true}]}}