{"id":23031,"date":"2021-04-05T22:40:07","date_gmt":"2021-04-06T01:40:07","guid":{"rendered":"https:\/\/www.cidademarketing.com.br\/marketing\/?p=23031"},"modified":"2021-04-06T16:25:37","modified_gmt":"2021-04-06T19:25:37","slug":"quem-e-radio-globo-anunciam-seu-primeiro-premio-de-musica","status":"publish","type":"post","link":"https:\/\/www.cidademarketing.com.br\/marketing\/2021\/04\/05\/quem-e-radio-globo-anunciam-seu-primeiro-premio-de-musica\/","title":{"rendered":"Quem e R\u00e1dio Globo anunciam seu primeiro pr\u00eamio de m\u00fasica"},"content":{"rendered":"\n<p>A <strong>Quem<\/strong> e a <strong>R\u00e1dio Globo<\/strong> anunciam a primeira edi\u00e7\u00e3o do <strong>Pr\u00eamio R\u00e1dio Globo Quem<\/strong>, com transmiss\u00e3o ao vivo nas plataformas das duas grandes autoridades do entretenimento da <strong>Editora Globo <\/strong>e do Sistema Globo de R\u00e1dio. Ao todo, mais de 60 artistas disputam pr\u00eamios em 16 categorias, das quais 11 ter\u00e3o vota\u00e7\u00e3o aberta ao p\u00fablico. As bebidas Smirnoff e Tanqueray apresentam o evento, que tem data marcada para <strong>23 de junho<\/strong> .<br><br>A ideia de realizar um pr\u00eamio que celebra a m\u00fasica brasileira escutada na r\u00e1dio e nos streamings de todo o pa\u00eds veio para coroar alguns g\u00eaneros que ainda n\u00e3o eram reconhecidos nas premia\u00e7\u00f5es atuais. Samba, hip-hop, rap, funk e at\u00e9 forr\u00f3 s\u00e3o estilos musicais que aparecem em categorias isoladas na nova premia\u00e7\u00e3o, enfatizando a diversidade democr\u00e1tica proposta pelas marcas.<br><br>O evento ter\u00e1 pocket shows digitais de v\u00e1rios artistas e g\u00eaneros &#8211; cada um do seu canto, de acordo com o protocolo &#8211; al\u00e9m de apresenta\u00e7\u00e3o ao vivo, em est\u00fadio, com apresentadores convidados por Quem. Para esta primeira edi\u00e7\u00e3o, os artistas indicados e vencedores v\u00e3o &#8220;marcar presen\u00e7a&#8221; por meio de red carpet e participa\u00e7\u00f5es virtuais, como aconteceu em outros pr\u00eamios consagrados deste ano, como o Grammy e o Globo de Ouro.<br><br>As 11 categorias da premia\u00e7\u00e3o com vota\u00e7\u00e3o popular ser\u00e3o melhor feat., melhor f\u00e3-clube, melhor live, melhor DJ, melhor coreografia, melhor m\u00fasica sertaneja, melhor hip-hop\/rap, melhor funk, melhor pop nacional, melhor samba\/pagode e melhor forr\u00f3. Outras tr\u00eas categorias &#8211; artista do ano, a aposta e revela\u00e7\u00e3o &#8211; ser\u00e3o votados por um j\u00fari especializado indicado pels realizadores. Por fim, duas categorias, artista mais curtido do ano e can\u00e7\u00e3o mais curtida do ano, seguir\u00e3o os votos dos ouvintes no player do site e no app da R\u00e1dio Globo.<br><br>A uni\u00e3o dos dois ve\u00edculos como embaixadores da premia\u00e7\u00e3o nasce a partir da identifica\u00e7\u00e3o pelo p\u00fablico jovem e antenado em m\u00fasica, e nas tend\u00eancias do universo pop. Autoridade do entretenimento digital e tendo a diversidade como lema, a Quem tem hoje cerca de 16,2 milh\u00f5es de usu\u00e1rios \u00fanicos mensais e 65 milh\u00f5es de pageviews, segundo dados da Comscore de novembro de 2020, al\u00e9m de 4,8 milh\u00f5es de seguidores nas redes sociais.<br><br><em>&#8220;Em meio a tudo o que estamos vivendo, fico muito feliz em promover um pr\u00eamio que celebra os artistas e a m\u00fasica, nosso escape e conforto do dia a dia, sem preconceito de g\u00eaneros e estilos. Para tanto, estamos preparando um evento lindo, seguro e digital, que vai levar divers\u00e3o para que as pessoas continuem seguras e se divirtam em casa&#8221;<\/em>, diz <strong>Danilo Saraiva<\/strong>, editor-chefe da Quem.<br><br>J\u00e1 a R\u00e1dio Globo tem propriedade quando o assunto \u00e9 m\u00fasica, pertencimento e esp\u00edrito jovem. Refer\u00eancia no Rio de Janeiro, \u00e9 a emissora de r\u00e1dio que mais cresce na cidade, de acordo com o Kantar Ibope Media, com mais de 1,3 milh\u00e3o de ouvintes alcan\u00e7ados em 30 dias e mais de 1,3 milh\u00e3o de seguidores nas redes sociais.  De acordo com as pesquisas, a R\u00e1dio Globo foi a emissora que mais cresceu no Rio de Janeiro, com um <strong>aumento de 111%<\/strong> na audi\u00eancia nos \u00faltimos doze meses.<\/p>\n\n\n\n<p><strong><em>(FONTE: KANTAR IBOPE MEDIA|EASYMEDIA 4|FM\/WEB|GRANDE RIO DE JANEIRO|SEXO AMBOS|06H \u00c0S 19H|SEG A SEX|PER\u00cdODO: SET\/19 A FEV\/21|IA#).<\/em><\/strong><\/p>\n\n\n\n<p><br><em>&#8220;Celebrar a m\u00fasica nunca \u00e9 demais, e reconhecer os artistas que ajudam a fazer a nossa programa\u00e7\u00e3o, e ainda pelas m\u00e3os dos nossos ouvintes, \u00e9 um prazer enorme. A gente espera que essa seja a primeira edi\u00e7\u00e3o de muitas&#8221;<\/em>, diz <strong>Jonas Vilandez<\/strong>, gerente de neg\u00f3cios musicais da R\u00e1dio Globo.<br><br>A vota\u00e7\u00e3o popular do Pr\u00eamio R\u00e1dio Globo Quem 2021 ser\u00e1 feita por meio de um site exclusivo divulgado em breve. A transmiss\u00e3o ser\u00e1 ao vivo por meio das plataformas &#8211; Instagram, YouTube e r\u00e1dio &#8211; de ambos os ve\u00edculos.<br><br><\/p>\n","protected":false},"excerpt":{"rendered":"<p>A Quem e a R\u00e1dio Globo anunciam a primeira edi\u00e7\u00e3o do Pr\u00eamio R\u00e1dio Globo Quem, com transmiss\u00e3o ao vivo nas plataformas das duas grandes autoridades do entretenimento da Editora Globo e do Sistema Globo de R\u00e1dio. Ao todo, mais de 60 artistas disputam pr\u00eamios em 16 categorias, das quais 11 ter\u00e3o vota\u00e7\u00e3o aberta ao p\u00fablico. [&hellip;]<\/p>\n","protected":false},"author":1,"featured_media":23032,"comment_status":"open","ping_status":"open","sticky":false,"template":"","format":"standard","meta":{"tdm_status":"","tdm_grid_status":"","footnotes":""},"categories":[6],"tags":[1409,28,3784,3785],"class_list":["post-23031","post","type-post","status-publish","format-standard","has-post-thumbnail","hentry","category-noticias","tag-estrategica","tag-marketing","tag-quem","tag-radio-globo-2"],"yoast_head":"<!-- This site is optimized with the Yoast SEO plugin v27.5 - https:\/\/yoast.com\/product\/yoast-seo-wordpress\/ -->\n<title>Quem e R\u00e1dio Globo anunciam seu primeiro pr\u00eamio de m\u00fasica - CidadeMarketing<\/title>\n<meta name=\"robots\" content=\"index, follow, max-snippet:-1, max-image-preview:large, max-video-preview:-1\" \/>\n<link rel=\"canonical\" href=\"https:\/\/www.cidademarketing.com.br\/marketing\/2021\/04\/05\/quem-e-radio-globo-anunciam-seu-primeiro-premio-de-musica\/\" \/>\n<meta property=\"og:locale\" content=\"pt_BR\" \/>\n<meta property=\"og:type\" content=\"article\" \/>\n<meta property=\"og:title\" content=\"Quem e R\u00e1dio Globo anunciam seu primeiro pr\u00eamio de m\u00fasica - CidadeMarketing\" \/>\n<meta property=\"og:description\" content=\"A Quem e a R\u00e1dio Globo anunciam a primeira edi\u00e7\u00e3o do Pr\u00eamio R\u00e1dio Globo Quem, com transmiss\u00e3o ao vivo nas plataformas das duas grandes autoridades do entretenimento da Editora Globo e do Sistema Globo de R\u00e1dio. Ao todo, mais de 60 artistas disputam pr\u00eamios em 16 categorias, das quais 11 ter\u00e3o vota\u00e7\u00e3o aberta ao p\u00fablico. [&hellip;]\" \/>\n<meta property=\"og:url\" content=\"https:\/\/www.cidademarketing.com.br\/marketing\/2021\/04\/05\/quem-e-radio-globo-anunciam-seu-primeiro-premio-de-musica\/\" \/>\n<meta property=\"og:site_name\" content=\"CidadeMarketing\" \/>\n<meta property=\"article:publisher\" content=\"https:\/\/www.facebook.com\/portalcidademarketing\" \/>\n<meta property=\"article:author\" content=\"https:\/\/www.facebook.com\/thalesbrandao\" \/>\n<meta property=\"article:published_time\" content=\"2021-04-06T01:40:07+00:00\" \/>\n<meta property=\"article:modified_time\" content=\"2021-04-06T19:25:37+00:00\" \/>\n<meta property=\"og:image\" content=\"https:\/\/www.cidademarketing.com.br\/marketing\/wp-content\/uploads\/2021\/04\/radio_premio.jpg\" \/>\n\t<meta property=\"og:image:width\" content=\"640\" \/>\n\t<meta property=\"og:image:height\" content=\"360\" \/>\n\t<meta property=\"og:image:type\" content=\"image\/jpeg\" \/>\n<meta name=\"author\" content=\"Thales Brand\u00e3o\" \/>\n<meta name=\"twitter:card\" content=\"summary_large_image\" \/>\n<meta name=\"twitter:creator\" content=\"@http:\/\/www.twitter.com\/thalesbrandao\" \/>\n<meta name=\"twitter:site\" content=\"@CidadeMarketing\" \/>\n<meta name=\"twitter:label1\" content=\"Escrito por\" \/>\n\t<meta name=\"twitter:data1\" content=\"Thales Brand\u00e3o\" \/>\n\t<meta name=\"twitter:label2\" content=\"Est. tempo de leitura\" \/>\n\t<meta name=\"twitter:data2\" content=\"3 minutos\" \/>\n<script type=\"application\/ld+json\" class=\"yoast-schema-graph\">{\"@context\":\"https:\\\/\\\/schema.org\",\"@graph\":[{\"@type\":\"Article\",\"@id\":\"https:\\\/\\\/www.cidademarketing.com.br\\\/marketing\\\/2021\\\/04\\\/05\\\/quem-e-radio-globo-anunciam-seu-primeiro-premio-de-musica\\\/#article\",\"isPartOf\":{\"@id\":\"https:\\\/\\\/www.cidademarketing.com.br\\\/marketing\\\/2021\\\/04\\\/05\\\/quem-e-radio-globo-anunciam-seu-primeiro-premio-de-musica\\\/\"},\"author\":{\"name\":\"Thales Brand\u00e3o\",\"@id\":\"https:\\\/\\\/www.cidademarketing.com.br\\\/marketing\\\/#\\\/schema\\\/person\\\/02daff9f18bd9378c9e01eb6b2db155f\"},\"headline\":\"Quem e R\u00e1dio Globo anunciam seu primeiro pr\u00eamio de m\u00fasica\",\"datePublished\":\"2021-04-06T01:40:07+00:00\",\"dateModified\":\"2021-04-06T19:25:37+00:00\",\"mainEntityOfPage\":{\"@id\":\"https:\\\/\\\/www.cidademarketing.com.br\\\/marketing\\\/2021\\\/04\\\/05\\\/quem-e-radio-globo-anunciam-seu-primeiro-premio-de-musica\\\/\"},\"wordCount\":701,\"commentCount\":0,\"publisher\":{\"@id\":\"https:\\\/\\\/www.cidademarketing.com.br\\\/marketing\\\/#organization\"},\"image\":{\"@id\":\"https:\\\/\\\/www.cidademarketing.com.br\\\/marketing\\\/2021\\\/04\\\/05\\\/quem-e-radio-globo-anunciam-seu-primeiro-premio-de-musica\\\/#primaryimage\"},\"thumbnailUrl\":\"https:\\\/\\\/www.cidademarketing.com.br\\\/marketing\\\/wp-content\\\/uploads\\\/2021\\\/04\\\/radio_premio.jpg\",\"keywords\":[\"estrat\u00e9gica\",\"marketing\",\"Quem\",\"R\u00e1dio Globo\"],\"articleSection\":[\"Not\u00edcias\"],\"inLanguage\":\"pt-BR\",\"potentialAction\":[{\"@type\":\"CommentAction\",\"name\":\"Comment\",\"target\":[\"https:\\\/\\\/www.cidademarketing.com.br\\\/marketing\\\/2021\\\/04\\\/05\\\/quem-e-radio-globo-anunciam-seu-primeiro-premio-de-musica\\\/#respond\"]}]},{\"@type\":\"WebPage\",\"@id\":\"https:\\\/\\\/www.cidademarketing.com.br\\\/marketing\\\/2021\\\/04\\\/05\\\/quem-e-radio-globo-anunciam-seu-primeiro-premio-de-musica\\\/\",\"url\":\"https:\\\/\\\/www.cidademarketing.com.br\\\/marketing\\\/2021\\\/04\\\/05\\\/quem-e-radio-globo-anunciam-seu-primeiro-premio-de-musica\\\/\",\"name\":\"Quem e R\u00e1dio Globo anunciam seu primeiro pr\u00eamio de m\u00fasica - CidadeMarketing\",\"isPartOf\":{\"@id\":\"https:\\\/\\\/www.cidademarketing.com.br\\\/marketing\\\/#website\"},\"primaryImageOfPage\":{\"@id\":\"https:\\\/\\\/www.cidademarketing.com.br\\\/marketing\\\/2021\\\/04\\\/05\\\/quem-e-radio-globo-anunciam-seu-primeiro-premio-de-musica\\\/#primaryimage\"},\"image\":{\"@id\":\"https:\\\/\\\/www.cidademarketing.com.br\\\/marketing\\\/2021\\\/04\\\/05\\\/quem-e-radio-globo-anunciam-seu-primeiro-premio-de-musica\\\/#primaryimage\"},\"thumbnailUrl\":\"https:\\\/\\\/www.cidademarketing.com.br\\\/marketing\\\/wp-content\\\/uploads\\\/2021\\\/04\\\/radio_premio.jpg\",\"datePublished\":\"2021-04-06T01:40:07+00:00\",\"dateModified\":\"2021-04-06T19:25:37+00:00\",\"breadcrumb\":{\"@id\":\"https:\\\/\\\/www.cidademarketing.com.br\\\/marketing\\\/2021\\\/04\\\/05\\\/quem-e-radio-globo-anunciam-seu-primeiro-premio-de-musica\\\/#breadcrumb\"},\"inLanguage\":\"pt-BR\",\"potentialAction\":[{\"@type\":\"ReadAction\",\"target\":[\"https:\\\/\\\/www.cidademarketing.com.br\\\/marketing\\\/2021\\\/04\\\/05\\\/quem-e-radio-globo-anunciam-seu-primeiro-premio-de-musica\\\/\"]}]},{\"@type\":\"ImageObject\",\"inLanguage\":\"pt-BR\",\"@id\":\"https:\\\/\\\/www.cidademarketing.com.br\\\/marketing\\\/2021\\\/04\\\/05\\\/quem-e-radio-globo-anunciam-seu-primeiro-premio-de-musica\\\/#primaryimage\",\"url\":\"https:\\\/\\\/www.cidademarketing.com.br\\\/marketing\\\/wp-content\\\/uploads\\\/2021\\\/04\\\/radio_premio.jpg\",\"contentUrl\":\"https:\\\/\\\/www.cidademarketing.com.br\\\/marketing\\\/wp-content\\\/uploads\\\/2021\\\/04\\\/radio_premio.jpg\",\"width\":640,\"height\":360},{\"@type\":\"BreadcrumbList\",\"@id\":\"https:\\\/\\\/www.cidademarketing.com.br\\\/marketing\\\/2021\\\/04\\\/05\\\/quem-e-radio-globo-anunciam-seu-primeiro-premio-de-musica\\\/#breadcrumb\",\"itemListElement\":[{\"@type\":\"ListItem\",\"position\":1,\"name\":\"In\u00edcio\",\"item\":\"https:\\\/\\\/www.cidademarketing.com.br\\\/marketing\\\/\"},{\"@type\":\"ListItem\",\"position\":2,\"name\":\"Quem e R\u00e1dio Globo anunciam seu primeiro pr\u00eamio de m\u00fasica\"}]},{\"@type\":\"WebSite\",\"@id\":\"https:\\\/\\\/www.cidademarketing.com.br\\\/marketing\\\/#website\",\"url\":\"https:\\\/\\\/www.cidademarketing.com.br\\\/marketing\\\/\",\"name\":\"CidadeMarketing\",\"description\":\"Somos um ve\u00edculo de comunica\u00e7\u00e3o de destaque no Brasil, reconhecido por conte\u00fados nos segmentos de marketing, empreendedorismo e inova\u00e7\u00e3o.\",\"publisher\":{\"@id\":\"https:\\\/\\\/www.cidademarketing.com.br\\\/marketing\\\/#organization\"},\"alternateName\":\"CidadeMarketing\",\"potentialAction\":[{\"@type\":\"SearchAction\",\"target\":{\"@type\":\"EntryPoint\",\"urlTemplate\":\"https:\\\/\\\/www.cidademarketing.com.br\\\/marketing\\\/?s={search_term_string}\"},\"query-input\":{\"@type\":\"PropertyValueSpecification\",\"valueRequired\":true,\"valueName\":\"search_term_string\"}}],\"inLanguage\":\"pt-BR\"},{\"@type\":\"Organization\",\"@id\":\"https:\\\/\\\/www.cidademarketing.com.br\\\/marketing\\\/#organization\",\"name\":\"CidadeMarketing\",\"alternateName\":\"CidadeMarketing\",\"url\":\"https:\\\/\\\/www.cidademarketing.com.br\\\/marketing\\\/\",\"logo\":{\"@type\":\"ImageObject\",\"inLanguage\":\"pt-BR\",\"@id\":\"https:\\\/\\\/www.cidademarketing.com.br\\\/marketing\\\/#\\\/schema\\\/logo\\\/image\\\/\",\"url\":\"https:\\\/\\\/www.cidademarketing.com.br\\\/marketing\\\/wp-content\\\/uploads\\\/2020\\\/01\\\/cidademarketing_marca_mobile.png\",\"contentUrl\":\"https:\\\/\\\/www.cidademarketing.com.br\\\/marketing\\\/wp-content\\\/uploads\\\/2020\\\/01\\\/cidademarketing_marca_mobile.png\",\"width\":230,\"height\":92,\"caption\":\"CidadeMarketing\"},\"image\":{\"@id\":\"https:\\\/\\\/www.cidademarketing.com.br\\\/marketing\\\/#\\\/schema\\\/logo\\\/image\\\/\"},\"sameAs\":[\"https:\\\/\\\/www.facebook.com\\\/portalcidademarketing\",\"https:\\\/\\\/x.com\\\/CidadeMarketing\",\"https:\\\/\\\/www.instagram.com\\\/cidademarketing\\\/\"]},{\"@type\":\"Person\",\"@id\":\"https:\\\/\\\/www.cidademarketing.com.br\\\/marketing\\\/#\\\/schema\\\/person\\\/02daff9f18bd9378c9e01eb6b2db155f\",\"name\":\"Thales Brand\u00e3o\",\"image\":{\"@type\":\"ImageObject\",\"inLanguage\":\"pt-BR\",\"@id\":\"https:\\\/\\\/secure.gravatar.com\\\/avatar\\\/7ca3206950207cc3cb48feec56a8a7898741ab725c368d99d5d7a5a50aab80c6?s=96&d=mm&r=g\",\"url\":\"https:\\\/\\\/secure.gravatar.com\\\/avatar\\\/7ca3206950207cc3cb48feec56a8a7898741ab725c368d99d5d7a5a50aab80c6?s=96&d=mm&r=g\",\"contentUrl\":\"https:\\\/\\\/secure.gravatar.com\\\/avatar\\\/7ca3206950207cc3cb48feec56a8a7898741ab725c368d99d5d7a5a50aab80c6?s=96&d=mm&r=g\",\"caption\":\"Thales Brand\u00e3o\"},\"description\":\"Editor Executivo do Portal CidadeMarketing.com.br &gt; Mestre em Comunica\u00e7\u00e3o e Sociedade pela Universidade Federal de Sergipe. Possui MBA Executivo em Administra\u00e7\u00e3o com \u00eanfase em Marketing pela Funda\u00e7\u00e3o Get\u00falio Vargas - Rio de Janeiro. Consultor, Palestrante e Pesquisador sobre Empreendedorismo, Marketing, Redes Sociais e Neg\u00f3cios Digitais. Professor, Palestrante TedxTalks e Campus Party. Twitter: @ThalesBrandao\",\"sameAs\":[\"http:\\\/\\\/www.mandacaru.com.br\",\"https:\\\/\\\/www.facebook.com\\\/thalesbrandao\",\"http:\\\/\\\/www.instagram.com.br\\\/thalesbrandaoferreira\",\"https:\\\/\\\/www.linkedin.com\\\/in\\\/thales-brand\u00e3o-3948609\\\/\",\"https:\\\/\\\/x.com\\\/http:\\\/\\\/www.twitter.com\\\/thalesbrandao\"],\"url\":\"https:\\\/\\\/www.cidademarketing.com.br\\\/marketing\\\/author\\\/thalesbrandao\\\/\"}]}<\/script>\n<!-- \/ Yoast SEO plugin. -->","yoast_head_json":{"title":"Quem e R\u00e1dio Globo anunciam seu primeiro pr\u00eamio de m\u00fasica - CidadeMarketing","robots":{"index":"index","follow":"follow","max-snippet":"max-snippet:-1","max-image-preview":"max-image-preview:large","max-video-preview":"max-video-preview:-1"},"canonical":"https:\/\/www.cidademarketing.com.br\/marketing\/2021\/04\/05\/quem-e-radio-globo-anunciam-seu-primeiro-premio-de-musica\/","og_locale":"pt_BR","og_type":"article","og_title":"Quem e R\u00e1dio Globo anunciam seu primeiro pr\u00eamio de m\u00fasica - CidadeMarketing","og_description":"A Quem e a R\u00e1dio Globo anunciam a primeira edi\u00e7\u00e3o do Pr\u00eamio R\u00e1dio Globo Quem, com transmiss\u00e3o ao vivo nas plataformas das duas grandes autoridades do entretenimento da Editora Globo e do Sistema Globo de R\u00e1dio. Ao todo, mais de 60 artistas disputam pr\u00eamios em 16 categorias, das quais 11 ter\u00e3o vota\u00e7\u00e3o aberta ao p\u00fablico. [&hellip;]","og_url":"https:\/\/www.cidademarketing.com.br\/marketing\/2021\/04\/05\/quem-e-radio-globo-anunciam-seu-primeiro-premio-de-musica\/","og_site_name":"CidadeMarketing","article_publisher":"https:\/\/www.facebook.com\/portalcidademarketing","article_author":"https:\/\/www.facebook.com\/thalesbrandao","article_published_time":"2021-04-06T01:40:07+00:00","article_modified_time":"2021-04-06T19:25:37+00:00","og_image":[{"width":640,"height":360,"url":"https:\/\/www.cidademarketing.com.br\/marketing\/wp-content\/uploads\/2021\/04\/radio_premio.jpg","type":"image\/jpeg"}],"author":"Thales Brand\u00e3o","twitter_card":"summary_large_image","twitter_creator":"@http:\/\/www.twitter.com\/thalesbrandao","twitter_site":"@CidadeMarketing","twitter_misc":{"Escrito por":"Thales Brand\u00e3o","Est. tempo de leitura":"3 minutos"},"schema":{"@context":"https:\/\/schema.org","@graph":[{"@type":"Article","@id":"https:\/\/www.cidademarketing.com.br\/marketing\/2021\/04\/05\/quem-e-radio-globo-anunciam-seu-primeiro-premio-de-musica\/#article","isPartOf":{"@id":"https:\/\/www.cidademarketing.com.br\/marketing\/2021\/04\/05\/quem-e-radio-globo-anunciam-seu-primeiro-premio-de-musica\/"},"author":{"name":"Thales Brand\u00e3o","@id":"https:\/\/www.cidademarketing.com.br\/marketing\/#\/schema\/person\/02daff9f18bd9378c9e01eb6b2db155f"},"headline":"Quem e R\u00e1dio Globo anunciam seu primeiro pr\u00eamio de m\u00fasica","datePublished":"2021-04-06T01:40:07+00:00","dateModified":"2021-04-06T19:25:37+00:00","mainEntityOfPage":{"@id":"https:\/\/www.cidademarketing.com.br\/marketing\/2021\/04\/05\/quem-e-radio-globo-anunciam-seu-primeiro-premio-de-musica\/"},"wordCount":701,"commentCount":0,"publisher":{"@id":"https:\/\/www.cidademarketing.com.br\/marketing\/#organization"},"image":{"@id":"https:\/\/www.cidademarketing.com.br\/marketing\/2021\/04\/05\/quem-e-radio-globo-anunciam-seu-primeiro-premio-de-musica\/#primaryimage"},"thumbnailUrl":"https:\/\/www.cidademarketing.com.br\/marketing\/wp-content\/uploads\/2021\/04\/radio_premio.jpg","keywords":["estrat\u00e9gica","marketing","Quem","R\u00e1dio Globo"],"articleSection":["Not\u00edcias"],"inLanguage":"pt-BR","potentialAction":[{"@type":"CommentAction","name":"Comment","target":["https:\/\/www.cidademarketing.com.br\/marketing\/2021\/04\/05\/quem-e-radio-globo-anunciam-seu-primeiro-premio-de-musica\/#respond"]}]},{"@type":"WebPage","@id":"https:\/\/www.cidademarketing.com.br\/marketing\/2021\/04\/05\/quem-e-radio-globo-anunciam-seu-primeiro-premio-de-musica\/","url":"https:\/\/www.cidademarketing.com.br\/marketing\/2021\/04\/05\/quem-e-radio-globo-anunciam-seu-primeiro-premio-de-musica\/","name":"Quem e R\u00e1dio Globo anunciam seu primeiro pr\u00eamio de m\u00fasica - CidadeMarketing","isPartOf":{"@id":"https:\/\/www.cidademarketing.com.br\/marketing\/#website"},"primaryImageOfPage":{"@id":"https:\/\/www.cidademarketing.com.br\/marketing\/2021\/04\/05\/quem-e-radio-globo-anunciam-seu-primeiro-premio-de-musica\/#primaryimage"},"image":{"@id":"https:\/\/www.cidademarketing.com.br\/marketing\/2021\/04\/05\/quem-e-radio-globo-anunciam-seu-primeiro-premio-de-musica\/#primaryimage"},"thumbnailUrl":"https:\/\/www.cidademarketing.com.br\/marketing\/wp-content\/uploads\/2021\/04\/radio_premio.jpg","datePublished":"2021-04-06T01:40:07+00:00","dateModified":"2021-04-06T19:25:37+00:00","breadcrumb":{"@id":"https:\/\/www.cidademarketing.com.br\/marketing\/2021\/04\/05\/quem-e-radio-globo-anunciam-seu-primeiro-premio-de-musica\/#breadcrumb"},"inLanguage":"pt-BR","potentialAction":[{"@type":"ReadAction","target":["https:\/\/www.cidademarketing.com.br\/marketing\/2021\/04\/05\/quem-e-radio-globo-anunciam-seu-primeiro-premio-de-musica\/"]}]},{"@type":"ImageObject","inLanguage":"pt-BR","@id":"https:\/\/www.cidademarketing.com.br\/marketing\/2021\/04\/05\/quem-e-radio-globo-anunciam-seu-primeiro-premio-de-musica\/#primaryimage","url":"https:\/\/www.cidademarketing.com.br\/marketing\/wp-content\/uploads\/2021\/04\/radio_premio.jpg","contentUrl":"https:\/\/www.cidademarketing.com.br\/marketing\/wp-content\/uploads\/2021\/04\/radio_premio.jpg","width":640,"height":360},{"@type":"BreadcrumbList","@id":"https:\/\/www.cidademarketing.com.br\/marketing\/2021\/04\/05\/quem-e-radio-globo-anunciam-seu-primeiro-premio-de-musica\/#breadcrumb","itemListElement":[{"@type":"ListItem","position":1,"name":"In\u00edcio","item":"https:\/\/www.cidademarketing.com.br\/marketing\/"},{"@type":"ListItem","position":2,"name":"Quem e R\u00e1dio Globo anunciam seu primeiro pr\u00eamio de m\u00fasica"}]},{"@type":"WebSite","@id":"https:\/\/www.cidademarketing.com.br\/marketing\/#website","url":"https:\/\/www.cidademarketing.com.br\/marketing\/","name":"CidadeMarketing","description":"Somos um ve\u00edculo de comunica\u00e7\u00e3o de destaque no Brasil, reconhecido por conte\u00fados nos segmentos de marketing, empreendedorismo e inova\u00e7\u00e3o.","publisher":{"@id":"https:\/\/www.cidademarketing.com.br\/marketing\/#organization"},"alternateName":"CidadeMarketing","potentialAction":[{"@type":"SearchAction","target":{"@type":"EntryPoint","urlTemplate":"https:\/\/www.cidademarketing.com.br\/marketing\/?s={search_term_string}"},"query-input":{"@type":"PropertyValueSpecification","valueRequired":true,"valueName":"search_term_string"}}],"inLanguage":"pt-BR"},{"@type":"Organization","@id":"https:\/\/www.cidademarketing.com.br\/marketing\/#organization","name":"CidadeMarketing","alternateName":"CidadeMarketing","url":"https:\/\/www.cidademarketing.com.br\/marketing\/","logo":{"@type":"ImageObject","inLanguage":"pt-BR","@id":"https:\/\/www.cidademarketing.com.br\/marketing\/#\/schema\/logo\/image\/","url":"https:\/\/www.cidademarketing.com.br\/marketing\/wp-content\/uploads\/2020\/01\/cidademarketing_marca_mobile.png","contentUrl":"https:\/\/www.cidademarketing.com.br\/marketing\/wp-content\/uploads\/2020\/01\/cidademarketing_marca_mobile.png","width":230,"height":92,"caption":"CidadeMarketing"},"image":{"@id":"https:\/\/www.cidademarketing.com.br\/marketing\/#\/schema\/logo\/image\/"},"sameAs":["https:\/\/www.facebook.com\/portalcidademarketing","https:\/\/x.com\/CidadeMarketing","https:\/\/www.instagram.com\/cidademarketing\/"]},{"@type":"Person","@id":"https:\/\/www.cidademarketing.com.br\/marketing\/#\/schema\/person\/02daff9f18bd9378c9e01eb6b2db155f","name":"Thales Brand\u00e3o","image":{"@type":"ImageObject","inLanguage":"pt-BR","@id":"https:\/\/secure.gravatar.com\/avatar\/7ca3206950207cc3cb48feec56a8a7898741ab725c368d99d5d7a5a50aab80c6?s=96&d=mm&r=g","url":"https:\/\/secure.gravatar.com\/avatar\/7ca3206950207cc3cb48feec56a8a7898741ab725c368d99d5d7a5a50aab80c6?s=96&d=mm&r=g","contentUrl":"https:\/\/secure.gravatar.com\/avatar\/7ca3206950207cc3cb48feec56a8a7898741ab725c368d99d5d7a5a50aab80c6?s=96&d=mm&r=g","caption":"Thales Brand\u00e3o"},"description":"Editor Executivo do Portal CidadeMarketing.com.br &gt; Mestre em Comunica\u00e7\u00e3o e Sociedade pela Universidade Federal de Sergipe. Possui MBA Executivo em Administra\u00e7\u00e3o com \u00eanfase em Marketing pela Funda\u00e7\u00e3o Get\u00falio Vargas - Rio de Janeiro. Consultor, Palestrante e Pesquisador sobre Empreendedorismo, Marketing, Redes Sociais e Neg\u00f3cios Digitais. Professor, Palestrante TedxTalks e Campus Party. Twitter: @ThalesBrandao","sameAs":["http:\/\/www.mandacaru.com.br","https:\/\/www.facebook.com\/thalesbrandao","http:\/\/www.instagram.com.br\/thalesbrandaoferreira","https:\/\/www.linkedin.com\/in\/thales-brand\u00e3o-3948609\/","https:\/\/x.com\/http:\/\/www.twitter.com\/thalesbrandao"],"url":"https:\/\/www.cidademarketing.com.br\/marketing\/author\/thalesbrandao\/"}]}},"amp_enabled":true,"_links":{"self":[{"href":"https:\/\/www.cidademarketing.com.br\/marketing\/wp-json\/wp\/v2\/posts\/23031","targetHints":{"allow":["GET"]}}],"collection":[{"href":"https:\/\/www.cidademarketing.com.br\/marketing\/wp-json\/wp\/v2\/posts"}],"about":[{"href":"https:\/\/www.cidademarketing.com.br\/marketing\/wp-json\/wp\/v2\/types\/post"}],"author":[{"embeddable":true,"href":"https:\/\/www.cidademarketing.com.br\/marketing\/wp-json\/wp\/v2\/users\/1"}],"replies":[{"embeddable":true,"href":"https:\/\/www.cidademarketing.com.br\/marketing\/wp-json\/wp\/v2\/comments?post=23031"}],"version-history":[{"count":2,"href":"https:\/\/www.cidademarketing.com.br\/marketing\/wp-json\/wp\/v2\/posts\/23031\/revisions"}],"predecessor-version":[{"id":23059,"href":"https:\/\/www.cidademarketing.com.br\/marketing\/wp-json\/wp\/v2\/posts\/23031\/revisions\/23059"}],"wp:featuredmedia":[{"embeddable":true,"href":"https:\/\/www.cidademarketing.com.br\/marketing\/wp-json\/wp\/v2\/media\/23032"}],"wp:attachment":[{"href":"https:\/\/www.cidademarketing.com.br\/marketing\/wp-json\/wp\/v2\/media?parent=23031"}],"wp:term":[{"taxonomy":"category","embeddable":true,"href":"https:\/\/www.cidademarketing.com.br\/marketing\/wp-json\/wp\/v2\/categories?post=23031"},{"taxonomy":"post_tag","embeddable":true,"href":"https:\/\/www.cidademarketing.com.br\/marketing\/wp-json\/wp\/v2\/tags?post=23031"}],"curies":[{"name":"wp","href":"https:\/\/api.w.org\/{rel}","templated":true}]}}