{"id":23028,"date":"2021-04-05T22:15:57","date_gmt":"2021-04-06T01:15:57","guid":{"rendered":"https:\/\/www.cidademarketing.com.br\/marketing\/?p=23028"},"modified":"2021-04-05T22:16:00","modified_gmt":"2021-04-06T01:16:00","slug":"com-presenca-de-luiza-helena-trajano-iot-day-2021-debatera-avanco-da-internet-das-coisas-no-brasil","status":"publish","type":"post","link":"https:\/\/www.cidademarketing.com.br\/marketing\/2021\/04\/05\/com-presenca-de-luiza-helena-trajano-iot-day-2021-debatera-avanco-da-internet-das-coisas-no-brasil\/","title":{"rendered":"Com presen\u00e7a de Luiza Helena Trajano, IoT Day 2021 debater\u00e1 avan\u00e7o da Internet das Coisas no Brasil"},"content":{"rendered":"\n<p>Com o objetivo de situar e debater o desenvolvimento da Internet das Coisas no Brasil, acontece nesta sexta-feira (9) mais uma edi\u00e7\u00e3o do IoT Day. Organizado pela ABINC &#8211; Associa\u00e7\u00e3o Brasileira de Internet Das Coisas &#8211; a edi\u00e7\u00e3o de 2021 contar\u00e1 com a presen\u00e7a de Luiza Helena Trajano, presidente do conselho do Magazine Luiza e do grupo Mulheres do Brasil, al\u00e9m de ser respons\u00e1vel pela iniciativa Unidos pela Vacina, que tem a proposta de vacinar todos os brasileiros contra a covid-19 at\u00e9 setembro de 2021 &#8211; tema que ser\u00e1 a abertura do evento.&nbsp;<\/p>\n\n\n\n<p>Luiza Helena ir\u00e1 comentar sobre o assunto ao lado de Paulo Spaccaquerche &#8211; Presidente da ABINC, Chieco Aoki &#8211; CEO do Blue Tree Hotels, Prof. Marcos Oliveira &#8211; Presidente G10, Marcio Rodrigues &#8211; CEO da Avaya e F\u00e1bio Queir\u00f3z &#8211; Presidente da ASSERJ. \u201cA Internet Das Coisas \u00e9 um tema presente praticamente em todos os pilares da sociedade. Focar os avan\u00e7os tecnol\u00f3gicos para superarmos a pandemia que vivemos, como a ABINC e outras empresas est\u00e3o fazendo no projeto Unidos Pela Vacina, pode fazer uma grande diferen\u00e7a. Felizmente, teremos para debater esse assunto nomes de refer\u00eancia global em seus segmento\u201d, aponta Spaccaquerche.&nbsp;<\/p>\n\n\n\n<p>O evento tamb\u00e9m abordar\u00e1 a presen\u00e7a da tecnologia em um dos principais pilares econ\u00f4micos no Brasil: o agroneg\u00f3cio. Para comentar sobre o tema, o comit\u00ea recebe Fernando Queiroz &#8211; CEO Minerva Foods e Paulo Cabestr\u00e9 &#8211; CEO da Tr\u00f3pico, que ir\u00e3o abordar o tema <em>Vis\u00e3o Estrat\u00e9gica e Executiva para a cadeia de valor <\/em>no setor.&nbsp;<\/p>\n\n\n\n<p>Dentro da tem\u00e1tica Intelig\u00eancia Artificial, o evento traz nomes de peso, como Janete Ribeiro, CEO da Analytics Data e Tania Leal da Data Science Executive &amp; Prof. P\u00f3s na FIA.<\/p>\n\n\n\n<p>Com um n\u00famero recorde de ataques hackers no Brasil, o evento tamb\u00e9m abordar\u00e1 a discuss\u00e3o sobre Seguran\u00e7a da Informa\u00e7\u00e3o e Prote\u00e7\u00e3o de Dados, focado no Cen\u00e1rio Atual da ANPD (Autoridade Nacional de Prote\u00e7\u00e3o de Dados) e Regulamenta\u00e7\u00e3o de Boas Pr\u00e1ticas para IoT. O tema contar\u00e1 com a presen\u00e7a do Arthur Sabbat, Assessor no Departamento de Seguran\u00e7a da Informa\u00e7\u00e3o e Comunica\u00e7\u00f5es da Presid\u00eancia da Rep\u00fablica.<\/p>\n\n\n\n<p><strong>IoT no dia a dia<\/strong><\/p>\n\n\n\n<p>Al\u00e9m desses temas, outras palestras como IoT no, Infraestrutura que ir\u00e1 abordar o case da maior <em>Concess\u00e3o Ferrovi\u00e1ria do Brasil<\/em>, Redes contar\u00e1 com o tema &#8216;IoT Aplicado no Agro \u2013 Case Campo Conectado com a PUC-RIO<\/p>\n\n\n\n<p>Cidades Inteligentes que ir\u00e1 trazer o case<em> Smart Cities &#8211; Curitiba, <\/em>Manufatura falando do <em>Impacto IoT e Tecnologias na Ind\u00fastria 4.0 <\/em>e Mobilidade\/Automa\u00e7\u00e3o que trar\u00e1 o tema <em>&#8220;Distributed Ledger Technology and IOT for automotive and mobility ecosystem integration.&#8221;<\/em><\/p>\n\n\n\n<p>Criado em 2010 e organizado todos os anos, no dia 09 de abril, pelo IoT Council, o IoT Day \u00e9 um evento global que ocorre simultaneamente em v\u00e1rias cidades do mundo e tem o objetivo de debater os benef\u00edcios e tend\u00eancias da Internet das Coisas. No Brasil, o IoT Day tem o prop\u00f3sito de integrar os diversos elos da cadeia de valor do IoT, juntamente com todas as vertentes de tecnologia e inova\u00e7\u00e3o que circundam o ecossistema no pa\u00eds.<\/p>\n\n\n\n<p>O evento \u00e9 totalmente gratuito e ter\u00e1 6 horas de dura\u00e7\u00e3o e espera mais de mil usu\u00e1rios simult\u00e2neos.<\/p>\n\n\n\n<p><strong>Servi\u00e7o:<\/strong><br>IoT Day 2021<br><strong>Dia:<\/strong> 09 de abril<br><strong>Hor\u00e1rio:<\/strong> a partir das 13h45<br><strong>Valor<\/strong>: gratuito<br><strong>Link para inscri\u00e7\u00e3o e programa\u00e7\u00e3o completa: <\/strong><a href=\"https:\/\/abinc.org.br\/iot-day-2021\/\" target=\"_blank\" rel=\"noreferrer noopener\">https:\/\/abinc.org.br\/iot-day-2021\/<\/a><\/p>\n","protected":false},"excerpt":{"rendered":"<p>Com o objetivo de situar e debater o desenvolvimento da Internet das Coisas no Brasil, acontece nesta sexta-feira (9) mais uma edi\u00e7\u00e3o do IoT Day. Organizado pela ABINC &#8211; Associa\u00e7\u00e3o Brasileira de Internet Das Coisas &#8211; a edi\u00e7\u00e3o de 2021 contar\u00e1 com a presen\u00e7a de Luiza Helena Trajano, presidente do conselho do Magazine Luiza e [&hellip;]<\/p>\n","protected":false},"author":1,"featured_media":23029,"comment_status":"open","ping_status":"open","sticky":false,"template":"","format":"standard","meta":{"tdm_status":"","tdm_grid_status":"","footnotes":""},"categories":[13],"tags":[179,1929,28,185],"class_list":["post-23028","post","type-post","status-publish","format-standard","has-post-thumbnail","hentry","category-eventos","tag-evento","tag-iot","tag-marketing","tag-tecnologia"],"yoast_head":"<!-- This site is optimized with the Yoast SEO plugin v27.5 - https:\/\/yoast.com\/product\/yoast-seo-wordpress\/ -->\n<title>Com presen\u00e7a de Luiza Helena Trajano, IoT Day 2021 debater\u00e1 avan\u00e7o da Internet das Coisas no Brasil - CidadeMarketing<\/title>\n<meta name=\"robots\" content=\"index, follow, max-snippet:-1, max-image-preview:large, max-video-preview:-1\" \/>\n<link rel=\"canonical\" href=\"https:\/\/www.cidademarketing.com.br\/marketing\/2021\/04\/05\/com-presenca-de-luiza-helena-trajano-iot-day-2021-debatera-avanco-da-internet-das-coisas-no-brasil\/\" \/>\n<meta property=\"og:locale\" content=\"pt_BR\" \/>\n<meta property=\"og:type\" content=\"article\" \/>\n<meta property=\"og:title\" content=\"Com presen\u00e7a de Luiza Helena Trajano, IoT Day 2021 debater\u00e1 avan\u00e7o da Internet das Coisas no Brasil - CidadeMarketing\" \/>\n<meta property=\"og:description\" content=\"Com o objetivo de situar e debater o desenvolvimento da Internet das Coisas no Brasil, acontece nesta sexta-feira (9) mais uma edi\u00e7\u00e3o do IoT Day. Organizado pela ABINC &#8211; Associa\u00e7\u00e3o Brasileira de Internet Das Coisas &#8211; a edi\u00e7\u00e3o de 2021 contar\u00e1 com a presen\u00e7a de Luiza Helena Trajano, presidente do conselho do Magazine Luiza e [&hellip;]\" \/>\n<meta property=\"og:url\" content=\"https:\/\/www.cidademarketing.com.br\/marketing\/2021\/04\/05\/com-presenca-de-luiza-helena-trajano-iot-day-2021-debatera-avanco-da-internet-das-coisas-no-brasil\/\" \/>\n<meta property=\"og:site_name\" content=\"CidadeMarketing\" \/>\n<meta property=\"article:publisher\" content=\"https:\/\/www.facebook.com\/portalcidademarketing\" \/>\n<meta property=\"article:author\" content=\"https:\/\/www.facebook.com\/thalesbrandao\" \/>\n<meta property=\"article:published_time\" content=\"2021-04-06T01:15:57+00:00\" \/>\n<meta property=\"article:modified_time\" content=\"2021-04-06T01:16:00+00:00\" \/>\n<meta property=\"og:image\" content=\"https:\/\/www.cidademarketing.com.br\/marketing\/wp-content\/uploads\/2021\/04\/iot_day.jpg\" \/>\n\t<meta property=\"og:image:width\" content=\"450\" \/>\n\t<meta property=\"og:image:height\" content=\"176\" \/>\n\t<meta property=\"og:image:type\" content=\"image\/jpeg\" \/>\n<meta name=\"author\" content=\"Thales Brand\u00e3o\" \/>\n<meta name=\"twitter:card\" content=\"summary_large_image\" \/>\n<meta name=\"twitter:creator\" content=\"@http:\/\/www.twitter.com\/thalesbrandao\" \/>\n<meta name=\"twitter:site\" content=\"@CidadeMarketing\" \/>\n<meta name=\"twitter:label1\" content=\"Escrito por\" \/>\n\t<meta name=\"twitter:data1\" content=\"Thales Brand\u00e3o\" \/>\n\t<meta name=\"twitter:label2\" content=\"Est. tempo de leitura\" \/>\n\t<meta name=\"twitter:data2\" content=\"3 minutos\" \/>\n<script type=\"application\/ld+json\" class=\"yoast-schema-graph\">{\"@context\":\"https:\\\/\\\/schema.org\",\"@graph\":[{\"@type\":\"Article\",\"@id\":\"https:\\\/\\\/www.cidademarketing.com.br\\\/marketing\\\/2021\\\/04\\\/05\\\/com-presenca-de-luiza-helena-trajano-iot-day-2021-debatera-avanco-da-internet-das-coisas-no-brasil\\\/#article\",\"isPartOf\":{\"@id\":\"https:\\\/\\\/www.cidademarketing.com.br\\\/marketing\\\/2021\\\/04\\\/05\\\/com-presenca-de-luiza-helena-trajano-iot-day-2021-debatera-avanco-da-internet-das-coisas-no-brasil\\\/\"},\"author\":{\"name\":\"Thales Brand\u00e3o\",\"@id\":\"https:\\\/\\\/www.cidademarketing.com.br\\\/marketing\\\/#\\\/schema\\\/person\\\/02daff9f18bd9378c9e01eb6b2db155f\"},\"headline\":\"Com presen\u00e7a de Luiza Helena Trajano, IoT Day 2021 debater\u00e1 avan\u00e7o da Internet das Coisas no Brasil\",\"datePublished\":\"2021-04-06T01:15:57+00:00\",\"dateModified\":\"2021-04-06T01:16:00+00:00\",\"mainEntityOfPage\":{\"@id\":\"https:\\\/\\\/www.cidademarketing.com.br\\\/marketing\\\/2021\\\/04\\\/05\\\/com-presenca-de-luiza-helena-trajano-iot-day-2021-debatera-avanco-da-internet-das-coisas-no-brasil\\\/\"},\"wordCount\":612,\"commentCount\":0,\"publisher\":{\"@id\":\"https:\\\/\\\/www.cidademarketing.com.br\\\/marketing\\\/#organization\"},\"image\":{\"@id\":\"https:\\\/\\\/www.cidademarketing.com.br\\\/marketing\\\/2021\\\/04\\\/05\\\/com-presenca-de-luiza-helena-trajano-iot-day-2021-debatera-avanco-da-internet-das-coisas-no-brasil\\\/#primaryimage\"},\"thumbnailUrl\":\"https:\\\/\\\/www.cidademarketing.com.br\\\/marketing\\\/wp-content\\\/uploads\\\/2021\\\/04\\\/iot_day.jpg\",\"keywords\":[\"evento\",\"IoT\",\"marketing\",\"tecnologia\"],\"articleSection\":[\"Eventos\"],\"inLanguage\":\"pt-BR\",\"potentialAction\":[{\"@type\":\"CommentAction\",\"name\":\"Comment\",\"target\":[\"https:\\\/\\\/www.cidademarketing.com.br\\\/marketing\\\/2021\\\/04\\\/05\\\/com-presenca-de-luiza-helena-trajano-iot-day-2021-debatera-avanco-da-internet-das-coisas-no-brasil\\\/#respond\"]}]},{\"@type\":\"WebPage\",\"@id\":\"https:\\\/\\\/www.cidademarketing.com.br\\\/marketing\\\/2021\\\/04\\\/05\\\/com-presenca-de-luiza-helena-trajano-iot-day-2021-debatera-avanco-da-internet-das-coisas-no-brasil\\\/\",\"url\":\"https:\\\/\\\/www.cidademarketing.com.br\\\/marketing\\\/2021\\\/04\\\/05\\\/com-presenca-de-luiza-helena-trajano-iot-day-2021-debatera-avanco-da-internet-das-coisas-no-brasil\\\/\",\"name\":\"Com presen\u00e7a de Luiza Helena Trajano, IoT Day 2021 debater\u00e1 avan\u00e7o da Internet das Coisas no Brasil - CidadeMarketing\",\"isPartOf\":{\"@id\":\"https:\\\/\\\/www.cidademarketing.com.br\\\/marketing\\\/#website\"},\"primaryImageOfPage\":{\"@id\":\"https:\\\/\\\/www.cidademarketing.com.br\\\/marketing\\\/2021\\\/04\\\/05\\\/com-presenca-de-luiza-helena-trajano-iot-day-2021-debatera-avanco-da-internet-das-coisas-no-brasil\\\/#primaryimage\"},\"image\":{\"@id\":\"https:\\\/\\\/www.cidademarketing.com.br\\\/marketing\\\/2021\\\/04\\\/05\\\/com-presenca-de-luiza-helena-trajano-iot-day-2021-debatera-avanco-da-internet-das-coisas-no-brasil\\\/#primaryimage\"},\"thumbnailUrl\":\"https:\\\/\\\/www.cidademarketing.com.br\\\/marketing\\\/wp-content\\\/uploads\\\/2021\\\/04\\\/iot_day.jpg\",\"datePublished\":\"2021-04-06T01:15:57+00:00\",\"dateModified\":\"2021-04-06T01:16:00+00:00\",\"breadcrumb\":{\"@id\":\"https:\\\/\\\/www.cidademarketing.com.br\\\/marketing\\\/2021\\\/04\\\/05\\\/com-presenca-de-luiza-helena-trajano-iot-day-2021-debatera-avanco-da-internet-das-coisas-no-brasil\\\/#breadcrumb\"},\"inLanguage\":\"pt-BR\",\"potentialAction\":[{\"@type\":\"ReadAction\",\"target\":[\"https:\\\/\\\/www.cidademarketing.com.br\\\/marketing\\\/2021\\\/04\\\/05\\\/com-presenca-de-luiza-helena-trajano-iot-day-2021-debatera-avanco-da-internet-das-coisas-no-brasil\\\/\"]}]},{\"@type\":\"ImageObject\",\"inLanguage\":\"pt-BR\",\"@id\":\"https:\\\/\\\/www.cidademarketing.com.br\\\/marketing\\\/2021\\\/04\\\/05\\\/com-presenca-de-luiza-helena-trajano-iot-day-2021-debatera-avanco-da-internet-das-coisas-no-brasil\\\/#primaryimage\",\"url\":\"https:\\\/\\\/www.cidademarketing.com.br\\\/marketing\\\/wp-content\\\/uploads\\\/2021\\\/04\\\/iot_day.jpg\",\"contentUrl\":\"https:\\\/\\\/www.cidademarketing.com.br\\\/marketing\\\/wp-content\\\/uploads\\\/2021\\\/04\\\/iot_day.jpg\",\"width\":450,\"height\":176},{\"@type\":\"BreadcrumbList\",\"@id\":\"https:\\\/\\\/www.cidademarketing.com.br\\\/marketing\\\/2021\\\/04\\\/05\\\/com-presenca-de-luiza-helena-trajano-iot-day-2021-debatera-avanco-da-internet-das-coisas-no-brasil\\\/#breadcrumb\",\"itemListElement\":[{\"@type\":\"ListItem\",\"position\":1,\"name\":\"In\u00edcio\",\"item\":\"https:\\\/\\\/www.cidademarketing.com.br\\\/marketing\\\/\"},{\"@type\":\"ListItem\",\"position\":2,\"name\":\"Com presen\u00e7a de Luiza Helena Trajano, IoT Day 2021 debater\u00e1 avan\u00e7o da Internet das Coisas no Brasil\"}]},{\"@type\":\"WebSite\",\"@id\":\"https:\\\/\\\/www.cidademarketing.com.br\\\/marketing\\\/#website\",\"url\":\"https:\\\/\\\/www.cidademarketing.com.br\\\/marketing\\\/\",\"name\":\"CidadeMarketing\",\"description\":\"Somos um ve\u00edculo de comunica\u00e7\u00e3o de destaque no Brasil, reconhecido por conte\u00fados nos segmentos de marketing, empreendedorismo e inova\u00e7\u00e3o.\",\"publisher\":{\"@id\":\"https:\\\/\\\/www.cidademarketing.com.br\\\/marketing\\\/#organization\"},\"alternateName\":\"CidadeMarketing\",\"potentialAction\":[{\"@type\":\"SearchAction\",\"target\":{\"@type\":\"EntryPoint\",\"urlTemplate\":\"https:\\\/\\\/www.cidademarketing.com.br\\\/marketing\\\/?s={search_term_string}\"},\"query-input\":{\"@type\":\"PropertyValueSpecification\",\"valueRequired\":true,\"valueName\":\"search_term_string\"}}],\"inLanguage\":\"pt-BR\"},{\"@type\":\"Organization\",\"@id\":\"https:\\\/\\\/www.cidademarketing.com.br\\\/marketing\\\/#organization\",\"name\":\"CidadeMarketing\",\"alternateName\":\"CidadeMarketing\",\"url\":\"https:\\\/\\\/www.cidademarketing.com.br\\\/marketing\\\/\",\"logo\":{\"@type\":\"ImageObject\",\"inLanguage\":\"pt-BR\",\"@id\":\"https:\\\/\\\/www.cidademarketing.com.br\\\/marketing\\\/#\\\/schema\\\/logo\\\/image\\\/\",\"url\":\"https:\\\/\\\/www.cidademarketing.com.br\\\/marketing\\\/wp-content\\\/uploads\\\/2020\\\/01\\\/cidademarketing_marca_mobile.png\",\"contentUrl\":\"https:\\\/\\\/www.cidademarketing.com.br\\\/marketing\\\/wp-content\\\/uploads\\\/2020\\\/01\\\/cidademarketing_marca_mobile.png\",\"width\":230,\"height\":92,\"caption\":\"CidadeMarketing\"},\"image\":{\"@id\":\"https:\\\/\\\/www.cidademarketing.com.br\\\/marketing\\\/#\\\/schema\\\/logo\\\/image\\\/\"},\"sameAs\":[\"https:\\\/\\\/www.facebook.com\\\/portalcidademarketing\",\"https:\\\/\\\/x.com\\\/CidadeMarketing\",\"https:\\\/\\\/www.instagram.com\\\/cidademarketing\\\/\"]},{\"@type\":\"Person\",\"@id\":\"https:\\\/\\\/www.cidademarketing.com.br\\\/marketing\\\/#\\\/schema\\\/person\\\/02daff9f18bd9378c9e01eb6b2db155f\",\"name\":\"Thales Brand\u00e3o\",\"image\":{\"@type\":\"ImageObject\",\"inLanguage\":\"pt-BR\",\"@id\":\"https:\\\/\\\/secure.gravatar.com\\\/avatar\\\/7ca3206950207cc3cb48feec56a8a7898741ab725c368d99d5d7a5a50aab80c6?s=96&d=mm&r=g\",\"url\":\"https:\\\/\\\/secure.gravatar.com\\\/avatar\\\/7ca3206950207cc3cb48feec56a8a7898741ab725c368d99d5d7a5a50aab80c6?s=96&d=mm&r=g\",\"contentUrl\":\"https:\\\/\\\/secure.gravatar.com\\\/avatar\\\/7ca3206950207cc3cb48feec56a8a7898741ab725c368d99d5d7a5a50aab80c6?s=96&d=mm&r=g\",\"caption\":\"Thales Brand\u00e3o\"},\"description\":\"Editor Executivo do Portal CidadeMarketing.com.br &gt; Mestre em Comunica\u00e7\u00e3o e Sociedade pela Universidade Federal de Sergipe. Possui MBA Executivo em Administra\u00e7\u00e3o com \u00eanfase em Marketing pela Funda\u00e7\u00e3o Get\u00falio Vargas - Rio de Janeiro. Consultor, Palestrante e Pesquisador sobre Empreendedorismo, Marketing, Redes Sociais e Neg\u00f3cios Digitais. Professor, Palestrante TedxTalks e Campus Party. Twitter: @ThalesBrandao\",\"sameAs\":[\"http:\\\/\\\/www.mandacaru.com.br\",\"https:\\\/\\\/www.facebook.com\\\/thalesbrandao\",\"http:\\\/\\\/www.instagram.com.br\\\/thalesbrandaoferreira\",\"https:\\\/\\\/www.linkedin.com\\\/in\\\/thales-brand\u00e3o-3948609\\\/\",\"https:\\\/\\\/x.com\\\/http:\\\/\\\/www.twitter.com\\\/thalesbrandao\"],\"url\":\"https:\\\/\\\/www.cidademarketing.com.br\\\/marketing\\\/author\\\/thalesbrandao\\\/\"}]}<\/script>\n<!-- \/ Yoast SEO plugin. -->","yoast_head_json":{"title":"Com presen\u00e7a de Luiza Helena Trajano, IoT Day 2021 debater\u00e1 avan\u00e7o da Internet das Coisas no Brasil - CidadeMarketing","robots":{"index":"index","follow":"follow","max-snippet":"max-snippet:-1","max-image-preview":"max-image-preview:large","max-video-preview":"max-video-preview:-1"},"canonical":"https:\/\/www.cidademarketing.com.br\/marketing\/2021\/04\/05\/com-presenca-de-luiza-helena-trajano-iot-day-2021-debatera-avanco-da-internet-das-coisas-no-brasil\/","og_locale":"pt_BR","og_type":"article","og_title":"Com presen\u00e7a de Luiza Helena Trajano, IoT Day 2021 debater\u00e1 avan\u00e7o da Internet das Coisas no Brasil - CidadeMarketing","og_description":"Com o objetivo de situar e debater o desenvolvimento da Internet das Coisas no Brasil, acontece nesta sexta-feira (9) mais uma edi\u00e7\u00e3o do IoT Day. Organizado pela ABINC &#8211; Associa\u00e7\u00e3o Brasileira de Internet Das Coisas &#8211; a edi\u00e7\u00e3o de 2021 contar\u00e1 com a presen\u00e7a de Luiza Helena Trajano, presidente do conselho do Magazine Luiza e [&hellip;]","og_url":"https:\/\/www.cidademarketing.com.br\/marketing\/2021\/04\/05\/com-presenca-de-luiza-helena-trajano-iot-day-2021-debatera-avanco-da-internet-das-coisas-no-brasil\/","og_site_name":"CidadeMarketing","article_publisher":"https:\/\/www.facebook.com\/portalcidademarketing","article_author":"https:\/\/www.facebook.com\/thalesbrandao","article_published_time":"2021-04-06T01:15:57+00:00","article_modified_time":"2021-04-06T01:16:00+00:00","og_image":[{"width":450,"height":176,"url":"https:\/\/www.cidademarketing.com.br\/marketing\/wp-content\/uploads\/2021\/04\/iot_day.jpg","type":"image\/jpeg"}],"author":"Thales Brand\u00e3o","twitter_card":"summary_large_image","twitter_creator":"@http:\/\/www.twitter.com\/thalesbrandao","twitter_site":"@CidadeMarketing","twitter_misc":{"Escrito por":"Thales Brand\u00e3o","Est. tempo de leitura":"3 minutos"},"schema":{"@context":"https:\/\/schema.org","@graph":[{"@type":"Article","@id":"https:\/\/www.cidademarketing.com.br\/marketing\/2021\/04\/05\/com-presenca-de-luiza-helena-trajano-iot-day-2021-debatera-avanco-da-internet-das-coisas-no-brasil\/#article","isPartOf":{"@id":"https:\/\/www.cidademarketing.com.br\/marketing\/2021\/04\/05\/com-presenca-de-luiza-helena-trajano-iot-day-2021-debatera-avanco-da-internet-das-coisas-no-brasil\/"},"author":{"name":"Thales Brand\u00e3o","@id":"https:\/\/www.cidademarketing.com.br\/marketing\/#\/schema\/person\/02daff9f18bd9378c9e01eb6b2db155f"},"headline":"Com presen\u00e7a de Luiza Helena Trajano, IoT Day 2021 debater\u00e1 avan\u00e7o da Internet das Coisas no Brasil","datePublished":"2021-04-06T01:15:57+00:00","dateModified":"2021-04-06T01:16:00+00:00","mainEntityOfPage":{"@id":"https:\/\/www.cidademarketing.com.br\/marketing\/2021\/04\/05\/com-presenca-de-luiza-helena-trajano-iot-day-2021-debatera-avanco-da-internet-das-coisas-no-brasil\/"},"wordCount":612,"commentCount":0,"publisher":{"@id":"https:\/\/www.cidademarketing.com.br\/marketing\/#organization"},"image":{"@id":"https:\/\/www.cidademarketing.com.br\/marketing\/2021\/04\/05\/com-presenca-de-luiza-helena-trajano-iot-day-2021-debatera-avanco-da-internet-das-coisas-no-brasil\/#primaryimage"},"thumbnailUrl":"https:\/\/www.cidademarketing.com.br\/marketing\/wp-content\/uploads\/2021\/04\/iot_day.jpg","keywords":["evento","IoT","marketing","tecnologia"],"articleSection":["Eventos"],"inLanguage":"pt-BR","potentialAction":[{"@type":"CommentAction","name":"Comment","target":["https:\/\/www.cidademarketing.com.br\/marketing\/2021\/04\/05\/com-presenca-de-luiza-helena-trajano-iot-day-2021-debatera-avanco-da-internet-das-coisas-no-brasil\/#respond"]}]},{"@type":"WebPage","@id":"https:\/\/www.cidademarketing.com.br\/marketing\/2021\/04\/05\/com-presenca-de-luiza-helena-trajano-iot-day-2021-debatera-avanco-da-internet-das-coisas-no-brasil\/","url":"https:\/\/www.cidademarketing.com.br\/marketing\/2021\/04\/05\/com-presenca-de-luiza-helena-trajano-iot-day-2021-debatera-avanco-da-internet-das-coisas-no-brasil\/","name":"Com presen\u00e7a de Luiza Helena Trajano, IoT Day 2021 debater\u00e1 avan\u00e7o da Internet das Coisas no Brasil - CidadeMarketing","isPartOf":{"@id":"https:\/\/www.cidademarketing.com.br\/marketing\/#website"},"primaryImageOfPage":{"@id":"https:\/\/www.cidademarketing.com.br\/marketing\/2021\/04\/05\/com-presenca-de-luiza-helena-trajano-iot-day-2021-debatera-avanco-da-internet-das-coisas-no-brasil\/#primaryimage"},"image":{"@id":"https:\/\/www.cidademarketing.com.br\/marketing\/2021\/04\/05\/com-presenca-de-luiza-helena-trajano-iot-day-2021-debatera-avanco-da-internet-das-coisas-no-brasil\/#primaryimage"},"thumbnailUrl":"https:\/\/www.cidademarketing.com.br\/marketing\/wp-content\/uploads\/2021\/04\/iot_day.jpg","datePublished":"2021-04-06T01:15:57+00:00","dateModified":"2021-04-06T01:16:00+00:00","breadcrumb":{"@id":"https:\/\/www.cidademarketing.com.br\/marketing\/2021\/04\/05\/com-presenca-de-luiza-helena-trajano-iot-day-2021-debatera-avanco-da-internet-das-coisas-no-brasil\/#breadcrumb"},"inLanguage":"pt-BR","potentialAction":[{"@type":"ReadAction","target":["https:\/\/www.cidademarketing.com.br\/marketing\/2021\/04\/05\/com-presenca-de-luiza-helena-trajano-iot-day-2021-debatera-avanco-da-internet-das-coisas-no-brasil\/"]}]},{"@type":"ImageObject","inLanguage":"pt-BR","@id":"https:\/\/www.cidademarketing.com.br\/marketing\/2021\/04\/05\/com-presenca-de-luiza-helena-trajano-iot-day-2021-debatera-avanco-da-internet-das-coisas-no-brasil\/#primaryimage","url":"https:\/\/www.cidademarketing.com.br\/marketing\/wp-content\/uploads\/2021\/04\/iot_day.jpg","contentUrl":"https:\/\/www.cidademarketing.com.br\/marketing\/wp-content\/uploads\/2021\/04\/iot_day.jpg","width":450,"height":176},{"@type":"BreadcrumbList","@id":"https:\/\/www.cidademarketing.com.br\/marketing\/2021\/04\/05\/com-presenca-de-luiza-helena-trajano-iot-day-2021-debatera-avanco-da-internet-das-coisas-no-brasil\/#breadcrumb","itemListElement":[{"@type":"ListItem","position":1,"name":"In\u00edcio","item":"https:\/\/www.cidademarketing.com.br\/marketing\/"},{"@type":"ListItem","position":2,"name":"Com presen\u00e7a de Luiza Helena Trajano, IoT Day 2021 debater\u00e1 avan\u00e7o da Internet das Coisas no Brasil"}]},{"@type":"WebSite","@id":"https:\/\/www.cidademarketing.com.br\/marketing\/#website","url":"https:\/\/www.cidademarketing.com.br\/marketing\/","name":"CidadeMarketing","description":"Somos um ve\u00edculo de comunica\u00e7\u00e3o de destaque no Brasil, reconhecido por conte\u00fados nos segmentos de marketing, empreendedorismo e inova\u00e7\u00e3o.","publisher":{"@id":"https:\/\/www.cidademarketing.com.br\/marketing\/#organization"},"alternateName":"CidadeMarketing","potentialAction":[{"@type":"SearchAction","target":{"@type":"EntryPoint","urlTemplate":"https:\/\/www.cidademarketing.com.br\/marketing\/?s={search_term_string}"},"query-input":{"@type":"PropertyValueSpecification","valueRequired":true,"valueName":"search_term_string"}}],"inLanguage":"pt-BR"},{"@type":"Organization","@id":"https:\/\/www.cidademarketing.com.br\/marketing\/#organization","name":"CidadeMarketing","alternateName":"CidadeMarketing","url":"https:\/\/www.cidademarketing.com.br\/marketing\/","logo":{"@type":"ImageObject","inLanguage":"pt-BR","@id":"https:\/\/www.cidademarketing.com.br\/marketing\/#\/schema\/logo\/image\/","url":"https:\/\/www.cidademarketing.com.br\/marketing\/wp-content\/uploads\/2020\/01\/cidademarketing_marca_mobile.png","contentUrl":"https:\/\/www.cidademarketing.com.br\/marketing\/wp-content\/uploads\/2020\/01\/cidademarketing_marca_mobile.png","width":230,"height":92,"caption":"CidadeMarketing"},"image":{"@id":"https:\/\/www.cidademarketing.com.br\/marketing\/#\/schema\/logo\/image\/"},"sameAs":["https:\/\/www.facebook.com\/portalcidademarketing","https:\/\/x.com\/CidadeMarketing","https:\/\/www.instagram.com\/cidademarketing\/"]},{"@type":"Person","@id":"https:\/\/www.cidademarketing.com.br\/marketing\/#\/schema\/person\/02daff9f18bd9378c9e01eb6b2db155f","name":"Thales Brand\u00e3o","image":{"@type":"ImageObject","inLanguage":"pt-BR","@id":"https:\/\/secure.gravatar.com\/avatar\/7ca3206950207cc3cb48feec56a8a7898741ab725c368d99d5d7a5a50aab80c6?s=96&d=mm&r=g","url":"https:\/\/secure.gravatar.com\/avatar\/7ca3206950207cc3cb48feec56a8a7898741ab725c368d99d5d7a5a50aab80c6?s=96&d=mm&r=g","contentUrl":"https:\/\/secure.gravatar.com\/avatar\/7ca3206950207cc3cb48feec56a8a7898741ab725c368d99d5d7a5a50aab80c6?s=96&d=mm&r=g","caption":"Thales Brand\u00e3o"},"description":"Editor Executivo do Portal CidadeMarketing.com.br &gt; Mestre em Comunica\u00e7\u00e3o e Sociedade pela Universidade Federal de Sergipe. Possui MBA Executivo em Administra\u00e7\u00e3o com \u00eanfase em Marketing pela Funda\u00e7\u00e3o Get\u00falio Vargas - Rio de Janeiro. Consultor, Palestrante e Pesquisador sobre Empreendedorismo, Marketing, Redes Sociais e Neg\u00f3cios Digitais. Professor, Palestrante TedxTalks e Campus Party. Twitter: @ThalesBrandao","sameAs":["http:\/\/www.mandacaru.com.br","https:\/\/www.facebook.com\/thalesbrandao","http:\/\/www.instagram.com.br\/thalesbrandaoferreira","https:\/\/www.linkedin.com\/in\/thales-brand\u00e3o-3948609\/","https:\/\/x.com\/http:\/\/www.twitter.com\/thalesbrandao"],"url":"https:\/\/www.cidademarketing.com.br\/marketing\/author\/thalesbrandao\/"}]}},"amp_enabled":true,"_links":{"self":[{"href":"https:\/\/www.cidademarketing.com.br\/marketing\/wp-json\/wp\/v2\/posts\/23028","targetHints":{"allow":["GET"]}}],"collection":[{"href":"https:\/\/www.cidademarketing.com.br\/marketing\/wp-json\/wp\/v2\/posts"}],"about":[{"href":"https:\/\/www.cidademarketing.com.br\/marketing\/wp-json\/wp\/v2\/types\/post"}],"author":[{"embeddable":true,"href":"https:\/\/www.cidademarketing.com.br\/marketing\/wp-json\/wp\/v2\/users\/1"}],"replies":[{"embeddable":true,"href":"https:\/\/www.cidademarketing.com.br\/marketing\/wp-json\/wp\/v2\/comments?post=23028"}],"version-history":[{"count":1,"href":"https:\/\/www.cidademarketing.com.br\/marketing\/wp-json\/wp\/v2\/posts\/23028\/revisions"}],"predecessor-version":[{"id":23030,"href":"https:\/\/www.cidademarketing.com.br\/marketing\/wp-json\/wp\/v2\/posts\/23028\/revisions\/23030"}],"wp:featuredmedia":[{"embeddable":true,"href":"https:\/\/www.cidademarketing.com.br\/marketing\/wp-json\/wp\/v2\/media\/23029"}],"wp:attachment":[{"href":"https:\/\/www.cidademarketing.com.br\/marketing\/wp-json\/wp\/v2\/media?parent=23028"}],"wp:term":[{"taxonomy":"category","embeddable":true,"href":"https:\/\/www.cidademarketing.com.br\/marketing\/wp-json\/wp\/v2\/categories?post=23028"},{"taxonomy":"post_tag","embeddable":true,"href":"https:\/\/www.cidademarketing.com.br\/marketing\/wp-json\/wp\/v2\/tags?post=23028"}],"curies":[{"name":"wp","href":"https:\/\/api.w.org\/{rel}","templated":true}]}}