{"id":23022,"date":"2021-04-05T14:56:17","date_gmt":"2021-04-05T17:56:17","guid":{"rendered":"https:\/\/www.cidademarketing.com.br\/marketing\/?p=23022"},"modified":"2021-04-05T14:56:20","modified_gmt":"2021-04-05T17:56:20","slug":"mpse-requer-suspensao-imediata-do-funcionamento-de-academias-bares-restaurantes-lanchonetes-e-saloes-de-beleza-em-aracaju","status":"publish","type":"post","link":"https:\/\/www.cidademarketing.com.br\/marketing\/2021\/04\/05\/mpse-requer-suspensao-imediata-do-funcionamento-de-academias-bares-restaurantes-lanchonetes-e-saloes-de-beleza-em-aracaju\/","title":{"rendered":"MPSE requer suspens\u00e3o imediata do funcionamento de academias, bares, restaurantes, lanchonetes e sal\u00f5es de beleza em Aracaju"},"content":{"rendered":"\n<p>O Minist\u00e9rio P\u00fablico de Sergipe, atrav\u00e9s das Promotorias de Justi\u00e7a de Defesa do Consumidor e das 2\u00aa e 9\u00aa especializadas na Sa\u00fade, ajuizou A\u00e7\u00e3o Civil P\u00fablica para que seja suspenso, no Munic\u00edpio de Aracaju, o funcionamento de academias, bares, restaurantes, lanchonetes, sal\u00f5es de beleza e ambientes de sociabiliza\u00e7\u00e3o que importem no n\u00e3o uso de m\u00e1scaras de prote\u00e7\u00e3o. O funcionamento de bares, restaurantes e similares dever\u00e1 ser apenas na modalidade&nbsp;<em>delivery<\/em>.<\/p>\n\n\n\n<p>Tais medidas dever\u00e3o ser adotadas at\u00e9 que seja apresentado pela municipalidade, no prazo de 10 dias, estudo t\u00e9cnico devidamente embasado em evid\u00eancias cient\u00edficas e em an\u00e1lise sobre as informa\u00e7\u00f5es estrat\u00e9gicas em sa\u00fade e vigil\u00e2ncia sanit\u00e1ria. O Munic\u00edpio de Aracaju ter\u00e1 que comprovar que possui estrutura dos servi\u00e7os de aten\u00e7\u00e3o \u00e0 sa\u00fade da popula\u00e7\u00e3o para atender a demanda da Covid-19, bem como o suprimento de equipamentos (leitos, EPIs e testes laboratoriais) e, ainda, equipes de sa\u00fade para assist\u00eancia, em quantitativo suficiente e estabilidade na rede privada e p\u00fablica de assist\u00eancia, considerando especialmente a taxa de ocupa\u00e7\u00e3o atual dos leitos privados e p\u00fablicos. Os Promotores de Justi\u00e7a frisaram na ACP que Aracaju comanda aproximadamente 90% das interna\u00e7\u00f5es da rede privada e, por isso, medidas mais restritivas dever\u00e3o ser adotadas pela municipalidade.<\/p>\n\n\n\n<p>Ainda de acordo com a A\u00e7\u00e3o, caso o estudo t\u00e9cnico indique a oportunidade de maior flexibiliza\u00e7\u00e3o, inclusive com o funcionamento dos servi\u00e7os suspensos, seja determinado ao Munic\u00edpio de Aracaju a apresenta\u00e7\u00e3o de plano de retomada das atividades e de transpar\u00eancia em rela\u00e7\u00e3o ao enfrentamento da pandemia, atrelado \u00e0 taxa de ocupa\u00e7\u00e3o de leitos hospitalares das redes p\u00fablica e privada.<\/p>\n\n\n\n<p>O Minist\u00e9rio P\u00fablico requereu, tamb\u00e9m, que o Munic\u00edpio de Aracaju fiscalize o cumprimento das medidas indicadas nos Decretos e nas determina\u00e7\u00f5es judiciais e apresente, nos autos, quinzenalmente, relat\u00f3rio nominando os estabelecimentos autuados e as provid\u00eancias adotadas.<\/p>\n\n\n\n<p>\u201cO Munic\u00edpio tem ratificado os Decretos Estaduais, acatando as mesmas regras para a capital, de forma gen\u00e9rica, como se a situa\u00e7\u00e3o da capital fosse igual \u00e0 das demais cidades do interior do Estado. Aracaju possui atrativos diversos, como shoppings, centro comercial com lojas variadas, parques e grande extens\u00e3o de orla, al\u00e9m do grave problema dos transportes p\u00fablicos, que constitui um importante foco de propaga\u00e7\u00e3o do v\u00edrus, e tem sido alvo de repetidas den\u00fancias da popula\u00e7\u00e3o nos \u00f3rg\u00e3os de imprensa. O MPSE teve que adotar a medida judicial porque uma parte da popula\u00e7\u00e3o, infelizmente, n\u00e3o tem colaborado e os n\u00fameros n\u00e3o param de subir. A responsabilidade \u00e9 de todos\u201d, explicaram os Promotores de Justi\u00e7a.<\/p>\n\n\n\n<p><strong>Recomenda\u00e7\u00e3o<\/strong><\/p>\n\n\n\n<p>Na ACP foi ressaltado que os Minist\u00e9rios P\u00fablicos de Sergipe (MPSE), Federal (MPF\/SE) e do Trabalho (MPT), diante do agravamento da situa\u00e7\u00e3o de prolifera\u00e7\u00e3o do v\u00edrus e da alta taxa de ocupa\u00e7\u00e3o de leitos p\u00fablicos e privados, apresentaram, em 15 de mar\u00e7o,\u00a0<strong><a href=\"https:\/\/www.mpse.mp.br\/index.php\/2021\/03\/15\/ministerios-publicos-recomendam-que-municipio-de-aracaju-amplie-com-urgencia-o-grau-de-restricao-das-medidas-atualmente-implementadas\/\" target=\"_blank\" rel=\"noreferrer noopener\">recomenda\u00e7\u00e3o ao Munic\u00edpio de Aracaju<\/a><\/strong>\u00a0para que adotasse medidas mais restritivas. Mesmo diante da recomenda\u00e7\u00e3o, a municipalidade editou o Decreto 6.403\/21, acompanhando as mesmas restri\u00e7\u00f5es apontadas pelo Estado, apenas determinando a suspens\u00e3o do funcionamento dos servi\u00e7os n\u00e3o essenciais no feriado municipal de 17 de Mar\u00e7o (Anivers\u00e1rio de Aracaju), n\u00e3o considerando nenhuma das hip\u00f3teses apresentadas na recomenda\u00e7\u00e3o dos Minist\u00e9rios P\u00fablicos. Por essa raz\u00e3o o MPSE judicializou a quest\u00e3o.<\/p>\n\n\n\n<p><strong>Clique abaixo e confira a \u00edntegra<\/strong><\/p>\n\n\n\n<p><strong><a rel=\"noreferrer noopener\" href=\"https:\/\/www.mpse.mp.br\/wp-content\/uploads\/2021\/04\/Acao-Civil-Publica-Covid-19-Restricoes-Aracaju.pdf\" target=\"_blank\">A\u00e7\u00e3o Civil P\u00fablica \u2013 Covid-19 \u2013 Restri\u00e7\u00f5es Aracaju<\/a><\/strong><\/p>\n\n\n\n<p>CidadeMarketing com informa\u00e7\u00f5es do MPSE.<\/p>\n","protected":false},"excerpt":{"rendered":"<p>O Minist\u00e9rio P\u00fablico de Sergipe, atrav\u00e9s das Promotorias de Justi\u00e7a de Defesa do Consumidor e das 2\u00aa e 9\u00aa especializadas na Sa\u00fade, ajuizou A\u00e7\u00e3o Civil P\u00fablica para que seja suspenso, no Munic\u00edpio de Aracaju, o funcionamento de academias, bares, restaurantes, lanchonetes, sal\u00f5es de beleza e ambientes de sociabiliza\u00e7\u00e3o que importem no n\u00e3o uso de m\u00e1scaras [&hellip;]<\/p>\n","protected":false},"author":1,"featured_media":16946,"comment_status":"open","ping_status":"open","sticky":false,"template":"","format":"standard","meta":{"tdm_status":"","tdm_grid_status":"","footnotes":""},"categories":[6],"tags":[3782,2737,28,3639],"class_list":["post-23022","post","type-post","status-publish","format-standard","has-post-thumbnail","hentry","category-noticias","tag-aracaju","tag-coronavirus","tag-marketing","tag-mpse"],"yoast_head":"<!-- This site is optimized with the Yoast SEO plugin v27.5 - https:\/\/yoast.com\/product\/yoast-seo-wordpress\/ -->\n<title>MPSE requer suspens\u00e3o imediata do funcionamento de academias, bares, restaurantes, lanchonetes e sal\u00f5es de beleza em Aracaju - CidadeMarketing<\/title>\n<meta name=\"robots\" content=\"index, follow, max-snippet:-1, max-image-preview:large, max-video-preview:-1\" \/>\n<link rel=\"canonical\" href=\"https:\/\/www.cidademarketing.com.br\/marketing\/2021\/04\/05\/mpse-requer-suspensao-imediata-do-funcionamento-de-academias-bares-restaurantes-lanchonetes-e-saloes-de-beleza-em-aracaju\/\" \/>\n<meta property=\"og:locale\" content=\"pt_BR\" \/>\n<meta property=\"og:type\" content=\"article\" \/>\n<meta property=\"og:title\" content=\"MPSE requer suspens\u00e3o imediata do funcionamento de academias, bares, restaurantes, lanchonetes e sal\u00f5es de beleza em Aracaju - CidadeMarketing\" \/>\n<meta property=\"og:description\" content=\"O Minist\u00e9rio P\u00fablico de Sergipe, atrav\u00e9s das Promotorias de Justi\u00e7a de Defesa do Consumidor e das 2\u00aa e 9\u00aa especializadas na Sa\u00fade, ajuizou A\u00e7\u00e3o Civil P\u00fablica para que seja suspenso, no Munic\u00edpio de Aracaju, o funcionamento de academias, bares, restaurantes, lanchonetes, sal\u00f5es de beleza e ambientes de sociabiliza\u00e7\u00e3o que importem no n\u00e3o uso de m\u00e1scaras [&hellip;]\" \/>\n<meta property=\"og:url\" content=\"https:\/\/www.cidademarketing.com.br\/marketing\/2021\/04\/05\/mpse-requer-suspensao-imediata-do-funcionamento-de-academias-bares-restaurantes-lanchonetes-e-saloes-de-beleza-em-aracaju\/\" \/>\n<meta property=\"og:site_name\" content=\"CidadeMarketing\" \/>\n<meta property=\"article:publisher\" content=\"https:\/\/www.facebook.com\/portalcidademarketing\" \/>\n<meta property=\"article:author\" content=\"https:\/\/www.facebook.com\/thalesbrandao\" \/>\n<meta property=\"article:published_time\" content=\"2021-04-05T17:56:17+00:00\" \/>\n<meta property=\"article:modified_time\" content=\"2021-04-05T17:56:20+00:00\" \/>\n<meta property=\"og:image\" content=\"https:\/\/www.cidademarketing.com.br\/marketing\/wp-content\/uploads\/2020\/07\/aracaju.jpg\" \/>\n\t<meta property=\"og:image:width\" content=\"2000\" \/>\n\t<meta property=\"og:image:height\" content=\"1333\" \/>\n\t<meta property=\"og:image:type\" content=\"image\/jpeg\" \/>\n<meta name=\"author\" content=\"Thales Brand\u00e3o\" \/>\n<meta name=\"twitter:card\" content=\"summary_large_image\" \/>\n<meta name=\"twitter:creator\" content=\"@http:\/\/www.twitter.com\/thalesbrandao\" \/>\n<meta name=\"twitter:site\" content=\"@CidadeMarketing\" \/>\n<meta name=\"twitter:label1\" content=\"Escrito por\" \/>\n\t<meta name=\"twitter:data1\" content=\"Thales Brand\u00e3o\" \/>\n\t<meta name=\"twitter:label2\" content=\"Est. tempo de leitura\" \/>\n\t<meta name=\"twitter:data2\" content=\"3 minutos\" \/>\n<script type=\"application\/ld+json\" class=\"yoast-schema-graph\">{\"@context\":\"https:\\\/\\\/schema.org\",\"@graph\":[{\"@type\":\"Article\",\"@id\":\"https:\\\/\\\/www.cidademarketing.com.br\\\/marketing\\\/2021\\\/04\\\/05\\\/mpse-requer-suspensao-imediata-do-funcionamento-de-academias-bares-restaurantes-lanchonetes-e-saloes-de-beleza-em-aracaju\\\/#article\",\"isPartOf\":{\"@id\":\"https:\\\/\\\/www.cidademarketing.com.br\\\/marketing\\\/2021\\\/04\\\/05\\\/mpse-requer-suspensao-imediata-do-funcionamento-de-academias-bares-restaurantes-lanchonetes-e-saloes-de-beleza-em-aracaju\\\/\"},\"author\":{\"name\":\"Thales Brand\u00e3o\",\"@id\":\"https:\\\/\\\/www.cidademarketing.com.br\\\/marketing\\\/#\\\/schema\\\/person\\\/02daff9f18bd9378c9e01eb6b2db155f\"},\"headline\":\"MPSE requer suspens\u00e3o imediata do funcionamento de academias, bares, restaurantes, lanchonetes e sal\u00f5es de beleza em Aracaju\",\"datePublished\":\"2021-04-05T17:56:17+00:00\",\"dateModified\":\"2021-04-05T17:56:20+00:00\",\"mainEntityOfPage\":{\"@id\":\"https:\\\/\\\/www.cidademarketing.com.br\\\/marketing\\\/2021\\\/04\\\/05\\\/mpse-requer-suspensao-imediata-do-funcionamento-de-academias-bares-restaurantes-lanchonetes-e-saloes-de-beleza-em-aracaju\\\/\"},\"wordCount\":643,\"commentCount\":0,\"publisher\":{\"@id\":\"https:\\\/\\\/www.cidademarketing.com.br\\\/marketing\\\/#organization\"},\"image\":{\"@id\":\"https:\\\/\\\/www.cidademarketing.com.br\\\/marketing\\\/2021\\\/04\\\/05\\\/mpse-requer-suspensao-imediata-do-funcionamento-de-academias-bares-restaurantes-lanchonetes-e-saloes-de-beleza-em-aracaju\\\/#primaryimage\"},\"thumbnailUrl\":\"https:\\\/\\\/www.cidademarketing.com.br\\\/marketing\\\/wp-content\\\/uploads\\\/2020\\\/07\\\/aracaju.jpg\",\"keywords\":[\"Aracaju\",\"coronav\u00edrus\",\"marketing\",\"MPSE\"],\"articleSection\":[\"Not\u00edcias\"],\"inLanguage\":\"pt-BR\",\"potentialAction\":[{\"@type\":\"CommentAction\",\"name\":\"Comment\",\"target\":[\"https:\\\/\\\/www.cidademarketing.com.br\\\/marketing\\\/2021\\\/04\\\/05\\\/mpse-requer-suspensao-imediata-do-funcionamento-de-academias-bares-restaurantes-lanchonetes-e-saloes-de-beleza-em-aracaju\\\/#respond\"]}]},{\"@type\":\"WebPage\",\"@id\":\"https:\\\/\\\/www.cidademarketing.com.br\\\/marketing\\\/2021\\\/04\\\/05\\\/mpse-requer-suspensao-imediata-do-funcionamento-de-academias-bares-restaurantes-lanchonetes-e-saloes-de-beleza-em-aracaju\\\/\",\"url\":\"https:\\\/\\\/www.cidademarketing.com.br\\\/marketing\\\/2021\\\/04\\\/05\\\/mpse-requer-suspensao-imediata-do-funcionamento-de-academias-bares-restaurantes-lanchonetes-e-saloes-de-beleza-em-aracaju\\\/\",\"name\":\"MPSE requer suspens\u00e3o imediata do funcionamento de academias, bares, restaurantes, lanchonetes e sal\u00f5es de beleza em Aracaju - CidadeMarketing\",\"isPartOf\":{\"@id\":\"https:\\\/\\\/www.cidademarketing.com.br\\\/marketing\\\/#website\"},\"primaryImageOfPage\":{\"@id\":\"https:\\\/\\\/www.cidademarketing.com.br\\\/marketing\\\/2021\\\/04\\\/05\\\/mpse-requer-suspensao-imediata-do-funcionamento-de-academias-bares-restaurantes-lanchonetes-e-saloes-de-beleza-em-aracaju\\\/#primaryimage\"},\"image\":{\"@id\":\"https:\\\/\\\/www.cidademarketing.com.br\\\/marketing\\\/2021\\\/04\\\/05\\\/mpse-requer-suspensao-imediata-do-funcionamento-de-academias-bares-restaurantes-lanchonetes-e-saloes-de-beleza-em-aracaju\\\/#primaryimage\"},\"thumbnailUrl\":\"https:\\\/\\\/www.cidademarketing.com.br\\\/marketing\\\/wp-content\\\/uploads\\\/2020\\\/07\\\/aracaju.jpg\",\"datePublished\":\"2021-04-05T17:56:17+00:00\",\"dateModified\":\"2021-04-05T17:56:20+00:00\",\"breadcrumb\":{\"@id\":\"https:\\\/\\\/www.cidademarketing.com.br\\\/marketing\\\/2021\\\/04\\\/05\\\/mpse-requer-suspensao-imediata-do-funcionamento-de-academias-bares-restaurantes-lanchonetes-e-saloes-de-beleza-em-aracaju\\\/#breadcrumb\"},\"inLanguage\":\"pt-BR\",\"potentialAction\":[{\"@type\":\"ReadAction\",\"target\":[\"https:\\\/\\\/www.cidademarketing.com.br\\\/marketing\\\/2021\\\/04\\\/05\\\/mpse-requer-suspensao-imediata-do-funcionamento-de-academias-bares-restaurantes-lanchonetes-e-saloes-de-beleza-em-aracaju\\\/\"]}]},{\"@type\":\"ImageObject\",\"inLanguage\":\"pt-BR\",\"@id\":\"https:\\\/\\\/www.cidademarketing.com.br\\\/marketing\\\/2021\\\/04\\\/05\\\/mpse-requer-suspensao-imediata-do-funcionamento-de-academias-bares-restaurantes-lanchonetes-e-saloes-de-beleza-em-aracaju\\\/#primaryimage\",\"url\":\"https:\\\/\\\/www.cidademarketing.com.br\\\/marketing\\\/wp-content\\\/uploads\\\/2020\\\/07\\\/aracaju.jpg\",\"contentUrl\":\"https:\\\/\\\/www.cidademarketing.com.br\\\/marketing\\\/wp-content\\\/uploads\\\/2020\\\/07\\\/aracaju.jpg\",\"width\":2000,\"height\":1333,\"caption\":\"Ponte dos Parque dos Cajueiros em Aracaju\\\/SE. Foto: Thales Brand\u00e3o\"},{\"@type\":\"BreadcrumbList\",\"@id\":\"https:\\\/\\\/www.cidademarketing.com.br\\\/marketing\\\/2021\\\/04\\\/05\\\/mpse-requer-suspensao-imediata-do-funcionamento-de-academias-bares-restaurantes-lanchonetes-e-saloes-de-beleza-em-aracaju\\\/#breadcrumb\",\"itemListElement\":[{\"@type\":\"ListItem\",\"position\":1,\"name\":\"In\u00edcio\",\"item\":\"https:\\\/\\\/www.cidademarketing.com.br\\\/marketing\\\/\"},{\"@type\":\"ListItem\",\"position\":2,\"name\":\"MPSE requer suspens\u00e3o imediata do funcionamento de academias, bares, restaurantes, lanchonetes e sal\u00f5es de beleza em Aracaju\"}]},{\"@type\":\"WebSite\",\"@id\":\"https:\\\/\\\/www.cidademarketing.com.br\\\/marketing\\\/#website\",\"url\":\"https:\\\/\\\/www.cidademarketing.com.br\\\/marketing\\\/\",\"name\":\"CidadeMarketing\",\"description\":\"Somos um ve\u00edculo de comunica\u00e7\u00e3o de destaque no Brasil, reconhecido por conte\u00fados nos segmentos de marketing, empreendedorismo e inova\u00e7\u00e3o.\",\"publisher\":{\"@id\":\"https:\\\/\\\/www.cidademarketing.com.br\\\/marketing\\\/#organization\"},\"alternateName\":\"CidadeMarketing\",\"potentialAction\":[{\"@type\":\"SearchAction\",\"target\":{\"@type\":\"EntryPoint\",\"urlTemplate\":\"https:\\\/\\\/www.cidademarketing.com.br\\\/marketing\\\/?s={search_term_string}\"},\"query-input\":{\"@type\":\"PropertyValueSpecification\",\"valueRequired\":true,\"valueName\":\"search_term_string\"}}],\"inLanguage\":\"pt-BR\"},{\"@type\":\"Organization\",\"@id\":\"https:\\\/\\\/www.cidademarketing.com.br\\\/marketing\\\/#organization\",\"name\":\"CidadeMarketing\",\"alternateName\":\"CidadeMarketing\",\"url\":\"https:\\\/\\\/www.cidademarketing.com.br\\\/marketing\\\/\",\"logo\":{\"@type\":\"ImageObject\",\"inLanguage\":\"pt-BR\",\"@id\":\"https:\\\/\\\/www.cidademarketing.com.br\\\/marketing\\\/#\\\/schema\\\/logo\\\/image\\\/\",\"url\":\"https:\\\/\\\/www.cidademarketing.com.br\\\/marketing\\\/wp-content\\\/uploads\\\/2020\\\/01\\\/cidademarketing_marca_mobile.png\",\"contentUrl\":\"https:\\\/\\\/www.cidademarketing.com.br\\\/marketing\\\/wp-content\\\/uploads\\\/2020\\\/01\\\/cidademarketing_marca_mobile.png\",\"width\":230,\"height\":92,\"caption\":\"CidadeMarketing\"},\"image\":{\"@id\":\"https:\\\/\\\/www.cidademarketing.com.br\\\/marketing\\\/#\\\/schema\\\/logo\\\/image\\\/\"},\"sameAs\":[\"https:\\\/\\\/www.facebook.com\\\/portalcidademarketing\",\"https:\\\/\\\/x.com\\\/CidadeMarketing\",\"https:\\\/\\\/www.instagram.com\\\/cidademarketing\\\/\"]},{\"@type\":\"Person\",\"@id\":\"https:\\\/\\\/www.cidademarketing.com.br\\\/marketing\\\/#\\\/schema\\\/person\\\/02daff9f18bd9378c9e01eb6b2db155f\",\"name\":\"Thales Brand\u00e3o\",\"image\":{\"@type\":\"ImageObject\",\"inLanguage\":\"pt-BR\",\"@id\":\"https:\\\/\\\/secure.gravatar.com\\\/avatar\\\/7ca3206950207cc3cb48feec56a8a7898741ab725c368d99d5d7a5a50aab80c6?s=96&d=mm&r=g\",\"url\":\"https:\\\/\\\/secure.gravatar.com\\\/avatar\\\/7ca3206950207cc3cb48feec56a8a7898741ab725c368d99d5d7a5a50aab80c6?s=96&d=mm&r=g\",\"contentUrl\":\"https:\\\/\\\/secure.gravatar.com\\\/avatar\\\/7ca3206950207cc3cb48feec56a8a7898741ab725c368d99d5d7a5a50aab80c6?s=96&d=mm&r=g\",\"caption\":\"Thales Brand\u00e3o\"},\"description\":\"Editor Executivo do Portal CidadeMarketing.com.br &gt; Mestre em Comunica\u00e7\u00e3o e Sociedade pela Universidade Federal de Sergipe. Possui MBA Executivo em Administra\u00e7\u00e3o com \u00eanfase em Marketing pela Funda\u00e7\u00e3o Get\u00falio Vargas - Rio de Janeiro. Consultor, Palestrante e Pesquisador sobre Empreendedorismo, Marketing, Redes Sociais e Neg\u00f3cios Digitais. Professor, Palestrante TedxTalks e Campus Party. Twitter: @ThalesBrandao\",\"sameAs\":[\"http:\\\/\\\/www.mandacaru.com.br\",\"https:\\\/\\\/www.facebook.com\\\/thalesbrandao\",\"http:\\\/\\\/www.instagram.com.br\\\/thalesbrandaoferreira\",\"https:\\\/\\\/www.linkedin.com\\\/in\\\/thales-brand\u00e3o-3948609\\\/\",\"https:\\\/\\\/x.com\\\/http:\\\/\\\/www.twitter.com\\\/thalesbrandao\"],\"url\":\"https:\\\/\\\/www.cidademarketing.com.br\\\/marketing\\\/author\\\/thalesbrandao\\\/\"}]}<\/script>\n<!-- \/ Yoast SEO plugin. -->","yoast_head_json":{"title":"MPSE requer suspens\u00e3o imediata do funcionamento de academias, bares, restaurantes, lanchonetes e sal\u00f5es de beleza em Aracaju - CidadeMarketing","robots":{"index":"index","follow":"follow","max-snippet":"max-snippet:-1","max-image-preview":"max-image-preview:large","max-video-preview":"max-video-preview:-1"},"canonical":"https:\/\/www.cidademarketing.com.br\/marketing\/2021\/04\/05\/mpse-requer-suspensao-imediata-do-funcionamento-de-academias-bares-restaurantes-lanchonetes-e-saloes-de-beleza-em-aracaju\/","og_locale":"pt_BR","og_type":"article","og_title":"MPSE requer suspens\u00e3o imediata do funcionamento de academias, bares, restaurantes, lanchonetes e sal\u00f5es de beleza em Aracaju - CidadeMarketing","og_description":"O Minist\u00e9rio P\u00fablico de Sergipe, atrav\u00e9s das Promotorias de Justi\u00e7a de Defesa do Consumidor e das 2\u00aa e 9\u00aa especializadas na Sa\u00fade, ajuizou A\u00e7\u00e3o Civil P\u00fablica para que seja suspenso, no Munic\u00edpio de Aracaju, o funcionamento de academias, bares, restaurantes, lanchonetes, sal\u00f5es de beleza e ambientes de sociabiliza\u00e7\u00e3o que importem no n\u00e3o uso de m\u00e1scaras [&hellip;]","og_url":"https:\/\/www.cidademarketing.com.br\/marketing\/2021\/04\/05\/mpse-requer-suspensao-imediata-do-funcionamento-de-academias-bares-restaurantes-lanchonetes-e-saloes-de-beleza-em-aracaju\/","og_site_name":"CidadeMarketing","article_publisher":"https:\/\/www.facebook.com\/portalcidademarketing","article_author":"https:\/\/www.facebook.com\/thalesbrandao","article_published_time":"2021-04-05T17:56:17+00:00","article_modified_time":"2021-04-05T17:56:20+00:00","og_image":[{"width":2000,"height":1333,"url":"https:\/\/www.cidademarketing.com.br\/marketing\/wp-content\/uploads\/2020\/07\/aracaju.jpg","type":"image\/jpeg"}],"author":"Thales Brand\u00e3o","twitter_card":"summary_large_image","twitter_creator":"@http:\/\/www.twitter.com\/thalesbrandao","twitter_site":"@CidadeMarketing","twitter_misc":{"Escrito por":"Thales Brand\u00e3o","Est. tempo de leitura":"3 minutos"},"schema":{"@context":"https:\/\/schema.org","@graph":[{"@type":"Article","@id":"https:\/\/www.cidademarketing.com.br\/marketing\/2021\/04\/05\/mpse-requer-suspensao-imediata-do-funcionamento-de-academias-bares-restaurantes-lanchonetes-e-saloes-de-beleza-em-aracaju\/#article","isPartOf":{"@id":"https:\/\/www.cidademarketing.com.br\/marketing\/2021\/04\/05\/mpse-requer-suspensao-imediata-do-funcionamento-de-academias-bares-restaurantes-lanchonetes-e-saloes-de-beleza-em-aracaju\/"},"author":{"name":"Thales Brand\u00e3o","@id":"https:\/\/www.cidademarketing.com.br\/marketing\/#\/schema\/person\/02daff9f18bd9378c9e01eb6b2db155f"},"headline":"MPSE requer suspens\u00e3o imediata do funcionamento de academias, bares, restaurantes, lanchonetes e sal\u00f5es de beleza em Aracaju","datePublished":"2021-04-05T17:56:17+00:00","dateModified":"2021-04-05T17:56:20+00:00","mainEntityOfPage":{"@id":"https:\/\/www.cidademarketing.com.br\/marketing\/2021\/04\/05\/mpse-requer-suspensao-imediata-do-funcionamento-de-academias-bares-restaurantes-lanchonetes-e-saloes-de-beleza-em-aracaju\/"},"wordCount":643,"commentCount":0,"publisher":{"@id":"https:\/\/www.cidademarketing.com.br\/marketing\/#organization"},"image":{"@id":"https:\/\/www.cidademarketing.com.br\/marketing\/2021\/04\/05\/mpse-requer-suspensao-imediata-do-funcionamento-de-academias-bares-restaurantes-lanchonetes-e-saloes-de-beleza-em-aracaju\/#primaryimage"},"thumbnailUrl":"https:\/\/www.cidademarketing.com.br\/marketing\/wp-content\/uploads\/2020\/07\/aracaju.jpg","keywords":["Aracaju","coronav\u00edrus","marketing","MPSE"],"articleSection":["Not\u00edcias"],"inLanguage":"pt-BR","potentialAction":[{"@type":"CommentAction","name":"Comment","target":["https:\/\/www.cidademarketing.com.br\/marketing\/2021\/04\/05\/mpse-requer-suspensao-imediata-do-funcionamento-de-academias-bares-restaurantes-lanchonetes-e-saloes-de-beleza-em-aracaju\/#respond"]}]},{"@type":"WebPage","@id":"https:\/\/www.cidademarketing.com.br\/marketing\/2021\/04\/05\/mpse-requer-suspensao-imediata-do-funcionamento-de-academias-bares-restaurantes-lanchonetes-e-saloes-de-beleza-em-aracaju\/","url":"https:\/\/www.cidademarketing.com.br\/marketing\/2021\/04\/05\/mpse-requer-suspensao-imediata-do-funcionamento-de-academias-bares-restaurantes-lanchonetes-e-saloes-de-beleza-em-aracaju\/","name":"MPSE requer suspens\u00e3o imediata do funcionamento de academias, bares, restaurantes, lanchonetes e sal\u00f5es de beleza em Aracaju - CidadeMarketing","isPartOf":{"@id":"https:\/\/www.cidademarketing.com.br\/marketing\/#website"},"primaryImageOfPage":{"@id":"https:\/\/www.cidademarketing.com.br\/marketing\/2021\/04\/05\/mpse-requer-suspensao-imediata-do-funcionamento-de-academias-bares-restaurantes-lanchonetes-e-saloes-de-beleza-em-aracaju\/#primaryimage"},"image":{"@id":"https:\/\/www.cidademarketing.com.br\/marketing\/2021\/04\/05\/mpse-requer-suspensao-imediata-do-funcionamento-de-academias-bares-restaurantes-lanchonetes-e-saloes-de-beleza-em-aracaju\/#primaryimage"},"thumbnailUrl":"https:\/\/www.cidademarketing.com.br\/marketing\/wp-content\/uploads\/2020\/07\/aracaju.jpg","datePublished":"2021-04-05T17:56:17+00:00","dateModified":"2021-04-05T17:56:20+00:00","breadcrumb":{"@id":"https:\/\/www.cidademarketing.com.br\/marketing\/2021\/04\/05\/mpse-requer-suspensao-imediata-do-funcionamento-de-academias-bares-restaurantes-lanchonetes-e-saloes-de-beleza-em-aracaju\/#breadcrumb"},"inLanguage":"pt-BR","potentialAction":[{"@type":"ReadAction","target":["https:\/\/www.cidademarketing.com.br\/marketing\/2021\/04\/05\/mpse-requer-suspensao-imediata-do-funcionamento-de-academias-bares-restaurantes-lanchonetes-e-saloes-de-beleza-em-aracaju\/"]}]},{"@type":"ImageObject","inLanguage":"pt-BR","@id":"https:\/\/www.cidademarketing.com.br\/marketing\/2021\/04\/05\/mpse-requer-suspensao-imediata-do-funcionamento-de-academias-bares-restaurantes-lanchonetes-e-saloes-de-beleza-em-aracaju\/#primaryimage","url":"https:\/\/www.cidademarketing.com.br\/marketing\/wp-content\/uploads\/2020\/07\/aracaju.jpg","contentUrl":"https:\/\/www.cidademarketing.com.br\/marketing\/wp-content\/uploads\/2020\/07\/aracaju.jpg","width":2000,"height":1333,"caption":"Ponte dos Parque dos Cajueiros em Aracaju\/SE. Foto: Thales Brand\u00e3o"},{"@type":"BreadcrumbList","@id":"https:\/\/www.cidademarketing.com.br\/marketing\/2021\/04\/05\/mpse-requer-suspensao-imediata-do-funcionamento-de-academias-bares-restaurantes-lanchonetes-e-saloes-de-beleza-em-aracaju\/#breadcrumb","itemListElement":[{"@type":"ListItem","position":1,"name":"In\u00edcio","item":"https:\/\/www.cidademarketing.com.br\/marketing\/"},{"@type":"ListItem","position":2,"name":"MPSE requer suspens\u00e3o imediata do funcionamento de academias, bares, restaurantes, lanchonetes e sal\u00f5es de beleza em Aracaju"}]},{"@type":"WebSite","@id":"https:\/\/www.cidademarketing.com.br\/marketing\/#website","url":"https:\/\/www.cidademarketing.com.br\/marketing\/","name":"CidadeMarketing","description":"Somos um ve\u00edculo de comunica\u00e7\u00e3o de destaque no Brasil, reconhecido por conte\u00fados nos segmentos de marketing, empreendedorismo e inova\u00e7\u00e3o.","publisher":{"@id":"https:\/\/www.cidademarketing.com.br\/marketing\/#organization"},"alternateName":"CidadeMarketing","potentialAction":[{"@type":"SearchAction","target":{"@type":"EntryPoint","urlTemplate":"https:\/\/www.cidademarketing.com.br\/marketing\/?s={search_term_string}"},"query-input":{"@type":"PropertyValueSpecification","valueRequired":true,"valueName":"search_term_string"}}],"inLanguage":"pt-BR"},{"@type":"Organization","@id":"https:\/\/www.cidademarketing.com.br\/marketing\/#organization","name":"CidadeMarketing","alternateName":"CidadeMarketing","url":"https:\/\/www.cidademarketing.com.br\/marketing\/","logo":{"@type":"ImageObject","inLanguage":"pt-BR","@id":"https:\/\/www.cidademarketing.com.br\/marketing\/#\/schema\/logo\/image\/","url":"https:\/\/www.cidademarketing.com.br\/marketing\/wp-content\/uploads\/2020\/01\/cidademarketing_marca_mobile.png","contentUrl":"https:\/\/www.cidademarketing.com.br\/marketing\/wp-content\/uploads\/2020\/01\/cidademarketing_marca_mobile.png","width":230,"height":92,"caption":"CidadeMarketing"},"image":{"@id":"https:\/\/www.cidademarketing.com.br\/marketing\/#\/schema\/logo\/image\/"},"sameAs":["https:\/\/www.facebook.com\/portalcidademarketing","https:\/\/x.com\/CidadeMarketing","https:\/\/www.instagram.com\/cidademarketing\/"]},{"@type":"Person","@id":"https:\/\/www.cidademarketing.com.br\/marketing\/#\/schema\/person\/02daff9f18bd9378c9e01eb6b2db155f","name":"Thales Brand\u00e3o","image":{"@type":"ImageObject","inLanguage":"pt-BR","@id":"https:\/\/secure.gravatar.com\/avatar\/7ca3206950207cc3cb48feec56a8a7898741ab725c368d99d5d7a5a50aab80c6?s=96&d=mm&r=g","url":"https:\/\/secure.gravatar.com\/avatar\/7ca3206950207cc3cb48feec56a8a7898741ab725c368d99d5d7a5a50aab80c6?s=96&d=mm&r=g","contentUrl":"https:\/\/secure.gravatar.com\/avatar\/7ca3206950207cc3cb48feec56a8a7898741ab725c368d99d5d7a5a50aab80c6?s=96&d=mm&r=g","caption":"Thales Brand\u00e3o"},"description":"Editor Executivo do Portal CidadeMarketing.com.br &gt; Mestre em Comunica\u00e7\u00e3o e Sociedade pela Universidade Federal de Sergipe. Possui MBA Executivo em Administra\u00e7\u00e3o com \u00eanfase em Marketing pela Funda\u00e7\u00e3o Get\u00falio Vargas - Rio de Janeiro. Consultor, Palestrante e Pesquisador sobre Empreendedorismo, Marketing, Redes Sociais e Neg\u00f3cios Digitais. Professor, Palestrante TedxTalks e Campus Party. Twitter: @ThalesBrandao","sameAs":["http:\/\/www.mandacaru.com.br","https:\/\/www.facebook.com\/thalesbrandao","http:\/\/www.instagram.com.br\/thalesbrandaoferreira","https:\/\/www.linkedin.com\/in\/thales-brand\u00e3o-3948609\/","https:\/\/x.com\/http:\/\/www.twitter.com\/thalesbrandao"],"url":"https:\/\/www.cidademarketing.com.br\/marketing\/author\/thalesbrandao\/"}]}},"amp_enabled":true,"_links":{"self":[{"href":"https:\/\/www.cidademarketing.com.br\/marketing\/wp-json\/wp\/v2\/posts\/23022","targetHints":{"allow":["GET"]}}],"collection":[{"href":"https:\/\/www.cidademarketing.com.br\/marketing\/wp-json\/wp\/v2\/posts"}],"about":[{"href":"https:\/\/www.cidademarketing.com.br\/marketing\/wp-json\/wp\/v2\/types\/post"}],"author":[{"embeddable":true,"href":"https:\/\/www.cidademarketing.com.br\/marketing\/wp-json\/wp\/v2\/users\/1"}],"replies":[{"embeddable":true,"href":"https:\/\/www.cidademarketing.com.br\/marketing\/wp-json\/wp\/v2\/comments?post=23022"}],"version-history":[{"count":1,"href":"https:\/\/www.cidademarketing.com.br\/marketing\/wp-json\/wp\/v2\/posts\/23022\/revisions"}],"predecessor-version":[{"id":23023,"href":"https:\/\/www.cidademarketing.com.br\/marketing\/wp-json\/wp\/v2\/posts\/23022\/revisions\/23023"}],"wp:featuredmedia":[{"embeddable":true,"href":"https:\/\/www.cidademarketing.com.br\/marketing\/wp-json\/wp\/v2\/media\/16946"}],"wp:attachment":[{"href":"https:\/\/www.cidademarketing.com.br\/marketing\/wp-json\/wp\/v2\/media?parent=23022"}],"wp:term":[{"taxonomy":"category","embeddable":true,"href":"https:\/\/www.cidademarketing.com.br\/marketing\/wp-json\/wp\/v2\/categories?post=23022"},{"taxonomy":"post_tag","embeddable":true,"href":"https:\/\/www.cidademarketing.com.br\/marketing\/wp-json\/wp\/v2\/tags?post=23022"}],"curies":[{"name":"wp","href":"https:\/\/api.w.org\/{rel}","templated":true}]}}