{"id":23019,"date":"2021-04-04T11:21:28","date_gmt":"2021-04-04T14:21:28","guid":{"rendered":"https:\/\/www.cidademarketing.com.br\/marketing\/?p=23019"},"modified":"2021-04-04T11:21:30","modified_gmt":"2021-04-04T14:21:30","slug":"omo-usa-hino-a-liberdade-feminina-para-falar-de-calcinhas-saude-e-autoestima-sem-tabus","status":"publish","type":"post","link":"https:\/\/www.cidademarketing.com.br\/marketing\/2021\/04\/04\/omo-usa-hino-a-liberdade-feminina-para-falar-de-calcinhas-saude-e-autoestima-sem-tabus\/","title":{"rendered":"OMO usa hino \u00e0 liberdade feminina para falar de calcinhas, sa\u00fade e autoestima sem tabus"},"content":{"rendered":"\n<p>OMO &#8211; presente em 8 de cada 10 lares do pa\u00eds &#8211; inicia o ano de 2021 ouvindo as mulheres para falar de um assunto muito importante: sa\u00fade e autoestima feminina, visando desconstruir tabus e incentivar que cada uma seja livre para escolher a melhor forma de cuidar de si mesma. Ap\u00f3s lan\u00e7ar um novo produto focado na limpeza de pe\u00e7as \u00edntimas, o OMO Pe\u00e7as \u00cdntimas e Biqu\u00ednis, a marca apresenta a campanha #Ningu\u00e9mLavaMinhasCalcinhas, que al\u00e9m de diversas a\u00e7\u00f5es de comunica\u00e7\u00e3o, lan\u00e7a sua vers\u00e3o do clipe para m\u00fasica &#8220;Girls Just Wanna Have Fun&#8221;, celebrando a diversidade feminina e refor\u00e7ando que se amar e se cuidar pode deixar a vida mais leve e divertida.<\/p>\n\n\n\n<p>O videoclipe nasceu do di\u00e1logo da marca com mais de 400 consumidoras. Para ouvi-las e entender a multiplicidade de estilos de vidas e maneiras com que as mulheres preferem cuidar de si mesmas, OMO criou um hotsite onde mulheres pudessem contar suas hist\u00f3rias, dicas e at\u00e9 &#8220;perrengues nada chiques&#8221; que j\u00e1 passaram. Inspirada em hist\u00f3rias reais, a marca criou um videoclipe com a m\u00fasica tema da cantora Cyndi Lauper, que ganhou reconhecimento como um hino \u00e0 liberdade feminina. A campanha teve a ideia criativa assinada pelo est\u00fadio criativo monkey-land, e a produtora Santa foi respons\u00e1vel pelo desenvolvimento do clipe, trazendo Caroline Lima como diretora na condu\u00e7\u00e3o do projeto e contando com um time de mulheres \u00e0 frente das a\u00e7\u00f5es.<\/p>\n\n\n\n<p>Al\u00e9m do clipe, a marca contou com as influenciadoras Thaynara OG, Lorena Improta, Lexa e MC Rebecca como embaixadoras da campanha, em uma s\u00e9rie de a\u00e7\u00f5es de comunica\u00e7\u00e3o da marca. &#8220;Empoderamento \u00e9 poder ir atr\u00e1s dos meus sonhos, cuidar da minha filha, me relacionar com quem eu quiser. E tamb\u00e9m lavar minhas calcinhas! Saber que minha intimidade, minha autoestima, o cuidado comigo mesma s\u00f3 depende de mim&#8221;, conta MC Rebecca.<\/p>\n\n\n\n<p>&#8220;N\u00e3o estamos falando apenas sobre o lan\u00e7amento de um grande produto, mas sobre independ\u00eancia feminina, empoderamento, aceita\u00e7\u00e3o. Entendemos a import\u00e2ncia de oferecer um produto que auxilie no dia a dia das mulheres, trazendo praticidade e cuidado, falando sobre sa\u00fade feminina e calcinhas sem estere\u00f3tipos e julgamentos&#8221;, explica Beatriz Seabra, gerente de marketing de OMO. A marca tamb\u00e9m realizou uma parceria com a plataforma Rappi, incentivando a cria\u00e7\u00e3o de uma corrente de sororidade, onde a cada OMO Pe\u00e7as \u00cdntimas e Biqu\u00ednis vendido, a marca doa outro produto para uma mulher em situa\u00e7\u00e3o de vulnerabilidade social.<\/p>\n\n\n\n<p>Confira o clipe da marca no link: <a rel=\"noreferrer noopener\" href=\"https:\/\/www.youtube.com\/watch?v=aGA0cXKRwcg\" target=\"_blank\">https:\/\/www.youtube.com\/watch?v=aGA0cXKRwcg<\/a><\/p>\n\n\n\n<figure class=\"wp-block-embed is-type-video is-provider-youtube wp-block-embed-youtube wp-embed-aspect-16-9 wp-has-aspect-ratio\"><div class=\"wp-block-embed__wrapper\">\n<div class=\"youtube-embed\" data-video_id=\"aGA0cXKRwcg\"><iframe title=\"OMO Pe\u00e7as \u00cdntimas e Biqu\u00ednis\" width=\"640\" height=\"360\" src=\"https:\/\/www.youtube.com\/embed\/aGA0cXKRwcg?feature=oembed&#038;enablejsapi=1\" frameborder=\"0\" allow=\"accelerometer; autoplay; clipboard-write; encrypted-media; gyroscope; picture-in-picture; web-share\" referrerpolicy=\"strict-origin-when-cross-origin\" allowfullscreen><\/iframe><\/div>\n<\/div><\/figure>\n\n\n\n<p><strong>SOBRE O PRODUTO<\/strong><\/p>\n\n\n\n<p>O novo produto, OMO Pe\u00e7as \u00cdntimas e Biqu\u00ednis, uma parceria in\u00e9dita com a Valisere, marca presente h\u00e1 86 anos no mercado brasileiro de roupas \u00edntimas, \u00e9 um detergente para roupas que tamb\u00e9m pode ser usado durante o banho para cuidar de pe\u00e7as mais delicadas do guarda-roupa. O objetivo \u00e9 ajudar as consumidoras no dia a dia com mais cuidado, trazendo um produto com pH neutro e dermatologicamente testado. A embalagem em formato de &#8220;pump&#8221; de 300ml, traz ainda mais praticidade, al\u00e9m disso \u00e9 feita com 100% de pl\u00e1stico reciclado, em linha com os compromissos da marca por um futuro mais limpo.<\/p>\n\n\n\n<p><strong>FICHA T\u00c9CNICA<\/strong> Cliente: Omo Pe\u00e7as \u00edntimas e biqu\u00edni<br>Cria\u00e7\u00e3o: monkey + omo<br>OMO: Beatriz Seabra e Iury Froes<br>Monkey: Leonardo Claret, Gabriel Soeiro, Toni Fernandes, Saulo Sanchez e Ricardo Forli.<br>Consultoria: Daniela Ferreira<br>Produtora: Santa Transmedia<br>Dire\u00e7\u00e3o e Fotografia: Caroline Lima<br>Produ\u00e7\u00e3o de elenco: Manu Menezes<br>Figurino: Silvana Moura<br>Coordena\u00e7\u00e3o de produ\u00e7\u00e3o: Hanna Moura<br>Produ\u00e7\u00e3o executiva: Renata Munaretto<br>Atendimento: Laura Rocha<br>Edi\u00e7\u00e3o: Rob&amp;Ariel e Lucas Brasileiro<br>Color grading: Felipe Tolotti<br>P\u00f3s-produ\u00e7\u00e3o: Liquor<br>Produtora de som: Big Sync Music e Ghidrah.<\/p>\n","protected":false},"excerpt":{"rendered":"<p>OMO &#8211; presente em 8 de cada 10 lares do pa\u00eds &#8211; inicia o ano de 2021 ouvindo as mulheres para falar de um assunto muito importante: sa\u00fade e autoestima feminina, visando desconstruir tabus e incentivar que cada uma seja livre para escolher a melhor forma de cuidar de si mesma. Ap\u00f3s lan\u00e7ar um novo [&hellip;]<\/p>\n","protected":false},"author":1,"featured_media":23020,"comment_status":"open","ping_status":"open","sticky":false,"template":"","format":"standard","meta":{"tdm_status":"","tdm_grid_status":"","footnotes":""},"categories":[6],"tags":[33,28,731],"class_list":["post-23019","post","type-post","status-publish","format-standard","has-post-thumbnail","hentry","category-noticias","tag-estrategia","tag-marketing","tag-omo"],"yoast_head":"<!-- This site is optimized with the Yoast SEO plugin v27.5 - https:\/\/yoast.com\/product\/yoast-seo-wordpress\/ -->\n<title>OMO usa hino \u00e0 liberdade feminina para falar de calcinhas, sa\u00fade e autoestima sem tabus - CidadeMarketing<\/title>\n<meta name=\"robots\" content=\"index, follow, max-snippet:-1, max-image-preview:large, max-video-preview:-1\" \/>\n<link rel=\"canonical\" href=\"https:\/\/www.cidademarketing.com.br\/marketing\/2021\/04\/04\/omo-usa-hino-a-liberdade-feminina-para-falar-de-calcinhas-saude-e-autoestima-sem-tabus\/\" \/>\n<meta property=\"og:locale\" content=\"pt_BR\" \/>\n<meta property=\"og:type\" content=\"article\" \/>\n<meta property=\"og:title\" content=\"OMO usa hino \u00e0 liberdade feminina para falar de calcinhas, sa\u00fade e autoestima sem tabus - CidadeMarketing\" \/>\n<meta property=\"og:description\" content=\"OMO &#8211; presente em 8 de cada 10 lares do pa\u00eds &#8211; inicia o ano de 2021 ouvindo as mulheres para falar de um assunto muito importante: sa\u00fade e autoestima feminina, visando desconstruir tabus e incentivar que cada uma seja livre para escolher a melhor forma de cuidar de si mesma. Ap\u00f3s lan\u00e7ar um novo [&hellip;]\" \/>\n<meta property=\"og:url\" content=\"https:\/\/www.cidademarketing.com.br\/marketing\/2021\/04\/04\/omo-usa-hino-a-liberdade-feminina-para-falar-de-calcinhas-saude-e-autoestima-sem-tabus\/\" \/>\n<meta property=\"og:site_name\" content=\"CidadeMarketing\" \/>\n<meta property=\"article:publisher\" content=\"https:\/\/www.facebook.com\/portalcidademarketing\" \/>\n<meta property=\"article:author\" content=\"https:\/\/www.facebook.com\/thalesbrandao\" \/>\n<meta property=\"article:published_time\" content=\"2021-04-04T14:21:28+00:00\" \/>\n<meta property=\"article:modified_time\" content=\"2021-04-04T14:21:30+00:00\" \/>\n<meta property=\"og:image\" content=\"https:\/\/www.cidademarketing.com.br\/marketing\/wp-content\/uploads\/2021\/04\/omo_hino.jpg\" \/>\n\t<meta property=\"og:image:width\" content=\"957\" \/>\n\t<meta property=\"og:image:height\" content=\"537\" \/>\n\t<meta property=\"og:image:type\" content=\"image\/jpeg\" \/>\n<meta name=\"author\" content=\"Thales Brand\u00e3o\" \/>\n<meta name=\"twitter:card\" content=\"summary_large_image\" \/>\n<meta name=\"twitter:creator\" content=\"@http:\/\/www.twitter.com\/thalesbrandao\" \/>\n<meta name=\"twitter:site\" content=\"@CidadeMarketing\" \/>\n<meta name=\"twitter:label1\" content=\"Escrito por\" \/>\n\t<meta name=\"twitter:data1\" content=\"Thales Brand\u00e3o\" \/>\n\t<meta name=\"twitter:label2\" content=\"Est. tempo de leitura\" \/>\n\t<meta name=\"twitter:data2\" content=\"3 minutos\" \/>\n<script type=\"application\/ld+json\" class=\"yoast-schema-graph\">{\"@context\":\"https:\\\/\\\/schema.org\",\"@graph\":[{\"@type\":\"Article\",\"@id\":\"https:\\\/\\\/www.cidademarketing.com.br\\\/marketing\\\/2021\\\/04\\\/04\\\/omo-usa-hino-a-liberdade-feminina-para-falar-de-calcinhas-saude-e-autoestima-sem-tabus\\\/#article\",\"isPartOf\":{\"@id\":\"https:\\\/\\\/www.cidademarketing.com.br\\\/marketing\\\/2021\\\/04\\\/04\\\/omo-usa-hino-a-liberdade-feminina-para-falar-de-calcinhas-saude-e-autoestima-sem-tabus\\\/\"},\"author\":{\"name\":\"Thales Brand\u00e3o\",\"@id\":\"https:\\\/\\\/www.cidademarketing.com.br\\\/marketing\\\/#\\\/schema\\\/person\\\/02daff9f18bd9378c9e01eb6b2db155f\"},\"headline\":\"OMO usa hino \u00e0 liberdade feminina para falar de calcinhas, sa\u00fade e autoestima sem tabus\",\"datePublished\":\"2021-04-04T14:21:28+00:00\",\"dateModified\":\"2021-04-04T14:21:30+00:00\",\"mainEntityOfPage\":{\"@id\":\"https:\\\/\\\/www.cidademarketing.com.br\\\/marketing\\\/2021\\\/04\\\/04\\\/omo-usa-hino-a-liberdade-feminina-para-falar-de-calcinhas-saude-e-autoestima-sem-tabus\\\/\"},\"wordCount\":653,\"commentCount\":0,\"publisher\":{\"@id\":\"https:\\\/\\\/www.cidademarketing.com.br\\\/marketing\\\/#organization\"},\"image\":{\"@id\":\"https:\\\/\\\/www.cidademarketing.com.br\\\/marketing\\\/2021\\\/04\\\/04\\\/omo-usa-hino-a-liberdade-feminina-para-falar-de-calcinhas-saude-e-autoestima-sem-tabus\\\/#primaryimage\"},\"thumbnailUrl\":\"https:\\\/\\\/www.cidademarketing.com.br\\\/marketing\\\/wp-content\\\/uploads\\\/2021\\\/04\\\/omo_hino.jpg\",\"keywords\":[\"estrat\u00e9gia\",\"marketing\",\"OMO\"],\"articleSection\":[\"Not\u00edcias\"],\"inLanguage\":\"pt-BR\",\"potentialAction\":[{\"@type\":\"CommentAction\",\"name\":\"Comment\",\"target\":[\"https:\\\/\\\/www.cidademarketing.com.br\\\/marketing\\\/2021\\\/04\\\/04\\\/omo-usa-hino-a-liberdade-feminina-para-falar-de-calcinhas-saude-e-autoestima-sem-tabus\\\/#respond\"]}]},{\"@type\":\"WebPage\",\"@id\":\"https:\\\/\\\/www.cidademarketing.com.br\\\/marketing\\\/2021\\\/04\\\/04\\\/omo-usa-hino-a-liberdade-feminina-para-falar-de-calcinhas-saude-e-autoestima-sem-tabus\\\/\",\"url\":\"https:\\\/\\\/www.cidademarketing.com.br\\\/marketing\\\/2021\\\/04\\\/04\\\/omo-usa-hino-a-liberdade-feminina-para-falar-de-calcinhas-saude-e-autoestima-sem-tabus\\\/\",\"name\":\"OMO usa hino \u00e0 liberdade feminina para falar de calcinhas, sa\u00fade e autoestima sem tabus - CidadeMarketing\",\"isPartOf\":{\"@id\":\"https:\\\/\\\/www.cidademarketing.com.br\\\/marketing\\\/#website\"},\"primaryImageOfPage\":{\"@id\":\"https:\\\/\\\/www.cidademarketing.com.br\\\/marketing\\\/2021\\\/04\\\/04\\\/omo-usa-hino-a-liberdade-feminina-para-falar-de-calcinhas-saude-e-autoestima-sem-tabus\\\/#primaryimage\"},\"image\":{\"@id\":\"https:\\\/\\\/www.cidademarketing.com.br\\\/marketing\\\/2021\\\/04\\\/04\\\/omo-usa-hino-a-liberdade-feminina-para-falar-de-calcinhas-saude-e-autoestima-sem-tabus\\\/#primaryimage\"},\"thumbnailUrl\":\"https:\\\/\\\/www.cidademarketing.com.br\\\/marketing\\\/wp-content\\\/uploads\\\/2021\\\/04\\\/omo_hino.jpg\",\"datePublished\":\"2021-04-04T14:21:28+00:00\",\"dateModified\":\"2021-04-04T14:21:30+00:00\",\"breadcrumb\":{\"@id\":\"https:\\\/\\\/www.cidademarketing.com.br\\\/marketing\\\/2021\\\/04\\\/04\\\/omo-usa-hino-a-liberdade-feminina-para-falar-de-calcinhas-saude-e-autoestima-sem-tabus\\\/#breadcrumb\"},\"inLanguage\":\"pt-BR\",\"potentialAction\":[{\"@type\":\"ReadAction\",\"target\":[\"https:\\\/\\\/www.cidademarketing.com.br\\\/marketing\\\/2021\\\/04\\\/04\\\/omo-usa-hino-a-liberdade-feminina-para-falar-de-calcinhas-saude-e-autoestima-sem-tabus\\\/\"]}]},{\"@type\":\"ImageObject\",\"inLanguage\":\"pt-BR\",\"@id\":\"https:\\\/\\\/www.cidademarketing.com.br\\\/marketing\\\/2021\\\/04\\\/04\\\/omo-usa-hino-a-liberdade-feminina-para-falar-de-calcinhas-saude-e-autoestima-sem-tabus\\\/#primaryimage\",\"url\":\"https:\\\/\\\/www.cidademarketing.com.br\\\/marketing\\\/wp-content\\\/uploads\\\/2021\\\/04\\\/omo_hino.jpg\",\"contentUrl\":\"https:\\\/\\\/www.cidademarketing.com.br\\\/marketing\\\/wp-content\\\/uploads\\\/2021\\\/04\\\/omo_hino.jpg\",\"width\":957,\"height\":537},{\"@type\":\"BreadcrumbList\",\"@id\":\"https:\\\/\\\/www.cidademarketing.com.br\\\/marketing\\\/2021\\\/04\\\/04\\\/omo-usa-hino-a-liberdade-feminina-para-falar-de-calcinhas-saude-e-autoestima-sem-tabus\\\/#breadcrumb\",\"itemListElement\":[{\"@type\":\"ListItem\",\"position\":1,\"name\":\"In\u00edcio\",\"item\":\"https:\\\/\\\/www.cidademarketing.com.br\\\/marketing\\\/\"},{\"@type\":\"ListItem\",\"position\":2,\"name\":\"OMO usa hino \u00e0 liberdade feminina para falar de calcinhas, sa\u00fade e autoestima sem tabus\"}]},{\"@type\":\"WebSite\",\"@id\":\"https:\\\/\\\/www.cidademarketing.com.br\\\/marketing\\\/#website\",\"url\":\"https:\\\/\\\/www.cidademarketing.com.br\\\/marketing\\\/\",\"name\":\"CidadeMarketing\",\"description\":\"Somos um ve\u00edculo de comunica\u00e7\u00e3o de destaque no Brasil, reconhecido por conte\u00fados nos segmentos de marketing, empreendedorismo e inova\u00e7\u00e3o.\",\"publisher\":{\"@id\":\"https:\\\/\\\/www.cidademarketing.com.br\\\/marketing\\\/#organization\"},\"alternateName\":\"CidadeMarketing\",\"potentialAction\":[{\"@type\":\"SearchAction\",\"target\":{\"@type\":\"EntryPoint\",\"urlTemplate\":\"https:\\\/\\\/www.cidademarketing.com.br\\\/marketing\\\/?s={search_term_string}\"},\"query-input\":{\"@type\":\"PropertyValueSpecification\",\"valueRequired\":true,\"valueName\":\"search_term_string\"}}],\"inLanguage\":\"pt-BR\"},{\"@type\":\"Organization\",\"@id\":\"https:\\\/\\\/www.cidademarketing.com.br\\\/marketing\\\/#organization\",\"name\":\"CidadeMarketing\",\"alternateName\":\"CidadeMarketing\",\"url\":\"https:\\\/\\\/www.cidademarketing.com.br\\\/marketing\\\/\",\"logo\":{\"@type\":\"ImageObject\",\"inLanguage\":\"pt-BR\",\"@id\":\"https:\\\/\\\/www.cidademarketing.com.br\\\/marketing\\\/#\\\/schema\\\/logo\\\/image\\\/\",\"url\":\"https:\\\/\\\/www.cidademarketing.com.br\\\/marketing\\\/wp-content\\\/uploads\\\/2020\\\/01\\\/cidademarketing_marca_mobile.png\",\"contentUrl\":\"https:\\\/\\\/www.cidademarketing.com.br\\\/marketing\\\/wp-content\\\/uploads\\\/2020\\\/01\\\/cidademarketing_marca_mobile.png\",\"width\":230,\"height\":92,\"caption\":\"CidadeMarketing\"},\"image\":{\"@id\":\"https:\\\/\\\/www.cidademarketing.com.br\\\/marketing\\\/#\\\/schema\\\/logo\\\/image\\\/\"},\"sameAs\":[\"https:\\\/\\\/www.facebook.com\\\/portalcidademarketing\",\"https:\\\/\\\/x.com\\\/CidadeMarketing\",\"https:\\\/\\\/www.instagram.com\\\/cidademarketing\\\/\"]},{\"@type\":\"Person\",\"@id\":\"https:\\\/\\\/www.cidademarketing.com.br\\\/marketing\\\/#\\\/schema\\\/person\\\/02daff9f18bd9378c9e01eb6b2db155f\",\"name\":\"Thales Brand\u00e3o\",\"image\":{\"@type\":\"ImageObject\",\"inLanguage\":\"pt-BR\",\"@id\":\"https:\\\/\\\/secure.gravatar.com\\\/avatar\\\/7ca3206950207cc3cb48feec56a8a7898741ab725c368d99d5d7a5a50aab80c6?s=96&d=mm&r=g\",\"url\":\"https:\\\/\\\/secure.gravatar.com\\\/avatar\\\/7ca3206950207cc3cb48feec56a8a7898741ab725c368d99d5d7a5a50aab80c6?s=96&d=mm&r=g\",\"contentUrl\":\"https:\\\/\\\/secure.gravatar.com\\\/avatar\\\/7ca3206950207cc3cb48feec56a8a7898741ab725c368d99d5d7a5a50aab80c6?s=96&d=mm&r=g\",\"caption\":\"Thales Brand\u00e3o\"},\"description\":\"Editor Executivo do Portal CidadeMarketing.com.br &gt; Mestre em Comunica\u00e7\u00e3o e Sociedade pela Universidade Federal de Sergipe. Possui MBA Executivo em Administra\u00e7\u00e3o com \u00eanfase em Marketing pela Funda\u00e7\u00e3o Get\u00falio Vargas - Rio de Janeiro. Consultor, Palestrante e Pesquisador sobre Empreendedorismo, Marketing, Redes Sociais e Neg\u00f3cios Digitais. Professor, Palestrante TedxTalks e Campus Party. Twitter: @ThalesBrandao\",\"sameAs\":[\"http:\\\/\\\/www.mandacaru.com.br\",\"https:\\\/\\\/www.facebook.com\\\/thalesbrandao\",\"http:\\\/\\\/www.instagram.com.br\\\/thalesbrandaoferreira\",\"https:\\\/\\\/www.linkedin.com\\\/in\\\/thales-brand\u00e3o-3948609\\\/\",\"https:\\\/\\\/x.com\\\/http:\\\/\\\/www.twitter.com\\\/thalesbrandao\"],\"url\":\"https:\\\/\\\/www.cidademarketing.com.br\\\/marketing\\\/author\\\/thalesbrandao\\\/\"}]}<\/script>\n<!-- \/ Yoast SEO plugin. -->","yoast_head_json":{"title":"OMO usa hino \u00e0 liberdade feminina para falar de calcinhas, sa\u00fade e autoestima sem tabus - CidadeMarketing","robots":{"index":"index","follow":"follow","max-snippet":"max-snippet:-1","max-image-preview":"max-image-preview:large","max-video-preview":"max-video-preview:-1"},"canonical":"https:\/\/www.cidademarketing.com.br\/marketing\/2021\/04\/04\/omo-usa-hino-a-liberdade-feminina-para-falar-de-calcinhas-saude-e-autoestima-sem-tabus\/","og_locale":"pt_BR","og_type":"article","og_title":"OMO usa hino \u00e0 liberdade feminina para falar de calcinhas, sa\u00fade e autoestima sem tabus - CidadeMarketing","og_description":"OMO &#8211; presente em 8 de cada 10 lares do pa\u00eds &#8211; inicia o ano de 2021 ouvindo as mulheres para falar de um assunto muito importante: sa\u00fade e autoestima feminina, visando desconstruir tabus e incentivar que cada uma seja livre para escolher a melhor forma de cuidar de si mesma. Ap\u00f3s lan\u00e7ar um novo [&hellip;]","og_url":"https:\/\/www.cidademarketing.com.br\/marketing\/2021\/04\/04\/omo-usa-hino-a-liberdade-feminina-para-falar-de-calcinhas-saude-e-autoestima-sem-tabus\/","og_site_name":"CidadeMarketing","article_publisher":"https:\/\/www.facebook.com\/portalcidademarketing","article_author":"https:\/\/www.facebook.com\/thalesbrandao","article_published_time":"2021-04-04T14:21:28+00:00","article_modified_time":"2021-04-04T14:21:30+00:00","og_image":[{"width":957,"height":537,"url":"https:\/\/www.cidademarketing.com.br\/marketing\/wp-content\/uploads\/2021\/04\/omo_hino.jpg","type":"image\/jpeg"}],"author":"Thales Brand\u00e3o","twitter_card":"summary_large_image","twitter_creator":"@http:\/\/www.twitter.com\/thalesbrandao","twitter_site":"@CidadeMarketing","twitter_misc":{"Escrito por":"Thales Brand\u00e3o","Est. tempo de leitura":"3 minutos"},"schema":{"@context":"https:\/\/schema.org","@graph":[{"@type":"Article","@id":"https:\/\/www.cidademarketing.com.br\/marketing\/2021\/04\/04\/omo-usa-hino-a-liberdade-feminina-para-falar-de-calcinhas-saude-e-autoestima-sem-tabus\/#article","isPartOf":{"@id":"https:\/\/www.cidademarketing.com.br\/marketing\/2021\/04\/04\/omo-usa-hino-a-liberdade-feminina-para-falar-de-calcinhas-saude-e-autoestima-sem-tabus\/"},"author":{"name":"Thales Brand\u00e3o","@id":"https:\/\/www.cidademarketing.com.br\/marketing\/#\/schema\/person\/02daff9f18bd9378c9e01eb6b2db155f"},"headline":"OMO usa hino \u00e0 liberdade feminina para falar de calcinhas, sa\u00fade e autoestima sem tabus","datePublished":"2021-04-04T14:21:28+00:00","dateModified":"2021-04-04T14:21:30+00:00","mainEntityOfPage":{"@id":"https:\/\/www.cidademarketing.com.br\/marketing\/2021\/04\/04\/omo-usa-hino-a-liberdade-feminina-para-falar-de-calcinhas-saude-e-autoestima-sem-tabus\/"},"wordCount":653,"commentCount":0,"publisher":{"@id":"https:\/\/www.cidademarketing.com.br\/marketing\/#organization"},"image":{"@id":"https:\/\/www.cidademarketing.com.br\/marketing\/2021\/04\/04\/omo-usa-hino-a-liberdade-feminina-para-falar-de-calcinhas-saude-e-autoestima-sem-tabus\/#primaryimage"},"thumbnailUrl":"https:\/\/www.cidademarketing.com.br\/marketing\/wp-content\/uploads\/2021\/04\/omo_hino.jpg","keywords":["estrat\u00e9gia","marketing","OMO"],"articleSection":["Not\u00edcias"],"inLanguage":"pt-BR","potentialAction":[{"@type":"CommentAction","name":"Comment","target":["https:\/\/www.cidademarketing.com.br\/marketing\/2021\/04\/04\/omo-usa-hino-a-liberdade-feminina-para-falar-de-calcinhas-saude-e-autoestima-sem-tabus\/#respond"]}]},{"@type":"WebPage","@id":"https:\/\/www.cidademarketing.com.br\/marketing\/2021\/04\/04\/omo-usa-hino-a-liberdade-feminina-para-falar-de-calcinhas-saude-e-autoestima-sem-tabus\/","url":"https:\/\/www.cidademarketing.com.br\/marketing\/2021\/04\/04\/omo-usa-hino-a-liberdade-feminina-para-falar-de-calcinhas-saude-e-autoestima-sem-tabus\/","name":"OMO usa hino \u00e0 liberdade feminina para falar de calcinhas, sa\u00fade e autoestima sem tabus - CidadeMarketing","isPartOf":{"@id":"https:\/\/www.cidademarketing.com.br\/marketing\/#website"},"primaryImageOfPage":{"@id":"https:\/\/www.cidademarketing.com.br\/marketing\/2021\/04\/04\/omo-usa-hino-a-liberdade-feminina-para-falar-de-calcinhas-saude-e-autoestima-sem-tabus\/#primaryimage"},"image":{"@id":"https:\/\/www.cidademarketing.com.br\/marketing\/2021\/04\/04\/omo-usa-hino-a-liberdade-feminina-para-falar-de-calcinhas-saude-e-autoestima-sem-tabus\/#primaryimage"},"thumbnailUrl":"https:\/\/www.cidademarketing.com.br\/marketing\/wp-content\/uploads\/2021\/04\/omo_hino.jpg","datePublished":"2021-04-04T14:21:28+00:00","dateModified":"2021-04-04T14:21:30+00:00","breadcrumb":{"@id":"https:\/\/www.cidademarketing.com.br\/marketing\/2021\/04\/04\/omo-usa-hino-a-liberdade-feminina-para-falar-de-calcinhas-saude-e-autoestima-sem-tabus\/#breadcrumb"},"inLanguage":"pt-BR","potentialAction":[{"@type":"ReadAction","target":["https:\/\/www.cidademarketing.com.br\/marketing\/2021\/04\/04\/omo-usa-hino-a-liberdade-feminina-para-falar-de-calcinhas-saude-e-autoestima-sem-tabus\/"]}]},{"@type":"ImageObject","inLanguage":"pt-BR","@id":"https:\/\/www.cidademarketing.com.br\/marketing\/2021\/04\/04\/omo-usa-hino-a-liberdade-feminina-para-falar-de-calcinhas-saude-e-autoestima-sem-tabus\/#primaryimage","url":"https:\/\/www.cidademarketing.com.br\/marketing\/wp-content\/uploads\/2021\/04\/omo_hino.jpg","contentUrl":"https:\/\/www.cidademarketing.com.br\/marketing\/wp-content\/uploads\/2021\/04\/omo_hino.jpg","width":957,"height":537},{"@type":"BreadcrumbList","@id":"https:\/\/www.cidademarketing.com.br\/marketing\/2021\/04\/04\/omo-usa-hino-a-liberdade-feminina-para-falar-de-calcinhas-saude-e-autoestima-sem-tabus\/#breadcrumb","itemListElement":[{"@type":"ListItem","position":1,"name":"In\u00edcio","item":"https:\/\/www.cidademarketing.com.br\/marketing\/"},{"@type":"ListItem","position":2,"name":"OMO usa hino \u00e0 liberdade feminina para falar de calcinhas, sa\u00fade e autoestima sem tabus"}]},{"@type":"WebSite","@id":"https:\/\/www.cidademarketing.com.br\/marketing\/#website","url":"https:\/\/www.cidademarketing.com.br\/marketing\/","name":"CidadeMarketing","description":"Somos um ve\u00edculo de comunica\u00e7\u00e3o de destaque no Brasil, reconhecido por conte\u00fados nos segmentos de marketing, empreendedorismo e inova\u00e7\u00e3o.","publisher":{"@id":"https:\/\/www.cidademarketing.com.br\/marketing\/#organization"},"alternateName":"CidadeMarketing","potentialAction":[{"@type":"SearchAction","target":{"@type":"EntryPoint","urlTemplate":"https:\/\/www.cidademarketing.com.br\/marketing\/?s={search_term_string}"},"query-input":{"@type":"PropertyValueSpecification","valueRequired":true,"valueName":"search_term_string"}}],"inLanguage":"pt-BR"},{"@type":"Organization","@id":"https:\/\/www.cidademarketing.com.br\/marketing\/#organization","name":"CidadeMarketing","alternateName":"CidadeMarketing","url":"https:\/\/www.cidademarketing.com.br\/marketing\/","logo":{"@type":"ImageObject","inLanguage":"pt-BR","@id":"https:\/\/www.cidademarketing.com.br\/marketing\/#\/schema\/logo\/image\/","url":"https:\/\/www.cidademarketing.com.br\/marketing\/wp-content\/uploads\/2020\/01\/cidademarketing_marca_mobile.png","contentUrl":"https:\/\/www.cidademarketing.com.br\/marketing\/wp-content\/uploads\/2020\/01\/cidademarketing_marca_mobile.png","width":230,"height":92,"caption":"CidadeMarketing"},"image":{"@id":"https:\/\/www.cidademarketing.com.br\/marketing\/#\/schema\/logo\/image\/"},"sameAs":["https:\/\/www.facebook.com\/portalcidademarketing","https:\/\/x.com\/CidadeMarketing","https:\/\/www.instagram.com\/cidademarketing\/"]},{"@type":"Person","@id":"https:\/\/www.cidademarketing.com.br\/marketing\/#\/schema\/person\/02daff9f18bd9378c9e01eb6b2db155f","name":"Thales Brand\u00e3o","image":{"@type":"ImageObject","inLanguage":"pt-BR","@id":"https:\/\/secure.gravatar.com\/avatar\/7ca3206950207cc3cb48feec56a8a7898741ab725c368d99d5d7a5a50aab80c6?s=96&d=mm&r=g","url":"https:\/\/secure.gravatar.com\/avatar\/7ca3206950207cc3cb48feec56a8a7898741ab725c368d99d5d7a5a50aab80c6?s=96&d=mm&r=g","contentUrl":"https:\/\/secure.gravatar.com\/avatar\/7ca3206950207cc3cb48feec56a8a7898741ab725c368d99d5d7a5a50aab80c6?s=96&d=mm&r=g","caption":"Thales Brand\u00e3o"},"description":"Editor Executivo do Portal CidadeMarketing.com.br &gt; Mestre em Comunica\u00e7\u00e3o e Sociedade pela Universidade Federal de Sergipe. Possui MBA Executivo em Administra\u00e7\u00e3o com \u00eanfase em Marketing pela Funda\u00e7\u00e3o Get\u00falio Vargas - Rio de Janeiro. Consultor, Palestrante e Pesquisador sobre Empreendedorismo, Marketing, Redes Sociais e Neg\u00f3cios Digitais. Professor, Palestrante TedxTalks e Campus Party. Twitter: @ThalesBrandao","sameAs":["http:\/\/www.mandacaru.com.br","https:\/\/www.facebook.com\/thalesbrandao","http:\/\/www.instagram.com.br\/thalesbrandaoferreira","https:\/\/www.linkedin.com\/in\/thales-brand\u00e3o-3948609\/","https:\/\/x.com\/http:\/\/www.twitter.com\/thalesbrandao"],"url":"https:\/\/www.cidademarketing.com.br\/marketing\/author\/thalesbrandao\/"}]}},"amp_enabled":true,"_links":{"self":[{"href":"https:\/\/www.cidademarketing.com.br\/marketing\/wp-json\/wp\/v2\/posts\/23019","targetHints":{"allow":["GET"]}}],"collection":[{"href":"https:\/\/www.cidademarketing.com.br\/marketing\/wp-json\/wp\/v2\/posts"}],"about":[{"href":"https:\/\/www.cidademarketing.com.br\/marketing\/wp-json\/wp\/v2\/types\/post"}],"author":[{"embeddable":true,"href":"https:\/\/www.cidademarketing.com.br\/marketing\/wp-json\/wp\/v2\/users\/1"}],"replies":[{"embeddable":true,"href":"https:\/\/www.cidademarketing.com.br\/marketing\/wp-json\/wp\/v2\/comments?post=23019"}],"version-history":[{"count":1,"href":"https:\/\/www.cidademarketing.com.br\/marketing\/wp-json\/wp\/v2\/posts\/23019\/revisions"}],"predecessor-version":[{"id":23021,"href":"https:\/\/www.cidademarketing.com.br\/marketing\/wp-json\/wp\/v2\/posts\/23019\/revisions\/23021"}],"wp:featuredmedia":[{"embeddable":true,"href":"https:\/\/www.cidademarketing.com.br\/marketing\/wp-json\/wp\/v2\/media\/23020"}],"wp:attachment":[{"href":"https:\/\/www.cidademarketing.com.br\/marketing\/wp-json\/wp\/v2\/media?parent=23019"}],"wp:term":[{"taxonomy":"category","embeddable":true,"href":"https:\/\/www.cidademarketing.com.br\/marketing\/wp-json\/wp\/v2\/categories?post=23019"},{"taxonomy":"post_tag","embeddable":true,"href":"https:\/\/www.cidademarketing.com.br\/marketing\/wp-json\/wp\/v2\/tags?post=23019"}],"curies":[{"name":"wp","href":"https:\/\/api.w.org\/{rel}","templated":true}]}}