{"id":22789,"date":"2021-03-22T23:37:58","date_gmt":"2021-03-23T02:37:58","guid":{"rendered":"https:\/\/www.cidademarketing.com.br\/marketing\/?p=22789"},"modified":"2021-03-22T23:38:00","modified_gmt":"2021-03-23T02:38:00","slug":"unilever-reduz-consumo-global-de-agua-em-49-com-gestao-eficiente-nas-fabricas-entre-2010-e-2020","status":"publish","type":"post","link":"https:\/\/www.cidademarketing.com.br\/marketing\/2021\/03\/22\/unilever-reduz-consumo-global-de-agua-em-49-com-gestao-eficiente-nas-fabricas-entre-2010-e-2020\/","title":{"rendered":"Unilever reduz consumo global de \u00e1gua em 49% com gest\u00e3o eficiente nas f\u00e1bricas entre 2010 e 2020"},"content":{"rendered":"\n<p>A Unilever, uma das maiores fabricantes de bens de consumo do mundo, antecipou em dois anos a meta estabelecida em 2010 que ambicionava reduzir em 40%, at\u00e9 2020, a extra\u00e7\u00e3o de \u00e1gua de sua rede global de f\u00e1bricas. A meta foi batida em 2018 &#8211; dois anos antes do prazo &#8211; e, em 2020, a companhia alcan\u00e7ou uma diminui\u00e7\u00e3o de 49% no consumo de \u00e1gua por tonelada de produ\u00e7\u00e3o nas f\u00e1bricas da empresa em todo o mundo, superando o objetivo tra\u00e7ado em seu plano de sustentabilidade. Nas f\u00e1bricas do Brasil, o resultado foi ainda melhor e esse percentual de economia chegou a 54% na \u00faltima d\u00e9cada.<\/p>\n\n\n\n<p>O fato de atingir a meta antecipadamente n\u00e3o diminuiu a prioridade que a gest\u00e3o respons\u00e1vel da \u00e1gua tem para a Unilever. Recentemente, a companhia assumiu novos compromissos mundiais de enfrentamento \u00e0 escassez de \u00e1gua e preserva\u00e7\u00e3o de recursos h\u00eddricos. As metas relativas \u00e0 \u00e1gua, que tem como data limite o ano de 2030, visam transformar as f\u00f3rmulas dos produtos para que sejam 100% biodegrad\u00e1veis e ter 100% das f\u00e1bricas da companhia com circularidade de \u00e1gua, o que significa reaproveitar a \u00e1gua das esta\u00e7\u00f5es de tratamento de efluentes e n\u00e3o descart\u00e1-la em corpos h\u00eddricos.<\/p>\n\n\n\n<p>Reduzir o consumo, reutilizar e preservar a \u00e1gua s\u00e3o prioridades em todas as unidades da Unilever e, por isso, h\u00e1 um trabalho cir\u00fargico para eliminar perdas ao longo de todo o processo de fabrica\u00e7\u00e3o. A companhia utiliza medidores inteligentes que possibilitam localizar, de maneira r\u00e1pida e digital, oportunidades de melhoria e eventuais vazamentos. Dessa forma, a gest\u00e3o do recurso se torna ainda mais assertiva e acontece em tempo real. Al\u00e9m disso, desde 2020, foi implantado o projeto &#8220;Water Squad&#8221; no qual l\u00edderes de sustentabilidade de todas as f\u00e1bricas trabalham em conjunto para estudar a matriz h\u00eddrica dos complexos fabris para propor ajustes e aprimoramentos.<\/p>\n\n\n\n<p>&#8220;Fechamos um ciclo em 2020 ap\u00f3s 10 anos do nosso plano de sustentabilidade, tivemos resultados muito positivos e muitos aprendizados. Mas a jornada para alcan\u00e7ar nosso prop\u00f3sito de tornar uma vida sustent\u00e1vel parte do dia a dia das pessoas segue forte. Temos consci\u00eancia de que nossos funcion\u00e1rios, consumidores, clientes, fornecedores e parceiros esperam cada vez mais de n\u00f3s e que podemos liderar um movimento verdadeiramente transformador e que impacte positivamente a sociedade e o planeta. Por isso buscamos, diariamente, ser melhores, mais ousados \u200b\u200be mais r\u00e1pidos&#8221;, afirma Marina Yoko, gerente de sustentabilidade para as f\u00e1bricas.<\/p>\n\n\n\n<p><strong><u>Escala para o bem<\/u><\/strong><\/p>\n\n\n\n<p>Com mais de 2,5 bilh\u00f5es de consumidores pelo mundo, a companhia soma aos esfor\u00e7os internos o poder da escala e da capilaridade de suas marcas para influenciar e liderar mudan\u00e7as de impacto positivo na sociedade e no planeta e, desta forma, fomentar atitudes mais sustent\u00e1veis no dia a dia das pessoas. Neste sentido, a Unilever realiza investimento em pesquisa para desenvolver produtos inovadores, que ofere\u00e7am o mesmo desempenho para o consumidor de modo mais sustent\u00e1vel, o que inclui, entre outros aspectos, o menor consumo de \u00e1gua.<\/p>\n\n\n\n<p>A marca Love Beauty and Planet, por exemplo, tem um condicionador com tecnologia de enx\u00e1gue r\u00e1pido, o que faz com que os consumidores utilizem menos \u00e1gua durante o banho. Comfort Refresh \u00e9 um spray com tecnologia inovadora, especialmente feito para as roupas, que proporciona a sensa\u00e7\u00e3o de roupa limpa num s\u00f3 jato, evitando lavagens desnecess\u00e1rias e, consequentemente, economizando \u00e1gua. Nos \u00faltimos anos, OMO diminuiu 39% do volume de \u00e1gua utilizada para a produ\u00e7\u00e3o da nova f\u00f3rmula do produto e a \u00e1gua que volta para a natureza retorna mais limpa do que a captada para a produ\u00e7\u00e3o.<\/p>\n","protected":false},"excerpt":{"rendered":"<p>A Unilever, uma das maiores fabricantes de bens de consumo do mundo, antecipou em dois anos a meta estabelecida em 2010 que ambicionava reduzir em 40%, at\u00e9 2020, a extra\u00e7\u00e3o de \u00e1gua de sua rede global de f\u00e1bricas. A meta foi batida em 2018 &#8211; dois anos antes do prazo &#8211; e, em 2020, a [&hellip;]<\/p>\n","protected":false},"author":1,"featured_media":6611,"comment_status":"open","ping_status":"open","sticky":false,"template":"","format":"standard","meta":{"tdm_status":"","tdm_grid_status":"","footnotes":""},"categories":[6],"tags":[2309,258,33,515],"class_list":["post-22789","post","type-post","status-publish","format-standard","has-post-thumbnail","hentry","category-noticias","tag-agua","tag-consumo-consciente","tag-estrategia","tag-unilever"],"yoast_head":"<!-- This site is optimized with the Yoast SEO plugin v27.5 - https:\/\/yoast.com\/product\/yoast-seo-wordpress\/ -->\n<title>Unilever reduz consumo global de \u00e1gua em 49% com gest\u00e3o eficiente nas f\u00e1bricas entre 2010 e 2020 - CidadeMarketing<\/title>\n<meta name=\"robots\" content=\"index, follow, max-snippet:-1, max-image-preview:large, max-video-preview:-1\" \/>\n<link rel=\"canonical\" href=\"https:\/\/www.cidademarketing.com.br\/marketing\/2021\/03\/22\/unilever-reduz-consumo-global-de-agua-em-49-com-gestao-eficiente-nas-fabricas-entre-2010-e-2020\/\" \/>\n<meta property=\"og:locale\" content=\"pt_BR\" \/>\n<meta property=\"og:type\" content=\"article\" \/>\n<meta property=\"og:title\" content=\"Unilever reduz consumo global de \u00e1gua em 49% com gest\u00e3o eficiente nas f\u00e1bricas entre 2010 e 2020 - CidadeMarketing\" \/>\n<meta property=\"og:description\" content=\"A Unilever, uma das maiores fabricantes de bens de consumo do mundo, antecipou em dois anos a meta estabelecida em 2010 que ambicionava reduzir em 40%, at\u00e9 2020, a extra\u00e7\u00e3o de \u00e1gua de sua rede global de f\u00e1bricas. A meta foi batida em 2018 &#8211; dois anos antes do prazo &#8211; e, em 2020, a [&hellip;]\" \/>\n<meta property=\"og:url\" content=\"https:\/\/www.cidademarketing.com.br\/marketing\/2021\/03\/22\/unilever-reduz-consumo-global-de-agua-em-49-com-gestao-eficiente-nas-fabricas-entre-2010-e-2020\/\" \/>\n<meta property=\"og:site_name\" content=\"CidadeMarketing\" \/>\n<meta property=\"article:publisher\" content=\"https:\/\/www.facebook.com\/portalcidademarketing\" \/>\n<meta property=\"article:author\" content=\"https:\/\/www.facebook.com\/thalesbrandao\" \/>\n<meta property=\"article:published_time\" content=\"2021-03-23T02:37:58+00:00\" \/>\n<meta property=\"article:modified_time\" content=\"2021-03-23T02:38:00+00:00\" \/>\n<meta property=\"og:image\" content=\"https:\/\/www.cidademarketing.com.br\/marketing\/wp-content\/uploads\/2019\/02\/unilever_marca.jpg\" \/>\n\t<meta property=\"og:image:width\" content=\"590\" \/>\n\t<meta property=\"og:image:height\" content=\"389\" \/>\n\t<meta property=\"og:image:type\" content=\"image\/jpeg\" \/>\n<meta name=\"author\" content=\"Thales Brand\u00e3o\" \/>\n<meta name=\"twitter:card\" content=\"summary_large_image\" \/>\n<meta name=\"twitter:creator\" content=\"@http:\/\/www.twitter.com\/thalesbrandao\" \/>\n<meta name=\"twitter:site\" content=\"@CidadeMarketing\" \/>\n<meta name=\"twitter:label1\" content=\"Escrito por\" \/>\n\t<meta name=\"twitter:data1\" content=\"Thales Brand\u00e3o\" \/>\n\t<meta name=\"twitter:label2\" content=\"Est. tempo de leitura\" \/>\n\t<meta name=\"twitter:data2\" content=\"3 minutos\" \/>\n<script type=\"application\/ld+json\" class=\"yoast-schema-graph\">{\"@context\":\"https:\\\/\\\/schema.org\",\"@graph\":[{\"@type\":\"Article\",\"@id\":\"https:\\\/\\\/www.cidademarketing.com.br\\\/marketing\\\/2021\\\/03\\\/22\\\/unilever-reduz-consumo-global-de-agua-em-49-com-gestao-eficiente-nas-fabricas-entre-2010-e-2020\\\/#article\",\"isPartOf\":{\"@id\":\"https:\\\/\\\/www.cidademarketing.com.br\\\/marketing\\\/2021\\\/03\\\/22\\\/unilever-reduz-consumo-global-de-agua-em-49-com-gestao-eficiente-nas-fabricas-entre-2010-e-2020\\\/\"},\"author\":{\"name\":\"Thales Brand\u00e3o\",\"@id\":\"https:\\\/\\\/www.cidademarketing.com.br\\\/marketing\\\/#\\\/schema\\\/person\\\/02daff9f18bd9378c9e01eb6b2db155f\"},\"headline\":\"Unilever reduz consumo global de \u00e1gua em 49% com gest\u00e3o eficiente nas f\u00e1bricas entre 2010 e 2020\",\"datePublished\":\"2021-03-23T02:37:58+00:00\",\"dateModified\":\"2021-03-23T02:38:00+00:00\",\"mainEntityOfPage\":{\"@id\":\"https:\\\/\\\/www.cidademarketing.com.br\\\/marketing\\\/2021\\\/03\\\/22\\\/unilever-reduz-consumo-global-de-agua-em-49-com-gestao-eficiente-nas-fabricas-entre-2010-e-2020\\\/\"},\"wordCount\":634,\"commentCount\":0,\"publisher\":{\"@id\":\"https:\\\/\\\/www.cidademarketing.com.br\\\/marketing\\\/#organization\"},\"image\":{\"@id\":\"https:\\\/\\\/www.cidademarketing.com.br\\\/marketing\\\/2021\\\/03\\\/22\\\/unilever-reduz-consumo-global-de-agua-em-49-com-gestao-eficiente-nas-fabricas-entre-2010-e-2020\\\/#primaryimage\"},\"thumbnailUrl\":\"https:\\\/\\\/www.cidademarketing.com.br\\\/marketing\\\/wp-content\\\/uploads\\\/2019\\\/02\\\/unilever_marca.jpg\",\"keywords\":[\"\u00e1gua\",\"consumo consciente\",\"estrat\u00e9gia\",\"Unilever\"],\"articleSection\":[\"Not\u00edcias\"],\"inLanguage\":\"pt-BR\",\"potentialAction\":[{\"@type\":\"CommentAction\",\"name\":\"Comment\",\"target\":[\"https:\\\/\\\/www.cidademarketing.com.br\\\/marketing\\\/2021\\\/03\\\/22\\\/unilever-reduz-consumo-global-de-agua-em-49-com-gestao-eficiente-nas-fabricas-entre-2010-e-2020\\\/#respond\"]}]},{\"@type\":\"WebPage\",\"@id\":\"https:\\\/\\\/www.cidademarketing.com.br\\\/marketing\\\/2021\\\/03\\\/22\\\/unilever-reduz-consumo-global-de-agua-em-49-com-gestao-eficiente-nas-fabricas-entre-2010-e-2020\\\/\",\"url\":\"https:\\\/\\\/www.cidademarketing.com.br\\\/marketing\\\/2021\\\/03\\\/22\\\/unilever-reduz-consumo-global-de-agua-em-49-com-gestao-eficiente-nas-fabricas-entre-2010-e-2020\\\/\",\"name\":\"Unilever reduz consumo global de \u00e1gua em 49% com gest\u00e3o eficiente nas f\u00e1bricas entre 2010 e 2020 - CidadeMarketing\",\"isPartOf\":{\"@id\":\"https:\\\/\\\/www.cidademarketing.com.br\\\/marketing\\\/#website\"},\"primaryImageOfPage\":{\"@id\":\"https:\\\/\\\/www.cidademarketing.com.br\\\/marketing\\\/2021\\\/03\\\/22\\\/unilever-reduz-consumo-global-de-agua-em-49-com-gestao-eficiente-nas-fabricas-entre-2010-e-2020\\\/#primaryimage\"},\"image\":{\"@id\":\"https:\\\/\\\/www.cidademarketing.com.br\\\/marketing\\\/2021\\\/03\\\/22\\\/unilever-reduz-consumo-global-de-agua-em-49-com-gestao-eficiente-nas-fabricas-entre-2010-e-2020\\\/#primaryimage\"},\"thumbnailUrl\":\"https:\\\/\\\/www.cidademarketing.com.br\\\/marketing\\\/wp-content\\\/uploads\\\/2019\\\/02\\\/unilever_marca.jpg\",\"datePublished\":\"2021-03-23T02:37:58+00:00\",\"dateModified\":\"2021-03-23T02:38:00+00:00\",\"breadcrumb\":{\"@id\":\"https:\\\/\\\/www.cidademarketing.com.br\\\/marketing\\\/2021\\\/03\\\/22\\\/unilever-reduz-consumo-global-de-agua-em-49-com-gestao-eficiente-nas-fabricas-entre-2010-e-2020\\\/#breadcrumb\"},\"inLanguage\":\"pt-BR\",\"potentialAction\":[{\"@type\":\"ReadAction\",\"target\":[\"https:\\\/\\\/www.cidademarketing.com.br\\\/marketing\\\/2021\\\/03\\\/22\\\/unilever-reduz-consumo-global-de-agua-em-49-com-gestao-eficiente-nas-fabricas-entre-2010-e-2020\\\/\"]}]},{\"@type\":\"ImageObject\",\"inLanguage\":\"pt-BR\",\"@id\":\"https:\\\/\\\/www.cidademarketing.com.br\\\/marketing\\\/2021\\\/03\\\/22\\\/unilever-reduz-consumo-global-de-agua-em-49-com-gestao-eficiente-nas-fabricas-entre-2010-e-2020\\\/#primaryimage\",\"url\":\"https:\\\/\\\/www.cidademarketing.com.br\\\/marketing\\\/wp-content\\\/uploads\\\/2019\\\/02\\\/unilever_marca.jpg\",\"contentUrl\":\"https:\\\/\\\/www.cidademarketing.com.br\\\/marketing\\\/wp-content\\\/uploads\\\/2019\\\/02\\\/unilever_marca.jpg\",\"width\":590,\"height\":389},{\"@type\":\"BreadcrumbList\",\"@id\":\"https:\\\/\\\/www.cidademarketing.com.br\\\/marketing\\\/2021\\\/03\\\/22\\\/unilever-reduz-consumo-global-de-agua-em-49-com-gestao-eficiente-nas-fabricas-entre-2010-e-2020\\\/#breadcrumb\",\"itemListElement\":[{\"@type\":\"ListItem\",\"position\":1,\"name\":\"In\u00edcio\",\"item\":\"https:\\\/\\\/www.cidademarketing.com.br\\\/marketing\\\/\"},{\"@type\":\"ListItem\",\"position\":2,\"name\":\"Unilever reduz consumo global de \u00e1gua em 49% com gest\u00e3o eficiente nas f\u00e1bricas entre 2010 e 2020\"}]},{\"@type\":\"WebSite\",\"@id\":\"https:\\\/\\\/www.cidademarketing.com.br\\\/marketing\\\/#website\",\"url\":\"https:\\\/\\\/www.cidademarketing.com.br\\\/marketing\\\/\",\"name\":\"CidadeMarketing\",\"description\":\"Somos um ve\u00edculo de comunica\u00e7\u00e3o de destaque no Brasil, reconhecido por conte\u00fados nos segmentos de marketing, empreendedorismo e inova\u00e7\u00e3o.\",\"publisher\":{\"@id\":\"https:\\\/\\\/www.cidademarketing.com.br\\\/marketing\\\/#organization\"},\"alternateName\":\"CidadeMarketing\",\"potentialAction\":[{\"@type\":\"SearchAction\",\"target\":{\"@type\":\"EntryPoint\",\"urlTemplate\":\"https:\\\/\\\/www.cidademarketing.com.br\\\/marketing\\\/?s={search_term_string}\"},\"query-input\":{\"@type\":\"PropertyValueSpecification\",\"valueRequired\":true,\"valueName\":\"search_term_string\"}}],\"inLanguage\":\"pt-BR\"},{\"@type\":\"Organization\",\"@id\":\"https:\\\/\\\/www.cidademarketing.com.br\\\/marketing\\\/#organization\",\"name\":\"CidadeMarketing\",\"alternateName\":\"CidadeMarketing\",\"url\":\"https:\\\/\\\/www.cidademarketing.com.br\\\/marketing\\\/\",\"logo\":{\"@type\":\"ImageObject\",\"inLanguage\":\"pt-BR\",\"@id\":\"https:\\\/\\\/www.cidademarketing.com.br\\\/marketing\\\/#\\\/schema\\\/logo\\\/image\\\/\",\"url\":\"https:\\\/\\\/www.cidademarketing.com.br\\\/marketing\\\/wp-content\\\/uploads\\\/2020\\\/01\\\/cidademarketing_marca_mobile.png\",\"contentUrl\":\"https:\\\/\\\/www.cidademarketing.com.br\\\/marketing\\\/wp-content\\\/uploads\\\/2020\\\/01\\\/cidademarketing_marca_mobile.png\",\"width\":230,\"height\":92,\"caption\":\"CidadeMarketing\"},\"image\":{\"@id\":\"https:\\\/\\\/www.cidademarketing.com.br\\\/marketing\\\/#\\\/schema\\\/logo\\\/image\\\/\"},\"sameAs\":[\"https:\\\/\\\/www.facebook.com\\\/portalcidademarketing\",\"https:\\\/\\\/x.com\\\/CidadeMarketing\",\"https:\\\/\\\/www.instagram.com\\\/cidademarketing\\\/\"]},{\"@type\":\"Person\",\"@id\":\"https:\\\/\\\/www.cidademarketing.com.br\\\/marketing\\\/#\\\/schema\\\/person\\\/02daff9f18bd9378c9e01eb6b2db155f\",\"name\":\"Thales Brand\u00e3o\",\"image\":{\"@type\":\"ImageObject\",\"inLanguage\":\"pt-BR\",\"@id\":\"https:\\\/\\\/secure.gravatar.com\\\/avatar\\\/7ca3206950207cc3cb48feec56a8a7898741ab725c368d99d5d7a5a50aab80c6?s=96&d=mm&r=g\",\"url\":\"https:\\\/\\\/secure.gravatar.com\\\/avatar\\\/7ca3206950207cc3cb48feec56a8a7898741ab725c368d99d5d7a5a50aab80c6?s=96&d=mm&r=g\",\"contentUrl\":\"https:\\\/\\\/secure.gravatar.com\\\/avatar\\\/7ca3206950207cc3cb48feec56a8a7898741ab725c368d99d5d7a5a50aab80c6?s=96&d=mm&r=g\",\"caption\":\"Thales Brand\u00e3o\"},\"description\":\"Editor Executivo do Portal CidadeMarketing.com.br &gt; Mestre em Comunica\u00e7\u00e3o e Sociedade pela Universidade Federal de Sergipe. Possui MBA Executivo em Administra\u00e7\u00e3o com \u00eanfase em Marketing pela Funda\u00e7\u00e3o Get\u00falio Vargas - Rio de Janeiro. Consultor, Palestrante e Pesquisador sobre Empreendedorismo, Marketing, Redes Sociais e Neg\u00f3cios Digitais. Professor, Palestrante TedxTalks e Campus Party. Twitter: @ThalesBrandao\",\"sameAs\":[\"http:\\\/\\\/www.mandacaru.com.br\",\"https:\\\/\\\/www.facebook.com\\\/thalesbrandao\",\"http:\\\/\\\/www.instagram.com.br\\\/thalesbrandaoferreira\",\"https:\\\/\\\/www.linkedin.com\\\/in\\\/thales-brand\u00e3o-3948609\\\/\",\"https:\\\/\\\/x.com\\\/http:\\\/\\\/www.twitter.com\\\/thalesbrandao\"],\"url\":\"https:\\\/\\\/www.cidademarketing.com.br\\\/marketing\\\/author\\\/thalesbrandao\\\/\"}]}<\/script>\n<!-- \/ Yoast SEO plugin. -->","yoast_head_json":{"title":"Unilever reduz consumo global de \u00e1gua em 49% com gest\u00e3o eficiente nas f\u00e1bricas entre 2010 e 2020 - CidadeMarketing","robots":{"index":"index","follow":"follow","max-snippet":"max-snippet:-1","max-image-preview":"max-image-preview:large","max-video-preview":"max-video-preview:-1"},"canonical":"https:\/\/www.cidademarketing.com.br\/marketing\/2021\/03\/22\/unilever-reduz-consumo-global-de-agua-em-49-com-gestao-eficiente-nas-fabricas-entre-2010-e-2020\/","og_locale":"pt_BR","og_type":"article","og_title":"Unilever reduz consumo global de \u00e1gua em 49% com gest\u00e3o eficiente nas f\u00e1bricas entre 2010 e 2020 - CidadeMarketing","og_description":"A Unilever, uma das maiores fabricantes de bens de consumo do mundo, antecipou em dois anos a meta estabelecida em 2010 que ambicionava reduzir em 40%, at\u00e9 2020, a extra\u00e7\u00e3o de \u00e1gua de sua rede global de f\u00e1bricas. A meta foi batida em 2018 &#8211; dois anos antes do prazo &#8211; e, em 2020, a [&hellip;]","og_url":"https:\/\/www.cidademarketing.com.br\/marketing\/2021\/03\/22\/unilever-reduz-consumo-global-de-agua-em-49-com-gestao-eficiente-nas-fabricas-entre-2010-e-2020\/","og_site_name":"CidadeMarketing","article_publisher":"https:\/\/www.facebook.com\/portalcidademarketing","article_author":"https:\/\/www.facebook.com\/thalesbrandao","article_published_time":"2021-03-23T02:37:58+00:00","article_modified_time":"2021-03-23T02:38:00+00:00","og_image":[{"width":590,"height":389,"url":"https:\/\/www.cidademarketing.com.br\/marketing\/wp-content\/uploads\/2019\/02\/unilever_marca.jpg","type":"image\/jpeg"}],"author":"Thales Brand\u00e3o","twitter_card":"summary_large_image","twitter_creator":"@http:\/\/www.twitter.com\/thalesbrandao","twitter_site":"@CidadeMarketing","twitter_misc":{"Escrito por":"Thales Brand\u00e3o","Est. tempo de leitura":"3 minutos"},"schema":{"@context":"https:\/\/schema.org","@graph":[{"@type":"Article","@id":"https:\/\/www.cidademarketing.com.br\/marketing\/2021\/03\/22\/unilever-reduz-consumo-global-de-agua-em-49-com-gestao-eficiente-nas-fabricas-entre-2010-e-2020\/#article","isPartOf":{"@id":"https:\/\/www.cidademarketing.com.br\/marketing\/2021\/03\/22\/unilever-reduz-consumo-global-de-agua-em-49-com-gestao-eficiente-nas-fabricas-entre-2010-e-2020\/"},"author":{"name":"Thales Brand\u00e3o","@id":"https:\/\/www.cidademarketing.com.br\/marketing\/#\/schema\/person\/02daff9f18bd9378c9e01eb6b2db155f"},"headline":"Unilever reduz consumo global de \u00e1gua em 49% com gest\u00e3o eficiente nas f\u00e1bricas entre 2010 e 2020","datePublished":"2021-03-23T02:37:58+00:00","dateModified":"2021-03-23T02:38:00+00:00","mainEntityOfPage":{"@id":"https:\/\/www.cidademarketing.com.br\/marketing\/2021\/03\/22\/unilever-reduz-consumo-global-de-agua-em-49-com-gestao-eficiente-nas-fabricas-entre-2010-e-2020\/"},"wordCount":634,"commentCount":0,"publisher":{"@id":"https:\/\/www.cidademarketing.com.br\/marketing\/#organization"},"image":{"@id":"https:\/\/www.cidademarketing.com.br\/marketing\/2021\/03\/22\/unilever-reduz-consumo-global-de-agua-em-49-com-gestao-eficiente-nas-fabricas-entre-2010-e-2020\/#primaryimage"},"thumbnailUrl":"https:\/\/www.cidademarketing.com.br\/marketing\/wp-content\/uploads\/2019\/02\/unilever_marca.jpg","keywords":["\u00e1gua","consumo consciente","estrat\u00e9gia","Unilever"],"articleSection":["Not\u00edcias"],"inLanguage":"pt-BR","potentialAction":[{"@type":"CommentAction","name":"Comment","target":["https:\/\/www.cidademarketing.com.br\/marketing\/2021\/03\/22\/unilever-reduz-consumo-global-de-agua-em-49-com-gestao-eficiente-nas-fabricas-entre-2010-e-2020\/#respond"]}]},{"@type":"WebPage","@id":"https:\/\/www.cidademarketing.com.br\/marketing\/2021\/03\/22\/unilever-reduz-consumo-global-de-agua-em-49-com-gestao-eficiente-nas-fabricas-entre-2010-e-2020\/","url":"https:\/\/www.cidademarketing.com.br\/marketing\/2021\/03\/22\/unilever-reduz-consumo-global-de-agua-em-49-com-gestao-eficiente-nas-fabricas-entre-2010-e-2020\/","name":"Unilever reduz consumo global de \u00e1gua em 49% com gest\u00e3o eficiente nas f\u00e1bricas entre 2010 e 2020 - CidadeMarketing","isPartOf":{"@id":"https:\/\/www.cidademarketing.com.br\/marketing\/#website"},"primaryImageOfPage":{"@id":"https:\/\/www.cidademarketing.com.br\/marketing\/2021\/03\/22\/unilever-reduz-consumo-global-de-agua-em-49-com-gestao-eficiente-nas-fabricas-entre-2010-e-2020\/#primaryimage"},"image":{"@id":"https:\/\/www.cidademarketing.com.br\/marketing\/2021\/03\/22\/unilever-reduz-consumo-global-de-agua-em-49-com-gestao-eficiente-nas-fabricas-entre-2010-e-2020\/#primaryimage"},"thumbnailUrl":"https:\/\/www.cidademarketing.com.br\/marketing\/wp-content\/uploads\/2019\/02\/unilever_marca.jpg","datePublished":"2021-03-23T02:37:58+00:00","dateModified":"2021-03-23T02:38:00+00:00","breadcrumb":{"@id":"https:\/\/www.cidademarketing.com.br\/marketing\/2021\/03\/22\/unilever-reduz-consumo-global-de-agua-em-49-com-gestao-eficiente-nas-fabricas-entre-2010-e-2020\/#breadcrumb"},"inLanguage":"pt-BR","potentialAction":[{"@type":"ReadAction","target":["https:\/\/www.cidademarketing.com.br\/marketing\/2021\/03\/22\/unilever-reduz-consumo-global-de-agua-em-49-com-gestao-eficiente-nas-fabricas-entre-2010-e-2020\/"]}]},{"@type":"ImageObject","inLanguage":"pt-BR","@id":"https:\/\/www.cidademarketing.com.br\/marketing\/2021\/03\/22\/unilever-reduz-consumo-global-de-agua-em-49-com-gestao-eficiente-nas-fabricas-entre-2010-e-2020\/#primaryimage","url":"https:\/\/www.cidademarketing.com.br\/marketing\/wp-content\/uploads\/2019\/02\/unilever_marca.jpg","contentUrl":"https:\/\/www.cidademarketing.com.br\/marketing\/wp-content\/uploads\/2019\/02\/unilever_marca.jpg","width":590,"height":389},{"@type":"BreadcrumbList","@id":"https:\/\/www.cidademarketing.com.br\/marketing\/2021\/03\/22\/unilever-reduz-consumo-global-de-agua-em-49-com-gestao-eficiente-nas-fabricas-entre-2010-e-2020\/#breadcrumb","itemListElement":[{"@type":"ListItem","position":1,"name":"In\u00edcio","item":"https:\/\/www.cidademarketing.com.br\/marketing\/"},{"@type":"ListItem","position":2,"name":"Unilever reduz consumo global de \u00e1gua em 49% com gest\u00e3o eficiente nas f\u00e1bricas entre 2010 e 2020"}]},{"@type":"WebSite","@id":"https:\/\/www.cidademarketing.com.br\/marketing\/#website","url":"https:\/\/www.cidademarketing.com.br\/marketing\/","name":"CidadeMarketing","description":"Somos um ve\u00edculo de comunica\u00e7\u00e3o de destaque no Brasil, reconhecido por conte\u00fados nos segmentos de marketing, empreendedorismo e inova\u00e7\u00e3o.","publisher":{"@id":"https:\/\/www.cidademarketing.com.br\/marketing\/#organization"},"alternateName":"CidadeMarketing","potentialAction":[{"@type":"SearchAction","target":{"@type":"EntryPoint","urlTemplate":"https:\/\/www.cidademarketing.com.br\/marketing\/?s={search_term_string}"},"query-input":{"@type":"PropertyValueSpecification","valueRequired":true,"valueName":"search_term_string"}}],"inLanguage":"pt-BR"},{"@type":"Organization","@id":"https:\/\/www.cidademarketing.com.br\/marketing\/#organization","name":"CidadeMarketing","alternateName":"CidadeMarketing","url":"https:\/\/www.cidademarketing.com.br\/marketing\/","logo":{"@type":"ImageObject","inLanguage":"pt-BR","@id":"https:\/\/www.cidademarketing.com.br\/marketing\/#\/schema\/logo\/image\/","url":"https:\/\/www.cidademarketing.com.br\/marketing\/wp-content\/uploads\/2020\/01\/cidademarketing_marca_mobile.png","contentUrl":"https:\/\/www.cidademarketing.com.br\/marketing\/wp-content\/uploads\/2020\/01\/cidademarketing_marca_mobile.png","width":230,"height":92,"caption":"CidadeMarketing"},"image":{"@id":"https:\/\/www.cidademarketing.com.br\/marketing\/#\/schema\/logo\/image\/"},"sameAs":["https:\/\/www.facebook.com\/portalcidademarketing","https:\/\/x.com\/CidadeMarketing","https:\/\/www.instagram.com\/cidademarketing\/"]},{"@type":"Person","@id":"https:\/\/www.cidademarketing.com.br\/marketing\/#\/schema\/person\/02daff9f18bd9378c9e01eb6b2db155f","name":"Thales Brand\u00e3o","image":{"@type":"ImageObject","inLanguage":"pt-BR","@id":"https:\/\/secure.gravatar.com\/avatar\/7ca3206950207cc3cb48feec56a8a7898741ab725c368d99d5d7a5a50aab80c6?s=96&d=mm&r=g","url":"https:\/\/secure.gravatar.com\/avatar\/7ca3206950207cc3cb48feec56a8a7898741ab725c368d99d5d7a5a50aab80c6?s=96&d=mm&r=g","contentUrl":"https:\/\/secure.gravatar.com\/avatar\/7ca3206950207cc3cb48feec56a8a7898741ab725c368d99d5d7a5a50aab80c6?s=96&d=mm&r=g","caption":"Thales Brand\u00e3o"},"description":"Editor Executivo do Portal CidadeMarketing.com.br &gt; Mestre em Comunica\u00e7\u00e3o e Sociedade pela Universidade Federal de Sergipe. Possui MBA Executivo em Administra\u00e7\u00e3o com \u00eanfase em Marketing pela Funda\u00e7\u00e3o Get\u00falio Vargas - Rio de Janeiro. Consultor, Palestrante e Pesquisador sobre Empreendedorismo, Marketing, Redes Sociais e Neg\u00f3cios Digitais. Professor, Palestrante TedxTalks e Campus Party. Twitter: @ThalesBrandao","sameAs":["http:\/\/www.mandacaru.com.br","https:\/\/www.facebook.com\/thalesbrandao","http:\/\/www.instagram.com.br\/thalesbrandaoferreira","https:\/\/www.linkedin.com\/in\/thales-brand\u00e3o-3948609\/","https:\/\/x.com\/http:\/\/www.twitter.com\/thalesbrandao"],"url":"https:\/\/www.cidademarketing.com.br\/marketing\/author\/thalesbrandao\/"}]}},"amp_enabled":true,"_links":{"self":[{"href":"https:\/\/www.cidademarketing.com.br\/marketing\/wp-json\/wp\/v2\/posts\/22789","targetHints":{"allow":["GET"]}}],"collection":[{"href":"https:\/\/www.cidademarketing.com.br\/marketing\/wp-json\/wp\/v2\/posts"}],"about":[{"href":"https:\/\/www.cidademarketing.com.br\/marketing\/wp-json\/wp\/v2\/types\/post"}],"author":[{"embeddable":true,"href":"https:\/\/www.cidademarketing.com.br\/marketing\/wp-json\/wp\/v2\/users\/1"}],"replies":[{"embeddable":true,"href":"https:\/\/www.cidademarketing.com.br\/marketing\/wp-json\/wp\/v2\/comments?post=22789"}],"version-history":[{"count":1,"href":"https:\/\/www.cidademarketing.com.br\/marketing\/wp-json\/wp\/v2\/posts\/22789\/revisions"}],"predecessor-version":[{"id":22790,"href":"https:\/\/www.cidademarketing.com.br\/marketing\/wp-json\/wp\/v2\/posts\/22789\/revisions\/22790"}],"wp:featuredmedia":[{"embeddable":true,"href":"https:\/\/www.cidademarketing.com.br\/marketing\/wp-json\/wp\/v2\/media\/6611"}],"wp:attachment":[{"href":"https:\/\/www.cidademarketing.com.br\/marketing\/wp-json\/wp\/v2\/media?parent=22789"}],"wp:term":[{"taxonomy":"category","embeddable":true,"href":"https:\/\/www.cidademarketing.com.br\/marketing\/wp-json\/wp\/v2\/categories?post=22789"},{"taxonomy":"post_tag","embeddable":true,"href":"https:\/\/www.cidademarketing.com.br\/marketing\/wp-json\/wp\/v2\/tags?post=22789"}],"curies":[{"name":"wp","href":"https:\/\/api.w.org\/{rel}","templated":true}]}}