{"id":22701,"date":"2021-03-19T09:39:52","date_gmt":"2021-03-19T12:39:52","guid":{"rendered":"https:\/\/www.cidademarketing.com.br\/marketing\/?p=22701"},"modified":"2021-03-19T09:39:54","modified_gmt":"2021-03-19T12:39:54","slug":"btg-pactual-gerdau-peninsula-participacoes-e-suzano-se-unem-ao-hospital-israelita-albert-einstein-e-a-prefeitura-de-sp-para-erguer-40-leitos-de-uti-na-capital-paulista","status":"publish","type":"post","link":"https:\/\/www.cidademarketing.com.br\/marketing\/2021\/03\/19\/btg-pactual-gerdau-peninsula-participacoes-e-suzano-se-unem-ao-hospital-israelita-albert-einstein-e-a-prefeitura-de-sp-para-erguer-40-leitos-de-uti-na-capital-paulista\/","title":{"rendered":"BTG Pactual, Gerdau, Pen\u00ednsula Participa\u00e7\u00f5es e Suzano se unem ao Hospital Israelita Albert Einstein e \u00e0 Prefeitura de SP para erguer 40 leitos de UTI na capital paulista"},"content":{"rendered":"\n<p>Diante do crescente aumento na demanda da rede p\u00fablica de sa\u00fade no atendimento aos casos da Covid-19 no Brasil, o BTG Pactual, Gerdau, Pen\u00ednsula Participa\u00e7\u00f5es e Suzano uniram esfor\u00e7os com o Hospital Israelita Albert Einstein e a Prefeitura de S\u00e3o Paulo para a constru\u00e7\u00e3o de um novo centro de tratamento de combate \u00e0 Covid-19 na capital paulista. Trata-se de uma amplia\u00e7\u00e3o com 40 leitos de Unidade de Terapia Intensiva (UTI) erguidos no complexo do Hospital Municipal da Vila Santa Catarina Dr. Gilson de C. Marques de Carvalho, no bairro Vila Santa Catarina, regi\u00e3o sul de S\u00e3o Paulo, cuja gest\u00e3o e opera\u00e7\u00e3o j\u00e1 s\u00e3o de responsabilidade do Einstein.<\/p>\n\n\n\n<p>No local, o p\u00fablico \u00e9 atendido exclusivamente pelo Sistema \u00danico de Sa\u00fade (SUS). &#8220;Estamos num momento de grande criticidade com hospitais que chegaram ao limite da capacidade de atendimento e de cidades cujo sistema p\u00fablico de sa\u00fade j\u00e1 est\u00e3o \u00e0 beira do colapso. Esta iniciativa, que re\u00fane as for\u00e7as de seis organiza\u00e7\u00f5es, vai ter impacto direto na comunidade do entorno, inclusive nos pacientes de alto risco atendidos neste hospital de alta complexidade. Isso resultar\u00e1 em mais vidas que poder\u00e3o ser cuidadas adequadamente e salvas. Que mais esse exemplo engaje novas frentes de parcerias que ajudem o Brasil a superar a Covid-19&#8221;, afirma Guilherme Schettino, diretor do Instituto Israelita de Responsabilidade Social &#8211; Hospital Albert Einstein.<\/p>\n\n\n\n<p>As obras ter\u00e3o in\u00edcio ainda no m\u00eas de mar\u00e7o e a totalidade dos leitos ser\u00e1 entregue at\u00e9 o final de abril e ser\u00e1 estruturada a partir da t\u00e9cnica de constru\u00e7\u00e3o modular, criada pela <em>construtech<\/em> Brasil ao Cubo, que permite entregar obras em car\u00e1ter definitivo e com velocidade quatro vezes maior que uma edifica\u00e7\u00e3o comum. Essa t\u00e9cnica consiste no encaixe de m\u00f3dulos individuais, produzidos em f\u00e1brica e, ent\u00e3o, montados no local, como pe\u00e7as de um jogo. A principal mat\u00e9ria-prima para esse m\u00e9todo construtivo \u00e9 o a\u00e7o, que ser\u00e1 fornecido pela Gerdau.<\/p>\n\n\n\n<p>A constru\u00e7\u00e3o modular \u00e9 uma t\u00e9cnica considerada revolucion\u00e1ria, pois aumenta a efici\u00eancia, rapidez, flexibilidade e sustentabilidade das edifica\u00e7\u00f5es. Desde o in\u00edcio da pandemia da Covid-19, a Brasil ao Cubo j\u00e1 construiu cinco hospitais modulares no Brasil, sendo um deles localizado na cidade de S\u00e3o Paulo, anexo ao Hospital Municipal M\u2019Boi Mirim &#8211; Dr. Moys\u00e9s Deutsch.<\/p>\n\n\n\n<p>Aproximadamente 215 profissionais, entre m\u00e9dicos e equipe multidisciplinar, ser\u00e3o alocadas na nova UTI.<\/p>\n\n\n\n<p><strong>O Hospital Vila Santa Catarina Dr. Gilson de C. Marques de Carvalho<\/strong><\/p>\n\n\n\n<p>O Hospital Municipal Vila Santa Catarina \u00e9 a \u00fanica unidade de sa\u00fade de alta complexidade do munic\u00edpio de S\u00e3o Paulo e est\u00e1 localizado na regi\u00e3o do Jabaquara. Atende pacientes de todas as regi\u00f5es de S\u00e3o Paulo, divididos em quatro grandes linhas de cuidado: Transplante de \u00d3rg\u00e3os S\u00f3lidos (rim, f\u00edgado, cora\u00e7\u00e3o e pulm\u00e3o), Materno Infantil, Cirurgias Eletivas e Oncologia &#8211; cl\u00ednica e cir\u00fargica.<\/p>\n\n\n\n<p>Legado P\u00f3s-Covid: Os novos leitos de UTI ser\u00e3o destinados aos pacientes oncol\u00f3gicos e transplantados, aumentando a capacidade operacional para pacientes cr\u00edticos, permitindo o aumento do escopo da unidade hospitalar.<\/p>\n\n\n\n<p>&#8220;No ano em que a Gerdau completa 120 anos de hist\u00f3ria, temos a satisfa\u00e7\u00e3o da participar da constru\u00e7\u00e3o do terceiro equipamento hospitalar de combate \u00e0 Covid-19 no Brasil. S\u00e3o novos leitos que ficar\u00e3o de legado para a sociedade ap\u00f3s esse per\u00edodo desafiador e que t\u00eam o a\u00e7o como mat\u00e9ria-prima principal. As estruturas em a\u00e7o se destacam pela leveza, resist\u00eancia e praticidade, o que ajudar\u00e1 a dar velocidade a essa importante obra, que \u00e9 resultado da uni\u00e3o e colabora\u00e7\u00e3o de empresas e institui\u00e7\u00f5es comprometidas com o Pa\u00eds&#8221;, afirma Gustavo Werneck, CEO da Gerdau.<\/p>\n\n\n\n<p>&#8220;Aumentamos a nossa responsabilidade perante a cidade de S\u00e3o Paulo e refor\u00e7amos nosso compromisso em colaborar com o sistema de sa\u00fade do nosso Pa\u00eds. Al\u00e9m de respons\u00e1veis pela gest\u00e3o e opera\u00e7\u00e3o desse que \u00e9 o \u00fanico hospital municipal de alta complexidade, nos unimos \u00e0 iniciativa privada e \u00e0 prefeitura para viabilizar esse projeto de tanta relev\u00e2ncia, pensando imediatamente no acesso ao tratamento da Covid-19 e tamb\u00e9m ao legado que contaremos para atendimento \u00e0 oncologia e transplantes que realizados de forma continuada. Assim colocamos novamente em pr\u00e1tica nossa miss\u00e3o: entregar vidas mais saud\u00e1veis, com foco na seguran\u00e7a do paciente e excel\u00eancia do atendimento, sem deixar a humaniza\u00e7\u00e3o de lado&#8221;, Sidney Klajner, Presidente do Hospital Israelita Albert Einstein.<\/p>\n\n\n\n<p>&#8220;O BTG Pactual segue mobilizado no apoio a medidas de combate ao Coronav\u00edrus. Desde o ano passado j\u00e1 beneficiamos mais de 2,5 milh\u00f5es de pessoas em 16 estados brasileiros por meio da iniciativa #NumerosQueImportam. Seguiremos trabalhando para que estas iniciativas de apoio \u00e0 sa\u00fade e \u00e0 sociedade cheguem o mais r\u00e1pido poss\u00edvel \u00e0s pessoas.&#8221;, afirma o CEO do BTG Pactual, Roberto Sallouti.<\/p>\n\n\n\n<p>&#8220;Entendemos que a uni\u00e3o de esfor\u00e7os \u00e9 fundamental para garantirmos a sa\u00fade e seguran\u00e7a da sociedade diante desse cen\u00e1rio t\u00e3o delicado. Por isso, desde o in\u00edcio da pandemia, estamos engajados em participar e apoiar movimentos com os setores p\u00fablico e privado que ajudem no combate \u00e0 propaga\u00e7\u00e3o do coronav\u00edrus e na preserva\u00e7\u00e3o da vida, ao mesmo tempo que mantemos foco na manuten\u00e7\u00e3o de nossas opera\u00e7\u00f5es e na produ\u00e7\u00e3o de itens t\u00e3o essenciais para a popula\u00e7\u00e3o&#8221;, afirma Walter Schalka, presidente da Suzano. &#8220;Minha fam\u00edlia, por meio da Pen\u00ednsula Participa\u00e7\u00f5es, segue se empenhando para tentar minimizar as dores desta pandemia e sabemos que estamos em um momento muito cr\u00edtico no setor da sa\u00fade. Por isso, poder ajudar na constru\u00e7\u00e3o desses novos leitos de UTI com agilidade e compet\u00eancia de todos os envolvidos e ajudar a salvar vidas dessa maneira direta nos traz esperan\u00e7a no meio de tanta dificuldade que nosso pa\u00eds est\u00e1 passando.&#8221;, Jo\u00e3o Paulo Diniz<\/p>\n","protected":false},"excerpt":{"rendered":"<p>Diante do crescente aumento na demanda da rede p\u00fablica de sa\u00fade no atendimento aos casos da Covid-19 no Brasil, o BTG Pactual, Gerdau, Pen\u00ednsula Participa\u00e7\u00f5es e Suzano uniram esfor\u00e7os com o Hospital Israelita Albert Einstein e a Prefeitura de S\u00e3o Paulo para a constru\u00e7\u00e3o de um novo centro de tratamento de combate \u00e0 Covid-19 na [&hellip;]<\/p>\n","protected":false},"author":1,"featured_media":22702,"comment_status":"open","ping_status":"open","sticky":false,"template":"","format":"standard","meta":{"tdm_status":"","tdm_grid_status":"","footnotes":""},"categories":[6],"tags":[830,2894,2050,28],"class_list":["post-22701","post","type-post","status-publish","format-standard","has-post-thumbnail","hentry","category-noticias","tag-btg-pactual","tag-gerdau","tag-hospital-israelita-albert-einstein","tag-marketing"],"yoast_head":"<!-- This site is optimized with the Yoast SEO plugin v27.5 - https:\/\/yoast.com\/product\/yoast-seo-wordpress\/ -->\n<title>BTG Pactual, Gerdau, Pen\u00ednsula Participa\u00e7\u00f5es e Suzano se unem ao Hospital Israelita Albert Einstein e \u00e0 Prefeitura de SP para erguer 40 leitos de UTI na capital paulista - CidadeMarketing<\/title>\n<meta name=\"robots\" content=\"index, follow, max-snippet:-1, max-image-preview:large, max-video-preview:-1\" \/>\n<link rel=\"canonical\" href=\"https:\/\/www.cidademarketing.com.br\/marketing\/2021\/03\/19\/btg-pactual-gerdau-peninsula-participacoes-e-suzano-se-unem-ao-hospital-israelita-albert-einstein-e-a-prefeitura-de-sp-para-erguer-40-leitos-de-uti-na-capital-paulista\/\" \/>\n<meta property=\"og:locale\" content=\"pt_BR\" \/>\n<meta property=\"og:type\" content=\"article\" \/>\n<meta property=\"og:title\" content=\"BTG Pactual, Gerdau, Pen\u00ednsula Participa\u00e7\u00f5es e Suzano se unem ao Hospital Israelita Albert Einstein e \u00e0 Prefeitura de SP para erguer 40 leitos de UTI na capital paulista - CidadeMarketing\" \/>\n<meta property=\"og:description\" content=\"Diante do crescente aumento na demanda da rede p\u00fablica de sa\u00fade no atendimento aos casos da Covid-19 no Brasil, o BTG Pactual, Gerdau, Pen\u00ednsula Participa\u00e7\u00f5es e Suzano uniram esfor\u00e7os com o Hospital Israelita Albert Einstein e a Prefeitura de S\u00e3o Paulo para a constru\u00e7\u00e3o de um novo centro de tratamento de combate \u00e0 Covid-19 na [&hellip;]\" \/>\n<meta property=\"og:url\" content=\"https:\/\/www.cidademarketing.com.br\/marketing\/2021\/03\/19\/btg-pactual-gerdau-peninsula-participacoes-e-suzano-se-unem-ao-hospital-israelita-albert-einstein-e-a-prefeitura-de-sp-para-erguer-40-leitos-de-uti-na-capital-paulista\/\" \/>\n<meta property=\"og:site_name\" content=\"CidadeMarketing\" \/>\n<meta property=\"article:publisher\" content=\"https:\/\/www.facebook.com\/portalcidademarketing\" \/>\n<meta property=\"article:author\" content=\"https:\/\/www.facebook.com\/thalesbrandao\" \/>\n<meta property=\"article:published_time\" content=\"2021-03-19T12:39:52+00:00\" \/>\n<meta property=\"article:modified_time\" content=\"2021-03-19T12:39:54+00:00\" \/>\n<meta property=\"og:image\" content=\"https:\/\/www.cidademarketing.com.br\/marketing\/wp-content\/uploads\/2021\/03\/leitos_uti_coronavirus_sp-scaled.jpeg\" \/>\n\t<meta property=\"og:image:width\" content=\"2560\" \/>\n\t<meta property=\"og:image:height\" content=\"1707\" \/>\n\t<meta property=\"og:image:type\" content=\"image\/jpeg\" \/>\n<meta name=\"author\" content=\"Thales Brand\u00e3o\" \/>\n<meta name=\"twitter:card\" content=\"summary_large_image\" \/>\n<meta name=\"twitter:creator\" content=\"@http:\/\/www.twitter.com\/thalesbrandao\" \/>\n<meta name=\"twitter:site\" content=\"@CidadeMarketing\" \/>\n<meta name=\"twitter:label1\" content=\"Escrito por\" \/>\n\t<meta name=\"twitter:data1\" content=\"Thales Brand\u00e3o\" \/>\n\t<meta name=\"twitter:label2\" content=\"Est. tempo de leitura\" \/>\n\t<meta name=\"twitter:data2\" content=\"5 minutos\" \/>\n<script type=\"application\/ld+json\" class=\"yoast-schema-graph\">{\"@context\":\"https:\\\/\\\/schema.org\",\"@graph\":[{\"@type\":\"Article\",\"@id\":\"https:\\\/\\\/www.cidademarketing.com.br\\\/marketing\\\/2021\\\/03\\\/19\\\/btg-pactual-gerdau-peninsula-participacoes-e-suzano-se-unem-ao-hospital-israelita-albert-einstein-e-a-prefeitura-de-sp-para-erguer-40-leitos-de-uti-na-capital-paulista\\\/#article\",\"isPartOf\":{\"@id\":\"https:\\\/\\\/www.cidademarketing.com.br\\\/marketing\\\/2021\\\/03\\\/19\\\/btg-pactual-gerdau-peninsula-participacoes-e-suzano-se-unem-ao-hospital-israelita-albert-einstein-e-a-prefeitura-de-sp-para-erguer-40-leitos-de-uti-na-capital-paulista\\\/\"},\"author\":{\"name\":\"Thales Brand\u00e3o\",\"@id\":\"https:\\\/\\\/www.cidademarketing.com.br\\\/marketing\\\/#\\\/schema\\\/person\\\/02daff9f18bd9378c9e01eb6b2db155f\"},\"headline\":\"BTG Pactual, Gerdau, Pen\u00ednsula Participa\u00e7\u00f5es e Suzano se unem ao Hospital Israelita Albert Einstein e \u00e0 Prefeitura de SP para erguer 40 leitos de UTI na capital paulista\",\"datePublished\":\"2021-03-19T12:39:52+00:00\",\"dateModified\":\"2021-03-19T12:39:54+00:00\",\"mainEntityOfPage\":{\"@id\":\"https:\\\/\\\/www.cidademarketing.com.br\\\/marketing\\\/2021\\\/03\\\/19\\\/btg-pactual-gerdau-peninsula-participacoes-e-suzano-se-unem-ao-hospital-israelita-albert-einstein-e-a-prefeitura-de-sp-para-erguer-40-leitos-de-uti-na-capital-paulista\\\/\"},\"wordCount\":1043,\"commentCount\":0,\"publisher\":{\"@id\":\"https:\\\/\\\/www.cidademarketing.com.br\\\/marketing\\\/#organization\"},\"image\":{\"@id\":\"https:\\\/\\\/www.cidademarketing.com.br\\\/marketing\\\/2021\\\/03\\\/19\\\/btg-pactual-gerdau-peninsula-participacoes-e-suzano-se-unem-ao-hospital-israelita-albert-einstein-e-a-prefeitura-de-sp-para-erguer-40-leitos-de-uti-na-capital-paulista\\\/#primaryimage\"},\"thumbnailUrl\":\"https:\\\/\\\/www.cidademarketing.com.br\\\/marketing\\\/wp-content\\\/uploads\\\/2021\\\/03\\\/leitos_uti_coronavirus_sp-scaled.jpeg\",\"keywords\":[\"BTG Pactual\",\"Gerdau\",\"Hospital Israelita Albert Einstein\",\"marketing\"],\"articleSection\":[\"Not\u00edcias\"],\"inLanguage\":\"pt-BR\",\"potentialAction\":[{\"@type\":\"CommentAction\",\"name\":\"Comment\",\"target\":[\"https:\\\/\\\/www.cidademarketing.com.br\\\/marketing\\\/2021\\\/03\\\/19\\\/btg-pactual-gerdau-peninsula-participacoes-e-suzano-se-unem-ao-hospital-israelita-albert-einstein-e-a-prefeitura-de-sp-para-erguer-40-leitos-de-uti-na-capital-paulista\\\/#respond\"]}]},{\"@type\":\"WebPage\",\"@id\":\"https:\\\/\\\/www.cidademarketing.com.br\\\/marketing\\\/2021\\\/03\\\/19\\\/btg-pactual-gerdau-peninsula-participacoes-e-suzano-se-unem-ao-hospital-israelita-albert-einstein-e-a-prefeitura-de-sp-para-erguer-40-leitos-de-uti-na-capital-paulista\\\/\",\"url\":\"https:\\\/\\\/www.cidademarketing.com.br\\\/marketing\\\/2021\\\/03\\\/19\\\/btg-pactual-gerdau-peninsula-participacoes-e-suzano-se-unem-ao-hospital-israelita-albert-einstein-e-a-prefeitura-de-sp-para-erguer-40-leitos-de-uti-na-capital-paulista\\\/\",\"name\":\"BTG Pactual, Gerdau, Pen\u00ednsula Participa\u00e7\u00f5es e Suzano se unem ao Hospital Israelita Albert Einstein e \u00e0 Prefeitura de SP para erguer 40 leitos de UTI na capital paulista - CidadeMarketing\",\"isPartOf\":{\"@id\":\"https:\\\/\\\/www.cidademarketing.com.br\\\/marketing\\\/#website\"},\"primaryImageOfPage\":{\"@id\":\"https:\\\/\\\/www.cidademarketing.com.br\\\/marketing\\\/2021\\\/03\\\/19\\\/btg-pactual-gerdau-peninsula-participacoes-e-suzano-se-unem-ao-hospital-israelita-albert-einstein-e-a-prefeitura-de-sp-para-erguer-40-leitos-de-uti-na-capital-paulista\\\/#primaryimage\"},\"image\":{\"@id\":\"https:\\\/\\\/www.cidademarketing.com.br\\\/marketing\\\/2021\\\/03\\\/19\\\/btg-pactual-gerdau-peninsula-participacoes-e-suzano-se-unem-ao-hospital-israelita-albert-einstein-e-a-prefeitura-de-sp-para-erguer-40-leitos-de-uti-na-capital-paulista\\\/#primaryimage\"},\"thumbnailUrl\":\"https:\\\/\\\/www.cidademarketing.com.br\\\/marketing\\\/wp-content\\\/uploads\\\/2021\\\/03\\\/leitos_uti_coronavirus_sp-scaled.jpeg\",\"datePublished\":\"2021-03-19T12:39:52+00:00\",\"dateModified\":\"2021-03-19T12:39:54+00:00\",\"breadcrumb\":{\"@id\":\"https:\\\/\\\/www.cidademarketing.com.br\\\/marketing\\\/2021\\\/03\\\/19\\\/btg-pactual-gerdau-peninsula-participacoes-e-suzano-se-unem-ao-hospital-israelita-albert-einstein-e-a-prefeitura-de-sp-para-erguer-40-leitos-de-uti-na-capital-paulista\\\/#breadcrumb\"},\"inLanguage\":\"pt-BR\",\"potentialAction\":[{\"@type\":\"ReadAction\",\"target\":[\"https:\\\/\\\/www.cidademarketing.com.br\\\/marketing\\\/2021\\\/03\\\/19\\\/btg-pactual-gerdau-peninsula-participacoes-e-suzano-se-unem-ao-hospital-israelita-albert-einstein-e-a-prefeitura-de-sp-para-erguer-40-leitos-de-uti-na-capital-paulista\\\/\"]}]},{\"@type\":\"ImageObject\",\"inLanguage\":\"pt-BR\",\"@id\":\"https:\\\/\\\/www.cidademarketing.com.br\\\/marketing\\\/2021\\\/03\\\/19\\\/btg-pactual-gerdau-peninsula-participacoes-e-suzano-se-unem-ao-hospital-israelita-albert-einstein-e-a-prefeitura-de-sp-para-erguer-40-leitos-de-uti-na-capital-paulista\\\/#primaryimage\",\"url\":\"https:\\\/\\\/www.cidademarketing.com.br\\\/marketing\\\/wp-content\\\/uploads\\\/2021\\\/03\\\/leitos_uti_coronavirus_sp-scaled.jpeg\",\"contentUrl\":\"https:\\\/\\\/www.cidademarketing.com.br\\\/marketing\\\/wp-content\\\/uploads\\\/2021\\\/03\\\/leitos_uti_coronavirus_sp-scaled.jpeg\",\"width\":2560,\"height\":1707,\"caption\":\"Ambul\u00e2ncia - Fachada do Hospital Municipal Vila Santa Catarina\"},{\"@type\":\"BreadcrumbList\",\"@id\":\"https:\\\/\\\/www.cidademarketing.com.br\\\/marketing\\\/2021\\\/03\\\/19\\\/btg-pactual-gerdau-peninsula-participacoes-e-suzano-se-unem-ao-hospital-israelita-albert-einstein-e-a-prefeitura-de-sp-para-erguer-40-leitos-de-uti-na-capital-paulista\\\/#breadcrumb\",\"itemListElement\":[{\"@type\":\"ListItem\",\"position\":1,\"name\":\"In\u00edcio\",\"item\":\"https:\\\/\\\/www.cidademarketing.com.br\\\/marketing\\\/\"},{\"@type\":\"ListItem\",\"position\":2,\"name\":\"BTG Pactual, Gerdau, Pen\u00ednsula Participa\u00e7\u00f5es e Suzano se unem ao Hospital Israelita Albert Einstein e \u00e0 Prefeitura de SP para erguer 40 leitos de UTI na capital paulista\"}]},{\"@type\":\"WebSite\",\"@id\":\"https:\\\/\\\/www.cidademarketing.com.br\\\/marketing\\\/#website\",\"url\":\"https:\\\/\\\/www.cidademarketing.com.br\\\/marketing\\\/\",\"name\":\"CidadeMarketing\",\"description\":\"Somos um ve\u00edculo de comunica\u00e7\u00e3o de destaque no Brasil, reconhecido por conte\u00fados nos segmentos de marketing, empreendedorismo e inova\u00e7\u00e3o.\",\"publisher\":{\"@id\":\"https:\\\/\\\/www.cidademarketing.com.br\\\/marketing\\\/#organization\"},\"alternateName\":\"CidadeMarketing\",\"potentialAction\":[{\"@type\":\"SearchAction\",\"target\":{\"@type\":\"EntryPoint\",\"urlTemplate\":\"https:\\\/\\\/www.cidademarketing.com.br\\\/marketing\\\/?s={search_term_string}\"},\"query-input\":{\"@type\":\"PropertyValueSpecification\",\"valueRequired\":true,\"valueName\":\"search_term_string\"}}],\"inLanguage\":\"pt-BR\"},{\"@type\":\"Organization\",\"@id\":\"https:\\\/\\\/www.cidademarketing.com.br\\\/marketing\\\/#organization\",\"name\":\"CidadeMarketing\",\"alternateName\":\"CidadeMarketing\",\"url\":\"https:\\\/\\\/www.cidademarketing.com.br\\\/marketing\\\/\",\"logo\":{\"@type\":\"ImageObject\",\"inLanguage\":\"pt-BR\",\"@id\":\"https:\\\/\\\/www.cidademarketing.com.br\\\/marketing\\\/#\\\/schema\\\/logo\\\/image\\\/\",\"url\":\"https:\\\/\\\/www.cidademarketing.com.br\\\/marketing\\\/wp-content\\\/uploads\\\/2020\\\/01\\\/cidademarketing_marca_mobile.png\",\"contentUrl\":\"https:\\\/\\\/www.cidademarketing.com.br\\\/marketing\\\/wp-content\\\/uploads\\\/2020\\\/01\\\/cidademarketing_marca_mobile.png\",\"width\":230,\"height\":92,\"caption\":\"CidadeMarketing\"},\"image\":{\"@id\":\"https:\\\/\\\/www.cidademarketing.com.br\\\/marketing\\\/#\\\/schema\\\/logo\\\/image\\\/\"},\"sameAs\":[\"https:\\\/\\\/www.facebook.com\\\/portalcidademarketing\",\"https:\\\/\\\/x.com\\\/CidadeMarketing\",\"https:\\\/\\\/www.instagram.com\\\/cidademarketing\\\/\"]},{\"@type\":\"Person\",\"@id\":\"https:\\\/\\\/www.cidademarketing.com.br\\\/marketing\\\/#\\\/schema\\\/person\\\/02daff9f18bd9378c9e01eb6b2db155f\",\"name\":\"Thales Brand\u00e3o\",\"image\":{\"@type\":\"ImageObject\",\"inLanguage\":\"pt-BR\",\"@id\":\"https:\\\/\\\/secure.gravatar.com\\\/avatar\\\/7ca3206950207cc3cb48feec56a8a7898741ab725c368d99d5d7a5a50aab80c6?s=96&d=mm&r=g\",\"url\":\"https:\\\/\\\/secure.gravatar.com\\\/avatar\\\/7ca3206950207cc3cb48feec56a8a7898741ab725c368d99d5d7a5a50aab80c6?s=96&d=mm&r=g\",\"contentUrl\":\"https:\\\/\\\/secure.gravatar.com\\\/avatar\\\/7ca3206950207cc3cb48feec56a8a7898741ab725c368d99d5d7a5a50aab80c6?s=96&d=mm&r=g\",\"caption\":\"Thales Brand\u00e3o\"},\"description\":\"Editor Executivo do Portal CidadeMarketing.com.br &gt; Mestre em Comunica\u00e7\u00e3o e Sociedade pela Universidade Federal de Sergipe. Possui MBA Executivo em Administra\u00e7\u00e3o com \u00eanfase em Marketing pela Funda\u00e7\u00e3o Get\u00falio Vargas - Rio de Janeiro. Consultor, Palestrante e Pesquisador sobre Empreendedorismo, Marketing, Redes Sociais e Neg\u00f3cios Digitais. Professor, Palestrante TedxTalks e Campus Party. Twitter: @ThalesBrandao\",\"sameAs\":[\"http:\\\/\\\/www.mandacaru.com.br\",\"https:\\\/\\\/www.facebook.com\\\/thalesbrandao\",\"http:\\\/\\\/www.instagram.com.br\\\/thalesbrandaoferreira\",\"https:\\\/\\\/www.linkedin.com\\\/in\\\/thales-brand\u00e3o-3948609\\\/\",\"https:\\\/\\\/x.com\\\/http:\\\/\\\/www.twitter.com\\\/thalesbrandao\"],\"url\":\"https:\\\/\\\/www.cidademarketing.com.br\\\/marketing\\\/author\\\/thalesbrandao\\\/\"}]}<\/script>\n<!-- \/ Yoast SEO plugin. -->","yoast_head_json":{"title":"BTG Pactual, Gerdau, Pen\u00ednsula Participa\u00e7\u00f5es e Suzano se unem ao Hospital Israelita Albert Einstein e \u00e0 Prefeitura de SP para erguer 40 leitos de UTI na capital paulista - CidadeMarketing","robots":{"index":"index","follow":"follow","max-snippet":"max-snippet:-1","max-image-preview":"max-image-preview:large","max-video-preview":"max-video-preview:-1"},"canonical":"https:\/\/www.cidademarketing.com.br\/marketing\/2021\/03\/19\/btg-pactual-gerdau-peninsula-participacoes-e-suzano-se-unem-ao-hospital-israelita-albert-einstein-e-a-prefeitura-de-sp-para-erguer-40-leitos-de-uti-na-capital-paulista\/","og_locale":"pt_BR","og_type":"article","og_title":"BTG Pactual, Gerdau, Pen\u00ednsula Participa\u00e7\u00f5es e Suzano se unem ao Hospital Israelita Albert Einstein e \u00e0 Prefeitura de SP para erguer 40 leitos de UTI na capital paulista - CidadeMarketing","og_description":"Diante do crescente aumento na demanda da rede p\u00fablica de sa\u00fade no atendimento aos casos da Covid-19 no Brasil, o BTG Pactual, Gerdau, Pen\u00ednsula Participa\u00e7\u00f5es e Suzano uniram esfor\u00e7os com o Hospital Israelita Albert Einstein e a Prefeitura de S\u00e3o Paulo para a constru\u00e7\u00e3o de um novo centro de tratamento de combate \u00e0 Covid-19 na [&hellip;]","og_url":"https:\/\/www.cidademarketing.com.br\/marketing\/2021\/03\/19\/btg-pactual-gerdau-peninsula-participacoes-e-suzano-se-unem-ao-hospital-israelita-albert-einstein-e-a-prefeitura-de-sp-para-erguer-40-leitos-de-uti-na-capital-paulista\/","og_site_name":"CidadeMarketing","article_publisher":"https:\/\/www.facebook.com\/portalcidademarketing","article_author":"https:\/\/www.facebook.com\/thalesbrandao","article_published_time":"2021-03-19T12:39:52+00:00","article_modified_time":"2021-03-19T12:39:54+00:00","og_image":[{"width":2560,"height":1707,"url":"https:\/\/www.cidademarketing.com.br\/marketing\/wp-content\/uploads\/2021\/03\/leitos_uti_coronavirus_sp-scaled.jpeg","type":"image\/jpeg"}],"author":"Thales Brand\u00e3o","twitter_card":"summary_large_image","twitter_creator":"@http:\/\/www.twitter.com\/thalesbrandao","twitter_site":"@CidadeMarketing","twitter_misc":{"Escrito por":"Thales Brand\u00e3o","Est. tempo de leitura":"5 minutos"},"schema":{"@context":"https:\/\/schema.org","@graph":[{"@type":"Article","@id":"https:\/\/www.cidademarketing.com.br\/marketing\/2021\/03\/19\/btg-pactual-gerdau-peninsula-participacoes-e-suzano-se-unem-ao-hospital-israelita-albert-einstein-e-a-prefeitura-de-sp-para-erguer-40-leitos-de-uti-na-capital-paulista\/#article","isPartOf":{"@id":"https:\/\/www.cidademarketing.com.br\/marketing\/2021\/03\/19\/btg-pactual-gerdau-peninsula-participacoes-e-suzano-se-unem-ao-hospital-israelita-albert-einstein-e-a-prefeitura-de-sp-para-erguer-40-leitos-de-uti-na-capital-paulista\/"},"author":{"name":"Thales Brand\u00e3o","@id":"https:\/\/www.cidademarketing.com.br\/marketing\/#\/schema\/person\/02daff9f18bd9378c9e01eb6b2db155f"},"headline":"BTG Pactual, Gerdau, Pen\u00ednsula Participa\u00e7\u00f5es e Suzano se unem ao Hospital Israelita Albert Einstein e \u00e0 Prefeitura de SP para erguer 40 leitos de UTI na capital paulista","datePublished":"2021-03-19T12:39:52+00:00","dateModified":"2021-03-19T12:39:54+00:00","mainEntityOfPage":{"@id":"https:\/\/www.cidademarketing.com.br\/marketing\/2021\/03\/19\/btg-pactual-gerdau-peninsula-participacoes-e-suzano-se-unem-ao-hospital-israelita-albert-einstein-e-a-prefeitura-de-sp-para-erguer-40-leitos-de-uti-na-capital-paulista\/"},"wordCount":1043,"commentCount":0,"publisher":{"@id":"https:\/\/www.cidademarketing.com.br\/marketing\/#organization"},"image":{"@id":"https:\/\/www.cidademarketing.com.br\/marketing\/2021\/03\/19\/btg-pactual-gerdau-peninsula-participacoes-e-suzano-se-unem-ao-hospital-israelita-albert-einstein-e-a-prefeitura-de-sp-para-erguer-40-leitos-de-uti-na-capital-paulista\/#primaryimage"},"thumbnailUrl":"https:\/\/www.cidademarketing.com.br\/marketing\/wp-content\/uploads\/2021\/03\/leitos_uti_coronavirus_sp-scaled.jpeg","keywords":["BTG Pactual","Gerdau","Hospital Israelita Albert Einstein","marketing"],"articleSection":["Not\u00edcias"],"inLanguage":"pt-BR","potentialAction":[{"@type":"CommentAction","name":"Comment","target":["https:\/\/www.cidademarketing.com.br\/marketing\/2021\/03\/19\/btg-pactual-gerdau-peninsula-participacoes-e-suzano-se-unem-ao-hospital-israelita-albert-einstein-e-a-prefeitura-de-sp-para-erguer-40-leitos-de-uti-na-capital-paulista\/#respond"]}]},{"@type":"WebPage","@id":"https:\/\/www.cidademarketing.com.br\/marketing\/2021\/03\/19\/btg-pactual-gerdau-peninsula-participacoes-e-suzano-se-unem-ao-hospital-israelita-albert-einstein-e-a-prefeitura-de-sp-para-erguer-40-leitos-de-uti-na-capital-paulista\/","url":"https:\/\/www.cidademarketing.com.br\/marketing\/2021\/03\/19\/btg-pactual-gerdau-peninsula-participacoes-e-suzano-se-unem-ao-hospital-israelita-albert-einstein-e-a-prefeitura-de-sp-para-erguer-40-leitos-de-uti-na-capital-paulista\/","name":"BTG Pactual, Gerdau, Pen\u00ednsula Participa\u00e7\u00f5es e Suzano se unem ao Hospital Israelita Albert Einstein e \u00e0 Prefeitura de SP para erguer 40 leitos de UTI na capital paulista - CidadeMarketing","isPartOf":{"@id":"https:\/\/www.cidademarketing.com.br\/marketing\/#website"},"primaryImageOfPage":{"@id":"https:\/\/www.cidademarketing.com.br\/marketing\/2021\/03\/19\/btg-pactual-gerdau-peninsula-participacoes-e-suzano-se-unem-ao-hospital-israelita-albert-einstein-e-a-prefeitura-de-sp-para-erguer-40-leitos-de-uti-na-capital-paulista\/#primaryimage"},"image":{"@id":"https:\/\/www.cidademarketing.com.br\/marketing\/2021\/03\/19\/btg-pactual-gerdau-peninsula-participacoes-e-suzano-se-unem-ao-hospital-israelita-albert-einstein-e-a-prefeitura-de-sp-para-erguer-40-leitos-de-uti-na-capital-paulista\/#primaryimage"},"thumbnailUrl":"https:\/\/www.cidademarketing.com.br\/marketing\/wp-content\/uploads\/2021\/03\/leitos_uti_coronavirus_sp-scaled.jpeg","datePublished":"2021-03-19T12:39:52+00:00","dateModified":"2021-03-19T12:39:54+00:00","breadcrumb":{"@id":"https:\/\/www.cidademarketing.com.br\/marketing\/2021\/03\/19\/btg-pactual-gerdau-peninsula-participacoes-e-suzano-se-unem-ao-hospital-israelita-albert-einstein-e-a-prefeitura-de-sp-para-erguer-40-leitos-de-uti-na-capital-paulista\/#breadcrumb"},"inLanguage":"pt-BR","potentialAction":[{"@type":"ReadAction","target":["https:\/\/www.cidademarketing.com.br\/marketing\/2021\/03\/19\/btg-pactual-gerdau-peninsula-participacoes-e-suzano-se-unem-ao-hospital-israelita-albert-einstein-e-a-prefeitura-de-sp-para-erguer-40-leitos-de-uti-na-capital-paulista\/"]}]},{"@type":"ImageObject","inLanguage":"pt-BR","@id":"https:\/\/www.cidademarketing.com.br\/marketing\/2021\/03\/19\/btg-pactual-gerdau-peninsula-participacoes-e-suzano-se-unem-ao-hospital-israelita-albert-einstein-e-a-prefeitura-de-sp-para-erguer-40-leitos-de-uti-na-capital-paulista\/#primaryimage","url":"https:\/\/www.cidademarketing.com.br\/marketing\/wp-content\/uploads\/2021\/03\/leitos_uti_coronavirus_sp-scaled.jpeg","contentUrl":"https:\/\/www.cidademarketing.com.br\/marketing\/wp-content\/uploads\/2021\/03\/leitos_uti_coronavirus_sp-scaled.jpeg","width":2560,"height":1707,"caption":"Ambul\u00e2ncia - Fachada do Hospital Municipal Vila Santa Catarina"},{"@type":"BreadcrumbList","@id":"https:\/\/www.cidademarketing.com.br\/marketing\/2021\/03\/19\/btg-pactual-gerdau-peninsula-participacoes-e-suzano-se-unem-ao-hospital-israelita-albert-einstein-e-a-prefeitura-de-sp-para-erguer-40-leitos-de-uti-na-capital-paulista\/#breadcrumb","itemListElement":[{"@type":"ListItem","position":1,"name":"In\u00edcio","item":"https:\/\/www.cidademarketing.com.br\/marketing\/"},{"@type":"ListItem","position":2,"name":"BTG Pactual, Gerdau, Pen\u00ednsula Participa\u00e7\u00f5es e Suzano se unem ao Hospital Israelita Albert Einstein e \u00e0 Prefeitura de SP para erguer 40 leitos de UTI na capital paulista"}]},{"@type":"WebSite","@id":"https:\/\/www.cidademarketing.com.br\/marketing\/#website","url":"https:\/\/www.cidademarketing.com.br\/marketing\/","name":"CidadeMarketing","description":"Somos um ve\u00edculo de comunica\u00e7\u00e3o de destaque no Brasil, reconhecido por conte\u00fados nos segmentos de marketing, empreendedorismo e inova\u00e7\u00e3o.","publisher":{"@id":"https:\/\/www.cidademarketing.com.br\/marketing\/#organization"},"alternateName":"CidadeMarketing","potentialAction":[{"@type":"SearchAction","target":{"@type":"EntryPoint","urlTemplate":"https:\/\/www.cidademarketing.com.br\/marketing\/?s={search_term_string}"},"query-input":{"@type":"PropertyValueSpecification","valueRequired":true,"valueName":"search_term_string"}}],"inLanguage":"pt-BR"},{"@type":"Organization","@id":"https:\/\/www.cidademarketing.com.br\/marketing\/#organization","name":"CidadeMarketing","alternateName":"CidadeMarketing","url":"https:\/\/www.cidademarketing.com.br\/marketing\/","logo":{"@type":"ImageObject","inLanguage":"pt-BR","@id":"https:\/\/www.cidademarketing.com.br\/marketing\/#\/schema\/logo\/image\/","url":"https:\/\/www.cidademarketing.com.br\/marketing\/wp-content\/uploads\/2020\/01\/cidademarketing_marca_mobile.png","contentUrl":"https:\/\/www.cidademarketing.com.br\/marketing\/wp-content\/uploads\/2020\/01\/cidademarketing_marca_mobile.png","width":230,"height":92,"caption":"CidadeMarketing"},"image":{"@id":"https:\/\/www.cidademarketing.com.br\/marketing\/#\/schema\/logo\/image\/"},"sameAs":["https:\/\/www.facebook.com\/portalcidademarketing","https:\/\/x.com\/CidadeMarketing","https:\/\/www.instagram.com\/cidademarketing\/"]},{"@type":"Person","@id":"https:\/\/www.cidademarketing.com.br\/marketing\/#\/schema\/person\/02daff9f18bd9378c9e01eb6b2db155f","name":"Thales Brand\u00e3o","image":{"@type":"ImageObject","inLanguage":"pt-BR","@id":"https:\/\/secure.gravatar.com\/avatar\/7ca3206950207cc3cb48feec56a8a7898741ab725c368d99d5d7a5a50aab80c6?s=96&d=mm&r=g","url":"https:\/\/secure.gravatar.com\/avatar\/7ca3206950207cc3cb48feec56a8a7898741ab725c368d99d5d7a5a50aab80c6?s=96&d=mm&r=g","contentUrl":"https:\/\/secure.gravatar.com\/avatar\/7ca3206950207cc3cb48feec56a8a7898741ab725c368d99d5d7a5a50aab80c6?s=96&d=mm&r=g","caption":"Thales Brand\u00e3o"},"description":"Editor Executivo do Portal CidadeMarketing.com.br &gt; Mestre em Comunica\u00e7\u00e3o e Sociedade pela Universidade Federal de Sergipe. Possui MBA Executivo em Administra\u00e7\u00e3o com \u00eanfase em Marketing pela Funda\u00e7\u00e3o Get\u00falio Vargas - Rio de Janeiro. Consultor, Palestrante e Pesquisador sobre Empreendedorismo, Marketing, Redes Sociais e Neg\u00f3cios Digitais. Professor, Palestrante TedxTalks e Campus Party. Twitter: @ThalesBrandao","sameAs":["http:\/\/www.mandacaru.com.br","https:\/\/www.facebook.com\/thalesbrandao","http:\/\/www.instagram.com.br\/thalesbrandaoferreira","https:\/\/www.linkedin.com\/in\/thales-brand\u00e3o-3948609\/","https:\/\/x.com\/http:\/\/www.twitter.com\/thalesbrandao"],"url":"https:\/\/www.cidademarketing.com.br\/marketing\/author\/thalesbrandao\/"}]}},"amp_enabled":true,"_links":{"self":[{"href":"https:\/\/www.cidademarketing.com.br\/marketing\/wp-json\/wp\/v2\/posts\/22701","targetHints":{"allow":["GET"]}}],"collection":[{"href":"https:\/\/www.cidademarketing.com.br\/marketing\/wp-json\/wp\/v2\/posts"}],"about":[{"href":"https:\/\/www.cidademarketing.com.br\/marketing\/wp-json\/wp\/v2\/types\/post"}],"author":[{"embeddable":true,"href":"https:\/\/www.cidademarketing.com.br\/marketing\/wp-json\/wp\/v2\/users\/1"}],"replies":[{"embeddable":true,"href":"https:\/\/www.cidademarketing.com.br\/marketing\/wp-json\/wp\/v2\/comments?post=22701"}],"version-history":[{"count":1,"href":"https:\/\/www.cidademarketing.com.br\/marketing\/wp-json\/wp\/v2\/posts\/22701\/revisions"}],"predecessor-version":[{"id":22703,"href":"https:\/\/www.cidademarketing.com.br\/marketing\/wp-json\/wp\/v2\/posts\/22701\/revisions\/22703"}],"wp:featuredmedia":[{"embeddable":true,"href":"https:\/\/www.cidademarketing.com.br\/marketing\/wp-json\/wp\/v2\/media\/22702"}],"wp:attachment":[{"href":"https:\/\/www.cidademarketing.com.br\/marketing\/wp-json\/wp\/v2\/media?parent=22701"}],"wp:term":[{"taxonomy":"category","embeddable":true,"href":"https:\/\/www.cidademarketing.com.br\/marketing\/wp-json\/wp\/v2\/categories?post=22701"},{"taxonomy":"post_tag","embeddable":true,"href":"https:\/\/www.cidademarketing.com.br\/marketing\/wp-json\/wp\/v2\/tags?post=22701"}],"curies":[{"name":"wp","href":"https:\/\/api.w.org\/{rel}","templated":true}]}}