{"id":22654,"date":"2021-03-18T00:12:30","date_gmt":"2021-03-18T03:12:30","guid":{"rendered":"https:\/\/www.cidademarketing.com.br\/marketing\/?p=22654"},"modified":"2021-03-18T00:12:33","modified_gmt":"2021-03-18T03:12:33","slug":"cvc-apresenta-nova-campanha-que-reforca-o-acolhimento-da-marca-e-a-importancia-de-todos-se-cuidarem","status":"publish","type":"post","link":"https:\/\/www.cidademarketing.com.br\/marketing\/2021\/03\/18\/cvc-apresenta-nova-campanha-que-reforca-o-acolhimento-da-marca-e-a-importancia-de-todos-se-cuidarem\/","title":{"rendered":"CVC apresenta nova campanha que refor\u00e7a o acolhimento da marca e a import\u00e2ncia de todos se cuidarem"},"content":{"rendered":"\n<p>A CVC, maior operadora de viagens do Brasil, assumiu, especialmente desde o in\u00edcio da pandemia, o compromisso de zelar pelo bem-estar e pela sa\u00fade de seus clientes. Nessa semana, a marca coloca no ar a campanha \u201cCuide-se\u201d, refor\u00e7ando que a prioridade \u00e9 se proteger e cuidar das pessoas que amamos. O filme, assinado pela Lew\u2019Lara\\TBWA, est\u00e1 dispon\u00edvel nas redes sociais da CVC.&nbsp;<\/p>\n\n\n\n<p>A CVC se mant\u00e9m ao lado dos clientes e reitera que a prioridade \u00e9 por se manter bem e com sa\u00fade, seguindo todas as recomenda\u00e7\u00f5es e cuidados necess\u00e1rios, como utilizar m\u00e1scaras e manter o distanciamento social. A operadora reafirma seu papel de assist\u00eancia para apoiar os clientes em todos os momentos.<\/p>\n\n\n\n<p>\u201cQueremos levar essa mensagem a todos os nossos p\u00fablicos, desde os nossos colaboradores, passando por nossos clientes e chegando at\u00e9 os nossos fornecedores e parceiros de neg\u00f3cio, para que saibam que podem contar com a CVC em todas as situa\u00e7\u00f5es. Este \u00e9 o papel da marca, prestar assist\u00eancia. Por isso a mensagem \u00e9 que precisamos priorizar a sa\u00fade, a seguran\u00e7a e o bem-estar de todos\u201d, afirma Nathalia Torres, Diretora de Marketing B2C da CVC Corp.<\/p>\n\n\n\n<p>Ao longo de um ano de isolamento, o turismo vem sendo um dos setores mais impactados. Desde ent\u00e3o, a CVC vem oferecendo produtos e servi\u00e7os de viagens complementares, o que inclui desde di\u00e1rias de hospedagens que combinam home office dos pais com lazer para as crian\u00e7as, loca\u00e7\u00e3o de casas em condom\u00ednios residenciais em regi\u00f5es tur\u00edsticas com baixa ou nenhuma oferta hoteleira, at\u00e9 servi\u00e7os como traslados privativos e seguro viagem com cobertura para a Covid-19, que cobre despesas hospitalares, diagn\u00f3sticos e tratamentos, para viagens nacionais e internacionais.<\/p>\n\n\n\n<p>Quanto \u00e0 comunica\u00e7\u00e3o, a CVC vem trabalhando, desde o in\u00edcio da pandemia, campanhas que buscam refor\u00e7ar sua assist\u00eancia e orientar o p\u00fablico da melhor forma. Tudo come\u00e7ou com \u201cFique em casa. Viaje depois\u201d (relembre aqui), depois o convite de viajar por meio da imagina\u00e7\u00e3o guiada por tecnologia de recursos sonoros (relembre aqui), at\u00e9 o momento de retomada e in\u00edcio de reabertura do turismo com \u201cSua Viagem tamb\u00e9m \u00e9 a Nossa\u201d (relembre aqui). Entre as mais recentes, a companhia prop\u00f4s um carnaval diferente, focado em seguran\u00e7a (relembre aqui, aqui e aqui) e lan\u00e7ou a campanha \u201cCVC Tem\u201d, para falar sobre assist\u00eancia tamb\u00e9m como flexibiliza\u00e7\u00e3o na hora de personalizar a viagem do jeito que o cliente sonhou .<\/p>\n\n\n\n<figure class=\"wp-block-embed is-type-video is-provider-youtube wp-block-embed-youtube wp-embed-aspect-16-9 wp-has-aspect-ratio\"><div class=\"wp-block-embed__wrapper\">\n<div class=\"youtube-embed\" data-video_id=\"m_O5_Hgiy9c\"><iframe title=\"CVC TEM | Cuide-se\" width=\"640\" height=\"360\" src=\"https:\/\/www.youtube.com\/embed\/m_O5_Hgiy9c?feature=oembed&#038;enablejsapi=1\" frameborder=\"0\" allow=\"accelerometer; autoplay; clipboard-write; encrypted-media; gyroscope; picture-in-picture; web-share\" referrerpolicy=\"strict-origin-when-cross-origin\" allowfullscreen><\/iframe><\/div>\n<\/div><\/figure>\n\n\n\n<p><\/p>\n","protected":false},"excerpt":{"rendered":"<p>A CVC, maior operadora de viagens do Brasil, assumiu, especialmente desde o in\u00edcio da pandemia, o compromisso de zelar pelo bem-estar e pela sa\u00fade de seus clientes. Nessa semana, a marca coloca no ar a campanha \u201cCuide-se\u201d, refor\u00e7ando que a prioridade \u00e9 se proteger e cuidar das pessoas que amamos. O filme, assinado pela Lew\u2019Lara\\TBWA, [&hellip;]<\/p>\n","protected":false},"author":1,"featured_media":22655,"comment_status":"open","ping_status":"open","sticky":false,"template":"","format":"standard","meta":{"tdm_status":"","tdm_grid_status":"","footnotes":""},"categories":[6],"tags":[65,2268,33,28],"class_list":["post-22654","post","type-post","status-publish","format-standard","has-post-thumbnail","hentry","category-noticias","tag-campanha","tag-cvc","tag-estrategia","tag-marketing"],"yoast_head":"<!-- This site is optimized with the Yoast SEO plugin v27.5 - https:\/\/yoast.com\/product\/yoast-seo-wordpress\/ -->\n<title>CVC apresenta nova campanha que refor\u00e7a o acolhimento da marca e a import\u00e2ncia de todos se cuidarem - CidadeMarketing<\/title>\n<meta name=\"robots\" content=\"index, follow, max-snippet:-1, max-image-preview:large, max-video-preview:-1\" \/>\n<link rel=\"canonical\" href=\"https:\/\/www.cidademarketing.com.br\/marketing\/2021\/03\/18\/cvc-apresenta-nova-campanha-que-reforca-o-acolhimento-da-marca-e-a-importancia-de-todos-se-cuidarem\/\" \/>\n<meta property=\"og:locale\" content=\"pt_BR\" \/>\n<meta property=\"og:type\" content=\"article\" \/>\n<meta property=\"og:title\" content=\"CVC apresenta nova campanha que refor\u00e7a o acolhimento da marca e a import\u00e2ncia de todos se cuidarem - CidadeMarketing\" \/>\n<meta property=\"og:description\" content=\"A CVC, maior operadora de viagens do Brasil, assumiu, especialmente desde o in\u00edcio da pandemia, o compromisso de zelar pelo bem-estar e pela sa\u00fade de seus clientes. Nessa semana, a marca coloca no ar a campanha \u201cCuide-se\u201d, refor\u00e7ando que a prioridade \u00e9 se proteger e cuidar das pessoas que amamos. O filme, assinado pela Lew\u2019LaraTBWA, [&hellip;]\" \/>\n<meta property=\"og:url\" content=\"https:\/\/www.cidademarketing.com.br\/marketing\/2021\/03\/18\/cvc-apresenta-nova-campanha-que-reforca-o-acolhimento-da-marca-e-a-importancia-de-todos-se-cuidarem\/\" \/>\n<meta property=\"og:site_name\" content=\"CidadeMarketing\" \/>\n<meta property=\"article:publisher\" content=\"https:\/\/www.facebook.com\/portalcidademarketing\" \/>\n<meta property=\"article:author\" content=\"https:\/\/www.facebook.com\/thalesbrandao\" \/>\n<meta property=\"article:published_time\" content=\"2021-03-18T03:12:30+00:00\" \/>\n<meta property=\"article:modified_time\" content=\"2021-03-18T03:12:33+00:00\" \/>\n<meta property=\"og:image\" content=\"https:\/\/www.cidademarketing.com.br\/marketing\/wp-content\/uploads\/2021\/03\/cvc_campanhapandemia.png\" \/>\n\t<meta property=\"og:image:width\" content=\"1367\" \/>\n\t<meta property=\"og:image:height\" content=\"764\" \/>\n\t<meta property=\"og:image:type\" content=\"image\/png\" \/>\n<meta name=\"author\" content=\"Thales Brand\u00e3o\" \/>\n<meta name=\"twitter:card\" content=\"summary_large_image\" \/>\n<meta name=\"twitter:creator\" content=\"@http:\/\/www.twitter.com\/thalesbrandao\" \/>\n<meta name=\"twitter:site\" content=\"@CidadeMarketing\" \/>\n<meta name=\"twitter:label1\" content=\"Escrito por\" \/>\n\t<meta name=\"twitter:data1\" content=\"Thales Brand\u00e3o\" \/>\n\t<meta name=\"twitter:label2\" content=\"Est. tempo de leitura\" \/>\n\t<meta name=\"twitter:data2\" content=\"2 minutos\" \/>\n<script type=\"application\/ld+json\" class=\"yoast-schema-graph\">{\"@context\":\"https:\\\/\\\/schema.org\",\"@graph\":[{\"@type\":\"Article\",\"@id\":\"https:\\\/\\\/www.cidademarketing.com.br\\\/marketing\\\/2021\\\/03\\\/18\\\/cvc-apresenta-nova-campanha-que-reforca-o-acolhimento-da-marca-e-a-importancia-de-todos-se-cuidarem\\\/#article\",\"isPartOf\":{\"@id\":\"https:\\\/\\\/www.cidademarketing.com.br\\\/marketing\\\/2021\\\/03\\\/18\\\/cvc-apresenta-nova-campanha-que-reforca-o-acolhimento-da-marca-e-a-importancia-de-todos-se-cuidarem\\\/\"},\"author\":{\"name\":\"Thales Brand\u00e3o\",\"@id\":\"https:\\\/\\\/www.cidademarketing.com.br\\\/marketing\\\/#\\\/schema\\\/person\\\/02daff9f18bd9378c9e01eb6b2db155f\"},\"headline\":\"CVC apresenta nova campanha que refor\u00e7a o acolhimento da marca e a import\u00e2ncia de todos se cuidarem\",\"datePublished\":\"2021-03-18T03:12:30+00:00\",\"dateModified\":\"2021-03-18T03:12:33+00:00\",\"mainEntityOfPage\":{\"@id\":\"https:\\\/\\\/www.cidademarketing.com.br\\\/marketing\\\/2021\\\/03\\\/18\\\/cvc-apresenta-nova-campanha-que-reforca-o-acolhimento-da-marca-e-a-importancia-de-todos-se-cuidarem\\\/\"},\"wordCount\":457,\"commentCount\":0,\"publisher\":{\"@id\":\"https:\\\/\\\/www.cidademarketing.com.br\\\/marketing\\\/#organization\"},\"image\":{\"@id\":\"https:\\\/\\\/www.cidademarketing.com.br\\\/marketing\\\/2021\\\/03\\\/18\\\/cvc-apresenta-nova-campanha-que-reforca-o-acolhimento-da-marca-e-a-importancia-de-todos-se-cuidarem\\\/#primaryimage\"},\"thumbnailUrl\":\"https:\\\/\\\/www.cidademarketing.com.br\\\/marketing\\\/wp-content\\\/uploads\\\/2021\\\/03\\\/cvc_campanhapandemia.png\",\"keywords\":[\"campanha\",\"CVC\",\"estrat\u00e9gia\",\"marketing\"],\"articleSection\":[\"Not\u00edcias\"],\"inLanguage\":\"pt-BR\",\"potentialAction\":[{\"@type\":\"CommentAction\",\"name\":\"Comment\",\"target\":[\"https:\\\/\\\/www.cidademarketing.com.br\\\/marketing\\\/2021\\\/03\\\/18\\\/cvc-apresenta-nova-campanha-que-reforca-o-acolhimento-da-marca-e-a-importancia-de-todos-se-cuidarem\\\/#respond\"]}]},{\"@type\":\"WebPage\",\"@id\":\"https:\\\/\\\/www.cidademarketing.com.br\\\/marketing\\\/2021\\\/03\\\/18\\\/cvc-apresenta-nova-campanha-que-reforca-o-acolhimento-da-marca-e-a-importancia-de-todos-se-cuidarem\\\/\",\"url\":\"https:\\\/\\\/www.cidademarketing.com.br\\\/marketing\\\/2021\\\/03\\\/18\\\/cvc-apresenta-nova-campanha-que-reforca-o-acolhimento-da-marca-e-a-importancia-de-todos-se-cuidarem\\\/\",\"name\":\"CVC apresenta nova campanha que refor\u00e7a o acolhimento da marca e a import\u00e2ncia de todos se cuidarem - CidadeMarketing\",\"isPartOf\":{\"@id\":\"https:\\\/\\\/www.cidademarketing.com.br\\\/marketing\\\/#website\"},\"primaryImageOfPage\":{\"@id\":\"https:\\\/\\\/www.cidademarketing.com.br\\\/marketing\\\/2021\\\/03\\\/18\\\/cvc-apresenta-nova-campanha-que-reforca-o-acolhimento-da-marca-e-a-importancia-de-todos-se-cuidarem\\\/#primaryimage\"},\"image\":{\"@id\":\"https:\\\/\\\/www.cidademarketing.com.br\\\/marketing\\\/2021\\\/03\\\/18\\\/cvc-apresenta-nova-campanha-que-reforca-o-acolhimento-da-marca-e-a-importancia-de-todos-se-cuidarem\\\/#primaryimage\"},\"thumbnailUrl\":\"https:\\\/\\\/www.cidademarketing.com.br\\\/marketing\\\/wp-content\\\/uploads\\\/2021\\\/03\\\/cvc_campanhapandemia.png\",\"datePublished\":\"2021-03-18T03:12:30+00:00\",\"dateModified\":\"2021-03-18T03:12:33+00:00\",\"breadcrumb\":{\"@id\":\"https:\\\/\\\/www.cidademarketing.com.br\\\/marketing\\\/2021\\\/03\\\/18\\\/cvc-apresenta-nova-campanha-que-reforca-o-acolhimento-da-marca-e-a-importancia-de-todos-se-cuidarem\\\/#breadcrumb\"},\"inLanguage\":\"pt-BR\",\"potentialAction\":[{\"@type\":\"ReadAction\",\"target\":[\"https:\\\/\\\/www.cidademarketing.com.br\\\/marketing\\\/2021\\\/03\\\/18\\\/cvc-apresenta-nova-campanha-que-reforca-o-acolhimento-da-marca-e-a-importancia-de-todos-se-cuidarem\\\/\"]}]},{\"@type\":\"ImageObject\",\"inLanguage\":\"pt-BR\",\"@id\":\"https:\\\/\\\/www.cidademarketing.com.br\\\/marketing\\\/2021\\\/03\\\/18\\\/cvc-apresenta-nova-campanha-que-reforca-o-acolhimento-da-marca-e-a-importancia-de-todos-se-cuidarem\\\/#primaryimage\",\"url\":\"https:\\\/\\\/www.cidademarketing.com.br\\\/marketing\\\/wp-content\\\/uploads\\\/2021\\\/03\\\/cvc_campanhapandemia.png\",\"contentUrl\":\"https:\\\/\\\/www.cidademarketing.com.br\\\/marketing\\\/wp-content\\\/uploads\\\/2021\\\/03\\\/cvc_campanhapandemia.png\",\"width\":1367,\"height\":764,\"caption\":\"Reprodu\u00e7\u00e3o\"},{\"@type\":\"BreadcrumbList\",\"@id\":\"https:\\\/\\\/www.cidademarketing.com.br\\\/marketing\\\/2021\\\/03\\\/18\\\/cvc-apresenta-nova-campanha-que-reforca-o-acolhimento-da-marca-e-a-importancia-de-todos-se-cuidarem\\\/#breadcrumb\",\"itemListElement\":[{\"@type\":\"ListItem\",\"position\":1,\"name\":\"In\u00edcio\",\"item\":\"https:\\\/\\\/www.cidademarketing.com.br\\\/marketing\\\/\"},{\"@type\":\"ListItem\",\"position\":2,\"name\":\"CVC apresenta nova campanha que refor\u00e7a o acolhimento da marca e a import\u00e2ncia de todos se cuidarem\"}]},{\"@type\":\"WebSite\",\"@id\":\"https:\\\/\\\/www.cidademarketing.com.br\\\/marketing\\\/#website\",\"url\":\"https:\\\/\\\/www.cidademarketing.com.br\\\/marketing\\\/\",\"name\":\"CidadeMarketing\",\"description\":\"Somos um ve\u00edculo de comunica\u00e7\u00e3o de destaque no Brasil, reconhecido por conte\u00fados nos segmentos de marketing, empreendedorismo e inova\u00e7\u00e3o.\",\"publisher\":{\"@id\":\"https:\\\/\\\/www.cidademarketing.com.br\\\/marketing\\\/#organization\"},\"alternateName\":\"CidadeMarketing\",\"potentialAction\":[{\"@type\":\"SearchAction\",\"target\":{\"@type\":\"EntryPoint\",\"urlTemplate\":\"https:\\\/\\\/www.cidademarketing.com.br\\\/marketing\\\/?s={search_term_string}\"},\"query-input\":{\"@type\":\"PropertyValueSpecification\",\"valueRequired\":true,\"valueName\":\"search_term_string\"}}],\"inLanguage\":\"pt-BR\"},{\"@type\":\"Organization\",\"@id\":\"https:\\\/\\\/www.cidademarketing.com.br\\\/marketing\\\/#organization\",\"name\":\"CidadeMarketing\",\"alternateName\":\"CidadeMarketing\",\"url\":\"https:\\\/\\\/www.cidademarketing.com.br\\\/marketing\\\/\",\"logo\":{\"@type\":\"ImageObject\",\"inLanguage\":\"pt-BR\",\"@id\":\"https:\\\/\\\/www.cidademarketing.com.br\\\/marketing\\\/#\\\/schema\\\/logo\\\/image\\\/\",\"url\":\"https:\\\/\\\/www.cidademarketing.com.br\\\/marketing\\\/wp-content\\\/uploads\\\/2020\\\/01\\\/cidademarketing_marca_mobile.png\",\"contentUrl\":\"https:\\\/\\\/www.cidademarketing.com.br\\\/marketing\\\/wp-content\\\/uploads\\\/2020\\\/01\\\/cidademarketing_marca_mobile.png\",\"width\":230,\"height\":92,\"caption\":\"CidadeMarketing\"},\"image\":{\"@id\":\"https:\\\/\\\/www.cidademarketing.com.br\\\/marketing\\\/#\\\/schema\\\/logo\\\/image\\\/\"},\"sameAs\":[\"https:\\\/\\\/www.facebook.com\\\/portalcidademarketing\",\"https:\\\/\\\/x.com\\\/CidadeMarketing\",\"https:\\\/\\\/www.instagram.com\\\/cidademarketing\\\/\"]},{\"@type\":\"Person\",\"@id\":\"https:\\\/\\\/www.cidademarketing.com.br\\\/marketing\\\/#\\\/schema\\\/person\\\/02daff9f18bd9378c9e01eb6b2db155f\",\"name\":\"Thales Brand\u00e3o\",\"image\":{\"@type\":\"ImageObject\",\"inLanguage\":\"pt-BR\",\"@id\":\"https:\\\/\\\/secure.gravatar.com\\\/avatar\\\/7ca3206950207cc3cb48feec56a8a7898741ab725c368d99d5d7a5a50aab80c6?s=96&d=mm&r=g\",\"url\":\"https:\\\/\\\/secure.gravatar.com\\\/avatar\\\/7ca3206950207cc3cb48feec56a8a7898741ab725c368d99d5d7a5a50aab80c6?s=96&d=mm&r=g\",\"contentUrl\":\"https:\\\/\\\/secure.gravatar.com\\\/avatar\\\/7ca3206950207cc3cb48feec56a8a7898741ab725c368d99d5d7a5a50aab80c6?s=96&d=mm&r=g\",\"caption\":\"Thales Brand\u00e3o\"},\"description\":\"Editor Executivo do Portal CidadeMarketing.com.br &gt; Mestre em Comunica\u00e7\u00e3o e Sociedade pela Universidade Federal de Sergipe. Possui MBA Executivo em Administra\u00e7\u00e3o com \u00eanfase em Marketing pela Funda\u00e7\u00e3o Get\u00falio Vargas - Rio de Janeiro. Consultor, Palestrante e Pesquisador sobre Empreendedorismo, Marketing, Redes Sociais e Neg\u00f3cios Digitais. Professor, Palestrante TedxTalks e Campus Party. Twitter: @ThalesBrandao\",\"sameAs\":[\"http:\\\/\\\/www.mandacaru.com.br\",\"https:\\\/\\\/www.facebook.com\\\/thalesbrandao\",\"http:\\\/\\\/www.instagram.com.br\\\/thalesbrandaoferreira\",\"https:\\\/\\\/www.linkedin.com\\\/in\\\/thales-brand\u00e3o-3948609\\\/\",\"https:\\\/\\\/x.com\\\/http:\\\/\\\/www.twitter.com\\\/thalesbrandao\"],\"url\":\"https:\\\/\\\/www.cidademarketing.com.br\\\/marketing\\\/author\\\/thalesbrandao\\\/\"}]}<\/script>\n<!-- \/ Yoast SEO plugin. -->","yoast_head_json":{"title":"CVC apresenta nova campanha que refor\u00e7a o acolhimento da marca e a import\u00e2ncia de todos se cuidarem - CidadeMarketing","robots":{"index":"index","follow":"follow","max-snippet":"max-snippet:-1","max-image-preview":"max-image-preview:large","max-video-preview":"max-video-preview:-1"},"canonical":"https:\/\/www.cidademarketing.com.br\/marketing\/2021\/03\/18\/cvc-apresenta-nova-campanha-que-reforca-o-acolhimento-da-marca-e-a-importancia-de-todos-se-cuidarem\/","og_locale":"pt_BR","og_type":"article","og_title":"CVC apresenta nova campanha que refor\u00e7a o acolhimento da marca e a import\u00e2ncia de todos se cuidarem - CidadeMarketing","og_description":"A CVC, maior operadora de viagens do Brasil, assumiu, especialmente desde o in\u00edcio da pandemia, o compromisso de zelar pelo bem-estar e pela sa\u00fade de seus clientes. Nessa semana, a marca coloca no ar a campanha \u201cCuide-se\u201d, refor\u00e7ando que a prioridade \u00e9 se proteger e cuidar das pessoas que amamos. O filme, assinado pela Lew\u2019LaraTBWA, [&hellip;]","og_url":"https:\/\/www.cidademarketing.com.br\/marketing\/2021\/03\/18\/cvc-apresenta-nova-campanha-que-reforca-o-acolhimento-da-marca-e-a-importancia-de-todos-se-cuidarem\/","og_site_name":"CidadeMarketing","article_publisher":"https:\/\/www.facebook.com\/portalcidademarketing","article_author":"https:\/\/www.facebook.com\/thalesbrandao","article_published_time":"2021-03-18T03:12:30+00:00","article_modified_time":"2021-03-18T03:12:33+00:00","og_image":[{"width":1367,"height":764,"url":"https:\/\/www.cidademarketing.com.br\/marketing\/wp-content\/uploads\/2021\/03\/cvc_campanhapandemia.png","type":"image\/png"}],"author":"Thales Brand\u00e3o","twitter_card":"summary_large_image","twitter_creator":"@http:\/\/www.twitter.com\/thalesbrandao","twitter_site":"@CidadeMarketing","twitter_misc":{"Escrito por":"Thales Brand\u00e3o","Est. tempo de leitura":"2 minutos"},"schema":{"@context":"https:\/\/schema.org","@graph":[{"@type":"Article","@id":"https:\/\/www.cidademarketing.com.br\/marketing\/2021\/03\/18\/cvc-apresenta-nova-campanha-que-reforca-o-acolhimento-da-marca-e-a-importancia-de-todos-se-cuidarem\/#article","isPartOf":{"@id":"https:\/\/www.cidademarketing.com.br\/marketing\/2021\/03\/18\/cvc-apresenta-nova-campanha-que-reforca-o-acolhimento-da-marca-e-a-importancia-de-todos-se-cuidarem\/"},"author":{"name":"Thales Brand\u00e3o","@id":"https:\/\/www.cidademarketing.com.br\/marketing\/#\/schema\/person\/02daff9f18bd9378c9e01eb6b2db155f"},"headline":"CVC apresenta nova campanha que refor\u00e7a o acolhimento da marca e a import\u00e2ncia de todos se cuidarem","datePublished":"2021-03-18T03:12:30+00:00","dateModified":"2021-03-18T03:12:33+00:00","mainEntityOfPage":{"@id":"https:\/\/www.cidademarketing.com.br\/marketing\/2021\/03\/18\/cvc-apresenta-nova-campanha-que-reforca-o-acolhimento-da-marca-e-a-importancia-de-todos-se-cuidarem\/"},"wordCount":457,"commentCount":0,"publisher":{"@id":"https:\/\/www.cidademarketing.com.br\/marketing\/#organization"},"image":{"@id":"https:\/\/www.cidademarketing.com.br\/marketing\/2021\/03\/18\/cvc-apresenta-nova-campanha-que-reforca-o-acolhimento-da-marca-e-a-importancia-de-todos-se-cuidarem\/#primaryimage"},"thumbnailUrl":"https:\/\/www.cidademarketing.com.br\/marketing\/wp-content\/uploads\/2021\/03\/cvc_campanhapandemia.png","keywords":["campanha","CVC","estrat\u00e9gia","marketing"],"articleSection":["Not\u00edcias"],"inLanguage":"pt-BR","potentialAction":[{"@type":"CommentAction","name":"Comment","target":["https:\/\/www.cidademarketing.com.br\/marketing\/2021\/03\/18\/cvc-apresenta-nova-campanha-que-reforca-o-acolhimento-da-marca-e-a-importancia-de-todos-se-cuidarem\/#respond"]}]},{"@type":"WebPage","@id":"https:\/\/www.cidademarketing.com.br\/marketing\/2021\/03\/18\/cvc-apresenta-nova-campanha-que-reforca-o-acolhimento-da-marca-e-a-importancia-de-todos-se-cuidarem\/","url":"https:\/\/www.cidademarketing.com.br\/marketing\/2021\/03\/18\/cvc-apresenta-nova-campanha-que-reforca-o-acolhimento-da-marca-e-a-importancia-de-todos-se-cuidarem\/","name":"CVC apresenta nova campanha que refor\u00e7a o acolhimento da marca e a import\u00e2ncia de todos se cuidarem - CidadeMarketing","isPartOf":{"@id":"https:\/\/www.cidademarketing.com.br\/marketing\/#website"},"primaryImageOfPage":{"@id":"https:\/\/www.cidademarketing.com.br\/marketing\/2021\/03\/18\/cvc-apresenta-nova-campanha-que-reforca-o-acolhimento-da-marca-e-a-importancia-de-todos-se-cuidarem\/#primaryimage"},"image":{"@id":"https:\/\/www.cidademarketing.com.br\/marketing\/2021\/03\/18\/cvc-apresenta-nova-campanha-que-reforca-o-acolhimento-da-marca-e-a-importancia-de-todos-se-cuidarem\/#primaryimage"},"thumbnailUrl":"https:\/\/www.cidademarketing.com.br\/marketing\/wp-content\/uploads\/2021\/03\/cvc_campanhapandemia.png","datePublished":"2021-03-18T03:12:30+00:00","dateModified":"2021-03-18T03:12:33+00:00","breadcrumb":{"@id":"https:\/\/www.cidademarketing.com.br\/marketing\/2021\/03\/18\/cvc-apresenta-nova-campanha-que-reforca-o-acolhimento-da-marca-e-a-importancia-de-todos-se-cuidarem\/#breadcrumb"},"inLanguage":"pt-BR","potentialAction":[{"@type":"ReadAction","target":["https:\/\/www.cidademarketing.com.br\/marketing\/2021\/03\/18\/cvc-apresenta-nova-campanha-que-reforca-o-acolhimento-da-marca-e-a-importancia-de-todos-se-cuidarem\/"]}]},{"@type":"ImageObject","inLanguage":"pt-BR","@id":"https:\/\/www.cidademarketing.com.br\/marketing\/2021\/03\/18\/cvc-apresenta-nova-campanha-que-reforca-o-acolhimento-da-marca-e-a-importancia-de-todos-se-cuidarem\/#primaryimage","url":"https:\/\/www.cidademarketing.com.br\/marketing\/wp-content\/uploads\/2021\/03\/cvc_campanhapandemia.png","contentUrl":"https:\/\/www.cidademarketing.com.br\/marketing\/wp-content\/uploads\/2021\/03\/cvc_campanhapandemia.png","width":1367,"height":764,"caption":"Reprodu\u00e7\u00e3o"},{"@type":"BreadcrumbList","@id":"https:\/\/www.cidademarketing.com.br\/marketing\/2021\/03\/18\/cvc-apresenta-nova-campanha-que-reforca-o-acolhimento-da-marca-e-a-importancia-de-todos-se-cuidarem\/#breadcrumb","itemListElement":[{"@type":"ListItem","position":1,"name":"In\u00edcio","item":"https:\/\/www.cidademarketing.com.br\/marketing\/"},{"@type":"ListItem","position":2,"name":"CVC apresenta nova campanha que refor\u00e7a o acolhimento da marca e a import\u00e2ncia de todos se cuidarem"}]},{"@type":"WebSite","@id":"https:\/\/www.cidademarketing.com.br\/marketing\/#website","url":"https:\/\/www.cidademarketing.com.br\/marketing\/","name":"CidadeMarketing","description":"Somos um ve\u00edculo de comunica\u00e7\u00e3o de destaque no Brasil, reconhecido por conte\u00fados nos segmentos de marketing, empreendedorismo e inova\u00e7\u00e3o.","publisher":{"@id":"https:\/\/www.cidademarketing.com.br\/marketing\/#organization"},"alternateName":"CidadeMarketing","potentialAction":[{"@type":"SearchAction","target":{"@type":"EntryPoint","urlTemplate":"https:\/\/www.cidademarketing.com.br\/marketing\/?s={search_term_string}"},"query-input":{"@type":"PropertyValueSpecification","valueRequired":true,"valueName":"search_term_string"}}],"inLanguage":"pt-BR"},{"@type":"Organization","@id":"https:\/\/www.cidademarketing.com.br\/marketing\/#organization","name":"CidadeMarketing","alternateName":"CidadeMarketing","url":"https:\/\/www.cidademarketing.com.br\/marketing\/","logo":{"@type":"ImageObject","inLanguage":"pt-BR","@id":"https:\/\/www.cidademarketing.com.br\/marketing\/#\/schema\/logo\/image\/","url":"https:\/\/www.cidademarketing.com.br\/marketing\/wp-content\/uploads\/2020\/01\/cidademarketing_marca_mobile.png","contentUrl":"https:\/\/www.cidademarketing.com.br\/marketing\/wp-content\/uploads\/2020\/01\/cidademarketing_marca_mobile.png","width":230,"height":92,"caption":"CidadeMarketing"},"image":{"@id":"https:\/\/www.cidademarketing.com.br\/marketing\/#\/schema\/logo\/image\/"},"sameAs":["https:\/\/www.facebook.com\/portalcidademarketing","https:\/\/x.com\/CidadeMarketing","https:\/\/www.instagram.com\/cidademarketing\/"]},{"@type":"Person","@id":"https:\/\/www.cidademarketing.com.br\/marketing\/#\/schema\/person\/02daff9f18bd9378c9e01eb6b2db155f","name":"Thales Brand\u00e3o","image":{"@type":"ImageObject","inLanguage":"pt-BR","@id":"https:\/\/secure.gravatar.com\/avatar\/7ca3206950207cc3cb48feec56a8a7898741ab725c368d99d5d7a5a50aab80c6?s=96&d=mm&r=g","url":"https:\/\/secure.gravatar.com\/avatar\/7ca3206950207cc3cb48feec56a8a7898741ab725c368d99d5d7a5a50aab80c6?s=96&d=mm&r=g","contentUrl":"https:\/\/secure.gravatar.com\/avatar\/7ca3206950207cc3cb48feec56a8a7898741ab725c368d99d5d7a5a50aab80c6?s=96&d=mm&r=g","caption":"Thales Brand\u00e3o"},"description":"Editor Executivo do Portal CidadeMarketing.com.br &gt; Mestre em Comunica\u00e7\u00e3o e Sociedade pela Universidade Federal de Sergipe. Possui MBA Executivo em Administra\u00e7\u00e3o com \u00eanfase em Marketing pela Funda\u00e7\u00e3o Get\u00falio Vargas - Rio de Janeiro. Consultor, Palestrante e Pesquisador sobre Empreendedorismo, Marketing, Redes Sociais e Neg\u00f3cios Digitais. Professor, Palestrante TedxTalks e Campus Party. Twitter: @ThalesBrandao","sameAs":["http:\/\/www.mandacaru.com.br","https:\/\/www.facebook.com\/thalesbrandao","http:\/\/www.instagram.com.br\/thalesbrandaoferreira","https:\/\/www.linkedin.com\/in\/thales-brand\u00e3o-3948609\/","https:\/\/x.com\/http:\/\/www.twitter.com\/thalesbrandao"],"url":"https:\/\/www.cidademarketing.com.br\/marketing\/author\/thalesbrandao\/"}]}},"amp_enabled":true,"_links":{"self":[{"href":"https:\/\/www.cidademarketing.com.br\/marketing\/wp-json\/wp\/v2\/posts\/22654","targetHints":{"allow":["GET"]}}],"collection":[{"href":"https:\/\/www.cidademarketing.com.br\/marketing\/wp-json\/wp\/v2\/posts"}],"about":[{"href":"https:\/\/www.cidademarketing.com.br\/marketing\/wp-json\/wp\/v2\/types\/post"}],"author":[{"embeddable":true,"href":"https:\/\/www.cidademarketing.com.br\/marketing\/wp-json\/wp\/v2\/users\/1"}],"replies":[{"embeddable":true,"href":"https:\/\/www.cidademarketing.com.br\/marketing\/wp-json\/wp\/v2\/comments?post=22654"}],"version-history":[{"count":1,"href":"https:\/\/www.cidademarketing.com.br\/marketing\/wp-json\/wp\/v2\/posts\/22654\/revisions"}],"predecessor-version":[{"id":22656,"href":"https:\/\/www.cidademarketing.com.br\/marketing\/wp-json\/wp\/v2\/posts\/22654\/revisions\/22656"}],"wp:featuredmedia":[{"embeddable":true,"href":"https:\/\/www.cidademarketing.com.br\/marketing\/wp-json\/wp\/v2\/media\/22655"}],"wp:attachment":[{"href":"https:\/\/www.cidademarketing.com.br\/marketing\/wp-json\/wp\/v2\/media?parent=22654"}],"wp:term":[{"taxonomy":"category","embeddable":true,"href":"https:\/\/www.cidademarketing.com.br\/marketing\/wp-json\/wp\/v2\/categories?post=22654"},{"taxonomy":"post_tag","embeddable":true,"href":"https:\/\/www.cidademarketing.com.br\/marketing\/wp-json\/wp\/v2\/tags?post=22654"}],"curies":[{"name":"wp","href":"https:\/\/api.w.org\/{rel}","templated":true}]}}