{"id":22614,"date":"2021-03-16T23:25:11","date_gmt":"2021-03-17T02:25:11","guid":{"rendered":"https:\/\/www.cidademarketing.com.br\/marketing\/?p=22614"},"modified":"2021-03-16T23:41:00","modified_gmt":"2021-03-17T02:41:00","slug":"espm-muda-governanca-academica","status":"publish","type":"post","link":"https:\/\/www.cidademarketing.com.br\/marketing\/2021\/03\/16\/espm-muda-governanca-academica\/","title":{"rendered":"ESPM muda governan\u00e7a acad\u00eamica"},"content":{"rendered":"\n<p>A ESPM,&nbsp; escola de neg\u00f3cios refer\u00eancia nas \u00e1reas de Comunica\u00e7\u00e3o, Marketing, Economia Criativa, Inova\u00e7\u00e3o e Rela\u00e7\u00f5es Internacionais, acaba de promover uma s\u00e9rie de modifica\u00e7\u00f5es na estrutura de sua governan\u00e7a acad\u00eamica. O professor Rodrigo Cintra passa a integrar a Diretoria Executiva da institui\u00e7\u00e3o e a responder diretamente ao presidente Dalton Pastore sobre as a\u00e7\u00f5es da diretoria de internacionaliza\u00e7\u00e3o. Outra altera\u00e7\u00e3o foi no desenho da vice-presid\u00eancia acad\u00eamica, que passa a contar com duas novas diretorias: a diretoria de sucesso do estudante e do docente, liderada por Cristina Helena Pinto de Mello, e a diretoria de qualidade acad\u00eamica e projetos acad\u00eamicos institucionais, sob a responsabilidade de Marcelo D\u2019Emidio. A terceira mudan\u00e7a foi a integra\u00e7\u00e3o dos programas <em>strictu sensu<\/em> \u00e0 diretoria nacional de p\u00f3s-gradua\u00e7\u00e3o e educa\u00e7\u00e3o continuada, coordenada por Tatsuo Iwata Neto.<\/p>\n\n\n\n<p>Dalton Pastore, presidente da ESPM, afirma que as mudan\u00e7as t\u00eam o objetivo de ampliar a internacionaliza\u00e7\u00e3o da ESPM, integrar a estrat\u00e9gia para a p\u00f3s-gradua\u00e7\u00e3o e aumentar ainda mais a qualidade dos cursos de gradua\u00e7\u00e3o, p\u00f3s-gradua\u00e7\u00e3o e educa\u00e7\u00e3o continuada. \u201cAs mudan\u00e7as na governan\u00e7a acad\u00eamica da ESPM s\u00e3o uma resposta \u00e0s demandas complementares. Teremos cursos de gradua\u00e7\u00e3o e p\u00f3s cada vez mais internacionalizados, com acompanhamento rigoroso de qualidade e integrados \u00e0 nossa diretriz do <em>lifelong learning<\/em>\u201d, diz.<\/p>\n\n\n\n<p>Para o presidente da ESPM, as mudan\u00e7as ampliar\u00e3o as oportunidades para a comunidade acad\u00eamica da ESPM em S\u00e3o Paulo, no Rio de Janeiro e em Porto Alegre. \u201cTodas as mudan\u00e7as convergem para o mesmo caminho de oferecer mais&nbsp; oportunidades de crescimento para toda a nossa comunidade acad\u00eamica &#8211; alunos, professores e funcion\u00e1rios. Queremos uma ESPM cada vez mais internacionalizada , com excel\u00eancia em ensino, pesquisa e extens\u00e3o\u201d, afirma.<\/p>\n","protected":false},"excerpt":{"rendered":"<p>A ESPM,&nbsp; escola de neg\u00f3cios refer\u00eancia nas \u00e1reas de Comunica\u00e7\u00e3o, Marketing, Economia Criativa, Inova\u00e7\u00e3o e Rela\u00e7\u00f5es Internacionais, acaba de promover uma s\u00e9rie de modifica\u00e7\u00f5es na estrutura de sua governan\u00e7a acad\u00eamica. O professor Rodrigo Cintra passa a integrar a Diretoria Executiva da institui\u00e7\u00e3o e a responder diretamente ao presidente Dalton Pastore sobre as a\u00e7\u00f5es da diretoria [&hellip;]<\/p>\n","protected":false},"author":1,"featured_media":22616,"comment_status":"open","ping_status":"open","sticky":false,"template":"","format":"standard","meta":{"tdm_status":"","tdm_grid_status":"","footnotes":""},"categories":[6],"tags":[236,33,28],"class_list":["post-22614","post","type-post","status-publish","format-standard","has-post-thumbnail","hentry","category-noticias","tag-espm","tag-estrategia","tag-marketing"],"yoast_head":"<!-- This site is optimized with the Yoast SEO plugin v27.5 - https:\/\/yoast.com\/product\/yoast-seo-wordpress\/ -->\n<title>ESPM muda governan\u00e7a acad\u00eamica - CidadeMarketing<\/title>\n<meta name=\"robots\" content=\"index, follow, max-snippet:-1, max-image-preview:large, max-video-preview:-1\" \/>\n<link rel=\"canonical\" href=\"https:\/\/www.cidademarketing.com.br\/marketing\/2021\/03\/16\/espm-muda-governanca-academica\/\" \/>\n<meta property=\"og:locale\" content=\"pt_BR\" \/>\n<meta property=\"og:type\" content=\"article\" \/>\n<meta property=\"og:title\" content=\"ESPM muda governan\u00e7a acad\u00eamica - CidadeMarketing\" \/>\n<meta property=\"og:description\" content=\"A ESPM,&nbsp; escola de neg\u00f3cios refer\u00eancia nas \u00e1reas de Comunica\u00e7\u00e3o, Marketing, Economia Criativa, Inova\u00e7\u00e3o e Rela\u00e7\u00f5es Internacionais, acaba de promover uma s\u00e9rie de modifica\u00e7\u00f5es na estrutura de sua governan\u00e7a acad\u00eamica. O professor Rodrigo Cintra passa a integrar a Diretoria Executiva da institui\u00e7\u00e3o e a responder diretamente ao presidente Dalton Pastore sobre as a\u00e7\u00f5es da diretoria [&hellip;]\" \/>\n<meta property=\"og:url\" content=\"https:\/\/www.cidademarketing.com.br\/marketing\/2021\/03\/16\/espm-muda-governanca-academica\/\" \/>\n<meta property=\"og:site_name\" content=\"CidadeMarketing\" \/>\n<meta property=\"article:publisher\" content=\"https:\/\/www.facebook.com\/portalcidademarketing\" \/>\n<meta property=\"article:author\" content=\"https:\/\/www.facebook.com\/thalesbrandao\" \/>\n<meta property=\"article:published_time\" content=\"2021-03-17T02:25:11+00:00\" \/>\n<meta property=\"article:modified_time\" content=\"2021-03-17T02:41:00+00:00\" \/>\n<meta property=\"og:image\" content=\"https:\/\/www.cidademarketing.com.br\/marketing\/wp-content\/uploads\/2021\/03\/ESPM-Foto_by_Henri_Taniguti-scaled.jpg\" \/>\n\t<meta property=\"og:image:width\" content=\"2560\" \/>\n\t<meta property=\"og:image:height\" content=\"1709\" \/>\n\t<meta property=\"og:image:type\" content=\"image\/jpeg\" \/>\n<meta name=\"author\" content=\"Thales Brand\u00e3o\" \/>\n<meta name=\"twitter:card\" content=\"summary_large_image\" \/>\n<meta name=\"twitter:creator\" content=\"@http:\/\/www.twitter.com\/thalesbrandao\" \/>\n<meta name=\"twitter:site\" content=\"@CidadeMarketing\" \/>\n<meta name=\"twitter:label1\" content=\"Escrito por\" \/>\n\t<meta name=\"twitter:data1\" content=\"Thales Brand\u00e3o\" \/>\n\t<meta name=\"twitter:label2\" content=\"Est. tempo de leitura\" \/>\n\t<meta name=\"twitter:data2\" content=\"2 minutos\" \/>\n<script type=\"application\/ld+json\" class=\"yoast-schema-graph\">{\"@context\":\"https:\\\/\\\/schema.org\",\"@graph\":[{\"@type\":\"Article\",\"@id\":\"https:\\\/\\\/www.cidademarketing.com.br\\\/marketing\\\/2021\\\/03\\\/16\\\/espm-muda-governanca-academica\\\/#article\",\"isPartOf\":{\"@id\":\"https:\\\/\\\/www.cidademarketing.com.br\\\/marketing\\\/2021\\\/03\\\/16\\\/espm-muda-governanca-academica\\\/\"},\"author\":{\"name\":\"Thales Brand\u00e3o\",\"@id\":\"https:\\\/\\\/www.cidademarketing.com.br\\\/marketing\\\/#\\\/schema\\\/person\\\/02daff9f18bd9378c9e01eb6b2db155f\"},\"headline\":\"ESPM muda governan\u00e7a acad\u00eamica\",\"datePublished\":\"2021-03-17T02:25:11+00:00\",\"dateModified\":\"2021-03-17T02:41:00+00:00\",\"mainEntityOfPage\":{\"@id\":\"https:\\\/\\\/www.cidademarketing.com.br\\\/marketing\\\/2021\\\/03\\\/16\\\/espm-muda-governanca-academica\\\/\"},\"wordCount\":324,\"commentCount\":0,\"publisher\":{\"@id\":\"https:\\\/\\\/www.cidademarketing.com.br\\\/marketing\\\/#organization\"},\"image\":{\"@id\":\"https:\\\/\\\/www.cidademarketing.com.br\\\/marketing\\\/2021\\\/03\\\/16\\\/espm-muda-governanca-academica\\\/#primaryimage\"},\"thumbnailUrl\":\"https:\\\/\\\/www.cidademarketing.com.br\\\/marketing\\\/wp-content\\\/uploads\\\/2021\\\/03\\\/ESPM-Foto_by_Henri_Taniguti-scaled.jpg\",\"keywords\":[\"ESPM\",\"estrat\u00e9gia\",\"marketing\"],\"articleSection\":[\"Not\u00edcias\"],\"inLanguage\":\"pt-BR\",\"potentialAction\":[{\"@type\":\"CommentAction\",\"name\":\"Comment\",\"target\":[\"https:\\\/\\\/www.cidademarketing.com.br\\\/marketing\\\/2021\\\/03\\\/16\\\/espm-muda-governanca-academica\\\/#respond\"]}]},{\"@type\":\"WebPage\",\"@id\":\"https:\\\/\\\/www.cidademarketing.com.br\\\/marketing\\\/2021\\\/03\\\/16\\\/espm-muda-governanca-academica\\\/\",\"url\":\"https:\\\/\\\/www.cidademarketing.com.br\\\/marketing\\\/2021\\\/03\\\/16\\\/espm-muda-governanca-academica\\\/\",\"name\":\"ESPM muda governan\u00e7a acad\u00eamica - CidadeMarketing\",\"isPartOf\":{\"@id\":\"https:\\\/\\\/www.cidademarketing.com.br\\\/marketing\\\/#website\"},\"primaryImageOfPage\":{\"@id\":\"https:\\\/\\\/www.cidademarketing.com.br\\\/marketing\\\/2021\\\/03\\\/16\\\/espm-muda-governanca-academica\\\/#primaryimage\"},\"image\":{\"@id\":\"https:\\\/\\\/www.cidademarketing.com.br\\\/marketing\\\/2021\\\/03\\\/16\\\/espm-muda-governanca-academica\\\/#primaryimage\"},\"thumbnailUrl\":\"https:\\\/\\\/www.cidademarketing.com.br\\\/marketing\\\/wp-content\\\/uploads\\\/2021\\\/03\\\/ESPM-Foto_by_Henri_Taniguti-scaled.jpg\",\"datePublished\":\"2021-03-17T02:25:11+00:00\",\"dateModified\":\"2021-03-17T02:41:00+00:00\",\"breadcrumb\":{\"@id\":\"https:\\\/\\\/www.cidademarketing.com.br\\\/marketing\\\/2021\\\/03\\\/16\\\/espm-muda-governanca-academica\\\/#breadcrumb\"},\"inLanguage\":\"pt-BR\",\"potentialAction\":[{\"@type\":\"ReadAction\",\"target\":[\"https:\\\/\\\/www.cidademarketing.com.br\\\/marketing\\\/2021\\\/03\\\/16\\\/espm-muda-governanca-academica\\\/\"]}]},{\"@type\":\"ImageObject\",\"inLanguage\":\"pt-BR\",\"@id\":\"https:\\\/\\\/www.cidademarketing.com.br\\\/marketing\\\/2021\\\/03\\\/16\\\/espm-muda-governanca-academica\\\/#primaryimage\",\"url\":\"https:\\\/\\\/www.cidademarketing.com.br\\\/marketing\\\/wp-content\\\/uploads\\\/2021\\\/03\\\/ESPM-Foto_by_Henri_Taniguti-scaled.jpg\",\"contentUrl\":\"https:\\\/\\\/www.cidademarketing.com.br\\\/marketing\\\/wp-content\\\/uploads\\\/2021\\\/03\\\/ESPM-Foto_by_Henri_Taniguti-scaled.jpg\",\"width\":2560,\"height\":1709,\"caption\":\"Foto: Henri_Taniguti\"},{\"@type\":\"BreadcrumbList\",\"@id\":\"https:\\\/\\\/www.cidademarketing.com.br\\\/marketing\\\/2021\\\/03\\\/16\\\/espm-muda-governanca-academica\\\/#breadcrumb\",\"itemListElement\":[{\"@type\":\"ListItem\",\"position\":1,\"name\":\"In\u00edcio\",\"item\":\"https:\\\/\\\/www.cidademarketing.com.br\\\/marketing\\\/\"},{\"@type\":\"ListItem\",\"position\":2,\"name\":\"ESPM muda governan\u00e7a acad\u00eamica\"}]},{\"@type\":\"WebSite\",\"@id\":\"https:\\\/\\\/www.cidademarketing.com.br\\\/marketing\\\/#website\",\"url\":\"https:\\\/\\\/www.cidademarketing.com.br\\\/marketing\\\/\",\"name\":\"CidadeMarketing\",\"description\":\"Somos um ve\u00edculo de comunica\u00e7\u00e3o de destaque no Brasil, reconhecido por conte\u00fados nos segmentos de marketing, empreendedorismo e inova\u00e7\u00e3o.\",\"publisher\":{\"@id\":\"https:\\\/\\\/www.cidademarketing.com.br\\\/marketing\\\/#organization\"},\"alternateName\":\"CidadeMarketing\",\"potentialAction\":[{\"@type\":\"SearchAction\",\"target\":{\"@type\":\"EntryPoint\",\"urlTemplate\":\"https:\\\/\\\/www.cidademarketing.com.br\\\/marketing\\\/?s={search_term_string}\"},\"query-input\":{\"@type\":\"PropertyValueSpecification\",\"valueRequired\":true,\"valueName\":\"search_term_string\"}}],\"inLanguage\":\"pt-BR\"},{\"@type\":\"Organization\",\"@id\":\"https:\\\/\\\/www.cidademarketing.com.br\\\/marketing\\\/#organization\",\"name\":\"CidadeMarketing\",\"alternateName\":\"CidadeMarketing\",\"url\":\"https:\\\/\\\/www.cidademarketing.com.br\\\/marketing\\\/\",\"logo\":{\"@type\":\"ImageObject\",\"inLanguage\":\"pt-BR\",\"@id\":\"https:\\\/\\\/www.cidademarketing.com.br\\\/marketing\\\/#\\\/schema\\\/logo\\\/image\\\/\",\"url\":\"https:\\\/\\\/www.cidademarketing.com.br\\\/marketing\\\/wp-content\\\/uploads\\\/2020\\\/01\\\/cidademarketing_marca_mobile.png\",\"contentUrl\":\"https:\\\/\\\/www.cidademarketing.com.br\\\/marketing\\\/wp-content\\\/uploads\\\/2020\\\/01\\\/cidademarketing_marca_mobile.png\",\"width\":230,\"height\":92,\"caption\":\"CidadeMarketing\"},\"image\":{\"@id\":\"https:\\\/\\\/www.cidademarketing.com.br\\\/marketing\\\/#\\\/schema\\\/logo\\\/image\\\/\"},\"sameAs\":[\"https:\\\/\\\/www.facebook.com\\\/portalcidademarketing\",\"https:\\\/\\\/x.com\\\/CidadeMarketing\",\"https:\\\/\\\/www.instagram.com\\\/cidademarketing\\\/\"]},{\"@type\":\"Person\",\"@id\":\"https:\\\/\\\/www.cidademarketing.com.br\\\/marketing\\\/#\\\/schema\\\/person\\\/02daff9f18bd9378c9e01eb6b2db155f\",\"name\":\"Thales Brand\u00e3o\",\"image\":{\"@type\":\"ImageObject\",\"inLanguage\":\"pt-BR\",\"@id\":\"https:\\\/\\\/secure.gravatar.com\\\/avatar\\\/7ca3206950207cc3cb48feec56a8a7898741ab725c368d99d5d7a5a50aab80c6?s=96&d=mm&r=g\",\"url\":\"https:\\\/\\\/secure.gravatar.com\\\/avatar\\\/7ca3206950207cc3cb48feec56a8a7898741ab725c368d99d5d7a5a50aab80c6?s=96&d=mm&r=g\",\"contentUrl\":\"https:\\\/\\\/secure.gravatar.com\\\/avatar\\\/7ca3206950207cc3cb48feec56a8a7898741ab725c368d99d5d7a5a50aab80c6?s=96&d=mm&r=g\",\"caption\":\"Thales Brand\u00e3o\"},\"description\":\"Editor Executivo do Portal CidadeMarketing.com.br &gt; Mestre em Comunica\u00e7\u00e3o e Sociedade pela Universidade Federal de Sergipe. Possui MBA Executivo em Administra\u00e7\u00e3o com \u00eanfase em Marketing pela Funda\u00e7\u00e3o Get\u00falio Vargas - Rio de Janeiro. Consultor, Palestrante e Pesquisador sobre Empreendedorismo, Marketing, Redes Sociais e Neg\u00f3cios Digitais. Professor, Palestrante TedxTalks e Campus Party. Twitter: @ThalesBrandao\",\"sameAs\":[\"http:\\\/\\\/www.mandacaru.com.br\",\"https:\\\/\\\/www.facebook.com\\\/thalesbrandao\",\"http:\\\/\\\/www.instagram.com.br\\\/thalesbrandaoferreira\",\"https:\\\/\\\/www.linkedin.com\\\/in\\\/thales-brand\u00e3o-3948609\\\/\",\"https:\\\/\\\/x.com\\\/http:\\\/\\\/www.twitter.com\\\/thalesbrandao\"],\"url\":\"https:\\\/\\\/www.cidademarketing.com.br\\\/marketing\\\/author\\\/thalesbrandao\\\/\"}]}<\/script>\n<!-- \/ Yoast SEO plugin. -->","yoast_head_json":{"title":"ESPM muda governan\u00e7a acad\u00eamica - CidadeMarketing","robots":{"index":"index","follow":"follow","max-snippet":"max-snippet:-1","max-image-preview":"max-image-preview:large","max-video-preview":"max-video-preview:-1"},"canonical":"https:\/\/www.cidademarketing.com.br\/marketing\/2021\/03\/16\/espm-muda-governanca-academica\/","og_locale":"pt_BR","og_type":"article","og_title":"ESPM muda governan\u00e7a acad\u00eamica - CidadeMarketing","og_description":"A ESPM,&nbsp; escola de neg\u00f3cios refer\u00eancia nas \u00e1reas de Comunica\u00e7\u00e3o, Marketing, Economia Criativa, Inova\u00e7\u00e3o e Rela\u00e7\u00f5es Internacionais, acaba de promover uma s\u00e9rie de modifica\u00e7\u00f5es na estrutura de sua governan\u00e7a acad\u00eamica. O professor Rodrigo Cintra passa a integrar a Diretoria Executiva da institui\u00e7\u00e3o e a responder diretamente ao presidente Dalton Pastore sobre as a\u00e7\u00f5es da diretoria [&hellip;]","og_url":"https:\/\/www.cidademarketing.com.br\/marketing\/2021\/03\/16\/espm-muda-governanca-academica\/","og_site_name":"CidadeMarketing","article_publisher":"https:\/\/www.facebook.com\/portalcidademarketing","article_author":"https:\/\/www.facebook.com\/thalesbrandao","article_published_time":"2021-03-17T02:25:11+00:00","article_modified_time":"2021-03-17T02:41:00+00:00","og_image":[{"width":2560,"height":1709,"url":"https:\/\/www.cidademarketing.com.br\/marketing\/wp-content\/uploads\/2021\/03\/ESPM-Foto_by_Henri_Taniguti-scaled.jpg","type":"image\/jpeg"}],"author":"Thales Brand\u00e3o","twitter_card":"summary_large_image","twitter_creator":"@http:\/\/www.twitter.com\/thalesbrandao","twitter_site":"@CidadeMarketing","twitter_misc":{"Escrito por":"Thales Brand\u00e3o","Est. tempo de leitura":"2 minutos"},"schema":{"@context":"https:\/\/schema.org","@graph":[{"@type":"Article","@id":"https:\/\/www.cidademarketing.com.br\/marketing\/2021\/03\/16\/espm-muda-governanca-academica\/#article","isPartOf":{"@id":"https:\/\/www.cidademarketing.com.br\/marketing\/2021\/03\/16\/espm-muda-governanca-academica\/"},"author":{"name":"Thales Brand\u00e3o","@id":"https:\/\/www.cidademarketing.com.br\/marketing\/#\/schema\/person\/02daff9f18bd9378c9e01eb6b2db155f"},"headline":"ESPM muda governan\u00e7a acad\u00eamica","datePublished":"2021-03-17T02:25:11+00:00","dateModified":"2021-03-17T02:41:00+00:00","mainEntityOfPage":{"@id":"https:\/\/www.cidademarketing.com.br\/marketing\/2021\/03\/16\/espm-muda-governanca-academica\/"},"wordCount":324,"commentCount":0,"publisher":{"@id":"https:\/\/www.cidademarketing.com.br\/marketing\/#organization"},"image":{"@id":"https:\/\/www.cidademarketing.com.br\/marketing\/2021\/03\/16\/espm-muda-governanca-academica\/#primaryimage"},"thumbnailUrl":"https:\/\/www.cidademarketing.com.br\/marketing\/wp-content\/uploads\/2021\/03\/ESPM-Foto_by_Henri_Taniguti-scaled.jpg","keywords":["ESPM","estrat\u00e9gia","marketing"],"articleSection":["Not\u00edcias"],"inLanguage":"pt-BR","potentialAction":[{"@type":"CommentAction","name":"Comment","target":["https:\/\/www.cidademarketing.com.br\/marketing\/2021\/03\/16\/espm-muda-governanca-academica\/#respond"]}]},{"@type":"WebPage","@id":"https:\/\/www.cidademarketing.com.br\/marketing\/2021\/03\/16\/espm-muda-governanca-academica\/","url":"https:\/\/www.cidademarketing.com.br\/marketing\/2021\/03\/16\/espm-muda-governanca-academica\/","name":"ESPM muda governan\u00e7a acad\u00eamica - CidadeMarketing","isPartOf":{"@id":"https:\/\/www.cidademarketing.com.br\/marketing\/#website"},"primaryImageOfPage":{"@id":"https:\/\/www.cidademarketing.com.br\/marketing\/2021\/03\/16\/espm-muda-governanca-academica\/#primaryimage"},"image":{"@id":"https:\/\/www.cidademarketing.com.br\/marketing\/2021\/03\/16\/espm-muda-governanca-academica\/#primaryimage"},"thumbnailUrl":"https:\/\/www.cidademarketing.com.br\/marketing\/wp-content\/uploads\/2021\/03\/ESPM-Foto_by_Henri_Taniguti-scaled.jpg","datePublished":"2021-03-17T02:25:11+00:00","dateModified":"2021-03-17T02:41:00+00:00","breadcrumb":{"@id":"https:\/\/www.cidademarketing.com.br\/marketing\/2021\/03\/16\/espm-muda-governanca-academica\/#breadcrumb"},"inLanguage":"pt-BR","potentialAction":[{"@type":"ReadAction","target":["https:\/\/www.cidademarketing.com.br\/marketing\/2021\/03\/16\/espm-muda-governanca-academica\/"]}]},{"@type":"ImageObject","inLanguage":"pt-BR","@id":"https:\/\/www.cidademarketing.com.br\/marketing\/2021\/03\/16\/espm-muda-governanca-academica\/#primaryimage","url":"https:\/\/www.cidademarketing.com.br\/marketing\/wp-content\/uploads\/2021\/03\/ESPM-Foto_by_Henri_Taniguti-scaled.jpg","contentUrl":"https:\/\/www.cidademarketing.com.br\/marketing\/wp-content\/uploads\/2021\/03\/ESPM-Foto_by_Henri_Taniguti-scaled.jpg","width":2560,"height":1709,"caption":"Foto: Henri_Taniguti"},{"@type":"BreadcrumbList","@id":"https:\/\/www.cidademarketing.com.br\/marketing\/2021\/03\/16\/espm-muda-governanca-academica\/#breadcrumb","itemListElement":[{"@type":"ListItem","position":1,"name":"In\u00edcio","item":"https:\/\/www.cidademarketing.com.br\/marketing\/"},{"@type":"ListItem","position":2,"name":"ESPM muda governan\u00e7a acad\u00eamica"}]},{"@type":"WebSite","@id":"https:\/\/www.cidademarketing.com.br\/marketing\/#website","url":"https:\/\/www.cidademarketing.com.br\/marketing\/","name":"CidadeMarketing","description":"Somos um ve\u00edculo de comunica\u00e7\u00e3o de destaque no Brasil, reconhecido por conte\u00fados nos segmentos de marketing, empreendedorismo e inova\u00e7\u00e3o.","publisher":{"@id":"https:\/\/www.cidademarketing.com.br\/marketing\/#organization"},"alternateName":"CidadeMarketing","potentialAction":[{"@type":"SearchAction","target":{"@type":"EntryPoint","urlTemplate":"https:\/\/www.cidademarketing.com.br\/marketing\/?s={search_term_string}"},"query-input":{"@type":"PropertyValueSpecification","valueRequired":true,"valueName":"search_term_string"}}],"inLanguage":"pt-BR"},{"@type":"Organization","@id":"https:\/\/www.cidademarketing.com.br\/marketing\/#organization","name":"CidadeMarketing","alternateName":"CidadeMarketing","url":"https:\/\/www.cidademarketing.com.br\/marketing\/","logo":{"@type":"ImageObject","inLanguage":"pt-BR","@id":"https:\/\/www.cidademarketing.com.br\/marketing\/#\/schema\/logo\/image\/","url":"https:\/\/www.cidademarketing.com.br\/marketing\/wp-content\/uploads\/2020\/01\/cidademarketing_marca_mobile.png","contentUrl":"https:\/\/www.cidademarketing.com.br\/marketing\/wp-content\/uploads\/2020\/01\/cidademarketing_marca_mobile.png","width":230,"height":92,"caption":"CidadeMarketing"},"image":{"@id":"https:\/\/www.cidademarketing.com.br\/marketing\/#\/schema\/logo\/image\/"},"sameAs":["https:\/\/www.facebook.com\/portalcidademarketing","https:\/\/x.com\/CidadeMarketing","https:\/\/www.instagram.com\/cidademarketing\/"]},{"@type":"Person","@id":"https:\/\/www.cidademarketing.com.br\/marketing\/#\/schema\/person\/02daff9f18bd9378c9e01eb6b2db155f","name":"Thales Brand\u00e3o","image":{"@type":"ImageObject","inLanguage":"pt-BR","@id":"https:\/\/secure.gravatar.com\/avatar\/7ca3206950207cc3cb48feec56a8a7898741ab725c368d99d5d7a5a50aab80c6?s=96&d=mm&r=g","url":"https:\/\/secure.gravatar.com\/avatar\/7ca3206950207cc3cb48feec56a8a7898741ab725c368d99d5d7a5a50aab80c6?s=96&d=mm&r=g","contentUrl":"https:\/\/secure.gravatar.com\/avatar\/7ca3206950207cc3cb48feec56a8a7898741ab725c368d99d5d7a5a50aab80c6?s=96&d=mm&r=g","caption":"Thales Brand\u00e3o"},"description":"Editor Executivo do Portal CidadeMarketing.com.br &gt; Mestre em Comunica\u00e7\u00e3o e Sociedade pela Universidade Federal de Sergipe. Possui MBA Executivo em Administra\u00e7\u00e3o com \u00eanfase em Marketing pela Funda\u00e7\u00e3o Get\u00falio Vargas - Rio de Janeiro. Consultor, Palestrante e Pesquisador sobre Empreendedorismo, Marketing, Redes Sociais e Neg\u00f3cios Digitais. Professor, Palestrante TedxTalks e Campus Party. Twitter: @ThalesBrandao","sameAs":["http:\/\/www.mandacaru.com.br","https:\/\/www.facebook.com\/thalesbrandao","http:\/\/www.instagram.com.br\/thalesbrandaoferreira","https:\/\/www.linkedin.com\/in\/thales-brand\u00e3o-3948609\/","https:\/\/x.com\/http:\/\/www.twitter.com\/thalesbrandao"],"url":"https:\/\/www.cidademarketing.com.br\/marketing\/author\/thalesbrandao\/"}]}},"amp_enabled":true,"_links":{"self":[{"href":"https:\/\/www.cidademarketing.com.br\/marketing\/wp-json\/wp\/v2\/posts\/22614","targetHints":{"allow":["GET"]}}],"collection":[{"href":"https:\/\/www.cidademarketing.com.br\/marketing\/wp-json\/wp\/v2\/posts"}],"about":[{"href":"https:\/\/www.cidademarketing.com.br\/marketing\/wp-json\/wp\/v2\/types\/post"}],"author":[{"embeddable":true,"href":"https:\/\/www.cidademarketing.com.br\/marketing\/wp-json\/wp\/v2\/users\/1"}],"replies":[{"embeddable":true,"href":"https:\/\/www.cidademarketing.com.br\/marketing\/wp-json\/wp\/v2\/comments?post=22614"}],"version-history":[{"count":1,"href":"https:\/\/www.cidademarketing.com.br\/marketing\/wp-json\/wp\/v2\/posts\/22614\/revisions"}],"predecessor-version":[{"id":22615,"href":"https:\/\/www.cidademarketing.com.br\/marketing\/wp-json\/wp\/v2\/posts\/22614\/revisions\/22615"}],"wp:featuredmedia":[{"embeddable":true,"href":"https:\/\/www.cidademarketing.com.br\/marketing\/wp-json\/wp\/v2\/media\/22616"}],"wp:attachment":[{"href":"https:\/\/www.cidademarketing.com.br\/marketing\/wp-json\/wp\/v2\/media?parent=22614"}],"wp:term":[{"taxonomy":"category","embeddable":true,"href":"https:\/\/www.cidademarketing.com.br\/marketing\/wp-json\/wp\/v2\/categories?post=22614"},{"taxonomy":"post_tag","embeddable":true,"href":"https:\/\/www.cidademarketing.com.br\/marketing\/wp-json\/wp\/v2\/tags?post=22614"}],"curies":[{"name":"wp","href":"https:\/\/api.w.org\/{rel}","templated":true}]}}