{"id":22340,"date":"2021-03-03T10:59:01","date_gmt":"2021-03-03T13:59:01","guid":{"rendered":"https:\/\/www.cidademarketing.com.br\/marketing\/?p=22340"},"modified":"2021-03-03T10:59:06","modified_gmt":"2021-03-03T13:59:06","slug":"aeroporto-de-aracaju-investe-em-infraestrutura","status":"publish","type":"post","link":"https:\/\/www.cidademarketing.com.br\/marketing\/2021\/03\/03\/aeroporto-de-aracaju-investe-em-infraestrutura\/","title":{"rendered":"Aeroporto de Aracaju investe em infraestrutura"},"content":{"rendered":"\n<p>Para assegurar o padr\u00e3o de qualidade dos servi\u00e7os prestados, a Aena Brasil d\u00e1 in\u00edcio, essa semana, \u00e0s obras de revitaliza\u00e7\u00e3o do Aeroporto Internacional de Aracaju &#8211; Santa Maria. Os trabalhos, que incluem a renova\u00e7\u00e3o completa dos banheiros, al\u00e9m de melhorias no sistema de climatiza\u00e7\u00e3o, sinaliza\u00e7\u00e3o, pintura, ilumina\u00e7\u00e3o e acessibilidade, entre outros itens, come\u00e7aram nesta ter\u00e7a, 2, e v\u00e3o at\u00e9 o dia 23 de maio. As obras emergenciais fazem parte do contrato da concession\u00e1ria com a Ag\u00eancia Nacional de Avia\u00e7\u00e3o Civil (Anac).&nbsp;<\/p>\n\n\n\n<p>Inicialmente prevista para ser realizada em 2020, esta primeira etapa da melhoria do aeroporto foi adiada por causa da pandemia do novo coronav\u00edrus. Al\u00e9m do terminal de Aracaju, outros cinco tamb\u00e9m ser\u00e3o reformados, todos administrados pela Aena Brasil. Apesar de a empresa estar trabalhando para que as obras n\u00e3o atrapalhem a experi\u00eancia do passageiro no aeroporto, alguns servi\u00e7os e estruturas ter\u00e3o de ser adaptadas at\u00e9 a conclus\u00e3o do trabalho. Todos os terminais contam com sinaliza\u00e7\u00e3o e esquema de seguran\u00e7a operacional a fim de que n\u00e3o haja incidentes.<\/p>\n\n\n\n<p>\u201cO nosso principal objetivo, com todas as obras, \u00e9 aliar a qualidade da presta\u00e7\u00e3o de servi\u00e7os da Aena Brasil com o bem-estar dos passageiros. Entendemos que esse conforto tamb\u00e9m faz parte da qualidade. Por isso, sentimos muito que, num primeiro momento, teremos alguns transtornos no terminal. Pedimos desculpas. Mas lembramos que, depois destes tr\u00eas meses, todos os que utilizam o terminal poder\u00e3o contar com um melhor atendimento\u201d, explica <strong>Wanderson Silva, diretor do aeroporto<\/strong>.&nbsp;<\/p>\n\n\n\n<p>As revitaliza\u00e7\u00f5es chegam para reafirmar o compromisso da concession\u00e1ria com o bem-estar dos milhares de passageiros que passam diariamente pelos terminais Aracaju (SE), do Recife (PE), Macei\u00f3 (AL), Jo\u00e3o Pessoa (PB), Campina Grande (PB) e Juazeiro do Norte (CE). Um segundo bloco de melhorias, na \u00e1rea de opera\u00e7\u00f5es, est\u00e1 sendo programado e dever\u00e1 ser entregue at\u00e9 junho de 2023.<\/p>\n\n\n\n<p>Desde o in\u00edcio da pandemia, a Aena Brasil teve de adaptar suas opera\u00e7\u00f5es para adotar normas e protocolos sanit\u00e1rios necess\u00e1rios \u00e0 seguran\u00e7a de todos que utilizam seus terminais. A empresa segue regras estabelecidas pela Ag\u00eancia Nacional de Avia\u00e7\u00e3o Civil (Anac) e Ag\u00eancia Nacional de Vigil\u00e2ncia Sanit\u00e1ria (Anvisa) para o combate \u00e0 dissemina\u00e7\u00e3o da covid-19. Em todos os terminais administrados pela companhia, tem sido feito o trabalho de conscientiza\u00e7\u00e3o por meio de avisos sonoros a respeito das medidas de prote\u00e7\u00e3o, al\u00e9m de contar com a atua\u00e7\u00e3o de seus colaboradores para ajudar nessas orienta\u00e7\u00f5es. Somado a isso, h\u00e1 sinaliza\u00e7\u00e3o refor\u00e7ada alertando sobre as formas de preven\u00e7\u00e3o \u00e0 doen\u00e7a.&nbsp;<\/p>\n","protected":false},"excerpt":{"rendered":"<p>Para assegurar o padr\u00e3o de qualidade dos servi\u00e7os prestados, a Aena Brasil d\u00e1 in\u00edcio, essa semana, \u00e0s obras de revitaliza\u00e7\u00e3o do Aeroporto Internacional de Aracaju &#8211; Santa Maria. Os trabalhos, que incluem a renova\u00e7\u00e3o completa dos banheiros, al\u00e9m de melhorias no sistema de climatiza\u00e7\u00e3o, sinaliza\u00e7\u00e3o, pintura, ilumina\u00e7\u00e3o e acessibilidade, entre outros itens, come\u00e7aram nesta ter\u00e7a, [&hellip;]<\/p>\n","protected":false},"author":1,"featured_media":22341,"comment_status":"open","ping_status":"open","sticky":false,"template":"","format":"standard","meta":{"tdm_status":"","tdm_grid_status":"","footnotes":""},"categories":[6],"tags":[3720,33,28],"class_list":["post-22340","post","type-post","status-publish","format-standard","has-post-thumbnail","hentry","category-noticias","tag-aena-brasil","tag-estrategia","tag-marketing"],"yoast_head":"<!-- This site is optimized with the Yoast SEO plugin v27.5 - https:\/\/yoast.com\/product\/yoast-seo-wordpress\/ -->\n<title>Aeroporto de Aracaju investe em infraestrutura - CidadeMarketing<\/title>\n<meta name=\"robots\" content=\"index, follow, max-snippet:-1, max-image-preview:large, max-video-preview:-1\" \/>\n<link rel=\"canonical\" href=\"https:\/\/www.cidademarketing.com.br\/marketing\/2021\/03\/03\/aeroporto-de-aracaju-investe-em-infraestrutura\/\" \/>\n<meta property=\"og:locale\" content=\"pt_BR\" \/>\n<meta property=\"og:type\" content=\"article\" \/>\n<meta property=\"og:title\" content=\"Aeroporto de Aracaju investe em infraestrutura - CidadeMarketing\" \/>\n<meta property=\"og:description\" content=\"Para assegurar o padr\u00e3o de qualidade dos servi\u00e7os prestados, a Aena Brasil d\u00e1 in\u00edcio, essa semana, \u00e0s obras de revitaliza\u00e7\u00e3o do Aeroporto Internacional de Aracaju &#8211; Santa Maria. Os trabalhos, que incluem a renova\u00e7\u00e3o completa dos banheiros, al\u00e9m de melhorias no sistema de climatiza\u00e7\u00e3o, sinaliza\u00e7\u00e3o, pintura, ilumina\u00e7\u00e3o e acessibilidade, entre outros itens, come\u00e7aram nesta ter\u00e7a, [&hellip;]\" \/>\n<meta property=\"og:url\" content=\"https:\/\/www.cidademarketing.com.br\/marketing\/2021\/03\/03\/aeroporto-de-aracaju-investe-em-infraestrutura\/\" \/>\n<meta property=\"og:site_name\" content=\"CidadeMarketing\" \/>\n<meta property=\"article:publisher\" content=\"https:\/\/www.facebook.com\/portalcidademarketing\" \/>\n<meta property=\"article:author\" content=\"https:\/\/www.facebook.com\/thalesbrandao\" \/>\n<meta property=\"article:published_time\" content=\"2021-03-03T13:59:01+00:00\" \/>\n<meta property=\"article:modified_time\" content=\"2021-03-03T13:59:06+00:00\" \/>\n<meta property=\"og:image\" content=\"https:\/\/www.cidademarketing.com.br\/marketing\/wp-content\/uploads\/2021\/03\/AERO-ARACAJU-2-scaled.jpg\" \/>\n\t<meta property=\"og:image:width\" content=\"2560\" \/>\n\t<meta property=\"og:image:height\" content=\"1707\" \/>\n\t<meta property=\"og:image:type\" content=\"image\/jpeg\" \/>\n<meta name=\"author\" content=\"Thales Brand\u00e3o\" \/>\n<meta name=\"twitter:card\" content=\"summary_large_image\" \/>\n<meta name=\"twitter:creator\" content=\"@http:\/\/www.twitter.com\/thalesbrandao\" \/>\n<meta name=\"twitter:site\" content=\"@CidadeMarketing\" \/>\n<meta name=\"twitter:label1\" content=\"Escrito por\" \/>\n\t<meta name=\"twitter:data1\" content=\"Thales Brand\u00e3o\" \/>\n\t<meta name=\"twitter:label2\" content=\"Est. tempo de leitura\" \/>\n\t<meta name=\"twitter:data2\" content=\"2 minutos\" \/>\n<script type=\"application\/ld+json\" class=\"yoast-schema-graph\">{\"@context\":\"https:\\\/\\\/schema.org\",\"@graph\":[{\"@type\":\"Article\",\"@id\":\"https:\\\/\\\/www.cidademarketing.com.br\\\/marketing\\\/2021\\\/03\\\/03\\\/aeroporto-de-aracaju-investe-em-infraestrutura\\\/#article\",\"isPartOf\":{\"@id\":\"https:\\\/\\\/www.cidademarketing.com.br\\\/marketing\\\/2021\\\/03\\\/03\\\/aeroporto-de-aracaju-investe-em-infraestrutura\\\/\"},\"author\":{\"name\":\"Thales Brand\u00e3o\",\"@id\":\"https:\\\/\\\/www.cidademarketing.com.br\\\/marketing\\\/#\\\/schema\\\/person\\\/02daff9f18bd9378c9e01eb6b2db155f\"},\"headline\":\"Aeroporto de Aracaju investe em infraestrutura\",\"datePublished\":\"2021-03-03T13:59:01+00:00\",\"dateModified\":\"2021-03-03T13:59:06+00:00\",\"mainEntityOfPage\":{\"@id\":\"https:\\\/\\\/www.cidademarketing.com.br\\\/marketing\\\/2021\\\/03\\\/03\\\/aeroporto-de-aracaju-investe-em-infraestrutura\\\/\"},\"wordCount\":463,\"commentCount\":0,\"publisher\":{\"@id\":\"https:\\\/\\\/www.cidademarketing.com.br\\\/marketing\\\/#organization\"},\"image\":{\"@id\":\"https:\\\/\\\/www.cidademarketing.com.br\\\/marketing\\\/2021\\\/03\\\/03\\\/aeroporto-de-aracaju-investe-em-infraestrutura\\\/#primaryimage\"},\"thumbnailUrl\":\"https:\\\/\\\/www.cidademarketing.com.br\\\/marketing\\\/wp-content\\\/uploads\\\/2021\\\/03\\\/AERO-ARACAJU-2-scaled.jpg\",\"keywords\":[\"Aena Brasil\",\"estrat\u00e9gia\",\"marketing\"],\"articleSection\":[\"Not\u00edcias\"],\"inLanguage\":\"pt-BR\",\"potentialAction\":[{\"@type\":\"CommentAction\",\"name\":\"Comment\",\"target\":[\"https:\\\/\\\/www.cidademarketing.com.br\\\/marketing\\\/2021\\\/03\\\/03\\\/aeroporto-de-aracaju-investe-em-infraestrutura\\\/#respond\"]}]},{\"@type\":\"WebPage\",\"@id\":\"https:\\\/\\\/www.cidademarketing.com.br\\\/marketing\\\/2021\\\/03\\\/03\\\/aeroporto-de-aracaju-investe-em-infraestrutura\\\/\",\"url\":\"https:\\\/\\\/www.cidademarketing.com.br\\\/marketing\\\/2021\\\/03\\\/03\\\/aeroporto-de-aracaju-investe-em-infraestrutura\\\/\",\"name\":\"Aeroporto de Aracaju investe em infraestrutura - CidadeMarketing\",\"isPartOf\":{\"@id\":\"https:\\\/\\\/www.cidademarketing.com.br\\\/marketing\\\/#website\"},\"primaryImageOfPage\":{\"@id\":\"https:\\\/\\\/www.cidademarketing.com.br\\\/marketing\\\/2021\\\/03\\\/03\\\/aeroporto-de-aracaju-investe-em-infraestrutura\\\/#primaryimage\"},\"image\":{\"@id\":\"https:\\\/\\\/www.cidademarketing.com.br\\\/marketing\\\/2021\\\/03\\\/03\\\/aeroporto-de-aracaju-investe-em-infraestrutura\\\/#primaryimage\"},\"thumbnailUrl\":\"https:\\\/\\\/www.cidademarketing.com.br\\\/marketing\\\/wp-content\\\/uploads\\\/2021\\\/03\\\/AERO-ARACAJU-2-scaled.jpg\",\"datePublished\":\"2021-03-03T13:59:01+00:00\",\"dateModified\":\"2021-03-03T13:59:06+00:00\",\"breadcrumb\":{\"@id\":\"https:\\\/\\\/www.cidademarketing.com.br\\\/marketing\\\/2021\\\/03\\\/03\\\/aeroporto-de-aracaju-investe-em-infraestrutura\\\/#breadcrumb\"},\"inLanguage\":\"pt-BR\",\"potentialAction\":[{\"@type\":\"ReadAction\",\"target\":[\"https:\\\/\\\/www.cidademarketing.com.br\\\/marketing\\\/2021\\\/03\\\/03\\\/aeroporto-de-aracaju-investe-em-infraestrutura\\\/\"]}]},{\"@type\":\"ImageObject\",\"inLanguage\":\"pt-BR\",\"@id\":\"https:\\\/\\\/www.cidademarketing.com.br\\\/marketing\\\/2021\\\/03\\\/03\\\/aeroporto-de-aracaju-investe-em-infraestrutura\\\/#primaryimage\",\"url\":\"https:\\\/\\\/www.cidademarketing.com.br\\\/marketing\\\/wp-content\\\/uploads\\\/2021\\\/03\\\/AERO-ARACAJU-2-scaled.jpg\",\"contentUrl\":\"https:\\\/\\\/www.cidademarketing.com.br\\\/marketing\\\/wp-content\\\/uploads\\\/2021\\\/03\\\/AERO-ARACAJU-2-scaled.jpg\",\"width\":2560,\"height\":1707,\"caption\":\"Divulga\u00e7\u00e3o\"},{\"@type\":\"BreadcrumbList\",\"@id\":\"https:\\\/\\\/www.cidademarketing.com.br\\\/marketing\\\/2021\\\/03\\\/03\\\/aeroporto-de-aracaju-investe-em-infraestrutura\\\/#breadcrumb\",\"itemListElement\":[{\"@type\":\"ListItem\",\"position\":1,\"name\":\"In\u00edcio\",\"item\":\"https:\\\/\\\/www.cidademarketing.com.br\\\/marketing\\\/\"},{\"@type\":\"ListItem\",\"position\":2,\"name\":\"Aeroporto de Aracaju investe em infraestrutura\"}]},{\"@type\":\"WebSite\",\"@id\":\"https:\\\/\\\/www.cidademarketing.com.br\\\/marketing\\\/#website\",\"url\":\"https:\\\/\\\/www.cidademarketing.com.br\\\/marketing\\\/\",\"name\":\"CidadeMarketing\",\"description\":\"Somos um ve\u00edculo de comunica\u00e7\u00e3o de destaque no Brasil, reconhecido por conte\u00fados nos segmentos de marketing, empreendedorismo e inova\u00e7\u00e3o.\",\"publisher\":{\"@id\":\"https:\\\/\\\/www.cidademarketing.com.br\\\/marketing\\\/#organization\"},\"alternateName\":\"CidadeMarketing\",\"potentialAction\":[{\"@type\":\"SearchAction\",\"target\":{\"@type\":\"EntryPoint\",\"urlTemplate\":\"https:\\\/\\\/www.cidademarketing.com.br\\\/marketing\\\/?s={search_term_string}\"},\"query-input\":{\"@type\":\"PropertyValueSpecification\",\"valueRequired\":true,\"valueName\":\"search_term_string\"}}],\"inLanguage\":\"pt-BR\"},{\"@type\":\"Organization\",\"@id\":\"https:\\\/\\\/www.cidademarketing.com.br\\\/marketing\\\/#organization\",\"name\":\"CidadeMarketing\",\"alternateName\":\"CidadeMarketing\",\"url\":\"https:\\\/\\\/www.cidademarketing.com.br\\\/marketing\\\/\",\"logo\":{\"@type\":\"ImageObject\",\"inLanguage\":\"pt-BR\",\"@id\":\"https:\\\/\\\/www.cidademarketing.com.br\\\/marketing\\\/#\\\/schema\\\/logo\\\/image\\\/\",\"url\":\"https:\\\/\\\/www.cidademarketing.com.br\\\/marketing\\\/wp-content\\\/uploads\\\/2020\\\/01\\\/cidademarketing_marca_mobile.png\",\"contentUrl\":\"https:\\\/\\\/www.cidademarketing.com.br\\\/marketing\\\/wp-content\\\/uploads\\\/2020\\\/01\\\/cidademarketing_marca_mobile.png\",\"width\":230,\"height\":92,\"caption\":\"CidadeMarketing\"},\"image\":{\"@id\":\"https:\\\/\\\/www.cidademarketing.com.br\\\/marketing\\\/#\\\/schema\\\/logo\\\/image\\\/\"},\"sameAs\":[\"https:\\\/\\\/www.facebook.com\\\/portalcidademarketing\",\"https:\\\/\\\/x.com\\\/CidadeMarketing\",\"https:\\\/\\\/www.instagram.com\\\/cidademarketing\\\/\"]},{\"@type\":\"Person\",\"@id\":\"https:\\\/\\\/www.cidademarketing.com.br\\\/marketing\\\/#\\\/schema\\\/person\\\/02daff9f18bd9378c9e01eb6b2db155f\",\"name\":\"Thales Brand\u00e3o\",\"image\":{\"@type\":\"ImageObject\",\"inLanguage\":\"pt-BR\",\"@id\":\"https:\\\/\\\/secure.gravatar.com\\\/avatar\\\/7ca3206950207cc3cb48feec56a8a7898741ab725c368d99d5d7a5a50aab80c6?s=96&d=mm&r=g\",\"url\":\"https:\\\/\\\/secure.gravatar.com\\\/avatar\\\/7ca3206950207cc3cb48feec56a8a7898741ab725c368d99d5d7a5a50aab80c6?s=96&d=mm&r=g\",\"contentUrl\":\"https:\\\/\\\/secure.gravatar.com\\\/avatar\\\/7ca3206950207cc3cb48feec56a8a7898741ab725c368d99d5d7a5a50aab80c6?s=96&d=mm&r=g\",\"caption\":\"Thales Brand\u00e3o\"},\"description\":\"Editor Executivo do Portal CidadeMarketing.com.br &gt; Mestre em Comunica\u00e7\u00e3o e Sociedade pela Universidade Federal de Sergipe. Possui MBA Executivo em Administra\u00e7\u00e3o com \u00eanfase em Marketing pela Funda\u00e7\u00e3o Get\u00falio Vargas - Rio de Janeiro. Consultor, Palestrante e Pesquisador sobre Empreendedorismo, Marketing, Redes Sociais e Neg\u00f3cios Digitais. Professor, Palestrante TedxTalks e Campus Party. Twitter: @ThalesBrandao\",\"sameAs\":[\"http:\\\/\\\/www.mandacaru.com.br\",\"https:\\\/\\\/www.facebook.com\\\/thalesbrandao\",\"http:\\\/\\\/www.instagram.com.br\\\/thalesbrandaoferreira\",\"https:\\\/\\\/www.linkedin.com\\\/in\\\/thales-brand\u00e3o-3948609\\\/\",\"https:\\\/\\\/x.com\\\/http:\\\/\\\/www.twitter.com\\\/thalesbrandao\"],\"url\":\"https:\\\/\\\/www.cidademarketing.com.br\\\/marketing\\\/author\\\/thalesbrandao\\\/\"}]}<\/script>\n<!-- \/ Yoast SEO plugin. -->","yoast_head_json":{"title":"Aeroporto de Aracaju investe em infraestrutura - CidadeMarketing","robots":{"index":"index","follow":"follow","max-snippet":"max-snippet:-1","max-image-preview":"max-image-preview:large","max-video-preview":"max-video-preview:-1"},"canonical":"https:\/\/www.cidademarketing.com.br\/marketing\/2021\/03\/03\/aeroporto-de-aracaju-investe-em-infraestrutura\/","og_locale":"pt_BR","og_type":"article","og_title":"Aeroporto de Aracaju investe em infraestrutura - CidadeMarketing","og_description":"Para assegurar o padr\u00e3o de qualidade dos servi\u00e7os prestados, a Aena Brasil d\u00e1 in\u00edcio, essa semana, \u00e0s obras de revitaliza\u00e7\u00e3o do Aeroporto Internacional de Aracaju &#8211; Santa Maria. Os trabalhos, que incluem a renova\u00e7\u00e3o completa dos banheiros, al\u00e9m de melhorias no sistema de climatiza\u00e7\u00e3o, sinaliza\u00e7\u00e3o, pintura, ilumina\u00e7\u00e3o e acessibilidade, entre outros itens, come\u00e7aram nesta ter\u00e7a, [&hellip;]","og_url":"https:\/\/www.cidademarketing.com.br\/marketing\/2021\/03\/03\/aeroporto-de-aracaju-investe-em-infraestrutura\/","og_site_name":"CidadeMarketing","article_publisher":"https:\/\/www.facebook.com\/portalcidademarketing","article_author":"https:\/\/www.facebook.com\/thalesbrandao","article_published_time":"2021-03-03T13:59:01+00:00","article_modified_time":"2021-03-03T13:59:06+00:00","og_image":[{"width":2560,"height":1707,"url":"https:\/\/www.cidademarketing.com.br\/marketing\/wp-content\/uploads\/2021\/03\/AERO-ARACAJU-2-scaled.jpg","type":"image\/jpeg"}],"author":"Thales Brand\u00e3o","twitter_card":"summary_large_image","twitter_creator":"@http:\/\/www.twitter.com\/thalesbrandao","twitter_site":"@CidadeMarketing","twitter_misc":{"Escrito por":"Thales Brand\u00e3o","Est. tempo de leitura":"2 minutos"},"schema":{"@context":"https:\/\/schema.org","@graph":[{"@type":"Article","@id":"https:\/\/www.cidademarketing.com.br\/marketing\/2021\/03\/03\/aeroporto-de-aracaju-investe-em-infraestrutura\/#article","isPartOf":{"@id":"https:\/\/www.cidademarketing.com.br\/marketing\/2021\/03\/03\/aeroporto-de-aracaju-investe-em-infraestrutura\/"},"author":{"name":"Thales Brand\u00e3o","@id":"https:\/\/www.cidademarketing.com.br\/marketing\/#\/schema\/person\/02daff9f18bd9378c9e01eb6b2db155f"},"headline":"Aeroporto de Aracaju investe em infraestrutura","datePublished":"2021-03-03T13:59:01+00:00","dateModified":"2021-03-03T13:59:06+00:00","mainEntityOfPage":{"@id":"https:\/\/www.cidademarketing.com.br\/marketing\/2021\/03\/03\/aeroporto-de-aracaju-investe-em-infraestrutura\/"},"wordCount":463,"commentCount":0,"publisher":{"@id":"https:\/\/www.cidademarketing.com.br\/marketing\/#organization"},"image":{"@id":"https:\/\/www.cidademarketing.com.br\/marketing\/2021\/03\/03\/aeroporto-de-aracaju-investe-em-infraestrutura\/#primaryimage"},"thumbnailUrl":"https:\/\/www.cidademarketing.com.br\/marketing\/wp-content\/uploads\/2021\/03\/AERO-ARACAJU-2-scaled.jpg","keywords":["Aena Brasil","estrat\u00e9gia","marketing"],"articleSection":["Not\u00edcias"],"inLanguage":"pt-BR","potentialAction":[{"@type":"CommentAction","name":"Comment","target":["https:\/\/www.cidademarketing.com.br\/marketing\/2021\/03\/03\/aeroporto-de-aracaju-investe-em-infraestrutura\/#respond"]}]},{"@type":"WebPage","@id":"https:\/\/www.cidademarketing.com.br\/marketing\/2021\/03\/03\/aeroporto-de-aracaju-investe-em-infraestrutura\/","url":"https:\/\/www.cidademarketing.com.br\/marketing\/2021\/03\/03\/aeroporto-de-aracaju-investe-em-infraestrutura\/","name":"Aeroporto de Aracaju investe em infraestrutura - CidadeMarketing","isPartOf":{"@id":"https:\/\/www.cidademarketing.com.br\/marketing\/#website"},"primaryImageOfPage":{"@id":"https:\/\/www.cidademarketing.com.br\/marketing\/2021\/03\/03\/aeroporto-de-aracaju-investe-em-infraestrutura\/#primaryimage"},"image":{"@id":"https:\/\/www.cidademarketing.com.br\/marketing\/2021\/03\/03\/aeroporto-de-aracaju-investe-em-infraestrutura\/#primaryimage"},"thumbnailUrl":"https:\/\/www.cidademarketing.com.br\/marketing\/wp-content\/uploads\/2021\/03\/AERO-ARACAJU-2-scaled.jpg","datePublished":"2021-03-03T13:59:01+00:00","dateModified":"2021-03-03T13:59:06+00:00","breadcrumb":{"@id":"https:\/\/www.cidademarketing.com.br\/marketing\/2021\/03\/03\/aeroporto-de-aracaju-investe-em-infraestrutura\/#breadcrumb"},"inLanguage":"pt-BR","potentialAction":[{"@type":"ReadAction","target":["https:\/\/www.cidademarketing.com.br\/marketing\/2021\/03\/03\/aeroporto-de-aracaju-investe-em-infraestrutura\/"]}]},{"@type":"ImageObject","inLanguage":"pt-BR","@id":"https:\/\/www.cidademarketing.com.br\/marketing\/2021\/03\/03\/aeroporto-de-aracaju-investe-em-infraestrutura\/#primaryimage","url":"https:\/\/www.cidademarketing.com.br\/marketing\/wp-content\/uploads\/2021\/03\/AERO-ARACAJU-2-scaled.jpg","contentUrl":"https:\/\/www.cidademarketing.com.br\/marketing\/wp-content\/uploads\/2021\/03\/AERO-ARACAJU-2-scaled.jpg","width":2560,"height":1707,"caption":"Divulga\u00e7\u00e3o"},{"@type":"BreadcrumbList","@id":"https:\/\/www.cidademarketing.com.br\/marketing\/2021\/03\/03\/aeroporto-de-aracaju-investe-em-infraestrutura\/#breadcrumb","itemListElement":[{"@type":"ListItem","position":1,"name":"In\u00edcio","item":"https:\/\/www.cidademarketing.com.br\/marketing\/"},{"@type":"ListItem","position":2,"name":"Aeroporto de Aracaju investe em infraestrutura"}]},{"@type":"WebSite","@id":"https:\/\/www.cidademarketing.com.br\/marketing\/#website","url":"https:\/\/www.cidademarketing.com.br\/marketing\/","name":"CidadeMarketing","description":"Somos um ve\u00edculo de comunica\u00e7\u00e3o de destaque no Brasil, reconhecido por conte\u00fados nos segmentos de marketing, empreendedorismo e inova\u00e7\u00e3o.","publisher":{"@id":"https:\/\/www.cidademarketing.com.br\/marketing\/#organization"},"alternateName":"CidadeMarketing","potentialAction":[{"@type":"SearchAction","target":{"@type":"EntryPoint","urlTemplate":"https:\/\/www.cidademarketing.com.br\/marketing\/?s={search_term_string}"},"query-input":{"@type":"PropertyValueSpecification","valueRequired":true,"valueName":"search_term_string"}}],"inLanguage":"pt-BR"},{"@type":"Organization","@id":"https:\/\/www.cidademarketing.com.br\/marketing\/#organization","name":"CidadeMarketing","alternateName":"CidadeMarketing","url":"https:\/\/www.cidademarketing.com.br\/marketing\/","logo":{"@type":"ImageObject","inLanguage":"pt-BR","@id":"https:\/\/www.cidademarketing.com.br\/marketing\/#\/schema\/logo\/image\/","url":"https:\/\/www.cidademarketing.com.br\/marketing\/wp-content\/uploads\/2020\/01\/cidademarketing_marca_mobile.png","contentUrl":"https:\/\/www.cidademarketing.com.br\/marketing\/wp-content\/uploads\/2020\/01\/cidademarketing_marca_mobile.png","width":230,"height":92,"caption":"CidadeMarketing"},"image":{"@id":"https:\/\/www.cidademarketing.com.br\/marketing\/#\/schema\/logo\/image\/"},"sameAs":["https:\/\/www.facebook.com\/portalcidademarketing","https:\/\/x.com\/CidadeMarketing","https:\/\/www.instagram.com\/cidademarketing\/"]},{"@type":"Person","@id":"https:\/\/www.cidademarketing.com.br\/marketing\/#\/schema\/person\/02daff9f18bd9378c9e01eb6b2db155f","name":"Thales Brand\u00e3o","image":{"@type":"ImageObject","inLanguage":"pt-BR","@id":"https:\/\/secure.gravatar.com\/avatar\/7ca3206950207cc3cb48feec56a8a7898741ab725c368d99d5d7a5a50aab80c6?s=96&d=mm&r=g","url":"https:\/\/secure.gravatar.com\/avatar\/7ca3206950207cc3cb48feec56a8a7898741ab725c368d99d5d7a5a50aab80c6?s=96&d=mm&r=g","contentUrl":"https:\/\/secure.gravatar.com\/avatar\/7ca3206950207cc3cb48feec56a8a7898741ab725c368d99d5d7a5a50aab80c6?s=96&d=mm&r=g","caption":"Thales Brand\u00e3o"},"description":"Editor Executivo do Portal CidadeMarketing.com.br &gt; Mestre em Comunica\u00e7\u00e3o e Sociedade pela Universidade Federal de Sergipe. Possui MBA Executivo em Administra\u00e7\u00e3o com \u00eanfase em Marketing pela Funda\u00e7\u00e3o Get\u00falio Vargas - Rio de Janeiro. Consultor, Palestrante e Pesquisador sobre Empreendedorismo, Marketing, Redes Sociais e Neg\u00f3cios Digitais. Professor, Palestrante TedxTalks e Campus Party. Twitter: @ThalesBrandao","sameAs":["http:\/\/www.mandacaru.com.br","https:\/\/www.facebook.com\/thalesbrandao","http:\/\/www.instagram.com.br\/thalesbrandaoferreira","https:\/\/www.linkedin.com\/in\/thales-brand\u00e3o-3948609\/","https:\/\/x.com\/http:\/\/www.twitter.com\/thalesbrandao"],"url":"https:\/\/www.cidademarketing.com.br\/marketing\/author\/thalesbrandao\/"}]}},"amp_enabled":true,"_links":{"self":[{"href":"https:\/\/www.cidademarketing.com.br\/marketing\/wp-json\/wp\/v2\/posts\/22340","targetHints":{"allow":["GET"]}}],"collection":[{"href":"https:\/\/www.cidademarketing.com.br\/marketing\/wp-json\/wp\/v2\/posts"}],"about":[{"href":"https:\/\/www.cidademarketing.com.br\/marketing\/wp-json\/wp\/v2\/types\/post"}],"author":[{"embeddable":true,"href":"https:\/\/www.cidademarketing.com.br\/marketing\/wp-json\/wp\/v2\/users\/1"}],"replies":[{"embeddable":true,"href":"https:\/\/www.cidademarketing.com.br\/marketing\/wp-json\/wp\/v2\/comments?post=22340"}],"version-history":[{"count":1,"href":"https:\/\/www.cidademarketing.com.br\/marketing\/wp-json\/wp\/v2\/posts\/22340\/revisions"}],"predecessor-version":[{"id":22343,"href":"https:\/\/www.cidademarketing.com.br\/marketing\/wp-json\/wp\/v2\/posts\/22340\/revisions\/22343"}],"wp:featuredmedia":[{"embeddable":true,"href":"https:\/\/www.cidademarketing.com.br\/marketing\/wp-json\/wp\/v2\/media\/22341"}],"wp:attachment":[{"href":"https:\/\/www.cidademarketing.com.br\/marketing\/wp-json\/wp\/v2\/media?parent=22340"}],"wp:term":[{"taxonomy":"category","embeddable":true,"href":"https:\/\/www.cidademarketing.com.br\/marketing\/wp-json\/wp\/v2\/categories?post=22340"},{"taxonomy":"post_tag","embeddable":true,"href":"https:\/\/www.cidademarketing.com.br\/marketing\/wp-json\/wp\/v2\/tags?post=22340"}],"curies":[{"name":"wp","href":"https:\/\/api.w.org\/{rel}","templated":true}]}}