{"id":22301,"date":"2021-03-01T16:02:10","date_gmt":"2021-03-01T19:02:10","guid":{"rendered":"https:\/\/www.cidademarketing.com.br\/marketing\/?p=22301"},"modified":"2021-03-01T16:02:12","modified_gmt":"2021-03-01T19:02:12","slug":"queremos-e-tema-do-ultimo-episodio-do-heineken-green-cast-podcast-proprietario-da-marca","status":"publish","type":"post","link":"https:\/\/www.cidademarketing.com.br\/marketing\/2021\/03\/01\/queremos-e-tema-do-ultimo-episodio-do-heineken-green-cast-podcast-proprietario-da-marca\/","title":{"rendered":"Queremos! \u00e9 tema do \u00faltimo epis\u00f3dio do Heineken\u00ae Green Cast, podcast propriet\u00e1rio da marca"},"content":{"rendered":"\n<p>O Heineken\u00ae Green Cast, podcast propriet\u00e1rio da marca, apresenta nesta semana o sexto e \u00faltimo epis\u00f3dio da temporada com os bastidores e hist\u00f3rias in\u00e9ditas do festival Queremos!, plataforma que h\u00e1 11 anos conecta o p\u00fablico com um microcosmo \u00fanico e que busca proporcionar encontros inesquec\u00edveis, a arte da celebra\u00e7\u00e3o e a emo\u00e7\u00e3o que todo f\u00e3 sente diante de seu artista favorito.<\/p>\n\n\n\n<p>Para falar um pouco da trajet\u00f3ria do Queremos!, incluindo curiosidades de backstage, passando por financiamento coletivo, entre outras dezenas de hist\u00f3rias acumuladas em mais de 80 shows com artistas dos mais diversos estilos musicais como Aurora, Chemical Brothers, The National, Kamasi Washington, Phoenix, Ibeyi, The Internet, Alabama Shakes, para citar alguns, os apresentadores Tony Aiex e Isadora Almeida recebem nesta edi\u00e7\u00e3o Felipe Continentino e Pedro Seiler, co-fundadores do Queremos!.<\/p>\n\n\n\n<p>Entre os demais assuntos abordados est\u00e3o os desafios em manter ativa e em constante expans\u00e3o a sinergia a comunidade do Queremos!, al\u00e9m dos pr\u00f3ximos passos, formatos e m\u00eddias que devem ser experimentadas e que ser\u00e3o respons\u00e1veis para intensificar ainda mais a experi\u00eancia do p\u00fablico que \u00e9 f\u00e3 do festival.<\/p>\n\n\n\n<p>&#8220;A rela\u00e7\u00e3o entre Heineken\u00ae e Queremos! \u00e9 uma forma de criar ideias, contar hist\u00f3rias e levar experi\u00eancias marcantes para todo p\u00fablico. Ao longo desses cinco anos ao lado de um dos festivais mais legais e democr\u00e1ticos do Brasil, amadurecemos, expandimos e, juntos, descobrimos formas de proporcionar e vivenciar conex\u00f5es entre diferentes pessoas, apaixonadas por m\u00fasica, com energia para fazer seus sonhos acontecerem&#8221;, comenta Guilherme Retz, diretor de marketing da marca Heineken\u00ae no Brasil.<\/p>\n\n\n\n<p>&#8220;Poder falar sobre nossa hist\u00f3ria e a hist\u00f3ria da parceria com a Heineken\u00ae num momento como esse \u00e9 ter o prazer de reviver experi\u00eancias incr\u00edveis, sonhos realizados, e a certeza de que, assim que poss\u00edvel, estaremos todos juntos cantando e pulando em um t\u00e3o saudoso show ao vivo,&#8221; comenta Felipe Continentino, co-fundador do Queremos!.<\/p>\n\n\n\n<p>&#8220;A iniciativa de contar a hist\u00f3ria e feitos dos festivais parceiros atrav\u00e9s de um podcast, s\u00f3 mostra o qu\u00e3o comprometida a Heineken\u00ae \u00e9 com a m\u00fasica e com essa atividade t\u00e3o fundamental que \u00e9 dar palco para artistas e m\u00fasica para o p\u00fablico,&#8221; finaliza Pedro Seiler, co-fundador do Queremos!.<\/p>\n\n\n\n<p>Com co-produ\u00e7\u00e3o da Balaclava Records, o Heineken\u00ae Green Cast dedicou sua primeira temporada inteiramente \u00e0s hist\u00f3rias e aos bastidores incr\u00edveis por dentro dos festivais de m\u00fasica patrocinados pela Heineken\u00ae. A estreia aconteceu em dezembro de 2020 com o programa sobre o Balaclava Festival, seguido logo depois em janeiro com o epis\u00f3dio Popload, Rock in Rio, e em fevereiro M-S Live, MECA e agora finalizando com Queremos!. Todos os seis programas do podcast est\u00e3o dispon\u00edveis nas plataformas de streaming Spotify e Deezer.<\/p>\n\n\n\n<p>O podcast faz parte da plataforma de m\u00fasica da Heineken\u00ae, e que, atrav\u00e9s de ativa\u00e7\u00f5es, conte\u00fados digitais e presen\u00e7a em festivais, busca conectar os consumidores com todo universo musical para que assim tenham experi\u00eancias \u00fanicas e marcantes.<\/p>\n\n\n\n<p><strong>SERVI\u00c7O:<\/strong><\/p>\n\n\n\n<p><strong><u>Heineken\u00ae Green Cast<\/u><\/strong><br><strong>Apresentadores:<\/strong> Isadora Almeida e Tony Aiex<br><strong>Estreia do EP 6:<\/strong> 01 de mar\u00e7o<br><strong>Tema:<\/strong> Queremos!<\/p>\n\n\n\n<p><strong>Clique aqui para ouvir: <\/strong><a href=\"https:\/\/open.spotify.com\/episode\/00DpH9S28IHfyDGZleVx8w\" target=\"_blank\" rel=\"noreferrer noopener\">Spotify <\/a>e <a href=\"https:\/\/www.deezer.com\/br\/show\/2079282?utm_campaign=clipboard-generic&amp;utm_source=user_sharing&amp;utm_medium=desktop&amp;utm_content=talk_show-2079282\" target=\"_blank\" rel=\"noreferrer noopener\">Deezer<\/a><br>Convidados: Felipe Continentino e Pedro Seiler, co-fundadores do Queremos!<\/p>\n\n\n\n<p><strong>Hashtags:<\/strong> #HeinekenGreenCast<br><strong>Perfil oficial:<\/strong> @heinekenbr<\/p>\n\n\n\n<p><strong>APRESENTADORES:<\/strong><\/p>\n\n\n\n<p><strong>Sobre Isadora Almeida<\/strong><br>Radialista formada pela FAAP, trabalha com conte\u00fado para marcas na ag\u00eancia HavasPlus. Fala de m\u00fasica nos podcasts Vamos Falar Sobre M\u00fasica? e Popload: Popcast com L\u00facio Ribeiro. \u00c9 colunista de m\u00fasica em um dos maiores portais de moda, comportamento e cultura pop do Brasil, o FFW. Mensalmente apresenta o programa de r\u00e1dio Alone, Together na r\u00e1dio online Veneno. Tamb\u00e9m escreve sobre m\u00fasica no Popload e Monkeybuzz.<\/p>\n\n\n\n<p><strong>Sobre Tony Aiex<\/strong><br>Fundador e editor-chefe do site Tenho Mais Discos Que Amigos!, tamb\u00e9m \u00e9 respons\u00e1vel pelas m\u00eddias sociais do TMDQA! e todos os seus desdobramentos em outras plataformas como podcast, v\u00eddeos, transmiss\u00f5es e mais. Desde 2010 o portal teve varia\u00e7\u00f5es de seu programa e o formato mais recente j\u00e1 dura 3 anos, sendo que<br>hoje em dia o podcast do portal Tenho Mais Discos Que Amigos! aparece no Top 30 de m\u00fasica do Spotify.<\/p>\n\n\n\n<p><\/p>\n","protected":false},"excerpt":{"rendered":"<p>O Heineken\u00ae Green Cast, podcast propriet\u00e1rio da marca, apresenta nesta semana o sexto e \u00faltimo epis\u00f3dio da temporada com os bastidores e hist\u00f3rias in\u00e9ditas do festival Queremos!, plataforma que h\u00e1 11 anos conecta o p\u00fablico com um microcosmo \u00fanico e que busca proporcionar encontros inesquec\u00edveis, a arte da celebra\u00e7\u00e3o e a emo\u00e7\u00e3o que todo f\u00e3 [&hellip;]<\/p>\n","protected":false},"author":1,"featured_media":22302,"comment_status":"open","ping_status":"open","sticky":false,"template":"","format":"standard","meta":{"tdm_status":"","tdm_grid_status":"","footnotes":""},"categories":[6],"tags":[33,654,28],"class_list":["post-22301","post","type-post","status-publish","format-standard","has-post-thumbnail","hentry","category-noticias","tag-estrategia","tag-heineken","tag-marketing"],"yoast_head":"<!-- This site is optimized with the Yoast SEO plugin v27.5 - https:\/\/yoast.com\/product\/yoast-seo-wordpress\/ -->\n<title>Queremos! \u00e9 tema do \u00faltimo epis\u00f3dio do Heineken\u00ae Green Cast, podcast propriet\u00e1rio da marca - CidadeMarketing<\/title>\n<meta name=\"robots\" content=\"index, follow, max-snippet:-1, max-image-preview:large, max-video-preview:-1\" \/>\n<link rel=\"canonical\" href=\"https:\/\/www.cidademarketing.com.br\/marketing\/2021\/03\/01\/queremos-e-tema-do-ultimo-episodio-do-heineken-green-cast-podcast-proprietario-da-marca\/\" \/>\n<meta property=\"og:locale\" content=\"pt_BR\" \/>\n<meta property=\"og:type\" content=\"article\" \/>\n<meta property=\"og:title\" content=\"Queremos! \u00e9 tema do \u00faltimo epis\u00f3dio do Heineken\u00ae Green Cast, podcast propriet\u00e1rio da marca - CidadeMarketing\" \/>\n<meta property=\"og:description\" content=\"O Heineken\u00ae Green Cast, podcast propriet\u00e1rio da marca, apresenta nesta semana o sexto e \u00faltimo epis\u00f3dio da temporada com os bastidores e hist\u00f3rias in\u00e9ditas do festival Queremos!, plataforma que h\u00e1 11 anos conecta o p\u00fablico com um microcosmo \u00fanico e que busca proporcionar encontros inesquec\u00edveis, a arte da celebra\u00e7\u00e3o e a emo\u00e7\u00e3o que todo f\u00e3 [&hellip;]\" \/>\n<meta property=\"og:url\" content=\"https:\/\/www.cidademarketing.com.br\/marketing\/2021\/03\/01\/queremos-e-tema-do-ultimo-episodio-do-heineken-green-cast-podcast-proprietario-da-marca\/\" \/>\n<meta property=\"og:site_name\" content=\"CidadeMarketing\" \/>\n<meta property=\"article:publisher\" content=\"https:\/\/www.facebook.com\/portalcidademarketing\" \/>\n<meta property=\"article:author\" content=\"https:\/\/www.facebook.com\/thalesbrandao\" \/>\n<meta property=\"article:published_time\" content=\"2021-03-01T19:02:10+00:00\" \/>\n<meta property=\"article:modified_time\" content=\"2021-03-01T19:02:12+00:00\" \/>\n<meta property=\"og:image\" content=\"https:\/\/www.cidademarketing.com.br\/marketing\/wp-content\/uploads\/2021\/03\/greencast_heineken.jpg\" \/>\n\t<meta property=\"og:image:width\" content=\"525\" \/>\n\t<meta property=\"og:image:height\" content=\"540\" \/>\n\t<meta property=\"og:image:type\" content=\"image\/jpeg\" \/>\n<meta name=\"author\" content=\"Thales Brand\u00e3o\" \/>\n<meta name=\"twitter:card\" content=\"summary_large_image\" \/>\n<meta name=\"twitter:creator\" content=\"@http:\/\/www.twitter.com\/thalesbrandao\" \/>\n<meta name=\"twitter:site\" content=\"@CidadeMarketing\" \/>\n<meta name=\"twitter:label1\" content=\"Escrito por\" \/>\n\t<meta name=\"twitter:data1\" content=\"Thales Brand\u00e3o\" \/>\n\t<meta name=\"twitter:label2\" content=\"Est. tempo de leitura\" \/>\n\t<meta name=\"twitter:data2\" content=\"4 minutos\" \/>\n<script type=\"application\/ld+json\" class=\"yoast-schema-graph\">{\"@context\":\"https:\\\/\\\/schema.org\",\"@graph\":[{\"@type\":\"Article\",\"@id\":\"https:\\\/\\\/www.cidademarketing.com.br\\\/marketing\\\/2021\\\/03\\\/01\\\/queremos-e-tema-do-ultimo-episodio-do-heineken-green-cast-podcast-proprietario-da-marca\\\/#article\",\"isPartOf\":{\"@id\":\"https:\\\/\\\/www.cidademarketing.com.br\\\/marketing\\\/2021\\\/03\\\/01\\\/queremos-e-tema-do-ultimo-episodio-do-heineken-green-cast-podcast-proprietario-da-marca\\\/\"},\"author\":{\"name\":\"Thales Brand\u00e3o\",\"@id\":\"https:\\\/\\\/www.cidademarketing.com.br\\\/marketing\\\/#\\\/schema\\\/person\\\/02daff9f18bd9378c9e01eb6b2db155f\"},\"headline\":\"Queremos! \u00e9 tema do \u00faltimo epis\u00f3dio do Heineken\u00ae Green Cast, podcast propriet\u00e1rio da marca\",\"datePublished\":\"2021-03-01T19:02:10+00:00\",\"dateModified\":\"2021-03-01T19:02:12+00:00\",\"mainEntityOfPage\":{\"@id\":\"https:\\\/\\\/www.cidademarketing.com.br\\\/marketing\\\/2021\\\/03\\\/01\\\/queremos-e-tema-do-ultimo-episodio-do-heineken-green-cast-podcast-proprietario-da-marca\\\/\"},\"wordCount\":729,\"commentCount\":0,\"publisher\":{\"@id\":\"https:\\\/\\\/www.cidademarketing.com.br\\\/marketing\\\/#organization\"},\"image\":{\"@id\":\"https:\\\/\\\/www.cidademarketing.com.br\\\/marketing\\\/2021\\\/03\\\/01\\\/queremos-e-tema-do-ultimo-episodio-do-heineken-green-cast-podcast-proprietario-da-marca\\\/#primaryimage\"},\"thumbnailUrl\":\"https:\\\/\\\/www.cidademarketing.com.br\\\/marketing\\\/wp-content\\\/uploads\\\/2021\\\/03\\\/greencast_heineken.jpg\",\"keywords\":[\"estrat\u00e9gia\",\"Heineken\",\"marketing\"],\"articleSection\":[\"Not\u00edcias\"],\"inLanguage\":\"pt-BR\",\"potentialAction\":[{\"@type\":\"CommentAction\",\"name\":\"Comment\",\"target\":[\"https:\\\/\\\/www.cidademarketing.com.br\\\/marketing\\\/2021\\\/03\\\/01\\\/queremos-e-tema-do-ultimo-episodio-do-heineken-green-cast-podcast-proprietario-da-marca\\\/#respond\"]}]},{\"@type\":\"WebPage\",\"@id\":\"https:\\\/\\\/www.cidademarketing.com.br\\\/marketing\\\/2021\\\/03\\\/01\\\/queremos-e-tema-do-ultimo-episodio-do-heineken-green-cast-podcast-proprietario-da-marca\\\/\",\"url\":\"https:\\\/\\\/www.cidademarketing.com.br\\\/marketing\\\/2021\\\/03\\\/01\\\/queremos-e-tema-do-ultimo-episodio-do-heineken-green-cast-podcast-proprietario-da-marca\\\/\",\"name\":\"Queremos! \u00e9 tema do \u00faltimo epis\u00f3dio do Heineken\u00ae Green Cast, podcast propriet\u00e1rio da marca - CidadeMarketing\",\"isPartOf\":{\"@id\":\"https:\\\/\\\/www.cidademarketing.com.br\\\/marketing\\\/#website\"},\"primaryImageOfPage\":{\"@id\":\"https:\\\/\\\/www.cidademarketing.com.br\\\/marketing\\\/2021\\\/03\\\/01\\\/queremos-e-tema-do-ultimo-episodio-do-heineken-green-cast-podcast-proprietario-da-marca\\\/#primaryimage\"},\"image\":{\"@id\":\"https:\\\/\\\/www.cidademarketing.com.br\\\/marketing\\\/2021\\\/03\\\/01\\\/queremos-e-tema-do-ultimo-episodio-do-heineken-green-cast-podcast-proprietario-da-marca\\\/#primaryimage\"},\"thumbnailUrl\":\"https:\\\/\\\/www.cidademarketing.com.br\\\/marketing\\\/wp-content\\\/uploads\\\/2021\\\/03\\\/greencast_heineken.jpg\",\"datePublished\":\"2021-03-01T19:02:10+00:00\",\"dateModified\":\"2021-03-01T19:02:12+00:00\",\"breadcrumb\":{\"@id\":\"https:\\\/\\\/www.cidademarketing.com.br\\\/marketing\\\/2021\\\/03\\\/01\\\/queremos-e-tema-do-ultimo-episodio-do-heineken-green-cast-podcast-proprietario-da-marca\\\/#breadcrumb\"},\"inLanguage\":\"pt-BR\",\"potentialAction\":[{\"@type\":\"ReadAction\",\"target\":[\"https:\\\/\\\/www.cidademarketing.com.br\\\/marketing\\\/2021\\\/03\\\/01\\\/queremos-e-tema-do-ultimo-episodio-do-heineken-green-cast-podcast-proprietario-da-marca\\\/\"]}]},{\"@type\":\"ImageObject\",\"inLanguage\":\"pt-BR\",\"@id\":\"https:\\\/\\\/www.cidademarketing.com.br\\\/marketing\\\/2021\\\/03\\\/01\\\/queremos-e-tema-do-ultimo-episodio-do-heineken-green-cast-podcast-proprietario-da-marca\\\/#primaryimage\",\"url\":\"https:\\\/\\\/www.cidademarketing.com.br\\\/marketing\\\/wp-content\\\/uploads\\\/2021\\\/03\\\/greencast_heineken.jpg\",\"contentUrl\":\"https:\\\/\\\/www.cidademarketing.com.br\\\/marketing\\\/wp-content\\\/uploads\\\/2021\\\/03\\\/greencast_heineken.jpg\",\"width\":525,\"height\":540,\"caption\":\"Divulga\u00e7\u00e3o\"},{\"@type\":\"BreadcrumbList\",\"@id\":\"https:\\\/\\\/www.cidademarketing.com.br\\\/marketing\\\/2021\\\/03\\\/01\\\/queremos-e-tema-do-ultimo-episodio-do-heineken-green-cast-podcast-proprietario-da-marca\\\/#breadcrumb\",\"itemListElement\":[{\"@type\":\"ListItem\",\"position\":1,\"name\":\"In\u00edcio\",\"item\":\"https:\\\/\\\/www.cidademarketing.com.br\\\/marketing\\\/\"},{\"@type\":\"ListItem\",\"position\":2,\"name\":\"Queremos! \u00e9 tema do \u00faltimo epis\u00f3dio do Heineken\u00ae Green Cast, podcast propriet\u00e1rio da marca\"}]},{\"@type\":\"WebSite\",\"@id\":\"https:\\\/\\\/www.cidademarketing.com.br\\\/marketing\\\/#website\",\"url\":\"https:\\\/\\\/www.cidademarketing.com.br\\\/marketing\\\/\",\"name\":\"CidadeMarketing\",\"description\":\"Somos um ve\u00edculo de comunica\u00e7\u00e3o de destaque no Brasil, reconhecido por conte\u00fados nos segmentos de marketing, empreendedorismo e inova\u00e7\u00e3o.\",\"publisher\":{\"@id\":\"https:\\\/\\\/www.cidademarketing.com.br\\\/marketing\\\/#organization\"},\"alternateName\":\"CidadeMarketing\",\"potentialAction\":[{\"@type\":\"SearchAction\",\"target\":{\"@type\":\"EntryPoint\",\"urlTemplate\":\"https:\\\/\\\/www.cidademarketing.com.br\\\/marketing\\\/?s={search_term_string}\"},\"query-input\":{\"@type\":\"PropertyValueSpecification\",\"valueRequired\":true,\"valueName\":\"search_term_string\"}}],\"inLanguage\":\"pt-BR\"},{\"@type\":\"Organization\",\"@id\":\"https:\\\/\\\/www.cidademarketing.com.br\\\/marketing\\\/#organization\",\"name\":\"CidadeMarketing\",\"alternateName\":\"CidadeMarketing\",\"url\":\"https:\\\/\\\/www.cidademarketing.com.br\\\/marketing\\\/\",\"logo\":{\"@type\":\"ImageObject\",\"inLanguage\":\"pt-BR\",\"@id\":\"https:\\\/\\\/www.cidademarketing.com.br\\\/marketing\\\/#\\\/schema\\\/logo\\\/image\\\/\",\"url\":\"https:\\\/\\\/www.cidademarketing.com.br\\\/marketing\\\/wp-content\\\/uploads\\\/2020\\\/01\\\/cidademarketing_marca_mobile.png\",\"contentUrl\":\"https:\\\/\\\/www.cidademarketing.com.br\\\/marketing\\\/wp-content\\\/uploads\\\/2020\\\/01\\\/cidademarketing_marca_mobile.png\",\"width\":230,\"height\":92,\"caption\":\"CidadeMarketing\"},\"image\":{\"@id\":\"https:\\\/\\\/www.cidademarketing.com.br\\\/marketing\\\/#\\\/schema\\\/logo\\\/image\\\/\"},\"sameAs\":[\"https:\\\/\\\/www.facebook.com\\\/portalcidademarketing\",\"https:\\\/\\\/x.com\\\/CidadeMarketing\",\"https:\\\/\\\/www.instagram.com\\\/cidademarketing\\\/\"]},{\"@type\":\"Person\",\"@id\":\"https:\\\/\\\/www.cidademarketing.com.br\\\/marketing\\\/#\\\/schema\\\/person\\\/02daff9f18bd9378c9e01eb6b2db155f\",\"name\":\"Thales Brand\u00e3o\",\"image\":{\"@type\":\"ImageObject\",\"inLanguage\":\"pt-BR\",\"@id\":\"https:\\\/\\\/secure.gravatar.com\\\/avatar\\\/7ca3206950207cc3cb48feec56a8a7898741ab725c368d99d5d7a5a50aab80c6?s=96&d=mm&r=g\",\"url\":\"https:\\\/\\\/secure.gravatar.com\\\/avatar\\\/7ca3206950207cc3cb48feec56a8a7898741ab725c368d99d5d7a5a50aab80c6?s=96&d=mm&r=g\",\"contentUrl\":\"https:\\\/\\\/secure.gravatar.com\\\/avatar\\\/7ca3206950207cc3cb48feec56a8a7898741ab725c368d99d5d7a5a50aab80c6?s=96&d=mm&r=g\",\"caption\":\"Thales Brand\u00e3o\"},\"description\":\"Editor Executivo do Portal CidadeMarketing.com.br &gt; Mestre em Comunica\u00e7\u00e3o e Sociedade pela Universidade Federal de Sergipe. Possui MBA Executivo em Administra\u00e7\u00e3o com \u00eanfase em Marketing pela Funda\u00e7\u00e3o Get\u00falio Vargas - Rio de Janeiro. Consultor, Palestrante e Pesquisador sobre Empreendedorismo, Marketing, Redes Sociais e Neg\u00f3cios Digitais. Professor, Palestrante TedxTalks e Campus Party. Twitter: @ThalesBrandao\",\"sameAs\":[\"http:\\\/\\\/www.mandacaru.com.br\",\"https:\\\/\\\/www.facebook.com\\\/thalesbrandao\",\"http:\\\/\\\/www.instagram.com.br\\\/thalesbrandaoferreira\",\"https:\\\/\\\/www.linkedin.com\\\/in\\\/thales-brand\u00e3o-3948609\\\/\",\"https:\\\/\\\/x.com\\\/http:\\\/\\\/www.twitter.com\\\/thalesbrandao\"],\"url\":\"https:\\\/\\\/www.cidademarketing.com.br\\\/marketing\\\/author\\\/thalesbrandao\\\/\"}]}<\/script>\n<!-- \/ Yoast SEO plugin. -->","yoast_head_json":{"title":"Queremos! \u00e9 tema do \u00faltimo epis\u00f3dio do Heineken\u00ae Green Cast, podcast propriet\u00e1rio da marca - CidadeMarketing","robots":{"index":"index","follow":"follow","max-snippet":"max-snippet:-1","max-image-preview":"max-image-preview:large","max-video-preview":"max-video-preview:-1"},"canonical":"https:\/\/www.cidademarketing.com.br\/marketing\/2021\/03\/01\/queremos-e-tema-do-ultimo-episodio-do-heineken-green-cast-podcast-proprietario-da-marca\/","og_locale":"pt_BR","og_type":"article","og_title":"Queremos! \u00e9 tema do \u00faltimo epis\u00f3dio do Heineken\u00ae Green Cast, podcast propriet\u00e1rio da marca - CidadeMarketing","og_description":"O Heineken\u00ae Green Cast, podcast propriet\u00e1rio da marca, apresenta nesta semana o sexto e \u00faltimo epis\u00f3dio da temporada com os bastidores e hist\u00f3rias in\u00e9ditas do festival Queremos!, plataforma que h\u00e1 11 anos conecta o p\u00fablico com um microcosmo \u00fanico e que busca proporcionar encontros inesquec\u00edveis, a arte da celebra\u00e7\u00e3o e a emo\u00e7\u00e3o que todo f\u00e3 [&hellip;]","og_url":"https:\/\/www.cidademarketing.com.br\/marketing\/2021\/03\/01\/queremos-e-tema-do-ultimo-episodio-do-heineken-green-cast-podcast-proprietario-da-marca\/","og_site_name":"CidadeMarketing","article_publisher":"https:\/\/www.facebook.com\/portalcidademarketing","article_author":"https:\/\/www.facebook.com\/thalesbrandao","article_published_time":"2021-03-01T19:02:10+00:00","article_modified_time":"2021-03-01T19:02:12+00:00","og_image":[{"width":525,"height":540,"url":"https:\/\/www.cidademarketing.com.br\/marketing\/wp-content\/uploads\/2021\/03\/greencast_heineken.jpg","type":"image\/jpeg"}],"author":"Thales Brand\u00e3o","twitter_card":"summary_large_image","twitter_creator":"@http:\/\/www.twitter.com\/thalesbrandao","twitter_site":"@CidadeMarketing","twitter_misc":{"Escrito por":"Thales Brand\u00e3o","Est. tempo de leitura":"4 minutos"},"schema":{"@context":"https:\/\/schema.org","@graph":[{"@type":"Article","@id":"https:\/\/www.cidademarketing.com.br\/marketing\/2021\/03\/01\/queremos-e-tema-do-ultimo-episodio-do-heineken-green-cast-podcast-proprietario-da-marca\/#article","isPartOf":{"@id":"https:\/\/www.cidademarketing.com.br\/marketing\/2021\/03\/01\/queremos-e-tema-do-ultimo-episodio-do-heineken-green-cast-podcast-proprietario-da-marca\/"},"author":{"name":"Thales Brand\u00e3o","@id":"https:\/\/www.cidademarketing.com.br\/marketing\/#\/schema\/person\/02daff9f18bd9378c9e01eb6b2db155f"},"headline":"Queremos! \u00e9 tema do \u00faltimo epis\u00f3dio do Heineken\u00ae Green Cast, podcast propriet\u00e1rio da marca","datePublished":"2021-03-01T19:02:10+00:00","dateModified":"2021-03-01T19:02:12+00:00","mainEntityOfPage":{"@id":"https:\/\/www.cidademarketing.com.br\/marketing\/2021\/03\/01\/queremos-e-tema-do-ultimo-episodio-do-heineken-green-cast-podcast-proprietario-da-marca\/"},"wordCount":729,"commentCount":0,"publisher":{"@id":"https:\/\/www.cidademarketing.com.br\/marketing\/#organization"},"image":{"@id":"https:\/\/www.cidademarketing.com.br\/marketing\/2021\/03\/01\/queremos-e-tema-do-ultimo-episodio-do-heineken-green-cast-podcast-proprietario-da-marca\/#primaryimage"},"thumbnailUrl":"https:\/\/www.cidademarketing.com.br\/marketing\/wp-content\/uploads\/2021\/03\/greencast_heineken.jpg","keywords":["estrat\u00e9gia","Heineken","marketing"],"articleSection":["Not\u00edcias"],"inLanguage":"pt-BR","potentialAction":[{"@type":"CommentAction","name":"Comment","target":["https:\/\/www.cidademarketing.com.br\/marketing\/2021\/03\/01\/queremos-e-tema-do-ultimo-episodio-do-heineken-green-cast-podcast-proprietario-da-marca\/#respond"]}]},{"@type":"WebPage","@id":"https:\/\/www.cidademarketing.com.br\/marketing\/2021\/03\/01\/queremos-e-tema-do-ultimo-episodio-do-heineken-green-cast-podcast-proprietario-da-marca\/","url":"https:\/\/www.cidademarketing.com.br\/marketing\/2021\/03\/01\/queremos-e-tema-do-ultimo-episodio-do-heineken-green-cast-podcast-proprietario-da-marca\/","name":"Queremos! \u00e9 tema do \u00faltimo epis\u00f3dio do Heineken\u00ae Green Cast, podcast propriet\u00e1rio da marca - CidadeMarketing","isPartOf":{"@id":"https:\/\/www.cidademarketing.com.br\/marketing\/#website"},"primaryImageOfPage":{"@id":"https:\/\/www.cidademarketing.com.br\/marketing\/2021\/03\/01\/queremos-e-tema-do-ultimo-episodio-do-heineken-green-cast-podcast-proprietario-da-marca\/#primaryimage"},"image":{"@id":"https:\/\/www.cidademarketing.com.br\/marketing\/2021\/03\/01\/queremos-e-tema-do-ultimo-episodio-do-heineken-green-cast-podcast-proprietario-da-marca\/#primaryimage"},"thumbnailUrl":"https:\/\/www.cidademarketing.com.br\/marketing\/wp-content\/uploads\/2021\/03\/greencast_heineken.jpg","datePublished":"2021-03-01T19:02:10+00:00","dateModified":"2021-03-01T19:02:12+00:00","breadcrumb":{"@id":"https:\/\/www.cidademarketing.com.br\/marketing\/2021\/03\/01\/queremos-e-tema-do-ultimo-episodio-do-heineken-green-cast-podcast-proprietario-da-marca\/#breadcrumb"},"inLanguage":"pt-BR","potentialAction":[{"@type":"ReadAction","target":["https:\/\/www.cidademarketing.com.br\/marketing\/2021\/03\/01\/queremos-e-tema-do-ultimo-episodio-do-heineken-green-cast-podcast-proprietario-da-marca\/"]}]},{"@type":"ImageObject","inLanguage":"pt-BR","@id":"https:\/\/www.cidademarketing.com.br\/marketing\/2021\/03\/01\/queremos-e-tema-do-ultimo-episodio-do-heineken-green-cast-podcast-proprietario-da-marca\/#primaryimage","url":"https:\/\/www.cidademarketing.com.br\/marketing\/wp-content\/uploads\/2021\/03\/greencast_heineken.jpg","contentUrl":"https:\/\/www.cidademarketing.com.br\/marketing\/wp-content\/uploads\/2021\/03\/greencast_heineken.jpg","width":525,"height":540,"caption":"Divulga\u00e7\u00e3o"},{"@type":"BreadcrumbList","@id":"https:\/\/www.cidademarketing.com.br\/marketing\/2021\/03\/01\/queremos-e-tema-do-ultimo-episodio-do-heineken-green-cast-podcast-proprietario-da-marca\/#breadcrumb","itemListElement":[{"@type":"ListItem","position":1,"name":"In\u00edcio","item":"https:\/\/www.cidademarketing.com.br\/marketing\/"},{"@type":"ListItem","position":2,"name":"Queremos! \u00e9 tema do \u00faltimo epis\u00f3dio do Heineken\u00ae Green Cast, podcast propriet\u00e1rio da marca"}]},{"@type":"WebSite","@id":"https:\/\/www.cidademarketing.com.br\/marketing\/#website","url":"https:\/\/www.cidademarketing.com.br\/marketing\/","name":"CidadeMarketing","description":"Somos um ve\u00edculo de comunica\u00e7\u00e3o de destaque no Brasil, reconhecido por conte\u00fados nos segmentos de marketing, empreendedorismo e inova\u00e7\u00e3o.","publisher":{"@id":"https:\/\/www.cidademarketing.com.br\/marketing\/#organization"},"alternateName":"CidadeMarketing","potentialAction":[{"@type":"SearchAction","target":{"@type":"EntryPoint","urlTemplate":"https:\/\/www.cidademarketing.com.br\/marketing\/?s={search_term_string}"},"query-input":{"@type":"PropertyValueSpecification","valueRequired":true,"valueName":"search_term_string"}}],"inLanguage":"pt-BR"},{"@type":"Organization","@id":"https:\/\/www.cidademarketing.com.br\/marketing\/#organization","name":"CidadeMarketing","alternateName":"CidadeMarketing","url":"https:\/\/www.cidademarketing.com.br\/marketing\/","logo":{"@type":"ImageObject","inLanguage":"pt-BR","@id":"https:\/\/www.cidademarketing.com.br\/marketing\/#\/schema\/logo\/image\/","url":"https:\/\/www.cidademarketing.com.br\/marketing\/wp-content\/uploads\/2020\/01\/cidademarketing_marca_mobile.png","contentUrl":"https:\/\/www.cidademarketing.com.br\/marketing\/wp-content\/uploads\/2020\/01\/cidademarketing_marca_mobile.png","width":230,"height":92,"caption":"CidadeMarketing"},"image":{"@id":"https:\/\/www.cidademarketing.com.br\/marketing\/#\/schema\/logo\/image\/"},"sameAs":["https:\/\/www.facebook.com\/portalcidademarketing","https:\/\/x.com\/CidadeMarketing","https:\/\/www.instagram.com\/cidademarketing\/"]},{"@type":"Person","@id":"https:\/\/www.cidademarketing.com.br\/marketing\/#\/schema\/person\/02daff9f18bd9378c9e01eb6b2db155f","name":"Thales Brand\u00e3o","image":{"@type":"ImageObject","inLanguage":"pt-BR","@id":"https:\/\/secure.gravatar.com\/avatar\/7ca3206950207cc3cb48feec56a8a7898741ab725c368d99d5d7a5a50aab80c6?s=96&d=mm&r=g","url":"https:\/\/secure.gravatar.com\/avatar\/7ca3206950207cc3cb48feec56a8a7898741ab725c368d99d5d7a5a50aab80c6?s=96&d=mm&r=g","contentUrl":"https:\/\/secure.gravatar.com\/avatar\/7ca3206950207cc3cb48feec56a8a7898741ab725c368d99d5d7a5a50aab80c6?s=96&d=mm&r=g","caption":"Thales Brand\u00e3o"},"description":"Editor Executivo do Portal CidadeMarketing.com.br &gt; Mestre em Comunica\u00e7\u00e3o e Sociedade pela Universidade Federal de Sergipe. Possui MBA Executivo em Administra\u00e7\u00e3o com \u00eanfase em Marketing pela Funda\u00e7\u00e3o Get\u00falio Vargas - Rio de Janeiro. Consultor, Palestrante e Pesquisador sobre Empreendedorismo, Marketing, Redes Sociais e Neg\u00f3cios Digitais. Professor, Palestrante TedxTalks e Campus Party. Twitter: @ThalesBrandao","sameAs":["http:\/\/www.mandacaru.com.br","https:\/\/www.facebook.com\/thalesbrandao","http:\/\/www.instagram.com.br\/thalesbrandaoferreira","https:\/\/www.linkedin.com\/in\/thales-brand\u00e3o-3948609\/","https:\/\/x.com\/http:\/\/www.twitter.com\/thalesbrandao"],"url":"https:\/\/www.cidademarketing.com.br\/marketing\/author\/thalesbrandao\/"}]}},"amp_enabled":true,"_links":{"self":[{"href":"https:\/\/www.cidademarketing.com.br\/marketing\/wp-json\/wp\/v2\/posts\/22301","targetHints":{"allow":["GET"]}}],"collection":[{"href":"https:\/\/www.cidademarketing.com.br\/marketing\/wp-json\/wp\/v2\/posts"}],"about":[{"href":"https:\/\/www.cidademarketing.com.br\/marketing\/wp-json\/wp\/v2\/types\/post"}],"author":[{"embeddable":true,"href":"https:\/\/www.cidademarketing.com.br\/marketing\/wp-json\/wp\/v2\/users\/1"}],"replies":[{"embeddable":true,"href":"https:\/\/www.cidademarketing.com.br\/marketing\/wp-json\/wp\/v2\/comments?post=22301"}],"version-history":[{"count":1,"href":"https:\/\/www.cidademarketing.com.br\/marketing\/wp-json\/wp\/v2\/posts\/22301\/revisions"}],"predecessor-version":[{"id":22303,"href":"https:\/\/www.cidademarketing.com.br\/marketing\/wp-json\/wp\/v2\/posts\/22301\/revisions\/22303"}],"wp:featuredmedia":[{"embeddable":true,"href":"https:\/\/www.cidademarketing.com.br\/marketing\/wp-json\/wp\/v2\/media\/22302"}],"wp:attachment":[{"href":"https:\/\/www.cidademarketing.com.br\/marketing\/wp-json\/wp\/v2\/media?parent=22301"}],"wp:term":[{"taxonomy":"category","embeddable":true,"href":"https:\/\/www.cidademarketing.com.br\/marketing\/wp-json\/wp\/v2\/categories?post=22301"},{"taxonomy":"post_tag","embeddable":true,"href":"https:\/\/www.cidademarketing.com.br\/marketing\/wp-json\/wp\/v2\/tags?post=22301"}],"curies":[{"name":"wp","href":"https:\/\/api.w.org\/{rel}","templated":true}]}}