{"id":22223,"date":"2021-02-23T23:26:00","date_gmt":"2021-02-24T02:26:00","guid":{"rendered":"https:\/\/www.cidademarketing.com.br\/marketing\/?p=22223"},"modified":"2021-02-23T23:26:04","modified_gmt":"2021-02-24T02:26:04","slug":"loreal-paris-anuncia-nidhi-sunil-como-nova-porta-voz-internacional","status":"publish","type":"post","link":"https:\/\/www.cidademarketing.com.br\/marketing\/2021\/02\/23\/loreal-paris-anuncia-nidhi-sunil-como-nova-porta-voz-internacional\/","title":{"rendered":"L\u2019Or\u00e9al Paris anuncia Nidhi Sunil como nova porta-voz internacional"},"content":{"rendered":"\n<p>L&#8217;Or\u00e9al Paris apresenta a modelo indiana Nidhi Sunil como sua nova porta-voz global. Ap\u00f3s formar-se em direito, a Nidhi chegou a atuar no ramo ambiental, mas deixou sua carreira de advogada para dedicar-se ao universo da moda em 2011, resultando em grandes campanhas de t\u00edtulos nacionais e internacionais como Vogue, Elle, Harper\u2019s Bazaar e Maxim.<\/p>\n\n\n\n<p>Nascida em Kerala, na \u00cdndia, a modelo, atriz e ativista comemora a parceria de sucesso com L\u2019Or\u00e9al Paris e ainda refor\u00e7a o porqu\u00ea ingressou no time na gigante da beleza: &#8220;Estou extremamente feliz em fazer parte disso! Defendo que quando falamos de n\u00f3s mesmos, devemos acreditar em todo o nosso sucesso, mesmo que os outros digam o contr\u00e1rio. Para mim, a beleza est\u00e1 no poder de nossas vozes e tamb\u00e9m se reflete em nossa presen\u00e7a aqui neste mundo. Cada hist\u00f3ria \u00e9 digna para ser ouvida. Nosso valor \u00e9 um direito inato&#8221;, comenta Nidhi, que estar\u00e1 em sua primeira campanha global de L\u2019Or\u00e9al Paris em mar\u00e7o.<\/p>\n\n\n\n<p>&#8220;A fam\u00edlia L\u2019Or\u00e9al Paris est\u00e1 encantada em receber Nidhi Sunil como porta-voz. De advogada para modelo, atriz para ativista, ela usa toda sua energia e flexibilidade para defender as quest\u00f5es raciais e de g\u00eanero, lutando para que as mulheres sejam mais valorizadas e respeitadas como os homens. Ela \u00e9 perfeita para levar nossa mensagem de marca que toda mulher vale a pena&#8221;, diz Delphine Viguier-Hovasse, presidente global de L&#8217;Or\u00e9al Paris.<\/p>\n\n\n\n<p><strong>Carreira<\/strong><\/p>\n\n\n\n<p>Depois de desligar-se do Direito, ela come\u00e7ou a modelar e foi estrela da capa de revistas femininas internacionais como Elle, Vogue, Harper\u2019s Bazaar e outros t\u00edtulos relevantes. Em paralelo, iniciou a carreira de atriz em Bollywood. Sua estreia no cinema veio em 2013, no filme Gangoobai, e seguiu com notoriedade em seu papel como Samira, em Kaash exibido em 2015. Em 2017, sua carreira atingiu um degrau relevante ao ser eleita Modelo do Ano pela revista Vogue \u00cdndia. Desde ent\u00e3o, ela transformou seu sucesso em um meio de campanha para tratar as quest\u00f5es que defende.<\/p>\n\n\n\n<p><strong>Combate ao racismo<\/strong><\/p>\n\n\n\n<p>Nidhi tornou-se uma voz influente na luta contra o preconceito e a discrimina\u00e7\u00e3o racial. A modelo j\u00e1 sofreu bullying quando ainda estudava, presenciou ataques racistas na internet e vivenciou epis\u00f3dios de racismo na ind\u00fastria da moda e do cinema &#8211; chamando a aten\u00e7\u00e3o para a obsess\u00e3o por pessoas claras em uma sociedade de peles negras.<\/p>\n\n\n\n<p>Recentemente, ela participou como palestrante do festival global Women of the World Teen Summit: No Shade, debatendo assuntos relacionados ao racismo e colorismo, abrindo di\u00e1logos e fazendo com que as pessoas criem consci\u00eancia sobre essas quest\u00f5es.<\/p>\n\n\n\n<p><strong>Grito ao genoc\u00eddio<\/strong><\/p>\n\n\n\n<p>A principal mensagem de L\u2019Or\u00e9al Paris \u00e9 que toda mulher vale a pena. Isso soma-se ainda mais \u00e0 luta de Nidhi, que batalha pelo fim da viol\u00eancia contra meninas vulner\u00e1veis.<\/p>\n\n\n\n<p>Sua determina\u00e7\u00e3o pelo alerta desta quest\u00e3o reflete em seu papel como embaixadora e membro do conselho consultivo da ONG americana Invisible Girl Project &#8211; que trabalha contra a discrimina\u00e7\u00e3o de g\u00eanero sexual, neglig\u00eancia e viol\u00eancia desproporcional. Recentemente, realizou a produ\u00e7\u00e3o de um filme que compartilha hist\u00f3rias de meninas resgatadas pelo tr\u00e1fico, abuso e viol\u00eancia para aumentar a conscientiza\u00e7\u00e3o sobre o assunto. Como porta-voz, Nidhi foi convidada a apresentar o conte\u00fado para as Na\u00e7\u00f5es Unidas, refor\u00e7ando ainda mais sua causa social que mulheres devem ser consideradas t\u00e3o importantes quanto homens.<\/p>\n","protected":false},"excerpt":{"rendered":"<p>L&#8217;Or\u00e9al Paris apresenta a modelo indiana Nidhi Sunil como sua nova porta-voz global. Ap\u00f3s formar-se em direito, a Nidhi chegou a atuar no ramo ambiental, mas deixou sua carreira de advogada para dedicar-se ao universo da moda em 2011, resultando em grandes campanhas de t\u00edtulos nacionais e internacionais como Vogue, Elle, Harper\u2019s Bazaar e Maxim. [&hellip;]<\/p>\n","protected":false},"author":1,"featured_media":22224,"comment_status":"open","ping_status":"open","sticky":false,"template":"","format":"standard","meta":{"tdm_status":"","tdm_grid_status":"","footnotes":""},"categories":[6],"tags":[33,2392,28],"class_list":["post-22223","post","type-post","status-publish","format-standard","has-post-thumbnail","hentry","category-noticias","tag-estrategia","tag-loreal-paris","tag-marketing"],"yoast_head":"<!-- This site is optimized with the Yoast SEO plugin v27.5 - https:\/\/yoast.com\/product\/yoast-seo-wordpress\/ -->\n<title>L\u2019Or\u00e9al Paris anuncia Nidhi Sunil como nova porta-voz internacional - CidadeMarketing<\/title>\n<meta name=\"robots\" content=\"index, follow, max-snippet:-1, max-image-preview:large, max-video-preview:-1\" \/>\n<link rel=\"canonical\" href=\"https:\/\/www.cidademarketing.com.br\/marketing\/2021\/02\/23\/loreal-paris-anuncia-nidhi-sunil-como-nova-porta-voz-internacional\/\" \/>\n<meta property=\"og:locale\" content=\"pt_BR\" \/>\n<meta property=\"og:type\" content=\"article\" \/>\n<meta property=\"og:title\" content=\"L\u2019Or\u00e9al Paris anuncia Nidhi Sunil como nova porta-voz internacional - CidadeMarketing\" \/>\n<meta property=\"og:description\" content=\"L&#8217;Or\u00e9al Paris apresenta a modelo indiana Nidhi Sunil como sua nova porta-voz global. Ap\u00f3s formar-se em direito, a Nidhi chegou a atuar no ramo ambiental, mas deixou sua carreira de advogada para dedicar-se ao universo da moda em 2011, resultando em grandes campanhas de t\u00edtulos nacionais e internacionais como Vogue, Elle, Harper\u2019s Bazaar e Maxim. [&hellip;]\" \/>\n<meta property=\"og:url\" content=\"https:\/\/www.cidademarketing.com.br\/marketing\/2021\/02\/23\/loreal-paris-anuncia-nidhi-sunil-como-nova-porta-voz-internacional\/\" \/>\n<meta property=\"og:site_name\" content=\"CidadeMarketing\" \/>\n<meta property=\"article:publisher\" content=\"https:\/\/www.facebook.com\/portalcidademarketing\" \/>\n<meta property=\"article:author\" content=\"https:\/\/www.facebook.com\/thalesbrandao\" \/>\n<meta property=\"article:published_time\" content=\"2021-02-24T02:26:00+00:00\" \/>\n<meta property=\"article:modified_time\" content=\"2021-02-24T02:26:04+00:00\" \/>\n<meta property=\"og:image\" content=\"https:\/\/www.cidademarketing.com.br\/marketing\/wp-content\/uploads\/2021\/02\/Nidhi-Sunil_2-scaled.jpg\" \/>\n\t<meta property=\"og:image:width\" content=\"1919\" \/>\n\t<meta property=\"og:image:height\" content=\"2560\" \/>\n\t<meta property=\"og:image:type\" content=\"image\/jpeg\" \/>\n<meta name=\"author\" content=\"Thales Brand\u00e3o\" \/>\n<meta name=\"twitter:card\" content=\"summary_large_image\" \/>\n<meta name=\"twitter:creator\" content=\"@http:\/\/www.twitter.com\/thalesbrandao\" \/>\n<meta name=\"twitter:site\" content=\"@CidadeMarketing\" \/>\n<meta name=\"twitter:label1\" content=\"Escrito por\" \/>\n\t<meta name=\"twitter:data1\" content=\"Thales Brand\u00e3o\" \/>\n\t<meta name=\"twitter:label2\" content=\"Est. tempo de leitura\" \/>\n\t<meta name=\"twitter:data2\" content=\"3 minutos\" \/>\n<script type=\"application\/ld+json\" class=\"yoast-schema-graph\">{\"@context\":\"https:\\\/\\\/schema.org\",\"@graph\":[{\"@type\":\"Article\",\"@id\":\"https:\\\/\\\/www.cidademarketing.com.br\\\/marketing\\\/2021\\\/02\\\/23\\\/loreal-paris-anuncia-nidhi-sunil-como-nova-porta-voz-internacional\\\/#article\",\"isPartOf\":{\"@id\":\"https:\\\/\\\/www.cidademarketing.com.br\\\/marketing\\\/2021\\\/02\\\/23\\\/loreal-paris-anuncia-nidhi-sunil-como-nova-porta-voz-internacional\\\/\"},\"author\":{\"name\":\"Thales Brand\u00e3o\",\"@id\":\"https:\\\/\\\/www.cidademarketing.com.br\\\/marketing\\\/#\\\/schema\\\/person\\\/02daff9f18bd9378c9e01eb6b2db155f\"},\"headline\":\"L\u2019Or\u00e9al Paris anuncia Nidhi Sunil como nova porta-voz internacional\",\"datePublished\":\"2021-02-24T02:26:00+00:00\",\"dateModified\":\"2021-02-24T02:26:04+00:00\",\"mainEntityOfPage\":{\"@id\":\"https:\\\/\\\/www.cidademarketing.com.br\\\/marketing\\\/2021\\\/02\\\/23\\\/loreal-paris-anuncia-nidhi-sunil-como-nova-porta-voz-internacional\\\/\"},\"wordCount\":600,\"commentCount\":0,\"publisher\":{\"@id\":\"https:\\\/\\\/www.cidademarketing.com.br\\\/marketing\\\/#organization\"},\"image\":{\"@id\":\"https:\\\/\\\/www.cidademarketing.com.br\\\/marketing\\\/2021\\\/02\\\/23\\\/loreal-paris-anuncia-nidhi-sunil-como-nova-porta-voz-internacional\\\/#primaryimage\"},\"thumbnailUrl\":\"https:\\\/\\\/www.cidademarketing.com.br\\\/marketing\\\/wp-content\\\/uploads\\\/2021\\\/02\\\/Nidhi-Sunil_2-scaled.jpg\",\"keywords\":[\"estrat\u00e9gia\",\"L\u2019Or\u00e9al Paris\",\"marketing\"],\"articleSection\":[\"Not\u00edcias\"],\"inLanguage\":\"pt-BR\",\"potentialAction\":[{\"@type\":\"CommentAction\",\"name\":\"Comment\",\"target\":[\"https:\\\/\\\/www.cidademarketing.com.br\\\/marketing\\\/2021\\\/02\\\/23\\\/loreal-paris-anuncia-nidhi-sunil-como-nova-porta-voz-internacional\\\/#respond\"]}]},{\"@type\":\"WebPage\",\"@id\":\"https:\\\/\\\/www.cidademarketing.com.br\\\/marketing\\\/2021\\\/02\\\/23\\\/loreal-paris-anuncia-nidhi-sunil-como-nova-porta-voz-internacional\\\/\",\"url\":\"https:\\\/\\\/www.cidademarketing.com.br\\\/marketing\\\/2021\\\/02\\\/23\\\/loreal-paris-anuncia-nidhi-sunil-como-nova-porta-voz-internacional\\\/\",\"name\":\"L\u2019Or\u00e9al Paris anuncia Nidhi Sunil como nova porta-voz internacional - CidadeMarketing\",\"isPartOf\":{\"@id\":\"https:\\\/\\\/www.cidademarketing.com.br\\\/marketing\\\/#website\"},\"primaryImageOfPage\":{\"@id\":\"https:\\\/\\\/www.cidademarketing.com.br\\\/marketing\\\/2021\\\/02\\\/23\\\/loreal-paris-anuncia-nidhi-sunil-como-nova-porta-voz-internacional\\\/#primaryimage\"},\"image\":{\"@id\":\"https:\\\/\\\/www.cidademarketing.com.br\\\/marketing\\\/2021\\\/02\\\/23\\\/loreal-paris-anuncia-nidhi-sunil-como-nova-porta-voz-internacional\\\/#primaryimage\"},\"thumbnailUrl\":\"https:\\\/\\\/www.cidademarketing.com.br\\\/marketing\\\/wp-content\\\/uploads\\\/2021\\\/02\\\/Nidhi-Sunil_2-scaled.jpg\",\"datePublished\":\"2021-02-24T02:26:00+00:00\",\"dateModified\":\"2021-02-24T02:26:04+00:00\",\"breadcrumb\":{\"@id\":\"https:\\\/\\\/www.cidademarketing.com.br\\\/marketing\\\/2021\\\/02\\\/23\\\/loreal-paris-anuncia-nidhi-sunil-como-nova-porta-voz-internacional\\\/#breadcrumb\"},\"inLanguage\":\"pt-BR\",\"potentialAction\":[{\"@type\":\"ReadAction\",\"target\":[\"https:\\\/\\\/www.cidademarketing.com.br\\\/marketing\\\/2021\\\/02\\\/23\\\/loreal-paris-anuncia-nidhi-sunil-como-nova-porta-voz-internacional\\\/\"]}]},{\"@type\":\"ImageObject\",\"inLanguage\":\"pt-BR\",\"@id\":\"https:\\\/\\\/www.cidademarketing.com.br\\\/marketing\\\/2021\\\/02\\\/23\\\/loreal-paris-anuncia-nidhi-sunil-como-nova-porta-voz-internacional\\\/#primaryimage\",\"url\":\"https:\\\/\\\/www.cidademarketing.com.br\\\/marketing\\\/wp-content\\\/uploads\\\/2021\\\/02\\\/Nidhi-Sunil_2-scaled.jpg\",\"contentUrl\":\"https:\\\/\\\/www.cidademarketing.com.br\\\/marketing\\\/wp-content\\\/uploads\\\/2021\\\/02\\\/Nidhi-Sunil_2-scaled.jpg\",\"width\":1919,\"height\":2560,\"caption\":\"Divulga\u00e7\u00e3o\"},{\"@type\":\"BreadcrumbList\",\"@id\":\"https:\\\/\\\/www.cidademarketing.com.br\\\/marketing\\\/2021\\\/02\\\/23\\\/loreal-paris-anuncia-nidhi-sunil-como-nova-porta-voz-internacional\\\/#breadcrumb\",\"itemListElement\":[{\"@type\":\"ListItem\",\"position\":1,\"name\":\"In\u00edcio\",\"item\":\"https:\\\/\\\/www.cidademarketing.com.br\\\/marketing\\\/\"},{\"@type\":\"ListItem\",\"position\":2,\"name\":\"L\u2019Or\u00e9al Paris anuncia Nidhi Sunil como nova porta-voz internacional\"}]},{\"@type\":\"WebSite\",\"@id\":\"https:\\\/\\\/www.cidademarketing.com.br\\\/marketing\\\/#website\",\"url\":\"https:\\\/\\\/www.cidademarketing.com.br\\\/marketing\\\/\",\"name\":\"CidadeMarketing\",\"description\":\"Somos um ve\u00edculo de comunica\u00e7\u00e3o de destaque no Brasil, reconhecido por conte\u00fados nos segmentos de marketing, empreendedorismo e inova\u00e7\u00e3o.\",\"publisher\":{\"@id\":\"https:\\\/\\\/www.cidademarketing.com.br\\\/marketing\\\/#organization\"},\"alternateName\":\"CidadeMarketing\",\"potentialAction\":[{\"@type\":\"SearchAction\",\"target\":{\"@type\":\"EntryPoint\",\"urlTemplate\":\"https:\\\/\\\/www.cidademarketing.com.br\\\/marketing\\\/?s={search_term_string}\"},\"query-input\":{\"@type\":\"PropertyValueSpecification\",\"valueRequired\":true,\"valueName\":\"search_term_string\"}}],\"inLanguage\":\"pt-BR\"},{\"@type\":\"Organization\",\"@id\":\"https:\\\/\\\/www.cidademarketing.com.br\\\/marketing\\\/#organization\",\"name\":\"CidadeMarketing\",\"alternateName\":\"CidadeMarketing\",\"url\":\"https:\\\/\\\/www.cidademarketing.com.br\\\/marketing\\\/\",\"logo\":{\"@type\":\"ImageObject\",\"inLanguage\":\"pt-BR\",\"@id\":\"https:\\\/\\\/www.cidademarketing.com.br\\\/marketing\\\/#\\\/schema\\\/logo\\\/image\\\/\",\"url\":\"https:\\\/\\\/www.cidademarketing.com.br\\\/marketing\\\/wp-content\\\/uploads\\\/2020\\\/01\\\/cidademarketing_marca_mobile.png\",\"contentUrl\":\"https:\\\/\\\/www.cidademarketing.com.br\\\/marketing\\\/wp-content\\\/uploads\\\/2020\\\/01\\\/cidademarketing_marca_mobile.png\",\"width\":230,\"height\":92,\"caption\":\"CidadeMarketing\"},\"image\":{\"@id\":\"https:\\\/\\\/www.cidademarketing.com.br\\\/marketing\\\/#\\\/schema\\\/logo\\\/image\\\/\"},\"sameAs\":[\"https:\\\/\\\/www.facebook.com\\\/portalcidademarketing\",\"https:\\\/\\\/x.com\\\/CidadeMarketing\",\"https:\\\/\\\/www.instagram.com\\\/cidademarketing\\\/\"]},{\"@type\":\"Person\",\"@id\":\"https:\\\/\\\/www.cidademarketing.com.br\\\/marketing\\\/#\\\/schema\\\/person\\\/02daff9f18bd9378c9e01eb6b2db155f\",\"name\":\"Thales Brand\u00e3o\",\"image\":{\"@type\":\"ImageObject\",\"inLanguage\":\"pt-BR\",\"@id\":\"https:\\\/\\\/secure.gravatar.com\\\/avatar\\\/7ca3206950207cc3cb48feec56a8a7898741ab725c368d99d5d7a5a50aab80c6?s=96&d=mm&r=g\",\"url\":\"https:\\\/\\\/secure.gravatar.com\\\/avatar\\\/7ca3206950207cc3cb48feec56a8a7898741ab725c368d99d5d7a5a50aab80c6?s=96&d=mm&r=g\",\"contentUrl\":\"https:\\\/\\\/secure.gravatar.com\\\/avatar\\\/7ca3206950207cc3cb48feec56a8a7898741ab725c368d99d5d7a5a50aab80c6?s=96&d=mm&r=g\",\"caption\":\"Thales Brand\u00e3o\"},\"description\":\"Editor Executivo do Portal CidadeMarketing.com.br &gt; Mestre em Comunica\u00e7\u00e3o e Sociedade pela Universidade Federal de Sergipe. Possui MBA Executivo em Administra\u00e7\u00e3o com \u00eanfase em Marketing pela Funda\u00e7\u00e3o Get\u00falio Vargas - Rio de Janeiro. Consultor, Palestrante e Pesquisador sobre Empreendedorismo, Marketing, Redes Sociais e Neg\u00f3cios Digitais. Professor, Palestrante TedxTalks e Campus Party. Twitter: @ThalesBrandao\",\"sameAs\":[\"http:\\\/\\\/www.mandacaru.com.br\",\"https:\\\/\\\/www.facebook.com\\\/thalesbrandao\",\"http:\\\/\\\/www.instagram.com.br\\\/thalesbrandaoferreira\",\"https:\\\/\\\/www.linkedin.com\\\/in\\\/thales-brand\u00e3o-3948609\\\/\",\"https:\\\/\\\/x.com\\\/http:\\\/\\\/www.twitter.com\\\/thalesbrandao\"],\"url\":\"https:\\\/\\\/www.cidademarketing.com.br\\\/marketing\\\/author\\\/thalesbrandao\\\/\"}]}<\/script>\n<!-- \/ Yoast SEO plugin. -->","yoast_head_json":{"title":"L\u2019Or\u00e9al Paris anuncia Nidhi Sunil como nova porta-voz internacional - CidadeMarketing","robots":{"index":"index","follow":"follow","max-snippet":"max-snippet:-1","max-image-preview":"max-image-preview:large","max-video-preview":"max-video-preview:-1"},"canonical":"https:\/\/www.cidademarketing.com.br\/marketing\/2021\/02\/23\/loreal-paris-anuncia-nidhi-sunil-como-nova-porta-voz-internacional\/","og_locale":"pt_BR","og_type":"article","og_title":"L\u2019Or\u00e9al Paris anuncia Nidhi Sunil como nova porta-voz internacional - CidadeMarketing","og_description":"L&#8217;Or\u00e9al Paris apresenta a modelo indiana Nidhi Sunil como sua nova porta-voz global. Ap\u00f3s formar-se em direito, a Nidhi chegou a atuar no ramo ambiental, mas deixou sua carreira de advogada para dedicar-se ao universo da moda em 2011, resultando em grandes campanhas de t\u00edtulos nacionais e internacionais como Vogue, Elle, Harper\u2019s Bazaar e Maxim. [&hellip;]","og_url":"https:\/\/www.cidademarketing.com.br\/marketing\/2021\/02\/23\/loreal-paris-anuncia-nidhi-sunil-como-nova-porta-voz-internacional\/","og_site_name":"CidadeMarketing","article_publisher":"https:\/\/www.facebook.com\/portalcidademarketing","article_author":"https:\/\/www.facebook.com\/thalesbrandao","article_published_time":"2021-02-24T02:26:00+00:00","article_modified_time":"2021-02-24T02:26:04+00:00","og_image":[{"width":1919,"height":2560,"url":"https:\/\/www.cidademarketing.com.br\/marketing\/wp-content\/uploads\/2021\/02\/Nidhi-Sunil_2-scaled.jpg","type":"image\/jpeg"}],"author":"Thales Brand\u00e3o","twitter_card":"summary_large_image","twitter_creator":"@http:\/\/www.twitter.com\/thalesbrandao","twitter_site":"@CidadeMarketing","twitter_misc":{"Escrito por":"Thales Brand\u00e3o","Est. tempo de leitura":"3 minutos"},"schema":{"@context":"https:\/\/schema.org","@graph":[{"@type":"Article","@id":"https:\/\/www.cidademarketing.com.br\/marketing\/2021\/02\/23\/loreal-paris-anuncia-nidhi-sunil-como-nova-porta-voz-internacional\/#article","isPartOf":{"@id":"https:\/\/www.cidademarketing.com.br\/marketing\/2021\/02\/23\/loreal-paris-anuncia-nidhi-sunil-como-nova-porta-voz-internacional\/"},"author":{"name":"Thales Brand\u00e3o","@id":"https:\/\/www.cidademarketing.com.br\/marketing\/#\/schema\/person\/02daff9f18bd9378c9e01eb6b2db155f"},"headline":"L\u2019Or\u00e9al Paris anuncia Nidhi Sunil como nova porta-voz internacional","datePublished":"2021-02-24T02:26:00+00:00","dateModified":"2021-02-24T02:26:04+00:00","mainEntityOfPage":{"@id":"https:\/\/www.cidademarketing.com.br\/marketing\/2021\/02\/23\/loreal-paris-anuncia-nidhi-sunil-como-nova-porta-voz-internacional\/"},"wordCount":600,"commentCount":0,"publisher":{"@id":"https:\/\/www.cidademarketing.com.br\/marketing\/#organization"},"image":{"@id":"https:\/\/www.cidademarketing.com.br\/marketing\/2021\/02\/23\/loreal-paris-anuncia-nidhi-sunil-como-nova-porta-voz-internacional\/#primaryimage"},"thumbnailUrl":"https:\/\/www.cidademarketing.com.br\/marketing\/wp-content\/uploads\/2021\/02\/Nidhi-Sunil_2-scaled.jpg","keywords":["estrat\u00e9gia","L\u2019Or\u00e9al Paris","marketing"],"articleSection":["Not\u00edcias"],"inLanguage":"pt-BR","potentialAction":[{"@type":"CommentAction","name":"Comment","target":["https:\/\/www.cidademarketing.com.br\/marketing\/2021\/02\/23\/loreal-paris-anuncia-nidhi-sunil-como-nova-porta-voz-internacional\/#respond"]}]},{"@type":"WebPage","@id":"https:\/\/www.cidademarketing.com.br\/marketing\/2021\/02\/23\/loreal-paris-anuncia-nidhi-sunil-como-nova-porta-voz-internacional\/","url":"https:\/\/www.cidademarketing.com.br\/marketing\/2021\/02\/23\/loreal-paris-anuncia-nidhi-sunil-como-nova-porta-voz-internacional\/","name":"L\u2019Or\u00e9al Paris anuncia Nidhi Sunil como nova porta-voz internacional - CidadeMarketing","isPartOf":{"@id":"https:\/\/www.cidademarketing.com.br\/marketing\/#website"},"primaryImageOfPage":{"@id":"https:\/\/www.cidademarketing.com.br\/marketing\/2021\/02\/23\/loreal-paris-anuncia-nidhi-sunil-como-nova-porta-voz-internacional\/#primaryimage"},"image":{"@id":"https:\/\/www.cidademarketing.com.br\/marketing\/2021\/02\/23\/loreal-paris-anuncia-nidhi-sunil-como-nova-porta-voz-internacional\/#primaryimage"},"thumbnailUrl":"https:\/\/www.cidademarketing.com.br\/marketing\/wp-content\/uploads\/2021\/02\/Nidhi-Sunil_2-scaled.jpg","datePublished":"2021-02-24T02:26:00+00:00","dateModified":"2021-02-24T02:26:04+00:00","breadcrumb":{"@id":"https:\/\/www.cidademarketing.com.br\/marketing\/2021\/02\/23\/loreal-paris-anuncia-nidhi-sunil-como-nova-porta-voz-internacional\/#breadcrumb"},"inLanguage":"pt-BR","potentialAction":[{"@type":"ReadAction","target":["https:\/\/www.cidademarketing.com.br\/marketing\/2021\/02\/23\/loreal-paris-anuncia-nidhi-sunil-como-nova-porta-voz-internacional\/"]}]},{"@type":"ImageObject","inLanguage":"pt-BR","@id":"https:\/\/www.cidademarketing.com.br\/marketing\/2021\/02\/23\/loreal-paris-anuncia-nidhi-sunil-como-nova-porta-voz-internacional\/#primaryimage","url":"https:\/\/www.cidademarketing.com.br\/marketing\/wp-content\/uploads\/2021\/02\/Nidhi-Sunil_2-scaled.jpg","contentUrl":"https:\/\/www.cidademarketing.com.br\/marketing\/wp-content\/uploads\/2021\/02\/Nidhi-Sunil_2-scaled.jpg","width":1919,"height":2560,"caption":"Divulga\u00e7\u00e3o"},{"@type":"BreadcrumbList","@id":"https:\/\/www.cidademarketing.com.br\/marketing\/2021\/02\/23\/loreal-paris-anuncia-nidhi-sunil-como-nova-porta-voz-internacional\/#breadcrumb","itemListElement":[{"@type":"ListItem","position":1,"name":"In\u00edcio","item":"https:\/\/www.cidademarketing.com.br\/marketing\/"},{"@type":"ListItem","position":2,"name":"L\u2019Or\u00e9al Paris anuncia Nidhi Sunil como nova porta-voz internacional"}]},{"@type":"WebSite","@id":"https:\/\/www.cidademarketing.com.br\/marketing\/#website","url":"https:\/\/www.cidademarketing.com.br\/marketing\/","name":"CidadeMarketing","description":"Somos um ve\u00edculo de comunica\u00e7\u00e3o de destaque no Brasil, reconhecido por conte\u00fados nos segmentos de marketing, empreendedorismo e inova\u00e7\u00e3o.","publisher":{"@id":"https:\/\/www.cidademarketing.com.br\/marketing\/#organization"},"alternateName":"CidadeMarketing","potentialAction":[{"@type":"SearchAction","target":{"@type":"EntryPoint","urlTemplate":"https:\/\/www.cidademarketing.com.br\/marketing\/?s={search_term_string}"},"query-input":{"@type":"PropertyValueSpecification","valueRequired":true,"valueName":"search_term_string"}}],"inLanguage":"pt-BR"},{"@type":"Organization","@id":"https:\/\/www.cidademarketing.com.br\/marketing\/#organization","name":"CidadeMarketing","alternateName":"CidadeMarketing","url":"https:\/\/www.cidademarketing.com.br\/marketing\/","logo":{"@type":"ImageObject","inLanguage":"pt-BR","@id":"https:\/\/www.cidademarketing.com.br\/marketing\/#\/schema\/logo\/image\/","url":"https:\/\/www.cidademarketing.com.br\/marketing\/wp-content\/uploads\/2020\/01\/cidademarketing_marca_mobile.png","contentUrl":"https:\/\/www.cidademarketing.com.br\/marketing\/wp-content\/uploads\/2020\/01\/cidademarketing_marca_mobile.png","width":230,"height":92,"caption":"CidadeMarketing"},"image":{"@id":"https:\/\/www.cidademarketing.com.br\/marketing\/#\/schema\/logo\/image\/"},"sameAs":["https:\/\/www.facebook.com\/portalcidademarketing","https:\/\/x.com\/CidadeMarketing","https:\/\/www.instagram.com\/cidademarketing\/"]},{"@type":"Person","@id":"https:\/\/www.cidademarketing.com.br\/marketing\/#\/schema\/person\/02daff9f18bd9378c9e01eb6b2db155f","name":"Thales Brand\u00e3o","image":{"@type":"ImageObject","inLanguage":"pt-BR","@id":"https:\/\/secure.gravatar.com\/avatar\/7ca3206950207cc3cb48feec56a8a7898741ab725c368d99d5d7a5a50aab80c6?s=96&d=mm&r=g","url":"https:\/\/secure.gravatar.com\/avatar\/7ca3206950207cc3cb48feec56a8a7898741ab725c368d99d5d7a5a50aab80c6?s=96&d=mm&r=g","contentUrl":"https:\/\/secure.gravatar.com\/avatar\/7ca3206950207cc3cb48feec56a8a7898741ab725c368d99d5d7a5a50aab80c6?s=96&d=mm&r=g","caption":"Thales Brand\u00e3o"},"description":"Editor Executivo do Portal CidadeMarketing.com.br &gt; Mestre em Comunica\u00e7\u00e3o e Sociedade pela Universidade Federal de Sergipe. Possui MBA Executivo em Administra\u00e7\u00e3o com \u00eanfase em Marketing pela Funda\u00e7\u00e3o Get\u00falio Vargas - Rio de Janeiro. Consultor, Palestrante e Pesquisador sobre Empreendedorismo, Marketing, Redes Sociais e Neg\u00f3cios Digitais. Professor, Palestrante TedxTalks e Campus Party. Twitter: @ThalesBrandao","sameAs":["http:\/\/www.mandacaru.com.br","https:\/\/www.facebook.com\/thalesbrandao","http:\/\/www.instagram.com.br\/thalesbrandaoferreira","https:\/\/www.linkedin.com\/in\/thales-brand\u00e3o-3948609\/","https:\/\/x.com\/http:\/\/www.twitter.com\/thalesbrandao"],"url":"https:\/\/www.cidademarketing.com.br\/marketing\/author\/thalesbrandao\/"}]}},"amp_enabled":true,"_links":{"self":[{"href":"https:\/\/www.cidademarketing.com.br\/marketing\/wp-json\/wp\/v2\/posts\/22223","targetHints":{"allow":["GET"]}}],"collection":[{"href":"https:\/\/www.cidademarketing.com.br\/marketing\/wp-json\/wp\/v2\/posts"}],"about":[{"href":"https:\/\/www.cidademarketing.com.br\/marketing\/wp-json\/wp\/v2\/types\/post"}],"author":[{"embeddable":true,"href":"https:\/\/www.cidademarketing.com.br\/marketing\/wp-json\/wp\/v2\/users\/1"}],"replies":[{"embeddable":true,"href":"https:\/\/www.cidademarketing.com.br\/marketing\/wp-json\/wp\/v2\/comments?post=22223"}],"version-history":[{"count":1,"href":"https:\/\/www.cidademarketing.com.br\/marketing\/wp-json\/wp\/v2\/posts\/22223\/revisions"}],"predecessor-version":[{"id":22225,"href":"https:\/\/www.cidademarketing.com.br\/marketing\/wp-json\/wp\/v2\/posts\/22223\/revisions\/22225"}],"wp:featuredmedia":[{"embeddable":true,"href":"https:\/\/www.cidademarketing.com.br\/marketing\/wp-json\/wp\/v2\/media\/22224"}],"wp:attachment":[{"href":"https:\/\/www.cidademarketing.com.br\/marketing\/wp-json\/wp\/v2\/media?parent=22223"}],"wp:term":[{"taxonomy":"category","embeddable":true,"href":"https:\/\/www.cidademarketing.com.br\/marketing\/wp-json\/wp\/v2\/categories?post=22223"},{"taxonomy":"post_tag","embeddable":true,"href":"https:\/\/www.cidademarketing.com.br\/marketing\/wp-json\/wp\/v2\/tags?post=22223"}],"curies":[{"name":"wp","href":"https:\/\/api.w.org\/{rel}","templated":true}]}}