{"id":22161,"date":"2021-02-21T21:09:08","date_gmt":"2021-02-22T00:09:08","guid":{"rendered":"https:\/\/www.cidademarketing.com.br\/marketing\/?p=22161"},"modified":"2021-02-21T21:09:11","modified_gmt":"2021-02-22T00:09:11","slug":"grupo-renault-traca-estrategias-administrativas-nas-areas-de-financas-digital-e-de-mobilidade","status":"publish","type":"post","link":"https:\/\/www.cidademarketing.com.br\/marketing\/2021\/02\/21\/grupo-renault-traca-estrategias-administrativas-nas-areas-de-financas-digital-e-de-mobilidade\/","title":{"rendered":"Grupo Renault tra\u00e7a estrat\u00e9gias administrativas nas \u00e1reas de finan\u00e7as, digital e de mobilidade"},"content":{"rendered":"\n<p>O Grupo Renault continua sua estrat\u00e9gia de renova\u00e7\u00e3o de seu Conselho de Administra\u00e7\u00e3o iniciada em 2019, refor\u00e7ando suas compet\u00eancias nas \u00e1reas de finan\u00e7as, digital e de mobilidade.<br>&nbsp;<br>O Conselho de Administra\u00e7\u00e3o da Renault decidiu, mediante recomenda\u00e7\u00e3o do Comit\u00ea de Governan\u00e7a e Remunera\u00e7\u00e3o, propor \u00e0 Assembleia Geral dos Acionistas de 23 de abril de 2021 a nomea\u00e7\u00e3o de dois novos administradores independentes, Bernard Delpit e Fr\u00e9d\u00e9ric Mazzella.<br>&nbsp;<br>Com o objetivo de acompanhar a evolu\u00e7\u00e3o do Conselho limitando o n\u00famero de seus membros, Patrick Thomas comunicou sua decis\u00e3o, com antecipa\u00e7\u00e3o de um ano, de colocar seu mandato \u00e0 disposi\u00e7\u00e3o do Conselho a partir da Assembleia Geral de 2021.<br>&nbsp;<br>O Conselho de Administra\u00e7\u00e3o tamb\u00e9m decidiu propor a renova\u00e7\u00e3o, por quatro anos, dos mandatos de administradores de Miriem Bensalah Chaqroun, Marie-Annick Darmaillac, Yu Serizawa e Thomas Courbe.<br>&nbsp;<br>Por fim, o Conselho de Administra\u00e7\u00e3o submeter\u00e1 \u00e0 vota\u00e7\u00e3o da Assembleia Geral a nomea\u00e7\u00e3o de No\u00ebl Desgrippes, candidato ao posto de administrador representante dos funcion\u00e1rios acionistas, em substitui\u00e7\u00e3o a Benoit Ostertag cujo mandato chega ao fim.<br>&nbsp;<br>\u201cGostaria de agradecer a Patrick Thomas, que foi um pilar do Conselho de Administra\u00e7\u00e3o nestes \u00faltimos anos e que, hoje, est\u00e1 antecipando o t\u00e9rmino de seu mandato para acompanhar a acelera\u00e7\u00e3o da transforma\u00e7\u00e3o do Grupo Renault. As nomea\u00e7\u00f5es de Bernard Delpit e Fr\u00e9d\u00e9ric Mazzella, propostas pelo Conselho de Administra\u00e7\u00e3o, se inserem em uma nova din\u00e2mica. Bernard Delpit tem uma longa experi\u00eancia em desafios financeiros tanto na esfera p\u00fablica como em grandes grupos cotados na bolsa de valores, tendo exercido responsabilidades operacionais na ind\u00fastria automotiva. Fr\u00e9d\u00e9ric Mazzella tem uma posi\u00e7\u00e3o de protagonista como empreendedor inovador, al\u00e9m de ser o criador de uma das empresas mais emblem\u00e1ticas de novas mobilidades do mundo. Sua ampla experi\u00eancia e perfil constituir\u00e3o valiosos diferenciais, dando suporte \u00e0 implementa\u00e7\u00e3o do plano estrat\u00e9gico do grupo Renault. Tamb\u00e9m estou muito feliz que a nomea\u00e7\u00e3o de No\u00ebl Desgrippes tenha sido proposta para o posto de administrador representante dos funcion\u00e1rios acionistas. Seus conhecimentos a respeito da empresa e seu engajamento junto \u00e0s inst\u00e2ncias representativas do pessoal ser\u00e3o grandes diferenciais para o Conselho de Administra\u00e7\u00e3o, que se empenhar\u00e1 em ouvir, com especial aten\u00e7\u00e3o, a voz dos funcion\u00e1rios\u201d, declarou Jean-Dominique Senard, Presidente do Conselho de Administra\u00e7\u00e3o.<br>&nbsp;<\/p>\n\n\n\n<h1 class=\"wp-block-heading\">Biografias<\/h1>\n\n\n\n<p><strong>Bernard Delpit <\/strong>\u00e9 vice-presidente executivo e CFO do grupo Safran. \u00c9 bacharel em Direito, formado pelo Instituto de Estudos Pol\u00edticos de Paris (Institut d&#8217;\u00c9tudes Politiques de Paris, IEP) e pela Escola Nacional de Administra\u00e7\u00e3o (\u00c9cole Nationale d&#8217;Administration, ENA). Iniciou sua carreira em 1990 na Inspe\u00e7\u00e3o Geral de Finan\u00e7as, tendo posteriormente assumido diferentes fun\u00e7\u00f5es no Minist\u00e9rio da Economia e Finan\u00e7as. Em 2000, entrou para o grupo PSA Peugeot Citro\u00ebn, onde exerceu, a partir de 2001, a fun\u00e7\u00e3o de diretor geral adjunto da Dong Feng Peugeot Citro\u00ebn Automobiles na China e, depois, diretor do Controle de Gest\u00e3o do grupo PSA, em 2004. Em 2007, passou a fazer parte do gabinete do presidente da Fran\u00e7a, como assessor econ\u00f4mico. Em 2009, tornou-se vice-CEO e CFO do Grupo La Poste (a empresa de correios da Fran\u00e7a) e, depois, entrou para o Grupo Cr\u00e9dit Agricole como CFO, em 2011. \u00c9 CFO do Grupo Safran desde 2015, tendo sido nomeado vice-CEO em janeiro de 2021.<br><br><strong>Fr\u00e9d\u00e9ric Mazzella <\/strong>\u00e9 presidente e fundador da BlaBlaCar, e copresidente empreendedor da France Digitale, a maior associa\u00e7\u00e3o de startups na Europa. Ap\u00f3s uma trajet\u00f3ria que incluiu as \u00e1reas de F\u00edsica, Inform\u00e1tica e M\u00fasica na Escola Normal Superior de Paris (ENS Ulm), Stanford, INSEAD, na NASA e no Conservat\u00f3rio Superior de Paris, Fr\u00e9d\u00e9ric criou a primeira vers\u00e3o do aplicativo BlaBlaCar, para tornar o conceito de caronas pr\u00e1tico e popular. Assim que o conceito foi testado e comprovado na Fran\u00e7a, a empresa realizou um forte crescimento internacional, tornando-se o primeiro &#8220;unic\u00f3rnio&#8221; franc\u00eas e l\u00edder mundial em sua \u00e1rea, reunindo uma comunidade de 90 milh\u00f5es de motoristas e passageiros, em 22 pa\u00edses. A BlaBlaCar se posiciona atualmente como campe\u00e3 do segmento de mobilidade compartilhada, sustent\u00e1vel, acess\u00edvel e multimodal, incluindo \u00e0 sua oferta hist\u00f3rica de caronas de longa dist\u00e2ncia a carona casa-trabalho e o transporte por \u00f4nibus. Paralelemente, desde 2018, Fr\u00e9d\u00e9ric Mazzella tem como foco a energia da associa\u00e7\u00e3o France Digitale em rela\u00e7\u00e3o aos temas da soberania tecnol\u00f3gica, impacto e talento.<br><br><strong>No\u00ebl Desgrippes <\/strong>\u00e9 formado em Eletr\u00f4nica-Eletrot\u00e9cnica-Automa\u00e7\u00e3o, al\u00e9m de ter um Diploma de Estudos Superiores Especializados (DESS) em Controle Industrial e Gest\u00e3o da Qualidade pela Universidade de Clermont-Ferrand. Ap\u00f3s um ano como bombeiro de Paris, iniciou sua carreira na Renault h\u00e1 25 anos, no Departamento de Engenharia Mec\u00e2nica, como piloto do sistema de gest\u00e3o da qualidade e, depois, entrou para a Dire\u00e7\u00e3o do Meio Ambiente, onde supervisionou a implanta\u00e7\u00e3o da certifica\u00e7\u00e3o ISO 14001 em diferentes f\u00e1bricas do grupo. Entrou depois para a Dire\u00e7\u00e3o do Polo Imobili\u00e1rio e Servi\u00e7os Gerais, como secret\u00e1rio t\u00e9cnico. Atualmente, \u00e9 respons\u00e1vel por uma equipe de Suporte T\u00e9cnico no Centro T\u00e9cnico de Lardy. No\u00ebl Desgrippes tamb\u00e9m det\u00e9m o mandato de presidente do Conselho Fiscal do Fundo M\u00fatuo de Investimento de Empresa (\u201cFonds Commun de Placement d&#8217;Entreprise, FCPE\u201d) da Renault Franca.<\/p>\n","protected":false},"excerpt":{"rendered":"<p>O Grupo Renault continua sua estrat\u00e9gia de renova\u00e7\u00e3o de seu Conselho de Administra\u00e7\u00e3o iniciada em 2019, refor\u00e7ando suas compet\u00eancias nas \u00e1reas de finan\u00e7as, digital e de mobilidade.&nbsp;O Conselho de Administra\u00e7\u00e3o da Renault decidiu, mediante recomenda\u00e7\u00e3o do Comit\u00ea de Governan\u00e7a e Remunera\u00e7\u00e3o, propor \u00e0 Assembleia Geral dos Acionistas de 23 de abril de 2021 a nomea\u00e7\u00e3o [&hellip;]<\/p>\n","protected":false},"author":1,"featured_media":15128,"comment_status":"open","ping_status":"open","sticky":false,"template":"","format":"standard","meta":{"tdm_status":"","tdm_grid_status":"","footnotes":""},"categories":[6],"tags":[389,33,28,134],"class_list":["post-22161","post","type-post","status-publish","format-standard","has-post-thumbnail","hentry","category-noticias","tag-administracao","tag-estrategia","tag-marketing","tag-renault"],"yoast_head":"<!-- This site is optimized with the Yoast SEO plugin v27.4 - https:\/\/yoast.com\/product\/yoast-seo-wordpress\/ -->\n<title>Grupo Renault tra\u00e7a estrat\u00e9gias administrativas nas \u00e1reas de finan\u00e7as, digital e de mobilidade - CidadeMarketing<\/title>\n<meta name=\"robots\" content=\"index, follow, max-snippet:-1, max-image-preview:large, max-video-preview:-1\" \/>\n<link rel=\"canonical\" href=\"https:\/\/www.cidademarketing.com.br\/marketing\/2021\/02\/21\/grupo-renault-traca-estrategias-administrativas-nas-areas-de-financas-digital-e-de-mobilidade\/\" \/>\n<meta property=\"og:locale\" content=\"pt_BR\" \/>\n<meta property=\"og:type\" content=\"article\" \/>\n<meta property=\"og:title\" content=\"Grupo Renault tra\u00e7a estrat\u00e9gias administrativas nas \u00e1reas de finan\u00e7as, digital e de mobilidade - CidadeMarketing\" \/>\n<meta property=\"og:description\" content=\"O Grupo Renault continua sua estrat\u00e9gia de renova\u00e7\u00e3o de seu Conselho de Administra\u00e7\u00e3o iniciada em 2019, refor\u00e7ando suas compet\u00eancias nas \u00e1reas de finan\u00e7as, digital e de mobilidade.&nbsp;O Conselho de Administra\u00e7\u00e3o da Renault decidiu, mediante recomenda\u00e7\u00e3o do Comit\u00ea de Governan\u00e7a e Remunera\u00e7\u00e3o, propor \u00e0 Assembleia Geral dos Acionistas de 23 de abril de 2021 a nomea\u00e7\u00e3o [&hellip;]\" \/>\n<meta property=\"og:url\" content=\"https:\/\/www.cidademarketing.com.br\/marketing\/2021\/02\/21\/grupo-renault-traca-estrategias-administrativas-nas-areas-de-financas-digital-e-de-mobilidade\/\" \/>\n<meta property=\"og:site_name\" content=\"CidadeMarketing\" \/>\n<meta property=\"article:publisher\" content=\"https:\/\/www.facebook.com\/portalcidademarketing\" \/>\n<meta property=\"article:author\" content=\"https:\/\/www.facebook.com\/thalesbrandao\" \/>\n<meta property=\"article:published_time\" content=\"2021-02-22T00:09:08+00:00\" \/>\n<meta property=\"article:modified_time\" content=\"2021-02-22T00:09:11+00:00\" \/>\n<meta property=\"og:image\" content=\"https:\/\/www.cidademarketing.com.br\/marketing\/wp-content\/uploads\/2020\/04\/renault_fabrica_coronav\u00edrus.jpg\" \/>\n\t<meta property=\"og:image:width\" content=\"1500\" \/>\n\t<meta property=\"og:image:height\" content=\"843\" \/>\n\t<meta property=\"og:image:type\" content=\"image\/jpeg\" \/>\n<meta name=\"author\" content=\"Thales Brand\u00e3o\" \/>\n<meta name=\"twitter:card\" content=\"summary_large_image\" \/>\n<meta name=\"twitter:creator\" content=\"@http:\/\/www.twitter.com\/thalesbrandao\" \/>\n<meta name=\"twitter:site\" content=\"@CidadeMarketing\" \/>\n<meta name=\"twitter:label1\" content=\"Escrito por\" \/>\n\t<meta name=\"twitter:data1\" content=\"Thales Brand\u00e3o\" \/>\n\t<meta name=\"twitter:label2\" content=\"Est. tempo de leitura\" \/>\n\t<meta name=\"twitter:data2\" content=\"5 minutos\" \/>\n<script type=\"application\/ld+json\" class=\"yoast-schema-graph\">{\"@context\":\"https:\\\/\\\/schema.org\",\"@graph\":[{\"@type\":\"Article\",\"@id\":\"https:\\\/\\\/www.cidademarketing.com.br\\\/marketing\\\/2021\\\/02\\\/21\\\/grupo-renault-traca-estrategias-administrativas-nas-areas-de-financas-digital-e-de-mobilidade\\\/#article\",\"isPartOf\":{\"@id\":\"https:\\\/\\\/www.cidademarketing.com.br\\\/marketing\\\/2021\\\/02\\\/21\\\/grupo-renault-traca-estrategias-administrativas-nas-areas-de-financas-digital-e-de-mobilidade\\\/\"},\"author\":{\"name\":\"Thales Brand\u00e3o\",\"@id\":\"https:\\\/\\\/www.cidademarketing.com.br\\\/marketing\\\/#\\\/schema\\\/person\\\/02daff9f18bd9378c9e01eb6b2db155f\"},\"headline\":\"Grupo Renault tra\u00e7a estrat\u00e9gias administrativas nas \u00e1reas de finan\u00e7as, digital e de mobilidade\",\"datePublished\":\"2021-02-22T00:09:08+00:00\",\"dateModified\":\"2021-02-22T00:09:11+00:00\",\"mainEntityOfPage\":{\"@id\":\"https:\\\/\\\/www.cidademarketing.com.br\\\/marketing\\\/2021\\\/02\\\/21\\\/grupo-renault-traca-estrategias-administrativas-nas-areas-de-financas-digital-e-de-mobilidade\\\/\"},\"wordCount\":942,\"commentCount\":0,\"publisher\":{\"@id\":\"https:\\\/\\\/www.cidademarketing.com.br\\\/marketing\\\/#organization\"},\"image\":{\"@id\":\"https:\\\/\\\/www.cidademarketing.com.br\\\/marketing\\\/2021\\\/02\\\/21\\\/grupo-renault-traca-estrategias-administrativas-nas-areas-de-financas-digital-e-de-mobilidade\\\/#primaryimage\"},\"thumbnailUrl\":\"https:\\\/\\\/www.cidademarketing.com.br\\\/marketing\\\/wp-content\\\/uploads\\\/2020\\\/04\\\/renault_fabrica_coronav\u00edrus.jpg\",\"keywords\":[\"administra\u00e7\u00e3o\",\"estrat\u00e9gia\",\"marketing\",\"Renault\"],\"articleSection\":[\"Not\u00edcias\"],\"inLanguage\":\"pt-BR\",\"potentialAction\":[{\"@type\":\"CommentAction\",\"name\":\"Comment\",\"target\":[\"https:\\\/\\\/www.cidademarketing.com.br\\\/marketing\\\/2021\\\/02\\\/21\\\/grupo-renault-traca-estrategias-administrativas-nas-areas-de-financas-digital-e-de-mobilidade\\\/#respond\"]}]},{\"@type\":\"WebPage\",\"@id\":\"https:\\\/\\\/www.cidademarketing.com.br\\\/marketing\\\/2021\\\/02\\\/21\\\/grupo-renault-traca-estrategias-administrativas-nas-areas-de-financas-digital-e-de-mobilidade\\\/\",\"url\":\"https:\\\/\\\/www.cidademarketing.com.br\\\/marketing\\\/2021\\\/02\\\/21\\\/grupo-renault-traca-estrategias-administrativas-nas-areas-de-financas-digital-e-de-mobilidade\\\/\",\"name\":\"Grupo Renault tra\u00e7a estrat\u00e9gias administrativas nas \u00e1reas de finan\u00e7as, digital e de mobilidade - CidadeMarketing\",\"isPartOf\":{\"@id\":\"https:\\\/\\\/www.cidademarketing.com.br\\\/marketing\\\/#website\"},\"primaryImageOfPage\":{\"@id\":\"https:\\\/\\\/www.cidademarketing.com.br\\\/marketing\\\/2021\\\/02\\\/21\\\/grupo-renault-traca-estrategias-administrativas-nas-areas-de-financas-digital-e-de-mobilidade\\\/#primaryimage\"},\"image\":{\"@id\":\"https:\\\/\\\/www.cidademarketing.com.br\\\/marketing\\\/2021\\\/02\\\/21\\\/grupo-renault-traca-estrategias-administrativas-nas-areas-de-financas-digital-e-de-mobilidade\\\/#primaryimage\"},\"thumbnailUrl\":\"https:\\\/\\\/www.cidademarketing.com.br\\\/marketing\\\/wp-content\\\/uploads\\\/2020\\\/04\\\/renault_fabrica_coronav\u00edrus.jpg\",\"datePublished\":\"2021-02-22T00:09:08+00:00\",\"dateModified\":\"2021-02-22T00:09:11+00:00\",\"breadcrumb\":{\"@id\":\"https:\\\/\\\/www.cidademarketing.com.br\\\/marketing\\\/2021\\\/02\\\/21\\\/grupo-renault-traca-estrategias-administrativas-nas-areas-de-financas-digital-e-de-mobilidade\\\/#breadcrumb\"},\"inLanguage\":\"pt-BR\",\"potentialAction\":[{\"@type\":\"ReadAction\",\"target\":[\"https:\\\/\\\/www.cidademarketing.com.br\\\/marketing\\\/2021\\\/02\\\/21\\\/grupo-renault-traca-estrategias-administrativas-nas-areas-de-financas-digital-e-de-mobilidade\\\/\"]}]},{\"@type\":\"ImageObject\",\"inLanguage\":\"pt-BR\",\"@id\":\"https:\\\/\\\/www.cidademarketing.com.br\\\/marketing\\\/2021\\\/02\\\/21\\\/grupo-renault-traca-estrategias-administrativas-nas-areas-de-financas-digital-e-de-mobilidade\\\/#primaryimage\",\"url\":\"https:\\\/\\\/www.cidademarketing.com.br\\\/marketing\\\/wp-content\\\/uploads\\\/2020\\\/04\\\/renault_fabrica_coronav\u00edrus.jpg\",\"contentUrl\":\"https:\\\/\\\/www.cidademarketing.com.br\\\/marketing\\\/wp-content\\\/uploads\\\/2020\\\/04\\\/renault_fabrica_coronav\u00edrus.jpg\",\"width\":1500,\"height\":843,\"caption\":\"Divulga\u00e7\u00e3o\"},{\"@type\":\"BreadcrumbList\",\"@id\":\"https:\\\/\\\/www.cidademarketing.com.br\\\/marketing\\\/2021\\\/02\\\/21\\\/grupo-renault-traca-estrategias-administrativas-nas-areas-de-financas-digital-e-de-mobilidade\\\/#breadcrumb\",\"itemListElement\":[{\"@type\":\"ListItem\",\"position\":1,\"name\":\"In\u00edcio\",\"item\":\"https:\\\/\\\/www.cidademarketing.com.br\\\/marketing\\\/\"},{\"@type\":\"ListItem\",\"position\":2,\"name\":\"Grupo Renault tra\u00e7a estrat\u00e9gias administrativas nas \u00e1reas de finan\u00e7as, digital e de mobilidade\"}]},{\"@type\":\"WebSite\",\"@id\":\"https:\\\/\\\/www.cidademarketing.com.br\\\/marketing\\\/#website\",\"url\":\"https:\\\/\\\/www.cidademarketing.com.br\\\/marketing\\\/\",\"name\":\"CidadeMarketing\",\"description\":\"Somos um ve\u00edculo de comunica\u00e7\u00e3o de destaque no Brasil, reconhecido por conte\u00fados nos segmentos de marketing, empreendedorismo e inova\u00e7\u00e3o.\",\"publisher\":{\"@id\":\"https:\\\/\\\/www.cidademarketing.com.br\\\/marketing\\\/#organization\"},\"alternateName\":\"CidadeMarketing\",\"potentialAction\":[{\"@type\":\"SearchAction\",\"target\":{\"@type\":\"EntryPoint\",\"urlTemplate\":\"https:\\\/\\\/www.cidademarketing.com.br\\\/marketing\\\/?s={search_term_string}\"},\"query-input\":{\"@type\":\"PropertyValueSpecification\",\"valueRequired\":true,\"valueName\":\"search_term_string\"}}],\"inLanguage\":\"pt-BR\"},{\"@type\":\"Organization\",\"@id\":\"https:\\\/\\\/www.cidademarketing.com.br\\\/marketing\\\/#organization\",\"name\":\"CidadeMarketing\",\"alternateName\":\"CidadeMarketing\",\"url\":\"https:\\\/\\\/www.cidademarketing.com.br\\\/marketing\\\/\",\"logo\":{\"@type\":\"ImageObject\",\"inLanguage\":\"pt-BR\",\"@id\":\"https:\\\/\\\/www.cidademarketing.com.br\\\/marketing\\\/#\\\/schema\\\/logo\\\/image\\\/\",\"url\":\"https:\\\/\\\/www.cidademarketing.com.br\\\/marketing\\\/wp-content\\\/uploads\\\/2020\\\/01\\\/cidademarketing_marca_mobile.png\",\"contentUrl\":\"https:\\\/\\\/www.cidademarketing.com.br\\\/marketing\\\/wp-content\\\/uploads\\\/2020\\\/01\\\/cidademarketing_marca_mobile.png\",\"width\":230,\"height\":92,\"caption\":\"CidadeMarketing\"},\"image\":{\"@id\":\"https:\\\/\\\/www.cidademarketing.com.br\\\/marketing\\\/#\\\/schema\\\/logo\\\/image\\\/\"},\"sameAs\":[\"https:\\\/\\\/www.facebook.com\\\/portalcidademarketing\",\"https:\\\/\\\/x.com\\\/CidadeMarketing\",\"https:\\\/\\\/www.instagram.com\\\/cidademarketing\\\/\"]},{\"@type\":\"Person\",\"@id\":\"https:\\\/\\\/www.cidademarketing.com.br\\\/marketing\\\/#\\\/schema\\\/person\\\/02daff9f18bd9378c9e01eb6b2db155f\",\"name\":\"Thales Brand\u00e3o\",\"image\":{\"@type\":\"ImageObject\",\"inLanguage\":\"pt-BR\",\"@id\":\"https:\\\/\\\/secure.gravatar.com\\\/avatar\\\/7ca3206950207cc3cb48feec56a8a7898741ab725c368d99d5d7a5a50aab80c6?s=96&d=mm&r=g\",\"url\":\"https:\\\/\\\/secure.gravatar.com\\\/avatar\\\/7ca3206950207cc3cb48feec56a8a7898741ab725c368d99d5d7a5a50aab80c6?s=96&d=mm&r=g\",\"contentUrl\":\"https:\\\/\\\/secure.gravatar.com\\\/avatar\\\/7ca3206950207cc3cb48feec56a8a7898741ab725c368d99d5d7a5a50aab80c6?s=96&d=mm&r=g\",\"caption\":\"Thales Brand\u00e3o\"},\"description\":\"Editor Executivo do Portal CidadeMarketing.com.br &gt; Mestre em Comunica\u00e7\u00e3o e Sociedade pela Universidade Federal de Sergipe. Possui MBA Executivo em Administra\u00e7\u00e3o com \u00eanfase em Marketing pela Funda\u00e7\u00e3o Get\u00falio Vargas - Rio de Janeiro. Consultor, Palestrante e Pesquisador sobre Empreendedorismo, Marketing, Redes Sociais e Neg\u00f3cios Digitais. Professor, Palestrante TedxTalks e Campus Party. Twitter: @ThalesBrandao\",\"sameAs\":[\"http:\\\/\\\/www.mandacaru.com.br\",\"https:\\\/\\\/www.facebook.com\\\/thalesbrandao\",\"http:\\\/\\\/www.instagram.com.br\\\/thalesbrandaoferreira\",\"https:\\\/\\\/www.linkedin.com\\\/in\\\/thales-brand\u00e3o-3948609\\\/\",\"https:\\\/\\\/x.com\\\/http:\\\/\\\/www.twitter.com\\\/thalesbrandao\"],\"url\":\"https:\\\/\\\/www.cidademarketing.com.br\\\/marketing\\\/author\\\/thalesbrandao\\\/\"}]}<\/script>\n<!-- \/ Yoast SEO plugin. -->","yoast_head_json":{"title":"Grupo Renault tra\u00e7a estrat\u00e9gias administrativas nas \u00e1reas de finan\u00e7as, digital e de mobilidade - CidadeMarketing","robots":{"index":"index","follow":"follow","max-snippet":"max-snippet:-1","max-image-preview":"max-image-preview:large","max-video-preview":"max-video-preview:-1"},"canonical":"https:\/\/www.cidademarketing.com.br\/marketing\/2021\/02\/21\/grupo-renault-traca-estrategias-administrativas-nas-areas-de-financas-digital-e-de-mobilidade\/","og_locale":"pt_BR","og_type":"article","og_title":"Grupo Renault tra\u00e7a estrat\u00e9gias administrativas nas \u00e1reas de finan\u00e7as, digital e de mobilidade - CidadeMarketing","og_description":"O Grupo Renault continua sua estrat\u00e9gia de renova\u00e7\u00e3o de seu Conselho de Administra\u00e7\u00e3o iniciada em 2019, refor\u00e7ando suas compet\u00eancias nas \u00e1reas de finan\u00e7as, digital e de mobilidade.&nbsp;O Conselho de Administra\u00e7\u00e3o da Renault decidiu, mediante recomenda\u00e7\u00e3o do Comit\u00ea de Governan\u00e7a e Remunera\u00e7\u00e3o, propor \u00e0 Assembleia Geral dos Acionistas de 23 de abril de 2021 a nomea\u00e7\u00e3o [&hellip;]","og_url":"https:\/\/www.cidademarketing.com.br\/marketing\/2021\/02\/21\/grupo-renault-traca-estrategias-administrativas-nas-areas-de-financas-digital-e-de-mobilidade\/","og_site_name":"CidadeMarketing","article_publisher":"https:\/\/www.facebook.com\/portalcidademarketing","article_author":"https:\/\/www.facebook.com\/thalesbrandao","article_published_time":"2021-02-22T00:09:08+00:00","article_modified_time":"2021-02-22T00:09:11+00:00","og_image":[{"width":1500,"height":843,"url":"https:\/\/www.cidademarketing.com.br\/marketing\/wp-content\/uploads\/2020\/04\/renault_fabrica_coronav\u00edrus.jpg","type":"image\/jpeg"}],"author":"Thales Brand\u00e3o","twitter_card":"summary_large_image","twitter_creator":"@http:\/\/www.twitter.com\/thalesbrandao","twitter_site":"@CidadeMarketing","twitter_misc":{"Escrito por":"Thales Brand\u00e3o","Est. tempo de leitura":"5 minutos"},"schema":{"@context":"https:\/\/schema.org","@graph":[{"@type":"Article","@id":"https:\/\/www.cidademarketing.com.br\/marketing\/2021\/02\/21\/grupo-renault-traca-estrategias-administrativas-nas-areas-de-financas-digital-e-de-mobilidade\/#article","isPartOf":{"@id":"https:\/\/www.cidademarketing.com.br\/marketing\/2021\/02\/21\/grupo-renault-traca-estrategias-administrativas-nas-areas-de-financas-digital-e-de-mobilidade\/"},"author":{"name":"Thales Brand\u00e3o","@id":"https:\/\/www.cidademarketing.com.br\/marketing\/#\/schema\/person\/02daff9f18bd9378c9e01eb6b2db155f"},"headline":"Grupo Renault tra\u00e7a estrat\u00e9gias administrativas nas \u00e1reas de finan\u00e7as, digital e de mobilidade","datePublished":"2021-02-22T00:09:08+00:00","dateModified":"2021-02-22T00:09:11+00:00","mainEntityOfPage":{"@id":"https:\/\/www.cidademarketing.com.br\/marketing\/2021\/02\/21\/grupo-renault-traca-estrategias-administrativas-nas-areas-de-financas-digital-e-de-mobilidade\/"},"wordCount":942,"commentCount":0,"publisher":{"@id":"https:\/\/www.cidademarketing.com.br\/marketing\/#organization"},"image":{"@id":"https:\/\/www.cidademarketing.com.br\/marketing\/2021\/02\/21\/grupo-renault-traca-estrategias-administrativas-nas-areas-de-financas-digital-e-de-mobilidade\/#primaryimage"},"thumbnailUrl":"https:\/\/www.cidademarketing.com.br\/marketing\/wp-content\/uploads\/2020\/04\/renault_fabrica_coronav\u00edrus.jpg","keywords":["administra\u00e7\u00e3o","estrat\u00e9gia","marketing","Renault"],"articleSection":["Not\u00edcias"],"inLanguage":"pt-BR","potentialAction":[{"@type":"CommentAction","name":"Comment","target":["https:\/\/www.cidademarketing.com.br\/marketing\/2021\/02\/21\/grupo-renault-traca-estrategias-administrativas-nas-areas-de-financas-digital-e-de-mobilidade\/#respond"]}]},{"@type":"WebPage","@id":"https:\/\/www.cidademarketing.com.br\/marketing\/2021\/02\/21\/grupo-renault-traca-estrategias-administrativas-nas-areas-de-financas-digital-e-de-mobilidade\/","url":"https:\/\/www.cidademarketing.com.br\/marketing\/2021\/02\/21\/grupo-renault-traca-estrategias-administrativas-nas-areas-de-financas-digital-e-de-mobilidade\/","name":"Grupo Renault tra\u00e7a estrat\u00e9gias administrativas nas \u00e1reas de finan\u00e7as, digital e de mobilidade - CidadeMarketing","isPartOf":{"@id":"https:\/\/www.cidademarketing.com.br\/marketing\/#website"},"primaryImageOfPage":{"@id":"https:\/\/www.cidademarketing.com.br\/marketing\/2021\/02\/21\/grupo-renault-traca-estrategias-administrativas-nas-areas-de-financas-digital-e-de-mobilidade\/#primaryimage"},"image":{"@id":"https:\/\/www.cidademarketing.com.br\/marketing\/2021\/02\/21\/grupo-renault-traca-estrategias-administrativas-nas-areas-de-financas-digital-e-de-mobilidade\/#primaryimage"},"thumbnailUrl":"https:\/\/www.cidademarketing.com.br\/marketing\/wp-content\/uploads\/2020\/04\/renault_fabrica_coronav\u00edrus.jpg","datePublished":"2021-02-22T00:09:08+00:00","dateModified":"2021-02-22T00:09:11+00:00","breadcrumb":{"@id":"https:\/\/www.cidademarketing.com.br\/marketing\/2021\/02\/21\/grupo-renault-traca-estrategias-administrativas-nas-areas-de-financas-digital-e-de-mobilidade\/#breadcrumb"},"inLanguage":"pt-BR","potentialAction":[{"@type":"ReadAction","target":["https:\/\/www.cidademarketing.com.br\/marketing\/2021\/02\/21\/grupo-renault-traca-estrategias-administrativas-nas-areas-de-financas-digital-e-de-mobilidade\/"]}]},{"@type":"ImageObject","inLanguage":"pt-BR","@id":"https:\/\/www.cidademarketing.com.br\/marketing\/2021\/02\/21\/grupo-renault-traca-estrategias-administrativas-nas-areas-de-financas-digital-e-de-mobilidade\/#primaryimage","url":"https:\/\/www.cidademarketing.com.br\/marketing\/wp-content\/uploads\/2020\/04\/renault_fabrica_coronav\u00edrus.jpg","contentUrl":"https:\/\/www.cidademarketing.com.br\/marketing\/wp-content\/uploads\/2020\/04\/renault_fabrica_coronav\u00edrus.jpg","width":1500,"height":843,"caption":"Divulga\u00e7\u00e3o"},{"@type":"BreadcrumbList","@id":"https:\/\/www.cidademarketing.com.br\/marketing\/2021\/02\/21\/grupo-renault-traca-estrategias-administrativas-nas-areas-de-financas-digital-e-de-mobilidade\/#breadcrumb","itemListElement":[{"@type":"ListItem","position":1,"name":"In\u00edcio","item":"https:\/\/www.cidademarketing.com.br\/marketing\/"},{"@type":"ListItem","position":2,"name":"Grupo Renault tra\u00e7a estrat\u00e9gias administrativas nas \u00e1reas de finan\u00e7as, digital e de mobilidade"}]},{"@type":"WebSite","@id":"https:\/\/www.cidademarketing.com.br\/marketing\/#website","url":"https:\/\/www.cidademarketing.com.br\/marketing\/","name":"CidadeMarketing","description":"Somos um ve\u00edculo de comunica\u00e7\u00e3o de destaque no Brasil, reconhecido por conte\u00fados nos segmentos de marketing, empreendedorismo e inova\u00e7\u00e3o.","publisher":{"@id":"https:\/\/www.cidademarketing.com.br\/marketing\/#organization"},"alternateName":"CidadeMarketing","potentialAction":[{"@type":"SearchAction","target":{"@type":"EntryPoint","urlTemplate":"https:\/\/www.cidademarketing.com.br\/marketing\/?s={search_term_string}"},"query-input":{"@type":"PropertyValueSpecification","valueRequired":true,"valueName":"search_term_string"}}],"inLanguage":"pt-BR"},{"@type":"Organization","@id":"https:\/\/www.cidademarketing.com.br\/marketing\/#organization","name":"CidadeMarketing","alternateName":"CidadeMarketing","url":"https:\/\/www.cidademarketing.com.br\/marketing\/","logo":{"@type":"ImageObject","inLanguage":"pt-BR","@id":"https:\/\/www.cidademarketing.com.br\/marketing\/#\/schema\/logo\/image\/","url":"https:\/\/www.cidademarketing.com.br\/marketing\/wp-content\/uploads\/2020\/01\/cidademarketing_marca_mobile.png","contentUrl":"https:\/\/www.cidademarketing.com.br\/marketing\/wp-content\/uploads\/2020\/01\/cidademarketing_marca_mobile.png","width":230,"height":92,"caption":"CidadeMarketing"},"image":{"@id":"https:\/\/www.cidademarketing.com.br\/marketing\/#\/schema\/logo\/image\/"},"sameAs":["https:\/\/www.facebook.com\/portalcidademarketing","https:\/\/x.com\/CidadeMarketing","https:\/\/www.instagram.com\/cidademarketing\/"]},{"@type":"Person","@id":"https:\/\/www.cidademarketing.com.br\/marketing\/#\/schema\/person\/02daff9f18bd9378c9e01eb6b2db155f","name":"Thales Brand\u00e3o","image":{"@type":"ImageObject","inLanguage":"pt-BR","@id":"https:\/\/secure.gravatar.com\/avatar\/7ca3206950207cc3cb48feec56a8a7898741ab725c368d99d5d7a5a50aab80c6?s=96&d=mm&r=g","url":"https:\/\/secure.gravatar.com\/avatar\/7ca3206950207cc3cb48feec56a8a7898741ab725c368d99d5d7a5a50aab80c6?s=96&d=mm&r=g","contentUrl":"https:\/\/secure.gravatar.com\/avatar\/7ca3206950207cc3cb48feec56a8a7898741ab725c368d99d5d7a5a50aab80c6?s=96&d=mm&r=g","caption":"Thales Brand\u00e3o"},"description":"Editor Executivo do Portal CidadeMarketing.com.br &gt; Mestre em Comunica\u00e7\u00e3o e Sociedade pela Universidade Federal de Sergipe. Possui MBA Executivo em Administra\u00e7\u00e3o com \u00eanfase em Marketing pela Funda\u00e7\u00e3o Get\u00falio Vargas - Rio de Janeiro. Consultor, Palestrante e Pesquisador sobre Empreendedorismo, Marketing, Redes Sociais e Neg\u00f3cios Digitais. Professor, Palestrante TedxTalks e Campus Party. Twitter: @ThalesBrandao","sameAs":["http:\/\/www.mandacaru.com.br","https:\/\/www.facebook.com\/thalesbrandao","http:\/\/www.instagram.com.br\/thalesbrandaoferreira","https:\/\/www.linkedin.com\/in\/thales-brand\u00e3o-3948609\/","https:\/\/x.com\/http:\/\/www.twitter.com\/thalesbrandao"],"url":"https:\/\/www.cidademarketing.com.br\/marketing\/author\/thalesbrandao\/"}]}},"amp_enabled":true,"_links":{"self":[{"href":"https:\/\/www.cidademarketing.com.br\/marketing\/wp-json\/wp\/v2\/posts\/22161","targetHints":{"allow":["GET"]}}],"collection":[{"href":"https:\/\/www.cidademarketing.com.br\/marketing\/wp-json\/wp\/v2\/posts"}],"about":[{"href":"https:\/\/www.cidademarketing.com.br\/marketing\/wp-json\/wp\/v2\/types\/post"}],"author":[{"embeddable":true,"href":"https:\/\/www.cidademarketing.com.br\/marketing\/wp-json\/wp\/v2\/users\/1"}],"replies":[{"embeddable":true,"href":"https:\/\/www.cidademarketing.com.br\/marketing\/wp-json\/wp\/v2\/comments?post=22161"}],"version-history":[{"count":1,"href":"https:\/\/www.cidademarketing.com.br\/marketing\/wp-json\/wp\/v2\/posts\/22161\/revisions"}],"predecessor-version":[{"id":22162,"href":"https:\/\/www.cidademarketing.com.br\/marketing\/wp-json\/wp\/v2\/posts\/22161\/revisions\/22162"}],"wp:featuredmedia":[{"embeddable":true,"href":"https:\/\/www.cidademarketing.com.br\/marketing\/wp-json\/wp\/v2\/media\/15128"}],"wp:attachment":[{"href":"https:\/\/www.cidademarketing.com.br\/marketing\/wp-json\/wp\/v2\/media?parent=22161"}],"wp:term":[{"taxonomy":"category","embeddable":true,"href":"https:\/\/www.cidademarketing.com.br\/marketing\/wp-json\/wp\/v2\/categories?post=22161"},{"taxonomy":"post_tag","embeddable":true,"href":"https:\/\/www.cidademarketing.com.br\/marketing\/wp-json\/wp\/v2\/tags?post=22161"}],"curies":[{"name":"wp","href":"https:\/\/api.w.org\/{rel}","templated":true}]}}