{"id":22158,"date":"2021-02-21T19:48:17","date_gmt":"2021-02-21T22:48:17","guid":{"rendered":"https:\/\/www.cidademarketing.com.br\/marketing\/?p=22158"},"modified":"2021-02-21T20:11:54","modified_gmt":"2021-02-21T23:11:54","slug":"governo-do-estado-amplia-horario-de-toque-de-recolher-e-inclui-novas-regioes","status":"publish","type":"post","link":"https:\/\/www.cidademarketing.com.br\/marketing\/2021\/02\/21\/governo-do-estado-amplia-horario-de-toque-de-recolher-e-inclui-novas-regioes\/","title":{"rendered":"Governo do Estado amplia hor\u00e1rio de toque de recolher e inclui novas regi\u00f5es"},"content":{"rendered":"\n<p>O Governo do Estado decidiu ampliar o hor\u00e1rio do toque de recolher, em grande parte da Bahia, devido ao aumento da ocupa\u00e7\u00e3o de leitos UTIs Covid-19, que atingiu a taxa de 80% neste domingo (21). O an\u00fancio foi feito pelo governador Rui Costa, por meio das redes sociais.<\/p>\n\n\n\n<p>A restri\u00e7\u00e3o na circula\u00e7\u00e3o de pessoas nas ruas passa a valer das 20h \u00e0s 5h e envolve 381 cidades baianas, at\u00e9 o pr\u00f3ximo dia 28 de fevereiro. A regi\u00e3o oeste \u00e9 a \u00fanica exce\u00e7\u00e3o.<\/p>\n\n\n\n<figure class=\"wp-block-embed is-type-rich is-provider-twitter wp-block-embed-twitter\"><div class=\"wp-block-embed__wrapper\">\n<blockquote class=\"twitter-tweet\" data-width=\"550\" data-dnt=\"true\"><p lang=\"pt\" dir=\"ltr\">Infelizmente, alcan\u00e7amos a marca de 80% de ocupa\u00e7\u00e3o dos leitos de UTI na <a href=\"https:\/\/twitter.com\/hashtag\/Bahia?src=hash&amp;ref_src=twsrc%5Etfw\">#Bahia<\/a> e a consequ\u00eancia ser\u00e1 a amplia\u00e7\u00e3o do hor\u00e1rio do toque de recolher. A partir desta segunda, dia 22, a restri\u00e7\u00e3o ser\u00e1 das 20h \u00e0s 5h. A regi\u00e3o Oeste ser\u00e1 a \u00fanica exce\u00e7\u00e3o na atualiza\u00e7\u00e3o do decreto.<\/p>&mdash; Rui Costa (@costa_rui) <a href=\"https:\/\/twitter.com\/costa_rui\/status\/1363572532285218822?ref_src=twsrc%5Etfw\">February 21, 2021<\/a><\/blockquote><script async src=\"https:\/\/platform.twitter.com\/widgets.js\" charset=\"utf-8\"><\/script>\n<\/div><\/figure>\n\n\n\n<p><\/p>\n\n\n\n<p>O atendimento presencial em bares, restaurantes, lojas de conveni\u00eancia e demais estabelecimentos similares que comercializem bebidas alc\u00f3olicas ser\u00e1 encerrado \u00e0s 18h. Apenas o delivery de alimentos fica permitido at\u00e9 as 23h. J\u00e1 o transporte metropolitano (\u00f4nibus, metr\u00f4, ferryboat e lanchinhas) pode funcionar at\u00e9 as 20h30.<\/p>\n\n\n\n<p>A atualiza\u00e7\u00e3o do decreto n\u00ba 20.233, que&nbsp;<a href=\"http:\/\/www.bahia.ba.gov.br\/2021\/02\/noticias\/governo\/com-15-mil-casos-ativos-de-covid-19-na-bahia-governador-decreta-toque-de-recolher-no-estado\/\" target=\"_blank\" rel=\"noreferrer noopener\">instituiu o toque de recolher<\/a>, ser\u00e1 publicada em edi\u00e7\u00e3o suplementar online do Di\u00e1rio Oficial do Estado (DOE) deste domingo (21). Conforme o decreto, no per\u00edodo das 20h \u00e0s 5h, \u00e9 permitido o deslocamento somente para ida a servi\u00e7os de sa\u00fade ou farm\u00e1cia, para compra de medicamentos, ou situa\u00e7\u00f5es em que fique comprovada a urg\u00eancia.<\/p>\n\n\n\n<p>N\u00e3o s\u00e3o alcan\u00e7ados pelo decreto os servi\u00e7os de limpeza p\u00fablica e manuten\u00e7\u00e3o urbana; os servi\u00e7os delivery de farm\u00e1cia e medicamentos; e as atividades profissionais de transporte privado de passageiros.<\/p>\n\n\n\n<h3 class=\"wp-block-heading\">Fiscaliza\u00e7\u00e3o<\/h3>\n\n\n\n<p><a href=\"http:\/\/www.bahia.ba.gov.br\/2021\/02\/noticias\/seguranca\/vinte-e-tres-pessoas-desrespeitam-toque-de-recolher-no-segundo-dia-da-medida\/\" target=\"_blank\" rel=\"noreferrer noopener\">Aqueles que descumprirem a medida podem ser autuados<\/a>&nbsp;nos artigos 268 (infringir determina\u00e7\u00e3o do poder p\u00fablico, destinada a impedir introdu\u00e7\u00e3o ou propaga\u00e7\u00e3o de doen\u00e7a contagiosa) e 330 (desobedecer a ordem legal de funcion\u00e1rio p\u00fablico) do C\u00f3digo Penal.<\/p>\n\n\n\n<p>A popula\u00e7\u00e3o pode contribuir com a fiscaliza\u00e7\u00e3o. Den\u00fancias para a Pol\u00edcia Militar da Bahia (PMBA) devem ser feitas pelo 190 ou (71) 3235-0000, na capital, e pelo 181, no interior do estado. A den\u00fancia \u00e9 an\u00f4nima.<\/p>\n\n\n\n<p>CidadeMarketing com informa\u00e7\u00f5es do Governo da Bahia.<\/p>\n","protected":false},"excerpt":{"rendered":"<p>O Governo do Estado decidiu ampliar o hor\u00e1rio do toque de recolher, em grande parte da Bahia, devido ao aumento da ocupa\u00e7\u00e3o de leitos UTIs Covid-19, que atingiu a taxa de 80% neste domingo (21). O an\u00fancio foi feito pelo governador Rui Costa, por meio das redes sociais. A restri\u00e7\u00e3o na circula\u00e7\u00e3o de pessoas nas [&hellip;]<\/p>\n","protected":false},"author":1,"featured_media":12965,"comment_status":"open","ping_status":"open","sticky":false,"template":"","format":"standard","meta":{"tdm_status":"","tdm_grid_status":"","footnotes":""},"categories":[6],"tags":[573,2864,28,572],"class_list":["post-22158","post","type-post","status-publish","format-standard","has-post-thumbnail","hentry","category-noticias","tag-bahia","tag-covid-19","tag-marketing","tag-salvador"],"yoast_head":"<!-- This site is optimized with the Yoast SEO plugin v27.4 - https:\/\/yoast.com\/product\/yoast-seo-wordpress\/ -->\n<title>Governo do Estado amplia hor\u00e1rio de toque de recolher e inclui novas regi\u00f5es - CidadeMarketing<\/title>\n<meta name=\"robots\" content=\"index, follow, max-snippet:-1, max-image-preview:large, max-video-preview:-1\" \/>\n<link rel=\"canonical\" href=\"https:\/\/www.cidademarketing.com.br\/marketing\/2021\/02\/21\/governo-do-estado-amplia-horario-de-toque-de-recolher-e-inclui-novas-regioes\/\" \/>\n<meta property=\"og:locale\" content=\"pt_BR\" \/>\n<meta property=\"og:type\" content=\"article\" \/>\n<meta property=\"og:title\" content=\"Governo do Estado amplia hor\u00e1rio de toque de recolher e inclui novas regi\u00f5es - CidadeMarketing\" \/>\n<meta property=\"og:description\" content=\"O Governo do Estado decidiu ampliar o hor\u00e1rio do toque de recolher, em grande parte da Bahia, devido ao aumento da ocupa\u00e7\u00e3o de leitos UTIs Covid-19, que atingiu a taxa de 80% neste domingo (21). O an\u00fancio foi feito pelo governador Rui Costa, por meio das redes sociais. A restri\u00e7\u00e3o na circula\u00e7\u00e3o de pessoas nas [&hellip;]\" \/>\n<meta property=\"og:url\" content=\"https:\/\/www.cidademarketing.com.br\/marketing\/2021\/02\/21\/governo-do-estado-amplia-horario-de-toque-de-recolher-e-inclui-novas-regioes\/\" \/>\n<meta property=\"og:site_name\" content=\"CidadeMarketing\" \/>\n<meta property=\"article:publisher\" content=\"https:\/\/www.facebook.com\/portalcidademarketing\" \/>\n<meta property=\"article:author\" content=\"https:\/\/www.facebook.com\/thalesbrandao\" \/>\n<meta property=\"article:published_time\" content=\"2021-02-21T22:48:17+00:00\" \/>\n<meta property=\"article:modified_time\" content=\"2021-02-21T23:11:54+00:00\" \/>\n<meta property=\"og:image\" content=\"https:\/\/www.cidademarketing.com.br\/marketing\/wp-content\/uploads\/2019\/12\/pelourinho_17-scaled.jpg\" \/>\n\t<meta property=\"og:image:width\" content=\"2560\" \/>\n\t<meta property=\"og:image:height\" content=\"1707\" \/>\n\t<meta property=\"og:image:type\" content=\"image\/jpeg\" \/>\n<meta name=\"author\" content=\"Thales Brand\u00e3o\" \/>\n<meta name=\"twitter:card\" content=\"summary_large_image\" \/>\n<meta name=\"twitter:creator\" content=\"@http:\/\/www.twitter.com\/thalesbrandao\" \/>\n<meta name=\"twitter:site\" content=\"@CidadeMarketing\" \/>\n<meta name=\"twitter:label1\" content=\"Escrito por\" \/>\n\t<meta name=\"twitter:data1\" content=\"Thales Brand\u00e3o\" \/>\n\t<meta name=\"twitter:label2\" content=\"Est. tempo de leitura\" \/>\n\t<meta name=\"twitter:data2\" content=\"2 minutos\" \/>\n<script type=\"application\/ld+json\" class=\"yoast-schema-graph\">{\"@context\":\"https:\\\/\\\/schema.org\",\"@graph\":[{\"@type\":\"Article\",\"@id\":\"https:\\\/\\\/www.cidademarketing.com.br\\\/marketing\\\/2021\\\/02\\\/21\\\/governo-do-estado-amplia-horario-de-toque-de-recolher-e-inclui-novas-regioes\\\/#article\",\"isPartOf\":{\"@id\":\"https:\\\/\\\/www.cidademarketing.com.br\\\/marketing\\\/2021\\\/02\\\/21\\\/governo-do-estado-amplia-horario-de-toque-de-recolher-e-inclui-novas-regioes\\\/\"},\"author\":{\"name\":\"Thales Brand\u00e3o\",\"@id\":\"https:\\\/\\\/www.cidademarketing.com.br\\\/marketing\\\/#\\\/schema\\\/person\\\/02daff9f18bd9378c9e01eb6b2db155f\"},\"headline\":\"Governo do Estado amplia hor\u00e1rio de toque de recolher e inclui novas regi\u00f5es\",\"datePublished\":\"2021-02-21T22:48:17+00:00\",\"dateModified\":\"2021-02-21T23:11:54+00:00\",\"mainEntityOfPage\":{\"@id\":\"https:\\\/\\\/www.cidademarketing.com.br\\\/marketing\\\/2021\\\/02\\\/21\\\/governo-do-estado-amplia-horario-de-toque-de-recolher-e-inclui-novas-regioes\\\/\"},\"wordCount\":350,\"commentCount\":0,\"publisher\":{\"@id\":\"https:\\\/\\\/www.cidademarketing.com.br\\\/marketing\\\/#organization\"},\"image\":{\"@id\":\"https:\\\/\\\/www.cidademarketing.com.br\\\/marketing\\\/2021\\\/02\\\/21\\\/governo-do-estado-amplia-horario-de-toque-de-recolher-e-inclui-novas-regioes\\\/#primaryimage\"},\"thumbnailUrl\":\"https:\\\/\\\/www.cidademarketing.com.br\\\/marketing\\\/wp-content\\\/uploads\\\/2019\\\/12\\\/pelourinho_17-scaled.jpg\",\"keywords\":[\"Bahia\",\"covid-19\",\"marketing\",\"Salvador\"],\"articleSection\":[\"Not\u00edcias\"],\"inLanguage\":\"pt-BR\",\"potentialAction\":[{\"@type\":\"CommentAction\",\"name\":\"Comment\",\"target\":[\"https:\\\/\\\/www.cidademarketing.com.br\\\/marketing\\\/2021\\\/02\\\/21\\\/governo-do-estado-amplia-horario-de-toque-de-recolher-e-inclui-novas-regioes\\\/#respond\"]}]},{\"@type\":\"WebPage\",\"@id\":\"https:\\\/\\\/www.cidademarketing.com.br\\\/marketing\\\/2021\\\/02\\\/21\\\/governo-do-estado-amplia-horario-de-toque-de-recolher-e-inclui-novas-regioes\\\/\",\"url\":\"https:\\\/\\\/www.cidademarketing.com.br\\\/marketing\\\/2021\\\/02\\\/21\\\/governo-do-estado-amplia-horario-de-toque-de-recolher-e-inclui-novas-regioes\\\/\",\"name\":\"Governo do Estado amplia hor\u00e1rio de toque de recolher e inclui novas regi\u00f5es - CidadeMarketing\",\"isPartOf\":{\"@id\":\"https:\\\/\\\/www.cidademarketing.com.br\\\/marketing\\\/#website\"},\"primaryImageOfPage\":{\"@id\":\"https:\\\/\\\/www.cidademarketing.com.br\\\/marketing\\\/2021\\\/02\\\/21\\\/governo-do-estado-amplia-horario-de-toque-de-recolher-e-inclui-novas-regioes\\\/#primaryimage\"},\"image\":{\"@id\":\"https:\\\/\\\/www.cidademarketing.com.br\\\/marketing\\\/2021\\\/02\\\/21\\\/governo-do-estado-amplia-horario-de-toque-de-recolher-e-inclui-novas-regioes\\\/#primaryimage\"},\"thumbnailUrl\":\"https:\\\/\\\/www.cidademarketing.com.br\\\/marketing\\\/wp-content\\\/uploads\\\/2019\\\/12\\\/pelourinho_17-scaled.jpg\",\"datePublished\":\"2021-02-21T22:48:17+00:00\",\"dateModified\":\"2021-02-21T23:11:54+00:00\",\"breadcrumb\":{\"@id\":\"https:\\\/\\\/www.cidademarketing.com.br\\\/marketing\\\/2021\\\/02\\\/21\\\/governo-do-estado-amplia-horario-de-toque-de-recolher-e-inclui-novas-regioes\\\/#breadcrumb\"},\"inLanguage\":\"pt-BR\",\"potentialAction\":[{\"@type\":\"ReadAction\",\"target\":[\"https:\\\/\\\/www.cidademarketing.com.br\\\/marketing\\\/2021\\\/02\\\/21\\\/governo-do-estado-amplia-horario-de-toque-de-recolher-e-inclui-novas-regioes\\\/\"]}]},{\"@type\":\"ImageObject\",\"inLanguage\":\"pt-BR\",\"@id\":\"https:\\\/\\\/www.cidademarketing.com.br\\\/marketing\\\/2021\\\/02\\\/21\\\/governo-do-estado-amplia-horario-de-toque-de-recolher-e-inclui-novas-regioes\\\/#primaryimage\",\"url\":\"https:\\\/\\\/www.cidademarketing.com.br\\\/marketing\\\/wp-content\\\/uploads\\\/2019\\\/12\\\/pelourinho_17-scaled.jpg\",\"contentUrl\":\"https:\\\/\\\/www.cidademarketing.com.br\\\/marketing\\\/wp-content\\\/uploads\\\/2019\\\/12\\\/pelourinho_17-scaled.jpg\",\"width\":2560,\"height\":1707,\"caption\":\"Fotografia: Thales Brand\u00e3o | Pelourinho\\\/Salvador-BA\"},{\"@type\":\"BreadcrumbList\",\"@id\":\"https:\\\/\\\/www.cidademarketing.com.br\\\/marketing\\\/2021\\\/02\\\/21\\\/governo-do-estado-amplia-horario-de-toque-de-recolher-e-inclui-novas-regioes\\\/#breadcrumb\",\"itemListElement\":[{\"@type\":\"ListItem\",\"position\":1,\"name\":\"In\u00edcio\",\"item\":\"https:\\\/\\\/www.cidademarketing.com.br\\\/marketing\\\/\"},{\"@type\":\"ListItem\",\"position\":2,\"name\":\"Governo do Estado amplia hor\u00e1rio de toque de recolher e inclui novas regi\u00f5es\"}]},{\"@type\":\"WebSite\",\"@id\":\"https:\\\/\\\/www.cidademarketing.com.br\\\/marketing\\\/#website\",\"url\":\"https:\\\/\\\/www.cidademarketing.com.br\\\/marketing\\\/\",\"name\":\"CidadeMarketing\",\"description\":\"Somos um ve\u00edculo de comunica\u00e7\u00e3o de destaque no Brasil, reconhecido por conte\u00fados nos segmentos de marketing, empreendedorismo e inova\u00e7\u00e3o.\",\"publisher\":{\"@id\":\"https:\\\/\\\/www.cidademarketing.com.br\\\/marketing\\\/#organization\"},\"alternateName\":\"CidadeMarketing\",\"potentialAction\":[{\"@type\":\"SearchAction\",\"target\":{\"@type\":\"EntryPoint\",\"urlTemplate\":\"https:\\\/\\\/www.cidademarketing.com.br\\\/marketing\\\/?s={search_term_string}\"},\"query-input\":{\"@type\":\"PropertyValueSpecification\",\"valueRequired\":true,\"valueName\":\"search_term_string\"}}],\"inLanguage\":\"pt-BR\"},{\"@type\":\"Organization\",\"@id\":\"https:\\\/\\\/www.cidademarketing.com.br\\\/marketing\\\/#organization\",\"name\":\"CidadeMarketing\",\"alternateName\":\"CidadeMarketing\",\"url\":\"https:\\\/\\\/www.cidademarketing.com.br\\\/marketing\\\/\",\"logo\":{\"@type\":\"ImageObject\",\"inLanguage\":\"pt-BR\",\"@id\":\"https:\\\/\\\/www.cidademarketing.com.br\\\/marketing\\\/#\\\/schema\\\/logo\\\/image\\\/\",\"url\":\"https:\\\/\\\/www.cidademarketing.com.br\\\/marketing\\\/wp-content\\\/uploads\\\/2020\\\/01\\\/cidademarketing_marca_mobile.png\",\"contentUrl\":\"https:\\\/\\\/www.cidademarketing.com.br\\\/marketing\\\/wp-content\\\/uploads\\\/2020\\\/01\\\/cidademarketing_marca_mobile.png\",\"width\":230,\"height\":92,\"caption\":\"CidadeMarketing\"},\"image\":{\"@id\":\"https:\\\/\\\/www.cidademarketing.com.br\\\/marketing\\\/#\\\/schema\\\/logo\\\/image\\\/\"},\"sameAs\":[\"https:\\\/\\\/www.facebook.com\\\/portalcidademarketing\",\"https:\\\/\\\/x.com\\\/CidadeMarketing\",\"https:\\\/\\\/www.instagram.com\\\/cidademarketing\\\/\"]},{\"@type\":\"Person\",\"@id\":\"https:\\\/\\\/www.cidademarketing.com.br\\\/marketing\\\/#\\\/schema\\\/person\\\/02daff9f18bd9378c9e01eb6b2db155f\",\"name\":\"Thales Brand\u00e3o\",\"image\":{\"@type\":\"ImageObject\",\"inLanguage\":\"pt-BR\",\"@id\":\"https:\\\/\\\/secure.gravatar.com\\\/avatar\\\/7ca3206950207cc3cb48feec56a8a7898741ab725c368d99d5d7a5a50aab80c6?s=96&d=mm&r=g\",\"url\":\"https:\\\/\\\/secure.gravatar.com\\\/avatar\\\/7ca3206950207cc3cb48feec56a8a7898741ab725c368d99d5d7a5a50aab80c6?s=96&d=mm&r=g\",\"contentUrl\":\"https:\\\/\\\/secure.gravatar.com\\\/avatar\\\/7ca3206950207cc3cb48feec56a8a7898741ab725c368d99d5d7a5a50aab80c6?s=96&d=mm&r=g\",\"caption\":\"Thales Brand\u00e3o\"},\"description\":\"Editor Executivo do Portal CidadeMarketing.com.br &gt; Mestre em Comunica\u00e7\u00e3o e Sociedade pela Universidade Federal de Sergipe. Possui MBA Executivo em Administra\u00e7\u00e3o com \u00eanfase em Marketing pela Funda\u00e7\u00e3o Get\u00falio Vargas - Rio de Janeiro. Consultor, Palestrante e Pesquisador sobre Empreendedorismo, Marketing, Redes Sociais e Neg\u00f3cios Digitais. Professor, Palestrante TedxTalks e Campus Party. Twitter: @ThalesBrandao\",\"sameAs\":[\"http:\\\/\\\/www.mandacaru.com.br\",\"https:\\\/\\\/www.facebook.com\\\/thalesbrandao\",\"http:\\\/\\\/www.instagram.com.br\\\/thalesbrandaoferreira\",\"https:\\\/\\\/www.linkedin.com\\\/in\\\/thales-brand\u00e3o-3948609\\\/\",\"https:\\\/\\\/x.com\\\/http:\\\/\\\/www.twitter.com\\\/thalesbrandao\"],\"url\":\"https:\\\/\\\/www.cidademarketing.com.br\\\/marketing\\\/author\\\/thalesbrandao\\\/\"}]}<\/script>\n<!-- \/ Yoast SEO plugin. -->","yoast_head_json":{"title":"Governo do Estado amplia hor\u00e1rio de toque de recolher e inclui novas regi\u00f5es - CidadeMarketing","robots":{"index":"index","follow":"follow","max-snippet":"max-snippet:-1","max-image-preview":"max-image-preview:large","max-video-preview":"max-video-preview:-1"},"canonical":"https:\/\/www.cidademarketing.com.br\/marketing\/2021\/02\/21\/governo-do-estado-amplia-horario-de-toque-de-recolher-e-inclui-novas-regioes\/","og_locale":"pt_BR","og_type":"article","og_title":"Governo do Estado amplia hor\u00e1rio de toque de recolher e inclui novas regi\u00f5es - CidadeMarketing","og_description":"O Governo do Estado decidiu ampliar o hor\u00e1rio do toque de recolher, em grande parte da Bahia, devido ao aumento da ocupa\u00e7\u00e3o de leitos UTIs Covid-19, que atingiu a taxa de 80% neste domingo (21). O an\u00fancio foi feito pelo governador Rui Costa, por meio das redes sociais. A restri\u00e7\u00e3o na circula\u00e7\u00e3o de pessoas nas [&hellip;]","og_url":"https:\/\/www.cidademarketing.com.br\/marketing\/2021\/02\/21\/governo-do-estado-amplia-horario-de-toque-de-recolher-e-inclui-novas-regioes\/","og_site_name":"CidadeMarketing","article_publisher":"https:\/\/www.facebook.com\/portalcidademarketing","article_author":"https:\/\/www.facebook.com\/thalesbrandao","article_published_time":"2021-02-21T22:48:17+00:00","article_modified_time":"2021-02-21T23:11:54+00:00","og_image":[{"width":2560,"height":1707,"url":"https:\/\/www.cidademarketing.com.br\/marketing\/wp-content\/uploads\/2019\/12\/pelourinho_17-scaled.jpg","type":"image\/jpeg"}],"author":"Thales Brand\u00e3o","twitter_card":"summary_large_image","twitter_creator":"@http:\/\/www.twitter.com\/thalesbrandao","twitter_site":"@CidadeMarketing","twitter_misc":{"Escrito por":"Thales Brand\u00e3o","Est. tempo de leitura":"2 minutos"},"schema":{"@context":"https:\/\/schema.org","@graph":[{"@type":"Article","@id":"https:\/\/www.cidademarketing.com.br\/marketing\/2021\/02\/21\/governo-do-estado-amplia-horario-de-toque-de-recolher-e-inclui-novas-regioes\/#article","isPartOf":{"@id":"https:\/\/www.cidademarketing.com.br\/marketing\/2021\/02\/21\/governo-do-estado-amplia-horario-de-toque-de-recolher-e-inclui-novas-regioes\/"},"author":{"name":"Thales Brand\u00e3o","@id":"https:\/\/www.cidademarketing.com.br\/marketing\/#\/schema\/person\/02daff9f18bd9378c9e01eb6b2db155f"},"headline":"Governo do Estado amplia hor\u00e1rio de toque de recolher e inclui novas regi\u00f5es","datePublished":"2021-02-21T22:48:17+00:00","dateModified":"2021-02-21T23:11:54+00:00","mainEntityOfPage":{"@id":"https:\/\/www.cidademarketing.com.br\/marketing\/2021\/02\/21\/governo-do-estado-amplia-horario-de-toque-de-recolher-e-inclui-novas-regioes\/"},"wordCount":350,"commentCount":0,"publisher":{"@id":"https:\/\/www.cidademarketing.com.br\/marketing\/#organization"},"image":{"@id":"https:\/\/www.cidademarketing.com.br\/marketing\/2021\/02\/21\/governo-do-estado-amplia-horario-de-toque-de-recolher-e-inclui-novas-regioes\/#primaryimage"},"thumbnailUrl":"https:\/\/www.cidademarketing.com.br\/marketing\/wp-content\/uploads\/2019\/12\/pelourinho_17-scaled.jpg","keywords":["Bahia","covid-19","marketing","Salvador"],"articleSection":["Not\u00edcias"],"inLanguage":"pt-BR","potentialAction":[{"@type":"CommentAction","name":"Comment","target":["https:\/\/www.cidademarketing.com.br\/marketing\/2021\/02\/21\/governo-do-estado-amplia-horario-de-toque-de-recolher-e-inclui-novas-regioes\/#respond"]}]},{"@type":"WebPage","@id":"https:\/\/www.cidademarketing.com.br\/marketing\/2021\/02\/21\/governo-do-estado-amplia-horario-de-toque-de-recolher-e-inclui-novas-regioes\/","url":"https:\/\/www.cidademarketing.com.br\/marketing\/2021\/02\/21\/governo-do-estado-amplia-horario-de-toque-de-recolher-e-inclui-novas-regioes\/","name":"Governo do Estado amplia hor\u00e1rio de toque de recolher e inclui novas regi\u00f5es - CidadeMarketing","isPartOf":{"@id":"https:\/\/www.cidademarketing.com.br\/marketing\/#website"},"primaryImageOfPage":{"@id":"https:\/\/www.cidademarketing.com.br\/marketing\/2021\/02\/21\/governo-do-estado-amplia-horario-de-toque-de-recolher-e-inclui-novas-regioes\/#primaryimage"},"image":{"@id":"https:\/\/www.cidademarketing.com.br\/marketing\/2021\/02\/21\/governo-do-estado-amplia-horario-de-toque-de-recolher-e-inclui-novas-regioes\/#primaryimage"},"thumbnailUrl":"https:\/\/www.cidademarketing.com.br\/marketing\/wp-content\/uploads\/2019\/12\/pelourinho_17-scaled.jpg","datePublished":"2021-02-21T22:48:17+00:00","dateModified":"2021-02-21T23:11:54+00:00","breadcrumb":{"@id":"https:\/\/www.cidademarketing.com.br\/marketing\/2021\/02\/21\/governo-do-estado-amplia-horario-de-toque-de-recolher-e-inclui-novas-regioes\/#breadcrumb"},"inLanguage":"pt-BR","potentialAction":[{"@type":"ReadAction","target":["https:\/\/www.cidademarketing.com.br\/marketing\/2021\/02\/21\/governo-do-estado-amplia-horario-de-toque-de-recolher-e-inclui-novas-regioes\/"]}]},{"@type":"ImageObject","inLanguage":"pt-BR","@id":"https:\/\/www.cidademarketing.com.br\/marketing\/2021\/02\/21\/governo-do-estado-amplia-horario-de-toque-de-recolher-e-inclui-novas-regioes\/#primaryimage","url":"https:\/\/www.cidademarketing.com.br\/marketing\/wp-content\/uploads\/2019\/12\/pelourinho_17-scaled.jpg","contentUrl":"https:\/\/www.cidademarketing.com.br\/marketing\/wp-content\/uploads\/2019\/12\/pelourinho_17-scaled.jpg","width":2560,"height":1707,"caption":"Fotografia: Thales Brand\u00e3o | Pelourinho\/Salvador-BA"},{"@type":"BreadcrumbList","@id":"https:\/\/www.cidademarketing.com.br\/marketing\/2021\/02\/21\/governo-do-estado-amplia-horario-de-toque-de-recolher-e-inclui-novas-regioes\/#breadcrumb","itemListElement":[{"@type":"ListItem","position":1,"name":"In\u00edcio","item":"https:\/\/www.cidademarketing.com.br\/marketing\/"},{"@type":"ListItem","position":2,"name":"Governo do Estado amplia hor\u00e1rio de toque de recolher e inclui novas regi\u00f5es"}]},{"@type":"WebSite","@id":"https:\/\/www.cidademarketing.com.br\/marketing\/#website","url":"https:\/\/www.cidademarketing.com.br\/marketing\/","name":"CidadeMarketing","description":"Somos um ve\u00edculo de comunica\u00e7\u00e3o de destaque no Brasil, reconhecido por conte\u00fados nos segmentos de marketing, empreendedorismo e inova\u00e7\u00e3o.","publisher":{"@id":"https:\/\/www.cidademarketing.com.br\/marketing\/#organization"},"alternateName":"CidadeMarketing","potentialAction":[{"@type":"SearchAction","target":{"@type":"EntryPoint","urlTemplate":"https:\/\/www.cidademarketing.com.br\/marketing\/?s={search_term_string}"},"query-input":{"@type":"PropertyValueSpecification","valueRequired":true,"valueName":"search_term_string"}}],"inLanguage":"pt-BR"},{"@type":"Organization","@id":"https:\/\/www.cidademarketing.com.br\/marketing\/#organization","name":"CidadeMarketing","alternateName":"CidadeMarketing","url":"https:\/\/www.cidademarketing.com.br\/marketing\/","logo":{"@type":"ImageObject","inLanguage":"pt-BR","@id":"https:\/\/www.cidademarketing.com.br\/marketing\/#\/schema\/logo\/image\/","url":"https:\/\/www.cidademarketing.com.br\/marketing\/wp-content\/uploads\/2020\/01\/cidademarketing_marca_mobile.png","contentUrl":"https:\/\/www.cidademarketing.com.br\/marketing\/wp-content\/uploads\/2020\/01\/cidademarketing_marca_mobile.png","width":230,"height":92,"caption":"CidadeMarketing"},"image":{"@id":"https:\/\/www.cidademarketing.com.br\/marketing\/#\/schema\/logo\/image\/"},"sameAs":["https:\/\/www.facebook.com\/portalcidademarketing","https:\/\/x.com\/CidadeMarketing","https:\/\/www.instagram.com\/cidademarketing\/"]},{"@type":"Person","@id":"https:\/\/www.cidademarketing.com.br\/marketing\/#\/schema\/person\/02daff9f18bd9378c9e01eb6b2db155f","name":"Thales Brand\u00e3o","image":{"@type":"ImageObject","inLanguage":"pt-BR","@id":"https:\/\/secure.gravatar.com\/avatar\/7ca3206950207cc3cb48feec56a8a7898741ab725c368d99d5d7a5a50aab80c6?s=96&d=mm&r=g","url":"https:\/\/secure.gravatar.com\/avatar\/7ca3206950207cc3cb48feec56a8a7898741ab725c368d99d5d7a5a50aab80c6?s=96&d=mm&r=g","contentUrl":"https:\/\/secure.gravatar.com\/avatar\/7ca3206950207cc3cb48feec56a8a7898741ab725c368d99d5d7a5a50aab80c6?s=96&d=mm&r=g","caption":"Thales Brand\u00e3o"},"description":"Editor Executivo do Portal CidadeMarketing.com.br &gt; Mestre em Comunica\u00e7\u00e3o e Sociedade pela Universidade Federal de Sergipe. Possui MBA Executivo em Administra\u00e7\u00e3o com \u00eanfase em Marketing pela Funda\u00e7\u00e3o Get\u00falio Vargas - Rio de Janeiro. Consultor, Palestrante e Pesquisador sobre Empreendedorismo, Marketing, Redes Sociais e Neg\u00f3cios Digitais. Professor, Palestrante TedxTalks e Campus Party. Twitter: @ThalesBrandao","sameAs":["http:\/\/www.mandacaru.com.br","https:\/\/www.facebook.com\/thalesbrandao","http:\/\/www.instagram.com.br\/thalesbrandaoferreira","https:\/\/www.linkedin.com\/in\/thales-brand\u00e3o-3948609\/","https:\/\/x.com\/http:\/\/www.twitter.com\/thalesbrandao"],"url":"https:\/\/www.cidademarketing.com.br\/marketing\/author\/thalesbrandao\/"}]}},"amp_enabled":true,"_links":{"self":[{"href":"https:\/\/www.cidademarketing.com.br\/marketing\/wp-json\/wp\/v2\/posts\/22158","targetHints":{"allow":["GET"]}}],"collection":[{"href":"https:\/\/www.cidademarketing.com.br\/marketing\/wp-json\/wp\/v2\/posts"}],"about":[{"href":"https:\/\/www.cidademarketing.com.br\/marketing\/wp-json\/wp\/v2\/types\/post"}],"author":[{"embeddable":true,"href":"https:\/\/www.cidademarketing.com.br\/marketing\/wp-json\/wp\/v2\/users\/1"}],"replies":[{"embeddable":true,"href":"https:\/\/www.cidademarketing.com.br\/marketing\/wp-json\/wp\/v2\/comments?post=22158"}],"version-history":[{"count":2,"href":"https:\/\/www.cidademarketing.com.br\/marketing\/wp-json\/wp\/v2\/posts\/22158\/revisions"}],"predecessor-version":[{"id":22160,"href":"https:\/\/www.cidademarketing.com.br\/marketing\/wp-json\/wp\/v2\/posts\/22158\/revisions\/22160"}],"wp:featuredmedia":[{"embeddable":true,"href":"https:\/\/www.cidademarketing.com.br\/marketing\/wp-json\/wp\/v2\/media\/12965"}],"wp:attachment":[{"href":"https:\/\/www.cidademarketing.com.br\/marketing\/wp-json\/wp\/v2\/media?parent=22158"}],"wp:term":[{"taxonomy":"category","embeddable":true,"href":"https:\/\/www.cidademarketing.com.br\/marketing\/wp-json\/wp\/v2\/categories?post=22158"},{"taxonomy":"post_tag","embeddable":true,"href":"https:\/\/www.cidademarketing.com.br\/marketing\/wp-json\/wp\/v2\/tags?post=22158"}],"curies":[{"name":"wp","href":"https:\/\/api.w.org\/{rel}","templated":true}]}}