{"id":22102,"date":"2021-02-16T23:49:15","date_gmt":"2021-02-17T02:49:15","guid":{"rendered":"https:\/\/www.cidademarketing.com.br\/marketing\/?p=22102"},"modified":"2021-02-16T23:49:19","modified_gmt":"2021-02-17T02:49:19","slug":"com-15-mil-casos-ativos-de-covid-19-na-bahia-governo-decreta-toque-de-recolher-no-estado","status":"publish","type":"post","link":"https:\/\/www.cidademarketing.com.br\/marketing\/2021\/02\/16\/com-15-mil-casos-ativos-de-covid-19-na-bahia-governo-decreta-toque-de-recolher-no-estado\/","title":{"rendered":"Com 15 mil casos ativos de covid-19 na Bahia, governo decreta toque de recolher no estado"},"content":{"rendered":"\n<p>A partir desta sexta-feira (19), ficar\u00e1 restrita a circula\u00e7\u00e3o de pessoas nas ruas e o funcionamento de servi\u00e7os n\u00e3o essenciais ap\u00f3s as 22h em grande parte da Bahia, exceto nas regi\u00f5es oeste, de Irec\u00ea e de Jacobina, que apresentam os tr\u00eas menores \u00edndices de ocupa\u00e7\u00e3o de leitos de UTI para Covid-19.<\/p>\n\n\n\n<p>O an\u00fancio foi feito pelo governador Rui Costa, nesta ter\u00e7a-feira (16), em mais uma reuni\u00e3o com membros da Uni\u00e3o dos Munic\u00edpios da Bahia (UPB), prefeitos e t\u00e9cnicos das secretarias estaduais da Educa\u00e7\u00e3o e da Sa\u00fade.<\/p>\n\n\n\n<p>A restri\u00e7\u00e3o compreender\u00e1 o per\u00edodo das 22h \u00e0s 5h. \u201cO decreto que ser\u00e1 publicado nesta quarta-feira (17) ir\u00e1 valer por sete dias e pro\u00edbe atividades comerciais n\u00e3o essenciais. \u00c9 uma medida que precisamos tomar para conter as taxas de cont\u00e1gios e o n\u00famero de casos ativos que hoje ultrapassam 15 mil. \u00c9 uma forma de conter o avan\u00e7o desse n\u00famero alarmante que, se continuar crescendo, ir\u00e1 levar ao total colapso do sistema de sa\u00fade\u201d, declarou o governador.<\/p>\n\n\n\n<p>Rui afirmou ainda que, para a volta \u00e0s aulas, tr\u00eas crit\u00e9rios precisam ser obedecidos: a redu\u00e7\u00e3o do n\u00famero de casos ativos, a diminui\u00e7\u00e3o do n\u00famero de \u00f3bitos e a queda das taxas de ocupa\u00e7\u00e3o de leitos. \u201cDefinimos que esses crit\u00e9rios s\u00e3o os requisitos m\u00ednimos necess\u00e1rios para que possamos ter um retorno sem colocar em risco a vida de nossos professores, pais, alunos e todos os seus familiares\u201d, concluiu.<\/p>\n\n\n\n<p>A declara\u00e7\u00e3o do governador seguiu uma apresenta\u00e7\u00e3o de t\u00e9cnicos da Sesab mostrando que a Bahia alcan\u00e7ou uma taxa de 74% de ocupa\u00e7\u00e3o dos leitos de UTI dedicados para atender pacientes com casos mais graves de Covid-19. \u201cOs dados indicam um risco real de colapso do sistema de sa\u00fade e consequente aumento na mortalidade. Nesse momento, apenas medidas de distanciamento social mais severas minimizar\u00e3o as altas taxas de transmiss\u00e3o do v\u00edrus\u201d, explicou o secret\u00e1rio da Sa\u00fade, F\u00e1bio Vilas-Boas.<\/p>\n\n\n\n<p>CidadeMarketing com informa\u00e7\u00f5es do Governo da Bahia.<\/p>\n","protected":false},"excerpt":{"rendered":"<p>A partir desta sexta-feira (19), ficar\u00e1 restrita a circula\u00e7\u00e3o de pessoas nas ruas e o funcionamento de servi\u00e7os n\u00e3o essenciais ap\u00f3s as 22h em grande parte da Bahia, exceto nas regi\u00f5es oeste, de Irec\u00ea e de Jacobina, que apresentam os tr\u00eas menores \u00edndices de ocupa\u00e7\u00e3o de leitos de UTI para Covid-19. O an\u00fancio foi feito [&hellip;]<\/p>\n","protected":false},"author":1,"featured_media":18437,"comment_status":"open","ping_status":"open","sticky":false,"template":"","format":"standard","meta":{"tdm_status":"","tdm_grid_status":"","footnotes":""},"categories":[6],"tags":[573,2737,2864,28],"class_list":["post-22102","post","type-post","status-publish","format-standard","has-post-thumbnail","hentry","category-noticias","tag-bahia","tag-coronavirus","tag-covid-19","tag-marketing"],"yoast_head":"<!-- This site is optimized with the Yoast SEO plugin v27.5 - https:\/\/yoast.com\/product\/yoast-seo-wordpress\/ -->\n<title>Com 15 mil casos ativos de covid-19 na Bahia, governo decreta toque de recolher no estado - CidadeMarketing<\/title>\n<meta name=\"robots\" content=\"index, follow, max-snippet:-1, max-image-preview:large, max-video-preview:-1\" \/>\n<link rel=\"canonical\" href=\"https:\/\/www.cidademarketing.com.br\/marketing\/2021\/02\/16\/com-15-mil-casos-ativos-de-covid-19-na-bahia-governo-decreta-toque-de-recolher-no-estado\/\" \/>\n<meta property=\"og:locale\" content=\"pt_BR\" \/>\n<meta property=\"og:type\" content=\"article\" \/>\n<meta property=\"og:title\" content=\"Com 15 mil casos ativos de covid-19 na Bahia, governo decreta toque de recolher no estado - CidadeMarketing\" \/>\n<meta property=\"og:description\" content=\"A partir desta sexta-feira (19), ficar\u00e1 restrita a circula\u00e7\u00e3o de pessoas nas ruas e o funcionamento de servi\u00e7os n\u00e3o essenciais ap\u00f3s as 22h em grande parte da Bahia, exceto nas regi\u00f5es oeste, de Irec\u00ea e de Jacobina, que apresentam os tr\u00eas menores \u00edndices de ocupa\u00e7\u00e3o de leitos de UTI para Covid-19. O an\u00fancio foi feito [&hellip;]\" \/>\n<meta property=\"og:url\" content=\"https:\/\/www.cidademarketing.com.br\/marketing\/2021\/02\/16\/com-15-mil-casos-ativos-de-covid-19-na-bahia-governo-decreta-toque-de-recolher-no-estado\/\" \/>\n<meta property=\"og:site_name\" content=\"CidadeMarketing\" \/>\n<meta property=\"article:publisher\" content=\"https:\/\/www.facebook.com\/portalcidademarketing\" \/>\n<meta property=\"article:author\" content=\"https:\/\/www.facebook.com\/thalesbrandao\" \/>\n<meta property=\"article:published_time\" content=\"2021-02-17T02:49:15+00:00\" \/>\n<meta property=\"article:modified_time\" content=\"2021-02-17T02:49:19+00:00\" \/>\n<meta property=\"og:image\" content=\"https:\/\/www.cidademarketing.com.br\/marketing\/wp-content\/uploads\/2020\/08\/pelourinho_thalesbrandao-2-scaled.jpg\" \/>\n\t<meta property=\"og:image:width\" content=\"2560\" \/>\n\t<meta property=\"og:image:height\" content=\"1707\" \/>\n\t<meta property=\"og:image:type\" content=\"image\/jpeg\" \/>\n<meta name=\"author\" content=\"Thales Brand\u00e3o\" \/>\n<meta name=\"twitter:card\" content=\"summary_large_image\" \/>\n<meta name=\"twitter:creator\" content=\"@http:\/\/www.twitter.com\/thalesbrandao\" \/>\n<meta name=\"twitter:site\" content=\"@CidadeMarketing\" \/>\n<meta name=\"twitter:label1\" content=\"Escrito por\" \/>\n\t<meta name=\"twitter:data1\" content=\"Thales Brand\u00e3o\" \/>\n\t<meta name=\"twitter:label2\" content=\"Est. tempo de leitura\" \/>\n\t<meta name=\"twitter:data2\" content=\"2 minutos\" \/>\n<script type=\"application\/ld+json\" class=\"yoast-schema-graph\">{\"@context\":\"https:\\\/\\\/schema.org\",\"@graph\":[{\"@type\":\"Article\",\"@id\":\"https:\\\/\\\/www.cidademarketing.com.br\\\/marketing\\\/2021\\\/02\\\/16\\\/com-15-mil-casos-ativos-de-covid-19-na-bahia-governo-decreta-toque-de-recolher-no-estado\\\/#article\",\"isPartOf\":{\"@id\":\"https:\\\/\\\/www.cidademarketing.com.br\\\/marketing\\\/2021\\\/02\\\/16\\\/com-15-mil-casos-ativos-de-covid-19-na-bahia-governo-decreta-toque-de-recolher-no-estado\\\/\"},\"author\":{\"name\":\"Thales Brand\u00e3o\",\"@id\":\"https:\\\/\\\/www.cidademarketing.com.br\\\/marketing\\\/#\\\/schema\\\/person\\\/02daff9f18bd9378c9e01eb6b2db155f\"},\"headline\":\"Com 15 mil casos ativos de covid-19 na Bahia, governo decreta toque de recolher no estado\",\"datePublished\":\"2021-02-17T02:49:15+00:00\",\"dateModified\":\"2021-02-17T02:49:19+00:00\",\"mainEntityOfPage\":{\"@id\":\"https:\\\/\\\/www.cidademarketing.com.br\\\/marketing\\\/2021\\\/02\\\/16\\\/com-15-mil-casos-ativos-de-covid-19-na-bahia-governo-decreta-toque-de-recolher-no-estado\\\/\"},\"wordCount\":371,\"commentCount\":0,\"publisher\":{\"@id\":\"https:\\\/\\\/www.cidademarketing.com.br\\\/marketing\\\/#organization\"},\"image\":{\"@id\":\"https:\\\/\\\/www.cidademarketing.com.br\\\/marketing\\\/2021\\\/02\\\/16\\\/com-15-mil-casos-ativos-de-covid-19-na-bahia-governo-decreta-toque-de-recolher-no-estado\\\/#primaryimage\"},\"thumbnailUrl\":\"https:\\\/\\\/www.cidademarketing.com.br\\\/marketing\\\/wp-content\\\/uploads\\\/2020\\\/08\\\/pelourinho_thalesbrandao-2-scaled.jpg\",\"keywords\":[\"Bahia\",\"coronav\u00edrus\",\"covid-19\",\"marketing\"],\"articleSection\":[\"Not\u00edcias\"],\"inLanguage\":\"pt-BR\",\"potentialAction\":[{\"@type\":\"CommentAction\",\"name\":\"Comment\",\"target\":[\"https:\\\/\\\/www.cidademarketing.com.br\\\/marketing\\\/2021\\\/02\\\/16\\\/com-15-mil-casos-ativos-de-covid-19-na-bahia-governo-decreta-toque-de-recolher-no-estado\\\/#respond\"]}]},{\"@type\":\"WebPage\",\"@id\":\"https:\\\/\\\/www.cidademarketing.com.br\\\/marketing\\\/2021\\\/02\\\/16\\\/com-15-mil-casos-ativos-de-covid-19-na-bahia-governo-decreta-toque-de-recolher-no-estado\\\/\",\"url\":\"https:\\\/\\\/www.cidademarketing.com.br\\\/marketing\\\/2021\\\/02\\\/16\\\/com-15-mil-casos-ativos-de-covid-19-na-bahia-governo-decreta-toque-de-recolher-no-estado\\\/\",\"name\":\"Com 15 mil casos ativos de covid-19 na Bahia, governo decreta toque de recolher no estado - CidadeMarketing\",\"isPartOf\":{\"@id\":\"https:\\\/\\\/www.cidademarketing.com.br\\\/marketing\\\/#website\"},\"primaryImageOfPage\":{\"@id\":\"https:\\\/\\\/www.cidademarketing.com.br\\\/marketing\\\/2021\\\/02\\\/16\\\/com-15-mil-casos-ativos-de-covid-19-na-bahia-governo-decreta-toque-de-recolher-no-estado\\\/#primaryimage\"},\"image\":{\"@id\":\"https:\\\/\\\/www.cidademarketing.com.br\\\/marketing\\\/2021\\\/02\\\/16\\\/com-15-mil-casos-ativos-de-covid-19-na-bahia-governo-decreta-toque-de-recolher-no-estado\\\/#primaryimage\"},\"thumbnailUrl\":\"https:\\\/\\\/www.cidademarketing.com.br\\\/marketing\\\/wp-content\\\/uploads\\\/2020\\\/08\\\/pelourinho_thalesbrandao-2-scaled.jpg\",\"datePublished\":\"2021-02-17T02:49:15+00:00\",\"dateModified\":\"2021-02-17T02:49:19+00:00\",\"breadcrumb\":{\"@id\":\"https:\\\/\\\/www.cidademarketing.com.br\\\/marketing\\\/2021\\\/02\\\/16\\\/com-15-mil-casos-ativos-de-covid-19-na-bahia-governo-decreta-toque-de-recolher-no-estado\\\/#breadcrumb\"},\"inLanguage\":\"pt-BR\",\"potentialAction\":[{\"@type\":\"ReadAction\",\"target\":[\"https:\\\/\\\/www.cidademarketing.com.br\\\/marketing\\\/2021\\\/02\\\/16\\\/com-15-mil-casos-ativos-de-covid-19-na-bahia-governo-decreta-toque-de-recolher-no-estado\\\/\"]}]},{\"@type\":\"ImageObject\",\"inLanguage\":\"pt-BR\",\"@id\":\"https:\\\/\\\/www.cidademarketing.com.br\\\/marketing\\\/2021\\\/02\\\/16\\\/com-15-mil-casos-ativos-de-covid-19-na-bahia-governo-decreta-toque-de-recolher-no-estado\\\/#primaryimage\",\"url\":\"https:\\\/\\\/www.cidademarketing.com.br\\\/marketing\\\/wp-content\\\/uploads\\\/2020\\\/08\\\/pelourinho_thalesbrandao-2-scaled.jpg\",\"contentUrl\":\"https:\\\/\\\/www.cidademarketing.com.br\\\/marketing\\\/wp-content\\\/uploads\\\/2020\\\/08\\\/pelourinho_thalesbrandao-2-scaled.jpg\",\"width\":2560,\"height\":1707,\"caption\":\"Foto: Thales Brand\u00e3o. Pelourinho - Salvador - Bahia\"},{\"@type\":\"BreadcrumbList\",\"@id\":\"https:\\\/\\\/www.cidademarketing.com.br\\\/marketing\\\/2021\\\/02\\\/16\\\/com-15-mil-casos-ativos-de-covid-19-na-bahia-governo-decreta-toque-de-recolher-no-estado\\\/#breadcrumb\",\"itemListElement\":[{\"@type\":\"ListItem\",\"position\":1,\"name\":\"In\u00edcio\",\"item\":\"https:\\\/\\\/www.cidademarketing.com.br\\\/marketing\\\/\"},{\"@type\":\"ListItem\",\"position\":2,\"name\":\"Com 15 mil casos ativos de covid-19 na Bahia, governo decreta toque de recolher no estado\"}]},{\"@type\":\"WebSite\",\"@id\":\"https:\\\/\\\/www.cidademarketing.com.br\\\/marketing\\\/#website\",\"url\":\"https:\\\/\\\/www.cidademarketing.com.br\\\/marketing\\\/\",\"name\":\"CidadeMarketing\",\"description\":\"Somos um ve\u00edculo de comunica\u00e7\u00e3o de destaque no Brasil, reconhecido por conte\u00fados nos segmentos de marketing, empreendedorismo e inova\u00e7\u00e3o.\",\"publisher\":{\"@id\":\"https:\\\/\\\/www.cidademarketing.com.br\\\/marketing\\\/#organization\"},\"alternateName\":\"CidadeMarketing\",\"potentialAction\":[{\"@type\":\"SearchAction\",\"target\":{\"@type\":\"EntryPoint\",\"urlTemplate\":\"https:\\\/\\\/www.cidademarketing.com.br\\\/marketing\\\/?s={search_term_string}\"},\"query-input\":{\"@type\":\"PropertyValueSpecification\",\"valueRequired\":true,\"valueName\":\"search_term_string\"}}],\"inLanguage\":\"pt-BR\"},{\"@type\":\"Organization\",\"@id\":\"https:\\\/\\\/www.cidademarketing.com.br\\\/marketing\\\/#organization\",\"name\":\"CidadeMarketing\",\"alternateName\":\"CidadeMarketing\",\"url\":\"https:\\\/\\\/www.cidademarketing.com.br\\\/marketing\\\/\",\"logo\":{\"@type\":\"ImageObject\",\"inLanguage\":\"pt-BR\",\"@id\":\"https:\\\/\\\/www.cidademarketing.com.br\\\/marketing\\\/#\\\/schema\\\/logo\\\/image\\\/\",\"url\":\"https:\\\/\\\/www.cidademarketing.com.br\\\/marketing\\\/wp-content\\\/uploads\\\/2020\\\/01\\\/cidademarketing_marca_mobile.png\",\"contentUrl\":\"https:\\\/\\\/www.cidademarketing.com.br\\\/marketing\\\/wp-content\\\/uploads\\\/2020\\\/01\\\/cidademarketing_marca_mobile.png\",\"width\":230,\"height\":92,\"caption\":\"CidadeMarketing\"},\"image\":{\"@id\":\"https:\\\/\\\/www.cidademarketing.com.br\\\/marketing\\\/#\\\/schema\\\/logo\\\/image\\\/\"},\"sameAs\":[\"https:\\\/\\\/www.facebook.com\\\/portalcidademarketing\",\"https:\\\/\\\/x.com\\\/CidadeMarketing\",\"https:\\\/\\\/www.instagram.com\\\/cidademarketing\\\/\"]},{\"@type\":\"Person\",\"@id\":\"https:\\\/\\\/www.cidademarketing.com.br\\\/marketing\\\/#\\\/schema\\\/person\\\/02daff9f18bd9378c9e01eb6b2db155f\",\"name\":\"Thales Brand\u00e3o\",\"image\":{\"@type\":\"ImageObject\",\"inLanguage\":\"pt-BR\",\"@id\":\"https:\\\/\\\/secure.gravatar.com\\\/avatar\\\/7ca3206950207cc3cb48feec56a8a7898741ab725c368d99d5d7a5a50aab80c6?s=96&d=mm&r=g\",\"url\":\"https:\\\/\\\/secure.gravatar.com\\\/avatar\\\/7ca3206950207cc3cb48feec56a8a7898741ab725c368d99d5d7a5a50aab80c6?s=96&d=mm&r=g\",\"contentUrl\":\"https:\\\/\\\/secure.gravatar.com\\\/avatar\\\/7ca3206950207cc3cb48feec56a8a7898741ab725c368d99d5d7a5a50aab80c6?s=96&d=mm&r=g\",\"caption\":\"Thales Brand\u00e3o\"},\"description\":\"Editor Executivo do Portal CidadeMarketing.com.br &gt; Mestre em Comunica\u00e7\u00e3o e Sociedade pela Universidade Federal de Sergipe. Possui MBA Executivo em Administra\u00e7\u00e3o com \u00eanfase em Marketing pela Funda\u00e7\u00e3o Get\u00falio Vargas - Rio de Janeiro. Consultor, Palestrante e Pesquisador sobre Empreendedorismo, Marketing, Redes Sociais e Neg\u00f3cios Digitais. Professor, Palestrante TedxTalks e Campus Party. Twitter: @ThalesBrandao\",\"sameAs\":[\"http:\\\/\\\/www.mandacaru.com.br\",\"https:\\\/\\\/www.facebook.com\\\/thalesbrandao\",\"http:\\\/\\\/www.instagram.com.br\\\/thalesbrandaoferreira\",\"https:\\\/\\\/www.linkedin.com\\\/in\\\/thales-brand\u00e3o-3948609\\\/\",\"https:\\\/\\\/x.com\\\/http:\\\/\\\/www.twitter.com\\\/thalesbrandao\"],\"url\":\"https:\\\/\\\/www.cidademarketing.com.br\\\/marketing\\\/author\\\/thalesbrandao\\\/\"}]}<\/script>\n<!-- \/ Yoast SEO plugin. -->","yoast_head_json":{"title":"Com 15 mil casos ativos de covid-19 na Bahia, governo decreta toque de recolher no estado - CidadeMarketing","robots":{"index":"index","follow":"follow","max-snippet":"max-snippet:-1","max-image-preview":"max-image-preview:large","max-video-preview":"max-video-preview:-1"},"canonical":"https:\/\/www.cidademarketing.com.br\/marketing\/2021\/02\/16\/com-15-mil-casos-ativos-de-covid-19-na-bahia-governo-decreta-toque-de-recolher-no-estado\/","og_locale":"pt_BR","og_type":"article","og_title":"Com 15 mil casos ativos de covid-19 na Bahia, governo decreta toque de recolher no estado - CidadeMarketing","og_description":"A partir desta sexta-feira (19), ficar\u00e1 restrita a circula\u00e7\u00e3o de pessoas nas ruas e o funcionamento de servi\u00e7os n\u00e3o essenciais ap\u00f3s as 22h em grande parte da Bahia, exceto nas regi\u00f5es oeste, de Irec\u00ea e de Jacobina, que apresentam os tr\u00eas menores \u00edndices de ocupa\u00e7\u00e3o de leitos de UTI para Covid-19. O an\u00fancio foi feito [&hellip;]","og_url":"https:\/\/www.cidademarketing.com.br\/marketing\/2021\/02\/16\/com-15-mil-casos-ativos-de-covid-19-na-bahia-governo-decreta-toque-de-recolher-no-estado\/","og_site_name":"CidadeMarketing","article_publisher":"https:\/\/www.facebook.com\/portalcidademarketing","article_author":"https:\/\/www.facebook.com\/thalesbrandao","article_published_time":"2021-02-17T02:49:15+00:00","article_modified_time":"2021-02-17T02:49:19+00:00","og_image":[{"width":2560,"height":1707,"url":"https:\/\/www.cidademarketing.com.br\/marketing\/wp-content\/uploads\/2020\/08\/pelourinho_thalesbrandao-2-scaled.jpg","type":"image\/jpeg"}],"author":"Thales Brand\u00e3o","twitter_card":"summary_large_image","twitter_creator":"@http:\/\/www.twitter.com\/thalesbrandao","twitter_site":"@CidadeMarketing","twitter_misc":{"Escrito por":"Thales Brand\u00e3o","Est. tempo de leitura":"2 minutos"},"schema":{"@context":"https:\/\/schema.org","@graph":[{"@type":"Article","@id":"https:\/\/www.cidademarketing.com.br\/marketing\/2021\/02\/16\/com-15-mil-casos-ativos-de-covid-19-na-bahia-governo-decreta-toque-de-recolher-no-estado\/#article","isPartOf":{"@id":"https:\/\/www.cidademarketing.com.br\/marketing\/2021\/02\/16\/com-15-mil-casos-ativos-de-covid-19-na-bahia-governo-decreta-toque-de-recolher-no-estado\/"},"author":{"name":"Thales Brand\u00e3o","@id":"https:\/\/www.cidademarketing.com.br\/marketing\/#\/schema\/person\/02daff9f18bd9378c9e01eb6b2db155f"},"headline":"Com 15 mil casos ativos de covid-19 na Bahia, governo decreta toque de recolher no estado","datePublished":"2021-02-17T02:49:15+00:00","dateModified":"2021-02-17T02:49:19+00:00","mainEntityOfPage":{"@id":"https:\/\/www.cidademarketing.com.br\/marketing\/2021\/02\/16\/com-15-mil-casos-ativos-de-covid-19-na-bahia-governo-decreta-toque-de-recolher-no-estado\/"},"wordCount":371,"commentCount":0,"publisher":{"@id":"https:\/\/www.cidademarketing.com.br\/marketing\/#organization"},"image":{"@id":"https:\/\/www.cidademarketing.com.br\/marketing\/2021\/02\/16\/com-15-mil-casos-ativos-de-covid-19-na-bahia-governo-decreta-toque-de-recolher-no-estado\/#primaryimage"},"thumbnailUrl":"https:\/\/www.cidademarketing.com.br\/marketing\/wp-content\/uploads\/2020\/08\/pelourinho_thalesbrandao-2-scaled.jpg","keywords":["Bahia","coronav\u00edrus","covid-19","marketing"],"articleSection":["Not\u00edcias"],"inLanguage":"pt-BR","potentialAction":[{"@type":"CommentAction","name":"Comment","target":["https:\/\/www.cidademarketing.com.br\/marketing\/2021\/02\/16\/com-15-mil-casos-ativos-de-covid-19-na-bahia-governo-decreta-toque-de-recolher-no-estado\/#respond"]}]},{"@type":"WebPage","@id":"https:\/\/www.cidademarketing.com.br\/marketing\/2021\/02\/16\/com-15-mil-casos-ativos-de-covid-19-na-bahia-governo-decreta-toque-de-recolher-no-estado\/","url":"https:\/\/www.cidademarketing.com.br\/marketing\/2021\/02\/16\/com-15-mil-casos-ativos-de-covid-19-na-bahia-governo-decreta-toque-de-recolher-no-estado\/","name":"Com 15 mil casos ativos de covid-19 na Bahia, governo decreta toque de recolher no estado - CidadeMarketing","isPartOf":{"@id":"https:\/\/www.cidademarketing.com.br\/marketing\/#website"},"primaryImageOfPage":{"@id":"https:\/\/www.cidademarketing.com.br\/marketing\/2021\/02\/16\/com-15-mil-casos-ativos-de-covid-19-na-bahia-governo-decreta-toque-de-recolher-no-estado\/#primaryimage"},"image":{"@id":"https:\/\/www.cidademarketing.com.br\/marketing\/2021\/02\/16\/com-15-mil-casos-ativos-de-covid-19-na-bahia-governo-decreta-toque-de-recolher-no-estado\/#primaryimage"},"thumbnailUrl":"https:\/\/www.cidademarketing.com.br\/marketing\/wp-content\/uploads\/2020\/08\/pelourinho_thalesbrandao-2-scaled.jpg","datePublished":"2021-02-17T02:49:15+00:00","dateModified":"2021-02-17T02:49:19+00:00","breadcrumb":{"@id":"https:\/\/www.cidademarketing.com.br\/marketing\/2021\/02\/16\/com-15-mil-casos-ativos-de-covid-19-na-bahia-governo-decreta-toque-de-recolher-no-estado\/#breadcrumb"},"inLanguage":"pt-BR","potentialAction":[{"@type":"ReadAction","target":["https:\/\/www.cidademarketing.com.br\/marketing\/2021\/02\/16\/com-15-mil-casos-ativos-de-covid-19-na-bahia-governo-decreta-toque-de-recolher-no-estado\/"]}]},{"@type":"ImageObject","inLanguage":"pt-BR","@id":"https:\/\/www.cidademarketing.com.br\/marketing\/2021\/02\/16\/com-15-mil-casos-ativos-de-covid-19-na-bahia-governo-decreta-toque-de-recolher-no-estado\/#primaryimage","url":"https:\/\/www.cidademarketing.com.br\/marketing\/wp-content\/uploads\/2020\/08\/pelourinho_thalesbrandao-2-scaled.jpg","contentUrl":"https:\/\/www.cidademarketing.com.br\/marketing\/wp-content\/uploads\/2020\/08\/pelourinho_thalesbrandao-2-scaled.jpg","width":2560,"height":1707,"caption":"Foto: Thales Brand\u00e3o. Pelourinho - Salvador - Bahia"},{"@type":"BreadcrumbList","@id":"https:\/\/www.cidademarketing.com.br\/marketing\/2021\/02\/16\/com-15-mil-casos-ativos-de-covid-19-na-bahia-governo-decreta-toque-de-recolher-no-estado\/#breadcrumb","itemListElement":[{"@type":"ListItem","position":1,"name":"In\u00edcio","item":"https:\/\/www.cidademarketing.com.br\/marketing\/"},{"@type":"ListItem","position":2,"name":"Com 15 mil casos ativos de covid-19 na Bahia, governo decreta toque de recolher no estado"}]},{"@type":"WebSite","@id":"https:\/\/www.cidademarketing.com.br\/marketing\/#website","url":"https:\/\/www.cidademarketing.com.br\/marketing\/","name":"CidadeMarketing","description":"Somos um ve\u00edculo de comunica\u00e7\u00e3o de destaque no Brasil, reconhecido por conte\u00fados nos segmentos de marketing, empreendedorismo e inova\u00e7\u00e3o.","publisher":{"@id":"https:\/\/www.cidademarketing.com.br\/marketing\/#organization"},"alternateName":"CidadeMarketing","potentialAction":[{"@type":"SearchAction","target":{"@type":"EntryPoint","urlTemplate":"https:\/\/www.cidademarketing.com.br\/marketing\/?s={search_term_string}"},"query-input":{"@type":"PropertyValueSpecification","valueRequired":true,"valueName":"search_term_string"}}],"inLanguage":"pt-BR"},{"@type":"Organization","@id":"https:\/\/www.cidademarketing.com.br\/marketing\/#organization","name":"CidadeMarketing","alternateName":"CidadeMarketing","url":"https:\/\/www.cidademarketing.com.br\/marketing\/","logo":{"@type":"ImageObject","inLanguage":"pt-BR","@id":"https:\/\/www.cidademarketing.com.br\/marketing\/#\/schema\/logo\/image\/","url":"https:\/\/www.cidademarketing.com.br\/marketing\/wp-content\/uploads\/2020\/01\/cidademarketing_marca_mobile.png","contentUrl":"https:\/\/www.cidademarketing.com.br\/marketing\/wp-content\/uploads\/2020\/01\/cidademarketing_marca_mobile.png","width":230,"height":92,"caption":"CidadeMarketing"},"image":{"@id":"https:\/\/www.cidademarketing.com.br\/marketing\/#\/schema\/logo\/image\/"},"sameAs":["https:\/\/www.facebook.com\/portalcidademarketing","https:\/\/x.com\/CidadeMarketing","https:\/\/www.instagram.com\/cidademarketing\/"]},{"@type":"Person","@id":"https:\/\/www.cidademarketing.com.br\/marketing\/#\/schema\/person\/02daff9f18bd9378c9e01eb6b2db155f","name":"Thales Brand\u00e3o","image":{"@type":"ImageObject","inLanguage":"pt-BR","@id":"https:\/\/secure.gravatar.com\/avatar\/7ca3206950207cc3cb48feec56a8a7898741ab725c368d99d5d7a5a50aab80c6?s=96&d=mm&r=g","url":"https:\/\/secure.gravatar.com\/avatar\/7ca3206950207cc3cb48feec56a8a7898741ab725c368d99d5d7a5a50aab80c6?s=96&d=mm&r=g","contentUrl":"https:\/\/secure.gravatar.com\/avatar\/7ca3206950207cc3cb48feec56a8a7898741ab725c368d99d5d7a5a50aab80c6?s=96&d=mm&r=g","caption":"Thales Brand\u00e3o"},"description":"Editor Executivo do Portal CidadeMarketing.com.br &gt; Mestre em Comunica\u00e7\u00e3o e Sociedade pela Universidade Federal de Sergipe. Possui MBA Executivo em Administra\u00e7\u00e3o com \u00eanfase em Marketing pela Funda\u00e7\u00e3o Get\u00falio Vargas - Rio de Janeiro. Consultor, Palestrante e Pesquisador sobre Empreendedorismo, Marketing, Redes Sociais e Neg\u00f3cios Digitais. Professor, Palestrante TedxTalks e Campus Party. Twitter: @ThalesBrandao","sameAs":["http:\/\/www.mandacaru.com.br","https:\/\/www.facebook.com\/thalesbrandao","http:\/\/www.instagram.com.br\/thalesbrandaoferreira","https:\/\/www.linkedin.com\/in\/thales-brand\u00e3o-3948609\/","https:\/\/x.com\/http:\/\/www.twitter.com\/thalesbrandao"],"url":"https:\/\/www.cidademarketing.com.br\/marketing\/author\/thalesbrandao\/"}]}},"amp_enabled":true,"_links":{"self":[{"href":"https:\/\/www.cidademarketing.com.br\/marketing\/wp-json\/wp\/v2\/posts\/22102","targetHints":{"allow":["GET"]}}],"collection":[{"href":"https:\/\/www.cidademarketing.com.br\/marketing\/wp-json\/wp\/v2\/posts"}],"about":[{"href":"https:\/\/www.cidademarketing.com.br\/marketing\/wp-json\/wp\/v2\/types\/post"}],"author":[{"embeddable":true,"href":"https:\/\/www.cidademarketing.com.br\/marketing\/wp-json\/wp\/v2\/users\/1"}],"replies":[{"embeddable":true,"href":"https:\/\/www.cidademarketing.com.br\/marketing\/wp-json\/wp\/v2\/comments?post=22102"}],"version-history":[{"count":1,"href":"https:\/\/www.cidademarketing.com.br\/marketing\/wp-json\/wp\/v2\/posts\/22102\/revisions"}],"predecessor-version":[{"id":22103,"href":"https:\/\/www.cidademarketing.com.br\/marketing\/wp-json\/wp\/v2\/posts\/22102\/revisions\/22103"}],"wp:featuredmedia":[{"embeddable":true,"href":"https:\/\/www.cidademarketing.com.br\/marketing\/wp-json\/wp\/v2\/media\/18437"}],"wp:attachment":[{"href":"https:\/\/www.cidademarketing.com.br\/marketing\/wp-json\/wp\/v2\/media?parent=22102"}],"wp:term":[{"taxonomy":"category","embeddable":true,"href":"https:\/\/www.cidademarketing.com.br\/marketing\/wp-json\/wp\/v2\/categories?post=22102"},{"taxonomy":"post_tag","embeddable":true,"href":"https:\/\/www.cidademarketing.com.br\/marketing\/wp-json\/wp\/v2\/tags?post=22102"}],"curies":[{"name":"wp","href":"https:\/\/api.w.org\/{rel}","templated":true}]}}