{"id":22100,"date":"2021-02-15T22:18:22","date_gmt":"2021-02-16T01:18:22","guid":{"rendered":"https:\/\/www.cidademarketing.com.br\/marketing\/?p=22100"},"modified":"2021-02-15T22:18:25","modified_gmt":"2021-02-16T01:18:25","slug":"em-comunicado-mpt-esclarece-que-ford-somente-pode-dispensar-trabalhadores-apos-negociacao-coletiva","status":"publish","type":"post","link":"https:\/\/www.cidademarketing.com.br\/marketing\/2021\/02\/15\/em-comunicado-mpt-esclarece-que-ford-somente-pode-dispensar-trabalhadores-apos-negociacao-coletiva\/","title":{"rendered":"Em comunicado, MPT esclarece que Ford somente pode dispensar trabalhadores ap\u00f3s negocia\u00e7\u00e3o coletiva"},"content":{"rendered":"\n<p>O Minist\u00e9rio P\u00fablico do Trabalho divulgou neste domingo (14) nota \u00e0 imprensa em que esclarece pontos da decis\u00e3o liminar proferida pelo desembargador do Trabalho, Edilton Meireles de Oliveira Santos, em raz\u00e3o do mandado de seguran\u00e7a da empresa Ford Motor Company Brasil Ltda.<\/p>\n\n\n\n<p><br>O documento \u00e9 assinado pelos integrantes do Grupo Especial de Atua\u00e7\u00e3o Final\u00edstica (GEAF) do MPT.<\/p>\n\n\n\n<p><br><a href=\"https:\/\/mpt.mp.br\/pgt\/noticias\/nota-mpt-ford-decisao-trt5.pdf\" target=\"_blank\" rel=\"noreferrer noopener\">Veja aqui a \u00edntegra da nota.<\/a><\/p>\n","protected":false},"excerpt":{"rendered":"<p>O Minist\u00e9rio P\u00fablico do Trabalho divulgou neste domingo (14) nota \u00e0 imprensa em que esclarece pontos da decis\u00e3o liminar proferida pelo desembargador do Trabalho, Edilton Meireles de Oliveira Santos, em raz\u00e3o do mandado de seguran\u00e7a da empresa Ford Motor Company Brasil Ltda. O documento \u00e9 assinado pelos integrantes do Grupo Especial de Atua\u00e7\u00e3o Final\u00edstica (GEAF) [&hellip;]<\/p>\n","protected":false},"author":1,"featured_media":7483,"comment_status":"open","ping_status":"open","sticky":false,"template":"","format":"standard","meta":{"tdm_status":"","tdm_grid_status":"","footnotes":""},"categories":[6],"tags":[308,1471,36,1261],"class_list":["post-22100","post","type-post","status-publish","format-standard","has-post-thumbnail","hentry","category-noticias","tag-comunicacao","tag-fabrica","tag-ford","tag-mpt"],"yoast_head":"<!-- This site is optimized with the Yoast SEO plugin v27.5 - https:\/\/yoast.com\/product\/yoast-seo-wordpress\/ -->\n<title>Em comunicado, MPT esclarece que Ford somente pode dispensar trabalhadores ap\u00f3s negocia\u00e7\u00e3o coletiva - CidadeMarketing<\/title>\n<meta name=\"robots\" content=\"index, follow, max-snippet:-1, max-image-preview:large, max-video-preview:-1\" \/>\n<link rel=\"canonical\" href=\"https:\/\/www.cidademarketing.com.br\/marketing\/2021\/02\/15\/em-comunicado-mpt-esclarece-que-ford-somente-pode-dispensar-trabalhadores-apos-negociacao-coletiva\/\" \/>\n<meta property=\"og:locale\" content=\"pt_BR\" \/>\n<meta property=\"og:type\" content=\"article\" \/>\n<meta property=\"og:title\" content=\"Em comunicado, MPT esclarece que Ford somente pode dispensar trabalhadores ap\u00f3s negocia\u00e7\u00e3o coletiva - CidadeMarketing\" \/>\n<meta property=\"og:description\" content=\"O Minist\u00e9rio P\u00fablico do Trabalho divulgou neste domingo (14) nota \u00e0 imprensa em que esclarece pontos da decis\u00e3o liminar proferida pelo desembargador do Trabalho, Edilton Meireles de Oliveira Santos, em raz\u00e3o do mandado de seguran\u00e7a da empresa Ford Motor Company Brasil Ltda. O documento \u00e9 assinado pelos integrantes do Grupo Especial de Atua\u00e7\u00e3o Final\u00edstica (GEAF) [&hellip;]\" \/>\n<meta property=\"og:url\" content=\"https:\/\/www.cidademarketing.com.br\/marketing\/2021\/02\/15\/em-comunicado-mpt-esclarece-que-ford-somente-pode-dispensar-trabalhadores-apos-negociacao-coletiva\/\" \/>\n<meta property=\"og:site_name\" content=\"CidadeMarketing\" \/>\n<meta property=\"article:publisher\" content=\"https:\/\/www.facebook.com\/portalcidademarketing\" \/>\n<meta property=\"article:author\" content=\"https:\/\/www.facebook.com\/thalesbrandao\" \/>\n<meta property=\"article:published_time\" content=\"2021-02-16T01:18:22+00:00\" \/>\n<meta property=\"article:modified_time\" content=\"2021-02-16T01:18:25+00:00\" \/>\n<meta property=\"og:image\" content=\"https:\/\/www.cidademarketing.com.br\/marketing\/wp-content\/uploads\/2019\/04\/ford_marca.jpg\" \/>\n\t<meta property=\"og:image:width\" content=\"735\" \/>\n\t<meta property=\"og:image:height\" content=\"506\" \/>\n\t<meta property=\"og:image:type\" content=\"image\/jpeg\" \/>\n<meta name=\"author\" content=\"Thales Brand\u00e3o\" \/>\n<meta name=\"twitter:card\" content=\"summary_large_image\" \/>\n<meta name=\"twitter:creator\" content=\"@http:\/\/www.twitter.com\/thalesbrandao\" \/>\n<meta name=\"twitter:site\" content=\"@CidadeMarketing\" \/>\n<meta name=\"twitter:label1\" content=\"Escrito por\" \/>\n\t<meta name=\"twitter:data1\" content=\"Thales Brand\u00e3o\" \/>\n<script type=\"application\/ld+json\" class=\"yoast-schema-graph\">{\"@context\":\"https:\\\/\\\/schema.org\",\"@graph\":[{\"@type\":\"Article\",\"@id\":\"https:\\\/\\\/www.cidademarketing.com.br\\\/marketing\\\/2021\\\/02\\\/15\\\/em-comunicado-mpt-esclarece-que-ford-somente-pode-dispensar-trabalhadores-apos-negociacao-coletiva\\\/#article\",\"isPartOf\":{\"@id\":\"https:\\\/\\\/www.cidademarketing.com.br\\\/marketing\\\/2021\\\/02\\\/15\\\/em-comunicado-mpt-esclarece-que-ford-somente-pode-dispensar-trabalhadores-apos-negociacao-coletiva\\\/\"},\"author\":{\"name\":\"Thales Brand\u00e3o\",\"@id\":\"https:\\\/\\\/www.cidademarketing.com.br\\\/marketing\\\/#\\\/schema\\\/person\\\/02daff9f18bd9378c9e01eb6b2db155f\"},\"headline\":\"Em comunicado, MPT esclarece que Ford somente pode dispensar trabalhadores ap\u00f3s negocia\u00e7\u00e3o coletiva\",\"datePublished\":\"2021-02-16T01:18:22+00:00\",\"dateModified\":\"2021-02-16T01:18:25+00:00\",\"mainEntityOfPage\":{\"@id\":\"https:\\\/\\\/www.cidademarketing.com.br\\\/marketing\\\/2021\\\/02\\\/15\\\/em-comunicado-mpt-esclarece-que-ford-somente-pode-dispensar-trabalhadores-apos-negociacao-coletiva\\\/\"},\"wordCount\":82,\"commentCount\":0,\"publisher\":{\"@id\":\"https:\\\/\\\/www.cidademarketing.com.br\\\/marketing\\\/#organization\"},\"image\":{\"@id\":\"https:\\\/\\\/www.cidademarketing.com.br\\\/marketing\\\/2021\\\/02\\\/15\\\/em-comunicado-mpt-esclarece-que-ford-somente-pode-dispensar-trabalhadores-apos-negociacao-coletiva\\\/#primaryimage\"},\"thumbnailUrl\":\"https:\\\/\\\/www.cidademarketing.com.br\\\/marketing\\\/wp-content\\\/uploads\\\/2019\\\/04\\\/ford_marca.jpg\",\"keywords\":[\"comunica\u00e7\u00e3o\",\"f\u00e1brica\",\"Ford\",\"MPT\"],\"articleSection\":[\"Not\u00edcias\"],\"inLanguage\":\"pt-BR\",\"potentialAction\":[{\"@type\":\"CommentAction\",\"name\":\"Comment\",\"target\":[\"https:\\\/\\\/www.cidademarketing.com.br\\\/marketing\\\/2021\\\/02\\\/15\\\/em-comunicado-mpt-esclarece-que-ford-somente-pode-dispensar-trabalhadores-apos-negociacao-coletiva\\\/#respond\"]}]},{\"@type\":\"WebPage\",\"@id\":\"https:\\\/\\\/www.cidademarketing.com.br\\\/marketing\\\/2021\\\/02\\\/15\\\/em-comunicado-mpt-esclarece-que-ford-somente-pode-dispensar-trabalhadores-apos-negociacao-coletiva\\\/\",\"url\":\"https:\\\/\\\/www.cidademarketing.com.br\\\/marketing\\\/2021\\\/02\\\/15\\\/em-comunicado-mpt-esclarece-que-ford-somente-pode-dispensar-trabalhadores-apos-negociacao-coletiva\\\/\",\"name\":\"Em comunicado, MPT esclarece que Ford somente pode dispensar trabalhadores ap\u00f3s negocia\u00e7\u00e3o coletiva - CidadeMarketing\",\"isPartOf\":{\"@id\":\"https:\\\/\\\/www.cidademarketing.com.br\\\/marketing\\\/#website\"},\"primaryImageOfPage\":{\"@id\":\"https:\\\/\\\/www.cidademarketing.com.br\\\/marketing\\\/2021\\\/02\\\/15\\\/em-comunicado-mpt-esclarece-que-ford-somente-pode-dispensar-trabalhadores-apos-negociacao-coletiva\\\/#primaryimage\"},\"image\":{\"@id\":\"https:\\\/\\\/www.cidademarketing.com.br\\\/marketing\\\/2021\\\/02\\\/15\\\/em-comunicado-mpt-esclarece-que-ford-somente-pode-dispensar-trabalhadores-apos-negociacao-coletiva\\\/#primaryimage\"},\"thumbnailUrl\":\"https:\\\/\\\/www.cidademarketing.com.br\\\/marketing\\\/wp-content\\\/uploads\\\/2019\\\/04\\\/ford_marca.jpg\",\"datePublished\":\"2021-02-16T01:18:22+00:00\",\"dateModified\":\"2021-02-16T01:18:25+00:00\",\"breadcrumb\":{\"@id\":\"https:\\\/\\\/www.cidademarketing.com.br\\\/marketing\\\/2021\\\/02\\\/15\\\/em-comunicado-mpt-esclarece-que-ford-somente-pode-dispensar-trabalhadores-apos-negociacao-coletiva\\\/#breadcrumb\"},\"inLanguage\":\"pt-BR\",\"potentialAction\":[{\"@type\":\"ReadAction\",\"target\":[\"https:\\\/\\\/www.cidademarketing.com.br\\\/marketing\\\/2021\\\/02\\\/15\\\/em-comunicado-mpt-esclarece-que-ford-somente-pode-dispensar-trabalhadores-apos-negociacao-coletiva\\\/\"]}]},{\"@type\":\"ImageObject\",\"inLanguage\":\"pt-BR\",\"@id\":\"https:\\\/\\\/www.cidademarketing.com.br\\\/marketing\\\/2021\\\/02\\\/15\\\/em-comunicado-mpt-esclarece-que-ford-somente-pode-dispensar-trabalhadores-apos-negociacao-coletiva\\\/#primaryimage\",\"url\":\"https:\\\/\\\/www.cidademarketing.com.br\\\/marketing\\\/wp-content\\\/uploads\\\/2019\\\/04\\\/ford_marca.jpg\",\"contentUrl\":\"https:\\\/\\\/www.cidademarketing.com.br\\\/marketing\\\/wp-content\\\/uploads\\\/2019\\\/04\\\/ford_marca.jpg\",\"width\":735,\"height\":506},{\"@type\":\"BreadcrumbList\",\"@id\":\"https:\\\/\\\/www.cidademarketing.com.br\\\/marketing\\\/2021\\\/02\\\/15\\\/em-comunicado-mpt-esclarece-que-ford-somente-pode-dispensar-trabalhadores-apos-negociacao-coletiva\\\/#breadcrumb\",\"itemListElement\":[{\"@type\":\"ListItem\",\"position\":1,\"name\":\"In\u00edcio\",\"item\":\"https:\\\/\\\/www.cidademarketing.com.br\\\/marketing\\\/\"},{\"@type\":\"ListItem\",\"position\":2,\"name\":\"Em comunicado, MPT esclarece que Ford somente pode dispensar trabalhadores ap\u00f3s negocia\u00e7\u00e3o coletiva\"}]},{\"@type\":\"WebSite\",\"@id\":\"https:\\\/\\\/www.cidademarketing.com.br\\\/marketing\\\/#website\",\"url\":\"https:\\\/\\\/www.cidademarketing.com.br\\\/marketing\\\/\",\"name\":\"CidadeMarketing\",\"description\":\"Somos um ve\u00edculo de comunica\u00e7\u00e3o de destaque no Brasil, reconhecido por conte\u00fados nos segmentos de marketing, empreendedorismo e inova\u00e7\u00e3o.\",\"publisher\":{\"@id\":\"https:\\\/\\\/www.cidademarketing.com.br\\\/marketing\\\/#organization\"},\"alternateName\":\"CidadeMarketing\",\"potentialAction\":[{\"@type\":\"SearchAction\",\"target\":{\"@type\":\"EntryPoint\",\"urlTemplate\":\"https:\\\/\\\/www.cidademarketing.com.br\\\/marketing\\\/?s={search_term_string}\"},\"query-input\":{\"@type\":\"PropertyValueSpecification\",\"valueRequired\":true,\"valueName\":\"search_term_string\"}}],\"inLanguage\":\"pt-BR\"},{\"@type\":\"Organization\",\"@id\":\"https:\\\/\\\/www.cidademarketing.com.br\\\/marketing\\\/#organization\",\"name\":\"CidadeMarketing\",\"alternateName\":\"CidadeMarketing\",\"url\":\"https:\\\/\\\/www.cidademarketing.com.br\\\/marketing\\\/\",\"logo\":{\"@type\":\"ImageObject\",\"inLanguage\":\"pt-BR\",\"@id\":\"https:\\\/\\\/www.cidademarketing.com.br\\\/marketing\\\/#\\\/schema\\\/logo\\\/image\\\/\",\"url\":\"https:\\\/\\\/www.cidademarketing.com.br\\\/marketing\\\/wp-content\\\/uploads\\\/2020\\\/01\\\/cidademarketing_marca_mobile.png\",\"contentUrl\":\"https:\\\/\\\/www.cidademarketing.com.br\\\/marketing\\\/wp-content\\\/uploads\\\/2020\\\/01\\\/cidademarketing_marca_mobile.png\",\"width\":230,\"height\":92,\"caption\":\"CidadeMarketing\"},\"image\":{\"@id\":\"https:\\\/\\\/www.cidademarketing.com.br\\\/marketing\\\/#\\\/schema\\\/logo\\\/image\\\/\"},\"sameAs\":[\"https:\\\/\\\/www.facebook.com\\\/portalcidademarketing\",\"https:\\\/\\\/x.com\\\/CidadeMarketing\",\"https:\\\/\\\/www.instagram.com\\\/cidademarketing\\\/\"]},{\"@type\":\"Person\",\"@id\":\"https:\\\/\\\/www.cidademarketing.com.br\\\/marketing\\\/#\\\/schema\\\/person\\\/02daff9f18bd9378c9e01eb6b2db155f\",\"name\":\"Thales Brand\u00e3o\",\"image\":{\"@type\":\"ImageObject\",\"inLanguage\":\"pt-BR\",\"@id\":\"https:\\\/\\\/secure.gravatar.com\\\/avatar\\\/7ca3206950207cc3cb48feec56a8a7898741ab725c368d99d5d7a5a50aab80c6?s=96&d=mm&r=g\",\"url\":\"https:\\\/\\\/secure.gravatar.com\\\/avatar\\\/7ca3206950207cc3cb48feec56a8a7898741ab725c368d99d5d7a5a50aab80c6?s=96&d=mm&r=g\",\"contentUrl\":\"https:\\\/\\\/secure.gravatar.com\\\/avatar\\\/7ca3206950207cc3cb48feec56a8a7898741ab725c368d99d5d7a5a50aab80c6?s=96&d=mm&r=g\",\"caption\":\"Thales Brand\u00e3o\"},\"description\":\"Editor Executivo do Portal CidadeMarketing.com.br &gt; Mestre em Comunica\u00e7\u00e3o e Sociedade pela Universidade Federal de Sergipe. Possui MBA Executivo em Administra\u00e7\u00e3o com \u00eanfase em Marketing pela Funda\u00e7\u00e3o Get\u00falio Vargas - Rio de Janeiro. Consultor, Palestrante e Pesquisador sobre Empreendedorismo, Marketing, Redes Sociais e Neg\u00f3cios Digitais. Professor, Palestrante TedxTalks e Campus Party. Twitter: @ThalesBrandao\",\"sameAs\":[\"http:\\\/\\\/www.mandacaru.com.br\",\"https:\\\/\\\/www.facebook.com\\\/thalesbrandao\",\"http:\\\/\\\/www.instagram.com.br\\\/thalesbrandaoferreira\",\"https:\\\/\\\/www.linkedin.com\\\/in\\\/thales-brand\u00e3o-3948609\\\/\",\"https:\\\/\\\/x.com\\\/http:\\\/\\\/www.twitter.com\\\/thalesbrandao\"],\"url\":\"https:\\\/\\\/www.cidademarketing.com.br\\\/marketing\\\/author\\\/thalesbrandao\\\/\"}]}<\/script>\n<!-- \/ Yoast SEO plugin. -->","yoast_head_json":{"title":"Em comunicado, MPT esclarece que Ford somente pode dispensar trabalhadores ap\u00f3s negocia\u00e7\u00e3o coletiva - CidadeMarketing","robots":{"index":"index","follow":"follow","max-snippet":"max-snippet:-1","max-image-preview":"max-image-preview:large","max-video-preview":"max-video-preview:-1"},"canonical":"https:\/\/www.cidademarketing.com.br\/marketing\/2021\/02\/15\/em-comunicado-mpt-esclarece-que-ford-somente-pode-dispensar-trabalhadores-apos-negociacao-coletiva\/","og_locale":"pt_BR","og_type":"article","og_title":"Em comunicado, MPT esclarece que Ford somente pode dispensar trabalhadores ap\u00f3s negocia\u00e7\u00e3o coletiva - CidadeMarketing","og_description":"O Minist\u00e9rio P\u00fablico do Trabalho divulgou neste domingo (14) nota \u00e0 imprensa em que esclarece pontos da decis\u00e3o liminar proferida pelo desembargador do Trabalho, Edilton Meireles de Oliveira Santos, em raz\u00e3o do mandado de seguran\u00e7a da empresa Ford Motor Company Brasil Ltda. O documento \u00e9 assinado pelos integrantes do Grupo Especial de Atua\u00e7\u00e3o Final\u00edstica (GEAF) [&hellip;]","og_url":"https:\/\/www.cidademarketing.com.br\/marketing\/2021\/02\/15\/em-comunicado-mpt-esclarece-que-ford-somente-pode-dispensar-trabalhadores-apos-negociacao-coletiva\/","og_site_name":"CidadeMarketing","article_publisher":"https:\/\/www.facebook.com\/portalcidademarketing","article_author":"https:\/\/www.facebook.com\/thalesbrandao","article_published_time":"2021-02-16T01:18:22+00:00","article_modified_time":"2021-02-16T01:18:25+00:00","og_image":[{"width":735,"height":506,"url":"https:\/\/www.cidademarketing.com.br\/marketing\/wp-content\/uploads\/2019\/04\/ford_marca.jpg","type":"image\/jpeg"}],"author":"Thales Brand\u00e3o","twitter_card":"summary_large_image","twitter_creator":"@http:\/\/www.twitter.com\/thalesbrandao","twitter_site":"@CidadeMarketing","twitter_misc":{"Escrito por":"Thales Brand\u00e3o"},"schema":{"@context":"https:\/\/schema.org","@graph":[{"@type":"Article","@id":"https:\/\/www.cidademarketing.com.br\/marketing\/2021\/02\/15\/em-comunicado-mpt-esclarece-que-ford-somente-pode-dispensar-trabalhadores-apos-negociacao-coletiva\/#article","isPartOf":{"@id":"https:\/\/www.cidademarketing.com.br\/marketing\/2021\/02\/15\/em-comunicado-mpt-esclarece-que-ford-somente-pode-dispensar-trabalhadores-apos-negociacao-coletiva\/"},"author":{"name":"Thales Brand\u00e3o","@id":"https:\/\/www.cidademarketing.com.br\/marketing\/#\/schema\/person\/02daff9f18bd9378c9e01eb6b2db155f"},"headline":"Em comunicado, MPT esclarece que Ford somente pode dispensar trabalhadores ap\u00f3s negocia\u00e7\u00e3o coletiva","datePublished":"2021-02-16T01:18:22+00:00","dateModified":"2021-02-16T01:18:25+00:00","mainEntityOfPage":{"@id":"https:\/\/www.cidademarketing.com.br\/marketing\/2021\/02\/15\/em-comunicado-mpt-esclarece-que-ford-somente-pode-dispensar-trabalhadores-apos-negociacao-coletiva\/"},"wordCount":82,"commentCount":0,"publisher":{"@id":"https:\/\/www.cidademarketing.com.br\/marketing\/#organization"},"image":{"@id":"https:\/\/www.cidademarketing.com.br\/marketing\/2021\/02\/15\/em-comunicado-mpt-esclarece-que-ford-somente-pode-dispensar-trabalhadores-apos-negociacao-coletiva\/#primaryimage"},"thumbnailUrl":"https:\/\/www.cidademarketing.com.br\/marketing\/wp-content\/uploads\/2019\/04\/ford_marca.jpg","keywords":["comunica\u00e7\u00e3o","f\u00e1brica","Ford","MPT"],"articleSection":["Not\u00edcias"],"inLanguage":"pt-BR","potentialAction":[{"@type":"CommentAction","name":"Comment","target":["https:\/\/www.cidademarketing.com.br\/marketing\/2021\/02\/15\/em-comunicado-mpt-esclarece-que-ford-somente-pode-dispensar-trabalhadores-apos-negociacao-coletiva\/#respond"]}]},{"@type":"WebPage","@id":"https:\/\/www.cidademarketing.com.br\/marketing\/2021\/02\/15\/em-comunicado-mpt-esclarece-que-ford-somente-pode-dispensar-trabalhadores-apos-negociacao-coletiva\/","url":"https:\/\/www.cidademarketing.com.br\/marketing\/2021\/02\/15\/em-comunicado-mpt-esclarece-que-ford-somente-pode-dispensar-trabalhadores-apos-negociacao-coletiva\/","name":"Em comunicado, MPT esclarece que Ford somente pode dispensar trabalhadores ap\u00f3s negocia\u00e7\u00e3o coletiva - CidadeMarketing","isPartOf":{"@id":"https:\/\/www.cidademarketing.com.br\/marketing\/#website"},"primaryImageOfPage":{"@id":"https:\/\/www.cidademarketing.com.br\/marketing\/2021\/02\/15\/em-comunicado-mpt-esclarece-que-ford-somente-pode-dispensar-trabalhadores-apos-negociacao-coletiva\/#primaryimage"},"image":{"@id":"https:\/\/www.cidademarketing.com.br\/marketing\/2021\/02\/15\/em-comunicado-mpt-esclarece-que-ford-somente-pode-dispensar-trabalhadores-apos-negociacao-coletiva\/#primaryimage"},"thumbnailUrl":"https:\/\/www.cidademarketing.com.br\/marketing\/wp-content\/uploads\/2019\/04\/ford_marca.jpg","datePublished":"2021-02-16T01:18:22+00:00","dateModified":"2021-02-16T01:18:25+00:00","breadcrumb":{"@id":"https:\/\/www.cidademarketing.com.br\/marketing\/2021\/02\/15\/em-comunicado-mpt-esclarece-que-ford-somente-pode-dispensar-trabalhadores-apos-negociacao-coletiva\/#breadcrumb"},"inLanguage":"pt-BR","potentialAction":[{"@type":"ReadAction","target":["https:\/\/www.cidademarketing.com.br\/marketing\/2021\/02\/15\/em-comunicado-mpt-esclarece-que-ford-somente-pode-dispensar-trabalhadores-apos-negociacao-coletiva\/"]}]},{"@type":"ImageObject","inLanguage":"pt-BR","@id":"https:\/\/www.cidademarketing.com.br\/marketing\/2021\/02\/15\/em-comunicado-mpt-esclarece-que-ford-somente-pode-dispensar-trabalhadores-apos-negociacao-coletiva\/#primaryimage","url":"https:\/\/www.cidademarketing.com.br\/marketing\/wp-content\/uploads\/2019\/04\/ford_marca.jpg","contentUrl":"https:\/\/www.cidademarketing.com.br\/marketing\/wp-content\/uploads\/2019\/04\/ford_marca.jpg","width":735,"height":506},{"@type":"BreadcrumbList","@id":"https:\/\/www.cidademarketing.com.br\/marketing\/2021\/02\/15\/em-comunicado-mpt-esclarece-que-ford-somente-pode-dispensar-trabalhadores-apos-negociacao-coletiva\/#breadcrumb","itemListElement":[{"@type":"ListItem","position":1,"name":"In\u00edcio","item":"https:\/\/www.cidademarketing.com.br\/marketing\/"},{"@type":"ListItem","position":2,"name":"Em comunicado, MPT esclarece que Ford somente pode dispensar trabalhadores ap\u00f3s negocia\u00e7\u00e3o coletiva"}]},{"@type":"WebSite","@id":"https:\/\/www.cidademarketing.com.br\/marketing\/#website","url":"https:\/\/www.cidademarketing.com.br\/marketing\/","name":"CidadeMarketing","description":"Somos um ve\u00edculo de comunica\u00e7\u00e3o de destaque no Brasil, reconhecido por conte\u00fados nos segmentos de marketing, empreendedorismo e inova\u00e7\u00e3o.","publisher":{"@id":"https:\/\/www.cidademarketing.com.br\/marketing\/#organization"},"alternateName":"CidadeMarketing","potentialAction":[{"@type":"SearchAction","target":{"@type":"EntryPoint","urlTemplate":"https:\/\/www.cidademarketing.com.br\/marketing\/?s={search_term_string}"},"query-input":{"@type":"PropertyValueSpecification","valueRequired":true,"valueName":"search_term_string"}}],"inLanguage":"pt-BR"},{"@type":"Organization","@id":"https:\/\/www.cidademarketing.com.br\/marketing\/#organization","name":"CidadeMarketing","alternateName":"CidadeMarketing","url":"https:\/\/www.cidademarketing.com.br\/marketing\/","logo":{"@type":"ImageObject","inLanguage":"pt-BR","@id":"https:\/\/www.cidademarketing.com.br\/marketing\/#\/schema\/logo\/image\/","url":"https:\/\/www.cidademarketing.com.br\/marketing\/wp-content\/uploads\/2020\/01\/cidademarketing_marca_mobile.png","contentUrl":"https:\/\/www.cidademarketing.com.br\/marketing\/wp-content\/uploads\/2020\/01\/cidademarketing_marca_mobile.png","width":230,"height":92,"caption":"CidadeMarketing"},"image":{"@id":"https:\/\/www.cidademarketing.com.br\/marketing\/#\/schema\/logo\/image\/"},"sameAs":["https:\/\/www.facebook.com\/portalcidademarketing","https:\/\/x.com\/CidadeMarketing","https:\/\/www.instagram.com\/cidademarketing\/"]},{"@type":"Person","@id":"https:\/\/www.cidademarketing.com.br\/marketing\/#\/schema\/person\/02daff9f18bd9378c9e01eb6b2db155f","name":"Thales Brand\u00e3o","image":{"@type":"ImageObject","inLanguage":"pt-BR","@id":"https:\/\/secure.gravatar.com\/avatar\/7ca3206950207cc3cb48feec56a8a7898741ab725c368d99d5d7a5a50aab80c6?s=96&d=mm&r=g","url":"https:\/\/secure.gravatar.com\/avatar\/7ca3206950207cc3cb48feec56a8a7898741ab725c368d99d5d7a5a50aab80c6?s=96&d=mm&r=g","contentUrl":"https:\/\/secure.gravatar.com\/avatar\/7ca3206950207cc3cb48feec56a8a7898741ab725c368d99d5d7a5a50aab80c6?s=96&d=mm&r=g","caption":"Thales Brand\u00e3o"},"description":"Editor Executivo do Portal CidadeMarketing.com.br &gt; Mestre em Comunica\u00e7\u00e3o e Sociedade pela Universidade Federal de Sergipe. Possui MBA Executivo em Administra\u00e7\u00e3o com \u00eanfase em Marketing pela Funda\u00e7\u00e3o Get\u00falio Vargas - Rio de Janeiro. Consultor, Palestrante e Pesquisador sobre Empreendedorismo, Marketing, Redes Sociais e Neg\u00f3cios Digitais. Professor, Palestrante TedxTalks e Campus Party. Twitter: @ThalesBrandao","sameAs":["http:\/\/www.mandacaru.com.br","https:\/\/www.facebook.com\/thalesbrandao","http:\/\/www.instagram.com.br\/thalesbrandaoferreira","https:\/\/www.linkedin.com\/in\/thales-brand\u00e3o-3948609\/","https:\/\/x.com\/http:\/\/www.twitter.com\/thalesbrandao"],"url":"https:\/\/www.cidademarketing.com.br\/marketing\/author\/thalesbrandao\/"}]}},"amp_enabled":true,"_links":{"self":[{"href":"https:\/\/www.cidademarketing.com.br\/marketing\/wp-json\/wp\/v2\/posts\/22100","targetHints":{"allow":["GET"]}}],"collection":[{"href":"https:\/\/www.cidademarketing.com.br\/marketing\/wp-json\/wp\/v2\/posts"}],"about":[{"href":"https:\/\/www.cidademarketing.com.br\/marketing\/wp-json\/wp\/v2\/types\/post"}],"author":[{"embeddable":true,"href":"https:\/\/www.cidademarketing.com.br\/marketing\/wp-json\/wp\/v2\/users\/1"}],"replies":[{"embeddable":true,"href":"https:\/\/www.cidademarketing.com.br\/marketing\/wp-json\/wp\/v2\/comments?post=22100"}],"version-history":[{"count":1,"href":"https:\/\/www.cidademarketing.com.br\/marketing\/wp-json\/wp\/v2\/posts\/22100\/revisions"}],"predecessor-version":[{"id":22101,"href":"https:\/\/www.cidademarketing.com.br\/marketing\/wp-json\/wp\/v2\/posts\/22100\/revisions\/22101"}],"wp:featuredmedia":[{"embeddable":true,"href":"https:\/\/www.cidademarketing.com.br\/marketing\/wp-json\/wp\/v2\/media\/7483"}],"wp:attachment":[{"href":"https:\/\/www.cidademarketing.com.br\/marketing\/wp-json\/wp\/v2\/media?parent=22100"}],"wp:term":[{"taxonomy":"category","embeddable":true,"href":"https:\/\/www.cidademarketing.com.br\/marketing\/wp-json\/wp\/v2\/categories?post=22100"},{"taxonomy":"post_tag","embeddable":true,"href":"https:\/\/www.cidademarketing.com.br\/marketing\/wp-json\/wp\/v2\/tags?post=22100"}],"curies":[{"name":"wp","href":"https:\/\/api.w.org\/{rel}","templated":true}]}}