{"id":21963,"date":"2021-02-06T00:01:44","date_gmt":"2021-02-06T03:01:44","guid":{"rendered":"https:\/\/www.cidademarketing.com.br\/marketing\/?p=21963"},"modified":"2021-02-06T00:01:48","modified_gmt":"2021-02-06T03:01:48","slug":"planeta-atlantida-aposta-em-conteudos-especiais-para-celebrar-25-anos-de-historias","status":"publish","type":"post","link":"https:\/\/www.cidademarketing.com.br\/marketing\/2021\/02\/06\/planeta-atlantida-aposta-em-conteudos-especiais-para-celebrar-25-anos-de-historias\/","title":{"rendered":"Planeta Atl\u00e2ntida aposta em conte\u00fados especiais para celebrar 25 anos de hist\u00f3rias"},"content":{"rendered":"\n<p>J\u00e1 \u00e9 tradi\u00e7\u00e3o: todo ano, em fevereiro, os planet\u00e1rios se encontram na Saba, em Atl\u00e2ntida, para curtir o maior evento de m\u00fasica do sul do Brasil. Em 2021, a pandemia causada pelo coronav\u00edrus fez com que os shows, os abra\u00e7os e a vibe do <strong>Planeta Atl\u00e2ntida<\/strong> fossem adiados, priorizando o bem-estar de todos aqueles que fazem o evento acontecer: plateia e equipes. Mas nem isso impediu o festival de se manter pr\u00f3ximo ao p\u00fablico, mesmo neste ano at\u00edpico: no m\u00eas em que comemora 25 anos de hist\u00f3rias, o Planeta Atl\u00e2ntida preparou uma s\u00e9rie de conte\u00fados especiais para levar essa festa para a casa de todos os ga\u00fachos.<\/p>\n\n\n\n<p>\u2013 Anualmente, milhares de planet\u00e1rios se deslocam de seus lares rumo ao litoral ga\u00facho para viver as emo\u00e7\u00f5es do maior festival de m\u00fasica do sul do pa\u00eds. Desta vez, ao completar 25 anos de hist\u00f3rias, o Planeta \u00e9 que vai levar um pouco da energia e da vibra\u00e7\u00e3o do festival para a casa dos planet\u00e1rios. \u00c9 a nossa forma de curtir o ver\u00e3o junto do p\u00fablico, como sempre fizemos, levando nosso evento para todo o nosso Estado \u2013 destaca o diretor-executivo de Marketing do <strong>Grupo RBS<\/strong>, Marcelo Leite.<\/p>\n\n\n\n<p>Para seguir curtindo o ver\u00e3o junto dos planet\u00e1rios, como \u00e9 feito desde que o Planeta Atl\u00e2ntida foi criado, em 1996, o festival ter\u00e1 conte\u00fados nos seus canais digitais e nos ve\u00edculos do Grupo RBS, com hist\u00f3rias do evento, bastidores, entrevistas com artistas, dados sobre seu impacto na sociedade ga\u00facha e relev\u00e2ncia para os planet\u00e1rios e, ainda, trechos dos shows mais inesquec\u00edveis.<\/p>\n\n\n\n<p>Na <strong>Atl\u00e2ntida <\/strong>e na <strong>RBS TV<\/strong>, o p\u00fablico poder\u00e1 relembrar os 25 anos de hist\u00f3rias ao longo de tr\u00eas s\u00e1bados, nos dias 6, 13 e 20 de fevereiro. Na r\u00e1dio, ser\u00e1 poss\u00edvel acompanhar, das 17h \u00e0s 18h, um programa especial no formato talk (modalidade em que uma pessoa ou um grupo abordam v\u00e1rios t\u00f3picos que s\u00e3o sugeridos por um ou mais apresentadores), com trechos de apresenta\u00e7\u00f5es que marcaram o festival. O programa ser\u00e1 apresentado pelo comunicador Alexandre Fetter e contar\u00e1 com a presen\u00e7a de Rodaika, Rafinha, Lel\u00ea Bortholacci e Luciano Potter, al\u00e9m de participa\u00e7\u00f5es especiais de Neto Fagundes e Por\u00e3 e depoimentos de artistas.<\/p>\n\n\n\n<p>Na RBS TV, um quadro ser\u00e1 dedicado ao tema, relembrando a hist\u00f3ria e alguns dos momentos mais marcantes do Planeta Atl\u00e2ntida e expectativas para o que est\u00e1 por vir, oferecendo emo\u00e7\u00e3o e nostalgia, mas tamb\u00e9m vis\u00e3o de futuro. Assim como na Atl\u00e2ntida, a apresenta\u00e7\u00e3o ficar\u00e1 por conta de tr\u00eas comunicadores conhecidos do p\u00fablico e com rela\u00e7\u00e3o direta ao festival: Alexandre Fetter, Rodaika e Luciano Potter. A atra\u00e7\u00e3o prev\u00ea, ainda, depoimentos de artistas e participa\u00e7\u00e3o do p\u00fablico por meio da hashtag #Planeta25anos.<\/p>\n\n\n\n<p>Os 25 anos de hist\u00f3rias do Planeta Atl\u00e2ntida tamb\u00e9m ser\u00e3o pauta de um flip especial que estar\u00e1 dispon\u00edvel em <strong>GZH<\/strong> a partir desta sexta-feira (5), com doze p\u00e1ginas dedicadas ao evento. No material, o p\u00fablico poder\u00e1 ficar por dentro de hist\u00f3rias de bastidores, rankings envolvendo os artistas e seus hits, os impactos econ\u00f4micos por tr\u00e1s do festival e muito mais. Ao longo de fevereiro, conte\u00fados sobre o Planeta Atl\u00e2ntida ser\u00e3o desdobrados em mat\u00e9rias em GZH e no site do <strong>G1<\/strong>, al\u00e9m de conte\u00fados em <strong>Zero Hora<\/strong> e <strong>Di\u00e1rio Ga\u00facho<\/strong>.<\/p>\n\n\n\n<p>J\u00e1 os planet\u00e1rios que acompanham o Planeta Atl\u00e2ntida por meio dos canais digitais ter\u00e3o acesso a especiais dos shows e entrevistas em v\u00eddeo e tamb\u00e9m formatos interativos \u2013 enquetes, templates e quizzes \u2013 sobre a hist\u00f3ria do Planeta e de edi\u00e7\u00f5es passadas, al\u00e9m de um v\u00eddeo resgatando os melhores momentos desses 25 anos e posts de expectativa para a pr\u00f3xima edi\u00e7\u00e3o.<\/p>\n\n\n\n<p>O Planeta Atl\u00e2ntida j\u00e1 come\u00e7ou em clima de festa. A ideia do festival surgiu entre um grupo de amigos, formado pelo executivo do Grupo RBS, Renato Sirotsky (1959-2008), e os tr\u00eas s\u00f3cios da DC Set Group, Cic\u00e3o Chies, Dody Sirena e Eug\u00eanio Corr\u00eaa. Juntos, eles criaram o megaevento, que saiu do papel em 1996, como uma forma de festejar os 20 anos de anivers\u00e1rio da R\u00e1dio Atl\u00e2ntida. Hoje, o Planeta \u00e9 o maior festival de m\u00fasica do sul do Brasil e j\u00e1 atraiu mais de 2,2 milh\u00f5es de pessoas para o evento. Foram mais de 800 horas de m\u00fasica e apresenta\u00e7\u00f5es de mais de 1,3 mil atra\u00e7\u00f5es.<\/p>\n\n\n\n<p>Ao longo da hist\u00f3ria do festival, grandes nomes da m\u00fasica brasileira, como Mamonas Assassinas, Tim Maia, Ivete Sangalo, Lulu Santos, Tit\u00e3s, O Rappa e Charlie Brown Jr., pisaram nos palcos do Planeta, que tamb\u00e9m contaram com diversas atra\u00e7\u00f5es internacionais, entre elas Flo Rida, Taio Cruz, Sean Kingston The Offspring, Ne-Yo e Kesha. Outra caracter\u00edstica marcante do evento \u00e9 o de lan\u00e7ar grandes nomes da m\u00fasica nacional, atuando como espa\u00e7o relevante para a divulga\u00e7\u00e3o da m\u00fasica produzida no Rio Grande do Sul e projetando-a nacionalmente, como Cachorro Grande, Armandinho e Papas da L\u00edngua.&nbsp;<\/p>\n\n\n\n<p>\u2013 O Planeta Atl\u00e2ntida tem um impacto grandioso no Rio Grande do Sul, que n\u00e3o \u00e9 s\u00f3 econ\u00f4mico, mas tamb\u00e9m sociocultural. Ele foi o primeiro festival multiatrativo a ser realizado no Brasil, reunindo as mais diferentes experi\u00eancias em um mesmo lugar. \u00c9 um projeto que est\u00e1 na mem\u00f3ria do Rio Grande do Sul h\u00e1 25 anos e que permanece no nosso cora\u00e7\u00e3o \u2013 afirma Cic\u00e3o Chies, s\u00f3cio da DC Set Group e um dos criadores do Planeta Atl\u00e2ntida.<\/p>\n\n\n\n<p>Mas o impacto do Planeta Atl\u00e2ntida para o Rio Grande do Sul vai al\u00e9m da m\u00fasica: segundo estudo realizado pelo PUCRS em 2020, para cada 1 real gasto na realiza\u00e7\u00e3o do evento, gera-se 1 real a mais para a economia ga\u00facha, totalizando um impacto de R$ 119,7 milh\u00f5es injetados no estado. Al\u00e9m disso, contribui para a amplia\u00e7\u00e3o de empregos na regi\u00e3o durante a realiza\u00e7\u00e3o do evento e estimula setores indiretamente envolvidos.<\/p>\n","protected":false},"excerpt":{"rendered":"<p>J\u00e1 \u00e9 tradi\u00e7\u00e3o: todo ano, em fevereiro, os planet\u00e1rios se encontram na Saba, em Atl\u00e2ntida, para curtir o maior evento de m\u00fasica do sul do Brasil. Em 2021, a pandemia causada pelo coronav\u00edrus fez com que os shows, os abra\u00e7os e a vibe do Planeta Atl\u00e2ntida fossem adiados, priorizando o bem-estar de todos aqueles que [&hellip;]<\/p>\n","protected":false},"author":1,"featured_media":21964,"comment_status":"open","ping_status":"open","sticky":false,"template":"","format":"standard","meta":{"tdm_status":"","tdm_grid_status":"","footnotes":""},"categories":[6],"tags":[33,28,1318],"class_list":["post-21963","post","type-post","status-publish","format-standard","has-post-thumbnail","hentry","category-noticias","tag-estrategia","tag-marketing","tag-planeta-atlantida"],"yoast_head":"<!-- This site is optimized with the Yoast SEO plugin v27.5 - https:\/\/yoast.com\/product\/yoast-seo-wordpress\/ -->\n<title>Planeta Atl\u00e2ntida aposta em conte\u00fados especiais para celebrar 25 anos de hist\u00f3rias - CidadeMarketing<\/title>\n<meta name=\"robots\" content=\"index, follow, max-snippet:-1, max-image-preview:large, max-video-preview:-1\" \/>\n<link rel=\"canonical\" href=\"https:\/\/www.cidademarketing.com.br\/marketing\/2021\/02\/06\/planeta-atlantida-aposta-em-conteudos-especiais-para-celebrar-25-anos-de-historias\/\" \/>\n<meta property=\"og:locale\" content=\"pt_BR\" \/>\n<meta property=\"og:type\" content=\"article\" \/>\n<meta property=\"og:title\" content=\"Planeta Atl\u00e2ntida aposta em conte\u00fados especiais para celebrar 25 anos de hist\u00f3rias - CidadeMarketing\" \/>\n<meta property=\"og:description\" content=\"J\u00e1 \u00e9 tradi\u00e7\u00e3o: todo ano, em fevereiro, os planet\u00e1rios se encontram na Saba, em Atl\u00e2ntida, para curtir o maior evento de m\u00fasica do sul do Brasil. Em 2021, a pandemia causada pelo coronav\u00edrus fez com que os shows, os abra\u00e7os e a vibe do Planeta Atl\u00e2ntida fossem adiados, priorizando o bem-estar de todos aqueles que [&hellip;]\" \/>\n<meta property=\"og:url\" content=\"https:\/\/www.cidademarketing.com.br\/marketing\/2021\/02\/06\/planeta-atlantida-aposta-em-conteudos-especiais-para-celebrar-25-anos-de-historias\/\" \/>\n<meta property=\"og:site_name\" content=\"CidadeMarketing\" \/>\n<meta property=\"article:publisher\" content=\"https:\/\/www.facebook.com\/portalcidademarketing\" \/>\n<meta property=\"article:author\" content=\"https:\/\/www.facebook.com\/thalesbrandao\" \/>\n<meta property=\"article:published_time\" content=\"2021-02-06T03:01:44+00:00\" \/>\n<meta property=\"article:modified_time\" content=\"2021-02-06T03:01:48+00:00\" \/>\n<meta property=\"og:image\" content=\"https:\/\/www.cidademarketing.com.br\/marketing\/wp-content\/uploads\/2021\/02\/25a-edicao-do-Planeta-Atlantida_Credito_Andre-feltes_Agencia-Preview-scaled.jpg\" \/>\n\t<meta property=\"og:image:width\" content=\"2560\" \/>\n\t<meta property=\"og:image:height\" content=\"1707\" \/>\n\t<meta property=\"og:image:type\" content=\"image\/jpeg\" \/>\n<meta name=\"author\" content=\"Thales Brand\u00e3o\" \/>\n<meta name=\"twitter:card\" content=\"summary_large_image\" \/>\n<meta name=\"twitter:creator\" content=\"@http:\/\/www.twitter.com\/thalesbrandao\" \/>\n<meta name=\"twitter:site\" content=\"@CidadeMarketing\" \/>\n<meta name=\"twitter:label1\" content=\"Escrito por\" \/>\n\t<meta name=\"twitter:data1\" content=\"Thales Brand\u00e3o\" \/>\n\t<meta name=\"twitter:label2\" content=\"Est. tempo de leitura\" \/>\n\t<meta name=\"twitter:data2\" content=\"5 minutos\" \/>\n<script type=\"application\/ld+json\" class=\"yoast-schema-graph\">{\"@context\":\"https:\\\/\\\/schema.org\",\"@graph\":[{\"@type\":\"Article\",\"@id\":\"https:\\\/\\\/www.cidademarketing.com.br\\\/marketing\\\/2021\\\/02\\\/06\\\/planeta-atlantida-aposta-em-conteudos-especiais-para-celebrar-25-anos-de-historias\\\/#article\",\"isPartOf\":{\"@id\":\"https:\\\/\\\/www.cidademarketing.com.br\\\/marketing\\\/2021\\\/02\\\/06\\\/planeta-atlantida-aposta-em-conteudos-especiais-para-celebrar-25-anos-de-historias\\\/\"},\"author\":{\"name\":\"Thales Brand\u00e3o\",\"@id\":\"https:\\\/\\\/www.cidademarketing.com.br\\\/marketing\\\/#\\\/schema\\\/person\\\/02daff9f18bd9378c9e01eb6b2db155f\"},\"headline\":\"Planeta Atl\u00e2ntida aposta em conte\u00fados especiais para celebrar 25 anos de hist\u00f3rias\",\"datePublished\":\"2021-02-06T03:01:44+00:00\",\"dateModified\":\"2021-02-06T03:01:48+00:00\",\"mainEntityOfPage\":{\"@id\":\"https:\\\/\\\/www.cidademarketing.com.br\\\/marketing\\\/2021\\\/02\\\/06\\\/planeta-atlantida-aposta-em-conteudos-especiais-para-celebrar-25-anos-de-historias\\\/\"},\"wordCount\":1059,\"commentCount\":0,\"publisher\":{\"@id\":\"https:\\\/\\\/www.cidademarketing.com.br\\\/marketing\\\/#organization\"},\"image\":{\"@id\":\"https:\\\/\\\/www.cidademarketing.com.br\\\/marketing\\\/2021\\\/02\\\/06\\\/planeta-atlantida-aposta-em-conteudos-especiais-para-celebrar-25-anos-de-historias\\\/#primaryimage\"},\"thumbnailUrl\":\"https:\\\/\\\/www.cidademarketing.com.br\\\/marketing\\\/wp-content\\\/uploads\\\/2021\\\/02\\\/25a-edicao-do-Planeta-Atlantida_Credito_Andre-feltes_Agencia-Preview-scaled.jpg\",\"keywords\":[\"estrat\u00e9gia\",\"marketing\",\"Planeta Atl\u00e2ntida\"],\"articleSection\":[\"Not\u00edcias\"],\"inLanguage\":\"pt-BR\",\"potentialAction\":[{\"@type\":\"CommentAction\",\"name\":\"Comment\",\"target\":[\"https:\\\/\\\/www.cidademarketing.com.br\\\/marketing\\\/2021\\\/02\\\/06\\\/planeta-atlantida-aposta-em-conteudos-especiais-para-celebrar-25-anos-de-historias\\\/#respond\"]}]},{\"@type\":\"WebPage\",\"@id\":\"https:\\\/\\\/www.cidademarketing.com.br\\\/marketing\\\/2021\\\/02\\\/06\\\/planeta-atlantida-aposta-em-conteudos-especiais-para-celebrar-25-anos-de-historias\\\/\",\"url\":\"https:\\\/\\\/www.cidademarketing.com.br\\\/marketing\\\/2021\\\/02\\\/06\\\/planeta-atlantida-aposta-em-conteudos-especiais-para-celebrar-25-anos-de-historias\\\/\",\"name\":\"Planeta Atl\u00e2ntida aposta em conte\u00fados especiais para celebrar 25 anos de hist\u00f3rias - CidadeMarketing\",\"isPartOf\":{\"@id\":\"https:\\\/\\\/www.cidademarketing.com.br\\\/marketing\\\/#website\"},\"primaryImageOfPage\":{\"@id\":\"https:\\\/\\\/www.cidademarketing.com.br\\\/marketing\\\/2021\\\/02\\\/06\\\/planeta-atlantida-aposta-em-conteudos-especiais-para-celebrar-25-anos-de-historias\\\/#primaryimage\"},\"image\":{\"@id\":\"https:\\\/\\\/www.cidademarketing.com.br\\\/marketing\\\/2021\\\/02\\\/06\\\/planeta-atlantida-aposta-em-conteudos-especiais-para-celebrar-25-anos-de-historias\\\/#primaryimage\"},\"thumbnailUrl\":\"https:\\\/\\\/www.cidademarketing.com.br\\\/marketing\\\/wp-content\\\/uploads\\\/2021\\\/02\\\/25a-edicao-do-Planeta-Atlantida_Credito_Andre-feltes_Agencia-Preview-scaled.jpg\",\"datePublished\":\"2021-02-06T03:01:44+00:00\",\"dateModified\":\"2021-02-06T03:01:48+00:00\",\"breadcrumb\":{\"@id\":\"https:\\\/\\\/www.cidademarketing.com.br\\\/marketing\\\/2021\\\/02\\\/06\\\/planeta-atlantida-aposta-em-conteudos-especiais-para-celebrar-25-anos-de-historias\\\/#breadcrumb\"},\"inLanguage\":\"pt-BR\",\"potentialAction\":[{\"@type\":\"ReadAction\",\"target\":[\"https:\\\/\\\/www.cidademarketing.com.br\\\/marketing\\\/2021\\\/02\\\/06\\\/planeta-atlantida-aposta-em-conteudos-especiais-para-celebrar-25-anos-de-historias\\\/\"]}]},{\"@type\":\"ImageObject\",\"inLanguage\":\"pt-BR\",\"@id\":\"https:\\\/\\\/www.cidademarketing.com.br\\\/marketing\\\/2021\\\/02\\\/06\\\/planeta-atlantida-aposta-em-conteudos-especiais-para-celebrar-25-anos-de-historias\\\/#primaryimage\",\"url\":\"https:\\\/\\\/www.cidademarketing.com.br\\\/marketing\\\/wp-content\\\/uploads\\\/2021\\\/02\\\/25a-edicao-do-Planeta-Atlantida_Credito_Andre-feltes_Agencia-Preview-scaled.jpg\",\"contentUrl\":\"https:\\\/\\\/www.cidademarketing.com.br\\\/marketing\\\/wp-content\\\/uploads\\\/2021\\\/02\\\/25a-edicao-do-Planeta-Atlantida_Credito_Andre-feltes_Agencia-Preview-scaled.jpg\",\"width\":2560,\"height\":1707,\"caption\":\"Raimundos durante a 25\u00aa edi\u00e7\u00e3o do Planeta Atl\u00e2ntida. O maior festival de m\u00fasica do Sul do Brasil ocorre nos dias 31 Janeiro e 01 de fevereiro, na SABA, praia de Atl\u00e2ntida, no Litoral Norte do Rio Grande do Sul. FOTO: Andr\u00e9 feltes\\\/ Ag\u00eancia Preview\"},{\"@type\":\"BreadcrumbList\",\"@id\":\"https:\\\/\\\/www.cidademarketing.com.br\\\/marketing\\\/2021\\\/02\\\/06\\\/planeta-atlantida-aposta-em-conteudos-especiais-para-celebrar-25-anos-de-historias\\\/#breadcrumb\",\"itemListElement\":[{\"@type\":\"ListItem\",\"position\":1,\"name\":\"In\u00edcio\",\"item\":\"https:\\\/\\\/www.cidademarketing.com.br\\\/marketing\\\/\"},{\"@type\":\"ListItem\",\"position\":2,\"name\":\"Planeta Atl\u00e2ntida aposta em conte\u00fados especiais para celebrar 25 anos de hist\u00f3rias\"}]},{\"@type\":\"WebSite\",\"@id\":\"https:\\\/\\\/www.cidademarketing.com.br\\\/marketing\\\/#website\",\"url\":\"https:\\\/\\\/www.cidademarketing.com.br\\\/marketing\\\/\",\"name\":\"CidadeMarketing\",\"description\":\"Somos um ve\u00edculo de comunica\u00e7\u00e3o de destaque no Brasil, reconhecido por conte\u00fados nos segmentos de marketing, empreendedorismo e inova\u00e7\u00e3o.\",\"publisher\":{\"@id\":\"https:\\\/\\\/www.cidademarketing.com.br\\\/marketing\\\/#organization\"},\"alternateName\":\"CidadeMarketing\",\"potentialAction\":[{\"@type\":\"SearchAction\",\"target\":{\"@type\":\"EntryPoint\",\"urlTemplate\":\"https:\\\/\\\/www.cidademarketing.com.br\\\/marketing\\\/?s={search_term_string}\"},\"query-input\":{\"@type\":\"PropertyValueSpecification\",\"valueRequired\":true,\"valueName\":\"search_term_string\"}}],\"inLanguage\":\"pt-BR\"},{\"@type\":\"Organization\",\"@id\":\"https:\\\/\\\/www.cidademarketing.com.br\\\/marketing\\\/#organization\",\"name\":\"CidadeMarketing\",\"alternateName\":\"CidadeMarketing\",\"url\":\"https:\\\/\\\/www.cidademarketing.com.br\\\/marketing\\\/\",\"logo\":{\"@type\":\"ImageObject\",\"inLanguage\":\"pt-BR\",\"@id\":\"https:\\\/\\\/www.cidademarketing.com.br\\\/marketing\\\/#\\\/schema\\\/logo\\\/image\\\/\",\"url\":\"https:\\\/\\\/www.cidademarketing.com.br\\\/marketing\\\/wp-content\\\/uploads\\\/2020\\\/01\\\/cidademarketing_marca_mobile.png\",\"contentUrl\":\"https:\\\/\\\/www.cidademarketing.com.br\\\/marketing\\\/wp-content\\\/uploads\\\/2020\\\/01\\\/cidademarketing_marca_mobile.png\",\"width\":230,\"height\":92,\"caption\":\"CidadeMarketing\"},\"image\":{\"@id\":\"https:\\\/\\\/www.cidademarketing.com.br\\\/marketing\\\/#\\\/schema\\\/logo\\\/image\\\/\"},\"sameAs\":[\"https:\\\/\\\/www.facebook.com\\\/portalcidademarketing\",\"https:\\\/\\\/x.com\\\/CidadeMarketing\",\"https:\\\/\\\/www.instagram.com\\\/cidademarketing\\\/\"]},{\"@type\":\"Person\",\"@id\":\"https:\\\/\\\/www.cidademarketing.com.br\\\/marketing\\\/#\\\/schema\\\/person\\\/02daff9f18bd9378c9e01eb6b2db155f\",\"name\":\"Thales Brand\u00e3o\",\"image\":{\"@type\":\"ImageObject\",\"inLanguage\":\"pt-BR\",\"@id\":\"https:\\\/\\\/secure.gravatar.com\\\/avatar\\\/7ca3206950207cc3cb48feec56a8a7898741ab725c368d99d5d7a5a50aab80c6?s=96&d=mm&r=g\",\"url\":\"https:\\\/\\\/secure.gravatar.com\\\/avatar\\\/7ca3206950207cc3cb48feec56a8a7898741ab725c368d99d5d7a5a50aab80c6?s=96&d=mm&r=g\",\"contentUrl\":\"https:\\\/\\\/secure.gravatar.com\\\/avatar\\\/7ca3206950207cc3cb48feec56a8a7898741ab725c368d99d5d7a5a50aab80c6?s=96&d=mm&r=g\",\"caption\":\"Thales Brand\u00e3o\"},\"description\":\"Editor Executivo do Portal CidadeMarketing.com.br &gt; Mestre em Comunica\u00e7\u00e3o e Sociedade pela Universidade Federal de Sergipe. Possui MBA Executivo em Administra\u00e7\u00e3o com \u00eanfase em Marketing pela Funda\u00e7\u00e3o Get\u00falio Vargas - Rio de Janeiro. Consultor, Palestrante e Pesquisador sobre Empreendedorismo, Marketing, Redes Sociais e Neg\u00f3cios Digitais. Professor, Palestrante TedxTalks e Campus Party. Twitter: @ThalesBrandao\",\"sameAs\":[\"http:\\\/\\\/www.mandacaru.com.br\",\"https:\\\/\\\/www.facebook.com\\\/thalesbrandao\",\"http:\\\/\\\/www.instagram.com.br\\\/thalesbrandaoferreira\",\"https:\\\/\\\/www.linkedin.com\\\/in\\\/thales-brand\u00e3o-3948609\\\/\",\"https:\\\/\\\/x.com\\\/http:\\\/\\\/www.twitter.com\\\/thalesbrandao\"],\"url\":\"https:\\\/\\\/www.cidademarketing.com.br\\\/marketing\\\/author\\\/thalesbrandao\\\/\"}]}<\/script>\n<!-- \/ Yoast SEO plugin. -->","yoast_head_json":{"title":"Planeta Atl\u00e2ntida aposta em conte\u00fados especiais para celebrar 25 anos de hist\u00f3rias - CidadeMarketing","robots":{"index":"index","follow":"follow","max-snippet":"max-snippet:-1","max-image-preview":"max-image-preview:large","max-video-preview":"max-video-preview:-1"},"canonical":"https:\/\/www.cidademarketing.com.br\/marketing\/2021\/02\/06\/planeta-atlantida-aposta-em-conteudos-especiais-para-celebrar-25-anos-de-historias\/","og_locale":"pt_BR","og_type":"article","og_title":"Planeta Atl\u00e2ntida aposta em conte\u00fados especiais para celebrar 25 anos de hist\u00f3rias - CidadeMarketing","og_description":"J\u00e1 \u00e9 tradi\u00e7\u00e3o: todo ano, em fevereiro, os planet\u00e1rios se encontram na Saba, em Atl\u00e2ntida, para curtir o maior evento de m\u00fasica do sul do Brasil. Em 2021, a pandemia causada pelo coronav\u00edrus fez com que os shows, os abra\u00e7os e a vibe do Planeta Atl\u00e2ntida fossem adiados, priorizando o bem-estar de todos aqueles que [&hellip;]","og_url":"https:\/\/www.cidademarketing.com.br\/marketing\/2021\/02\/06\/planeta-atlantida-aposta-em-conteudos-especiais-para-celebrar-25-anos-de-historias\/","og_site_name":"CidadeMarketing","article_publisher":"https:\/\/www.facebook.com\/portalcidademarketing","article_author":"https:\/\/www.facebook.com\/thalesbrandao","article_published_time":"2021-02-06T03:01:44+00:00","article_modified_time":"2021-02-06T03:01:48+00:00","og_image":[{"width":2560,"height":1707,"url":"https:\/\/www.cidademarketing.com.br\/marketing\/wp-content\/uploads\/2021\/02\/25a-edicao-do-Planeta-Atlantida_Credito_Andre-feltes_Agencia-Preview-scaled.jpg","type":"image\/jpeg"}],"author":"Thales Brand\u00e3o","twitter_card":"summary_large_image","twitter_creator":"@http:\/\/www.twitter.com\/thalesbrandao","twitter_site":"@CidadeMarketing","twitter_misc":{"Escrito por":"Thales Brand\u00e3o","Est. tempo de leitura":"5 minutos"},"schema":{"@context":"https:\/\/schema.org","@graph":[{"@type":"Article","@id":"https:\/\/www.cidademarketing.com.br\/marketing\/2021\/02\/06\/planeta-atlantida-aposta-em-conteudos-especiais-para-celebrar-25-anos-de-historias\/#article","isPartOf":{"@id":"https:\/\/www.cidademarketing.com.br\/marketing\/2021\/02\/06\/planeta-atlantida-aposta-em-conteudos-especiais-para-celebrar-25-anos-de-historias\/"},"author":{"name":"Thales Brand\u00e3o","@id":"https:\/\/www.cidademarketing.com.br\/marketing\/#\/schema\/person\/02daff9f18bd9378c9e01eb6b2db155f"},"headline":"Planeta Atl\u00e2ntida aposta em conte\u00fados especiais para celebrar 25 anos de hist\u00f3rias","datePublished":"2021-02-06T03:01:44+00:00","dateModified":"2021-02-06T03:01:48+00:00","mainEntityOfPage":{"@id":"https:\/\/www.cidademarketing.com.br\/marketing\/2021\/02\/06\/planeta-atlantida-aposta-em-conteudos-especiais-para-celebrar-25-anos-de-historias\/"},"wordCount":1059,"commentCount":0,"publisher":{"@id":"https:\/\/www.cidademarketing.com.br\/marketing\/#organization"},"image":{"@id":"https:\/\/www.cidademarketing.com.br\/marketing\/2021\/02\/06\/planeta-atlantida-aposta-em-conteudos-especiais-para-celebrar-25-anos-de-historias\/#primaryimage"},"thumbnailUrl":"https:\/\/www.cidademarketing.com.br\/marketing\/wp-content\/uploads\/2021\/02\/25a-edicao-do-Planeta-Atlantida_Credito_Andre-feltes_Agencia-Preview-scaled.jpg","keywords":["estrat\u00e9gia","marketing","Planeta Atl\u00e2ntida"],"articleSection":["Not\u00edcias"],"inLanguage":"pt-BR","potentialAction":[{"@type":"CommentAction","name":"Comment","target":["https:\/\/www.cidademarketing.com.br\/marketing\/2021\/02\/06\/planeta-atlantida-aposta-em-conteudos-especiais-para-celebrar-25-anos-de-historias\/#respond"]}]},{"@type":"WebPage","@id":"https:\/\/www.cidademarketing.com.br\/marketing\/2021\/02\/06\/planeta-atlantida-aposta-em-conteudos-especiais-para-celebrar-25-anos-de-historias\/","url":"https:\/\/www.cidademarketing.com.br\/marketing\/2021\/02\/06\/planeta-atlantida-aposta-em-conteudos-especiais-para-celebrar-25-anos-de-historias\/","name":"Planeta Atl\u00e2ntida aposta em conte\u00fados especiais para celebrar 25 anos de hist\u00f3rias - CidadeMarketing","isPartOf":{"@id":"https:\/\/www.cidademarketing.com.br\/marketing\/#website"},"primaryImageOfPage":{"@id":"https:\/\/www.cidademarketing.com.br\/marketing\/2021\/02\/06\/planeta-atlantida-aposta-em-conteudos-especiais-para-celebrar-25-anos-de-historias\/#primaryimage"},"image":{"@id":"https:\/\/www.cidademarketing.com.br\/marketing\/2021\/02\/06\/planeta-atlantida-aposta-em-conteudos-especiais-para-celebrar-25-anos-de-historias\/#primaryimage"},"thumbnailUrl":"https:\/\/www.cidademarketing.com.br\/marketing\/wp-content\/uploads\/2021\/02\/25a-edicao-do-Planeta-Atlantida_Credito_Andre-feltes_Agencia-Preview-scaled.jpg","datePublished":"2021-02-06T03:01:44+00:00","dateModified":"2021-02-06T03:01:48+00:00","breadcrumb":{"@id":"https:\/\/www.cidademarketing.com.br\/marketing\/2021\/02\/06\/planeta-atlantida-aposta-em-conteudos-especiais-para-celebrar-25-anos-de-historias\/#breadcrumb"},"inLanguage":"pt-BR","potentialAction":[{"@type":"ReadAction","target":["https:\/\/www.cidademarketing.com.br\/marketing\/2021\/02\/06\/planeta-atlantida-aposta-em-conteudos-especiais-para-celebrar-25-anos-de-historias\/"]}]},{"@type":"ImageObject","inLanguage":"pt-BR","@id":"https:\/\/www.cidademarketing.com.br\/marketing\/2021\/02\/06\/planeta-atlantida-aposta-em-conteudos-especiais-para-celebrar-25-anos-de-historias\/#primaryimage","url":"https:\/\/www.cidademarketing.com.br\/marketing\/wp-content\/uploads\/2021\/02\/25a-edicao-do-Planeta-Atlantida_Credito_Andre-feltes_Agencia-Preview-scaled.jpg","contentUrl":"https:\/\/www.cidademarketing.com.br\/marketing\/wp-content\/uploads\/2021\/02\/25a-edicao-do-Planeta-Atlantida_Credito_Andre-feltes_Agencia-Preview-scaled.jpg","width":2560,"height":1707,"caption":"Raimundos durante a 25\u00aa edi\u00e7\u00e3o do Planeta Atl\u00e2ntida. O maior festival de m\u00fasica do Sul do Brasil ocorre nos dias 31 Janeiro e 01 de fevereiro, na SABA, praia de Atl\u00e2ntida, no Litoral Norte do Rio Grande do Sul. FOTO: Andr\u00e9 feltes\/ Ag\u00eancia Preview"},{"@type":"BreadcrumbList","@id":"https:\/\/www.cidademarketing.com.br\/marketing\/2021\/02\/06\/planeta-atlantida-aposta-em-conteudos-especiais-para-celebrar-25-anos-de-historias\/#breadcrumb","itemListElement":[{"@type":"ListItem","position":1,"name":"In\u00edcio","item":"https:\/\/www.cidademarketing.com.br\/marketing\/"},{"@type":"ListItem","position":2,"name":"Planeta Atl\u00e2ntida aposta em conte\u00fados especiais para celebrar 25 anos de hist\u00f3rias"}]},{"@type":"WebSite","@id":"https:\/\/www.cidademarketing.com.br\/marketing\/#website","url":"https:\/\/www.cidademarketing.com.br\/marketing\/","name":"CidadeMarketing","description":"Somos um ve\u00edculo de comunica\u00e7\u00e3o de destaque no Brasil, reconhecido por conte\u00fados nos segmentos de marketing, empreendedorismo e inova\u00e7\u00e3o.","publisher":{"@id":"https:\/\/www.cidademarketing.com.br\/marketing\/#organization"},"alternateName":"CidadeMarketing","potentialAction":[{"@type":"SearchAction","target":{"@type":"EntryPoint","urlTemplate":"https:\/\/www.cidademarketing.com.br\/marketing\/?s={search_term_string}"},"query-input":{"@type":"PropertyValueSpecification","valueRequired":true,"valueName":"search_term_string"}}],"inLanguage":"pt-BR"},{"@type":"Organization","@id":"https:\/\/www.cidademarketing.com.br\/marketing\/#organization","name":"CidadeMarketing","alternateName":"CidadeMarketing","url":"https:\/\/www.cidademarketing.com.br\/marketing\/","logo":{"@type":"ImageObject","inLanguage":"pt-BR","@id":"https:\/\/www.cidademarketing.com.br\/marketing\/#\/schema\/logo\/image\/","url":"https:\/\/www.cidademarketing.com.br\/marketing\/wp-content\/uploads\/2020\/01\/cidademarketing_marca_mobile.png","contentUrl":"https:\/\/www.cidademarketing.com.br\/marketing\/wp-content\/uploads\/2020\/01\/cidademarketing_marca_mobile.png","width":230,"height":92,"caption":"CidadeMarketing"},"image":{"@id":"https:\/\/www.cidademarketing.com.br\/marketing\/#\/schema\/logo\/image\/"},"sameAs":["https:\/\/www.facebook.com\/portalcidademarketing","https:\/\/x.com\/CidadeMarketing","https:\/\/www.instagram.com\/cidademarketing\/"]},{"@type":"Person","@id":"https:\/\/www.cidademarketing.com.br\/marketing\/#\/schema\/person\/02daff9f18bd9378c9e01eb6b2db155f","name":"Thales Brand\u00e3o","image":{"@type":"ImageObject","inLanguage":"pt-BR","@id":"https:\/\/secure.gravatar.com\/avatar\/7ca3206950207cc3cb48feec56a8a7898741ab725c368d99d5d7a5a50aab80c6?s=96&d=mm&r=g","url":"https:\/\/secure.gravatar.com\/avatar\/7ca3206950207cc3cb48feec56a8a7898741ab725c368d99d5d7a5a50aab80c6?s=96&d=mm&r=g","contentUrl":"https:\/\/secure.gravatar.com\/avatar\/7ca3206950207cc3cb48feec56a8a7898741ab725c368d99d5d7a5a50aab80c6?s=96&d=mm&r=g","caption":"Thales Brand\u00e3o"},"description":"Editor Executivo do Portal CidadeMarketing.com.br &gt; Mestre em Comunica\u00e7\u00e3o e Sociedade pela Universidade Federal de Sergipe. Possui MBA Executivo em Administra\u00e7\u00e3o com \u00eanfase em Marketing pela Funda\u00e7\u00e3o Get\u00falio Vargas - Rio de Janeiro. Consultor, Palestrante e Pesquisador sobre Empreendedorismo, Marketing, Redes Sociais e Neg\u00f3cios Digitais. Professor, Palestrante TedxTalks e Campus Party. Twitter: @ThalesBrandao","sameAs":["http:\/\/www.mandacaru.com.br","https:\/\/www.facebook.com\/thalesbrandao","http:\/\/www.instagram.com.br\/thalesbrandaoferreira","https:\/\/www.linkedin.com\/in\/thales-brand\u00e3o-3948609\/","https:\/\/x.com\/http:\/\/www.twitter.com\/thalesbrandao"],"url":"https:\/\/www.cidademarketing.com.br\/marketing\/author\/thalesbrandao\/"}]}},"amp_enabled":true,"_links":{"self":[{"href":"https:\/\/www.cidademarketing.com.br\/marketing\/wp-json\/wp\/v2\/posts\/21963","targetHints":{"allow":["GET"]}}],"collection":[{"href":"https:\/\/www.cidademarketing.com.br\/marketing\/wp-json\/wp\/v2\/posts"}],"about":[{"href":"https:\/\/www.cidademarketing.com.br\/marketing\/wp-json\/wp\/v2\/types\/post"}],"author":[{"embeddable":true,"href":"https:\/\/www.cidademarketing.com.br\/marketing\/wp-json\/wp\/v2\/users\/1"}],"replies":[{"embeddable":true,"href":"https:\/\/www.cidademarketing.com.br\/marketing\/wp-json\/wp\/v2\/comments?post=21963"}],"version-history":[{"count":1,"href":"https:\/\/www.cidademarketing.com.br\/marketing\/wp-json\/wp\/v2\/posts\/21963\/revisions"}],"predecessor-version":[{"id":21965,"href":"https:\/\/www.cidademarketing.com.br\/marketing\/wp-json\/wp\/v2\/posts\/21963\/revisions\/21965"}],"wp:featuredmedia":[{"embeddable":true,"href":"https:\/\/www.cidademarketing.com.br\/marketing\/wp-json\/wp\/v2\/media\/21964"}],"wp:attachment":[{"href":"https:\/\/www.cidademarketing.com.br\/marketing\/wp-json\/wp\/v2\/media?parent=21963"}],"wp:term":[{"taxonomy":"category","embeddable":true,"href":"https:\/\/www.cidademarketing.com.br\/marketing\/wp-json\/wp\/v2\/categories?post=21963"},{"taxonomy":"post_tag","embeddable":true,"href":"https:\/\/www.cidademarketing.com.br\/marketing\/wp-json\/wp\/v2\/tags?post=21963"}],"curies":[{"name":"wp","href":"https:\/\/api.w.org\/{rel}","templated":true}]}}