{"id":21722,"date":"2021-01-23T20:48:30","date_gmt":"2021-01-23T23:48:30","guid":{"rendered":"https:\/\/www.cidademarketing.com.br\/marketing\/?p=21722"},"modified":"2021-01-23T20:48:33","modified_gmt":"2021-01-23T23:48:33","slug":"xuxa-meneghel-e-entrevistada-por-evaristo-costa-na-estreia-da-nova-temporada-do-cnn-series-originais","status":"publish","type":"post","link":"https:\/\/www.cidademarketing.com.br\/marketing\/2021\/01\/23\/xuxa-meneghel-e-entrevistada-por-evaristo-costa-na-estreia-da-nova-temporada-do-cnn-series-originais\/","title":{"rendered":"Xuxa Meneghel \u00e9 entrevistada por Evaristo Costa na estreia da nova temporada do \u201cCNN S\u00e9ries Originais\u201d"},"content":{"rendered":"\n<p>No pr\u00f3ximo domingo, dia <strong>24\/01, \u00e0s 19h<\/strong>, o premiado programa \u201cCNN S\u00e9ries Originais\u201d inicia a exibi\u00e7\u00e3o de novos document\u00e1rios in\u00e9ditos com a apresenta\u00e7\u00e3o de duas reportagens especiais exclusivas: \u201c<strong><u>Supermodelos<\/u><\/strong>\u201d, que mergulha no universo das modelos para entender os sonhos, a busca pelo sucesso, as ilus\u00f5es e os novos padr\u00f5es de beleza; e \u201c<strong><u>Fronteiras do Brasil<\/u><\/strong>\u201d, que investiga os desafios enfrentados pelas autoridades nas fronteiras com 10 pa\u00edses vizinhos da Am\u00e9rica do Sul.<\/p>\n\n\n\n<p>Dividido em quatro epis\u00f3dios: <em>Sonho<\/em>, <em>Sucesso<\/em>, <em>Ilus\u00e3o<\/em> e <em>Novos Padr\u00f5es, o<\/em> document\u00e1rio \u201c<strong>Supermodelos<\/strong>\u201d apresenta o que Xuxa Meneghel, Gisele B\u00fcndchen e Caroline Trentini t\u00eam em comum. Famosas, bem-sucedidas e \u00edcones da beleza mundial, as tr\u00eas nasceram no interior do Rio Grande do Sul e constru\u00edram uma carreira de sucesso no mundo da moda. Elas s\u00e3o algumas das personagens da nova s\u00e9rie do \u201cCNN S\u00e9ries Originais\u201d que mergulhou, durante dois meses, nos bastidores do universo das modelos.<\/p>\n\n\n\n<p>No <strong>primeiro epis\u00f3dio<\/strong>, Xuxa Meneghel deu uma entrevista in\u00e9dita para o apresentador Evaristo Costa. Na conversa, ela revelou detalhes das conquistas e perigos que viveu como modelo. Um dos maiores nomes da moda da d\u00e9cada de 80 e hoje uma das principais apresentadoras da televis\u00e3o brasileira falou do sonho de ser modelo, ainda jovem, na cidade de Santa Rosa, Rio Grande do Sul: \u201cEu corri atr\u00e1s, eu queria trabalhar para dar grana para minha fam\u00edlia. Eu queria trabalhar para ajudar a minha m\u00e3e, meu pai, para dar presentes para os outros. Era o meu intuito de crian\u00e7a. Era minha vontade de dar presente para quem eu gosto\u201d, conta. Entre outras declara\u00e7\u00f5es in\u00e9ditas, Xuxa lembrou das dificuldades que vivenciou. \u201cEu passei por um momento que as pessoas n\u00e3o me aceitavam como brasileira e n\u00e3o me aceitavam como modelo\u201d.<\/p>\n\n\n\n<p>A apresentadora ainda falou sobre o seu objetivo na \u00e9poca. \u201cEu botei na minha cabe\u00e7a que eu queria fazer o meu melhor, queria dar o meu melhor, queria ser a melhor e acabei conseguindo\u201d, revelou.<\/p>\n\n\n\n<p>Sobre os valores recebidos com os trabalhos realizados, Xuxa destacou que n\u00e3o sabia o que fazer com tanto dinheiro. \u201cNa boa, a gente ganhava muita grana. Eram 8 mil reais por dia. Eu chegava em casa e dizia: \u2018o que eu vou fazer com tanto dinheiro? Onde eu vou botar isso?\u2019\u201d, disse ao apresentador Evaristo Costa.<\/p>\n\n\n\n<p>A equipe de reportagem da CNN Brasil viajou para Santa Rosa, no interior do Rio Grande do Sul. Na pequena cidade onde nasceu Xuxa Meneghel, os rep\u00f3rteres do canal entraram na casa onde ela viveu at\u00e9 seus sete anos de idade para conhecer a jovem modelo Gabi Rock, que se inspira nos passos da \u2018Rainha dos Baixinhos\u2019 para construir sua carreira.<\/p>\n\n\n\n<p>O \u201cCNN S\u00e9ries Originais\u201d tamb\u00e9m percorreu outras cidades do Rio Grande do Sul, como Horizontina &#8211; terra onde nasceu e foi descoberta Gisele B\u00fcndchen, a maior modelo de todos os tempos. Neste Estado, celeiro de beleza, os rep\u00f3rteres do canal encontraram Dilson Stein, o agente que viu o talento de Gisele, e em Gramado, na serra ga\u00facha, foram na casa de Ieda Maria Vargas, a primeira Miss Universo brasileira, em 1963.<\/p>\n\n\n\n<p>J\u00e1 em Santa Catarina, os modelos internacionais Carol Trentini e Marlon Teixeira revelaram suas trajet\u00f3rias e explicaram porque escolheram o litoral catarinense para morar mesmo com uma agenda lotada para trabalhos nas grandes grifes no exterior.<\/p>\n\n\n\n<p>No Rio de Janeiro, duas ex-modelos de gera\u00e7\u00f5es diferentes contam suas experi\u00eancias profissionais e pessoais. No exuberante Copacabana Palace, Luiza Brunet se emociona com lembran\u00e7as, e em sua casa, Fernanda Tavares conta as realiza\u00e7\u00f5es e ilus\u00f5es proporcionadas com a carreira de top model.<\/p>\n\n\n\n<p>Os perigos da carreira tamb\u00e9m v\u00e3o estar em evid\u00eancia. Os rep\u00f3rteres da CNN revelam como o Minist\u00e9rio P\u00fablico do Trabalho desarticulou a chamada &#8220;Gangue das Barbies&#8221;, um esquema de falsos empres\u00e1rios que recrutavam jovens modelos para participar de projetos que nunca passaram de promessas e golpes.<\/p>\n\n\n\n<p>Na s\u00e9rie \u201c<strong>Fronteiras do Brasil<\/strong>\u201d, os rep\u00f3rteres do \u201cCNN S\u00e9ries Originais\u201d percorrem as fronteiras do Brasil com 10 pa\u00edses vizinhos da Am\u00e9rica do Sul para investigar os desafios enfrentados pelas autoridades nas regi\u00f5es mais remotas do pa\u00eds. Do tr\u00e1fico de drogas, na regi\u00e3o oeste, at\u00e9 o contrabando de agrot\u00f3xicos no sul do pa\u00eds. Do garimpo ilegal de ouro em terras ind\u00edgenas ianom\u00e2mis at\u00e9 a entrada de refugiados venezuelanos, no norte do pa\u00eds. Em quatro epis\u00f3dios: <em>Caminho ilegal do ouro<\/em>, Fuga da Venezuela, <em>Dom\u00ednio do tr\u00e1fico<\/em> e <em>O novo contrabando<\/em>, a atra\u00e7\u00e3o da CNN apresenta um retrato fiel \u2013 e assustador \u2013 sobre o que acontece nas fronteiras do Brasil.<\/p>\n\n\n\n<p>O <strong>epis\u00f3dio de estreia<\/strong> revela os problemas enfrentados pelas autoridades para combater o garimpo ilegal de ouro da fronteira norte do Brasil, mais especificamente em Roraima, na divisa com a Venezuela. No estado, existem pelo menos 110 garimpos ilegais. Todo o ouro que \u00e9 retirado em Roraima tem origem ilegal. A maior parte \u00e9 extra\u00edda de reservas ind\u00edgenas, o que gera uma disputa entre garimpeiros e ind\u00edgenas da regi\u00e3o.<\/p>\n\n\n\n<p>Durante as grava\u00e7\u00f5es na Reserva Ind\u00edgena Raposa Serra do Sol, a equipe da CNN Brasil foi perseguida por garimpeiros de moto. Os rep\u00f3rteres tiveram que fugir de carro para n\u00e3o serem alcan\u00e7ados. Perguntado se teria acontecido morte caso fossem pegos, um ind\u00edgena da regi\u00e3o foi enf\u00e1tico: \u201cSim\u201d, respondeu.<\/p>\n\n\n\n<p>O garimpo ilegal em terra ind\u00edgena causa desmatamento e amea\u00e7a a vida das comunidades. O merc\u00fario utilizado para separar o ouro \u00e9 despejado nos rios e prejudica a sa\u00fade dos povos origin\u00e1rios: \u201cN\u00f3s queremos \u00e1gua limpa para beber, n\u00f3s queremos viver em paz, n\u00f3s queremos um peixe saud\u00e1vel para gente pescar e poder comer alimentar nossos filhos. E se esse garimpo continuar sendo assim toda essa biodiversidade ela vai ser polu\u00edda\u201d, apela um dos ind\u00edgenas.<\/p>\n\n\n\n<p>A maior parte do ouro extra\u00eddo ilegalmente em Roraima \u00e9 vendida formalmente para a \u00cdndia, por meio de um esquema criminoso que \u201cesquenta\u201d o ouro, com documenta\u00e7\u00e3o falsa.<\/p>\n","protected":false},"excerpt":{"rendered":"<p>No pr\u00f3ximo domingo, dia 24\/01, \u00e0s 19h, o premiado programa \u201cCNN S\u00e9ries Originais\u201d inicia a exibi\u00e7\u00e3o de novos document\u00e1rios in\u00e9ditos com a apresenta\u00e7\u00e3o de duas reportagens especiais exclusivas: \u201cSupermodelos\u201d, que mergulha no universo das modelos para entender os sonhos, a busca pelo sucesso, as ilus\u00f5es e os novos padr\u00f5es de beleza; e \u201cFronteiras do Brasil\u201d, [&hellip;]<\/p>\n","protected":false},"author":1,"featured_media":21723,"comment_status":"open","ping_status":"open","sticky":false,"template":"","format":"standard","meta":{"tdm_status":"","tdm_grid_status":"","footnotes":""},"categories":[6],"tags":[1143,1144,28,391],"class_list":["post-21722","post","type-post","status-publish","format-standard","has-post-thumbnail","hentry","category-noticias","tag-cnn","tag-cnn-brasil","tag-marketing","tag-xuxa"],"yoast_head":"<!-- This site is optimized with the Yoast SEO plugin v27.4 - https:\/\/yoast.com\/product\/yoast-seo-wordpress\/ -->\n<title>Xuxa Meneghel \u00e9 entrevistada por Evaristo Costa na estreia da nova temporada do \u201cCNN S\u00e9ries Originais\u201d - CidadeMarketing<\/title>\n<meta name=\"robots\" content=\"index, follow, max-snippet:-1, max-image-preview:large, max-video-preview:-1\" \/>\n<link rel=\"canonical\" href=\"https:\/\/www.cidademarketing.com.br\/marketing\/2021\/01\/23\/xuxa-meneghel-e-entrevistada-por-evaristo-costa-na-estreia-da-nova-temporada-do-cnn-series-originais\/\" \/>\n<meta property=\"og:locale\" content=\"pt_BR\" \/>\n<meta property=\"og:type\" content=\"article\" \/>\n<meta property=\"og:title\" content=\"Xuxa Meneghel \u00e9 entrevistada por Evaristo Costa na estreia da nova temporada do \u201cCNN S\u00e9ries Originais\u201d - CidadeMarketing\" \/>\n<meta property=\"og:description\" content=\"No pr\u00f3ximo domingo, dia 24\/01, \u00e0s 19h, o premiado programa \u201cCNN S\u00e9ries Originais\u201d inicia a exibi\u00e7\u00e3o de novos document\u00e1rios in\u00e9ditos com a apresenta\u00e7\u00e3o de duas reportagens especiais exclusivas: \u201cSupermodelos\u201d, que mergulha no universo das modelos para entender os sonhos, a busca pelo sucesso, as ilus\u00f5es e os novos padr\u00f5es de beleza; e \u201cFronteiras do Brasil\u201d, [&hellip;]\" \/>\n<meta property=\"og:url\" content=\"https:\/\/www.cidademarketing.com.br\/marketing\/2021\/01\/23\/xuxa-meneghel-e-entrevistada-por-evaristo-costa-na-estreia-da-nova-temporada-do-cnn-series-originais\/\" \/>\n<meta property=\"og:site_name\" content=\"CidadeMarketing\" \/>\n<meta property=\"article:publisher\" content=\"https:\/\/www.facebook.com\/portalcidademarketing\" \/>\n<meta property=\"article:author\" content=\"https:\/\/www.facebook.com\/thalesbrandao\" \/>\n<meta property=\"article:published_time\" content=\"2021-01-23T23:48:30+00:00\" \/>\n<meta property=\"article:modified_time\" content=\"2021-01-23T23:48:33+00:00\" \/>\n<meta property=\"og:image\" content=\"https:\/\/www.cidademarketing.com.br\/marketing\/wp-content\/uploads\/2021\/01\/xuxa_cnnbrasil.jpg\" \/>\n\t<meta property=\"og:image:width\" content=\"567\" \/>\n\t<meta property=\"og:image:height\" content=\"358\" \/>\n\t<meta property=\"og:image:type\" content=\"image\/jpeg\" \/>\n<meta name=\"author\" content=\"Thales Brand\u00e3o\" \/>\n<meta name=\"twitter:card\" content=\"summary_large_image\" \/>\n<meta name=\"twitter:creator\" content=\"@http:\/\/www.twitter.com\/thalesbrandao\" \/>\n<meta name=\"twitter:site\" content=\"@CidadeMarketing\" \/>\n<meta name=\"twitter:label1\" content=\"Escrito por\" \/>\n\t<meta name=\"twitter:data1\" content=\"Thales Brand\u00e3o\" \/>\n\t<meta name=\"twitter:label2\" content=\"Est. tempo de leitura\" \/>\n\t<meta name=\"twitter:data2\" content=\"5 minutos\" \/>\n<script type=\"application\/ld+json\" class=\"yoast-schema-graph\">{\"@context\":\"https:\\\/\\\/schema.org\",\"@graph\":[{\"@type\":\"Article\",\"@id\":\"https:\\\/\\\/www.cidademarketing.com.br\\\/marketing\\\/2021\\\/01\\\/23\\\/xuxa-meneghel-e-entrevistada-por-evaristo-costa-na-estreia-da-nova-temporada-do-cnn-series-originais\\\/#article\",\"isPartOf\":{\"@id\":\"https:\\\/\\\/www.cidademarketing.com.br\\\/marketing\\\/2021\\\/01\\\/23\\\/xuxa-meneghel-e-entrevistada-por-evaristo-costa-na-estreia-da-nova-temporada-do-cnn-series-originais\\\/\"},\"author\":{\"name\":\"Thales Brand\u00e3o\",\"@id\":\"https:\\\/\\\/www.cidademarketing.com.br\\\/marketing\\\/#\\\/schema\\\/person\\\/02daff9f18bd9378c9e01eb6b2db155f\"},\"headline\":\"Xuxa Meneghel \u00e9 entrevistada por Evaristo Costa na estreia da nova temporada do \u201cCNN S\u00e9ries Originais\u201d\",\"datePublished\":\"2021-01-23T23:48:30+00:00\",\"dateModified\":\"2021-01-23T23:48:33+00:00\",\"mainEntityOfPage\":{\"@id\":\"https:\\\/\\\/www.cidademarketing.com.br\\\/marketing\\\/2021\\\/01\\\/23\\\/xuxa-meneghel-e-entrevistada-por-evaristo-costa-na-estreia-da-nova-temporada-do-cnn-series-originais\\\/\"},\"wordCount\":1063,\"commentCount\":0,\"publisher\":{\"@id\":\"https:\\\/\\\/www.cidademarketing.com.br\\\/marketing\\\/#organization\"},\"image\":{\"@id\":\"https:\\\/\\\/www.cidademarketing.com.br\\\/marketing\\\/2021\\\/01\\\/23\\\/xuxa-meneghel-e-entrevistada-por-evaristo-costa-na-estreia-da-nova-temporada-do-cnn-series-originais\\\/#primaryimage\"},\"thumbnailUrl\":\"https:\\\/\\\/www.cidademarketing.com.br\\\/marketing\\\/wp-content\\\/uploads\\\/2021\\\/01\\\/xuxa_cnnbrasil.jpg\",\"keywords\":[\"CNN\",\"CNN Brasil\",\"marketing\",\"Xuxa\"],\"articleSection\":[\"Not\u00edcias\"],\"inLanguage\":\"pt-BR\",\"potentialAction\":[{\"@type\":\"CommentAction\",\"name\":\"Comment\",\"target\":[\"https:\\\/\\\/www.cidademarketing.com.br\\\/marketing\\\/2021\\\/01\\\/23\\\/xuxa-meneghel-e-entrevistada-por-evaristo-costa-na-estreia-da-nova-temporada-do-cnn-series-originais\\\/#respond\"]}]},{\"@type\":\"WebPage\",\"@id\":\"https:\\\/\\\/www.cidademarketing.com.br\\\/marketing\\\/2021\\\/01\\\/23\\\/xuxa-meneghel-e-entrevistada-por-evaristo-costa-na-estreia-da-nova-temporada-do-cnn-series-originais\\\/\",\"url\":\"https:\\\/\\\/www.cidademarketing.com.br\\\/marketing\\\/2021\\\/01\\\/23\\\/xuxa-meneghel-e-entrevistada-por-evaristo-costa-na-estreia-da-nova-temporada-do-cnn-series-originais\\\/\",\"name\":\"Xuxa Meneghel \u00e9 entrevistada por Evaristo Costa na estreia da nova temporada do \u201cCNN S\u00e9ries Originais\u201d - CidadeMarketing\",\"isPartOf\":{\"@id\":\"https:\\\/\\\/www.cidademarketing.com.br\\\/marketing\\\/#website\"},\"primaryImageOfPage\":{\"@id\":\"https:\\\/\\\/www.cidademarketing.com.br\\\/marketing\\\/2021\\\/01\\\/23\\\/xuxa-meneghel-e-entrevistada-por-evaristo-costa-na-estreia-da-nova-temporada-do-cnn-series-originais\\\/#primaryimage\"},\"image\":{\"@id\":\"https:\\\/\\\/www.cidademarketing.com.br\\\/marketing\\\/2021\\\/01\\\/23\\\/xuxa-meneghel-e-entrevistada-por-evaristo-costa-na-estreia-da-nova-temporada-do-cnn-series-originais\\\/#primaryimage\"},\"thumbnailUrl\":\"https:\\\/\\\/www.cidademarketing.com.br\\\/marketing\\\/wp-content\\\/uploads\\\/2021\\\/01\\\/xuxa_cnnbrasil.jpg\",\"datePublished\":\"2021-01-23T23:48:30+00:00\",\"dateModified\":\"2021-01-23T23:48:33+00:00\",\"breadcrumb\":{\"@id\":\"https:\\\/\\\/www.cidademarketing.com.br\\\/marketing\\\/2021\\\/01\\\/23\\\/xuxa-meneghel-e-entrevistada-por-evaristo-costa-na-estreia-da-nova-temporada-do-cnn-series-originais\\\/#breadcrumb\"},\"inLanguage\":\"pt-BR\",\"potentialAction\":[{\"@type\":\"ReadAction\",\"target\":[\"https:\\\/\\\/www.cidademarketing.com.br\\\/marketing\\\/2021\\\/01\\\/23\\\/xuxa-meneghel-e-entrevistada-por-evaristo-costa-na-estreia-da-nova-temporada-do-cnn-series-originais\\\/\"]}]},{\"@type\":\"ImageObject\",\"inLanguage\":\"pt-BR\",\"@id\":\"https:\\\/\\\/www.cidademarketing.com.br\\\/marketing\\\/2021\\\/01\\\/23\\\/xuxa-meneghel-e-entrevistada-por-evaristo-costa-na-estreia-da-nova-temporada-do-cnn-series-originais\\\/#primaryimage\",\"url\":\"https:\\\/\\\/www.cidademarketing.com.br\\\/marketing\\\/wp-content\\\/uploads\\\/2021\\\/01\\\/xuxa_cnnbrasil.jpg\",\"contentUrl\":\"https:\\\/\\\/www.cidademarketing.com.br\\\/marketing\\\/wp-content\\\/uploads\\\/2021\\\/01\\\/xuxa_cnnbrasil.jpg\",\"width\":567,\"height\":358,\"caption\":\"Divulga\u00e7\u00e3o\"},{\"@type\":\"BreadcrumbList\",\"@id\":\"https:\\\/\\\/www.cidademarketing.com.br\\\/marketing\\\/2021\\\/01\\\/23\\\/xuxa-meneghel-e-entrevistada-por-evaristo-costa-na-estreia-da-nova-temporada-do-cnn-series-originais\\\/#breadcrumb\",\"itemListElement\":[{\"@type\":\"ListItem\",\"position\":1,\"name\":\"In\u00edcio\",\"item\":\"https:\\\/\\\/www.cidademarketing.com.br\\\/marketing\\\/\"},{\"@type\":\"ListItem\",\"position\":2,\"name\":\"Xuxa Meneghel \u00e9 entrevistada por Evaristo Costa na estreia da nova temporada do \u201cCNN S\u00e9ries Originais\u201d\"}]},{\"@type\":\"WebSite\",\"@id\":\"https:\\\/\\\/www.cidademarketing.com.br\\\/marketing\\\/#website\",\"url\":\"https:\\\/\\\/www.cidademarketing.com.br\\\/marketing\\\/\",\"name\":\"CidadeMarketing\",\"description\":\"Somos um ve\u00edculo de comunica\u00e7\u00e3o de destaque no Brasil, reconhecido por conte\u00fados nos segmentos de marketing, empreendedorismo e inova\u00e7\u00e3o.\",\"publisher\":{\"@id\":\"https:\\\/\\\/www.cidademarketing.com.br\\\/marketing\\\/#organization\"},\"alternateName\":\"CidadeMarketing\",\"potentialAction\":[{\"@type\":\"SearchAction\",\"target\":{\"@type\":\"EntryPoint\",\"urlTemplate\":\"https:\\\/\\\/www.cidademarketing.com.br\\\/marketing\\\/?s={search_term_string}\"},\"query-input\":{\"@type\":\"PropertyValueSpecification\",\"valueRequired\":true,\"valueName\":\"search_term_string\"}}],\"inLanguage\":\"pt-BR\"},{\"@type\":\"Organization\",\"@id\":\"https:\\\/\\\/www.cidademarketing.com.br\\\/marketing\\\/#organization\",\"name\":\"CidadeMarketing\",\"alternateName\":\"CidadeMarketing\",\"url\":\"https:\\\/\\\/www.cidademarketing.com.br\\\/marketing\\\/\",\"logo\":{\"@type\":\"ImageObject\",\"inLanguage\":\"pt-BR\",\"@id\":\"https:\\\/\\\/www.cidademarketing.com.br\\\/marketing\\\/#\\\/schema\\\/logo\\\/image\\\/\",\"url\":\"https:\\\/\\\/www.cidademarketing.com.br\\\/marketing\\\/wp-content\\\/uploads\\\/2020\\\/01\\\/cidademarketing_marca_mobile.png\",\"contentUrl\":\"https:\\\/\\\/www.cidademarketing.com.br\\\/marketing\\\/wp-content\\\/uploads\\\/2020\\\/01\\\/cidademarketing_marca_mobile.png\",\"width\":230,\"height\":92,\"caption\":\"CidadeMarketing\"},\"image\":{\"@id\":\"https:\\\/\\\/www.cidademarketing.com.br\\\/marketing\\\/#\\\/schema\\\/logo\\\/image\\\/\"},\"sameAs\":[\"https:\\\/\\\/www.facebook.com\\\/portalcidademarketing\",\"https:\\\/\\\/x.com\\\/CidadeMarketing\",\"https:\\\/\\\/www.instagram.com\\\/cidademarketing\\\/\"]},{\"@type\":\"Person\",\"@id\":\"https:\\\/\\\/www.cidademarketing.com.br\\\/marketing\\\/#\\\/schema\\\/person\\\/02daff9f18bd9378c9e01eb6b2db155f\",\"name\":\"Thales Brand\u00e3o\",\"image\":{\"@type\":\"ImageObject\",\"inLanguage\":\"pt-BR\",\"@id\":\"https:\\\/\\\/secure.gravatar.com\\\/avatar\\\/7ca3206950207cc3cb48feec56a8a7898741ab725c368d99d5d7a5a50aab80c6?s=96&d=mm&r=g\",\"url\":\"https:\\\/\\\/secure.gravatar.com\\\/avatar\\\/7ca3206950207cc3cb48feec56a8a7898741ab725c368d99d5d7a5a50aab80c6?s=96&d=mm&r=g\",\"contentUrl\":\"https:\\\/\\\/secure.gravatar.com\\\/avatar\\\/7ca3206950207cc3cb48feec56a8a7898741ab725c368d99d5d7a5a50aab80c6?s=96&d=mm&r=g\",\"caption\":\"Thales Brand\u00e3o\"},\"description\":\"Editor Executivo do Portal CidadeMarketing.com.br &gt; Mestre em Comunica\u00e7\u00e3o e Sociedade pela Universidade Federal de Sergipe. Possui MBA Executivo em Administra\u00e7\u00e3o com \u00eanfase em Marketing pela Funda\u00e7\u00e3o Get\u00falio Vargas - Rio de Janeiro. Consultor, Palestrante e Pesquisador sobre Empreendedorismo, Marketing, Redes Sociais e Neg\u00f3cios Digitais. Professor, Palestrante TedxTalks e Campus Party. Twitter: @ThalesBrandao\",\"sameAs\":[\"http:\\\/\\\/www.mandacaru.com.br\",\"https:\\\/\\\/www.facebook.com\\\/thalesbrandao\",\"http:\\\/\\\/www.instagram.com.br\\\/thalesbrandaoferreira\",\"https:\\\/\\\/www.linkedin.com\\\/in\\\/thales-brand\u00e3o-3948609\\\/\",\"https:\\\/\\\/x.com\\\/http:\\\/\\\/www.twitter.com\\\/thalesbrandao\"],\"url\":\"https:\\\/\\\/www.cidademarketing.com.br\\\/marketing\\\/author\\\/thalesbrandao\\\/\"}]}<\/script>\n<!-- \/ Yoast SEO plugin. -->","yoast_head_json":{"title":"Xuxa Meneghel \u00e9 entrevistada por Evaristo Costa na estreia da nova temporada do \u201cCNN S\u00e9ries Originais\u201d - CidadeMarketing","robots":{"index":"index","follow":"follow","max-snippet":"max-snippet:-1","max-image-preview":"max-image-preview:large","max-video-preview":"max-video-preview:-1"},"canonical":"https:\/\/www.cidademarketing.com.br\/marketing\/2021\/01\/23\/xuxa-meneghel-e-entrevistada-por-evaristo-costa-na-estreia-da-nova-temporada-do-cnn-series-originais\/","og_locale":"pt_BR","og_type":"article","og_title":"Xuxa Meneghel \u00e9 entrevistada por Evaristo Costa na estreia da nova temporada do \u201cCNN S\u00e9ries Originais\u201d - CidadeMarketing","og_description":"No pr\u00f3ximo domingo, dia 24\/01, \u00e0s 19h, o premiado programa \u201cCNN S\u00e9ries Originais\u201d inicia a exibi\u00e7\u00e3o de novos document\u00e1rios in\u00e9ditos com a apresenta\u00e7\u00e3o de duas reportagens especiais exclusivas: \u201cSupermodelos\u201d, que mergulha no universo das modelos para entender os sonhos, a busca pelo sucesso, as ilus\u00f5es e os novos padr\u00f5es de beleza; e \u201cFronteiras do Brasil\u201d, [&hellip;]","og_url":"https:\/\/www.cidademarketing.com.br\/marketing\/2021\/01\/23\/xuxa-meneghel-e-entrevistada-por-evaristo-costa-na-estreia-da-nova-temporada-do-cnn-series-originais\/","og_site_name":"CidadeMarketing","article_publisher":"https:\/\/www.facebook.com\/portalcidademarketing","article_author":"https:\/\/www.facebook.com\/thalesbrandao","article_published_time":"2021-01-23T23:48:30+00:00","article_modified_time":"2021-01-23T23:48:33+00:00","og_image":[{"width":567,"height":358,"url":"https:\/\/www.cidademarketing.com.br\/marketing\/wp-content\/uploads\/2021\/01\/xuxa_cnnbrasil.jpg","type":"image\/jpeg"}],"author":"Thales Brand\u00e3o","twitter_card":"summary_large_image","twitter_creator":"@http:\/\/www.twitter.com\/thalesbrandao","twitter_site":"@CidadeMarketing","twitter_misc":{"Escrito por":"Thales Brand\u00e3o","Est. tempo de leitura":"5 minutos"},"schema":{"@context":"https:\/\/schema.org","@graph":[{"@type":"Article","@id":"https:\/\/www.cidademarketing.com.br\/marketing\/2021\/01\/23\/xuxa-meneghel-e-entrevistada-por-evaristo-costa-na-estreia-da-nova-temporada-do-cnn-series-originais\/#article","isPartOf":{"@id":"https:\/\/www.cidademarketing.com.br\/marketing\/2021\/01\/23\/xuxa-meneghel-e-entrevistada-por-evaristo-costa-na-estreia-da-nova-temporada-do-cnn-series-originais\/"},"author":{"name":"Thales Brand\u00e3o","@id":"https:\/\/www.cidademarketing.com.br\/marketing\/#\/schema\/person\/02daff9f18bd9378c9e01eb6b2db155f"},"headline":"Xuxa Meneghel \u00e9 entrevistada por Evaristo Costa na estreia da nova temporada do \u201cCNN S\u00e9ries Originais\u201d","datePublished":"2021-01-23T23:48:30+00:00","dateModified":"2021-01-23T23:48:33+00:00","mainEntityOfPage":{"@id":"https:\/\/www.cidademarketing.com.br\/marketing\/2021\/01\/23\/xuxa-meneghel-e-entrevistada-por-evaristo-costa-na-estreia-da-nova-temporada-do-cnn-series-originais\/"},"wordCount":1063,"commentCount":0,"publisher":{"@id":"https:\/\/www.cidademarketing.com.br\/marketing\/#organization"},"image":{"@id":"https:\/\/www.cidademarketing.com.br\/marketing\/2021\/01\/23\/xuxa-meneghel-e-entrevistada-por-evaristo-costa-na-estreia-da-nova-temporada-do-cnn-series-originais\/#primaryimage"},"thumbnailUrl":"https:\/\/www.cidademarketing.com.br\/marketing\/wp-content\/uploads\/2021\/01\/xuxa_cnnbrasil.jpg","keywords":["CNN","CNN Brasil","marketing","Xuxa"],"articleSection":["Not\u00edcias"],"inLanguage":"pt-BR","potentialAction":[{"@type":"CommentAction","name":"Comment","target":["https:\/\/www.cidademarketing.com.br\/marketing\/2021\/01\/23\/xuxa-meneghel-e-entrevistada-por-evaristo-costa-na-estreia-da-nova-temporada-do-cnn-series-originais\/#respond"]}]},{"@type":"WebPage","@id":"https:\/\/www.cidademarketing.com.br\/marketing\/2021\/01\/23\/xuxa-meneghel-e-entrevistada-por-evaristo-costa-na-estreia-da-nova-temporada-do-cnn-series-originais\/","url":"https:\/\/www.cidademarketing.com.br\/marketing\/2021\/01\/23\/xuxa-meneghel-e-entrevistada-por-evaristo-costa-na-estreia-da-nova-temporada-do-cnn-series-originais\/","name":"Xuxa Meneghel \u00e9 entrevistada por Evaristo Costa na estreia da nova temporada do \u201cCNN S\u00e9ries Originais\u201d - CidadeMarketing","isPartOf":{"@id":"https:\/\/www.cidademarketing.com.br\/marketing\/#website"},"primaryImageOfPage":{"@id":"https:\/\/www.cidademarketing.com.br\/marketing\/2021\/01\/23\/xuxa-meneghel-e-entrevistada-por-evaristo-costa-na-estreia-da-nova-temporada-do-cnn-series-originais\/#primaryimage"},"image":{"@id":"https:\/\/www.cidademarketing.com.br\/marketing\/2021\/01\/23\/xuxa-meneghel-e-entrevistada-por-evaristo-costa-na-estreia-da-nova-temporada-do-cnn-series-originais\/#primaryimage"},"thumbnailUrl":"https:\/\/www.cidademarketing.com.br\/marketing\/wp-content\/uploads\/2021\/01\/xuxa_cnnbrasil.jpg","datePublished":"2021-01-23T23:48:30+00:00","dateModified":"2021-01-23T23:48:33+00:00","breadcrumb":{"@id":"https:\/\/www.cidademarketing.com.br\/marketing\/2021\/01\/23\/xuxa-meneghel-e-entrevistada-por-evaristo-costa-na-estreia-da-nova-temporada-do-cnn-series-originais\/#breadcrumb"},"inLanguage":"pt-BR","potentialAction":[{"@type":"ReadAction","target":["https:\/\/www.cidademarketing.com.br\/marketing\/2021\/01\/23\/xuxa-meneghel-e-entrevistada-por-evaristo-costa-na-estreia-da-nova-temporada-do-cnn-series-originais\/"]}]},{"@type":"ImageObject","inLanguage":"pt-BR","@id":"https:\/\/www.cidademarketing.com.br\/marketing\/2021\/01\/23\/xuxa-meneghel-e-entrevistada-por-evaristo-costa-na-estreia-da-nova-temporada-do-cnn-series-originais\/#primaryimage","url":"https:\/\/www.cidademarketing.com.br\/marketing\/wp-content\/uploads\/2021\/01\/xuxa_cnnbrasil.jpg","contentUrl":"https:\/\/www.cidademarketing.com.br\/marketing\/wp-content\/uploads\/2021\/01\/xuxa_cnnbrasil.jpg","width":567,"height":358,"caption":"Divulga\u00e7\u00e3o"},{"@type":"BreadcrumbList","@id":"https:\/\/www.cidademarketing.com.br\/marketing\/2021\/01\/23\/xuxa-meneghel-e-entrevistada-por-evaristo-costa-na-estreia-da-nova-temporada-do-cnn-series-originais\/#breadcrumb","itemListElement":[{"@type":"ListItem","position":1,"name":"In\u00edcio","item":"https:\/\/www.cidademarketing.com.br\/marketing\/"},{"@type":"ListItem","position":2,"name":"Xuxa Meneghel \u00e9 entrevistada por Evaristo Costa na estreia da nova temporada do \u201cCNN S\u00e9ries Originais\u201d"}]},{"@type":"WebSite","@id":"https:\/\/www.cidademarketing.com.br\/marketing\/#website","url":"https:\/\/www.cidademarketing.com.br\/marketing\/","name":"CidadeMarketing","description":"Somos um ve\u00edculo de comunica\u00e7\u00e3o de destaque no Brasil, reconhecido por conte\u00fados nos segmentos de marketing, empreendedorismo e inova\u00e7\u00e3o.","publisher":{"@id":"https:\/\/www.cidademarketing.com.br\/marketing\/#organization"},"alternateName":"CidadeMarketing","potentialAction":[{"@type":"SearchAction","target":{"@type":"EntryPoint","urlTemplate":"https:\/\/www.cidademarketing.com.br\/marketing\/?s={search_term_string}"},"query-input":{"@type":"PropertyValueSpecification","valueRequired":true,"valueName":"search_term_string"}}],"inLanguage":"pt-BR"},{"@type":"Organization","@id":"https:\/\/www.cidademarketing.com.br\/marketing\/#organization","name":"CidadeMarketing","alternateName":"CidadeMarketing","url":"https:\/\/www.cidademarketing.com.br\/marketing\/","logo":{"@type":"ImageObject","inLanguage":"pt-BR","@id":"https:\/\/www.cidademarketing.com.br\/marketing\/#\/schema\/logo\/image\/","url":"https:\/\/www.cidademarketing.com.br\/marketing\/wp-content\/uploads\/2020\/01\/cidademarketing_marca_mobile.png","contentUrl":"https:\/\/www.cidademarketing.com.br\/marketing\/wp-content\/uploads\/2020\/01\/cidademarketing_marca_mobile.png","width":230,"height":92,"caption":"CidadeMarketing"},"image":{"@id":"https:\/\/www.cidademarketing.com.br\/marketing\/#\/schema\/logo\/image\/"},"sameAs":["https:\/\/www.facebook.com\/portalcidademarketing","https:\/\/x.com\/CidadeMarketing","https:\/\/www.instagram.com\/cidademarketing\/"]},{"@type":"Person","@id":"https:\/\/www.cidademarketing.com.br\/marketing\/#\/schema\/person\/02daff9f18bd9378c9e01eb6b2db155f","name":"Thales Brand\u00e3o","image":{"@type":"ImageObject","inLanguage":"pt-BR","@id":"https:\/\/secure.gravatar.com\/avatar\/7ca3206950207cc3cb48feec56a8a7898741ab725c368d99d5d7a5a50aab80c6?s=96&d=mm&r=g","url":"https:\/\/secure.gravatar.com\/avatar\/7ca3206950207cc3cb48feec56a8a7898741ab725c368d99d5d7a5a50aab80c6?s=96&d=mm&r=g","contentUrl":"https:\/\/secure.gravatar.com\/avatar\/7ca3206950207cc3cb48feec56a8a7898741ab725c368d99d5d7a5a50aab80c6?s=96&d=mm&r=g","caption":"Thales Brand\u00e3o"},"description":"Editor Executivo do Portal CidadeMarketing.com.br &gt; Mestre em Comunica\u00e7\u00e3o e Sociedade pela Universidade Federal de Sergipe. Possui MBA Executivo em Administra\u00e7\u00e3o com \u00eanfase em Marketing pela Funda\u00e7\u00e3o Get\u00falio Vargas - Rio de Janeiro. Consultor, Palestrante e Pesquisador sobre Empreendedorismo, Marketing, Redes Sociais e Neg\u00f3cios Digitais. Professor, Palestrante TedxTalks e Campus Party. Twitter: @ThalesBrandao","sameAs":["http:\/\/www.mandacaru.com.br","https:\/\/www.facebook.com\/thalesbrandao","http:\/\/www.instagram.com.br\/thalesbrandaoferreira","https:\/\/www.linkedin.com\/in\/thales-brand\u00e3o-3948609\/","https:\/\/x.com\/http:\/\/www.twitter.com\/thalesbrandao"],"url":"https:\/\/www.cidademarketing.com.br\/marketing\/author\/thalesbrandao\/"}]}},"amp_enabled":true,"_links":{"self":[{"href":"https:\/\/www.cidademarketing.com.br\/marketing\/wp-json\/wp\/v2\/posts\/21722","targetHints":{"allow":["GET"]}}],"collection":[{"href":"https:\/\/www.cidademarketing.com.br\/marketing\/wp-json\/wp\/v2\/posts"}],"about":[{"href":"https:\/\/www.cidademarketing.com.br\/marketing\/wp-json\/wp\/v2\/types\/post"}],"author":[{"embeddable":true,"href":"https:\/\/www.cidademarketing.com.br\/marketing\/wp-json\/wp\/v2\/users\/1"}],"replies":[{"embeddable":true,"href":"https:\/\/www.cidademarketing.com.br\/marketing\/wp-json\/wp\/v2\/comments?post=21722"}],"version-history":[{"count":1,"href":"https:\/\/www.cidademarketing.com.br\/marketing\/wp-json\/wp\/v2\/posts\/21722\/revisions"}],"predecessor-version":[{"id":21724,"href":"https:\/\/www.cidademarketing.com.br\/marketing\/wp-json\/wp\/v2\/posts\/21722\/revisions\/21724"}],"wp:featuredmedia":[{"embeddable":true,"href":"https:\/\/www.cidademarketing.com.br\/marketing\/wp-json\/wp\/v2\/media\/21723"}],"wp:attachment":[{"href":"https:\/\/www.cidademarketing.com.br\/marketing\/wp-json\/wp\/v2\/media?parent=21722"}],"wp:term":[{"taxonomy":"category","embeddable":true,"href":"https:\/\/www.cidademarketing.com.br\/marketing\/wp-json\/wp\/v2\/categories?post=21722"},{"taxonomy":"post_tag","embeddable":true,"href":"https:\/\/www.cidademarketing.com.br\/marketing\/wp-json\/wp\/v2\/tags?post=21722"}],"curies":[{"name":"wp","href":"https:\/\/api.w.org\/{rel}","templated":true}]}}