{"id":21710,"date":"2021-01-22T19:30:49","date_gmt":"2021-01-22T22:30:49","guid":{"rendered":"https:\/\/www.cidademarketing.com.br\/marketing\/?p=21710"},"modified":"2021-01-22T19:30:51","modified_gmt":"2021-01-22T22:30:51","slug":"marba-comemora-o-aniversario-de-sao-paulo-com-tradicional-sanduiche-de-mortadela","status":"publish","type":"post","link":"https:\/\/www.cidademarketing.com.br\/marketing\/2021\/01\/22\/marba-comemora-o-aniversario-de-sao-paulo-com-tradicional-sanduiche-de-mortadela\/","title":{"rendered":"Marba comemora o anivers\u00e1rio de S\u00e3o Paulo com tradicional sandu\u00edche de mortadela"},"content":{"rendered":"\n<p>Na pr\u00f3xima segunda-feira, 25 de janeiro, a Marba celebrar\u00e1 os 467 anos da cidade de S\u00e3o Paulo e os 88 anos do Mercad\u00e3o com um dos s\u00edmbolos da gastronomia paulistana: o famoso sandu\u00edche de mortadela.<\/p>\n\n\n\n<p>Em respeito \u00e0 pandemia e \u00e0 necessidade do distanciamento interpessoal, dez influenciadores receber\u00e3o em suas casas um delicioso lanche para comemorarem em fam\u00edlia o anivers\u00e1rio da cidade. Todos ter\u00e3o a oportunidade de provar o premiado sandu\u00edche \u201cBrazuca\u201d do Bar Mortadela Brasil &#8211; parceiro da marca na a\u00e7\u00e3o -, feito com baguete de parmes\u00e3o, generosas fatias de mortadela italiana Marba, bacon crocante, queijo cheddar e alface americana.&nbsp;<\/p>\n\n\n\n<p>A mortadela italiana Marba, al\u00e9m de ser 100% carne su\u00edna e sem adi\u00e7\u00e3o de amido, \u00e9 produzida com receita original da It\u00e1lia, com gr\u00e3os de pimenta branca, o que atribui ao produto um sabor inigual\u00e1vel. \u00c9 a escolha ideal para requintar lanches e diversas receitas.&nbsp;<\/p>\n\n\n\n<p>E para quem ficou com \u00e1gua na boca e tamb\u00e9m quer aproveitar essa data especial para saborear o famoso sandu\u00edche direto de um dos principais cart\u00f5es postais da cidade, h\u00e1 op\u00e7\u00f5es de delivery e retirada no Mercad\u00e3o.&nbsp;<\/p>\n\n\n\n<p><strong><u>Servi\u00e7o<\/u><\/strong><br><strong>Retirada no local:<\/strong>&nbsp;<em>Rua da Cantareira, 306, no Box 4 do mezanino.<\/em><\/p>\n\n\n\n<p><strong>Entregas at\u00e9 2km:<\/strong>&nbsp;<em>WhatsApp do Mortadela Brasil, sem cobran\u00e7a de taxas, (11) 93203-4567 ou pelos telefones (11) 3311-0024 e 3229-9457.<\/em><\/p>\n\n\n\n<p><strong>Entregas at\u00e9 7km:<\/strong>&nbsp;<em>dispon\u00edvel no iFood.<\/em><\/p>\n\n\n\n<p><strong>Entregas at\u00e9 10km:<\/strong>&nbsp;<em>dispon\u00edvel no Rappi.<\/em><\/p>\n","protected":false},"excerpt":{"rendered":"<p>Na pr\u00f3xima segunda-feira, 25 de janeiro, a Marba celebrar\u00e1 os 467 anos da cidade de S\u00e3o Paulo e os 88 anos do Mercad\u00e3o com um dos s\u00edmbolos da gastronomia paulistana: o famoso sandu\u00edche de mortadela. Em respeito \u00e0 pandemia e \u00e0 necessidade do distanciamento interpessoal, dez influenciadores receber\u00e3o em suas casas um delicioso lanche para [&hellip;]<\/p>\n","protected":false},"author":1,"featured_media":21711,"comment_status":"open","ping_status":"open","sticky":false,"template":"","format":"standard","meta":{"tdm_status":"","tdm_grid_status":"","footnotes":""},"categories":[6],"tags":[28,656,1200],"class_list":["post-21710","post","type-post","status-publish","format-standard","has-post-thumbnail","hentry","category-noticias","tag-marketing","tag-sao-paulo","tag-sp"],"yoast_head":"<!-- This site is optimized with the Yoast SEO plugin v27.5 - https:\/\/yoast.com\/product\/yoast-seo-wordpress\/ -->\n<title>Marba comemora o anivers\u00e1rio de S\u00e3o Paulo com tradicional sandu\u00edche de mortadela - CidadeMarketing<\/title>\n<meta name=\"robots\" content=\"index, follow, max-snippet:-1, max-image-preview:large, max-video-preview:-1\" \/>\n<link rel=\"canonical\" href=\"https:\/\/www.cidademarketing.com.br\/marketing\/2021\/01\/22\/marba-comemora-o-aniversario-de-sao-paulo-com-tradicional-sanduiche-de-mortadela\/\" \/>\n<meta property=\"og:locale\" content=\"pt_BR\" \/>\n<meta property=\"og:type\" content=\"article\" \/>\n<meta property=\"og:title\" content=\"Marba comemora o anivers\u00e1rio de S\u00e3o Paulo com tradicional sandu\u00edche de mortadela - CidadeMarketing\" \/>\n<meta property=\"og:description\" content=\"Na pr\u00f3xima segunda-feira, 25 de janeiro, a Marba celebrar\u00e1 os 467 anos da cidade de S\u00e3o Paulo e os 88 anos do Mercad\u00e3o com um dos s\u00edmbolos da gastronomia paulistana: o famoso sandu\u00edche de mortadela. Em respeito \u00e0 pandemia e \u00e0 necessidade do distanciamento interpessoal, dez influenciadores receber\u00e3o em suas casas um delicioso lanche para [&hellip;]\" \/>\n<meta property=\"og:url\" content=\"https:\/\/www.cidademarketing.com.br\/marketing\/2021\/01\/22\/marba-comemora-o-aniversario-de-sao-paulo-com-tradicional-sanduiche-de-mortadela\/\" \/>\n<meta property=\"og:site_name\" content=\"CidadeMarketing\" \/>\n<meta property=\"article:publisher\" content=\"https:\/\/www.facebook.com\/portalcidademarketing\" \/>\n<meta property=\"article:author\" content=\"https:\/\/www.facebook.com\/thalesbrandao\" \/>\n<meta property=\"article:published_time\" content=\"2021-01-22T22:30:49+00:00\" \/>\n<meta property=\"article:modified_time\" content=\"2021-01-22T22:30:51+00:00\" \/>\n<meta property=\"og:image\" content=\"https:\/\/www.cidademarketing.com.br\/marketing\/wp-content\/uploads\/2021\/01\/Brazuca-Marba-e-Mortadela-Brasil.jpg\" \/>\n\t<meta property=\"og:image:width\" content=\"2389\" \/>\n\t<meta property=\"og:image:height\" content=\"1593\" \/>\n\t<meta property=\"og:image:type\" content=\"image\/jpeg\" \/>\n<meta name=\"author\" content=\"Thales Brand\u00e3o\" \/>\n<meta name=\"twitter:card\" content=\"summary_large_image\" \/>\n<meta name=\"twitter:creator\" content=\"@http:\/\/www.twitter.com\/thalesbrandao\" \/>\n<meta name=\"twitter:site\" content=\"@CidadeMarketing\" \/>\n<meta name=\"twitter:label1\" content=\"Escrito por\" \/>\n\t<meta name=\"twitter:data1\" content=\"Thales Brand\u00e3o\" \/>\n\t<meta name=\"twitter:label2\" content=\"Est. tempo de leitura\" \/>\n\t<meta name=\"twitter:data2\" content=\"1 minuto\" \/>\n<script type=\"application\/ld+json\" class=\"yoast-schema-graph\">{\"@context\":\"https:\\\/\\\/schema.org\",\"@graph\":[{\"@type\":\"Article\",\"@id\":\"https:\\\/\\\/www.cidademarketing.com.br\\\/marketing\\\/2021\\\/01\\\/22\\\/marba-comemora-o-aniversario-de-sao-paulo-com-tradicional-sanduiche-de-mortadela\\\/#article\",\"isPartOf\":{\"@id\":\"https:\\\/\\\/www.cidademarketing.com.br\\\/marketing\\\/2021\\\/01\\\/22\\\/marba-comemora-o-aniversario-de-sao-paulo-com-tradicional-sanduiche-de-mortadela\\\/\"},\"author\":{\"name\":\"Thales Brand\u00e3o\",\"@id\":\"https:\\\/\\\/www.cidademarketing.com.br\\\/marketing\\\/#\\\/schema\\\/person\\\/02daff9f18bd9378c9e01eb6b2db155f\"},\"headline\":\"Marba comemora o anivers\u00e1rio de S\u00e3o Paulo com tradicional sandu\u00edche de mortadela\",\"datePublished\":\"2021-01-22T22:30:49+00:00\",\"dateModified\":\"2021-01-22T22:30:51+00:00\",\"mainEntityOfPage\":{\"@id\":\"https:\\\/\\\/www.cidademarketing.com.br\\\/marketing\\\/2021\\\/01\\\/22\\\/marba-comemora-o-aniversario-de-sao-paulo-com-tradicional-sanduiche-de-mortadela\\\/\"},\"wordCount\":265,\"commentCount\":0,\"publisher\":{\"@id\":\"https:\\\/\\\/www.cidademarketing.com.br\\\/marketing\\\/#organization\"},\"image\":{\"@id\":\"https:\\\/\\\/www.cidademarketing.com.br\\\/marketing\\\/2021\\\/01\\\/22\\\/marba-comemora-o-aniversario-de-sao-paulo-com-tradicional-sanduiche-de-mortadela\\\/#primaryimage\"},\"thumbnailUrl\":\"https:\\\/\\\/www.cidademarketing.com.br\\\/marketing\\\/wp-content\\\/uploads\\\/2021\\\/01\\\/Brazuca-Marba-e-Mortadela-Brasil.jpg\",\"keywords\":[\"marketing\",\"S\u00e3o Paulo\",\"SP\"],\"articleSection\":[\"Not\u00edcias\"],\"inLanguage\":\"pt-BR\",\"potentialAction\":[{\"@type\":\"CommentAction\",\"name\":\"Comment\",\"target\":[\"https:\\\/\\\/www.cidademarketing.com.br\\\/marketing\\\/2021\\\/01\\\/22\\\/marba-comemora-o-aniversario-de-sao-paulo-com-tradicional-sanduiche-de-mortadela\\\/#respond\"]}]},{\"@type\":\"WebPage\",\"@id\":\"https:\\\/\\\/www.cidademarketing.com.br\\\/marketing\\\/2021\\\/01\\\/22\\\/marba-comemora-o-aniversario-de-sao-paulo-com-tradicional-sanduiche-de-mortadela\\\/\",\"url\":\"https:\\\/\\\/www.cidademarketing.com.br\\\/marketing\\\/2021\\\/01\\\/22\\\/marba-comemora-o-aniversario-de-sao-paulo-com-tradicional-sanduiche-de-mortadela\\\/\",\"name\":\"Marba comemora o anivers\u00e1rio de S\u00e3o Paulo com tradicional sandu\u00edche de mortadela - CidadeMarketing\",\"isPartOf\":{\"@id\":\"https:\\\/\\\/www.cidademarketing.com.br\\\/marketing\\\/#website\"},\"primaryImageOfPage\":{\"@id\":\"https:\\\/\\\/www.cidademarketing.com.br\\\/marketing\\\/2021\\\/01\\\/22\\\/marba-comemora-o-aniversario-de-sao-paulo-com-tradicional-sanduiche-de-mortadela\\\/#primaryimage\"},\"image\":{\"@id\":\"https:\\\/\\\/www.cidademarketing.com.br\\\/marketing\\\/2021\\\/01\\\/22\\\/marba-comemora-o-aniversario-de-sao-paulo-com-tradicional-sanduiche-de-mortadela\\\/#primaryimage\"},\"thumbnailUrl\":\"https:\\\/\\\/www.cidademarketing.com.br\\\/marketing\\\/wp-content\\\/uploads\\\/2021\\\/01\\\/Brazuca-Marba-e-Mortadela-Brasil.jpg\",\"datePublished\":\"2021-01-22T22:30:49+00:00\",\"dateModified\":\"2021-01-22T22:30:51+00:00\",\"breadcrumb\":{\"@id\":\"https:\\\/\\\/www.cidademarketing.com.br\\\/marketing\\\/2021\\\/01\\\/22\\\/marba-comemora-o-aniversario-de-sao-paulo-com-tradicional-sanduiche-de-mortadela\\\/#breadcrumb\"},\"inLanguage\":\"pt-BR\",\"potentialAction\":[{\"@type\":\"ReadAction\",\"target\":[\"https:\\\/\\\/www.cidademarketing.com.br\\\/marketing\\\/2021\\\/01\\\/22\\\/marba-comemora-o-aniversario-de-sao-paulo-com-tradicional-sanduiche-de-mortadela\\\/\"]}]},{\"@type\":\"ImageObject\",\"inLanguage\":\"pt-BR\",\"@id\":\"https:\\\/\\\/www.cidademarketing.com.br\\\/marketing\\\/2021\\\/01\\\/22\\\/marba-comemora-o-aniversario-de-sao-paulo-com-tradicional-sanduiche-de-mortadela\\\/#primaryimage\",\"url\":\"https:\\\/\\\/www.cidademarketing.com.br\\\/marketing\\\/wp-content\\\/uploads\\\/2021\\\/01\\\/Brazuca-Marba-e-Mortadela-Brasil.jpg\",\"contentUrl\":\"https:\\\/\\\/www.cidademarketing.com.br\\\/marketing\\\/wp-content\\\/uploads\\\/2021\\\/01\\\/Brazuca-Marba-e-Mortadela-Brasil.jpg\",\"width\":2389,\"height\":1593,\"caption\":\"Divulga\u00e7\u00e3o\"},{\"@type\":\"BreadcrumbList\",\"@id\":\"https:\\\/\\\/www.cidademarketing.com.br\\\/marketing\\\/2021\\\/01\\\/22\\\/marba-comemora-o-aniversario-de-sao-paulo-com-tradicional-sanduiche-de-mortadela\\\/#breadcrumb\",\"itemListElement\":[{\"@type\":\"ListItem\",\"position\":1,\"name\":\"In\u00edcio\",\"item\":\"https:\\\/\\\/www.cidademarketing.com.br\\\/marketing\\\/\"},{\"@type\":\"ListItem\",\"position\":2,\"name\":\"Marba comemora o anivers\u00e1rio de S\u00e3o Paulo com tradicional sandu\u00edche de mortadela\"}]},{\"@type\":\"WebSite\",\"@id\":\"https:\\\/\\\/www.cidademarketing.com.br\\\/marketing\\\/#website\",\"url\":\"https:\\\/\\\/www.cidademarketing.com.br\\\/marketing\\\/\",\"name\":\"CidadeMarketing\",\"description\":\"Somos um ve\u00edculo de comunica\u00e7\u00e3o de destaque no Brasil, reconhecido por conte\u00fados nos segmentos de marketing, empreendedorismo e inova\u00e7\u00e3o.\",\"publisher\":{\"@id\":\"https:\\\/\\\/www.cidademarketing.com.br\\\/marketing\\\/#organization\"},\"alternateName\":\"CidadeMarketing\",\"potentialAction\":[{\"@type\":\"SearchAction\",\"target\":{\"@type\":\"EntryPoint\",\"urlTemplate\":\"https:\\\/\\\/www.cidademarketing.com.br\\\/marketing\\\/?s={search_term_string}\"},\"query-input\":{\"@type\":\"PropertyValueSpecification\",\"valueRequired\":true,\"valueName\":\"search_term_string\"}}],\"inLanguage\":\"pt-BR\"},{\"@type\":\"Organization\",\"@id\":\"https:\\\/\\\/www.cidademarketing.com.br\\\/marketing\\\/#organization\",\"name\":\"CidadeMarketing\",\"alternateName\":\"CidadeMarketing\",\"url\":\"https:\\\/\\\/www.cidademarketing.com.br\\\/marketing\\\/\",\"logo\":{\"@type\":\"ImageObject\",\"inLanguage\":\"pt-BR\",\"@id\":\"https:\\\/\\\/www.cidademarketing.com.br\\\/marketing\\\/#\\\/schema\\\/logo\\\/image\\\/\",\"url\":\"https:\\\/\\\/www.cidademarketing.com.br\\\/marketing\\\/wp-content\\\/uploads\\\/2020\\\/01\\\/cidademarketing_marca_mobile.png\",\"contentUrl\":\"https:\\\/\\\/www.cidademarketing.com.br\\\/marketing\\\/wp-content\\\/uploads\\\/2020\\\/01\\\/cidademarketing_marca_mobile.png\",\"width\":230,\"height\":92,\"caption\":\"CidadeMarketing\"},\"image\":{\"@id\":\"https:\\\/\\\/www.cidademarketing.com.br\\\/marketing\\\/#\\\/schema\\\/logo\\\/image\\\/\"},\"sameAs\":[\"https:\\\/\\\/www.facebook.com\\\/portalcidademarketing\",\"https:\\\/\\\/x.com\\\/CidadeMarketing\",\"https:\\\/\\\/www.instagram.com\\\/cidademarketing\\\/\"]},{\"@type\":\"Person\",\"@id\":\"https:\\\/\\\/www.cidademarketing.com.br\\\/marketing\\\/#\\\/schema\\\/person\\\/02daff9f18bd9378c9e01eb6b2db155f\",\"name\":\"Thales Brand\u00e3o\",\"image\":{\"@type\":\"ImageObject\",\"inLanguage\":\"pt-BR\",\"@id\":\"https:\\\/\\\/secure.gravatar.com\\\/avatar\\\/7ca3206950207cc3cb48feec56a8a7898741ab725c368d99d5d7a5a50aab80c6?s=96&d=mm&r=g\",\"url\":\"https:\\\/\\\/secure.gravatar.com\\\/avatar\\\/7ca3206950207cc3cb48feec56a8a7898741ab725c368d99d5d7a5a50aab80c6?s=96&d=mm&r=g\",\"contentUrl\":\"https:\\\/\\\/secure.gravatar.com\\\/avatar\\\/7ca3206950207cc3cb48feec56a8a7898741ab725c368d99d5d7a5a50aab80c6?s=96&d=mm&r=g\",\"caption\":\"Thales Brand\u00e3o\"},\"description\":\"Editor Executivo do Portal CidadeMarketing.com.br &gt; Mestre em Comunica\u00e7\u00e3o e Sociedade pela Universidade Federal de Sergipe. Possui MBA Executivo em Administra\u00e7\u00e3o com \u00eanfase em Marketing pela Funda\u00e7\u00e3o Get\u00falio Vargas - Rio de Janeiro. Consultor, Palestrante e Pesquisador sobre Empreendedorismo, Marketing, Redes Sociais e Neg\u00f3cios Digitais. Professor, Palestrante TedxTalks e Campus Party. Twitter: @ThalesBrandao\",\"sameAs\":[\"http:\\\/\\\/www.mandacaru.com.br\",\"https:\\\/\\\/www.facebook.com\\\/thalesbrandao\",\"http:\\\/\\\/www.instagram.com.br\\\/thalesbrandaoferreira\",\"https:\\\/\\\/www.linkedin.com\\\/in\\\/thales-brand\u00e3o-3948609\\\/\",\"https:\\\/\\\/x.com\\\/http:\\\/\\\/www.twitter.com\\\/thalesbrandao\"],\"url\":\"https:\\\/\\\/www.cidademarketing.com.br\\\/marketing\\\/author\\\/thalesbrandao\\\/\"}]}<\/script>\n<!-- \/ Yoast SEO plugin. -->","yoast_head_json":{"title":"Marba comemora o anivers\u00e1rio de S\u00e3o Paulo com tradicional sandu\u00edche de mortadela - CidadeMarketing","robots":{"index":"index","follow":"follow","max-snippet":"max-snippet:-1","max-image-preview":"max-image-preview:large","max-video-preview":"max-video-preview:-1"},"canonical":"https:\/\/www.cidademarketing.com.br\/marketing\/2021\/01\/22\/marba-comemora-o-aniversario-de-sao-paulo-com-tradicional-sanduiche-de-mortadela\/","og_locale":"pt_BR","og_type":"article","og_title":"Marba comemora o anivers\u00e1rio de S\u00e3o Paulo com tradicional sandu\u00edche de mortadela - CidadeMarketing","og_description":"Na pr\u00f3xima segunda-feira, 25 de janeiro, a Marba celebrar\u00e1 os 467 anos da cidade de S\u00e3o Paulo e os 88 anos do Mercad\u00e3o com um dos s\u00edmbolos da gastronomia paulistana: o famoso sandu\u00edche de mortadela. Em respeito \u00e0 pandemia e \u00e0 necessidade do distanciamento interpessoal, dez influenciadores receber\u00e3o em suas casas um delicioso lanche para [&hellip;]","og_url":"https:\/\/www.cidademarketing.com.br\/marketing\/2021\/01\/22\/marba-comemora-o-aniversario-de-sao-paulo-com-tradicional-sanduiche-de-mortadela\/","og_site_name":"CidadeMarketing","article_publisher":"https:\/\/www.facebook.com\/portalcidademarketing","article_author":"https:\/\/www.facebook.com\/thalesbrandao","article_published_time":"2021-01-22T22:30:49+00:00","article_modified_time":"2021-01-22T22:30:51+00:00","og_image":[{"width":2389,"height":1593,"url":"https:\/\/www.cidademarketing.com.br\/marketing\/wp-content\/uploads\/2021\/01\/Brazuca-Marba-e-Mortadela-Brasil.jpg","type":"image\/jpeg"}],"author":"Thales Brand\u00e3o","twitter_card":"summary_large_image","twitter_creator":"@http:\/\/www.twitter.com\/thalesbrandao","twitter_site":"@CidadeMarketing","twitter_misc":{"Escrito por":"Thales Brand\u00e3o","Est. tempo de leitura":"1 minuto"},"schema":{"@context":"https:\/\/schema.org","@graph":[{"@type":"Article","@id":"https:\/\/www.cidademarketing.com.br\/marketing\/2021\/01\/22\/marba-comemora-o-aniversario-de-sao-paulo-com-tradicional-sanduiche-de-mortadela\/#article","isPartOf":{"@id":"https:\/\/www.cidademarketing.com.br\/marketing\/2021\/01\/22\/marba-comemora-o-aniversario-de-sao-paulo-com-tradicional-sanduiche-de-mortadela\/"},"author":{"name":"Thales Brand\u00e3o","@id":"https:\/\/www.cidademarketing.com.br\/marketing\/#\/schema\/person\/02daff9f18bd9378c9e01eb6b2db155f"},"headline":"Marba comemora o anivers\u00e1rio de S\u00e3o Paulo com tradicional sandu\u00edche de mortadela","datePublished":"2021-01-22T22:30:49+00:00","dateModified":"2021-01-22T22:30:51+00:00","mainEntityOfPage":{"@id":"https:\/\/www.cidademarketing.com.br\/marketing\/2021\/01\/22\/marba-comemora-o-aniversario-de-sao-paulo-com-tradicional-sanduiche-de-mortadela\/"},"wordCount":265,"commentCount":0,"publisher":{"@id":"https:\/\/www.cidademarketing.com.br\/marketing\/#organization"},"image":{"@id":"https:\/\/www.cidademarketing.com.br\/marketing\/2021\/01\/22\/marba-comemora-o-aniversario-de-sao-paulo-com-tradicional-sanduiche-de-mortadela\/#primaryimage"},"thumbnailUrl":"https:\/\/www.cidademarketing.com.br\/marketing\/wp-content\/uploads\/2021\/01\/Brazuca-Marba-e-Mortadela-Brasil.jpg","keywords":["marketing","S\u00e3o Paulo","SP"],"articleSection":["Not\u00edcias"],"inLanguage":"pt-BR","potentialAction":[{"@type":"CommentAction","name":"Comment","target":["https:\/\/www.cidademarketing.com.br\/marketing\/2021\/01\/22\/marba-comemora-o-aniversario-de-sao-paulo-com-tradicional-sanduiche-de-mortadela\/#respond"]}]},{"@type":"WebPage","@id":"https:\/\/www.cidademarketing.com.br\/marketing\/2021\/01\/22\/marba-comemora-o-aniversario-de-sao-paulo-com-tradicional-sanduiche-de-mortadela\/","url":"https:\/\/www.cidademarketing.com.br\/marketing\/2021\/01\/22\/marba-comemora-o-aniversario-de-sao-paulo-com-tradicional-sanduiche-de-mortadela\/","name":"Marba comemora o anivers\u00e1rio de S\u00e3o Paulo com tradicional sandu\u00edche de mortadela - CidadeMarketing","isPartOf":{"@id":"https:\/\/www.cidademarketing.com.br\/marketing\/#website"},"primaryImageOfPage":{"@id":"https:\/\/www.cidademarketing.com.br\/marketing\/2021\/01\/22\/marba-comemora-o-aniversario-de-sao-paulo-com-tradicional-sanduiche-de-mortadela\/#primaryimage"},"image":{"@id":"https:\/\/www.cidademarketing.com.br\/marketing\/2021\/01\/22\/marba-comemora-o-aniversario-de-sao-paulo-com-tradicional-sanduiche-de-mortadela\/#primaryimage"},"thumbnailUrl":"https:\/\/www.cidademarketing.com.br\/marketing\/wp-content\/uploads\/2021\/01\/Brazuca-Marba-e-Mortadela-Brasil.jpg","datePublished":"2021-01-22T22:30:49+00:00","dateModified":"2021-01-22T22:30:51+00:00","breadcrumb":{"@id":"https:\/\/www.cidademarketing.com.br\/marketing\/2021\/01\/22\/marba-comemora-o-aniversario-de-sao-paulo-com-tradicional-sanduiche-de-mortadela\/#breadcrumb"},"inLanguage":"pt-BR","potentialAction":[{"@type":"ReadAction","target":["https:\/\/www.cidademarketing.com.br\/marketing\/2021\/01\/22\/marba-comemora-o-aniversario-de-sao-paulo-com-tradicional-sanduiche-de-mortadela\/"]}]},{"@type":"ImageObject","inLanguage":"pt-BR","@id":"https:\/\/www.cidademarketing.com.br\/marketing\/2021\/01\/22\/marba-comemora-o-aniversario-de-sao-paulo-com-tradicional-sanduiche-de-mortadela\/#primaryimage","url":"https:\/\/www.cidademarketing.com.br\/marketing\/wp-content\/uploads\/2021\/01\/Brazuca-Marba-e-Mortadela-Brasil.jpg","contentUrl":"https:\/\/www.cidademarketing.com.br\/marketing\/wp-content\/uploads\/2021\/01\/Brazuca-Marba-e-Mortadela-Brasil.jpg","width":2389,"height":1593,"caption":"Divulga\u00e7\u00e3o"},{"@type":"BreadcrumbList","@id":"https:\/\/www.cidademarketing.com.br\/marketing\/2021\/01\/22\/marba-comemora-o-aniversario-de-sao-paulo-com-tradicional-sanduiche-de-mortadela\/#breadcrumb","itemListElement":[{"@type":"ListItem","position":1,"name":"In\u00edcio","item":"https:\/\/www.cidademarketing.com.br\/marketing\/"},{"@type":"ListItem","position":2,"name":"Marba comemora o anivers\u00e1rio de S\u00e3o Paulo com tradicional sandu\u00edche de mortadela"}]},{"@type":"WebSite","@id":"https:\/\/www.cidademarketing.com.br\/marketing\/#website","url":"https:\/\/www.cidademarketing.com.br\/marketing\/","name":"CidadeMarketing","description":"Somos um ve\u00edculo de comunica\u00e7\u00e3o de destaque no Brasil, reconhecido por conte\u00fados nos segmentos de marketing, empreendedorismo e inova\u00e7\u00e3o.","publisher":{"@id":"https:\/\/www.cidademarketing.com.br\/marketing\/#organization"},"alternateName":"CidadeMarketing","potentialAction":[{"@type":"SearchAction","target":{"@type":"EntryPoint","urlTemplate":"https:\/\/www.cidademarketing.com.br\/marketing\/?s={search_term_string}"},"query-input":{"@type":"PropertyValueSpecification","valueRequired":true,"valueName":"search_term_string"}}],"inLanguage":"pt-BR"},{"@type":"Organization","@id":"https:\/\/www.cidademarketing.com.br\/marketing\/#organization","name":"CidadeMarketing","alternateName":"CidadeMarketing","url":"https:\/\/www.cidademarketing.com.br\/marketing\/","logo":{"@type":"ImageObject","inLanguage":"pt-BR","@id":"https:\/\/www.cidademarketing.com.br\/marketing\/#\/schema\/logo\/image\/","url":"https:\/\/www.cidademarketing.com.br\/marketing\/wp-content\/uploads\/2020\/01\/cidademarketing_marca_mobile.png","contentUrl":"https:\/\/www.cidademarketing.com.br\/marketing\/wp-content\/uploads\/2020\/01\/cidademarketing_marca_mobile.png","width":230,"height":92,"caption":"CidadeMarketing"},"image":{"@id":"https:\/\/www.cidademarketing.com.br\/marketing\/#\/schema\/logo\/image\/"},"sameAs":["https:\/\/www.facebook.com\/portalcidademarketing","https:\/\/x.com\/CidadeMarketing","https:\/\/www.instagram.com\/cidademarketing\/"]},{"@type":"Person","@id":"https:\/\/www.cidademarketing.com.br\/marketing\/#\/schema\/person\/02daff9f18bd9378c9e01eb6b2db155f","name":"Thales Brand\u00e3o","image":{"@type":"ImageObject","inLanguage":"pt-BR","@id":"https:\/\/secure.gravatar.com\/avatar\/7ca3206950207cc3cb48feec56a8a7898741ab725c368d99d5d7a5a50aab80c6?s=96&d=mm&r=g","url":"https:\/\/secure.gravatar.com\/avatar\/7ca3206950207cc3cb48feec56a8a7898741ab725c368d99d5d7a5a50aab80c6?s=96&d=mm&r=g","contentUrl":"https:\/\/secure.gravatar.com\/avatar\/7ca3206950207cc3cb48feec56a8a7898741ab725c368d99d5d7a5a50aab80c6?s=96&d=mm&r=g","caption":"Thales Brand\u00e3o"},"description":"Editor Executivo do Portal CidadeMarketing.com.br &gt; Mestre em Comunica\u00e7\u00e3o e Sociedade pela Universidade Federal de Sergipe. Possui MBA Executivo em Administra\u00e7\u00e3o com \u00eanfase em Marketing pela Funda\u00e7\u00e3o Get\u00falio Vargas - Rio de Janeiro. Consultor, Palestrante e Pesquisador sobre Empreendedorismo, Marketing, Redes Sociais e Neg\u00f3cios Digitais. Professor, Palestrante TedxTalks e Campus Party. Twitter: @ThalesBrandao","sameAs":["http:\/\/www.mandacaru.com.br","https:\/\/www.facebook.com\/thalesbrandao","http:\/\/www.instagram.com.br\/thalesbrandaoferreira","https:\/\/www.linkedin.com\/in\/thales-brand\u00e3o-3948609\/","https:\/\/x.com\/http:\/\/www.twitter.com\/thalesbrandao"],"url":"https:\/\/www.cidademarketing.com.br\/marketing\/author\/thalesbrandao\/"}]}},"amp_enabled":true,"_links":{"self":[{"href":"https:\/\/www.cidademarketing.com.br\/marketing\/wp-json\/wp\/v2\/posts\/21710","targetHints":{"allow":["GET"]}}],"collection":[{"href":"https:\/\/www.cidademarketing.com.br\/marketing\/wp-json\/wp\/v2\/posts"}],"about":[{"href":"https:\/\/www.cidademarketing.com.br\/marketing\/wp-json\/wp\/v2\/types\/post"}],"author":[{"embeddable":true,"href":"https:\/\/www.cidademarketing.com.br\/marketing\/wp-json\/wp\/v2\/users\/1"}],"replies":[{"embeddable":true,"href":"https:\/\/www.cidademarketing.com.br\/marketing\/wp-json\/wp\/v2\/comments?post=21710"}],"version-history":[{"count":1,"href":"https:\/\/www.cidademarketing.com.br\/marketing\/wp-json\/wp\/v2\/posts\/21710\/revisions"}],"predecessor-version":[{"id":21712,"href":"https:\/\/www.cidademarketing.com.br\/marketing\/wp-json\/wp\/v2\/posts\/21710\/revisions\/21712"}],"wp:featuredmedia":[{"embeddable":true,"href":"https:\/\/www.cidademarketing.com.br\/marketing\/wp-json\/wp\/v2\/media\/21711"}],"wp:attachment":[{"href":"https:\/\/www.cidademarketing.com.br\/marketing\/wp-json\/wp\/v2\/media?parent=21710"}],"wp:term":[{"taxonomy":"category","embeddable":true,"href":"https:\/\/www.cidademarketing.com.br\/marketing\/wp-json\/wp\/v2\/categories?post=21710"},{"taxonomy":"post_tag","embeddable":true,"href":"https:\/\/www.cidademarketing.com.br\/marketing\/wp-json\/wp\/v2\/tags?post=21710"}],"curies":[{"name":"wp","href":"https:\/\/api.w.org\/{rel}","templated":true}]}}