{"id":21705,"date":"2021-01-22T11:10:48","date_gmt":"2021-01-22T14:10:48","guid":{"rendered":"https:\/\/www.cidademarketing.com.br\/marketing\/?p=21705"},"modified":"2021-01-22T11:10:52","modified_gmt":"2021-01-22T14:10:52","slug":"em-campanha-honda-automoveis-apresenta-a-linha-2021-do-modelo-hr-v","status":"publish","type":"post","link":"https:\/\/www.cidademarketing.com.br\/marketing\/2021\/01\/22\/em-campanha-honda-automoveis-apresenta-a-linha-2021-do-modelo-hr-v\/","title":{"rendered":"Em campanha, Honda Autom\u00f3veis apresenta a linha 2021 do modelo HR-V"},"content":{"rendered":"\n<p>Nesta sexta-feira (22), a Honda Autom\u00f3veis lan\u00e7a campanha para apresentar a linha 2021 do Honda HR-V, que ganhou novas rodas de liga leve de 17 polegadas e conjunto \u00f3ptico full LED (novidade na vers\u00e3o EXL), entre outros diferenciais. Revolucion\u00e1rio em sua concep\u00e7\u00e3o, o modelo combina design de cup\u00ea, com espa\u00e7o interno de minivan e porte de utilit\u00e1rio esportivo e \u00e9 o mais vendido da empresa no Brasil.\u00a0<\/p>\n\n\n\n<p><\/p>\n\n\n\n<figure class=\"wp-block-embed is-type-video is-provider-youtube wp-block-embed-youtube wp-embed-aspect-16-9 wp-has-aspect-ratio\"><div class=\"wp-block-embed__wrapper\">\n<div class=\"youtube-embed\" data-video_id=\"SGqzhCxMrrs\"><iframe title=\"Novo Honda HR-V\" width=\"640\" height=\"360\" src=\"https:\/\/www.youtube.com\/embed\/SGqzhCxMrrs?feature=oembed&#038;enablejsapi=1\" frameborder=\"0\" allow=\"accelerometer; autoplay; clipboard-write; encrypted-media; gyroscope; picture-in-picture; web-share\" referrerpolicy=\"strict-origin-when-cross-origin\" allowfullscreen><\/iframe><\/div>\n<\/div><\/figure>\n\n\n\n<p>A campanha criada pela Publicis inclui filme para TV fechada, estrat\u00e9gia digital, r\u00e1dio e out of home e destaca os diferenciais do carro a partir do novo mote \u201cRevolu\u00e7\u00e3o onde voc\u00ea estiver\u201d. O filme possui dura\u00e7\u00e3o de 30 segundos e conduz o espectador em um passeio a bordo da vers\u00e3o Touring do novo Honda HR-V, com seu motor turbo 1.5 e 173cv, e mostra como, utilizando todos os atributos do carro, \u00e9 poss\u00edvel revolucionar os momentos, como o dia do filho, o fim de semana ou o pr\u00f3prio olhar sobre as coisas que est\u00e3o ao redor.&nbsp;<\/p>\n\n\n\n<p>\u201cO Honda HR-V foi o modelo que revolucionou o segmento de SUVs no Brasil e sempre teve a inova\u00e7\u00e3o em seu DNA. Com esta campanha e o novo conceito, destacamos novamente o car\u00e1ter revolucion\u00e1rio do carro, que est\u00e1 presente tamb\u00e9m na mais recente vers\u00e3o do modelo\u201d, afirma Diego Fernandes, Gerente Geral da Honda Autom\u00f3veis do Brasil.&nbsp; \u201cEsta campanha mostra como os diferenciais do Honda HR-V 2021 promovem pequenas e grandes revolu\u00e7\u00f5es muito bem-vindas ao dia a dia de quem dirige o carro e de suas fam\u00edlias\u201d, conclui Domenico Massareto, CCO da Publicis. &nbsp;<\/p>\n","protected":false},"excerpt":{"rendered":"<p>Nesta sexta-feira (22), a Honda Autom\u00f3veis lan\u00e7a campanha para apresentar a linha 2021 do Honda HR-V, que ganhou novas rodas de liga leve de 17 polegadas e conjunto \u00f3ptico full LED (novidade na vers\u00e3o EXL), entre outros diferenciais. Revolucion\u00e1rio em sua concep\u00e7\u00e3o, o modelo combina design de cup\u00ea, com espa\u00e7o interno de minivan e porte [&hellip;]<\/p>\n","protected":false},"author":1,"featured_media":21707,"comment_status":"open","ping_status":"open","sticky":false,"template":"","format":"standard","meta":{"tdm_status":"","tdm_grid_status":"","footnotes":""},"categories":[6],"tags":[33,780,28],"class_list":["post-21705","post","type-post","status-publish","format-standard","has-post-thumbnail","hentry","category-noticias","tag-estrategia","tag-honda","tag-marketing"],"yoast_head":"<!-- This site is optimized with the Yoast SEO plugin v27.5 - https:\/\/yoast.com\/product\/yoast-seo-wordpress\/ -->\n<title>Em campanha, Honda Autom\u00f3veis apresenta a linha 2021 do modelo HR-V - CidadeMarketing<\/title>\n<meta name=\"robots\" content=\"index, follow, max-snippet:-1, max-image-preview:large, max-video-preview:-1\" \/>\n<link rel=\"canonical\" href=\"https:\/\/www.cidademarketing.com.br\/marketing\/2021\/01\/22\/em-campanha-honda-automoveis-apresenta-a-linha-2021-do-modelo-hr-v\/\" \/>\n<meta property=\"og:locale\" content=\"pt_BR\" \/>\n<meta property=\"og:type\" content=\"article\" \/>\n<meta property=\"og:title\" content=\"Em campanha, Honda Autom\u00f3veis apresenta a linha 2021 do modelo HR-V - CidadeMarketing\" \/>\n<meta property=\"og:description\" content=\"Nesta sexta-feira (22), a Honda Autom\u00f3veis lan\u00e7a campanha para apresentar a linha 2021 do Honda HR-V, que ganhou novas rodas de liga leve de 17 polegadas e conjunto \u00f3ptico full LED (novidade na vers\u00e3o EXL), entre outros diferenciais. Revolucion\u00e1rio em sua concep\u00e7\u00e3o, o modelo combina design de cup\u00ea, com espa\u00e7o interno de minivan e porte [&hellip;]\" \/>\n<meta property=\"og:url\" content=\"https:\/\/www.cidademarketing.com.br\/marketing\/2021\/01\/22\/em-campanha-honda-automoveis-apresenta-a-linha-2021-do-modelo-hr-v\/\" \/>\n<meta property=\"og:site_name\" content=\"CidadeMarketing\" \/>\n<meta property=\"article:publisher\" content=\"https:\/\/www.facebook.com\/portalcidademarketing\" \/>\n<meta property=\"article:author\" content=\"https:\/\/www.facebook.com\/thalesbrandao\" \/>\n<meta property=\"article:published_time\" content=\"2021-01-22T14:10:48+00:00\" \/>\n<meta property=\"article:modified_time\" content=\"2021-01-22T14:10:52+00:00\" \/>\n<meta property=\"og:image\" content=\"https:\/\/www.cidademarketing.com.br\/marketing\/wp-content\/uploads\/2021\/01\/PUBLICIS_HONDA_HRV_DESENHO.png\" \/>\n\t<meta property=\"og:image:width\" content=\"1344\" \/>\n\t<meta property=\"og:image:height\" content=\"756\" \/>\n\t<meta property=\"og:image:type\" content=\"image\/png\" \/>\n<meta name=\"author\" content=\"Thales Brand\u00e3o\" \/>\n<meta name=\"twitter:card\" content=\"summary_large_image\" \/>\n<meta name=\"twitter:creator\" content=\"@http:\/\/www.twitter.com\/thalesbrandao\" \/>\n<meta name=\"twitter:site\" content=\"@CidadeMarketing\" \/>\n<meta name=\"twitter:label1\" content=\"Escrito por\" \/>\n\t<meta name=\"twitter:data1\" content=\"Thales Brand\u00e3o\" \/>\n\t<meta name=\"twitter:label2\" content=\"Est. tempo de leitura\" \/>\n\t<meta name=\"twitter:data2\" content=\"1 minuto\" \/>\n<script type=\"application\/ld+json\" class=\"yoast-schema-graph\">{\"@context\":\"https:\\\/\\\/schema.org\",\"@graph\":[{\"@type\":\"Article\",\"@id\":\"https:\\\/\\\/www.cidademarketing.com.br\\\/marketing\\\/2021\\\/01\\\/22\\\/em-campanha-honda-automoveis-apresenta-a-linha-2021-do-modelo-hr-v\\\/#article\",\"isPartOf\":{\"@id\":\"https:\\\/\\\/www.cidademarketing.com.br\\\/marketing\\\/2021\\\/01\\\/22\\\/em-campanha-honda-automoveis-apresenta-a-linha-2021-do-modelo-hr-v\\\/\"},\"author\":{\"name\":\"Thales Brand\u00e3o\",\"@id\":\"https:\\\/\\\/www.cidademarketing.com.br\\\/marketing\\\/#\\\/schema\\\/person\\\/02daff9f18bd9378c9e01eb6b2db155f\"},\"headline\":\"Em campanha, Honda Autom\u00f3veis apresenta a linha 2021 do modelo HR-V\",\"datePublished\":\"2021-01-22T14:10:48+00:00\",\"dateModified\":\"2021-01-22T14:10:52+00:00\",\"mainEntityOfPage\":{\"@id\":\"https:\\\/\\\/www.cidademarketing.com.br\\\/marketing\\\/2021\\\/01\\\/22\\\/em-campanha-honda-automoveis-apresenta-a-linha-2021-do-modelo-hr-v\\\/\"},\"wordCount\":295,\"commentCount\":0,\"publisher\":{\"@id\":\"https:\\\/\\\/www.cidademarketing.com.br\\\/marketing\\\/#organization\"},\"image\":{\"@id\":\"https:\\\/\\\/www.cidademarketing.com.br\\\/marketing\\\/2021\\\/01\\\/22\\\/em-campanha-honda-automoveis-apresenta-a-linha-2021-do-modelo-hr-v\\\/#primaryimage\"},\"thumbnailUrl\":\"https:\\\/\\\/www.cidademarketing.com.br\\\/marketing\\\/wp-content\\\/uploads\\\/2021\\\/01\\\/PUBLICIS_HONDA_HRV_DESENHO.png\",\"keywords\":[\"estrat\u00e9gia\",\"Honda\",\"marketing\"],\"articleSection\":[\"Not\u00edcias\"],\"inLanguage\":\"pt-BR\",\"potentialAction\":[{\"@type\":\"CommentAction\",\"name\":\"Comment\",\"target\":[\"https:\\\/\\\/www.cidademarketing.com.br\\\/marketing\\\/2021\\\/01\\\/22\\\/em-campanha-honda-automoveis-apresenta-a-linha-2021-do-modelo-hr-v\\\/#respond\"]}]},{\"@type\":\"WebPage\",\"@id\":\"https:\\\/\\\/www.cidademarketing.com.br\\\/marketing\\\/2021\\\/01\\\/22\\\/em-campanha-honda-automoveis-apresenta-a-linha-2021-do-modelo-hr-v\\\/\",\"url\":\"https:\\\/\\\/www.cidademarketing.com.br\\\/marketing\\\/2021\\\/01\\\/22\\\/em-campanha-honda-automoveis-apresenta-a-linha-2021-do-modelo-hr-v\\\/\",\"name\":\"Em campanha, Honda Autom\u00f3veis apresenta a linha 2021 do modelo HR-V - CidadeMarketing\",\"isPartOf\":{\"@id\":\"https:\\\/\\\/www.cidademarketing.com.br\\\/marketing\\\/#website\"},\"primaryImageOfPage\":{\"@id\":\"https:\\\/\\\/www.cidademarketing.com.br\\\/marketing\\\/2021\\\/01\\\/22\\\/em-campanha-honda-automoveis-apresenta-a-linha-2021-do-modelo-hr-v\\\/#primaryimage\"},\"image\":{\"@id\":\"https:\\\/\\\/www.cidademarketing.com.br\\\/marketing\\\/2021\\\/01\\\/22\\\/em-campanha-honda-automoveis-apresenta-a-linha-2021-do-modelo-hr-v\\\/#primaryimage\"},\"thumbnailUrl\":\"https:\\\/\\\/www.cidademarketing.com.br\\\/marketing\\\/wp-content\\\/uploads\\\/2021\\\/01\\\/PUBLICIS_HONDA_HRV_DESENHO.png\",\"datePublished\":\"2021-01-22T14:10:48+00:00\",\"dateModified\":\"2021-01-22T14:10:52+00:00\",\"breadcrumb\":{\"@id\":\"https:\\\/\\\/www.cidademarketing.com.br\\\/marketing\\\/2021\\\/01\\\/22\\\/em-campanha-honda-automoveis-apresenta-a-linha-2021-do-modelo-hr-v\\\/#breadcrumb\"},\"inLanguage\":\"pt-BR\",\"potentialAction\":[{\"@type\":\"ReadAction\",\"target\":[\"https:\\\/\\\/www.cidademarketing.com.br\\\/marketing\\\/2021\\\/01\\\/22\\\/em-campanha-honda-automoveis-apresenta-a-linha-2021-do-modelo-hr-v\\\/\"]}]},{\"@type\":\"ImageObject\",\"inLanguage\":\"pt-BR\",\"@id\":\"https:\\\/\\\/www.cidademarketing.com.br\\\/marketing\\\/2021\\\/01\\\/22\\\/em-campanha-honda-automoveis-apresenta-a-linha-2021-do-modelo-hr-v\\\/#primaryimage\",\"url\":\"https:\\\/\\\/www.cidademarketing.com.br\\\/marketing\\\/wp-content\\\/uploads\\\/2021\\\/01\\\/PUBLICIS_HONDA_HRV_DESENHO.png\",\"contentUrl\":\"https:\\\/\\\/www.cidademarketing.com.br\\\/marketing\\\/wp-content\\\/uploads\\\/2021\\\/01\\\/PUBLICIS_HONDA_HRV_DESENHO.png\",\"width\":1344,\"height\":756,\"caption\":\"Divulga\u00e7\u00e3o\"},{\"@type\":\"BreadcrumbList\",\"@id\":\"https:\\\/\\\/www.cidademarketing.com.br\\\/marketing\\\/2021\\\/01\\\/22\\\/em-campanha-honda-automoveis-apresenta-a-linha-2021-do-modelo-hr-v\\\/#breadcrumb\",\"itemListElement\":[{\"@type\":\"ListItem\",\"position\":1,\"name\":\"In\u00edcio\",\"item\":\"https:\\\/\\\/www.cidademarketing.com.br\\\/marketing\\\/\"},{\"@type\":\"ListItem\",\"position\":2,\"name\":\"Em campanha, Honda Autom\u00f3veis apresenta a linha 2021 do modelo HR-V\"}]},{\"@type\":\"WebSite\",\"@id\":\"https:\\\/\\\/www.cidademarketing.com.br\\\/marketing\\\/#website\",\"url\":\"https:\\\/\\\/www.cidademarketing.com.br\\\/marketing\\\/\",\"name\":\"CidadeMarketing\",\"description\":\"Somos um ve\u00edculo de comunica\u00e7\u00e3o de destaque no Brasil, reconhecido por conte\u00fados nos segmentos de marketing, empreendedorismo e inova\u00e7\u00e3o.\",\"publisher\":{\"@id\":\"https:\\\/\\\/www.cidademarketing.com.br\\\/marketing\\\/#organization\"},\"alternateName\":\"CidadeMarketing\",\"potentialAction\":[{\"@type\":\"SearchAction\",\"target\":{\"@type\":\"EntryPoint\",\"urlTemplate\":\"https:\\\/\\\/www.cidademarketing.com.br\\\/marketing\\\/?s={search_term_string}\"},\"query-input\":{\"@type\":\"PropertyValueSpecification\",\"valueRequired\":true,\"valueName\":\"search_term_string\"}}],\"inLanguage\":\"pt-BR\"},{\"@type\":\"Organization\",\"@id\":\"https:\\\/\\\/www.cidademarketing.com.br\\\/marketing\\\/#organization\",\"name\":\"CidadeMarketing\",\"alternateName\":\"CidadeMarketing\",\"url\":\"https:\\\/\\\/www.cidademarketing.com.br\\\/marketing\\\/\",\"logo\":{\"@type\":\"ImageObject\",\"inLanguage\":\"pt-BR\",\"@id\":\"https:\\\/\\\/www.cidademarketing.com.br\\\/marketing\\\/#\\\/schema\\\/logo\\\/image\\\/\",\"url\":\"https:\\\/\\\/www.cidademarketing.com.br\\\/marketing\\\/wp-content\\\/uploads\\\/2020\\\/01\\\/cidademarketing_marca_mobile.png\",\"contentUrl\":\"https:\\\/\\\/www.cidademarketing.com.br\\\/marketing\\\/wp-content\\\/uploads\\\/2020\\\/01\\\/cidademarketing_marca_mobile.png\",\"width\":230,\"height\":92,\"caption\":\"CidadeMarketing\"},\"image\":{\"@id\":\"https:\\\/\\\/www.cidademarketing.com.br\\\/marketing\\\/#\\\/schema\\\/logo\\\/image\\\/\"},\"sameAs\":[\"https:\\\/\\\/www.facebook.com\\\/portalcidademarketing\",\"https:\\\/\\\/x.com\\\/CidadeMarketing\",\"https:\\\/\\\/www.instagram.com\\\/cidademarketing\\\/\"]},{\"@type\":\"Person\",\"@id\":\"https:\\\/\\\/www.cidademarketing.com.br\\\/marketing\\\/#\\\/schema\\\/person\\\/02daff9f18bd9378c9e01eb6b2db155f\",\"name\":\"Thales Brand\u00e3o\",\"image\":{\"@type\":\"ImageObject\",\"inLanguage\":\"pt-BR\",\"@id\":\"https:\\\/\\\/secure.gravatar.com\\\/avatar\\\/7ca3206950207cc3cb48feec56a8a7898741ab725c368d99d5d7a5a50aab80c6?s=96&d=mm&r=g\",\"url\":\"https:\\\/\\\/secure.gravatar.com\\\/avatar\\\/7ca3206950207cc3cb48feec56a8a7898741ab725c368d99d5d7a5a50aab80c6?s=96&d=mm&r=g\",\"contentUrl\":\"https:\\\/\\\/secure.gravatar.com\\\/avatar\\\/7ca3206950207cc3cb48feec56a8a7898741ab725c368d99d5d7a5a50aab80c6?s=96&d=mm&r=g\",\"caption\":\"Thales Brand\u00e3o\"},\"description\":\"Editor Executivo do Portal CidadeMarketing.com.br &gt; Mestre em Comunica\u00e7\u00e3o e Sociedade pela Universidade Federal de Sergipe. Possui MBA Executivo em Administra\u00e7\u00e3o com \u00eanfase em Marketing pela Funda\u00e7\u00e3o Get\u00falio Vargas - Rio de Janeiro. Consultor, Palestrante e Pesquisador sobre Empreendedorismo, Marketing, Redes Sociais e Neg\u00f3cios Digitais. Professor, Palestrante TedxTalks e Campus Party. Twitter: @ThalesBrandao\",\"sameAs\":[\"http:\\\/\\\/www.mandacaru.com.br\",\"https:\\\/\\\/www.facebook.com\\\/thalesbrandao\",\"http:\\\/\\\/www.instagram.com.br\\\/thalesbrandaoferreira\",\"https:\\\/\\\/www.linkedin.com\\\/in\\\/thales-brand\u00e3o-3948609\\\/\",\"https:\\\/\\\/x.com\\\/http:\\\/\\\/www.twitter.com\\\/thalesbrandao\"],\"url\":\"https:\\\/\\\/www.cidademarketing.com.br\\\/marketing\\\/author\\\/thalesbrandao\\\/\"}]}<\/script>\n<!-- \/ Yoast SEO plugin. -->","yoast_head_json":{"title":"Em campanha, Honda Autom\u00f3veis apresenta a linha 2021 do modelo HR-V - CidadeMarketing","robots":{"index":"index","follow":"follow","max-snippet":"max-snippet:-1","max-image-preview":"max-image-preview:large","max-video-preview":"max-video-preview:-1"},"canonical":"https:\/\/www.cidademarketing.com.br\/marketing\/2021\/01\/22\/em-campanha-honda-automoveis-apresenta-a-linha-2021-do-modelo-hr-v\/","og_locale":"pt_BR","og_type":"article","og_title":"Em campanha, Honda Autom\u00f3veis apresenta a linha 2021 do modelo HR-V - CidadeMarketing","og_description":"Nesta sexta-feira (22), a Honda Autom\u00f3veis lan\u00e7a campanha para apresentar a linha 2021 do Honda HR-V, que ganhou novas rodas de liga leve de 17 polegadas e conjunto \u00f3ptico full LED (novidade na vers\u00e3o EXL), entre outros diferenciais. Revolucion\u00e1rio em sua concep\u00e7\u00e3o, o modelo combina design de cup\u00ea, com espa\u00e7o interno de minivan e porte [&hellip;]","og_url":"https:\/\/www.cidademarketing.com.br\/marketing\/2021\/01\/22\/em-campanha-honda-automoveis-apresenta-a-linha-2021-do-modelo-hr-v\/","og_site_name":"CidadeMarketing","article_publisher":"https:\/\/www.facebook.com\/portalcidademarketing","article_author":"https:\/\/www.facebook.com\/thalesbrandao","article_published_time":"2021-01-22T14:10:48+00:00","article_modified_time":"2021-01-22T14:10:52+00:00","og_image":[{"width":1344,"height":756,"url":"https:\/\/www.cidademarketing.com.br\/marketing\/wp-content\/uploads\/2021\/01\/PUBLICIS_HONDA_HRV_DESENHO.png","type":"image\/png"}],"author":"Thales Brand\u00e3o","twitter_card":"summary_large_image","twitter_creator":"@http:\/\/www.twitter.com\/thalesbrandao","twitter_site":"@CidadeMarketing","twitter_misc":{"Escrito por":"Thales Brand\u00e3o","Est. tempo de leitura":"1 minuto"},"schema":{"@context":"https:\/\/schema.org","@graph":[{"@type":"Article","@id":"https:\/\/www.cidademarketing.com.br\/marketing\/2021\/01\/22\/em-campanha-honda-automoveis-apresenta-a-linha-2021-do-modelo-hr-v\/#article","isPartOf":{"@id":"https:\/\/www.cidademarketing.com.br\/marketing\/2021\/01\/22\/em-campanha-honda-automoveis-apresenta-a-linha-2021-do-modelo-hr-v\/"},"author":{"name":"Thales Brand\u00e3o","@id":"https:\/\/www.cidademarketing.com.br\/marketing\/#\/schema\/person\/02daff9f18bd9378c9e01eb6b2db155f"},"headline":"Em campanha, Honda Autom\u00f3veis apresenta a linha 2021 do modelo HR-V","datePublished":"2021-01-22T14:10:48+00:00","dateModified":"2021-01-22T14:10:52+00:00","mainEntityOfPage":{"@id":"https:\/\/www.cidademarketing.com.br\/marketing\/2021\/01\/22\/em-campanha-honda-automoveis-apresenta-a-linha-2021-do-modelo-hr-v\/"},"wordCount":295,"commentCount":0,"publisher":{"@id":"https:\/\/www.cidademarketing.com.br\/marketing\/#organization"},"image":{"@id":"https:\/\/www.cidademarketing.com.br\/marketing\/2021\/01\/22\/em-campanha-honda-automoveis-apresenta-a-linha-2021-do-modelo-hr-v\/#primaryimage"},"thumbnailUrl":"https:\/\/www.cidademarketing.com.br\/marketing\/wp-content\/uploads\/2021\/01\/PUBLICIS_HONDA_HRV_DESENHO.png","keywords":["estrat\u00e9gia","Honda","marketing"],"articleSection":["Not\u00edcias"],"inLanguage":"pt-BR","potentialAction":[{"@type":"CommentAction","name":"Comment","target":["https:\/\/www.cidademarketing.com.br\/marketing\/2021\/01\/22\/em-campanha-honda-automoveis-apresenta-a-linha-2021-do-modelo-hr-v\/#respond"]}]},{"@type":"WebPage","@id":"https:\/\/www.cidademarketing.com.br\/marketing\/2021\/01\/22\/em-campanha-honda-automoveis-apresenta-a-linha-2021-do-modelo-hr-v\/","url":"https:\/\/www.cidademarketing.com.br\/marketing\/2021\/01\/22\/em-campanha-honda-automoveis-apresenta-a-linha-2021-do-modelo-hr-v\/","name":"Em campanha, Honda Autom\u00f3veis apresenta a linha 2021 do modelo HR-V - CidadeMarketing","isPartOf":{"@id":"https:\/\/www.cidademarketing.com.br\/marketing\/#website"},"primaryImageOfPage":{"@id":"https:\/\/www.cidademarketing.com.br\/marketing\/2021\/01\/22\/em-campanha-honda-automoveis-apresenta-a-linha-2021-do-modelo-hr-v\/#primaryimage"},"image":{"@id":"https:\/\/www.cidademarketing.com.br\/marketing\/2021\/01\/22\/em-campanha-honda-automoveis-apresenta-a-linha-2021-do-modelo-hr-v\/#primaryimage"},"thumbnailUrl":"https:\/\/www.cidademarketing.com.br\/marketing\/wp-content\/uploads\/2021\/01\/PUBLICIS_HONDA_HRV_DESENHO.png","datePublished":"2021-01-22T14:10:48+00:00","dateModified":"2021-01-22T14:10:52+00:00","breadcrumb":{"@id":"https:\/\/www.cidademarketing.com.br\/marketing\/2021\/01\/22\/em-campanha-honda-automoveis-apresenta-a-linha-2021-do-modelo-hr-v\/#breadcrumb"},"inLanguage":"pt-BR","potentialAction":[{"@type":"ReadAction","target":["https:\/\/www.cidademarketing.com.br\/marketing\/2021\/01\/22\/em-campanha-honda-automoveis-apresenta-a-linha-2021-do-modelo-hr-v\/"]}]},{"@type":"ImageObject","inLanguage":"pt-BR","@id":"https:\/\/www.cidademarketing.com.br\/marketing\/2021\/01\/22\/em-campanha-honda-automoveis-apresenta-a-linha-2021-do-modelo-hr-v\/#primaryimage","url":"https:\/\/www.cidademarketing.com.br\/marketing\/wp-content\/uploads\/2021\/01\/PUBLICIS_HONDA_HRV_DESENHO.png","contentUrl":"https:\/\/www.cidademarketing.com.br\/marketing\/wp-content\/uploads\/2021\/01\/PUBLICIS_HONDA_HRV_DESENHO.png","width":1344,"height":756,"caption":"Divulga\u00e7\u00e3o"},{"@type":"BreadcrumbList","@id":"https:\/\/www.cidademarketing.com.br\/marketing\/2021\/01\/22\/em-campanha-honda-automoveis-apresenta-a-linha-2021-do-modelo-hr-v\/#breadcrumb","itemListElement":[{"@type":"ListItem","position":1,"name":"In\u00edcio","item":"https:\/\/www.cidademarketing.com.br\/marketing\/"},{"@type":"ListItem","position":2,"name":"Em campanha, Honda Autom\u00f3veis apresenta a linha 2021 do modelo HR-V"}]},{"@type":"WebSite","@id":"https:\/\/www.cidademarketing.com.br\/marketing\/#website","url":"https:\/\/www.cidademarketing.com.br\/marketing\/","name":"CidadeMarketing","description":"Somos um ve\u00edculo de comunica\u00e7\u00e3o de destaque no Brasil, reconhecido por conte\u00fados nos segmentos de marketing, empreendedorismo e inova\u00e7\u00e3o.","publisher":{"@id":"https:\/\/www.cidademarketing.com.br\/marketing\/#organization"},"alternateName":"CidadeMarketing","potentialAction":[{"@type":"SearchAction","target":{"@type":"EntryPoint","urlTemplate":"https:\/\/www.cidademarketing.com.br\/marketing\/?s={search_term_string}"},"query-input":{"@type":"PropertyValueSpecification","valueRequired":true,"valueName":"search_term_string"}}],"inLanguage":"pt-BR"},{"@type":"Organization","@id":"https:\/\/www.cidademarketing.com.br\/marketing\/#organization","name":"CidadeMarketing","alternateName":"CidadeMarketing","url":"https:\/\/www.cidademarketing.com.br\/marketing\/","logo":{"@type":"ImageObject","inLanguage":"pt-BR","@id":"https:\/\/www.cidademarketing.com.br\/marketing\/#\/schema\/logo\/image\/","url":"https:\/\/www.cidademarketing.com.br\/marketing\/wp-content\/uploads\/2020\/01\/cidademarketing_marca_mobile.png","contentUrl":"https:\/\/www.cidademarketing.com.br\/marketing\/wp-content\/uploads\/2020\/01\/cidademarketing_marca_mobile.png","width":230,"height":92,"caption":"CidadeMarketing"},"image":{"@id":"https:\/\/www.cidademarketing.com.br\/marketing\/#\/schema\/logo\/image\/"},"sameAs":["https:\/\/www.facebook.com\/portalcidademarketing","https:\/\/x.com\/CidadeMarketing","https:\/\/www.instagram.com\/cidademarketing\/"]},{"@type":"Person","@id":"https:\/\/www.cidademarketing.com.br\/marketing\/#\/schema\/person\/02daff9f18bd9378c9e01eb6b2db155f","name":"Thales Brand\u00e3o","image":{"@type":"ImageObject","inLanguage":"pt-BR","@id":"https:\/\/secure.gravatar.com\/avatar\/7ca3206950207cc3cb48feec56a8a7898741ab725c368d99d5d7a5a50aab80c6?s=96&d=mm&r=g","url":"https:\/\/secure.gravatar.com\/avatar\/7ca3206950207cc3cb48feec56a8a7898741ab725c368d99d5d7a5a50aab80c6?s=96&d=mm&r=g","contentUrl":"https:\/\/secure.gravatar.com\/avatar\/7ca3206950207cc3cb48feec56a8a7898741ab725c368d99d5d7a5a50aab80c6?s=96&d=mm&r=g","caption":"Thales Brand\u00e3o"},"description":"Editor Executivo do Portal CidadeMarketing.com.br &gt; Mestre em Comunica\u00e7\u00e3o e Sociedade pela Universidade Federal de Sergipe. Possui MBA Executivo em Administra\u00e7\u00e3o com \u00eanfase em Marketing pela Funda\u00e7\u00e3o Get\u00falio Vargas - Rio de Janeiro. Consultor, Palestrante e Pesquisador sobre Empreendedorismo, Marketing, Redes Sociais e Neg\u00f3cios Digitais. Professor, Palestrante TedxTalks e Campus Party. Twitter: @ThalesBrandao","sameAs":["http:\/\/www.mandacaru.com.br","https:\/\/www.facebook.com\/thalesbrandao","http:\/\/www.instagram.com.br\/thalesbrandaoferreira","https:\/\/www.linkedin.com\/in\/thales-brand\u00e3o-3948609\/","https:\/\/x.com\/http:\/\/www.twitter.com\/thalesbrandao"],"url":"https:\/\/www.cidademarketing.com.br\/marketing\/author\/thalesbrandao\/"}]}},"amp_enabled":true,"_links":{"self":[{"href":"https:\/\/www.cidademarketing.com.br\/marketing\/wp-json\/wp\/v2\/posts\/21705","targetHints":{"allow":["GET"]}}],"collection":[{"href":"https:\/\/www.cidademarketing.com.br\/marketing\/wp-json\/wp\/v2\/posts"}],"about":[{"href":"https:\/\/www.cidademarketing.com.br\/marketing\/wp-json\/wp\/v2\/types\/post"}],"author":[{"embeddable":true,"href":"https:\/\/www.cidademarketing.com.br\/marketing\/wp-json\/wp\/v2\/users\/1"}],"replies":[{"embeddable":true,"href":"https:\/\/www.cidademarketing.com.br\/marketing\/wp-json\/wp\/v2\/comments?post=21705"}],"version-history":[{"count":1,"href":"https:\/\/www.cidademarketing.com.br\/marketing\/wp-json\/wp\/v2\/posts\/21705\/revisions"}],"predecessor-version":[{"id":21708,"href":"https:\/\/www.cidademarketing.com.br\/marketing\/wp-json\/wp\/v2\/posts\/21705\/revisions\/21708"}],"wp:featuredmedia":[{"embeddable":true,"href":"https:\/\/www.cidademarketing.com.br\/marketing\/wp-json\/wp\/v2\/media\/21707"}],"wp:attachment":[{"href":"https:\/\/www.cidademarketing.com.br\/marketing\/wp-json\/wp\/v2\/media?parent=21705"}],"wp:term":[{"taxonomy":"category","embeddable":true,"href":"https:\/\/www.cidademarketing.com.br\/marketing\/wp-json\/wp\/v2\/categories?post=21705"},{"taxonomy":"post_tag","embeddable":true,"href":"https:\/\/www.cidademarketing.com.br\/marketing\/wp-json\/wp\/v2\/tags?post=21705"}],"curies":[{"name":"wp","href":"https:\/\/api.w.org\/{rel}","templated":true}]}}