{"id":21703,"date":"2021-01-22T10:34:50","date_gmt":"2021-01-22T13:34:50","guid":{"rendered":"https:\/\/www.cidademarketing.com.br\/marketing\/?p=21703"},"modified":"2021-01-22T11:44:48","modified_gmt":"2021-01-22T14:44:48","slug":"sao-paulo-comemora-467-anos","status":"publish","type":"post","link":"https:\/\/www.cidademarketing.com.br\/marketing\/2021\/01\/22\/sao-paulo-comemora-467-anos\/","title":{"rendered":"S\u00e3o Paulo comemora 467 anos"},"content":{"rendered":"\n<p>A maior metr\u00f3pole da Am\u00e9rica do Sul celebra seus&nbsp;<strong>467 anos no pr\u00f3ximo dia 25 de janeiro<\/strong>&nbsp;com uma programa\u00e7\u00e3o cultural especialmente preparada pela Prefeitura de S\u00e3o Paulo, por interm\u00e9dio da Secretaria Municipal de Cultura (SMC). Sob o tema&nbsp;<strong>Mem\u00f3ria, Consci\u00eancia e Esperan\u00e7a,&nbsp;<\/strong>as atividades planejadas v\u00eam para, al\u00e9m de celebrar a mem\u00f3ria da cidade,&nbsp;<strong>homenagear v\u00edtimas da Covid-19,<\/strong>&nbsp;assim como os&nbsp;<strong>profissionais de sa\u00fade<\/strong>, verdadeiros her\u00f3is deste per\u00edodo, al\u00e9m de refor\u00e7ar a conscientiza\u00e7\u00e3o da sociedade para com os cuidados de distanciamento social e, por meio da arte e da cultura, trazer esperan\u00e7a e confian\u00e7a em dias melhores, agora refor\u00e7adas pela chegada da vacina.<\/p>\n\n\n\n<p>Num momento t\u00e3o delicado pelo qual passamos, a cultura tem um papel simb\u00f3lico muito relevante na vida de todos. Mas \u00e9 importante ressaltar que a&nbsp;<strong>celebra\u00e7\u00e3o n\u00e3o diminui a aten\u00e7\u00e3o que a popula\u00e7\u00e3o deve ter com os cuidados com a preven\u00e7\u00e3o do cont\u00e1gio.<\/strong>&nbsp;Por isso, a programa\u00e7\u00e3o do Anivers\u00e1rio deste ano foi constru\u00edda a partir de a\u00e7\u00f5es de interven\u00e7\u00e3o espalhadas pela cidade que n\u00e3o estimulem a aglomera\u00e7\u00e3o e que possam ser contempladas pelas pessoas pela cobertura da imprensa e, principalmente, on-line.&nbsp;<\/p>\n\n\n\n<p>No universo digital, uma<strong>&nbsp;agenda com mais de 40 atividades<\/strong>&nbsp;das mais diversas \u00e1reas culturais que ser\u00e3o exibidas nas&nbsp;<strong>redes sociais<\/strong>&nbsp;de centros culturais, casas de cultura e bibliotecas geridas pela SMC. Um recorte da diversidade paulistana com&nbsp;<strong>shows de rap, samba, rock, MPB, apresenta\u00e7\u00f5es teatrais para adultos e crian\u00e7as, de dan\u00e7a, conta\u00e7\u00e3o de hist\u00f3rias, discuss\u00f5es sobre quest\u00f5es ind\u00edgenas e at\u00e9 mesmo uma exposi\u00e7\u00e3o virtual sobre a hist\u00f3ria do circo.<\/strong>&nbsp;Num movimento para a democratiza\u00e7\u00e3o da leitura, a partir das 10h, haver\u00e1 tamb\u00e9m distribui\u00e7\u00e3o de exemplares de&nbsp;<strong>Macuna\u00edma<\/strong>, de&nbsp;<strong>M\u00e1rio de Andrade,<\/strong>&nbsp;em cinco bibliotecas do munic\u00edpio:&nbsp;<strong>Vicente de Carvalho<\/strong>,&nbsp;<strong>Cora Coralina<\/strong>,&nbsp;<strong>Prestes Maia<\/strong>,&nbsp;<strong>Pedro Nava<\/strong>&nbsp;e&nbsp;<strong>\u00c9rico Ver\u00edssimo<\/strong>.<\/p>\n\n\n\n<p>Entre as a\u00e7\u00f5es que interv\u00eam na paisagem urbana est\u00e1 o v\u00eddeo&nbsp;<strong>mapping<\/strong>&nbsp;<strong>S\u00e3o Paulo, Cidade-Ci\u00eancia<\/strong>, que ser\u00e1 projetado na fachada do Instituto Butantan. A atividade, que ser\u00e1 realizada pelo&nbsp;<strong>Ateli\u00ea Digital Anal\u00f3gico<\/strong>, formado pelo artista Caio Fazolin e pela soci\u00f3loga Tatiane Gonzalez, ir\u00e1 narrar atrav\u00e9s de uma vis\u00e3o po\u00e9tica os avan\u00e7os da tecnologia que coloca a capital como polo produtor de ci\u00eancia.<\/p>\n\n\n\n<p>A a\u00e7\u00e3o&nbsp;<strong>S\u00e3o Paulo 467 anos, hist\u00f3rias a se contar\u2026<\/strong>&nbsp;do&nbsp;<strong>Coletivo Coletores<\/strong>&nbsp;tem como proposta um mini circuito de arte digital buscando dialogar com as mem\u00f3rias de quatro bairros da zona leste (Itaquera, Guaianases, Cidade Tiradentes e S\u00e3o Miguel Paulista), produzindo narrativas visuais com informa\u00e7\u00f5es sobre a import\u00e2ncia dos cuidados com a Covid-19.<\/p>\n\n\n\n<p>Os p<strong>rofissionais de sa\u00fade s\u00e3o os homenageados da interven\u00e7\u00e3o<\/strong>&nbsp;<strong>Protagonistas de M\u00e1scara.&nbsp;<\/strong>A a\u00e7\u00e3o, realizada em setembro pela Secretaria Municipal de Cultura nos hospitais Em\u00edlio Ribas e Cl\u00ednicas, agora migra para a rua Augusta, na altura no n\u00famero 400, com imagens de profissionais da sa\u00fade estilizadas como her\u00f3is de quadrinhos. Os usu\u00e1rios do Twitter poder\u00e3o enviar mensagens de apoio a esses profissionais, que ser\u00e3o projetadas por meio de captura em tempo real pela hashtag<strong>&nbsp;#sp467<\/strong>. Atrav\u00e9s de um QRCode na proje\u00e7\u00e3o, o p\u00fablico ser\u00e1 direcionado para uma p\u00e1gina da Prefeitura com as informa\u00e7\u00f5es atuais da Covid-19 no munic\u00edpio.<\/p>\n\n\n\n<p>O projeto&nbsp;<strong>Quebrada Viva&nbsp;<\/strong>leva para as periferias da cidade uma s\u00e9rie de proje\u00e7\u00f5es em laser de artistas independentes perif\u00e9ricos com frases de conscientiza\u00e7\u00e3o em mensagens que fomentam amor, esperan\u00e7a, cuidado e afeto e que poder\u00e1 ser acompanhada pela comunidade das janelas de suas casas, refor\u00e7ando o distanciamento social.<\/p>\n\n\n\n<p>Nas regi\u00f5es da&nbsp;<strong>Pra\u00e7a da Rep\u00fablica e das ruas Augusta, 7 de abril e Nestor Pestana<\/strong>, o artista visual&nbsp;<strong>Moises Patricio<\/strong>&nbsp;promove a interven\u00e7\u00e3o&nbsp;<strong>Aceita?,&nbsp;<\/strong>com uma s\u00e9rie de obras de arte em lambe-lambes levando frases de conscientiza\u00e7\u00e3o, informa\u00e7\u00f5es e dados sobre a pandemia.<\/p>\n\n\n\n<p>No centro expandido, a&nbsp;<strong>Interven\u00e7\u00e3o Vai Passar&nbsp;<\/strong>contar\u00e1 com uma exposi\u00e7\u00e3o fotogr\u00e1fica com um recorte do dia a dia das pessoas na pandemia e o \u00e1rduo trabalho dos profissionais da sa\u00fade que ser\u00e3o exibidos em um painel de LED de 4 metros disposto em um caminh\u00e3o, que circular\u00e1 pela regi\u00e3o das 12 \u00e0s 20h. Entre os fot\u00f3grafos participantes est\u00e3o Felipe Iruat\u00e3, Brenda Alc\u00e2ntara, Filipe Cioccia Sastre Redondo, Lucas Ettore Chiereguini, Alan Rodrigo Alcantara Alves e Rodrigo Capote.<\/p>\n\n\n\n<p>A homenagem&nbsp;<strong>Nome Pr\u00f3prio&nbsp;<\/strong>ir\u00e1 projetar fotos das mais de 200 mil pessoas que tiveram suas vidas acometidas pela pandemia no pr\u00e9dio da Prefeitura Municipal de S\u00e3o Paulo, das 20h \u00e0s 23h.<\/p>\n\n\n\n<p>Ainda com o foco no tributo \u00e0s v\u00edtimas, na \u00e1rea exterior do&nbsp;<strong>Theatro Municipal<\/strong>&nbsp;acontecer\u00e1 a instala\u00e7\u00e3o&nbsp;<strong>Lumin\u00e1rias pela Vida&nbsp;<\/strong>de<strong>&nbsp;Bruna Lessa,<\/strong>&nbsp;com 900 velas solares na fachada do pr\u00e9dio como s\u00edmbolo de luz e transforma\u00e7\u00e3o. Durante a performance, a trilha musical ser\u00e1 realizada pela Orquestra Sinf\u00f4nica Municipal sob a reg\u00eancia do&nbsp;<strong>maestro Roberto Minczuk.<\/strong><\/p>\n\n\n\n<p>Entre as atividades de conscientiza\u00e7\u00e3o, a Secretaria expande pelas cinco zonas da cidade a interven\u00e7\u00e3o art\u00edstica&nbsp;<strong>Sorriso na M\u00e1scara<\/strong>, que ser\u00e1 realizada por sete grupos de artistas de diferentes linguagens, levando um pouco de alegria e muita informa\u00e7\u00e3o de preven\u00e7\u00e3o e cuidados b\u00e1sicos, com distribui\u00e7\u00e3o de m\u00e1scaras, num total de 14 apresenta\u00e7\u00f5es que acontecer\u00e3o das 10h \u00e0s 18h.<\/p>\n\n\n\n<p>No projeto&nbsp;<strong>Retalhos de Esperan\u00e7a<\/strong>, 100 costureiras respons\u00e1veis por confec\u00e7\u00e3o de m\u00e1scaras durante todo o per\u00edodo da pandemia realizar\u00e3o um trabalho colaborativo para a Vila Itoror\u00f3: uma grande bandeira feita de retalhos com recados de esperan\u00e7a e conscientiza\u00e7\u00e3o para a popula\u00e7\u00e3o, inspirando a\u00e7\u00f5es de solidariedade. No mesmo local, ser\u00e1 exibido um filme contando esse processo de constru\u00e7\u00e3o da bandeira e uma exposi\u00e7\u00e3o retrata o trabalho desenvolvido por essas verdadeiras artes\u00e3s.<\/p>\n\n\n\n<p>Nos bairros do<strong>&nbsp;Jaguar\u00e9, Vila Piau\u00ed, Vila Nova Cachoeirinha, Parais\u00f3polis, Comunidade do Gato, Heli\u00f3polis, Cidade Tiradentes, Guaianases e S\u00e3o Remo<\/strong>, das 10h \u00e0s 16h, ao som de marchinhas, sambas enredos, funk e soul, o&nbsp;<strong>Formato Bloco<\/strong>&nbsp;apresenta muita alegria, folia e divers\u00e3o no&nbsp;<strong>Cortejo Gongu\u00ea<\/strong>. Com uma trupe formada por m\u00fasicos multi-instrumentistas, eles misturam o balan\u00e7o da percuss\u00e3o ao suingue de metais e o som do cavaquinho em repert\u00f3rio que traz cl\u00e1ssicos de Jorge Benjor, Tim Maia e Wilson Simonal e muito mais.<\/p>\n\n\n\n<p>Entre as atividades on-line, destaque para&nbsp;<strong>Desvairada SP \u2013 Da Garoa aos Saraus,&nbsp;<\/strong>uma homenagem do&nbsp;<strong>Sarau do Binho,&nbsp;<\/strong>um dos precursores de eventos liter\u00e1rios nas periferias da zona sul de S\u00e3o Paulo. No&nbsp;<a href=\"https:\/\/www.facebook.com\/SarauDoBinho\" target=\"_blank\" rel=\"noreferrer noopener\">evento digital<\/a>, a partir das 17h, poetas e m\u00fasicos paulistanos relembram hist\u00f3rias vividas na cidade e declama\u00e7\u00e3o de poemas e m\u00fasicas que nos conduzem \u00e0s suas ruas, becos e vielas.<\/p>\n\n\n\n<p><a rel=\"noreferrer noopener\" href=\"https:\/\/www.prefeitura.sp.gov.br\/cidade\/secretarias\/cultura\/noticias\/?p=29063\" target=\"_blank\">Clique aqui&nbsp;<\/a>para acessar a programa\u00e7\u00e3o completa<\/p>\n\n\n\n<p>CidadeMarketing com informa\u00e7\u00f5es da Prefeitura de S\u00e3o Paulo.<\/p>\n","protected":false},"excerpt":{"rendered":"<p>A maior metr\u00f3pole da Am\u00e9rica do Sul celebra seus&nbsp;467 anos no pr\u00f3ximo dia 25 de janeiro&nbsp;com uma programa\u00e7\u00e3o cultural especialmente preparada pela Prefeitura de S\u00e3o Paulo, por interm\u00e9dio da Secretaria Municipal de Cultura (SMC). Sob o tema&nbsp;Mem\u00f3ria, Consci\u00eancia e Esperan\u00e7a,&nbsp;as atividades planejadas v\u00eam para, al\u00e9m de celebrar a mem\u00f3ria da cidade,&nbsp;homenagear v\u00edtimas da Covid-19,&nbsp;assim como [&hellip;]<\/p>\n","protected":false},"author":1,"featured_media":13784,"comment_status":"open","ping_status":"open","sticky":false,"template":"","format":"standard","meta":{"tdm_status":"","tdm_grid_status":"","footnotes":""},"categories":[6],"tags":[33,28,656],"class_list":["post-21703","post","type-post","status-publish","format-standard","has-post-thumbnail","hentry","category-noticias","tag-estrategia","tag-marketing","tag-sao-paulo"],"yoast_head":"<!-- This site is optimized with the Yoast SEO plugin v27.4 - https:\/\/yoast.com\/product\/yoast-seo-wordpress\/ -->\n<title>S\u00e3o Paulo comemora 467 anos - CidadeMarketing<\/title>\n<meta name=\"robots\" content=\"index, follow, max-snippet:-1, max-image-preview:large, max-video-preview:-1\" \/>\n<link rel=\"canonical\" href=\"https:\/\/www.cidademarketing.com.br\/marketing\/2021\/01\/22\/sao-paulo-comemora-467-anos\/\" \/>\n<meta property=\"og:locale\" content=\"pt_BR\" \/>\n<meta property=\"og:type\" content=\"article\" \/>\n<meta property=\"og:title\" content=\"S\u00e3o Paulo comemora 467 anos - CidadeMarketing\" \/>\n<meta property=\"og:description\" content=\"A maior metr\u00f3pole da Am\u00e9rica do Sul celebra seus&nbsp;467 anos no pr\u00f3ximo dia 25 de janeiro&nbsp;com uma programa\u00e7\u00e3o cultural especialmente preparada pela Prefeitura de S\u00e3o Paulo, por interm\u00e9dio da Secretaria Municipal de Cultura (SMC). Sob o tema&nbsp;Mem\u00f3ria, Consci\u00eancia e Esperan\u00e7a,&nbsp;as atividades planejadas v\u00eam para, al\u00e9m de celebrar a mem\u00f3ria da cidade,&nbsp;homenagear v\u00edtimas da Covid-19,&nbsp;assim como [&hellip;]\" \/>\n<meta property=\"og:url\" content=\"https:\/\/www.cidademarketing.com.br\/marketing\/2021\/01\/22\/sao-paulo-comemora-467-anos\/\" \/>\n<meta property=\"og:site_name\" content=\"CidadeMarketing\" \/>\n<meta property=\"article:publisher\" content=\"https:\/\/www.facebook.com\/portalcidademarketing\" \/>\n<meta property=\"article:author\" content=\"https:\/\/www.facebook.com\/thalesbrandao\" \/>\n<meta property=\"article:published_time\" content=\"2021-01-22T13:34:50+00:00\" \/>\n<meta property=\"article:modified_time\" content=\"2021-01-22T14:44:48+00:00\" \/>\n<meta property=\"og:image\" content=\"https:\/\/www.cidademarketing.com.br\/marketing\/wp-content\/uploads\/2020\/01\/saopaulo.jpg\" \/>\n\t<meta property=\"og:image:width\" content=\"1333\" \/>\n\t<meta property=\"og:image:height\" content=\"2000\" \/>\n\t<meta property=\"og:image:type\" content=\"image\/jpeg\" \/>\n<meta name=\"author\" content=\"Thales Brand\u00e3o\" \/>\n<meta name=\"twitter:card\" content=\"summary_large_image\" \/>\n<meta name=\"twitter:creator\" content=\"@http:\/\/www.twitter.com\/thalesbrandao\" \/>\n<meta name=\"twitter:site\" content=\"@CidadeMarketing\" \/>\n<meta name=\"twitter:label1\" content=\"Escrito por\" \/>\n\t<meta name=\"twitter:data1\" content=\"Thales Brand\u00e3o\" \/>\n\t<meta name=\"twitter:label2\" content=\"Est. tempo de leitura\" \/>\n\t<meta name=\"twitter:data2\" content=\"6 minutos\" \/>\n<script type=\"application\/ld+json\" class=\"yoast-schema-graph\">{\"@context\":\"https:\\\/\\\/schema.org\",\"@graph\":[{\"@type\":\"Article\",\"@id\":\"https:\\\/\\\/www.cidademarketing.com.br\\\/marketing\\\/2021\\\/01\\\/22\\\/sao-paulo-comemora-467-anos\\\/#article\",\"isPartOf\":{\"@id\":\"https:\\\/\\\/www.cidademarketing.com.br\\\/marketing\\\/2021\\\/01\\\/22\\\/sao-paulo-comemora-467-anos\\\/\"},\"author\":{\"name\":\"Thales Brand\u00e3o\",\"@id\":\"https:\\\/\\\/www.cidademarketing.com.br\\\/marketing\\\/#\\\/schema\\\/person\\\/02daff9f18bd9378c9e01eb6b2db155f\"},\"headline\":\"S\u00e3o Paulo comemora 467 anos\",\"datePublished\":\"2021-01-22T13:34:50+00:00\",\"dateModified\":\"2021-01-22T14:44:48+00:00\",\"mainEntityOfPage\":{\"@id\":\"https:\\\/\\\/www.cidademarketing.com.br\\\/marketing\\\/2021\\\/01\\\/22\\\/sao-paulo-comemora-467-anos\\\/\"},\"wordCount\":1281,\"commentCount\":0,\"publisher\":{\"@id\":\"https:\\\/\\\/www.cidademarketing.com.br\\\/marketing\\\/#organization\"},\"image\":{\"@id\":\"https:\\\/\\\/www.cidademarketing.com.br\\\/marketing\\\/2021\\\/01\\\/22\\\/sao-paulo-comemora-467-anos\\\/#primaryimage\"},\"thumbnailUrl\":\"https:\\\/\\\/www.cidademarketing.com.br\\\/marketing\\\/wp-content\\\/uploads\\\/2020\\\/01\\\/saopaulo.jpg\",\"keywords\":[\"estrat\u00e9gia\",\"marketing\",\"S\u00e3o Paulo\"],\"articleSection\":[\"Not\u00edcias\"],\"inLanguage\":\"pt-BR\",\"potentialAction\":[{\"@type\":\"CommentAction\",\"name\":\"Comment\",\"target\":[\"https:\\\/\\\/www.cidademarketing.com.br\\\/marketing\\\/2021\\\/01\\\/22\\\/sao-paulo-comemora-467-anos\\\/#respond\"]}]},{\"@type\":\"WebPage\",\"@id\":\"https:\\\/\\\/www.cidademarketing.com.br\\\/marketing\\\/2021\\\/01\\\/22\\\/sao-paulo-comemora-467-anos\\\/\",\"url\":\"https:\\\/\\\/www.cidademarketing.com.br\\\/marketing\\\/2021\\\/01\\\/22\\\/sao-paulo-comemora-467-anos\\\/\",\"name\":\"S\u00e3o Paulo comemora 467 anos - CidadeMarketing\",\"isPartOf\":{\"@id\":\"https:\\\/\\\/www.cidademarketing.com.br\\\/marketing\\\/#website\"},\"primaryImageOfPage\":{\"@id\":\"https:\\\/\\\/www.cidademarketing.com.br\\\/marketing\\\/2021\\\/01\\\/22\\\/sao-paulo-comemora-467-anos\\\/#primaryimage\"},\"image\":{\"@id\":\"https:\\\/\\\/www.cidademarketing.com.br\\\/marketing\\\/2021\\\/01\\\/22\\\/sao-paulo-comemora-467-anos\\\/#primaryimage\"},\"thumbnailUrl\":\"https:\\\/\\\/www.cidademarketing.com.br\\\/marketing\\\/wp-content\\\/uploads\\\/2020\\\/01\\\/saopaulo.jpg\",\"datePublished\":\"2021-01-22T13:34:50+00:00\",\"dateModified\":\"2021-01-22T14:44:48+00:00\",\"breadcrumb\":{\"@id\":\"https:\\\/\\\/www.cidademarketing.com.br\\\/marketing\\\/2021\\\/01\\\/22\\\/sao-paulo-comemora-467-anos\\\/#breadcrumb\"},\"inLanguage\":\"pt-BR\",\"potentialAction\":[{\"@type\":\"ReadAction\",\"target\":[\"https:\\\/\\\/www.cidademarketing.com.br\\\/marketing\\\/2021\\\/01\\\/22\\\/sao-paulo-comemora-467-anos\\\/\"]}]},{\"@type\":\"ImageObject\",\"inLanguage\":\"pt-BR\",\"@id\":\"https:\\\/\\\/www.cidademarketing.com.br\\\/marketing\\\/2021\\\/01\\\/22\\\/sao-paulo-comemora-467-anos\\\/#primaryimage\",\"url\":\"https:\\\/\\\/www.cidademarketing.com.br\\\/marketing\\\/wp-content\\\/uploads\\\/2020\\\/01\\\/saopaulo.jpg\",\"contentUrl\":\"https:\\\/\\\/www.cidademarketing.com.br\\\/marketing\\\/wp-content\\\/uploads\\\/2020\\\/01\\\/saopaulo.jpg\",\"width\":1333,\"height\":2000,\"caption\":\"Foto: Thales Brand\u00e3o\"},{\"@type\":\"BreadcrumbList\",\"@id\":\"https:\\\/\\\/www.cidademarketing.com.br\\\/marketing\\\/2021\\\/01\\\/22\\\/sao-paulo-comemora-467-anos\\\/#breadcrumb\",\"itemListElement\":[{\"@type\":\"ListItem\",\"position\":1,\"name\":\"In\u00edcio\",\"item\":\"https:\\\/\\\/www.cidademarketing.com.br\\\/marketing\\\/\"},{\"@type\":\"ListItem\",\"position\":2,\"name\":\"S\u00e3o Paulo comemora 467 anos\"}]},{\"@type\":\"WebSite\",\"@id\":\"https:\\\/\\\/www.cidademarketing.com.br\\\/marketing\\\/#website\",\"url\":\"https:\\\/\\\/www.cidademarketing.com.br\\\/marketing\\\/\",\"name\":\"CidadeMarketing\",\"description\":\"Somos um ve\u00edculo de comunica\u00e7\u00e3o de destaque no Brasil, reconhecido por conte\u00fados nos segmentos de marketing, empreendedorismo e inova\u00e7\u00e3o.\",\"publisher\":{\"@id\":\"https:\\\/\\\/www.cidademarketing.com.br\\\/marketing\\\/#organization\"},\"alternateName\":\"CidadeMarketing\",\"potentialAction\":[{\"@type\":\"SearchAction\",\"target\":{\"@type\":\"EntryPoint\",\"urlTemplate\":\"https:\\\/\\\/www.cidademarketing.com.br\\\/marketing\\\/?s={search_term_string}\"},\"query-input\":{\"@type\":\"PropertyValueSpecification\",\"valueRequired\":true,\"valueName\":\"search_term_string\"}}],\"inLanguage\":\"pt-BR\"},{\"@type\":\"Organization\",\"@id\":\"https:\\\/\\\/www.cidademarketing.com.br\\\/marketing\\\/#organization\",\"name\":\"CidadeMarketing\",\"alternateName\":\"CidadeMarketing\",\"url\":\"https:\\\/\\\/www.cidademarketing.com.br\\\/marketing\\\/\",\"logo\":{\"@type\":\"ImageObject\",\"inLanguage\":\"pt-BR\",\"@id\":\"https:\\\/\\\/www.cidademarketing.com.br\\\/marketing\\\/#\\\/schema\\\/logo\\\/image\\\/\",\"url\":\"https:\\\/\\\/www.cidademarketing.com.br\\\/marketing\\\/wp-content\\\/uploads\\\/2020\\\/01\\\/cidademarketing_marca_mobile.png\",\"contentUrl\":\"https:\\\/\\\/www.cidademarketing.com.br\\\/marketing\\\/wp-content\\\/uploads\\\/2020\\\/01\\\/cidademarketing_marca_mobile.png\",\"width\":230,\"height\":92,\"caption\":\"CidadeMarketing\"},\"image\":{\"@id\":\"https:\\\/\\\/www.cidademarketing.com.br\\\/marketing\\\/#\\\/schema\\\/logo\\\/image\\\/\"},\"sameAs\":[\"https:\\\/\\\/www.facebook.com\\\/portalcidademarketing\",\"https:\\\/\\\/x.com\\\/CidadeMarketing\",\"https:\\\/\\\/www.instagram.com\\\/cidademarketing\\\/\"]},{\"@type\":\"Person\",\"@id\":\"https:\\\/\\\/www.cidademarketing.com.br\\\/marketing\\\/#\\\/schema\\\/person\\\/02daff9f18bd9378c9e01eb6b2db155f\",\"name\":\"Thales Brand\u00e3o\",\"image\":{\"@type\":\"ImageObject\",\"inLanguage\":\"pt-BR\",\"@id\":\"https:\\\/\\\/secure.gravatar.com\\\/avatar\\\/7ca3206950207cc3cb48feec56a8a7898741ab725c368d99d5d7a5a50aab80c6?s=96&d=mm&r=g\",\"url\":\"https:\\\/\\\/secure.gravatar.com\\\/avatar\\\/7ca3206950207cc3cb48feec56a8a7898741ab725c368d99d5d7a5a50aab80c6?s=96&d=mm&r=g\",\"contentUrl\":\"https:\\\/\\\/secure.gravatar.com\\\/avatar\\\/7ca3206950207cc3cb48feec56a8a7898741ab725c368d99d5d7a5a50aab80c6?s=96&d=mm&r=g\",\"caption\":\"Thales Brand\u00e3o\"},\"description\":\"Editor Executivo do Portal CidadeMarketing.com.br &gt; Mestre em Comunica\u00e7\u00e3o e Sociedade pela Universidade Federal de Sergipe. Possui MBA Executivo em Administra\u00e7\u00e3o com \u00eanfase em Marketing pela Funda\u00e7\u00e3o Get\u00falio Vargas - Rio de Janeiro. Consultor, Palestrante e Pesquisador sobre Empreendedorismo, Marketing, Redes Sociais e Neg\u00f3cios Digitais. Professor, Palestrante TedxTalks e Campus Party. Twitter: @ThalesBrandao\",\"sameAs\":[\"http:\\\/\\\/www.mandacaru.com.br\",\"https:\\\/\\\/www.facebook.com\\\/thalesbrandao\",\"http:\\\/\\\/www.instagram.com.br\\\/thalesbrandaoferreira\",\"https:\\\/\\\/www.linkedin.com\\\/in\\\/thales-brand\u00e3o-3948609\\\/\",\"https:\\\/\\\/x.com\\\/http:\\\/\\\/www.twitter.com\\\/thalesbrandao\"],\"url\":\"https:\\\/\\\/www.cidademarketing.com.br\\\/marketing\\\/author\\\/thalesbrandao\\\/\"}]}<\/script>\n<!-- \/ Yoast SEO plugin. -->","yoast_head_json":{"title":"S\u00e3o Paulo comemora 467 anos - CidadeMarketing","robots":{"index":"index","follow":"follow","max-snippet":"max-snippet:-1","max-image-preview":"max-image-preview:large","max-video-preview":"max-video-preview:-1"},"canonical":"https:\/\/www.cidademarketing.com.br\/marketing\/2021\/01\/22\/sao-paulo-comemora-467-anos\/","og_locale":"pt_BR","og_type":"article","og_title":"S\u00e3o Paulo comemora 467 anos - CidadeMarketing","og_description":"A maior metr\u00f3pole da Am\u00e9rica do Sul celebra seus&nbsp;467 anos no pr\u00f3ximo dia 25 de janeiro&nbsp;com uma programa\u00e7\u00e3o cultural especialmente preparada pela Prefeitura de S\u00e3o Paulo, por interm\u00e9dio da Secretaria Municipal de Cultura (SMC). Sob o tema&nbsp;Mem\u00f3ria, Consci\u00eancia e Esperan\u00e7a,&nbsp;as atividades planejadas v\u00eam para, al\u00e9m de celebrar a mem\u00f3ria da cidade,&nbsp;homenagear v\u00edtimas da Covid-19,&nbsp;assim como [&hellip;]","og_url":"https:\/\/www.cidademarketing.com.br\/marketing\/2021\/01\/22\/sao-paulo-comemora-467-anos\/","og_site_name":"CidadeMarketing","article_publisher":"https:\/\/www.facebook.com\/portalcidademarketing","article_author":"https:\/\/www.facebook.com\/thalesbrandao","article_published_time":"2021-01-22T13:34:50+00:00","article_modified_time":"2021-01-22T14:44:48+00:00","og_image":[{"width":1333,"height":2000,"url":"https:\/\/www.cidademarketing.com.br\/marketing\/wp-content\/uploads\/2020\/01\/saopaulo.jpg","type":"image\/jpeg"}],"author":"Thales Brand\u00e3o","twitter_card":"summary_large_image","twitter_creator":"@http:\/\/www.twitter.com\/thalesbrandao","twitter_site":"@CidadeMarketing","twitter_misc":{"Escrito por":"Thales Brand\u00e3o","Est. tempo de leitura":"6 minutos"},"schema":{"@context":"https:\/\/schema.org","@graph":[{"@type":"Article","@id":"https:\/\/www.cidademarketing.com.br\/marketing\/2021\/01\/22\/sao-paulo-comemora-467-anos\/#article","isPartOf":{"@id":"https:\/\/www.cidademarketing.com.br\/marketing\/2021\/01\/22\/sao-paulo-comemora-467-anos\/"},"author":{"name":"Thales Brand\u00e3o","@id":"https:\/\/www.cidademarketing.com.br\/marketing\/#\/schema\/person\/02daff9f18bd9378c9e01eb6b2db155f"},"headline":"S\u00e3o Paulo comemora 467 anos","datePublished":"2021-01-22T13:34:50+00:00","dateModified":"2021-01-22T14:44:48+00:00","mainEntityOfPage":{"@id":"https:\/\/www.cidademarketing.com.br\/marketing\/2021\/01\/22\/sao-paulo-comemora-467-anos\/"},"wordCount":1281,"commentCount":0,"publisher":{"@id":"https:\/\/www.cidademarketing.com.br\/marketing\/#organization"},"image":{"@id":"https:\/\/www.cidademarketing.com.br\/marketing\/2021\/01\/22\/sao-paulo-comemora-467-anos\/#primaryimage"},"thumbnailUrl":"https:\/\/www.cidademarketing.com.br\/marketing\/wp-content\/uploads\/2020\/01\/saopaulo.jpg","keywords":["estrat\u00e9gia","marketing","S\u00e3o Paulo"],"articleSection":["Not\u00edcias"],"inLanguage":"pt-BR","potentialAction":[{"@type":"CommentAction","name":"Comment","target":["https:\/\/www.cidademarketing.com.br\/marketing\/2021\/01\/22\/sao-paulo-comemora-467-anos\/#respond"]}]},{"@type":"WebPage","@id":"https:\/\/www.cidademarketing.com.br\/marketing\/2021\/01\/22\/sao-paulo-comemora-467-anos\/","url":"https:\/\/www.cidademarketing.com.br\/marketing\/2021\/01\/22\/sao-paulo-comemora-467-anos\/","name":"S\u00e3o Paulo comemora 467 anos - CidadeMarketing","isPartOf":{"@id":"https:\/\/www.cidademarketing.com.br\/marketing\/#website"},"primaryImageOfPage":{"@id":"https:\/\/www.cidademarketing.com.br\/marketing\/2021\/01\/22\/sao-paulo-comemora-467-anos\/#primaryimage"},"image":{"@id":"https:\/\/www.cidademarketing.com.br\/marketing\/2021\/01\/22\/sao-paulo-comemora-467-anos\/#primaryimage"},"thumbnailUrl":"https:\/\/www.cidademarketing.com.br\/marketing\/wp-content\/uploads\/2020\/01\/saopaulo.jpg","datePublished":"2021-01-22T13:34:50+00:00","dateModified":"2021-01-22T14:44:48+00:00","breadcrumb":{"@id":"https:\/\/www.cidademarketing.com.br\/marketing\/2021\/01\/22\/sao-paulo-comemora-467-anos\/#breadcrumb"},"inLanguage":"pt-BR","potentialAction":[{"@type":"ReadAction","target":["https:\/\/www.cidademarketing.com.br\/marketing\/2021\/01\/22\/sao-paulo-comemora-467-anos\/"]}]},{"@type":"ImageObject","inLanguage":"pt-BR","@id":"https:\/\/www.cidademarketing.com.br\/marketing\/2021\/01\/22\/sao-paulo-comemora-467-anos\/#primaryimage","url":"https:\/\/www.cidademarketing.com.br\/marketing\/wp-content\/uploads\/2020\/01\/saopaulo.jpg","contentUrl":"https:\/\/www.cidademarketing.com.br\/marketing\/wp-content\/uploads\/2020\/01\/saopaulo.jpg","width":1333,"height":2000,"caption":"Foto: Thales Brand\u00e3o"},{"@type":"BreadcrumbList","@id":"https:\/\/www.cidademarketing.com.br\/marketing\/2021\/01\/22\/sao-paulo-comemora-467-anos\/#breadcrumb","itemListElement":[{"@type":"ListItem","position":1,"name":"In\u00edcio","item":"https:\/\/www.cidademarketing.com.br\/marketing\/"},{"@type":"ListItem","position":2,"name":"S\u00e3o Paulo comemora 467 anos"}]},{"@type":"WebSite","@id":"https:\/\/www.cidademarketing.com.br\/marketing\/#website","url":"https:\/\/www.cidademarketing.com.br\/marketing\/","name":"CidadeMarketing","description":"Somos um ve\u00edculo de comunica\u00e7\u00e3o de destaque no Brasil, reconhecido por conte\u00fados nos segmentos de marketing, empreendedorismo e inova\u00e7\u00e3o.","publisher":{"@id":"https:\/\/www.cidademarketing.com.br\/marketing\/#organization"},"alternateName":"CidadeMarketing","potentialAction":[{"@type":"SearchAction","target":{"@type":"EntryPoint","urlTemplate":"https:\/\/www.cidademarketing.com.br\/marketing\/?s={search_term_string}"},"query-input":{"@type":"PropertyValueSpecification","valueRequired":true,"valueName":"search_term_string"}}],"inLanguage":"pt-BR"},{"@type":"Organization","@id":"https:\/\/www.cidademarketing.com.br\/marketing\/#organization","name":"CidadeMarketing","alternateName":"CidadeMarketing","url":"https:\/\/www.cidademarketing.com.br\/marketing\/","logo":{"@type":"ImageObject","inLanguage":"pt-BR","@id":"https:\/\/www.cidademarketing.com.br\/marketing\/#\/schema\/logo\/image\/","url":"https:\/\/www.cidademarketing.com.br\/marketing\/wp-content\/uploads\/2020\/01\/cidademarketing_marca_mobile.png","contentUrl":"https:\/\/www.cidademarketing.com.br\/marketing\/wp-content\/uploads\/2020\/01\/cidademarketing_marca_mobile.png","width":230,"height":92,"caption":"CidadeMarketing"},"image":{"@id":"https:\/\/www.cidademarketing.com.br\/marketing\/#\/schema\/logo\/image\/"},"sameAs":["https:\/\/www.facebook.com\/portalcidademarketing","https:\/\/x.com\/CidadeMarketing","https:\/\/www.instagram.com\/cidademarketing\/"]},{"@type":"Person","@id":"https:\/\/www.cidademarketing.com.br\/marketing\/#\/schema\/person\/02daff9f18bd9378c9e01eb6b2db155f","name":"Thales Brand\u00e3o","image":{"@type":"ImageObject","inLanguage":"pt-BR","@id":"https:\/\/secure.gravatar.com\/avatar\/7ca3206950207cc3cb48feec56a8a7898741ab725c368d99d5d7a5a50aab80c6?s=96&d=mm&r=g","url":"https:\/\/secure.gravatar.com\/avatar\/7ca3206950207cc3cb48feec56a8a7898741ab725c368d99d5d7a5a50aab80c6?s=96&d=mm&r=g","contentUrl":"https:\/\/secure.gravatar.com\/avatar\/7ca3206950207cc3cb48feec56a8a7898741ab725c368d99d5d7a5a50aab80c6?s=96&d=mm&r=g","caption":"Thales Brand\u00e3o"},"description":"Editor Executivo do Portal CidadeMarketing.com.br &gt; Mestre em Comunica\u00e7\u00e3o e Sociedade pela Universidade Federal de Sergipe. Possui MBA Executivo em Administra\u00e7\u00e3o com \u00eanfase em Marketing pela Funda\u00e7\u00e3o Get\u00falio Vargas - Rio de Janeiro. Consultor, Palestrante e Pesquisador sobre Empreendedorismo, Marketing, Redes Sociais e Neg\u00f3cios Digitais. Professor, Palestrante TedxTalks e Campus Party. Twitter: @ThalesBrandao","sameAs":["http:\/\/www.mandacaru.com.br","https:\/\/www.facebook.com\/thalesbrandao","http:\/\/www.instagram.com.br\/thalesbrandaoferreira","https:\/\/www.linkedin.com\/in\/thales-brand\u00e3o-3948609\/","https:\/\/x.com\/http:\/\/www.twitter.com\/thalesbrandao"],"url":"https:\/\/www.cidademarketing.com.br\/marketing\/author\/thalesbrandao\/"}]}},"amp_enabled":true,"_links":{"self":[{"href":"https:\/\/www.cidademarketing.com.br\/marketing\/wp-json\/wp\/v2\/posts\/21703","targetHints":{"allow":["GET"]}}],"collection":[{"href":"https:\/\/www.cidademarketing.com.br\/marketing\/wp-json\/wp\/v2\/posts"}],"about":[{"href":"https:\/\/www.cidademarketing.com.br\/marketing\/wp-json\/wp\/v2\/types\/post"}],"author":[{"embeddable":true,"href":"https:\/\/www.cidademarketing.com.br\/marketing\/wp-json\/wp\/v2\/users\/1"}],"replies":[{"embeddable":true,"href":"https:\/\/www.cidademarketing.com.br\/marketing\/wp-json\/wp\/v2\/comments?post=21703"}],"version-history":[{"count":2,"href":"https:\/\/www.cidademarketing.com.br\/marketing\/wp-json\/wp\/v2\/posts\/21703\/revisions"}],"predecessor-version":[{"id":21709,"href":"https:\/\/www.cidademarketing.com.br\/marketing\/wp-json\/wp\/v2\/posts\/21703\/revisions\/21709"}],"wp:featuredmedia":[{"embeddable":true,"href":"https:\/\/www.cidademarketing.com.br\/marketing\/wp-json\/wp\/v2\/media\/13784"}],"wp:attachment":[{"href":"https:\/\/www.cidademarketing.com.br\/marketing\/wp-json\/wp\/v2\/media?parent=21703"}],"wp:term":[{"taxonomy":"category","embeddable":true,"href":"https:\/\/www.cidademarketing.com.br\/marketing\/wp-json\/wp\/v2\/categories?post=21703"},{"taxonomy":"post_tag","embeddable":true,"href":"https:\/\/www.cidademarketing.com.br\/marketing\/wp-json\/wp\/v2\/tags?post=21703"}],"curies":[{"name":"wp","href":"https:\/\/api.w.org\/{rel}","templated":true}]}}