{"id":21664,"date":"2021-01-21T09:40:09","date_gmt":"2021-01-21T12:40:09","guid":{"rendered":"https:\/\/www.cidademarketing.com.br\/marketing\/?p=21664"},"modified":"2021-01-21T09:40:12","modified_gmt":"2021-01-21T12:40:12","slug":"bradesco-lanca-acao-online-focada-nos-micros-e-medios-empreendedores","status":"publish","type":"post","link":"https:\/\/www.cidademarketing.com.br\/marketing\/2021\/01\/21\/bradesco-lanca-acao-online-focada-nos-micros-e-medios-empreendedores\/","title":{"rendered":"Bradesco lan\u00e7a a\u00e7\u00e3o online focada nos micros e m\u00e9dios empreendedores"},"content":{"rendered":"\n<p>Come\u00e7ou a ser veiculada uma a\u00e7\u00e3o do Bradesco em parceria com influenciadores digitais que, por meio de suas redes sociais, v\u00e3o contar suas hist\u00f3rias e experi\u00eancias dentro do universo do empreendedorismo. A inten\u00e7\u00e3o da iniciativa \u00e9 inspirar as pessoas a acreditarem em suas pr\u00f3prias trajet\u00f3rias como empreendedores individuais, a realizarem sonhos e prosperarem financeiramente.<\/p>\n\n\n\n<p>O time de criadores escalado pelo banco conta com nomes refer\u00eancias em suas \u00e1reas de atua\u00e7\u00e3o, que tamb\u00e9m s\u00e3o dos segmentos mais representativos de clientes MEI do Bradesco. Em beleza e moda, est\u00e3o T\u00e1ssio Santos (<a href=\"https:\/\/www.instagram.com\/herdeiradabeleza\" target=\"_blank\" rel=\"noreferrer noopener\">@herdeiradabeleza<\/a>), Lore Souza (<a href=\"https:\/\/www.instagram.com\/loresouza\/\" target=\"_blank\" rel=\"noreferrer noopener\">@loresouza<\/a>), Elias (<a href=\"https:\/\/www.instagram.com\/seuelias\" target=\"_blank\" rel=\"noreferrer noopener\">@seuelias<\/a>) e Camila Nunes (<a href=\"https:\/\/www.instagram.com\/camilanunees\/\" target=\"_blank\" rel=\"noreferrer noopener\">@camilanunees<\/a>).\u00a0Do segmento de constru\u00e7\u00e3o e reforma est\u00e1 o empreendedor Josias (<a href=\"https:\/\/www.instagram.com\/jrconstrucaoofc\/\" target=\"_blank\" rel=\"noreferrer noopener\">@jrconstrucaoofc<\/a>), da alimenta\u00e7\u00e3o o <a href=\"https:\/\/www.instagram.com\/roberto_bete\/\" target=\"_blank\" rel=\"noreferrer noopener\">@roberto_bete<\/a> e, vindos de outras \u00e1reas diversas, integram o projeto o MC Neg\u00e3o (<a href=\"https:\/\/www.instagram.com\/mcnegaodabl\/\" target=\"_blank\" rel=\"noreferrer noopener\">@mcnegaodabl<\/a>), a Veronica Oliveira (<a href=\"https:\/\/www.instagram.com\/faxinaboa\/\" target=\"_blank\" rel=\"noreferrer noopener\">@faxinaboa<\/a>), da empresa Faxina Boa, e o apresentador e rep\u00f3rter da Globo Manoel Soares (<a href=\"https:\/\/www.instagram.com\/soumanoelsoares\/\" target=\"_blank\" rel=\"noreferrer noopener\">@soumanoelsoares<\/a>). Toda a a\u00e7\u00e3o foi produzida de forma remota e conta com conte\u00fados que ser\u00e3o disponibilizados durante quatro semanas em filmes de 30\u2019\u2019, 1\u2019 e 3\u2019 no YouTube, Instagram, Facebook e IGTV. Entre os t\u00f3picos, hist\u00f3rias inspiradoras, dicas sobre neg\u00f3cios, produtos e servi\u00e7os, a import\u00e2ncia e os benef\u00edcios da formaliza\u00e7\u00e3o em um cen\u00e1rio econ\u00f4mico t\u00e3o at\u00edpico como o que vivemos atualmente, e as facilidades e benef\u00edcios de abrir uma conta MEI\/PJ no Bradesco.<\/p>\n\n\n\n<p>Al\u00e9m das redes dos influenciadores, os v\u00eddeos poder\u00e3o ser acompanhados tamb\u00e9m nas redes sociais e no canal do YouTube do Bradesco. \u201cReunimos um time de profissionais j\u00e1 consagrados em suas \u00e1reas de trabalho, todos com um talento inquestion\u00e1vel para se comunicar e gerar conversas sobre os desafios e aprendizados de empreender\u201d, diz Nathalia Garcia, superintendente executiva de marketing do Bradesco.<\/p>\n\n\n\n<p><strong><u>Sobre os Creators<\/u><\/strong><\/p>\n\n\n\n<p><strong>T\u00e1ssio Santos<\/strong>&nbsp;\u2013 Jornalista, especialista em beleza e maquiador profissional. Al\u00e9m de abrir espa\u00e7o nesse nicho e quebrando todos os padr\u00f5es, T\u00e1ssio representa homens gays, negros e interioranos que est\u00e3o ascendendo no mundo.<\/p>\n\n\n\n<p><strong>Lore Souza<\/strong>&nbsp;\u2013 Lore \u00e9 uma jovem baiana que come\u00e7ou a gerar conte\u00fado sobre beleza focado principalmente em cabelos cacheados, mas compartilha tudo do seu dia a dia com sua comunidade. Ela \u00e9 criadora do projeto @querosercreator, que ensina a criar conte\u00fado relevante e conex\u00f5es, al\u00e9m de tamb\u00e9m estar \u00e0 frente da marca virtual de camisetas Row Stamp.<\/p>\n\n\n\n<p><strong>Elias<\/strong>&nbsp;\u2013 Empreendedor, come\u00e7ou um neg\u00f3cio com R$ 500 emprestados pelo pai. Hoje, corta cabelo de celebridades e \u00e9 fundador da Barber Day Academy que ensina t\u00e9cnicas de corte de cabelo e de empreendedorismo no ramo da barbearia.<\/p>\n\n\n\n<p><strong>Camila Nunes<\/strong>&nbsp;\u2013 Camila \u00e9 esteticista e maquiadora profissional. Atua no mercado desde muito nova e tamb\u00e9m \u00e9 criadora de conte\u00fado digital e Youtuber. Empreendedora no ramo da beleza, ministra curso de auto maquiagem especializado para pele negra.<\/p>\n\n\n\n<p><strong>Josias<\/strong>&nbsp;\u2013 Josias ensina o dia a dia de obras a pequenos empreendedores em um dos maiores canais do segmento no YouTube.<\/p>\n\n\n\n<p><strong>Roberto Bete<\/strong>&nbsp;\u2013 Roberto Bete \u00e9 um pequeno empreendedor que j\u00e1 esteve \u00e0 frente de campanhas pela conscientiza\u00e7\u00e3o contra a transfobia.<\/p>\n\n\n\n<p><strong>MC Neg\u00e3o<\/strong>&nbsp;\u2013 Matheus Bento empreendeu com um celular, transformando sua vida e a rela\u00e7\u00e3o com a m\u00e3e em conte\u00fado. De camel\u00f4, virou estrela da Internet e j\u00e1 tem clipe gravado. Usa sua trajet\u00f3ria para ensinar e inspirar.<\/p>\n\n\n\n<p><strong>Veronica Oliveira<\/strong>&nbsp;\u2013 Ex-atendente de Telemarketing, Veronica \u00e9 hoje propriet\u00e1ria do Faxina Boa, empresa de produ\u00e7\u00e3o de conte\u00fado que j\u00e1 fez parceria com grandes marcas, entre elas o Bradesco.<\/p>\n\n\n\n<p><strong>Manoel Soares<\/strong>&nbsp;\u2013 Apresentador e rep\u00f3rter da Globo e tamb\u00e9m conselheiro nacional da Central \u00danica das Favelas.<\/p>\n","protected":false},"excerpt":{"rendered":"<p>Come\u00e7ou a ser veiculada uma a\u00e7\u00e3o do Bradesco em parceria com influenciadores digitais que, por meio de suas redes sociais, v\u00e3o contar suas hist\u00f3rias e experi\u00eancias dentro do universo do empreendedorismo. A inten\u00e7\u00e3o da iniciativa \u00e9 inspirar as pessoas a acreditarem em suas pr\u00f3prias trajet\u00f3rias como empreendedores individuais, a realizarem sonhos e prosperarem financeiramente. O [&hellip;]<\/p>\n","protected":false},"author":1,"featured_media":21665,"comment_status":"open","ping_status":"open","sticky":false,"template":"","format":"standard","meta":{"tdm_status":"","tdm_grid_status":"","footnotes":""},"categories":[11,6],"tags":[641,33,26],"class_list":["post-21664","post","type-post","status-publish","format-standard","has-post-thumbnail","hentry","category-digital","category-noticias","tag-bradesco","tag-estrategia","tag-marketing-digital"],"yoast_head":"<!-- This site is optimized with the Yoast SEO plugin v27.4 - https:\/\/yoast.com\/product\/yoast-seo-wordpress\/ -->\n<title>Bradesco lan\u00e7a a\u00e7\u00e3o online focada nos micros e m\u00e9dios empreendedores - CidadeMarketing<\/title>\n<meta name=\"robots\" content=\"index, follow, max-snippet:-1, max-image-preview:large, max-video-preview:-1\" \/>\n<link rel=\"canonical\" href=\"https:\/\/www.cidademarketing.com.br\/marketing\/2021\/01\/21\/bradesco-lanca-acao-online-focada-nos-micros-e-medios-empreendedores\/\" \/>\n<meta property=\"og:locale\" content=\"pt_BR\" \/>\n<meta property=\"og:type\" content=\"article\" \/>\n<meta property=\"og:title\" content=\"Bradesco lan\u00e7a a\u00e7\u00e3o online focada nos micros e m\u00e9dios empreendedores - CidadeMarketing\" \/>\n<meta property=\"og:description\" content=\"Come\u00e7ou a ser veiculada uma a\u00e7\u00e3o do Bradesco em parceria com influenciadores digitais que, por meio de suas redes sociais, v\u00e3o contar suas hist\u00f3rias e experi\u00eancias dentro do universo do empreendedorismo. A inten\u00e7\u00e3o da iniciativa \u00e9 inspirar as pessoas a acreditarem em suas pr\u00f3prias trajet\u00f3rias como empreendedores individuais, a realizarem sonhos e prosperarem financeiramente. O [&hellip;]\" \/>\n<meta property=\"og:url\" content=\"https:\/\/www.cidademarketing.com.br\/marketing\/2021\/01\/21\/bradesco-lanca-acao-online-focada-nos-micros-e-medios-empreendedores\/\" \/>\n<meta property=\"og:site_name\" content=\"CidadeMarketing\" \/>\n<meta property=\"article:publisher\" content=\"https:\/\/www.facebook.com\/portalcidademarketing\" \/>\n<meta property=\"article:author\" content=\"https:\/\/www.facebook.com\/thalesbrandao\" \/>\n<meta property=\"article:published_time\" content=\"2021-01-21T12:40:09+00:00\" \/>\n<meta property=\"article:modified_time\" content=\"2021-01-21T12:40:12+00:00\" \/>\n<meta property=\"og:image\" content=\"https:\/\/www.cidademarketing.com.br\/marketing\/wp-content\/uploads\/2021\/01\/bradesco_online.jpg\" \/>\n\t<meta property=\"og:image:width\" content=\"700\" \/>\n\t<meta property=\"og:image:height\" content=\"1360\" \/>\n\t<meta property=\"og:image:type\" content=\"image\/jpeg\" \/>\n<meta name=\"author\" content=\"Thales Brand\u00e3o\" \/>\n<meta name=\"twitter:card\" content=\"summary_large_image\" \/>\n<meta name=\"twitter:creator\" content=\"@http:\/\/www.twitter.com\/thalesbrandao\" \/>\n<meta name=\"twitter:site\" content=\"@CidadeMarketing\" \/>\n<meta name=\"twitter:label1\" content=\"Escrito por\" \/>\n\t<meta name=\"twitter:data1\" content=\"Thales Brand\u00e3o\" \/>\n\t<meta name=\"twitter:label2\" content=\"Est. tempo de leitura\" \/>\n\t<meta name=\"twitter:data2\" content=\"3 minutos\" \/>\n<script type=\"application\/ld+json\" class=\"yoast-schema-graph\">{\"@context\":\"https:\\\/\\\/schema.org\",\"@graph\":[{\"@type\":\"Article\",\"@id\":\"https:\\\/\\\/www.cidademarketing.com.br\\\/marketing\\\/2021\\\/01\\\/21\\\/bradesco-lanca-acao-online-focada-nos-micros-e-medios-empreendedores\\\/#article\",\"isPartOf\":{\"@id\":\"https:\\\/\\\/www.cidademarketing.com.br\\\/marketing\\\/2021\\\/01\\\/21\\\/bradesco-lanca-acao-online-focada-nos-micros-e-medios-empreendedores\\\/\"},\"author\":{\"name\":\"Thales Brand\u00e3o\",\"@id\":\"https:\\\/\\\/www.cidademarketing.com.br\\\/marketing\\\/#\\\/schema\\\/person\\\/02daff9f18bd9378c9e01eb6b2db155f\"},\"headline\":\"Bradesco lan\u00e7a a\u00e7\u00e3o online focada nos micros e m\u00e9dios empreendedores\",\"datePublished\":\"2021-01-21T12:40:09+00:00\",\"dateModified\":\"2021-01-21T12:40:12+00:00\",\"mainEntityOfPage\":{\"@id\":\"https:\\\/\\\/www.cidademarketing.com.br\\\/marketing\\\/2021\\\/01\\\/21\\\/bradesco-lanca-acao-online-focada-nos-micros-e-medios-empreendedores\\\/\"},\"wordCount\":641,\"commentCount\":0,\"publisher\":{\"@id\":\"https:\\\/\\\/www.cidademarketing.com.br\\\/marketing\\\/#organization\"},\"image\":{\"@id\":\"https:\\\/\\\/www.cidademarketing.com.br\\\/marketing\\\/2021\\\/01\\\/21\\\/bradesco-lanca-acao-online-focada-nos-micros-e-medios-empreendedores\\\/#primaryimage\"},\"thumbnailUrl\":\"https:\\\/\\\/www.cidademarketing.com.br\\\/marketing\\\/wp-content\\\/uploads\\\/2021\\\/01\\\/bradesco_online.jpg\",\"keywords\":[\"Bradesco\",\"estrat\u00e9gia\",\"marketing digital\"],\"articleSection\":[\"Digital\",\"Not\u00edcias\"],\"inLanguage\":\"pt-BR\",\"potentialAction\":[{\"@type\":\"CommentAction\",\"name\":\"Comment\",\"target\":[\"https:\\\/\\\/www.cidademarketing.com.br\\\/marketing\\\/2021\\\/01\\\/21\\\/bradesco-lanca-acao-online-focada-nos-micros-e-medios-empreendedores\\\/#respond\"]}]},{\"@type\":\"WebPage\",\"@id\":\"https:\\\/\\\/www.cidademarketing.com.br\\\/marketing\\\/2021\\\/01\\\/21\\\/bradesco-lanca-acao-online-focada-nos-micros-e-medios-empreendedores\\\/\",\"url\":\"https:\\\/\\\/www.cidademarketing.com.br\\\/marketing\\\/2021\\\/01\\\/21\\\/bradesco-lanca-acao-online-focada-nos-micros-e-medios-empreendedores\\\/\",\"name\":\"Bradesco lan\u00e7a a\u00e7\u00e3o online focada nos micros e m\u00e9dios empreendedores - CidadeMarketing\",\"isPartOf\":{\"@id\":\"https:\\\/\\\/www.cidademarketing.com.br\\\/marketing\\\/#website\"},\"primaryImageOfPage\":{\"@id\":\"https:\\\/\\\/www.cidademarketing.com.br\\\/marketing\\\/2021\\\/01\\\/21\\\/bradesco-lanca-acao-online-focada-nos-micros-e-medios-empreendedores\\\/#primaryimage\"},\"image\":{\"@id\":\"https:\\\/\\\/www.cidademarketing.com.br\\\/marketing\\\/2021\\\/01\\\/21\\\/bradesco-lanca-acao-online-focada-nos-micros-e-medios-empreendedores\\\/#primaryimage\"},\"thumbnailUrl\":\"https:\\\/\\\/www.cidademarketing.com.br\\\/marketing\\\/wp-content\\\/uploads\\\/2021\\\/01\\\/bradesco_online.jpg\",\"datePublished\":\"2021-01-21T12:40:09+00:00\",\"dateModified\":\"2021-01-21T12:40:12+00:00\",\"breadcrumb\":{\"@id\":\"https:\\\/\\\/www.cidademarketing.com.br\\\/marketing\\\/2021\\\/01\\\/21\\\/bradesco-lanca-acao-online-focada-nos-micros-e-medios-empreendedores\\\/#breadcrumb\"},\"inLanguage\":\"pt-BR\",\"potentialAction\":[{\"@type\":\"ReadAction\",\"target\":[\"https:\\\/\\\/www.cidademarketing.com.br\\\/marketing\\\/2021\\\/01\\\/21\\\/bradesco-lanca-acao-online-focada-nos-micros-e-medios-empreendedores\\\/\"]}]},{\"@type\":\"ImageObject\",\"inLanguage\":\"pt-BR\",\"@id\":\"https:\\\/\\\/www.cidademarketing.com.br\\\/marketing\\\/2021\\\/01\\\/21\\\/bradesco-lanca-acao-online-focada-nos-micros-e-medios-empreendedores\\\/#primaryimage\",\"url\":\"https:\\\/\\\/www.cidademarketing.com.br\\\/marketing\\\/wp-content\\\/uploads\\\/2021\\\/01\\\/bradesco_online.jpg\",\"contentUrl\":\"https:\\\/\\\/www.cidademarketing.com.br\\\/marketing\\\/wp-content\\\/uploads\\\/2021\\\/01\\\/bradesco_online.jpg\",\"width\":700,\"height\":1360},{\"@type\":\"BreadcrumbList\",\"@id\":\"https:\\\/\\\/www.cidademarketing.com.br\\\/marketing\\\/2021\\\/01\\\/21\\\/bradesco-lanca-acao-online-focada-nos-micros-e-medios-empreendedores\\\/#breadcrumb\",\"itemListElement\":[{\"@type\":\"ListItem\",\"position\":1,\"name\":\"In\u00edcio\",\"item\":\"https:\\\/\\\/www.cidademarketing.com.br\\\/marketing\\\/\"},{\"@type\":\"ListItem\",\"position\":2,\"name\":\"Bradesco lan\u00e7a a\u00e7\u00e3o online focada nos micros e m\u00e9dios empreendedores\"}]},{\"@type\":\"WebSite\",\"@id\":\"https:\\\/\\\/www.cidademarketing.com.br\\\/marketing\\\/#website\",\"url\":\"https:\\\/\\\/www.cidademarketing.com.br\\\/marketing\\\/\",\"name\":\"CidadeMarketing\",\"description\":\"Somos um ve\u00edculo de comunica\u00e7\u00e3o de destaque no Brasil, reconhecido por conte\u00fados nos segmentos de marketing, empreendedorismo e inova\u00e7\u00e3o.\",\"publisher\":{\"@id\":\"https:\\\/\\\/www.cidademarketing.com.br\\\/marketing\\\/#organization\"},\"alternateName\":\"CidadeMarketing\",\"potentialAction\":[{\"@type\":\"SearchAction\",\"target\":{\"@type\":\"EntryPoint\",\"urlTemplate\":\"https:\\\/\\\/www.cidademarketing.com.br\\\/marketing\\\/?s={search_term_string}\"},\"query-input\":{\"@type\":\"PropertyValueSpecification\",\"valueRequired\":true,\"valueName\":\"search_term_string\"}}],\"inLanguage\":\"pt-BR\"},{\"@type\":\"Organization\",\"@id\":\"https:\\\/\\\/www.cidademarketing.com.br\\\/marketing\\\/#organization\",\"name\":\"CidadeMarketing\",\"alternateName\":\"CidadeMarketing\",\"url\":\"https:\\\/\\\/www.cidademarketing.com.br\\\/marketing\\\/\",\"logo\":{\"@type\":\"ImageObject\",\"inLanguage\":\"pt-BR\",\"@id\":\"https:\\\/\\\/www.cidademarketing.com.br\\\/marketing\\\/#\\\/schema\\\/logo\\\/image\\\/\",\"url\":\"https:\\\/\\\/www.cidademarketing.com.br\\\/marketing\\\/wp-content\\\/uploads\\\/2020\\\/01\\\/cidademarketing_marca_mobile.png\",\"contentUrl\":\"https:\\\/\\\/www.cidademarketing.com.br\\\/marketing\\\/wp-content\\\/uploads\\\/2020\\\/01\\\/cidademarketing_marca_mobile.png\",\"width\":230,\"height\":92,\"caption\":\"CidadeMarketing\"},\"image\":{\"@id\":\"https:\\\/\\\/www.cidademarketing.com.br\\\/marketing\\\/#\\\/schema\\\/logo\\\/image\\\/\"},\"sameAs\":[\"https:\\\/\\\/www.facebook.com\\\/portalcidademarketing\",\"https:\\\/\\\/x.com\\\/CidadeMarketing\",\"https:\\\/\\\/www.instagram.com\\\/cidademarketing\\\/\"]},{\"@type\":\"Person\",\"@id\":\"https:\\\/\\\/www.cidademarketing.com.br\\\/marketing\\\/#\\\/schema\\\/person\\\/02daff9f18bd9378c9e01eb6b2db155f\",\"name\":\"Thales Brand\u00e3o\",\"image\":{\"@type\":\"ImageObject\",\"inLanguage\":\"pt-BR\",\"@id\":\"https:\\\/\\\/secure.gravatar.com\\\/avatar\\\/7ca3206950207cc3cb48feec56a8a7898741ab725c368d99d5d7a5a50aab80c6?s=96&d=mm&r=g\",\"url\":\"https:\\\/\\\/secure.gravatar.com\\\/avatar\\\/7ca3206950207cc3cb48feec56a8a7898741ab725c368d99d5d7a5a50aab80c6?s=96&d=mm&r=g\",\"contentUrl\":\"https:\\\/\\\/secure.gravatar.com\\\/avatar\\\/7ca3206950207cc3cb48feec56a8a7898741ab725c368d99d5d7a5a50aab80c6?s=96&d=mm&r=g\",\"caption\":\"Thales Brand\u00e3o\"},\"description\":\"Editor Executivo do Portal CidadeMarketing.com.br &gt; Mestre em Comunica\u00e7\u00e3o e Sociedade pela Universidade Federal de Sergipe. Possui MBA Executivo em Administra\u00e7\u00e3o com \u00eanfase em Marketing pela Funda\u00e7\u00e3o Get\u00falio Vargas - Rio de Janeiro. Consultor, Palestrante e Pesquisador sobre Empreendedorismo, Marketing, Redes Sociais e Neg\u00f3cios Digitais. Professor, Palestrante TedxTalks e Campus Party. Twitter: @ThalesBrandao\",\"sameAs\":[\"http:\\\/\\\/www.mandacaru.com.br\",\"https:\\\/\\\/www.facebook.com\\\/thalesbrandao\",\"http:\\\/\\\/www.instagram.com.br\\\/thalesbrandaoferreira\",\"https:\\\/\\\/www.linkedin.com\\\/in\\\/thales-brand\u00e3o-3948609\\\/\",\"https:\\\/\\\/x.com\\\/http:\\\/\\\/www.twitter.com\\\/thalesbrandao\"],\"url\":\"https:\\\/\\\/www.cidademarketing.com.br\\\/marketing\\\/author\\\/thalesbrandao\\\/\"}]}<\/script>\n<!-- \/ Yoast SEO plugin. -->","yoast_head_json":{"title":"Bradesco lan\u00e7a a\u00e7\u00e3o online focada nos micros e m\u00e9dios empreendedores - CidadeMarketing","robots":{"index":"index","follow":"follow","max-snippet":"max-snippet:-1","max-image-preview":"max-image-preview:large","max-video-preview":"max-video-preview:-1"},"canonical":"https:\/\/www.cidademarketing.com.br\/marketing\/2021\/01\/21\/bradesco-lanca-acao-online-focada-nos-micros-e-medios-empreendedores\/","og_locale":"pt_BR","og_type":"article","og_title":"Bradesco lan\u00e7a a\u00e7\u00e3o online focada nos micros e m\u00e9dios empreendedores - CidadeMarketing","og_description":"Come\u00e7ou a ser veiculada uma a\u00e7\u00e3o do Bradesco em parceria com influenciadores digitais que, por meio de suas redes sociais, v\u00e3o contar suas hist\u00f3rias e experi\u00eancias dentro do universo do empreendedorismo. A inten\u00e7\u00e3o da iniciativa \u00e9 inspirar as pessoas a acreditarem em suas pr\u00f3prias trajet\u00f3rias como empreendedores individuais, a realizarem sonhos e prosperarem financeiramente. O [&hellip;]","og_url":"https:\/\/www.cidademarketing.com.br\/marketing\/2021\/01\/21\/bradesco-lanca-acao-online-focada-nos-micros-e-medios-empreendedores\/","og_site_name":"CidadeMarketing","article_publisher":"https:\/\/www.facebook.com\/portalcidademarketing","article_author":"https:\/\/www.facebook.com\/thalesbrandao","article_published_time":"2021-01-21T12:40:09+00:00","article_modified_time":"2021-01-21T12:40:12+00:00","og_image":[{"width":700,"height":1360,"url":"https:\/\/www.cidademarketing.com.br\/marketing\/wp-content\/uploads\/2021\/01\/bradesco_online.jpg","type":"image\/jpeg"}],"author":"Thales Brand\u00e3o","twitter_card":"summary_large_image","twitter_creator":"@http:\/\/www.twitter.com\/thalesbrandao","twitter_site":"@CidadeMarketing","twitter_misc":{"Escrito por":"Thales Brand\u00e3o","Est. tempo de leitura":"3 minutos"},"schema":{"@context":"https:\/\/schema.org","@graph":[{"@type":"Article","@id":"https:\/\/www.cidademarketing.com.br\/marketing\/2021\/01\/21\/bradesco-lanca-acao-online-focada-nos-micros-e-medios-empreendedores\/#article","isPartOf":{"@id":"https:\/\/www.cidademarketing.com.br\/marketing\/2021\/01\/21\/bradesco-lanca-acao-online-focada-nos-micros-e-medios-empreendedores\/"},"author":{"name":"Thales Brand\u00e3o","@id":"https:\/\/www.cidademarketing.com.br\/marketing\/#\/schema\/person\/02daff9f18bd9378c9e01eb6b2db155f"},"headline":"Bradesco lan\u00e7a a\u00e7\u00e3o online focada nos micros e m\u00e9dios empreendedores","datePublished":"2021-01-21T12:40:09+00:00","dateModified":"2021-01-21T12:40:12+00:00","mainEntityOfPage":{"@id":"https:\/\/www.cidademarketing.com.br\/marketing\/2021\/01\/21\/bradesco-lanca-acao-online-focada-nos-micros-e-medios-empreendedores\/"},"wordCount":641,"commentCount":0,"publisher":{"@id":"https:\/\/www.cidademarketing.com.br\/marketing\/#organization"},"image":{"@id":"https:\/\/www.cidademarketing.com.br\/marketing\/2021\/01\/21\/bradesco-lanca-acao-online-focada-nos-micros-e-medios-empreendedores\/#primaryimage"},"thumbnailUrl":"https:\/\/www.cidademarketing.com.br\/marketing\/wp-content\/uploads\/2021\/01\/bradesco_online.jpg","keywords":["Bradesco","estrat\u00e9gia","marketing digital"],"articleSection":["Digital","Not\u00edcias"],"inLanguage":"pt-BR","potentialAction":[{"@type":"CommentAction","name":"Comment","target":["https:\/\/www.cidademarketing.com.br\/marketing\/2021\/01\/21\/bradesco-lanca-acao-online-focada-nos-micros-e-medios-empreendedores\/#respond"]}]},{"@type":"WebPage","@id":"https:\/\/www.cidademarketing.com.br\/marketing\/2021\/01\/21\/bradesco-lanca-acao-online-focada-nos-micros-e-medios-empreendedores\/","url":"https:\/\/www.cidademarketing.com.br\/marketing\/2021\/01\/21\/bradesco-lanca-acao-online-focada-nos-micros-e-medios-empreendedores\/","name":"Bradesco lan\u00e7a a\u00e7\u00e3o online focada nos micros e m\u00e9dios empreendedores - CidadeMarketing","isPartOf":{"@id":"https:\/\/www.cidademarketing.com.br\/marketing\/#website"},"primaryImageOfPage":{"@id":"https:\/\/www.cidademarketing.com.br\/marketing\/2021\/01\/21\/bradesco-lanca-acao-online-focada-nos-micros-e-medios-empreendedores\/#primaryimage"},"image":{"@id":"https:\/\/www.cidademarketing.com.br\/marketing\/2021\/01\/21\/bradesco-lanca-acao-online-focada-nos-micros-e-medios-empreendedores\/#primaryimage"},"thumbnailUrl":"https:\/\/www.cidademarketing.com.br\/marketing\/wp-content\/uploads\/2021\/01\/bradesco_online.jpg","datePublished":"2021-01-21T12:40:09+00:00","dateModified":"2021-01-21T12:40:12+00:00","breadcrumb":{"@id":"https:\/\/www.cidademarketing.com.br\/marketing\/2021\/01\/21\/bradesco-lanca-acao-online-focada-nos-micros-e-medios-empreendedores\/#breadcrumb"},"inLanguage":"pt-BR","potentialAction":[{"@type":"ReadAction","target":["https:\/\/www.cidademarketing.com.br\/marketing\/2021\/01\/21\/bradesco-lanca-acao-online-focada-nos-micros-e-medios-empreendedores\/"]}]},{"@type":"ImageObject","inLanguage":"pt-BR","@id":"https:\/\/www.cidademarketing.com.br\/marketing\/2021\/01\/21\/bradesco-lanca-acao-online-focada-nos-micros-e-medios-empreendedores\/#primaryimage","url":"https:\/\/www.cidademarketing.com.br\/marketing\/wp-content\/uploads\/2021\/01\/bradesco_online.jpg","contentUrl":"https:\/\/www.cidademarketing.com.br\/marketing\/wp-content\/uploads\/2021\/01\/bradesco_online.jpg","width":700,"height":1360},{"@type":"BreadcrumbList","@id":"https:\/\/www.cidademarketing.com.br\/marketing\/2021\/01\/21\/bradesco-lanca-acao-online-focada-nos-micros-e-medios-empreendedores\/#breadcrumb","itemListElement":[{"@type":"ListItem","position":1,"name":"In\u00edcio","item":"https:\/\/www.cidademarketing.com.br\/marketing\/"},{"@type":"ListItem","position":2,"name":"Bradesco lan\u00e7a a\u00e7\u00e3o online focada nos micros e m\u00e9dios empreendedores"}]},{"@type":"WebSite","@id":"https:\/\/www.cidademarketing.com.br\/marketing\/#website","url":"https:\/\/www.cidademarketing.com.br\/marketing\/","name":"CidadeMarketing","description":"Somos um ve\u00edculo de comunica\u00e7\u00e3o de destaque no Brasil, reconhecido por conte\u00fados nos segmentos de marketing, empreendedorismo e inova\u00e7\u00e3o.","publisher":{"@id":"https:\/\/www.cidademarketing.com.br\/marketing\/#organization"},"alternateName":"CidadeMarketing","potentialAction":[{"@type":"SearchAction","target":{"@type":"EntryPoint","urlTemplate":"https:\/\/www.cidademarketing.com.br\/marketing\/?s={search_term_string}"},"query-input":{"@type":"PropertyValueSpecification","valueRequired":true,"valueName":"search_term_string"}}],"inLanguage":"pt-BR"},{"@type":"Organization","@id":"https:\/\/www.cidademarketing.com.br\/marketing\/#organization","name":"CidadeMarketing","alternateName":"CidadeMarketing","url":"https:\/\/www.cidademarketing.com.br\/marketing\/","logo":{"@type":"ImageObject","inLanguage":"pt-BR","@id":"https:\/\/www.cidademarketing.com.br\/marketing\/#\/schema\/logo\/image\/","url":"https:\/\/www.cidademarketing.com.br\/marketing\/wp-content\/uploads\/2020\/01\/cidademarketing_marca_mobile.png","contentUrl":"https:\/\/www.cidademarketing.com.br\/marketing\/wp-content\/uploads\/2020\/01\/cidademarketing_marca_mobile.png","width":230,"height":92,"caption":"CidadeMarketing"},"image":{"@id":"https:\/\/www.cidademarketing.com.br\/marketing\/#\/schema\/logo\/image\/"},"sameAs":["https:\/\/www.facebook.com\/portalcidademarketing","https:\/\/x.com\/CidadeMarketing","https:\/\/www.instagram.com\/cidademarketing\/"]},{"@type":"Person","@id":"https:\/\/www.cidademarketing.com.br\/marketing\/#\/schema\/person\/02daff9f18bd9378c9e01eb6b2db155f","name":"Thales Brand\u00e3o","image":{"@type":"ImageObject","inLanguage":"pt-BR","@id":"https:\/\/secure.gravatar.com\/avatar\/7ca3206950207cc3cb48feec56a8a7898741ab725c368d99d5d7a5a50aab80c6?s=96&d=mm&r=g","url":"https:\/\/secure.gravatar.com\/avatar\/7ca3206950207cc3cb48feec56a8a7898741ab725c368d99d5d7a5a50aab80c6?s=96&d=mm&r=g","contentUrl":"https:\/\/secure.gravatar.com\/avatar\/7ca3206950207cc3cb48feec56a8a7898741ab725c368d99d5d7a5a50aab80c6?s=96&d=mm&r=g","caption":"Thales Brand\u00e3o"},"description":"Editor Executivo do Portal CidadeMarketing.com.br &gt; Mestre em Comunica\u00e7\u00e3o e Sociedade pela Universidade Federal de Sergipe. Possui MBA Executivo em Administra\u00e7\u00e3o com \u00eanfase em Marketing pela Funda\u00e7\u00e3o Get\u00falio Vargas - Rio de Janeiro. Consultor, Palestrante e Pesquisador sobre Empreendedorismo, Marketing, Redes Sociais e Neg\u00f3cios Digitais. Professor, Palestrante TedxTalks e Campus Party. Twitter: @ThalesBrandao","sameAs":["http:\/\/www.mandacaru.com.br","https:\/\/www.facebook.com\/thalesbrandao","http:\/\/www.instagram.com.br\/thalesbrandaoferreira","https:\/\/www.linkedin.com\/in\/thales-brand\u00e3o-3948609\/","https:\/\/x.com\/http:\/\/www.twitter.com\/thalesbrandao"],"url":"https:\/\/www.cidademarketing.com.br\/marketing\/author\/thalesbrandao\/"}]}},"amp_enabled":true,"_links":{"self":[{"href":"https:\/\/www.cidademarketing.com.br\/marketing\/wp-json\/wp\/v2\/posts\/21664","targetHints":{"allow":["GET"]}}],"collection":[{"href":"https:\/\/www.cidademarketing.com.br\/marketing\/wp-json\/wp\/v2\/posts"}],"about":[{"href":"https:\/\/www.cidademarketing.com.br\/marketing\/wp-json\/wp\/v2\/types\/post"}],"author":[{"embeddable":true,"href":"https:\/\/www.cidademarketing.com.br\/marketing\/wp-json\/wp\/v2\/users\/1"}],"replies":[{"embeddable":true,"href":"https:\/\/www.cidademarketing.com.br\/marketing\/wp-json\/wp\/v2\/comments?post=21664"}],"version-history":[{"count":1,"href":"https:\/\/www.cidademarketing.com.br\/marketing\/wp-json\/wp\/v2\/posts\/21664\/revisions"}],"predecessor-version":[{"id":21666,"href":"https:\/\/www.cidademarketing.com.br\/marketing\/wp-json\/wp\/v2\/posts\/21664\/revisions\/21666"}],"wp:featuredmedia":[{"embeddable":true,"href":"https:\/\/www.cidademarketing.com.br\/marketing\/wp-json\/wp\/v2\/media\/21665"}],"wp:attachment":[{"href":"https:\/\/www.cidademarketing.com.br\/marketing\/wp-json\/wp\/v2\/media?parent=21664"}],"wp:term":[{"taxonomy":"category","embeddable":true,"href":"https:\/\/www.cidademarketing.com.br\/marketing\/wp-json\/wp\/v2\/categories?post=21664"},{"taxonomy":"post_tag","embeddable":true,"href":"https:\/\/www.cidademarketing.com.br\/marketing\/wp-json\/wp\/v2\/tags?post=21664"}],"curies":[{"name":"wp","href":"https:\/\/api.w.org\/{rel}","templated":true}]}}