{"id":21649,"date":"2021-01-19T23:32:13","date_gmt":"2021-01-20T02:32:13","guid":{"rendered":"https:\/\/www.cidademarketing.com.br\/marketing\/?p=21649"},"modified":"2021-01-19T23:32:17","modified_gmt":"2021-01-20T02:32:17","slug":"mm-gerdau-museu-das-minas-e-do-metal-oferece-programacao-virtual-sobre-arte-ciencia-e-tecnologia-ao-longo-do-mes-de-janeiro","status":"publish","type":"post","link":"https:\/\/www.cidademarketing.com.br\/marketing\/2021\/01\/19\/mm-gerdau-museu-das-minas-e-do-metal-oferece-programacao-virtual-sobre-arte-ciencia-e-tecnologia-ao-longo-do-mes-de-janeiro\/","title":{"rendered":"MM Gerdau &#8211; Museu das Minas e do Metal oferece programa\u00e7\u00e3o virtual sobre arte, ci\u00eancia e tecnologia ao longo do m\u00eas de janeiro"},"content":{"rendered":"\n<p>Abrindo o ano de 2021 com uma programa\u00e7\u00e3o cultural rica, o <strong>MM Gerdau \u2013 Museu das Minas e do Metal retoma as atividades com a sustenta\u00e7\u00e3o de uma a\u00e7\u00e3o muito especial: a exposi\u00e7\u00e3o \u201cCoMci\u00eancia &#8211; Cristais do Tempo\u201d, que segue com programa\u00e7\u00e3o virtual ao longo de janeiro. <\/strong>Outra not\u00edcia de destaque \u00e9 que <strong>nos dias 14 e 21 de janeiro<\/strong>, duas quintas-feiras consecutivas, <strong>o Museu realizar\u00e1 dois bate-papos, respectivamente, com os artistas Bruno Alencastro e Felipe Carelli<\/strong>, que compartilharam suas experi\u00eancias como realizadores de arte digital e aprofundaram nos debates propostos por suas obras e, claro, pelo recorte curatorial do Edital CoMci\u00eancia.<\/p>\n\n\n\n<p>A montagem teve como tema proposto aos artistas &#8220;<strong>Cristais do tempo: emerg\u00eancias nas fissuras do presente<\/strong>&#8220;. A defini\u00e7\u00e3o de um futuro a partir de um presente demasiadamente complexo nos leva a refletir que \u00e9 necess\u00e1rio pensar um tempo mais propositivo, reconstruindo nossa proposta de humanidade e coletividade, sendo a arte e a tecnologia meios leg\u00edtimos para isso.<\/p>\n\n\n\n<p>Para isso, <strong>os curadores do edital Tadeus Mucelli e Alexandre Milagres selecionaram 09 (nove) obras inscritas no Edital \u201cCoMciencia\u201d,<\/strong> que inspiram e refletem o momento que vivemos, modificam nossa rela\u00e7\u00e3o com o tempo presente, mudam nossa percep\u00e7\u00e3o com os outros, com o planeta, com o vis\u00edvel e o invis\u00edvel, e, sobretudo, com as mem\u00f3rias que constru\u00edmos e compartilhamos. A exposi\u00e7\u00e3o \u00e9 o resultado de um edital que recebeu 269 inscritos dos 06 continentes do mundo, sendo 20 % de inscri\u00e7\u00f5es estrangeiras e 75% de propostas in\u00e9ditas.<\/p>\n\n\n\n<p>Os interessados podem acompanhar todas as 09 (nove) obras propostas por meio de um tour virtual completo, em realidade aumentada e extremamente imersivo, sendo tr\u00eas delas de artistas brasileiros e outras tr\u00eas de nomes internacionais de destaque. S\u00e3o elas: \u201cReflexion: In Sync \/ Out of Sync\u201d, da colombiana Claudia Robles-Angel; \u201cVegetal Reality Shelter (VRS)\u201d, do brasileiro Guto N\u00f3brega; e \u201cEmancipac\u00edon Microbiana\u201d, da mexicana Maro Pebo; \u201cEstrelas no Deserto\u201d, de Felipe Carrelli;&nbsp; \u201cobs-cu-ra\u201d, de Bruno Alencastro; \u201cO Ce\u00fa na Terra\u201d, de Luciana Ohira e S\u00e9rgio Bonilha&nbsp; \u201cUntangling Noises of Matter\u201d, do holand\u00eas Louise Braddock Clarke; \u201cSilver Tree: the sounds of wind through the crystalline forest\u201d, \u201cSaturn\u2019s Breath\u201d e \u201cThink Like a Mountain\u201d, da australiana Penelope Cain; e \u201cThe universe according to Dan Buckley\u201d, do canadense Roberto Santiaguida. Basta visitar o site: <a href=\"https:\/\/2020.programacomciencia.org.br\/\">https:\/\/2020.programacomciencia.org.br\/<\/a> e mergulhar no tour virtual pela exposi\u00e7\u00e3o.<\/p>\n\n\n\n<p><strong>DEBATES VIRTUAIS<\/strong><\/p>\n\n\n\n<p>No <strong>dia 14 de janeiro, \u00e0s 18h<\/strong>, por meio do YouTube do MM Gerdau, o p\u00fablico poder\u00e1 acompanhar a conversa com Bruno Alencastro, artista respons\u00e1vel pelo projeto \u201cObs-cu-ra\u201d, que est\u00e1 presente na Exposi\u00e7\u00e3o CoMci\u00eancia: Cristais do Tempo. Bruno ir\u00e1 abordar um pouco dos processos art\u00edsticos e principalmente a rede colaborativa que se organizou para a realiza\u00e7\u00e3o da obra.&nbsp;<\/p>\n\n\n\n<p>J\u00e1 <strong>na quinta-feira seguinte (21 de janeiro), no mesmo hor\u00e1rio, ser\u00e1 a vez da conversa com Felipe Carrelli, que assina a obra \u201cEstrelas no Deserto\u201d<\/strong>. Ao longo da conversa, Carelli abordar\u00e1 um pouco sobre sua pesquisa do mestrado, o grupo de divulga\u00e7\u00e3o de astronomia GalileoMobile, o projeto Amanar &nbsp;&#8211; do qual o \u201cEstrelas do Deserto\u201d faz parte &#8211; a experi\u00eancia do projeto no uso de tecnologias para experi\u00eancias em realidade virtual e sobre como o resultado alcan\u00e7ado \u00e9 fruto de um processo de co-cria\u00e7\u00e3o e pesquisa.&nbsp;<\/p>\n\n\n\n<p>A Exposi\u00e7\u00e3o \u201cCoMci\u00eancia &#8211; Cristais do Tempo\u201d materializa a proposta do edital de fomentar um debate ao apresentar obras criadas e pensadas a partir do convite e da provoca\u00e7\u00e3o art\u00edstica de se construir questionamentos e reflex\u00f5es para mudarmos o mundo em que estamos vivendo, para que seja poss\u00edvel viver um futuro distinto. O edital conquistou um crescimento representativo em rela\u00e7\u00e3o a primeira edi\u00e7\u00e3o, realizada em 2019, chegando a receber inscri\u00e7\u00f5es de 28 pa\u00edses, al\u00e9m de projetos de artistas de 17 estados das 5 regi\u00f5es brasileiras.<\/p>\n\n\n\n<p><strong>::Descritivo das obras que integram a \u201cExposi\u00e7\u00e3o CoMci\u00eancia \u2013 Cristais do Tempo\u201d::<\/strong><\/p>\n\n\n\n<p><strong>&#8211; \u201cReflexion: In Sync \/ Out of SyncArtista\u201d, de Claudia Robles-Angel (Col\u00f4mbia\/Alemanha)<\/strong><\/p>\n\n\n\n<p><strong>Sobre a obra: <\/strong>A obra \u201cReflexion: In Sync \/ Out of Sync\u201d \u00e9 um convite ao p\u00fablico a sentir empatia pelo outro. Duas pessoas s\u00e3o convidadas a sentar-se frente \u00e0 frente e, rodeadas por uma estrutura leve com fios eletroluminescentes e som em tempo real, t\u00eam sua frequ\u00eancia card\u00edaca medida por meio de sensores de pulso aplicados ao dedo de suas m\u00e3os. Quando os dois participantes n\u00e3o compartilham a mesma frequ\u00eancia card\u00edaca, a instala\u00e7\u00e3o est\u00e1 fora de sincronia e o som fica dissonante. J\u00e1 quando as frequ\u00eancias s\u00e3o sincronizadas, a instala\u00e7\u00e3o reage em estado \u201cIn-Sync\u201d, com um som agrad\u00e1vel e harm\u00f4nico.&nbsp; O conceito principal da obra de Claudia Robles-Angel \u00e9 baseado em pesquisas que mostram que nossos batimentos card\u00edacos podem ser sincronizados, aprofundando a percep\u00e7\u00e3o dos outros, na intera\u00e7\u00e3o entre os indiv\u00edduos e seu impacto em suas respostas fisiol\u00f3gicas, baseados em conceitos do psic\u00f3logo Michael Richardson.<\/p>\n\n\n\n<p><strong>Sobre a artista: <\/strong>Claudia Robles-Angel \u00e9 uma artista audiovisual nascida em Bogot\u00e1, Col\u00f4mbia, atualmente morando em Col\u00f4nia, Alemanha, bastante atuante no mundo todo. Seu trabalho e pesquisa abrange diferentes aspectos da arte visual e sonora. Possui p\u00f3s-gradua\u00e7\u00e3o em Cinema e Anima\u00e7\u00e3o (1992-1993) no CFP (Mil\u00e3o-It\u00e1lia); M.F.A em (1993-1995) em \u00c9cole Sup\u00e9rieure d\u2019Art Visuel \/ HEAD (Genebra- Su\u00ed\u00e7a) e Arte Sonora e Composi\u00e7\u00e3o Eletr\u00f4nica na Universidade Folkwang Essen (Alemanha) com o Prof. Dirk Reith (2001-2004). Ela era artista residente na Alemanha, tanto no ZKM em Karlsruhe quanto no KHM, em Col\u00f4nia. Seu trabalho \u00e9 constantemente apresentado n\u00e3o apenas na m\u00eddia, festivais e confer\u00eancias, mas tamb\u00e9m em exposi\u00e7\u00f5es coletivas e individuais ao redor do mundo como, por exemplo, o ZKM Center em Karlsruhe; Enter3, em Praga, nas capitais europeias da cultura em Luxemburgo e na Rom\u00e9nia (2007), no KIBLA Multimedia Center em Maribor; no ICMC em Copenhagen, Montreal e Utrecht; no Skulpturenmuseum Glaskasten Marl, o SIGGRAPH Asia em Yokohama (2009), ESPACIO Fundaci\u00f3n Telef\u00f3nica em Buenos Aires, Festival de M\u00fasica Eletroac\u00fastica de Nova York, a NIME Conference Oslo (2011), ISEA Istanbul, Manizales, Durban e Gwangju, no LEAP Space for media Art em Berlim,&nbsp; o Audio Festival de Arte da Crac\u00f3via, Harvestworks Digital Arts Center de Nova York, no Nabta Art Center Cairo, Museu de Arte Contempor\u00e2nea de Bogot\u00e1, em MADATAC Festival Madrid, IK Stichting em Vlissingen, ICST ZhdK Zurique, Festival de Arte Digital ADAF Atenas, Museu de Antioquia, Eletromuseu em Moscou e, mais recentemente, na esta\u00e7\u00e3o Kunst Sankt Peter Cologne.<\/p>\n\n\n\n<p><strong>&nbsp;<\/strong>&#8211; <strong>\u201cVegetal Reality Shelter (VRS), de Guto N\u00f3brega (Brasil)<\/strong><\/p>\n\n\n\n<p><strong>Sobre a obra: <\/strong>Vegetal Reality Shelter (VRS) \u00e9 um sistema imersivo criado com base em sons e imagens da natureza e na intera\u00e7\u00e3o com plantas. Este trabalho \u00e9 fruto de uma viv\u00eancia na Floresta Amaz\u00f4nica organizada pelo LABVERDE, ocorrida durante os 10 dias do programa de resid\u00eancia art\u00edstica na Reserva Florestal Adolpho Ducke. Trata-se de um pequeno domo imersivo (abrigo) com base na geometria de guarda-chuvas. Cont\u00e9m um pequeno sistema hidrop\u00f4nico com plantas, seis canais de \u00e1udio e projetor de v\u00eddeo, combinado ao espelho esf\u00e9rico para proje\u00e7\u00e3o em domo. No interior desse abrigo, plantas s\u00e3o monitoradas quanto \u00e0 resposta galv\u00e2nica de suas folhas, que se altera segundo a respira\u00e7\u00e3o do visitante quando este entra no espa\u00e7o e interage com o sistema. Os dados monitorados nas plantas s\u00e3o utilizados para modificar a paisagem sonora e imagens da floresta em formato espelhado. A ideia desse \u201cabrigo de realidade vegetal\u201d \u00e9 criar um sistema que permita ao visitante uma experi\u00eancia virtual da natureza a partir de imagens e sons. Algo que remetesse \u00e0 dimens\u00e3o da floresta e o efeito que ela exerce sobre n\u00f3s quando a adentramos. Contudo, trata-se tamb\u00e9m de um di\u00e1logo mediado pelo contato direto com uma planta, posto que esta \u00e9 o principal mediador desta experi\u00eancia, que ocorre a partir da presen\u00e7a do visitante dentro do domo e o ato de sua respira\u00e7\u00e3o.<\/p>\n\n\n\n<p><strong>Sobre o artista: <\/strong>Carlos Augusto Moreira da N\u00f3brega (Guto N\u00f3brega) \u00e9 P\u00f3s-Doutor pela UnB, linha Arte e Tecnologia do PPGAV\/UnB (2019), \u00e9 Doutor (2009) em Interactive Arts pelo Programa de P\u00f3s-Gradua\u00e7\u00e3o Planetary Collegium, University of Plymouth, UK, onde desenvolveu pesquisa sob orienta\u00e7\u00e3o do Prof. Roy Ascott. \u00c9 artista, pesquisador, Mestre em Comunica\u00e7\u00e3o, Tecnologia e Est\u00e9tica pela ECO-UFRJ (2003) e Bacharel em gravura pela EBA\/UFRJ (1998). \u00c9 professor associado da EBA\/UFRJ, onde leciona desde 1995 e professor permanente do PPGAV\/UnB (2018 &#8211; atual). Fundou e atua como um dos coordenadores do NANO &#8211; N\u00facleo de Arte e Novos Organismos, espa\u00e7o de pesquisa para investiga\u00e7\u00e3o e cria\u00e7\u00e3o art\u00edstica. Foi coordenador do Programa de P\u00f3s-Gradua\u00e7\u00e3o em Artes Visuais \/ EBA\/UFRJ (2015-2017) e, atualmente, atua como representante da linha Po\u00e9ticas Interdisciplinares no mesmo programa. Desde 2019, \u00e9 Bolsista de Produtividade em Pesquisa do CNPq &#8211; N\u00edvel 2.<\/p>\n\n\n\n<p>&#8211; \u201c<strong>Emancipac\u00edon Microbiana\u201d, de Maro Pebo (M\u00e9xico):<\/strong><\/p>\n\n\n\n<p><strong>Sobre a obra: <\/strong>A obra Emancipaci\u00f3n Microbiana pretende tornar vis\u00edvel a rela\u00e7\u00e3o profunda entre humanos e bact\u00e9rias. Uma bact\u00e9ria ancestral engolida por um micro-organismo foi capaz de sobreviver em simbiose, fornecendo ao hospedeiro energia e genes \u00fateis, transformando-se em mitoc\u00f4ndrias. Na obra de Maro Pebo, as mitoc\u00f4ndrias s\u00e3o extra\u00eddas das c\u00e9lulas da artista e exibidas ao p\u00fablico em um recept\u00e1culo de admira\u00e7\u00e3o. A mitoc\u00f4ndria fora do organismo n\u00e3o consegue sobreviver por conta pr\u00f3pria, o que prova nossa rela\u00e7\u00e3o profunda com os micro-organismos. Em torno do relic\u00e1rio, um v\u00eddeo mostra o processo de simbiog\u00eanese, libera\u00e7\u00e3o e sacrif\u00edcio da mitoc\u00f4ndria. A artista deseja enquadrar e visualizar o fato bem conhecido de que nosso relacionamento com os micro-organismos \u00e9 mais profundo. As bact\u00e9rias n\u00e3o est\u00e3o apenas em toda parte, mas tamb\u00e9m de alguma forma, dentro. A vida animal e vegetal \u00e9 poss\u00edvel gra\u00e7as a essa rela\u00e7\u00e3o profundamente \u00edntima.<\/p>\n\n\n\n<p><strong>Sobre a artista: <\/strong>Nascida na Cidade do M\u00e9xico, Mariana P\u00e9rez Bobadilla \u00e9 uma historiadora de arte e bi\u00f3loga DIY, que se preocupa com as interse\u00e7\u00f5es entre arte, ci\u00eancia e tecnologia. Ela recebeu uma Bolsa Erasmus Mundus para fazer um Mestrado em Estudos de G\u00eanero na Universidade de Bolonha, It\u00e1lia, pesquisando Epistemologia Feminista e Arte Contempor\u00e2nea. Apresentou seu trabalho no ISEA, 2012, e esteve envolvida no Pavilh\u00e3o Mexicano da 56\u00aa Bienal de Veneza. Sua forma\u00e7\u00e3o acad\u00eamica inclui cursos com Rosi Braidotti, Magali Arreola e o curso de curadores internacionais da Bienal de Arte de Gwangju, 2014, na Coreia do Sul. Concedida pelo Hong Kong PhD Fellowship Scheme, sua pesquisa na School of Creative Media gira em torno de Arte e Biologia, Epistemologia, Hist\u00f3ria da Ci\u00eancia, hist\u00f3rias de representa\u00e7\u00e3o em tempos profundos, Novo Materialismo, Biohacking, Wetware e bact\u00e9rias. A obsess\u00e3o de Maro Pebo s\u00e3o bact\u00e9rias e outros micro-organismos e seu interesse \u00e9 na tradu\u00e7\u00e3o do discurso acad\u00eamico em experi\u00eancias reflexivas. Sua preocupa\u00e7\u00e3o particular \u00e9 produzir discurso sobre as (bio) tecnologias que moldam a vida das pessoas.<\/p>\n\n\n\n<p><strong>&#8211; \u201cEstrelas no Deserto\u201d, Felipe Carrelli (Brasil)&nbsp;<\/strong><\/p>\n\n\n\n<p><strong>Sobre a obra: <\/strong>A obra apresenta um trabalho de co-cria\u00e7\u00e3o do document\u00e1rio em realidade virtual \u201cEstrelas do Deserto\u201d,&nbsp; que busca, por meio da divulga\u00e7\u00e3o da cosmovis\u00e3o do povo saaraui, denunciar a situa\u00e7\u00e3o de ref\u00fagio dessa popula\u00e7\u00e3o do Saara Ocidental desde 1975. Assim, o usu\u00e1rio ser\u00e1 transportado ao universo virtual imersivo (360) da obra e dos depoimentos, em um p\u00e1tio circular localizado em um dos campos de refugiados, sob uma linda noite com c\u00e9u estrelado. Na sua frente, estar\u00e1 uma mulher saaraui, vestindo sua Melfa, preparando um ch\u00e1. Ela, ent\u00e3o, come\u00e7a a contar lendas e contos sobre a cosmovis\u00e3o saaraui, vinculando essas hist\u00f3rias \u00e0 situa\u00e7\u00e3o pol\u00edtica e social na qual os refugiados est\u00e3o submetidos desde 1975.<\/p>\n\n\n\n<p><strong>Sobre o artista: <\/strong>Mestrando do Programa de P\u00f3s-Gradua\u00e7\u00e3o em M\u00eddias Criativas (PPGMC \/ UFRJ) e co-coordenador do projeto de divulga\u00e7\u00e3o cient\u00edfica GalileoMobile, Felipe Carrelli \u00e9 graduado em Imagem e Som pela Universidade Federal de S\u00e3o Carlos (UFSCar -2010) e especialista em Divulga\u00e7\u00e3o e Populariza\u00e7\u00e3o da Ci\u00eancia (Fiocruz &#8211; 2019). Tem experi\u00eancia na \u00e1rea de Audiovisual com \u00eanfase em document\u00e1rio. Dirigiu e editou tr\u00eas document\u00e1rios de longas-metragem: Ano-Luz (2015), Leila (2016) e Feij\u00e3o (2018).&nbsp; Tamb\u00e9m atuou como editor-chefe nas produtoras Filmes para Bailar (S\u00e3o Paulo, 2011 &#8211; 2014) e Gr\u00e3o Filmes (S\u00e3o Paulo, 2015), al\u00e9m de diretor e editor na MATV (Montr\u00e9al, 2016).<\/p>\n\n\n\n<p>&#8211; <strong>\u201cobs-cu-ra\u201d<\/strong>, de <strong>Bruno Alencastro<\/strong> (<strong>Brasil):&nbsp;<\/strong><\/p>\n\n\n\n<p><strong>Sobre a obra: <\/strong>obs-cu-ra \u00e9 uma s\u00e9rie de fotografias concebida pelo fot\u00f3grafo Bruno Alencastro, inicialmente, da janela do 4\u00ba andar do apartamento onde vive no bairro Copacabana, no Rio de Janeiro. De l\u00e1, a ideia de um ensaio fotogr\u00e1fico passou para as resid\u00eancias de mais 12 fot\u00f3grafos(as) brasileiros(as), tamb\u00e9m em isolamento social e dirigidos por Alencastro, que aceitaram transformar suas casas em c\u00e2meras obscuras de grande formato e capturaram a vida em tempos de pandemia. Cada qual com a sua singularidade. Conquistas e perdas. Anseios e privil\u00e9gios. Medos e esperan\u00e7as!&nbsp; Um lugar que passa a ser ressignificado por diferentes artistas contempor\u00e2neos ao redor do mundo em tempos de Covid-19. Nos dias de hoje, a janela passa a representar a fronteira e o abismo entre o mundo exterior e o interior. A liberdade e o confinamento. O resultado \u00e9 um ensaio fotogr\u00e1fico caracterizado por uma atmosfera sombria e enigm\u00e1tica, tal como o indecifr\u00e1vel futuro, que ningu\u00e9m sabe ao certo como ser\u00e1. At\u00e9 l\u00e1, o contato com o mundo exterior segue acontecendo atrav\u00e9s dessa moldura limitada do real, a representa\u00e7\u00e3o de uma vida em muta\u00e7\u00e3o. Um presente que nos faz pensar sobre o passado em busca de respostas para quando tudo isso passar.<\/p>\n\n\n\n<p><strong>Sobre o artista: <\/strong>Bruno Alencastro \u00e9 especialista em narrativas visuais com experi\u00eancia em fotografia, v\u00eddeo e produ\u00e7\u00e3o de conte\u00fado digital. Mestre em Comunica\u00e7\u00e3o pela Universidade do Vale do Rio dos Sinos &#8211; Unisinos, autor da disserta\u00e7\u00e3o &#8220;Das ruas para as redes: usos, apropria\u00e7\u00f5es e pr\u00e1ticas cidad\u00e3s desenvolvidas pelos fot\u00f3grafos populares da Favela da Mar\u00e9&#8221;. Professor nas gradua\u00e7\u00f5es de Jornalismo, Publicidade e Propaganda, Design e Fotografia da Unisinos, entre 2014 e 2018. Em 2018, concluiu a especializa\u00e7\u00e3o Fotojornalismo e Fotografia Social no Centro de Fotograf\u00eda y Medios Documentales de Barcelona &#8211; CFD BARCELONA. De 2010 a 2018, foi rep\u00f3rter fotogr\u00e1fico nos jornais Sul 21, Correio do Povo e Zero Hora, onde tamb\u00e9m exerceu o cargo de Editor de Fotografia.<\/p>\n\n\n\n<p>&#8211; <strong>Obra: \u201cO C\u00e9u na Terra\u201d, de Luciana Ohira e S\u00e9rgio Bonilha (Brasil)&nbsp;<\/strong><\/p>\n\n\n\n<p><strong>Sobre a obra<\/strong><\/p>\n\n\n\n<p>\u201cO Ce\u00fa na Terra\u201d \u00e9 uma instala\u00e7\u00e3o que utiliza dispositivos do cotidiano (mobili\u00e1rio urbano, redes telem\u00e1ticas e sistemas de vigil\u00e2ncia) para construir pequenas \u00e1reas de descanso, dedicadas \u00e0 observa\u00e7\u00e3o de aves. A obra combina camadas f\u00edsicas e virtuais, acontecendo simultaneamente em ambas. A instala\u00e7\u00e3o f\u00edsica est\u00e1 no campus da Universidade Federal do Mato Grosso (UFMS), em Campo Grande. Fisicamente, constitui-se de um alimentador para p\u00e1ssaros equipado com um sistema de v\u00eddeo-vigil\u00e2ncia, e, virtualmente, oferece uma interface de visualiza\u00e7\u00e3o das imagens obtidas pelo referido sistema. No ambiente virtual, ser\u00e1 poss\u00edvel ver uma vers\u00e3o 3D da estrutura f\u00edsica da obra, por\u00e9m as imagens ser\u00e3o geradas pela estrutura que est\u00e1 em Campo Grande. Assim, \u00e9 poss\u00edvel observar p\u00e1ssaros silvestres, em vez de guardar a propriedade. Considerando o conceito de \u2018commons\u2019 (comum), abordado por Michael Hardt em &#8220;O Comum no Comunismo&#8221;, as aves silvestres s\u00e3o um claro exemplo de comum. Sendo assim, \u201cO Ce\u00fa na Terra\u201d prop\u00f5e o questionamento de din\u00e2micas sociais estabelecidas pela naturaliza\u00e7\u00e3o da no\u00e7\u00e3o de propriedade (seja ela privada ou estatal) e pretende funcionar como um ponto de desacelera\u00e7\u00e3o e contato com camadas discretas da cidade, tais como o som e imagem de uma ave alimentando-se. O objetivo dos artistas \u00e9 criar uma met\u00e1fora imanente do livre viver.<\/p>\n\n\n\n<p><strong>Sobre os artistas<\/strong><\/p>\n\n\n\n<p>Luciana Ohira (S\u00e3o Paulo, 1983) e Sergio Bonilha (S\u00e3o Paulo, 1976) s\u00e3o graduados em Artes Visuais e t\u00eam mestrado em Po\u00e9ticas Visuais pela Universidade de S\u00e3o Paulo. S\u00e9rgio tem doutorado em Po\u00e9ticas Visuais, tamb\u00e9m pela Universidade de S\u00e3o Paulo, e leciona desde 2016 na Universidade Federal de Mato Grosso do Sul.<\/p>\n\n\n\n<p><strong>&#8211; Obra: \u201cUntangling Noises of Matter\u201d, Louise Braddock Clarke (Pa\u00edses Baixos)<\/strong><\/p>\n\n\n\n<p><strong>Sobre a obra<\/strong><\/p>\n\n\n\n<p>&#8220;Untangling Noises of Matter&#8221; \u00e9 um document\u00e1rio que entra no plano de um dep\u00f3sito de min\u00e9rio de ferro, onde uma geo-ferramenta projetada mapeia a paisagem artificial. Os dados magn\u00e9ticos armazenados em tempo profundo s\u00e3o interrompidos pela escava\u00e7\u00e3o, extra\u00e7\u00e3o e realoca\u00e7\u00e3o de metais, que calibram novas coordenadas eletromagn\u00e9ticas. Louise Braddock desenvolveu uma ferramenta para tornar os campos invis\u00edveis aud\u00edveis. O filme mostra o territ\u00f3rio vivo de min\u00e9rio de ferro se movendo al\u00e9m de suas part\u00edculas f\u00edsicas, em uma cacofonia de ru\u00eddo e informa\u00e7\u00e3o. Isso orienta o observador no espectro perceptivo de p\u00e1ssaros, que possuem sensibilidades para sintonizar essas frequ\u00eancias ecol\u00f3gicas, assim mudando suas navega\u00e7\u00f5es. Como um filme que documenta o movimento global do metal no planeta, do Brasil para o Holanda, as colabora\u00e7\u00f5es ocorreram dentro de empresas de metal privadas no Maasvlakte (Europort Rotterdam), Institutos de Ci\u00eancias, Conservat\u00f3rios e Museus de Minerais. Ouvindo e lendo as estruturas met\u00e1licas do nosso tempo, uma abertura ao passado, emergem filosofias presentes e futuras.<\/p>\n\n\n\n<p><strong>Sobre o autor<\/strong><\/p>\n\n\n\n<p>Louis Braddock Clarke trabalha como pesquisador e profissional criativo interpretando no\u00e7\u00f5es dos dom\u00ednios da arte, geografia, f\u00edsica e filosofia. Atrav\u00e9s desta abordagem multidisciplinar, uma investiga\u00e7\u00e3o experimental se desdobra mesclando teorias cient\u00edficas e conceituais para materializar nos meios contempor\u00e2neos. A rela\u00e7\u00e3o de Braddock Clarke com as artes geogr\u00e1ficas est\u00e1 embutida em seus anos de forma\u00e7\u00e3o em Cornwall, Reino Unido, onde ele foi cercado por charnecas, quoits de granito, isolinhas m\u00f3veis, minas de estanho, etc. Estas energias da Terra tornaram-se fundamentais para seus m\u00e9todos de pesquisa em curso relacionados com tecnologias e terrenos. Atrav\u00e9s da produ\u00e7\u00e3o de geo-ferramentas que ele mesmo desenvolve, Braddock Clarke mede e registra superf\u00edcies antigas, atuais e futuras da Terra. O encontro de espectros de superf\u00edcie e ferramentas tecnol\u00f3gicas s\u00e3o centrais para a pr\u00e1tica art\u00edstica de Louis Braddock Clarke. Seu trabalho foi mostrado em museus e galerias, bem como em sites locais espec\u00edficos de armaz\u00e9ns, portos mar\u00edtimos, topos de colinas e cinemas em todo o Reino Unido, Holanda e China.<\/p>\n\n\n\n<p><strong>&#8211; Obras: \u201cSilver Tree: the sounds of wind through the crystalline forest\u201d;&nbsp; \u201cSaturn\u2019s Breath\u201d;&nbsp; \u201cThink Like a Mountain\u201d, de Penelope Cain (Austr\u00e1lia):<\/strong><\/p>\n\n\n\n<p><strong>Sobre as obras<\/strong><\/p>\n\n\n\n<p>As obras de Penepole Cain s\u00e3o multim\u00eddia (esculturas e v\u00eddeos) e frutos de um projeto de pesquisa do caminho da minera\u00e7\u00e3o de prata, cunhada em d\u00f3lares de prata espanh\u00f3is, que acabaram sendo enviados para Austr\u00e1lia na d\u00e9cada de 1790, para finalidade de primeira moeda local da col\u00f4nia australiana. Este d\u00f3lar colonial espanhol, feito no M\u00e9xico, da prata da Am\u00e9rica Latina, foi enviada da \u00cdndia para a Austr\u00e1lia para fazer uma moeda local e moeda fiduci\u00e1ria.<\/p>\n\n\n\n<p>Grande parte da prata usada nessas moedas foi extra\u00edda de Potos\u00ed, na Bol\u00edvia, local do maior dep\u00f3sito de prata do mundo. P\u00f3 de chumbo liberado da minera\u00e7\u00e3o, esta prata soprou pelos Andes, sendo o chumbo, com a impress\u00e3o digital isot\u00f3pica \u00fanica, encontrado na g\u00e1lea de Potos\u00ed e detectado em amostras de calota de gelo icecores em Quelccaya, Peru, a maior calota de gelo tropical e local de extensas pesquisas clim\u00e1ticas. Os icecores s\u00e3o colunas verticais de gelo extra\u00eddas da massa de gelo. O gelo cont\u00e9m ar preso pela queda de neve, que \u00e9 depois comprimido ao longo de anos e s\u00e9culos. A atmosfera, a poeira e as impurezas do ar est\u00e3o embutidas no gelo. Portanto, a minera\u00e7\u00e3o e a produ\u00e7\u00e3o econ\u00f4mica da mina de Potos\u00ed ao longo de centenas de anos podem ser mapeadas nos n\u00edveis de chumbo detectado nessas colunas verticais de gelo de uma geleira remota a centenas de quil\u00f4metros de dist\u00e2ncia. A po\u00e9tica da conectividade do mundo pelos s\u00e9culos, escrita em \u00e1gua e poeira. Essa massa de gelo glacial est\u00e1 encolhendo com as mudan\u00e7as clim\u00e1ticas e a previs\u00e3o \u00e9 que seja totalmente perdida em 50 anos. Toda a hist\u00f3ria dessa prata e chumbo, em 2019, foi mapeada por Penelope Cain, da Austr\u00e1lia ao Peru, e depois at\u00e9 a Dinamarca, de onde os dados de chumbo de amostras de Quelccaya icecore foram analisadas. Como parte desta pesquisa, tamb\u00e9m foram mapeadas as margens ocidentais da calota polar, como teria sido entre os anos de 1798 e 1998, uma janela de 200 anos, do ano em que a moeda na Austr\u00e1lia foi cunhada at\u00e9 o ano em que o protocolo de Kyoto foi assinado. Esta linha, inscrita na terra por gelo em rochas, denota o efeito das mudan\u00e7as clim\u00e1ticas nesta paisagem, por meio desta janela de 200 anos de atitudes, coloniza\u00e7\u00f5es e pensamento econ\u00f4mico em rela\u00e7\u00e3o ao meio ambiente.<\/p>\n\n\n\n<p>Para finalizar sua pesquisa e mapeamento, a artista foi auxiliada por cientistas do clima e ge\u00f3logos em cinco institui\u00e7\u00f5es ao redor do mundo, incluindo o Instituto Nacional de Pesquisa sobre Geleiras e Ecossistemas de Montanha, no Peru. As obras multim\u00eddias de Cain com v\u00eddeos e esculturas do processo pretendem apresentar tamb\u00e9m, por meio de um 3D, a representa\u00e7\u00e3o da paisagem e o som da respira\u00e7\u00e3o, al\u00e9m do som do canto de uma can\u00e7\u00e3o popular tradicional quechua contra o tamanho da massa de gelo em regress\u00e3o.<\/p>\n\n\n\n<p><strong>Sobre a artista<\/strong><\/p>\n\n\n\n<p>Penelope Cain \u00e9 uma artista interdisciplinar que trabalha entre fotografia, v\u00eddeo e instala\u00e7\u00e3o de uma forma ampliada e de modo a contar hist\u00f3rias. Ela tem um MFA da University of Sydney (2016) e forma\u00e7\u00e3o em ci\u00eancia da pesquisa. Exp\u00f4s e realizou projetos baseados em pesquisa em Sydney, Roma, Londres e Broken Hill. Mais recentemente, recebeu a Bolsa de Viagem Artistas do Memorial Fauvette Loureiro (2018) para realizar pesquisa de campo no Peru e na Dinamarca, documentando a paisagem antropog\u00eanica de uma calota polar em recuo. Tamb\u00e9m foi finalista do Pr\u00eamio Sulman, Galeria de Arte de NSW (2016), do Glenfiddich Contemporary Art Prize (2017) e realizou resid\u00eancias premiadas em Paris, Taipei, Peru e Roma.<\/p>\n\n\n\n<p><strong>&#8211; Obra: \u201cThe universe according to Dan Buckley\u201d, de Roberto Santiaguida (Canad\u00e1)<\/strong><\/p>\n\n\n\n<p><strong>Sobre a obra<\/strong><\/p>\n\n\n\n<p>No come\u00e7o n\u00e3o havia nada. Voc\u00ea pode conseguir nada facilmente. A obra \u00e9 um filme narrado e escrito por Dan Buckley, que abre o v\u00e9u sobre as origens e o futuro do universo. Ele investiga a desordem e o deleite que proliferam no meio; os mundos e ideias que se chocam uns contra os outros e, \u00e0s vezes, colidem. Uma reflex\u00e3o sobre a atribui\u00e7\u00e3o de sentido e o afastamento de preconceitos em queda livre.<\/p>\n\n\n\n<p><strong>Sobre o artista<\/strong><\/p>\n\n\n\n<p>Desde que concluiu seus estudos em produ\u00e7\u00e3o de filmes na Universidade Concordia de Montreal, os filmes de Roberto Santaguida foram exibidos em mais de 300 festivais internacionais. Ele participou de resid\u00eancias art\u00edsticas em v\u00e1rios pa\u00edses, incluindo Ir\u00e3, Rom\u00eania, Alemanha, Noruega e Austr\u00e1lia. Roberto \u00e9 o destinat\u00e1rio do K.M. Hunter Artist&nbsp; e bolsista da Akademie Schloss Solitude, na Alemanha.<\/p>\n\n\n\n<p><strong>:: SOBRE O MM GERDAU O MM Gerdau \u2013 Museu das Minas e do Metal ::<\/strong><\/p>\n\n\n\n<p>&nbsp;|@mmgerdau | &nbsp;<\/p>\n\n\n\n<p>O <strong>MM Gerdau \u2013 Museu das Minas e do Metal<\/strong>, integrante do Circuito Liberdade desde 2010, \u00e9 um museu de ci\u00eancia e tecnologia que apresenta de forma l\u00fadica e interativa a hist\u00f3ria da minera\u00e7\u00e3o e da metalurgia. Em 20 \u00e1reas expositivas, est\u00e3o 44 exposi\u00e7\u00f5es que apresentam, por meio de personagens hist\u00f3ricos e fict\u00edcios, os min\u00e9rios, os minerais e a diversidade do universo da Geoci\u00eancias.<\/p>\n\n\n\n<p>O Pr\u00e9dio Rosa da Pra\u00e7a da Liberdade, sede do Museu, foi inaugurado em 1897, juntamente com Belo Horizonte. Tombado pelo Instituto Estadual do Patrim\u00f4nio Hist\u00f3rico e Art\u00edstico (IEPHA), o edif\u00edcio passou por meticuloso trabalho de restauro, que constatou que a decora\u00e7\u00e3o interna seguiu o gosto afrancesado da \u00e9poca, com vocabul\u00e1rio neocl\u00e1ssico e art nouveau.&nbsp; O projeto arquitet\u00f4nico para a nova finalidade do Pr\u00e9dio Rosa, que j\u00e1 foi Secretaria do Interior e da Educa\u00e7\u00e3o, foi feito por Paulo Mendes da Rocha e a expografia, que usa a tecnologia como aliada da mem\u00f3ria e da experi\u00eancia, \u00e9 de Marcello Dantas.<\/p>\n\n\n\n<p>O Museu funciona de ter\u00e7a a domingo, das 12 \u00e0s 18h, e na quinta, das 12 \u00e0s 22h, entrada franca. Para al\u00e9m da exposi\u00e7\u00e3o permanente, o MM Gerdau oferece uma programa\u00e7\u00e3o diversa e para todas as idades. Todas as atividades s\u00e3o gratuitas.<\/p>\n\n\n\n<p>O MM Gerdau \u2013 Museu das Minas e do Metal \u00e9 patrocinado pela Gerdau, via lei Federal de Incentivo \u00e0 Cultura, com o apoio da Companhia Brasileira de Metalurgia e Minera\u00e7\u00e3o (CBMM).<\/p>\n\n\n\n<p><strong>SOBRE OS PARCEIROS INSTITUCIONAIS<\/strong><\/p>\n\n\n\n<p><strong>FAD (Festival de Arte Digital) <\/strong>\u00e9 um encontro de novas tend\u00eancias das artes tecnol\u00f3gicas. Desde 2007, o Festival de Arte Digital vem difundindo os temas da Arte atrav\u00e9s de Novas Tecnologias. Neste per\u00edodo, o FAD foi premiado duas vezes nacionalmente pelo Minist\u00e9rio da Cultura sobre a explora\u00e7\u00e3o inventiva de novas tecnologias no campo da arte e da comunica\u00e7\u00e3o. Em 2018, realizou especialmente a primeira edi\u00e7\u00e3o da Bienal de Arte Digital, com o tema \u201cLinguagens H\u00edbridas\u201d, refor\u00e7ando a reflex\u00e3o sobre as aproxima\u00e7\u00f5es entre arte, ci\u00eancia e tecnologia, e com a miss\u00e3o de, a cada dois anos, valorizar o pensamento cr\u00edtico sobre os processos digitais e tecnol\u00f3gicos da vida e na arte.<\/p>\n\n\n\n<p><strong>A Funda\u00e7\u00e3o de Amparo \u00e0 Pesquisa do Estado de Minas Gerais \u2013 FAPEMIG<\/strong>\u00a0\u2013\u00a0\u00e9 a ag\u00eancia respons\u00e1vel por induzir e fomentar a pesquisa e a inova\u00e7\u00e3o cient\u00edfica e tecnol\u00f3gica em territ\u00f3rio mineiro.\u00a0\u00a0Suas a\u00e7\u00f5es incluem o financiamento de projetos de pesquisa, a concess\u00e3o de bolsas, parcerias internacionais, dentre outras. A divulga\u00e7\u00e3o do conhecimento para toda a popula\u00e7\u00e3o tamb\u00e9m est\u00e1 entre suas diretrizes, o que \u00e9 feito por meio de projetos pr\u00f3prios e de parcerias, que envolvem diversos canais e linguagens. Conhe\u00e7a mais sobre a FAPEMIG em\u00a0<a href=\"http:\/\/www.fapemig.br\/\" target=\"_blank\" rel=\"noreferrer noopener\">www.fapemig.br<\/a><\/p>\n\n\n\n<p>A<strong> Funda\u00e7\u00e3o de Desenvolvimento da Pesquisa (Fundep)<\/strong> \u00e9 uma institui\u00e7\u00e3o que apoia e viabiliza projetos da UFMG e outros importantes centros acad\u00eamicos e cient\u00edficos do Brasil. Alinhada \u00e0s tend\u00eancias internacionais da economia do conhecimento, a Fundep \u00e9 vanguarda na transforma\u00e7\u00e3o dos saberes gerados nas universidades em produtos e servi\u00e7os para o mercado. Foi a primeira Funda\u00e7\u00e3o de Apoio a criar uma ag\u00eancia para identificar, investir e desenvolver neg\u00f3cios inovadores de origem acad\u00eamica \u2013 a Fundepar. Tamb\u00e9m atua h\u00e1 16 edi\u00e7\u00f5es pr\u00e9-acelerando neg\u00f3cios com o Programa Lemonade (17a. do mundo em n\u00famero de startups) e o OutLab, conectando a academia aos ambientes de neg\u00f3cios e inova\u00e7\u00e3o. No Edital CoMci\u00eancia &#8211; Ocupa\u00e7\u00e3o em Arte, Ci\u00eancia e Tecnologia de 2020, a Fundep \u00e9 parceira na divulga\u00e7\u00e3o da oportunidade a pesquisadores das \u00e1reas de arte, ci\u00eancia e tecnologia e ao mercado, que assim como n\u00f3s, valoriza as formas de express\u00e3o como est\u00edmulos \u00e0 inspira\u00e7\u00e3o, criatividade e mem\u00f3ria da pot\u00eancia que \u00e9 a arte brasileira.&nbsp;<\/p>\n\n\n\n<p><strong>PROGRAMA\u00c7\u00c3O e INFORMA\u00c7\u00d5ES COMPLETAS: <\/strong>\u00a0<a href=\"http:\/\/programacomciencia.org.br\/\" target=\"_blank\" rel=\"noreferrer noopener\">http:\/\/programacomciencia.org.br\/<\/a><\/p>\n\n\n\n<p><strong>Exposi\u00e7\u00e3o \u201cCoMci\u00eancia \u2013at\u00e9 14 de mar\u00e7o de 2021;<\/strong><\/p>\n\n\n\n<p><strong>Link do site para o tour virtual: <\/strong><a href=\"https:\/\/2020.programacomciencia.org.br\/\" target=\"_blank\" rel=\"noreferrer noopener\"><strong>https:\/\/2020.programacomciencia.org.br\/<\/strong><\/a><\/p>\n\n\n\n<p><strong>Bate-papo virtual \u201cProcessos Art\u00edsticos na Exposi\u00e7\u00e3o CoMci\u00eancia: Cristais de Tempo\u201d<\/strong><\/p>\n\n\n\n<p><strong>Convidado: <\/strong>Bruno Alencastro, autor do \u201cObs-cu-ra\u201d;<\/p>\n\n\n\n<p><strong>Quando: <\/strong>14 de janeiro<\/p>\n\n\n\n<p><strong>Hor\u00e1rio: <\/strong>18h<\/p>\n\n\n\n<p><strong>Onde: <\/strong>Youtube do MM Gerdau Museu das Minas e do Metal (<a href=\"https:\/\/www.youtube.com\/channel\/UCe3cyY5I8-dWQ1ID7eZVOEg\">https:\/\/www.youtube.com\/channel\/UCe3cyY5I8-dWQ1ID7eZVOEg<\/a>)<\/p>\n\n\n\n<p><strong>Bate-papo virtual \u201cProcessos Art\u00edsticos na Exposi\u00e7\u00e3o CoMci\u00eancia: Cristais de Tempo\u201d<\/strong><\/p>\n\n\n\n<p><strong>Convidado: <\/strong>Felipe Carrelli, autor do \u201cEstrelas no Deserto\u201d;<\/p>\n\n\n\n<p><strong>Quando: <\/strong>21 de janeiro<\/p>\n\n\n\n<p><strong>Hor\u00e1rio: <\/strong>18h<\/p>\n\n\n\n<p><strong>Onde: <\/strong><a href=\"https:\/\/www.youtube.com\/channel\/UCe3cyY5I8-dWQ1ID7eZVOEg\" target=\"_blank\" rel=\"noreferrer noopener\">Youtube do MM Gerdau Museu das Minas e do Metal <\/a><\/p>\n\n\n\n<p><\/p>\n","protected":false},"excerpt":{"rendered":"<p>Abrindo o ano de 2021 com uma programa\u00e7\u00e3o cultural rica, o MM Gerdau \u2013 Museu das Minas e do Metal retoma as atividades com a sustenta\u00e7\u00e3o de uma a\u00e7\u00e3o muito especial: a exposi\u00e7\u00e3o \u201cCoMci\u00eancia &#8211; Cristais do Tempo\u201d, que segue com programa\u00e7\u00e3o virtual ao longo de janeiro. Outra not\u00edcia de destaque \u00e9 que nos dias [&hellip;]<\/p>\n","protected":false},"author":1,"featured_media":21650,"comment_status":"open","ping_status":"open","sticky":false,"template":"","format":"standard","meta":{"tdm_status":"","tdm_grid_status":"","footnotes":""},"categories":[6],"tags":[33,2894,28,340],"class_list":["post-21649","post","type-post","status-publish","format-standard","has-post-thumbnail","hentry","category-noticias","tag-estrategia","tag-gerdau","tag-marketing","tag-marketing-cultural"],"yoast_head":"<!-- This site is optimized with the Yoast SEO plugin v27.4 - https:\/\/yoast.com\/product\/yoast-seo-wordpress\/ -->\n<title>MM Gerdau - Museu das Minas e do Metal oferece programa\u00e7\u00e3o virtual sobre arte, ci\u00eancia e tecnologia ao longo do m\u00eas de janeiro - CidadeMarketing<\/title>\n<meta name=\"robots\" content=\"index, follow, max-snippet:-1, max-image-preview:large, max-video-preview:-1\" \/>\n<link rel=\"canonical\" href=\"https:\/\/www.cidademarketing.com.br\/marketing\/2021\/01\/19\/mm-gerdau-museu-das-minas-e-do-metal-oferece-programacao-virtual-sobre-arte-ciencia-e-tecnologia-ao-longo-do-mes-de-janeiro\/\" \/>\n<meta property=\"og:locale\" content=\"pt_BR\" \/>\n<meta property=\"og:type\" content=\"article\" \/>\n<meta property=\"og:title\" content=\"MM Gerdau - Museu das Minas e do Metal oferece programa\u00e7\u00e3o virtual sobre arte, ci\u00eancia e tecnologia ao longo do m\u00eas de janeiro - CidadeMarketing\" \/>\n<meta property=\"og:description\" content=\"Abrindo o ano de 2021 com uma programa\u00e7\u00e3o cultural rica, o MM Gerdau \u2013 Museu das Minas e do Metal retoma as atividades com a sustenta\u00e7\u00e3o de uma a\u00e7\u00e3o muito especial: a exposi\u00e7\u00e3o \u201cCoMci\u00eancia &#8211; Cristais do Tempo\u201d, que segue com programa\u00e7\u00e3o virtual ao longo de janeiro. Outra not\u00edcia de destaque \u00e9 que nos dias [&hellip;]\" \/>\n<meta property=\"og:url\" content=\"https:\/\/www.cidademarketing.com.br\/marketing\/2021\/01\/19\/mm-gerdau-museu-das-minas-e-do-metal-oferece-programacao-virtual-sobre-arte-ciencia-e-tecnologia-ao-longo-do-mes-de-janeiro\/\" \/>\n<meta property=\"og:site_name\" content=\"CidadeMarketing\" \/>\n<meta property=\"article:publisher\" content=\"https:\/\/www.facebook.com\/portalcidademarketing\" \/>\n<meta property=\"article:author\" content=\"https:\/\/www.facebook.com\/thalesbrandao\" \/>\n<meta property=\"article:published_time\" content=\"2021-01-20T02:32:13+00:00\" \/>\n<meta property=\"article:modified_time\" content=\"2021-01-20T02:32:17+00:00\" \/>\n<meta property=\"og:image\" content=\"https:\/\/www.cidademarketing.com.br\/marketing\/wp-content\/uploads\/2021\/01\/museu_gerdau.jpg\" \/>\n\t<meta property=\"og:image:width\" content=\"1403\" \/>\n\t<meta property=\"og:image:height\" content=\"767\" \/>\n\t<meta property=\"og:image:type\" content=\"image\/jpeg\" \/>\n<meta name=\"author\" content=\"Thales Brand\u00e3o\" \/>\n<meta name=\"twitter:card\" content=\"summary_large_image\" \/>\n<meta name=\"twitter:creator\" content=\"@http:\/\/www.twitter.com\/thalesbrandao\" \/>\n<meta name=\"twitter:site\" content=\"@CidadeMarketing\" \/>\n<meta name=\"twitter:label1\" content=\"Escrito por\" \/>\n\t<meta name=\"twitter:data1\" content=\"Thales Brand\u00e3o\" \/>\n\t<meta name=\"twitter:label2\" content=\"Est. tempo de leitura\" \/>\n\t<meta name=\"twitter:data2\" content=\"24 minutos\" \/>\n<script type=\"application\/ld+json\" class=\"yoast-schema-graph\">{\"@context\":\"https:\\\/\\\/schema.org\",\"@graph\":[{\"@type\":\"Article\",\"@id\":\"https:\\\/\\\/www.cidademarketing.com.br\\\/marketing\\\/2021\\\/01\\\/19\\\/mm-gerdau-museu-das-minas-e-do-metal-oferece-programacao-virtual-sobre-arte-ciencia-e-tecnologia-ao-longo-do-mes-de-janeiro\\\/#article\",\"isPartOf\":{\"@id\":\"https:\\\/\\\/www.cidademarketing.com.br\\\/marketing\\\/2021\\\/01\\\/19\\\/mm-gerdau-museu-das-minas-e-do-metal-oferece-programacao-virtual-sobre-arte-ciencia-e-tecnologia-ao-longo-do-mes-de-janeiro\\\/\"},\"author\":{\"name\":\"Thales Brand\u00e3o\",\"@id\":\"https:\\\/\\\/www.cidademarketing.com.br\\\/marketing\\\/#\\\/schema\\\/person\\\/02daff9f18bd9378c9e01eb6b2db155f\"},\"headline\":\"MM Gerdau &#8211; Museu das Minas e do Metal oferece programa\u00e7\u00e3o virtual sobre arte, ci\u00eancia e tecnologia ao longo do m\u00eas de janeiro\",\"datePublished\":\"2021-01-20T02:32:13+00:00\",\"dateModified\":\"2021-01-20T02:32:17+00:00\",\"mainEntityOfPage\":{\"@id\":\"https:\\\/\\\/www.cidademarketing.com.br\\\/marketing\\\/2021\\\/01\\\/19\\\/mm-gerdau-museu-das-minas-e-do-metal-oferece-programacao-virtual-sobre-arte-ciencia-e-tecnologia-ao-longo-do-mes-de-janeiro\\\/\"},\"wordCount\":4835,\"commentCount\":0,\"publisher\":{\"@id\":\"https:\\\/\\\/www.cidademarketing.com.br\\\/marketing\\\/#organization\"},\"image\":{\"@id\":\"https:\\\/\\\/www.cidademarketing.com.br\\\/marketing\\\/2021\\\/01\\\/19\\\/mm-gerdau-museu-das-minas-e-do-metal-oferece-programacao-virtual-sobre-arte-ciencia-e-tecnologia-ao-longo-do-mes-de-janeiro\\\/#primaryimage\"},\"thumbnailUrl\":\"https:\\\/\\\/www.cidademarketing.com.br\\\/marketing\\\/wp-content\\\/uploads\\\/2021\\\/01\\\/museu_gerdau.jpg\",\"keywords\":[\"estrat\u00e9gia\",\"Gerdau\",\"marketing\",\"marketing cultural\"],\"articleSection\":[\"Not\u00edcias\"],\"inLanguage\":\"pt-BR\",\"potentialAction\":[{\"@type\":\"CommentAction\",\"name\":\"Comment\",\"target\":[\"https:\\\/\\\/www.cidademarketing.com.br\\\/marketing\\\/2021\\\/01\\\/19\\\/mm-gerdau-museu-das-minas-e-do-metal-oferece-programacao-virtual-sobre-arte-ciencia-e-tecnologia-ao-longo-do-mes-de-janeiro\\\/#respond\"]}]},{\"@type\":\"WebPage\",\"@id\":\"https:\\\/\\\/www.cidademarketing.com.br\\\/marketing\\\/2021\\\/01\\\/19\\\/mm-gerdau-museu-das-minas-e-do-metal-oferece-programacao-virtual-sobre-arte-ciencia-e-tecnologia-ao-longo-do-mes-de-janeiro\\\/\",\"url\":\"https:\\\/\\\/www.cidademarketing.com.br\\\/marketing\\\/2021\\\/01\\\/19\\\/mm-gerdau-museu-das-minas-e-do-metal-oferece-programacao-virtual-sobre-arte-ciencia-e-tecnologia-ao-longo-do-mes-de-janeiro\\\/\",\"name\":\"MM Gerdau - Museu das Minas e do Metal oferece programa\u00e7\u00e3o virtual sobre arte, ci\u00eancia e tecnologia ao longo do m\u00eas de janeiro - CidadeMarketing\",\"isPartOf\":{\"@id\":\"https:\\\/\\\/www.cidademarketing.com.br\\\/marketing\\\/#website\"},\"primaryImageOfPage\":{\"@id\":\"https:\\\/\\\/www.cidademarketing.com.br\\\/marketing\\\/2021\\\/01\\\/19\\\/mm-gerdau-museu-das-minas-e-do-metal-oferece-programacao-virtual-sobre-arte-ciencia-e-tecnologia-ao-longo-do-mes-de-janeiro\\\/#primaryimage\"},\"image\":{\"@id\":\"https:\\\/\\\/www.cidademarketing.com.br\\\/marketing\\\/2021\\\/01\\\/19\\\/mm-gerdau-museu-das-minas-e-do-metal-oferece-programacao-virtual-sobre-arte-ciencia-e-tecnologia-ao-longo-do-mes-de-janeiro\\\/#primaryimage\"},\"thumbnailUrl\":\"https:\\\/\\\/www.cidademarketing.com.br\\\/marketing\\\/wp-content\\\/uploads\\\/2021\\\/01\\\/museu_gerdau.jpg\",\"datePublished\":\"2021-01-20T02:32:13+00:00\",\"dateModified\":\"2021-01-20T02:32:17+00:00\",\"breadcrumb\":{\"@id\":\"https:\\\/\\\/www.cidademarketing.com.br\\\/marketing\\\/2021\\\/01\\\/19\\\/mm-gerdau-museu-das-minas-e-do-metal-oferece-programacao-virtual-sobre-arte-ciencia-e-tecnologia-ao-longo-do-mes-de-janeiro\\\/#breadcrumb\"},\"inLanguage\":\"pt-BR\",\"potentialAction\":[{\"@type\":\"ReadAction\",\"target\":[\"https:\\\/\\\/www.cidademarketing.com.br\\\/marketing\\\/2021\\\/01\\\/19\\\/mm-gerdau-museu-das-minas-e-do-metal-oferece-programacao-virtual-sobre-arte-ciencia-e-tecnologia-ao-longo-do-mes-de-janeiro\\\/\"]}]},{\"@type\":\"ImageObject\",\"inLanguage\":\"pt-BR\",\"@id\":\"https:\\\/\\\/www.cidademarketing.com.br\\\/marketing\\\/2021\\\/01\\\/19\\\/mm-gerdau-museu-das-minas-e-do-metal-oferece-programacao-virtual-sobre-arte-ciencia-e-tecnologia-ao-longo-do-mes-de-janeiro\\\/#primaryimage\",\"url\":\"https:\\\/\\\/www.cidademarketing.com.br\\\/marketing\\\/wp-content\\\/uploads\\\/2021\\\/01\\\/museu_gerdau.jpg\",\"contentUrl\":\"https:\\\/\\\/www.cidademarketing.com.br\\\/marketing\\\/wp-content\\\/uploads\\\/2021\\\/01\\\/museu_gerdau.jpg\",\"width\":1403,\"height\":767,\"caption\":\"Divulga\u00e7\u00e3o\"},{\"@type\":\"BreadcrumbList\",\"@id\":\"https:\\\/\\\/www.cidademarketing.com.br\\\/marketing\\\/2021\\\/01\\\/19\\\/mm-gerdau-museu-das-minas-e-do-metal-oferece-programacao-virtual-sobre-arte-ciencia-e-tecnologia-ao-longo-do-mes-de-janeiro\\\/#breadcrumb\",\"itemListElement\":[{\"@type\":\"ListItem\",\"position\":1,\"name\":\"In\u00edcio\",\"item\":\"https:\\\/\\\/www.cidademarketing.com.br\\\/marketing\\\/\"},{\"@type\":\"ListItem\",\"position\":2,\"name\":\"MM Gerdau &#8211; Museu das Minas e do Metal oferece programa\u00e7\u00e3o virtual sobre arte, ci\u00eancia e tecnologia ao longo do m\u00eas de janeiro\"}]},{\"@type\":\"WebSite\",\"@id\":\"https:\\\/\\\/www.cidademarketing.com.br\\\/marketing\\\/#website\",\"url\":\"https:\\\/\\\/www.cidademarketing.com.br\\\/marketing\\\/\",\"name\":\"CidadeMarketing\",\"description\":\"Somos um ve\u00edculo de comunica\u00e7\u00e3o de destaque no Brasil, reconhecido por conte\u00fados nos segmentos de marketing, empreendedorismo e inova\u00e7\u00e3o.\",\"publisher\":{\"@id\":\"https:\\\/\\\/www.cidademarketing.com.br\\\/marketing\\\/#organization\"},\"alternateName\":\"CidadeMarketing\",\"potentialAction\":[{\"@type\":\"SearchAction\",\"target\":{\"@type\":\"EntryPoint\",\"urlTemplate\":\"https:\\\/\\\/www.cidademarketing.com.br\\\/marketing\\\/?s={search_term_string}\"},\"query-input\":{\"@type\":\"PropertyValueSpecification\",\"valueRequired\":true,\"valueName\":\"search_term_string\"}}],\"inLanguage\":\"pt-BR\"},{\"@type\":\"Organization\",\"@id\":\"https:\\\/\\\/www.cidademarketing.com.br\\\/marketing\\\/#organization\",\"name\":\"CidadeMarketing\",\"alternateName\":\"CidadeMarketing\",\"url\":\"https:\\\/\\\/www.cidademarketing.com.br\\\/marketing\\\/\",\"logo\":{\"@type\":\"ImageObject\",\"inLanguage\":\"pt-BR\",\"@id\":\"https:\\\/\\\/www.cidademarketing.com.br\\\/marketing\\\/#\\\/schema\\\/logo\\\/image\\\/\",\"url\":\"https:\\\/\\\/www.cidademarketing.com.br\\\/marketing\\\/wp-content\\\/uploads\\\/2020\\\/01\\\/cidademarketing_marca_mobile.png\",\"contentUrl\":\"https:\\\/\\\/www.cidademarketing.com.br\\\/marketing\\\/wp-content\\\/uploads\\\/2020\\\/01\\\/cidademarketing_marca_mobile.png\",\"width\":230,\"height\":92,\"caption\":\"CidadeMarketing\"},\"image\":{\"@id\":\"https:\\\/\\\/www.cidademarketing.com.br\\\/marketing\\\/#\\\/schema\\\/logo\\\/image\\\/\"},\"sameAs\":[\"https:\\\/\\\/www.facebook.com\\\/portalcidademarketing\",\"https:\\\/\\\/x.com\\\/CidadeMarketing\",\"https:\\\/\\\/www.instagram.com\\\/cidademarketing\\\/\"]},{\"@type\":\"Person\",\"@id\":\"https:\\\/\\\/www.cidademarketing.com.br\\\/marketing\\\/#\\\/schema\\\/person\\\/02daff9f18bd9378c9e01eb6b2db155f\",\"name\":\"Thales Brand\u00e3o\",\"image\":{\"@type\":\"ImageObject\",\"inLanguage\":\"pt-BR\",\"@id\":\"https:\\\/\\\/secure.gravatar.com\\\/avatar\\\/7ca3206950207cc3cb48feec56a8a7898741ab725c368d99d5d7a5a50aab80c6?s=96&d=mm&r=g\",\"url\":\"https:\\\/\\\/secure.gravatar.com\\\/avatar\\\/7ca3206950207cc3cb48feec56a8a7898741ab725c368d99d5d7a5a50aab80c6?s=96&d=mm&r=g\",\"contentUrl\":\"https:\\\/\\\/secure.gravatar.com\\\/avatar\\\/7ca3206950207cc3cb48feec56a8a7898741ab725c368d99d5d7a5a50aab80c6?s=96&d=mm&r=g\",\"caption\":\"Thales Brand\u00e3o\"},\"description\":\"Editor Executivo do Portal CidadeMarketing.com.br &gt; Mestre em Comunica\u00e7\u00e3o e Sociedade pela Universidade Federal de Sergipe. Possui MBA Executivo em Administra\u00e7\u00e3o com \u00eanfase em Marketing pela Funda\u00e7\u00e3o Get\u00falio Vargas - Rio de Janeiro. Consultor, Palestrante e Pesquisador sobre Empreendedorismo, Marketing, Redes Sociais e Neg\u00f3cios Digitais. Professor, Palestrante TedxTalks e Campus Party. Twitter: @ThalesBrandao\",\"sameAs\":[\"http:\\\/\\\/www.mandacaru.com.br\",\"https:\\\/\\\/www.facebook.com\\\/thalesbrandao\",\"http:\\\/\\\/www.instagram.com.br\\\/thalesbrandaoferreira\",\"https:\\\/\\\/www.linkedin.com\\\/in\\\/thales-brand\u00e3o-3948609\\\/\",\"https:\\\/\\\/x.com\\\/http:\\\/\\\/www.twitter.com\\\/thalesbrandao\"],\"url\":\"https:\\\/\\\/www.cidademarketing.com.br\\\/marketing\\\/author\\\/thalesbrandao\\\/\"}]}<\/script>\n<!-- \/ Yoast SEO plugin. -->","yoast_head_json":{"title":"MM Gerdau - Museu das Minas e do Metal oferece programa\u00e7\u00e3o virtual sobre arte, ci\u00eancia e tecnologia ao longo do m\u00eas de janeiro - CidadeMarketing","robots":{"index":"index","follow":"follow","max-snippet":"max-snippet:-1","max-image-preview":"max-image-preview:large","max-video-preview":"max-video-preview:-1"},"canonical":"https:\/\/www.cidademarketing.com.br\/marketing\/2021\/01\/19\/mm-gerdau-museu-das-minas-e-do-metal-oferece-programacao-virtual-sobre-arte-ciencia-e-tecnologia-ao-longo-do-mes-de-janeiro\/","og_locale":"pt_BR","og_type":"article","og_title":"MM Gerdau - Museu das Minas e do Metal oferece programa\u00e7\u00e3o virtual sobre arte, ci\u00eancia e tecnologia ao longo do m\u00eas de janeiro - CidadeMarketing","og_description":"Abrindo o ano de 2021 com uma programa\u00e7\u00e3o cultural rica, o MM Gerdau \u2013 Museu das Minas e do Metal retoma as atividades com a sustenta\u00e7\u00e3o de uma a\u00e7\u00e3o muito especial: a exposi\u00e7\u00e3o \u201cCoMci\u00eancia &#8211; Cristais do Tempo\u201d, que segue com programa\u00e7\u00e3o virtual ao longo de janeiro. Outra not\u00edcia de destaque \u00e9 que nos dias [&hellip;]","og_url":"https:\/\/www.cidademarketing.com.br\/marketing\/2021\/01\/19\/mm-gerdau-museu-das-minas-e-do-metal-oferece-programacao-virtual-sobre-arte-ciencia-e-tecnologia-ao-longo-do-mes-de-janeiro\/","og_site_name":"CidadeMarketing","article_publisher":"https:\/\/www.facebook.com\/portalcidademarketing","article_author":"https:\/\/www.facebook.com\/thalesbrandao","article_published_time":"2021-01-20T02:32:13+00:00","article_modified_time":"2021-01-20T02:32:17+00:00","og_image":[{"width":1403,"height":767,"url":"https:\/\/www.cidademarketing.com.br\/marketing\/wp-content\/uploads\/2021\/01\/museu_gerdau.jpg","type":"image\/jpeg"}],"author":"Thales Brand\u00e3o","twitter_card":"summary_large_image","twitter_creator":"@http:\/\/www.twitter.com\/thalesbrandao","twitter_site":"@CidadeMarketing","twitter_misc":{"Escrito por":"Thales Brand\u00e3o","Est. tempo de leitura":"24 minutos"},"schema":{"@context":"https:\/\/schema.org","@graph":[{"@type":"Article","@id":"https:\/\/www.cidademarketing.com.br\/marketing\/2021\/01\/19\/mm-gerdau-museu-das-minas-e-do-metal-oferece-programacao-virtual-sobre-arte-ciencia-e-tecnologia-ao-longo-do-mes-de-janeiro\/#article","isPartOf":{"@id":"https:\/\/www.cidademarketing.com.br\/marketing\/2021\/01\/19\/mm-gerdau-museu-das-minas-e-do-metal-oferece-programacao-virtual-sobre-arte-ciencia-e-tecnologia-ao-longo-do-mes-de-janeiro\/"},"author":{"name":"Thales Brand\u00e3o","@id":"https:\/\/www.cidademarketing.com.br\/marketing\/#\/schema\/person\/02daff9f18bd9378c9e01eb6b2db155f"},"headline":"MM Gerdau &#8211; Museu das Minas e do Metal oferece programa\u00e7\u00e3o virtual sobre arte, ci\u00eancia e tecnologia ao longo do m\u00eas de janeiro","datePublished":"2021-01-20T02:32:13+00:00","dateModified":"2021-01-20T02:32:17+00:00","mainEntityOfPage":{"@id":"https:\/\/www.cidademarketing.com.br\/marketing\/2021\/01\/19\/mm-gerdau-museu-das-minas-e-do-metal-oferece-programacao-virtual-sobre-arte-ciencia-e-tecnologia-ao-longo-do-mes-de-janeiro\/"},"wordCount":4835,"commentCount":0,"publisher":{"@id":"https:\/\/www.cidademarketing.com.br\/marketing\/#organization"},"image":{"@id":"https:\/\/www.cidademarketing.com.br\/marketing\/2021\/01\/19\/mm-gerdau-museu-das-minas-e-do-metal-oferece-programacao-virtual-sobre-arte-ciencia-e-tecnologia-ao-longo-do-mes-de-janeiro\/#primaryimage"},"thumbnailUrl":"https:\/\/www.cidademarketing.com.br\/marketing\/wp-content\/uploads\/2021\/01\/museu_gerdau.jpg","keywords":["estrat\u00e9gia","Gerdau","marketing","marketing cultural"],"articleSection":["Not\u00edcias"],"inLanguage":"pt-BR","potentialAction":[{"@type":"CommentAction","name":"Comment","target":["https:\/\/www.cidademarketing.com.br\/marketing\/2021\/01\/19\/mm-gerdau-museu-das-minas-e-do-metal-oferece-programacao-virtual-sobre-arte-ciencia-e-tecnologia-ao-longo-do-mes-de-janeiro\/#respond"]}]},{"@type":"WebPage","@id":"https:\/\/www.cidademarketing.com.br\/marketing\/2021\/01\/19\/mm-gerdau-museu-das-minas-e-do-metal-oferece-programacao-virtual-sobre-arte-ciencia-e-tecnologia-ao-longo-do-mes-de-janeiro\/","url":"https:\/\/www.cidademarketing.com.br\/marketing\/2021\/01\/19\/mm-gerdau-museu-das-minas-e-do-metal-oferece-programacao-virtual-sobre-arte-ciencia-e-tecnologia-ao-longo-do-mes-de-janeiro\/","name":"MM Gerdau - Museu das Minas e do Metal oferece programa\u00e7\u00e3o virtual sobre arte, ci\u00eancia e tecnologia ao longo do m\u00eas de janeiro - CidadeMarketing","isPartOf":{"@id":"https:\/\/www.cidademarketing.com.br\/marketing\/#website"},"primaryImageOfPage":{"@id":"https:\/\/www.cidademarketing.com.br\/marketing\/2021\/01\/19\/mm-gerdau-museu-das-minas-e-do-metal-oferece-programacao-virtual-sobre-arte-ciencia-e-tecnologia-ao-longo-do-mes-de-janeiro\/#primaryimage"},"image":{"@id":"https:\/\/www.cidademarketing.com.br\/marketing\/2021\/01\/19\/mm-gerdau-museu-das-minas-e-do-metal-oferece-programacao-virtual-sobre-arte-ciencia-e-tecnologia-ao-longo-do-mes-de-janeiro\/#primaryimage"},"thumbnailUrl":"https:\/\/www.cidademarketing.com.br\/marketing\/wp-content\/uploads\/2021\/01\/museu_gerdau.jpg","datePublished":"2021-01-20T02:32:13+00:00","dateModified":"2021-01-20T02:32:17+00:00","breadcrumb":{"@id":"https:\/\/www.cidademarketing.com.br\/marketing\/2021\/01\/19\/mm-gerdau-museu-das-minas-e-do-metal-oferece-programacao-virtual-sobre-arte-ciencia-e-tecnologia-ao-longo-do-mes-de-janeiro\/#breadcrumb"},"inLanguage":"pt-BR","potentialAction":[{"@type":"ReadAction","target":["https:\/\/www.cidademarketing.com.br\/marketing\/2021\/01\/19\/mm-gerdau-museu-das-minas-e-do-metal-oferece-programacao-virtual-sobre-arte-ciencia-e-tecnologia-ao-longo-do-mes-de-janeiro\/"]}]},{"@type":"ImageObject","inLanguage":"pt-BR","@id":"https:\/\/www.cidademarketing.com.br\/marketing\/2021\/01\/19\/mm-gerdau-museu-das-minas-e-do-metal-oferece-programacao-virtual-sobre-arte-ciencia-e-tecnologia-ao-longo-do-mes-de-janeiro\/#primaryimage","url":"https:\/\/www.cidademarketing.com.br\/marketing\/wp-content\/uploads\/2021\/01\/museu_gerdau.jpg","contentUrl":"https:\/\/www.cidademarketing.com.br\/marketing\/wp-content\/uploads\/2021\/01\/museu_gerdau.jpg","width":1403,"height":767,"caption":"Divulga\u00e7\u00e3o"},{"@type":"BreadcrumbList","@id":"https:\/\/www.cidademarketing.com.br\/marketing\/2021\/01\/19\/mm-gerdau-museu-das-minas-e-do-metal-oferece-programacao-virtual-sobre-arte-ciencia-e-tecnologia-ao-longo-do-mes-de-janeiro\/#breadcrumb","itemListElement":[{"@type":"ListItem","position":1,"name":"In\u00edcio","item":"https:\/\/www.cidademarketing.com.br\/marketing\/"},{"@type":"ListItem","position":2,"name":"MM Gerdau &#8211; Museu das Minas e do Metal oferece programa\u00e7\u00e3o virtual sobre arte, ci\u00eancia e tecnologia ao longo do m\u00eas de janeiro"}]},{"@type":"WebSite","@id":"https:\/\/www.cidademarketing.com.br\/marketing\/#website","url":"https:\/\/www.cidademarketing.com.br\/marketing\/","name":"CidadeMarketing","description":"Somos um ve\u00edculo de comunica\u00e7\u00e3o de destaque no Brasil, reconhecido por conte\u00fados nos segmentos de marketing, empreendedorismo e inova\u00e7\u00e3o.","publisher":{"@id":"https:\/\/www.cidademarketing.com.br\/marketing\/#organization"},"alternateName":"CidadeMarketing","potentialAction":[{"@type":"SearchAction","target":{"@type":"EntryPoint","urlTemplate":"https:\/\/www.cidademarketing.com.br\/marketing\/?s={search_term_string}"},"query-input":{"@type":"PropertyValueSpecification","valueRequired":true,"valueName":"search_term_string"}}],"inLanguage":"pt-BR"},{"@type":"Organization","@id":"https:\/\/www.cidademarketing.com.br\/marketing\/#organization","name":"CidadeMarketing","alternateName":"CidadeMarketing","url":"https:\/\/www.cidademarketing.com.br\/marketing\/","logo":{"@type":"ImageObject","inLanguage":"pt-BR","@id":"https:\/\/www.cidademarketing.com.br\/marketing\/#\/schema\/logo\/image\/","url":"https:\/\/www.cidademarketing.com.br\/marketing\/wp-content\/uploads\/2020\/01\/cidademarketing_marca_mobile.png","contentUrl":"https:\/\/www.cidademarketing.com.br\/marketing\/wp-content\/uploads\/2020\/01\/cidademarketing_marca_mobile.png","width":230,"height":92,"caption":"CidadeMarketing"},"image":{"@id":"https:\/\/www.cidademarketing.com.br\/marketing\/#\/schema\/logo\/image\/"},"sameAs":["https:\/\/www.facebook.com\/portalcidademarketing","https:\/\/x.com\/CidadeMarketing","https:\/\/www.instagram.com\/cidademarketing\/"]},{"@type":"Person","@id":"https:\/\/www.cidademarketing.com.br\/marketing\/#\/schema\/person\/02daff9f18bd9378c9e01eb6b2db155f","name":"Thales Brand\u00e3o","image":{"@type":"ImageObject","inLanguage":"pt-BR","@id":"https:\/\/secure.gravatar.com\/avatar\/7ca3206950207cc3cb48feec56a8a7898741ab725c368d99d5d7a5a50aab80c6?s=96&d=mm&r=g","url":"https:\/\/secure.gravatar.com\/avatar\/7ca3206950207cc3cb48feec56a8a7898741ab725c368d99d5d7a5a50aab80c6?s=96&d=mm&r=g","contentUrl":"https:\/\/secure.gravatar.com\/avatar\/7ca3206950207cc3cb48feec56a8a7898741ab725c368d99d5d7a5a50aab80c6?s=96&d=mm&r=g","caption":"Thales Brand\u00e3o"},"description":"Editor Executivo do Portal CidadeMarketing.com.br &gt; Mestre em Comunica\u00e7\u00e3o e Sociedade pela Universidade Federal de Sergipe. Possui MBA Executivo em Administra\u00e7\u00e3o com \u00eanfase em Marketing pela Funda\u00e7\u00e3o Get\u00falio Vargas - Rio de Janeiro. Consultor, Palestrante e Pesquisador sobre Empreendedorismo, Marketing, Redes Sociais e Neg\u00f3cios Digitais. Professor, Palestrante TedxTalks e Campus Party. Twitter: @ThalesBrandao","sameAs":["http:\/\/www.mandacaru.com.br","https:\/\/www.facebook.com\/thalesbrandao","http:\/\/www.instagram.com.br\/thalesbrandaoferreira","https:\/\/www.linkedin.com\/in\/thales-brand\u00e3o-3948609\/","https:\/\/x.com\/http:\/\/www.twitter.com\/thalesbrandao"],"url":"https:\/\/www.cidademarketing.com.br\/marketing\/author\/thalesbrandao\/"}]}},"amp_enabled":true,"_links":{"self":[{"href":"https:\/\/www.cidademarketing.com.br\/marketing\/wp-json\/wp\/v2\/posts\/21649","targetHints":{"allow":["GET"]}}],"collection":[{"href":"https:\/\/www.cidademarketing.com.br\/marketing\/wp-json\/wp\/v2\/posts"}],"about":[{"href":"https:\/\/www.cidademarketing.com.br\/marketing\/wp-json\/wp\/v2\/types\/post"}],"author":[{"embeddable":true,"href":"https:\/\/www.cidademarketing.com.br\/marketing\/wp-json\/wp\/v2\/users\/1"}],"replies":[{"embeddable":true,"href":"https:\/\/www.cidademarketing.com.br\/marketing\/wp-json\/wp\/v2\/comments?post=21649"}],"version-history":[{"count":1,"href":"https:\/\/www.cidademarketing.com.br\/marketing\/wp-json\/wp\/v2\/posts\/21649\/revisions"}],"predecessor-version":[{"id":21651,"href":"https:\/\/www.cidademarketing.com.br\/marketing\/wp-json\/wp\/v2\/posts\/21649\/revisions\/21651"}],"wp:featuredmedia":[{"embeddable":true,"href":"https:\/\/www.cidademarketing.com.br\/marketing\/wp-json\/wp\/v2\/media\/21650"}],"wp:attachment":[{"href":"https:\/\/www.cidademarketing.com.br\/marketing\/wp-json\/wp\/v2\/media?parent=21649"}],"wp:term":[{"taxonomy":"category","embeddable":true,"href":"https:\/\/www.cidademarketing.com.br\/marketing\/wp-json\/wp\/v2\/categories?post=21649"},{"taxonomy":"post_tag","embeddable":true,"href":"https:\/\/www.cidademarketing.com.br\/marketing\/wp-json\/wp\/v2\/tags?post=21649"}],"curies":[{"name":"wp","href":"https:\/\/api.w.org\/{rel}","templated":true}]}}