{"id":21390,"date":"2020-12-25T11:49:15","date_gmt":"2020-12-25T14:49:15","guid":{"rendered":"https:\/\/www.cidademarketing.com.br\/marketing\/?p=21390"},"modified":"2020-12-25T16:21:39","modified_gmt":"2020-12-25T19:21:39","slug":"maior-complexo-gastronomico-de-estradas-do-pais-a-ecoparada-madero-e-inaugurada-em-sp","status":"publish","type":"post","link":"https:\/\/www.cidademarketing.com.br\/marketing\/2020\/12\/25\/maior-complexo-gastronomico-de-estradas-do-pais-a-ecoparada-madero-e-inaugurada-em-sp\/","title":{"rendered":"Maior complexo gastron\u00f4mico de estradas do pa\u00eds, a Ecoparada Madero, \u00e9 inaugurada em SP"},"content":{"rendered":"\n<p>A Ecoparada Madero, o maior conglomerado gastron\u00f4mico em rodovias do pa\u00eds, abriu as portas para o p\u00fablico pela primeira vez, no s\u00e1bado (19\/12), na v\u00e9spera da semana de Natal, com seis restaurantes do Grupo Madero, sendo tr\u00eas deles novas opera\u00e7\u00f5es, com diversidade para atender as prefer\u00eancias do p\u00fablico. Al\u00e9m disso, h\u00e1 tamb\u00e9m o novo Emp\u00f3rio Madero, onde \u00e9 poss\u00edvel adquirir itens de conveni\u00eancia, pratos e produtos exclusivos, assinados pelo Chef Junior Durski.<\/p>\n\n\n\n<p>Localizada no quil\u00f4metro 44 da Rodovia Castello Branco, principal liga\u00e7\u00e3o entre a Regi\u00e3o Metropolitana de S\u00e3o Paulo e o Centro-Oeste paulista, fica h\u00e1 menos de 1 hora da capital de S\u00e3o Paulo e vizinha de cidades como Barueri, Osasco, Santana de Parna\u00edba e Sorocaba.<\/p>\n\n\n\n<figure class=\"wp-block-gallery columns-2 is-cropped wp-block-gallery-1 is-layout-flex wp-block-gallery-is-layout-flex\"><ul class=\"blocks-gallery-grid\"><li class=\"blocks-gallery-item\"><figure><img fetchpriority=\"high\" decoding=\"async\" width=\"1024\" height=\"613\" src=\"https:\/\/www.cidademarketing.com.br\/marketing\/wp-content\/uploads\/2020\/12\/Emporio-Madero-na-Ecoparada-Madero-Foto-Gerson-Lima-1024x613.jpg\" alt=\"\" data-id=\"21391\" data-full-url=\"https:\/\/www.cidademarketing.com.br\/marketing\/wp-content\/uploads\/2020\/12\/Emporio-Madero-na-Ecoparada-Madero-Foto-Gerson-Lima.jpg\" data-link=\"https:\/\/www.cidademarketing.com.br\/marketing\/?attachment_id=21391\" class=\"wp-image-21391\" srcset=\"https:\/\/www.cidademarketing.com.br\/marketing\/wp-content\/uploads\/2020\/12\/Emporio-Madero-na-Ecoparada-Madero-Foto-Gerson-Lima-1024x613.jpg 1024w, https:\/\/www.cidademarketing.com.br\/marketing\/wp-content\/uploads\/2020\/12\/Emporio-Madero-na-Ecoparada-Madero-Foto-Gerson-Lima-300x180.jpg 300w, https:\/\/www.cidademarketing.com.br\/marketing\/wp-content\/uploads\/2020\/12\/Emporio-Madero-na-Ecoparada-Madero-Foto-Gerson-Lima-768x460.jpg 768w, https:\/\/www.cidademarketing.com.br\/marketing\/wp-content\/uploads\/2020\/12\/Emporio-Madero-na-Ecoparada-Madero-Foto-Gerson-Lima-1536x920.jpg 1536w, https:\/\/www.cidademarketing.com.br\/marketing\/wp-content\/uploads\/2020\/12\/Emporio-Madero-na-Ecoparada-Madero-Foto-Gerson-Lima-702x420.jpg 702w, https:\/\/www.cidademarketing.com.br\/marketing\/wp-content\/uploads\/2020\/12\/Emporio-Madero-na-Ecoparada-Madero-Foto-Gerson-Lima-640x383.jpg 640w, https:\/\/www.cidademarketing.com.br\/marketing\/wp-content\/uploads\/2020\/12\/Emporio-Madero-na-Ecoparada-Madero-Foto-Gerson-Lima-681x408.jpg 681w, https:\/\/www.cidademarketing.com.br\/marketing\/wp-content\/uploads\/2020\/12\/Emporio-Madero-na-Ecoparada-Madero-Foto-Gerson-Lima.jpg 1652w\" sizes=\"(max-width: 1024px) 100vw, 1024px\" \/><\/figure><\/li><li class=\"blocks-gallery-item\"><figure><img decoding=\"async\" width=\"1024\" height=\"990\" src=\"https:\/\/www.cidademarketing.com.br\/marketing\/wp-content\/uploads\/2020\/12\/Junior-Durski-faz-discurso-na-inauguracao-1024x990.jpg\" alt=\"\" data-id=\"21392\" data-full-url=\"https:\/\/www.cidademarketing.com.br\/marketing\/wp-content\/uploads\/2020\/12\/Junior-Durski-faz-discurso-na-inauguracao.jpg\" data-link=\"https:\/\/www.cidademarketing.com.br\/marketing\/?attachment_id=21392\" class=\"wp-image-21392\" srcset=\"https:\/\/www.cidademarketing.com.br\/marketing\/wp-content\/uploads\/2020\/12\/Junior-Durski-faz-discurso-na-inauguracao-1024x990.jpg 1024w, https:\/\/www.cidademarketing.com.br\/marketing\/wp-content\/uploads\/2020\/12\/Junior-Durski-faz-discurso-na-inauguracao-300x290.jpg 300w, https:\/\/www.cidademarketing.com.br\/marketing\/wp-content\/uploads\/2020\/12\/Junior-Durski-faz-discurso-na-inauguracao-768x742.jpg 768w, https:\/\/www.cidademarketing.com.br\/marketing\/wp-content\/uploads\/2020\/12\/Junior-Durski-faz-discurso-na-inauguracao-1536x1485.jpg 1536w, https:\/\/www.cidademarketing.com.br\/marketing\/wp-content\/uploads\/2020\/12\/Junior-Durski-faz-discurso-na-inauguracao-434x420.jpg 434w, https:\/\/www.cidademarketing.com.br\/marketing\/wp-content\/uploads\/2020\/12\/Junior-Durski-faz-discurso-na-inauguracao-640x619.jpg 640w, https:\/\/www.cidademarketing.com.br\/marketing\/wp-content\/uploads\/2020\/12\/Junior-Durski-faz-discurso-na-inauguracao-681x658.jpg 681w, https:\/\/www.cidademarketing.com.br\/marketing\/wp-content\/uploads\/2020\/12\/Junior-Durski-faz-discurso-na-inauguracao.jpg 1799w\" sizes=\"(max-width: 1024px) 100vw, 1024px\" \/><\/figure><\/li><\/ul><\/figure>\n\n\n\n<p><\/p>\n\n\n\n<p>O empreendimento, com investimento de 40 milh\u00f5es, \u00e9 a maior opera\u00e7\u00e3o do Grupo e promete revolucionar o conceito de alimenta\u00e7\u00e3o nas estradas.&nbsp;A ideia \u00e9 que a Ecoparada Madero receba os paulistas, que viajam para as proximidades, com diversas op\u00e7\u00f5es gastron\u00f4micas, em um ambiente sofisticado, inovador e ecol\u00f3gico. Al\u00e9m disso, o complexo deve ser tamb\u00e9m o destino de viagem de moradores de cidades vizinhas que ter\u00e3o no conglomerado uma grande op\u00e7\u00e3o de lazer e gastronomia da melhor qualidade.<\/p>\n\n\n\n<p>Os visitantes, ansiosos pela novidade, sinalizada em toda a rodovia por imensos outdoors, foram recebidos com os protocolos de preven\u00e7\u00e3o ao coronav\u00edrus, com aferi\u00e7\u00e3o de temperatura, pontos de dispensa de \u00e1lcool em gel, distanciamento de mesas e uso obrigat\u00f3rio de m\u00e1scaras.&nbsp;<\/p>\n\n\n\n<p>O empreendimento, que come\u00e7ou a ser idealizado h\u00e1 2 anos, foi constru\u00eddo em tempo recorde e o projeto arquitet\u00f4nico, assinado por Kethlen Ribas Durski, se destaca pela inova\u00e7\u00e3o e sustentabilidade com padr\u00f5es ESG (Padr\u00f5es ambientais, sociais e de governan\u00e7a), em espa\u00e7o de cinco mil metros quadrados.<\/p>\n\n\n\n<p>Na \u00e1rea externa, com mais de 200m\u00b2 de jardim vertical, as <strong>Madero Towers<\/strong> chamam a aten\u00e7\u00e3o com estruturas inspiradas na beleza da natureza, e criam um ecossistema autossuficiente.&nbsp; Suas placas de energia fotovoltaica alimentam todo o sistema de ilumina\u00e7\u00e3o e ainda contribuem para a alimenta\u00e7\u00e3o dos pontos de carregamento de carros el\u00e9tricos do estacionamento. Al\u00e9m da produ\u00e7\u00e3o de energia limpa, tamb\u00e9m possuem um sistema de capta\u00e7\u00e3o de \u00e1gua da chuva para a irriga\u00e7\u00e3o de mais de 4.000 mudas ornamentais e de 320 m\u00b2 de telhado verde, com um sistema inteligente de monitoramento das condi\u00e7\u00f5es clim\u00e1ticas locais, permitindo que a irriga\u00e7\u00e3o seja feita de forma mais eficiente, otimizando os recursos h\u00eddricos e energ\u00e9ticos.<\/p>\n\n\n\n<p>Os restaurantes mant\u00eam suas identidades e todos os pratos s\u00e3o assinados pelo Chef Junior Durski, com inspira\u00e7\u00f5es que v\u00e3o desde as receitas da av\u00f3 do Chef, aos cl\u00e1ssicos j\u00e1 conhecidos do Madero e do Jeronimo. Nas novas opera\u00e7\u00f5es, uma das estrelas \u00e9 o\u00a0<strong>Madero Chicken<\/strong>, cujo carro-chefe \u00e9 o Balde de Frango Frito crocante em tr\u00eas tamanhos e o Meio Frango Assado (para duas pessoas), marinado 24h em temperos frescos, garantindo sabor exclusivo. H\u00e1 tamb\u00e9m\u00a0Maionese Light de Batatas para acompanhar, Fettuccine ao Sugo, e Farofa Especial usada para rechear a ave. Outra sugest\u00e3o \u00e9 o Combo Roasted Chicken Bacon (P\u00e3o brioche, frango assado (100 g), bacon, alface e tomate org\u00e2nicos, queijo tipo cheddar e molho ros\u00e9 com batatas fritas (120 g) e bebida (500 ml)).<\/p>\n\n\n\n<p>No novo <strong>Madero Grill &amp; Salad,<\/strong> o variado card\u00e1pio \u00e9 dedicado a cortes de carnes cuidadosamente selecionados como a Picanha Premium, Bife de Chorizo, L\u2019Entrec\u00f4te do Chef (250 g &#8211; Fil\u00e9 argentino com molho especial \u00e0 base de manjeric\u00e3o e mostarda Servido com batatas fritas) e as Baby Back Ribs (400 g &#8211; Suculenta costelinha, assada no forno e finalizada na churrasqueira, coberta com nosso delicioso molho barbecue), al\u00e9m da j\u00e1 consagrada Linguicinha de Pernil Defumada e Grelhada na Churrasqueira (130 g &#8211; Acompanha p\u00e3o crocante, farofa e chimichurri).<\/p>\n\n\n\n<p>O Madero Caf\u00e9 \u00e9 outra nova atra\u00e7\u00e3o com parada obrigat\u00f3ria para aquele caf\u00e9zinho especial. Com <strong>del\u00edcias assinadas pela chef p\u00e2tisserie Laysa Durski, o card\u00e1pio de dar \u00e1gua na boca encanta com deliciosos Muffins de Blueberry ou Chocolate, Bolo de Chocolate (com cobertura de brigadeiro), Bolo de Amendoim e <\/strong>Cinnamon Roll Tradicional ou com Doce de Leite, entre muitas outras delicias. <strong>H\u00e1 tamb\u00e9m salgados e sandu\u00edches leves, focaccias e empadas, que s\u00e3o receitas especiais da av\u00f3 de Durski, feitas com cebola fatiada, puxada na frigideira com sal e pimenta, com sabor levemente adocicado. Os caf\u00e9s <\/strong>especiais t\u00eam blends exclusivos e podem vir acompanhados de diversas por\u00e7\u00f5es, como a de p\u00e3o de mel, por exemplo. Para quem quiser sabores ainda mais doces, os Frap\u00eas se apresentam nos sabores de Brigadeiro, Chocolate Branco e\u00a0Doce de Leite, al\u00e9m de Parfait de Frutas Vermelhas. \u00a0\u00a0<\/p>\n\n\n\n<p>No <strong>Jeronimo Burger<\/strong>, lan\u00e7ado h\u00e1 tr\u00eas anos, com foco nos&nbsp;<em>millennials<\/em>, a divers\u00e3o s\u00e3o as quatro op\u00e7\u00f5es de tamanhos de lanches: P, M, G e GG, e o campe\u00e3o \u00e9 o burger feito com quantidade perfeita de carne, sob o calor da chapa de a\u00e7o cromado em alta temperatura, criando uma casquinha por fora e mantendo por dentro a sucul\u00eancia e o melhor sabor. J\u00e1 no <strong>Jeronimo Ice<\/strong><strong>, o convite \u00e9 se refrescar<\/strong><strong> <\/strong><strong>com del\u00edcias geladas, como a <\/strong>Casquinha Black com Borda de confeito de Chocolate e Vanilla, eos inesquec\u00edveis sabores de Brownie ou Banana em Calda. &nbsp;<\/p>\n\n\n\n<p>Claro que o <strong>Madero Burger<\/strong> n\u00e3o poderia faltar com seus hamburgers premiados, grelhados ao fogo forte e o card\u00e1pio com todas as del\u00edcias j\u00e1 <strong>conhecidas do p\u00fablico, <\/strong>como o Cordeiro Super, Madero Vegetariano e Madero Vegano, entre muitas outras.<\/p>\n\n\n\n<p><strong>\u00daltima parada e uma das grandes atra\u00e7\u00f5es \u00e9 <\/strong>o <strong>Emp\u00f3rio Madero<\/strong>, que oferece pratos \u201cto go\u201d com os sabores \u201ccomfort food\u201d, feitos artesanalmente pelo Chef Junior Durski. H\u00e1 ainda diversos doces de fazenda, como o Figo em Calda, Ab\u00f3bora Org\u00e2nica, al\u00e9m de Bolachas Caseiras e Biscoito de Polvilho, vindos da Cozinha Central de Ponta Grossa, no Paran\u00e1, deixando aquele gostinho de quero mais e vontade de voltar. &nbsp;<\/p>\n\n\n\n<p><strong><em>Ecoparada Madero<\/em><\/strong>&#8211; <em>Endere\u00e7o: KM 44 | Rodovia Castello Branco<\/em>&nbsp;\u2013 Ara\u00e7ariguama (SP).<\/p>\n\n\n\n<p>Funcionamento: 5h \u00e0s 23h, todos os dias da semana.<\/p>\n\n\n\n<p><a href=\"https:\/\/ecoparadamadero.com.br\/\" target=\"_blank\" rel=\"noreferrer noopener\">https:\/\/ecoparadamadero.com.br\/<\/a><\/p>\n\n\n\n<p>@ecoparadamadero<\/p>\n","protected":false},"excerpt":{"rendered":"<p>A Ecoparada Madero, o maior conglomerado gastron\u00f4mico em rodovias do pa\u00eds, abriu as portas para o p\u00fablico pela primeira vez, no s\u00e1bado (19\/12), na v\u00e9spera da semana de Natal, com seis restaurantes do Grupo Madero, sendo tr\u00eas deles novas opera\u00e7\u00f5es, com diversidade para atender as prefer\u00eancias do p\u00fablico. Al\u00e9m disso, h\u00e1 tamb\u00e9m o novo Emp\u00f3rio [&hellip;]<\/p>\n","protected":false},"author":1,"featured_media":21393,"comment_status":"open","ping_status":"open","sticky":false,"template":"","format":"standard","meta":{"tdm_status":"","tdm_grid_status":"","footnotes":""},"categories":[6],"tags":[2023,3153,28,1200],"class_list":["post-21390","post","type-post","status-publish","format-standard","has-post-thumbnail","hentry","category-noticias","tag-gastronomia","tag-madero","tag-marketing","tag-sp"],"yoast_head":"<!-- This site is optimized with the Yoast SEO plugin v27.5 - https:\/\/yoast.com\/product\/yoast-seo-wordpress\/ -->\n<title>Maior complexo gastron\u00f4mico de estradas do pa\u00eds, a Ecoparada Madero, \u00e9 inaugurada em SP - CidadeMarketing<\/title>\n<meta name=\"robots\" content=\"index, follow, max-snippet:-1, max-image-preview:large, max-video-preview:-1\" \/>\n<link rel=\"canonical\" href=\"https:\/\/www.cidademarketing.com.br\/marketing\/2020\/12\/25\/maior-complexo-gastronomico-de-estradas-do-pais-a-ecoparada-madero-e-inaugurada-em-sp\/\" \/>\n<meta property=\"og:locale\" content=\"pt_BR\" \/>\n<meta property=\"og:type\" content=\"article\" \/>\n<meta property=\"og:title\" content=\"Maior complexo gastron\u00f4mico de estradas do pa\u00eds, a Ecoparada Madero, \u00e9 inaugurada em SP - CidadeMarketing\" \/>\n<meta property=\"og:description\" content=\"A Ecoparada Madero, o maior conglomerado gastron\u00f4mico em rodovias do pa\u00eds, abriu as portas para o p\u00fablico pela primeira vez, no s\u00e1bado (19\/12), na v\u00e9spera da semana de Natal, com seis restaurantes do Grupo Madero, sendo tr\u00eas deles novas opera\u00e7\u00f5es, com diversidade para atender as prefer\u00eancias do p\u00fablico. Al\u00e9m disso, h\u00e1 tamb\u00e9m o novo Emp\u00f3rio [&hellip;]\" \/>\n<meta property=\"og:url\" content=\"https:\/\/www.cidademarketing.com.br\/marketing\/2020\/12\/25\/maior-complexo-gastronomico-de-estradas-do-pais-a-ecoparada-madero-e-inaugurada-em-sp\/\" \/>\n<meta property=\"og:site_name\" content=\"CidadeMarketing\" \/>\n<meta property=\"article:publisher\" content=\"https:\/\/www.facebook.com\/portalcidademarketing\" \/>\n<meta property=\"article:author\" content=\"https:\/\/www.facebook.com\/thalesbrandao\" \/>\n<meta property=\"article:published_time\" content=\"2020-12-25T14:49:15+00:00\" \/>\n<meta property=\"article:modified_time\" content=\"2020-12-25T19:21:39+00:00\" \/>\n<meta property=\"og:image\" content=\"https:\/\/www.cidademarketing.com.br\/marketing\/wp-content\/uploads\/2020\/12\/Madero-GRILL-SALAD-LENTRECOTE.jpg\" \/>\n\t<meta property=\"og:image:width\" content=\"1600\" \/>\n\t<meta property=\"og:image:height\" content=\"2022\" \/>\n\t<meta property=\"og:image:type\" content=\"image\/jpeg\" \/>\n<meta name=\"author\" content=\"Thales Brand\u00e3o\" \/>\n<meta name=\"twitter:card\" content=\"summary_large_image\" \/>\n<meta name=\"twitter:creator\" content=\"@http:\/\/www.twitter.com\/thalesbrandao\" \/>\n<meta name=\"twitter:site\" content=\"@CidadeMarketing\" \/>\n<meta name=\"twitter:label1\" content=\"Escrito por\" \/>\n\t<meta name=\"twitter:data1\" content=\"Thales Brand\u00e3o\" \/>\n\t<meta name=\"twitter:label2\" content=\"Est. tempo de leitura\" \/>\n\t<meta name=\"twitter:data2\" content=\"5 minutos\" \/>\n<script type=\"application\/ld+json\" class=\"yoast-schema-graph\">{\"@context\":\"https:\\\/\\\/schema.org\",\"@graph\":[{\"@type\":\"Article\",\"@id\":\"https:\\\/\\\/www.cidademarketing.com.br\\\/marketing\\\/2020\\\/12\\\/25\\\/maior-complexo-gastronomico-de-estradas-do-pais-a-ecoparada-madero-e-inaugurada-em-sp\\\/#article\",\"isPartOf\":{\"@id\":\"https:\\\/\\\/www.cidademarketing.com.br\\\/marketing\\\/2020\\\/12\\\/25\\\/maior-complexo-gastronomico-de-estradas-do-pais-a-ecoparada-madero-e-inaugurada-em-sp\\\/\"},\"author\":{\"name\":\"Thales Brand\u00e3o\",\"@id\":\"https:\\\/\\\/www.cidademarketing.com.br\\\/marketing\\\/#\\\/schema\\\/person\\\/02daff9f18bd9378c9e01eb6b2db155f\"},\"headline\":\"Maior complexo gastron\u00f4mico de estradas do pa\u00eds, a Ecoparada Madero, \u00e9 inaugurada em SP\",\"datePublished\":\"2020-12-25T14:49:15+00:00\",\"dateModified\":\"2020-12-25T19:21:39+00:00\",\"mainEntityOfPage\":{\"@id\":\"https:\\\/\\\/www.cidademarketing.com.br\\\/marketing\\\/2020\\\/12\\\/25\\\/maior-complexo-gastronomico-de-estradas-do-pais-a-ecoparada-madero-e-inaugurada-em-sp\\\/\"},\"wordCount\":1082,\"commentCount\":0,\"publisher\":{\"@id\":\"https:\\\/\\\/www.cidademarketing.com.br\\\/marketing\\\/#organization\"},\"image\":{\"@id\":\"https:\\\/\\\/www.cidademarketing.com.br\\\/marketing\\\/2020\\\/12\\\/25\\\/maior-complexo-gastronomico-de-estradas-do-pais-a-ecoparada-madero-e-inaugurada-em-sp\\\/#primaryimage\"},\"thumbnailUrl\":\"https:\\\/\\\/www.cidademarketing.com.br\\\/marketing\\\/wp-content\\\/uploads\\\/2020\\\/12\\\/Madero-GRILL-SALAD-LENTRECOTE.jpg\",\"keywords\":[\"gastronomia\",\"Madero\",\"marketing\",\"SP\"],\"articleSection\":[\"Not\u00edcias\"],\"inLanguage\":\"pt-BR\",\"potentialAction\":[{\"@type\":\"CommentAction\",\"name\":\"Comment\",\"target\":[\"https:\\\/\\\/www.cidademarketing.com.br\\\/marketing\\\/2020\\\/12\\\/25\\\/maior-complexo-gastronomico-de-estradas-do-pais-a-ecoparada-madero-e-inaugurada-em-sp\\\/#respond\"]}]},{\"@type\":\"WebPage\",\"@id\":\"https:\\\/\\\/www.cidademarketing.com.br\\\/marketing\\\/2020\\\/12\\\/25\\\/maior-complexo-gastronomico-de-estradas-do-pais-a-ecoparada-madero-e-inaugurada-em-sp\\\/\",\"url\":\"https:\\\/\\\/www.cidademarketing.com.br\\\/marketing\\\/2020\\\/12\\\/25\\\/maior-complexo-gastronomico-de-estradas-do-pais-a-ecoparada-madero-e-inaugurada-em-sp\\\/\",\"name\":\"Maior complexo gastron\u00f4mico de estradas do pa\u00eds, a Ecoparada Madero, \u00e9 inaugurada em SP - CidadeMarketing\",\"isPartOf\":{\"@id\":\"https:\\\/\\\/www.cidademarketing.com.br\\\/marketing\\\/#website\"},\"primaryImageOfPage\":{\"@id\":\"https:\\\/\\\/www.cidademarketing.com.br\\\/marketing\\\/2020\\\/12\\\/25\\\/maior-complexo-gastronomico-de-estradas-do-pais-a-ecoparada-madero-e-inaugurada-em-sp\\\/#primaryimage\"},\"image\":{\"@id\":\"https:\\\/\\\/www.cidademarketing.com.br\\\/marketing\\\/2020\\\/12\\\/25\\\/maior-complexo-gastronomico-de-estradas-do-pais-a-ecoparada-madero-e-inaugurada-em-sp\\\/#primaryimage\"},\"thumbnailUrl\":\"https:\\\/\\\/www.cidademarketing.com.br\\\/marketing\\\/wp-content\\\/uploads\\\/2020\\\/12\\\/Madero-GRILL-SALAD-LENTRECOTE.jpg\",\"datePublished\":\"2020-12-25T14:49:15+00:00\",\"dateModified\":\"2020-12-25T19:21:39+00:00\",\"breadcrumb\":{\"@id\":\"https:\\\/\\\/www.cidademarketing.com.br\\\/marketing\\\/2020\\\/12\\\/25\\\/maior-complexo-gastronomico-de-estradas-do-pais-a-ecoparada-madero-e-inaugurada-em-sp\\\/#breadcrumb\"},\"inLanguage\":\"pt-BR\",\"potentialAction\":[{\"@type\":\"ReadAction\",\"target\":[\"https:\\\/\\\/www.cidademarketing.com.br\\\/marketing\\\/2020\\\/12\\\/25\\\/maior-complexo-gastronomico-de-estradas-do-pais-a-ecoparada-madero-e-inaugurada-em-sp\\\/\"]}]},{\"@type\":\"ImageObject\",\"inLanguage\":\"pt-BR\",\"@id\":\"https:\\\/\\\/www.cidademarketing.com.br\\\/marketing\\\/2020\\\/12\\\/25\\\/maior-complexo-gastronomico-de-estradas-do-pais-a-ecoparada-madero-e-inaugurada-em-sp\\\/#primaryimage\",\"url\":\"https:\\\/\\\/www.cidademarketing.com.br\\\/marketing\\\/wp-content\\\/uploads\\\/2020\\\/12\\\/Madero-GRILL-SALAD-LENTRECOTE.jpg\",\"contentUrl\":\"https:\\\/\\\/www.cidademarketing.com.br\\\/marketing\\\/wp-content\\\/uploads\\\/2020\\\/12\\\/Madero-GRILL-SALAD-LENTRECOTE.jpg\",\"width\":1600,\"height\":2022,\"caption\":\"Divulga\u00e7\u00e3o\"},{\"@type\":\"BreadcrumbList\",\"@id\":\"https:\\\/\\\/www.cidademarketing.com.br\\\/marketing\\\/2020\\\/12\\\/25\\\/maior-complexo-gastronomico-de-estradas-do-pais-a-ecoparada-madero-e-inaugurada-em-sp\\\/#breadcrumb\",\"itemListElement\":[{\"@type\":\"ListItem\",\"position\":1,\"name\":\"In\u00edcio\",\"item\":\"https:\\\/\\\/www.cidademarketing.com.br\\\/marketing\\\/\"},{\"@type\":\"ListItem\",\"position\":2,\"name\":\"Maior complexo gastron\u00f4mico de estradas do pa\u00eds, a Ecoparada Madero, \u00e9 inaugurada em SP\"}]},{\"@type\":\"WebSite\",\"@id\":\"https:\\\/\\\/www.cidademarketing.com.br\\\/marketing\\\/#website\",\"url\":\"https:\\\/\\\/www.cidademarketing.com.br\\\/marketing\\\/\",\"name\":\"CidadeMarketing\",\"description\":\"Somos um ve\u00edculo de comunica\u00e7\u00e3o de destaque no Brasil, reconhecido por conte\u00fados nos segmentos de marketing, empreendedorismo e inova\u00e7\u00e3o.\",\"publisher\":{\"@id\":\"https:\\\/\\\/www.cidademarketing.com.br\\\/marketing\\\/#organization\"},\"alternateName\":\"CidadeMarketing\",\"potentialAction\":[{\"@type\":\"SearchAction\",\"target\":{\"@type\":\"EntryPoint\",\"urlTemplate\":\"https:\\\/\\\/www.cidademarketing.com.br\\\/marketing\\\/?s={search_term_string}\"},\"query-input\":{\"@type\":\"PropertyValueSpecification\",\"valueRequired\":true,\"valueName\":\"search_term_string\"}}],\"inLanguage\":\"pt-BR\"},{\"@type\":\"Organization\",\"@id\":\"https:\\\/\\\/www.cidademarketing.com.br\\\/marketing\\\/#organization\",\"name\":\"CidadeMarketing\",\"alternateName\":\"CidadeMarketing\",\"url\":\"https:\\\/\\\/www.cidademarketing.com.br\\\/marketing\\\/\",\"logo\":{\"@type\":\"ImageObject\",\"inLanguage\":\"pt-BR\",\"@id\":\"https:\\\/\\\/www.cidademarketing.com.br\\\/marketing\\\/#\\\/schema\\\/logo\\\/image\\\/\",\"url\":\"https:\\\/\\\/www.cidademarketing.com.br\\\/marketing\\\/wp-content\\\/uploads\\\/2020\\\/01\\\/cidademarketing_marca_mobile.png\",\"contentUrl\":\"https:\\\/\\\/www.cidademarketing.com.br\\\/marketing\\\/wp-content\\\/uploads\\\/2020\\\/01\\\/cidademarketing_marca_mobile.png\",\"width\":230,\"height\":92,\"caption\":\"CidadeMarketing\"},\"image\":{\"@id\":\"https:\\\/\\\/www.cidademarketing.com.br\\\/marketing\\\/#\\\/schema\\\/logo\\\/image\\\/\"},\"sameAs\":[\"https:\\\/\\\/www.facebook.com\\\/portalcidademarketing\",\"https:\\\/\\\/x.com\\\/CidadeMarketing\",\"https:\\\/\\\/www.instagram.com\\\/cidademarketing\\\/\"]},{\"@type\":\"Person\",\"@id\":\"https:\\\/\\\/www.cidademarketing.com.br\\\/marketing\\\/#\\\/schema\\\/person\\\/02daff9f18bd9378c9e01eb6b2db155f\",\"name\":\"Thales Brand\u00e3o\",\"image\":{\"@type\":\"ImageObject\",\"inLanguage\":\"pt-BR\",\"@id\":\"https:\\\/\\\/secure.gravatar.com\\\/avatar\\\/7ca3206950207cc3cb48feec56a8a7898741ab725c368d99d5d7a5a50aab80c6?s=96&d=mm&r=g\",\"url\":\"https:\\\/\\\/secure.gravatar.com\\\/avatar\\\/7ca3206950207cc3cb48feec56a8a7898741ab725c368d99d5d7a5a50aab80c6?s=96&d=mm&r=g\",\"contentUrl\":\"https:\\\/\\\/secure.gravatar.com\\\/avatar\\\/7ca3206950207cc3cb48feec56a8a7898741ab725c368d99d5d7a5a50aab80c6?s=96&d=mm&r=g\",\"caption\":\"Thales Brand\u00e3o\"},\"description\":\"Editor Executivo do Portal CidadeMarketing.com.br &gt; Mestre em Comunica\u00e7\u00e3o e Sociedade pela Universidade Federal de Sergipe. Possui MBA Executivo em Administra\u00e7\u00e3o com \u00eanfase em Marketing pela Funda\u00e7\u00e3o Get\u00falio Vargas - Rio de Janeiro. Consultor, Palestrante e Pesquisador sobre Empreendedorismo, Marketing, Redes Sociais e Neg\u00f3cios Digitais. Professor, Palestrante TedxTalks e Campus Party. Twitter: @ThalesBrandao\",\"sameAs\":[\"http:\\\/\\\/www.mandacaru.com.br\",\"https:\\\/\\\/www.facebook.com\\\/thalesbrandao\",\"http:\\\/\\\/www.instagram.com.br\\\/thalesbrandaoferreira\",\"https:\\\/\\\/www.linkedin.com\\\/in\\\/thales-brand\u00e3o-3948609\\\/\",\"https:\\\/\\\/x.com\\\/http:\\\/\\\/www.twitter.com\\\/thalesbrandao\"],\"url\":\"https:\\\/\\\/www.cidademarketing.com.br\\\/marketing\\\/author\\\/thalesbrandao\\\/\"}]}<\/script>\n<!-- \/ Yoast SEO plugin. -->","yoast_head_json":{"title":"Maior complexo gastron\u00f4mico de estradas do pa\u00eds, a Ecoparada Madero, \u00e9 inaugurada em SP - CidadeMarketing","robots":{"index":"index","follow":"follow","max-snippet":"max-snippet:-1","max-image-preview":"max-image-preview:large","max-video-preview":"max-video-preview:-1"},"canonical":"https:\/\/www.cidademarketing.com.br\/marketing\/2020\/12\/25\/maior-complexo-gastronomico-de-estradas-do-pais-a-ecoparada-madero-e-inaugurada-em-sp\/","og_locale":"pt_BR","og_type":"article","og_title":"Maior complexo gastron\u00f4mico de estradas do pa\u00eds, a Ecoparada Madero, \u00e9 inaugurada em SP - CidadeMarketing","og_description":"A Ecoparada Madero, o maior conglomerado gastron\u00f4mico em rodovias do pa\u00eds, abriu as portas para o p\u00fablico pela primeira vez, no s\u00e1bado (19\/12), na v\u00e9spera da semana de Natal, com seis restaurantes do Grupo Madero, sendo tr\u00eas deles novas opera\u00e7\u00f5es, com diversidade para atender as prefer\u00eancias do p\u00fablico. Al\u00e9m disso, h\u00e1 tamb\u00e9m o novo Emp\u00f3rio [&hellip;]","og_url":"https:\/\/www.cidademarketing.com.br\/marketing\/2020\/12\/25\/maior-complexo-gastronomico-de-estradas-do-pais-a-ecoparada-madero-e-inaugurada-em-sp\/","og_site_name":"CidadeMarketing","article_publisher":"https:\/\/www.facebook.com\/portalcidademarketing","article_author":"https:\/\/www.facebook.com\/thalesbrandao","article_published_time":"2020-12-25T14:49:15+00:00","article_modified_time":"2020-12-25T19:21:39+00:00","og_image":[{"width":1600,"height":2022,"url":"https:\/\/www.cidademarketing.com.br\/marketing\/wp-content\/uploads\/2020\/12\/Madero-GRILL-SALAD-LENTRECOTE.jpg","type":"image\/jpeg"}],"author":"Thales Brand\u00e3o","twitter_card":"summary_large_image","twitter_creator":"@http:\/\/www.twitter.com\/thalesbrandao","twitter_site":"@CidadeMarketing","twitter_misc":{"Escrito por":"Thales Brand\u00e3o","Est. tempo de leitura":"5 minutos"},"schema":{"@context":"https:\/\/schema.org","@graph":[{"@type":"Article","@id":"https:\/\/www.cidademarketing.com.br\/marketing\/2020\/12\/25\/maior-complexo-gastronomico-de-estradas-do-pais-a-ecoparada-madero-e-inaugurada-em-sp\/#article","isPartOf":{"@id":"https:\/\/www.cidademarketing.com.br\/marketing\/2020\/12\/25\/maior-complexo-gastronomico-de-estradas-do-pais-a-ecoparada-madero-e-inaugurada-em-sp\/"},"author":{"name":"Thales Brand\u00e3o","@id":"https:\/\/www.cidademarketing.com.br\/marketing\/#\/schema\/person\/02daff9f18bd9378c9e01eb6b2db155f"},"headline":"Maior complexo gastron\u00f4mico de estradas do pa\u00eds, a Ecoparada Madero, \u00e9 inaugurada em SP","datePublished":"2020-12-25T14:49:15+00:00","dateModified":"2020-12-25T19:21:39+00:00","mainEntityOfPage":{"@id":"https:\/\/www.cidademarketing.com.br\/marketing\/2020\/12\/25\/maior-complexo-gastronomico-de-estradas-do-pais-a-ecoparada-madero-e-inaugurada-em-sp\/"},"wordCount":1082,"commentCount":0,"publisher":{"@id":"https:\/\/www.cidademarketing.com.br\/marketing\/#organization"},"image":{"@id":"https:\/\/www.cidademarketing.com.br\/marketing\/2020\/12\/25\/maior-complexo-gastronomico-de-estradas-do-pais-a-ecoparada-madero-e-inaugurada-em-sp\/#primaryimage"},"thumbnailUrl":"https:\/\/www.cidademarketing.com.br\/marketing\/wp-content\/uploads\/2020\/12\/Madero-GRILL-SALAD-LENTRECOTE.jpg","keywords":["gastronomia","Madero","marketing","SP"],"articleSection":["Not\u00edcias"],"inLanguage":"pt-BR","potentialAction":[{"@type":"CommentAction","name":"Comment","target":["https:\/\/www.cidademarketing.com.br\/marketing\/2020\/12\/25\/maior-complexo-gastronomico-de-estradas-do-pais-a-ecoparada-madero-e-inaugurada-em-sp\/#respond"]}]},{"@type":"WebPage","@id":"https:\/\/www.cidademarketing.com.br\/marketing\/2020\/12\/25\/maior-complexo-gastronomico-de-estradas-do-pais-a-ecoparada-madero-e-inaugurada-em-sp\/","url":"https:\/\/www.cidademarketing.com.br\/marketing\/2020\/12\/25\/maior-complexo-gastronomico-de-estradas-do-pais-a-ecoparada-madero-e-inaugurada-em-sp\/","name":"Maior complexo gastron\u00f4mico de estradas do pa\u00eds, a Ecoparada Madero, \u00e9 inaugurada em SP - CidadeMarketing","isPartOf":{"@id":"https:\/\/www.cidademarketing.com.br\/marketing\/#website"},"primaryImageOfPage":{"@id":"https:\/\/www.cidademarketing.com.br\/marketing\/2020\/12\/25\/maior-complexo-gastronomico-de-estradas-do-pais-a-ecoparada-madero-e-inaugurada-em-sp\/#primaryimage"},"image":{"@id":"https:\/\/www.cidademarketing.com.br\/marketing\/2020\/12\/25\/maior-complexo-gastronomico-de-estradas-do-pais-a-ecoparada-madero-e-inaugurada-em-sp\/#primaryimage"},"thumbnailUrl":"https:\/\/www.cidademarketing.com.br\/marketing\/wp-content\/uploads\/2020\/12\/Madero-GRILL-SALAD-LENTRECOTE.jpg","datePublished":"2020-12-25T14:49:15+00:00","dateModified":"2020-12-25T19:21:39+00:00","breadcrumb":{"@id":"https:\/\/www.cidademarketing.com.br\/marketing\/2020\/12\/25\/maior-complexo-gastronomico-de-estradas-do-pais-a-ecoparada-madero-e-inaugurada-em-sp\/#breadcrumb"},"inLanguage":"pt-BR","potentialAction":[{"@type":"ReadAction","target":["https:\/\/www.cidademarketing.com.br\/marketing\/2020\/12\/25\/maior-complexo-gastronomico-de-estradas-do-pais-a-ecoparada-madero-e-inaugurada-em-sp\/"]}]},{"@type":"ImageObject","inLanguage":"pt-BR","@id":"https:\/\/www.cidademarketing.com.br\/marketing\/2020\/12\/25\/maior-complexo-gastronomico-de-estradas-do-pais-a-ecoparada-madero-e-inaugurada-em-sp\/#primaryimage","url":"https:\/\/www.cidademarketing.com.br\/marketing\/wp-content\/uploads\/2020\/12\/Madero-GRILL-SALAD-LENTRECOTE.jpg","contentUrl":"https:\/\/www.cidademarketing.com.br\/marketing\/wp-content\/uploads\/2020\/12\/Madero-GRILL-SALAD-LENTRECOTE.jpg","width":1600,"height":2022,"caption":"Divulga\u00e7\u00e3o"},{"@type":"BreadcrumbList","@id":"https:\/\/www.cidademarketing.com.br\/marketing\/2020\/12\/25\/maior-complexo-gastronomico-de-estradas-do-pais-a-ecoparada-madero-e-inaugurada-em-sp\/#breadcrumb","itemListElement":[{"@type":"ListItem","position":1,"name":"In\u00edcio","item":"https:\/\/www.cidademarketing.com.br\/marketing\/"},{"@type":"ListItem","position":2,"name":"Maior complexo gastron\u00f4mico de estradas do pa\u00eds, a Ecoparada Madero, \u00e9 inaugurada em SP"}]},{"@type":"WebSite","@id":"https:\/\/www.cidademarketing.com.br\/marketing\/#website","url":"https:\/\/www.cidademarketing.com.br\/marketing\/","name":"CidadeMarketing","description":"Somos um ve\u00edculo de comunica\u00e7\u00e3o de destaque no Brasil, reconhecido por conte\u00fados nos segmentos de marketing, empreendedorismo e inova\u00e7\u00e3o.","publisher":{"@id":"https:\/\/www.cidademarketing.com.br\/marketing\/#organization"},"alternateName":"CidadeMarketing","potentialAction":[{"@type":"SearchAction","target":{"@type":"EntryPoint","urlTemplate":"https:\/\/www.cidademarketing.com.br\/marketing\/?s={search_term_string}"},"query-input":{"@type":"PropertyValueSpecification","valueRequired":true,"valueName":"search_term_string"}}],"inLanguage":"pt-BR"},{"@type":"Organization","@id":"https:\/\/www.cidademarketing.com.br\/marketing\/#organization","name":"CidadeMarketing","alternateName":"CidadeMarketing","url":"https:\/\/www.cidademarketing.com.br\/marketing\/","logo":{"@type":"ImageObject","inLanguage":"pt-BR","@id":"https:\/\/www.cidademarketing.com.br\/marketing\/#\/schema\/logo\/image\/","url":"https:\/\/www.cidademarketing.com.br\/marketing\/wp-content\/uploads\/2020\/01\/cidademarketing_marca_mobile.png","contentUrl":"https:\/\/www.cidademarketing.com.br\/marketing\/wp-content\/uploads\/2020\/01\/cidademarketing_marca_mobile.png","width":230,"height":92,"caption":"CidadeMarketing"},"image":{"@id":"https:\/\/www.cidademarketing.com.br\/marketing\/#\/schema\/logo\/image\/"},"sameAs":["https:\/\/www.facebook.com\/portalcidademarketing","https:\/\/x.com\/CidadeMarketing","https:\/\/www.instagram.com\/cidademarketing\/"]},{"@type":"Person","@id":"https:\/\/www.cidademarketing.com.br\/marketing\/#\/schema\/person\/02daff9f18bd9378c9e01eb6b2db155f","name":"Thales Brand\u00e3o","image":{"@type":"ImageObject","inLanguage":"pt-BR","@id":"https:\/\/secure.gravatar.com\/avatar\/7ca3206950207cc3cb48feec56a8a7898741ab725c368d99d5d7a5a50aab80c6?s=96&d=mm&r=g","url":"https:\/\/secure.gravatar.com\/avatar\/7ca3206950207cc3cb48feec56a8a7898741ab725c368d99d5d7a5a50aab80c6?s=96&d=mm&r=g","contentUrl":"https:\/\/secure.gravatar.com\/avatar\/7ca3206950207cc3cb48feec56a8a7898741ab725c368d99d5d7a5a50aab80c6?s=96&d=mm&r=g","caption":"Thales Brand\u00e3o"},"description":"Editor Executivo do Portal CidadeMarketing.com.br &gt; Mestre em Comunica\u00e7\u00e3o e Sociedade pela Universidade Federal de Sergipe. Possui MBA Executivo em Administra\u00e7\u00e3o com \u00eanfase em Marketing pela Funda\u00e7\u00e3o Get\u00falio Vargas - Rio de Janeiro. Consultor, Palestrante e Pesquisador sobre Empreendedorismo, Marketing, Redes Sociais e Neg\u00f3cios Digitais. Professor, Palestrante TedxTalks e Campus Party. Twitter: @ThalesBrandao","sameAs":["http:\/\/www.mandacaru.com.br","https:\/\/www.facebook.com\/thalesbrandao","http:\/\/www.instagram.com.br\/thalesbrandaoferreira","https:\/\/www.linkedin.com\/in\/thales-brand\u00e3o-3948609\/","https:\/\/x.com\/http:\/\/www.twitter.com\/thalesbrandao"],"url":"https:\/\/www.cidademarketing.com.br\/marketing\/author\/thalesbrandao\/"}]}},"amp_enabled":true,"_links":{"self":[{"href":"https:\/\/www.cidademarketing.com.br\/marketing\/wp-json\/wp\/v2\/posts\/21390","targetHints":{"allow":["GET"]}}],"collection":[{"href":"https:\/\/www.cidademarketing.com.br\/marketing\/wp-json\/wp\/v2\/posts"}],"about":[{"href":"https:\/\/www.cidademarketing.com.br\/marketing\/wp-json\/wp\/v2\/types\/post"}],"author":[{"embeddable":true,"href":"https:\/\/www.cidademarketing.com.br\/marketing\/wp-json\/wp\/v2\/users\/1"}],"replies":[{"embeddable":true,"href":"https:\/\/www.cidademarketing.com.br\/marketing\/wp-json\/wp\/v2\/comments?post=21390"}],"version-history":[{"count":2,"href":"https:\/\/www.cidademarketing.com.br\/marketing\/wp-json\/wp\/v2\/posts\/21390\/revisions"}],"predecessor-version":[{"id":21398,"href":"https:\/\/www.cidademarketing.com.br\/marketing\/wp-json\/wp\/v2\/posts\/21390\/revisions\/21398"}],"wp:featuredmedia":[{"embeddable":true,"href":"https:\/\/www.cidademarketing.com.br\/marketing\/wp-json\/wp\/v2\/media\/21393"}],"wp:attachment":[{"href":"https:\/\/www.cidademarketing.com.br\/marketing\/wp-json\/wp\/v2\/media?parent=21390"}],"wp:term":[{"taxonomy":"category","embeddable":true,"href":"https:\/\/www.cidademarketing.com.br\/marketing\/wp-json\/wp\/v2\/categories?post=21390"},{"taxonomy":"post_tag","embeddable":true,"href":"https:\/\/www.cidademarketing.com.br\/marketing\/wp-json\/wp\/v2\/tags?post=21390"}],"curies":[{"name":"wp","href":"https:\/\/api.w.org\/{rel}","templated":true}]}}