{"id":21388,"date":"2020-12-25T11:40:17","date_gmt":"2020-12-25T14:40:17","guid":{"rendered":"https:\/\/www.cidademarketing.com.br\/marketing\/?p=21388"},"modified":"2020-12-25T11:40:19","modified_gmt":"2020-12-25T14:40:19","slug":"lojistas-de-porto-alegre-indicam-queda-de-25-nas-vendas-de-natal","status":"publish","type":"post","link":"https:\/\/www.cidademarketing.com.br\/marketing\/2020\/12\/25\/lojistas-de-porto-alegre-indicam-queda-de-25-nas-vendas-de-natal\/","title":{"rendered":"Lojistas de Porto Alegre indicam queda de 25% nas vendas de Natal"},"content":{"rendered":"\n<p>A crise ocasionada pela pandemia de coronav\u00edrus refletiu com for\u00e7a nas vendas de Natal, conforme os lojistas da capital ga\u00facha. <strong>Para 73% deles<\/strong>, de acordo com sondagem realizada na manh\u00e3 desta quinta-feira, 24, pelo N\u00facleo de Pesquisa do Sindilojas Porto Alegre, <strong>houve queda<\/strong>, <strong>em m\u00e9dia de 25%<\/strong> em compara\u00e7\u00e3o ao mesmo per\u00edodo de 2019. O <strong>ticket m\u00e9dio<\/strong>, no entanto, ficou alto, em <strong>R$ 311<\/strong>, segundo os comerciantes.<br><br>Em rela\u00e7\u00e3o \u00e0 <strong>forma de pagamento<\/strong>, a maioria dos porto-alegrenses havia mencionado a inten\u00e7\u00e3o de pagar \u00e0 vista, em dinheiro ou no d\u00e9bito, em pesquisa realizada pela Entidade com os consumidores, sobre inten\u00e7\u00e3o de compra. J\u00e1 conforme os lojistas, <strong>70% das compras foram feitas parceladas no cart\u00e3o ou credi\u00e1rio da loja<\/strong>. As compras \u00e0 vista representam 30%.<br><br>Ainda de acordo com a apura\u00e7\u00e3o, o pagamento no <strong>cart\u00e3o de cr\u00e9dito<\/strong> em parcelas ocorreu na maior parte das vendas realizadas pelos <strong>canais online<\/strong>, em <strong>58,6%<\/strong> dos casos. O <strong>link de pagamento<\/strong>, formato que teve grande ascens\u00e3o este ano e que tamb\u00e9m permite escolher o n\u00famero de parcelas, foi o formato utilizado para <strong>13,8%<\/strong> das compras. As vendas <strong>\u00e0 vista<\/strong> representam <strong>27,6% <\/strong>do total.<br><br>A respeito dos canais de venda, os varejistas indicaram que mesmo com o crescimento do uso das plataformas digitais este ano, as <strong>lojas f\u00edsicas <\/strong>seguem sendo a principal escolha dos clientes, com <strong>58,6% dos resultados<\/strong>. Para <strong>38,6%<\/strong> o consumo ocorreu em <strong>ambos os formatos<\/strong>, e para <strong>2,9%<\/strong> apenas pela <strong>internet<\/strong>. Para estes \u00faltimos, o <strong>WhatsApp<\/strong> foi o canal mais utilizado, com <strong>65,5%<\/strong> dos atendimentos, seguido do <strong>site da loja<\/strong>, com <strong>34,5%<\/strong> do fluxo de compras.<br><br>A pesquisa revelou, tamb\u00e9m, que <strong>41,4% dos lojistas fizeram promo\u00e7\u00f5es<\/strong> de produtos para este Natal e que o maior movimento \u00e0 procura dos presentes no com\u00e9rcio est\u00e1 sendo esta semana. No segmento de vestu\u00e1rio, as <strong>blusas e os vestidos<\/strong> foram os itens mais vendidos. No de cal\u00e7ados, <strong>chinelos e rasteirinhas<\/strong>. <strong>Smartphones e TVs<\/strong> foram os produtos mais comprados nas lojas de eletrodom\u00e9sticos e eletroeletr\u00f4nicos. No ramo de material de constru\u00e7\u00e3o, <strong>artigos de pintura, torneiras e mangueiras<\/strong> lideraram a lista, e no de cosm\u00e9ticos, <strong>sabonetes e cremes hidratantes<\/strong>.\u00a0<br><br><br><\/p>\n","protected":false},"excerpt":{"rendered":"<p>A crise ocasionada pela pandemia de coronav\u00edrus refletiu com for\u00e7a nas vendas de Natal, conforme os lojistas da capital ga\u00facha. Para 73% deles, de acordo com sondagem realizada na manh\u00e3 desta quinta-feira, 24, pelo N\u00facleo de Pesquisa do Sindilojas Porto Alegre, houve queda, em m\u00e9dia de 25% em compara\u00e7\u00e3o ao mesmo per\u00edodo de 2019. O [&hellip;]<\/p>\n","protected":false},"author":1,"featured_media":13087,"comment_status":"open","ping_status":"open","sticky":false,"template":"","format":"standard","meta":{"tdm_status":"","tdm_grid_status":"","footnotes":""},"categories":[6],"tags":[33,28,669],"class_list":["post-21388","post","type-post","status-publish","format-standard","has-post-thumbnail","hentry","category-noticias","tag-estrategia","tag-marketing","tag-natal"],"yoast_head":"<!-- This site is optimized with the Yoast SEO plugin v27.4 - https:\/\/yoast.com\/product\/yoast-seo-wordpress\/ -->\n<title>Lojistas de Porto Alegre indicam queda de 25% nas vendas de Natal - CidadeMarketing<\/title>\n<meta name=\"robots\" content=\"index, follow, max-snippet:-1, max-image-preview:large, max-video-preview:-1\" \/>\n<link rel=\"canonical\" href=\"https:\/\/www.cidademarketing.com.br\/marketing\/2020\/12\/25\/lojistas-de-porto-alegre-indicam-queda-de-25-nas-vendas-de-natal\/\" \/>\n<meta property=\"og:locale\" content=\"pt_BR\" \/>\n<meta property=\"og:type\" content=\"article\" \/>\n<meta property=\"og:title\" content=\"Lojistas de Porto Alegre indicam queda de 25% nas vendas de Natal - CidadeMarketing\" \/>\n<meta property=\"og:description\" content=\"A crise ocasionada pela pandemia de coronav\u00edrus refletiu com for\u00e7a nas vendas de Natal, conforme os lojistas da capital ga\u00facha. Para 73% deles, de acordo com sondagem realizada na manh\u00e3 desta quinta-feira, 24, pelo N\u00facleo de Pesquisa do Sindilojas Porto Alegre, houve queda, em m\u00e9dia de 25% em compara\u00e7\u00e3o ao mesmo per\u00edodo de 2019. O [&hellip;]\" \/>\n<meta property=\"og:url\" content=\"https:\/\/www.cidademarketing.com.br\/marketing\/2020\/12\/25\/lojistas-de-porto-alegre-indicam-queda-de-25-nas-vendas-de-natal\/\" \/>\n<meta property=\"og:site_name\" content=\"CidadeMarketing\" \/>\n<meta property=\"article:publisher\" content=\"https:\/\/www.facebook.com\/portalcidademarketing\" \/>\n<meta property=\"article:author\" content=\"https:\/\/www.facebook.com\/thalesbrandao\" \/>\n<meta property=\"article:published_time\" content=\"2020-12-25T14:40:17+00:00\" \/>\n<meta property=\"article:modified_time\" content=\"2020-12-25T14:40:19+00:00\" \/>\n<meta property=\"og:image\" content=\"https:\/\/www.cidademarketing.com.br\/marketing\/wp-content\/uploads\/2019\/12\/presente_natal.jpg\" \/>\n\t<meta property=\"og:image:width\" content=\"500\" \/>\n\t<meta property=\"og:image:height\" content=\"500\" \/>\n\t<meta property=\"og:image:type\" content=\"image\/jpeg\" \/>\n<meta name=\"author\" content=\"Thales Brand\u00e3o\" \/>\n<meta name=\"twitter:card\" content=\"summary_large_image\" \/>\n<meta name=\"twitter:creator\" content=\"@http:\/\/www.twitter.com\/thalesbrandao\" \/>\n<meta name=\"twitter:site\" content=\"@CidadeMarketing\" \/>\n<meta name=\"twitter:label1\" content=\"Escrito por\" \/>\n\t<meta name=\"twitter:data1\" content=\"Thales Brand\u00e3o\" \/>\n\t<meta name=\"twitter:label2\" content=\"Est. tempo de leitura\" \/>\n\t<meta name=\"twitter:data2\" content=\"2 minutos\" \/>\n<script type=\"application\/ld+json\" class=\"yoast-schema-graph\">{\"@context\":\"https:\\\/\\\/schema.org\",\"@graph\":[{\"@type\":\"Article\",\"@id\":\"https:\\\/\\\/www.cidademarketing.com.br\\\/marketing\\\/2020\\\/12\\\/25\\\/lojistas-de-porto-alegre-indicam-queda-de-25-nas-vendas-de-natal\\\/#article\",\"isPartOf\":{\"@id\":\"https:\\\/\\\/www.cidademarketing.com.br\\\/marketing\\\/2020\\\/12\\\/25\\\/lojistas-de-porto-alegre-indicam-queda-de-25-nas-vendas-de-natal\\\/\"},\"author\":{\"name\":\"Thales Brand\u00e3o\",\"@id\":\"https:\\\/\\\/www.cidademarketing.com.br\\\/marketing\\\/#\\\/schema\\\/person\\\/02daff9f18bd9378c9e01eb6b2db155f\"},\"headline\":\"Lojistas de Porto Alegre indicam queda de 25% nas vendas de Natal\",\"datePublished\":\"2020-12-25T14:40:17+00:00\",\"dateModified\":\"2020-12-25T14:40:19+00:00\",\"mainEntityOfPage\":{\"@id\":\"https:\\\/\\\/www.cidademarketing.com.br\\\/marketing\\\/2020\\\/12\\\/25\\\/lojistas-de-porto-alegre-indicam-queda-de-25-nas-vendas-de-natal\\\/\"},\"wordCount\":370,\"commentCount\":0,\"publisher\":{\"@id\":\"https:\\\/\\\/www.cidademarketing.com.br\\\/marketing\\\/#organization\"},\"image\":{\"@id\":\"https:\\\/\\\/www.cidademarketing.com.br\\\/marketing\\\/2020\\\/12\\\/25\\\/lojistas-de-porto-alegre-indicam-queda-de-25-nas-vendas-de-natal\\\/#primaryimage\"},\"thumbnailUrl\":\"https:\\\/\\\/www.cidademarketing.com.br\\\/marketing\\\/wp-content\\\/uploads\\\/2019\\\/12\\\/presente_natal.jpg\",\"keywords\":[\"estrat\u00e9gia\",\"marketing\",\"Natal\"],\"articleSection\":[\"Not\u00edcias\"],\"inLanguage\":\"pt-BR\",\"potentialAction\":[{\"@type\":\"CommentAction\",\"name\":\"Comment\",\"target\":[\"https:\\\/\\\/www.cidademarketing.com.br\\\/marketing\\\/2020\\\/12\\\/25\\\/lojistas-de-porto-alegre-indicam-queda-de-25-nas-vendas-de-natal\\\/#respond\"]}]},{\"@type\":\"WebPage\",\"@id\":\"https:\\\/\\\/www.cidademarketing.com.br\\\/marketing\\\/2020\\\/12\\\/25\\\/lojistas-de-porto-alegre-indicam-queda-de-25-nas-vendas-de-natal\\\/\",\"url\":\"https:\\\/\\\/www.cidademarketing.com.br\\\/marketing\\\/2020\\\/12\\\/25\\\/lojistas-de-porto-alegre-indicam-queda-de-25-nas-vendas-de-natal\\\/\",\"name\":\"Lojistas de Porto Alegre indicam queda de 25% nas vendas de Natal - CidadeMarketing\",\"isPartOf\":{\"@id\":\"https:\\\/\\\/www.cidademarketing.com.br\\\/marketing\\\/#website\"},\"primaryImageOfPage\":{\"@id\":\"https:\\\/\\\/www.cidademarketing.com.br\\\/marketing\\\/2020\\\/12\\\/25\\\/lojistas-de-porto-alegre-indicam-queda-de-25-nas-vendas-de-natal\\\/#primaryimage\"},\"image\":{\"@id\":\"https:\\\/\\\/www.cidademarketing.com.br\\\/marketing\\\/2020\\\/12\\\/25\\\/lojistas-de-porto-alegre-indicam-queda-de-25-nas-vendas-de-natal\\\/#primaryimage\"},\"thumbnailUrl\":\"https:\\\/\\\/www.cidademarketing.com.br\\\/marketing\\\/wp-content\\\/uploads\\\/2019\\\/12\\\/presente_natal.jpg\",\"datePublished\":\"2020-12-25T14:40:17+00:00\",\"dateModified\":\"2020-12-25T14:40:19+00:00\",\"breadcrumb\":{\"@id\":\"https:\\\/\\\/www.cidademarketing.com.br\\\/marketing\\\/2020\\\/12\\\/25\\\/lojistas-de-porto-alegre-indicam-queda-de-25-nas-vendas-de-natal\\\/#breadcrumb\"},\"inLanguage\":\"pt-BR\",\"potentialAction\":[{\"@type\":\"ReadAction\",\"target\":[\"https:\\\/\\\/www.cidademarketing.com.br\\\/marketing\\\/2020\\\/12\\\/25\\\/lojistas-de-porto-alegre-indicam-queda-de-25-nas-vendas-de-natal\\\/\"]}]},{\"@type\":\"ImageObject\",\"inLanguage\":\"pt-BR\",\"@id\":\"https:\\\/\\\/www.cidademarketing.com.br\\\/marketing\\\/2020\\\/12\\\/25\\\/lojistas-de-porto-alegre-indicam-queda-de-25-nas-vendas-de-natal\\\/#primaryimage\",\"url\":\"https:\\\/\\\/www.cidademarketing.com.br\\\/marketing\\\/wp-content\\\/uploads\\\/2019\\\/12\\\/presente_natal.jpg\",\"contentUrl\":\"https:\\\/\\\/www.cidademarketing.com.br\\\/marketing\\\/wp-content\\\/uploads\\\/2019\\\/12\\\/presente_natal.jpg\",\"width\":500,\"height\":500},{\"@type\":\"BreadcrumbList\",\"@id\":\"https:\\\/\\\/www.cidademarketing.com.br\\\/marketing\\\/2020\\\/12\\\/25\\\/lojistas-de-porto-alegre-indicam-queda-de-25-nas-vendas-de-natal\\\/#breadcrumb\",\"itemListElement\":[{\"@type\":\"ListItem\",\"position\":1,\"name\":\"In\u00edcio\",\"item\":\"https:\\\/\\\/www.cidademarketing.com.br\\\/marketing\\\/\"},{\"@type\":\"ListItem\",\"position\":2,\"name\":\"Lojistas de Porto Alegre indicam queda de 25% nas vendas de Natal\"}]},{\"@type\":\"WebSite\",\"@id\":\"https:\\\/\\\/www.cidademarketing.com.br\\\/marketing\\\/#website\",\"url\":\"https:\\\/\\\/www.cidademarketing.com.br\\\/marketing\\\/\",\"name\":\"CidadeMarketing\",\"description\":\"Somos um ve\u00edculo de comunica\u00e7\u00e3o de destaque no Brasil, reconhecido por conte\u00fados nos segmentos de marketing, empreendedorismo e inova\u00e7\u00e3o.\",\"publisher\":{\"@id\":\"https:\\\/\\\/www.cidademarketing.com.br\\\/marketing\\\/#organization\"},\"alternateName\":\"CidadeMarketing\",\"potentialAction\":[{\"@type\":\"SearchAction\",\"target\":{\"@type\":\"EntryPoint\",\"urlTemplate\":\"https:\\\/\\\/www.cidademarketing.com.br\\\/marketing\\\/?s={search_term_string}\"},\"query-input\":{\"@type\":\"PropertyValueSpecification\",\"valueRequired\":true,\"valueName\":\"search_term_string\"}}],\"inLanguage\":\"pt-BR\"},{\"@type\":\"Organization\",\"@id\":\"https:\\\/\\\/www.cidademarketing.com.br\\\/marketing\\\/#organization\",\"name\":\"CidadeMarketing\",\"alternateName\":\"CidadeMarketing\",\"url\":\"https:\\\/\\\/www.cidademarketing.com.br\\\/marketing\\\/\",\"logo\":{\"@type\":\"ImageObject\",\"inLanguage\":\"pt-BR\",\"@id\":\"https:\\\/\\\/www.cidademarketing.com.br\\\/marketing\\\/#\\\/schema\\\/logo\\\/image\\\/\",\"url\":\"https:\\\/\\\/www.cidademarketing.com.br\\\/marketing\\\/wp-content\\\/uploads\\\/2020\\\/01\\\/cidademarketing_marca_mobile.png\",\"contentUrl\":\"https:\\\/\\\/www.cidademarketing.com.br\\\/marketing\\\/wp-content\\\/uploads\\\/2020\\\/01\\\/cidademarketing_marca_mobile.png\",\"width\":230,\"height\":92,\"caption\":\"CidadeMarketing\"},\"image\":{\"@id\":\"https:\\\/\\\/www.cidademarketing.com.br\\\/marketing\\\/#\\\/schema\\\/logo\\\/image\\\/\"},\"sameAs\":[\"https:\\\/\\\/www.facebook.com\\\/portalcidademarketing\",\"https:\\\/\\\/x.com\\\/CidadeMarketing\",\"https:\\\/\\\/www.instagram.com\\\/cidademarketing\\\/\"]},{\"@type\":\"Person\",\"@id\":\"https:\\\/\\\/www.cidademarketing.com.br\\\/marketing\\\/#\\\/schema\\\/person\\\/02daff9f18bd9378c9e01eb6b2db155f\",\"name\":\"Thales Brand\u00e3o\",\"image\":{\"@type\":\"ImageObject\",\"inLanguage\":\"pt-BR\",\"@id\":\"https:\\\/\\\/secure.gravatar.com\\\/avatar\\\/7ca3206950207cc3cb48feec56a8a7898741ab725c368d99d5d7a5a50aab80c6?s=96&d=mm&r=g\",\"url\":\"https:\\\/\\\/secure.gravatar.com\\\/avatar\\\/7ca3206950207cc3cb48feec56a8a7898741ab725c368d99d5d7a5a50aab80c6?s=96&d=mm&r=g\",\"contentUrl\":\"https:\\\/\\\/secure.gravatar.com\\\/avatar\\\/7ca3206950207cc3cb48feec56a8a7898741ab725c368d99d5d7a5a50aab80c6?s=96&d=mm&r=g\",\"caption\":\"Thales Brand\u00e3o\"},\"description\":\"Editor Executivo do Portal CidadeMarketing.com.br &gt; Mestre em Comunica\u00e7\u00e3o e Sociedade pela Universidade Federal de Sergipe. Possui MBA Executivo em Administra\u00e7\u00e3o com \u00eanfase em Marketing pela Funda\u00e7\u00e3o Get\u00falio Vargas - Rio de Janeiro. Consultor, Palestrante e Pesquisador sobre Empreendedorismo, Marketing, Redes Sociais e Neg\u00f3cios Digitais. Professor, Palestrante TedxTalks e Campus Party. Twitter: @ThalesBrandao\",\"sameAs\":[\"http:\\\/\\\/www.mandacaru.com.br\",\"https:\\\/\\\/www.facebook.com\\\/thalesbrandao\",\"http:\\\/\\\/www.instagram.com.br\\\/thalesbrandaoferreira\",\"https:\\\/\\\/www.linkedin.com\\\/in\\\/thales-brand\u00e3o-3948609\\\/\",\"https:\\\/\\\/x.com\\\/http:\\\/\\\/www.twitter.com\\\/thalesbrandao\"],\"url\":\"https:\\\/\\\/www.cidademarketing.com.br\\\/marketing\\\/author\\\/thalesbrandao\\\/\"}]}<\/script>\n<!-- \/ Yoast SEO plugin. -->","yoast_head_json":{"title":"Lojistas de Porto Alegre indicam queda de 25% nas vendas de Natal - CidadeMarketing","robots":{"index":"index","follow":"follow","max-snippet":"max-snippet:-1","max-image-preview":"max-image-preview:large","max-video-preview":"max-video-preview:-1"},"canonical":"https:\/\/www.cidademarketing.com.br\/marketing\/2020\/12\/25\/lojistas-de-porto-alegre-indicam-queda-de-25-nas-vendas-de-natal\/","og_locale":"pt_BR","og_type":"article","og_title":"Lojistas de Porto Alegre indicam queda de 25% nas vendas de Natal - CidadeMarketing","og_description":"A crise ocasionada pela pandemia de coronav\u00edrus refletiu com for\u00e7a nas vendas de Natal, conforme os lojistas da capital ga\u00facha. Para 73% deles, de acordo com sondagem realizada na manh\u00e3 desta quinta-feira, 24, pelo N\u00facleo de Pesquisa do Sindilojas Porto Alegre, houve queda, em m\u00e9dia de 25% em compara\u00e7\u00e3o ao mesmo per\u00edodo de 2019. O [&hellip;]","og_url":"https:\/\/www.cidademarketing.com.br\/marketing\/2020\/12\/25\/lojistas-de-porto-alegre-indicam-queda-de-25-nas-vendas-de-natal\/","og_site_name":"CidadeMarketing","article_publisher":"https:\/\/www.facebook.com\/portalcidademarketing","article_author":"https:\/\/www.facebook.com\/thalesbrandao","article_published_time":"2020-12-25T14:40:17+00:00","article_modified_time":"2020-12-25T14:40:19+00:00","og_image":[{"width":500,"height":500,"url":"https:\/\/www.cidademarketing.com.br\/marketing\/wp-content\/uploads\/2019\/12\/presente_natal.jpg","type":"image\/jpeg"}],"author":"Thales Brand\u00e3o","twitter_card":"summary_large_image","twitter_creator":"@http:\/\/www.twitter.com\/thalesbrandao","twitter_site":"@CidadeMarketing","twitter_misc":{"Escrito por":"Thales Brand\u00e3o","Est. tempo de leitura":"2 minutos"},"schema":{"@context":"https:\/\/schema.org","@graph":[{"@type":"Article","@id":"https:\/\/www.cidademarketing.com.br\/marketing\/2020\/12\/25\/lojistas-de-porto-alegre-indicam-queda-de-25-nas-vendas-de-natal\/#article","isPartOf":{"@id":"https:\/\/www.cidademarketing.com.br\/marketing\/2020\/12\/25\/lojistas-de-porto-alegre-indicam-queda-de-25-nas-vendas-de-natal\/"},"author":{"name":"Thales Brand\u00e3o","@id":"https:\/\/www.cidademarketing.com.br\/marketing\/#\/schema\/person\/02daff9f18bd9378c9e01eb6b2db155f"},"headline":"Lojistas de Porto Alegre indicam queda de 25% nas vendas de Natal","datePublished":"2020-12-25T14:40:17+00:00","dateModified":"2020-12-25T14:40:19+00:00","mainEntityOfPage":{"@id":"https:\/\/www.cidademarketing.com.br\/marketing\/2020\/12\/25\/lojistas-de-porto-alegre-indicam-queda-de-25-nas-vendas-de-natal\/"},"wordCount":370,"commentCount":0,"publisher":{"@id":"https:\/\/www.cidademarketing.com.br\/marketing\/#organization"},"image":{"@id":"https:\/\/www.cidademarketing.com.br\/marketing\/2020\/12\/25\/lojistas-de-porto-alegre-indicam-queda-de-25-nas-vendas-de-natal\/#primaryimage"},"thumbnailUrl":"https:\/\/www.cidademarketing.com.br\/marketing\/wp-content\/uploads\/2019\/12\/presente_natal.jpg","keywords":["estrat\u00e9gia","marketing","Natal"],"articleSection":["Not\u00edcias"],"inLanguage":"pt-BR","potentialAction":[{"@type":"CommentAction","name":"Comment","target":["https:\/\/www.cidademarketing.com.br\/marketing\/2020\/12\/25\/lojistas-de-porto-alegre-indicam-queda-de-25-nas-vendas-de-natal\/#respond"]}]},{"@type":"WebPage","@id":"https:\/\/www.cidademarketing.com.br\/marketing\/2020\/12\/25\/lojistas-de-porto-alegre-indicam-queda-de-25-nas-vendas-de-natal\/","url":"https:\/\/www.cidademarketing.com.br\/marketing\/2020\/12\/25\/lojistas-de-porto-alegre-indicam-queda-de-25-nas-vendas-de-natal\/","name":"Lojistas de Porto Alegre indicam queda de 25% nas vendas de Natal - CidadeMarketing","isPartOf":{"@id":"https:\/\/www.cidademarketing.com.br\/marketing\/#website"},"primaryImageOfPage":{"@id":"https:\/\/www.cidademarketing.com.br\/marketing\/2020\/12\/25\/lojistas-de-porto-alegre-indicam-queda-de-25-nas-vendas-de-natal\/#primaryimage"},"image":{"@id":"https:\/\/www.cidademarketing.com.br\/marketing\/2020\/12\/25\/lojistas-de-porto-alegre-indicam-queda-de-25-nas-vendas-de-natal\/#primaryimage"},"thumbnailUrl":"https:\/\/www.cidademarketing.com.br\/marketing\/wp-content\/uploads\/2019\/12\/presente_natal.jpg","datePublished":"2020-12-25T14:40:17+00:00","dateModified":"2020-12-25T14:40:19+00:00","breadcrumb":{"@id":"https:\/\/www.cidademarketing.com.br\/marketing\/2020\/12\/25\/lojistas-de-porto-alegre-indicam-queda-de-25-nas-vendas-de-natal\/#breadcrumb"},"inLanguage":"pt-BR","potentialAction":[{"@type":"ReadAction","target":["https:\/\/www.cidademarketing.com.br\/marketing\/2020\/12\/25\/lojistas-de-porto-alegre-indicam-queda-de-25-nas-vendas-de-natal\/"]}]},{"@type":"ImageObject","inLanguage":"pt-BR","@id":"https:\/\/www.cidademarketing.com.br\/marketing\/2020\/12\/25\/lojistas-de-porto-alegre-indicam-queda-de-25-nas-vendas-de-natal\/#primaryimage","url":"https:\/\/www.cidademarketing.com.br\/marketing\/wp-content\/uploads\/2019\/12\/presente_natal.jpg","contentUrl":"https:\/\/www.cidademarketing.com.br\/marketing\/wp-content\/uploads\/2019\/12\/presente_natal.jpg","width":500,"height":500},{"@type":"BreadcrumbList","@id":"https:\/\/www.cidademarketing.com.br\/marketing\/2020\/12\/25\/lojistas-de-porto-alegre-indicam-queda-de-25-nas-vendas-de-natal\/#breadcrumb","itemListElement":[{"@type":"ListItem","position":1,"name":"In\u00edcio","item":"https:\/\/www.cidademarketing.com.br\/marketing\/"},{"@type":"ListItem","position":2,"name":"Lojistas de Porto Alegre indicam queda de 25% nas vendas de Natal"}]},{"@type":"WebSite","@id":"https:\/\/www.cidademarketing.com.br\/marketing\/#website","url":"https:\/\/www.cidademarketing.com.br\/marketing\/","name":"CidadeMarketing","description":"Somos um ve\u00edculo de comunica\u00e7\u00e3o de destaque no Brasil, reconhecido por conte\u00fados nos segmentos de marketing, empreendedorismo e inova\u00e7\u00e3o.","publisher":{"@id":"https:\/\/www.cidademarketing.com.br\/marketing\/#organization"},"alternateName":"CidadeMarketing","potentialAction":[{"@type":"SearchAction","target":{"@type":"EntryPoint","urlTemplate":"https:\/\/www.cidademarketing.com.br\/marketing\/?s={search_term_string}"},"query-input":{"@type":"PropertyValueSpecification","valueRequired":true,"valueName":"search_term_string"}}],"inLanguage":"pt-BR"},{"@type":"Organization","@id":"https:\/\/www.cidademarketing.com.br\/marketing\/#organization","name":"CidadeMarketing","alternateName":"CidadeMarketing","url":"https:\/\/www.cidademarketing.com.br\/marketing\/","logo":{"@type":"ImageObject","inLanguage":"pt-BR","@id":"https:\/\/www.cidademarketing.com.br\/marketing\/#\/schema\/logo\/image\/","url":"https:\/\/www.cidademarketing.com.br\/marketing\/wp-content\/uploads\/2020\/01\/cidademarketing_marca_mobile.png","contentUrl":"https:\/\/www.cidademarketing.com.br\/marketing\/wp-content\/uploads\/2020\/01\/cidademarketing_marca_mobile.png","width":230,"height":92,"caption":"CidadeMarketing"},"image":{"@id":"https:\/\/www.cidademarketing.com.br\/marketing\/#\/schema\/logo\/image\/"},"sameAs":["https:\/\/www.facebook.com\/portalcidademarketing","https:\/\/x.com\/CidadeMarketing","https:\/\/www.instagram.com\/cidademarketing\/"]},{"@type":"Person","@id":"https:\/\/www.cidademarketing.com.br\/marketing\/#\/schema\/person\/02daff9f18bd9378c9e01eb6b2db155f","name":"Thales Brand\u00e3o","image":{"@type":"ImageObject","inLanguage":"pt-BR","@id":"https:\/\/secure.gravatar.com\/avatar\/7ca3206950207cc3cb48feec56a8a7898741ab725c368d99d5d7a5a50aab80c6?s=96&d=mm&r=g","url":"https:\/\/secure.gravatar.com\/avatar\/7ca3206950207cc3cb48feec56a8a7898741ab725c368d99d5d7a5a50aab80c6?s=96&d=mm&r=g","contentUrl":"https:\/\/secure.gravatar.com\/avatar\/7ca3206950207cc3cb48feec56a8a7898741ab725c368d99d5d7a5a50aab80c6?s=96&d=mm&r=g","caption":"Thales Brand\u00e3o"},"description":"Editor Executivo do Portal CidadeMarketing.com.br &gt; Mestre em Comunica\u00e7\u00e3o e Sociedade pela Universidade Federal de Sergipe. Possui MBA Executivo em Administra\u00e7\u00e3o com \u00eanfase em Marketing pela Funda\u00e7\u00e3o Get\u00falio Vargas - Rio de Janeiro. Consultor, Palestrante e Pesquisador sobre Empreendedorismo, Marketing, Redes Sociais e Neg\u00f3cios Digitais. Professor, Palestrante TedxTalks e Campus Party. Twitter: @ThalesBrandao","sameAs":["http:\/\/www.mandacaru.com.br","https:\/\/www.facebook.com\/thalesbrandao","http:\/\/www.instagram.com.br\/thalesbrandaoferreira","https:\/\/www.linkedin.com\/in\/thales-brand\u00e3o-3948609\/","https:\/\/x.com\/http:\/\/www.twitter.com\/thalesbrandao"],"url":"https:\/\/www.cidademarketing.com.br\/marketing\/author\/thalesbrandao\/"}]}},"amp_enabled":true,"_links":{"self":[{"href":"https:\/\/www.cidademarketing.com.br\/marketing\/wp-json\/wp\/v2\/posts\/21388","targetHints":{"allow":["GET"]}}],"collection":[{"href":"https:\/\/www.cidademarketing.com.br\/marketing\/wp-json\/wp\/v2\/posts"}],"about":[{"href":"https:\/\/www.cidademarketing.com.br\/marketing\/wp-json\/wp\/v2\/types\/post"}],"author":[{"embeddable":true,"href":"https:\/\/www.cidademarketing.com.br\/marketing\/wp-json\/wp\/v2\/users\/1"}],"replies":[{"embeddable":true,"href":"https:\/\/www.cidademarketing.com.br\/marketing\/wp-json\/wp\/v2\/comments?post=21388"}],"version-history":[{"count":1,"href":"https:\/\/www.cidademarketing.com.br\/marketing\/wp-json\/wp\/v2\/posts\/21388\/revisions"}],"predecessor-version":[{"id":21389,"href":"https:\/\/www.cidademarketing.com.br\/marketing\/wp-json\/wp\/v2\/posts\/21388\/revisions\/21389"}],"wp:featuredmedia":[{"embeddable":true,"href":"https:\/\/www.cidademarketing.com.br\/marketing\/wp-json\/wp\/v2\/media\/13087"}],"wp:attachment":[{"href":"https:\/\/www.cidademarketing.com.br\/marketing\/wp-json\/wp\/v2\/media?parent=21388"}],"wp:term":[{"taxonomy":"category","embeddable":true,"href":"https:\/\/www.cidademarketing.com.br\/marketing\/wp-json\/wp\/v2\/categories?post=21388"},{"taxonomy":"post_tag","embeddable":true,"href":"https:\/\/www.cidademarketing.com.br\/marketing\/wp-json\/wp\/v2\/tags?post=21388"}],"curies":[{"name":"wp","href":"https:\/\/api.w.org\/{rel}","templated":true}]}}