{"id":21296,"date":"2020-12-16T11:53:36","date_gmt":"2020-12-16T14:53:36","guid":{"rendered":"https:\/\/www.cidademarketing.com.br\/marketing\/?p=21296"},"modified":"2020-12-16T11:53:38","modified_gmt":"2020-12-16T14:53:38","slug":"guarana-antarctica-e-paula-fernandes-se-unem-para-deixar-o-natal-mais-brasileiro","status":"publish","type":"post","link":"https:\/\/www.cidademarketing.com.br\/marketing\/2020\/12\/16\/guarana-antarctica-e-paula-fernandes-se-unem-para-deixar-o-natal-mais-brasileiro\/","title":{"rendered":"Guaran\u00e1 Antarctica e Paula Fernandes se unem para deixar o Natal mais brasileiro"},"content":{"rendered":"\n<p>Esque\u00e7a a neve, o urso polar e a lareira. Natal por aqui \u00e9 no ver\u00e3o, tem vira-lata caramelo, churrasco, e ningu\u00e9m est\u00e1 livre das piadas de tioz\u00e3o. Esse retrato fiel da celebra\u00e7\u00e3o brasileira \u00e9 o mote da nova campanha de Guaran\u00e1 Antarctica com a presen\u00e7a da cantora Paula Fernandes. Neste Natal at\u00edpico, em que muitas pessoas gostariam de passar juntas, Guaran\u00e1 Antarctica faz uma homenagem \u00e0s fam\u00edlias, que de perto ou de longe, fazem o Natal brasileiro ser Coisa Nossa.<\/p>\n\n\n\n<p>No \u201cNatal Coisa Nossa\u201d a marca apostou no Instituto Paula Fernandes de vers\u00f5es e adapta\u00e7\u00f5es musicais, para criar a can\u00e7\u00e3o: \u201cJingle Bell e Natal Rock\u201d, vers\u00e3o 100% brasileira de \u201cJingle Bell Rock\u201d. O resultado, com letra e videoclipe, pode ser conferido nas redes oficiais da cantora e nos canais da marca.&nbsp;<\/p>\n\n\n\n<p>\u201cGuaran\u00e1 tem como ess\u00eancia abra\u00e7ar a brasilidade e n\u00e3o poder\u00edamos deixar de colocar o Pa\u00eds no centro da conversa de Natal. A ideia da campanha \u00e9 convidar o consumidor a deixar de lado o conceito internacional e celebrar a data de um jeito mais brasileiro\u201d, explica Alexandre Lemos, gerente de marketing de Guaran\u00e1 Antarctica. \u201cNeste ano, com tudo o que estamos vivendo, esse filme vem como uma homenagem a todos n\u00f3s que vamos precisar comemorar a data de um jeito diferente, talvez sem a fam\u00edlia reunida, e enaltecer tudo aquilo que faz dessa festa \u00fanica e muito Coisa Nossa, como Guaran\u00e1 Antarctica!\u201d, refor\u00e7a.&nbsp;&nbsp;<\/p>\n\n\n\n<p>A Jingle Bell Natal Rock \u00e9 a primeira m\u00fasica de Paula Fernandes criada especialmente para essa \u00e9poca do ano. \u201cO Natal \u00e9 a minha celebra\u00e7\u00e3o favorita e fiquei muito feliz com o convite de Guaran\u00e1. Eu espero que os f\u00e3s curtam a m\u00fasica e que ela possa levar um pouco de divers\u00e3o nesse per\u00edodo\u201d, explica a cantora.&nbsp;<\/p>\n\n\n\n<p><br>Como forma de ampliar a comunica\u00e7\u00e3o com o p\u00fablico, a campanha tamb\u00e9m apresenta refer\u00eancias cinematogr\u00e1ficas e easter eggs. \u201cAproveitamos para adicionar alguns <em>easter eggs<\/em> com o prop\u00f3sito de engajar os nossos f\u00e3s e garantir boas risadas depois que eles forem descobertos\u201d, afirma Lemos.<\/p>\n\n\n\n<p>O videoclipe foi desenvolvido pela SOKO e pelo Draftline, inhouse da Ambev. Al\u00e9m dele, que pode ser conferido nos canais da marca, a campanha de Natal de Guaran\u00e1 Antarctica conta com um filme de trinta segundos que ser\u00e1 veiculado em digital e TV aberta a partir do dia 19 de dezembro.<\/p>\n\n\n\n<figure class=\"wp-block-embed is-type-video is-provider-youtube wp-block-embed-youtube wp-embed-aspect-16-9 wp-has-aspect-ratio\"><div class=\"wp-block-embed__wrapper\">\n<div class=\"youtube-embed\" data-video_id=\"zvG9rNSW5tk\"><iframe title=\"Paula Fernandes - Jingle Bell &amp; Natal Rock\" width=\"640\" height=\"360\" src=\"https:\/\/www.youtube.com\/embed\/zvG9rNSW5tk?feature=oembed&#038;enablejsapi=1\" frameborder=\"0\" allow=\"accelerometer; autoplay; clipboard-write; encrypted-media; gyroscope; picture-in-picture; web-share\" referrerpolicy=\"strict-origin-when-cross-origin\" allowfullscreen><\/iframe><\/div>\n<\/div><\/figure>\n\n\n\n<p><\/p>\n\n\n\n<p><strong>FICHA T\u00c9CNICA<\/strong><\/p>\n\n\n\n<p><strong>T\u00edtulo:<\/strong> Natal Brasileiro \u00e9 Coisa Nossa<\/p>\n\n\n\n<p><strong>Marca: <\/strong>Guaran\u00e1 Antarctica (Ambev)&nbsp;<\/p>\n\n\n\n<p><strong>Cliente:<\/strong> Pedro Thompson, Daniel Silber, Alexandre Lemos, Julia Chieppe, Vit\u00f3ria Lima<\/p>\n\n\n\n<p><strong>Consultora Criativa Ambev:<\/strong> Cristina Naumovs&nbsp;<\/p>\n\n\n\n<p><strong>Ag\u00eancia:<\/strong> Soko e Mutato (DraftLine)&nbsp;<\/p>\n\n\n\n<p><strong>CCO (Soko):<\/strong> Felipe Simi&nbsp;<\/p>\n\n\n\n<p><strong>ECD (DraftLine\/Mutato):<\/strong> Alessandra Muccillo&nbsp;<\/p>\n\n\n\n<p><strong>Creative Data Leader (Soko):<\/strong> Rafael Alves&nbsp;<\/p>\n\n\n\n<p><strong>ACD (DraftLine\/Mutato):<\/strong> Let\u00edcia Hanower e Rafaela Santurian&nbsp;<\/p>\n\n\n\n<p><strong>Cria\u00e7\u00e3o (DraftLine\/Mutato)<\/strong>: Alessandra Muccillo, Let\u00edcia Hanower, Gheisa Lessa e Rafaela Santurian&nbsp;<\/p>\n\n\n\n<p><strong>Cria\u00e7\u00e3o (Soko): <\/strong>Rafael Alves, Ayslan Monteiro, Juan Portilla e Isabela Marangoni<\/p>\n\n\n\n<p><strong>Cria\u00e7\u00e3o Social Media (DraftLine\/Mutato):<\/strong> Bruno Picchioni, Thiago Da Costa, Raphael Brites, Gheisa Lessa<\/p>\n\n\n\n<p><strong>Cria\u00e7\u00e3o Dark Social (Soko):<\/strong> Nicole Gelbvaks e Tainah Oliveira<\/p>\n\n\n\n<p><strong>Head of Account (DraftLine\/Mutato): <\/strong>Thiago Galdi<\/p>\n\n\n\n<p><strong>Diretora de Atendimento (Soko): <\/strong>Renata Cintra<\/p>\n\n\n\n<p><strong>Atendimento (Soko):<\/strong> Danilo Apost\u00f3lico<\/p>\n\n\n\n<p><strong>Planejamento (Draftline\/Mutato): <\/strong>Daniel Packness e Felipe Ribeiro<\/p>\n\n\n\n<p><strong>Planejamento (Soko):<\/strong> Isabela Marangoni<\/p>\n\n\n\n<p><strong>Opera\u00e7\u00f5es (Soko):<\/strong> Pamela Cancino, Tatiana Lima, Nath\u00e1lia Ribas, Larissa Kubo e Daniele Moura<\/p>\n\n\n\n<p><strong>Broadcaster (Soko):<\/strong> Maria Eduarda Fortes<\/p>\n\n\n\n<p><strong>Gerente de Projetos (DraftLine\/Mutato):<\/strong> Nagila Nunes<\/p>\n\n\n\n<p><strong>Head of Media and Audience DraftLine:<\/strong> Felipe Meretti<\/p>\n\n\n\n<p><strong>Connections DraftLine:<\/strong> St\u00e9ffany Ribeiro, Laura Valmorbida, Luiza Moura<\/p>\n\n\n\n<p><strong>M\u00eddia Offline DraftLine:<\/strong> Lucas Fanti, Mariana Cirilo e Daniela Mattos<\/p>\n\n\n\n<p><strong>Opera\u00e7\u00f5es DraftLine: <\/strong>Gustavo Sartori, Eric Magalh\u00e3es, Giuliana Cittadino e Phelippe Lima<\/p>\n\n\n\n<p><strong>Produtora de Som:<\/strong> Hefty<\/p>\n\n\n\n<p><strong>Produtores musicais:<\/strong> Marcio Monteiro, Edu Luke, Otavio Cavalheiro, Tuco Barini, Gustavo Boselli e Celso Moretti<\/p>\n\n\n\n<p><strong>Atendimento (Hefty):<\/strong> Debora Carvalho e Daniela Cabaritti<\/p>\n\n\n\n<p><strong>Coordena\u00e7\u00e3o (Hefty):<\/strong> Cristiane Oliveira<\/p>\n\n\n\n<p><strong>Produ\u00e7\u00e3o de v\u00eddeo&nbsp;<\/strong><\/p>\n\n\n\n<p><strong>Diretor<\/strong>: Carl\u00e3o Busato&nbsp;<\/p>\n\n\n\n<p><strong>Diretora Executiva: <\/strong>Cris Chacon&nbsp;<\/p>\n\n\n\n<p><strong>Atendimento: <\/strong>Silvia Neri&nbsp;<\/p>\n\n\n\n<p><strong>Diretor de Fotografia:<\/strong> Daniel Belink&nbsp;<\/p>\n\n\n\n<p><strong>Diretor criativo:<\/strong> Heitor Caetano<\/p>\n\n\n\n<p><strong>Coordenador de Produ\u00e7\u00e3o:<\/strong> Cris Moura<\/p>\n\n\n\n<p><strong>Assistente de Coordena\u00e7\u00e3o:<\/strong> Daniela Guedes&nbsp;<\/p>\n\n\n\n<p><strong>Diretor de produ\u00e7\u00e3o<\/strong>: Renato Salmaso&nbsp;<\/p>\n\n\n\n<p><strong>Assistente de Produ\u00e7\u00e3o<\/strong>: Kika Carvalho&nbsp;<\/p>\n\n\n\n<p><strong>Assistente de Dire\u00e7\u00e3o<\/strong>: Marcela Daud&nbsp;<\/p>\n\n\n\n<p><strong>2\u00b0 Assistente de Dire\u00e7\u00e3o: <\/strong>Renata Castanhari&nbsp;<\/p>\n\n\n\n<p><strong>Assistente Criativo de Dire\u00e7\u00e3o: <\/strong>Caco Santana<\/p>\n\n\n\n<p><strong>Diretor de Arte: <\/strong>Olivia Sanches&nbsp;<\/p>\n\n\n\n<p><strong>Produtor de Figurino: <\/strong>Giovana Moreto&nbsp;<\/p>\n\n\n\n<p><strong>Make:<\/strong> Fernanda Leite&nbsp;<\/p>\n\n\n\n<p><strong>Coordenador de P\u00f3s-Produ\u00e7\u00e3o: <\/strong>Murilo Moura&nbsp;<\/p>\n\n\n\n<p><strong>Finaliza\u00e7\u00e3o: <\/strong>Murilo Moura&nbsp;<\/p>\n\n\n\n<p><strong>P\u00f3s Produ\u00e7\u00e3o: <\/strong>Octopost<\/p>\n\n\n\n<p><strong>Corre\u00e7\u00e3o de Cor:<\/strong> Bleach&nbsp;<\/p>\n","protected":false},"excerpt":{"rendered":"<p>Esque\u00e7a a neve, o urso polar e a lareira. Natal por aqui \u00e9 no ver\u00e3o, tem vira-lata caramelo, churrasco, e ningu\u00e9m est\u00e1 livre das piadas de tioz\u00e3o. Esse retrato fiel da celebra\u00e7\u00e3o brasileira \u00e9 o mote da nova campanha de Guaran\u00e1 Antarctica com a presen\u00e7a da cantora Paula Fernandes. Neste Natal at\u00edpico, em que muitas [&hellip;]<\/p>\n","protected":false},"author":1,"featured_media":21297,"comment_status":"open","ping_status":"open","sticky":false,"template":"","format":"standard","meta":{"tdm_status":"","tdm_grid_status":"","footnotes":""},"categories":[6],"tags":[24,28,3206],"class_list":["post-21296","post","type-post","status-publish","format-standard","has-post-thumbnail","hentry","category-noticias","tag-guarana-antarctica","tag-marketing","tag-paula-fernandes"],"yoast_head":"<!-- This site is optimized with the Yoast SEO plugin v27.4 - https:\/\/yoast.com\/product\/yoast-seo-wordpress\/ -->\n<title>Guaran\u00e1 Antarctica e Paula Fernandes se unem para deixar o Natal mais brasileiro - CidadeMarketing<\/title>\n<meta name=\"robots\" content=\"index, follow, max-snippet:-1, max-image-preview:large, max-video-preview:-1\" \/>\n<link rel=\"canonical\" href=\"https:\/\/www.cidademarketing.com.br\/marketing\/2020\/12\/16\/guarana-antarctica-e-paula-fernandes-se-unem-para-deixar-o-natal-mais-brasileiro\/\" \/>\n<meta property=\"og:locale\" content=\"pt_BR\" \/>\n<meta property=\"og:type\" content=\"article\" \/>\n<meta property=\"og:title\" content=\"Guaran\u00e1 Antarctica e Paula Fernandes se unem para deixar o Natal mais brasileiro - CidadeMarketing\" \/>\n<meta property=\"og:description\" content=\"Esque\u00e7a a neve, o urso polar e a lareira. Natal por aqui \u00e9 no ver\u00e3o, tem vira-lata caramelo, churrasco, e ningu\u00e9m est\u00e1 livre das piadas de tioz\u00e3o. Esse retrato fiel da celebra\u00e7\u00e3o brasileira \u00e9 o mote da nova campanha de Guaran\u00e1 Antarctica com a presen\u00e7a da cantora Paula Fernandes. Neste Natal at\u00edpico, em que muitas [&hellip;]\" \/>\n<meta property=\"og:url\" content=\"https:\/\/www.cidademarketing.com.br\/marketing\/2020\/12\/16\/guarana-antarctica-e-paula-fernandes-se-unem-para-deixar-o-natal-mais-brasileiro\/\" \/>\n<meta property=\"og:site_name\" content=\"CidadeMarketing\" \/>\n<meta property=\"article:publisher\" content=\"https:\/\/www.facebook.com\/portalcidademarketing\" \/>\n<meta property=\"article:author\" content=\"https:\/\/www.facebook.com\/thalesbrandao\" \/>\n<meta property=\"article:published_time\" content=\"2020-12-16T14:53:36+00:00\" \/>\n<meta property=\"article:modified_time\" content=\"2020-12-16T14:53:38+00:00\" \/>\n<meta property=\"og:image\" content=\"https:\/\/www.cidademarketing.com.br\/marketing\/wp-content\/uploads\/2020\/12\/guarana_antarctica_natal.jpg\" \/>\n\t<meta property=\"og:image:width\" content=\"1073\" \/>\n\t<meta property=\"og:image:height\" content=\"533\" \/>\n\t<meta property=\"og:image:type\" content=\"image\/jpeg\" \/>\n<meta name=\"author\" content=\"Thales Brand\u00e3o\" \/>\n<meta name=\"twitter:card\" content=\"summary_large_image\" \/>\n<meta name=\"twitter:creator\" content=\"@http:\/\/www.twitter.com\/thalesbrandao\" \/>\n<meta name=\"twitter:site\" content=\"@CidadeMarketing\" \/>\n<meta name=\"twitter:label1\" content=\"Escrito por\" \/>\n\t<meta name=\"twitter:data1\" content=\"Thales Brand\u00e3o\" \/>\n\t<meta name=\"twitter:label2\" content=\"Est. tempo de leitura\" \/>\n\t<meta name=\"twitter:data2\" content=\"4 minutos\" \/>\n<script type=\"application\/ld+json\" class=\"yoast-schema-graph\">{\"@context\":\"https:\\\/\\\/schema.org\",\"@graph\":[{\"@type\":\"Article\",\"@id\":\"https:\\\/\\\/www.cidademarketing.com.br\\\/marketing\\\/2020\\\/12\\\/16\\\/guarana-antarctica-e-paula-fernandes-se-unem-para-deixar-o-natal-mais-brasileiro\\\/#article\",\"isPartOf\":{\"@id\":\"https:\\\/\\\/www.cidademarketing.com.br\\\/marketing\\\/2020\\\/12\\\/16\\\/guarana-antarctica-e-paula-fernandes-se-unem-para-deixar-o-natal-mais-brasileiro\\\/\"},\"author\":{\"name\":\"Thales Brand\u00e3o\",\"@id\":\"https:\\\/\\\/www.cidademarketing.com.br\\\/marketing\\\/#\\\/schema\\\/person\\\/02daff9f18bd9378c9e01eb6b2db155f\"},\"headline\":\"Guaran\u00e1 Antarctica e Paula Fernandes se unem para deixar o Natal mais brasileiro\",\"datePublished\":\"2020-12-16T14:53:36+00:00\",\"dateModified\":\"2020-12-16T14:53:38+00:00\",\"mainEntityOfPage\":{\"@id\":\"https:\\\/\\\/www.cidademarketing.com.br\\\/marketing\\\/2020\\\/12\\\/16\\\/guarana-antarctica-e-paula-fernandes-se-unem-para-deixar-o-natal-mais-brasileiro\\\/\"},\"wordCount\":808,\"commentCount\":0,\"publisher\":{\"@id\":\"https:\\\/\\\/www.cidademarketing.com.br\\\/marketing\\\/#organization\"},\"image\":{\"@id\":\"https:\\\/\\\/www.cidademarketing.com.br\\\/marketing\\\/2020\\\/12\\\/16\\\/guarana-antarctica-e-paula-fernandes-se-unem-para-deixar-o-natal-mais-brasileiro\\\/#primaryimage\"},\"thumbnailUrl\":\"https:\\\/\\\/www.cidademarketing.com.br\\\/marketing\\\/wp-content\\\/uploads\\\/2020\\\/12\\\/guarana_antarctica_natal.jpg\",\"keywords\":[\"Guaran\u00e1 Antarctica\",\"marketing\",\"Paula Fernandes\"],\"articleSection\":[\"Not\u00edcias\"],\"inLanguage\":\"pt-BR\",\"potentialAction\":[{\"@type\":\"CommentAction\",\"name\":\"Comment\",\"target\":[\"https:\\\/\\\/www.cidademarketing.com.br\\\/marketing\\\/2020\\\/12\\\/16\\\/guarana-antarctica-e-paula-fernandes-se-unem-para-deixar-o-natal-mais-brasileiro\\\/#respond\"]}]},{\"@type\":\"WebPage\",\"@id\":\"https:\\\/\\\/www.cidademarketing.com.br\\\/marketing\\\/2020\\\/12\\\/16\\\/guarana-antarctica-e-paula-fernandes-se-unem-para-deixar-o-natal-mais-brasileiro\\\/\",\"url\":\"https:\\\/\\\/www.cidademarketing.com.br\\\/marketing\\\/2020\\\/12\\\/16\\\/guarana-antarctica-e-paula-fernandes-se-unem-para-deixar-o-natal-mais-brasileiro\\\/\",\"name\":\"Guaran\u00e1 Antarctica e Paula Fernandes se unem para deixar o Natal mais brasileiro - CidadeMarketing\",\"isPartOf\":{\"@id\":\"https:\\\/\\\/www.cidademarketing.com.br\\\/marketing\\\/#website\"},\"primaryImageOfPage\":{\"@id\":\"https:\\\/\\\/www.cidademarketing.com.br\\\/marketing\\\/2020\\\/12\\\/16\\\/guarana-antarctica-e-paula-fernandes-se-unem-para-deixar-o-natal-mais-brasileiro\\\/#primaryimage\"},\"image\":{\"@id\":\"https:\\\/\\\/www.cidademarketing.com.br\\\/marketing\\\/2020\\\/12\\\/16\\\/guarana-antarctica-e-paula-fernandes-se-unem-para-deixar-o-natal-mais-brasileiro\\\/#primaryimage\"},\"thumbnailUrl\":\"https:\\\/\\\/www.cidademarketing.com.br\\\/marketing\\\/wp-content\\\/uploads\\\/2020\\\/12\\\/guarana_antarctica_natal.jpg\",\"datePublished\":\"2020-12-16T14:53:36+00:00\",\"dateModified\":\"2020-12-16T14:53:38+00:00\",\"breadcrumb\":{\"@id\":\"https:\\\/\\\/www.cidademarketing.com.br\\\/marketing\\\/2020\\\/12\\\/16\\\/guarana-antarctica-e-paula-fernandes-se-unem-para-deixar-o-natal-mais-brasileiro\\\/#breadcrumb\"},\"inLanguage\":\"pt-BR\",\"potentialAction\":[{\"@type\":\"ReadAction\",\"target\":[\"https:\\\/\\\/www.cidademarketing.com.br\\\/marketing\\\/2020\\\/12\\\/16\\\/guarana-antarctica-e-paula-fernandes-se-unem-para-deixar-o-natal-mais-brasileiro\\\/\"]}]},{\"@type\":\"ImageObject\",\"inLanguage\":\"pt-BR\",\"@id\":\"https:\\\/\\\/www.cidademarketing.com.br\\\/marketing\\\/2020\\\/12\\\/16\\\/guarana-antarctica-e-paula-fernandes-se-unem-para-deixar-o-natal-mais-brasileiro\\\/#primaryimage\",\"url\":\"https:\\\/\\\/www.cidademarketing.com.br\\\/marketing\\\/wp-content\\\/uploads\\\/2020\\\/12\\\/guarana_antarctica_natal.jpg\",\"contentUrl\":\"https:\\\/\\\/www.cidademarketing.com.br\\\/marketing\\\/wp-content\\\/uploads\\\/2020\\\/12\\\/guarana_antarctica_natal.jpg\",\"width\":1073,\"height\":533,\"caption\":\"Reprodu\u00e7\u00e3o\"},{\"@type\":\"BreadcrumbList\",\"@id\":\"https:\\\/\\\/www.cidademarketing.com.br\\\/marketing\\\/2020\\\/12\\\/16\\\/guarana-antarctica-e-paula-fernandes-se-unem-para-deixar-o-natal-mais-brasileiro\\\/#breadcrumb\",\"itemListElement\":[{\"@type\":\"ListItem\",\"position\":1,\"name\":\"In\u00edcio\",\"item\":\"https:\\\/\\\/www.cidademarketing.com.br\\\/marketing\\\/\"},{\"@type\":\"ListItem\",\"position\":2,\"name\":\"Guaran\u00e1 Antarctica e Paula Fernandes se unem para deixar o Natal mais brasileiro\"}]},{\"@type\":\"WebSite\",\"@id\":\"https:\\\/\\\/www.cidademarketing.com.br\\\/marketing\\\/#website\",\"url\":\"https:\\\/\\\/www.cidademarketing.com.br\\\/marketing\\\/\",\"name\":\"CidadeMarketing\",\"description\":\"Somos um ve\u00edculo de comunica\u00e7\u00e3o de destaque no Brasil, reconhecido por conte\u00fados nos segmentos de marketing, empreendedorismo e inova\u00e7\u00e3o.\",\"publisher\":{\"@id\":\"https:\\\/\\\/www.cidademarketing.com.br\\\/marketing\\\/#organization\"},\"alternateName\":\"CidadeMarketing\",\"potentialAction\":[{\"@type\":\"SearchAction\",\"target\":{\"@type\":\"EntryPoint\",\"urlTemplate\":\"https:\\\/\\\/www.cidademarketing.com.br\\\/marketing\\\/?s={search_term_string}\"},\"query-input\":{\"@type\":\"PropertyValueSpecification\",\"valueRequired\":true,\"valueName\":\"search_term_string\"}}],\"inLanguage\":\"pt-BR\"},{\"@type\":\"Organization\",\"@id\":\"https:\\\/\\\/www.cidademarketing.com.br\\\/marketing\\\/#organization\",\"name\":\"CidadeMarketing\",\"alternateName\":\"CidadeMarketing\",\"url\":\"https:\\\/\\\/www.cidademarketing.com.br\\\/marketing\\\/\",\"logo\":{\"@type\":\"ImageObject\",\"inLanguage\":\"pt-BR\",\"@id\":\"https:\\\/\\\/www.cidademarketing.com.br\\\/marketing\\\/#\\\/schema\\\/logo\\\/image\\\/\",\"url\":\"https:\\\/\\\/www.cidademarketing.com.br\\\/marketing\\\/wp-content\\\/uploads\\\/2020\\\/01\\\/cidademarketing_marca_mobile.png\",\"contentUrl\":\"https:\\\/\\\/www.cidademarketing.com.br\\\/marketing\\\/wp-content\\\/uploads\\\/2020\\\/01\\\/cidademarketing_marca_mobile.png\",\"width\":230,\"height\":92,\"caption\":\"CidadeMarketing\"},\"image\":{\"@id\":\"https:\\\/\\\/www.cidademarketing.com.br\\\/marketing\\\/#\\\/schema\\\/logo\\\/image\\\/\"},\"sameAs\":[\"https:\\\/\\\/www.facebook.com\\\/portalcidademarketing\",\"https:\\\/\\\/x.com\\\/CidadeMarketing\",\"https:\\\/\\\/www.instagram.com\\\/cidademarketing\\\/\"]},{\"@type\":\"Person\",\"@id\":\"https:\\\/\\\/www.cidademarketing.com.br\\\/marketing\\\/#\\\/schema\\\/person\\\/02daff9f18bd9378c9e01eb6b2db155f\",\"name\":\"Thales Brand\u00e3o\",\"image\":{\"@type\":\"ImageObject\",\"inLanguage\":\"pt-BR\",\"@id\":\"https:\\\/\\\/secure.gravatar.com\\\/avatar\\\/7ca3206950207cc3cb48feec56a8a7898741ab725c368d99d5d7a5a50aab80c6?s=96&d=mm&r=g\",\"url\":\"https:\\\/\\\/secure.gravatar.com\\\/avatar\\\/7ca3206950207cc3cb48feec56a8a7898741ab725c368d99d5d7a5a50aab80c6?s=96&d=mm&r=g\",\"contentUrl\":\"https:\\\/\\\/secure.gravatar.com\\\/avatar\\\/7ca3206950207cc3cb48feec56a8a7898741ab725c368d99d5d7a5a50aab80c6?s=96&d=mm&r=g\",\"caption\":\"Thales Brand\u00e3o\"},\"description\":\"Editor Executivo do Portal CidadeMarketing.com.br &gt; Mestre em Comunica\u00e7\u00e3o e Sociedade pela Universidade Federal de Sergipe. Possui MBA Executivo em Administra\u00e7\u00e3o com \u00eanfase em Marketing pela Funda\u00e7\u00e3o Get\u00falio Vargas - Rio de Janeiro. Consultor, Palestrante e Pesquisador sobre Empreendedorismo, Marketing, Redes Sociais e Neg\u00f3cios Digitais. Professor, Palestrante TedxTalks e Campus Party. Twitter: @ThalesBrandao\",\"sameAs\":[\"http:\\\/\\\/www.mandacaru.com.br\",\"https:\\\/\\\/www.facebook.com\\\/thalesbrandao\",\"http:\\\/\\\/www.instagram.com.br\\\/thalesbrandaoferreira\",\"https:\\\/\\\/www.linkedin.com\\\/in\\\/thales-brand\u00e3o-3948609\\\/\",\"https:\\\/\\\/x.com\\\/http:\\\/\\\/www.twitter.com\\\/thalesbrandao\"],\"url\":\"https:\\\/\\\/www.cidademarketing.com.br\\\/marketing\\\/author\\\/thalesbrandao\\\/\"}]}<\/script>\n<!-- \/ Yoast SEO plugin. -->","yoast_head_json":{"title":"Guaran\u00e1 Antarctica e Paula Fernandes se unem para deixar o Natal mais brasileiro - CidadeMarketing","robots":{"index":"index","follow":"follow","max-snippet":"max-snippet:-1","max-image-preview":"max-image-preview:large","max-video-preview":"max-video-preview:-1"},"canonical":"https:\/\/www.cidademarketing.com.br\/marketing\/2020\/12\/16\/guarana-antarctica-e-paula-fernandes-se-unem-para-deixar-o-natal-mais-brasileiro\/","og_locale":"pt_BR","og_type":"article","og_title":"Guaran\u00e1 Antarctica e Paula Fernandes se unem para deixar o Natal mais brasileiro - CidadeMarketing","og_description":"Esque\u00e7a a neve, o urso polar e a lareira. Natal por aqui \u00e9 no ver\u00e3o, tem vira-lata caramelo, churrasco, e ningu\u00e9m est\u00e1 livre das piadas de tioz\u00e3o. Esse retrato fiel da celebra\u00e7\u00e3o brasileira \u00e9 o mote da nova campanha de Guaran\u00e1 Antarctica com a presen\u00e7a da cantora Paula Fernandes. Neste Natal at\u00edpico, em que muitas [&hellip;]","og_url":"https:\/\/www.cidademarketing.com.br\/marketing\/2020\/12\/16\/guarana-antarctica-e-paula-fernandes-se-unem-para-deixar-o-natal-mais-brasileiro\/","og_site_name":"CidadeMarketing","article_publisher":"https:\/\/www.facebook.com\/portalcidademarketing","article_author":"https:\/\/www.facebook.com\/thalesbrandao","article_published_time":"2020-12-16T14:53:36+00:00","article_modified_time":"2020-12-16T14:53:38+00:00","og_image":[{"width":1073,"height":533,"url":"https:\/\/www.cidademarketing.com.br\/marketing\/wp-content\/uploads\/2020\/12\/guarana_antarctica_natal.jpg","type":"image\/jpeg"}],"author":"Thales Brand\u00e3o","twitter_card":"summary_large_image","twitter_creator":"@http:\/\/www.twitter.com\/thalesbrandao","twitter_site":"@CidadeMarketing","twitter_misc":{"Escrito por":"Thales Brand\u00e3o","Est. tempo de leitura":"4 minutos"},"schema":{"@context":"https:\/\/schema.org","@graph":[{"@type":"Article","@id":"https:\/\/www.cidademarketing.com.br\/marketing\/2020\/12\/16\/guarana-antarctica-e-paula-fernandes-se-unem-para-deixar-o-natal-mais-brasileiro\/#article","isPartOf":{"@id":"https:\/\/www.cidademarketing.com.br\/marketing\/2020\/12\/16\/guarana-antarctica-e-paula-fernandes-se-unem-para-deixar-o-natal-mais-brasileiro\/"},"author":{"name":"Thales Brand\u00e3o","@id":"https:\/\/www.cidademarketing.com.br\/marketing\/#\/schema\/person\/02daff9f18bd9378c9e01eb6b2db155f"},"headline":"Guaran\u00e1 Antarctica e Paula Fernandes se unem para deixar o Natal mais brasileiro","datePublished":"2020-12-16T14:53:36+00:00","dateModified":"2020-12-16T14:53:38+00:00","mainEntityOfPage":{"@id":"https:\/\/www.cidademarketing.com.br\/marketing\/2020\/12\/16\/guarana-antarctica-e-paula-fernandes-se-unem-para-deixar-o-natal-mais-brasileiro\/"},"wordCount":808,"commentCount":0,"publisher":{"@id":"https:\/\/www.cidademarketing.com.br\/marketing\/#organization"},"image":{"@id":"https:\/\/www.cidademarketing.com.br\/marketing\/2020\/12\/16\/guarana-antarctica-e-paula-fernandes-se-unem-para-deixar-o-natal-mais-brasileiro\/#primaryimage"},"thumbnailUrl":"https:\/\/www.cidademarketing.com.br\/marketing\/wp-content\/uploads\/2020\/12\/guarana_antarctica_natal.jpg","keywords":["Guaran\u00e1 Antarctica","marketing","Paula Fernandes"],"articleSection":["Not\u00edcias"],"inLanguage":"pt-BR","potentialAction":[{"@type":"CommentAction","name":"Comment","target":["https:\/\/www.cidademarketing.com.br\/marketing\/2020\/12\/16\/guarana-antarctica-e-paula-fernandes-se-unem-para-deixar-o-natal-mais-brasileiro\/#respond"]}]},{"@type":"WebPage","@id":"https:\/\/www.cidademarketing.com.br\/marketing\/2020\/12\/16\/guarana-antarctica-e-paula-fernandes-se-unem-para-deixar-o-natal-mais-brasileiro\/","url":"https:\/\/www.cidademarketing.com.br\/marketing\/2020\/12\/16\/guarana-antarctica-e-paula-fernandes-se-unem-para-deixar-o-natal-mais-brasileiro\/","name":"Guaran\u00e1 Antarctica e Paula Fernandes se unem para deixar o Natal mais brasileiro - CidadeMarketing","isPartOf":{"@id":"https:\/\/www.cidademarketing.com.br\/marketing\/#website"},"primaryImageOfPage":{"@id":"https:\/\/www.cidademarketing.com.br\/marketing\/2020\/12\/16\/guarana-antarctica-e-paula-fernandes-se-unem-para-deixar-o-natal-mais-brasileiro\/#primaryimage"},"image":{"@id":"https:\/\/www.cidademarketing.com.br\/marketing\/2020\/12\/16\/guarana-antarctica-e-paula-fernandes-se-unem-para-deixar-o-natal-mais-brasileiro\/#primaryimage"},"thumbnailUrl":"https:\/\/www.cidademarketing.com.br\/marketing\/wp-content\/uploads\/2020\/12\/guarana_antarctica_natal.jpg","datePublished":"2020-12-16T14:53:36+00:00","dateModified":"2020-12-16T14:53:38+00:00","breadcrumb":{"@id":"https:\/\/www.cidademarketing.com.br\/marketing\/2020\/12\/16\/guarana-antarctica-e-paula-fernandes-se-unem-para-deixar-o-natal-mais-brasileiro\/#breadcrumb"},"inLanguage":"pt-BR","potentialAction":[{"@type":"ReadAction","target":["https:\/\/www.cidademarketing.com.br\/marketing\/2020\/12\/16\/guarana-antarctica-e-paula-fernandes-se-unem-para-deixar-o-natal-mais-brasileiro\/"]}]},{"@type":"ImageObject","inLanguage":"pt-BR","@id":"https:\/\/www.cidademarketing.com.br\/marketing\/2020\/12\/16\/guarana-antarctica-e-paula-fernandes-se-unem-para-deixar-o-natal-mais-brasileiro\/#primaryimage","url":"https:\/\/www.cidademarketing.com.br\/marketing\/wp-content\/uploads\/2020\/12\/guarana_antarctica_natal.jpg","contentUrl":"https:\/\/www.cidademarketing.com.br\/marketing\/wp-content\/uploads\/2020\/12\/guarana_antarctica_natal.jpg","width":1073,"height":533,"caption":"Reprodu\u00e7\u00e3o"},{"@type":"BreadcrumbList","@id":"https:\/\/www.cidademarketing.com.br\/marketing\/2020\/12\/16\/guarana-antarctica-e-paula-fernandes-se-unem-para-deixar-o-natal-mais-brasileiro\/#breadcrumb","itemListElement":[{"@type":"ListItem","position":1,"name":"In\u00edcio","item":"https:\/\/www.cidademarketing.com.br\/marketing\/"},{"@type":"ListItem","position":2,"name":"Guaran\u00e1 Antarctica e Paula Fernandes se unem para deixar o Natal mais brasileiro"}]},{"@type":"WebSite","@id":"https:\/\/www.cidademarketing.com.br\/marketing\/#website","url":"https:\/\/www.cidademarketing.com.br\/marketing\/","name":"CidadeMarketing","description":"Somos um ve\u00edculo de comunica\u00e7\u00e3o de destaque no Brasil, reconhecido por conte\u00fados nos segmentos de marketing, empreendedorismo e inova\u00e7\u00e3o.","publisher":{"@id":"https:\/\/www.cidademarketing.com.br\/marketing\/#organization"},"alternateName":"CidadeMarketing","potentialAction":[{"@type":"SearchAction","target":{"@type":"EntryPoint","urlTemplate":"https:\/\/www.cidademarketing.com.br\/marketing\/?s={search_term_string}"},"query-input":{"@type":"PropertyValueSpecification","valueRequired":true,"valueName":"search_term_string"}}],"inLanguage":"pt-BR"},{"@type":"Organization","@id":"https:\/\/www.cidademarketing.com.br\/marketing\/#organization","name":"CidadeMarketing","alternateName":"CidadeMarketing","url":"https:\/\/www.cidademarketing.com.br\/marketing\/","logo":{"@type":"ImageObject","inLanguage":"pt-BR","@id":"https:\/\/www.cidademarketing.com.br\/marketing\/#\/schema\/logo\/image\/","url":"https:\/\/www.cidademarketing.com.br\/marketing\/wp-content\/uploads\/2020\/01\/cidademarketing_marca_mobile.png","contentUrl":"https:\/\/www.cidademarketing.com.br\/marketing\/wp-content\/uploads\/2020\/01\/cidademarketing_marca_mobile.png","width":230,"height":92,"caption":"CidadeMarketing"},"image":{"@id":"https:\/\/www.cidademarketing.com.br\/marketing\/#\/schema\/logo\/image\/"},"sameAs":["https:\/\/www.facebook.com\/portalcidademarketing","https:\/\/x.com\/CidadeMarketing","https:\/\/www.instagram.com\/cidademarketing\/"]},{"@type":"Person","@id":"https:\/\/www.cidademarketing.com.br\/marketing\/#\/schema\/person\/02daff9f18bd9378c9e01eb6b2db155f","name":"Thales Brand\u00e3o","image":{"@type":"ImageObject","inLanguage":"pt-BR","@id":"https:\/\/secure.gravatar.com\/avatar\/7ca3206950207cc3cb48feec56a8a7898741ab725c368d99d5d7a5a50aab80c6?s=96&d=mm&r=g","url":"https:\/\/secure.gravatar.com\/avatar\/7ca3206950207cc3cb48feec56a8a7898741ab725c368d99d5d7a5a50aab80c6?s=96&d=mm&r=g","contentUrl":"https:\/\/secure.gravatar.com\/avatar\/7ca3206950207cc3cb48feec56a8a7898741ab725c368d99d5d7a5a50aab80c6?s=96&d=mm&r=g","caption":"Thales Brand\u00e3o"},"description":"Editor Executivo do Portal CidadeMarketing.com.br &gt; Mestre em Comunica\u00e7\u00e3o e Sociedade pela Universidade Federal de Sergipe. Possui MBA Executivo em Administra\u00e7\u00e3o com \u00eanfase em Marketing pela Funda\u00e7\u00e3o Get\u00falio Vargas - Rio de Janeiro. Consultor, Palestrante e Pesquisador sobre Empreendedorismo, Marketing, Redes Sociais e Neg\u00f3cios Digitais. Professor, Palestrante TedxTalks e Campus Party. Twitter: @ThalesBrandao","sameAs":["http:\/\/www.mandacaru.com.br","https:\/\/www.facebook.com\/thalesbrandao","http:\/\/www.instagram.com.br\/thalesbrandaoferreira","https:\/\/www.linkedin.com\/in\/thales-brand\u00e3o-3948609\/","https:\/\/x.com\/http:\/\/www.twitter.com\/thalesbrandao"],"url":"https:\/\/www.cidademarketing.com.br\/marketing\/author\/thalesbrandao\/"}]}},"amp_enabled":true,"_links":{"self":[{"href":"https:\/\/www.cidademarketing.com.br\/marketing\/wp-json\/wp\/v2\/posts\/21296","targetHints":{"allow":["GET"]}}],"collection":[{"href":"https:\/\/www.cidademarketing.com.br\/marketing\/wp-json\/wp\/v2\/posts"}],"about":[{"href":"https:\/\/www.cidademarketing.com.br\/marketing\/wp-json\/wp\/v2\/types\/post"}],"author":[{"embeddable":true,"href":"https:\/\/www.cidademarketing.com.br\/marketing\/wp-json\/wp\/v2\/users\/1"}],"replies":[{"embeddable":true,"href":"https:\/\/www.cidademarketing.com.br\/marketing\/wp-json\/wp\/v2\/comments?post=21296"}],"version-history":[{"count":1,"href":"https:\/\/www.cidademarketing.com.br\/marketing\/wp-json\/wp\/v2\/posts\/21296\/revisions"}],"predecessor-version":[{"id":21298,"href":"https:\/\/www.cidademarketing.com.br\/marketing\/wp-json\/wp\/v2\/posts\/21296\/revisions\/21298"}],"wp:featuredmedia":[{"embeddable":true,"href":"https:\/\/www.cidademarketing.com.br\/marketing\/wp-json\/wp\/v2\/media\/21297"}],"wp:attachment":[{"href":"https:\/\/www.cidademarketing.com.br\/marketing\/wp-json\/wp\/v2\/media?parent=21296"}],"wp:term":[{"taxonomy":"category","embeddable":true,"href":"https:\/\/www.cidademarketing.com.br\/marketing\/wp-json\/wp\/v2\/categories?post=21296"},{"taxonomy":"post_tag","embeddable":true,"href":"https:\/\/www.cidademarketing.com.br\/marketing\/wp-json\/wp\/v2\/tags?post=21296"}],"curies":[{"name":"wp","href":"https:\/\/api.w.org\/{rel}","templated":true}]}}