{"id":21282,"date":"2020-12-16T11:34:45","date_gmt":"2020-12-16T14:34:45","guid":{"rendered":"https:\/\/www.cidademarketing.com.br\/marketing\/?p=21282"},"modified":"2020-12-16T11:35:09","modified_gmt":"2020-12-16T14:35:09","slug":"prf-e-childhood-brasil-lancam-nova-edicao-do-projeto-mapear","status":"publish","type":"post","link":"https:\/\/www.cidademarketing.com.br\/marketing\/2020\/12\/16\/prf-e-childhood-brasil-lancam-nova-edicao-do-projeto-mapear\/","title":{"rendered":"PRF e Childhood Brasil lan\u00e7am nova edi\u00e7\u00e3o do Projeto MAPEAR"},"content":{"rendered":"\n<p>A Pol\u00edcia Rodovi\u00e1ria Federal (PRF), em parceria com a <strong>Childhood Brasil<\/strong>, lan\u00e7a a&nbsp;8\u00aa edi\u00e7\u00e3o do MAPEAR&nbsp;&#8211; levantamento dos Pontos Vulner\u00e1veis \u00e0 Explora\u00e7\u00e3o Sexual de Crian\u00e7as e Adolescentes nas rodovias federais brasileiras. A cada dois anos, as informa\u00e7\u00f5es s\u00e3o consolidadas em um documento, que \u00e9 utilizado como ferramenta preventiva de orienta\u00e7\u00e3o para enfrentamento qualificado e integrado entre \u00f3rg\u00e3os, institui\u00e7\u00f5es e empresas privadas. O documento foi apresentado oficialmente durante o <strong>14\u00ba Encontro Na M\u00e3o Certa<\/strong> pelo diretor-geral da PRF, Eduardo Aggio de S\u00e1.<\/p>\n\n\n\n<p>Entre 2019 e 2020, a PRF apurou 3.651 pontos vulner\u00e1veis nas rodovias federais, sendo 470 qualificados como cr\u00edticos, o que aponta uma redu\u00e7\u00e3o de 0,4% em rela\u00e7\u00e3o ao bi\u00eanio anterior e de 50,8% quando comparado a 2009, em que foram levantados 924 pontos cr\u00edticos. Cerca de 60% dos locais cr\u00edticos se encontram em \u00e1reas urbanas e quase a metade dos vulner\u00e1veis est\u00e3o em postos de combust\u00edvel \u00e0s margens de rodovias.<\/p>\n\n\n\n<p>As regi\u00f5es com maior n\u00famero de pontos vulner\u00e1veis s\u00e3o Nordeste (1.079), Sul (896), Sudeste (710), Centro-Oeste (531) e Norte (435). Os estados do Paran\u00e1, Minas Gerais, Bahia, Goi\u00e1s e Rio Grande do Sul, respectivamente, apresentam a maior incid\u00eancia, segundo a pesquisa. A BR-116 \u2013 a maior a rodovia federal do Brasil &#8211; segue com o maior n\u00famero de pontos cr\u00edticos, por\u00e9m apresentou diminui\u00e7\u00e3o de 30% em rela\u00e7\u00e3o ao bi\u00eanio passado.<\/p>\n\n\n\n<p>O levantamento considera as \u201ccaracter\u00edsticas vulnerabilizadoras\u201d e n\u00e3o somente pontos de efetiva explora\u00e7\u00e3o. Dessa forma, \u00e9 feita uma classifica\u00e7\u00e3o do local e um direcionamento das a\u00e7\u00f5es de forma efetiva no enfrentamento aos crimes de explora\u00e7\u00e3o sexual de crian\u00e7as e adolescentes. Com o mapeamento dos pontos vulner\u00e1veis, as a\u00e7\u00f5es da PRF s\u00e3o mais eficientes tanto no combate aos exploradores, quanto no resgate de crian\u00e7as e adolescentes.<\/p>\n\n\n\n<p>\u201cO enfrentamento \u00e0 explora\u00e7\u00e3o sexual de crian\u00e7as e adolescentes \u00e9 um trabalho complexo e necessita uma atua\u00e7\u00e3o articulada e intersetorial, pois trata-se de um crime multicausal\u201d, explica Eva Dengler, gerente de Programas e Rela\u00e7\u00f5es Empresariais da <strong>Childhood Brasil<\/strong>.<\/p>\n\n\n\n<p>A PRF \u00e9 parte fundamental de um mecanismo que trabalha de maneira articulada em um acordo de coopera\u00e7\u00e3o t\u00e9cnica espec\u00edfico de combate \u00e0 Explora\u00e7\u00e3o Sexual de Crian\u00e7as e Adolescentes com o Minist\u00e9rio da Mulher, da Fam\u00edlia e dos Direitos Humanos, Minist\u00e9rio P\u00fablico do Trabalho e <strong>Childhood Brasil<\/strong>. Den\u00fancias podem ser feitas, inclusive de forma an\u00f4nima, por meio do Disque 100, do Minist\u00e9rio da Mulher, da Fam\u00edlia e dos Direitos Humanos e do n\u00famero de emerg\u00eancia da PRF 191.<\/p>\n\n\n\n<p>Acesse o MAPEAR 2019\/2020 &#8211; <a href=\"http:\/\/www.namaocerta.org.br\/pdf\/mapear2019_2020.pdf\" target=\"_blank\" rel=\"noreferrer noopener\">http:\/\/www.namaocerta.org.br\/pdf\/mapear2019_2020.pdf<\/a><\/p>\n","protected":false},"excerpt":{"rendered":"<p>A Pol\u00edcia Rodovi\u00e1ria Federal (PRF), em parceria com a Childhood Brasil, lan\u00e7a a&nbsp;8\u00aa edi\u00e7\u00e3o do MAPEAR&nbsp;&#8211; levantamento dos Pontos Vulner\u00e1veis \u00e0 Explora\u00e7\u00e3o Sexual de Crian\u00e7as e Adolescentes nas rodovias federais brasileiras. A cada dois anos, as informa\u00e7\u00f5es s\u00e3o consolidadas em um documento, que \u00e9 utilizado como ferramenta preventiva de orienta\u00e7\u00e3o para enfrentamento qualificado e integrado [&hellip;]<\/p>\n","protected":false},"author":1,"featured_media":21283,"comment_status":"open","ping_status":"open","sticky":false,"template":"","format":"standard","meta":{"tdm_status":"","tdm_grid_status":"","footnotes":""},"categories":[6],"tags":[1701,177,1288],"class_list":["post-21282","post","type-post","status-publish","format-standard","has-post-thumbnail","hentry","category-noticias","tag-childhood-brasil","tag-marketing-social","tag-prf"],"yoast_head":"<!-- This site is optimized with the Yoast SEO plugin v27.4 - https:\/\/yoast.com\/product\/yoast-seo-wordpress\/ -->\n<title>PRF e Childhood Brasil lan\u00e7am nova edi\u00e7\u00e3o do Projeto MAPEAR - CidadeMarketing<\/title>\n<meta name=\"robots\" content=\"index, follow, max-snippet:-1, max-image-preview:large, max-video-preview:-1\" \/>\n<link rel=\"canonical\" href=\"https:\/\/www.cidademarketing.com.br\/marketing\/2020\/12\/16\/prf-e-childhood-brasil-lancam-nova-edicao-do-projeto-mapear\/\" \/>\n<meta property=\"og:locale\" content=\"pt_BR\" \/>\n<meta property=\"og:type\" content=\"article\" \/>\n<meta property=\"og:title\" content=\"PRF e Childhood Brasil lan\u00e7am nova edi\u00e7\u00e3o do Projeto MAPEAR - CidadeMarketing\" \/>\n<meta property=\"og:description\" content=\"A Pol\u00edcia Rodovi\u00e1ria Federal (PRF), em parceria com a Childhood Brasil, lan\u00e7a a&nbsp;8\u00aa edi\u00e7\u00e3o do MAPEAR&nbsp;&#8211; levantamento dos Pontos Vulner\u00e1veis \u00e0 Explora\u00e7\u00e3o Sexual de Crian\u00e7as e Adolescentes nas rodovias federais brasileiras. A cada dois anos, as informa\u00e7\u00f5es s\u00e3o consolidadas em um documento, que \u00e9 utilizado como ferramenta preventiva de orienta\u00e7\u00e3o para enfrentamento qualificado e integrado [&hellip;]\" \/>\n<meta property=\"og:url\" content=\"https:\/\/www.cidademarketing.com.br\/marketing\/2020\/12\/16\/prf-e-childhood-brasil-lancam-nova-edicao-do-projeto-mapear\/\" \/>\n<meta property=\"og:site_name\" content=\"CidadeMarketing\" \/>\n<meta property=\"article:publisher\" content=\"https:\/\/www.facebook.com\/portalcidademarketing\" \/>\n<meta property=\"article:author\" content=\"https:\/\/www.facebook.com\/thalesbrandao\" \/>\n<meta property=\"article:published_time\" content=\"2020-12-16T14:34:45+00:00\" \/>\n<meta property=\"article:modified_time\" content=\"2020-12-16T14:35:09+00:00\" \/>\n<meta property=\"og:image\" content=\"https:\/\/www.cidademarketing.com.br\/marketing\/wp-content\/uploads\/2020\/12\/prf.jpg\" \/>\n\t<meta property=\"og:image:width\" content=\"864\" \/>\n\t<meta property=\"og:image:height\" content=\"722\" \/>\n\t<meta property=\"og:image:type\" content=\"image\/jpeg\" \/>\n<meta name=\"author\" content=\"Thales Brand\u00e3o\" \/>\n<meta name=\"twitter:card\" content=\"summary_large_image\" \/>\n<meta name=\"twitter:creator\" content=\"@http:\/\/www.twitter.com\/thalesbrandao\" \/>\n<meta name=\"twitter:site\" content=\"@CidadeMarketing\" \/>\n<meta name=\"twitter:label1\" content=\"Escrito por\" \/>\n\t<meta name=\"twitter:data1\" content=\"Thales Brand\u00e3o\" \/>\n\t<meta name=\"twitter:label2\" content=\"Est. tempo de leitura\" \/>\n\t<meta name=\"twitter:data2\" content=\"2 minutos\" \/>\n<script type=\"application\/ld+json\" class=\"yoast-schema-graph\">{\"@context\":\"https:\\\/\\\/schema.org\",\"@graph\":[{\"@type\":\"Article\",\"@id\":\"https:\\\/\\\/www.cidademarketing.com.br\\\/marketing\\\/2020\\\/12\\\/16\\\/prf-e-childhood-brasil-lancam-nova-edicao-do-projeto-mapear\\\/#article\",\"isPartOf\":{\"@id\":\"https:\\\/\\\/www.cidademarketing.com.br\\\/marketing\\\/2020\\\/12\\\/16\\\/prf-e-childhood-brasil-lancam-nova-edicao-do-projeto-mapear\\\/\"},\"author\":{\"name\":\"Thales Brand\u00e3o\",\"@id\":\"https:\\\/\\\/www.cidademarketing.com.br\\\/marketing\\\/#\\\/schema\\\/person\\\/02daff9f18bd9378c9e01eb6b2db155f\"},\"headline\":\"PRF e Childhood Brasil lan\u00e7am nova edi\u00e7\u00e3o do Projeto MAPEAR\",\"datePublished\":\"2020-12-16T14:34:45+00:00\",\"dateModified\":\"2020-12-16T14:35:09+00:00\",\"mainEntityOfPage\":{\"@id\":\"https:\\\/\\\/www.cidademarketing.com.br\\\/marketing\\\/2020\\\/12\\\/16\\\/prf-e-childhood-brasil-lancam-nova-edicao-do-projeto-mapear\\\/\"},\"wordCount\":468,\"commentCount\":0,\"publisher\":{\"@id\":\"https:\\\/\\\/www.cidademarketing.com.br\\\/marketing\\\/#organization\"},\"image\":{\"@id\":\"https:\\\/\\\/www.cidademarketing.com.br\\\/marketing\\\/2020\\\/12\\\/16\\\/prf-e-childhood-brasil-lancam-nova-edicao-do-projeto-mapear\\\/#primaryimage\"},\"thumbnailUrl\":\"https:\\\/\\\/www.cidademarketing.com.br\\\/marketing\\\/wp-content\\\/uploads\\\/2020\\\/12\\\/prf.jpg\",\"keywords\":[\"Childhood Brasil\",\"marketing social\",\"PRF\"],\"articleSection\":[\"Not\u00edcias\"],\"inLanguage\":\"pt-BR\",\"potentialAction\":[{\"@type\":\"CommentAction\",\"name\":\"Comment\",\"target\":[\"https:\\\/\\\/www.cidademarketing.com.br\\\/marketing\\\/2020\\\/12\\\/16\\\/prf-e-childhood-brasil-lancam-nova-edicao-do-projeto-mapear\\\/#respond\"]}]},{\"@type\":\"WebPage\",\"@id\":\"https:\\\/\\\/www.cidademarketing.com.br\\\/marketing\\\/2020\\\/12\\\/16\\\/prf-e-childhood-brasil-lancam-nova-edicao-do-projeto-mapear\\\/\",\"url\":\"https:\\\/\\\/www.cidademarketing.com.br\\\/marketing\\\/2020\\\/12\\\/16\\\/prf-e-childhood-brasil-lancam-nova-edicao-do-projeto-mapear\\\/\",\"name\":\"PRF e Childhood Brasil lan\u00e7am nova edi\u00e7\u00e3o do Projeto MAPEAR - CidadeMarketing\",\"isPartOf\":{\"@id\":\"https:\\\/\\\/www.cidademarketing.com.br\\\/marketing\\\/#website\"},\"primaryImageOfPage\":{\"@id\":\"https:\\\/\\\/www.cidademarketing.com.br\\\/marketing\\\/2020\\\/12\\\/16\\\/prf-e-childhood-brasil-lancam-nova-edicao-do-projeto-mapear\\\/#primaryimage\"},\"image\":{\"@id\":\"https:\\\/\\\/www.cidademarketing.com.br\\\/marketing\\\/2020\\\/12\\\/16\\\/prf-e-childhood-brasil-lancam-nova-edicao-do-projeto-mapear\\\/#primaryimage\"},\"thumbnailUrl\":\"https:\\\/\\\/www.cidademarketing.com.br\\\/marketing\\\/wp-content\\\/uploads\\\/2020\\\/12\\\/prf.jpg\",\"datePublished\":\"2020-12-16T14:34:45+00:00\",\"dateModified\":\"2020-12-16T14:35:09+00:00\",\"breadcrumb\":{\"@id\":\"https:\\\/\\\/www.cidademarketing.com.br\\\/marketing\\\/2020\\\/12\\\/16\\\/prf-e-childhood-brasil-lancam-nova-edicao-do-projeto-mapear\\\/#breadcrumb\"},\"inLanguage\":\"pt-BR\",\"potentialAction\":[{\"@type\":\"ReadAction\",\"target\":[\"https:\\\/\\\/www.cidademarketing.com.br\\\/marketing\\\/2020\\\/12\\\/16\\\/prf-e-childhood-brasil-lancam-nova-edicao-do-projeto-mapear\\\/\"]}]},{\"@type\":\"ImageObject\",\"inLanguage\":\"pt-BR\",\"@id\":\"https:\\\/\\\/www.cidademarketing.com.br\\\/marketing\\\/2020\\\/12\\\/16\\\/prf-e-childhood-brasil-lancam-nova-edicao-do-projeto-mapear\\\/#primaryimage\",\"url\":\"https:\\\/\\\/www.cidademarketing.com.br\\\/marketing\\\/wp-content\\\/uploads\\\/2020\\\/12\\\/prf.jpg\",\"contentUrl\":\"https:\\\/\\\/www.cidademarketing.com.br\\\/marketing\\\/wp-content\\\/uploads\\\/2020\\\/12\\\/prf.jpg\",\"width\":864,\"height\":722},{\"@type\":\"BreadcrumbList\",\"@id\":\"https:\\\/\\\/www.cidademarketing.com.br\\\/marketing\\\/2020\\\/12\\\/16\\\/prf-e-childhood-brasil-lancam-nova-edicao-do-projeto-mapear\\\/#breadcrumb\",\"itemListElement\":[{\"@type\":\"ListItem\",\"position\":1,\"name\":\"In\u00edcio\",\"item\":\"https:\\\/\\\/www.cidademarketing.com.br\\\/marketing\\\/\"},{\"@type\":\"ListItem\",\"position\":2,\"name\":\"PRF e Childhood Brasil lan\u00e7am nova edi\u00e7\u00e3o do Projeto MAPEAR\"}]},{\"@type\":\"WebSite\",\"@id\":\"https:\\\/\\\/www.cidademarketing.com.br\\\/marketing\\\/#website\",\"url\":\"https:\\\/\\\/www.cidademarketing.com.br\\\/marketing\\\/\",\"name\":\"CidadeMarketing\",\"description\":\"Somos um ve\u00edculo de comunica\u00e7\u00e3o de destaque no Brasil, reconhecido por conte\u00fados nos segmentos de marketing, empreendedorismo e inova\u00e7\u00e3o.\",\"publisher\":{\"@id\":\"https:\\\/\\\/www.cidademarketing.com.br\\\/marketing\\\/#organization\"},\"alternateName\":\"CidadeMarketing\",\"potentialAction\":[{\"@type\":\"SearchAction\",\"target\":{\"@type\":\"EntryPoint\",\"urlTemplate\":\"https:\\\/\\\/www.cidademarketing.com.br\\\/marketing\\\/?s={search_term_string}\"},\"query-input\":{\"@type\":\"PropertyValueSpecification\",\"valueRequired\":true,\"valueName\":\"search_term_string\"}}],\"inLanguage\":\"pt-BR\"},{\"@type\":\"Organization\",\"@id\":\"https:\\\/\\\/www.cidademarketing.com.br\\\/marketing\\\/#organization\",\"name\":\"CidadeMarketing\",\"alternateName\":\"CidadeMarketing\",\"url\":\"https:\\\/\\\/www.cidademarketing.com.br\\\/marketing\\\/\",\"logo\":{\"@type\":\"ImageObject\",\"inLanguage\":\"pt-BR\",\"@id\":\"https:\\\/\\\/www.cidademarketing.com.br\\\/marketing\\\/#\\\/schema\\\/logo\\\/image\\\/\",\"url\":\"https:\\\/\\\/www.cidademarketing.com.br\\\/marketing\\\/wp-content\\\/uploads\\\/2020\\\/01\\\/cidademarketing_marca_mobile.png\",\"contentUrl\":\"https:\\\/\\\/www.cidademarketing.com.br\\\/marketing\\\/wp-content\\\/uploads\\\/2020\\\/01\\\/cidademarketing_marca_mobile.png\",\"width\":230,\"height\":92,\"caption\":\"CidadeMarketing\"},\"image\":{\"@id\":\"https:\\\/\\\/www.cidademarketing.com.br\\\/marketing\\\/#\\\/schema\\\/logo\\\/image\\\/\"},\"sameAs\":[\"https:\\\/\\\/www.facebook.com\\\/portalcidademarketing\",\"https:\\\/\\\/x.com\\\/CidadeMarketing\",\"https:\\\/\\\/www.instagram.com\\\/cidademarketing\\\/\"]},{\"@type\":\"Person\",\"@id\":\"https:\\\/\\\/www.cidademarketing.com.br\\\/marketing\\\/#\\\/schema\\\/person\\\/02daff9f18bd9378c9e01eb6b2db155f\",\"name\":\"Thales Brand\u00e3o\",\"image\":{\"@type\":\"ImageObject\",\"inLanguage\":\"pt-BR\",\"@id\":\"https:\\\/\\\/secure.gravatar.com\\\/avatar\\\/7ca3206950207cc3cb48feec56a8a7898741ab725c368d99d5d7a5a50aab80c6?s=96&d=mm&r=g\",\"url\":\"https:\\\/\\\/secure.gravatar.com\\\/avatar\\\/7ca3206950207cc3cb48feec56a8a7898741ab725c368d99d5d7a5a50aab80c6?s=96&d=mm&r=g\",\"contentUrl\":\"https:\\\/\\\/secure.gravatar.com\\\/avatar\\\/7ca3206950207cc3cb48feec56a8a7898741ab725c368d99d5d7a5a50aab80c6?s=96&d=mm&r=g\",\"caption\":\"Thales Brand\u00e3o\"},\"description\":\"Editor Executivo do Portal CidadeMarketing.com.br &gt; Mestre em Comunica\u00e7\u00e3o e Sociedade pela Universidade Federal de Sergipe. Possui MBA Executivo em Administra\u00e7\u00e3o com \u00eanfase em Marketing pela Funda\u00e7\u00e3o Get\u00falio Vargas - Rio de Janeiro. Consultor, Palestrante e Pesquisador sobre Empreendedorismo, Marketing, Redes Sociais e Neg\u00f3cios Digitais. Professor, Palestrante TedxTalks e Campus Party. Twitter: @ThalesBrandao\",\"sameAs\":[\"http:\\\/\\\/www.mandacaru.com.br\",\"https:\\\/\\\/www.facebook.com\\\/thalesbrandao\",\"http:\\\/\\\/www.instagram.com.br\\\/thalesbrandaoferreira\",\"https:\\\/\\\/www.linkedin.com\\\/in\\\/thales-brand\u00e3o-3948609\\\/\",\"https:\\\/\\\/x.com\\\/http:\\\/\\\/www.twitter.com\\\/thalesbrandao\"],\"url\":\"https:\\\/\\\/www.cidademarketing.com.br\\\/marketing\\\/author\\\/thalesbrandao\\\/\"}]}<\/script>\n<!-- \/ Yoast SEO plugin. -->","yoast_head_json":{"title":"PRF e Childhood Brasil lan\u00e7am nova edi\u00e7\u00e3o do Projeto MAPEAR - CidadeMarketing","robots":{"index":"index","follow":"follow","max-snippet":"max-snippet:-1","max-image-preview":"max-image-preview:large","max-video-preview":"max-video-preview:-1"},"canonical":"https:\/\/www.cidademarketing.com.br\/marketing\/2020\/12\/16\/prf-e-childhood-brasil-lancam-nova-edicao-do-projeto-mapear\/","og_locale":"pt_BR","og_type":"article","og_title":"PRF e Childhood Brasil lan\u00e7am nova edi\u00e7\u00e3o do Projeto MAPEAR - CidadeMarketing","og_description":"A Pol\u00edcia Rodovi\u00e1ria Federal (PRF), em parceria com a Childhood Brasil, lan\u00e7a a&nbsp;8\u00aa edi\u00e7\u00e3o do MAPEAR&nbsp;&#8211; levantamento dos Pontos Vulner\u00e1veis \u00e0 Explora\u00e7\u00e3o Sexual de Crian\u00e7as e Adolescentes nas rodovias federais brasileiras. A cada dois anos, as informa\u00e7\u00f5es s\u00e3o consolidadas em um documento, que \u00e9 utilizado como ferramenta preventiva de orienta\u00e7\u00e3o para enfrentamento qualificado e integrado [&hellip;]","og_url":"https:\/\/www.cidademarketing.com.br\/marketing\/2020\/12\/16\/prf-e-childhood-brasil-lancam-nova-edicao-do-projeto-mapear\/","og_site_name":"CidadeMarketing","article_publisher":"https:\/\/www.facebook.com\/portalcidademarketing","article_author":"https:\/\/www.facebook.com\/thalesbrandao","article_published_time":"2020-12-16T14:34:45+00:00","article_modified_time":"2020-12-16T14:35:09+00:00","og_image":[{"width":864,"height":722,"url":"https:\/\/www.cidademarketing.com.br\/marketing\/wp-content\/uploads\/2020\/12\/prf.jpg","type":"image\/jpeg"}],"author":"Thales Brand\u00e3o","twitter_card":"summary_large_image","twitter_creator":"@http:\/\/www.twitter.com\/thalesbrandao","twitter_site":"@CidadeMarketing","twitter_misc":{"Escrito por":"Thales Brand\u00e3o","Est. tempo de leitura":"2 minutos"},"schema":{"@context":"https:\/\/schema.org","@graph":[{"@type":"Article","@id":"https:\/\/www.cidademarketing.com.br\/marketing\/2020\/12\/16\/prf-e-childhood-brasil-lancam-nova-edicao-do-projeto-mapear\/#article","isPartOf":{"@id":"https:\/\/www.cidademarketing.com.br\/marketing\/2020\/12\/16\/prf-e-childhood-brasil-lancam-nova-edicao-do-projeto-mapear\/"},"author":{"name":"Thales Brand\u00e3o","@id":"https:\/\/www.cidademarketing.com.br\/marketing\/#\/schema\/person\/02daff9f18bd9378c9e01eb6b2db155f"},"headline":"PRF e Childhood Brasil lan\u00e7am nova edi\u00e7\u00e3o do Projeto MAPEAR","datePublished":"2020-12-16T14:34:45+00:00","dateModified":"2020-12-16T14:35:09+00:00","mainEntityOfPage":{"@id":"https:\/\/www.cidademarketing.com.br\/marketing\/2020\/12\/16\/prf-e-childhood-brasil-lancam-nova-edicao-do-projeto-mapear\/"},"wordCount":468,"commentCount":0,"publisher":{"@id":"https:\/\/www.cidademarketing.com.br\/marketing\/#organization"},"image":{"@id":"https:\/\/www.cidademarketing.com.br\/marketing\/2020\/12\/16\/prf-e-childhood-brasil-lancam-nova-edicao-do-projeto-mapear\/#primaryimage"},"thumbnailUrl":"https:\/\/www.cidademarketing.com.br\/marketing\/wp-content\/uploads\/2020\/12\/prf.jpg","keywords":["Childhood Brasil","marketing social","PRF"],"articleSection":["Not\u00edcias"],"inLanguage":"pt-BR","potentialAction":[{"@type":"CommentAction","name":"Comment","target":["https:\/\/www.cidademarketing.com.br\/marketing\/2020\/12\/16\/prf-e-childhood-brasil-lancam-nova-edicao-do-projeto-mapear\/#respond"]}]},{"@type":"WebPage","@id":"https:\/\/www.cidademarketing.com.br\/marketing\/2020\/12\/16\/prf-e-childhood-brasil-lancam-nova-edicao-do-projeto-mapear\/","url":"https:\/\/www.cidademarketing.com.br\/marketing\/2020\/12\/16\/prf-e-childhood-brasil-lancam-nova-edicao-do-projeto-mapear\/","name":"PRF e Childhood Brasil lan\u00e7am nova edi\u00e7\u00e3o do Projeto MAPEAR - CidadeMarketing","isPartOf":{"@id":"https:\/\/www.cidademarketing.com.br\/marketing\/#website"},"primaryImageOfPage":{"@id":"https:\/\/www.cidademarketing.com.br\/marketing\/2020\/12\/16\/prf-e-childhood-brasil-lancam-nova-edicao-do-projeto-mapear\/#primaryimage"},"image":{"@id":"https:\/\/www.cidademarketing.com.br\/marketing\/2020\/12\/16\/prf-e-childhood-brasil-lancam-nova-edicao-do-projeto-mapear\/#primaryimage"},"thumbnailUrl":"https:\/\/www.cidademarketing.com.br\/marketing\/wp-content\/uploads\/2020\/12\/prf.jpg","datePublished":"2020-12-16T14:34:45+00:00","dateModified":"2020-12-16T14:35:09+00:00","breadcrumb":{"@id":"https:\/\/www.cidademarketing.com.br\/marketing\/2020\/12\/16\/prf-e-childhood-brasil-lancam-nova-edicao-do-projeto-mapear\/#breadcrumb"},"inLanguage":"pt-BR","potentialAction":[{"@type":"ReadAction","target":["https:\/\/www.cidademarketing.com.br\/marketing\/2020\/12\/16\/prf-e-childhood-brasil-lancam-nova-edicao-do-projeto-mapear\/"]}]},{"@type":"ImageObject","inLanguage":"pt-BR","@id":"https:\/\/www.cidademarketing.com.br\/marketing\/2020\/12\/16\/prf-e-childhood-brasil-lancam-nova-edicao-do-projeto-mapear\/#primaryimage","url":"https:\/\/www.cidademarketing.com.br\/marketing\/wp-content\/uploads\/2020\/12\/prf.jpg","contentUrl":"https:\/\/www.cidademarketing.com.br\/marketing\/wp-content\/uploads\/2020\/12\/prf.jpg","width":864,"height":722},{"@type":"BreadcrumbList","@id":"https:\/\/www.cidademarketing.com.br\/marketing\/2020\/12\/16\/prf-e-childhood-brasil-lancam-nova-edicao-do-projeto-mapear\/#breadcrumb","itemListElement":[{"@type":"ListItem","position":1,"name":"In\u00edcio","item":"https:\/\/www.cidademarketing.com.br\/marketing\/"},{"@type":"ListItem","position":2,"name":"PRF e Childhood Brasil lan\u00e7am nova edi\u00e7\u00e3o do Projeto MAPEAR"}]},{"@type":"WebSite","@id":"https:\/\/www.cidademarketing.com.br\/marketing\/#website","url":"https:\/\/www.cidademarketing.com.br\/marketing\/","name":"CidadeMarketing","description":"Somos um ve\u00edculo de comunica\u00e7\u00e3o de destaque no Brasil, reconhecido por conte\u00fados nos segmentos de marketing, empreendedorismo e inova\u00e7\u00e3o.","publisher":{"@id":"https:\/\/www.cidademarketing.com.br\/marketing\/#organization"},"alternateName":"CidadeMarketing","potentialAction":[{"@type":"SearchAction","target":{"@type":"EntryPoint","urlTemplate":"https:\/\/www.cidademarketing.com.br\/marketing\/?s={search_term_string}"},"query-input":{"@type":"PropertyValueSpecification","valueRequired":true,"valueName":"search_term_string"}}],"inLanguage":"pt-BR"},{"@type":"Organization","@id":"https:\/\/www.cidademarketing.com.br\/marketing\/#organization","name":"CidadeMarketing","alternateName":"CidadeMarketing","url":"https:\/\/www.cidademarketing.com.br\/marketing\/","logo":{"@type":"ImageObject","inLanguage":"pt-BR","@id":"https:\/\/www.cidademarketing.com.br\/marketing\/#\/schema\/logo\/image\/","url":"https:\/\/www.cidademarketing.com.br\/marketing\/wp-content\/uploads\/2020\/01\/cidademarketing_marca_mobile.png","contentUrl":"https:\/\/www.cidademarketing.com.br\/marketing\/wp-content\/uploads\/2020\/01\/cidademarketing_marca_mobile.png","width":230,"height":92,"caption":"CidadeMarketing"},"image":{"@id":"https:\/\/www.cidademarketing.com.br\/marketing\/#\/schema\/logo\/image\/"},"sameAs":["https:\/\/www.facebook.com\/portalcidademarketing","https:\/\/x.com\/CidadeMarketing","https:\/\/www.instagram.com\/cidademarketing\/"]},{"@type":"Person","@id":"https:\/\/www.cidademarketing.com.br\/marketing\/#\/schema\/person\/02daff9f18bd9378c9e01eb6b2db155f","name":"Thales Brand\u00e3o","image":{"@type":"ImageObject","inLanguage":"pt-BR","@id":"https:\/\/secure.gravatar.com\/avatar\/7ca3206950207cc3cb48feec56a8a7898741ab725c368d99d5d7a5a50aab80c6?s=96&d=mm&r=g","url":"https:\/\/secure.gravatar.com\/avatar\/7ca3206950207cc3cb48feec56a8a7898741ab725c368d99d5d7a5a50aab80c6?s=96&d=mm&r=g","contentUrl":"https:\/\/secure.gravatar.com\/avatar\/7ca3206950207cc3cb48feec56a8a7898741ab725c368d99d5d7a5a50aab80c6?s=96&d=mm&r=g","caption":"Thales Brand\u00e3o"},"description":"Editor Executivo do Portal CidadeMarketing.com.br &gt; Mestre em Comunica\u00e7\u00e3o e Sociedade pela Universidade Federal de Sergipe. Possui MBA Executivo em Administra\u00e7\u00e3o com \u00eanfase em Marketing pela Funda\u00e7\u00e3o Get\u00falio Vargas - Rio de Janeiro. Consultor, Palestrante e Pesquisador sobre Empreendedorismo, Marketing, Redes Sociais e Neg\u00f3cios Digitais. Professor, Palestrante TedxTalks e Campus Party. Twitter: @ThalesBrandao","sameAs":["http:\/\/www.mandacaru.com.br","https:\/\/www.facebook.com\/thalesbrandao","http:\/\/www.instagram.com.br\/thalesbrandaoferreira","https:\/\/www.linkedin.com\/in\/thales-brand\u00e3o-3948609\/","https:\/\/x.com\/http:\/\/www.twitter.com\/thalesbrandao"],"url":"https:\/\/www.cidademarketing.com.br\/marketing\/author\/thalesbrandao\/"}]}},"amp_enabled":true,"_links":{"self":[{"href":"https:\/\/www.cidademarketing.com.br\/marketing\/wp-json\/wp\/v2\/posts\/21282","targetHints":{"allow":["GET"]}}],"collection":[{"href":"https:\/\/www.cidademarketing.com.br\/marketing\/wp-json\/wp\/v2\/posts"}],"about":[{"href":"https:\/\/www.cidademarketing.com.br\/marketing\/wp-json\/wp\/v2\/types\/post"}],"author":[{"embeddable":true,"href":"https:\/\/www.cidademarketing.com.br\/marketing\/wp-json\/wp\/v2\/users\/1"}],"replies":[{"embeddable":true,"href":"https:\/\/www.cidademarketing.com.br\/marketing\/wp-json\/wp\/v2\/comments?post=21282"}],"version-history":[{"count":1,"href":"https:\/\/www.cidademarketing.com.br\/marketing\/wp-json\/wp\/v2\/posts\/21282\/revisions"}],"predecessor-version":[{"id":21284,"href":"https:\/\/www.cidademarketing.com.br\/marketing\/wp-json\/wp\/v2\/posts\/21282\/revisions\/21284"}],"wp:featuredmedia":[{"embeddable":true,"href":"https:\/\/www.cidademarketing.com.br\/marketing\/wp-json\/wp\/v2\/media\/21283"}],"wp:attachment":[{"href":"https:\/\/www.cidademarketing.com.br\/marketing\/wp-json\/wp\/v2\/media?parent=21282"}],"wp:term":[{"taxonomy":"category","embeddable":true,"href":"https:\/\/www.cidademarketing.com.br\/marketing\/wp-json\/wp\/v2\/categories?post=21282"},{"taxonomy":"post_tag","embeddable":true,"href":"https:\/\/www.cidademarketing.com.br\/marketing\/wp-json\/wp\/v2\/tags?post=21282"}],"curies":[{"name":"wp","href":"https:\/\/api.w.org\/{rel}","templated":true}]}}