{"id":21279,"date":"2020-12-16T10:44:14","date_gmt":"2020-12-16T13:44:14","guid":{"rendered":"https:\/\/www.cidademarketing.com.br\/marketing\/?p=21279"},"modified":"2020-12-16T10:44:19","modified_gmt":"2020-12-16T13:44:19","slug":"nba-e-band-anunciam-renovacao-e-acordo-de-longo-prazo-antes-do-inicio-da-temporada-2020-2021","status":"publish","type":"post","link":"https:\/\/www.cidademarketing.com.br\/marketing\/2020\/12\/16\/nba-e-band-anunciam-renovacao-e-acordo-de-longo-prazo-antes-do-inicio-da-temporada-2020-2021\/","title":{"rendered":"NBA e Band anunciam renova\u00e7\u00e3o e acordo de longo prazo antes do in\u00edcio da temporada 2020-2021"},"content":{"rendered":"\n<p>A NBA (National Basketball Association) e a Band anunciaram nesta quarta-feira, dia 16, a renova\u00e7\u00e3o do contrato entre as partes com a assinatura de uma extens\u00e3o de longo prazo para o mercado brasileiro. O acordo com a emissora prev\u00ea a exibi\u00e7\u00e3o de duas partidas ao vivo por semana (normalmente \u00e0s quintas-feiras e domingos), al\u00e9m da transmiss\u00e3o de jogos dos Playoffs &#8211; incluindo s\u00e9rie decisiva de confer\u00eancia &#8211; e das Finais 2021 na TV aberta, a partir da temporada 2020-2021, que tem in\u00edcio no dia 22 de dezembro. Ao todo ser\u00e3o mais de 50 partidas (temporada regular e p\u00f3s-temporada) e a primeira transmiss\u00e3o ser\u00e1 no dia 27, no confronto entre Golden State Warriors x Chicago Bulls, direto do United Center, em Chicago (22h \/ hor\u00e1rio de Bras\u00edlia).<\/p>\n\n\n\n<p>&#8211; Ter uma parceria de longo prazo como a Band, com a for\u00e7a e o alcance da TV aberta, \u00e9 fundamental para a populariza\u00e7\u00e3o do esporte e muito importante para que os brasileiros estejam cada vez mais pr\u00f3ximos da NBA. Temos uma longa hist\u00f3ria com a Band, uma parceria que come\u00e7ou h\u00e1 muitos anos, no fim da d\u00e9cada de 80, e que foi retomada recentemente com enorme sucesso &#8211; afirmou Rodrigo Vicentini, Head da NBA no Brasil.<\/p>\n\n\n\n<p>&#8211; Depois de um &#8216;noivado&#8217; cheio de alegrias e bons resultados, resolvemos &#8216;casar&#8217; e come\u00e7amos uma parceria duradoura. Temos o melhor basquete do mundo com uma equipe brilhante no canal do esporte. Essa combina\u00e7\u00e3o n\u00e3o tem como dar errado &#8211; afirma Rodolfo Schneider, Diretor-Executivo de Jornalismo e Esportes da Band.<\/p>\n\n\n\n<p>&#8211; NBA na Band \u00e9 tradi\u00e7\u00e3o. Vamos com tudo para mais uma temporada com o melhor basquete do mundo. Temos certeza que a audi\u00eancia Band vai curtir e para este novo ciclo teremos mais jogos e muito mais conte\u00fado dentro dos nossos programas, dentro do &#8216;Show do Esporte&#8217;. Se os times da Liga s\u00e3o fortes, podemos dizer que o nosso tamb\u00e9m vir\u00e1. Estamos ansiosos pelo come\u00e7o dos jogos &#8211; refor\u00e7a Denis Gavazzi, Diretor de Esportes da emissora.<\/p>\n\n\n\n<p>Al\u00e9m de confrontos da temporada 2020-2021, a Band ter\u00e1 direitos de exibi\u00e7\u00e3o de conte\u00fado produzido pela NBA nos programas esportivos e telejornais. A emissora paulista foi pioneira nas transmiss\u00f5es da NBA para o Brasil. Em 1987, a Band exibiu os primeiros jogos, ainda em reprise, de partidas das Finais da temporada 1985-1986 (Boston Celtics venceu o Houston Rockets). Em 1988-1989, passou a transmitir uma quantidade maior de jogos at\u00e9 que, em 1989-1990, exibiu jogos semanalmente ao longo de toda a temporada.<\/p>\n\n\n\n<p>Para mais informa\u00e7\u00f5es sobre as iniciativas da NBA no Brasil, acesse as redes sociais da liga no pa\u00eds: Facebook (Facebook.com\/NBABrasil), Instagram (@NBABrasil), Twitter (@NBABrasil), TikTok (@NBA_Brasil) e Youtube (@NBABrasil).<\/p>\n","protected":false},"excerpt":{"rendered":"<p>A NBA (National Basketball Association) e a Band anunciaram nesta quarta-feira, dia 16, a renova\u00e7\u00e3o do contrato entre as partes com a assinatura de uma extens\u00e3o de longo prazo para o mercado brasileiro. O acordo com a emissora prev\u00ea a exibi\u00e7\u00e3o de duas partidas ao vivo por semana (normalmente \u00e0s quintas-feiras e domingos), al\u00e9m da [&hellip;]<\/p>\n","protected":false},"author":1,"featured_media":14783,"comment_status":"open","ping_status":"open","sticky":false,"template":"","format":"standard","meta":{"tdm_status":"","tdm_grid_status":"","footnotes":""},"categories":[6],"tags":[33,28,2866],"class_list":["post-21279","post","type-post","status-publish","format-standard","has-post-thumbnail","hentry","category-noticias","tag-estrategia","tag-marketing","tag-nba"],"yoast_head":"<!-- This site is optimized with the Yoast SEO plugin v27.5 - https:\/\/yoast.com\/product\/yoast-seo-wordpress\/ -->\n<title>NBA e Band anunciam renova\u00e7\u00e3o e acordo de longo prazo antes do in\u00edcio da temporada 2020-2021 - CidadeMarketing<\/title>\n<meta name=\"robots\" content=\"index, follow, max-snippet:-1, max-image-preview:large, max-video-preview:-1\" \/>\n<link rel=\"canonical\" href=\"https:\/\/www.cidademarketing.com.br\/marketing\/2020\/12\/16\/nba-e-band-anunciam-renovacao-e-acordo-de-longo-prazo-antes-do-inicio-da-temporada-2020-2021\/\" \/>\n<meta property=\"og:locale\" content=\"pt_BR\" \/>\n<meta property=\"og:type\" content=\"article\" \/>\n<meta property=\"og:title\" content=\"NBA e Band anunciam renova\u00e7\u00e3o e acordo de longo prazo antes do in\u00edcio da temporada 2020-2021 - CidadeMarketing\" \/>\n<meta property=\"og:description\" content=\"A NBA (National Basketball Association) e a Band anunciaram nesta quarta-feira, dia 16, a renova\u00e7\u00e3o do contrato entre as partes com a assinatura de uma extens\u00e3o de longo prazo para o mercado brasileiro. O acordo com a emissora prev\u00ea a exibi\u00e7\u00e3o de duas partidas ao vivo por semana (normalmente \u00e0s quintas-feiras e domingos), al\u00e9m da [&hellip;]\" \/>\n<meta property=\"og:url\" content=\"https:\/\/www.cidademarketing.com.br\/marketing\/2020\/12\/16\/nba-e-band-anunciam-renovacao-e-acordo-de-longo-prazo-antes-do-inicio-da-temporada-2020-2021\/\" \/>\n<meta property=\"og:site_name\" content=\"CidadeMarketing\" \/>\n<meta property=\"article:publisher\" content=\"https:\/\/www.facebook.com\/portalcidademarketing\" \/>\n<meta property=\"article:author\" content=\"https:\/\/www.facebook.com\/thalesbrandao\" \/>\n<meta property=\"article:published_time\" content=\"2020-12-16T13:44:14+00:00\" \/>\n<meta property=\"article:modified_time\" content=\"2020-12-16T13:44:19+00:00\" \/>\n<meta property=\"og:image\" content=\"https:\/\/www.cidademarketing.com.br\/marketing\/wp-content\/uploads\/2020\/03\/nba.jpg\" \/>\n\t<meta property=\"og:image:width\" content=\"1024\" \/>\n\t<meta property=\"og:image:height\" content=\"512\" \/>\n\t<meta property=\"og:image:type\" content=\"image\/jpeg\" \/>\n<meta name=\"author\" content=\"Thales Brand\u00e3o\" \/>\n<meta name=\"twitter:card\" content=\"summary_large_image\" \/>\n<meta name=\"twitter:creator\" content=\"@http:\/\/www.twitter.com\/thalesbrandao\" \/>\n<meta name=\"twitter:site\" content=\"@CidadeMarketing\" \/>\n<meta name=\"twitter:label1\" content=\"Escrito por\" \/>\n\t<meta name=\"twitter:data1\" content=\"Thales Brand\u00e3o\" \/>\n\t<meta name=\"twitter:label2\" content=\"Est. tempo de leitura\" \/>\n\t<meta name=\"twitter:data2\" content=\"2 minutos\" \/>\n<script type=\"application\/ld+json\" class=\"yoast-schema-graph\">{\"@context\":\"https:\\\/\\\/schema.org\",\"@graph\":[{\"@type\":\"Article\",\"@id\":\"https:\\\/\\\/www.cidademarketing.com.br\\\/marketing\\\/2020\\\/12\\\/16\\\/nba-e-band-anunciam-renovacao-e-acordo-de-longo-prazo-antes-do-inicio-da-temporada-2020-2021\\\/#article\",\"isPartOf\":{\"@id\":\"https:\\\/\\\/www.cidademarketing.com.br\\\/marketing\\\/2020\\\/12\\\/16\\\/nba-e-band-anunciam-renovacao-e-acordo-de-longo-prazo-antes-do-inicio-da-temporada-2020-2021\\\/\"},\"author\":{\"name\":\"Thales Brand\u00e3o\",\"@id\":\"https:\\\/\\\/www.cidademarketing.com.br\\\/marketing\\\/#\\\/schema\\\/person\\\/02daff9f18bd9378c9e01eb6b2db155f\"},\"headline\":\"NBA e Band anunciam renova\u00e7\u00e3o e acordo de longo prazo antes do in\u00edcio da temporada 2020-2021\",\"datePublished\":\"2020-12-16T13:44:14+00:00\",\"dateModified\":\"2020-12-16T13:44:19+00:00\",\"mainEntityOfPage\":{\"@id\":\"https:\\\/\\\/www.cidademarketing.com.br\\\/marketing\\\/2020\\\/12\\\/16\\\/nba-e-band-anunciam-renovacao-e-acordo-de-longo-prazo-antes-do-inicio-da-temporada-2020-2021\\\/\"},\"wordCount\":486,\"commentCount\":0,\"publisher\":{\"@id\":\"https:\\\/\\\/www.cidademarketing.com.br\\\/marketing\\\/#organization\"},\"image\":{\"@id\":\"https:\\\/\\\/www.cidademarketing.com.br\\\/marketing\\\/2020\\\/12\\\/16\\\/nba-e-band-anunciam-renovacao-e-acordo-de-longo-prazo-antes-do-inicio-da-temporada-2020-2021\\\/#primaryimage\"},\"thumbnailUrl\":\"https:\\\/\\\/www.cidademarketing.com.br\\\/marketing\\\/wp-content\\\/uploads\\\/2020\\\/03\\\/nba.jpg\",\"keywords\":[\"estrat\u00e9gia\",\"marketing\",\"NBA\"],\"articleSection\":[\"Not\u00edcias\"],\"inLanguage\":\"pt-BR\",\"potentialAction\":[{\"@type\":\"CommentAction\",\"name\":\"Comment\",\"target\":[\"https:\\\/\\\/www.cidademarketing.com.br\\\/marketing\\\/2020\\\/12\\\/16\\\/nba-e-band-anunciam-renovacao-e-acordo-de-longo-prazo-antes-do-inicio-da-temporada-2020-2021\\\/#respond\"]}]},{\"@type\":\"WebPage\",\"@id\":\"https:\\\/\\\/www.cidademarketing.com.br\\\/marketing\\\/2020\\\/12\\\/16\\\/nba-e-band-anunciam-renovacao-e-acordo-de-longo-prazo-antes-do-inicio-da-temporada-2020-2021\\\/\",\"url\":\"https:\\\/\\\/www.cidademarketing.com.br\\\/marketing\\\/2020\\\/12\\\/16\\\/nba-e-band-anunciam-renovacao-e-acordo-de-longo-prazo-antes-do-inicio-da-temporada-2020-2021\\\/\",\"name\":\"NBA e Band anunciam renova\u00e7\u00e3o e acordo de longo prazo antes do in\u00edcio da temporada 2020-2021 - CidadeMarketing\",\"isPartOf\":{\"@id\":\"https:\\\/\\\/www.cidademarketing.com.br\\\/marketing\\\/#website\"},\"primaryImageOfPage\":{\"@id\":\"https:\\\/\\\/www.cidademarketing.com.br\\\/marketing\\\/2020\\\/12\\\/16\\\/nba-e-band-anunciam-renovacao-e-acordo-de-longo-prazo-antes-do-inicio-da-temporada-2020-2021\\\/#primaryimage\"},\"image\":{\"@id\":\"https:\\\/\\\/www.cidademarketing.com.br\\\/marketing\\\/2020\\\/12\\\/16\\\/nba-e-band-anunciam-renovacao-e-acordo-de-longo-prazo-antes-do-inicio-da-temporada-2020-2021\\\/#primaryimage\"},\"thumbnailUrl\":\"https:\\\/\\\/www.cidademarketing.com.br\\\/marketing\\\/wp-content\\\/uploads\\\/2020\\\/03\\\/nba.jpg\",\"datePublished\":\"2020-12-16T13:44:14+00:00\",\"dateModified\":\"2020-12-16T13:44:19+00:00\",\"breadcrumb\":{\"@id\":\"https:\\\/\\\/www.cidademarketing.com.br\\\/marketing\\\/2020\\\/12\\\/16\\\/nba-e-band-anunciam-renovacao-e-acordo-de-longo-prazo-antes-do-inicio-da-temporada-2020-2021\\\/#breadcrumb\"},\"inLanguage\":\"pt-BR\",\"potentialAction\":[{\"@type\":\"ReadAction\",\"target\":[\"https:\\\/\\\/www.cidademarketing.com.br\\\/marketing\\\/2020\\\/12\\\/16\\\/nba-e-band-anunciam-renovacao-e-acordo-de-longo-prazo-antes-do-inicio-da-temporada-2020-2021\\\/\"]}]},{\"@type\":\"ImageObject\",\"inLanguage\":\"pt-BR\",\"@id\":\"https:\\\/\\\/www.cidademarketing.com.br\\\/marketing\\\/2020\\\/12\\\/16\\\/nba-e-band-anunciam-renovacao-e-acordo-de-longo-prazo-antes-do-inicio-da-temporada-2020-2021\\\/#primaryimage\",\"url\":\"https:\\\/\\\/www.cidademarketing.com.br\\\/marketing\\\/wp-content\\\/uploads\\\/2020\\\/03\\\/nba.jpg\",\"contentUrl\":\"https:\\\/\\\/www.cidademarketing.com.br\\\/marketing\\\/wp-content\\\/uploads\\\/2020\\\/03\\\/nba.jpg\",\"width\":1024,\"height\":512},{\"@type\":\"BreadcrumbList\",\"@id\":\"https:\\\/\\\/www.cidademarketing.com.br\\\/marketing\\\/2020\\\/12\\\/16\\\/nba-e-band-anunciam-renovacao-e-acordo-de-longo-prazo-antes-do-inicio-da-temporada-2020-2021\\\/#breadcrumb\",\"itemListElement\":[{\"@type\":\"ListItem\",\"position\":1,\"name\":\"In\u00edcio\",\"item\":\"https:\\\/\\\/www.cidademarketing.com.br\\\/marketing\\\/\"},{\"@type\":\"ListItem\",\"position\":2,\"name\":\"NBA e Band anunciam renova\u00e7\u00e3o e acordo de longo prazo antes do in\u00edcio da temporada 2020-2021\"}]},{\"@type\":\"WebSite\",\"@id\":\"https:\\\/\\\/www.cidademarketing.com.br\\\/marketing\\\/#website\",\"url\":\"https:\\\/\\\/www.cidademarketing.com.br\\\/marketing\\\/\",\"name\":\"CidadeMarketing\",\"description\":\"Somos um ve\u00edculo de comunica\u00e7\u00e3o de destaque no Brasil, reconhecido por conte\u00fados nos segmentos de marketing, empreendedorismo e inova\u00e7\u00e3o.\",\"publisher\":{\"@id\":\"https:\\\/\\\/www.cidademarketing.com.br\\\/marketing\\\/#organization\"},\"alternateName\":\"CidadeMarketing\",\"potentialAction\":[{\"@type\":\"SearchAction\",\"target\":{\"@type\":\"EntryPoint\",\"urlTemplate\":\"https:\\\/\\\/www.cidademarketing.com.br\\\/marketing\\\/?s={search_term_string}\"},\"query-input\":{\"@type\":\"PropertyValueSpecification\",\"valueRequired\":true,\"valueName\":\"search_term_string\"}}],\"inLanguage\":\"pt-BR\"},{\"@type\":\"Organization\",\"@id\":\"https:\\\/\\\/www.cidademarketing.com.br\\\/marketing\\\/#organization\",\"name\":\"CidadeMarketing\",\"alternateName\":\"CidadeMarketing\",\"url\":\"https:\\\/\\\/www.cidademarketing.com.br\\\/marketing\\\/\",\"logo\":{\"@type\":\"ImageObject\",\"inLanguage\":\"pt-BR\",\"@id\":\"https:\\\/\\\/www.cidademarketing.com.br\\\/marketing\\\/#\\\/schema\\\/logo\\\/image\\\/\",\"url\":\"https:\\\/\\\/www.cidademarketing.com.br\\\/marketing\\\/wp-content\\\/uploads\\\/2020\\\/01\\\/cidademarketing_marca_mobile.png\",\"contentUrl\":\"https:\\\/\\\/www.cidademarketing.com.br\\\/marketing\\\/wp-content\\\/uploads\\\/2020\\\/01\\\/cidademarketing_marca_mobile.png\",\"width\":230,\"height\":92,\"caption\":\"CidadeMarketing\"},\"image\":{\"@id\":\"https:\\\/\\\/www.cidademarketing.com.br\\\/marketing\\\/#\\\/schema\\\/logo\\\/image\\\/\"},\"sameAs\":[\"https:\\\/\\\/www.facebook.com\\\/portalcidademarketing\",\"https:\\\/\\\/x.com\\\/CidadeMarketing\",\"https:\\\/\\\/www.instagram.com\\\/cidademarketing\\\/\"]},{\"@type\":\"Person\",\"@id\":\"https:\\\/\\\/www.cidademarketing.com.br\\\/marketing\\\/#\\\/schema\\\/person\\\/02daff9f18bd9378c9e01eb6b2db155f\",\"name\":\"Thales Brand\u00e3o\",\"image\":{\"@type\":\"ImageObject\",\"inLanguage\":\"pt-BR\",\"@id\":\"https:\\\/\\\/secure.gravatar.com\\\/avatar\\\/7ca3206950207cc3cb48feec56a8a7898741ab725c368d99d5d7a5a50aab80c6?s=96&d=mm&r=g\",\"url\":\"https:\\\/\\\/secure.gravatar.com\\\/avatar\\\/7ca3206950207cc3cb48feec56a8a7898741ab725c368d99d5d7a5a50aab80c6?s=96&d=mm&r=g\",\"contentUrl\":\"https:\\\/\\\/secure.gravatar.com\\\/avatar\\\/7ca3206950207cc3cb48feec56a8a7898741ab725c368d99d5d7a5a50aab80c6?s=96&d=mm&r=g\",\"caption\":\"Thales Brand\u00e3o\"},\"description\":\"Editor Executivo do Portal CidadeMarketing.com.br &gt; Mestre em Comunica\u00e7\u00e3o e Sociedade pela Universidade Federal de Sergipe. Possui MBA Executivo em Administra\u00e7\u00e3o com \u00eanfase em Marketing pela Funda\u00e7\u00e3o Get\u00falio Vargas - Rio de Janeiro. Consultor, Palestrante e Pesquisador sobre Empreendedorismo, Marketing, Redes Sociais e Neg\u00f3cios Digitais. Professor, Palestrante TedxTalks e Campus Party. Twitter: @ThalesBrandao\",\"sameAs\":[\"http:\\\/\\\/www.mandacaru.com.br\",\"https:\\\/\\\/www.facebook.com\\\/thalesbrandao\",\"http:\\\/\\\/www.instagram.com.br\\\/thalesbrandaoferreira\",\"https:\\\/\\\/www.linkedin.com\\\/in\\\/thales-brand\u00e3o-3948609\\\/\",\"https:\\\/\\\/x.com\\\/http:\\\/\\\/www.twitter.com\\\/thalesbrandao\"],\"url\":\"https:\\\/\\\/www.cidademarketing.com.br\\\/marketing\\\/author\\\/thalesbrandao\\\/\"}]}<\/script>\n<!-- \/ Yoast SEO plugin. -->","yoast_head_json":{"title":"NBA e Band anunciam renova\u00e7\u00e3o e acordo de longo prazo antes do in\u00edcio da temporada 2020-2021 - CidadeMarketing","robots":{"index":"index","follow":"follow","max-snippet":"max-snippet:-1","max-image-preview":"max-image-preview:large","max-video-preview":"max-video-preview:-1"},"canonical":"https:\/\/www.cidademarketing.com.br\/marketing\/2020\/12\/16\/nba-e-band-anunciam-renovacao-e-acordo-de-longo-prazo-antes-do-inicio-da-temporada-2020-2021\/","og_locale":"pt_BR","og_type":"article","og_title":"NBA e Band anunciam renova\u00e7\u00e3o e acordo de longo prazo antes do in\u00edcio da temporada 2020-2021 - CidadeMarketing","og_description":"A NBA (National Basketball Association) e a Band anunciaram nesta quarta-feira, dia 16, a renova\u00e7\u00e3o do contrato entre as partes com a assinatura de uma extens\u00e3o de longo prazo para o mercado brasileiro. O acordo com a emissora prev\u00ea a exibi\u00e7\u00e3o de duas partidas ao vivo por semana (normalmente \u00e0s quintas-feiras e domingos), al\u00e9m da [&hellip;]","og_url":"https:\/\/www.cidademarketing.com.br\/marketing\/2020\/12\/16\/nba-e-band-anunciam-renovacao-e-acordo-de-longo-prazo-antes-do-inicio-da-temporada-2020-2021\/","og_site_name":"CidadeMarketing","article_publisher":"https:\/\/www.facebook.com\/portalcidademarketing","article_author":"https:\/\/www.facebook.com\/thalesbrandao","article_published_time":"2020-12-16T13:44:14+00:00","article_modified_time":"2020-12-16T13:44:19+00:00","og_image":[{"width":1024,"height":512,"url":"https:\/\/www.cidademarketing.com.br\/marketing\/wp-content\/uploads\/2020\/03\/nba.jpg","type":"image\/jpeg"}],"author":"Thales Brand\u00e3o","twitter_card":"summary_large_image","twitter_creator":"@http:\/\/www.twitter.com\/thalesbrandao","twitter_site":"@CidadeMarketing","twitter_misc":{"Escrito por":"Thales Brand\u00e3o","Est. tempo de leitura":"2 minutos"},"schema":{"@context":"https:\/\/schema.org","@graph":[{"@type":"Article","@id":"https:\/\/www.cidademarketing.com.br\/marketing\/2020\/12\/16\/nba-e-band-anunciam-renovacao-e-acordo-de-longo-prazo-antes-do-inicio-da-temporada-2020-2021\/#article","isPartOf":{"@id":"https:\/\/www.cidademarketing.com.br\/marketing\/2020\/12\/16\/nba-e-band-anunciam-renovacao-e-acordo-de-longo-prazo-antes-do-inicio-da-temporada-2020-2021\/"},"author":{"name":"Thales Brand\u00e3o","@id":"https:\/\/www.cidademarketing.com.br\/marketing\/#\/schema\/person\/02daff9f18bd9378c9e01eb6b2db155f"},"headline":"NBA e Band anunciam renova\u00e7\u00e3o e acordo de longo prazo antes do in\u00edcio da temporada 2020-2021","datePublished":"2020-12-16T13:44:14+00:00","dateModified":"2020-12-16T13:44:19+00:00","mainEntityOfPage":{"@id":"https:\/\/www.cidademarketing.com.br\/marketing\/2020\/12\/16\/nba-e-band-anunciam-renovacao-e-acordo-de-longo-prazo-antes-do-inicio-da-temporada-2020-2021\/"},"wordCount":486,"commentCount":0,"publisher":{"@id":"https:\/\/www.cidademarketing.com.br\/marketing\/#organization"},"image":{"@id":"https:\/\/www.cidademarketing.com.br\/marketing\/2020\/12\/16\/nba-e-band-anunciam-renovacao-e-acordo-de-longo-prazo-antes-do-inicio-da-temporada-2020-2021\/#primaryimage"},"thumbnailUrl":"https:\/\/www.cidademarketing.com.br\/marketing\/wp-content\/uploads\/2020\/03\/nba.jpg","keywords":["estrat\u00e9gia","marketing","NBA"],"articleSection":["Not\u00edcias"],"inLanguage":"pt-BR","potentialAction":[{"@type":"CommentAction","name":"Comment","target":["https:\/\/www.cidademarketing.com.br\/marketing\/2020\/12\/16\/nba-e-band-anunciam-renovacao-e-acordo-de-longo-prazo-antes-do-inicio-da-temporada-2020-2021\/#respond"]}]},{"@type":"WebPage","@id":"https:\/\/www.cidademarketing.com.br\/marketing\/2020\/12\/16\/nba-e-band-anunciam-renovacao-e-acordo-de-longo-prazo-antes-do-inicio-da-temporada-2020-2021\/","url":"https:\/\/www.cidademarketing.com.br\/marketing\/2020\/12\/16\/nba-e-band-anunciam-renovacao-e-acordo-de-longo-prazo-antes-do-inicio-da-temporada-2020-2021\/","name":"NBA e Band anunciam renova\u00e7\u00e3o e acordo de longo prazo antes do in\u00edcio da temporada 2020-2021 - CidadeMarketing","isPartOf":{"@id":"https:\/\/www.cidademarketing.com.br\/marketing\/#website"},"primaryImageOfPage":{"@id":"https:\/\/www.cidademarketing.com.br\/marketing\/2020\/12\/16\/nba-e-band-anunciam-renovacao-e-acordo-de-longo-prazo-antes-do-inicio-da-temporada-2020-2021\/#primaryimage"},"image":{"@id":"https:\/\/www.cidademarketing.com.br\/marketing\/2020\/12\/16\/nba-e-band-anunciam-renovacao-e-acordo-de-longo-prazo-antes-do-inicio-da-temporada-2020-2021\/#primaryimage"},"thumbnailUrl":"https:\/\/www.cidademarketing.com.br\/marketing\/wp-content\/uploads\/2020\/03\/nba.jpg","datePublished":"2020-12-16T13:44:14+00:00","dateModified":"2020-12-16T13:44:19+00:00","breadcrumb":{"@id":"https:\/\/www.cidademarketing.com.br\/marketing\/2020\/12\/16\/nba-e-band-anunciam-renovacao-e-acordo-de-longo-prazo-antes-do-inicio-da-temporada-2020-2021\/#breadcrumb"},"inLanguage":"pt-BR","potentialAction":[{"@type":"ReadAction","target":["https:\/\/www.cidademarketing.com.br\/marketing\/2020\/12\/16\/nba-e-band-anunciam-renovacao-e-acordo-de-longo-prazo-antes-do-inicio-da-temporada-2020-2021\/"]}]},{"@type":"ImageObject","inLanguage":"pt-BR","@id":"https:\/\/www.cidademarketing.com.br\/marketing\/2020\/12\/16\/nba-e-band-anunciam-renovacao-e-acordo-de-longo-prazo-antes-do-inicio-da-temporada-2020-2021\/#primaryimage","url":"https:\/\/www.cidademarketing.com.br\/marketing\/wp-content\/uploads\/2020\/03\/nba.jpg","contentUrl":"https:\/\/www.cidademarketing.com.br\/marketing\/wp-content\/uploads\/2020\/03\/nba.jpg","width":1024,"height":512},{"@type":"BreadcrumbList","@id":"https:\/\/www.cidademarketing.com.br\/marketing\/2020\/12\/16\/nba-e-band-anunciam-renovacao-e-acordo-de-longo-prazo-antes-do-inicio-da-temporada-2020-2021\/#breadcrumb","itemListElement":[{"@type":"ListItem","position":1,"name":"In\u00edcio","item":"https:\/\/www.cidademarketing.com.br\/marketing\/"},{"@type":"ListItem","position":2,"name":"NBA e Band anunciam renova\u00e7\u00e3o e acordo de longo prazo antes do in\u00edcio da temporada 2020-2021"}]},{"@type":"WebSite","@id":"https:\/\/www.cidademarketing.com.br\/marketing\/#website","url":"https:\/\/www.cidademarketing.com.br\/marketing\/","name":"CidadeMarketing","description":"Somos um ve\u00edculo de comunica\u00e7\u00e3o de destaque no Brasil, reconhecido por conte\u00fados nos segmentos de marketing, empreendedorismo e inova\u00e7\u00e3o.","publisher":{"@id":"https:\/\/www.cidademarketing.com.br\/marketing\/#organization"},"alternateName":"CidadeMarketing","potentialAction":[{"@type":"SearchAction","target":{"@type":"EntryPoint","urlTemplate":"https:\/\/www.cidademarketing.com.br\/marketing\/?s={search_term_string}"},"query-input":{"@type":"PropertyValueSpecification","valueRequired":true,"valueName":"search_term_string"}}],"inLanguage":"pt-BR"},{"@type":"Organization","@id":"https:\/\/www.cidademarketing.com.br\/marketing\/#organization","name":"CidadeMarketing","alternateName":"CidadeMarketing","url":"https:\/\/www.cidademarketing.com.br\/marketing\/","logo":{"@type":"ImageObject","inLanguage":"pt-BR","@id":"https:\/\/www.cidademarketing.com.br\/marketing\/#\/schema\/logo\/image\/","url":"https:\/\/www.cidademarketing.com.br\/marketing\/wp-content\/uploads\/2020\/01\/cidademarketing_marca_mobile.png","contentUrl":"https:\/\/www.cidademarketing.com.br\/marketing\/wp-content\/uploads\/2020\/01\/cidademarketing_marca_mobile.png","width":230,"height":92,"caption":"CidadeMarketing"},"image":{"@id":"https:\/\/www.cidademarketing.com.br\/marketing\/#\/schema\/logo\/image\/"},"sameAs":["https:\/\/www.facebook.com\/portalcidademarketing","https:\/\/x.com\/CidadeMarketing","https:\/\/www.instagram.com\/cidademarketing\/"]},{"@type":"Person","@id":"https:\/\/www.cidademarketing.com.br\/marketing\/#\/schema\/person\/02daff9f18bd9378c9e01eb6b2db155f","name":"Thales Brand\u00e3o","image":{"@type":"ImageObject","inLanguage":"pt-BR","@id":"https:\/\/secure.gravatar.com\/avatar\/7ca3206950207cc3cb48feec56a8a7898741ab725c368d99d5d7a5a50aab80c6?s=96&d=mm&r=g","url":"https:\/\/secure.gravatar.com\/avatar\/7ca3206950207cc3cb48feec56a8a7898741ab725c368d99d5d7a5a50aab80c6?s=96&d=mm&r=g","contentUrl":"https:\/\/secure.gravatar.com\/avatar\/7ca3206950207cc3cb48feec56a8a7898741ab725c368d99d5d7a5a50aab80c6?s=96&d=mm&r=g","caption":"Thales Brand\u00e3o"},"description":"Editor Executivo do Portal CidadeMarketing.com.br &gt; Mestre em Comunica\u00e7\u00e3o e Sociedade pela Universidade Federal de Sergipe. Possui MBA Executivo em Administra\u00e7\u00e3o com \u00eanfase em Marketing pela Funda\u00e7\u00e3o Get\u00falio Vargas - Rio de Janeiro. Consultor, Palestrante e Pesquisador sobre Empreendedorismo, Marketing, Redes Sociais e Neg\u00f3cios Digitais. Professor, Palestrante TedxTalks e Campus Party. Twitter: @ThalesBrandao","sameAs":["http:\/\/www.mandacaru.com.br","https:\/\/www.facebook.com\/thalesbrandao","http:\/\/www.instagram.com.br\/thalesbrandaoferreira","https:\/\/www.linkedin.com\/in\/thales-brand\u00e3o-3948609\/","https:\/\/x.com\/http:\/\/www.twitter.com\/thalesbrandao"],"url":"https:\/\/www.cidademarketing.com.br\/marketing\/author\/thalesbrandao\/"}]}},"amp_enabled":true,"_links":{"self":[{"href":"https:\/\/www.cidademarketing.com.br\/marketing\/wp-json\/wp\/v2\/posts\/21279","targetHints":{"allow":["GET"]}}],"collection":[{"href":"https:\/\/www.cidademarketing.com.br\/marketing\/wp-json\/wp\/v2\/posts"}],"about":[{"href":"https:\/\/www.cidademarketing.com.br\/marketing\/wp-json\/wp\/v2\/types\/post"}],"author":[{"embeddable":true,"href":"https:\/\/www.cidademarketing.com.br\/marketing\/wp-json\/wp\/v2\/users\/1"}],"replies":[{"embeddable":true,"href":"https:\/\/www.cidademarketing.com.br\/marketing\/wp-json\/wp\/v2\/comments?post=21279"}],"version-history":[{"count":1,"href":"https:\/\/www.cidademarketing.com.br\/marketing\/wp-json\/wp\/v2\/posts\/21279\/revisions"}],"predecessor-version":[{"id":21280,"href":"https:\/\/www.cidademarketing.com.br\/marketing\/wp-json\/wp\/v2\/posts\/21279\/revisions\/21280"}],"wp:featuredmedia":[{"embeddable":true,"href":"https:\/\/www.cidademarketing.com.br\/marketing\/wp-json\/wp\/v2\/media\/14783"}],"wp:attachment":[{"href":"https:\/\/www.cidademarketing.com.br\/marketing\/wp-json\/wp\/v2\/media?parent=21279"}],"wp:term":[{"taxonomy":"category","embeddable":true,"href":"https:\/\/www.cidademarketing.com.br\/marketing\/wp-json\/wp\/v2\/categories?post=21279"},{"taxonomy":"post_tag","embeddable":true,"href":"https:\/\/www.cidademarketing.com.br\/marketing\/wp-json\/wp\/v2\/tags?post=21279"}],"curies":[{"name":"wp","href":"https:\/\/api.w.org\/{rel}","templated":true}]}}