{"id":2117,"date":"2018-09-13T13:17:18","date_gmt":"2018-09-13T16:17:18","guid":{"rendered":"http:\/\/www.cidademarketing.com.br\/marketing\/?p=2117"},"modified":"2018-09-13T13:17:18","modified_gmt":"2018-09-13T16:17:18","slug":"ministerio-publico-de-sao-paulo-lanca-campanha-a-regra-e-clara","status":"publish","type":"post","link":"https:\/\/www.cidademarketing.com.br\/marketing\/2018\/09\/13\/ministerio-publico-de-sao-paulo-lanca-campanha-a-regra-e-clara\/","title":{"rendered":"Minist\u00e9rio P\u00fablico de S\u00e3o Paulo lan\u00e7a campanha \u201cA Regra \u00e9 Clara\u201d"},"content":{"rendered":"<p>Em outubro, os eleitores brasileiros v\u00e3o eleger seus representantes pol\u00edticos pelos pr\u00f3ximos quatro anos. Ter\u00e3o a responsabilidade de influir no futuro do pa\u00eds, escolhendo o novo presidente da Rep\u00fablica, senadores, governadores e deputados estaduais e federais. Com o prop\u00f3sito de ampliar o conhecimento da popula\u00e7\u00e3o sobre a import\u00e2ncia da sua participa\u00e7\u00e3o neste processo, o Minist\u00e9rio P\u00fablico de S\u00e3o Paulo lan\u00e7a campanha multiplataforma explicando as normas eleitorais, com uma linguagem simples e bem-humorada.<\/p>\n<p>Financiamento de campanhas, compra de votos, uso do poder p\u00fablico durante a campanha eleitoral, cobertura da imprensa e publicidade est\u00e3o entre os diferentes\u00a0temas abordados. De acordo com o procurador-geral de Justi\u00e7a, Gianpaolo Smanio, \u201cinforma\u00e7\u00e3o \u00e9 uma arma fundamental para que o eleitor tenha melhores condi\u00e7\u00f5es de exercer o seu direito de voto, fortalecendo a democracia brasileira\u201d.<\/p>\n<p>A comunica\u00e7\u00e3o multiplataforma, assinada pela VML, ag\u00eancia pro bono do MPSP desde 2013, estabelece um paralelo com o universo do futebol, grande paix\u00e3o nacional.\u00a0A come\u00e7ar pela s\u00e9rie de spots de r\u00e1dio, na qual algumas das normas eleitorais s\u00e3o apontadas pelo comentarista de arbitragem Arnaldo Cezar Coelho, autor do bord\u00e3o \u201ca regra \u00e9 clara\u201d e primeiro \u00e1rbitro brasileiro a apitar uma final de Copa do Mundo \u2013\u00a0 ver spots aqui, aqui e aqui. A campanha tamb\u00e9m contempla uma cartilha com as \u201cregras\u201d das elei\u00e7\u00f5es e ativa\u00e7\u00f5es nas redes sociais do MPSP (Facebook e Twitter)<\/p>\n<p>Os spots produzidos pela produtora de som\u00a0Coletiva,\u00a0que tamb\u00e9m apoia a iniciativa, simulam a narra\u00e7\u00e3o e um jogo e apresentam, pela voz do jovem narrador esportivo Pedro Martelli, diversos cen\u00e1rios para a popula\u00e7\u00e3o ficar de olho.\u00a0Com utiliza\u00e7\u00e3o prevista em diferentes plataformas, eles refor\u00e7am que\u00a0o MPSP est\u00e1 convocando a popula\u00e7\u00e3o para garantir uma disputa sem corrup\u00e7\u00e3o.<\/p>\n<p>Para ampliar o conhecimento sobre as leis, tamb\u00e9m foi criada a cartilha \u201cA Regra \u00e9 Clara\u201d \u2013 escrita por promotores de Justi\u00e7a especializados no tema. A publica\u00e7\u00e3o explica de uma maneira acess\u00edvel grande parte da legisla\u00e7\u00e3o eleitoral. De acordo com as promotoras de Justi\u00e7a Ana Laura Bandeira Lins Lunardelli e Aline Zavaglia, assessoras eleitorais da Procuradoria-Geral de Justi\u00e7a, o objetivo \u00e9 chamar a aten\u00e7\u00e3o de todos os cidad\u00e3os sobre o certo e o errado nas elei\u00e7\u00f5es e, assim, garantir que todos conhe\u00e7am as regras deste jogo.<\/p>\n<p>&#8220;A grande maioria dos brasileiros, homens e mulheres de todas as idades, \u00e9 familiarizada com as regras do futebol. Ao se apropriar da linguagem do esporte, a campanha prop\u00f5e que o mesmo aconte\u00e7a com as\u00a0normas eleitorais, pois como sabemos, quanto mais informados os eleitores, melhor suas decis\u00f5es&#8221;,\u00a0acrescenta Fernando Taralli,\u00a0presidente da VML.<\/p>\n","protected":false},"excerpt":{"rendered":"<p>Em outubro, os eleitores brasileiros v\u00e3o eleger seus representantes pol\u00edticos pelos pr\u00f3ximos quatro anos. Ter\u00e3o a responsabilidade de influir no futuro do pa\u00eds, escolhendo o novo presidente da Rep\u00fablica, senadores, governadores e deputados estaduais e federais. Com o prop\u00f3sito de ampliar o conhecimento da popula\u00e7\u00e3o sobre a import\u00e2ncia da sua participa\u00e7\u00e3o neste processo, o Minist\u00e9rio [&hellip;]<\/p>\n","protected":false},"author":1,"featured_media":2118,"comment_status":"open","ping_status":"open","sticky":false,"template":"","format":"standard","meta":{"tdm_status":"","tdm_grid_status":"","footnotes":""},"categories":[6],"tags":[65,28,468],"class_list":["post-2117","post","type-post","status-publish","format-standard","has-post-thumbnail","hentry","category-noticias","tag-campanha","tag-marketing","tag-mpsp"],"yoast_head":"<!-- This site is optimized with the Yoast SEO plugin v27.5 - https:\/\/yoast.com\/product\/yoast-seo-wordpress\/ -->\n<title>Minist\u00e9rio P\u00fablico de S\u00e3o Paulo lan\u00e7a campanha \u201cA Regra \u00e9 Clara\u201d - CidadeMarketing<\/title>\n<meta name=\"robots\" content=\"index, follow, max-snippet:-1, max-image-preview:large, max-video-preview:-1\" \/>\n<link rel=\"canonical\" href=\"https:\/\/www.cidademarketing.com.br\/marketing\/2018\/09\/13\/ministerio-publico-de-sao-paulo-lanca-campanha-a-regra-e-clara\/\" \/>\n<meta property=\"og:locale\" content=\"pt_BR\" \/>\n<meta property=\"og:type\" content=\"article\" \/>\n<meta property=\"og:title\" content=\"Minist\u00e9rio P\u00fablico de S\u00e3o Paulo lan\u00e7a campanha \u201cA Regra \u00e9 Clara\u201d - CidadeMarketing\" \/>\n<meta property=\"og:description\" content=\"Em outubro, os eleitores brasileiros v\u00e3o eleger seus representantes pol\u00edticos pelos pr\u00f3ximos quatro anos. Ter\u00e3o a responsabilidade de influir no futuro do pa\u00eds, escolhendo o novo presidente da Rep\u00fablica, senadores, governadores e deputados estaduais e federais. Com o prop\u00f3sito de ampliar o conhecimento da popula\u00e7\u00e3o sobre a import\u00e2ncia da sua participa\u00e7\u00e3o neste processo, o Minist\u00e9rio [&hellip;]\" \/>\n<meta property=\"og:url\" content=\"https:\/\/www.cidademarketing.com.br\/marketing\/2018\/09\/13\/ministerio-publico-de-sao-paulo-lanca-campanha-a-regra-e-clara\/\" \/>\n<meta property=\"og:site_name\" content=\"CidadeMarketing\" \/>\n<meta property=\"article:publisher\" content=\"https:\/\/www.facebook.com\/portalcidademarketing\" \/>\n<meta property=\"article:author\" content=\"https:\/\/www.facebook.com\/thalesbrandao\" \/>\n<meta property=\"article:published_time\" content=\"2018-09-13T16:17:18+00:00\" \/>\n<meta property=\"og:image\" content=\"https:\/\/www.cidademarketing.com.br\/marketing\/wp-content\/uploads\/2018\/09\/mpsp_campanha.png\" \/>\n\t<meta property=\"og:image:width\" content=\"851\" \/>\n\t<meta property=\"og:image:height\" content=\"477\" \/>\n\t<meta property=\"og:image:type\" content=\"image\/png\" \/>\n<meta name=\"author\" content=\"Thales Brand\u00e3o\" \/>\n<meta name=\"twitter:card\" content=\"summary_large_image\" \/>\n<meta name=\"twitter:creator\" content=\"@http:\/\/www.twitter.com\/thalesbrandao\" \/>\n<meta name=\"twitter:site\" content=\"@CidadeMarketing\" \/>\n<meta name=\"twitter:label1\" content=\"Escrito por\" \/>\n\t<meta name=\"twitter:data1\" content=\"Thales Brand\u00e3o\" \/>\n\t<meta name=\"twitter:label2\" content=\"Est. tempo de leitura\" \/>\n\t<meta name=\"twitter:data2\" content=\"2 minutos\" \/>\n<script type=\"application\/ld+json\" class=\"yoast-schema-graph\">{\"@context\":\"https:\\\/\\\/schema.org\",\"@graph\":[{\"@type\":\"Article\",\"@id\":\"https:\\\/\\\/www.cidademarketing.com.br\\\/marketing\\\/2018\\\/09\\\/13\\\/ministerio-publico-de-sao-paulo-lanca-campanha-a-regra-e-clara\\\/#article\",\"isPartOf\":{\"@id\":\"https:\\\/\\\/www.cidademarketing.com.br\\\/marketing\\\/2018\\\/09\\\/13\\\/ministerio-publico-de-sao-paulo-lanca-campanha-a-regra-e-clara\\\/\"},\"author\":{\"name\":\"Thales Brand\u00e3o\",\"@id\":\"https:\\\/\\\/www.cidademarketing.com.br\\\/marketing\\\/#\\\/schema\\\/person\\\/02daff9f18bd9378c9e01eb6b2db155f\"},\"headline\":\"Minist\u00e9rio P\u00fablico de S\u00e3o Paulo lan\u00e7a campanha \u201cA Regra \u00e9 Clara\u201d\",\"datePublished\":\"2018-09-13T16:17:18+00:00\",\"mainEntityOfPage\":{\"@id\":\"https:\\\/\\\/www.cidademarketing.com.br\\\/marketing\\\/2018\\\/09\\\/13\\\/ministerio-publico-de-sao-paulo-lanca-campanha-a-regra-e-clara\\\/\"},\"wordCount\":479,\"commentCount\":0,\"publisher\":{\"@id\":\"https:\\\/\\\/www.cidademarketing.com.br\\\/marketing\\\/#organization\"},\"image\":{\"@id\":\"https:\\\/\\\/www.cidademarketing.com.br\\\/marketing\\\/2018\\\/09\\\/13\\\/ministerio-publico-de-sao-paulo-lanca-campanha-a-regra-e-clara\\\/#primaryimage\"},\"thumbnailUrl\":\"https:\\\/\\\/www.cidademarketing.com.br\\\/marketing\\\/wp-content\\\/uploads\\\/2018\\\/09\\\/mpsp_campanha.png\",\"keywords\":[\"campanha\",\"marketing\",\"MPSP\"],\"articleSection\":[\"Not\u00edcias\"],\"inLanguage\":\"pt-BR\",\"potentialAction\":[{\"@type\":\"CommentAction\",\"name\":\"Comment\",\"target\":[\"https:\\\/\\\/www.cidademarketing.com.br\\\/marketing\\\/2018\\\/09\\\/13\\\/ministerio-publico-de-sao-paulo-lanca-campanha-a-regra-e-clara\\\/#respond\"]}]},{\"@type\":\"WebPage\",\"@id\":\"https:\\\/\\\/www.cidademarketing.com.br\\\/marketing\\\/2018\\\/09\\\/13\\\/ministerio-publico-de-sao-paulo-lanca-campanha-a-regra-e-clara\\\/\",\"url\":\"https:\\\/\\\/www.cidademarketing.com.br\\\/marketing\\\/2018\\\/09\\\/13\\\/ministerio-publico-de-sao-paulo-lanca-campanha-a-regra-e-clara\\\/\",\"name\":\"Minist\u00e9rio P\u00fablico de S\u00e3o Paulo lan\u00e7a campanha \u201cA Regra \u00e9 Clara\u201d - CidadeMarketing\",\"isPartOf\":{\"@id\":\"https:\\\/\\\/www.cidademarketing.com.br\\\/marketing\\\/#website\"},\"primaryImageOfPage\":{\"@id\":\"https:\\\/\\\/www.cidademarketing.com.br\\\/marketing\\\/2018\\\/09\\\/13\\\/ministerio-publico-de-sao-paulo-lanca-campanha-a-regra-e-clara\\\/#primaryimage\"},\"image\":{\"@id\":\"https:\\\/\\\/www.cidademarketing.com.br\\\/marketing\\\/2018\\\/09\\\/13\\\/ministerio-publico-de-sao-paulo-lanca-campanha-a-regra-e-clara\\\/#primaryimage\"},\"thumbnailUrl\":\"https:\\\/\\\/www.cidademarketing.com.br\\\/marketing\\\/wp-content\\\/uploads\\\/2018\\\/09\\\/mpsp_campanha.png\",\"datePublished\":\"2018-09-13T16:17:18+00:00\",\"breadcrumb\":{\"@id\":\"https:\\\/\\\/www.cidademarketing.com.br\\\/marketing\\\/2018\\\/09\\\/13\\\/ministerio-publico-de-sao-paulo-lanca-campanha-a-regra-e-clara\\\/#breadcrumb\"},\"inLanguage\":\"pt-BR\",\"potentialAction\":[{\"@type\":\"ReadAction\",\"target\":[\"https:\\\/\\\/www.cidademarketing.com.br\\\/marketing\\\/2018\\\/09\\\/13\\\/ministerio-publico-de-sao-paulo-lanca-campanha-a-regra-e-clara\\\/\"]}]},{\"@type\":\"ImageObject\",\"inLanguage\":\"pt-BR\",\"@id\":\"https:\\\/\\\/www.cidademarketing.com.br\\\/marketing\\\/2018\\\/09\\\/13\\\/ministerio-publico-de-sao-paulo-lanca-campanha-a-regra-e-clara\\\/#primaryimage\",\"url\":\"https:\\\/\\\/www.cidademarketing.com.br\\\/marketing\\\/wp-content\\\/uploads\\\/2018\\\/09\\\/mpsp_campanha.png\",\"contentUrl\":\"https:\\\/\\\/www.cidademarketing.com.br\\\/marketing\\\/wp-content\\\/uploads\\\/2018\\\/09\\\/mpsp_campanha.png\",\"width\":851,\"height\":477},{\"@type\":\"BreadcrumbList\",\"@id\":\"https:\\\/\\\/www.cidademarketing.com.br\\\/marketing\\\/2018\\\/09\\\/13\\\/ministerio-publico-de-sao-paulo-lanca-campanha-a-regra-e-clara\\\/#breadcrumb\",\"itemListElement\":[{\"@type\":\"ListItem\",\"position\":1,\"name\":\"In\u00edcio\",\"item\":\"https:\\\/\\\/www.cidademarketing.com.br\\\/marketing\\\/\"},{\"@type\":\"ListItem\",\"position\":2,\"name\":\"Minist\u00e9rio P\u00fablico de S\u00e3o Paulo lan\u00e7a campanha \u201cA Regra \u00e9 Clara\u201d\"}]},{\"@type\":\"WebSite\",\"@id\":\"https:\\\/\\\/www.cidademarketing.com.br\\\/marketing\\\/#website\",\"url\":\"https:\\\/\\\/www.cidademarketing.com.br\\\/marketing\\\/\",\"name\":\"CidadeMarketing\",\"description\":\"Somos um ve\u00edculo de comunica\u00e7\u00e3o de destaque no Brasil, reconhecido por conte\u00fados nos segmentos de marketing, empreendedorismo e inova\u00e7\u00e3o.\",\"publisher\":{\"@id\":\"https:\\\/\\\/www.cidademarketing.com.br\\\/marketing\\\/#organization\"},\"alternateName\":\"CidadeMarketing\",\"potentialAction\":[{\"@type\":\"SearchAction\",\"target\":{\"@type\":\"EntryPoint\",\"urlTemplate\":\"https:\\\/\\\/www.cidademarketing.com.br\\\/marketing\\\/?s={search_term_string}\"},\"query-input\":{\"@type\":\"PropertyValueSpecification\",\"valueRequired\":true,\"valueName\":\"search_term_string\"}}],\"inLanguage\":\"pt-BR\"},{\"@type\":\"Organization\",\"@id\":\"https:\\\/\\\/www.cidademarketing.com.br\\\/marketing\\\/#organization\",\"name\":\"CidadeMarketing\",\"alternateName\":\"CidadeMarketing\",\"url\":\"https:\\\/\\\/www.cidademarketing.com.br\\\/marketing\\\/\",\"logo\":{\"@type\":\"ImageObject\",\"inLanguage\":\"pt-BR\",\"@id\":\"https:\\\/\\\/www.cidademarketing.com.br\\\/marketing\\\/#\\\/schema\\\/logo\\\/image\\\/\",\"url\":\"https:\\\/\\\/www.cidademarketing.com.br\\\/marketing\\\/wp-content\\\/uploads\\\/2020\\\/01\\\/cidademarketing_marca_mobile.png\",\"contentUrl\":\"https:\\\/\\\/www.cidademarketing.com.br\\\/marketing\\\/wp-content\\\/uploads\\\/2020\\\/01\\\/cidademarketing_marca_mobile.png\",\"width\":230,\"height\":92,\"caption\":\"CidadeMarketing\"},\"image\":{\"@id\":\"https:\\\/\\\/www.cidademarketing.com.br\\\/marketing\\\/#\\\/schema\\\/logo\\\/image\\\/\"},\"sameAs\":[\"https:\\\/\\\/www.facebook.com\\\/portalcidademarketing\",\"https:\\\/\\\/x.com\\\/CidadeMarketing\",\"https:\\\/\\\/www.instagram.com\\\/cidademarketing\\\/\"]},{\"@type\":\"Person\",\"@id\":\"https:\\\/\\\/www.cidademarketing.com.br\\\/marketing\\\/#\\\/schema\\\/person\\\/02daff9f18bd9378c9e01eb6b2db155f\",\"name\":\"Thales Brand\u00e3o\",\"image\":{\"@type\":\"ImageObject\",\"inLanguage\":\"pt-BR\",\"@id\":\"https:\\\/\\\/secure.gravatar.com\\\/avatar\\\/7ca3206950207cc3cb48feec56a8a7898741ab725c368d99d5d7a5a50aab80c6?s=96&d=mm&r=g\",\"url\":\"https:\\\/\\\/secure.gravatar.com\\\/avatar\\\/7ca3206950207cc3cb48feec56a8a7898741ab725c368d99d5d7a5a50aab80c6?s=96&d=mm&r=g\",\"contentUrl\":\"https:\\\/\\\/secure.gravatar.com\\\/avatar\\\/7ca3206950207cc3cb48feec56a8a7898741ab725c368d99d5d7a5a50aab80c6?s=96&d=mm&r=g\",\"caption\":\"Thales Brand\u00e3o\"},\"description\":\"Editor Executivo do Portal CidadeMarketing.com.br &gt; Mestre em Comunica\u00e7\u00e3o e Sociedade pela Universidade Federal de Sergipe. Possui MBA Executivo em Administra\u00e7\u00e3o com \u00eanfase em Marketing pela Funda\u00e7\u00e3o Get\u00falio Vargas - Rio de Janeiro. Consultor, Palestrante e Pesquisador sobre Empreendedorismo, Marketing, Redes Sociais e Neg\u00f3cios Digitais. Professor, Palestrante TedxTalks e Campus Party. Twitter: @ThalesBrandao\",\"sameAs\":[\"http:\\\/\\\/www.mandacaru.com.br\",\"https:\\\/\\\/www.facebook.com\\\/thalesbrandao\",\"http:\\\/\\\/www.instagram.com.br\\\/thalesbrandaoferreira\",\"https:\\\/\\\/www.linkedin.com\\\/in\\\/thales-brand\u00e3o-3948609\\\/\",\"https:\\\/\\\/x.com\\\/http:\\\/\\\/www.twitter.com\\\/thalesbrandao\"],\"url\":\"https:\\\/\\\/www.cidademarketing.com.br\\\/marketing\\\/author\\\/thalesbrandao\\\/\"}]}<\/script>\n<!-- \/ Yoast SEO plugin. -->","yoast_head_json":{"title":"Minist\u00e9rio P\u00fablico de S\u00e3o Paulo lan\u00e7a campanha \u201cA Regra \u00e9 Clara\u201d - CidadeMarketing","robots":{"index":"index","follow":"follow","max-snippet":"max-snippet:-1","max-image-preview":"max-image-preview:large","max-video-preview":"max-video-preview:-1"},"canonical":"https:\/\/www.cidademarketing.com.br\/marketing\/2018\/09\/13\/ministerio-publico-de-sao-paulo-lanca-campanha-a-regra-e-clara\/","og_locale":"pt_BR","og_type":"article","og_title":"Minist\u00e9rio P\u00fablico de S\u00e3o Paulo lan\u00e7a campanha \u201cA Regra \u00e9 Clara\u201d - CidadeMarketing","og_description":"Em outubro, os eleitores brasileiros v\u00e3o eleger seus representantes pol\u00edticos pelos pr\u00f3ximos quatro anos. Ter\u00e3o a responsabilidade de influir no futuro do pa\u00eds, escolhendo o novo presidente da Rep\u00fablica, senadores, governadores e deputados estaduais e federais. Com o prop\u00f3sito de ampliar o conhecimento da popula\u00e7\u00e3o sobre a import\u00e2ncia da sua participa\u00e7\u00e3o neste processo, o Minist\u00e9rio [&hellip;]","og_url":"https:\/\/www.cidademarketing.com.br\/marketing\/2018\/09\/13\/ministerio-publico-de-sao-paulo-lanca-campanha-a-regra-e-clara\/","og_site_name":"CidadeMarketing","article_publisher":"https:\/\/www.facebook.com\/portalcidademarketing","article_author":"https:\/\/www.facebook.com\/thalesbrandao","article_published_time":"2018-09-13T16:17:18+00:00","og_image":[{"width":851,"height":477,"url":"https:\/\/www.cidademarketing.com.br\/marketing\/wp-content\/uploads\/2018\/09\/mpsp_campanha.png","type":"image\/png"}],"author":"Thales Brand\u00e3o","twitter_card":"summary_large_image","twitter_creator":"@http:\/\/www.twitter.com\/thalesbrandao","twitter_site":"@CidadeMarketing","twitter_misc":{"Escrito por":"Thales Brand\u00e3o","Est. tempo de leitura":"2 minutos"},"schema":{"@context":"https:\/\/schema.org","@graph":[{"@type":"Article","@id":"https:\/\/www.cidademarketing.com.br\/marketing\/2018\/09\/13\/ministerio-publico-de-sao-paulo-lanca-campanha-a-regra-e-clara\/#article","isPartOf":{"@id":"https:\/\/www.cidademarketing.com.br\/marketing\/2018\/09\/13\/ministerio-publico-de-sao-paulo-lanca-campanha-a-regra-e-clara\/"},"author":{"name":"Thales Brand\u00e3o","@id":"https:\/\/www.cidademarketing.com.br\/marketing\/#\/schema\/person\/02daff9f18bd9378c9e01eb6b2db155f"},"headline":"Minist\u00e9rio P\u00fablico de S\u00e3o Paulo lan\u00e7a campanha \u201cA Regra \u00e9 Clara\u201d","datePublished":"2018-09-13T16:17:18+00:00","mainEntityOfPage":{"@id":"https:\/\/www.cidademarketing.com.br\/marketing\/2018\/09\/13\/ministerio-publico-de-sao-paulo-lanca-campanha-a-regra-e-clara\/"},"wordCount":479,"commentCount":0,"publisher":{"@id":"https:\/\/www.cidademarketing.com.br\/marketing\/#organization"},"image":{"@id":"https:\/\/www.cidademarketing.com.br\/marketing\/2018\/09\/13\/ministerio-publico-de-sao-paulo-lanca-campanha-a-regra-e-clara\/#primaryimage"},"thumbnailUrl":"https:\/\/www.cidademarketing.com.br\/marketing\/wp-content\/uploads\/2018\/09\/mpsp_campanha.png","keywords":["campanha","marketing","MPSP"],"articleSection":["Not\u00edcias"],"inLanguage":"pt-BR","potentialAction":[{"@type":"CommentAction","name":"Comment","target":["https:\/\/www.cidademarketing.com.br\/marketing\/2018\/09\/13\/ministerio-publico-de-sao-paulo-lanca-campanha-a-regra-e-clara\/#respond"]}]},{"@type":"WebPage","@id":"https:\/\/www.cidademarketing.com.br\/marketing\/2018\/09\/13\/ministerio-publico-de-sao-paulo-lanca-campanha-a-regra-e-clara\/","url":"https:\/\/www.cidademarketing.com.br\/marketing\/2018\/09\/13\/ministerio-publico-de-sao-paulo-lanca-campanha-a-regra-e-clara\/","name":"Minist\u00e9rio P\u00fablico de S\u00e3o Paulo lan\u00e7a campanha \u201cA Regra \u00e9 Clara\u201d - CidadeMarketing","isPartOf":{"@id":"https:\/\/www.cidademarketing.com.br\/marketing\/#website"},"primaryImageOfPage":{"@id":"https:\/\/www.cidademarketing.com.br\/marketing\/2018\/09\/13\/ministerio-publico-de-sao-paulo-lanca-campanha-a-regra-e-clara\/#primaryimage"},"image":{"@id":"https:\/\/www.cidademarketing.com.br\/marketing\/2018\/09\/13\/ministerio-publico-de-sao-paulo-lanca-campanha-a-regra-e-clara\/#primaryimage"},"thumbnailUrl":"https:\/\/www.cidademarketing.com.br\/marketing\/wp-content\/uploads\/2018\/09\/mpsp_campanha.png","datePublished":"2018-09-13T16:17:18+00:00","breadcrumb":{"@id":"https:\/\/www.cidademarketing.com.br\/marketing\/2018\/09\/13\/ministerio-publico-de-sao-paulo-lanca-campanha-a-regra-e-clara\/#breadcrumb"},"inLanguage":"pt-BR","potentialAction":[{"@type":"ReadAction","target":["https:\/\/www.cidademarketing.com.br\/marketing\/2018\/09\/13\/ministerio-publico-de-sao-paulo-lanca-campanha-a-regra-e-clara\/"]}]},{"@type":"ImageObject","inLanguage":"pt-BR","@id":"https:\/\/www.cidademarketing.com.br\/marketing\/2018\/09\/13\/ministerio-publico-de-sao-paulo-lanca-campanha-a-regra-e-clara\/#primaryimage","url":"https:\/\/www.cidademarketing.com.br\/marketing\/wp-content\/uploads\/2018\/09\/mpsp_campanha.png","contentUrl":"https:\/\/www.cidademarketing.com.br\/marketing\/wp-content\/uploads\/2018\/09\/mpsp_campanha.png","width":851,"height":477},{"@type":"BreadcrumbList","@id":"https:\/\/www.cidademarketing.com.br\/marketing\/2018\/09\/13\/ministerio-publico-de-sao-paulo-lanca-campanha-a-regra-e-clara\/#breadcrumb","itemListElement":[{"@type":"ListItem","position":1,"name":"In\u00edcio","item":"https:\/\/www.cidademarketing.com.br\/marketing\/"},{"@type":"ListItem","position":2,"name":"Minist\u00e9rio P\u00fablico de S\u00e3o Paulo lan\u00e7a campanha \u201cA Regra \u00e9 Clara\u201d"}]},{"@type":"WebSite","@id":"https:\/\/www.cidademarketing.com.br\/marketing\/#website","url":"https:\/\/www.cidademarketing.com.br\/marketing\/","name":"CidadeMarketing","description":"Somos um ve\u00edculo de comunica\u00e7\u00e3o de destaque no Brasil, reconhecido por conte\u00fados nos segmentos de marketing, empreendedorismo e inova\u00e7\u00e3o.","publisher":{"@id":"https:\/\/www.cidademarketing.com.br\/marketing\/#organization"},"alternateName":"CidadeMarketing","potentialAction":[{"@type":"SearchAction","target":{"@type":"EntryPoint","urlTemplate":"https:\/\/www.cidademarketing.com.br\/marketing\/?s={search_term_string}"},"query-input":{"@type":"PropertyValueSpecification","valueRequired":true,"valueName":"search_term_string"}}],"inLanguage":"pt-BR"},{"@type":"Organization","@id":"https:\/\/www.cidademarketing.com.br\/marketing\/#organization","name":"CidadeMarketing","alternateName":"CidadeMarketing","url":"https:\/\/www.cidademarketing.com.br\/marketing\/","logo":{"@type":"ImageObject","inLanguage":"pt-BR","@id":"https:\/\/www.cidademarketing.com.br\/marketing\/#\/schema\/logo\/image\/","url":"https:\/\/www.cidademarketing.com.br\/marketing\/wp-content\/uploads\/2020\/01\/cidademarketing_marca_mobile.png","contentUrl":"https:\/\/www.cidademarketing.com.br\/marketing\/wp-content\/uploads\/2020\/01\/cidademarketing_marca_mobile.png","width":230,"height":92,"caption":"CidadeMarketing"},"image":{"@id":"https:\/\/www.cidademarketing.com.br\/marketing\/#\/schema\/logo\/image\/"},"sameAs":["https:\/\/www.facebook.com\/portalcidademarketing","https:\/\/x.com\/CidadeMarketing","https:\/\/www.instagram.com\/cidademarketing\/"]},{"@type":"Person","@id":"https:\/\/www.cidademarketing.com.br\/marketing\/#\/schema\/person\/02daff9f18bd9378c9e01eb6b2db155f","name":"Thales Brand\u00e3o","image":{"@type":"ImageObject","inLanguage":"pt-BR","@id":"https:\/\/secure.gravatar.com\/avatar\/7ca3206950207cc3cb48feec56a8a7898741ab725c368d99d5d7a5a50aab80c6?s=96&d=mm&r=g","url":"https:\/\/secure.gravatar.com\/avatar\/7ca3206950207cc3cb48feec56a8a7898741ab725c368d99d5d7a5a50aab80c6?s=96&d=mm&r=g","contentUrl":"https:\/\/secure.gravatar.com\/avatar\/7ca3206950207cc3cb48feec56a8a7898741ab725c368d99d5d7a5a50aab80c6?s=96&d=mm&r=g","caption":"Thales Brand\u00e3o"},"description":"Editor Executivo do Portal CidadeMarketing.com.br &gt; Mestre em Comunica\u00e7\u00e3o e Sociedade pela Universidade Federal de Sergipe. Possui MBA Executivo em Administra\u00e7\u00e3o com \u00eanfase em Marketing pela Funda\u00e7\u00e3o Get\u00falio Vargas - Rio de Janeiro. Consultor, Palestrante e Pesquisador sobre Empreendedorismo, Marketing, Redes Sociais e Neg\u00f3cios Digitais. Professor, Palestrante TedxTalks e Campus Party. Twitter: @ThalesBrandao","sameAs":["http:\/\/www.mandacaru.com.br","https:\/\/www.facebook.com\/thalesbrandao","http:\/\/www.instagram.com.br\/thalesbrandaoferreira","https:\/\/www.linkedin.com\/in\/thales-brand\u00e3o-3948609\/","https:\/\/x.com\/http:\/\/www.twitter.com\/thalesbrandao"],"url":"https:\/\/www.cidademarketing.com.br\/marketing\/author\/thalesbrandao\/"}]}},"amp_enabled":true,"_links":{"self":[{"href":"https:\/\/www.cidademarketing.com.br\/marketing\/wp-json\/wp\/v2\/posts\/2117","targetHints":{"allow":["GET"]}}],"collection":[{"href":"https:\/\/www.cidademarketing.com.br\/marketing\/wp-json\/wp\/v2\/posts"}],"about":[{"href":"https:\/\/www.cidademarketing.com.br\/marketing\/wp-json\/wp\/v2\/types\/post"}],"author":[{"embeddable":true,"href":"https:\/\/www.cidademarketing.com.br\/marketing\/wp-json\/wp\/v2\/users\/1"}],"replies":[{"embeddable":true,"href":"https:\/\/www.cidademarketing.com.br\/marketing\/wp-json\/wp\/v2\/comments?post=2117"}],"version-history":[{"count":1,"href":"https:\/\/www.cidademarketing.com.br\/marketing\/wp-json\/wp\/v2\/posts\/2117\/revisions"}],"predecessor-version":[{"id":2119,"href":"https:\/\/www.cidademarketing.com.br\/marketing\/wp-json\/wp\/v2\/posts\/2117\/revisions\/2119"}],"wp:featuredmedia":[{"embeddable":true,"href":"https:\/\/www.cidademarketing.com.br\/marketing\/wp-json\/wp\/v2\/media\/2118"}],"wp:attachment":[{"href":"https:\/\/www.cidademarketing.com.br\/marketing\/wp-json\/wp\/v2\/media?parent=2117"}],"wp:term":[{"taxonomy":"category","embeddable":true,"href":"https:\/\/www.cidademarketing.com.br\/marketing\/wp-json\/wp\/v2\/categories?post=2117"},{"taxonomy":"post_tag","embeddable":true,"href":"https:\/\/www.cidademarketing.com.br\/marketing\/wp-json\/wp\/v2\/tags?post=2117"}],"curies":[{"name":"wp","href":"https:\/\/api.w.org\/{rel}","templated":true}]}}