{"id":21085,"date":"2020-12-08T11:24:37","date_gmt":"2020-12-08T14:24:37","guid":{"rendered":"https:\/\/www.cidademarketing.com.br\/marketing\/?p=21085"},"modified":"2020-12-08T11:24:42","modified_gmt":"2020-12-08T14:24:42","slug":"pacientes-com-sequelas-do-novo-coronavirus-sao-atendidos-por-fisioterapeutas-da-faculdade-santa-marcelina","status":"publish","type":"post","link":"https:\/\/www.cidademarketing.com.br\/marketing\/2020\/12\/08\/pacientes-com-sequelas-do-novo-coronavirus-sao-atendidos-por-fisioterapeutas-da-faculdade-santa-marcelina\/","title":{"rendered":"Pacientes com sequelas do novo coronav\u00edrus s\u00e3o atendidos por fisioterapeutas da Faculdade Santa Marcelina"},"content":{"rendered":"\n<p>A favor de apoiar na reabilita\u00e7\u00e3o das sequelas deixadas pela COVID-19, a <strong>Cl\u00ednica-Escola de Fisioterapia da Faculdade Santa Marcelina<\/strong> atende a pacientes curados, mas que sofrem dificuldades respirat\u00f3rias e fraqueza muscular para realizar suas atividades di\u00e1rias. O trabalho realizado pelos alunos e professores do curso de gradua\u00e7\u00e3o em Fisioterapia \u00e9 gratuito, mediante a agendamento.<\/p>\n\n\n\n<p>O coronav\u00edrus tem como foco atingir o sistema respirat\u00f3rio e os pulm\u00f5es, provocando grandes danos. Pacientes acometidos por casos mais graves, que ficam maior tempo em interna\u00e7\u00e3o, como na UTI, precisam de posterior acompanhamento para evitar maior enfraquecimento, acarretando a s\u00edndrome do imobilismo, que pode chegar a ser irrepar\u00e1vel, se afetado sistema musculoesquel\u00e9tico e fun\u00e7\u00e3o motora do indiv\u00edduo.<\/p>\n\n\n\n<p>De acordo com um recente levantamento realizado pela <strong>Faculdade Santa Marcelina<\/strong>, at\u00e9 maio deste ano, houve aumento em cerca de 50% na busca por profissionais em p\u00f3s-gradua\u00e7\u00e3o na \u00e1rea de Fisioterapia, com o objetivo de suprir a demanda por readapta\u00e7\u00e3o corporal de pacientes ou recupera\u00e7\u00e3o de parte das fun\u00e7\u00f5es de maneira progressiva. <em>\u201cNesse momento, os pacientes curados j\u00e1 vivenciam algumas sequelas da doen\u00e7a e, agora, tem se falado sobre a chegada de uma segunda nova onda da COVID-19 no Brasil e no mundo. Infelizmente, \u00e9 uma realidade que estamos enfrentando e preparando nossos profissionais para apoiar na recupera\u00e7\u00e3o dos casos j\u00e1 existentes e dessa nova poss\u00edvel demanda\u201d<\/em>, revela a <strong>fisioterapeuta C\u00e1ssia Xavier Santos, coordenadora dos cursos de gradua\u00e7\u00e3o e p\u00f3s-gradua\u00e7\u00e3o da Faculdade Santa Marcelina<\/strong>.<\/p>\n\n\n\n<p>A Cl\u00ednica-Escola realiza acompanhamento aos infectados em est\u00e1gios moderados ou graves com dificuldades respirat\u00f3rias e fraqueza muscular ao exercer atividades di\u00e1rias. Para obter atendimento, \u00e9 obrigat\u00f3rio o agendamento de triagem e atendimentos por livre demanda \u00e0s quintas-feiras das 7h30 \u00e0s 12h30.<\/p>\n\n\n\n<p>As sess\u00f5es s\u00e3o realizadas em pequenos grupos de pacientes para evitar aglomera\u00e7\u00f5es. Todos s\u00e3o avaliados a fim de permanecerem o tempo necess\u00e1rio em tratamento ou ser encaminhado para uma nova especialidade.<\/p>\n\n\n\n<p><strong>Servi\u00e7o:<\/strong><\/p>\n\n\n\n<p><strong>Cl\u00ednica-Escola de Fisioterapia da Faculdade Santa Marcelina<\/strong><\/p>\n\n\n\n<p><strong>Agendamentos:<\/strong> triagem e atendimentos por livre demanda \u00e0s quintas-feiras das 7h30 \u00e0s 12h30<\/p>\n\n\n\n<p><strong>Quando:<\/strong> at\u00e9 14 de dezembro de 2020 e a partir de 26 de janeiro de 2021<\/p>\n\n\n\n<p><strong>D\u00favidas e agendamentos:<\/strong>&nbsp;Quaisquer d\u00favidas poder\u00e3o ser esclarecidas&nbsp;na se\u00e7\u00e3o \u201cFale Conosco\u201d&nbsp;por meio do pr\u00f3prio site, via WhatsApp (11) 98207-1646 ou atrav\u00e9s do telefone (11) 3824-5800<\/p>\n","protected":false},"excerpt":{"rendered":"<p>A favor de apoiar na reabilita\u00e7\u00e3o das sequelas deixadas pela COVID-19, a Cl\u00ednica-Escola de Fisioterapia da Faculdade Santa Marcelina atende a pacientes curados, mas que sofrem dificuldades respirat\u00f3rias e fraqueza muscular para realizar suas atividades di\u00e1rias. O trabalho realizado pelos alunos e professores do curso de gradua\u00e7\u00e3o em Fisioterapia \u00e9 gratuito, mediante a agendamento. O [&hellip;]<\/p>\n","protected":false},"author":1,"featured_media":21086,"comment_status":"open","ping_status":"open","sticky":false,"template":"","format":"standard","meta":{"tdm_status":"","tdm_grid_status":"","footnotes":""},"categories":[6],"tags":[2737,33],"class_list":["post-21085","post","type-post","status-publish","format-standard","has-post-thumbnail","hentry","category-noticias","tag-coronavirus","tag-estrategia"],"yoast_head":"<!-- This site is optimized with the Yoast SEO plugin v27.4 - https:\/\/yoast.com\/product\/yoast-seo-wordpress\/ -->\n<title>Pacientes com sequelas do novo coronav\u00edrus s\u00e3o atendidos por fisioterapeutas da Faculdade Santa Marcelina - CidadeMarketing<\/title>\n<meta name=\"robots\" content=\"index, follow, max-snippet:-1, max-image-preview:large, max-video-preview:-1\" \/>\n<link rel=\"canonical\" href=\"https:\/\/www.cidademarketing.com.br\/marketing\/2020\/12\/08\/pacientes-com-sequelas-do-novo-coronavirus-sao-atendidos-por-fisioterapeutas-da-faculdade-santa-marcelina\/\" \/>\n<meta property=\"og:locale\" content=\"pt_BR\" \/>\n<meta property=\"og:type\" content=\"article\" \/>\n<meta property=\"og:title\" content=\"Pacientes com sequelas do novo coronav\u00edrus s\u00e3o atendidos por fisioterapeutas da Faculdade Santa Marcelina - CidadeMarketing\" \/>\n<meta property=\"og:description\" content=\"A favor de apoiar na reabilita\u00e7\u00e3o das sequelas deixadas pela COVID-19, a Cl\u00ednica-Escola de Fisioterapia da Faculdade Santa Marcelina atende a pacientes curados, mas que sofrem dificuldades respirat\u00f3rias e fraqueza muscular para realizar suas atividades di\u00e1rias. O trabalho realizado pelos alunos e professores do curso de gradua\u00e7\u00e3o em Fisioterapia \u00e9 gratuito, mediante a agendamento. O [&hellip;]\" \/>\n<meta property=\"og:url\" content=\"https:\/\/www.cidademarketing.com.br\/marketing\/2020\/12\/08\/pacientes-com-sequelas-do-novo-coronavirus-sao-atendidos-por-fisioterapeutas-da-faculdade-santa-marcelina\/\" \/>\n<meta property=\"og:site_name\" content=\"CidadeMarketing\" \/>\n<meta property=\"article:publisher\" content=\"https:\/\/www.facebook.com\/portalcidademarketing\" \/>\n<meta property=\"article:author\" content=\"https:\/\/www.facebook.com\/thalesbrandao\" \/>\n<meta property=\"article:published_time\" content=\"2020-12-08T14:24:37+00:00\" \/>\n<meta property=\"article:modified_time\" content=\"2020-12-08T14:24:42+00:00\" \/>\n<meta property=\"og:image\" content=\"https:\/\/www.cidademarketing.com.br\/marketing\/wp-content\/uploads\/2020\/12\/Logo-FSM.jpg\" \/>\n\t<meta property=\"og:image:width\" content=\"1692\" \/>\n\t<meta property=\"og:image:height\" content=\"1735\" \/>\n\t<meta property=\"og:image:type\" content=\"image\/jpeg\" \/>\n<meta name=\"author\" content=\"Thales Brand\u00e3o\" \/>\n<meta name=\"twitter:card\" content=\"summary_large_image\" \/>\n<meta name=\"twitter:creator\" content=\"@http:\/\/www.twitter.com\/thalesbrandao\" \/>\n<meta name=\"twitter:site\" content=\"@CidadeMarketing\" \/>\n<meta name=\"twitter:label1\" content=\"Escrito por\" \/>\n\t<meta name=\"twitter:data1\" content=\"Thales Brand\u00e3o\" \/>\n\t<meta name=\"twitter:label2\" content=\"Est. tempo de leitura\" \/>\n\t<meta name=\"twitter:data2\" content=\"2 minutos\" \/>\n<script type=\"application\/ld+json\" class=\"yoast-schema-graph\">{\"@context\":\"https:\\\/\\\/schema.org\",\"@graph\":[{\"@type\":\"Article\",\"@id\":\"https:\\\/\\\/www.cidademarketing.com.br\\\/marketing\\\/2020\\\/12\\\/08\\\/pacientes-com-sequelas-do-novo-coronavirus-sao-atendidos-por-fisioterapeutas-da-faculdade-santa-marcelina\\\/#article\",\"isPartOf\":{\"@id\":\"https:\\\/\\\/www.cidademarketing.com.br\\\/marketing\\\/2020\\\/12\\\/08\\\/pacientes-com-sequelas-do-novo-coronavirus-sao-atendidos-por-fisioterapeutas-da-faculdade-santa-marcelina\\\/\"},\"author\":{\"name\":\"Thales Brand\u00e3o\",\"@id\":\"https:\\\/\\\/www.cidademarketing.com.br\\\/marketing\\\/#\\\/schema\\\/person\\\/02daff9f18bd9378c9e01eb6b2db155f\"},\"headline\":\"Pacientes com sequelas do novo coronav\u00edrus s\u00e3o atendidos por fisioterapeutas da Faculdade Santa Marcelina\",\"datePublished\":\"2020-12-08T14:24:37+00:00\",\"dateModified\":\"2020-12-08T14:24:42+00:00\",\"mainEntityOfPage\":{\"@id\":\"https:\\\/\\\/www.cidademarketing.com.br\\\/marketing\\\/2020\\\/12\\\/08\\\/pacientes-com-sequelas-do-novo-coronavirus-sao-atendidos-por-fisioterapeutas-da-faculdade-santa-marcelina\\\/\"},\"wordCount\":425,\"commentCount\":0,\"publisher\":{\"@id\":\"https:\\\/\\\/www.cidademarketing.com.br\\\/marketing\\\/#organization\"},\"image\":{\"@id\":\"https:\\\/\\\/www.cidademarketing.com.br\\\/marketing\\\/2020\\\/12\\\/08\\\/pacientes-com-sequelas-do-novo-coronavirus-sao-atendidos-por-fisioterapeutas-da-faculdade-santa-marcelina\\\/#primaryimage\"},\"thumbnailUrl\":\"https:\\\/\\\/www.cidademarketing.com.br\\\/marketing\\\/wp-content\\\/uploads\\\/2020\\\/12\\\/Logo-FSM.jpg\",\"keywords\":[\"coronav\u00edrus\",\"estrat\u00e9gia\"],\"articleSection\":[\"Not\u00edcias\"],\"inLanguage\":\"pt-BR\",\"potentialAction\":[{\"@type\":\"CommentAction\",\"name\":\"Comment\",\"target\":[\"https:\\\/\\\/www.cidademarketing.com.br\\\/marketing\\\/2020\\\/12\\\/08\\\/pacientes-com-sequelas-do-novo-coronavirus-sao-atendidos-por-fisioterapeutas-da-faculdade-santa-marcelina\\\/#respond\"]}]},{\"@type\":\"WebPage\",\"@id\":\"https:\\\/\\\/www.cidademarketing.com.br\\\/marketing\\\/2020\\\/12\\\/08\\\/pacientes-com-sequelas-do-novo-coronavirus-sao-atendidos-por-fisioterapeutas-da-faculdade-santa-marcelina\\\/\",\"url\":\"https:\\\/\\\/www.cidademarketing.com.br\\\/marketing\\\/2020\\\/12\\\/08\\\/pacientes-com-sequelas-do-novo-coronavirus-sao-atendidos-por-fisioterapeutas-da-faculdade-santa-marcelina\\\/\",\"name\":\"Pacientes com sequelas do novo coronav\u00edrus s\u00e3o atendidos por fisioterapeutas da Faculdade Santa Marcelina - CidadeMarketing\",\"isPartOf\":{\"@id\":\"https:\\\/\\\/www.cidademarketing.com.br\\\/marketing\\\/#website\"},\"primaryImageOfPage\":{\"@id\":\"https:\\\/\\\/www.cidademarketing.com.br\\\/marketing\\\/2020\\\/12\\\/08\\\/pacientes-com-sequelas-do-novo-coronavirus-sao-atendidos-por-fisioterapeutas-da-faculdade-santa-marcelina\\\/#primaryimage\"},\"image\":{\"@id\":\"https:\\\/\\\/www.cidademarketing.com.br\\\/marketing\\\/2020\\\/12\\\/08\\\/pacientes-com-sequelas-do-novo-coronavirus-sao-atendidos-por-fisioterapeutas-da-faculdade-santa-marcelina\\\/#primaryimage\"},\"thumbnailUrl\":\"https:\\\/\\\/www.cidademarketing.com.br\\\/marketing\\\/wp-content\\\/uploads\\\/2020\\\/12\\\/Logo-FSM.jpg\",\"datePublished\":\"2020-12-08T14:24:37+00:00\",\"dateModified\":\"2020-12-08T14:24:42+00:00\",\"breadcrumb\":{\"@id\":\"https:\\\/\\\/www.cidademarketing.com.br\\\/marketing\\\/2020\\\/12\\\/08\\\/pacientes-com-sequelas-do-novo-coronavirus-sao-atendidos-por-fisioterapeutas-da-faculdade-santa-marcelina\\\/#breadcrumb\"},\"inLanguage\":\"pt-BR\",\"potentialAction\":[{\"@type\":\"ReadAction\",\"target\":[\"https:\\\/\\\/www.cidademarketing.com.br\\\/marketing\\\/2020\\\/12\\\/08\\\/pacientes-com-sequelas-do-novo-coronavirus-sao-atendidos-por-fisioterapeutas-da-faculdade-santa-marcelina\\\/\"]}]},{\"@type\":\"ImageObject\",\"inLanguage\":\"pt-BR\",\"@id\":\"https:\\\/\\\/www.cidademarketing.com.br\\\/marketing\\\/2020\\\/12\\\/08\\\/pacientes-com-sequelas-do-novo-coronavirus-sao-atendidos-por-fisioterapeutas-da-faculdade-santa-marcelina\\\/#primaryimage\",\"url\":\"https:\\\/\\\/www.cidademarketing.com.br\\\/marketing\\\/wp-content\\\/uploads\\\/2020\\\/12\\\/Logo-FSM.jpg\",\"contentUrl\":\"https:\\\/\\\/www.cidademarketing.com.br\\\/marketing\\\/wp-content\\\/uploads\\\/2020\\\/12\\\/Logo-FSM.jpg\",\"width\":1692,\"height\":1735},{\"@type\":\"BreadcrumbList\",\"@id\":\"https:\\\/\\\/www.cidademarketing.com.br\\\/marketing\\\/2020\\\/12\\\/08\\\/pacientes-com-sequelas-do-novo-coronavirus-sao-atendidos-por-fisioterapeutas-da-faculdade-santa-marcelina\\\/#breadcrumb\",\"itemListElement\":[{\"@type\":\"ListItem\",\"position\":1,\"name\":\"In\u00edcio\",\"item\":\"https:\\\/\\\/www.cidademarketing.com.br\\\/marketing\\\/\"},{\"@type\":\"ListItem\",\"position\":2,\"name\":\"Pacientes com sequelas do novo coronav\u00edrus s\u00e3o atendidos por fisioterapeutas da Faculdade Santa Marcelina\"}]},{\"@type\":\"WebSite\",\"@id\":\"https:\\\/\\\/www.cidademarketing.com.br\\\/marketing\\\/#website\",\"url\":\"https:\\\/\\\/www.cidademarketing.com.br\\\/marketing\\\/\",\"name\":\"CidadeMarketing\",\"description\":\"Somos um ve\u00edculo de comunica\u00e7\u00e3o de destaque no Brasil, reconhecido por conte\u00fados nos segmentos de marketing, empreendedorismo e inova\u00e7\u00e3o.\",\"publisher\":{\"@id\":\"https:\\\/\\\/www.cidademarketing.com.br\\\/marketing\\\/#organization\"},\"alternateName\":\"CidadeMarketing\",\"potentialAction\":[{\"@type\":\"SearchAction\",\"target\":{\"@type\":\"EntryPoint\",\"urlTemplate\":\"https:\\\/\\\/www.cidademarketing.com.br\\\/marketing\\\/?s={search_term_string}\"},\"query-input\":{\"@type\":\"PropertyValueSpecification\",\"valueRequired\":true,\"valueName\":\"search_term_string\"}}],\"inLanguage\":\"pt-BR\"},{\"@type\":\"Organization\",\"@id\":\"https:\\\/\\\/www.cidademarketing.com.br\\\/marketing\\\/#organization\",\"name\":\"CidadeMarketing\",\"alternateName\":\"CidadeMarketing\",\"url\":\"https:\\\/\\\/www.cidademarketing.com.br\\\/marketing\\\/\",\"logo\":{\"@type\":\"ImageObject\",\"inLanguage\":\"pt-BR\",\"@id\":\"https:\\\/\\\/www.cidademarketing.com.br\\\/marketing\\\/#\\\/schema\\\/logo\\\/image\\\/\",\"url\":\"https:\\\/\\\/www.cidademarketing.com.br\\\/marketing\\\/wp-content\\\/uploads\\\/2020\\\/01\\\/cidademarketing_marca_mobile.png\",\"contentUrl\":\"https:\\\/\\\/www.cidademarketing.com.br\\\/marketing\\\/wp-content\\\/uploads\\\/2020\\\/01\\\/cidademarketing_marca_mobile.png\",\"width\":230,\"height\":92,\"caption\":\"CidadeMarketing\"},\"image\":{\"@id\":\"https:\\\/\\\/www.cidademarketing.com.br\\\/marketing\\\/#\\\/schema\\\/logo\\\/image\\\/\"},\"sameAs\":[\"https:\\\/\\\/www.facebook.com\\\/portalcidademarketing\",\"https:\\\/\\\/x.com\\\/CidadeMarketing\",\"https:\\\/\\\/www.instagram.com\\\/cidademarketing\\\/\"]},{\"@type\":\"Person\",\"@id\":\"https:\\\/\\\/www.cidademarketing.com.br\\\/marketing\\\/#\\\/schema\\\/person\\\/02daff9f18bd9378c9e01eb6b2db155f\",\"name\":\"Thales Brand\u00e3o\",\"image\":{\"@type\":\"ImageObject\",\"inLanguage\":\"pt-BR\",\"@id\":\"https:\\\/\\\/secure.gravatar.com\\\/avatar\\\/7ca3206950207cc3cb48feec56a8a7898741ab725c368d99d5d7a5a50aab80c6?s=96&d=mm&r=g\",\"url\":\"https:\\\/\\\/secure.gravatar.com\\\/avatar\\\/7ca3206950207cc3cb48feec56a8a7898741ab725c368d99d5d7a5a50aab80c6?s=96&d=mm&r=g\",\"contentUrl\":\"https:\\\/\\\/secure.gravatar.com\\\/avatar\\\/7ca3206950207cc3cb48feec56a8a7898741ab725c368d99d5d7a5a50aab80c6?s=96&d=mm&r=g\",\"caption\":\"Thales Brand\u00e3o\"},\"description\":\"Editor Executivo do Portal CidadeMarketing.com.br &gt; Mestre em Comunica\u00e7\u00e3o e Sociedade pela Universidade Federal de Sergipe. Possui MBA Executivo em Administra\u00e7\u00e3o com \u00eanfase em Marketing pela Funda\u00e7\u00e3o Get\u00falio Vargas - Rio de Janeiro. Consultor, Palestrante e Pesquisador sobre Empreendedorismo, Marketing, Redes Sociais e Neg\u00f3cios Digitais. Professor, Palestrante TedxTalks e Campus Party. Twitter: @ThalesBrandao\",\"sameAs\":[\"http:\\\/\\\/www.mandacaru.com.br\",\"https:\\\/\\\/www.facebook.com\\\/thalesbrandao\",\"http:\\\/\\\/www.instagram.com.br\\\/thalesbrandaoferreira\",\"https:\\\/\\\/www.linkedin.com\\\/in\\\/thales-brand\u00e3o-3948609\\\/\",\"https:\\\/\\\/x.com\\\/http:\\\/\\\/www.twitter.com\\\/thalesbrandao\"],\"url\":\"https:\\\/\\\/www.cidademarketing.com.br\\\/marketing\\\/author\\\/thalesbrandao\\\/\"}]}<\/script>\n<!-- \/ Yoast SEO plugin. -->","yoast_head_json":{"title":"Pacientes com sequelas do novo coronav\u00edrus s\u00e3o atendidos por fisioterapeutas da Faculdade Santa Marcelina - CidadeMarketing","robots":{"index":"index","follow":"follow","max-snippet":"max-snippet:-1","max-image-preview":"max-image-preview:large","max-video-preview":"max-video-preview:-1"},"canonical":"https:\/\/www.cidademarketing.com.br\/marketing\/2020\/12\/08\/pacientes-com-sequelas-do-novo-coronavirus-sao-atendidos-por-fisioterapeutas-da-faculdade-santa-marcelina\/","og_locale":"pt_BR","og_type":"article","og_title":"Pacientes com sequelas do novo coronav\u00edrus s\u00e3o atendidos por fisioterapeutas da Faculdade Santa Marcelina - CidadeMarketing","og_description":"A favor de apoiar na reabilita\u00e7\u00e3o das sequelas deixadas pela COVID-19, a Cl\u00ednica-Escola de Fisioterapia da Faculdade Santa Marcelina atende a pacientes curados, mas que sofrem dificuldades respirat\u00f3rias e fraqueza muscular para realizar suas atividades di\u00e1rias. O trabalho realizado pelos alunos e professores do curso de gradua\u00e7\u00e3o em Fisioterapia \u00e9 gratuito, mediante a agendamento. O [&hellip;]","og_url":"https:\/\/www.cidademarketing.com.br\/marketing\/2020\/12\/08\/pacientes-com-sequelas-do-novo-coronavirus-sao-atendidos-por-fisioterapeutas-da-faculdade-santa-marcelina\/","og_site_name":"CidadeMarketing","article_publisher":"https:\/\/www.facebook.com\/portalcidademarketing","article_author":"https:\/\/www.facebook.com\/thalesbrandao","article_published_time":"2020-12-08T14:24:37+00:00","article_modified_time":"2020-12-08T14:24:42+00:00","og_image":[{"width":1692,"height":1735,"url":"https:\/\/www.cidademarketing.com.br\/marketing\/wp-content\/uploads\/2020\/12\/Logo-FSM.jpg","type":"image\/jpeg"}],"author":"Thales Brand\u00e3o","twitter_card":"summary_large_image","twitter_creator":"@http:\/\/www.twitter.com\/thalesbrandao","twitter_site":"@CidadeMarketing","twitter_misc":{"Escrito por":"Thales Brand\u00e3o","Est. tempo de leitura":"2 minutos"},"schema":{"@context":"https:\/\/schema.org","@graph":[{"@type":"Article","@id":"https:\/\/www.cidademarketing.com.br\/marketing\/2020\/12\/08\/pacientes-com-sequelas-do-novo-coronavirus-sao-atendidos-por-fisioterapeutas-da-faculdade-santa-marcelina\/#article","isPartOf":{"@id":"https:\/\/www.cidademarketing.com.br\/marketing\/2020\/12\/08\/pacientes-com-sequelas-do-novo-coronavirus-sao-atendidos-por-fisioterapeutas-da-faculdade-santa-marcelina\/"},"author":{"name":"Thales Brand\u00e3o","@id":"https:\/\/www.cidademarketing.com.br\/marketing\/#\/schema\/person\/02daff9f18bd9378c9e01eb6b2db155f"},"headline":"Pacientes com sequelas do novo coronav\u00edrus s\u00e3o atendidos por fisioterapeutas da Faculdade Santa Marcelina","datePublished":"2020-12-08T14:24:37+00:00","dateModified":"2020-12-08T14:24:42+00:00","mainEntityOfPage":{"@id":"https:\/\/www.cidademarketing.com.br\/marketing\/2020\/12\/08\/pacientes-com-sequelas-do-novo-coronavirus-sao-atendidos-por-fisioterapeutas-da-faculdade-santa-marcelina\/"},"wordCount":425,"commentCount":0,"publisher":{"@id":"https:\/\/www.cidademarketing.com.br\/marketing\/#organization"},"image":{"@id":"https:\/\/www.cidademarketing.com.br\/marketing\/2020\/12\/08\/pacientes-com-sequelas-do-novo-coronavirus-sao-atendidos-por-fisioterapeutas-da-faculdade-santa-marcelina\/#primaryimage"},"thumbnailUrl":"https:\/\/www.cidademarketing.com.br\/marketing\/wp-content\/uploads\/2020\/12\/Logo-FSM.jpg","keywords":["coronav\u00edrus","estrat\u00e9gia"],"articleSection":["Not\u00edcias"],"inLanguage":"pt-BR","potentialAction":[{"@type":"CommentAction","name":"Comment","target":["https:\/\/www.cidademarketing.com.br\/marketing\/2020\/12\/08\/pacientes-com-sequelas-do-novo-coronavirus-sao-atendidos-por-fisioterapeutas-da-faculdade-santa-marcelina\/#respond"]}]},{"@type":"WebPage","@id":"https:\/\/www.cidademarketing.com.br\/marketing\/2020\/12\/08\/pacientes-com-sequelas-do-novo-coronavirus-sao-atendidos-por-fisioterapeutas-da-faculdade-santa-marcelina\/","url":"https:\/\/www.cidademarketing.com.br\/marketing\/2020\/12\/08\/pacientes-com-sequelas-do-novo-coronavirus-sao-atendidos-por-fisioterapeutas-da-faculdade-santa-marcelina\/","name":"Pacientes com sequelas do novo coronav\u00edrus s\u00e3o atendidos por fisioterapeutas da Faculdade Santa Marcelina - CidadeMarketing","isPartOf":{"@id":"https:\/\/www.cidademarketing.com.br\/marketing\/#website"},"primaryImageOfPage":{"@id":"https:\/\/www.cidademarketing.com.br\/marketing\/2020\/12\/08\/pacientes-com-sequelas-do-novo-coronavirus-sao-atendidos-por-fisioterapeutas-da-faculdade-santa-marcelina\/#primaryimage"},"image":{"@id":"https:\/\/www.cidademarketing.com.br\/marketing\/2020\/12\/08\/pacientes-com-sequelas-do-novo-coronavirus-sao-atendidos-por-fisioterapeutas-da-faculdade-santa-marcelina\/#primaryimage"},"thumbnailUrl":"https:\/\/www.cidademarketing.com.br\/marketing\/wp-content\/uploads\/2020\/12\/Logo-FSM.jpg","datePublished":"2020-12-08T14:24:37+00:00","dateModified":"2020-12-08T14:24:42+00:00","breadcrumb":{"@id":"https:\/\/www.cidademarketing.com.br\/marketing\/2020\/12\/08\/pacientes-com-sequelas-do-novo-coronavirus-sao-atendidos-por-fisioterapeutas-da-faculdade-santa-marcelina\/#breadcrumb"},"inLanguage":"pt-BR","potentialAction":[{"@type":"ReadAction","target":["https:\/\/www.cidademarketing.com.br\/marketing\/2020\/12\/08\/pacientes-com-sequelas-do-novo-coronavirus-sao-atendidos-por-fisioterapeutas-da-faculdade-santa-marcelina\/"]}]},{"@type":"ImageObject","inLanguage":"pt-BR","@id":"https:\/\/www.cidademarketing.com.br\/marketing\/2020\/12\/08\/pacientes-com-sequelas-do-novo-coronavirus-sao-atendidos-por-fisioterapeutas-da-faculdade-santa-marcelina\/#primaryimage","url":"https:\/\/www.cidademarketing.com.br\/marketing\/wp-content\/uploads\/2020\/12\/Logo-FSM.jpg","contentUrl":"https:\/\/www.cidademarketing.com.br\/marketing\/wp-content\/uploads\/2020\/12\/Logo-FSM.jpg","width":1692,"height":1735},{"@type":"BreadcrumbList","@id":"https:\/\/www.cidademarketing.com.br\/marketing\/2020\/12\/08\/pacientes-com-sequelas-do-novo-coronavirus-sao-atendidos-por-fisioterapeutas-da-faculdade-santa-marcelina\/#breadcrumb","itemListElement":[{"@type":"ListItem","position":1,"name":"In\u00edcio","item":"https:\/\/www.cidademarketing.com.br\/marketing\/"},{"@type":"ListItem","position":2,"name":"Pacientes com sequelas do novo coronav\u00edrus s\u00e3o atendidos por fisioterapeutas da Faculdade Santa Marcelina"}]},{"@type":"WebSite","@id":"https:\/\/www.cidademarketing.com.br\/marketing\/#website","url":"https:\/\/www.cidademarketing.com.br\/marketing\/","name":"CidadeMarketing","description":"Somos um ve\u00edculo de comunica\u00e7\u00e3o de destaque no Brasil, reconhecido por conte\u00fados nos segmentos de marketing, empreendedorismo e inova\u00e7\u00e3o.","publisher":{"@id":"https:\/\/www.cidademarketing.com.br\/marketing\/#organization"},"alternateName":"CidadeMarketing","potentialAction":[{"@type":"SearchAction","target":{"@type":"EntryPoint","urlTemplate":"https:\/\/www.cidademarketing.com.br\/marketing\/?s={search_term_string}"},"query-input":{"@type":"PropertyValueSpecification","valueRequired":true,"valueName":"search_term_string"}}],"inLanguage":"pt-BR"},{"@type":"Organization","@id":"https:\/\/www.cidademarketing.com.br\/marketing\/#organization","name":"CidadeMarketing","alternateName":"CidadeMarketing","url":"https:\/\/www.cidademarketing.com.br\/marketing\/","logo":{"@type":"ImageObject","inLanguage":"pt-BR","@id":"https:\/\/www.cidademarketing.com.br\/marketing\/#\/schema\/logo\/image\/","url":"https:\/\/www.cidademarketing.com.br\/marketing\/wp-content\/uploads\/2020\/01\/cidademarketing_marca_mobile.png","contentUrl":"https:\/\/www.cidademarketing.com.br\/marketing\/wp-content\/uploads\/2020\/01\/cidademarketing_marca_mobile.png","width":230,"height":92,"caption":"CidadeMarketing"},"image":{"@id":"https:\/\/www.cidademarketing.com.br\/marketing\/#\/schema\/logo\/image\/"},"sameAs":["https:\/\/www.facebook.com\/portalcidademarketing","https:\/\/x.com\/CidadeMarketing","https:\/\/www.instagram.com\/cidademarketing\/"]},{"@type":"Person","@id":"https:\/\/www.cidademarketing.com.br\/marketing\/#\/schema\/person\/02daff9f18bd9378c9e01eb6b2db155f","name":"Thales Brand\u00e3o","image":{"@type":"ImageObject","inLanguage":"pt-BR","@id":"https:\/\/secure.gravatar.com\/avatar\/7ca3206950207cc3cb48feec56a8a7898741ab725c368d99d5d7a5a50aab80c6?s=96&d=mm&r=g","url":"https:\/\/secure.gravatar.com\/avatar\/7ca3206950207cc3cb48feec56a8a7898741ab725c368d99d5d7a5a50aab80c6?s=96&d=mm&r=g","contentUrl":"https:\/\/secure.gravatar.com\/avatar\/7ca3206950207cc3cb48feec56a8a7898741ab725c368d99d5d7a5a50aab80c6?s=96&d=mm&r=g","caption":"Thales Brand\u00e3o"},"description":"Editor Executivo do Portal CidadeMarketing.com.br &gt; Mestre em Comunica\u00e7\u00e3o e Sociedade pela Universidade Federal de Sergipe. Possui MBA Executivo em Administra\u00e7\u00e3o com \u00eanfase em Marketing pela Funda\u00e7\u00e3o Get\u00falio Vargas - Rio de Janeiro. Consultor, Palestrante e Pesquisador sobre Empreendedorismo, Marketing, Redes Sociais e Neg\u00f3cios Digitais. Professor, Palestrante TedxTalks e Campus Party. Twitter: @ThalesBrandao","sameAs":["http:\/\/www.mandacaru.com.br","https:\/\/www.facebook.com\/thalesbrandao","http:\/\/www.instagram.com.br\/thalesbrandaoferreira","https:\/\/www.linkedin.com\/in\/thales-brand\u00e3o-3948609\/","https:\/\/x.com\/http:\/\/www.twitter.com\/thalesbrandao"],"url":"https:\/\/www.cidademarketing.com.br\/marketing\/author\/thalesbrandao\/"}]}},"amp_enabled":true,"_links":{"self":[{"href":"https:\/\/www.cidademarketing.com.br\/marketing\/wp-json\/wp\/v2\/posts\/21085","targetHints":{"allow":["GET"]}}],"collection":[{"href":"https:\/\/www.cidademarketing.com.br\/marketing\/wp-json\/wp\/v2\/posts"}],"about":[{"href":"https:\/\/www.cidademarketing.com.br\/marketing\/wp-json\/wp\/v2\/types\/post"}],"author":[{"embeddable":true,"href":"https:\/\/www.cidademarketing.com.br\/marketing\/wp-json\/wp\/v2\/users\/1"}],"replies":[{"embeddable":true,"href":"https:\/\/www.cidademarketing.com.br\/marketing\/wp-json\/wp\/v2\/comments?post=21085"}],"version-history":[{"count":1,"href":"https:\/\/www.cidademarketing.com.br\/marketing\/wp-json\/wp\/v2\/posts\/21085\/revisions"}],"predecessor-version":[{"id":21087,"href":"https:\/\/www.cidademarketing.com.br\/marketing\/wp-json\/wp\/v2\/posts\/21085\/revisions\/21087"}],"wp:featuredmedia":[{"embeddable":true,"href":"https:\/\/www.cidademarketing.com.br\/marketing\/wp-json\/wp\/v2\/media\/21086"}],"wp:attachment":[{"href":"https:\/\/www.cidademarketing.com.br\/marketing\/wp-json\/wp\/v2\/media?parent=21085"}],"wp:term":[{"taxonomy":"category","embeddable":true,"href":"https:\/\/www.cidademarketing.com.br\/marketing\/wp-json\/wp\/v2\/categories?post=21085"},{"taxonomy":"post_tag","embeddable":true,"href":"https:\/\/www.cidademarketing.com.br\/marketing\/wp-json\/wp\/v2\/tags?post=21085"}],"curies":[{"name":"wp","href":"https:\/\/api.w.org\/{rel}","templated":true}]}}