{"id":20937,"date":"2020-12-01T11:36:55","date_gmt":"2020-12-01T14:36:55","guid":{"rendered":"https:\/\/www.cidademarketing.com.br\/marketing\/?p=20937"},"modified":"2020-12-01T11:37:03","modified_gmt":"2020-12-01T14:37:03","slug":"starbucks-brasil-realiza-8a-edicao-do-caramel-day-em-parceria-com-a-fundacao-gol-de-letra","status":"publish","type":"post","link":"https:\/\/www.cidademarketing.com.br\/marketing\/2020\/12\/01\/starbucks-brasil-realiza-8a-edicao-do-caramel-day-em-parceria-com-a-fundacao-gol-de-letra\/","title":{"rendered":"Starbucks Brasil realiza 8\u00aa edi\u00e7\u00e3o do Caramel Day em parceria com a Funda\u00e7\u00e3o Gol de Letra"},"content":{"rendered":"\n<p>Sempre comprometida em ser localmente relevante nas comunidades em que est\u00e1 presente, ao mesmo tempo em que busca diariamente oferecer a melhor e mais segura experi\u00eancia aos clientes, a Starbucks Brasil anuncia que amanh\u00e3, 1\u00ba de dezembro, acontecer\u00e1 uma nova edi\u00e7\u00e3o do Caramel Day* nas lojas da marca nos estados de S\u00e3o Paulo, Rio de Janeiro e Santa Catarina. A a\u00e7\u00e3o ter\u00e1 todo o lucro l\u00edquido obtido com as vendas das bebidas Caramelo Macchiato (quente), Caramelo Macchiato Iced e Caramelo Frappuccino\u00ae, de qualquer tamanho, doado \u00e0 Funda\u00e7\u00e3o Gol de Letra \u2013 v\u00e1lido para as vendas realizadas presencialmente nas lojas Starbucks, ou por meio de delivery via Rappi. De 2013 at\u00e9 o momento, a Starbucks Brasil j\u00e1 contribuiu com mais de R$ 400 mil reais para auxiliar nos trabalhos da ONG.<\/p>\n\n\n\n<p>\u201cFortalecer as comunidades faz parte da miss\u00e3o e dos valores da Starbucks. No Brasil, a marca faz parceria com diversas organiza\u00e7\u00f5es para contribuir e dar suporte a educa\u00e7\u00e3o e acesso a oportunidades de emprego para a popula\u00e7\u00e3o local, visando fazer a diferen\u00e7a na vida das pessoas. A\u00e7\u00f5es como o Caramel Day nos deixa muito orgulhosos\u201d, afirma Sedenir Junior, gerente de marketing e comunica\u00e7\u00e3o da Starbucks Brasil.<\/p>\n\n\n\n<p>O Caramel Day \u00e9 uma iniciativa social liderada pela Starbucks no Brasil, que em parceria com a Funda\u00e7\u00e3o Gol de Letra, incentiva o apoio \u00e0 educa\u00e7\u00e3o e ao esporte para crian\u00e7as e adolescentes em situa\u00e7\u00e3o de vulnerabilidade no pa\u00eds. A ONG, fundada pelos tetracampe\u00f5es de futebol Ra\u00ed e Leonardo, oferece atividades voltadas \u00e0 cultura, educa\u00e7\u00e3o, qualifica\u00e7\u00e3o profissional, lazer e esporte em S\u00e3o Paulo e no Rio de Janeiro.<\/p>\n\n\n\n<p>\u201cEstamos realmente muito felizes e agradecidos com mais um ano dessa parceria com a Starbucks que \u00e9 t\u00e3o importante. Para n\u00f3s, o Caramel Day \u00e9 uma das datas mais aguardadas, pois por meio dela podemos contribuir para a realiza\u00e7\u00e3o dos sonhos de muitas crian\u00e7as e adolescentes. Ter a Starbucks como parceira para fazer esse trabalho \u00e9 realmente incr\u00edvel\u201d, comemora o ex-jogador de futebol profissional Ra\u00ed.<\/p>\n","protected":false},"excerpt":{"rendered":"<p>Sempre comprometida em ser localmente relevante nas comunidades em que est\u00e1 presente, ao mesmo tempo em que busca diariamente oferecer a melhor e mais segura experi\u00eancia aos clientes, a Starbucks Brasil anuncia que amanh\u00e3, 1\u00ba de dezembro, acontecer\u00e1 uma nova edi\u00e7\u00e3o do Caramel Day* nas lojas da marca nos estados de S\u00e3o Paulo, Rio de [&hellip;]<\/p>\n","protected":false},"author":1,"featured_media":1362,"comment_status":"open","ping_status":"open","sticky":false,"template":"","format":"standard","meta":{"tdm_status":"","tdm_grid_status":"","footnotes":""},"categories":[6],"tags":[3603,28,3602],"class_list":["post-20937","post","type-post","status-publish","format-standard","has-post-thumbnail","hentry","category-noticias","tag-fundacao-gol-de-letra","tag-marketing","tag-startbucks-brasil"],"yoast_head":"<!-- This site is optimized with the Yoast SEO plugin v27.5 - https:\/\/yoast.com\/product\/yoast-seo-wordpress\/ -->\n<title>Starbucks Brasil realiza 8\u00aa edi\u00e7\u00e3o do Caramel Day em parceria com a Funda\u00e7\u00e3o Gol de Letra - CidadeMarketing<\/title>\n<meta name=\"robots\" content=\"index, follow, max-snippet:-1, max-image-preview:large, max-video-preview:-1\" \/>\n<link rel=\"canonical\" href=\"https:\/\/www.cidademarketing.com.br\/marketing\/2020\/12\/01\/starbucks-brasil-realiza-8a-edicao-do-caramel-day-em-parceria-com-a-fundacao-gol-de-letra\/\" \/>\n<meta property=\"og:locale\" content=\"pt_BR\" \/>\n<meta property=\"og:type\" content=\"article\" \/>\n<meta property=\"og:title\" content=\"Starbucks Brasil realiza 8\u00aa edi\u00e7\u00e3o do Caramel Day em parceria com a Funda\u00e7\u00e3o Gol de Letra - CidadeMarketing\" \/>\n<meta property=\"og:description\" content=\"Sempre comprometida em ser localmente relevante nas comunidades em que est\u00e1 presente, ao mesmo tempo em que busca diariamente oferecer a melhor e mais segura experi\u00eancia aos clientes, a Starbucks Brasil anuncia que amanh\u00e3, 1\u00ba de dezembro, acontecer\u00e1 uma nova edi\u00e7\u00e3o do Caramel Day* nas lojas da marca nos estados de S\u00e3o Paulo, Rio de [&hellip;]\" \/>\n<meta property=\"og:url\" content=\"https:\/\/www.cidademarketing.com.br\/marketing\/2020\/12\/01\/starbucks-brasil-realiza-8a-edicao-do-caramel-day-em-parceria-com-a-fundacao-gol-de-letra\/\" \/>\n<meta property=\"og:site_name\" content=\"CidadeMarketing\" \/>\n<meta property=\"article:publisher\" content=\"https:\/\/www.facebook.com\/portalcidademarketing\" \/>\n<meta property=\"article:author\" content=\"https:\/\/www.facebook.com\/thalesbrandao\" \/>\n<meta property=\"article:published_time\" content=\"2020-12-01T14:36:55+00:00\" \/>\n<meta property=\"article:modified_time\" content=\"2020-12-01T14:37:03+00:00\" \/>\n<meta property=\"og:image\" content=\"https:\/\/www.cidademarketing.com.br\/marketing\/wp-content\/uploads\/2018\/07\/starbucks_marca.jpeg\" \/>\n\t<meta property=\"og:image:width\" content=\"600\" \/>\n\t<meta property=\"og:image:height\" content=\"400\" \/>\n\t<meta property=\"og:image:type\" content=\"image\/jpeg\" \/>\n<meta name=\"author\" content=\"Thales Brand\u00e3o\" \/>\n<meta name=\"twitter:card\" content=\"summary_large_image\" \/>\n<meta name=\"twitter:creator\" content=\"@http:\/\/www.twitter.com\/thalesbrandao\" \/>\n<meta name=\"twitter:site\" content=\"@CidadeMarketing\" \/>\n<meta name=\"twitter:label1\" content=\"Escrito por\" \/>\n\t<meta name=\"twitter:data1\" content=\"Thales Brand\u00e3o\" \/>\n\t<meta name=\"twitter:label2\" content=\"Est. tempo de leitura\" \/>\n\t<meta name=\"twitter:data2\" content=\"2 minutos\" \/>\n<script type=\"application\/ld+json\" class=\"yoast-schema-graph\">{\"@context\":\"https:\\\/\\\/schema.org\",\"@graph\":[{\"@type\":\"Article\",\"@id\":\"https:\\\/\\\/www.cidademarketing.com.br\\\/marketing\\\/2020\\\/12\\\/01\\\/starbucks-brasil-realiza-8a-edicao-do-caramel-day-em-parceria-com-a-fundacao-gol-de-letra\\\/#article\",\"isPartOf\":{\"@id\":\"https:\\\/\\\/www.cidademarketing.com.br\\\/marketing\\\/2020\\\/12\\\/01\\\/starbucks-brasil-realiza-8a-edicao-do-caramel-day-em-parceria-com-a-fundacao-gol-de-letra\\\/\"},\"author\":{\"name\":\"Thales Brand\u00e3o\",\"@id\":\"https:\\\/\\\/www.cidademarketing.com.br\\\/marketing\\\/#\\\/schema\\\/person\\\/02daff9f18bd9378c9e01eb6b2db155f\"},\"headline\":\"Starbucks Brasil realiza 8\u00aa edi\u00e7\u00e3o do Caramel Day em parceria com a Funda\u00e7\u00e3o Gol de Letra\",\"datePublished\":\"2020-12-01T14:36:55+00:00\",\"dateModified\":\"2020-12-01T14:37:03+00:00\",\"mainEntityOfPage\":{\"@id\":\"https:\\\/\\\/www.cidademarketing.com.br\\\/marketing\\\/2020\\\/12\\\/01\\\/starbucks-brasil-realiza-8a-edicao-do-caramel-day-em-parceria-com-a-fundacao-gol-de-letra\\\/\"},\"wordCount\":363,\"commentCount\":0,\"publisher\":{\"@id\":\"https:\\\/\\\/www.cidademarketing.com.br\\\/marketing\\\/#organization\"},\"image\":{\"@id\":\"https:\\\/\\\/www.cidademarketing.com.br\\\/marketing\\\/2020\\\/12\\\/01\\\/starbucks-brasil-realiza-8a-edicao-do-caramel-day-em-parceria-com-a-fundacao-gol-de-letra\\\/#primaryimage\"},\"thumbnailUrl\":\"https:\\\/\\\/www.cidademarketing.com.br\\\/marketing\\\/wp-content\\\/uploads\\\/2018\\\/07\\\/starbucks_marca.jpeg\",\"keywords\":[\"Funda\u00e7\u00e3o Gol de Letra\",\"marketing\",\"Startbucks Brasil\"],\"articleSection\":[\"Not\u00edcias\"],\"inLanguage\":\"pt-BR\",\"potentialAction\":[{\"@type\":\"CommentAction\",\"name\":\"Comment\",\"target\":[\"https:\\\/\\\/www.cidademarketing.com.br\\\/marketing\\\/2020\\\/12\\\/01\\\/starbucks-brasil-realiza-8a-edicao-do-caramel-day-em-parceria-com-a-fundacao-gol-de-letra\\\/#respond\"]}]},{\"@type\":\"WebPage\",\"@id\":\"https:\\\/\\\/www.cidademarketing.com.br\\\/marketing\\\/2020\\\/12\\\/01\\\/starbucks-brasil-realiza-8a-edicao-do-caramel-day-em-parceria-com-a-fundacao-gol-de-letra\\\/\",\"url\":\"https:\\\/\\\/www.cidademarketing.com.br\\\/marketing\\\/2020\\\/12\\\/01\\\/starbucks-brasil-realiza-8a-edicao-do-caramel-day-em-parceria-com-a-fundacao-gol-de-letra\\\/\",\"name\":\"Starbucks Brasil realiza 8\u00aa edi\u00e7\u00e3o do Caramel Day em parceria com a Funda\u00e7\u00e3o Gol de Letra - CidadeMarketing\",\"isPartOf\":{\"@id\":\"https:\\\/\\\/www.cidademarketing.com.br\\\/marketing\\\/#website\"},\"primaryImageOfPage\":{\"@id\":\"https:\\\/\\\/www.cidademarketing.com.br\\\/marketing\\\/2020\\\/12\\\/01\\\/starbucks-brasil-realiza-8a-edicao-do-caramel-day-em-parceria-com-a-fundacao-gol-de-letra\\\/#primaryimage\"},\"image\":{\"@id\":\"https:\\\/\\\/www.cidademarketing.com.br\\\/marketing\\\/2020\\\/12\\\/01\\\/starbucks-brasil-realiza-8a-edicao-do-caramel-day-em-parceria-com-a-fundacao-gol-de-letra\\\/#primaryimage\"},\"thumbnailUrl\":\"https:\\\/\\\/www.cidademarketing.com.br\\\/marketing\\\/wp-content\\\/uploads\\\/2018\\\/07\\\/starbucks_marca.jpeg\",\"datePublished\":\"2020-12-01T14:36:55+00:00\",\"dateModified\":\"2020-12-01T14:37:03+00:00\",\"breadcrumb\":{\"@id\":\"https:\\\/\\\/www.cidademarketing.com.br\\\/marketing\\\/2020\\\/12\\\/01\\\/starbucks-brasil-realiza-8a-edicao-do-caramel-day-em-parceria-com-a-fundacao-gol-de-letra\\\/#breadcrumb\"},\"inLanguage\":\"pt-BR\",\"potentialAction\":[{\"@type\":\"ReadAction\",\"target\":[\"https:\\\/\\\/www.cidademarketing.com.br\\\/marketing\\\/2020\\\/12\\\/01\\\/starbucks-brasil-realiza-8a-edicao-do-caramel-day-em-parceria-com-a-fundacao-gol-de-letra\\\/\"]}]},{\"@type\":\"ImageObject\",\"inLanguage\":\"pt-BR\",\"@id\":\"https:\\\/\\\/www.cidademarketing.com.br\\\/marketing\\\/2020\\\/12\\\/01\\\/starbucks-brasil-realiza-8a-edicao-do-caramel-day-em-parceria-com-a-fundacao-gol-de-letra\\\/#primaryimage\",\"url\":\"https:\\\/\\\/www.cidademarketing.com.br\\\/marketing\\\/wp-content\\\/uploads\\\/2018\\\/07\\\/starbucks_marca.jpeg\",\"contentUrl\":\"https:\\\/\\\/www.cidademarketing.com.br\\\/marketing\\\/wp-content\\\/uploads\\\/2018\\\/07\\\/starbucks_marca.jpeg\",\"width\":600,\"height\":400},{\"@type\":\"BreadcrumbList\",\"@id\":\"https:\\\/\\\/www.cidademarketing.com.br\\\/marketing\\\/2020\\\/12\\\/01\\\/starbucks-brasil-realiza-8a-edicao-do-caramel-day-em-parceria-com-a-fundacao-gol-de-letra\\\/#breadcrumb\",\"itemListElement\":[{\"@type\":\"ListItem\",\"position\":1,\"name\":\"In\u00edcio\",\"item\":\"https:\\\/\\\/www.cidademarketing.com.br\\\/marketing\\\/\"},{\"@type\":\"ListItem\",\"position\":2,\"name\":\"Starbucks Brasil realiza 8\u00aa edi\u00e7\u00e3o do Caramel Day em parceria com a Funda\u00e7\u00e3o Gol de Letra\"}]},{\"@type\":\"WebSite\",\"@id\":\"https:\\\/\\\/www.cidademarketing.com.br\\\/marketing\\\/#website\",\"url\":\"https:\\\/\\\/www.cidademarketing.com.br\\\/marketing\\\/\",\"name\":\"CidadeMarketing\",\"description\":\"Somos um ve\u00edculo de comunica\u00e7\u00e3o de destaque no Brasil, reconhecido por conte\u00fados nos segmentos de marketing, empreendedorismo e inova\u00e7\u00e3o.\",\"publisher\":{\"@id\":\"https:\\\/\\\/www.cidademarketing.com.br\\\/marketing\\\/#organization\"},\"alternateName\":\"CidadeMarketing\",\"potentialAction\":[{\"@type\":\"SearchAction\",\"target\":{\"@type\":\"EntryPoint\",\"urlTemplate\":\"https:\\\/\\\/www.cidademarketing.com.br\\\/marketing\\\/?s={search_term_string}\"},\"query-input\":{\"@type\":\"PropertyValueSpecification\",\"valueRequired\":true,\"valueName\":\"search_term_string\"}}],\"inLanguage\":\"pt-BR\"},{\"@type\":\"Organization\",\"@id\":\"https:\\\/\\\/www.cidademarketing.com.br\\\/marketing\\\/#organization\",\"name\":\"CidadeMarketing\",\"alternateName\":\"CidadeMarketing\",\"url\":\"https:\\\/\\\/www.cidademarketing.com.br\\\/marketing\\\/\",\"logo\":{\"@type\":\"ImageObject\",\"inLanguage\":\"pt-BR\",\"@id\":\"https:\\\/\\\/www.cidademarketing.com.br\\\/marketing\\\/#\\\/schema\\\/logo\\\/image\\\/\",\"url\":\"https:\\\/\\\/www.cidademarketing.com.br\\\/marketing\\\/wp-content\\\/uploads\\\/2020\\\/01\\\/cidademarketing_marca_mobile.png\",\"contentUrl\":\"https:\\\/\\\/www.cidademarketing.com.br\\\/marketing\\\/wp-content\\\/uploads\\\/2020\\\/01\\\/cidademarketing_marca_mobile.png\",\"width\":230,\"height\":92,\"caption\":\"CidadeMarketing\"},\"image\":{\"@id\":\"https:\\\/\\\/www.cidademarketing.com.br\\\/marketing\\\/#\\\/schema\\\/logo\\\/image\\\/\"},\"sameAs\":[\"https:\\\/\\\/www.facebook.com\\\/portalcidademarketing\",\"https:\\\/\\\/x.com\\\/CidadeMarketing\",\"https:\\\/\\\/www.instagram.com\\\/cidademarketing\\\/\"]},{\"@type\":\"Person\",\"@id\":\"https:\\\/\\\/www.cidademarketing.com.br\\\/marketing\\\/#\\\/schema\\\/person\\\/02daff9f18bd9378c9e01eb6b2db155f\",\"name\":\"Thales Brand\u00e3o\",\"image\":{\"@type\":\"ImageObject\",\"inLanguage\":\"pt-BR\",\"@id\":\"https:\\\/\\\/secure.gravatar.com\\\/avatar\\\/7ca3206950207cc3cb48feec56a8a7898741ab725c368d99d5d7a5a50aab80c6?s=96&d=mm&r=g\",\"url\":\"https:\\\/\\\/secure.gravatar.com\\\/avatar\\\/7ca3206950207cc3cb48feec56a8a7898741ab725c368d99d5d7a5a50aab80c6?s=96&d=mm&r=g\",\"contentUrl\":\"https:\\\/\\\/secure.gravatar.com\\\/avatar\\\/7ca3206950207cc3cb48feec56a8a7898741ab725c368d99d5d7a5a50aab80c6?s=96&d=mm&r=g\",\"caption\":\"Thales Brand\u00e3o\"},\"description\":\"Editor Executivo do Portal CidadeMarketing.com.br &gt; Mestre em Comunica\u00e7\u00e3o e Sociedade pela Universidade Federal de Sergipe. Possui MBA Executivo em Administra\u00e7\u00e3o com \u00eanfase em Marketing pela Funda\u00e7\u00e3o Get\u00falio Vargas - Rio de Janeiro. Consultor, Palestrante e Pesquisador sobre Empreendedorismo, Marketing, Redes Sociais e Neg\u00f3cios Digitais. Professor, Palestrante TedxTalks e Campus Party. Twitter: @ThalesBrandao\",\"sameAs\":[\"http:\\\/\\\/www.mandacaru.com.br\",\"https:\\\/\\\/www.facebook.com\\\/thalesbrandao\",\"http:\\\/\\\/www.instagram.com.br\\\/thalesbrandaoferreira\",\"https:\\\/\\\/www.linkedin.com\\\/in\\\/thales-brand\u00e3o-3948609\\\/\",\"https:\\\/\\\/x.com\\\/http:\\\/\\\/www.twitter.com\\\/thalesbrandao\"],\"url\":\"https:\\\/\\\/www.cidademarketing.com.br\\\/marketing\\\/author\\\/thalesbrandao\\\/\"}]}<\/script>\n<!-- \/ Yoast SEO plugin. -->","yoast_head_json":{"title":"Starbucks Brasil realiza 8\u00aa edi\u00e7\u00e3o do Caramel Day em parceria com a Funda\u00e7\u00e3o Gol de Letra - CidadeMarketing","robots":{"index":"index","follow":"follow","max-snippet":"max-snippet:-1","max-image-preview":"max-image-preview:large","max-video-preview":"max-video-preview:-1"},"canonical":"https:\/\/www.cidademarketing.com.br\/marketing\/2020\/12\/01\/starbucks-brasil-realiza-8a-edicao-do-caramel-day-em-parceria-com-a-fundacao-gol-de-letra\/","og_locale":"pt_BR","og_type":"article","og_title":"Starbucks Brasil realiza 8\u00aa edi\u00e7\u00e3o do Caramel Day em parceria com a Funda\u00e7\u00e3o Gol de Letra - CidadeMarketing","og_description":"Sempre comprometida em ser localmente relevante nas comunidades em que est\u00e1 presente, ao mesmo tempo em que busca diariamente oferecer a melhor e mais segura experi\u00eancia aos clientes, a Starbucks Brasil anuncia que amanh\u00e3, 1\u00ba de dezembro, acontecer\u00e1 uma nova edi\u00e7\u00e3o do Caramel Day* nas lojas da marca nos estados de S\u00e3o Paulo, Rio de [&hellip;]","og_url":"https:\/\/www.cidademarketing.com.br\/marketing\/2020\/12\/01\/starbucks-brasil-realiza-8a-edicao-do-caramel-day-em-parceria-com-a-fundacao-gol-de-letra\/","og_site_name":"CidadeMarketing","article_publisher":"https:\/\/www.facebook.com\/portalcidademarketing","article_author":"https:\/\/www.facebook.com\/thalesbrandao","article_published_time":"2020-12-01T14:36:55+00:00","article_modified_time":"2020-12-01T14:37:03+00:00","og_image":[{"width":600,"height":400,"url":"https:\/\/www.cidademarketing.com.br\/marketing\/wp-content\/uploads\/2018\/07\/starbucks_marca.jpeg","type":"image\/jpeg"}],"author":"Thales Brand\u00e3o","twitter_card":"summary_large_image","twitter_creator":"@http:\/\/www.twitter.com\/thalesbrandao","twitter_site":"@CidadeMarketing","twitter_misc":{"Escrito por":"Thales Brand\u00e3o","Est. tempo de leitura":"2 minutos"},"schema":{"@context":"https:\/\/schema.org","@graph":[{"@type":"Article","@id":"https:\/\/www.cidademarketing.com.br\/marketing\/2020\/12\/01\/starbucks-brasil-realiza-8a-edicao-do-caramel-day-em-parceria-com-a-fundacao-gol-de-letra\/#article","isPartOf":{"@id":"https:\/\/www.cidademarketing.com.br\/marketing\/2020\/12\/01\/starbucks-brasil-realiza-8a-edicao-do-caramel-day-em-parceria-com-a-fundacao-gol-de-letra\/"},"author":{"name":"Thales Brand\u00e3o","@id":"https:\/\/www.cidademarketing.com.br\/marketing\/#\/schema\/person\/02daff9f18bd9378c9e01eb6b2db155f"},"headline":"Starbucks Brasil realiza 8\u00aa edi\u00e7\u00e3o do Caramel Day em parceria com a Funda\u00e7\u00e3o Gol de Letra","datePublished":"2020-12-01T14:36:55+00:00","dateModified":"2020-12-01T14:37:03+00:00","mainEntityOfPage":{"@id":"https:\/\/www.cidademarketing.com.br\/marketing\/2020\/12\/01\/starbucks-brasil-realiza-8a-edicao-do-caramel-day-em-parceria-com-a-fundacao-gol-de-letra\/"},"wordCount":363,"commentCount":0,"publisher":{"@id":"https:\/\/www.cidademarketing.com.br\/marketing\/#organization"},"image":{"@id":"https:\/\/www.cidademarketing.com.br\/marketing\/2020\/12\/01\/starbucks-brasil-realiza-8a-edicao-do-caramel-day-em-parceria-com-a-fundacao-gol-de-letra\/#primaryimage"},"thumbnailUrl":"https:\/\/www.cidademarketing.com.br\/marketing\/wp-content\/uploads\/2018\/07\/starbucks_marca.jpeg","keywords":["Funda\u00e7\u00e3o Gol de Letra","marketing","Startbucks Brasil"],"articleSection":["Not\u00edcias"],"inLanguage":"pt-BR","potentialAction":[{"@type":"CommentAction","name":"Comment","target":["https:\/\/www.cidademarketing.com.br\/marketing\/2020\/12\/01\/starbucks-brasil-realiza-8a-edicao-do-caramel-day-em-parceria-com-a-fundacao-gol-de-letra\/#respond"]}]},{"@type":"WebPage","@id":"https:\/\/www.cidademarketing.com.br\/marketing\/2020\/12\/01\/starbucks-brasil-realiza-8a-edicao-do-caramel-day-em-parceria-com-a-fundacao-gol-de-letra\/","url":"https:\/\/www.cidademarketing.com.br\/marketing\/2020\/12\/01\/starbucks-brasil-realiza-8a-edicao-do-caramel-day-em-parceria-com-a-fundacao-gol-de-letra\/","name":"Starbucks Brasil realiza 8\u00aa edi\u00e7\u00e3o do Caramel Day em parceria com a Funda\u00e7\u00e3o Gol de Letra - CidadeMarketing","isPartOf":{"@id":"https:\/\/www.cidademarketing.com.br\/marketing\/#website"},"primaryImageOfPage":{"@id":"https:\/\/www.cidademarketing.com.br\/marketing\/2020\/12\/01\/starbucks-brasil-realiza-8a-edicao-do-caramel-day-em-parceria-com-a-fundacao-gol-de-letra\/#primaryimage"},"image":{"@id":"https:\/\/www.cidademarketing.com.br\/marketing\/2020\/12\/01\/starbucks-brasil-realiza-8a-edicao-do-caramel-day-em-parceria-com-a-fundacao-gol-de-letra\/#primaryimage"},"thumbnailUrl":"https:\/\/www.cidademarketing.com.br\/marketing\/wp-content\/uploads\/2018\/07\/starbucks_marca.jpeg","datePublished":"2020-12-01T14:36:55+00:00","dateModified":"2020-12-01T14:37:03+00:00","breadcrumb":{"@id":"https:\/\/www.cidademarketing.com.br\/marketing\/2020\/12\/01\/starbucks-brasil-realiza-8a-edicao-do-caramel-day-em-parceria-com-a-fundacao-gol-de-letra\/#breadcrumb"},"inLanguage":"pt-BR","potentialAction":[{"@type":"ReadAction","target":["https:\/\/www.cidademarketing.com.br\/marketing\/2020\/12\/01\/starbucks-brasil-realiza-8a-edicao-do-caramel-day-em-parceria-com-a-fundacao-gol-de-letra\/"]}]},{"@type":"ImageObject","inLanguage":"pt-BR","@id":"https:\/\/www.cidademarketing.com.br\/marketing\/2020\/12\/01\/starbucks-brasil-realiza-8a-edicao-do-caramel-day-em-parceria-com-a-fundacao-gol-de-letra\/#primaryimage","url":"https:\/\/www.cidademarketing.com.br\/marketing\/wp-content\/uploads\/2018\/07\/starbucks_marca.jpeg","contentUrl":"https:\/\/www.cidademarketing.com.br\/marketing\/wp-content\/uploads\/2018\/07\/starbucks_marca.jpeg","width":600,"height":400},{"@type":"BreadcrumbList","@id":"https:\/\/www.cidademarketing.com.br\/marketing\/2020\/12\/01\/starbucks-brasil-realiza-8a-edicao-do-caramel-day-em-parceria-com-a-fundacao-gol-de-letra\/#breadcrumb","itemListElement":[{"@type":"ListItem","position":1,"name":"In\u00edcio","item":"https:\/\/www.cidademarketing.com.br\/marketing\/"},{"@type":"ListItem","position":2,"name":"Starbucks Brasil realiza 8\u00aa edi\u00e7\u00e3o do Caramel Day em parceria com a Funda\u00e7\u00e3o Gol de Letra"}]},{"@type":"WebSite","@id":"https:\/\/www.cidademarketing.com.br\/marketing\/#website","url":"https:\/\/www.cidademarketing.com.br\/marketing\/","name":"CidadeMarketing","description":"Somos um ve\u00edculo de comunica\u00e7\u00e3o de destaque no Brasil, reconhecido por conte\u00fados nos segmentos de marketing, empreendedorismo e inova\u00e7\u00e3o.","publisher":{"@id":"https:\/\/www.cidademarketing.com.br\/marketing\/#organization"},"alternateName":"CidadeMarketing","potentialAction":[{"@type":"SearchAction","target":{"@type":"EntryPoint","urlTemplate":"https:\/\/www.cidademarketing.com.br\/marketing\/?s={search_term_string}"},"query-input":{"@type":"PropertyValueSpecification","valueRequired":true,"valueName":"search_term_string"}}],"inLanguage":"pt-BR"},{"@type":"Organization","@id":"https:\/\/www.cidademarketing.com.br\/marketing\/#organization","name":"CidadeMarketing","alternateName":"CidadeMarketing","url":"https:\/\/www.cidademarketing.com.br\/marketing\/","logo":{"@type":"ImageObject","inLanguage":"pt-BR","@id":"https:\/\/www.cidademarketing.com.br\/marketing\/#\/schema\/logo\/image\/","url":"https:\/\/www.cidademarketing.com.br\/marketing\/wp-content\/uploads\/2020\/01\/cidademarketing_marca_mobile.png","contentUrl":"https:\/\/www.cidademarketing.com.br\/marketing\/wp-content\/uploads\/2020\/01\/cidademarketing_marca_mobile.png","width":230,"height":92,"caption":"CidadeMarketing"},"image":{"@id":"https:\/\/www.cidademarketing.com.br\/marketing\/#\/schema\/logo\/image\/"},"sameAs":["https:\/\/www.facebook.com\/portalcidademarketing","https:\/\/x.com\/CidadeMarketing","https:\/\/www.instagram.com\/cidademarketing\/"]},{"@type":"Person","@id":"https:\/\/www.cidademarketing.com.br\/marketing\/#\/schema\/person\/02daff9f18bd9378c9e01eb6b2db155f","name":"Thales Brand\u00e3o","image":{"@type":"ImageObject","inLanguage":"pt-BR","@id":"https:\/\/secure.gravatar.com\/avatar\/7ca3206950207cc3cb48feec56a8a7898741ab725c368d99d5d7a5a50aab80c6?s=96&d=mm&r=g","url":"https:\/\/secure.gravatar.com\/avatar\/7ca3206950207cc3cb48feec56a8a7898741ab725c368d99d5d7a5a50aab80c6?s=96&d=mm&r=g","contentUrl":"https:\/\/secure.gravatar.com\/avatar\/7ca3206950207cc3cb48feec56a8a7898741ab725c368d99d5d7a5a50aab80c6?s=96&d=mm&r=g","caption":"Thales Brand\u00e3o"},"description":"Editor Executivo do Portal CidadeMarketing.com.br &gt; Mestre em Comunica\u00e7\u00e3o e Sociedade pela Universidade Federal de Sergipe. Possui MBA Executivo em Administra\u00e7\u00e3o com \u00eanfase em Marketing pela Funda\u00e7\u00e3o Get\u00falio Vargas - Rio de Janeiro. Consultor, Palestrante e Pesquisador sobre Empreendedorismo, Marketing, Redes Sociais e Neg\u00f3cios Digitais. Professor, Palestrante TedxTalks e Campus Party. Twitter: @ThalesBrandao","sameAs":["http:\/\/www.mandacaru.com.br","https:\/\/www.facebook.com\/thalesbrandao","http:\/\/www.instagram.com.br\/thalesbrandaoferreira","https:\/\/www.linkedin.com\/in\/thales-brand\u00e3o-3948609\/","https:\/\/x.com\/http:\/\/www.twitter.com\/thalesbrandao"],"url":"https:\/\/www.cidademarketing.com.br\/marketing\/author\/thalesbrandao\/"}]}},"amp_enabled":true,"_links":{"self":[{"href":"https:\/\/www.cidademarketing.com.br\/marketing\/wp-json\/wp\/v2\/posts\/20937","targetHints":{"allow":["GET"]}}],"collection":[{"href":"https:\/\/www.cidademarketing.com.br\/marketing\/wp-json\/wp\/v2\/posts"}],"about":[{"href":"https:\/\/www.cidademarketing.com.br\/marketing\/wp-json\/wp\/v2\/types\/post"}],"author":[{"embeddable":true,"href":"https:\/\/www.cidademarketing.com.br\/marketing\/wp-json\/wp\/v2\/users\/1"}],"replies":[{"embeddable":true,"href":"https:\/\/www.cidademarketing.com.br\/marketing\/wp-json\/wp\/v2\/comments?post=20937"}],"version-history":[{"count":1,"href":"https:\/\/www.cidademarketing.com.br\/marketing\/wp-json\/wp\/v2\/posts\/20937\/revisions"}],"predecessor-version":[{"id":20938,"href":"https:\/\/www.cidademarketing.com.br\/marketing\/wp-json\/wp\/v2\/posts\/20937\/revisions\/20938"}],"wp:featuredmedia":[{"embeddable":true,"href":"https:\/\/www.cidademarketing.com.br\/marketing\/wp-json\/wp\/v2\/media\/1362"}],"wp:attachment":[{"href":"https:\/\/www.cidademarketing.com.br\/marketing\/wp-json\/wp\/v2\/media?parent=20937"}],"wp:term":[{"taxonomy":"category","embeddable":true,"href":"https:\/\/www.cidademarketing.com.br\/marketing\/wp-json\/wp\/v2\/categories?post=20937"},{"taxonomy":"post_tag","embeddable":true,"href":"https:\/\/www.cidademarketing.com.br\/marketing\/wp-json\/wp\/v2\/tags?post=20937"}],"curies":[{"name":"wp","href":"https:\/\/api.w.org\/{rel}","templated":true}]}}