{"id":20898,"date":"2020-11-27T10:57:41","date_gmt":"2020-11-27T13:57:41","guid":{"rendered":"https:\/\/www.cidademarketing.com.br\/marketing\/?p=20898"},"modified":"2020-11-27T11:59:14","modified_gmt":"2020-11-27T14:59:14","slug":"em-campanha-bradesco-prime-conecta-pessoas-com-o-futuro","status":"publish","type":"post","link":"https:\/\/www.cidademarketing.com.br\/marketing\/2020\/11\/27\/em-campanha-bradesco-prime-conecta-pessoas-com-o-futuro\/","title":{"rendered":"Em campanha, Bradesco Prime conecta pessoas com o futuro"},"content":{"rendered":"\n<p>O Bradesco Prime lan\u00e7a campanha nesta sexta, 27 de novembro, com um olhar voltado a um p\u00fablico mais digital e contempor\u00e2neo. No filme \u201cFuturo\u201d, produzido pela Paranoid para a TV fechada, s\u00e3o explorados os benef\u00edcios de ser um cliente Prime, como acesso aos investimentos da corretora \u00c1gora e do banco em um \u00fanico lugar; as vantagens e experi\u00eancias do Programa Viva Prime; a amplitude e facilidade na contrata\u00e7\u00e3o de cr\u00e9dito; e as solu\u00e7\u00f5es de atendimento 24\/7 &#8211; incluindo aqui assessoria especializada de investimentos e o atendimento pela BIA, a intelig\u00eancia artificial do banco.\u00a0<\/p>\n\n\n\n<figure class=\"wp-block-embed-youtube wp-block-embed is-type-video is-provider-youtube wp-embed-aspect-16-9 wp-has-aspect-ratio\"><div class=\"wp-block-embed__wrapper\">\n<div class=\"youtube-embed\" data-video_id=\"_tT7NYkVShk\"><iframe title=\"PRIME | CONECTA VOC\u00ca AO MELHOR DO FUTURO\" width=\"640\" height=\"360\" src=\"https:\/\/www.youtube.com\/embed\/_tT7NYkVShk?feature=oembed&#038;enablejsapi=1&#038;enablejsapi=1\" frameborder=\"0\" allow=\"accelerometer; autoplay; clipboard-write; encrypted-media; gyroscope; picture-in-picture; web-share\" referrerpolicy=\"strict-origin-when-cross-origin\" allowfullscreen><\/iframe><\/div>\n<\/div><\/figure>\n\n\n\n<p>O filme retrata o cliente como protagonista e fala das reinven\u00e7\u00f5es que todos est\u00e3o passando: a possibilidade de ter seu escrit\u00f3rio em qualquer lugar, de ter mais tempo para si ou de ter os restaurantes vindo at\u00e9 voc\u00ea. A assinatura \u00e9 din\u00e2mica, com pequenas mudan\u00e7as em seu trecho final para mostrar todas as possibilidades de conex\u00e3o que o banco oferece, e encerra com \u201cO Prime conecta voc\u00ea ao melhor do futuro\u201d.&nbsp;<\/p>\n\n\n\n<p>\u201cO Bradesco sempre colocou o cliente no centro do seu neg\u00f3cio e isso se reflete em nossa comunica\u00e7\u00e3o. Esta campanha \u00e9 mais um exemplo do protagonismo que o cliente exerce e da proposta de valor do Prime, que \u00e9 justamente conectar e aproximar pessoas de forma tecnol\u00f3gica e personalizada\u201d, afirma M\u00e1rcio Parizotto, diretor de Marketing do Bradesco.&nbsp;<\/p>\n\n\n\n<p>\u201cA ideia da nova campanha do Prime \u00e9 mostrar as r\u00e1pidas mudan\u00e7as que a nossa sociedade vem passando e como o banco acompanha esse movimento, se reinventando e se atualizando para estar sempre conectado a seus clientes e ao futuro\u201d, explica Pedro Prado, vice-presidente de cria\u00e7\u00e3o da Leo Burnett TM.&nbsp;<\/p>\n\n\n\n<p>A campanha tem desdobramento para diferentes m\u00eddias, como inserts de TV, an\u00fancios, displays, digital, social, painel de aeroporto, OOH, cinema e spots de r\u00e1dio \u2013 onde preocupou-se em trazer um olhar local da regi\u00e3o com locu\u00e7\u00f5es regionais para contextualizar ainda mais o atendimento&nbsp;personalizado. Para o&nbsp;casting&nbsp;do filme tamb\u00e9m houve a preocupa\u00e7\u00e3o habitual do Bradesco de trazer diversidade.&nbsp;<\/p>\n\n\n\n<p><strong>Acessibilidade<\/strong>&nbsp;<\/p>\n\n\n\n<p>A campanha de Prime tamb\u00e9m \u00e9 acess\u00edvel para&nbsp;pessoas com defici\u00eancia visual e auditiva.&nbsp;Em linha com o prop\u00f3sito do Bradesco de promover a inclus\u00e3o, desde junho todos os filmes publicit\u00e1rios t\u00eam vers\u00f5es com tradu\u00e7\u00e3o em libras e legenda, al\u00e9m de audiodescri\u00e7\u00e3o, em uma&nbsp;playlist&nbsp;exclusiva no canal do Bradesco no YouTube. Dessa forma, o banco democratiza o acesso desse p\u00fablico ao conte\u00fado da marca.&nbsp;&nbsp;<\/p>\n\n\n\n<p><strong><u>FICHA T\u00c9CNICA<\/u><\/strong>&nbsp;<\/p>\n\n\n\n<p><br><strong><u>AG\u00caNCIA:&nbsp;<\/u><\/strong>LEO BURNETT NEO COMUNICAC\u00c3O LTDA&nbsp;<\/p>\n\n\n\n<p><strong><u>T\u00cdTULO:&nbsp;<\/u><\/strong>FUTURO&nbsp;<\/p>\n\n\n\n<p><strong><u>PRODUTO:<\/u><\/strong>&nbsp;PRIME&nbsp;<\/p>\n\n\n\n<p><strong><u>ANUNCIANTE:&nbsp;<\/u><\/strong>BRADESCO&nbsp;<\/p>\n\n\n\n<p><strong>CCO:&nbsp;<\/strong>MARCELO REIS&nbsp;<\/p>\n\n\n\n<p><strong>VP\/ECD:&nbsp;<\/strong>PEDRO PRADO&nbsp;<\/p>\n\n\n\n<p><strong>DIRETOR GERAL DE CRIA\u00c7\u00c3O:&nbsp;<\/strong>PEDRO UTZERI&nbsp;<\/p>\n\n\n\n<p><strong>DIRETOR DE CRIA\u00c7\u00c3O:&nbsp;<\/strong>VINICIUS STANZIONE&nbsp;<\/p>\n\n\n\n<p><strong>CRIA\u00c7\u00c3O FILME:<\/strong>&nbsp;PAULA ESTEVES E ANTONIO NOGUEIRA<br><br><strong>CRIA\u00c7\u00c3O CAMPANHA:<\/strong>&nbsp;ERIC FERNANDO, JULIO LOUREIRO LEITE, RODRIGO CORBARI, LUCAS NAKANO, BRUNO GODINHO E HUMBERTO PACHECO.<br><strong><br>DIRETORA DE INTEGRA\u00c7\u00c3O DIGITAL:&nbsp;<\/strong>DENIS GUSTAVO ALVES&nbsp;<\/p>\n\n\n\n<p><strong>DIRETORA DE PRODU\u00c7\u00c3O INTEGRADA:&nbsp;<\/strong>MARIA FERNANDA MOURA&nbsp;<\/p>\n\n\n\n<p><strong>RTV:<\/strong>&nbsp;LUCIANA KLEY&nbsp;<\/p>\n\n\n\n<p><strong>EDI\u00c7\u00c3O AG\u00caNCIA<\/strong>: CHRYSTIAN DANUCALOV&nbsp;<\/p>\n\n\n\n<p><strong>ARTBUYER:&nbsp;<\/strong>MAURO MOURA E DANIEL GON\u00c7ALVES&nbsp;<\/p>\n\n\n\n<p><strong>PROJETOS DIGITAIS:&nbsp;<\/strong>PEDRO RAIS, THALLES FREITAS&nbsp;<\/p>\n\n\n\n<p><strong>ATENDIMENTO:&nbsp;<\/strong>FABIO BRITO,MARIANA NUNES, MARILIA GRESPAN, LARISSA ROSSI LIMA, REBECA PERES E MARCO FARIAS.&nbsp;<\/p>\n\n\n\n<p><strong>M\u00cdDIA:&nbsp;&nbsp;&nbsp;&nbsp;&nbsp;&nbsp;&nbsp;&nbsp;&nbsp;&nbsp;<\/strong>ANDREA HIRATA, KELLY COTTA, DOUGLAS OLIVEIRA, SHARON VALLE, HENRIQUE FIGUEIREDO, DANIEL XAVIER.&nbsp;<\/p>\n\n\n\n<p><strong>PLANEJAMENTO:<\/strong>&nbsp;TIAGO LARA, RAFAELA BADAR\u00d3, RAFAEL GON\u00c7ALES, TIAGO REIS<br><br><strong>APROVA\u00c7\u00c3O CLIENTE: M\u00c1RCIO PARIZOTTO, NATHALIA GARCIA E JOS\u00c9 MAUR\u00cdCIO LILLA<\/strong>&nbsp;<\/p>\n\n\n\n<p><strong><u>PRODUTORA DE FILME:<\/u><\/strong>&nbsp; PARANOID BR&nbsp;<\/p>\n\n\n\n<p><strong>DIRETOR:&nbsp;&nbsp;<\/strong>MARIANA YOUSSEF&nbsp;<\/p>\n\n\n\n<p><strong>DIRETOR DE FOTOGRAFIA:&nbsp;<\/strong>PEPE MENDES&nbsp;<\/p>\n\n\n\n<p><strong>ASSISTENTE DE DIRE\u00c7\u00c3O:&nbsp;<\/strong>MARCELO NEGRI&nbsp;<\/p>\n\n\n\n<p><strong>FIGURINO:&nbsp;<\/strong>GIOVANNA MORETTO&nbsp;<\/p>\n\n\n\n<p><strong>PROD. ELENCO:&nbsp;<\/strong>ALICE WOLFENSON&nbsp;<\/p>\n\n\n\n<p><strong>DIRE\u00c7\u00c3O DE PRODU\u00c7\u00c3O:&nbsp;<\/strong>DANIEL CALDEIRA&nbsp;<\/p>\n\n\n\n<p><strong>PRODUTOR EXECUTIVO:&nbsp;&nbsp;<\/strong>EGISTO BETTI, LUIZ ARMESTO E GABI HAHN&nbsp;<\/p>\n\n\n\n<p><strong>ATENDIMENTO:&nbsp;<\/strong>MARCEL WECKX E KARINA VALLESI&nbsp;<\/p>\n\n\n\n<p><br><strong>COORDENA\u00c7\u00c3O DE PRODU\u00c7\u00c3O:&nbsp;&nbsp;<\/strong>LUIZ ARMESTO&nbsp;<\/p>\n\n\n\n<p><strong>COORDENA\u00c7\u00c3O DE P\u00d3S:&nbsp;&nbsp;<\/strong>DEINHA LOPES&nbsp;<\/p>\n\n\n\n<p><strong>MONTADOR:&nbsp;<\/strong>FERNANDA KRUMEL&nbsp;<\/p>\n\n\n\n<p><strong>FINALIZADOR:&nbsp;<\/strong>DRIANO TORRES<strong><br>P\u00d3S-PRODUTORA:&nbsp;<\/strong>GAFANHOTTO POST&nbsp;<\/p>\n\n\n\n<p><strong>COLOR GRADING:&nbsp;<\/strong>BLEACH&nbsp;<\/p>\n\n\n\n<p><strong><u>PRODUTORA DE SOM<\/u><\/strong><strong>:&nbsp;<\/strong>&nbsp;EVIL TWIN MUSIC&nbsp;<\/p>\n\n\n\n<p><strong>PRODU\u00c7\u00c3O MUSICAL:<\/strong>&nbsp;ANDRE FARIA, MURILO FARIA, ANDRE NAMUR E JIMMY GRESSLER&nbsp;<\/p>\n\n\n\n<p><strong>MIXAGEM E FINALIZA\u00c7\u00c3O:<\/strong>&nbsp; RAFAEL VIEIRA&nbsp;<\/p>\n\n\n\n<p><strong>LOCU\u00c7\u00c3O:<\/strong>&nbsp;SABRINA WILKINS&nbsp;<\/p>\n\n\n\n<p><strong>ATENDIMENTO \/ COORDENA\u00c7\u00c3O:<\/strong>&nbsp;JULIANA TANGARY E CAROLINA COUTO&nbsp;<\/p>\n\n\n\n<p><strong>DATA 1\u00aa VEICULA\u00c7\u00c3O: 27\/11\/2020<\/strong>&nbsp;<\/p>\n","protected":false},"excerpt":{"rendered":"<p>O Bradesco Prime lan\u00e7a campanha nesta sexta, 27 de novembro, com um olhar voltado a um p\u00fablico mais digital e contempor\u00e2neo. No filme \u201cFuturo\u201d, produzido pela Paranoid para a TV fechada, s\u00e3o explorados os benef\u00edcios de ser um cliente Prime, como acesso aos investimentos da corretora \u00c1gora e do banco em um \u00fanico lugar; as [&hellip;]<\/p>\n","protected":false},"author":1,"featured_media":20899,"comment_status":"open","ping_status":"open","sticky":false,"template":"","format":"standard","meta":{"tdm_status":"","tdm_grid_status":"","footnotes":""},"categories":[6],"tags":[641,33,28],"class_list":["post-20898","post","type-post","status-publish","format-standard","has-post-thumbnail","hentry","category-noticias","tag-bradesco","tag-estrategia","tag-marketing"],"yoast_head":"<!-- This site is optimized with the Yoast SEO plugin v27.4 - https:\/\/yoast.com\/product\/yoast-seo-wordpress\/ -->\n<title>Em campanha, Bradesco Prime conecta pessoas com o futuro - CidadeMarketing<\/title>\n<meta name=\"robots\" content=\"index, follow, max-snippet:-1, max-image-preview:large, max-video-preview:-1\" \/>\n<link rel=\"canonical\" href=\"https:\/\/www.cidademarketing.com.br\/marketing\/2020\/11\/27\/em-campanha-bradesco-prime-conecta-pessoas-com-o-futuro\/\" \/>\n<meta property=\"og:locale\" content=\"pt_BR\" \/>\n<meta property=\"og:type\" content=\"article\" \/>\n<meta property=\"og:title\" content=\"Em campanha, Bradesco Prime conecta pessoas com o futuro - CidadeMarketing\" \/>\n<meta property=\"og:description\" content=\"O Bradesco Prime lan\u00e7a campanha nesta sexta, 27 de novembro, com um olhar voltado a um p\u00fablico mais digital e contempor\u00e2neo. No filme \u201cFuturo\u201d, produzido pela Paranoid para a TV fechada, s\u00e3o explorados os benef\u00edcios de ser um cliente Prime, como acesso aos investimentos da corretora \u00c1gora e do banco em um \u00fanico lugar; as [&hellip;]\" \/>\n<meta property=\"og:url\" content=\"https:\/\/www.cidademarketing.com.br\/marketing\/2020\/11\/27\/em-campanha-bradesco-prime-conecta-pessoas-com-o-futuro\/\" \/>\n<meta property=\"og:site_name\" content=\"CidadeMarketing\" \/>\n<meta property=\"article:publisher\" content=\"https:\/\/www.facebook.com\/portalcidademarketing\" \/>\n<meta property=\"article:author\" content=\"https:\/\/www.facebook.com\/thalesbrandao\" \/>\n<meta property=\"article:published_time\" content=\"2020-11-27T13:57:41+00:00\" \/>\n<meta property=\"article:modified_time\" content=\"2020-11-27T14:59:14+00:00\" \/>\n<meta property=\"og:image\" content=\"https:\/\/www.cidademarketing.com.br\/marketing\/wp-content\/uploads\/2020\/11\/BRADESCO_PRIME_2-1024x576.png\" \/>\n\t<meta property=\"og:image:width\" content=\"1024\" \/>\n\t<meta property=\"og:image:height\" content=\"576\" \/>\n\t<meta property=\"og:image:type\" content=\"image\/png\" \/>\n<meta name=\"author\" content=\"Thales Brand\u00e3o\" \/>\n<meta name=\"twitter:card\" content=\"summary_large_image\" \/>\n<meta name=\"twitter:creator\" content=\"@http:\/\/www.twitter.com\/thalesbrandao\" \/>\n<meta name=\"twitter:site\" content=\"@CidadeMarketing\" \/>\n<meta name=\"twitter:label1\" content=\"Escrito por\" \/>\n\t<meta name=\"twitter:data1\" content=\"Thales Brand\u00e3o\" \/>\n\t<meta name=\"twitter:label2\" content=\"Est. tempo de leitura\" \/>\n\t<meta name=\"twitter:data2\" content=\"4 minutos\" \/>\n<script type=\"application\/ld+json\" class=\"yoast-schema-graph\">{\"@context\":\"https:\\\/\\\/schema.org\",\"@graph\":[{\"@type\":\"Article\",\"@id\":\"https:\\\/\\\/www.cidademarketing.com.br\\\/marketing\\\/2020\\\/11\\\/27\\\/em-campanha-bradesco-prime-conecta-pessoas-com-o-futuro\\\/#article\",\"isPartOf\":{\"@id\":\"https:\\\/\\\/www.cidademarketing.com.br\\\/marketing\\\/2020\\\/11\\\/27\\\/em-campanha-bradesco-prime-conecta-pessoas-com-o-futuro\\\/\"},\"author\":{\"name\":\"Thales Brand\u00e3o\",\"@id\":\"https:\\\/\\\/www.cidademarketing.com.br\\\/marketing\\\/#\\\/schema\\\/person\\\/02daff9f18bd9378c9e01eb6b2db155f\"},\"headline\":\"Em campanha, Bradesco Prime conecta pessoas com o futuro\",\"datePublished\":\"2020-11-27T13:57:41+00:00\",\"dateModified\":\"2020-11-27T14:59:14+00:00\",\"mainEntityOfPage\":{\"@id\":\"https:\\\/\\\/www.cidademarketing.com.br\\\/marketing\\\/2020\\\/11\\\/27\\\/em-campanha-bradesco-prime-conecta-pessoas-com-o-futuro\\\/\"},\"wordCount\":823,\"commentCount\":0,\"publisher\":{\"@id\":\"https:\\\/\\\/www.cidademarketing.com.br\\\/marketing\\\/#organization\"},\"image\":{\"@id\":\"https:\\\/\\\/www.cidademarketing.com.br\\\/marketing\\\/2020\\\/11\\\/27\\\/em-campanha-bradesco-prime-conecta-pessoas-com-o-futuro\\\/#primaryimage\"},\"thumbnailUrl\":\"https:\\\/\\\/www.cidademarketing.com.br\\\/marketing\\\/wp-content\\\/uploads\\\/2020\\\/11\\\/BRADESCO_PRIME_2.png\",\"keywords\":[\"Bradesco\",\"estrat\u00e9gia\",\"marketing\"],\"articleSection\":[\"Not\u00edcias\"],\"inLanguage\":\"pt-BR\",\"potentialAction\":[{\"@type\":\"CommentAction\",\"name\":\"Comment\",\"target\":[\"https:\\\/\\\/www.cidademarketing.com.br\\\/marketing\\\/2020\\\/11\\\/27\\\/em-campanha-bradesco-prime-conecta-pessoas-com-o-futuro\\\/#respond\"]}]},{\"@type\":\"WebPage\",\"@id\":\"https:\\\/\\\/www.cidademarketing.com.br\\\/marketing\\\/2020\\\/11\\\/27\\\/em-campanha-bradesco-prime-conecta-pessoas-com-o-futuro\\\/\",\"url\":\"https:\\\/\\\/www.cidademarketing.com.br\\\/marketing\\\/2020\\\/11\\\/27\\\/em-campanha-bradesco-prime-conecta-pessoas-com-o-futuro\\\/\",\"name\":\"Em campanha, Bradesco Prime conecta pessoas com o futuro - CidadeMarketing\",\"isPartOf\":{\"@id\":\"https:\\\/\\\/www.cidademarketing.com.br\\\/marketing\\\/#website\"},\"primaryImageOfPage\":{\"@id\":\"https:\\\/\\\/www.cidademarketing.com.br\\\/marketing\\\/2020\\\/11\\\/27\\\/em-campanha-bradesco-prime-conecta-pessoas-com-o-futuro\\\/#primaryimage\"},\"image\":{\"@id\":\"https:\\\/\\\/www.cidademarketing.com.br\\\/marketing\\\/2020\\\/11\\\/27\\\/em-campanha-bradesco-prime-conecta-pessoas-com-o-futuro\\\/#primaryimage\"},\"thumbnailUrl\":\"https:\\\/\\\/www.cidademarketing.com.br\\\/marketing\\\/wp-content\\\/uploads\\\/2020\\\/11\\\/BRADESCO_PRIME_2.png\",\"datePublished\":\"2020-11-27T13:57:41+00:00\",\"dateModified\":\"2020-11-27T14:59:14+00:00\",\"breadcrumb\":{\"@id\":\"https:\\\/\\\/www.cidademarketing.com.br\\\/marketing\\\/2020\\\/11\\\/27\\\/em-campanha-bradesco-prime-conecta-pessoas-com-o-futuro\\\/#breadcrumb\"},\"inLanguage\":\"pt-BR\",\"potentialAction\":[{\"@type\":\"ReadAction\",\"target\":[\"https:\\\/\\\/www.cidademarketing.com.br\\\/marketing\\\/2020\\\/11\\\/27\\\/em-campanha-bradesco-prime-conecta-pessoas-com-o-futuro\\\/\"]}]},{\"@type\":\"ImageObject\",\"inLanguage\":\"pt-BR\",\"@id\":\"https:\\\/\\\/www.cidademarketing.com.br\\\/marketing\\\/2020\\\/11\\\/27\\\/em-campanha-bradesco-prime-conecta-pessoas-com-o-futuro\\\/#primaryimage\",\"url\":\"https:\\\/\\\/www.cidademarketing.com.br\\\/marketing\\\/wp-content\\\/uploads\\\/2020\\\/11\\\/BRADESCO_PRIME_2.png\",\"contentUrl\":\"https:\\\/\\\/www.cidademarketing.com.br\\\/marketing\\\/wp-content\\\/uploads\\\/2020\\\/11\\\/BRADESCO_PRIME_2.png\",\"width\":1920,\"height\":1080,\"caption\":\"Reprodu\u00e7\u00e3o\"},{\"@type\":\"BreadcrumbList\",\"@id\":\"https:\\\/\\\/www.cidademarketing.com.br\\\/marketing\\\/2020\\\/11\\\/27\\\/em-campanha-bradesco-prime-conecta-pessoas-com-o-futuro\\\/#breadcrumb\",\"itemListElement\":[{\"@type\":\"ListItem\",\"position\":1,\"name\":\"In\u00edcio\",\"item\":\"https:\\\/\\\/www.cidademarketing.com.br\\\/marketing\\\/\"},{\"@type\":\"ListItem\",\"position\":2,\"name\":\"Em campanha, Bradesco Prime conecta pessoas com o futuro\"}]},{\"@type\":\"WebSite\",\"@id\":\"https:\\\/\\\/www.cidademarketing.com.br\\\/marketing\\\/#website\",\"url\":\"https:\\\/\\\/www.cidademarketing.com.br\\\/marketing\\\/\",\"name\":\"CidadeMarketing\",\"description\":\"Somos um ve\u00edculo de comunica\u00e7\u00e3o de destaque no Brasil, reconhecido por conte\u00fados nos segmentos de marketing, empreendedorismo e inova\u00e7\u00e3o.\",\"publisher\":{\"@id\":\"https:\\\/\\\/www.cidademarketing.com.br\\\/marketing\\\/#organization\"},\"alternateName\":\"CidadeMarketing\",\"potentialAction\":[{\"@type\":\"SearchAction\",\"target\":{\"@type\":\"EntryPoint\",\"urlTemplate\":\"https:\\\/\\\/www.cidademarketing.com.br\\\/marketing\\\/?s={search_term_string}\"},\"query-input\":{\"@type\":\"PropertyValueSpecification\",\"valueRequired\":true,\"valueName\":\"search_term_string\"}}],\"inLanguage\":\"pt-BR\"},{\"@type\":\"Organization\",\"@id\":\"https:\\\/\\\/www.cidademarketing.com.br\\\/marketing\\\/#organization\",\"name\":\"CidadeMarketing\",\"alternateName\":\"CidadeMarketing\",\"url\":\"https:\\\/\\\/www.cidademarketing.com.br\\\/marketing\\\/\",\"logo\":{\"@type\":\"ImageObject\",\"inLanguage\":\"pt-BR\",\"@id\":\"https:\\\/\\\/www.cidademarketing.com.br\\\/marketing\\\/#\\\/schema\\\/logo\\\/image\\\/\",\"url\":\"https:\\\/\\\/www.cidademarketing.com.br\\\/marketing\\\/wp-content\\\/uploads\\\/2020\\\/01\\\/cidademarketing_marca_mobile.png\",\"contentUrl\":\"https:\\\/\\\/www.cidademarketing.com.br\\\/marketing\\\/wp-content\\\/uploads\\\/2020\\\/01\\\/cidademarketing_marca_mobile.png\",\"width\":230,\"height\":92,\"caption\":\"CidadeMarketing\"},\"image\":{\"@id\":\"https:\\\/\\\/www.cidademarketing.com.br\\\/marketing\\\/#\\\/schema\\\/logo\\\/image\\\/\"},\"sameAs\":[\"https:\\\/\\\/www.facebook.com\\\/portalcidademarketing\",\"https:\\\/\\\/x.com\\\/CidadeMarketing\",\"https:\\\/\\\/www.instagram.com\\\/cidademarketing\\\/\"]},{\"@type\":\"Person\",\"@id\":\"https:\\\/\\\/www.cidademarketing.com.br\\\/marketing\\\/#\\\/schema\\\/person\\\/02daff9f18bd9378c9e01eb6b2db155f\",\"name\":\"Thales Brand\u00e3o\",\"image\":{\"@type\":\"ImageObject\",\"inLanguage\":\"pt-BR\",\"@id\":\"https:\\\/\\\/secure.gravatar.com\\\/avatar\\\/7ca3206950207cc3cb48feec56a8a7898741ab725c368d99d5d7a5a50aab80c6?s=96&d=mm&r=g\",\"url\":\"https:\\\/\\\/secure.gravatar.com\\\/avatar\\\/7ca3206950207cc3cb48feec56a8a7898741ab725c368d99d5d7a5a50aab80c6?s=96&d=mm&r=g\",\"contentUrl\":\"https:\\\/\\\/secure.gravatar.com\\\/avatar\\\/7ca3206950207cc3cb48feec56a8a7898741ab725c368d99d5d7a5a50aab80c6?s=96&d=mm&r=g\",\"caption\":\"Thales Brand\u00e3o\"},\"description\":\"Editor Executivo do Portal CidadeMarketing.com.br &gt; Mestre em Comunica\u00e7\u00e3o e Sociedade pela Universidade Federal de Sergipe. Possui MBA Executivo em Administra\u00e7\u00e3o com \u00eanfase em Marketing pela Funda\u00e7\u00e3o Get\u00falio Vargas - Rio de Janeiro. Consultor, Palestrante e Pesquisador sobre Empreendedorismo, Marketing, Redes Sociais e Neg\u00f3cios Digitais. Professor, Palestrante TedxTalks e Campus Party. Twitter: @ThalesBrandao\",\"sameAs\":[\"http:\\\/\\\/www.mandacaru.com.br\",\"https:\\\/\\\/www.facebook.com\\\/thalesbrandao\",\"http:\\\/\\\/www.instagram.com.br\\\/thalesbrandaoferreira\",\"https:\\\/\\\/www.linkedin.com\\\/in\\\/thales-brand\u00e3o-3948609\\\/\",\"https:\\\/\\\/x.com\\\/http:\\\/\\\/www.twitter.com\\\/thalesbrandao\"],\"url\":\"https:\\\/\\\/www.cidademarketing.com.br\\\/marketing\\\/author\\\/thalesbrandao\\\/\"}]}<\/script>\n<!-- \/ Yoast SEO plugin. -->","yoast_head_json":{"title":"Em campanha, Bradesco Prime conecta pessoas com o futuro - CidadeMarketing","robots":{"index":"index","follow":"follow","max-snippet":"max-snippet:-1","max-image-preview":"max-image-preview:large","max-video-preview":"max-video-preview:-1"},"canonical":"https:\/\/www.cidademarketing.com.br\/marketing\/2020\/11\/27\/em-campanha-bradesco-prime-conecta-pessoas-com-o-futuro\/","og_locale":"pt_BR","og_type":"article","og_title":"Em campanha, Bradesco Prime conecta pessoas com o futuro - CidadeMarketing","og_description":"O Bradesco Prime lan\u00e7a campanha nesta sexta, 27 de novembro, com um olhar voltado a um p\u00fablico mais digital e contempor\u00e2neo. No filme \u201cFuturo\u201d, produzido pela Paranoid para a TV fechada, s\u00e3o explorados os benef\u00edcios de ser um cliente Prime, como acesso aos investimentos da corretora \u00c1gora e do banco em um \u00fanico lugar; as [&hellip;]","og_url":"https:\/\/www.cidademarketing.com.br\/marketing\/2020\/11\/27\/em-campanha-bradesco-prime-conecta-pessoas-com-o-futuro\/","og_site_name":"CidadeMarketing","article_publisher":"https:\/\/www.facebook.com\/portalcidademarketing","article_author":"https:\/\/www.facebook.com\/thalesbrandao","article_published_time":"2020-11-27T13:57:41+00:00","article_modified_time":"2020-11-27T14:59:14+00:00","og_image":[{"width":1024,"height":576,"url":"https:\/\/www.cidademarketing.com.br\/marketing\/wp-content\/uploads\/2020\/11\/BRADESCO_PRIME_2-1024x576.png","type":"image\/png"}],"author":"Thales Brand\u00e3o","twitter_card":"summary_large_image","twitter_creator":"@http:\/\/www.twitter.com\/thalesbrandao","twitter_site":"@CidadeMarketing","twitter_misc":{"Escrito por":"Thales Brand\u00e3o","Est. tempo de leitura":"4 minutos"},"schema":{"@context":"https:\/\/schema.org","@graph":[{"@type":"Article","@id":"https:\/\/www.cidademarketing.com.br\/marketing\/2020\/11\/27\/em-campanha-bradesco-prime-conecta-pessoas-com-o-futuro\/#article","isPartOf":{"@id":"https:\/\/www.cidademarketing.com.br\/marketing\/2020\/11\/27\/em-campanha-bradesco-prime-conecta-pessoas-com-o-futuro\/"},"author":{"name":"Thales Brand\u00e3o","@id":"https:\/\/www.cidademarketing.com.br\/marketing\/#\/schema\/person\/02daff9f18bd9378c9e01eb6b2db155f"},"headline":"Em campanha, Bradesco Prime conecta pessoas com o futuro","datePublished":"2020-11-27T13:57:41+00:00","dateModified":"2020-11-27T14:59:14+00:00","mainEntityOfPage":{"@id":"https:\/\/www.cidademarketing.com.br\/marketing\/2020\/11\/27\/em-campanha-bradesco-prime-conecta-pessoas-com-o-futuro\/"},"wordCount":823,"commentCount":0,"publisher":{"@id":"https:\/\/www.cidademarketing.com.br\/marketing\/#organization"},"image":{"@id":"https:\/\/www.cidademarketing.com.br\/marketing\/2020\/11\/27\/em-campanha-bradesco-prime-conecta-pessoas-com-o-futuro\/#primaryimage"},"thumbnailUrl":"https:\/\/www.cidademarketing.com.br\/marketing\/wp-content\/uploads\/2020\/11\/BRADESCO_PRIME_2.png","keywords":["Bradesco","estrat\u00e9gia","marketing"],"articleSection":["Not\u00edcias"],"inLanguage":"pt-BR","potentialAction":[{"@type":"CommentAction","name":"Comment","target":["https:\/\/www.cidademarketing.com.br\/marketing\/2020\/11\/27\/em-campanha-bradesco-prime-conecta-pessoas-com-o-futuro\/#respond"]}]},{"@type":"WebPage","@id":"https:\/\/www.cidademarketing.com.br\/marketing\/2020\/11\/27\/em-campanha-bradesco-prime-conecta-pessoas-com-o-futuro\/","url":"https:\/\/www.cidademarketing.com.br\/marketing\/2020\/11\/27\/em-campanha-bradesco-prime-conecta-pessoas-com-o-futuro\/","name":"Em campanha, Bradesco Prime conecta pessoas com o futuro - CidadeMarketing","isPartOf":{"@id":"https:\/\/www.cidademarketing.com.br\/marketing\/#website"},"primaryImageOfPage":{"@id":"https:\/\/www.cidademarketing.com.br\/marketing\/2020\/11\/27\/em-campanha-bradesco-prime-conecta-pessoas-com-o-futuro\/#primaryimage"},"image":{"@id":"https:\/\/www.cidademarketing.com.br\/marketing\/2020\/11\/27\/em-campanha-bradesco-prime-conecta-pessoas-com-o-futuro\/#primaryimage"},"thumbnailUrl":"https:\/\/www.cidademarketing.com.br\/marketing\/wp-content\/uploads\/2020\/11\/BRADESCO_PRIME_2.png","datePublished":"2020-11-27T13:57:41+00:00","dateModified":"2020-11-27T14:59:14+00:00","breadcrumb":{"@id":"https:\/\/www.cidademarketing.com.br\/marketing\/2020\/11\/27\/em-campanha-bradesco-prime-conecta-pessoas-com-o-futuro\/#breadcrumb"},"inLanguage":"pt-BR","potentialAction":[{"@type":"ReadAction","target":["https:\/\/www.cidademarketing.com.br\/marketing\/2020\/11\/27\/em-campanha-bradesco-prime-conecta-pessoas-com-o-futuro\/"]}]},{"@type":"ImageObject","inLanguage":"pt-BR","@id":"https:\/\/www.cidademarketing.com.br\/marketing\/2020\/11\/27\/em-campanha-bradesco-prime-conecta-pessoas-com-o-futuro\/#primaryimage","url":"https:\/\/www.cidademarketing.com.br\/marketing\/wp-content\/uploads\/2020\/11\/BRADESCO_PRIME_2.png","contentUrl":"https:\/\/www.cidademarketing.com.br\/marketing\/wp-content\/uploads\/2020\/11\/BRADESCO_PRIME_2.png","width":1920,"height":1080,"caption":"Reprodu\u00e7\u00e3o"},{"@type":"BreadcrumbList","@id":"https:\/\/www.cidademarketing.com.br\/marketing\/2020\/11\/27\/em-campanha-bradesco-prime-conecta-pessoas-com-o-futuro\/#breadcrumb","itemListElement":[{"@type":"ListItem","position":1,"name":"In\u00edcio","item":"https:\/\/www.cidademarketing.com.br\/marketing\/"},{"@type":"ListItem","position":2,"name":"Em campanha, Bradesco Prime conecta pessoas com o futuro"}]},{"@type":"WebSite","@id":"https:\/\/www.cidademarketing.com.br\/marketing\/#website","url":"https:\/\/www.cidademarketing.com.br\/marketing\/","name":"CidadeMarketing","description":"Somos um ve\u00edculo de comunica\u00e7\u00e3o de destaque no Brasil, reconhecido por conte\u00fados nos segmentos de marketing, empreendedorismo e inova\u00e7\u00e3o.","publisher":{"@id":"https:\/\/www.cidademarketing.com.br\/marketing\/#organization"},"alternateName":"CidadeMarketing","potentialAction":[{"@type":"SearchAction","target":{"@type":"EntryPoint","urlTemplate":"https:\/\/www.cidademarketing.com.br\/marketing\/?s={search_term_string}"},"query-input":{"@type":"PropertyValueSpecification","valueRequired":true,"valueName":"search_term_string"}}],"inLanguage":"pt-BR"},{"@type":"Organization","@id":"https:\/\/www.cidademarketing.com.br\/marketing\/#organization","name":"CidadeMarketing","alternateName":"CidadeMarketing","url":"https:\/\/www.cidademarketing.com.br\/marketing\/","logo":{"@type":"ImageObject","inLanguage":"pt-BR","@id":"https:\/\/www.cidademarketing.com.br\/marketing\/#\/schema\/logo\/image\/","url":"https:\/\/www.cidademarketing.com.br\/marketing\/wp-content\/uploads\/2020\/01\/cidademarketing_marca_mobile.png","contentUrl":"https:\/\/www.cidademarketing.com.br\/marketing\/wp-content\/uploads\/2020\/01\/cidademarketing_marca_mobile.png","width":230,"height":92,"caption":"CidadeMarketing"},"image":{"@id":"https:\/\/www.cidademarketing.com.br\/marketing\/#\/schema\/logo\/image\/"},"sameAs":["https:\/\/www.facebook.com\/portalcidademarketing","https:\/\/x.com\/CidadeMarketing","https:\/\/www.instagram.com\/cidademarketing\/"]},{"@type":"Person","@id":"https:\/\/www.cidademarketing.com.br\/marketing\/#\/schema\/person\/02daff9f18bd9378c9e01eb6b2db155f","name":"Thales Brand\u00e3o","image":{"@type":"ImageObject","inLanguage":"pt-BR","@id":"https:\/\/secure.gravatar.com\/avatar\/7ca3206950207cc3cb48feec56a8a7898741ab725c368d99d5d7a5a50aab80c6?s=96&d=mm&r=g","url":"https:\/\/secure.gravatar.com\/avatar\/7ca3206950207cc3cb48feec56a8a7898741ab725c368d99d5d7a5a50aab80c6?s=96&d=mm&r=g","contentUrl":"https:\/\/secure.gravatar.com\/avatar\/7ca3206950207cc3cb48feec56a8a7898741ab725c368d99d5d7a5a50aab80c6?s=96&d=mm&r=g","caption":"Thales Brand\u00e3o"},"description":"Editor Executivo do Portal CidadeMarketing.com.br &gt; Mestre em Comunica\u00e7\u00e3o e Sociedade pela Universidade Federal de Sergipe. Possui MBA Executivo em Administra\u00e7\u00e3o com \u00eanfase em Marketing pela Funda\u00e7\u00e3o Get\u00falio Vargas - Rio de Janeiro. Consultor, Palestrante e Pesquisador sobre Empreendedorismo, Marketing, Redes Sociais e Neg\u00f3cios Digitais. Professor, Palestrante TedxTalks e Campus Party. Twitter: @ThalesBrandao","sameAs":["http:\/\/www.mandacaru.com.br","https:\/\/www.facebook.com\/thalesbrandao","http:\/\/www.instagram.com.br\/thalesbrandaoferreira","https:\/\/www.linkedin.com\/in\/thales-brand\u00e3o-3948609\/","https:\/\/x.com\/http:\/\/www.twitter.com\/thalesbrandao"],"url":"https:\/\/www.cidademarketing.com.br\/marketing\/author\/thalesbrandao\/"}]}},"amp_enabled":true,"_links":{"self":[{"href":"https:\/\/www.cidademarketing.com.br\/marketing\/wp-json\/wp\/v2\/posts\/20898","targetHints":{"allow":["GET"]}}],"collection":[{"href":"https:\/\/www.cidademarketing.com.br\/marketing\/wp-json\/wp\/v2\/posts"}],"about":[{"href":"https:\/\/www.cidademarketing.com.br\/marketing\/wp-json\/wp\/v2\/types\/post"}],"author":[{"embeddable":true,"href":"https:\/\/www.cidademarketing.com.br\/marketing\/wp-json\/wp\/v2\/users\/1"}],"replies":[{"embeddable":true,"href":"https:\/\/www.cidademarketing.com.br\/marketing\/wp-json\/wp\/v2\/comments?post=20898"}],"version-history":[{"count":1,"href":"https:\/\/www.cidademarketing.com.br\/marketing\/wp-json\/wp\/v2\/posts\/20898\/revisions"}],"predecessor-version":[{"id":20900,"href":"https:\/\/www.cidademarketing.com.br\/marketing\/wp-json\/wp\/v2\/posts\/20898\/revisions\/20900"}],"wp:featuredmedia":[{"embeddable":true,"href":"https:\/\/www.cidademarketing.com.br\/marketing\/wp-json\/wp\/v2\/media\/20899"}],"wp:attachment":[{"href":"https:\/\/www.cidademarketing.com.br\/marketing\/wp-json\/wp\/v2\/media?parent=20898"}],"wp:term":[{"taxonomy":"category","embeddable":true,"href":"https:\/\/www.cidademarketing.com.br\/marketing\/wp-json\/wp\/v2\/categories?post=20898"},{"taxonomy":"post_tag","embeddable":true,"href":"https:\/\/www.cidademarketing.com.br\/marketing\/wp-json\/wp\/v2\/tags?post=20898"}],"curies":[{"name":"wp","href":"https:\/\/api.w.org\/{rel}","templated":true}]}}