{"id":20857,"date":"2020-11-26T22:09:06","date_gmt":"2020-11-27T01:09:06","guid":{"rendered":"https:\/\/www.cidademarketing.com.br\/marketing\/?p=20857"},"modified":"2020-11-26T22:12:27","modified_gmt":"2020-11-27T01:12:27","slug":"veja-promove-campanha-com-foco-na-valorizacao-do-trabalho-domestico-e-lanca-edicao-especial-de-veja-multiuso","status":"publish","type":"post","link":"https:\/\/www.cidademarketing.com.br\/marketing\/2020\/11\/26\/veja-promove-campanha-com-foco-na-valorizacao-do-trabalho-domestico-e-lanca-edicao-especial-de-veja-multiuso\/","title":{"rendered":"Veja\u00ae promove campanha com foco na valoriza\u00e7\u00e3o do trabalho dom\u00e9stico e lan\u00e7a edi\u00e7\u00e3o especial de Veja Multiuso"},"content":{"rendered":"\n<p>Seguindo com o prop\u00f3sito de <em>Levar Amor a Todos Os Lares<\/em>, a marca de produtos de limpeza&nbsp;Veja\u00ae, da RB Hygiene Comercial, apresenta a nova fase do movimento <em>\u201c<strong>Veja com o Cora\u00e7\u00e3o<\/strong>\u201d<\/em> em prol da valoriza\u00e7\u00e3o do trabalho dom\u00e9stico.&nbsp;O novo momento \u00e9 marcado pelo in\u00edcio da campanha que destaca as hist\u00f3rias reais de 4 trabalhadoras dom\u00e9sticas, al\u00e9m do lan\u00e7amento da edi\u00e7\u00e3o especial do produto <strong>Veja Multiuso Original Doe Com Amor<\/strong>, que ter\u00e1 o lucro\u00b9 das vendas revertido em doa\u00e7\u00f5es a trabalhadoras dom\u00e9sticas que enfrentam uma situa\u00e7\u00e3o vulner\u00e1vel devido \u00e0 pandemia da Covid-19.<\/p>\n\n\n\n<p>O movimento de valorizar o trabalho dom\u00e9stico est\u00e1 associado ao Objetivo de Desenvolvimento Sustent\u00e1vel (ODS) n\u00famero 10 da ONU: Redu\u00e7\u00e3o das Desigualdades. \u200bAp\u00f3s uma pesquisa feita pela marca sobre a realidade brasileira, Veja\u00ae identificou que mais de 70% das trabalhadoras dom\u00e9sticas j\u00e1 sentiram que as pessoas as julgam inferiores pelo trabalho que realizam, embora essa seja a profiss\u00e3o que mais emprega mulheres no Brasil, somando mais de 6 milh\u00f5es de trabalhadoras. A marca Veja\u00ae acredita que a limpeza \u00e9 um ato de amor e carinho que precisa ser valorizado. Por isso, deseja contribuir buscando a conscientiza\u00e7\u00e3o da sociedade sobre a import\u00e2ncia da profiss\u00e3o das trabalhadoras dom\u00e9sticas. \u200b<\/p>\n\n\n\n<p>A campanha publicit\u00e1ria que dar\u00e1 visibilidade \u00e0 a\u00e7\u00e3o foi criada em parceria com a\u00a0BETC\/Havas e aborda com empatia e amor as hist\u00f3rias reais de\u00a0Edilene,\u00a0Luana,\u00a0Iderlaine\u00a0e\u00a0Leia, trabalhadoras que contam, com orgulho, como a profiss\u00e3o foi fundamental para que elas pudessem conquistar alguns dos seus objetivos na vida. Al\u00e9m disso, Veja\u00ae lan\u00e7ou uma plataforma para o movimento (<a href=\"https:\/\/www.vejacomocoracao.com.br\/\" target=\"_blank\" rel=\"noreferrer noopener\">www.vejacomocoracao.com.br<\/a>), onde o p\u00fablico poder\u00e1 conhecer as hist\u00f3rias delas e de outras trabalhadoras, al\u00e9m de contribuir com a causa.<\/p>\n\n\n\n<p>\u201cVeja\u00ae tem o prop\u00f3sito de levar amor a todos os lares por meio de produtos com m\u00e1xima efici\u00eancia e reconhece quem est\u00e1 por tr\u00e1s desse ato de carinho e cuidado. Por isso, come\u00e7ou esse ano a iniciativa de contribuir para a valoriza\u00e7\u00e3o do trabalho dom\u00e9stico, conscientizando a sociedade&nbsp;sobre sua import\u00e2ncia.&nbsp;<strong>Veja Multiuso Original Doe Com Amor&nbsp;<\/strong>\u00e9 uma das maneiras que encontramos para engajar nossos consumidores nessa causa\u201d, comenta Paolo D\u2019Orso, vice-presidente S\u00eanior da Am\u00e9rica Latina da RB Hygiene Comercial.<\/p>\n\n\n\n<p>A iniciativa&nbsp;<strong>\u201cVeja com o Cora\u00e7\u00e3o\u201d<\/strong> j\u00e1 apoiou mais de 15 mil trabalhadoras desde o seu lan\u00e7amento, em abril deste ano, por meio da doa\u00e7\u00e3o de um milh\u00e3o de reais em produtos e aux\u00edlio financeiro. A expectativa para a segunda fase da a\u00e7\u00e3o \u00e9 apoiar, at\u00e9 o final do ano, mais cerca de mil trabalhadoras dom\u00e9sticas a partir do lucro gerado pelas vendas da edi\u00e7\u00e3o especial do produto.<\/p>\n\n\n\n<p>Durante o \u00faltimo ano,\u00a0a RB Hygiene Comercial e a BETC\/Havas estudaram o cotidiano dessas trabalhadoras a partir de uma s\u00e9rie de entrevistas e pesquisas por todo o pa\u00eds, com o apoio da\u00a0Consultoria\u00a0Cause. Como resultado, a campanha traduz, nas a\u00e7\u00f5es de publicidade e marketing, o posicionamento de Veja\u00ae em um territ\u00f3rio genu\u00edno de atua\u00e7\u00e3o da marca, que h\u00e1 mais de 50 anos est\u00e1 presente nos lares dos brasileiros.<\/p>\n\n\n\n<p>A campanha poder\u00e1 ser vista, em um primeiro momento, em m\u00eddia OOH e digital. J\u00e1 e edi\u00e7\u00e3o especial do produto&nbsp;<strong>Veja Multiuso Original Doe Com Amor&nbsp;<\/strong>est\u00e1 dispon\u00edvel <a href=\"https:\/\/gateway.pr.comunique-se.com.br\/api\/Campaign\/AddCampaignEmailClick\/35aba8c8-f211-4a74-4faf-08d8918ae29a\/https%253a%252f%252fwww.amazon.com.br%252fgp%252fproduct%252fB08HLVTRDL%253fpf_rd_r%253dXTZ0AJS4RDXH5DFYQVYX%2526amp%253bpf_rd_p%253d72a7651a-a7d8-4551-b248-c61480b6ce6e\/4444e1cc-bde0-4ad7-d0f5-08d7c5ff26d1\/contato@cidademarketing.com.br\/True\" target=\"_blank\" rel=\"noreferrer noopener\">na Amazon<\/a> e nos supermercados&nbsp;Condor (Paran\u00e1), Coop, Dav\u00f3, Mambo e Giga (S\u00e3o Paulo), Costa (Goi\u00e2nia), SBH (Minas Gerais), Barcelos e Casa do&nbsp;Sab\u00e3o (Rio de Janeiro), Supermercado da Fam\u00edlia (Pernambuco), Atakarejo e G Barbosa (Bahia), Nordest\u00e3o (Rio Grande do Norte), Fartura (Fortaleza), Mateus e Nova Era (Maranh\u00e3o).<\/p>\n\n\n\n<p>\u201cNo pr\u00f3ximo ano, queremos avan\u00e7ar ainda mais. Acreditamos que atuar por meio de diversas frentes, entre elas a educa\u00e7\u00e3o,\u00a0pode colaborar\u00a0com\u00a0a melhoria das condi\u00e7\u00f5es de trabalho e\u00a0profissionaliza\u00e7\u00e3o\u00a0das trabalhadoras dom\u00e9sticas, estimulando a troca de experi\u00eancias e a gera\u00e7\u00e3o de renda\u201d, finaliza Paolo.<\/p>\n\n\n\n<figure class=\"wp-block-embed-youtube wp-block-embed is-type-video is-provider-youtube wp-embed-aspect-16-9 wp-has-aspect-ratio\"><div class=\"wp-block-embed__wrapper\">\n<div class=\"youtube-embed\" data-video_id=\"4avgzU_DaKU\"><iframe title=\"Voc\u00ea sente orgulho da sua profiss\u00e3o?\" width=\"640\" height=\"360\" src=\"https:\/\/www.youtube.com\/embed\/4avgzU_DaKU?feature=oembed&#038;enablejsapi=1&#038;enablejsapi=1\" frameborder=\"0\" allow=\"accelerometer; autoplay; clipboard-write; encrypted-media; gyroscope; picture-in-picture; web-share\" referrerpolicy=\"strict-origin-when-cross-origin\" allowfullscreen><\/iframe><\/div>\n<\/div><\/figure>\n\n\n\n<p><strong><u>Ficha t\u00e9cnica:<\/u><\/strong><\/p>\n\n\n\n<p><strong>Ag\u00eancia<\/strong>: BETC\/Havas<\/p>\n\n\n\n<p><strong>Cliente:<\/strong> Reckitt Benckiser<\/p>\n\n\n\n<p><strong>Produto<\/strong>: Veja&nbsp;<\/p>\n\n\n\n<p><strong>T\u00edtulo:<\/strong> Hist\u00f3rias Reais<\/p>\n\n\n\n<p><strong>CCO<\/strong>: Erh Ray<\/p>\n\n\n\n<p><strong>Diretora Executiva de Cria\u00e7\u00e3o:<\/strong> Andrea Siqueira&nbsp;<\/p>\n\n\n\n<p><strong>Diretora de Cria\u00e7\u00e3o:<\/strong> Andrea Siqueira e Laura Azevedo<\/p>\n\n\n\n<p><strong>Cria\u00e7\u00e3o &amp;<\/strong> <strong>Conte\u00fado: <\/strong>Nelson Prado e Will Santos<\/p>\n\n\n\n<p><strong>Marcas &amp; Neg\u00f3cios: <\/strong>Heloisa Figueiredo, Luana Gregorio, Bianca Chagas e Beatriz Geller<\/p>\n\n\n\n<p><strong>Estrat\u00e9gia &amp; Gest\u00e3o de Dados: <\/strong>Agatha Kim, Silvia Paes e Fernanda Maia&nbsp;<\/p>\n\n\n\n<p><strong>Canais &amp; Engajamento: <\/strong>Carlinha Gagliardi, Ver\u00f4nica Piraj\u00e1 e Haroldo Paro<\/p>\n\n\n\n<p><strong>Diretora de Produ\u00e7\u00e3o Integrada: <\/strong>Anna Luisa Ferraz<\/p>\n\n\n\n<p><strong>Produ\u00e7\u00e3o: <\/strong>Rafael Paes e Priscyla Farina<\/p>\n\n\n\n<p><strong>Produtora de imagem: <\/strong>MODERNISTA CREATIVE PRODUCERS<\/p>\n\n\n\n<p><strong>Produtor Executivo:<\/strong> Marcelo Monteiro e Alexandre Lucas<\/p>\n\n\n\n<p><strong>Atendimento: <\/strong>Iara Demartini<\/p>\n\n\n\n<p><strong>Dire\u00e7\u00e3o Criativa Produtora:<\/strong> Alexandre Lucas<\/p>\n\n\n\n<p><strong>Dire\u00e7\u00e3o de Cena:<\/strong> Camila Faus<\/p>\n\n\n\n<p><strong>Assistente dire\u00e7\u00e3o:<\/strong> Ana Claudia Laforga<\/p>\n\n\n\n<p><strong>Diretora Produ\u00e7\u00e3o: <\/strong>Tatiana Akemi Ueda<\/p>\n\n\n\n<p><strong>Assistente de Produ\u00e7\u00e3o:<\/strong> Sara De Rizzo Avanci<\/p>\n\n\n\n<p><strong>Coordenadora de P\u00f3s:<\/strong> Nathalie Rueda<\/p>\n\n\n\n<p><strong>Dire\u00e7\u00e3o de fotografia:<\/strong> Anna Paula Gentil Mascarenhas<\/p>\n\n\n\n<p><strong>Dire\u00e7\u00e3o de arte: <\/strong>Felipa Damasco<\/p>\n\n\n\n<p><strong>Figurino:<\/strong> Simone Fleitich<\/p>\n\n\n\n<p><strong>El\u00e9trica:<\/strong> Tatiane Ursulino da Silva<\/p>\n\n\n\n<p><strong>T\u00e9cnica de Som:<\/strong> Evelyn Kauane dos Santos<\/p>\n\n\n\n<p><strong>Color Grading: <\/strong>J\u00fanior X<\/p>\n\n\n\n<p><strong>Montagem:<\/strong> S\u00e9rgio Dinis e Fernando Tavares<\/p>\n\n\n\n<p><strong>Motion Graphics:<\/strong> Anderson Freitas<\/p>\n\n\n\n<p><strong>Finaliza\u00e7\u00e3o: <\/strong>S\u00e9rgio Dinis e Fernando Tavares<\/p>\n\n\n\n<p><strong>Produtora de \u00e1udio: <\/strong>Canja<strong> <\/strong>Audio Culture<\/p>\n\n\n\n<p><strong>Locu\u00e7\u00e3o<\/strong>: Ana Flor<\/p>\n\n\n\n<p><strong>Dire\u00e7\u00e3o de som: <\/strong>Lucas Sfair, Eduardo Karas e Filipe Resende<\/p>\n\n\n\n<p><strong>Atendimento: <\/strong>Guga Costa<\/p>\n\n\n\n<p><strong>Coordena\u00e7\u00e3o:<\/strong> Ana Flor<\/p>\n\n\n\n<p><strong>Produ\u00e7\u00e3o Musical:<\/strong> Diego Zorrilla e Levi Mynssen<\/p>\n\n\n\n<p><strong>Aprova\u00e7\u00e3o Cliente:<\/strong> Carolina Frenkiel, Mariana Rocha, Julio Bellatine, Leticia da Costa, Leticia Guiti e Fernanda Yara<em>\u00b9 A doa\u00e7\u00e3o ser\u00e1 feita com base no lucro operacional deste produto, que \u00e9 composto pela receita de vendas deduzida de tributos e descontos comerciais, custo da mercadoria vendida, despesas de marketing, administrativas (por defini\u00e7\u00e3o de rateio, as despesas de vendas e administrativas ser\u00e3o consideradas como 15% da receita l\u00edquida &#8211; receita de vendas deduzidas de impostos e descontos comerciais) e outras despesas e\/ou receitas n\u00e3o operacionais, rateadas proporcionalmente \u00e0 receita l\u00edquida definida anteriormente<\/em><\/p>\n","protected":false},"excerpt":{"rendered":"<p>Seguindo com o prop\u00f3sito de Levar Amor a Todos Os Lares, a marca de produtos de limpeza&nbsp;Veja\u00ae, da RB Hygiene Comercial, apresenta a nova fase do movimento \u201cVeja com o Cora\u00e7\u00e3o\u201d em prol da valoriza\u00e7\u00e3o do trabalho dom\u00e9stico.&nbsp;O novo momento \u00e9 marcado pelo in\u00edcio da campanha que destaca as hist\u00f3rias reais de 4 trabalhadoras dom\u00e9sticas, [&hellip;]<\/p>\n","protected":false},"author":1,"featured_media":20858,"comment_status":"open","ping_status":"open","sticky":false,"template":"","format":"standard","meta":{"tdm_status":"","tdm_grid_status":"","footnotes":""},"categories":[6],"tags":[33,28,177,426],"class_list":["post-20857","post","type-post","status-publish","format-standard","has-post-thumbnail","hentry","category-noticias","tag-estrategia","tag-marketing","tag-marketing-social","tag-veja"],"yoast_head":"<!-- This site is optimized with the Yoast SEO plugin v27.5 - https:\/\/yoast.com\/product\/yoast-seo-wordpress\/ -->\n<title>Veja\u00ae promove campanha com foco na valoriza\u00e7\u00e3o do trabalho dom\u00e9stico e lan\u00e7a edi\u00e7\u00e3o especial de Veja Multiuso - CidadeMarketing<\/title>\n<meta name=\"robots\" content=\"index, follow, max-snippet:-1, max-image-preview:large, max-video-preview:-1\" \/>\n<link rel=\"canonical\" href=\"https:\/\/www.cidademarketing.com.br\/marketing\/2020\/11\/26\/veja-promove-campanha-com-foco-na-valorizacao-do-trabalho-domestico-e-lanca-edicao-especial-de-veja-multiuso\/\" \/>\n<meta property=\"og:locale\" content=\"pt_BR\" \/>\n<meta property=\"og:type\" content=\"article\" \/>\n<meta property=\"og:title\" content=\"Veja\u00ae promove campanha com foco na valoriza\u00e7\u00e3o do trabalho dom\u00e9stico e lan\u00e7a edi\u00e7\u00e3o especial de Veja Multiuso - CidadeMarketing\" \/>\n<meta property=\"og:description\" content=\"Seguindo com o prop\u00f3sito de Levar Amor a Todos Os Lares, a marca de produtos de limpeza&nbsp;Veja\u00ae, da RB Hygiene Comercial, apresenta a nova fase do movimento \u201cVeja com o Cora\u00e7\u00e3o\u201d em prol da valoriza\u00e7\u00e3o do trabalho dom\u00e9stico.&nbsp;O novo momento \u00e9 marcado pelo in\u00edcio da campanha que destaca as hist\u00f3rias reais de 4 trabalhadoras dom\u00e9sticas, [&hellip;]\" \/>\n<meta property=\"og:url\" content=\"https:\/\/www.cidademarketing.com.br\/marketing\/2020\/11\/26\/veja-promove-campanha-com-foco-na-valorizacao-do-trabalho-domestico-e-lanca-edicao-especial-de-veja-multiuso\/\" \/>\n<meta property=\"og:site_name\" content=\"CidadeMarketing\" \/>\n<meta property=\"article:publisher\" content=\"https:\/\/www.facebook.com\/portalcidademarketing\" \/>\n<meta property=\"article:author\" content=\"https:\/\/www.facebook.com\/thalesbrandao\" \/>\n<meta property=\"article:published_time\" content=\"2020-11-27T01:09:06+00:00\" \/>\n<meta property=\"article:modified_time\" content=\"2020-11-27T01:12:27+00:00\" \/>\n<meta property=\"og:image\" content=\"https:\/\/www.cidademarketing.com.br\/marketing\/wp-content\/uploads\/2020\/11\/veja_domestica.png\" \/>\n\t<meta property=\"og:image:width\" content=\"1898\" \/>\n\t<meta property=\"og:image:height\" content=\"1063\" \/>\n\t<meta property=\"og:image:type\" content=\"image\/png\" \/>\n<meta name=\"author\" content=\"Thales Brand\u00e3o\" \/>\n<meta name=\"twitter:card\" content=\"summary_large_image\" \/>\n<meta name=\"twitter:creator\" content=\"@http:\/\/www.twitter.com\/thalesbrandao\" \/>\n<meta name=\"twitter:site\" content=\"@CidadeMarketing\" \/>\n<meta name=\"twitter:label1\" content=\"Escrito por\" \/>\n\t<meta name=\"twitter:data1\" content=\"Thales Brand\u00e3o\" \/>\n\t<meta name=\"twitter:label2\" content=\"Est. tempo de leitura\" \/>\n\t<meta name=\"twitter:data2\" content=\"5 minutos\" \/>\n<script type=\"application\/ld+json\" class=\"yoast-schema-graph\">{\"@context\":\"https:\\\/\\\/schema.org\",\"@graph\":[{\"@type\":\"Article\",\"@id\":\"https:\\\/\\\/www.cidademarketing.com.br\\\/marketing\\\/2020\\\/11\\\/26\\\/veja-promove-campanha-com-foco-na-valorizacao-do-trabalho-domestico-e-lanca-edicao-especial-de-veja-multiuso\\\/#article\",\"isPartOf\":{\"@id\":\"https:\\\/\\\/www.cidademarketing.com.br\\\/marketing\\\/2020\\\/11\\\/26\\\/veja-promove-campanha-com-foco-na-valorizacao-do-trabalho-domestico-e-lanca-edicao-especial-de-veja-multiuso\\\/\"},\"author\":{\"name\":\"Thales Brand\u00e3o\",\"@id\":\"https:\\\/\\\/www.cidademarketing.com.br\\\/marketing\\\/#\\\/schema\\\/person\\\/02daff9f18bd9378c9e01eb6b2db155f\"},\"headline\":\"Veja\u00ae promove campanha com foco na valoriza\u00e7\u00e3o do trabalho dom\u00e9stico e lan\u00e7a edi\u00e7\u00e3o especial de Veja Multiuso\",\"datePublished\":\"2020-11-27T01:09:06+00:00\",\"dateModified\":\"2020-11-27T01:12:27+00:00\",\"mainEntityOfPage\":{\"@id\":\"https:\\\/\\\/www.cidademarketing.com.br\\\/marketing\\\/2020\\\/11\\\/26\\\/veja-promove-campanha-com-foco-na-valorizacao-do-trabalho-domestico-e-lanca-edicao-especial-de-veja-multiuso\\\/\"},\"wordCount\":1073,\"commentCount\":0,\"publisher\":{\"@id\":\"https:\\\/\\\/www.cidademarketing.com.br\\\/marketing\\\/#organization\"},\"image\":{\"@id\":\"https:\\\/\\\/www.cidademarketing.com.br\\\/marketing\\\/2020\\\/11\\\/26\\\/veja-promove-campanha-com-foco-na-valorizacao-do-trabalho-domestico-e-lanca-edicao-especial-de-veja-multiuso\\\/#primaryimage\"},\"thumbnailUrl\":\"https:\\\/\\\/www.cidademarketing.com.br\\\/marketing\\\/wp-content\\\/uploads\\\/2020\\\/11\\\/veja_domestica.png\",\"keywords\":[\"estrat\u00e9gia\",\"marketing\",\"marketing social\",\"Veja\"],\"articleSection\":[\"Not\u00edcias\"],\"inLanguage\":\"pt-BR\",\"potentialAction\":[{\"@type\":\"CommentAction\",\"name\":\"Comment\",\"target\":[\"https:\\\/\\\/www.cidademarketing.com.br\\\/marketing\\\/2020\\\/11\\\/26\\\/veja-promove-campanha-com-foco-na-valorizacao-do-trabalho-domestico-e-lanca-edicao-especial-de-veja-multiuso\\\/#respond\"]}]},{\"@type\":\"WebPage\",\"@id\":\"https:\\\/\\\/www.cidademarketing.com.br\\\/marketing\\\/2020\\\/11\\\/26\\\/veja-promove-campanha-com-foco-na-valorizacao-do-trabalho-domestico-e-lanca-edicao-especial-de-veja-multiuso\\\/\",\"url\":\"https:\\\/\\\/www.cidademarketing.com.br\\\/marketing\\\/2020\\\/11\\\/26\\\/veja-promove-campanha-com-foco-na-valorizacao-do-trabalho-domestico-e-lanca-edicao-especial-de-veja-multiuso\\\/\",\"name\":\"Veja\u00ae promove campanha com foco na valoriza\u00e7\u00e3o do trabalho dom\u00e9stico e lan\u00e7a edi\u00e7\u00e3o especial de Veja Multiuso - CidadeMarketing\",\"isPartOf\":{\"@id\":\"https:\\\/\\\/www.cidademarketing.com.br\\\/marketing\\\/#website\"},\"primaryImageOfPage\":{\"@id\":\"https:\\\/\\\/www.cidademarketing.com.br\\\/marketing\\\/2020\\\/11\\\/26\\\/veja-promove-campanha-com-foco-na-valorizacao-do-trabalho-domestico-e-lanca-edicao-especial-de-veja-multiuso\\\/#primaryimage\"},\"image\":{\"@id\":\"https:\\\/\\\/www.cidademarketing.com.br\\\/marketing\\\/2020\\\/11\\\/26\\\/veja-promove-campanha-com-foco-na-valorizacao-do-trabalho-domestico-e-lanca-edicao-especial-de-veja-multiuso\\\/#primaryimage\"},\"thumbnailUrl\":\"https:\\\/\\\/www.cidademarketing.com.br\\\/marketing\\\/wp-content\\\/uploads\\\/2020\\\/11\\\/veja_domestica.png\",\"datePublished\":\"2020-11-27T01:09:06+00:00\",\"dateModified\":\"2020-11-27T01:12:27+00:00\",\"breadcrumb\":{\"@id\":\"https:\\\/\\\/www.cidademarketing.com.br\\\/marketing\\\/2020\\\/11\\\/26\\\/veja-promove-campanha-com-foco-na-valorizacao-do-trabalho-domestico-e-lanca-edicao-especial-de-veja-multiuso\\\/#breadcrumb\"},\"inLanguage\":\"pt-BR\",\"potentialAction\":[{\"@type\":\"ReadAction\",\"target\":[\"https:\\\/\\\/www.cidademarketing.com.br\\\/marketing\\\/2020\\\/11\\\/26\\\/veja-promove-campanha-com-foco-na-valorizacao-do-trabalho-domestico-e-lanca-edicao-especial-de-veja-multiuso\\\/\"]}]},{\"@type\":\"ImageObject\",\"inLanguage\":\"pt-BR\",\"@id\":\"https:\\\/\\\/www.cidademarketing.com.br\\\/marketing\\\/2020\\\/11\\\/26\\\/veja-promove-campanha-com-foco-na-valorizacao-do-trabalho-domestico-e-lanca-edicao-especial-de-veja-multiuso\\\/#primaryimage\",\"url\":\"https:\\\/\\\/www.cidademarketing.com.br\\\/marketing\\\/wp-content\\\/uploads\\\/2020\\\/11\\\/veja_domestica.png\",\"contentUrl\":\"https:\\\/\\\/www.cidademarketing.com.br\\\/marketing\\\/wp-content\\\/uploads\\\/2020\\\/11\\\/veja_domestica.png\",\"width\":1898,\"height\":1063,\"caption\":\"Reprodu\u00e7\u00e3o\"},{\"@type\":\"BreadcrumbList\",\"@id\":\"https:\\\/\\\/www.cidademarketing.com.br\\\/marketing\\\/2020\\\/11\\\/26\\\/veja-promove-campanha-com-foco-na-valorizacao-do-trabalho-domestico-e-lanca-edicao-especial-de-veja-multiuso\\\/#breadcrumb\",\"itemListElement\":[{\"@type\":\"ListItem\",\"position\":1,\"name\":\"In\u00edcio\",\"item\":\"https:\\\/\\\/www.cidademarketing.com.br\\\/marketing\\\/\"},{\"@type\":\"ListItem\",\"position\":2,\"name\":\"Veja\u00ae promove campanha com foco na valoriza\u00e7\u00e3o do trabalho dom\u00e9stico e lan\u00e7a edi\u00e7\u00e3o especial de Veja Multiuso\"}]},{\"@type\":\"WebSite\",\"@id\":\"https:\\\/\\\/www.cidademarketing.com.br\\\/marketing\\\/#website\",\"url\":\"https:\\\/\\\/www.cidademarketing.com.br\\\/marketing\\\/\",\"name\":\"CidadeMarketing\",\"description\":\"Somos um ve\u00edculo de comunica\u00e7\u00e3o de destaque no Brasil, reconhecido por conte\u00fados nos segmentos de marketing, empreendedorismo e inova\u00e7\u00e3o.\",\"publisher\":{\"@id\":\"https:\\\/\\\/www.cidademarketing.com.br\\\/marketing\\\/#organization\"},\"alternateName\":\"CidadeMarketing\",\"potentialAction\":[{\"@type\":\"SearchAction\",\"target\":{\"@type\":\"EntryPoint\",\"urlTemplate\":\"https:\\\/\\\/www.cidademarketing.com.br\\\/marketing\\\/?s={search_term_string}\"},\"query-input\":{\"@type\":\"PropertyValueSpecification\",\"valueRequired\":true,\"valueName\":\"search_term_string\"}}],\"inLanguage\":\"pt-BR\"},{\"@type\":\"Organization\",\"@id\":\"https:\\\/\\\/www.cidademarketing.com.br\\\/marketing\\\/#organization\",\"name\":\"CidadeMarketing\",\"alternateName\":\"CidadeMarketing\",\"url\":\"https:\\\/\\\/www.cidademarketing.com.br\\\/marketing\\\/\",\"logo\":{\"@type\":\"ImageObject\",\"inLanguage\":\"pt-BR\",\"@id\":\"https:\\\/\\\/www.cidademarketing.com.br\\\/marketing\\\/#\\\/schema\\\/logo\\\/image\\\/\",\"url\":\"https:\\\/\\\/www.cidademarketing.com.br\\\/marketing\\\/wp-content\\\/uploads\\\/2020\\\/01\\\/cidademarketing_marca_mobile.png\",\"contentUrl\":\"https:\\\/\\\/www.cidademarketing.com.br\\\/marketing\\\/wp-content\\\/uploads\\\/2020\\\/01\\\/cidademarketing_marca_mobile.png\",\"width\":230,\"height\":92,\"caption\":\"CidadeMarketing\"},\"image\":{\"@id\":\"https:\\\/\\\/www.cidademarketing.com.br\\\/marketing\\\/#\\\/schema\\\/logo\\\/image\\\/\"},\"sameAs\":[\"https:\\\/\\\/www.facebook.com\\\/portalcidademarketing\",\"https:\\\/\\\/x.com\\\/CidadeMarketing\",\"https:\\\/\\\/www.instagram.com\\\/cidademarketing\\\/\"]},{\"@type\":\"Person\",\"@id\":\"https:\\\/\\\/www.cidademarketing.com.br\\\/marketing\\\/#\\\/schema\\\/person\\\/02daff9f18bd9378c9e01eb6b2db155f\",\"name\":\"Thales Brand\u00e3o\",\"image\":{\"@type\":\"ImageObject\",\"inLanguage\":\"pt-BR\",\"@id\":\"https:\\\/\\\/secure.gravatar.com\\\/avatar\\\/7ca3206950207cc3cb48feec56a8a7898741ab725c368d99d5d7a5a50aab80c6?s=96&d=mm&r=g\",\"url\":\"https:\\\/\\\/secure.gravatar.com\\\/avatar\\\/7ca3206950207cc3cb48feec56a8a7898741ab725c368d99d5d7a5a50aab80c6?s=96&d=mm&r=g\",\"contentUrl\":\"https:\\\/\\\/secure.gravatar.com\\\/avatar\\\/7ca3206950207cc3cb48feec56a8a7898741ab725c368d99d5d7a5a50aab80c6?s=96&d=mm&r=g\",\"caption\":\"Thales Brand\u00e3o\"},\"description\":\"Editor Executivo do Portal CidadeMarketing.com.br &gt; Mestre em Comunica\u00e7\u00e3o e Sociedade pela Universidade Federal de Sergipe. Possui MBA Executivo em Administra\u00e7\u00e3o com \u00eanfase em Marketing pela Funda\u00e7\u00e3o Get\u00falio Vargas - Rio de Janeiro. Consultor, Palestrante e Pesquisador sobre Empreendedorismo, Marketing, Redes Sociais e Neg\u00f3cios Digitais. Professor, Palestrante TedxTalks e Campus Party. Twitter: @ThalesBrandao\",\"sameAs\":[\"http:\\\/\\\/www.mandacaru.com.br\",\"https:\\\/\\\/www.facebook.com\\\/thalesbrandao\",\"http:\\\/\\\/www.instagram.com.br\\\/thalesbrandaoferreira\",\"https:\\\/\\\/www.linkedin.com\\\/in\\\/thales-brand\u00e3o-3948609\\\/\",\"https:\\\/\\\/x.com\\\/http:\\\/\\\/www.twitter.com\\\/thalesbrandao\"],\"url\":\"https:\\\/\\\/www.cidademarketing.com.br\\\/marketing\\\/author\\\/thalesbrandao\\\/\"}]}<\/script>\n<!-- \/ Yoast SEO plugin. -->","yoast_head_json":{"title":"Veja\u00ae promove campanha com foco na valoriza\u00e7\u00e3o do trabalho dom\u00e9stico e lan\u00e7a edi\u00e7\u00e3o especial de Veja Multiuso - CidadeMarketing","robots":{"index":"index","follow":"follow","max-snippet":"max-snippet:-1","max-image-preview":"max-image-preview:large","max-video-preview":"max-video-preview:-1"},"canonical":"https:\/\/www.cidademarketing.com.br\/marketing\/2020\/11\/26\/veja-promove-campanha-com-foco-na-valorizacao-do-trabalho-domestico-e-lanca-edicao-especial-de-veja-multiuso\/","og_locale":"pt_BR","og_type":"article","og_title":"Veja\u00ae promove campanha com foco na valoriza\u00e7\u00e3o do trabalho dom\u00e9stico e lan\u00e7a edi\u00e7\u00e3o especial de Veja Multiuso - CidadeMarketing","og_description":"Seguindo com o prop\u00f3sito de Levar Amor a Todos Os Lares, a marca de produtos de limpeza&nbsp;Veja\u00ae, da RB Hygiene Comercial, apresenta a nova fase do movimento \u201cVeja com o Cora\u00e7\u00e3o\u201d em prol da valoriza\u00e7\u00e3o do trabalho dom\u00e9stico.&nbsp;O novo momento \u00e9 marcado pelo in\u00edcio da campanha que destaca as hist\u00f3rias reais de 4 trabalhadoras dom\u00e9sticas, [&hellip;]","og_url":"https:\/\/www.cidademarketing.com.br\/marketing\/2020\/11\/26\/veja-promove-campanha-com-foco-na-valorizacao-do-trabalho-domestico-e-lanca-edicao-especial-de-veja-multiuso\/","og_site_name":"CidadeMarketing","article_publisher":"https:\/\/www.facebook.com\/portalcidademarketing","article_author":"https:\/\/www.facebook.com\/thalesbrandao","article_published_time":"2020-11-27T01:09:06+00:00","article_modified_time":"2020-11-27T01:12:27+00:00","og_image":[{"width":1898,"height":1063,"url":"https:\/\/www.cidademarketing.com.br\/marketing\/wp-content\/uploads\/2020\/11\/veja_domestica.png","type":"image\/png"}],"author":"Thales Brand\u00e3o","twitter_card":"summary_large_image","twitter_creator":"@http:\/\/www.twitter.com\/thalesbrandao","twitter_site":"@CidadeMarketing","twitter_misc":{"Escrito por":"Thales Brand\u00e3o","Est. tempo de leitura":"5 minutos"},"schema":{"@context":"https:\/\/schema.org","@graph":[{"@type":"Article","@id":"https:\/\/www.cidademarketing.com.br\/marketing\/2020\/11\/26\/veja-promove-campanha-com-foco-na-valorizacao-do-trabalho-domestico-e-lanca-edicao-especial-de-veja-multiuso\/#article","isPartOf":{"@id":"https:\/\/www.cidademarketing.com.br\/marketing\/2020\/11\/26\/veja-promove-campanha-com-foco-na-valorizacao-do-trabalho-domestico-e-lanca-edicao-especial-de-veja-multiuso\/"},"author":{"name":"Thales Brand\u00e3o","@id":"https:\/\/www.cidademarketing.com.br\/marketing\/#\/schema\/person\/02daff9f18bd9378c9e01eb6b2db155f"},"headline":"Veja\u00ae promove campanha com foco na valoriza\u00e7\u00e3o do trabalho dom\u00e9stico e lan\u00e7a edi\u00e7\u00e3o especial de Veja Multiuso","datePublished":"2020-11-27T01:09:06+00:00","dateModified":"2020-11-27T01:12:27+00:00","mainEntityOfPage":{"@id":"https:\/\/www.cidademarketing.com.br\/marketing\/2020\/11\/26\/veja-promove-campanha-com-foco-na-valorizacao-do-trabalho-domestico-e-lanca-edicao-especial-de-veja-multiuso\/"},"wordCount":1073,"commentCount":0,"publisher":{"@id":"https:\/\/www.cidademarketing.com.br\/marketing\/#organization"},"image":{"@id":"https:\/\/www.cidademarketing.com.br\/marketing\/2020\/11\/26\/veja-promove-campanha-com-foco-na-valorizacao-do-trabalho-domestico-e-lanca-edicao-especial-de-veja-multiuso\/#primaryimage"},"thumbnailUrl":"https:\/\/www.cidademarketing.com.br\/marketing\/wp-content\/uploads\/2020\/11\/veja_domestica.png","keywords":["estrat\u00e9gia","marketing","marketing social","Veja"],"articleSection":["Not\u00edcias"],"inLanguage":"pt-BR","potentialAction":[{"@type":"CommentAction","name":"Comment","target":["https:\/\/www.cidademarketing.com.br\/marketing\/2020\/11\/26\/veja-promove-campanha-com-foco-na-valorizacao-do-trabalho-domestico-e-lanca-edicao-especial-de-veja-multiuso\/#respond"]}]},{"@type":"WebPage","@id":"https:\/\/www.cidademarketing.com.br\/marketing\/2020\/11\/26\/veja-promove-campanha-com-foco-na-valorizacao-do-trabalho-domestico-e-lanca-edicao-especial-de-veja-multiuso\/","url":"https:\/\/www.cidademarketing.com.br\/marketing\/2020\/11\/26\/veja-promove-campanha-com-foco-na-valorizacao-do-trabalho-domestico-e-lanca-edicao-especial-de-veja-multiuso\/","name":"Veja\u00ae promove campanha com foco na valoriza\u00e7\u00e3o do trabalho dom\u00e9stico e lan\u00e7a edi\u00e7\u00e3o especial de Veja Multiuso - CidadeMarketing","isPartOf":{"@id":"https:\/\/www.cidademarketing.com.br\/marketing\/#website"},"primaryImageOfPage":{"@id":"https:\/\/www.cidademarketing.com.br\/marketing\/2020\/11\/26\/veja-promove-campanha-com-foco-na-valorizacao-do-trabalho-domestico-e-lanca-edicao-especial-de-veja-multiuso\/#primaryimage"},"image":{"@id":"https:\/\/www.cidademarketing.com.br\/marketing\/2020\/11\/26\/veja-promove-campanha-com-foco-na-valorizacao-do-trabalho-domestico-e-lanca-edicao-especial-de-veja-multiuso\/#primaryimage"},"thumbnailUrl":"https:\/\/www.cidademarketing.com.br\/marketing\/wp-content\/uploads\/2020\/11\/veja_domestica.png","datePublished":"2020-11-27T01:09:06+00:00","dateModified":"2020-11-27T01:12:27+00:00","breadcrumb":{"@id":"https:\/\/www.cidademarketing.com.br\/marketing\/2020\/11\/26\/veja-promove-campanha-com-foco-na-valorizacao-do-trabalho-domestico-e-lanca-edicao-especial-de-veja-multiuso\/#breadcrumb"},"inLanguage":"pt-BR","potentialAction":[{"@type":"ReadAction","target":["https:\/\/www.cidademarketing.com.br\/marketing\/2020\/11\/26\/veja-promove-campanha-com-foco-na-valorizacao-do-trabalho-domestico-e-lanca-edicao-especial-de-veja-multiuso\/"]}]},{"@type":"ImageObject","inLanguage":"pt-BR","@id":"https:\/\/www.cidademarketing.com.br\/marketing\/2020\/11\/26\/veja-promove-campanha-com-foco-na-valorizacao-do-trabalho-domestico-e-lanca-edicao-especial-de-veja-multiuso\/#primaryimage","url":"https:\/\/www.cidademarketing.com.br\/marketing\/wp-content\/uploads\/2020\/11\/veja_domestica.png","contentUrl":"https:\/\/www.cidademarketing.com.br\/marketing\/wp-content\/uploads\/2020\/11\/veja_domestica.png","width":1898,"height":1063,"caption":"Reprodu\u00e7\u00e3o"},{"@type":"BreadcrumbList","@id":"https:\/\/www.cidademarketing.com.br\/marketing\/2020\/11\/26\/veja-promove-campanha-com-foco-na-valorizacao-do-trabalho-domestico-e-lanca-edicao-especial-de-veja-multiuso\/#breadcrumb","itemListElement":[{"@type":"ListItem","position":1,"name":"In\u00edcio","item":"https:\/\/www.cidademarketing.com.br\/marketing\/"},{"@type":"ListItem","position":2,"name":"Veja\u00ae promove campanha com foco na valoriza\u00e7\u00e3o do trabalho dom\u00e9stico e lan\u00e7a edi\u00e7\u00e3o especial de Veja Multiuso"}]},{"@type":"WebSite","@id":"https:\/\/www.cidademarketing.com.br\/marketing\/#website","url":"https:\/\/www.cidademarketing.com.br\/marketing\/","name":"CidadeMarketing","description":"Somos um ve\u00edculo de comunica\u00e7\u00e3o de destaque no Brasil, reconhecido por conte\u00fados nos segmentos de marketing, empreendedorismo e inova\u00e7\u00e3o.","publisher":{"@id":"https:\/\/www.cidademarketing.com.br\/marketing\/#organization"},"alternateName":"CidadeMarketing","potentialAction":[{"@type":"SearchAction","target":{"@type":"EntryPoint","urlTemplate":"https:\/\/www.cidademarketing.com.br\/marketing\/?s={search_term_string}"},"query-input":{"@type":"PropertyValueSpecification","valueRequired":true,"valueName":"search_term_string"}}],"inLanguage":"pt-BR"},{"@type":"Organization","@id":"https:\/\/www.cidademarketing.com.br\/marketing\/#organization","name":"CidadeMarketing","alternateName":"CidadeMarketing","url":"https:\/\/www.cidademarketing.com.br\/marketing\/","logo":{"@type":"ImageObject","inLanguage":"pt-BR","@id":"https:\/\/www.cidademarketing.com.br\/marketing\/#\/schema\/logo\/image\/","url":"https:\/\/www.cidademarketing.com.br\/marketing\/wp-content\/uploads\/2020\/01\/cidademarketing_marca_mobile.png","contentUrl":"https:\/\/www.cidademarketing.com.br\/marketing\/wp-content\/uploads\/2020\/01\/cidademarketing_marca_mobile.png","width":230,"height":92,"caption":"CidadeMarketing"},"image":{"@id":"https:\/\/www.cidademarketing.com.br\/marketing\/#\/schema\/logo\/image\/"},"sameAs":["https:\/\/www.facebook.com\/portalcidademarketing","https:\/\/x.com\/CidadeMarketing","https:\/\/www.instagram.com\/cidademarketing\/"]},{"@type":"Person","@id":"https:\/\/www.cidademarketing.com.br\/marketing\/#\/schema\/person\/02daff9f18bd9378c9e01eb6b2db155f","name":"Thales Brand\u00e3o","image":{"@type":"ImageObject","inLanguage":"pt-BR","@id":"https:\/\/secure.gravatar.com\/avatar\/7ca3206950207cc3cb48feec56a8a7898741ab725c368d99d5d7a5a50aab80c6?s=96&d=mm&r=g","url":"https:\/\/secure.gravatar.com\/avatar\/7ca3206950207cc3cb48feec56a8a7898741ab725c368d99d5d7a5a50aab80c6?s=96&d=mm&r=g","contentUrl":"https:\/\/secure.gravatar.com\/avatar\/7ca3206950207cc3cb48feec56a8a7898741ab725c368d99d5d7a5a50aab80c6?s=96&d=mm&r=g","caption":"Thales Brand\u00e3o"},"description":"Editor Executivo do Portal CidadeMarketing.com.br &gt; Mestre em Comunica\u00e7\u00e3o e Sociedade pela Universidade Federal de Sergipe. Possui MBA Executivo em Administra\u00e7\u00e3o com \u00eanfase em Marketing pela Funda\u00e7\u00e3o Get\u00falio Vargas - Rio de Janeiro. Consultor, Palestrante e Pesquisador sobre Empreendedorismo, Marketing, Redes Sociais e Neg\u00f3cios Digitais. Professor, Palestrante TedxTalks e Campus Party. Twitter: @ThalesBrandao","sameAs":["http:\/\/www.mandacaru.com.br","https:\/\/www.facebook.com\/thalesbrandao","http:\/\/www.instagram.com.br\/thalesbrandaoferreira","https:\/\/www.linkedin.com\/in\/thales-brand\u00e3o-3948609\/","https:\/\/x.com\/http:\/\/www.twitter.com\/thalesbrandao"],"url":"https:\/\/www.cidademarketing.com.br\/marketing\/author\/thalesbrandao\/"}]}},"amp_enabled":true,"_links":{"self":[{"href":"https:\/\/www.cidademarketing.com.br\/marketing\/wp-json\/wp\/v2\/posts\/20857","targetHints":{"allow":["GET"]}}],"collection":[{"href":"https:\/\/www.cidademarketing.com.br\/marketing\/wp-json\/wp\/v2\/posts"}],"about":[{"href":"https:\/\/www.cidademarketing.com.br\/marketing\/wp-json\/wp\/v2\/types\/post"}],"author":[{"embeddable":true,"href":"https:\/\/www.cidademarketing.com.br\/marketing\/wp-json\/wp\/v2\/users\/1"}],"replies":[{"embeddable":true,"href":"https:\/\/www.cidademarketing.com.br\/marketing\/wp-json\/wp\/v2\/comments?post=20857"}],"version-history":[{"count":1,"href":"https:\/\/www.cidademarketing.com.br\/marketing\/wp-json\/wp\/v2\/posts\/20857\/revisions"}],"predecessor-version":[{"id":20859,"href":"https:\/\/www.cidademarketing.com.br\/marketing\/wp-json\/wp\/v2\/posts\/20857\/revisions\/20859"}],"wp:featuredmedia":[{"embeddable":true,"href":"https:\/\/www.cidademarketing.com.br\/marketing\/wp-json\/wp\/v2\/media\/20858"}],"wp:attachment":[{"href":"https:\/\/www.cidademarketing.com.br\/marketing\/wp-json\/wp\/v2\/media?parent=20857"}],"wp:term":[{"taxonomy":"category","embeddable":true,"href":"https:\/\/www.cidademarketing.com.br\/marketing\/wp-json\/wp\/v2\/categories?post=20857"},{"taxonomy":"post_tag","embeddable":true,"href":"https:\/\/www.cidademarketing.com.br\/marketing\/wp-json\/wp\/v2\/tags?post=20857"}],"curies":[{"name":"wp","href":"https:\/\/api.w.org\/{rel}","templated":true}]}}