{"id":20830,"date":"2020-11-26T09:22:09","date_gmt":"2020-11-26T12:22:09","guid":{"rendered":"https:\/\/www.cidademarketing.com.br\/marketing\/?p=20830"},"modified":"2020-11-26T09:24:24","modified_gmt":"2020-11-26T12:24:24","slug":"com-desconto-de-ate-70-pao-de-acucar-amplia-black-friday","status":"publish","type":"post","link":"https:\/\/www.cidademarketing.com.br\/marketing\/2020\/11\/26\/com-desconto-de-ate-70-pao-de-acucar-amplia-black-friday\/","title":{"rendered":"Com desconto de at\u00e9 70%, P\u00e3o de A\u00e7\u00facar amplia Black Friday"},"content":{"rendered":"\n<p>A maior data promocional do varejo brasileiro est\u00e1 marcada para esta sexta-feira, dia 27 de novembro. Mas, neste ano, os consumidores do <strong>P\u00e3o de A\u00e7\u00facar<\/strong> de todo o pa\u00eds poder\u00e3o aproveitar as promo\u00e7\u00f5es da Black Friday 2020 j\u00e1 a partir desta quarta-feira (25), \u00e0s 18h, em uma antecipa\u00e7\u00e3o no e-commerce do P\u00e3o de A\u00e7ucar (<a href=\"http:\/\/paodeacucar.com\" target=\"_blank\" rel=\"noreferrer noopener\">paodeacucar.com<\/a>) e a partir de quinta-feira (26) em todas as lojas f\u00edsicas, postos e drogarias com a assinatura da rede e a plataforma P\u00e3o de A\u00e7\u00facar Adega.<\/p>\n\n\n\n<p>Ser\u00e3o mais de 48 horas repletas de ofertas e em diversas categorias de alimentos e bebidas, com descontos que podem chegar a at\u00e9 70%. A amplia\u00e7\u00e3o segue a estrat\u00e9gia do P\u00e3o de A\u00e7\u00facar para garantir seguran\u00e7a e tranquilidade aos consumidores, em linha com os protocolos sanit\u00e1rios necess\u00e1rios para o combate \u00e0 covid-19 e evitar aglomera\u00e7\u00f5es. Para quem optar por n\u00e3o sair de casa, todas as promo\u00e7\u00f5es tamb\u00e9m estar\u00e3o dispon\u00edveis no e-commerce <strong>paodeacucar.com <\/strong>ou pelo aplicativo<strong> P\u00e3o de A\u00e7\u00facar Mais<\/strong>. A capacidade operacional de entregas da plataforma online foi refor\u00e7ada para a data.<\/p>\n\n\n\n<p>Embora seja tradicionalmente conhecida por suas ofertas em eletr\u00f4nicos e eletrodom\u00e9sticos, a Black Friday tamb\u00e9m reserva boas surpresas para quem procura por op\u00e7\u00f5es nas categorias de alimentos e bebidas. Todas as lojas f\u00edsicas e online do <strong>P\u00e3o de A\u00e7\u00facar<\/strong> (supermercados e Minuto P\u00e3o de A\u00e7\u00facar), al\u00e9m dos postos e drogarias com a bandeira da rede e a plataforma <strong>P\u00e3o de A\u00e7\u00facar Adega<\/strong>, que conta com o e-commerce <strong>paodeacucar.com\/adega<\/strong>, participam da campanha. O consumidor ter\u00e1 \u00e0 sua escolha uma ampla gama de ofertas nos itens mais valorizados e aguardados pelos clientes, como cervejas especiais, vinhos, queijos, gins, vodcas, sorvetes, sucos integrais e caf\u00e9s, entre muitas outras op\u00e7\u00f5es, incluindo itens exclusivos do P\u00e3o de A\u00e7\u00facar. Entre alguns dos principais destaques preparados para o dia, a categoria de <strong>cervejas especiais<\/strong> estar\u00e1 com <strong>at\u00e9 50% de desconto<\/strong>, e <strong>vinhos e espumantes<\/strong>, com <strong>promo\u00e7\u00f5es de at\u00e9 60<\/strong>%.<\/p>\n\n\n\n<p>Os usu\u00e1rios do aplicativo <strong>P\u00e3o de A\u00e7\u00facar Mais<\/strong> poder\u00e3o ainda consultar todas as ofertas desta Black Friday e realizar suas compras tamb\u00e9m pelo app. Para acess\u00e1-lo, \u00e9 preciso estar cadastrado no programa de fidelidade. Basta fazer o download do aplicativo gratuitamente pela App Store ou Google Play e realizar o cadastro. O cliente <strong>P\u00e3o de A\u00e7\u00facar<\/strong> conta tamb\u00e9m com a facilidade do parcelamento de suas compras. Para a data, o valor dos produtos de vinhos e espumantes, destilados e itens do bazar poder\u00e3o ser divididos em at\u00e9 3x, com parcelas m\u00ednimas de R$ 70. Al\u00e9m disso, os consumidores poder\u00e3o realizar os pagamentos com o Pix, novo meio de pagamentos que permite as transa\u00e7\u00f5es de maneira totalmente digitais e em menos de 10 segundos.<\/p>\n\n\n\n<p>Outra vantagem exclusiva \u00e9 que os usu\u00e1rios do aplicativo <strong>P\u00e3o de A\u00e7\u00facar Mais<\/strong> encontrar\u00e3o os pontos Stix ainda mais vantajosos, com a possibilidade de adquirir os principais produtos com uma quantidade menor de pontos. O jogo de talheres Zwlling ter\u00e3o descontos exclusivos para resgate no per\u00edodo de 26 a 30\/11 no app do P\u00e3o de A\u00e7\u00facar. Para realizar as trocas dos pontos Stix por produtos exclusivos, basta acessar a funcionalidade \u201cMeus Pr\u00eamios\u201d do aplicativo e checar a quantidade de pontos conquistada nas miss\u00f5es pr\u00e9-definidas. Depois, \u00e9 s\u00f3 clicar em \u201cresgatar\u201d. Os resgates dos pontos podem ser realizados em loja at\u00e9 31\/12. O Stix \u00e9 uma plataforma de pontos e recompensas resultado de uma coaliz\u00e3o que conecta os programas de fidelidade de marcas parceiras refer\u00eancias no Brasil em seus segmentos, entre eles o P\u00e3o de A\u00e7\u00facar Mais.<\/p>\n\n\n\n<p>Consolidada no calend\u00e1rio sazonal do varejo brasileiro, a Black Friday \u00e9 um dos principais eventos no calend\u00e1rio do\u00a0varejo\u00a0f\u00edsico e do com\u00e9rcio eletr\u00f4nico do Brasil. Ainda que sob o cen\u00e1rio provocado pela pandemia de\u00a0covid-19, a expectativa para a edi\u00e7\u00e3o deste ano \u00e9 de aumento nas vendas, principalmente no\u00a0e-commerce. De acordo com um levantamento da consultoria Ebit\/Nielsen, a alta ser\u00e1 27% nas vendas na compara\u00e7\u00e3o com o ano anterior, considerando o per\u00edodo entre quinta e sexta-feira.\u00a0<\/p>\n\n\n\n<p><strong>Medidas preventivas \u00e0 covid-19<\/strong><\/p>\n\n\n\n<p>O consumidor que optar em realizar a suas compras nas lojas f\u00edsicas do P\u00e3o de A\u00e7\u00facar poder\u00e1 contar com todas as medidas preventivas de combate \u00e0 covid-19. Nas lojas da rede, mais de 60 protocolos sanit\u00e1rios foram implementados e milh\u00f5es de insumos foram comprados para garantir um ambiente de consumo seguro para clientes e colaboradores.&nbsp;De adesivos sinalizadores do distanciamento social no piso das lojas \u00e0 medi\u00e7\u00e3o da temperatura de funcion\u00e1rios durante o hor\u00e1rio de entrada e sa\u00edda do expediente e \u00e0 obrigatoriedade do uso de m\u00e1scaras, as medidas abrangem todos os pontos de opera\u00e7\u00e3o das unidades para garantir seguran\u00e7a e evitar aglomera\u00e7\u00f5es.<\/p>\n\n\n\n<p><strong>Confira as principais ofertas:<\/strong><\/p>\n\n\n\n<ul class=\"wp-block-list\"><li>Cerveja belga Hoegaarden garrafa 330ml \u2013 De R$ 7,99 por R$ 3,99 (v\u00e1lido para Cliente Mais) &nbsp;<\/li><li>Gin ingl\u00eas Beefeater 750ml \u2013 De R$ 149,99 por R$ 79,90 (v\u00e1lido para Cliente Mais) &nbsp;<\/li><li>Vodka sueca Absolut tradicional 1l \u2013 De R$ 99,99 por R$ 79,99 (v\u00e1lido para Cliente Mais) &nbsp;&nbsp;<\/li><li>Whiskey americano Jack Daniel\u2019s 1l \u2013 De R$ 149,99 por R$ 109,90 (v\u00e1lido para Cliente Mais) &nbsp;<\/li><li>Vinho chinelo tinto Tres Medallas carm\u00e9n\u00e8re 750ml \u2013 De R$ 44,99 por R$ 17,99 (v\u00e1lido para Cliente Mais) &nbsp;&nbsp;<\/li><li>Azeite de oliva extravirgem portugu\u00eas Gallo 500ml \u2013 De R$ 21,99 por R$ 15,99 (v\u00e1lido para Cliente Mais) &nbsp;&nbsp;<\/li><li>\u00c1gua de coco Taeq TP 1l \u2013 De R$ 6,99 por R$ 5,99 (v\u00e1lido para Cliente Mais) &nbsp;<\/li><li>Sorvete Nestl\u00e9 tradicional 1,5l \u2013 De R$ 18,99 por R$ 10,99 (v\u00e1lido para Cliente Mais) &nbsp;<\/li><li>Desinfetante Lysoform v\u00e1rias fragr\u00e2ncias 1l \u2013 De R$ 9,19 por R$ 5,99 (v\u00e1lido para Cliente Mais)&nbsp;<\/li><li>Aparelho de jantar Plaza Nadir com 12 pe\u00e7as ou garrafa t\u00e9rmica de inox L\u00famina Termolar 1 litro \u2013 De R$ 99,99 por R$ 89,99 cada (v\u00e1lido para Cliente Mais) &nbsp;<\/li><\/ul>\n","protected":false},"excerpt":{"rendered":"<p>A maior data promocional do varejo brasileiro est\u00e1 marcada para esta sexta-feira, dia 27 de novembro. Mas, neste ano, os consumidores do P\u00e3o de A\u00e7\u00facar de todo o pa\u00eds poder\u00e3o aproveitar as promo\u00e7\u00f5es da Black Friday 2020 j\u00e1 a partir desta quarta-feira (25), \u00e0s 18h, em uma antecipa\u00e7\u00e3o no e-commerce do P\u00e3o de A\u00e7ucar (paodeacucar.com) [&hellip;]<\/p>\n","protected":false},"author":1,"featured_media":20831,"comment_status":"open","ping_status":"open","sticky":false,"template":"","format":"standard","meta":{"tdm_status":"","tdm_grid_status":"","footnotes":""},"categories":[6],"tags":[591,33,172],"class_list":["post-20830","post","type-post","status-publish","format-standard","has-post-thumbnail","hentry","category-noticias","tag-black-friday","tag-estrategia","tag-pao-de-acucar"],"yoast_head":"<!-- This site is optimized with the Yoast SEO plugin v27.5 - https:\/\/yoast.com\/product\/yoast-seo-wordpress\/ -->\n<title>Com desconto de at\u00e9 70%, P\u00e3o de A\u00e7\u00facar amplia Black Friday - CidadeMarketing<\/title>\n<meta name=\"robots\" content=\"index, follow, max-snippet:-1, max-image-preview:large, max-video-preview:-1\" \/>\n<link rel=\"canonical\" href=\"https:\/\/www.cidademarketing.com.br\/marketing\/2020\/11\/26\/com-desconto-de-ate-70-pao-de-acucar-amplia-black-friday\/\" \/>\n<meta property=\"og:locale\" content=\"pt_BR\" \/>\n<meta property=\"og:type\" content=\"article\" \/>\n<meta property=\"og:title\" content=\"Com desconto de at\u00e9 70%, P\u00e3o de A\u00e7\u00facar amplia Black Friday - CidadeMarketing\" \/>\n<meta property=\"og:description\" content=\"A maior data promocional do varejo brasileiro est\u00e1 marcada para esta sexta-feira, dia 27 de novembro. Mas, neste ano, os consumidores do P\u00e3o de A\u00e7\u00facar de todo o pa\u00eds poder\u00e3o aproveitar as promo\u00e7\u00f5es da Black Friday 2020 j\u00e1 a partir desta quarta-feira (25), \u00e0s 18h, em uma antecipa\u00e7\u00e3o no e-commerce do P\u00e3o de A\u00e7ucar (paodeacucar.com) [&hellip;]\" \/>\n<meta property=\"og:url\" content=\"https:\/\/www.cidademarketing.com.br\/marketing\/2020\/11\/26\/com-desconto-de-ate-70-pao-de-acucar-amplia-black-friday\/\" \/>\n<meta property=\"og:site_name\" content=\"CidadeMarketing\" \/>\n<meta property=\"article:publisher\" content=\"https:\/\/www.facebook.com\/portalcidademarketing\" \/>\n<meta property=\"article:author\" content=\"https:\/\/www.facebook.com\/thalesbrandao\" \/>\n<meta property=\"article:published_time\" content=\"2020-11-26T12:22:09+00:00\" \/>\n<meta property=\"article:modified_time\" content=\"2020-11-26T12:24:24+00:00\" \/>\n<meta property=\"og:image\" content=\"https:\/\/www.cidademarketing.com.br\/marketing\/wp-content\/uploads\/2020\/11\/blackfriday_paodeacucar.jpg\" \/>\n\t<meta property=\"og:image:width\" content=\"342\" \/>\n\t<meta property=\"og:image:height\" content=\"468\" \/>\n\t<meta property=\"og:image:type\" content=\"image\/jpeg\" \/>\n<meta name=\"author\" content=\"Thales Brand\u00e3o\" \/>\n<meta name=\"twitter:card\" content=\"summary_large_image\" \/>\n<meta name=\"twitter:creator\" content=\"@http:\/\/www.twitter.com\/thalesbrandao\" \/>\n<meta name=\"twitter:site\" content=\"@CidadeMarketing\" \/>\n<meta name=\"twitter:label1\" content=\"Escrito por\" \/>\n\t<meta name=\"twitter:data1\" content=\"Thales Brand\u00e3o\" \/>\n\t<meta name=\"twitter:label2\" content=\"Est. tempo de leitura\" \/>\n\t<meta name=\"twitter:data2\" content=\"5 minutos\" \/>\n<script type=\"application\/ld+json\" class=\"yoast-schema-graph\">{\"@context\":\"https:\\\/\\\/schema.org\",\"@graph\":[{\"@type\":\"Article\",\"@id\":\"https:\\\/\\\/www.cidademarketing.com.br\\\/marketing\\\/2020\\\/11\\\/26\\\/com-desconto-de-ate-70-pao-de-acucar-amplia-black-friday\\\/#article\",\"isPartOf\":{\"@id\":\"https:\\\/\\\/www.cidademarketing.com.br\\\/marketing\\\/2020\\\/11\\\/26\\\/com-desconto-de-ate-70-pao-de-acucar-amplia-black-friday\\\/\"},\"author\":{\"name\":\"Thales Brand\u00e3o\",\"@id\":\"https:\\\/\\\/www.cidademarketing.com.br\\\/marketing\\\/#\\\/schema\\\/person\\\/02daff9f18bd9378c9e01eb6b2db155f\"},\"headline\":\"Com desconto de at\u00e9 70%, P\u00e3o de A\u00e7\u00facar amplia Black Friday\",\"datePublished\":\"2020-11-26T12:22:09+00:00\",\"dateModified\":\"2020-11-26T12:24:24+00:00\",\"mainEntityOfPage\":{\"@id\":\"https:\\\/\\\/www.cidademarketing.com.br\\\/marketing\\\/2020\\\/11\\\/26\\\/com-desconto-de-ate-70-pao-de-acucar-amplia-black-friday\\\/\"},\"wordCount\":1027,\"commentCount\":0,\"publisher\":{\"@id\":\"https:\\\/\\\/www.cidademarketing.com.br\\\/marketing\\\/#organization\"},\"image\":{\"@id\":\"https:\\\/\\\/www.cidademarketing.com.br\\\/marketing\\\/2020\\\/11\\\/26\\\/com-desconto-de-ate-70-pao-de-acucar-amplia-black-friday\\\/#primaryimage\"},\"thumbnailUrl\":\"https:\\\/\\\/www.cidademarketing.com.br\\\/marketing\\\/wp-content\\\/uploads\\\/2020\\\/11\\\/blackfriday_paodeacucar.jpg\",\"keywords\":[\"Black Friday\",\"estrat\u00e9gia\",\"p\u00e3o de a\u00e7\u00facar\"],\"articleSection\":[\"Not\u00edcias\"],\"inLanguage\":\"pt-BR\",\"potentialAction\":[{\"@type\":\"CommentAction\",\"name\":\"Comment\",\"target\":[\"https:\\\/\\\/www.cidademarketing.com.br\\\/marketing\\\/2020\\\/11\\\/26\\\/com-desconto-de-ate-70-pao-de-acucar-amplia-black-friday\\\/#respond\"]}]},{\"@type\":\"WebPage\",\"@id\":\"https:\\\/\\\/www.cidademarketing.com.br\\\/marketing\\\/2020\\\/11\\\/26\\\/com-desconto-de-ate-70-pao-de-acucar-amplia-black-friday\\\/\",\"url\":\"https:\\\/\\\/www.cidademarketing.com.br\\\/marketing\\\/2020\\\/11\\\/26\\\/com-desconto-de-ate-70-pao-de-acucar-amplia-black-friday\\\/\",\"name\":\"Com desconto de at\u00e9 70%, P\u00e3o de A\u00e7\u00facar amplia Black Friday - CidadeMarketing\",\"isPartOf\":{\"@id\":\"https:\\\/\\\/www.cidademarketing.com.br\\\/marketing\\\/#website\"},\"primaryImageOfPage\":{\"@id\":\"https:\\\/\\\/www.cidademarketing.com.br\\\/marketing\\\/2020\\\/11\\\/26\\\/com-desconto-de-ate-70-pao-de-acucar-amplia-black-friday\\\/#primaryimage\"},\"image\":{\"@id\":\"https:\\\/\\\/www.cidademarketing.com.br\\\/marketing\\\/2020\\\/11\\\/26\\\/com-desconto-de-ate-70-pao-de-acucar-amplia-black-friday\\\/#primaryimage\"},\"thumbnailUrl\":\"https:\\\/\\\/www.cidademarketing.com.br\\\/marketing\\\/wp-content\\\/uploads\\\/2020\\\/11\\\/blackfriday_paodeacucar.jpg\",\"datePublished\":\"2020-11-26T12:22:09+00:00\",\"dateModified\":\"2020-11-26T12:24:24+00:00\",\"breadcrumb\":{\"@id\":\"https:\\\/\\\/www.cidademarketing.com.br\\\/marketing\\\/2020\\\/11\\\/26\\\/com-desconto-de-ate-70-pao-de-acucar-amplia-black-friday\\\/#breadcrumb\"},\"inLanguage\":\"pt-BR\",\"potentialAction\":[{\"@type\":\"ReadAction\",\"target\":[\"https:\\\/\\\/www.cidademarketing.com.br\\\/marketing\\\/2020\\\/11\\\/26\\\/com-desconto-de-ate-70-pao-de-acucar-amplia-black-friday\\\/\"]}]},{\"@type\":\"ImageObject\",\"inLanguage\":\"pt-BR\",\"@id\":\"https:\\\/\\\/www.cidademarketing.com.br\\\/marketing\\\/2020\\\/11\\\/26\\\/com-desconto-de-ate-70-pao-de-acucar-amplia-black-friday\\\/#primaryimage\",\"url\":\"https:\\\/\\\/www.cidademarketing.com.br\\\/marketing\\\/wp-content\\\/uploads\\\/2020\\\/11\\\/blackfriday_paodeacucar.jpg\",\"contentUrl\":\"https:\\\/\\\/www.cidademarketing.com.br\\\/marketing\\\/wp-content\\\/uploads\\\/2020\\\/11\\\/blackfriday_paodeacucar.jpg\",\"width\":342,\"height\":468},{\"@type\":\"BreadcrumbList\",\"@id\":\"https:\\\/\\\/www.cidademarketing.com.br\\\/marketing\\\/2020\\\/11\\\/26\\\/com-desconto-de-ate-70-pao-de-acucar-amplia-black-friday\\\/#breadcrumb\",\"itemListElement\":[{\"@type\":\"ListItem\",\"position\":1,\"name\":\"In\u00edcio\",\"item\":\"https:\\\/\\\/www.cidademarketing.com.br\\\/marketing\\\/\"},{\"@type\":\"ListItem\",\"position\":2,\"name\":\"Com desconto de at\u00e9 70%, P\u00e3o de A\u00e7\u00facar amplia Black Friday\"}]},{\"@type\":\"WebSite\",\"@id\":\"https:\\\/\\\/www.cidademarketing.com.br\\\/marketing\\\/#website\",\"url\":\"https:\\\/\\\/www.cidademarketing.com.br\\\/marketing\\\/\",\"name\":\"CidadeMarketing\",\"description\":\"Somos um ve\u00edculo de comunica\u00e7\u00e3o de destaque no Brasil, reconhecido por conte\u00fados nos segmentos de marketing, empreendedorismo e inova\u00e7\u00e3o.\",\"publisher\":{\"@id\":\"https:\\\/\\\/www.cidademarketing.com.br\\\/marketing\\\/#organization\"},\"alternateName\":\"CidadeMarketing\",\"potentialAction\":[{\"@type\":\"SearchAction\",\"target\":{\"@type\":\"EntryPoint\",\"urlTemplate\":\"https:\\\/\\\/www.cidademarketing.com.br\\\/marketing\\\/?s={search_term_string}\"},\"query-input\":{\"@type\":\"PropertyValueSpecification\",\"valueRequired\":true,\"valueName\":\"search_term_string\"}}],\"inLanguage\":\"pt-BR\"},{\"@type\":\"Organization\",\"@id\":\"https:\\\/\\\/www.cidademarketing.com.br\\\/marketing\\\/#organization\",\"name\":\"CidadeMarketing\",\"alternateName\":\"CidadeMarketing\",\"url\":\"https:\\\/\\\/www.cidademarketing.com.br\\\/marketing\\\/\",\"logo\":{\"@type\":\"ImageObject\",\"inLanguage\":\"pt-BR\",\"@id\":\"https:\\\/\\\/www.cidademarketing.com.br\\\/marketing\\\/#\\\/schema\\\/logo\\\/image\\\/\",\"url\":\"https:\\\/\\\/www.cidademarketing.com.br\\\/marketing\\\/wp-content\\\/uploads\\\/2020\\\/01\\\/cidademarketing_marca_mobile.png\",\"contentUrl\":\"https:\\\/\\\/www.cidademarketing.com.br\\\/marketing\\\/wp-content\\\/uploads\\\/2020\\\/01\\\/cidademarketing_marca_mobile.png\",\"width\":230,\"height\":92,\"caption\":\"CidadeMarketing\"},\"image\":{\"@id\":\"https:\\\/\\\/www.cidademarketing.com.br\\\/marketing\\\/#\\\/schema\\\/logo\\\/image\\\/\"},\"sameAs\":[\"https:\\\/\\\/www.facebook.com\\\/portalcidademarketing\",\"https:\\\/\\\/x.com\\\/CidadeMarketing\",\"https:\\\/\\\/www.instagram.com\\\/cidademarketing\\\/\"]},{\"@type\":\"Person\",\"@id\":\"https:\\\/\\\/www.cidademarketing.com.br\\\/marketing\\\/#\\\/schema\\\/person\\\/02daff9f18bd9378c9e01eb6b2db155f\",\"name\":\"Thales Brand\u00e3o\",\"image\":{\"@type\":\"ImageObject\",\"inLanguage\":\"pt-BR\",\"@id\":\"https:\\\/\\\/secure.gravatar.com\\\/avatar\\\/7ca3206950207cc3cb48feec56a8a7898741ab725c368d99d5d7a5a50aab80c6?s=96&d=mm&r=g\",\"url\":\"https:\\\/\\\/secure.gravatar.com\\\/avatar\\\/7ca3206950207cc3cb48feec56a8a7898741ab725c368d99d5d7a5a50aab80c6?s=96&d=mm&r=g\",\"contentUrl\":\"https:\\\/\\\/secure.gravatar.com\\\/avatar\\\/7ca3206950207cc3cb48feec56a8a7898741ab725c368d99d5d7a5a50aab80c6?s=96&d=mm&r=g\",\"caption\":\"Thales Brand\u00e3o\"},\"description\":\"Editor Executivo do Portal CidadeMarketing.com.br &gt; Mestre em Comunica\u00e7\u00e3o e Sociedade pela Universidade Federal de Sergipe. Possui MBA Executivo em Administra\u00e7\u00e3o com \u00eanfase em Marketing pela Funda\u00e7\u00e3o Get\u00falio Vargas - Rio de Janeiro. Consultor, Palestrante e Pesquisador sobre Empreendedorismo, Marketing, Redes Sociais e Neg\u00f3cios Digitais. Professor, Palestrante TedxTalks e Campus Party. Twitter: @ThalesBrandao\",\"sameAs\":[\"http:\\\/\\\/www.mandacaru.com.br\",\"https:\\\/\\\/www.facebook.com\\\/thalesbrandao\",\"http:\\\/\\\/www.instagram.com.br\\\/thalesbrandaoferreira\",\"https:\\\/\\\/www.linkedin.com\\\/in\\\/thales-brand\u00e3o-3948609\\\/\",\"https:\\\/\\\/x.com\\\/http:\\\/\\\/www.twitter.com\\\/thalesbrandao\"],\"url\":\"https:\\\/\\\/www.cidademarketing.com.br\\\/marketing\\\/author\\\/thalesbrandao\\\/\"}]}<\/script>\n<!-- \/ Yoast SEO plugin. -->","yoast_head_json":{"title":"Com desconto de at\u00e9 70%, P\u00e3o de A\u00e7\u00facar amplia Black Friday - CidadeMarketing","robots":{"index":"index","follow":"follow","max-snippet":"max-snippet:-1","max-image-preview":"max-image-preview:large","max-video-preview":"max-video-preview:-1"},"canonical":"https:\/\/www.cidademarketing.com.br\/marketing\/2020\/11\/26\/com-desconto-de-ate-70-pao-de-acucar-amplia-black-friday\/","og_locale":"pt_BR","og_type":"article","og_title":"Com desconto de at\u00e9 70%, P\u00e3o de A\u00e7\u00facar amplia Black Friday - CidadeMarketing","og_description":"A maior data promocional do varejo brasileiro est\u00e1 marcada para esta sexta-feira, dia 27 de novembro. Mas, neste ano, os consumidores do P\u00e3o de A\u00e7\u00facar de todo o pa\u00eds poder\u00e3o aproveitar as promo\u00e7\u00f5es da Black Friday 2020 j\u00e1 a partir desta quarta-feira (25), \u00e0s 18h, em uma antecipa\u00e7\u00e3o no e-commerce do P\u00e3o de A\u00e7ucar (paodeacucar.com) [&hellip;]","og_url":"https:\/\/www.cidademarketing.com.br\/marketing\/2020\/11\/26\/com-desconto-de-ate-70-pao-de-acucar-amplia-black-friday\/","og_site_name":"CidadeMarketing","article_publisher":"https:\/\/www.facebook.com\/portalcidademarketing","article_author":"https:\/\/www.facebook.com\/thalesbrandao","article_published_time":"2020-11-26T12:22:09+00:00","article_modified_time":"2020-11-26T12:24:24+00:00","og_image":[{"width":342,"height":468,"url":"https:\/\/www.cidademarketing.com.br\/marketing\/wp-content\/uploads\/2020\/11\/blackfriday_paodeacucar.jpg","type":"image\/jpeg"}],"author":"Thales Brand\u00e3o","twitter_card":"summary_large_image","twitter_creator":"@http:\/\/www.twitter.com\/thalesbrandao","twitter_site":"@CidadeMarketing","twitter_misc":{"Escrito por":"Thales Brand\u00e3o","Est. tempo de leitura":"5 minutos"},"schema":{"@context":"https:\/\/schema.org","@graph":[{"@type":"Article","@id":"https:\/\/www.cidademarketing.com.br\/marketing\/2020\/11\/26\/com-desconto-de-ate-70-pao-de-acucar-amplia-black-friday\/#article","isPartOf":{"@id":"https:\/\/www.cidademarketing.com.br\/marketing\/2020\/11\/26\/com-desconto-de-ate-70-pao-de-acucar-amplia-black-friday\/"},"author":{"name":"Thales Brand\u00e3o","@id":"https:\/\/www.cidademarketing.com.br\/marketing\/#\/schema\/person\/02daff9f18bd9378c9e01eb6b2db155f"},"headline":"Com desconto de at\u00e9 70%, P\u00e3o de A\u00e7\u00facar amplia Black Friday","datePublished":"2020-11-26T12:22:09+00:00","dateModified":"2020-11-26T12:24:24+00:00","mainEntityOfPage":{"@id":"https:\/\/www.cidademarketing.com.br\/marketing\/2020\/11\/26\/com-desconto-de-ate-70-pao-de-acucar-amplia-black-friday\/"},"wordCount":1027,"commentCount":0,"publisher":{"@id":"https:\/\/www.cidademarketing.com.br\/marketing\/#organization"},"image":{"@id":"https:\/\/www.cidademarketing.com.br\/marketing\/2020\/11\/26\/com-desconto-de-ate-70-pao-de-acucar-amplia-black-friday\/#primaryimage"},"thumbnailUrl":"https:\/\/www.cidademarketing.com.br\/marketing\/wp-content\/uploads\/2020\/11\/blackfriday_paodeacucar.jpg","keywords":["Black Friday","estrat\u00e9gia","p\u00e3o de a\u00e7\u00facar"],"articleSection":["Not\u00edcias"],"inLanguage":"pt-BR","potentialAction":[{"@type":"CommentAction","name":"Comment","target":["https:\/\/www.cidademarketing.com.br\/marketing\/2020\/11\/26\/com-desconto-de-ate-70-pao-de-acucar-amplia-black-friday\/#respond"]}]},{"@type":"WebPage","@id":"https:\/\/www.cidademarketing.com.br\/marketing\/2020\/11\/26\/com-desconto-de-ate-70-pao-de-acucar-amplia-black-friday\/","url":"https:\/\/www.cidademarketing.com.br\/marketing\/2020\/11\/26\/com-desconto-de-ate-70-pao-de-acucar-amplia-black-friday\/","name":"Com desconto de at\u00e9 70%, P\u00e3o de A\u00e7\u00facar amplia Black Friday - CidadeMarketing","isPartOf":{"@id":"https:\/\/www.cidademarketing.com.br\/marketing\/#website"},"primaryImageOfPage":{"@id":"https:\/\/www.cidademarketing.com.br\/marketing\/2020\/11\/26\/com-desconto-de-ate-70-pao-de-acucar-amplia-black-friday\/#primaryimage"},"image":{"@id":"https:\/\/www.cidademarketing.com.br\/marketing\/2020\/11\/26\/com-desconto-de-ate-70-pao-de-acucar-amplia-black-friday\/#primaryimage"},"thumbnailUrl":"https:\/\/www.cidademarketing.com.br\/marketing\/wp-content\/uploads\/2020\/11\/blackfriday_paodeacucar.jpg","datePublished":"2020-11-26T12:22:09+00:00","dateModified":"2020-11-26T12:24:24+00:00","breadcrumb":{"@id":"https:\/\/www.cidademarketing.com.br\/marketing\/2020\/11\/26\/com-desconto-de-ate-70-pao-de-acucar-amplia-black-friday\/#breadcrumb"},"inLanguage":"pt-BR","potentialAction":[{"@type":"ReadAction","target":["https:\/\/www.cidademarketing.com.br\/marketing\/2020\/11\/26\/com-desconto-de-ate-70-pao-de-acucar-amplia-black-friday\/"]}]},{"@type":"ImageObject","inLanguage":"pt-BR","@id":"https:\/\/www.cidademarketing.com.br\/marketing\/2020\/11\/26\/com-desconto-de-ate-70-pao-de-acucar-amplia-black-friday\/#primaryimage","url":"https:\/\/www.cidademarketing.com.br\/marketing\/wp-content\/uploads\/2020\/11\/blackfriday_paodeacucar.jpg","contentUrl":"https:\/\/www.cidademarketing.com.br\/marketing\/wp-content\/uploads\/2020\/11\/blackfriday_paodeacucar.jpg","width":342,"height":468},{"@type":"BreadcrumbList","@id":"https:\/\/www.cidademarketing.com.br\/marketing\/2020\/11\/26\/com-desconto-de-ate-70-pao-de-acucar-amplia-black-friday\/#breadcrumb","itemListElement":[{"@type":"ListItem","position":1,"name":"In\u00edcio","item":"https:\/\/www.cidademarketing.com.br\/marketing\/"},{"@type":"ListItem","position":2,"name":"Com desconto de at\u00e9 70%, P\u00e3o de A\u00e7\u00facar amplia Black Friday"}]},{"@type":"WebSite","@id":"https:\/\/www.cidademarketing.com.br\/marketing\/#website","url":"https:\/\/www.cidademarketing.com.br\/marketing\/","name":"CidadeMarketing","description":"Somos um ve\u00edculo de comunica\u00e7\u00e3o de destaque no Brasil, reconhecido por conte\u00fados nos segmentos de marketing, empreendedorismo e inova\u00e7\u00e3o.","publisher":{"@id":"https:\/\/www.cidademarketing.com.br\/marketing\/#organization"},"alternateName":"CidadeMarketing","potentialAction":[{"@type":"SearchAction","target":{"@type":"EntryPoint","urlTemplate":"https:\/\/www.cidademarketing.com.br\/marketing\/?s={search_term_string}"},"query-input":{"@type":"PropertyValueSpecification","valueRequired":true,"valueName":"search_term_string"}}],"inLanguage":"pt-BR"},{"@type":"Organization","@id":"https:\/\/www.cidademarketing.com.br\/marketing\/#organization","name":"CidadeMarketing","alternateName":"CidadeMarketing","url":"https:\/\/www.cidademarketing.com.br\/marketing\/","logo":{"@type":"ImageObject","inLanguage":"pt-BR","@id":"https:\/\/www.cidademarketing.com.br\/marketing\/#\/schema\/logo\/image\/","url":"https:\/\/www.cidademarketing.com.br\/marketing\/wp-content\/uploads\/2020\/01\/cidademarketing_marca_mobile.png","contentUrl":"https:\/\/www.cidademarketing.com.br\/marketing\/wp-content\/uploads\/2020\/01\/cidademarketing_marca_mobile.png","width":230,"height":92,"caption":"CidadeMarketing"},"image":{"@id":"https:\/\/www.cidademarketing.com.br\/marketing\/#\/schema\/logo\/image\/"},"sameAs":["https:\/\/www.facebook.com\/portalcidademarketing","https:\/\/x.com\/CidadeMarketing","https:\/\/www.instagram.com\/cidademarketing\/"]},{"@type":"Person","@id":"https:\/\/www.cidademarketing.com.br\/marketing\/#\/schema\/person\/02daff9f18bd9378c9e01eb6b2db155f","name":"Thales Brand\u00e3o","image":{"@type":"ImageObject","inLanguage":"pt-BR","@id":"https:\/\/secure.gravatar.com\/avatar\/7ca3206950207cc3cb48feec56a8a7898741ab725c368d99d5d7a5a50aab80c6?s=96&d=mm&r=g","url":"https:\/\/secure.gravatar.com\/avatar\/7ca3206950207cc3cb48feec56a8a7898741ab725c368d99d5d7a5a50aab80c6?s=96&d=mm&r=g","contentUrl":"https:\/\/secure.gravatar.com\/avatar\/7ca3206950207cc3cb48feec56a8a7898741ab725c368d99d5d7a5a50aab80c6?s=96&d=mm&r=g","caption":"Thales Brand\u00e3o"},"description":"Editor Executivo do Portal CidadeMarketing.com.br &gt; Mestre em Comunica\u00e7\u00e3o e Sociedade pela Universidade Federal de Sergipe. Possui MBA Executivo em Administra\u00e7\u00e3o com \u00eanfase em Marketing pela Funda\u00e7\u00e3o Get\u00falio Vargas - Rio de Janeiro. Consultor, Palestrante e Pesquisador sobre Empreendedorismo, Marketing, Redes Sociais e Neg\u00f3cios Digitais. Professor, Palestrante TedxTalks e Campus Party. Twitter: @ThalesBrandao","sameAs":["http:\/\/www.mandacaru.com.br","https:\/\/www.facebook.com\/thalesbrandao","http:\/\/www.instagram.com.br\/thalesbrandaoferreira","https:\/\/www.linkedin.com\/in\/thales-brand\u00e3o-3948609\/","https:\/\/x.com\/http:\/\/www.twitter.com\/thalesbrandao"],"url":"https:\/\/www.cidademarketing.com.br\/marketing\/author\/thalesbrandao\/"}]}},"amp_enabled":true,"_links":{"self":[{"href":"https:\/\/www.cidademarketing.com.br\/marketing\/wp-json\/wp\/v2\/posts\/20830","targetHints":{"allow":["GET"]}}],"collection":[{"href":"https:\/\/www.cidademarketing.com.br\/marketing\/wp-json\/wp\/v2\/posts"}],"about":[{"href":"https:\/\/www.cidademarketing.com.br\/marketing\/wp-json\/wp\/v2\/types\/post"}],"author":[{"embeddable":true,"href":"https:\/\/www.cidademarketing.com.br\/marketing\/wp-json\/wp\/v2\/users\/1"}],"replies":[{"embeddable":true,"href":"https:\/\/www.cidademarketing.com.br\/marketing\/wp-json\/wp\/v2\/comments?post=20830"}],"version-history":[{"count":1,"href":"https:\/\/www.cidademarketing.com.br\/marketing\/wp-json\/wp\/v2\/posts\/20830\/revisions"}],"predecessor-version":[{"id":20832,"href":"https:\/\/www.cidademarketing.com.br\/marketing\/wp-json\/wp\/v2\/posts\/20830\/revisions\/20832"}],"wp:featuredmedia":[{"embeddable":true,"href":"https:\/\/www.cidademarketing.com.br\/marketing\/wp-json\/wp\/v2\/media\/20831"}],"wp:attachment":[{"href":"https:\/\/www.cidademarketing.com.br\/marketing\/wp-json\/wp\/v2\/media?parent=20830"}],"wp:term":[{"taxonomy":"category","embeddable":true,"href":"https:\/\/www.cidademarketing.com.br\/marketing\/wp-json\/wp\/v2\/categories?post=20830"},{"taxonomy":"post_tag","embeddable":true,"href":"https:\/\/www.cidademarketing.com.br\/marketing\/wp-json\/wp\/v2\/tags?post=20830"}],"curies":[{"name":"wp","href":"https:\/\/api.w.org\/{rel}","templated":true}]}}