{"id":20747,"date":"2020-11-22T23:12:18","date_gmt":"2020-11-23T02:12:18","guid":{"rendered":"https:\/\/www.cidademarketing.com.br\/marketing\/?p=20747"},"modified":"2020-11-22T23:28:28","modified_gmt":"2020-11-23T02:28:28","slug":"gerdau-e-braskem-se-unem-em-iniciativa-de-eletromobilidade","status":"publish","type":"post","link":"https:\/\/www.cidademarketing.com.br\/marketing\/2020\/11\/22\/gerdau-e-braskem-se-unem-em-iniciativa-de-eletromobilidade\/","title":{"rendered":"Gerdau e Braskem se unem em iniciativa de eletromobilidade"},"content":{"rendered":"\n<p>A Gerdau e a Braskem firmam parceria com o Instituto Tecnol\u00f3gico de Aeron\u00e1utica (ITA) e a Alkimat Tecnologia para o desenvolvimento de solu\u00e7\u00f5es inovadoras para o setor de eletromobilidade utilizando manufatura aditiva, tecnologia popularmente conhecida como impress\u00e3o 3D. O projeto ter\u00e1 foco em componentes para sistemas de transmiss\u00e3o automotiva, com potencial para alavancar a expans\u00e3o da ind\u00fastria automotiva el\u00e9trica no pa\u00eds.<\/p>\n\n\n\n<p>A colabora\u00e7\u00e3o das organiza\u00e7\u00f5es de segmentos distintos dar\u00e1 pioneirismo e complementariedade ao projeto, fortalecendo a cadeia de manufatura aditiva no Brasil. A Gerdau contribuir\u00e1 com o conhecimento que possui em materiais met\u00e1licos, a Braskem com sua experi\u00eancia e conhecimento em pol\u00edmeros, o ITA coordenar\u00e1 o projeto, devido a sua compet\u00eancia em pesquisa de manufatura, e a Alkimat colaborar\u00e1 com sua expertise em impress\u00e3o 3D.<\/p>\n\n\n\n<p>\u201cA mobilidade \u00e9 uma das principais tend\u00eancias em transforma\u00e7\u00e3o, com contribui\u00e7\u00e3o relevante para a resolu\u00e7\u00e3o dos desafios da nossa sociedade. Na Gerdau, acreditamos na constru\u00e7\u00e3o em rede, na inova\u00e7\u00e3o aberta, fomentando parcerias com a academia e institui\u00e7\u00f5es que complementam estrategicamente solu\u00e7\u00f5es disruptivas para a cadeia de valor\u201d, afirma Juliano Prado, vice-presidente da Gerdau e respons\u00e1vel pela Gerdau Next.<\/p>\n\n\n\n<p>O professor Ronnie Rego, do ITA, explica que o advento da mobilidade el\u00e9trica abalou a ordem dos <em>stakeholders<\/em> de propuls\u00e3o automotiva e a lacuna existente resulta na demanda por solu\u00e7\u00f5es disruptivas, mais do que incrementais. \u201cSe n\u00f3s brasileiros queremos efetivamente nos desvincular do estigma de <em>col\u00f4nia tecnol\u00f3gica, <\/em>s\u00f3 h\u00e1 um caminho: a coopera\u00e7\u00e3o entre academia e ind\u00fastria. Nessa alian\u00e7a, unimos esfor\u00e7os para entregar ao mercado e \u00e0 sociedade solu\u00e7\u00f5es de mobilidade que o futuro ir\u00e1 exigir\u201d, diz.<\/p>\n\n\n\n<p>Para a Braskem, a inova\u00e7\u00e3o e a sustentabilidade caminham juntas, contribuindo para a constru\u00e7\u00e3o de um futuro melhor. \u201cObservamos com aten\u00e7\u00e3o diversos setores nos quais o impacto ambiental pode ser melhorado e, sem d\u00favidas, a eletromobilidade traz ganhos consider\u00e1veis, em especial na redu\u00e7\u00e3o de emiss\u00f5es de carbono. Nossa expertise em pol\u00edmeros ter\u00e1 forte contribui\u00e7\u00e3o para o desenvolvimento de solu\u00e7\u00f5es que alavanquem este setor por meio da manufatura aditiva, contribuindo para tornar melhor a vida das pessoas\u201d, afirma Fabio Lamon, gerente global de Inova\u00e7\u00e3o e Tecnologia para Manufatura Aditiva da Braskem.<\/p>\n\n\n\n<p>\u201cAs mudan\u00e7as decorrentes da recupera\u00e7\u00e3o p\u00f3s-covid marcar\u00e3o uma \u2019nova normalidade\u2019, na qual o fortalecimento da economia local, com menor depend\u00eancia externa, ter\u00e1 import\u00e2ncia fundamental. Iniciativas como esta, impulsionada por empresas refer\u00eancia em seus setores, deveriam ser adotadas por todos e estimuladas pelos governos\u201d, comenta Jose Mascheroni, diretor da Alkimat.<\/p>\n\n\n\n<p><strong>O potencial da impress\u00e3o 3D<\/strong><\/p>\n\n\n\n<p>A manufatura aditiva \u00e9 um processo controlado por computador que possibilita, a partir de um modelo digital, a cria\u00e7\u00e3o de objetos tridimensionais por meio da deposi\u00e7\u00e3o de materiais, camada a camada. Da\u00ed a populariza\u00e7\u00e3o do termo impress\u00e3o 3D que, apesar do enorme potencial de aplica\u00e7\u00e3o no contexto da ind\u00fastria 4.0, \u00e9 bastante simples, podendo ser utilizado por grandes empresas em projetos disruptivos, como este em eletromobilidade, assim como por pessoas comuns, em suas casas.<\/p>\n\n\n\n<p>No Brasil, existe uma perceptiva positiva para o crescimento desse mercado, em especial devido ao forte apelo de inova\u00e7\u00e3o transformacional, que impulsiona o desenvolvimento de solu\u00e7\u00f5es inovadoras, considerando tamb\u00e9m os aspectos de sustentabilidade por se tratar de um processo de manufatura totalmente descentralizada, que minimiza perdas e descarte de materiais, al\u00e9m de impactos log\u00edsticos.<\/p>\n\n\n\n<p>Dentre as principais vantagens desta tecnologia, destaca-se a integra\u00e7\u00e3o de funcionalidades, a redu\u00e7\u00e3o de <em>lead time<\/em>, a possibilidade de redu\u00e7\u00e3o de peso e, tamb\u00e9m, a liberdade de design, que permite a obten\u00e7\u00e3o de pe\u00e7as com geometrias complexas. Nesse contexto, a manufatura aditiva \u00e9 uma grande aliada no desenvolvimento de solu\u00e7\u00f5es que atendam \u00e0s novas exig\u00eancias do mercado de mobilidade, que surgem com as quest\u00f5es de mobilidade el\u00e9trica, compartilhada e aut\u00f4noma.<\/p>\n","protected":false},"excerpt":{"rendered":"<p>A Gerdau e a Braskem firmam parceria com o Instituto Tecnol\u00f3gico de Aeron\u00e1utica (ITA) e a Alkimat Tecnologia para o desenvolvimento de solu\u00e7\u00f5es inovadoras para o setor de eletromobilidade utilizando manufatura aditiva, tecnologia popularmente conhecida como impress\u00e3o 3D. O projeto ter\u00e1 foco em componentes para sistemas de transmiss\u00e3o automotiva, com potencial para alavancar a expans\u00e3o [&hellip;]<\/p>\n","protected":false},"author":1,"featured_media":20749,"comment_status":"open","ping_status":"open","sticky":false,"template":"","format":"standard","meta":{"tdm_status":"","tdm_grid_status":"","footnotes":""},"categories":[6],"tags":[372,33,2894,293,28],"class_list":["post-20747","post","type-post","status-publish","format-standard","has-post-thumbnail","hentry","category-noticias","tag-braskem","tag-estrategia","tag-gerdau","tag-inovacao","tag-marketing"],"yoast_head":"<!-- This site is optimized with the Yoast SEO plugin v27.4 - https:\/\/yoast.com\/product\/yoast-seo-wordpress\/ -->\n<title>Gerdau e Braskem se unem em iniciativa de eletromobilidade - CidadeMarketing<\/title>\n<meta name=\"robots\" content=\"index, follow, max-snippet:-1, max-image-preview:large, max-video-preview:-1\" \/>\n<link rel=\"canonical\" href=\"https:\/\/www.cidademarketing.com.br\/marketing\/2020\/11\/22\/gerdau-e-braskem-se-unem-em-iniciativa-de-eletromobilidade\/\" \/>\n<meta property=\"og:locale\" content=\"pt_BR\" \/>\n<meta property=\"og:type\" content=\"article\" \/>\n<meta property=\"og:title\" content=\"Gerdau e Braskem se unem em iniciativa de eletromobilidade - CidadeMarketing\" \/>\n<meta property=\"og:description\" content=\"A Gerdau e a Braskem firmam parceria com o Instituto Tecnol\u00f3gico de Aeron\u00e1utica (ITA) e a Alkimat Tecnologia para o desenvolvimento de solu\u00e7\u00f5es inovadoras para o setor de eletromobilidade utilizando manufatura aditiva, tecnologia popularmente conhecida como impress\u00e3o 3D. O projeto ter\u00e1 foco em componentes para sistemas de transmiss\u00e3o automotiva, com potencial para alavancar a expans\u00e3o [&hellip;]\" \/>\n<meta property=\"og:url\" content=\"https:\/\/www.cidademarketing.com.br\/marketing\/2020\/11\/22\/gerdau-e-braskem-se-unem-em-iniciativa-de-eletromobilidade\/\" \/>\n<meta property=\"og:site_name\" content=\"CidadeMarketing\" \/>\n<meta property=\"article:publisher\" content=\"https:\/\/www.facebook.com\/portalcidademarketing\" \/>\n<meta property=\"article:author\" content=\"https:\/\/www.facebook.com\/thalesbrandao\" \/>\n<meta property=\"article:published_time\" content=\"2020-11-23T02:12:18+00:00\" \/>\n<meta property=\"article:modified_time\" content=\"2020-11-23T02:28:28+00:00\" \/>\n<meta property=\"og:image\" content=\"https:\/\/www.cidademarketing.com.br\/marketing\/wp-content\/uploads\/2020\/11\/braskem_marca.png\" \/>\n\t<meta property=\"og:image:width\" content=\"600\" \/>\n\t<meta property=\"og:image:height\" content=\"600\" \/>\n\t<meta property=\"og:image:type\" content=\"image\/png\" \/>\n<meta name=\"author\" content=\"Thales Brand\u00e3o\" \/>\n<meta name=\"twitter:card\" content=\"summary_large_image\" \/>\n<meta name=\"twitter:creator\" content=\"@http:\/\/www.twitter.com\/thalesbrandao\" \/>\n<meta name=\"twitter:site\" content=\"@CidadeMarketing\" \/>\n<meta name=\"twitter:label1\" content=\"Escrito por\" \/>\n\t<meta name=\"twitter:data1\" content=\"Thales Brand\u00e3o\" \/>\n\t<meta name=\"twitter:label2\" content=\"Est. tempo de leitura\" \/>\n\t<meta name=\"twitter:data2\" content=\"3 minutos\" \/>\n<script type=\"application\/ld+json\" class=\"yoast-schema-graph\">{\"@context\":\"https:\\\/\\\/schema.org\",\"@graph\":[{\"@type\":\"Article\",\"@id\":\"https:\\\/\\\/www.cidademarketing.com.br\\\/marketing\\\/2020\\\/11\\\/22\\\/gerdau-e-braskem-se-unem-em-iniciativa-de-eletromobilidade\\\/#article\",\"isPartOf\":{\"@id\":\"https:\\\/\\\/www.cidademarketing.com.br\\\/marketing\\\/2020\\\/11\\\/22\\\/gerdau-e-braskem-se-unem-em-iniciativa-de-eletromobilidade\\\/\"},\"author\":{\"name\":\"Thales Brand\u00e3o\",\"@id\":\"https:\\\/\\\/www.cidademarketing.com.br\\\/marketing\\\/#\\\/schema\\\/person\\\/02daff9f18bd9378c9e01eb6b2db155f\"},\"headline\":\"Gerdau e Braskem se unem em iniciativa de eletromobilidade\",\"datePublished\":\"2020-11-23T02:12:18+00:00\",\"dateModified\":\"2020-11-23T02:28:28+00:00\",\"mainEntityOfPage\":{\"@id\":\"https:\\\/\\\/www.cidademarketing.com.br\\\/marketing\\\/2020\\\/11\\\/22\\\/gerdau-e-braskem-se-unem-em-iniciativa-de-eletromobilidade\\\/\"},\"wordCount\":682,\"commentCount\":0,\"publisher\":{\"@id\":\"https:\\\/\\\/www.cidademarketing.com.br\\\/marketing\\\/#organization\"},\"image\":{\"@id\":\"https:\\\/\\\/www.cidademarketing.com.br\\\/marketing\\\/2020\\\/11\\\/22\\\/gerdau-e-braskem-se-unem-em-iniciativa-de-eletromobilidade\\\/#primaryimage\"},\"thumbnailUrl\":\"https:\\\/\\\/www.cidademarketing.com.br\\\/marketing\\\/wp-content\\\/uploads\\\/2020\\\/11\\\/braskem_marca.png\",\"keywords\":[\"Braskem\",\"estrat\u00e9gia\",\"Gerdau\",\"inova\u00e7\u00e3o\",\"marketing\"],\"articleSection\":[\"Not\u00edcias\"],\"inLanguage\":\"pt-BR\",\"potentialAction\":[{\"@type\":\"CommentAction\",\"name\":\"Comment\",\"target\":[\"https:\\\/\\\/www.cidademarketing.com.br\\\/marketing\\\/2020\\\/11\\\/22\\\/gerdau-e-braskem-se-unem-em-iniciativa-de-eletromobilidade\\\/#respond\"]}]},{\"@type\":\"WebPage\",\"@id\":\"https:\\\/\\\/www.cidademarketing.com.br\\\/marketing\\\/2020\\\/11\\\/22\\\/gerdau-e-braskem-se-unem-em-iniciativa-de-eletromobilidade\\\/\",\"url\":\"https:\\\/\\\/www.cidademarketing.com.br\\\/marketing\\\/2020\\\/11\\\/22\\\/gerdau-e-braskem-se-unem-em-iniciativa-de-eletromobilidade\\\/\",\"name\":\"Gerdau e Braskem se unem em iniciativa de eletromobilidade - CidadeMarketing\",\"isPartOf\":{\"@id\":\"https:\\\/\\\/www.cidademarketing.com.br\\\/marketing\\\/#website\"},\"primaryImageOfPage\":{\"@id\":\"https:\\\/\\\/www.cidademarketing.com.br\\\/marketing\\\/2020\\\/11\\\/22\\\/gerdau-e-braskem-se-unem-em-iniciativa-de-eletromobilidade\\\/#primaryimage\"},\"image\":{\"@id\":\"https:\\\/\\\/www.cidademarketing.com.br\\\/marketing\\\/2020\\\/11\\\/22\\\/gerdau-e-braskem-se-unem-em-iniciativa-de-eletromobilidade\\\/#primaryimage\"},\"thumbnailUrl\":\"https:\\\/\\\/www.cidademarketing.com.br\\\/marketing\\\/wp-content\\\/uploads\\\/2020\\\/11\\\/braskem_marca.png\",\"datePublished\":\"2020-11-23T02:12:18+00:00\",\"dateModified\":\"2020-11-23T02:28:28+00:00\",\"breadcrumb\":{\"@id\":\"https:\\\/\\\/www.cidademarketing.com.br\\\/marketing\\\/2020\\\/11\\\/22\\\/gerdau-e-braskem-se-unem-em-iniciativa-de-eletromobilidade\\\/#breadcrumb\"},\"inLanguage\":\"pt-BR\",\"potentialAction\":[{\"@type\":\"ReadAction\",\"target\":[\"https:\\\/\\\/www.cidademarketing.com.br\\\/marketing\\\/2020\\\/11\\\/22\\\/gerdau-e-braskem-se-unem-em-iniciativa-de-eletromobilidade\\\/\"]}]},{\"@type\":\"ImageObject\",\"inLanguage\":\"pt-BR\",\"@id\":\"https:\\\/\\\/www.cidademarketing.com.br\\\/marketing\\\/2020\\\/11\\\/22\\\/gerdau-e-braskem-se-unem-em-iniciativa-de-eletromobilidade\\\/#primaryimage\",\"url\":\"https:\\\/\\\/www.cidademarketing.com.br\\\/marketing\\\/wp-content\\\/uploads\\\/2020\\\/11\\\/braskem_marca.png\",\"contentUrl\":\"https:\\\/\\\/www.cidademarketing.com.br\\\/marketing\\\/wp-content\\\/uploads\\\/2020\\\/11\\\/braskem_marca.png\",\"width\":600,\"height\":600},{\"@type\":\"BreadcrumbList\",\"@id\":\"https:\\\/\\\/www.cidademarketing.com.br\\\/marketing\\\/2020\\\/11\\\/22\\\/gerdau-e-braskem-se-unem-em-iniciativa-de-eletromobilidade\\\/#breadcrumb\",\"itemListElement\":[{\"@type\":\"ListItem\",\"position\":1,\"name\":\"In\u00edcio\",\"item\":\"https:\\\/\\\/www.cidademarketing.com.br\\\/marketing\\\/\"},{\"@type\":\"ListItem\",\"position\":2,\"name\":\"Gerdau e Braskem se unem em iniciativa de eletromobilidade\"}]},{\"@type\":\"WebSite\",\"@id\":\"https:\\\/\\\/www.cidademarketing.com.br\\\/marketing\\\/#website\",\"url\":\"https:\\\/\\\/www.cidademarketing.com.br\\\/marketing\\\/\",\"name\":\"CidadeMarketing\",\"description\":\"Somos um ve\u00edculo de comunica\u00e7\u00e3o de destaque no Brasil, reconhecido por conte\u00fados nos segmentos de marketing, empreendedorismo e inova\u00e7\u00e3o.\",\"publisher\":{\"@id\":\"https:\\\/\\\/www.cidademarketing.com.br\\\/marketing\\\/#organization\"},\"alternateName\":\"CidadeMarketing\",\"potentialAction\":[{\"@type\":\"SearchAction\",\"target\":{\"@type\":\"EntryPoint\",\"urlTemplate\":\"https:\\\/\\\/www.cidademarketing.com.br\\\/marketing\\\/?s={search_term_string}\"},\"query-input\":{\"@type\":\"PropertyValueSpecification\",\"valueRequired\":true,\"valueName\":\"search_term_string\"}}],\"inLanguage\":\"pt-BR\"},{\"@type\":\"Organization\",\"@id\":\"https:\\\/\\\/www.cidademarketing.com.br\\\/marketing\\\/#organization\",\"name\":\"CidadeMarketing\",\"alternateName\":\"CidadeMarketing\",\"url\":\"https:\\\/\\\/www.cidademarketing.com.br\\\/marketing\\\/\",\"logo\":{\"@type\":\"ImageObject\",\"inLanguage\":\"pt-BR\",\"@id\":\"https:\\\/\\\/www.cidademarketing.com.br\\\/marketing\\\/#\\\/schema\\\/logo\\\/image\\\/\",\"url\":\"https:\\\/\\\/www.cidademarketing.com.br\\\/marketing\\\/wp-content\\\/uploads\\\/2020\\\/01\\\/cidademarketing_marca_mobile.png\",\"contentUrl\":\"https:\\\/\\\/www.cidademarketing.com.br\\\/marketing\\\/wp-content\\\/uploads\\\/2020\\\/01\\\/cidademarketing_marca_mobile.png\",\"width\":230,\"height\":92,\"caption\":\"CidadeMarketing\"},\"image\":{\"@id\":\"https:\\\/\\\/www.cidademarketing.com.br\\\/marketing\\\/#\\\/schema\\\/logo\\\/image\\\/\"},\"sameAs\":[\"https:\\\/\\\/www.facebook.com\\\/portalcidademarketing\",\"https:\\\/\\\/x.com\\\/CidadeMarketing\",\"https:\\\/\\\/www.instagram.com\\\/cidademarketing\\\/\"]},{\"@type\":\"Person\",\"@id\":\"https:\\\/\\\/www.cidademarketing.com.br\\\/marketing\\\/#\\\/schema\\\/person\\\/02daff9f18bd9378c9e01eb6b2db155f\",\"name\":\"Thales Brand\u00e3o\",\"image\":{\"@type\":\"ImageObject\",\"inLanguage\":\"pt-BR\",\"@id\":\"https:\\\/\\\/secure.gravatar.com\\\/avatar\\\/7ca3206950207cc3cb48feec56a8a7898741ab725c368d99d5d7a5a50aab80c6?s=96&d=mm&r=g\",\"url\":\"https:\\\/\\\/secure.gravatar.com\\\/avatar\\\/7ca3206950207cc3cb48feec56a8a7898741ab725c368d99d5d7a5a50aab80c6?s=96&d=mm&r=g\",\"contentUrl\":\"https:\\\/\\\/secure.gravatar.com\\\/avatar\\\/7ca3206950207cc3cb48feec56a8a7898741ab725c368d99d5d7a5a50aab80c6?s=96&d=mm&r=g\",\"caption\":\"Thales Brand\u00e3o\"},\"description\":\"Editor Executivo do Portal CidadeMarketing.com.br &gt; Mestre em Comunica\u00e7\u00e3o e Sociedade pela Universidade Federal de Sergipe. Possui MBA Executivo em Administra\u00e7\u00e3o com \u00eanfase em Marketing pela Funda\u00e7\u00e3o Get\u00falio Vargas - Rio de Janeiro. Consultor, Palestrante e Pesquisador sobre Empreendedorismo, Marketing, Redes Sociais e Neg\u00f3cios Digitais. Professor, Palestrante TedxTalks e Campus Party. Twitter: @ThalesBrandao\",\"sameAs\":[\"http:\\\/\\\/www.mandacaru.com.br\",\"https:\\\/\\\/www.facebook.com\\\/thalesbrandao\",\"http:\\\/\\\/www.instagram.com.br\\\/thalesbrandaoferreira\",\"https:\\\/\\\/www.linkedin.com\\\/in\\\/thales-brand\u00e3o-3948609\\\/\",\"https:\\\/\\\/x.com\\\/http:\\\/\\\/www.twitter.com\\\/thalesbrandao\"],\"url\":\"https:\\\/\\\/www.cidademarketing.com.br\\\/marketing\\\/author\\\/thalesbrandao\\\/\"}]}<\/script>\n<!-- \/ Yoast SEO plugin. -->","yoast_head_json":{"title":"Gerdau e Braskem se unem em iniciativa de eletromobilidade - CidadeMarketing","robots":{"index":"index","follow":"follow","max-snippet":"max-snippet:-1","max-image-preview":"max-image-preview:large","max-video-preview":"max-video-preview:-1"},"canonical":"https:\/\/www.cidademarketing.com.br\/marketing\/2020\/11\/22\/gerdau-e-braskem-se-unem-em-iniciativa-de-eletromobilidade\/","og_locale":"pt_BR","og_type":"article","og_title":"Gerdau e Braskem se unem em iniciativa de eletromobilidade - CidadeMarketing","og_description":"A Gerdau e a Braskem firmam parceria com o Instituto Tecnol\u00f3gico de Aeron\u00e1utica (ITA) e a Alkimat Tecnologia para o desenvolvimento de solu\u00e7\u00f5es inovadoras para o setor de eletromobilidade utilizando manufatura aditiva, tecnologia popularmente conhecida como impress\u00e3o 3D. O projeto ter\u00e1 foco em componentes para sistemas de transmiss\u00e3o automotiva, com potencial para alavancar a expans\u00e3o [&hellip;]","og_url":"https:\/\/www.cidademarketing.com.br\/marketing\/2020\/11\/22\/gerdau-e-braskem-se-unem-em-iniciativa-de-eletromobilidade\/","og_site_name":"CidadeMarketing","article_publisher":"https:\/\/www.facebook.com\/portalcidademarketing","article_author":"https:\/\/www.facebook.com\/thalesbrandao","article_published_time":"2020-11-23T02:12:18+00:00","article_modified_time":"2020-11-23T02:28:28+00:00","og_image":[{"width":600,"height":600,"url":"https:\/\/www.cidademarketing.com.br\/marketing\/wp-content\/uploads\/2020\/11\/braskem_marca.png","type":"image\/png"}],"author":"Thales Brand\u00e3o","twitter_card":"summary_large_image","twitter_creator":"@http:\/\/www.twitter.com\/thalesbrandao","twitter_site":"@CidadeMarketing","twitter_misc":{"Escrito por":"Thales Brand\u00e3o","Est. tempo de leitura":"3 minutos"},"schema":{"@context":"https:\/\/schema.org","@graph":[{"@type":"Article","@id":"https:\/\/www.cidademarketing.com.br\/marketing\/2020\/11\/22\/gerdau-e-braskem-se-unem-em-iniciativa-de-eletromobilidade\/#article","isPartOf":{"@id":"https:\/\/www.cidademarketing.com.br\/marketing\/2020\/11\/22\/gerdau-e-braskem-se-unem-em-iniciativa-de-eletromobilidade\/"},"author":{"name":"Thales Brand\u00e3o","@id":"https:\/\/www.cidademarketing.com.br\/marketing\/#\/schema\/person\/02daff9f18bd9378c9e01eb6b2db155f"},"headline":"Gerdau e Braskem se unem em iniciativa de eletromobilidade","datePublished":"2020-11-23T02:12:18+00:00","dateModified":"2020-11-23T02:28:28+00:00","mainEntityOfPage":{"@id":"https:\/\/www.cidademarketing.com.br\/marketing\/2020\/11\/22\/gerdau-e-braskem-se-unem-em-iniciativa-de-eletromobilidade\/"},"wordCount":682,"commentCount":0,"publisher":{"@id":"https:\/\/www.cidademarketing.com.br\/marketing\/#organization"},"image":{"@id":"https:\/\/www.cidademarketing.com.br\/marketing\/2020\/11\/22\/gerdau-e-braskem-se-unem-em-iniciativa-de-eletromobilidade\/#primaryimage"},"thumbnailUrl":"https:\/\/www.cidademarketing.com.br\/marketing\/wp-content\/uploads\/2020\/11\/braskem_marca.png","keywords":["Braskem","estrat\u00e9gia","Gerdau","inova\u00e7\u00e3o","marketing"],"articleSection":["Not\u00edcias"],"inLanguage":"pt-BR","potentialAction":[{"@type":"CommentAction","name":"Comment","target":["https:\/\/www.cidademarketing.com.br\/marketing\/2020\/11\/22\/gerdau-e-braskem-se-unem-em-iniciativa-de-eletromobilidade\/#respond"]}]},{"@type":"WebPage","@id":"https:\/\/www.cidademarketing.com.br\/marketing\/2020\/11\/22\/gerdau-e-braskem-se-unem-em-iniciativa-de-eletromobilidade\/","url":"https:\/\/www.cidademarketing.com.br\/marketing\/2020\/11\/22\/gerdau-e-braskem-se-unem-em-iniciativa-de-eletromobilidade\/","name":"Gerdau e Braskem se unem em iniciativa de eletromobilidade - CidadeMarketing","isPartOf":{"@id":"https:\/\/www.cidademarketing.com.br\/marketing\/#website"},"primaryImageOfPage":{"@id":"https:\/\/www.cidademarketing.com.br\/marketing\/2020\/11\/22\/gerdau-e-braskem-se-unem-em-iniciativa-de-eletromobilidade\/#primaryimage"},"image":{"@id":"https:\/\/www.cidademarketing.com.br\/marketing\/2020\/11\/22\/gerdau-e-braskem-se-unem-em-iniciativa-de-eletromobilidade\/#primaryimage"},"thumbnailUrl":"https:\/\/www.cidademarketing.com.br\/marketing\/wp-content\/uploads\/2020\/11\/braskem_marca.png","datePublished":"2020-11-23T02:12:18+00:00","dateModified":"2020-11-23T02:28:28+00:00","breadcrumb":{"@id":"https:\/\/www.cidademarketing.com.br\/marketing\/2020\/11\/22\/gerdau-e-braskem-se-unem-em-iniciativa-de-eletromobilidade\/#breadcrumb"},"inLanguage":"pt-BR","potentialAction":[{"@type":"ReadAction","target":["https:\/\/www.cidademarketing.com.br\/marketing\/2020\/11\/22\/gerdau-e-braskem-se-unem-em-iniciativa-de-eletromobilidade\/"]}]},{"@type":"ImageObject","inLanguage":"pt-BR","@id":"https:\/\/www.cidademarketing.com.br\/marketing\/2020\/11\/22\/gerdau-e-braskem-se-unem-em-iniciativa-de-eletromobilidade\/#primaryimage","url":"https:\/\/www.cidademarketing.com.br\/marketing\/wp-content\/uploads\/2020\/11\/braskem_marca.png","contentUrl":"https:\/\/www.cidademarketing.com.br\/marketing\/wp-content\/uploads\/2020\/11\/braskem_marca.png","width":600,"height":600},{"@type":"BreadcrumbList","@id":"https:\/\/www.cidademarketing.com.br\/marketing\/2020\/11\/22\/gerdau-e-braskem-se-unem-em-iniciativa-de-eletromobilidade\/#breadcrumb","itemListElement":[{"@type":"ListItem","position":1,"name":"In\u00edcio","item":"https:\/\/www.cidademarketing.com.br\/marketing\/"},{"@type":"ListItem","position":2,"name":"Gerdau e Braskem se unem em iniciativa de eletromobilidade"}]},{"@type":"WebSite","@id":"https:\/\/www.cidademarketing.com.br\/marketing\/#website","url":"https:\/\/www.cidademarketing.com.br\/marketing\/","name":"CidadeMarketing","description":"Somos um ve\u00edculo de comunica\u00e7\u00e3o de destaque no Brasil, reconhecido por conte\u00fados nos segmentos de marketing, empreendedorismo e inova\u00e7\u00e3o.","publisher":{"@id":"https:\/\/www.cidademarketing.com.br\/marketing\/#organization"},"alternateName":"CidadeMarketing","potentialAction":[{"@type":"SearchAction","target":{"@type":"EntryPoint","urlTemplate":"https:\/\/www.cidademarketing.com.br\/marketing\/?s={search_term_string}"},"query-input":{"@type":"PropertyValueSpecification","valueRequired":true,"valueName":"search_term_string"}}],"inLanguage":"pt-BR"},{"@type":"Organization","@id":"https:\/\/www.cidademarketing.com.br\/marketing\/#organization","name":"CidadeMarketing","alternateName":"CidadeMarketing","url":"https:\/\/www.cidademarketing.com.br\/marketing\/","logo":{"@type":"ImageObject","inLanguage":"pt-BR","@id":"https:\/\/www.cidademarketing.com.br\/marketing\/#\/schema\/logo\/image\/","url":"https:\/\/www.cidademarketing.com.br\/marketing\/wp-content\/uploads\/2020\/01\/cidademarketing_marca_mobile.png","contentUrl":"https:\/\/www.cidademarketing.com.br\/marketing\/wp-content\/uploads\/2020\/01\/cidademarketing_marca_mobile.png","width":230,"height":92,"caption":"CidadeMarketing"},"image":{"@id":"https:\/\/www.cidademarketing.com.br\/marketing\/#\/schema\/logo\/image\/"},"sameAs":["https:\/\/www.facebook.com\/portalcidademarketing","https:\/\/x.com\/CidadeMarketing","https:\/\/www.instagram.com\/cidademarketing\/"]},{"@type":"Person","@id":"https:\/\/www.cidademarketing.com.br\/marketing\/#\/schema\/person\/02daff9f18bd9378c9e01eb6b2db155f","name":"Thales Brand\u00e3o","image":{"@type":"ImageObject","inLanguage":"pt-BR","@id":"https:\/\/secure.gravatar.com\/avatar\/7ca3206950207cc3cb48feec56a8a7898741ab725c368d99d5d7a5a50aab80c6?s=96&d=mm&r=g","url":"https:\/\/secure.gravatar.com\/avatar\/7ca3206950207cc3cb48feec56a8a7898741ab725c368d99d5d7a5a50aab80c6?s=96&d=mm&r=g","contentUrl":"https:\/\/secure.gravatar.com\/avatar\/7ca3206950207cc3cb48feec56a8a7898741ab725c368d99d5d7a5a50aab80c6?s=96&d=mm&r=g","caption":"Thales Brand\u00e3o"},"description":"Editor Executivo do Portal CidadeMarketing.com.br &gt; Mestre em Comunica\u00e7\u00e3o e Sociedade pela Universidade Federal de Sergipe. Possui MBA Executivo em Administra\u00e7\u00e3o com \u00eanfase em Marketing pela Funda\u00e7\u00e3o Get\u00falio Vargas - Rio de Janeiro. Consultor, Palestrante e Pesquisador sobre Empreendedorismo, Marketing, Redes Sociais e Neg\u00f3cios Digitais. Professor, Palestrante TedxTalks e Campus Party. Twitter: @ThalesBrandao","sameAs":["http:\/\/www.mandacaru.com.br","https:\/\/www.facebook.com\/thalesbrandao","http:\/\/www.instagram.com.br\/thalesbrandaoferreira","https:\/\/www.linkedin.com\/in\/thales-brand\u00e3o-3948609\/","https:\/\/x.com\/http:\/\/www.twitter.com\/thalesbrandao"],"url":"https:\/\/www.cidademarketing.com.br\/marketing\/author\/thalesbrandao\/"}]}},"amp_enabled":true,"_links":{"self":[{"href":"https:\/\/www.cidademarketing.com.br\/marketing\/wp-json\/wp\/v2\/posts\/20747","targetHints":{"allow":["GET"]}}],"collection":[{"href":"https:\/\/www.cidademarketing.com.br\/marketing\/wp-json\/wp\/v2\/posts"}],"about":[{"href":"https:\/\/www.cidademarketing.com.br\/marketing\/wp-json\/wp\/v2\/types\/post"}],"author":[{"embeddable":true,"href":"https:\/\/www.cidademarketing.com.br\/marketing\/wp-json\/wp\/v2\/users\/1"}],"replies":[{"embeddable":true,"href":"https:\/\/www.cidademarketing.com.br\/marketing\/wp-json\/wp\/v2\/comments?post=20747"}],"version-history":[{"count":1,"href":"https:\/\/www.cidademarketing.com.br\/marketing\/wp-json\/wp\/v2\/posts\/20747\/revisions"}],"predecessor-version":[{"id":20748,"href":"https:\/\/www.cidademarketing.com.br\/marketing\/wp-json\/wp\/v2\/posts\/20747\/revisions\/20748"}],"wp:featuredmedia":[{"embeddable":true,"href":"https:\/\/www.cidademarketing.com.br\/marketing\/wp-json\/wp\/v2\/media\/20749"}],"wp:attachment":[{"href":"https:\/\/www.cidademarketing.com.br\/marketing\/wp-json\/wp\/v2\/media?parent=20747"}],"wp:term":[{"taxonomy":"category","embeddable":true,"href":"https:\/\/www.cidademarketing.com.br\/marketing\/wp-json\/wp\/v2\/categories?post=20747"},{"taxonomy":"post_tag","embeddable":true,"href":"https:\/\/www.cidademarketing.com.br\/marketing\/wp-json\/wp\/v2\/tags?post=20747"}],"curies":[{"name":"wp","href":"https:\/\/api.w.org\/{rel}","templated":true}]}}