{"id":20650,"date":"2020-11-16T10:39:28","date_gmt":"2020-11-16T13:39:28","guid":{"rendered":"https:\/\/www.cidademarketing.com.br\/marketing\/?p=20650"},"modified":"2020-11-16T10:39:31","modified_gmt":"2020-11-16T13:39:31","slug":"brf-celebra-recorde-de-lancamentos-de-itens-comemorativos","status":"publish","type":"post","link":"https:\/\/www.cidademarketing.com.br\/marketing\/2020\/11\/16\/brf-celebra-recorde-de-lancamentos-de-itens-comemorativos\/","title":{"rendered":"BRF celebra recorde de lan\u00e7amentos de itens comemorativos"},"content":{"rendered":"\n<p>A BRF, uma das maiores companhias de alimentos do mundo, celebra um recorde in\u00e9dito com o crescimento de 367% no n\u00famero de lan\u00e7amento de itens comemorativos de fim de ano. Enquanto em 2019 foram tr\u00eas novos produtos, em 2020 a Companhia comemora a marca de 14 novidades na categoria.<br><br>Esse amplo processo de busca por inova\u00e7\u00e3o no portf\u00f3lio de produtos da Companhia p\u00f4de ser visto ao longo de todo o ano. Somente nos primeiro nove meses de 2020, a empresa anunciou o lan\u00e7amento de 91 produtos em seu portf\u00f3lio, entre itens de Food Service e Varejo, o que representa um recorde nos \u00faltimos cinco anos. E, a previs\u00e3o, \u00e9 que nos pr\u00f3ximos tr\u00eas meses, mais 46 novos itens cheguem aos pontos de vendas de todo o pa\u00eds, totalizando 137 produtos novos.<br><br>Essa voca\u00e7\u00e3o por inova\u00e7\u00e3o est\u00e1 no DNA da BRF, tanto \u00e9 que neste final de ano, entre os lan\u00e7amentos est\u00e3o os comemorativos de Speciale, linha premium da marca Sadia, s\u00e3o eles: pernil espumante, pernil recheado com chutney de ma\u00e7\u00e3 e peru espumante. Ainda em 2020, a Companhia se reinventou e entrou em um novo segmento por meio das linhas Sadia Bio, Veg&amp;Tal e de Frango Org\u00e2nico, que nasceram para atender a uma crescente demanda da popula\u00e7\u00e3o que opta por alimentos diferenciados, como os de origem vegetal e org\u00e2nica. Esses lan\u00e7amentos refletem a cultura da empresa em acompanhar as principais tend\u00eancias de consumo em todo o mundo e identificar a demanda por produtos com diferentes propostas de valor, sem deixar de lado a praticidade e o sabor.<br><br>&#8220;A BRF est\u00e1 atenta a esses movimentos e ampliou seu portf\u00f3lio, antecipando uma tend\u00eancia do mercado no sentido de trazer uma alternativa para os consumidores, que est\u00e3o cada vez mais exigentes e buscam prop\u00f3sito nas marcas que consomem&#8221;, refor\u00e7a Sidney Manzaro, vice-presidente de Mercado Brasil da BRF.<br><br>Somado a isso, a BRF tamb\u00e9m anunciou o Mac\u00b4n Cheese da Sadia, bem como incrementou seu portf\u00f3lio com duas novas op\u00e7\u00f5es da linha Mortadela Ouro Perdig\u00e3o, nas vers\u00f5es saborizadas Mortadela Ouro com Azeitona e Mortadela Ouro com Ervas Finas.<br><br>&#8220;A acelera\u00e7\u00e3o na inova\u00e7\u00e3o, com lan\u00e7amento de v\u00e1rias frentes, o que inclui a materializa\u00e7\u00e3o da proposta da empresa de n\u00e3o ser restrita \u00e0 prote\u00edna animal, mas sim de ser uma provedora de alimentos inclusiva, \u00e9 nossa voca\u00e7\u00e3o e vai ao encontro do que sempre procuramos, ou seja, atrair mais agentes para a conversa&#8221;, afirma Manzaro.<br><\/p>\n","protected":false},"excerpt":{"rendered":"<p>A BRF, uma das maiores companhias de alimentos do mundo, celebra um recorde in\u00e9dito com o crescimento de 367% no n\u00famero de lan\u00e7amento de itens comemorativos de fim de ano. Enquanto em 2019 foram tr\u00eas novos produtos, em 2020 a Companhia comemora a marca de 14 novidades na categoria. Esse amplo processo de busca por [&hellip;]<\/p>\n","protected":false},"author":1,"featured_media":10840,"comment_status":"open","ping_status":"open","sticky":false,"template":"","format":"standard","meta":{"tdm_status":"","tdm_grid_status":"","footnotes":""},"categories":[6],"tags":[112,28,669],"class_list":["post-20650","post","type-post","status-publish","format-standard","has-post-thumbnail","hentry","category-noticias","tag-brf","tag-marketing","tag-natal"],"yoast_head":"<!-- This site is optimized with the Yoast SEO plugin v27.5 - https:\/\/yoast.com\/product\/yoast-seo-wordpress\/ -->\n<title>BRF celebra recorde de lan\u00e7amentos de itens comemorativos - CidadeMarketing<\/title>\n<meta name=\"robots\" content=\"index, follow, max-snippet:-1, max-image-preview:large, max-video-preview:-1\" \/>\n<link rel=\"canonical\" href=\"https:\/\/www.cidademarketing.com.br\/marketing\/2020\/11\/16\/brf-celebra-recorde-de-lancamentos-de-itens-comemorativos\/\" \/>\n<meta property=\"og:locale\" content=\"pt_BR\" \/>\n<meta property=\"og:type\" content=\"article\" \/>\n<meta property=\"og:title\" content=\"BRF celebra recorde de lan\u00e7amentos de itens comemorativos - CidadeMarketing\" \/>\n<meta property=\"og:description\" content=\"A BRF, uma das maiores companhias de alimentos do mundo, celebra um recorde in\u00e9dito com o crescimento de 367% no n\u00famero de lan\u00e7amento de itens comemorativos de fim de ano. Enquanto em 2019 foram tr\u00eas novos produtos, em 2020 a Companhia comemora a marca de 14 novidades na categoria. Esse amplo processo de busca por [&hellip;]\" \/>\n<meta property=\"og:url\" content=\"https:\/\/www.cidademarketing.com.br\/marketing\/2020\/11\/16\/brf-celebra-recorde-de-lancamentos-de-itens-comemorativos\/\" \/>\n<meta property=\"og:site_name\" content=\"CidadeMarketing\" \/>\n<meta property=\"article:publisher\" content=\"https:\/\/www.facebook.com\/portalcidademarketing\" \/>\n<meta property=\"article:author\" content=\"https:\/\/www.facebook.com\/thalesbrandao\" \/>\n<meta property=\"article:published_time\" content=\"2020-11-16T13:39:28+00:00\" \/>\n<meta property=\"article:modified_time\" content=\"2020-11-16T13:39:31+00:00\" \/>\n<meta property=\"og:image\" content=\"https:\/\/www.cidademarketing.com.br\/marketing\/wp-content\/uploads\/2019\/08\/brf_industria40.png\" \/>\n\t<meta property=\"og:image:width\" content=\"700\" \/>\n\t<meta property=\"og:image:height\" content=\"467\" \/>\n\t<meta property=\"og:image:type\" content=\"image\/png\" \/>\n<meta name=\"author\" content=\"Thales Brand\u00e3o\" \/>\n<meta name=\"twitter:card\" content=\"summary_large_image\" \/>\n<meta name=\"twitter:creator\" content=\"@http:\/\/www.twitter.com\/thalesbrandao\" \/>\n<meta name=\"twitter:site\" content=\"@CidadeMarketing\" \/>\n<meta name=\"twitter:label1\" content=\"Escrito por\" \/>\n\t<meta name=\"twitter:data1\" content=\"Thales Brand\u00e3o\" \/>\n\t<meta name=\"twitter:label2\" content=\"Est. tempo de leitura\" \/>\n\t<meta name=\"twitter:data2\" content=\"2 minutos\" \/>\n<script type=\"application\/ld+json\" class=\"yoast-schema-graph\">{\"@context\":\"https:\\\/\\\/schema.org\",\"@graph\":[{\"@type\":\"Article\",\"@id\":\"https:\\\/\\\/www.cidademarketing.com.br\\\/marketing\\\/2020\\\/11\\\/16\\\/brf-celebra-recorde-de-lancamentos-de-itens-comemorativos\\\/#article\",\"isPartOf\":{\"@id\":\"https:\\\/\\\/www.cidademarketing.com.br\\\/marketing\\\/2020\\\/11\\\/16\\\/brf-celebra-recorde-de-lancamentos-de-itens-comemorativos\\\/\"},\"author\":{\"name\":\"Thales Brand\u00e3o\",\"@id\":\"https:\\\/\\\/www.cidademarketing.com.br\\\/marketing\\\/#\\\/schema\\\/person\\\/02daff9f18bd9378c9e01eb6b2db155f\"},\"headline\":\"BRF celebra recorde de lan\u00e7amentos de itens comemorativos\",\"datePublished\":\"2020-11-16T13:39:28+00:00\",\"dateModified\":\"2020-11-16T13:39:31+00:00\",\"mainEntityOfPage\":{\"@id\":\"https:\\\/\\\/www.cidademarketing.com.br\\\/marketing\\\/2020\\\/11\\\/16\\\/brf-celebra-recorde-de-lancamentos-de-itens-comemorativos\\\/\"},\"wordCount\":438,\"commentCount\":0,\"publisher\":{\"@id\":\"https:\\\/\\\/www.cidademarketing.com.br\\\/marketing\\\/#organization\"},\"image\":{\"@id\":\"https:\\\/\\\/www.cidademarketing.com.br\\\/marketing\\\/2020\\\/11\\\/16\\\/brf-celebra-recorde-de-lancamentos-de-itens-comemorativos\\\/#primaryimage\"},\"thumbnailUrl\":\"https:\\\/\\\/www.cidademarketing.com.br\\\/marketing\\\/wp-content\\\/uploads\\\/2019\\\/08\\\/brf_industria40.png\",\"keywords\":[\"BRF\",\"marketing\",\"Natal\"],\"articleSection\":[\"Not\u00edcias\"],\"inLanguage\":\"pt-BR\",\"potentialAction\":[{\"@type\":\"CommentAction\",\"name\":\"Comment\",\"target\":[\"https:\\\/\\\/www.cidademarketing.com.br\\\/marketing\\\/2020\\\/11\\\/16\\\/brf-celebra-recorde-de-lancamentos-de-itens-comemorativos\\\/#respond\"]}]},{\"@type\":\"WebPage\",\"@id\":\"https:\\\/\\\/www.cidademarketing.com.br\\\/marketing\\\/2020\\\/11\\\/16\\\/brf-celebra-recorde-de-lancamentos-de-itens-comemorativos\\\/\",\"url\":\"https:\\\/\\\/www.cidademarketing.com.br\\\/marketing\\\/2020\\\/11\\\/16\\\/brf-celebra-recorde-de-lancamentos-de-itens-comemorativos\\\/\",\"name\":\"BRF celebra recorde de lan\u00e7amentos de itens comemorativos - CidadeMarketing\",\"isPartOf\":{\"@id\":\"https:\\\/\\\/www.cidademarketing.com.br\\\/marketing\\\/#website\"},\"primaryImageOfPage\":{\"@id\":\"https:\\\/\\\/www.cidademarketing.com.br\\\/marketing\\\/2020\\\/11\\\/16\\\/brf-celebra-recorde-de-lancamentos-de-itens-comemorativos\\\/#primaryimage\"},\"image\":{\"@id\":\"https:\\\/\\\/www.cidademarketing.com.br\\\/marketing\\\/2020\\\/11\\\/16\\\/brf-celebra-recorde-de-lancamentos-de-itens-comemorativos\\\/#primaryimage\"},\"thumbnailUrl\":\"https:\\\/\\\/www.cidademarketing.com.br\\\/marketing\\\/wp-content\\\/uploads\\\/2019\\\/08\\\/brf_industria40.png\",\"datePublished\":\"2020-11-16T13:39:28+00:00\",\"dateModified\":\"2020-11-16T13:39:31+00:00\",\"breadcrumb\":{\"@id\":\"https:\\\/\\\/www.cidademarketing.com.br\\\/marketing\\\/2020\\\/11\\\/16\\\/brf-celebra-recorde-de-lancamentos-de-itens-comemorativos\\\/#breadcrumb\"},\"inLanguage\":\"pt-BR\",\"potentialAction\":[{\"@type\":\"ReadAction\",\"target\":[\"https:\\\/\\\/www.cidademarketing.com.br\\\/marketing\\\/2020\\\/11\\\/16\\\/brf-celebra-recorde-de-lancamentos-de-itens-comemorativos\\\/\"]}]},{\"@type\":\"ImageObject\",\"inLanguage\":\"pt-BR\",\"@id\":\"https:\\\/\\\/www.cidademarketing.com.br\\\/marketing\\\/2020\\\/11\\\/16\\\/brf-celebra-recorde-de-lancamentos-de-itens-comemorativos\\\/#primaryimage\",\"url\":\"https:\\\/\\\/www.cidademarketing.com.br\\\/marketing\\\/wp-content\\\/uploads\\\/2019\\\/08\\\/brf_industria40.png\",\"contentUrl\":\"https:\\\/\\\/www.cidademarketing.com.br\\\/marketing\\\/wp-content\\\/uploads\\\/2019\\\/08\\\/brf_industria40.png\",\"width\":700,\"height\":467,\"caption\":\"Divulga\u00e7\u00e3o\"},{\"@type\":\"BreadcrumbList\",\"@id\":\"https:\\\/\\\/www.cidademarketing.com.br\\\/marketing\\\/2020\\\/11\\\/16\\\/brf-celebra-recorde-de-lancamentos-de-itens-comemorativos\\\/#breadcrumb\",\"itemListElement\":[{\"@type\":\"ListItem\",\"position\":1,\"name\":\"In\u00edcio\",\"item\":\"https:\\\/\\\/www.cidademarketing.com.br\\\/marketing\\\/\"},{\"@type\":\"ListItem\",\"position\":2,\"name\":\"BRF celebra recorde de lan\u00e7amentos de itens comemorativos\"}]},{\"@type\":\"WebSite\",\"@id\":\"https:\\\/\\\/www.cidademarketing.com.br\\\/marketing\\\/#website\",\"url\":\"https:\\\/\\\/www.cidademarketing.com.br\\\/marketing\\\/\",\"name\":\"CidadeMarketing\",\"description\":\"Somos um ve\u00edculo de comunica\u00e7\u00e3o de destaque no Brasil, reconhecido por conte\u00fados nos segmentos de marketing, empreendedorismo e inova\u00e7\u00e3o.\",\"publisher\":{\"@id\":\"https:\\\/\\\/www.cidademarketing.com.br\\\/marketing\\\/#organization\"},\"alternateName\":\"CidadeMarketing\",\"potentialAction\":[{\"@type\":\"SearchAction\",\"target\":{\"@type\":\"EntryPoint\",\"urlTemplate\":\"https:\\\/\\\/www.cidademarketing.com.br\\\/marketing\\\/?s={search_term_string}\"},\"query-input\":{\"@type\":\"PropertyValueSpecification\",\"valueRequired\":true,\"valueName\":\"search_term_string\"}}],\"inLanguage\":\"pt-BR\"},{\"@type\":\"Organization\",\"@id\":\"https:\\\/\\\/www.cidademarketing.com.br\\\/marketing\\\/#organization\",\"name\":\"CidadeMarketing\",\"alternateName\":\"CidadeMarketing\",\"url\":\"https:\\\/\\\/www.cidademarketing.com.br\\\/marketing\\\/\",\"logo\":{\"@type\":\"ImageObject\",\"inLanguage\":\"pt-BR\",\"@id\":\"https:\\\/\\\/www.cidademarketing.com.br\\\/marketing\\\/#\\\/schema\\\/logo\\\/image\\\/\",\"url\":\"https:\\\/\\\/www.cidademarketing.com.br\\\/marketing\\\/wp-content\\\/uploads\\\/2020\\\/01\\\/cidademarketing_marca_mobile.png\",\"contentUrl\":\"https:\\\/\\\/www.cidademarketing.com.br\\\/marketing\\\/wp-content\\\/uploads\\\/2020\\\/01\\\/cidademarketing_marca_mobile.png\",\"width\":230,\"height\":92,\"caption\":\"CidadeMarketing\"},\"image\":{\"@id\":\"https:\\\/\\\/www.cidademarketing.com.br\\\/marketing\\\/#\\\/schema\\\/logo\\\/image\\\/\"},\"sameAs\":[\"https:\\\/\\\/www.facebook.com\\\/portalcidademarketing\",\"https:\\\/\\\/x.com\\\/CidadeMarketing\",\"https:\\\/\\\/www.instagram.com\\\/cidademarketing\\\/\"]},{\"@type\":\"Person\",\"@id\":\"https:\\\/\\\/www.cidademarketing.com.br\\\/marketing\\\/#\\\/schema\\\/person\\\/02daff9f18bd9378c9e01eb6b2db155f\",\"name\":\"Thales Brand\u00e3o\",\"image\":{\"@type\":\"ImageObject\",\"inLanguage\":\"pt-BR\",\"@id\":\"https:\\\/\\\/secure.gravatar.com\\\/avatar\\\/7ca3206950207cc3cb48feec56a8a7898741ab725c368d99d5d7a5a50aab80c6?s=96&d=mm&r=g\",\"url\":\"https:\\\/\\\/secure.gravatar.com\\\/avatar\\\/7ca3206950207cc3cb48feec56a8a7898741ab725c368d99d5d7a5a50aab80c6?s=96&d=mm&r=g\",\"contentUrl\":\"https:\\\/\\\/secure.gravatar.com\\\/avatar\\\/7ca3206950207cc3cb48feec56a8a7898741ab725c368d99d5d7a5a50aab80c6?s=96&d=mm&r=g\",\"caption\":\"Thales Brand\u00e3o\"},\"description\":\"Editor Executivo do Portal CidadeMarketing.com.br &gt; Mestre em Comunica\u00e7\u00e3o e Sociedade pela Universidade Federal de Sergipe. Possui MBA Executivo em Administra\u00e7\u00e3o com \u00eanfase em Marketing pela Funda\u00e7\u00e3o Get\u00falio Vargas - Rio de Janeiro. Consultor, Palestrante e Pesquisador sobre Empreendedorismo, Marketing, Redes Sociais e Neg\u00f3cios Digitais. Professor, Palestrante TedxTalks e Campus Party. Twitter: @ThalesBrandao\",\"sameAs\":[\"http:\\\/\\\/www.mandacaru.com.br\",\"https:\\\/\\\/www.facebook.com\\\/thalesbrandao\",\"http:\\\/\\\/www.instagram.com.br\\\/thalesbrandaoferreira\",\"https:\\\/\\\/www.linkedin.com\\\/in\\\/thales-brand\u00e3o-3948609\\\/\",\"https:\\\/\\\/x.com\\\/http:\\\/\\\/www.twitter.com\\\/thalesbrandao\"],\"url\":\"https:\\\/\\\/www.cidademarketing.com.br\\\/marketing\\\/author\\\/thalesbrandao\\\/\"}]}<\/script>\n<!-- \/ Yoast SEO plugin. -->","yoast_head_json":{"title":"BRF celebra recorde de lan\u00e7amentos de itens comemorativos - CidadeMarketing","robots":{"index":"index","follow":"follow","max-snippet":"max-snippet:-1","max-image-preview":"max-image-preview:large","max-video-preview":"max-video-preview:-1"},"canonical":"https:\/\/www.cidademarketing.com.br\/marketing\/2020\/11\/16\/brf-celebra-recorde-de-lancamentos-de-itens-comemorativos\/","og_locale":"pt_BR","og_type":"article","og_title":"BRF celebra recorde de lan\u00e7amentos de itens comemorativos - CidadeMarketing","og_description":"A BRF, uma das maiores companhias de alimentos do mundo, celebra um recorde in\u00e9dito com o crescimento de 367% no n\u00famero de lan\u00e7amento de itens comemorativos de fim de ano. Enquanto em 2019 foram tr\u00eas novos produtos, em 2020 a Companhia comemora a marca de 14 novidades na categoria. Esse amplo processo de busca por [&hellip;]","og_url":"https:\/\/www.cidademarketing.com.br\/marketing\/2020\/11\/16\/brf-celebra-recorde-de-lancamentos-de-itens-comemorativos\/","og_site_name":"CidadeMarketing","article_publisher":"https:\/\/www.facebook.com\/portalcidademarketing","article_author":"https:\/\/www.facebook.com\/thalesbrandao","article_published_time":"2020-11-16T13:39:28+00:00","article_modified_time":"2020-11-16T13:39:31+00:00","og_image":[{"width":700,"height":467,"url":"https:\/\/www.cidademarketing.com.br\/marketing\/wp-content\/uploads\/2019\/08\/brf_industria40.png","type":"image\/png"}],"author":"Thales Brand\u00e3o","twitter_card":"summary_large_image","twitter_creator":"@http:\/\/www.twitter.com\/thalesbrandao","twitter_site":"@CidadeMarketing","twitter_misc":{"Escrito por":"Thales Brand\u00e3o","Est. tempo de leitura":"2 minutos"},"schema":{"@context":"https:\/\/schema.org","@graph":[{"@type":"Article","@id":"https:\/\/www.cidademarketing.com.br\/marketing\/2020\/11\/16\/brf-celebra-recorde-de-lancamentos-de-itens-comemorativos\/#article","isPartOf":{"@id":"https:\/\/www.cidademarketing.com.br\/marketing\/2020\/11\/16\/brf-celebra-recorde-de-lancamentos-de-itens-comemorativos\/"},"author":{"name":"Thales Brand\u00e3o","@id":"https:\/\/www.cidademarketing.com.br\/marketing\/#\/schema\/person\/02daff9f18bd9378c9e01eb6b2db155f"},"headline":"BRF celebra recorde de lan\u00e7amentos de itens comemorativos","datePublished":"2020-11-16T13:39:28+00:00","dateModified":"2020-11-16T13:39:31+00:00","mainEntityOfPage":{"@id":"https:\/\/www.cidademarketing.com.br\/marketing\/2020\/11\/16\/brf-celebra-recorde-de-lancamentos-de-itens-comemorativos\/"},"wordCount":438,"commentCount":0,"publisher":{"@id":"https:\/\/www.cidademarketing.com.br\/marketing\/#organization"},"image":{"@id":"https:\/\/www.cidademarketing.com.br\/marketing\/2020\/11\/16\/brf-celebra-recorde-de-lancamentos-de-itens-comemorativos\/#primaryimage"},"thumbnailUrl":"https:\/\/www.cidademarketing.com.br\/marketing\/wp-content\/uploads\/2019\/08\/brf_industria40.png","keywords":["BRF","marketing","Natal"],"articleSection":["Not\u00edcias"],"inLanguage":"pt-BR","potentialAction":[{"@type":"CommentAction","name":"Comment","target":["https:\/\/www.cidademarketing.com.br\/marketing\/2020\/11\/16\/brf-celebra-recorde-de-lancamentos-de-itens-comemorativos\/#respond"]}]},{"@type":"WebPage","@id":"https:\/\/www.cidademarketing.com.br\/marketing\/2020\/11\/16\/brf-celebra-recorde-de-lancamentos-de-itens-comemorativos\/","url":"https:\/\/www.cidademarketing.com.br\/marketing\/2020\/11\/16\/brf-celebra-recorde-de-lancamentos-de-itens-comemorativos\/","name":"BRF celebra recorde de lan\u00e7amentos de itens comemorativos - CidadeMarketing","isPartOf":{"@id":"https:\/\/www.cidademarketing.com.br\/marketing\/#website"},"primaryImageOfPage":{"@id":"https:\/\/www.cidademarketing.com.br\/marketing\/2020\/11\/16\/brf-celebra-recorde-de-lancamentos-de-itens-comemorativos\/#primaryimage"},"image":{"@id":"https:\/\/www.cidademarketing.com.br\/marketing\/2020\/11\/16\/brf-celebra-recorde-de-lancamentos-de-itens-comemorativos\/#primaryimage"},"thumbnailUrl":"https:\/\/www.cidademarketing.com.br\/marketing\/wp-content\/uploads\/2019\/08\/brf_industria40.png","datePublished":"2020-11-16T13:39:28+00:00","dateModified":"2020-11-16T13:39:31+00:00","breadcrumb":{"@id":"https:\/\/www.cidademarketing.com.br\/marketing\/2020\/11\/16\/brf-celebra-recorde-de-lancamentos-de-itens-comemorativos\/#breadcrumb"},"inLanguage":"pt-BR","potentialAction":[{"@type":"ReadAction","target":["https:\/\/www.cidademarketing.com.br\/marketing\/2020\/11\/16\/brf-celebra-recorde-de-lancamentos-de-itens-comemorativos\/"]}]},{"@type":"ImageObject","inLanguage":"pt-BR","@id":"https:\/\/www.cidademarketing.com.br\/marketing\/2020\/11\/16\/brf-celebra-recorde-de-lancamentos-de-itens-comemorativos\/#primaryimage","url":"https:\/\/www.cidademarketing.com.br\/marketing\/wp-content\/uploads\/2019\/08\/brf_industria40.png","contentUrl":"https:\/\/www.cidademarketing.com.br\/marketing\/wp-content\/uploads\/2019\/08\/brf_industria40.png","width":700,"height":467,"caption":"Divulga\u00e7\u00e3o"},{"@type":"BreadcrumbList","@id":"https:\/\/www.cidademarketing.com.br\/marketing\/2020\/11\/16\/brf-celebra-recorde-de-lancamentos-de-itens-comemorativos\/#breadcrumb","itemListElement":[{"@type":"ListItem","position":1,"name":"In\u00edcio","item":"https:\/\/www.cidademarketing.com.br\/marketing\/"},{"@type":"ListItem","position":2,"name":"BRF celebra recorde de lan\u00e7amentos de itens comemorativos"}]},{"@type":"WebSite","@id":"https:\/\/www.cidademarketing.com.br\/marketing\/#website","url":"https:\/\/www.cidademarketing.com.br\/marketing\/","name":"CidadeMarketing","description":"Somos um ve\u00edculo de comunica\u00e7\u00e3o de destaque no Brasil, reconhecido por conte\u00fados nos segmentos de marketing, empreendedorismo e inova\u00e7\u00e3o.","publisher":{"@id":"https:\/\/www.cidademarketing.com.br\/marketing\/#organization"},"alternateName":"CidadeMarketing","potentialAction":[{"@type":"SearchAction","target":{"@type":"EntryPoint","urlTemplate":"https:\/\/www.cidademarketing.com.br\/marketing\/?s={search_term_string}"},"query-input":{"@type":"PropertyValueSpecification","valueRequired":true,"valueName":"search_term_string"}}],"inLanguage":"pt-BR"},{"@type":"Organization","@id":"https:\/\/www.cidademarketing.com.br\/marketing\/#organization","name":"CidadeMarketing","alternateName":"CidadeMarketing","url":"https:\/\/www.cidademarketing.com.br\/marketing\/","logo":{"@type":"ImageObject","inLanguage":"pt-BR","@id":"https:\/\/www.cidademarketing.com.br\/marketing\/#\/schema\/logo\/image\/","url":"https:\/\/www.cidademarketing.com.br\/marketing\/wp-content\/uploads\/2020\/01\/cidademarketing_marca_mobile.png","contentUrl":"https:\/\/www.cidademarketing.com.br\/marketing\/wp-content\/uploads\/2020\/01\/cidademarketing_marca_mobile.png","width":230,"height":92,"caption":"CidadeMarketing"},"image":{"@id":"https:\/\/www.cidademarketing.com.br\/marketing\/#\/schema\/logo\/image\/"},"sameAs":["https:\/\/www.facebook.com\/portalcidademarketing","https:\/\/x.com\/CidadeMarketing","https:\/\/www.instagram.com\/cidademarketing\/"]},{"@type":"Person","@id":"https:\/\/www.cidademarketing.com.br\/marketing\/#\/schema\/person\/02daff9f18bd9378c9e01eb6b2db155f","name":"Thales Brand\u00e3o","image":{"@type":"ImageObject","inLanguage":"pt-BR","@id":"https:\/\/secure.gravatar.com\/avatar\/7ca3206950207cc3cb48feec56a8a7898741ab725c368d99d5d7a5a50aab80c6?s=96&d=mm&r=g","url":"https:\/\/secure.gravatar.com\/avatar\/7ca3206950207cc3cb48feec56a8a7898741ab725c368d99d5d7a5a50aab80c6?s=96&d=mm&r=g","contentUrl":"https:\/\/secure.gravatar.com\/avatar\/7ca3206950207cc3cb48feec56a8a7898741ab725c368d99d5d7a5a50aab80c6?s=96&d=mm&r=g","caption":"Thales Brand\u00e3o"},"description":"Editor Executivo do Portal CidadeMarketing.com.br &gt; Mestre em Comunica\u00e7\u00e3o e Sociedade pela Universidade Federal de Sergipe. Possui MBA Executivo em Administra\u00e7\u00e3o com \u00eanfase em Marketing pela Funda\u00e7\u00e3o Get\u00falio Vargas - Rio de Janeiro. Consultor, Palestrante e Pesquisador sobre Empreendedorismo, Marketing, Redes Sociais e Neg\u00f3cios Digitais. Professor, Palestrante TedxTalks e Campus Party. Twitter: @ThalesBrandao","sameAs":["http:\/\/www.mandacaru.com.br","https:\/\/www.facebook.com\/thalesbrandao","http:\/\/www.instagram.com.br\/thalesbrandaoferreira","https:\/\/www.linkedin.com\/in\/thales-brand\u00e3o-3948609\/","https:\/\/x.com\/http:\/\/www.twitter.com\/thalesbrandao"],"url":"https:\/\/www.cidademarketing.com.br\/marketing\/author\/thalesbrandao\/"}]}},"amp_enabled":true,"_links":{"self":[{"href":"https:\/\/www.cidademarketing.com.br\/marketing\/wp-json\/wp\/v2\/posts\/20650","targetHints":{"allow":["GET"]}}],"collection":[{"href":"https:\/\/www.cidademarketing.com.br\/marketing\/wp-json\/wp\/v2\/posts"}],"about":[{"href":"https:\/\/www.cidademarketing.com.br\/marketing\/wp-json\/wp\/v2\/types\/post"}],"author":[{"embeddable":true,"href":"https:\/\/www.cidademarketing.com.br\/marketing\/wp-json\/wp\/v2\/users\/1"}],"replies":[{"embeddable":true,"href":"https:\/\/www.cidademarketing.com.br\/marketing\/wp-json\/wp\/v2\/comments?post=20650"}],"version-history":[{"count":1,"href":"https:\/\/www.cidademarketing.com.br\/marketing\/wp-json\/wp\/v2\/posts\/20650\/revisions"}],"predecessor-version":[{"id":20651,"href":"https:\/\/www.cidademarketing.com.br\/marketing\/wp-json\/wp\/v2\/posts\/20650\/revisions\/20651"}],"wp:featuredmedia":[{"embeddable":true,"href":"https:\/\/www.cidademarketing.com.br\/marketing\/wp-json\/wp\/v2\/media\/10840"}],"wp:attachment":[{"href":"https:\/\/www.cidademarketing.com.br\/marketing\/wp-json\/wp\/v2\/media?parent=20650"}],"wp:term":[{"taxonomy":"category","embeddable":true,"href":"https:\/\/www.cidademarketing.com.br\/marketing\/wp-json\/wp\/v2\/categories?post=20650"},{"taxonomy":"post_tag","embeddable":true,"href":"https:\/\/www.cidademarketing.com.br\/marketing\/wp-json\/wp\/v2\/tags?post=20650"}],"curies":[{"name":"wp","href":"https:\/\/api.w.org\/{rel}","templated":true}]}}