{"id":20520,"date":"2020-11-10T20:52:51","date_gmt":"2020-11-10T23:52:51","guid":{"rendered":"https:\/\/www.cidademarketing.com.br\/marketing\/?p=20520"},"modified":"2020-11-10T20:52:55","modified_gmt":"2020-11-10T23:52:55","slug":"com-a-ajuda-dos-fas-viva-elege-os-melhores-da-decada","status":"publish","type":"post","link":"https:\/\/www.cidademarketing.com.br\/marketing\/2020\/11\/10\/com-a-ajuda-dos-fas-viva-elege-os-melhores-da-decada\/","title":{"rendered":"Com a ajuda dos f\u00e3s, VIVA elege os \u2018Melhores da D\u00e9cada\u2019"},"content":{"rendered":"\n<p>Ainda em celebra\u00e7\u00e3o por seus 10 anos no ar, o VIVA ir\u00e1 fazer uma a\u00e7\u00e3o especial para eleger, com a ajuda dos f\u00e3s, os \u2018Melhores da D\u00e9cada\u2019 de sua programa\u00e7\u00e3o. A partir do dia 16 de novembro, o p\u00fablico poder\u00e1 votar nas redes sociais da marca por seus favoritos em seis categorias &#8211; vil\u00e3o\/vil\u00e3, mocinho\/mocinha, novela, casal, bord\u00e3o e casal de Malha\u00e7\u00e3o. Cada uma delas contar\u00e1 com 10 candidatos. \u201cEstamos em plena comemora\u00e7\u00e3o pelos 10 anos do VIVA e nada melhor do que a opini\u00e3o do p\u00fablico para reconhecer os mais amados da programa\u00e7\u00e3o do canal na \u00faltima d\u00e9cada. Nossos f\u00e3s est\u00e3o conosco nessa celebra\u00e7\u00e3o\u201d, afirma Fabiana Gabriel, gerente de marketing e digital do GNT, VIVA e Mais Na Tela. Os vencedores ser\u00e3o anunciados nas redes sociais e nos intervalos do VIVA.<\/p>\n\n\n\n<p>Em 2018, o canal fez uma a\u00e7\u00e3o similar para eleger os melhores do ano. Na ocasi\u00e3o, o destaque foi &#8220;Vale Tudo&#8221;, presente em sete indica\u00e7\u00f5es, entre elas, &#8216;Melhor Vil\u00e3&#8217; com Maria de F\u00e1tima (Gl\u00f3ria Pires) e Odete Roitman (Beatriz Segall). Na \u00e9poca a personagem de Gl\u00f3ria Pires tamb\u00e9m concorreu na categoria &#8216;Melhor Barraco&#8217; e &#8216;Melhor Casamento&#8217;.<\/p>\n\n\n\n<p><strong>Confira a lista dos indicados:<\/strong><\/p>\n\n\n\n<ul class=\"wp-block-list\"><li><strong>MELHOR NOVELA<\/strong><\/li><\/ul>\n\n\n\n<p>Por Amor<\/p>\n\n\n\n<p>O Rei do Gado<\/p>\n\n\n\n<p>A Viagem<\/p>\n\n\n\n<p>Explode Cora\u00e7\u00e3o<\/p>\n\n\n\n<p>Terra Nostra<\/p>\n\n\n\n<p>Mulheres de Areia<\/p>\n\n\n\n<p>A Gata Comeu<\/p>\n\n\n\n<p>Tieta<\/p>\n\n\n\n<p>Vale Tudo<\/p>\n\n\n\n<p>Roque Santeiro<\/p>\n\n\n\n<p>La\u00e7os de Fam\u00edlia<\/p>\n\n\n\n<p>O Clone<\/p>\n\n\n\n<p>O Cravo e a Rosa<\/p>\n\n\n\n<p>Mulheres Apaixonadas<\/p>\n\n\n\n<ul class=\"wp-block-list\"><li><strong>MELHOR CASAL<\/strong><\/li><\/ul>\n\n\n\n<p>Giuliana e Mateo (Terra Nostra)<\/p>\n\n\n\n<p>Zuca e Lu\u00eds Jer\u00f4nimo (Cabocla)<\/p>\n\n\n\n<p>Vi\u00fava Porcina e Sinhozinho Malta (Roque Santeiro)<\/p>\n\n\n\n<p>Helena e Edu (La\u00e7os De Fam\u00edlia)<\/p>\n\n\n\n<p>Jade e Lucas (O Clone)<\/p>\n\n\n\n<p>Catarina e Petruchio (O Cravo E A Rosa)<\/p>\n\n\n\n<p>Ana Francisca e Danilo (Chocolate Com Pimenta)<\/p>\n\n\n\n<p>Helena e At\u00edlio (Por Amor)<\/p>\n\n\n\n<p>Ra\u00ed e Babalu (Quatro Por Quatro)<\/p>\n\n\n\n<p>Din\u00e1 e Ot\u00e1vio (A Viagem)<\/p>\n\n\n\n<p>Dara e Igor (Explode Cora\u00e7\u00e3o)<\/p>\n\n\n\n<ul class=\"wp-block-list\"><li><strong>MELHOR VIL\u00c3O(\u00c3)<\/strong><\/li><\/ul>\n\n\n\n<p>Odete Roitman (Vale Tudo)<\/p>\n\n\n\n<p>Branca Let\u00edcia (Por Amor)<\/p>\n\n\n\n<p>Maria De F\u00e1tima (Vale Tudo)<\/p>\n\n\n\n<p>Alexandre (A Viagem)<\/p>\n\n\n\n<p>Perp\u00e9tua (Tieta)<\/p>\n\n\n\n<p>Nice (Anjo Mau)<\/p>\n\n\n\n<p>Olga (Chocolate Com Pimenta)<\/p>\n\n\n\n<p>Laurinha Figueroa (Rainha Da Sucata)<\/p>\n\n\n\n<p>Laura (Por Amor)<\/p>\n\n\n\n<p>Raquel (Mulheres De Areia)<\/p>\n\n\n\n<p>Maria Altiva (A Indomada)<\/p>\n\n\n\n<p>Felipe Barreto (O Dono Do Mundo)<\/p>\n\n\n\n<p>Marcos (Mulheres Apaixonadas)<\/p>\n\n\n\n<ul class=\"wp-block-list\"><li><strong>MELHOR MOCINHA(O)<\/strong><\/li><\/ul>\n\n\n\n<p>Helena (Por Amor)<\/p>\n\n\n\n<p>Luana (O Rei Do Gado)<\/p>\n\n\n\n<p>Cristal (Estrela-guia)<\/p>\n\n\n\n<p>Ruth (Mulheres De Areia)<\/p>\n\n\n\n<p>Zuca (Cabocla)<\/p>\n\n\n\n<p>Dara (Explode Cora\u00e7\u00e3o)<\/p>\n\n\n\n<p>M\u00e1rcia (O Dono Do Mundo)<\/p>\n\n\n\n<p>L\u00edvia (Porto Dos Milagres)<\/p>\n\n\n\n<p>Andr\u00e9 Cajarana (Pai Her\u00f3i)<\/p>\n\n\n\n<p>Bianca (O Cravo E A Rosa)<\/p>\n\n\n\n<p>F\u00e1bio (A Gata Comeu)<\/p>\n\n\n\n<ul class=\"wp-block-list\"><li><strong>MELHOR BORD\u00c3O<\/strong><\/li><\/ul>\n\n\n\n<p>E o Sal\u00e1rio, \u00d3 (Escolinha \/ Raimundo Nonato)<\/p>\n\n\n\n<p>Cala Boca, Magda (Sai De Baixo \/ Caco)<\/p>\n\n\n\n<p>Cada Mergulho \u00c9 Um Flash (O Clone \/ Odete)<\/p>\n\n\n\n<p>Prefiro N\u00e3o Comentar (Toma L\u00e1, D\u00e1 C\u00e1 \/ Cop\u00e9lia)<\/p>\n\n\n\n<p>N\u00e3o \u00c9 Brinquedo, N\u00e3o (O Clone \/ Dona Jura)<\/p>\n\n\n\n<p>T\u00f4 Certo ou T\u00f4 Errado? (Roque Santeiro \/ Sinhozinho Malta)<\/p>\n\n\n\n<p>Stop, Salgadinho (Explode Cora\u00e7\u00e3o \/ Lucineide)<\/p>\n\n\n\n<p>Vamo Nanh\u00e1 (A Indomada \/ Scarlet)<\/p>\n\n\n\n<p>Oxente, My God (A Indomada \/ Maria Altiva)<\/p>\n\n\n\n<p>Jamanta N\u00e3o Morreu (Torre De Babel \/ Jamanta)<\/p>\n\n\n\n<p>Eu Sou Chique, Bem (Chocolate Com Pimenta \/ M\u00e1rcia)<\/p>\n\n\n\n<ul class=\"wp-block-list\"><li><strong>MELHOR CASAL MALHA\u00c7\u00c3O<\/strong><\/li><\/ul>\n\n\n\n<p>Bella e H\u00e9ricles (Malha\u00e7\u00e3o 1995)<\/p>\n\n\n\n<p>Marcelo e Joana (Malha\u00e7\u00e3o 2000)<\/p>\n\n\n\n<p>Nanda e Gui (Malha\u00e7\u00e3o 2001)<\/p>\n\n\n\n<p>J\u00falia e Pedro (Malha\u00e7\u00e3o 2002)<\/p>\n\n\n\n<p>Victor e Lu\u00edsa (Malha\u00e7\u00e3o 2003)<\/p>\n\n\n\n<p>Let\u00edcia e Gustavo (Malha\u00e7\u00e3o 2004)<\/p>\n\n\n\n<p>Betina e Bernardo (Malha\u00e7\u00e3o 2005)<\/p>\n\n\n\n<p>Manu e Cau\u00e3 (Malha\u00e7\u00e3o 2006)<\/p>\n\n\n\n<p>Marcela e Andr\u00e9 (Malha\u00e7\u00e3o 2007)<\/p>\n\n\n\n<p>Angelina e Guga (Malha\u00e7\u00e3o 2008)<\/p>\n","protected":false},"excerpt":{"rendered":"<p>Ainda em celebra\u00e7\u00e3o por seus 10 anos no ar, o VIVA ir\u00e1 fazer uma a\u00e7\u00e3o especial para eleger, com a ajuda dos f\u00e3s, os \u2018Melhores da D\u00e9cada\u2019 de sua programa\u00e7\u00e3o. A partir do dia 16 de novembro, o p\u00fablico poder\u00e1 votar nas redes sociais da marca por seus favoritos em seis categorias &#8211; vil\u00e3o\/vil\u00e3, mocinho\/mocinha, [&hellip;]<\/p>\n","protected":false},"author":1,"featured_media":20521,"comment_status":"open","ping_status":"open","sticky":false,"template":"","format":"standard","meta":{"tdm_status":"","tdm_grid_status":"","footnotes":""},"categories":[6],"tags":[33,28,381,3039],"class_list":["post-20520","post","type-post","status-publish","format-standard","has-post-thumbnail","hentry","category-noticias","tag-estrategia","tag-marketing","tag-televisao","tag-viva"],"yoast_head":"<!-- This site is optimized with the Yoast SEO plugin v27.5 - https:\/\/yoast.com\/product\/yoast-seo-wordpress\/ -->\n<title>Com a ajuda dos f\u00e3s, VIVA elege os \u2018Melhores da D\u00e9cada\u2019 - CidadeMarketing<\/title>\n<meta name=\"robots\" content=\"index, follow, max-snippet:-1, max-image-preview:large, max-video-preview:-1\" \/>\n<link rel=\"canonical\" href=\"https:\/\/www.cidademarketing.com.br\/marketing\/2020\/11\/10\/com-a-ajuda-dos-fas-viva-elege-os-melhores-da-decada\/\" \/>\n<meta property=\"og:locale\" content=\"pt_BR\" \/>\n<meta property=\"og:type\" content=\"article\" \/>\n<meta property=\"og:title\" content=\"Com a ajuda dos f\u00e3s, VIVA elege os \u2018Melhores da D\u00e9cada\u2019 - CidadeMarketing\" \/>\n<meta property=\"og:description\" content=\"Ainda em celebra\u00e7\u00e3o por seus 10 anos no ar, o VIVA ir\u00e1 fazer uma a\u00e7\u00e3o especial para eleger, com a ajuda dos f\u00e3s, os \u2018Melhores da D\u00e9cada\u2019 de sua programa\u00e7\u00e3o. A partir do dia 16 de novembro, o p\u00fablico poder\u00e1 votar nas redes sociais da marca por seus favoritos em seis categorias &#8211; vil\u00e3o\/vil\u00e3, mocinho\/mocinha, [&hellip;]\" \/>\n<meta property=\"og:url\" content=\"https:\/\/www.cidademarketing.com.br\/marketing\/2020\/11\/10\/com-a-ajuda-dos-fas-viva-elege-os-melhores-da-decada\/\" \/>\n<meta property=\"og:site_name\" content=\"CidadeMarketing\" \/>\n<meta property=\"article:publisher\" content=\"https:\/\/www.facebook.com\/portalcidademarketing\" \/>\n<meta property=\"article:author\" content=\"https:\/\/www.facebook.com\/thalesbrandao\" \/>\n<meta property=\"article:published_time\" content=\"2020-11-10T23:52:51+00:00\" \/>\n<meta property=\"article:modified_time\" content=\"2020-11-10T23:52:55+00:00\" \/>\n<meta property=\"og:image\" content=\"https:\/\/www.cidademarketing.com.br\/marketing\/wp-content\/uploads\/2020\/11\/viva.png\" \/>\n\t<meta property=\"og:image:width\" content=\"1600\" \/>\n\t<meta property=\"og:image:height\" content=\"1600\" \/>\n\t<meta property=\"og:image:type\" content=\"image\/png\" \/>\n<meta name=\"author\" content=\"Thales Brand\u00e3o\" \/>\n<meta name=\"twitter:card\" content=\"summary_large_image\" \/>\n<meta name=\"twitter:creator\" content=\"@http:\/\/www.twitter.com\/thalesbrandao\" \/>\n<meta name=\"twitter:site\" content=\"@CidadeMarketing\" \/>\n<meta name=\"twitter:label1\" content=\"Escrito por\" \/>\n\t<meta name=\"twitter:data1\" content=\"Thales Brand\u00e3o\" \/>\n\t<meta name=\"twitter:label2\" content=\"Est. tempo de leitura\" \/>\n\t<meta name=\"twitter:data2\" content=\"3 minutos\" \/>\n<script type=\"application\/ld+json\" class=\"yoast-schema-graph\">{\"@context\":\"https:\\\/\\\/schema.org\",\"@graph\":[{\"@type\":\"Article\",\"@id\":\"https:\\\/\\\/www.cidademarketing.com.br\\\/marketing\\\/2020\\\/11\\\/10\\\/com-a-ajuda-dos-fas-viva-elege-os-melhores-da-decada\\\/#article\",\"isPartOf\":{\"@id\":\"https:\\\/\\\/www.cidademarketing.com.br\\\/marketing\\\/2020\\\/11\\\/10\\\/com-a-ajuda-dos-fas-viva-elege-os-melhores-da-decada\\\/\"},\"author\":{\"name\":\"Thales Brand\u00e3o\",\"@id\":\"https:\\\/\\\/www.cidademarketing.com.br\\\/marketing\\\/#\\\/schema\\\/person\\\/02daff9f18bd9378c9e01eb6b2db155f\"},\"headline\":\"Com a ajuda dos f\u00e3s, VIVA elege os \u2018Melhores da D\u00e9cada\u2019\",\"datePublished\":\"2020-11-10T23:52:51+00:00\",\"dateModified\":\"2020-11-10T23:52:55+00:00\",\"mainEntityOfPage\":{\"@id\":\"https:\\\/\\\/www.cidademarketing.com.br\\\/marketing\\\/2020\\\/11\\\/10\\\/com-a-ajuda-dos-fas-viva-elege-os-melhores-da-decada\\\/\"},\"wordCount\":593,\"commentCount\":0,\"publisher\":{\"@id\":\"https:\\\/\\\/www.cidademarketing.com.br\\\/marketing\\\/#organization\"},\"image\":{\"@id\":\"https:\\\/\\\/www.cidademarketing.com.br\\\/marketing\\\/2020\\\/11\\\/10\\\/com-a-ajuda-dos-fas-viva-elege-os-melhores-da-decada\\\/#primaryimage\"},\"thumbnailUrl\":\"https:\\\/\\\/www.cidademarketing.com.br\\\/marketing\\\/wp-content\\\/uploads\\\/2020\\\/11\\\/viva.png\",\"keywords\":[\"estrat\u00e9gia\",\"marketing\",\"televis\u00e3o\",\"VIVA\"],\"articleSection\":[\"Not\u00edcias\"],\"inLanguage\":\"pt-BR\",\"potentialAction\":[{\"@type\":\"CommentAction\",\"name\":\"Comment\",\"target\":[\"https:\\\/\\\/www.cidademarketing.com.br\\\/marketing\\\/2020\\\/11\\\/10\\\/com-a-ajuda-dos-fas-viva-elege-os-melhores-da-decada\\\/#respond\"]}]},{\"@type\":\"WebPage\",\"@id\":\"https:\\\/\\\/www.cidademarketing.com.br\\\/marketing\\\/2020\\\/11\\\/10\\\/com-a-ajuda-dos-fas-viva-elege-os-melhores-da-decada\\\/\",\"url\":\"https:\\\/\\\/www.cidademarketing.com.br\\\/marketing\\\/2020\\\/11\\\/10\\\/com-a-ajuda-dos-fas-viva-elege-os-melhores-da-decada\\\/\",\"name\":\"Com a ajuda dos f\u00e3s, VIVA elege os \u2018Melhores da D\u00e9cada\u2019 - CidadeMarketing\",\"isPartOf\":{\"@id\":\"https:\\\/\\\/www.cidademarketing.com.br\\\/marketing\\\/#website\"},\"primaryImageOfPage\":{\"@id\":\"https:\\\/\\\/www.cidademarketing.com.br\\\/marketing\\\/2020\\\/11\\\/10\\\/com-a-ajuda-dos-fas-viva-elege-os-melhores-da-decada\\\/#primaryimage\"},\"image\":{\"@id\":\"https:\\\/\\\/www.cidademarketing.com.br\\\/marketing\\\/2020\\\/11\\\/10\\\/com-a-ajuda-dos-fas-viva-elege-os-melhores-da-decada\\\/#primaryimage\"},\"thumbnailUrl\":\"https:\\\/\\\/www.cidademarketing.com.br\\\/marketing\\\/wp-content\\\/uploads\\\/2020\\\/11\\\/viva.png\",\"datePublished\":\"2020-11-10T23:52:51+00:00\",\"dateModified\":\"2020-11-10T23:52:55+00:00\",\"breadcrumb\":{\"@id\":\"https:\\\/\\\/www.cidademarketing.com.br\\\/marketing\\\/2020\\\/11\\\/10\\\/com-a-ajuda-dos-fas-viva-elege-os-melhores-da-decada\\\/#breadcrumb\"},\"inLanguage\":\"pt-BR\",\"potentialAction\":[{\"@type\":\"ReadAction\",\"target\":[\"https:\\\/\\\/www.cidademarketing.com.br\\\/marketing\\\/2020\\\/11\\\/10\\\/com-a-ajuda-dos-fas-viva-elege-os-melhores-da-decada\\\/\"]}]},{\"@type\":\"ImageObject\",\"inLanguage\":\"pt-BR\",\"@id\":\"https:\\\/\\\/www.cidademarketing.com.br\\\/marketing\\\/2020\\\/11\\\/10\\\/com-a-ajuda-dos-fas-viva-elege-os-melhores-da-decada\\\/#primaryimage\",\"url\":\"https:\\\/\\\/www.cidademarketing.com.br\\\/marketing\\\/wp-content\\\/uploads\\\/2020\\\/11\\\/viva.png\",\"contentUrl\":\"https:\\\/\\\/www.cidademarketing.com.br\\\/marketing\\\/wp-content\\\/uploads\\\/2020\\\/11\\\/viva.png\",\"width\":1600,\"height\":1600},{\"@type\":\"BreadcrumbList\",\"@id\":\"https:\\\/\\\/www.cidademarketing.com.br\\\/marketing\\\/2020\\\/11\\\/10\\\/com-a-ajuda-dos-fas-viva-elege-os-melhores-da-decada\\\/#breadcrumb\",\"itemListElement\":[{\"@type\":\"ListItem\",\"position\":1,\"name\":\"In\u00edcio\",\"item\":\"https:\\\/\\\/www.cidademarketing.com.br\\\/marketing\\\/\"},{\"@type\":\"ListItem\",\"position\":2,\"name\":\"Com a ajuda dos f\u00e3s, VIVA elege os \u2018Melhores da D\u00e9cada\u2019\"}]},{\"@type\":\"WebSite\",\"@id\":\"https:\\\/\\\/www.cidademarketing.com.br\\\/marketing\\\/#website\",\"url\":\"https:\\\/\\\/www.cidademarketing.com.br\\\/marketing\\\/\",\"name\":\"CidadeMarketing\",\"description\":\"Somos um ve\u00edculo de comunica\u00e7\u00e3o de destaque no Brasil, reconhecido por conte\u00fados nos segmentos de marketing, empreendedorismo e inova\u00e7\u00e3o.\",\"publisher\":{\"@id\":\"https:\\\/\\\/www.cidademarketing.com.br\\\/marketing\\\/#organization\"},\"alternateName\":\"CidadeMarketing\",\"potentialAction\":[{\"@type\":\"SearchAction\",\"target\":{\"@type\":\"EntryPoint\",\"urlTemplate\":\"https:\\\/\\\/www.cidademarketing.com.br\\\/marketing\\\/?s={search_term_string}\"},\"query-input\":{\"@type\":\"PropertyValueSpecification\",\"valueRequired\":true,\"valueName\":\"search_term_string\"}}],\"inLanguage\":\"pt-BR\"},{\"@type\":\"Organization\",\"@id\":\"https:\\\/\\\/www.cidademarketing.com.br\\\/marketing\\\/#organization\",\"name\":\"CidadeMarketing\",\"alternateName\":\"CidadeMarketing\",\"url\":\"https:\\\/\\\/www.cidademarketing.com.br\\\/marketing\\\/\",\"logo\":{\"@type\":\"ImageObject\",\"inLanguage\":\"pt-BR\",\"@id\":\"https:\\\/\\\/www.cidademarketing.com.br\\\/marketing\\\/#\\\/schema\\\/logo\\\/image\\\/\",\"url\":\"https:\\\/\\\/www.cidademarketing.com.br\\\/marketing\\\/wp-content\\\/uploads\\\/2020\\\/01\\\/cidademarketing_marca_mobile.png\",\"contentUrl\":\"https:\\\/\\\/www.cidademarketing.com.br\\\/marketing\\\/wp-content\\\/uploads\\\/2020\\\/01\\\/cidademarketing_marca_mobile.png\",\"width\":230,\"height\":92,\"caption\":\"CidadeMarketing\"},\"image\":{\"@id\":\"https:\\\/\\\/www.cidademarketing.com.br\\\/marketing\\\/#\\\/schema\\\/logo\\\/image\\\/\"},\"sameAs\":[\"https:\\\/\\\/www.facebook.com\\\/portalcidademarketing\",\"https:\\\/\\\/x.com\\\/CidadeMarketing\",\"https:\\\/\\\/www.instagram.com\\\/cidademarketing\\\/\"]},{\"@type\":\"Person\",\"@id\":\"https:\\\/\\\/www.cidademarketing.com.br\\\/marketing\\\/#\\\/schema\\\/person\\\/02daff9f18bd9378c9e01eb6b2db155f\",\"name\":\"Thales Brand\u00e3o\",\"image\":{\"@type\":\"ImageObject\",\"inLanguage\":\"pt-BR\",\"@id\":\"https:\\\/\\\/secure.gravatar.com\\\/avatar\\\/7ca3206950207cc3cb48feec56a8a7898741ab725c368d99d5d7a5a50aab80c6?s=96&d=mm&r=g\",\"url\":\"https:\\\/\\\/secure.gravatar.com\\\/avatar\\\/7ca3206950207cc3cb48feec56a8a7898741ab725c368d99d5d7a5a50aab80c6?s=96&d=mm&r=g\",\"contentUrl\":\"https:\\\/\\\/secure.gravatar.com\\\/avatar\\\/7ca3206950207cc3cb48feec56a8a7898741ab725c368d99d5d7a5a50aab80c6?s=96&d=mm&r=g\",\"caption\":\"Thales Brand\u00e3o\"},\"description\":\"Editor Executivo do Portal CidadeMarketing.com.br &gt; Mestre em Comunica\u00e7\u00e3o e Sociedade pela Universidade Federal de Sergipe. Possui MBA Executivo em Administra\u00e7\u00e3o com \u00eanfase em Marketing pela Funda\u00e7\u00e3o Get\u00falio Vargas - Rio de Janeiro. Consultor, Palestrante e Pesquisador sobre Empreendedorismo, Marketing, Redes Sociais e Neg\u00f3cios Digitais. Professor, Palestrante TedxTalks e Campus Party. Twitter: @ThalesBrandao\",\"sameAs\":[\"http:\\\/\\\/www.mandacaru.com.br\",\"https:\\\/\\\/www.facebook.com\\\/thalesbrandao\",\"http:\\\/\\\/www.instagram.com.br\\\/thalesbrandaoferreira\",\"https:\\\/\\\/www.linkedin.com\\\/in\\\/thales-brand\u00e3o-3948609\\\/\",\"https:\\\/\\\/x.com\\\/http:\\\/\\\/www.twitter.com\\\/thalesbrandao\"],\"url\":\"https:\\\/\\\/www.cidademarketing.com.br\\\/marketing\\\/author\\\/thalesbrandao\\\/\"}]}<\/script>\n<!-- \/ Yoast SEO plugin. -->","yoast_head_json":{"title":"Com a ajuda dos f\u00e3s, VIVA elege os \u2018Melhores da D\u00e9cada\u2019 - CidadeMarketing","robots":{"index":"index","follow":"follow","max-snippet":"max-snippet:-1","max-image-preview":"max-image-preview:large","max-video-preview":"max-video-preview:-1"},"canonical":"https:\/\/www.cidademarketing.com.br\/marketing\/2020\/11\/10\/com-a-ajuda-dos-fas-viva-elege-os-melhores-da-decada\/","og_locale":"pt_BR","og_type":"article","og_title":"Com a ajuda dos f\u00e3s, VIVA elege os \u2018Melhores da D\u00e9cada\u2019 - CidadeMarketing","og_description":"Ainda em celebra\u00e7\u00e3o por seus 10 anos no ar, o VIVA ir\u00e1 fazer uma a\u00e7\u00e3o especial para eleger, com a ajuda dos f\u00e3s, os \u2018Melhores da D\u00e9cada\u2019 de sua programa\u00e7\u00e3o. A partir do dia 16 de novembro, o p\u00fablico poder\u00e1 votar nas redes sociais da marca por seus favoritos em seis categorias &#8211; vil\u00e3o\/vil\u00e3, mocinho\/mocinha, [&hellip;]","og_url":"https:\/\/www.cidademarketing.com.br\/marketing\/2020\/11\/10\/com-a-ajuda-dos-fas-viva-elege-os-melhores-da-decada\/","og_site_name":"CidadeMarketing","article_publisher":"https:\/\/www.facebook.com\/portalcidademarketing","article_author":"https:\/\/www.facebook.com\/thalesbrandao","article_published_time":"2020-11-10T23:52:51+00:00","article_modified_time":"2020-11-10T23:52:55+00:00","og_image":[{"width":1600,"height":1600,"url":"https:\/\/www.cidademarketing.com.br\/marketing\/wp-content\/uploads\/2020\/11\/viva.png","type":"image\/png"}],"author":"Thales Brand\u00e3o","twitter_card":"summary_large_image","twitter_creator":"@http:\/\/www.twitter.com\/thalesbrandao","twitter_site":"@CidadeMarketing","twitter_misc":{"Escrito por":"Thales Brand\u00e3o","Est. tempo de leitura":"3 minutos"},"schema":{"@context":"https:\/\/schema.org","@graph":[{"@type":"Article","@id":"https:\/\/www.cidademarketing.com.br\/marketing\/2020\/11\/10\/com-a-ajuda-dos-fas-viva-elege-os-melhores-da-decada\/#article","isPartOf":{"@id":"https:\/\/www.cidademarketing.com.br\/marketing\/2020\/11\/10\/com-a-ajuda-dos-fas-viva-elege-os-melhores-da-decada\/"},"author":{"name":"Thales Brand\u00e3o","@id":"https:\/\/www.cidademarketing.com.br\/marketing\/#\/schema\/person\/02daff9f18bd9378c9e01eb6b2db155f"},"headline":"Com a ajuda dos f\u00e3s, VIVA elege os \u2018Melhores da D\u00e9cada\u2019","datePublished":"2020-11-10T23:52:51+00:00","dateModified":"2020-11-10T23:52:55+00:00","mainEntityOfPage":{"@id":"https:\/\/www.cidademarketing.com.br\/marketing\/2020\/11\/10\/com-a-ajuda-dos-fas-viva-elege-os-melhores-da-decada\/"},"wordCount":593,"commentCount":0,"publisher":{"@id":"https:\/\/www.cidademarketing.com.br\/marketing\/#organization"},"image":{"@id":"https:\/\/www.cidademarketing.com.br\/marketing\/2020\/11\/10\/com-a-ajuda-dos-fas-viva-elege-os-melhores-da-decada\/#primaryimage"},"thumbnailUrl":"https:\/\/www.cidademarketing.com.br\/marketing\/wp-content\/uploads\/2020\/11\/viva.png","keywords":["estrat\u00e9gia","marketing","televis\u00e3o","VIVA"],"articleSection":["Not\u00edcias"],"inLanguage":"pt-BR","potentialAction":[{"@type":"CommentAction","name":"Comment","target":["https:\/\/www.cidademarketing.com.br\/marketing\/2020\/11\/10\/com-a-ajuda-dos-fas-viva-elege-os-melhores-da-decada\/#respond"]}]},{"@type":"WebPage","@id":"https:\/\/www.cidademarketing.com.br\/marketing\/2020\/11\/10\/com-a-ajuda-dos-fas-viva-elege-os-melhores-da-decada\/","url":"https:\/\/www.cidademarketing.com.br\/marketing\/2020\/11\/10\/com-a-ajuda-dos-fas-viva-elege-os-melhores-da-decada\/","name":"Com a ajuda dos f\u00e3s, VIVA elege os \u2018Melhores da D\u00e9cada\u2019 - CidadeMarketing","isPartOf":{"@id":"https:\/\/www.cidademarketing.com.br\/marketing\/#website"},"primaryImageOfPage":{"@id":"https:\/\/www.cidademarketing.com.br\/marketing\/2020\/11\/10\/com-a-ajuda-dos-fas-viva-elege-os-melhores-da-decada\/#primaryimage"},"image":{"@id":"https:\/\/www.cidademarketing.com.br\/marketing\/2020\/11\/10\/com-a-ajuda-dos-fas-viva-elege-os-melhores-da-decada\/#primaryimage"},"thumbnailUrl":"https:\/\/www.cidademarketing.com.br\/marketing\/wp-content\/uploads\/2020\/11\/viva.png","datePublished":"2020-11-10T23:52:51+00:00","dateModified":"2020-11-10T23:52:55+00:00","breadcrumb":{"@id":"https:\/\/www.cidademarketing.com.br\/marketing\/2020\/11\/10\/com-a-ajuda-dos-fas-viva-elege-os-melhores-da-decada\/#breadcrumb"},"inLanguage":"pt-BR","potentialAction":[{"@type":"ReadAction","target":["https:\/\/www.cidademarketing.com.br\/marketing\/2020\/11\/10\/com-a-ajuda-dos-fas-viva-elege-os-melhores-da-decada\/"]}]},{"@type":"ImageObject","inLanguage":"pt-BR","@id":"https:\/\/www.cidademarketing.com.br\/marketing\/2020\/11\/10\/com-a-ajuda-dos-fas-viva-elege-os-melhores-da-decada\/#primaryimage","url":"https:\/\/www.cidademarketing.com.br\/marketing\/wp-content\/uploads\/2020\/11\/viva.png","contentUrl":"https:\/\/www.cidademarketing.com.br\/marketing\/wp-content\/uploads\/2020\/11\/viva.png","width":1600,"height":1600},{"@type":"BreadcrumbList","@id":"https:\/\/www.cidademarketing.com.br\/marketing\/2020\/11\/10\/com-a-ajuda-dos-fas-viva-elege-os-melhores-da-decada\/#breadcrumb","itemListElement":[{"@type":"ListItem","position":1,"name":"In\u00edcio","item":"https:\/\/www.cidademarketing.com.br\/marketing\/"},{"@type":"ListItem","position":2,"name":"Com a ajuda dos f\u00e3s, VIVA elege os \u2018Melhores da D\u00e9cada\u2019"}]},{"@type":"WebSite","@id":"https:\/\/www.cidademarketing.com.br\/marketing\/#website","url":"https:\/\/www.cidademarketing.com.br\/marketing\/","name":"CidadeMarketing","description":"Somos um ve\u00edculo de comunica\u00e7\u00e3o de destaque no Brasil, reconhecido por conte\u00fados nos segmentos de marketing, empreendedorismo e inova\u00e7\u00e3o.","publisher":{"@id":"https:\/\/www.cidademarketing.com.br\/marketing\/#organization"},"alternateName":"CidadeMarketing","potentialAction":[{"@type":"SearchAction","target":{"@type":"EntryPoint","urlTemplate":"https:\/\/www.cidademarketing.com.br\/marketing\/?s={search_term_string}"},"query-input":{"@type":"PropertyValueSpecification","valueRequired":true,"valueName":"search_term_string"}}],"inLanguage":"pt-BR"},{"@type":"Organization","@id":"https:\/\/www.cidademarketing.com.br\/marketing\/#organization","name":"CidadeMarketing","alternateName":"CidadeMarketing","url":"https:\/\/www.cidademarketing.com.br\/marketing\/","logo":{"@type":"ImageObject","inLanguage":"pt-BR","@id":"https:\/\/www.cidademarketing.com.br\/marketing\/#\/schema\/logo\/image\/","url":"https:\/\/www.cidademarketing.com.br\/marketing\/wp-content\/uploads\/2020\/01\/cidademarketing_marca_mobile.png","contentUrl":"https:\/\/www.cidademarketing.com.br\/marketing\/wp-content\/uploads\/2020\/01\/cidademarketing_marca_mobile.png","width":230,"height":92,"caption":"CidadeMarketing"},"image":{"@id":"https:\/\/www.cidademarketing.com.br\/marketing\/#\/schema\/logo\/image\/"},"sameAs":["https:\/\/www.facebook.com\/portalcidademarketing","https:\/\/x.com\/CidadeMarketing","https:\/\/www.instagram.com\/cidademarketing\/"]},{"@type":"Person","@id":"https:\/\/www.cidademarketing.com.br\/marketing\/#\/schema\/person\/02daff9f18bd9378c9e01eb6b2db155f","name":"Thales Brand\u00e3o","image":{"@type":"ImageObject","inLanguage":"pt-BR","@id":"https:\/\/secure.gravatar.com\/avatar\/7ca3206950207cc3cb48feec56a8a7898741ab725c368d99d5d7a5a50aab80c6?s=96&d=mm&r=g","url":"https:\/\/secure.gravatar.com\/avatar\/7ca3206950207cc3cb48feec56a8a7898741ab725c368d99d5d7a5a50aab80c6?s=96&d=mm&r=g","contentUrl":"https:\/\/secure.gravatar.com\/avatar\/7ca3206950207cc3cb48feec56a8a7898741ab725c368d99d5d7a5a50aab80c6?s=96&d=mm&r=g","caption":"Thales Brand\u00e3o"},"description":"Editor Executivo do Portal CidadeMarketing.com.br &gt; Mestre em Comunica\u00e7\u00e3o e Sociedade pela Universidade Federal de Sergipe. Possui MBA Executivo em Administra\u00e7\u00e3o com \u00eanfase em Marketing pela Funda\u00e7\u00e3o Get\u00falio Vargas - Rio de Janeiro. Consultor, Palestrante e Pesquisador sobre Empreendedorismo, Marketing, Redes Sociais e Neg\u00f3cios Digitais. Professor, Palestrante TedxTalks e Campus Party. Twitter: @ThalesBrandao","sameAs":["http:\/\/www.mandacaru.com.br","https:\/\/www.facebook.com\/thalesbrandao","http:\/\/www.instagram.com.br\/thalesbrandaoferreira","https:\/\/www.linkedin.com\/in\/thales-brand\u00e3o-3948609\/","https:\/\/x.com\/http:\/\/www.twitter.com\/thalesbrandao"],"url":"https:\/\/www.cidademarketing.com.br\/marketing\/author\/thalesbrandao\/"}]}},"amp_enabled":true,"_links":{"self":[{"href":"https:\/\/www.cidademarketing.com.br\/marketing\/wp-json\/wp\/v2\/posts\/20520","targetHints":{"allow":["GET"]}}],"collection":[{"href":"https:\/\/www.cidademarketing.com.br\/marketing\/wp-json\/wp\/v2\/posts"}],"about":[{"href":"https:\/\/www.cidademarketing.com.br\/marketing\/wp-json\/wp\/v2\/types\/post"}],"author":[{"embeddable":true,"href":"https:\/\/www.cidademarketing.com.br\/marketing\/wp-json\/wp\/v2\/users\/1"}],"replies":[{"embeddable":true,"href":"https:\/\/www.cidademarketing.com.br\/marketing\/wp-json\/wp\/v2\/comments?post=20520"}],"version-history":[{"count":1,"href":"https:\/\/www.cidademarketing.com.br\/marketing\/wp-json\/wp\/v2\/posts\/20520\/revisions"}],"predecessor-version":[{"id":20522,"href":"https:\/\/www.cidademarketing.com.br\/marketing\/wp-json\/wp\/v2\/posts\/20520\/revisions\/20522"}],"wp:featuredmedia":[{"embeddable":true,"href":"https:\/\/www.cidademarketing.com.br\/marketing\/wp-json\/wp\/v2\/media\/20521"}],"wp:attachment":[{"href":"https:\/\/www.cidademarketing.com.br\/marketing\/wp-json\/wp\/v2\/media?parent=20520"}],"wp:term":[{"taxonomy":"category","embeddable":true,"href":"https:\/\/www.cidademarketing.com.br\/marketing\/wp-json\/wp\/v2\/categories?post=20520"},{"taxonomy":"post_tag","embeddable":true,"href":"https:\/\/www.cidademarketing.com.br\/marketing\/wp-json\/wp\/v2\/tags?post=20520"}],"curies":[{"name":"wp","href":"https:\/\/api.w.org\/{rel}","templated":true}]}}