{"id":20293,"date":"2020-11-03T20:41:14","date_gmt":"2020-11-03T23:41:14","guid":{"rendered":"https:\/\/www.cidademarketing.com.br\/marketing\/?p=20293"},"modified":"2020-11-03T20:41:19","modified_gmt":"2020-11-03T23:41:19","slug":"em-animacao-som-livre-comemora-15-anos-de-jorge-mateus","status":"publish","type":"post","link":"https:\/\/www.cidademarketing.com.br\/marketing\/2020\/11\/03\/em-animacao-som-livre-comemora-15-anos-de-jorge-mateus\/","title":{"rendered":"Em anima\u00e7\u00e3o, Som Livre comemora 15 anos de Jorge &#038; Mateus"},"content":{"rendered":"\n<p>Uma das maiores duplas de sertanejo do Brasil est\u00e1 apagando as velinhas neste ano! Jorge &amp; Mateus completam 15 anos de carreira e a data n\u00e3o poderia passar em branco pela Som Livre. Em tom de homenagem, foi produzido um comercial de TV com dois minutos de dura\u00e7\u00e3o com trechos de grandes sucessos dos artistas como &#8220;Flor&#8221;, &#8220;Logo Eu&#8221;, &#8220;Os Anjos Cantam&#8221;, &#8220;Pode Chorar&#8221;, &#8220;Amo Noite e Dia&#8221;, &#8220;Propaganda&#8221; e &#8220;Tijol\u00e3o&#8221;. A dupla marca presen\u00e7a em formato de anima\u00e7\u00e3o, com dublagens de seus avatares, e promete novidades em breve &#8211; o lan\u00e7amento de um single in\u00e9dito at\u00e9 o fim do ano.<\/p>\n\n\n\n<figure class=\"wp-block-embed-youtube wp-block-embed is-type-video is-provider-youtube wp-embed-aspect-16-9 wp-has-aspect-ratio\"><div class=\"wp-block-embed__wrapper\">\n<div class=\"youtube-embed\" data-video_id=\"XMDThIK11sA\"><iframe title=\"Jorge &amp; Mateus - Comercial 15 Anos\" width=\"640\" height=\"360\" src=\"https:\/\/www.youtube.com\/embed\/XMDThIK11sA?feature=oembed&#038;enablejsapi=1&#038;enablejsapi=1\" frameborder=\"0\" allow=\"accelerometer; autoplay; clipboard-write; encrypted-media; gyroscope; picture-in-picture; web-share\" referrerpolicy=\"strict-origin-when-cross-origin\" allowfullscreen><\/iframe><\/div>\n<\/div><\/figure>\n\n\n\n<p>O criativo ser\u00e1 veiculado a partir desta semana na programa\u00e7\u00e3o da TV Globo e nos canais digitais da Som Livre, como YouTube, Instagram, Facebook e Twitter, at\u00e9 a primeira quinzena de novembro. A homenagem ganha ainda uma maratona no Globoplay com uma sele\u00e7\u00e3o de DVD\u2019s de Jorge &amp; Mateus dispon\u00edvel para os assinantes da plataforma a partir do dia 10 de novembro. No cat\u00e1logo, os produtos \u2018A Hora \u00c9 Agora\u2019, \u2018Live in London\u2019, \u2018Como.Sempre.Feito.Nunca\u2019 e \u201810 Anos\u2019, juntam-se ao tamb\u00e9m sucesso \u2018Terra sem CEP\u2019.<\/p>\n\n\n\n<p>Fernanda Bas, Head de Comunica\u00e7\u00e3o da Som Livre, enaltece o sucesso conquistado por Jorge &amp; Mateus nestes 15 anos de carreira: <em>&#8220;A Som Livre foi uma das primeiras gravadoras a apostar na for\u00e7a do sertanejo e hoje se orgulha de todo o espa\u00e7o e reconhecimento que o g\u00eanero musical e os artistas representam para o pa\u00eds. Jorge &amp; Mateus s\u00e3o refer\u00eancia no assunto e merecem todo o sucesso que conquistaram nesta trajet\u00f3ria de 15 anos. Para n\u00f3s da Som Livre \u00e9 uma honra fazer parte desta hist\u00f3ria, acompanhar cada passo da dupla de pertinho e comemorar todas as conquistas juntos!&#8221;,<\/em> declara.<\/p>\n\n\n\n<p>E os n\u00fameros da dupla seguem impressionantes nestes 15 anos de trajet\u00f3ria. No YouTube, Jorge &amp; Mateus acumulam quase 6 bilh\u00f5es de visualiza\u00e7\u00f5es em seus v\u00eddeos e possuem 13,6 milh\u00f5es de inscritos. No Spotify, a dupla ostenta 6,7 milh\u00f5es de ouvintes mensais. J\u00e1 no Instagram, s\u00e3o 16,6 milh\u00f5es de seguidores.<\/p>\n\n\n\n<p><strong><u>Ficha-t\u00e9cnica<\/u><\/strong><br>Anima\u00e7\u00e3o, Design e Dire\u00e7\u00e3o de Arte: Noize Graphics<br>Diretor de Cria\u00e7\u00e3o: Raph Paiva<br>Dire\u00e7\u00e3o geral: Naty Tavares<br>Roteirista: Andr\u00e9 Auler<br>Design e Dire\u00e7\u00e3o de Arte: May Castro<br>Anima\u00e7\u00e3o: Aleff Mauricio<br>Soud designer: Vitor Borges<br>Produ\u00e7\u00e3o: Camila Ara\u00fajo<\/p>\n\n\n\n<p>Som Livre<br>Marketing (Label): Camila Soluri, Lena Pelosi e Rebeca Guio<br>Marketing (Audiovisual): Thais Souza, Clara Almeida<br>A&amp;R: Andr\u00e9 Mattos, Humberto Bordallo (Gregg)<\/p>\n\n\n\n<p><strong><u>Sobre Jorge &amp; Mateus:<\/u><\/strong><br>Jorge &amp; Mateus \u00e9 uma dupla de cantores de sertanejo que faz parte do cen\u00e1rio musical desde 2005, quando por meio de amigos em comum se conheceram e come\u00e7aram a se apresentar em bares e eventos em Goi\u00e1s. Dois anos depois, a dupla lan\u00e7ou seu primeiro trabalho e desde ent\u00e3o n\u00e3o pararam mais. Se tornaram uma das duplas mais ouvidas nas plataformas digitais e est\u00e3o entre as mais escutadas nas r\u00e1dios brasileiras.<\/p>\n\n\n\n<p>O ano de 2010 foi o marco da consolida\u00e7\u00e3o da carreira de Jorge &amp; Mateus com o terceiro \u00e1lbum intitulado &#8220;Ao Vivo Sem Cortes&#8221;, com um total de 20 faixas. Nesse momento a dupla fez uma pequena turn\u00ea fora do pa\u00eds e ao fim do ano lan\u00e7aram seu quarto \u00e1lbum &#8220;A\u00ed J\u00e1 Era&#8221;, se aproximando do pop. Foi em 2015 que a dupla recebeu uma indica\u00e7\u00e3o ao pr\u00eamio Grammy Latino na categoria de Melhor \u00c1lbum de M\u00fasica Sertaneja com &#8220;Os Anjos Cantam&#8221;.<\/p>\n\n\n\n<p>Em 2016, ap\u00f3s completaram 10 anos de carreira, conquistaram o topo das plataformas de m\u00fasica. N\u00e3o foi diferente com &#8220;Terra Sem CEP&#8221; (2018), que com apenas tr\u00eas dias de lan\u00e7amento emplacou todas as 14 faixas no Top 100 dos principais servi\u00e7os de streaming (Spotify, Deezer e Apple Music). Em 2019, lan\u00e7aram o hit <a href=\"http:\/\/www.youtube.com\/watch?v=8eOrHFape5I\" target=\"_blank\" rel=\"noreferrer noopener\">Tijol\u00e3o <\/a>, que acumula mais de 240 milh\u00f5es de visualiza\u00e7\u00f5es, e a rom\u00e2ntica <a href=\"http:\/\/www.youtube.com\/watch?time_continue=1&amp;v=YZT1U2rlvyM\" target=\"_blank\" rel=\"noreferrer noopener\">Cheirosa <\/a>, com mais de 230 milh\u00f5es no canal de Youtube da dupla. E em 2020 apresentaram o EP T.E.P (Tudo Em Paz) com 3 faixas in\u00e9ditas: Ranking, Instantes e Tela Preta.<\/p>\n\n\n\n<p><strong><u>Sobre a Som Livre<\/u><\/strong><br>Sempre em busca de novos talentos e de portas abertas para diferentes vertentes musicais, h\u00e1 mais de 50 anos a Som Livre \u00e9 respons\u00e1vel por apostar e lan\u00e7ar diversos nomes de sucesso no mercado. Hoje a Som Livre \u00e9 muito mais do que uma gravadora, \u00e9 a maior empresa nacional produtora de conte\u00fado e marketing musical.<\/p>\n\n\n\n<p>Seja qual for a plataforma de lan\u00e7amento, a Som Livre se faz presente como a trilha sonora de momentos especiais, refletindo assim as prefer\u00eancias e h\u00e1bitos do p\u00fablico brasileiro. Durante sua hist\u00f3ria, a Som Livre lan\u00e7ou nomes importantes da m\u00fasica no pa\u00eds, como Djavan, Bar\u00e3o Vermelho, Cazuza e atualmente possui os maiores nomes da m\u00fasica nacional. Na linha de shows, a empresa \u00e9 detentora de grandes festivais e eventos, como Festeja, Samba Demais, Destino M\u00fasica e Arena Pop, al\u00e9m de assinar projetos para outras marcas, como o Glacial Fest, da Heineken.<\/p>\n\n\n\n<p>No time de sertanejo e forr\u00f3 da Som Livre est\u00e3o nomes como Mar\u00edlia Mendon\u00e7a, Jorge &amp; Mateus, Maiara &amp; Maraisa, Wesley Safad\u00e3o, Michel Tel\u00f3, Z\u00e9 Neto &amp; Cristiano, C\u00e9sar Menotti &amp; Fabiano, Mano Walter, Xand Avi\u00e3o e Ra\u00ed Saia Rodada. O samba e o pagode s\u00e3o estrelados por nomes como Thiaguinho, Alexandre Pires, Ra\u00e7a Negra, Tiee e o grupo Menos \u00c9 Mais. A MPB \u00e9 representada por Ney Matogrosso, Novos Baianos, Erasmo Carlos, Jo\u00e3o Bosco e no selo slap est\u00e3o artistas como Maria Gad\u00fa, Marcelo Jeneci, C\u00e9u e Scalene. O pop e o funk trazem os fen\u00f4menos Lexa, Kevin O Chris, MC Kekel e a dupla Carol &amp; Vitoria, enquanto o cast de rap carrega artistas como Edi Rock, Haikaiss e Filipe Ret. O selo austro de m\u00fasica eletr\u00f4nica \u00e9 formado por Bhaskar, Mojjo, Ralk e Samhara. E Ton Carfi, Davi Sacer e Clovis Pinho representam o gospel da Som Livre. Som Livre, h\u00e1 mais de 50 anos a trilha sonora da sua vida.<\/p>\n","protected":false},"excerpt":{"rendered":"<p>Uma das maiores duplas de sertanejo do Brasil est\u00e1 apagando as velinhas neste ano! Jorge &amp; Mateus completam 15 anos de carreira e a data n\u00e3o poderia passar em branco pela Som Livre. Em tom de homenagem, foi produzido um comercial de TV com dois minutos de dura\u00e7\u00e3o com trechos de grandes sucessos dos artistas [&hellip;]<\/p>\n","protected":false},"author":1,"featured_media":20294,"comment_status":"open","ping_status":"open","sticky":false,"template":"","format":"standard","meta":{"tdm_status":"","tdm_grid_status":"","footnotes":""},"categories":[14],"tags":[65,3532,28,3129],"class_list":["post-20293","post","type-post","status-publish","format-standard","has-post-thumbnail","hentry","category-videos","tag-campanha","tag-jorge-mateus","tag-marketing","tag-som-livre"],"yoast_head":"<!-- This site is optimized with the Yoast SEO plugin v27.5 - https:\/\/yoast.com\/product\/yoast-seo-wordpress\/ -->\n<title>Em anima\u00e7\u00e3o, Som Livre comemora 15 anos de Jorge &amp; Mateus - CidadeMarketing<\/title>\n<meta name=\"robots\" content=\"index, follow, max-snippet:-1, max-image-preview:large, max-video-preview:-1\" \/>\n<link rel=\"canonical\" href=\"https:\/\/www.cidademarketing.com.br\/marketing\/2020\/11\/03\/em-animacao-som-livre-comemora-15-anos-de-jorge-mateus\/\" \/>\n<meta property=\"og:locale\" content=\"pt_BR\" \/>\n<meta property=\"og:type\" content=\"article\" \/>\n<meta property=\"og:title\" content=\"Em anima\u00e7\u00e3o, Som Livre comemora 15 anos de Jorge &amp; Mateus - CidadeMarketing\" \/>\n<meta property=\"og:description\" content=\"Uma das maiores duplas de sertanejo do Brasil est\u00e1 apagando as velinhas neste ano! Jorge &amp; Mateus completam 15 anos de carreira e a data n\u00e3o poderia passar em branco pela Som Livre. Em tom de homenagem, foi produzido um comercial de TV com dois minutos de dura\u00e7\u00e3o com trechos de grandes sucessos dos artistas [&hellip;]\" \/>\n<meta property=\"og:url\" content=\"https:\/\/www.cidademarketing.com.br\/marketing\/2020\/11\/03\/em-animacao-som-livre-comemora-15-anos-de-jorge-mateus\/\" \/>\n<meta property=\"og:site_name\" content=\"CidadeMarketing\" \/>\n<meta property=\"article:publisher\" content=\"https:\/\/www.facebook.com\/portalcidademarketing\" \/>\n<meta property=\"article:author\" content=\"https:\/\/www.facebook.com\/thalesbrandao\" \/>\n<meta property=\"article:published_time\" content=\"2020-11-03T23:41:14+00:00\" \/>\n<meta property=\"article:modified_time\" content=\"2020-11-03T23:41:19+00:00\" \/>\n<meta property=\"og:image\" content=\"https:\/\/www.cidademarketing.com.br\/marketing\/wp-content\/uploads\/2020\/11\/jorgeemateus15anos_somlivre.jpg\" \/>\n\t<meta property=\"og:image:width\" content=\"1178\" \/>\n\t<meta property=\"og:image:height\" content=\"608\" \/>\n\t<meta property=\"og:image:type\" content=\"image\/jpeg\" \/>\n<meta name=\"author\" content=\"Thales Brand\u00e3o\" \/>\n<meta name=\"twitter:card\" content=\"summary_large_image\" \/>\n<meta name=\"twitter:creator\" content=\"@http:\/\/www.twitter.com\/thalesbrandao\" \/>\n<meta name=\"twitter:site\" content=\"@CidadeMarketing\" \/>\n<meta name=\"twitter:label1\" content=\"Escrito por\" \/>\n\t<meta name=\"twitter:data1\" content=\"Thales Brand\u00e3o\" \/>\n\t<meta name=\"twitter:label2\" content=\"Est. tempo de leitura\" \/>\n\t<meta name=\"twitter:data2\" content=\"5 minutos\" \/>\n<script type=\"application\/ld+json\" class=\"yoast-schema-graph\">{\"@context\":\"https:\\\/\\\/schema.org\",\"@graph\":[{\"@type\":\"Article\",\"@id\":\"https:\\\/\\\/www.cidademarketing.com.br\\\/marketing\\\/2020\\\/11\\\/03\\\/em-animacao-som-livre-comemora-15-anos-de-jorge-mateus\\\/#article\",\"isPartOf\":{\"@id\":\"https:\\\/\\\/www.cidademarketing.com.br\\\/marketing\\\/2020\\\/11\\\/03\\\/em-animacao-som-livre-comemora-15-anos-de-jorge-mateus\\\/\"},\"author\":{\"name\":\"Thales Brand\u00e3o\",\"@id\":\"https:\\\/\\\/www.cidademarketing.com.br\\\/marketing\\\/#\\\/schema\\\/person\\\/02daff9f18bd9378c9e01eb6b2db155f\"},\"headline\":\"Em anima\u00e7\u00e3o, Som Livre comemora 15 anos de Jorge &#038; Mateus\",\"datePublished\":\"2020-11-03T23:41:14+00:00\",\"dateModified\":\"2020-11-03T23:41:19+00:00\",\"mainEntityOfPage\":{\"@id\":\"https:\\\/\\\/www.cidademarketing.com.br\\\/marketing\\\/2020\\\/11\\\/03\\\/em-animacao-som-livre-comemora-15-anos-de-jorge-mateus\\\/\"},\"wordCount\":1042,\"commentCount\":0,\"publisher\":{\"@id\":\"https:\\\/\\\/www.cidademarketing.com.br\\\/marketing\\\/#organization\"},\"image\":{\"@id\":\"https:\\\/\\\/www.cidademarketing.com.br\\\/marketing\\\/2020\\\/11\\\/03\\\/em-animacao-som-livre-comemora-15-anos-de-jorge-mateus\\\/#primaryimage\"},\"thumbnailUrl\":\"https:\\\/\\\/www.cidademarketing.com.br\\\/marketing\\\/wp-content\\\/uploads\\\/2020\\\/11\\\/jorgeemateus15anos_somlivre.jpg\",\"keywords\":[\"campanha\",\"Jorge &amp; Mateus\",\"marketing\",\"Som Livre\"],\"articleSection\":[\"Videos\"],\"inLanguage\":\"pt-BR\",\"potentialAction\":[{\"@type\":\"CommentAction\",\"name\":\"Comment\",\"target\":[\"https:\\\/\\\/www.cidademarketing.com.br\\\/marketing\\\/2020\\\/11\\\/03\\\/em-animacao-som-livre-comemora-15-anos-de-jorge-mateus\\\/#respond\"]}]},{\"@type\":\"WebPage\",\"@id\":\"https:\\\/\\\/www.cidademarketing.com.br\\\/marketing\\\/2020\\\/11\\\/03\\\/em-animacao-som-livre-comemora-15-anos-de-jorge-mateus\\\/\",\"url\":\"https:\\\/\\\/www.cidademarketing.com.br\\\/marketing\\\/2020\\\/11\\\/03\\\/em-animacao-som-livre-comemora-15-anos-de-jorge-mateus\\\/\",\"name\":\"Em anima\u00e7\u00e3o, Som Livre comemora 15 anos de Jorge & Mateus - CidadeMarketing\",\"isPartOf\":{\"@id\":\"https:\\\/\\\/www.cidademarketing.com.br\\\/marketing\\\/#website\"},\"primaryImageOfPage\":{\"@id\":\"https:\\\/\\\/www.cidademarketing.com.br\\\/marketing\\\/2020\\\/11\\\/03\\\/em-animacao-som-livre-comemora-15-anos-de-jorge-mateus\\\/#primaryimage\"},\"image\":{\"@id\":\"https:\\\/\\\/www.cidademarketing.com.br\\\/marketing\\\/2020\\\/11\\\/03\\\/em-animacao-som-livre-comemora-15-anos-de-jorge-mateus\\\/#primaryimage\"},\"thumbnailUrl\":\"https:\\\/\\\/www.cidademarketing.com.br\\\/marketing\\\/wp-content\\\/uploads\\\/2020\\\/11\\\/jorgeemateus15anos_somlivre.jpg\",\"datePublished\":\"2020-11-03T23:41:14+00:00\",\"dateModified\":\"2020-11-03T23:41:19+00:00\",\"breadcrumb\":{\"@id\":\"https:\\\/\\\/www.cidademarketing.com.br\\\/marketing\\\/2020\\\/11\\\/03\\\/em-animacao-som-livre-comemora-15-anos-de-jorge-mateus\\\/#breadcrumb\"},\"inLanguage\":\"pt-BR\",\"potentialAction\":[{\"@type\":\"ReadAction\",\"target\":[\"https:\\\/\\\/www.cidademarketing.com.br\\\/marketing\\\/2020\\\/11\\\/03\\\/em-animacao-som-livre-comemora-15-anos-de-jorge-mateus\\\/\"]}]},{\"@type\":\"ImageObject\",\"inLanguage\":\"pt-BR\",\"@id\":\"https:\\\/\\\/www.cidademarketing.com.br\\\/marketing\\\/2020\\\/11\\\/03\\\/em-animacao-som-livre-comemora-15-anos-de-jorge-mateus\\\/#primaryimage\",\"url\":\"https:\\\/\\\/www.cidademarketing.com.br\\\/marketing\\\/wp-content\\\/uploads\\\/2020\\\/11\\\/jorgeemateus15anos_somlivre.jpg\",\"contentUrl\":\"https:\\\/\\\/www.cidademarketing.com.br\\\/marketing\\\/wp-content\\\/uploads\\\/2020\\\/11\\\/jorgeemateus15anos_somlivre.jpg\",\"width\":1178,\"height\":608,\"caption\":\"Reprodu\u00e7\u00e3o\"},{\"@type\":\"BreadcrumbList\",\"@id\":\"https:\\\/\\\/www.cidademarketing.com.br\\\/marketing\\\/2020\\\/11\\\/03\\\/em-animacao-som-livre-comemora-15-anos-de-jorge-mateus\\\/#breadcrumb\",\"itemListElement\":[{\"@type\":\"ListItem\",\"position\":1,\"name\":\"In\u00edcio\",\"item\":\"https:\\\/\\\/www.cidademarketing.com.br\\\/marketing\\\/\"},{\"@type\":\"ListItem\",\"position\":2,\"name\":\"Em anima\u00e7\u00e3o, Som Livre comemora 15 anos de Jorge &#038; Mateus\"}]},{\"@type\":\"WebSite\",\"@id\":\"https:\\\/\\\/www.cidademarketing.com.br\\\/marketing\\\/#website\",\"url\":\"https:\\\/\\\/www.cidademarketing.com.br\\\/marketing\\\/\",\"name\":\"CidadeMarketing\",\"description\":\"Somos um ve\u00edculo de comunica\u00e7\u00e3o de destaque no Brasil, reconhecido por conte\u00fados nos segmentos de marketing, empreendedorismo e inova\u00e7\u00e3o.\",\"publisher\":{\"@id\":\"https:\\\/\\\/www.cidademarketing.com.br\\\/marketing\\\/#organization\"},\"alternateName\":\"CidadeMarketing\",\"potentialAction\":[{\"@type\":\"SearchAction\",\"target\":{\"@type\":\"EntryPoint\",\"urlTemplate\":\"https:\\\/\\\/www.cidademarketing.com.br\\\/marketing\\\/?s={search_term_string}\"},\"query-input\":{\"@type\":\"PropertyValueSpecification\",\"valueRequired\":true,\"valueName\":\"search_term_string\"}}],\"inLanguage\":\"pt-BR\"},{\"@type\":\"Organization\",\"@id\":\"https:\\\/\\\/www.cidademarketing.com.br\\\/marketing\\\/#organization\",\"name\":\"CidadeMarketing\",\"alternateName\":\"CidadeMarketing\",\"url\":\"https:\\\/\\\/www.cidademarketing.com.br\\\/marketing\\\/\",\"logo\":{\"@type\":\"ImageObject\",\"inLanguage\":\"pt-BR\",\"@id\":\"https:\\\/\\\/www.cidademarketing.com.br\\\/marketing\\\/#\\\/schema\\\/logo\\\/image\\\/\",\"url\":\"https:\\\/\\\/www.cidademarketing.com.br\\\/marketing\\\/wp-content\\\/uploads\\\/2020\\\/01\\\/cidademarketing_marca_mobile.png\",\"contentUrl\":\"https:\\\/\\\/www.cidademarketing.com.br\\\/marketing\\\/wp-content\\\/uploads\\\/2020\\\/01\\\/cidademarketing_marca_mobile.png\",\"width\":230,\"height\":92,\"caption\":\"CidadeMarketing\"},\"image\":{\"@id\":\"https:\\\/\\\/www.cidademarketing.com.br\\\/marketing\\\/#\\\/schema\\\/logo\\\/image\\\/\"},\"sameAs\":[\"https:\\\/\\\/www.facebook.com\\\/portalcidademarketing\",\"https:\\\/\\\/x.com\\\/CidadeMarketing\",\"https:\\\/\\\/www.instagram.com\\\/cidademarketing\\\/\"]},{\"@type\":\"Person\",\"@id\":\"https:\\\/\\\/www.cidademarketing.com.br\\\/marketing\\\/#\\\/schema\\\/person\\\/02daff9f18bd9378c9e01eb6b2db155f\",\"name\":\"Thales Brand\u00e3o\",\"image\":{\"@type\":\"ImageObject\",\"inLanguage\":\"pt-BR\",\"@id\":\"https:\\\/\\\/secure.gravatar.com\\\/avatar\\\/7ca3206950207cc3cb48feec56a8a7898741ab725c368d99d5d7a5a50aab80c6?s=96&d=mm&r=g\",\"url\":\"https:\\\/\\\/secure.gravatar.com\\\/avatar\\\/7ca3206950207cc3cb48feec56a8a7898741ab725c368d99d5d7a5a50aab80c6?s=96&d=mm&r=g\",\"contentUrl\":\"https:\\\/\\\/secure.gravatar.com\\\/avatar\\\/7ca3206950207cc3cb48feec56a8a7898741ab725c368d99d5d7a5a50aab80c6?s=96&d=mm&r=g\",\"caption\":\"Thales Brand\u00e3o\"},\"description\":\"Editor Executivo do Portal CidadeMarketing.com.br &gt; Mestre em Comunica\u00e7\u00e3o e Sociedade pela Universidade Federal de Sergipe. Possui MBA Executivo em Administra\u00e7\u00e3o com \u00eanfase em Marketing pela Funda\u00e7\u00e3o Get\u00falio Vargas - Rio de Janeiro. Consultor, Palestrante e Pesquisador sobre Empreendedorismo, Marketing, Redes Sociais e Neg\u00f3cios Digitais. Professor, Palestrante TedxTalks e Campus Party. Twitter: @ThalesBrandao\",\"sameAs\":[\"http:\\\/\\\/www.mandacaru.com.br\",\"https:\\\/\\\/www.facebook.com\\\/thalesbrandao\",\"http:\\\/\\\/www.instagram.com.br\\\/thalesbrandaoferreira\",\"https:\\\/\\\/www.linkedin.com\\\/in\\\/thales-brand\u00e3o-3948609\\\/\",\"https:\\\/\\\/x.com\\\/http:\\\/\\\/www.twitter.com\\\/thalesbrandao\"],\"url\":\"https:\\\/\\\/www.cidademarketing.com.br\\\/marketing\\\/author\\\/thalesbrandao\\\/\"}]}<\/script>\n<!-- \/ Yoast SEO plugin. -->","yoast_head_json":{"title":"Em anima\u00e7\u00e3o, Som Livre comemora 15 anos de Jorge & Mateus - CidadeMarketing","robots":{"index":"index","follow":"follow","max-snippet":"max-snippet:-1","max-image-preview":"max-image-preview:large","max-video-preview":"max-video-preview:-1"},"canonical":"https:\/\/www.cidademarketing.com.br\/marketing\/2020\/11\/03\/em-animacao-som-livre-comemora-15-anos-de-jorge-mateus\/","og_locale":"pt_BR","og_type":"article","og_title":"Em anima\u00e7\u00e3o, Som Livre comemora 15 anos de Jorge & Mateus - CidadeMarketing","og_description":"Uma das maiores duplas de sertanejo do Brasil est\u00e1 apagando as velinhas neste ano! Jorge &amp; Mateus completam 15 anos de carreira e a data n\u00e3o poderia passar em branco pela Som Livre. Em tom de homenagem, foi produzido um comercial de TV com dois minutos de dura\u00e7\u00e3o com trechos de grandes sucessos dos artistas [&hellip;]","og_url":"https:\/\/www.cidademarketing.com.br\/marketing\/2020\/11\/03\/em-animacao-som-livre-comemora-15-anos-de-jorge-mateus\/","og_site_name":"CidadeMarketing","article_publisher":"https:\/\/www.facebook.com\/portalcidademarketing","article_author":"https:\/\/www.facebook.com\/thalesbrandao","article_published_time":"2020-11-03T23:41:14+00:00","article_modified_time":"2020-11-03T23:41:19+00:00","og_image":[{"width":1178,"height":608,"url":"https:\/\/www.cidademarketing.com.br\/marketing\/wp-content\/uploads\/2020\/11\/jorgeemateus15anos_somlivre.jpg","type":"image\/jpeg"}],"author":"Thales Brand\u00e3o","twitter_card":"summary_large_image","twitter_creator":"@http:\/\/www.twitter.com\/thalesbrandao","twitter_site":"@CidadeMarketing","twitter_misc":{"Escrito por":"Thales Brand\u00e3o","Est. tempo de leitura":"5 minutos"},"schema":{"@context":"https:\/\/schema.org","@graph":[{"@type":"Article","@id":"https:\/\/www.cidademarketing.com.br\/marketing\/2020\/11\/03\/em-animacao-som-livre-comemora-15-anos-de-jorge-mateus\/#article","isPartOf":{"@id":"https:\/\/www.cidademarketing.com.br\/marketing\/2020\/11\/03\/em-animacao-som-livre-comemora-15-anos-de-jorge-mateus\/"},"author":{"name":"Thales Brand\u00e3o","@id":"https:\/\/www.cidademarketing.com.br\/marketing\/#\/schema\/person\/02daff9f18bd9378c9e01eb6b2db155f"},"headline":"Em anima\u00e7\u00e3o, Som Livre comemora 15 anos de Jorge &#038; Mateus","datePublished":"2020-11-03T23:41:14+00:00","dateModified":"2020-11-03T23:41:19+00:00","mainEntityOfPage":{"@id":"https:\/\/www.cidademarketing.com.br\/marketing\/2020\/11\/03\/em-animacao-som-livre-comemora-15-anos-de-jorge-mateus\/"},"wordCount":1042,"commentCount":0,"publisher":{"@id":"https:\/\/www.cidademarketing.com.br\/marketing\/#organization"},"image":{"@id":"https:\/\/www.cidademarketing.com.br\/marketing\/2020\/11\/03\/em-animacao-som-livre-comemora-15-anos-de-jorge-mateus\/#primaryimage"},"thumbnailUrl":"https:\/\/www.cidademarketing.com.br\/marketing\/wp-content\/uploads\/2020\/11\/jorgeemateus15anos_somlivre.jpg","keywords":["campanha","Jorge &amp; Mateus","marketing","Som Livre"],"articleSection":["Videos"],"inLanguage":"pt-BR","potentialAction":[{"@type":"CommentAction","name":"Comment","target":["https:\/\/www.cidademarketing.com.br\/marketing\/2020\/11\/03\/em-animacao-som-livre-comemora-15-anos-de-jorge-mateus\/#respond"]}]},{"@type":"WebPage","@id":"https:\/\/www.cidademarketing.com.br\/marketing\/2020\/11\/03\/em-animacao-som-livre-comemora-15-anos-de-jorge-mateus\/","url":"https:\/\/www.cidademarketing.com.br\/marketing\/2020\/11\/03\/em-animacao-som-livre-comemora-15-anos-de-jorge-mateus\/","name":"Em anima\u00e7\u00e3o, Som Livre comemora 15 anos de Jorge & Mateus - CidadeMarketing","isPartOf":{"@id":"https:\/\/www.cidademarketing.com.br\/marketing\/#website"},"primaryImageOfPage":{"@id":"https:\/\/www.cidademarketing.com.br\/marketing\/2020\/11\/03\/em-animacao-som-livre-comemora-15-anos-de-jorge-mateus\/#primaryimage"},"image":{"@id":"https:\/\/www.cidademarketing.com.br\/marketing\/2020\/11\/03\/em-animacao-som-livre-comemora-15-anos-de-jorge-mateus\/#primaryimage"},"thumbnailUrl":"https:\/\/www.cidademarketing.com.br\/marketing\/wp-content\/uploads\/2020\/11\/jorgeemateus15anos_somlivre.jpg","datePublished":"2020-11-03T23:41:14+00:00","dateModified":"2020-11-03T23:41:19+00:00","breadcrumb":{"@id":"https:\/\/www.cidademarketing.com.br\/marketing\/2020\/11\/03\/em-animacao-som-livre-comemora-15-anos-de-jorge-mateus\/#breadcrumb"},"inLanguage":"pt-BR","potentialAction":[{"@type":"ReadAction","target":["https:\/\/www.cidademarketing.com.br\/marketing\/2020\/11\/03\/em-animacao-som-livre-comemora-15-anos-de-jorge-mateus\/"]}]},{"@type":"ImageObject","inLanguage":"pt-BR","@id":"https:\/\/www.cidademarketing.com.br\/marketing\/2020\/11\/03\/em-animacao-som-livre-comemora-15-anos-de-jorge-mateus\/#primaryimage","url":"https:\/\/www.cidademarketing.com.br\/marketing\/wp-content\/uploads\/2020\/11\/jorgeemateus15anos_somlivre.jpg","contentUrl":"https:\/\/www.cidademarketing.com.br\/marketing\/wp-content\/uploads\/2020\/11\/jorgeemateus15anos_somlivre.jpg","width":1178,"height":608,"caption":"Reprodu\u00e7\u00e3o"},{"@type":"BreadcrumbList","@id":"https:\/\/www.cidademarketing.com.br\/marketing\/2020\/11\/03\/em-animacao-som-livre-comemora-15-anos-de-jorge-mateus\/#breadcrumb","itemListElement":[{"@type":"ListItem","position":1,"name":"In\u00edcio","item":"https:\/\/www.cidademarketing.com.br\/marketing\/"},{"@type":"ListItem","position":2,"name":"Em anima\u00e7\u00e3o, Som Livre comemora 15 anos de Jorge &#038; Mateus"}]},{"@type":"WebSite","@id":"https:\/\/www.cidademarketing.com.br\/marketing\/#website","url":"https:\/\/www.cidademarketing.com.br\/marketing\/","name":"CidadeMarketing","description":"Somos um ve\u00edculo de comunica\u00e7\u00e3o de destaque no Brasil, reconhecido por conte\u00fados nos segmentos de marketing, empreendedorismo e inova\u00e7\u00e3o.","publisher":{"@id":"https:\/\/www.cidademarketing.com.br\/marketing\/#organization"},"alternateName":"CidadeMarketing","potentialAction":[{"@type":"SearchAction","target":{"@type":"EntryPoint","urlTemplate":"https:\/\/www.cidademarketing.com.br\/marketing\/?s={search_term_string}"},"query-input":{"@type":"PropertyValueSpecification","valueRequired":true,"valueName":"search_term_string"}}],"inLanguage":"pt-BR"},{"@type":"Organization","@id":"https:\/\/www.cidademarketing.com.br\/marketing\/#organization","name":"CidadeMarketing","alternateName":"CidadeMarketing","url":"https:\/\/www.cidademarketing.com.br\/marketing\/","logo":{"@type":"ImageObject","inLanguage":"pt-BR","@id":"https:\/\/www.cidademarketing.com.br\/marketing\/#\/schema\/logo\/image\/","url":"https:\/\/www.cidademarketing.com.br\/marketing\/wp-content\/uploads\/2020\/01\/cidademarketing_marca_mobile.png","contentUrl":"https:\/\/www.cidademarketing.com.br\/marketing\/wp-content\/uploads\/2020\/01\/cidademarketing_marca_mobile.png","width":230,"height":92,"caption":"CidadeMarketing"},"image":{"@id":"https:\/\/www.cidademarketing.com.br\/marketing\/#\/schema\/logo\/image\/"},"sameAs":["https:\/\/www.facebook.com\/portalcidademarketing","https:\/\/x.com\/CidadeMarketing","https:\/\/www.instagram.com\/cidademarketing\/"]},{"@type":"Person","@id":"https:\/\/www.cidademarketing.com.br\/marketing\/#\/schema\/person\/02daff9f18bd9378c9e01eb6b2db155f","name":"Thales Brand\u00e3o","image":{"@type":"ImageObject","inLanguage":"pt-BR","@id":"https:\/\/secure.gravatar.com\/avatar\/7ca3206950207cc3cb48feec56a8a7898741ab725c368d99d5d7a5a50aab80c6?s=96&d=mm&r=g","url":"https:\/\/secure.gravatar.com\/avatar\/7ca3206950207cc3cb48feec56a8a7898741ab725c368d99d5d7a5a50aab80c6?s=96&d=mm&r=g","contentUrl":"https:\/\/secure.gravatar.com\/avatar\/7ca3206950207cc3cb48feec56a8a7898741ab725c368d99d5d7a5a50aab80c6?s=96&d=mm&r=g","caption":"Thales Brand\u00e3o"},"description":"Editor Executivo do Portal CidadeMarketing.com.br &gt; Mestre em Comunica\u00e7\u00e3o e Sociedade pela Universidade Federal de Sergipe. Possui MBA Executivo em Administra\u00e7\u00e3o com \u00eanfase em Marketing pela Funda\u00e7\u00e3o Get\u00falio Vargas - Rio de Janeiro. Consultor, Palestrante e Pesquisador sobre Empreendedorismo, Marketing, Redes Sociais e Neg\u00f3cios Digitais. Professor, Palestrante TedxTalks e Campus Party. Twitter: @ThalesBrandao","sameAs":["http:\/\/www.mandacaru.com.br","https:\/\/www.facebook.com\/thalesbrandao","http:\/\/www.instagram.com.br\/thalesbrandaoferreira","https:\/\/www.linkedin.com\/in\/thales-brand\u00e3o-3948609\/","https:\/\/x.com\/http:\/\/www.twitter.com\/thalesbrandao"],"url":"https:\/\/www.cidademarketing.com.br\/marketing\/author\/thalesbrandao\/"}]}},"amp_enabled":true,"_links":{"self":[{"href":"https:\/\/www.cidademarketing.com.br\/marketing\/wp-json\/wp\/v2\/posts\/20293","targetHints":{"allow":["GET"]}}],"collection":[{"href":"https:\/\/www.cidademarketing.com.br\/marketing\/wp-json\/wp\/v2\/posts"}],"about":[{"href":"https:\/\/www.cidademarketing.com.br\/marketing\/wp-json\/wp\/v2\/types\/post"}],"author":[{"embeddable":true,"href":"https:\/\/www.cidademarketing.com.br\/marketing\/wp-json\/wp\/v2\/users\/1"}],"replies":[{"embeddable":true,"href":"https:\/\/www.cidademarketing.com.br\/marketing\/wp-json\/wp\/v2\/comments?post=20293"}],"version-history":[{"count":1,"href":"https:\/\/www.cidademarketing.com.br\/marketing\/wp-json\/wp\/v2\/posts\/20293\/revisions"}],"predecessor-version":[{"id":20295,"href":"https:\/\/www.cidademarketing.com.br\/marketing\/wp-json\/wp\/v2\/posts\/20293\/revisions\/20295"}],"wp:featuredmedia":[{"embeddable":true,"href":"https:\/\/www.cidademarketing.com.br\/marketing\/wp-json\/wp\/v2\/media\/20294"}],"wp:attachment":[{"href":"https:\/\/www.cidademarketing.com.br\/marketing\/wp-json\/wp\/v2\/media?parent=20293"}],"wp:term":[{"taxonomy":"category","embeddable":true,"href":"https:\/\/www.cidademarketing.com.br\/marketing\/wp-json\/wp\/v2\/categories?post=20293"},{"taxonomy":"post_tag","embeddable":true,"href":"https:\/\/www.cidademarketing.com.br\/marketing\/wp-json\/wp\/v2\/tags?post=20293"}],"curies":[{"name":"wp","href":"https:\/\/api.w.org\/{rel}","templated":true}]}}