{"id":20259,"date":"2020-11-01T23:52:39","date_gmt":"2020-11-02T02:52:39","guid":{"rendered":"https:\/\/www.cidademarketing.com.br\/marketing\/?p=20259"},"modified":"2020-11-01T23:52:46","modified_gmt":"2020-11-02T02:52:46","slug":"salvador-shopping-e-salvador-norte-funcionam-em-horario-especial-no-dia-de-finados","status":"publish","type":"post","link":"https:\/\/www.cidademarketing.com.br\/marketing\/2020\/11\/01\/salvador-shopping-e-salvador-norte-funcionam-em-horario-especial-no-dia-de-finados\/","title":{"rendered":"Salvador Shopping e Salvador Norte funcionam em hor\u00e1rio especial no Dia de Finados"},"content":{"rendered":"\n<p>O Salvador Shopping e o Salvador Norte funcionar\u00e3o em hor\u00e1rios especiais no Dia de Finados, celebrado na segunda-feira, 02 de novembro. Confira abaixo a programa\u00e7\u00e3o dos empreendimentos.<\/p>\n\n\n\n<p><strong>Salvador Shopping:<\/strong><strong><\/strong><\/p>\n\n\n\n<ul class=\"wp-block-list\"><li>Bompre\u00e7o: 8h \u00e0s 21h;<\/li><li>Alimenta\u00e7\u00e3o, Lojas \u00e2ncoras (C&amp;A, Casas Bahia, Centauro, Etna, Fast Shop, Le Biscuit, Lojas Americanas, Magazine Luiza, Marisa, Renner e Riachuelo), Farm\u00e1cias (Drogasil, Extrafarma, Globo, Pague Menos e S\u00e3o Paulo), Sal\u00f5es de beleza (Barber City, Jacques Janine, Sal\u00e3o Miau e Via Paris): <strong>12h \u00e0s 21h<\/strong>;<\/li><li>Drive Thru: <strong>12h \u00e0s 21h<\/strong>; apenas as lojas que estar\u00e3o abertas;<\/li><li>Espa\u00e7o Gourmet: <strong>12h \u00e0s 00h;<\/strong><\/li><li>Cinema: <strong>14h15 \u00e0s 22h30<\/strong>;<\/li><li>Bancos, Cl\u00ednicas (Clivale, Immune Vacinas e Labchecap), Correios, Farm\u00e1cias de manipula\u00e7\u00e3o, Lot\u00e9rica, SAC, demais lojas e quiosques associados ao Sindicato dos Comerci\u00e1rios: <strong>fechados.<\/strong><\/li><\/ul>\n\n\n\n<p><strong>Salvador Norte Shopping:<\/strong><\/p>\n\n\n\n<ul class=\"wp-block-list\"><li>Academia SmartFit:<strong> 9h \u00e0s 15h;<\/strong><\/li><li>Cinema:<strong> 13h \u00e0s 21h;<\/strong><\/li><li>Alimenta\u00e7\u00e3o, Lojas \u00e2ncoras e megalojas (Americanas, C&amp;A, Riachuelo, Renner, Fast Shop, Kalunga, Leader, Marisa, Login, Studio Z, Centauro, Le Biscuit, Beleza Natural), Farm\u00e1cias (Drogasil, Drogaria S\u00e3o Paulo e Pague Menos):<strong> 12h \u00e0s 21h;<\/strong><\/li><\/ul>\n\n\n\n<ul class=\"wp-block-list\"><li>Drive Thru: <strong>12h \u00e0s 21h<\/strong>; apenas as lojas que estar\u00e3o abertas;<\/li><li>Demais lojas e quiosques associados ao Sindicato dos Comerci\u00e1rios, Clivale e Caixa: <strong>fechados;<\/strong><\/li><li>SAC M\u00f3vel: <strong>fechado;<\/strong><\/li><\/ul>\n","protected":false},"excerpt":{"rendered":"<p>O Salvador Shopping e o Salvador Norte funcionar\u00e3o em hor\u00e1rios especiais no Dia de Finados, celebrado na segunda-feira, 02 de novembro. Confira abaixo a programa\u00e7\u00e3o dos empreendimentos. Salvador Shopping: Bompre\u00e7o: 8h \u00e0s 21h; Alimenta\u00e7\u00e3o, Lojas \u00e2ncoras (C&amp;A, Casas Bahia, Centauro, Etna, Fast Shop, Le Biscuit, Lojas Americanas, Magazine Luiza, Marisa, Renner e Riachuelo), Farm\u00e1cias (Drogasil, [&hellip;]<\/p>\n","protected":false},"author":1,"featured_media":16121,"comment_status":"open","ping_status":"open","sticky":false,"template":"","format":"standard","meta":{"tdm_status":"","tdm_grid_status":"","footnotes":""},"categories":[6],"tags":[33,28,572,1378,2403],"class_list":["post-20259","post","type-post","status-publish","format-standard","has-post-thumbnail","hentry","category-noticias","tag-estrategia","tag-marketing","tag-salvador","tag-salvador-norte","tag-salvador-shopping"],"yoast_head":"<!-- This site is optimized with the Yoast SEO plugin v27.5 - https:\/\/yoast.com\/product\/yoast-seo-wordpress\/ -->\n<title>Salvador Shopping e Salvador Norte funcionam em hor\u00e1rio especial no Dia de Finados - CidadeMarketing<\/title>\n<meta name=\"robots\" content=\"index, follow, max-snippet:-1, max-image-preview:large, max-video-preview:-1\" \/>\n<link rel=\"canonical\" href=\"https:\/\/www.cidademarketing.com.br\/marketing\/2020\/11\/01\/salvador-shopping-e-salvador-norte-funcionam-em-horario-especial-no-dia-de-finados\/\" \/>\n<meta property=\"og:locale\" content=\"pt_BR\" \/>\n<meta property=\"og:type\" content=\"article\" \/>\n<meta property=\"og:title\" content=\"Salvador Shopping e Salvador Norte funcionam em hor\u00e1rio especial no Dia de Finados - CidadeMarketing\" \/>\n<meta property=\"og:description\" content=\"O Salvador Shopping e o Salvador Norte funcionar\u00e3o em hor\u00e1rios especiais no Dia de Finados, celebrado na segunda-feira, 02 de novembro. Confira abaixo a programa\u00e7\u00e3o dos empreendimentos. Salvador Shopping: Bompre\u00e7o: 8h \u00e0s 21h; Alimenta\u00e7\u00e3o, Lojas \u00e2ncoras (C&amp;A, Casas Bahia, Centauro, Etna, Fast Shop, Le Biscuit, Lojas Americanas, Magazine Luiza, Marisa, Renner e Riachuelo), Farm\u00e1cias (Drogasil, [&hellip;]\" \/>\n<meta property=\"og:url\" content=\"https:\/\/www.cidademarketing.com.br\/marketing\/2020\/11\/01\/salvador-shopping-e-salvador-norte-funcionam-em-horario-especial-no-dia-de-finados\/\" \/>\n<meta property=\"og:site_name\" content=\"CidadeMarketing\" \/>\n<meta property=\"article:publisher\" content=\"https:\/\/www.facebook.com\/portalcidademarketing\" \/>\n<meta property=\"article:author\" content=\"https:\/\/www.facebook.com\/thalesbrandao\" \/>\n<meta property=\"article:published_time\" content=\"2020-11-02T02:52:39+00:00\" \/>\n<meta property=\"article:modified_time\" content=\"2020-11-02T02:52:46+00:00\" \/>\n<meta property=\"og:image\" content=\"https:\/\/www.cidademarketing.com.br\/marketing\/wp-content\/uploads\/2020\/05\/Salvador-Shopping_Foto-Saulo-Kainuma-3.jpg\" \/>\n\t<meta property=\"og:image:width\" content=\"2400\" \/>\n\t<meta property=\"og:image:height\" content=\"1600\" \/>\n\t<meta property=\"og:image:type\" content=\"image\/jpeg\" \/>\n<meta name=\"author\" content=\"Thales Brand\u00e3o\" \/>\n<meta name=\"twitter:card\" content=\"summary_large_image\" \/>\n<meta name=\"twitter:creator\" content=\"@http:\/\/www.twitter.com\/thalesbrandao\" \/>\n<meta name=\"twitter:site\" content=\"@CidadeMarketing\" \/>\n<meta name=\"twitter:label1\" content=\"Escrito por\" \/>\n\t<meta name=\"twitter:data1\" content=\"Thales Brand\u00e3o\" \/>\n\t<meta name=\"twitter:label2\" content=\"Est. tempo de leitura\" \/>\n\t<meta name=\"twitter:data2\" content=\"1 minuto\" \/>\n<script type=\"application\/ld+json\" class=\"yoast-schema-graph\">{\"@context\":\"https:\\\/\\\/schema.org\",\"@graph\":[{\"@type\":\"Article\",\"@id\":\"https:\\\/\\\/www.cidademarketing.com.br\\\/marketing\\\/2020\\\/11\\\/01\\\/salvador-shopping-e-salvador-norte-funcionam-em-horario-especial-no-dia-de-finados\\\/#article\",\"isPartOf\":{\"@id\":\"https:\\\/\\\/www.cidademarketing.com.br\\\/marketing\\\/2020\\\/11\\\/01\\\/salvador-shopping-e-salvador-norte-funcionam-em-horario-especial-no-dia-de-finados\\\/\"},\"author\":{\"name\":\"Thales Brand\u00e3o\",\"@id\":\"https:\\\/\\\/www.cidademarketing.com.br\\\/marketing\\\/#\\\/schema\\\/person\\\/02daff9f18bd9378c9e01eb6b2db155f\"},\"headline\":\"Salvador Shopping e Salvador Norte funcionam em hor\u00e1rio especial no Dia de Finados\",\"datePublished\":\"2020-11-02T02:52:39+00:00\",\"dateModified\":\"2020-11-02T02:52:46+00:00\",\"mainEntityOfPage\":{\"@id\":\"https:\\\/\\\/www.cidademarketing.com.br\\\/marketing\\\/2020\\\/11\\\/01\\\/salvador-shopping-e-salvador-norte-funcionam-em-horario-especial-no-dia-de-finados\\\/\"},\"wordCount\":231,\"commentCount\":0,\"publisher\":{\"@id\":\"https:\\\/\\\/www.cidademarketing.com.br\\\/marketing\\\/#organization\"},\"image\":{\"@id\":\"https:\\\/\\\/www.cidademarketing.com.br\\\/marketing\\\/2020\\\/11\\\/01\\\/salvador-shopping-e-salvador-norte-funcionam-em-horario-especial-no-dia-de-finados\\\/#primaryimage\"},\"thumbnailUrl\":\"https:\\\/\\\/www.cidademarketing.com.br\\\/marketing\\\/wp-content\\\/uploads\\\/2020\\\/05\\\/Salvador-Shopping_Foto-Saulo-Kainuma-3.jpg\",\"keywords\":[\"estrat\u00e9gia\",\"marketing\",\"Salvador\",\"Salvador Norte\",\"Salvador Shopping\"],\"articleSection\":[\"Not\u00edcias\"],\"inLanguage\":\"pt-BR\",\"potentialAction\":[{\"@type\":\"CommentAction\",\"name\":\"Comment\",\"target\":[\"https:\\\/\\\/www.cidademarketing.com.br\\\/marketing\\\/2020\\\/11\\\/01\\\/salvador-shopping-e-salvador-norte-funcionam-em-horario-especial-no-dia-de-finados\\\/#respond\"]}]},{\"@type\":\"WebPage\",\"@id\":\"https:\\\/\\\/www.cidademarketing.com.br\\\/marketing\\\/2020\\\/11\\\/01\\\/salvador-shopping-e-salvador-norte-funcionam-em-horario-especial-no-dia-de-finados\\\/\",\"url\":\"https:\\\/\\\/www.cidademarketing.com.br\\\/marketing\\\/2020\\\/11\\\/01\\\/salvador-shopping-e-salvador-norte-funcionam-em-horario-especial-no-dia-de-finados\\\/\",\"name\":\"Salvador Shopping e Salvador Norte funcionam em hor\u00e1rio especial no Dia de Finados - CidadeMarketing\",\"isPartOf\":{\"@id\":\"https:\\\/\\\/www.cidademarketing.com.br\\\/marketing\\\/#website\"},\"primaryImageOfPage\":{\"@id\":\"https:\\\/\\\/www.cidademarketing.com.br\\\/marketing\\\/2020\\\/11\\\/01\\\/salvador-shopping-e-salvador-norte-funcionam-em-horario-especial-no-dia-de-finados\\\/#primaryimage\"},\"image\":{\"@id\":\"https:\\\/\\\/www.cidademarketing.com.br\\\/marketing\\\/2020\\\/11\\\/01\\\/salvador-shopping-e-salvador-norte-funcionam-em-horario-especial-no-dia-de-finados\\\/#primaryimage\"},\"thumbnailUrl\":\"https:\\\/\\\/www.cidademarketing.com.br\\\/marketing\\\/wp-content\\\/uploads\\\/2020\\\/05\\\/Salvador-Shopping_Foto-Saulo-Kainuma-3.jpg\",\"datePublished\":\"2020-11-02T02:52:39+00:00\",\"dateModified\":\"2020-11-02T02:52:46+00:00\",\"breadcrumb\":{\"@id\":\"https:\\\/\\\/www.cidademarketing.com.br\\\/marketing\\\/2020\\\/11\\\/01\\\/salvador-shopping-e-salvador-norte-funcionam-em-horario-especial-no-dia-de-finados\\\/#breadcrumb\"},\"inLanguage\":\"pt-BR\",\"potentialAction\":[{\"@type\":\"ReadAction\",\"target\":[\"https:\\\/\\\/www.cidademarketing.com.br\\\/marketing\\\/2020\\\/11\\\/01\\\/salvador-shopping-e-salvador-norte-funcionam-em-horario-especial-no-dia-de-finados\\\/\"]}]},{\"@type\":\"ImageObject\",\"inLanguage\":\"pt-BR\",\"@id\":\"https:\\\/\\\/www.cidademarketing.com.br\\\/marketing\\\/2020\\\/11\\\/01\\\/salvador-shopping-e-salvador-norte-funcionam-em-horario-especial-no-dia-de-finados\\\/#primaryimage\",\"url\":\"https:\\\/\\\/www.cidademarketing.com.br\\\/marketing\\\/wp-content\\\/uploads\\\/2020\\\/05\\\/Salvador-Shopping_Foto-Saulo-Kainuma-3.jpg\",\"contentUrl\":\"https:\\\/\\\/www.cidademarketing.com.br\\\/marketing\\\/wp-content\\\/uploads\\\/2020\\\/05\\\/Salvador-Shopping_Foto-Saulo-Kainuma-3.jpg\",\"width\":2400,\"height\":1600,\"caption\":\"Foto: Saulo Kainuma\"},{\"@type\":\"BreadcrumbList\",\"@id\":\"https:\\\/\\\/www.cidademarketing.com.br\\\/marketing\\\/2020\\\/11\\\/01\\\/salvador-shopping-e-salvador-norte-funcionam-em-horario-especial-no-dia-de-finados\\\/#breadcrumb\",\"itemListElement\":[{\"@type\":\"ListItem\",\"position\":1,\"name\":\"In\u00edcio\",\"item\":\"https:\\\/\\\/www.cidademarketing.com.br\\\/marketing\\\/\"},{\"@type\":\"ListItem\",\"position\":2,\"name\":\"Salvador Shopping e Salvador Norte funcionam em hor\u00e1rio especial no Dia de Finados\"}]},{\"@type\":\"WebSite\",\"@id\":\"https:\\\/\\\/www.cidademarketing.com.br\\\/marketing\\\/#website\",\"url\":\"https:\\\/\\\/www.cidademarketing.com.br\\\/marketing\\\/\",\"name\":\"CidadeMarketing\",\"description\":\"Somos um ve\u00edculo de comunica\u00e7\u00e3o de destaque no Brasil, reconhecido por conte\u00fados nos segmentos de marketing, empreendedorismo e inova\u00e7\u00e3o.\",\"publisher\":{\"@id\":\"https:\\\/\\\/www.cidademarketing.com.br\\\/marketing\\\/#organization\"},\"alternateName\":\"CidadeMarketing\",\"potentialAction\":[{\"@type\":\"SearchAction\",\"target\":{\"@type\":\"EntryPoint\",\"urlTemplate\":\"https:\\\/\\\/www.cidademarketing.com.br\\\/marketing\\\/?s={search_term_string}\"},\"query-input\":{\"@type\":\"PropertyValueSpecification\",\"valueRequired\":true,\"valueName\":\"search_term_string\"}}],\"inLanguage\":\"pt-BR\"},{\"@type\":\"Organization\",\"@id\":\"https:\\\/\\\/www.cidademarketing.com.br\\\/marketing\\\/#organization\",\"name\":\"CidadeMarketing\",\"alternateName\":\"CidadeMarketing\",\"url\":\"https:\\\/\\\/www.cidademarketing.com.br\\\/marketing\\\/\",\"logo\":{\"@type\":\"ImageObject\",\"inLanguage\":\"pt-BR\",\"@id\":\"https:\\\/\\\/www.cidademarketing.com.br\\\/marketing\\\/#\\\/schema\\\/logo\\\/image\\\/\",\"url\":\"https:\\\/\\\/www.cidademarketing.com.br\\\/marketing\\\/wp-content\\\/uploads\\\/2020\\\/01\\\/cidademarketing_marca_mobile.png\",\"contentUrl\":\"https:\\\/\\\/www.cidademarketing.com.br\\\/marketing\\\/wp-content\\\/uploads\\\/2020\\\/01\\\/cidademarketing_marca_mobile.png\",\"width\":230,\"height\":92,\"caption\":\"CidadeMarketing\"},\"image\":{\"@id\":\"https:\\\/\\\/www.cidademarketing.com.br\\\/marketing\\\/#\\\/schema\\\/logo\\\/image\\\/\"},\"sameAs\":[\"https:\\\/\\\/www.facebook.com\\\/portalcidademarketing\",\"https:\\\/\\\/x.com\\\/CidadeMarketing\",\"https:\\\/\\\/www.instagram.com\\\/cidademarketing\\\/\"]},{\"@type\":\"Person\",\"@id\":\"https:\\\/\\\/www.cidademarketing.com.br\\\/marketing\\\/#\\\/schema\\\/person\\\/02daff9f18bd9378c9e01eb6b2db155f\",\"name\":\"Thales Brand\u00e3o\",\"image\":{\"@type\":\"ImageObject\",\"inLanguage\":\"pt-BR\",\"@id\":\"https:\\\/\\\/secure.gravatar.com\\\/avatar\\\/7ca3206950207cc3cb48feec56a8a7898741ab725c368d99d5d7a5a50aab80c6?s=96&d=mm&r=g\",\"url\":\"https:\\\/\\\/secure.gravatar.com\\\/avatar\\\/7ca3206950207cc3cb48feec56a8a7898741ab725c368d99d5d7a5a50aab80c6?s=96&d=mm&r=g\",\"contentUrl\":\"https:\\\/\\\/secure.gravatar.com\\\/avatar\\\/7ca3206950207cc3cb48feec56a8a7898741ab725c368d99d5d7a5a50aab80c6?s=96&d=mm&r=g\",\"caption\":\"Thales Brand\u00e3o\"},\"description\":\"Editor Executivo do Portal CidadeMarketing.com.br &gt; Mestre em Comunica\u00e7\u00e3o e Sociedade pela Universidade Federal de Sergipe. Possui MBA Executivo em Administra\u00e7\u00e3o com \u00eanfase em Marketing pela Funda\u00e7\u00e3o Get\u00falio Vargas - Rio de Janeiro. Consultor, Palestrante e Pesquisador sobre Empreendedorismo, Marketing, Redes Sociais e Neg\u00f3cios Digitais. Professor, Palestrante TedxTalks e Campus Party. Twitter: @ThalesBrandao\",\"sameAs\":[\"http:\\\/\\\/www.mandacaru.com.br\",\"https:\\\/\\\/www.facebook.com\\\/thalesbrandao\",\"http:\\\/\\\/www.instagram.com.br\\\/thalesbrandaoferreira\",\"https:\\\/\\\/www.linkedin.com\\\/in\\\/thales-brand\u00e3o-3948609\\\/\",\"https:\\\/\\\/x.com\\\/http:\\\/\\\/www.twitter.com\\\/thalesbrandao\"],\"url\":\"https:\\\/\\\/www.cidademarketing.com.br\\\/marketing\\\/author\\\/thalesbrandao\\\/\"}]}<\/script>\n<!-- \/ Yoast SEO plugin. -->","yoast_head_json":{"title":"Salvador Shopping e Salvador Norte funcionam em hor\u00e1rio especial no Dia de Finados - CidadeMarketing","robots":{"index":"index","follow":"follow","max-snippet":"max-snippet:-1","max-image-preview":"max-image-preview:large","max-video-preview":"max-video-preview:-1"},"canonical":"https:\/\/www.cidademarketing.com.br\/marketing\/2020\/11\/01\/salvador-shopping-e-salvador-norte-funcionam-em-horario-especial-no-dia-de-finados\/","og_locale":"pt_BR","og_type":"article","og_title":"Salvador Shopping e Salvador Norte funcionam em hor\u00e1rio especial no Dia de Finados - CidadeMarketing","og_description":"O Salvador Shopping e o Salvador Norte funcionar\u00e3o em hor\u00e1rios especiais no Dia de Finados, celebrado na segunda-feira, 02 de novembro. Confira abaixo a programa\u00e7\u00e3o dos empreendimentos. Salvador Shopping: Bompre\u00e7o: 8h \u00e0s 21h; Alimenta\u00e7\u00e3o, Lojas \u00e2ncoras (C&amp;A, Casas Bahia, Centauro, Etna, Fast Shop, Le Biscuit, Lojas Americanas, Magazine Luiza, Marisa, Renner e Riachuelo), Farm\u00e1cias (Drogasil, [&hellip;]","og_url":"https:\/\/www.cidademarketing.com.br\/marketing\/2020\/11\/01\/salvador-shopping-e-salvador-norte-funcionam-em-horario-especial-no-dia-de-finados\/","og_site_name":"CidadeMarketing","article_publisher":"https:\/\/www.facebook.com\/portalcidademarketing","article_author":"https:\/\/www.facebook.com\/thalesbrandao","article_published_time":"2020-11-02T02:52:39+00:00","article_modified_time":"2020-11-02T02:52:46+00:00","og_image":[{"width":2400,"height":1600,"url":"https:\/\/www.cidademarketing.com.br\/marketing\/wp-content\/uploads\/2020\/05\/Salvador-Shopping_Foto-Saulo-Kainuma-3.jpg","type":"image\/jpeg"}],"author":"Thales Brand\u00e3o","twitter_card":"summary_large_image","twitter_creator":"@http:\/\/www.twitter.com\/thalesbrandao","twitter_site":"@CidadeMarketing","twitter_misc":{"Escrito por":"Thales Brand\u00e3o","Est. tempo de leitura":"1 minuto"},"schema":{"@context":"https:\/\/schema.org","@graph":[{"@type":"Article","@id":"https:\/\/www.cidademarketing.com.br\/marketing\/2020\/11\/01\/salvador-shopping-e-salvador-norte-funcionam-em-horario-especial-no-dia-de-finados\/#article","isPartOf":{"@id":"https:\/\/www.cidademarketing.com.br\/marketing\/2020\/11\/01\/salvador-shopping-e-salvador-norte-funcionam-em-horario-especial-no-dia-de-finados\/"},"author":{"name":"Thales Brand\u00e3o","@id":"https:\/\/www.cidademarketing.com.br\/marketing\/#\/schema\/person\/02daff9f18bd9378c9e01eb6b2db155f"},"headline":"Salvador Shopping e Salvador Norte funcionam em hor\u00e1rio especial no Dia de Finados","datePublished":"2020-11-02T02:52:39+00:00","dateModified":"2020-11-02T02:52:46+00:00","mainEntityOfPage":{"@id":"https:\/\/www.cidademarketing.com.br\/marketing\/2020\/11\/01\/salvador-shopping-e-salvador-norte-funcionam-em-horario-especial-no-dia-de-finados\/"},"wordCount":231,"commentCount":0,"publisher":{"@id":"https:\/\/www.cidademarketing.com.br\/marketing\/#organization"},"image":{"@id":"https:\/\/www.cidademarketing.com.br\/marketing\/2020\/11\/01\/salvador-shopping-e-salvador-norte-funcionam-em-horario-especial-no-dia-de-finados\/#primaryimage"},"thumbnailUrl":"https:\/\/www.cidademarketing.com.br\/marketing\/wp-content\/uploads\/2020\/05\/Salvador-Shopping_Foto-Saulo-Kainuma-3.jpg","keywords":["estrat\u00e9gia","marketing","Salvador","Salvador Norte","Salvador Shopping"],"articleSection":["Not\u00edcias"],"inLanguage":"pt-BR","potentialAction":[{"@type":"CommentAction","name":"Comment","target":["https:\/\/www.cidademarketing.com.br\/marketing\/2020\/11\/01\/salvador-shopping-e-salvador-norte-funcionam-em-horario-especial-no-dia-de-finados\/#respond"]}]},{"@type":"WebPage","@id":"https:\/\/www.cidademarketing.com.br\/marketing\/2020\/11\/01\/salvador-shopping-e-salvador-norte-funcionam-em-horario-especial-no-dia-de-finados\/","url":"https:\/\/www.cidademarketing.com.br\/marketing\/2020\/11\/01\/salvador-shopping-e-salvador-norte-funcionam-em-horario-especial-no-dia-de-finados\/","name":"Salvador Shopping e Salvador Norte funcionam em hor\u00e1rio especial no Dia de Finados - CidadeMarketing","isPartOf":{"@id":"https:\/\/www.cidademarketing.com.br\/marketing\/#website"},"primaryImageOfPage":{"@id":"https:\/\/www.cidademarketing.com.br\/marketing\/2020\/11\/01\/salvador-shopping-e-salvador-norte-funcionam-em-horario-especial-no-dia-de-finados\/#primaryimage"},"image":{"@id":"https:\/\/www.cidademarketing.com.br\/marketing\/2020\/11\/01\/salvador-shopping-e-salvador-norte-funcionam-em-horario-especial-no-dia-de-finados\/#primaryimage"},"thumbnailUrl":"https:\/\/www.cidademarketing.com.br\/marketing\/wp-content\/uploads\/2020\/05\/Salvador-Shopping_Foto-Saulo-Kainuma-3.jpg","datePublished":"2020-11-02T02:52:39+00:00","dateModified":"2020-11-02T02:52:46+00:00","breadcrumb":{"@id":"https:\/\/www.cidademarketing.com.br\/marketing\/2020\/11\/01\/salvador-shopping-e-salvador-norte-funcionam-em-horario-especial-no-dia-de-finados\/#breadcrumb"},"inLanguage":"pt-BR","potentialAction":[{"@type":"ReadAction","target":["https:\/\/www.cidademarketing.com.br\/marketing\/2020\/11\/01\/salvador-shopping-e-salvador-norte-funcionam-em-horario-especial-no-dia-de-finados\/"]}]},{"@type":"ImageObject","inLanguage":"pt-BR","@id":"https:\/\/www.cidademarketing.com.br\/marketing\/2020\/11\/01\/salvador-shopping-e-salvador-norte-funcionam-em-horario-especial-no-dia-de-finados\/#primaryimage","url":"https:\/\/www.cidademarketing.com.br\/marketing\/wp-content\/uploads\/2020\/05\/Salvador-Shopping_Foto-Saulo-Kainuma-3.jpg","contentUrl":"https:\/\/www.cidademarketing.com.br\/marketing\/wp-content\/uploads\/2020\/05\/Salvador-Shopping_Foto-Saulo-Kainuma-3.jpg","width":2400,"height":1600,"caption":"Foto: Saulo Kainuma"},{"@type":"BreadcrumbList","@id":"https:\/\/www.cidademarketing.com.br\/marketing\/2020\/11\/01\/salvador-shopping-e-salvador-norte-funcionam-em-horario-especial-no-dia-de-finados\/#breadcrumb","itemListElement":[{"@type":"ListItem","position":1,"name":"In\u00edcio","item":"https:\/\/www.cidademarketing.com.br\/marketing\/"},{"@type":"ListItem","position":2,"name":"Salvador Shopping e Salvador Norte funcionam em hor\u00e1rio especial no Dia de Finados"}]},{"@type":"WebSite","@id":"https:\/\/www.cidademarketing.com.br\/marketing\/#website","url":"https:\/\/www.cidademarketing.com.br\/marketing\/","name":"CidadeMarketing","description":"Somos um ve\u00edculo de comunica\u00e7\u00e3o de destaque no Brasil, reconhecido por conte\u00fados nos segmentos de marketing, empreendedorismo e inova\u00e7\u00e3o.","publisher":{"@id":"https:\/\/www.cidademarketing.com.br\/marketing\/#organization"},"alternateName":"CidadeMarketing","potentialAction":[{"@type":"SearchAction","target":{"@type":"EntryPoint","urlTemplate":"https:\/\/www.cidademarketing.com.br\/marketing\/?s={search_term_string}"},"query-input":{"@type":"PropertyValueSpecification","valueRequired":true,"valueName":"search_term_string"}}],"inLanguage":"pt-BR"},{"@type":"Organization","@id":"https:\/\/www.cidademarketing.com.br\/marketing\/#organization","name":"CidadeMarketing","alternateName":"CidadeMarketing","url":"https:\/\/www.cidademarketing.com.br\/marketing\/","logo":{"@type":"ImageObject","inLanguage":"pt-BR","@id":"https:\/\/www.cidademarketing.com.br\/marketing\/#\/schema\/logo\/image\/","url":"https:\/\/www.cidademarketing.com.br\/marketing\/wp-content\/uploads\/2020\/01\/cidademarketing_marca_mobile.png","contentUrl":"https:\/\/www.cidademarketing.com.br\/marketing\/wp-content\/uploads\/2020\/01\/cidademarketing_marca_mobile.png","width":230,"height":92,"caption":"CidadeMarketing"},"image":{"@id":"https:\/\/www.cidademarketing.com.br\/marketing\/#\/schema\/logo\/image\/"},"sameAs":["https:\/\/www.facebook.com\/portalcidademarketing","https:\/\/x.com\/CidadeMarketing","https:\/\/www.instagram.com\/cidademarketing\/"]},{"@type":"Person","@id":"https:\/\/www.cidademarketing.com.br\/marketing\/#\/schema\/person\/02daff9f18bd9378c9e01eb6b2db155f","name":"Thales Brand\u00e3o","image":{"@type":"ImageObject","inLanguage":"pt-BR","@id":"https:\/\/secure.gravatar.com\/avatar\/7ca3206950207cc3cb48feec56a8a7898741ab725c368d99d5d7a5a50aab80c6?s=96&d=mm&r=g","url":"https:\/\/secure.gravatar.com\/avatar\/7ca3206950207cc3cb48feec56a8a7898741ab725c368d99d5d7a5a50aab80c6?s=96&d=mm&r=g","contentUrl":"https:\/\/secure.gravatar.com\/avatar\/7ca3206950207cc3cb48feec56a8a7898741ab725c368d99d5d7a5a50aab80c6?s=96&d=mm&r=g","caption":"Thales Brand\u00e3o"},"description":"Editor Executivo do Portal CidadeMarketing.com.br &gt; Mestre em Comunica\u00e7\u00e3o e Sociedade pela Universidade Federal de Sergipe. Possui MBA Executivo em Administra\u00e7\u00e3o com \u00eanfase em Marketing pela Funda\u00e7\u00e3o Get\u00falio Vargas - Rio de Janeiro. Consultor, Palestrante e Pesquisador sobre Empreendedorismo, Marketing, Redes Sociais e Neg\u00f3cios Digitais. Professor, Palestrante TedxTalks e Campus Party. Twitter: @ThalesBrandao","sameAs":["http:\/\/www.mandacaru.com.br","https:\/\/www.facebook.com\/thalesbrandao","http:\/\/www.instagram.com.br\/thalesbrandaoferreira","https:\/\/www.linkedin.com\/in\/thales-brand\u00e3o-3948609\/","https:\/\/x.com\/http:\/\/www.twitter.com\/thalesbrandao"],"url":"https:\/\/www.cidademarketing.com.br\/marketing\/author\/thalesbrandao\/"}]}},"amp_enabled":true,"_links":{"self":[{"href":"https:\/\/www.cidademarketing.com.br\/marketing\/wp-json\/wp\/v2\/posts\/20259","targetHints":{"allow":["GET"]}}],"collection":[{"href":"https:\/\/www.cidademarketing.com.br\/marketing\/wp-json\/wp\/v2\/posts"}],"about":[{"href":"https:\/\/www.cidademarketing.com.br\/marketing\/wp-json\/wp\/v2\/types\/post"}],"author":[{"embeddable":true,"href":"https:\/\/www.cidademarketing.com.br\/marketing\/wp-json\/wp\/v2\/users\/1"}],"replies":[{"embeddable":true,"href":"https:\/\/www.cidademarketing.com.br\/marketing\/wp-json\/wp\/v2\/comments?post=20259"}],"version-history":[{"count":1,"href":"https:\/\/www.cidademarketing.com.br\/marketing\/wp-json\/wp\/v2\/posts\/20259\/revisions"}],"predecessor-version":[{"id":20260,"href":"https:\/\/www.cidademarketing.com.br\/marketing\/wp-json\/wp\/v2\/posts\/20259\/revisions\/20260"}],"wp:featuredmedia":[{"embeddable":true,"href":"https:\/\/www.cidademarketing.com.br\/marketing\/wp-json\/wp\/v2\/media\/16121"}],"wp:attachment":[{"href":"https:\/\/www.cidademarketing.com.br\/marketing\/wp-json\/wp\/v2\/media?parent=20259"}],"wp:term":[{"taxonomy":"category","embeddable":true,"href":"https:\/\/www.cidademarketing.com.br\/marketing\/wp-json\/wp\/v2\/categories?post=20259"},{"taxonomy":"post_tag","embeddable":true,"href":"https:\/\/www.cidademarketing.com.br\/marketing\/wp-json\/wp\/v2\/tags?post=20259"}],"curies":[{"name":"wp","href":"https:\/\/api.w.org\/{rel}","templated":true}]}}