{"id":2013,"date":"2018-09-10T00:42:50","date_gmt":"2018-09-10T03:42:50","guid":{"rendered":"http:\/\/www.cidademarketing.com.br\/marketing\/?p=2013"},"modified":"2018-09-10T00:42:50","modified_gmt":"2018-09-10T03:42:50","slug":"radio-mec-am-do-rio-de-janeiro-celebra-95-anos-com-novidades","status":"publish","type":"post","link":"https:\/\/www.cidademarketing.com.br\/marketing\/2018\/09\/10\/radio-mec-am-do-rio-de-janeiro-celebra-95-anos-com-novidades\/","title":{"rendered":"R\u00e1dio MEC AM do Rio de Janeiro celebra 95 anos com novidades"},"content":{"rendered":"<p>A<strong> R\u00e1dio MEC AM do Rio de Janeiro <\/strong>(800 kHz) completa <strong>95 anos<\/strong> e lan\u00e7a selo comemorativo nesta sexta-feira, dia 7 de setembro de 2018. Para comemorar a data, a emissora p\u00fablica idealizada por Edgard Roquette-Pinto tamb\u00e9m apresenta <strong>nova identidade visual e sonora<\/strong> com o slogan &#8220;A Primeira do Brasil&#8221;.<\/p>\n<p>Neste dia, a MEC apresenta ainda programa\u00e7\u00e3o especial em todos as produ\u00e7\u00f5es da grade. A festa ser\u00e1 completa com a realiza\u00e7\u00e3o da final do Festival de M\u00fasica R\u00e1dio MEC prevista para 25 de setembro, dia do anivers\u00e1rio de Roquette-Pinto, no Teatro Jo\u00e3o Caetano, no Rio de Janeiro.<\/p>\n<p>A iniciativa busca revelar e divulgar grava\u00e7\u00f5es de obras musicais in\u00e9ditas de cantores, compositores e instrumentistas. A proposta do concurso \u00e9 valorizar a produ\u00e7\u00e3o de artistas do estado do Rio de Janeiro.<\/p>\n<p>&nbsp;<\/p>\n<p>&nbsp;<\/p>\n<figure id=\"attachment_2016\" aria-describedby=\"caption-attachment-2016\" style=\"width: 827px\" class=\"wp-caption aligncenter\"><img fetchpriority=\"high\" decoding=\"async\" class=\"size-full wp-image-2016\" src=\"http:\/\/www.cidademarketing.com.br\/marketing\/wp-content\/uploads\/2018\/09\/Radio_MEC_Edgard_Roquette-Pinto_decada_de_1920_Credito_Acervo_EBC.jpg\" alt=\"\" width=\"827\" height=\"1200\" srcset=\"https:\/\/www.cidademarketing.com.br\/marketing\/wp-content\/uploads\/2018\/09\/Radio_MEC_Edgard_Roquette-Pinto_decada_de_1920_Credito_Acervo_EBC.jpg 827w, https:\/\/www.cidademarketing.com.br\/marketing\/wp-content\/uploads\/2018\/09\/Radio_MEC_Edgard_Roquette-Pinto_decada_de_1920_Credito_Acervo_EBC-207x300.jpg 207w, https:\/\/www.cidademarketing.com.br\/marketing\/wp-content\/uploads\/2018\/09\/Radio_MEC_Edgard_Roquette-Pinto_decada_de_1920_Credito_Acervo_EBC-768x1114.jpg 768w, https:\/\/www.cidademarketing.com.br\/marketing\/wp-content\/uploads\/2018\/09\/Radio_MEC_Edgard_Roquette-Pinto_decada_de_1920_Credito_Acervo_EBC-706x1024.jpg 706w, https:\/\/www.cidademarketing.com.br\/marketing\/wp-content\/uploads\/2018\/09\/Radio_MEC_Edgard_Roquette-Pinto_decada_de_1920_Credito_Acervo_EBC-289x420.jpg 289w, https:\/\/www.cidademarketing.com.br\/marketing\/wp-content\/uploads\/2018\/09\/Radio_MEC_Edgard_Roquette-Pinto_decada_de_1920_Credito_Acervo_EBC-640x929.jpg 640w, https:\/\/www.cidademarketing.com.br\/marketing\/wp-content\/uploads\/2018\/09\/Radio_MEC_Edgard_Roquette-Pinto_decada_de_1920_Credito_Acervo_EBC-681x988.jpg 681w\" sizes=\"(max-width: 827px) 100vw, 827px\" \/><figcaption id=\"caption-attachment-2016\" class=\"wp-caption-text\">Edgard_Roquette Pinto &#8211; d\u00e9cada de 1920 &#8211; Credito: Acervo EBC<\/figcaption><\/figure>\n<p>&nbsp;<\/p>\n<p><strong>Trajet\u00f3ria<\/strong><\/p>\n<p>Considerada a mais antiga do pa\u00eds, a MEC AM come\u00e7ou sua hist\u00f3ria de pioneirismo como R\u00e1dio Sociedade do Rio de Janeiro. A emissora foi criada em 1923 por Edgard Roquette-Pinto, um ano ap\u00f3s a primeira transmiss\u00e3o oficial de r\u00e1dio no Brasil. O evento que ocorreu em 7 de setembro de 1922 na Praia Vermelha, comemorava o Centen\u00e1rio da Independ\u00eancia do Brasil.<\/p>\n<p>&nbsp;<\/p>\n<p>Foi tamb\u00e9m em um 7 de setembro, mas de 1936, que a R\u00e1dio Sociedade do Rio de Janeiro passou a se chamar R\u00e1dio Minist\u00e9rio da Educa\u00e7\u00e3o e, depois, R\u00e1dio MEC. Roquette-Pinto ainda a dirigiu at\u00e9 1937, quando foi substitu\u00eddo por Fernando Tude de Sousa.<\/p>\n<p>Com cerca de 50 mil registros e produ\u00e7\u00f5es, a R\u00e1dio MEC possui um patrim\u00f4nio de grava\u00e7\u00f5es de depoimentos que v\u00e3o de Get\u00falio Vargas a Monteiro Lobato, passando por cr\u00f4nicas de Cec\u00edlia Meireles e Manuel Bandeira.<\/p>\n<p>A programa\u00e7\u00e3o da emissora \u00e9 totalmente voltada para a difus\u00e3o da cultura brasileira. Contempla toda a diversidade da m\u00fasica brasileira, de g\u00eaneros como o choro, a m\u00fasica regional, a m\u00fasica instrumental e de concerto. Tem ainda programas dedicados a literatura, cinema, dramaturgia e as artes como um todo.<\/p>\n<p>Hoje, a R\u00e1dio MEC \u00e9 parte da Empresa Brasil de Comunica\u00e7\u00e3o (EBC) que faz a gest\u00e3o de ve\u00edculos p\u00fablicos de comunica\u00e7\u00e3o como a TV Brasil, a Ag\u00eancia Brasil, a R\u00e1dio Nacional, a<\/p>\n<p>R\u00e1dio MEC FM 99,3 Mhz e a R\u00e1dio MEC AM 800kHz.<\/p>\n<p><strong>Faixas de programa\u00e7\u00e3o:<\/strong><\/p>\n<p>Conhecimento &#8211; Todos os dias, de 6h55 \u00e0s 10h: Ginastica!, Todas as Vozes, Bate-Papo.com, Viva Maria, Multidiversidade UFRJ , Na Trilha da Hist\u00f3ria e Natureza Viva;<\/p>\n<p>Cultura &#8211; Todos os dias, \u00e0s 12h &#8211; Arte Clube, Conversa com o Autor, Marca P\u00e1gina e Trilha de Letras;<\/p>\n<p>M\u00fasica brasileira &#8211; Todos os dias, \u00e0s 14h e \u00e0s 18h &#8211; Armaz\u00e9m Cultural, R\u00e1dio Batuta, Vozes do Brasil, Playlist do Zuza, Cena Musical, Ao Vivo entre Amigos.<\/p>\n<p><strong>Equipe:<\/strong><\/p>\n<p>Produ\u00e7\u00e3o: Marcos Leite, David Isidoro e Jose Freitas<\/p>\n<p>Programa\u00e7\u00e3o Musical: Demarie Henriques e Cac\u00e1 Santiago<\/p>\n<p>Apresentadores: Marcus Aur\u00e9lio de Carvalho, Cadu Freitas, Felipe Rangel, Jansem Campos e Tiago Alves<\/p>\n<p>Coordena\u00e7\u00e3o de Produ\u00e7\u00e3o: Rodrigo Soprana<\/p>\n<p>Coordena\u00e7\u00e3o de Programa\u00e7\u00e3o: Cac\u00e1 Santiago<\/p>\n<p>Gerente R\u00e1dio MEC: Thiago Regotto<\/p>\n","protected":false},"excerpt":{"rendered":"<p>A R\u00e1dio MEC AM do Rio de Janeiro (800 kHz) completa 95 anos e lan\u00e7a selo comemorativo nesta sexta-feira, dia 7 de setembro de 2018. Para comemorar a data, a emissora p\u00fablica idealizada por Edgard Roquette-Pinto tamb\u00e9m apresenta nova identidade visual e sonora com o slogan &#8220;A Primeira do Brasil&#8221;. Neste dia, a MEC apresenta [&hellip;]<\/p>\n","protected":false},"author":1,"featured_media":2015,"comment_status":"open","ping_status":"open","sticky":false,"template":"","format":"standard","meta":{"tdm_status":"","tdm_grid_status":"","footnotes":""},"categories":[8,6],"tags":[27,28,444],"class_list":["post-2013","post","type-post","status-publish","format-standard","has-post-thumbnail","hentry","category-marcas","category-noticias","tag-empreendedorismo","tag-marketing","tag-radio"],"yoast_head":"<!-- This site is optimized with the Yoast SEO plugin v27.5 - https:\/\/yoast.com\/product\/yoast-seo-wordpress\/ -->\n<title>R\u00e1dio MEC AM do Rio de Janeiro celebra 95 anos com novidades - CidadeMarketing<\/title>\n<meta name=\"robots\" content=\"index, follow, max-snippet:-1, max-image-preview:large, max-video-preview:-1\" \/>\n<link rel=\"canonical\" href=\"https:\/\/www.cidademarketing.com.br\/marketing\/2018\/09\/10\/radio-mec-am-do-rio-de-janeiro-celebra-95-anos-com-novidades\/\" \/>\n<meta property=\"og:locale\" content=\"pt_BR\" \/>\n<meta property=\"og:type\" content=\"article\" \/>\n<meta property=\"og:title\" content=\"R\u00e1dio MEC AM do Rio de Janeiro celebra 95 anos com novidades - CidadeMarketing\" \/>\n<meta property=\"og:description\" content=\"A R\u00e1dio MEC AM do Rio de Janeiro (800 kHz) completa 95 anos e lan\u00e7a selo comemorativo nesta sexta-feira, dia 7 de setembro de 2018. Para comemorar a data, a emissora p\u00fablica idealizada por Edgard Roquette-Pinto tamb\u00e9m apresenta nova identidade visual e sonora com o slogan &#8220;A Primeira do Brasil&#8221;. Neste dia, a MEC apresenta [&hellip;]\" \/>\n<meta property=\"og:url\" content=\"https:\/\/www.cidademarketing.com.br\/marketing\/2018\/09\/10\/radio-mec-am-do-rio-de-janeiro-celebra-95-anos-com-novidades\/\" \/>\n<meta property=\"og:site_name\" content=\"CidadeMarketing\" \/>\n<meta property=\"article:publisher\" content=\"https:\/\/www.facebook.com\/portalcidademarketing\" \/>\n<meta property=\"article:author\" content=\"https:\/\/www.facebook.com\/thalesbrandao\" \/>\n<meta property=\"article:published_time\" content=\"2018-09-10T03:42:50+00:00\" \/>\n<meta property=\"og:image\" content=\"https:\/\/www.cidademarketing.com.br\/marketing\/wp-content\/uploads\/2018\/09\/Radio_MEC_Rio_95_anos.jpg\" \/>\n\t<meta property=\"og:image:width\" content=\"365\" \/>\n\t<meta property=\"og:image:height\" content=\"411\" \/>\n\t<meta property=\"og:image:type\" content=\"image\/jpeg\" \/>\n<meta name=\"author\" content=\"Thales Brand\u00e3o\" \/>\n<meta name=\"twitter:card\" content=\"summary_large_image\" \/>\n<meta name=\"twitter:creator\" content=\"@http:\/\/www.twitter.com\/thalesbrandao\" \/>\n<meta name=\"twitter:site\" content=\"@CidadeMarketing\" \/>\n<meta name=\"twitter:label1\" content=\"Escrito por\" \/>\n\t<meta name=\"twitter:data1\" content=\"Thales Brand\u00e3o\" \/>\n\t<meta name=\"twitter:label2\" content=\"Est. tempo de leitura\" \/>\n\t<meta name=\"twitter:data2\" content=\"3 minutos\" \/>\n<script type=\"application\/ld+json\" class=\"yoast-schema-graph\">{\"@context\":\"https:\\\/\\\/schema.org\",\"@graph\":[{\"@type\":\"Article\",\"@id\":\"https:\\\/\\\/www.cidademarketing.com.br\\\/marketing\\\/2018\\\/09\\\/10\\\/radio-mec-am-do-rio-de-janeiro-celebra-95-anos-com-novidades\\\/#article\",\"isPartOf\":{\"@id\":\"https:\\\/\\\/www.cidademarketing.com.br\\\/marketing\\\/2018\\\/09\\\/10\\\/radio-mec-am-do-rio-de-janeiro-celebra-95-anos-com-novidades\\\/\"},\"author\":{\"name\":\"Thales Brand\u00e3o\",\"@id\":\"https:\\\/\\\/www.cidademarketing.com.br\\\/marketing\\\/#\\\/schema\\\/person\\\/02daff9f18bd9378c9e01eb6b2db155f\"},\"headline\":\"R\u00e1dio MEC AM do Rio de Janeiro celebra 95 anos com novidades\",\"datePublished\":\"2018-09-10T03:42:50+00:00\",\"mainEntityOfPage\":{\"@id\":\"https:\\\/\\\/www.cidademarketing.com.br\\\/marketing\\\/2018\\\/09\\\/10\\\/radio-mec-am-do-rio-de-janeiro-celebra-95-anos-com-novidades\\\/\"},\"wordCount\":570,\"commentCount\":0,\"publisher\":{\"@id\":\"https:\\\/\\\/www.cidademarketing.com.br\\\/marketing\\\/#organization\"},\"image\":{\"@id\":\"https:\\\/\\\/www.cidademarketing.com.br\\\/marketing\\\/2018\\\/09\\\/10\\\/radio-mec-am-do-rio-de-janeiro-celebra-95-anos-com-novidades\\\/#primaryimage\"},\"thumbnailUrl\":\"https:\\\/\\\/www.cidademarketing.com.br\\\/marketing\\\/wp-content\\\/uploads\\\/2018\\\/09\\\/Radio_MEC_Rio_95_anos.jpg\",\"keywords\":[\"empreendedorismo\",\"marketing\",\"R\u00e1dio\"],\"articleSection\":[\"Marcas\",\"Not\u00edcias\"],\"inLanguage\":\"pt-BR\",\"potentialAction\":[{\"@type\":\"CommentAction\",\"name\":\"Comment\",\"target\":[\"https:\\\/\\\/www.cidademarketing.com.br\\\/marketing\\\/2018\\\/09\\\/10\\\/radio-mec-am-do-rio-de-janeiro-celebra-95-anos-com-novidades\\\/#respond\"]}]},{\"@type\":\"WebPage\",\"@id\":\"https:\\\/\\\/www.cidademarketing.com.br\\\/marketing\\\/2018\\\/09\\\/10\\\/radio-mec-am-do-rio-de-janeiro-celebra-95-anos-com-novidades\\\/\",\"url\":\"https:\\\/\\\/www.cidademarketing.com.br\\\/marketing\\\/2018\\\/09\\\/10\\\/radio-mec-am-do-rio-de-janeiro-celebra-95-anos-com-novidades\\\/\",\"name\":\"R\u00e1dio MEC AM do Rio de Janeiro celebra 95 anos com novidades - CidadeMarketing\",\"isPartOf\":{\"@id\":\"https:\\\/\\\/www.cidademarketing.com.br\\\/marketing\\\/#website\"},\"primaryImageOfPage\":{\"@id\":\"https:\\\/\\\/www.cidademarketing.com.br\\\/marketing\\\/2018\\\/09\\\/10\\\/radio-mec-am-do-rio-de-janeiro-celebra-95-anos-com-novidades\\\/#primaryimage\"},\"image\":{\"@id\":\"https:\\\/\\\/www.cidademarketing.com.br\\\/marketing\\\/2018\\\/09\\\/10\\\/radio-mec-am-do-rio-de-janeiro-celebra-95-anos-com-novidades\\\/#primaryimage\"},\"thumbnailUrl\":\"https:\\\/\\\/www.cidademarketing.com.br\\\/marketing\\\/wp-content\\\/uploads\\\/2018\\\/09\\\/Radio_MEC_Rio_95_anos.jpg\",\"datePublished\":\"2018-09-10T03:42:50+00:00\",\"breadcrumb\":{\"@id\":\"https:\\\/\\\/www.cidademarketing.com.br\\\/marketing\\\/2018\\\/09\\\/10\\\/radio-mec-am-do-rio-de-janeiro-celebra-95-anos-com-novidades\\\/#breadcrumb\"},\"inLanguage\":\"pt-BR\",\"potentialAction\":[{\"@type\":\"ReadAction\",\"target\":[\"https:\\\/\\\/www.cidademarketing.com.br\\\/marketing\\\/2018\\\/09\\\/10\\\/radio-mec-am-do-rio-de-janeiro-celebra-95-anos-com-novidades\\\/\"]}]},{\"@type\":\"ImageObject\",\"inLanguage\":\"pt-BR\",\"@id\":\"https:\\\/\\\/www.cidademarketing.com.br\\\/marketing\\\/2018\\\/09\\\/10\\\/radio-mec-am-do-rio-de-janeiro-celebra-95-anos-com-novidades\\\/#primaryimage\",\"url\":\"https:\\\/\\\/www.cidademarketing.com.br\\\/marketing\\\/wp-content\\\/uploads\\\/2018\\\/09\\\/Radio_MEC_Rio_95_anos.jpg\",\"contentUrl\":\"https:\\\/\\\/www.cidademarketing.com.br\\\/marketing\\\/wp-content\\\/uploads\\\/2018\\\/09\\\/Radio_MEC_Rio_95_anos.jpg\",\"width\":365,\"height\":411,\"caption\":\"Divulga\u00e7\u00e3o\"},{\"@type\":\"BreadcrumbList\",\"@id\":\"https:\\\/\\\/www.cidademarketing.com.br\\\/marketing\\\/2018\\\/09\\\/10\\\/radio-mec-am-do-rio-de-janeiro-celebra-95-anos-com-novidades\\\/#breadcrumb\",\"itemListElement\":[{\"@type\":\"ListItem\",\"position\":1,\"name\":\"In\u00edcio\",\"item\":\"https:\\\/\\\/www.cidademarketing.com.br\\\/marketing\\\/\"},{\"@type\":\"ListItem\",\"position\":2,\"name\":\"R\u00e1dio MEC AM do Rio de Janeiro celebra 95 anos com novidades\"}]},{\"@type\":\"WebSite\",\"@id\":\"https:\\\/\\\/www.cidademarketing.com.br\\\/marketing\\\/#website\",\"url\":\"https:\\\/\\\/www.cidademarketing.com.br\\\/marketing\\\/\",\"name\":\"CidadeMarketing\",\"description\":\"Somos um ve\u00edculo de comunica\u00e7\u00e3o de destaque no Brasil, reconhecido por conte\u00fados nos segmentos de marketing, empreendedorismo e inova\u00e7\u00e3o.\",\"publisher\":{\"@id\":\"https:\\\/\\\/www.cidademarketing.com.br\\\/marketing\\\/#organization\"},\"alternateName\":\"CidadeMarketing\",\"potentialAction\":[{\"@type\":\"SearchAction\",\"target\":{\"@type\":\"EntryPoint\",\"urlTemplate\":\"https:\\\/\\\/www.cidademarketing.com.br\\\/marketing\\\/?s={search_term_string}\"},\"query-input\":{\"@type\":\"PropertyValueSpecification\",\"valueRequired\":true,\"valueName\":\"search_term_string\"}}],\"inLanguage\":\"pt-BR\"},{\"@type\":\"Organization\",\"@id\":\"https:\\\/\\\/www.cidademarketing.com.br\\\/marketing\\\/#organization\",\"name\":\"CidadeMarketing\",\"alternateName\":\"CidadeMarketing\",\"url\":\"https:\\\/\\\/www.cidademarketing.com.br\\\/marketing\\\/\",\"logo\":{\"@type\":\"ImageObject\",\"inLanguage\":\"pt-BR\",\"@id\":\"https:\\\/\\\/www.cidademarketing.com.br\\\/marketing\\\/#\\\/schema\\\/logo\\\/image\\\/\",\"url\":\"https:\\\/\\\/www.cidademarketing.com.br\\\/marketing\\\/wp-content\\\/uploads\\\/2020\\\/01\\\/cidademarketing_marca_mobile.png\",\"contentUrl\":\"https:\\\/\\\/www.cidademarketing.com.br\\\/marketing\\\/wp-content\\\/uploads\\\/2020\\\/01\\\/cidademarketing_marca_mobile.png\",\"width\":230,\"height\":92,\"caption\":\"CidadeMarketing\"},\"image\":{\"@id\":\"https:\\\/\\\/www.cidademarketing.com.br\\\/marketing\\\/#\\\/schema\\\/logo\\\/image\\\/\"},\"sameAs\":[\"https:\\\/\\\/www.facebook.com\\\/portalcidademarketing\",\"https:\\\/\\\/x.com\\\/CidadeMarketing\",\"https:\\\/\\\/www.instagram.com\\\/cidademarketing\\\/\"]},{\"@type\":\"Person\",\"@id\":\"https:\\\/\\\/www.cidademarketing.com.br\\\/marketing\\\/#\\\/schema\\\/person\\\/02daff9f18bd9378c9e01eb6b2db155f\",\"name\":\"Thales Brand\u00e3o\",\"image\":{\"@type\":\"ImageObject\",\"inLanguage\":\"pt-BR\",\"@id\":\"https:\\\/\\\/secure.gravatar.com\\\/avatar\\\/7ca3206950207cc3cb48feec56a8a7898741ab725c368d99d5d7a5a50aab80c6?s=96&d=mm&r=g\",\"url\":\"https:\\\/\\\/secure.gravatar.com\\\/avatar\\\/7ca3206950207cc3cb48feec56a8a7898741ab725c368d99d5d7a5a50aab80c6?s=96&d=mm&r=g\",\"contentUrl\":\"https:\\\/\\\/secure.gravatar.com\\\/avatar\\\/7ca3206950207cc3cb48feec56a8a7898741ab725c368d99d5d7a5a50aab80c6?s=96&d=mm&r=g\",\"caption\":\"Thales Brand\u00e3o\"},\"description\":\"Editor Executivo do Portal CidadeMarketing.com.br &gt; Mestre em Comunica\u00e7\u00e3o e Sociedade pela Universidade Federal de Sergipe. Possui MBA Executivo em Administra\u00e7\u00e3o com \u00eanfase em Marketing pela Funda\u00e7\u00e3o Get\u00falio Vargas - Rio de Janeiro. Consultor, Palestrante e Pesquisador sobre Empreendedorismo, Marketing, Redes Sociais e Neg\u00f3cios Digitais. Professor, Palestrante TedxTalks e Campus Party. Twitter: @ThalesBrandao\",\"sameAs\":[\"http:\\\/\\\/www.mandacaru.com.br\",\"https:\\\/\\\/www.facebook.com\\\/thalesbrandao\",\"http:\\\/\\\/www.instagram.com.br\\\/thalesbrandaoferreira\",\"https:\\\/\\\/www.linkedin.com\\\/in\\\/thales-brand\u00e3o-3948609\\\/\",\"https:\\\/\\\/x.com\\\/http:\\\/\\\/www.twitter.com\\\/thalesbrandao\"],\"url\":\"https:\\\/\\\/www.cidademarketing.com.br\\\/marketing\\\/author\\\/thalesbrandao\\\/\"}]}<\/script>\n<!-- \/ Yoast SEO plugin. -->","yoast_head_json":{"title":"R\u00e1dio MEC AM do Rio de Janeiro celebra 95 anos com novidades - CidadeMarketing","robots":{"index":"index","follow":"follow","max-snippet":"max-snippet:-1","max-image-preview":"max-image-preview:large","max-video-preview":"max-video-preview:-1"},"canonical":"https:\/\/www.cidademarketing.com.br\/marketing\/2018\/09\/10\/radio-mec-am-do-rio-de-janeiro-celebra-95-anos-com-novidades\/","og_locale":"pt_BR","og_type":"article","og_title":"R\u00e1dio MEC AM do Rio de Janeiro celebra 95 anos com novidades - CidadeMarketing","og_description":"A R\u00e1dio MEC AM do Rio de Janeiro (800 kHz) completa 95 anos e lan\u00e7a selo comemorativo nesta sexta-feira, dia 7 de setembro de 2018. Para comemorar a data, a emissora p\u00fablica idealizada por Edgard Roquette-Pinto tamb\u00e9m apresenta nova identidade visual e sonora com o slogan &#8220;A Primeira do Brasil&#8221;. Neste dia, a MEC apresenta [&hellip;]","og_url":"https:\/\/www.cidademarketing.com.br\/marketing\/2018\/09\/10\/radio-mec-am-do-rio-de-janeiro-celebra-95-anos-com-novidades\/","og_site_name":"CidadeMarketing","article_publisher":"https:\/\/www.facebook.com\/portalcidademarketing","article_author":"https:\/\/www.facebook.com\/thalesbrandao","article_published_time":"2018-09-10T03:42:50+00:00","og_image":[{"width":365,"height":411,"url":"https:\/\/www.cidademarketing.com.br\/marketing\/wp-content\/uploads\/2018\/09\/Radio_MEC_Rio_95_anos.jpg","type":"image\/jpeg"}],"author":"Thales Brand\u00e3o","twitter_card":"summary_large_image","twitter_creator":"@http:\/\/www.twitter.com\/thalesbrandao","twitter_site":"@CidadeMarketing","twitter_misc":{"Escrito por":"Thales Brand\u00e3o","Est. tempo de leitura":"3 minutos"},"schema":{"@context":"https:\/\/schema.org","@graph":[{"@type":"Article","@id":"https:\/\/www.cidademarketing.com.br\/marketing\/2018\/09\/10\/radio-mec-am-do-rio-de-janeiro-celebra-95-anos-com-novidades\/#article","isPartOf":{"@id":"https:\/\/www.cidademarketing.com.br\/marketing\/2018\/09\/10\/radio-mec-am-do-rio-de-janeiro-celebra-95-anos-com-novidades\/"},"author":{"name":"Thales Brand\u00e3o","@id":"https:\/\/www.cidademarketing.com.br\/marketing\/#\/schema\/person\/02daff9f18bd9378c9e01eb6b2db155f"},"headline":"R\u00e1dio MEC AM do Rio de Janeiro celebra 95 anos com novidades","datePublished":"2018-09-10T03:42:50+00:00","mainEntityOfPage":{"@id":"https:\/\/www.cidademarketing.com.br\/marketing\/2018\/09\/10\/radio-mec-am-do-rio-de-janeiro-celebra-95-anos-com-novidades\/"},"wordCount":570,"commentCount":0,"publisher":{"@id":"https:\/\/www.cidademarketing.com.br\/marketing\/#organization"},"image":{"@id":"https:\/\/www.cidademarketing.com.br\/marketing\/2018\/09\/10\/radio-mec-am-do-rio-de-janeiro-celebra-95-anos-com-novidades\/#primaryimage"},"thumbnailUrl":"https:\/\/www.cidademarketing.com.br\/marketing\/wp-content\/uploads\/2018\/09\/Radio_MEC_Rio_95_anos.jpg","keywords":["empreendedorismo","marketing","R\u00e1dio"],"articleSection":["Marcas","Not\u00edcias"],"inLanguage":"pt-BR","potentialAction":[{"@type":"CommentAction","name":"Comment","target":["https:\/\/www.cidademarketing.com.br\/marketing\/2018\/09\/10\/radio-mec-am-do-rio-de-janeiro-celebra-95-anos-com-novidades\/#respond"]}]},{"@type":"WebPage","@id":"https:\/\/www.cidademarketing.com.br\/marketing\/2018\/09\/10\/radio-mec-am-do-rio-de-janeiro-celebra-95-anos-com-novidades\/","url":"https:\/\/www.cidademarketing.com.br\/marketing\/2018\/09\/10\/radio-mec-am-do-rio-de-janeiro-celebra-95-anos-com-novidades\/","name":"R\u00e1dio MEC AM do Rio de Janeiro celebra 95 anos com novidades - CidadeMarketing","isPartOf":{"@id":"https:\/\/www.cidademarketing.com.br\/marketing\/#website"},"primaryImageOfPage":{"@id":"https:\/\/www.cidademarketing.com.br\/marketing\/2018\/09\/10\/radio-mec-am-do-rio-de-janeiro-celebra-95-anos-com-novidades\/#primaryimage"},"image":{"@id":"https:\/\/www.cidademarketing.com.br\/marketing\/2018\/09\/10\/radio-mec-am-do-rio-de-janeiro-celebra-95-anos-com-novidades\/#primaryimage"},"thumbnailUrl":"https:\/\/www.cidademarketing.com.br\/marketing\/wp-content\/uploads\/2018\/09\/Radio_MEC_Rio_95_anos.jpg","datePublished":"2018-09-10T03:42:50+00:00","breadcrumb":{"@id":"https:\/\/www.cidademarketing.com.br\/marketing\/2018\/09\/10\/radio-mec-am-do-rio-de-janeiro-celebra-95-anos-com-novidades\/#breadcrumb"},"inLanguage":"pt-BR","potentialAction":[{"@type":"ReadAction","target":["https:\/\/www.cidademarketing.com.br\/marketing\/2018\/09\/10\/radio-mec-am-do-rio-de-janeiro-celebra-95-anos-com-novidades\/"]}]},{"@type":"ImageObject","inLanguage":"pt-BR","@id":"https:\/\/www.cidademarketing.com.br\/marketing\/2018\/09\/10\/radio-mec-am-do-rio-de-janeiro-celebra-95-anos-com-novidades\/#primaryimage","url":"https:\/\/www.cidademarketing.com.br\/marketing\/wp-content\/uploads\/2018\/09\/Radio_MEC_Rio_95_anos.jpg","contentUrl":"https:\/\/www.cidademarketing.com.br\/marketing\/wp-content\/uploads\/2018\/09\/Radio_MEC_Rio_95_anos.jpg","width":365,"height":411,"caption":"Divulga\u00e7\u00e3o"},{"@type":"BreadcrumbList","@id":"https:\/\/www.cidademarketing.com.br\/marketing\/2018\/09\/10\/radio-mec-am-do-rio-de-janeiro-celebra-95-anos-com-novidades\/#breadcrumb","itemListElement":[{"@type":"ListItem","position":1,"name":"In\u00edcio","item":"https:\/\/www.cidademarketing.com.br\/marketing\/"},{"@type":"ListItem","position":2,"name":"R\u00e1dio MEC AM do Rio de Janeiro celebra 95 anos com novidades"}]},{"@type":"WebSite","@id":"https:\/\/www.cidademarketing.com.br\/marketing\/#website","url":"https:\/\/www.cidademarketing.com.br\/marketing\/","name":"CidadeMarketing","description":"Somos um ve\u00edculo de comunica\u00e7\u00e3o de destaque no Brasil, reconhecido por conte\u00fados nos segmentos de marketing, empreendedorismo e inova\u00e7\u00e3o.","publisher":{"@id":"https:\/\/www.cidademarketing.com.br\/marketing\/#organization"},"alternateName":"CidadeMarketing","potentialAction":[{"@type":"SearchAction","target":{"@type":"EntryPoint","urlTemplate":"https:\/\/www.cidademarketing.com.br\/marketing\/?s={search_term_string}"},"query-input":{"@type":"PropertyValueSpecification","valueRequired":true,"valueName":"search_term_string"}}],"inLanguage":"pt-BR"},{"@type":"Organization","@id":"https:\/\/www.cidademarketing.com.br\/marketing\/#organization","name":"CidadeMarketing","alternateName":"CidadeMarketing","url":"https:\/\/www.cidademarketing.com.br\/marketing\/","logo":{"@type":"ImageObject","inLanguage":"pt-BR","@id":"https:\/\/www.cidademarketing.com.br\/marketing\/#\/schema\/logo\/image\/","url":"https:\/\/www.cidademarketing.com.br\/marketing\/wp-content\/uploads\/2020\/01\/cidademarketing_marca_mobile.png","contentUrl":"https:\/\/www.cidademarketing.com.br\/marketing\/wp-content\/uploads\/2020\/01\/cidademarketing_marca_mobile.png","width":230,"height":92,"caption":"CidadeMarketing"},"image":{"@id":"https:\/\/www.cidademarketing.com.br\/marketing\/#\/schema\/logo\/image\/"},"sameAs":["https:\/\/www.facebook.com\/portalcidademarketing","https:\/\/x.com\/CidadeMarketing","https:\/\/www.instagram.com\/cidademarketing\/"]},{"@type":"Person","@id":"https:\/\/www.cidademarketing.com.br\/marketing\/#\/schema\/person\/02daff9f18bd9378c9e01eb6b2db155f","name":"Thales Brand\u00e3o","image":{"@type":"ImageObject","inLanguage":"pt-BR","@id":"https:\/\/secure.gravatar.com\/avatar\/7ca3206950207cc3cb48feec56a8a7898741ab725c368d99d5d7a5a50aab80c6?s=96&d=mm&r=g","url":"https:\/\/secure.gravatar.com\/avatar\/7ca3206950207cc3cb48feec56a8a7898741ab725c368d99d5d7a5a50aab80c6?s=96&d=mm&r=g","contentUrl":"https:\/\/secure.gravatar.com\/avatar\/7ca3206950207cc3cb48feec56a8a7898741ab725c368d99d5d7a5a50aab80c6?s=96&d=mm&r=g","caption":"Thales Brand\u00e3o"},"description":"Editor Executivo do Portal CidadeMarketing.com.br &gt; Mestre em Comunica\u00e7\u00e3o e Sociedade pela Universidade Federal de Sergipe. Possui MBA Executivo em Administra\u00e7\u00e3o com \u00eanfase em Marketing pela Funda\u00e7\u00e3o Get\u00falio Vargas - Rio de Janeiro. Consultor, Palestrante e Pesquisador sobre Empreendedorismo, Marketing, Redes Sociais e Neg\u00f3cios Digitais. Professor, Palestrante TedxTalks e Campus Party. Twitter: @ThalesBrandao","sameAs":["http:\/\/www.mandacaru.com.br","https:\/\/www.facebook.com\/thalesbrandao","http:\/\/www.instagram.com.br\/thalesbrandaoferreira","https:\/\/www.linkedin.com\/in\/thales-brand\u00e3o-3948609\/","https:\/\/x.com\/http:\/\/www.twitter.com\/thalesbrandao"],"url":"https:\/\/www.cidademarketing.com.br\/marketing\/author\/thalesbrandao\/"}]}},"amp_enabled":true,"_links":{"self":[{"href":"https:\/\/www.cidademarketing.com.br\/marketing\/wp-json\/wp\/v2\/posts\/2013","targetHints":{"allow":["GET"]}}],"collection":[{"href":"https:\/\/www.cidademarketing.com.br\/marketing\/wp-json\/wp\/v2\/posts"}],"about":[{"href":"https:\/\/www.cidademarketing.com.br\/marketing\/wp-json\/wp\/v2\/types\/post"}],"author":[{"embeddable":true,"href":"https:\/\/www.cidademarketing.com.br\/marketing\/wp-json\/wp\/v2\/users\/1"}],"replies":[{"embeddable":true,"href":"https:\/\/www.cidademarketing.com.br\/marketing\/wp-json\/wp\/v2\/comments?post=2013"}],"version-history":[{"count":1,"href":"https:\/\/www.cidademarketing.com.br\/marketing\/wp-json\/wp\/v2\/posts\/2013\/revisions"}],"predecessor-version":[{"id":2017,"href":"https:\/\/www.cidademarketing.com.br\/marketing\/wp-json\/wp\/v2\/posts\/2013\/revisions\/2017"}],"wp:featuredmedia":[{"embeddable":true,"href":"https:\/\/www.cidademarketing.com.br\/marketing\/wp-json\/wp\/v2\/media\/2015"}],"wp:attachment":[{"href":"https:\/\/www.cidademarketing.com.br\/marketing\/wp-json\/wp\/v2\/media?parent=2013"}],"wp:term":[{"taxonomy":"category","embeddable":true,"href":"https:\/\/www.cidademarketing.com.br\/marketing\/wp-json\/wp\/v2\/categories?post=2013"},{"taxonomy":"post_tag","embeddable":true,"href":"https:\/\/www.cidademarketing.com.br\/marketing\/wp-json\/wp\/v2\/tags?post=2013"}],"curies":[{"name":"wp","href":"https:\/\/api.w.org\/{rel}","templated":true}]}}