{"id":20090,"date":"2020-10-27T12:26:26","date_gmt":"2020-10-27T15:26:26","guid":{"rendered":"https:\/\/www.cidademarketing.com.br\/marketing\/?p=20090"},"modified":"2020-10-27T12:26:32","modified_gmt":"2020-10-27T15:26:32","slug":"vono-celebra-15-anos-com-lancamento-de-vono-chef-creme-de-cebola-menos-sodio","status":"publish","type":"post","link":"https:\/\/www.cidademarketing.com.br\/marketing\/2020\/10\/27\/vono-celebra-15-anos-com-lancamento-de-vono-chef-creme-de-cebola-menos-sodio\/","title":{"rendered":"VONO\u00ae celebra 15 anos com lan\u00e7amento de VONO\u00ae Chef Creme de Cebola Menos S\u00f3dio"},"content":{"rendered":"\n<p>Marca da <strong>Ajinomoto do Brasil<\/strong> e l\u00edder no segmento de sopas individuais, <strong>VONO\u00ae<\/strong> celebra seus 15 anos como especialista em sabor e acrescenta novidade ao portf\u00f3lio. Ao longo dessa trajet\u00f3ria, foram consumidos aproximadamente 135 milh\u00f5es de litros de sopas da marca, volume suficiente para encher 270 mil caixas d\u00b4\u00e1gua de tamanho m\u00e9dio ou o equivalente \u00e0 vaz\u00e3o das Cataratas do Igua\u00e7u por 1 minuto e meio.<\/p>\n\n\n\n<p>Refer\u00eancia da categoria, <strong>VONO\u00ae<\/strong> leva aos consumidores praticidade e leveza em diversos sabores desde 2005. Em 15 anos, o portf\u00f3lio dobrou de tamanho e atualmente oferece 14 variedades que s\u00e3o divididas em duas linhas: <strong>VONO\u00ae Individual<\/strong> e <strong>VONO\u00ae Chef<\/strong>. O lan\u00e7amento mais recente \u00e9 a sopa <strong>VONO\u00ae Chef Creme de Cebola <\/strong>com 37% menos s\u00f3dio em compara\u00e7\u00e3o \u00e0 vers\u00e3o tradicional, que continuar\u00e1 sendo comercializada simultaneamente.<\/p>\n\n\n\n<figure class=\"wp-block-gallery columns-2 is-cropped wp-block-gallery-1 is-layout-flex wp-block-gallery-is-layout-flex\"><ul class=\"blocks-gallery-grid\"><li class=\"blocks-gallery-item\"><figure><img fetchpriority=\"high\" decoding=\"async\" width=\"819\" height=\"1024\" src=\"https:\/\/www.cidademarketing.com.br\/marketing\/wp-content\/uploads\/2020\/10\/384980_951853_frame_campanha_15_anos_2-819x1024.png\" alt=\"\" data-id=\"20092\" data-full-url=\"https:\/\/www.cidademarketing.com.br\/marketing\/wp-content\/uploads\/2020\/10\/384980_951853_frame_campanha_15_anos_2.png\" data-link=\"https:\/\/www.cidademarketing.com.br\/marketing\/?attachment_id=20092\" class=\"wp-image-20092\" srcset=\"https:\/\/www.cidademarketing.com.br\/marketing\/wp-content\/uploads\/2020\/10\/384980_951853_frame_campanha_15_anos_2-819x1024.png 819w, https:\/\/www.cidademarketing.com.br\/marketing\/wp-content\/uploads\/2020\/10\/384980_951853_frame_campanha_15_anos_2-240x300.png 240w, https:\/\/www.cidademarketing.com.br\/marketing\/wp-content\/uploads\/2020\/10\/384980_951853_frame_campanha_15_anos_2-768x960.png 768w, https:\/\/www.cidademarketing.com.br\/marketing\/wp-content\/uploads\/2020\/10\/384980_951853_frame_campanha_15_anos_2-336x420.png 336w, https:\/\/www.cidademarketing.com.br\/marketing\/wp-content\/uploads\/2020\/10\/384980_951853_frame_campanha_15_anos_2-640x800.png 640w, https:\/\/www.cidademarketing.com.br\/marketing\/wp-content\/uploads\/2020\/10\/384980_951853_frame_campanha_15_anos_2-681x851.png 681w, https:\/\/www.cidademarketing.com.br\/marketing\/wp-content\/uploads\/2020\/10\/384980_951853_frame_campanha_15_anos_2.png 1024w\" sizes=\"(max-width: 819px) 100vw, 819px\" \/><\/figure><\/li><li class=\"blocks-gallery-item\"><figure><img decoding=\"async\" src=\"blob:https:\/\/www.cidademarketing.com.br\/61aa8ff8-6610-4375-b9b3-f4bfa2736aa6\" data-id=\"\"\/><\/figure><\/li><\/ul><\/figure>\n\n\n\n<p><\/p>\n\n\n\n<p>\u201cCom o novo integrante da linha <strong>VONO\u00ae Chef<\/strong>, queremos celebrar o anivers\u00e1rio oferecendo um portf\u00f3lio ainda mais variado para atender as necessidades de diferentes perfis de consumidores e ao p\u00fablico que busca uma alimenta\u00e7\u00e3o com menos s\u00f3dio. O lan\u00e7amento refor\u00e7a o conceito \u2018Combina com seus momentos\u2019 e a posi\u00e7\u00e3o de especialista em sabor. Entre as iniciativas da marca est\u00e3o a divulga\u00e7\u00e3o de receitas pr\u00e1ticas, enquetes e a produ\u00e7\u00e3o de conte\u00fados comemorativos\u201d, afirma a gerente de marketing da Ajinomoto do Brasil, Anna Rocha.<\/p>\n\n\n\n<p>Como parte das celebra\u00e7\u00f5es de 15 anos, <strong>VONO\u00ae<\/strong> tamb\u00e9m colocou no ar uma campanha digital, desenvolvida pela ag\u00eancia Cappuccino Digital. O filme, que celebra os momentos em que a marca esteve presente na vida dos consumidores, pode ser acessado na fanpage do Facebook (<a href=\"http:\/\/www.facebook.com\/SopasVono\" target=\"_blank\" rel=\"noreferrer noopener\">facebook.com\/SopasVono<\/a>).<\/p>\n\n\n\n<p>Inova\u00e7\u00e3o sempre esteve atrelada \u00e0 marca, trazida da matriz da Ajinomoto, no Jap\u00e3o, que possui expertise global no mercado de sopas. <strong>VONO\u00ae<\/strong> traz no pr\u00f3prio nome sua origem japonesa, inspirada pela express\u00e3o \u201cHonobono\u201d, que pode ser traduzida como \u201csensa\u00e7\u00e3o calorosa e envolvente\u201d.<\/p>\n\n\n\n<p>\u201c<strong>VONO\u00ae<\/strong> est\u00e1 inserida em uma categoria de muita concorr\u00eancia desde o seu lan\u00e7amento. Mesmo diante dos desafios, em pouco tempo a marca conquistou seu espa\u00e7o e o paladar dos consumidores brasileiros. Atualmente, somos l\u00edderes no segmento de sopas individuais e ocupamos a vice-lideran\u00e7a em sopas claras e cremosas\u201d, revela a executiva da marca.<\/p>\n\n\n\n<p><strong><u>Outras a\u00e7\u00f5es de VONO\u00ae<\/u><\/strong><\/p>\n\n\n\n<p>Com o objetivo de trazer dicas de bem-estar que tornem o cotidiano mais leve, agrad\u00e1vel e que ajudem os consumidores a lidar com o per\u00edodo de isolamento social, <strong>VONO\u00ae<\/strong> tamb\u00e9m lan\u00e7ou a webs\u00e9rie <strong>\u201cVONO\u00ae em Casa\u201d<\/strong>, apresentada por Chris Campos. O lan\u00e7amento da s\u00e9rie foi em junho e o \u00faltimo cap\u00edtulo vai ao ar em janeiro de 2021 A a\u00e7\u00e3o \u00e9 assinada pela ag\u00eancia Cappuccino Digital e produzida remotamente pela pr\u00f3pria apresentadora. Os v\u00eddeos podem ser assistidos na fanpage @sopasvono no Facebook.<\/p>\n","protected":false},"excerpt":{"rendered":"<p>Marca da Ajinomoto do Brasil e l\u00edder no segmento de sopas individuais, VONO\u00ae celebra seus 15 anos como especialista em sabor e acrescenta novidade ao portf\u00f3lio. Ao longo dessa trajet\u00f3ria, foram consumidos aproximadamente 135 milh\u00f5es de litros de sopas da marca, volume suficiente para encher 270 mil caixas d\u00b4\u00e1gua de tamanho m\u00e9dio ou o equivalente [&hellip;]<\/p>\n","protected":false},"author":1,"featured_media":20091,"comment_status":"open","ping_status":"open","sticky":false,"template":"","format":"standard","meta":{"tdm_status":"","tdm_grid_status":"","footnotes":""},"categories":[6],"tags":[65,28,3508],"class_list":["post-20090","post","type-post","status-publish","format-standard","has-post-thumbnail","hentry","category-noticias","tag-campanha","tag-marketing","tag-vono"],"yoast_head":"<!-- This site is optimized with the Yoast SEO plugin v27.5 - https:\/\/yoast.com\/product\/yoast-seo-wordpress\/ -->\n<title>VONO\u00ae celebra 15 anos com lan\u00e7amento de VONO\u00ae Chef Creme de Cebola Menos S\u00f3dio - CidadeMarketing<\/title>\n<meta name=\"robots\" content=\"index, follow, max-snippet:-1, max-image-preview:large, max-video-preview:-1\" \/>\n<link rel=\"canonical\" href=\"https:\/\/www.cidademarketing.com.br\/marketing\/2020\/10\/27\/vono-celebra-15-anos-com-lancamento-de-vono-chef-creme-de-cebola-menos-sodio\/\" \/>\n<meta property=\"og:locale\" content=\"pt_BR\" \/>\n<meta property=\"og:type\" content=\"article\" \/>\n<meta property=\"og:title\" content=\"VONO\u00ae celebra 15 anos com lan\u00e7amento de VONO\u00ae Chef Creme de Cebola Menos S\u00f3dio - CidadeMarketing\" \/>\n<meta property=\"og:description\" content=\"Marca da Ajinomoto do Brasil e l\u00edder no segmento de sopas individuais, VONO\u00ae celebra seus 15 anos como especialista em sabor e acrescenta novidade ao portf\u00f3lio. Ao longo dessa trajet\u00f3ria, foram consumidos aproximadamente 135 milh\u00f5es de litros de sopas da marca, volume suficiente para encher 270 mil caixas d\u00b4\u00e1gua de tamanho m\u00e9dio ou o equivalente [&hellip;]\" \/>\n<meta property=\"og:url\" content=\"https:\/\/www.cidademarketing.com.br\/marketing\/2020\/10\/27\/vono-celebra-15-anos-com-lancamento-de-vono-chef-creme-de-cebola-menos-sodio\/\" \/>\n<meta property=\"og:site_name\" content=\"CidadeMarketing\" \/>\n<meta property=\"article:publisher\" content=\"https:\/\/www.facebook.com\/portalcidademarketing\" \/>\n<meta property=\"article:author\" content=\"https:\/\/www.facebook.com\/thalesbrandao\" \/>\n<meta property=\"article:published_time\" content=\"2020-10-27T15:26:26+00:00\" \/>\n<meta property=\"article:modified_time\" content=\"2020-10-27T15:26:32+00:00\" \/>\n<meta property=\"og:image\" content=\"https:\/\/www.cidademarketing.com.br\/marketing\/wp-content\/uploads\/2020\/10\/384980_951852_af_kv_vono__reduzido_.jpg\" \/>\n\t<meta property=\"og:image:width\" content=\"1517\" \/>\n\t<meta property=\"og:image:height\" content=\"850\" \/>\n\t<meta property=\"og:image:type\" content=\"image\/jpeg\" \/>\n<meta name=\"author\" content=\"Thales Brand\u00e3o\" \/>\n<meta name=\"twitter:card\" content=\"summary_large_image\" \/>\n<meta name=\"twitter:creator\" content=\"@http:\/\/www.twitter.com\/thalesbrandao\" \/>\n<meta name=\"twitter:site\" content=\"@CidadeMarketing\" \/>\n<meta name=\"twitter:label1\" content=\"Escrito por\" \/>\n\t<meta name=\"twitter:data1\" content=\"Thales Brand\u00e3o\" \/>\n\t<meta name=\"twitter:label2\" content=\"Est. tempo de leitura\" \/>\n\t<meta name=\"twitter:data2\" content=\"2 minutos\" \/>\n<script type=\"application\/ld+json\" class=\"yoast-schema-graph\">{\"@context\":\"https:\\\/\\\/schema.org\",\"@graph\":[{\"@type\":\"Article\",\"@id\":\"https:\\\/\\\/www.cidademarketing.com.br\\\/marketing\\\/2020\\\/10\\\/27\\\/vono-celebra-15-anos-com-lancamento-de-vono-chef-creme-de-cebola-menos-sodio\\\/#article\",\"isPartOf\":{\"@id\":\"https:\\\/\\\/www.cidademarketing.com.br\\\/marketing\\\/2020\\\/10\\\/27\\\/vono-celebra-15-anos-com-lancamento-de-vono-chef-creme-de-cebola-menos-sodio\\\/\"},\"author\":{\"name\":\"Thales Brand\u00e3o\",\"@id\":\"https:\\\/\\\/www.cidademarketing.com.br\\\/marketing\\\/#\\\/schema\\\/person\\\/02daff9f18bd9378c9e01eb6b2db155f\"},\"headline\":\"VONO\u00ae celebra 15 anos com lan\u00e7amento de VONO\u00ae Chef Creme de Cebola Menos S\u00f3dio\",\"datePublished\":\"2020-10-27T15:26:26+00:00\",\"dateModified\":\"2020-10-27T15:26:32+00:00\",\"mainEntityOfPage\":{\"@id\":\"https:\\\/\\\/www.cidademarketing.com.br\\\/marketing\\\/2020\\\/10\\\/27\\\/vono-celebra-15-anos-com-lancamento-de-vono-chef-creme-de-cebola-menos-sodio\\\/\"},\"wordCount\":494,\"commentCount\":0,\"publisher\":{\"@id\":\"https:\\\/\\\/www.cidademarketing.com.br\\\/marketing\\\/#organization\"},\"image\":{\"@id\":\"https:\\\/\\\/www.cidademarketing.com.br\\\/marketing\\\/2020\\\/10\\\/27\\\/vono-celebra-15-anos-com-lancamento-de-vono-chef-creme-de-cebola-menos-sodio\\\/#primaryimage\"},\"thumbnailUrl\":\"https:\\\/\\\/www.cidademarketing.com.br\\\/marketing\\\/wp-content\\\/uploads\\\/2020\\\/10\\\/384980_951852_af_kv_vono__reduzido_.jpg\",\"keywords\":[\"campanha\",\"marketing\",\"VONO\"],\"articleSection\":[\"Not\u00edcias\"],\"inLanguage\":\"pt-BR\",\"potentialAction\":[{\"@type\":\"CommentAction\",\"name\":\"Comment\",\"target\":[\"https:\\\/\\\/www.cidademarketing.com.br\\\/marketing\\\/2020\\\/10\\\/27\\\/vono-celebra-15-anos-com-lancamento-de-vono-chef-creme-de-cebola-menos-sodio\\\/#respond\"]}]},{\"@type\":\"WebPage\",\"@id\":\"https:\\\/\\\/www.cidademarketing.com.br\\\/marketing\\\/2020\\\/10\\\/27\\\/vono-celebra-15-anos-com-lancamento-de-vono-chef-creme-de-cebola-menos-sodio\\\/\",\"url\":\"https:\\\/\\\/www.cidademarketing.com.br\\\/marketing\\\/2020\\\/10\\\/27\\\/vono-celebra-15-anos-com-lancamento-de-vono-chef-creme-de-cebola-menos-sodio\\\/\",\"name\":\"VONO\u00ae celebra 15 anos com lan\u00e7amento de VONO\u00ae Chef Creme de Cebola Menos S\u00f3dio - CidadeMarketing\",\"isPartOf\":{\"@id\":\"https:\\\/\\\/www.cidademarketing.com.br\\\/marketing\\\/#website\"},\"primaryImageOfPage\":{\"@id\":\"https:\\\/\\\/www.cidademarketing.com.br\\\/marketing\\\/2020\\\/10\\\/27\\\/vono-celebra-15-anos-com-lancamento-de-vono-chef-creme-de-cebola-menos-sodio\\\/#primaryimage\"},\"image\":{\"@id\":\"https:\\\/\\\/www.cidademarketing.com.br\\\/marketing\\\/2020\\\/10\\\/27\\\/vono-celebra-15-anos-com-lancamento-de-vono-chef-creme-de-cebola-menos-sodio\\\/#primaryimage\"},\"thumbnailUrl\":\"https:\\\/\\\/www.cidademarketing.com.br\\\/marketing\\\/wp-content\\\/uploads\\\/2020\\\/10\\\/384980_951852_af_kv_vono__reduzido_.jpg\",\"datePublished\":\"2020-10-27T15:26:26+00:00\",\"dateModified\":\"2020-10-27T15:26:32+00:00\",\"breadcrumb\":{\"@id\":\"https:\\\/\\\/www.cidademarketing.com.br\\\/marketing\\\/2020\\\/10\\\/27\\\/vono-celebra-15-anos-com-lancamento-de-vono-chef-creme-de-cebola-menos-sodio\\\/#breadcrumb\"},\"inLanguage\":\"pt-BR\",\"potentialAction\":[{\"@type\":\"ReadAction\",\"target\":[\"https:\\\/\\\/www.cidademarketing.com.br\\\/marketing\\\/2020\\\/10\\\/27\\\/vono-celebra-15-anos-com-lancamento-de-vono-chef-creme-de-cebola-menos-sodio\\\/\"]}]},{\"@type\":\"ImageObject\",\"inLanguage\":\"pt-BR\",\"@id\":\"https:\\\/\\\/www.cidademarketing.com.br\\\/marketing\\\/2020\\\/10\\\/27\\\/vono-celebra-15-anos-com-lancamento-de-vono-chef-creme-de-cebola-menos-sodio\\\/#primaryimage\",\"url\":\"https:\\\/\\\/www.cidademarketing.com.br\\\/marketing\\\/wp-content\\\/uploads\\\/2020\\\/10\\\/384980_951852_af_kv_vono__reduzido_.jpg\",\"contentUrl\":\"https:\\\/\\\/www.cidademarketing.com.br\\\/marketing\\\/wp-content\\\/uploads\\\/2020\\\/10\\\/384980_951852_af_kv_vono__reduzido_.jpg\",\"width\":1517,\"height\":850},{\"@type\":\"BreadcrumbList\",\"@id\":\"https:\\\/\\\/www.cidademarketing.com.br\\\/marketing\\\/2020\\\/10\\\/27\\\/vono-celebra-15-anos-com-lancamento-de-vono-chef-creme-de-cebola-menos-sodio\\\/#breadcrumb\",\"itemListElement\":[{\"@type\":\"ListItem\",\"position\":1,\"name\":\"In\u00edcio\",\"item\":\"https:\\\/\\\/www.cidademarketing.com.br\\\/marketing\\\/\"},{\"@type\":\"ListItem\",\"position\":2,\"name\":\"VONO\u00ae celebra 15 anos com lan\u00e7amento de VONO\u00ae Chef Creme de Cebola Menos S\u00f3dio\"}]},{\"@type\":\"WebSite\",\"@id\":\"https:\\\/\\\/www.cidademarketing.com.br\\\/marketing\\\/#website\",\"url\":\"https:\\\/\\\/www.cidademarketing.com.br\\\/marketing\\\/\",\"name\":\"CidadeMarketing\",\"description\":\"Somos um ve\u00edculo de comunica\u00e7\u00e3o de destaque no Brasil, reconhecido por conte\u00fados nos segmentos de marketing, empreendedorismo e inova\u00e7\u00e3o.\",\"publisher\":{\"@id\":\"https:\\\/\\\/www.cidademarketing.com.br\\\/marketing\\\/#organization\"},\"alternateName\":\"CidadeMarketing\",\"potentialAction\":[{\"@type\":\"SearchAction\",\"target\":{\"@type\":\"EntryPoint\",\"urlTemplate\":\"https:\\\/\\\/www.cidademarketing.com.br\\\/marketing\\\/?s={search_term_string}\"},\"query-input\":{\"@type\":\"PropertyValueSpecification\",\"valueRequired\":true,\"valueName\":\"search_term_string\"}}],\"inLanguage\":\"pt-BR\"},{\"@type\":\"Organization\",\"@id\":\"https:\\\/\\\/www.cidademarketing.com.br\\\/marketing\\\/#organization\",\"name\":\"CidadeMarketing\",\"alternateName\":\"CidadeMarketing\",\"url\":\"https:\\\/\\\/www.cidademarketing.com.br\\\/marketing\\\/\",\"logo\":{\"@type\":\"ImageObject\",\"inLanguage\":\"pt-BR\",\"@id\":\"https:\\\/\\\/www.cidademarketing.com.br\\\/marketing\\\/#\\\/schema\\\/logo\\\/image\\\/\",\"url\":\"https:\\\/\\\/www.cidademarketing.com.br\\\/marketing\\\/wp-content\\\/uploads\\\/2020\\\/01\\\/cidademarketing_marca_mobile.png\",\"contentUrl\":\"https:\\\/\\\/www.cidademarketing.com.br\\\/marketing\\\/wp-content\\\/uploads\\\/2020\\\/01\\\/cidademarketing_marca_mobile.png\",\"width\":230,\"height\":92,\"caption\":\"CidadeMarketing\"},\"image\":{\"@id\":\"https:\\\/\\\/www.cidademarketing.com.br\\\/marketing\\\/#\\\/schema\\\/logo\\\/image\\\/\"},\"sameAs\":[\"https:\\\/\\\/www.facebook.com\\\/portalcidademarketing\",\"https:\\\/\\\/x.com\\\/CidadeMarketing\",\"https:\\\/\\\/www.instagram.com\\\/cidademarketing\\\/\"]},{\"@type\":\"Person\",\"@id\":\"https:\\\/\\\/www.cidademarketing.com.br\\\/marketing\\\/#\\\/schema\\\/person\\\/02daff9f18bd9378c9e01eb6b2db155f\",\"name\":\"Thales Brand\u00e3o\",\"image\":{\"@type\":\"ImageObject\",\"inLanguage\":\"pt-BR\",\"@id\":\"https:\\\/\\\/secure.gravatar.com\\\/avatar\\\/7ca3206950207cc3cb48feec56a8a7898741ab725c368d99d5d7a5a50aab80c6?s=96&d=mm&r=g\",\"url\":\"https:\\\/\\\/secure.gravatar.com\\\/avatar\\\/7ca3206950207cc3cb48feec56a8a7898741ab725c368d99d5d7a5a50aab80c6?s=96&d=mm&r=g\",\"contentUrl\":\"https:\\\/\\\/secure.gravatar.com\\\/avatar\\\/7ca3206950207cc3cb48feec56a8a7898741ab725c368d99d5d7a5a50aab80c6?s=96&d=mm&r=g\",\"caption\":\"Thales Brand\u00e3o\"},\"description\":\"Editor Executivo do Portal CidadeMarketing.com.br &gt; Mestre em Comunica\u00e7\u00e3o e Sociedade pela Universidade Federal de Sergipe. Possui MBA Executivo em Administra\u00e7\u00e3o com \u00eanfase em Marketing pela Funda\u00e7\u00e3o Get\u00falio Vargas - Rio de Janeiro. Consultor, Palestrante e Pesquisador sobre Empreendedorismo, Marketing, Redes Sociais e Neg\u00f3cios Digitais. Professor, Palestrante TedxTalks e Campus Party. Twitter: @ThalesBrandao\",\"sameAs\":[\"http:\\\/\\\/www.mandacaru.com.br\",\"https:\\\/\\\/www.facebook.com\\\/thalesbrandao\",\"http:\\\/\\\/www.instagram.com.br\\\/thalesbrandaoferreira\",\"https:\\\/\\\/www.linkedin.com\\\/in\\\/thales-brand\u00e3o-3948609\\\/\",\"https:\\\/\\\/x.com\\\/http:\\\/\\\/www.twitter.com\\\/thalesbrandao\"],\"url\":\"https:\\\/\\\/www.cidademarketing.com.br\\\/marketing\\\/author\\\/thalesbrandao\\\/\"}]}<\/script>\n<!-- \/ Yoast SEO plugin. -->","yoast_head_json":{"title":"VONO\u00ae celebra 15 anos com lan\u00e7amento de VONO\u00ae Chef Creme de Cebola Menos S\u00f3dio - CidadeMarketing","robots":{"index":"index","follow":"follow","max-snippet":"max-snippet:-1","max-image-preview":"max-image-preview:large","max-video-preview":"max-video-preview:-1"},"canonical":"https:\/\/www.cidademarketing.com.br\/marketing\/2020\/10\/27\/vono-celebra-15-anos-com-lancamento-de-vono-chef-creme-de-cebola-menos-sodio\/","og_locale":"pt_BR","og_type":"article","og_title":"VONO\u00ae celebra 15 anos com lan\u00e7amento de VONO\u00ae Chef Creme de Cebola Menos S\u00f3dio - CidadeMarketing","og_description":"Marca da Ajinomoto do Brasil e l\u00edder no segmento de sopas individuais, VONO\u00ae celebra seus 15 anos como especialista em sabor e acrescenta novidade ao portf\u00f3lio. Ao longo dessa trajet\u00f3ria, foram consumidos aproximadamente 135 milh\u00f5es de litros de sopas da marca, volume suficiente para encher 270 mil caixas d\u00b4\u00e1gua de tamanho m\u00e9dio ou o equivalente [&hellip;]","og_url":"https:\/\/www.cidademarketing.com.br\/marketing\/2020\/10\/27\/vono-celebra-15-anos-com-lancamento-de-vono-chef-creme-de-cebola-menos-sodio\/","og_site_name":"CidadeMarketing","article_publisher":"https:\/\/www.facebook.com\/portalcidademarketing","article_author":"https:\/\/www.facebook.com\/thalesbrandao","article_published_time":"2020-10-27T15:26:26+00:00","article_modified_time":"2020-10-27T15:26:32+00:00","og_image":[{"width":1517,"height":850,"url":"https:\/\/www.cidademarketing.com.br\/marketing\/wp-content\/uploads\/2020\/10\/384980_951852_af_kv_vono__reduzido_.jpg","type":"image\/jpeg"}],"author":"Thales Brand\u00e3o","twitter_card":"summary_large_image","twitter_creator":"@http:\/\/www.twitter.com\/thalesbrandao","twitter_site":"@CidadeMarketing","twitter_misc":{"Escrito por":"Thales Brand\u00e3o","Est. tempo de leitura":"2 minutos"},"schema":{"@context":"https:\/\/schema.org","@graph":[{"@type":"Article","@id":"https:\/\/www.cidademarketing.com.br\/marketing\/2020\/10\/27\/vono-celebra-15-anos-com-lancamento-de-vono-chef-creme-de-cebola-menos-sodio\/#article","isPartOf":{"@id":"https:\/\/www.cidademarketing.com.br\/marketing\/2020\/10\/27\/vono-celebra-15-anos-com-lancamento-de-vono-chef-creme-de-cebola-menos-sodio\/"},"author":{"name":"Thales Brand\u00e3o","@id":"https:\/\/www.cidademarketing.com.br\/marketing\/#\/schema\/person\/02daff9f18bd9378c9e01eb6b2db155f"},"headline":"VONO\u00ae celebra 15 anos com lan\u00e7amento de VONO\u00ae Chef Creme de Cebola Menos S\u00f3dio","datePublished":"2020-10-27T15:26:26+00:00","dateModified":"2020-10-27T15:26:32+00:00","mainEntityOfPage":{"@id":"https:\/\/www.cidademarketing.com.br\/marketing\/2020\/10\/27\/vono-celebra-15-anos-com-lancamento-de-vono-chef-creme-de-cebola-menos-sodio\/"},"wordCount":494,"commentCount":0,"publisher":{"@id":"https:\/\/www.cidademarketing.com.br\/marketing\/#organization"},"image":{"@id":"https:\/\/www.cidademarketing.com.br\/marketing\/2020\/10\/27\/vono-celebra-15-anos-com-lancamento-de-vono-chef-creme-de-cebola-menos-sodio\/#primaryimage"},"thumbnailUrl":"https:\/\/www.cidademarketing.com.br\/marketing\/wp-content\/uploads\/2020\/10\/384980_951852_af_kv_vono__reduzido_.jpg","keywords":["campanha","marketing","VONO"],"articleSection":["Not\u00edcias"],"inLanguage":"pt-BR","potentialAction":[{"@type":"CommentAction","name":"Comment","target":["https:\/\/www.cidademarketing.com.br\/marketing\/2020\/10\/27\/vono-celebra-15-anos-com-lancamento-de-vono-chef-creme-de-cebola-menos-sodio\/#respond"]}]},{"@type":"WebPage","@id":"https:\/\/www.cidademarketing.com.br\/marketing\/2020\/10\/27\/vono-celebra-15-anos-com-lancamento-de-vono-chef-creme-de-cebola-menos-sodio\/","url":"https:\/\/www.cidademarketing.com.br\/marketing\/2020\/10\/27\/vono-celebra-15-anos-com-lancamento-de-vono-chef-creme-de-cebola-menos-sodio\/","name":"VONO\u00ae celebra 15 anos com lan\u00e7amento de VONO\u00ae Chef Creme de Cebola Menos S\u00f3dio - CidadeMarketing","isPartOf":{"@id":"https:\/\/www.cidademarketing.com.br\/marketing\/#website"},"primaryImageOfPage":{"@id":"https:\/\/www.cidademarketing.com.br\/marketing\/2020\/10\/27\/vono-celebra-15-anos-com-lancamento-de-vono-chef-creme-de-cebola-menos-sodio\/#primaryimage"},"image":{"@id":"https:\/\/www.cidademarketing.com.br\/marketing\/2020\/10\/27\/vono-celebra-15-anos-com-lancamento-de-vono-chef-creme-de-cebola-menos-sodio\/#primaryimage"},"thumbnailUrl":"https:\/\/www.cidademarketing.com.br\/marketing\/wp-content\/uploads\/2020\/10\/384980_951852_af_kv_vono__reduzido_.jpg","datePublished":"2020-10-27T15:26:26+00:00","dateModified":"2020-10-27T15:26:32+00:00","breadcrumb":{"@id":"https:\/\/www.cidademarketing.com.br\/marketing\/2020\/10\/27\/vono-celebra-15-anos-com-lancamento-de-vono-chef-creme-de-cebola-menos-sodio\/#breadcrumb"},"inLanguage":"pt-BR","potentialAction":[{"@type":"ReadAction","target":["https:\/\/www.cidademarketing.com.br\/marketing\/2020\/10\/27\/vono-celebra-15-anos-com-lancamento-de-vono-chef-creme-de-cebola-menos-sodio\/"]}]},{"@type":"ImageObject","inLanguage":"pt-BR","@id":"https:\/\/www.cidademarketing.com.br\/marketing\/2020\/10\/27\/vono-celebra-15-anos-com-lancamento-de-vono-chef-creme-de-cebola-menos-sodio\/#primaryimage","url":"https:\/\/www.cidademarketing.com.br\/marketing\/wp-content\/uploads\/2020\/10\/384980_951852_af_kv_vono__reduzido_.jpg","contentUrl":"https:\/\/www.cidademarketing.com.br\/marketing\/wp-content\/uploads\/2020\/10\/384980_951852_af_kv_vono__reduzido_.jpg","width":1517,"height":850},{"@type":"BreadcrumbList","@id":"https:\/\/www.cidademarketing.com.br\/marketing\/2020\/10\/27\/vono-celebra-15-anos-com-lancamento-de-vono-chef-creme-de-cebola-menos-sodio\/#breadcrumb","itemListElement":[{"@type":"ListItem","position":1,"name":"In\u00edcio","item":"https:\/\/www.cidademarketing.com.br\/marketing\/"},{"@type":"ListItem","position":2,"name":"VONO\u00ae celebra 15 anos com lan\u00e7amento de VONO\u00ae Chef Creme de Cebola Menos S\u00f3dio"}]},{"@type":"WebSite","@id":"https:\/\/www.cidademarketing.com.br\/marketing\/#website","url":"https:\/\/www.cidademarketing.com.br\/marketing\/","name":"CidadeMarketing","description":"Somos um ve\u00edculo de comunica\u00e7\u00e3o de destaque no Brasil, reconhecido por conte\u00fados nos segmentos de marketing, empreendedorismo e inova\u00e7\u00e3o.","publisher":{"@id":"https:\/\/www.cidademarketing.com.br\/marketing\/#organization"},"alternateName":"CidadeMarketing","potentialAction":[{"@type":"SearchAction","target":{"@type":"EntryPoint","urlTemplate":"https:\/\/www.cidademarketing.com.br\/marketing\/?s={search_term_string}"},"query-input":{"@type":"PropertyValueSpecification","valueRequired":true,"valueName":"search_term_string"}}],"inLanguage":"pt-BR"},{"@type":"Organization","@id":"https:\/\/www.cidademarketing.com.br\/marketing\/#organization","name":"CidadeMarketing","alternateName":"CidadeMarketing","url":"https:\/\/www.cidademarketing.com.br\/marketing\/","logo":{"@type":"ImageObject","inLanguage":"pt-BR","@id":"https:\/\/www.cidademarketing.com.br\/marketing\/#\/schema\/logo\/image\/","url":"https:\/\/www.cidademarketing.com.br\/marketing\/wp-content\/uploads\/2020\/01\/cidademarketing_marca_mobile.png","contentUrl":"https:\/\/www.cidademarketing.com.br\/marketing\/wp-content\/uploads\/2020\/01\/cidademarketing_marca_mobile.png","width":230,"height":92,"caption":"CidadeMarketing"},"image":{"@id":"https:\/\/www.cidademarketing.com.br\/marketing\/#\/schema\/logo\/image\/"},"sameAs":["https:\/\/www.facebook.com\/portalcidademarketing","https:\/\/x.com\/CidadeMarketing","https:\/\/www.instagram.com\/cidademarketing\/"]},{"@type":"Person","@id":"https:\/\/www.cidademarketing.com.br\/marketing\/#\/schema\/person\/02daff9f18bd9378c9e01eb6b2db155f","name":"Thales Brand\u00e3o","image":{"@type":"ImageObject","inLanguage":"pt-BR","@id":"https:\/\/secure.gravatar.com\/avatar\/7ca3206950207cc3cb48feec56a8a7898741ab725c368d99d5d7a5a50aab80c6?s=96&d=mm&r=g","url":"https:\/\/secure.gravatar.com\/avatar\/7ca3206950207cc3cb48feec56a8a7898741ab725c368d99d5d7a5a50aab80c6?s=96&d=mm&r=g","contentUrl":"https:\/\/secure.gravatar.com\/avatar\/7ca3206950207cc3cb48feec56a8a7898741ab725c368d99d5d7a5a50aab80c6?s=96&d=mm&r=g","caption":"Thales Brand\u00e3o"},"description":"Editor Executivo do Portal CidadeMarketing.com.br &gt; Mestre em Comunica\u00e7\u00e3o e Sociedade pela Universidade Federal de Sergipe. Possui MBA Executivo em Administra\u00e7\u00e3o com \u00eanfase em Marketing pela Funda\u00e7\u00e3o Get\u00falio Vargas - Rio de Janeiro. Consultor, Palestrante e Pesquisador sobre Empreendedorismo, Marketing, Redes Sociais e Neg\u00f3cios Digitais. Professor, Palestrante TedxTalks e Campus Party. Twitter: @ThalesBrandao","sameAs":["http:\/\/www.mandacaru.com.br","https:\/\/www.facebook.com\/thalesbrandao","http:\/\/www.instagram.com.br\/thalesbrandaoferreira","https:\/\/www.linkedin.com\/in\/thales-brand\u00e3o-3948609\/","https:\/\/x.com\/http:\/\/www.twitter.com\/thalesbrandao"],"url":"https:\/\/www.cidademarketing.com.br\/marketing\/author\/thalesbrandao\/"}]}},"amp_enabled":true,"_links":{"self":[{"href":"https:\/\/www.cidademarketing.com.br\/marketing\/wp-json\/wp\/v2\/posts\/20090","targetHints":{"allow":["GET"]}}],"collection":[{"href":"https:\/\/www.cidademarketing.com.br\/marketing\/wp-json\/wp\/v2\/posts"}],"about":[{"href":"https:\/\/www.cidademarketing.com.br\/marketing\/wp-json\/wp\/v2\/types\/post"}],"author":[{"embeddable":true,"href":"https:\/\/www.cidademarketing.com.br\/marketing\/wp-json\/wp\/v2\/users\/1"}],"replies":[{"embeddable":true,"href":"https:\/\/www.cidademarketing.com.br\/marketing\/wp-json\/wp\/v2\/comments?post=20090"}],"version-history":[{"count":1,"href":"https:\/\/www.cidademarketing.com.br\/marketing\/wp-json\/wp\/v2\/posts\/20090\/revisions"}],"predecessor-version":[{"id":20094,"href":"https:\/\/www.cidademarketing.com.br\/marketing\/wp-json\/wp\/v2\/posts\/20090\/revisions\/20094"}],"wp:featuredmedia":[{"embeddable":true,"href":"https:\/\/www.cidademarketing.com.br\/marketing\/wp-json\/wp\/v2\/media\/20091"}],"wp:attachment":[{"href":"https:\/\/www.cidademarketing.com.br\/marketing\/wp-json\/wp\/v2\/media?parent=20090"}],"wp:term":[{"taxonomy":"category","embeddable":true,"href":"https:\/\/www.cidademarketing.com.br\/marketing\/wp-json\/wp\/v2\/categories?post=20090"},{"taxonomy":"post_tag","embeddable":true,"href":"https:\/\/www.cidademarketing.com.br\/marketing\/wp-json\/wp\/v2\/tags?post=20090"}],"curies":[{"name":"wp","href":"https:\/\/api.w.org\/{rel}","templated":true}]}}