{"id":20015,"date":"2020-10-24T10:20:41","date_gmt":"2020-10-24T13:20:41","guid":{"rendered":"https:\/\/www.cidademarketing.com.br\/marketing\/?p=20015"},"modified":"2020-10-24T10:20:47","modified_gmt":"2020-10-24T13:20:47","slug":"grupo-madero-promove-acao-social-em-escola-municipal-de-curitiba-no-mes-da-crianca","status":"publish","type":"post","link":"https:\/\/www.cidademarketing.com.br\/marketing\/2020\/10\/24\/grupo-madero-promove-acao-social-em-escola-municipal-de-curitiba-no-mes-da-crianca\/","title":{"rendered":"Grupo Madero promove a\u00e7\u00e3o social em escola municipal de Curitiba no m\u00eas da crian\u00e7a"},"content":{"rendered":"\n<p>Aconteceu no dia 22\/10 a campanha em homenagem ao m\u00eas das crian\u00e7as em prol da Escola Municipal Professora Joana Raksa, no bairro Caximba, em Curitiba\/ PR. O espa\u00e7o, que conta com 850 crian\u00e7as do ensino fundamental, entre 5 e 13 anos e o CMEI \u2013 Centro Municipal de Educa\u00e7\u00e3o Infantil \u2013 com 100 crian\u00e7as de 0 a 5 anos, receberam 1000 kits com brinquedos (bonecas, caminh\u00f5es e bolas), livros de colorir e diversos doces.&nbsp;Os professores tamb\u00e9m foram homenageados durante a a\u00e7\u00e3o com presentes e agradecimento pela import\u00e2ncia do trabalho e pela dedica\u00e7\u00e3o.<\/p>\n\n\n\n<p>O Grupo Madero promove h\u00e1 quase 3 anos na escola a\u00e7\u00f5es de natal e p\u00e1scoa (levando presentes, brinquedos, apresenta\u00e7\u00e3o teatral e alimenta\u00e7\u00e3o). Devido a pandemia, o grupo ajustou as a\u00e7\u00f5es para entregas separadas por per\u00edodos e sem aglomera\u00e7\u00f5es.<\/p>\n\n\n\n<figure class=\"wp-block-image size-large is-resized\"><img fetchpriority=\"high\" decoding=\"async\" src=\"https:\/\/www.cidademarketing.com.br\/marketing\/wp-content\/uploads\/2020\/10\/Kits-especiais-celebraram-o-mes-das-criancas-scaled.jpg\" alt=\"\" class=\"wp-image-20016\" width=\"713\" height=\"1063\"\/><\/figure>\n\n\n\n<p><\/p>\n\n\n\n<p>Junior Durski, fundador e chef do Grupo Madero, sempre teve muito apre\u00e7o pela escola e comunidade que est\u00e1 inserida e apadrinhou e desde ent\u00e3o todas as grandes celebra\u00e7\u00f5es, como in\u00edcio do ano letivo, p\u00e1scoa, natal, levando a\u00e7\u00f5es culturais e recreativas para as crian\u00e7as.&nbsp; Em 2019,&nbsp; tamb\u00e9m fortaleceu os lanches das crian\u00e7as com um caf\u00e9 da manh\u00e3 e da tarde diariamente, levando mais energia e disposi\u00e7\u00e3o ao dia a dia dos alunos, melhorando de forma significativa a produtividade escolar das crian\u00e7as. Tamb\u00e9m foram doados cal\u00e7ados novos e roupas.<\/p>\n\n\n\n<p>\u201cTemos enorme carinho por esta escola e l\u00e1 temos realizado a\u00e7\u00f5es que nos d\u00e3o muita satisfa\u00e7\u00e3o. Somos respons\u00e1veis por manter vivos os sonhos desta garotada, valorizando sua segunda casa que \u00e9 a escola\u201d, conta o chef Junior Durski.<\/p>\n","protected":false},"excerpt":{"rendered":"<p>Aconteceu no dia 22\/10 a campanha em homenagem ao m\u00eas das crian\u00e7as em prol da Escola Municipal Professora Joana Raksa, no bairro Caximba, em Curitiba\/ PR. O espa\u00e7o, que conta com 850 crian\u00e7as do ensino fundamental, entre 5 e 13 anos e o CMEI \u2013 Centro Municipal de Educa\u00e7\u00e3o Infantil \u2013 com 100 crian\u00e7as de [&hellip;]<\/p>\n","protected":false},"author":1,"featured_media":20017,"comment_status":"open","ping_status":"open","sticky":false,"template":"","format":"standard","meta":{"tdm_status":"","tdm_grid_status":"","footnotes":""},"categories":[6],"tags":[1754,33,3153,28],"class_list":["post-20015","post","type-post","status-publish","format-standard","has-post-thumbnail","hentry","category-noticias","tag-curitiba","tag-estrategia","tag-madero","tag-marketing"],"yoast_head":"<!-- This site is optimized with the Yoast SEO plugin v27.5 - https:\/\/yoast.com\/product\/yoast-seo-wordpress\/ -->\n<title>Grupo Madero promove a\u00e7\u00e3o social em escola municipal de Curitiba no m\u00eas da crian\u00e7a - CidadeMarketing<\/title>\n<meta name=\"robots\" content=\"index, follow, max-snippet:-1, max-image-preview:large, max-video-preview:-1\" \/>\n<link rel=\"canonical\" href=\"https:\/\/www.cidademarketing.com.br\/marketing\/2020\/10\/24\/grupo-madero-promove-acao-social-em-escola-municipal-de-curitiba-no-mes-da-crianca\/\" \/>\n<meta property=\"og:locale\" content=\"pt_BR\" \/>\n<meta property=\"og:type\" content=\"article\" \/>\n<meta property=\"og:title\" content=\"Grupo Madero promove a\u00e7\u00e3o social em escola municipal de Curitiba no m\u00eas da crian\u00e7a - CidadeMarketing\" \/>\n<meta property=\"og:description\" content=\"Aconteceu no dia 22\/10 a campanha em homenagem ao m\u00eas das crian\u00e7as em prol da Escola Municipal Professora Joana Raksa, no bairro Caximba, em Curitiba\/ PR. O espa\u00e7o, que conta com 850 crian\u00e7as do ensino fundamental, entre 5 e 13 anos e o CMEI \u2013 Centro Municipal de Educa\u00e7\u00e3o Infantil \u2013 com 100 crian\u00e7as de [&hellip;]\" \/>\n<meta property=\"og:url\" content=\"https:\/\/www.cidademarketing.com.br\/marketing\/2020\/10\/24\/grupo-madero-promove-acao-social-em-escola-municipal-de-curitiba-no-mes-da-crianca\/\" \/>\n<meta property=\"og:site_name\" content=\"CidadeMarketing\" \/>\n<meta property=\"article:publisher\" content=\"https:\/\/www.facebook.com\/portalcidademarketing\" \/>\n<meta property=\"article:author\" content=\"https:\/\/www.facebook.com\/thalesbrandao\" \/>\n<meta property=\"article:published_time\" content=\"2020-10-24T13:20:41+00:00\" \/>\n<meta property=\"article:modified_time\" content=\"2020-10-24T13:20:47+00:00\" \/>\n<meta property=\"og:image\" content=\"https:\/\/www.cidademarketing.com.br\/marketing\/wp-content\/uploads\/2020\/10\/Acao-social-Madero-scaled.jpg\" \/>\n\t<meta property=\"og:image:width\" content=\"2560\" \/>\n\t<meta property=\"og:image:height\" content=\"1707\" \/>\n\t<meta property=\"og:image:type\" content=\"image\/jpeg\" \/>\n<meta name=\"author\" content=\"Thales Brand\u00e3o\" \/>\n<meta name=\"twitter:card\" content=\"summary_large_image\" \/>\n<meta name=\"twitter:creator\" content=\"@http:\/\/www.twitter.com\/thalesbrandao\" \/>\n<meta name=\"twitter:site\" content=\"@CidadeMarketing\" \/>\n<meta name=\"twitter:label1\" content=\"Escrito por\" \/>\n\t<meta name=\"twitter:data1\" content=\"Thales Brand\u00e3o\" \/>\n\t<meta name=\"twitter:label2\" content=\"Est. tempo de leitura\" \/>\n\t<meta name=\"twitter:data2\" content=\"1 minuto\" \/>\n<script type=\"application\/ld+json\" class=\"yoast-schema-graph\">{\"@context\":\"https:\\\/\\\/schema.org\",\"@graph\":[{\"@type\":\"Article\",\"@id\":\"https:\\\/\\\/www.cidademarketing.com.br\\\/marketing\\\/2020\\\/10\\\/24\\\/grupo-madero-promove-acao-social-em-escola-municipal-de-curitiba-no-mes-da-crianca\\\/#article\",\"isPartOf\":{\"@id\":\"https:\\\/\\\/www.cidademarketing.com.br\\\/marketing\\\/2020\\\/10\\\/24\\\/grupo-madero-promove-acao-social-em-escola-municipal-de-curitiba-no-mes-da-crianca\\\/\"},\"author\":{\"name\":\"Thales Brand\u00e3o\",\"@id\":\"https:\\\/\\\/www.cidademarketing.com.br\\\/marketing\\\/#\\\/schema\\\/person\\\/02daff9f18bd9378c9e01eb6b2db155f\"},\"headline\":\"Grupo Madero promove a\u00e7\u00e3o social em escola municipal de Curitiba no m\u00eas da crian\u00e7a\",\"datePublished\":\"2020-10-24T13:20:41+00:00\",\"dateModified\":\"2020-10-24T13:20:47+00:00\",\"mainEntityOfPage\":{\"@id\":\"https:\\\/\\\/www.cidademarketing.com.br\\\/marketing\\\/2020\\\/10\\\/24\\\/grupo-madero-promove-acao-social-em-escola-municipal-de-curitiba-no-mes-da-crianca\\\/\"},\"wordCount\":298,\"commentCount\":0,\"publisher\":{\"@id\":\"https:\\\/\\\/www.cidademarketing.com.br\\\/marketing\\\/#organization\"},\"image\":{\"@id\":\"https:\\\/\\\/www.cidademarketing.com.br\\\/marketing\\\/2020\\\/10\\\/24\\\/grupo-madero-promove-acao-social-em-escola-municipal-de-curitiba-no-mes-da-crianca\\\/#primaryimage\"},\"thumbnailUrl\":\"https:\\\/\\\/www.cidademarketing.com.br\\\/marketing\\\/wp-content\\\/uploads\\\/2020\\\/10\\\/Acao-social-Madero-scaled.jpg\",\"keywords\":[\"Curitiba\",\"estrat\u00e9gia\",\"Madero\",\"marketing\"],\"articleSection\":[\"Not\u00edcias\"],\"inLanguage\":\"pt-BR\",\"potentialAction\":[{\"@type\":\"CommentAction\",\"name\":\"Comment\",\"target\":[\"https:\\\/\\\/www.cidademarketing.com.br\\\/marketing\\\/2020\\\/10\\\/24\\\/grupo-madero-promove-acao-social-em-escola-municipal-de-curitiba-no-mes-da-crianca\\\/#respond\"]}]},{\"@type\":\"WebPage\",\"@id\":\"https:\\\/\\\/www.cidademarketing.com.br\\\/marketing\\\/2020\\\/10\\\/24\\\/grupo-madero-promove-acao-social-em-escola-municipal-de-curitiba-no-mes-da-crianca\\\/\",\"url\":\"https:\\\/\\\/www.cidademarketing.com.br\\\/marketing\\\/2020\\\/10\\\/24\\\/grupo-madero-promove-acao-social-em-escola-municipal-de-curitiba-no-mes-da-crianca\\\/\",\"name\":\"Grupo Madero promove a\u00e7\u00e3o social em escola municipal de Curitiba no m\u00eas da crian\u00e7a - CidadeMarketing\",\"isPartOf\":{\"@id\":\"https:\\\/\\\/www.cidademarketing.com.br\\\/marketing\\\/#website\"},\"primaryImageOfPage\":{\"@id\":\"https:\\\/\\\/www.cidademarketing.com.br\\\/marketing\\\/2020\\\/10\\\/24\\\/grupo-madero-promove-acao-social-em-escola-municipal-de-curitiba-no-mes-da-crianca\\\/#primaryimage\"},\"image\":{\"@id\":\"https:\\\/\\\/www.cidademarketing.com.br\\\/marketing\\\/2020\\\/10\\\/24\\\/grupo-madero-promove-acao-social-em-escola-municipal-de-curitiba-no-mes-da-crianca\\\/#primaryimage\"},\"thumbnailUrl\":\"https:\\\/\\\/www.cidademarketing.com.br\\\/marketing\\\/wp-content\\\/uploads\\\/2020\\\/10\\\/Acao-social-Madero-scaled.jpg\",\"datePublished\":\"2020-10-24T13:20:41+00:00\",\"dateModified\":\"2020-10-24T13:20:47+00:00\",\"breadcrumb\":{\"@id\":\"https:\\\/\\\/www.cidademarketing.com.br\\\/marketing\\\/2020\\\/10\\\/24\\\/grupo-madero-promove-acao-social-em-escola-municipal-de-curitiba-no-mes-da-crianca\\\/#breadcrumb\"},\"inLanguage\":\"pt-BR\",\"potentialAction\":[{\"@type\":\"ReadAction\",\"target\":[\"https:\\\/\\\/www.cidademarketing.com.br\\\/marketing\\\/2020\\\/10\\\/24\\\/grupo-madero-promove-acao-social-em-escola-municipal-de-curitiba-no-mes-da-crianca\\\/\"]}]},{\"@type\":\"ImageObject\",\"inLanguage\":\"pt-BR\",\"@id\":\"https:\\\/\\\/www.cidademarketing.com.br\\\/marketing\\\/2020\\\/10\\\/24\\\/grupo-madero-promove-acao-social-em-escola-municipal-de-curitiba-no-mes-da-crianca\\\/#primaryimage\",\"url\":\"https:\\\/\\\/www.cidademarketing.com.br\\\/marketing\\\/wp-content\\\/uploads\\\/2020\\\/10\\\/Acao-social-Madero-scaled.jpg\",\"contentUrl\":\"https:\\\/\\\/www.cidademarketing.com.br\\\/marketing\\\/wp-content\\\/uploads\\\/2020\\\/10\\\/Acao-social-Madero-scaled.jpg\",\"width\":2560,\"height\":1707,\"caption\":\"Divulga\u00e7\u00e3o\"},{\"@type\":\"BreadcrumbList\",\"@id\":\"https:\\\/\\\/www.cidademarketing.com.br\\\/marketing\\\/2020\\\/10\\\/24\\\/grupo-madero-promove-acao-social-em-escola-municipal-de-curitiba-no-mes-da-crianca\\\/#breadcrumb\",\"itemListElement\":[{\"@type\":\"ListItem\",\"position\":1,\"name\":\"In\u00edcio\",\"item\":\"https:\\\/\\\/www.cidademarketing.com.br\\\/marketing\\\/\"},{\"@type\":\"ListItem\",\"position\":2,\"name\":\"Grupo Madero promove a\u00e7\u00e3o social em escola municipal de Curitiba no m\u00eas da crian\u00e7a\"}]},{\"@type\":\"WebSite\",\"@id\":\"https:\\\/\\\/www.cidademarketing.com.br\\\/marketing\\\/#website\",\"url\":\"https:\\\/\\\/www.cidademarketing.com.br\\\/marketing\\\/\",\"name\":\"CidadeMarketing\",\"description\":\"Somos um ve\u00edculo de comunica\u00e7\u00e3o de destaque no Brasil, reconhecido por conte\u00fados nos segmentos de marketing, empreendedorismo e inova\u00e7\u00e3o.\",\"publisher\":{\"@id\":\"https:\\\/\\\/www.cidademarketing.com.br\\\/marketing\\\/#organization\"},\"alternateName\":\"CidadeMarketing\",\"potentialAction\":[{\"@type\":\"SearchAction\",\"target\":{\"@type\":\"EntryPoint\",\"urlTemplate\":\"https:\\\/\\\/www.cidademarketing.com.br\\\/marketing\\\/?s={search_term_string}\"},\"query-input\":{\"@type\":\"PropertyValueSpecification\",\"valueRequired\":true,\"valueName\":\"search_term_string\"}}],\"inLanguage\":\"pt-BR\"},{\"@type\":\"Organization\",\"@id\":\"https:\\\/\\\/www.cidademarketing.com.br\\\/marketing\\\/#organization\",\"name\":\"CidadeMarketing\",\"alternateName\":\"CidadeMarketing\",\"url\":\"https:\\\/\\\/www.cidademarketing.com.br\\\/marketing\\\/\",\"logo\":{\"@type\":\"ImageObject\",\"inLanguage\":\"pt-BR\",\"@id\":\"https:\\\/\\\/www.cidademarketing.com.br\\\/marketing\\\/#\\\/schema\\\/logo\\\/image\\\/\",\"url\":\"https:\\\/\\\/www.cidademarketing.com.br\\\/marketing\\\/wp-content\\\/uploads\\\/2020\\\/01\\\/cidademarketing_marca_mobile.png\",\"contentUrl\":\"https:\\\/\\\/www.cidademarketing.com.br\\\/marketing\\\/wp-content\\\/uploads\\\/2020\\\/01\\\/cidademarketing_marca_mobile.png\",\"width\":230,\"height\":92,\"caption\":\"CidadeMarketing\"},\"image\":{\"@id\":\"https:\\\/\\\/www.cidademarketing.com.br\\\/marketing\\\/#\\\/schema\\\/logo\\\/image\\\/\"},\"sameAs\":[\"https:\\\/\\\/www.facebook.com\\\/portalcidademarketing\",\"https:\\\/\\\/x.com\\\/CidadeMarketing\",\"https:\\\/\\\/www.instagram.com\\\/cidademarketing\\\/\"]},{\"@type\":\"Person\",\"@id\":\"https:\\\/\\\/www.cidademarketing.com.br\\\/marketing\\\/#\\\/schema\\\/person\\\/02daff9f18bd9378c9e01eb6b2db155f\",\"name\":\"Thales Brand\u00e3o\",\"image\":{\"@type\":\"ImageObject\",\"inLanguage\":\"pt-BR\",\"@id\":\"https:\\\/\\\/secure.gravatar.com\\\/avatar\\\/7ca3206950207cc3cb48feec56a8a7898741ab725c368d99d5d7a5a50aab80c6?s=96&d=mm&r=g\",\"url\":\"https:\\\/\\\/secure.gravatar.com\\\/avatar\\\/7ca3206950207cc3cb48feec56a8a7898741ab725c368d99d5d7a5a50aab80c6?s=96&d=mm&r=g\",\"contentUrl\":\"https:\\\/\\\/secure.gravatar.com\\\/avatar\\\/7ca3206950207cc3cb48feec56a8a7898741ab725c368d99d5d7a5a50aab80c6?s=96&d=mm&r=g\",\"caption\":\"Thales Brand\u00e3o\"},\"description\":\"Editor Executivo do Portal CidadeMarketing.com.br &gt; Mestre em Comunica\u00e7\u00e3o e Sociedade pela Universidade Federal de Sergipe. Possui MBA Executivo em Administra\u00e7\u00e3o com \u00eanfase em Marketing pela Funda\u00e7\u00e3o Get\u00falio Vargas - Rio de Janeiro. Consultor, Palestrante e Pesquisador sobre Empreendedorismo, Marketing, Redes Sociais e Neg\u00f3cios Digitais. Professor, Palestrante TedxTalks e Campus Party. Twitter: @ThalesBrandao\",\"sameAs\":[\"http:\\\/\\\/www.mandacaru.com.br\",\"https:\\\/\\\/www.facebook.com\\\/thalesbrandao\",\"http:\\\/\\\/www.instagram.com.br\\\/thalesbrandaoferreira\",\"https:\\\/\\\/www.linkedin.com\\\/in\\\/thales-brand\u00e3o-3948609\\\/\",\"https:\\\/\\\/x.com\\\/http:\\\/\\\/www.twitter.com\\\/thalesbrandao\"],\"url\":\"https:\\\/\\\/www.cidademarketing.com.br\\\/marketing\\\/author\\\/thalesbrandao\\\/\"}]}<\/script>\n<!-- \/ Yoast SEO plugin. -->","yoast_head_json":{"title":"Grupo Madero promove a\u00e7\u00e3o social em escola municipal de Curitiba no m\u00eas da crian\u00e7a - CidadeMarketing","robots":{"index":"index","follow":"follow","max-snippet":"max-snippet:-1","max-image-preview":"max-image-preview:large","max-video-preview":"max-video-preview:-1"},"canonical":"https:\/\/www.cidademarketing.com.br\/marketing\/2020\/10\/24\/grupo-madero-promove-acao-social-em-escola-municipal-de-curitiba-no-mes-da-crianca\/","og_locale":"pt_BR","og_type":"article","og_title":"Grupo Madero promove a\u00e7\u00e3o social em escola municipal de Curitiba no m\u00eas da crian\u00e7a - CidadeMarketing","og_description":"Aconteceu no dia 22\/10 a campanha em homenagem ao m\u00eas das crian\u00e7as em prol da Escola Municipal Professora Joana Raksa, no bairro Caximba, em Curitiba\/ PR. O espa\u00e7o, que conta com 850 crian\u00e7as do ensino fundamental, entre 5 e 13 anos e o CMEI \u2013 Centro Municipal de Educa\u00e7\u00e3o Infantil \u2013 com 100 crian\u00e7as de [&hellip;]","og_url":"https:\/\/www.cidademarketing.com.br\/marketing\/2020\/10\/24\/grupo-madero-promove-acao-social-em-escola-municipal-de-curitiba-no-mes-da-crianca\/","og_site_name":"CidadeMarketing","article_publisher":"https:\/\/www.facebook.com\/portalcidademarketing","article_author":"https:\/\/www.facebook.com\/thalesbrandao","article_published_time":"2020-10-24T13:20:41+00:00","article_modified_time":"2020-10-24T13:20:47+00:00","og_image":[{"width":2560,"height":1707,"url":"https:\/\/www.cidademarketing.com.br\/marketing\/wp-content\/uploads\/2020\/10\/Acao-social-Madero-scaled.jpg","type":"image\/jpeg"}],"author":"Thales Brand\u00e3o","twitter_card":"summary_large_image","twitter_creator":"@http:\/\/www.twitter.com\/thalesbrandao","twitter_site":"@CidadeMarketing","twitter_misc":{"Escrito por":"Thales Brand\u00e3o","Est. tempo de leitura":"1 minuto"},"schema":{"@context":"https:\/\/schema.org","@graph":[{"@type":"Article","@id":"https:\/\/www.cidademarketing.com.br\/marketing\/2020\/10\/24\/grupo-madero-promove-acao-social-em-escola-municipal-de-curitiba-no-mes-da-crianca\/#article","isPartOf":{"@id":"https:\/\/www.cidademarketing.com.br\/marketing\/2020\/10\/24\/grupo-madero-promove-acao-social-em-escola-municipal-de-curitiba-no-mes-da-crianca\/"},"author":{"name":"Thales Brand\u00e3o","@id":"https:\/\/www.cidademarketing.com.br\/marketing\/#\/schema\/person\/02daff9f18bd9378c9e01eb6b2db155f"},"headline":"Grupo Madero promove a\u00e7\u00e3o social em escola municipal de Curitiba no m\u00eas da crian\u00e7a","datePublished":"2020-10-24T13:20:41+00:00","dateModified":"2020-10-24T13:20:47+00:00","mainEntityOfPage":{"@id":"https:\/\/www.cidademarketing.com.br\/marketing\/2020\/10\/24\/grupo-madero-promove-acao-social-em-escola-municipal-de-curitiba-no-mes-da-crianca\/"},"wordCount":298,"commentCount":0,"publisher":{"@id":"https:\/\/www.cidademarketing.com.br\/marketing\/#organization"},"image":{"@id":"https:\/\/www.cidademarketing.com.br\/marketing\/2020\/10\/24\/grupo-madero-promove-acao-social-em-escola-municipal-de-curitiba-no-mes-da-crianca\/#primaryimage"},"thumbnailUrl":"https:\/\/www.cidademarketing.com.br\/marketing\/wp-content\/uploads\/2020\/10\/Acao-social-Madero-scaled.jpg","keywords":["Curitiba","estrat\u00e9gia","Madero","marketing"],"articleSection":["Not\u00edcias"],"inLanguage":"pt-BR","potentialAction":[{"@type":"CommentAction","name":"Comment","target":["https:\/\/www.cidademarketing.com.br\/marketing\/2020\/10\/24\/grupo-madero-promove-acao-social-em-escola-municipal-de-curitiba-no-mes-da-crianca\/#respond"]}]},{"@type":"WebPage","@id":"https:\/\/www.cidademarketing.com.br\/marketing\/2020\/10\/24\/grupo-madero-promove-acao-social-em-escola-municipal-de-curitiba-no-mes-da-crianca\/","url":"https:\/\/www.cidademarketing.com.br\/marketing\/2020\/10\/24\/grupo-madero-promove-acao-social-em-escola-municipal-de-curitiba-no-mes-da-crianca\/","name":"Grupo Madero promove a\u00e7\u00e3o social em escola municipal de Curitiba no m\u00eas da crian\u00e7a - CidadeMarketing","isPartOf":{"@id":"https:\/\/www.cidademarketing.com.br\/marketing\/#website"},"primaryImageOfPage":{"@id":"https:\/\/www.cidademarketing.com.br\/marketing\/2020\/10\/24\/grupo-madero-promove-acao-social-em-escola-municipal-de-curitiba-no-mes-da-crianca\/#primaryimage"},"image":{"@id":"https:\/\/www.cidademarketing.com.br\/marketing\/2020\/10\/24\/grupo-madero-promove-acao-social-em-escola-municipal-de-curitiba-no-mes-da-crianca\/#primaryimage"},"thumbnailUrl":"https:\/\/www.cidademarketing.com.br\/marketing\/wp-content\/uploads\/2020\/10\/Acao-social-Madero-scaled.jpg","datePublished":"2020-10-24T13:20:41+00:00","dateModified":"2020-10-24T13:20:47+00:00","breadcrumb":{"@id":"https:\/\/www.cidademarketing.com.br\/marketing\/2020\/10\/24\/grupo-madero-promove-acao-social-em-escola-municipal-de-curitiba-no-mes-da-crianca\/#breadcrumb"},"inLanguage":"pt-BR","potentialAction":[{"@type":"ReadAction","target":["https:\/\/www.cidademarketing.com.br\/marketing\/2020\/10\/24\/grupo-madero-promove-acao-social-em-escola-municipal-de-curitiba-no-mes-da-crianca\/"]}]},{"@type":"ImageObject","inLanguage":"pt-BR","@id":"https:\/\/www.cidademarketing.com.br\/marketing\/2020\/10\/24\/grupo-madero-promove-acao-social-em-escola-municipal-de-curitiba-no-mes-da-crianca\/#primaryimage","url":"https:\/\/www.cidademarketing.com.br\/marketing\/wp-content\/uploads\/2020\/10\/Acao-social-Madero-scaled.jpg","contentUrl":"https:\/\/www.cidademarketing.com.br\/marketing\/wp-content\/uploads\/2020\/10\/Acao-social-Madero-scaled.jpg","width":2560,"height":1707,"caption":"Divulga\u00e7\u00e3o"},{"@type":"BreadcrumbList","@id":"https:\/\/www.cidademarketing.com.br\/marketing\/2020\/10\/24\/grupo-madero-promove-acao-social-em-escola-municipal-de-curitiba-no-mes-da-crianca\/#breadcrumb","itemListElement":[{"@type":"ListItem","position":1,"name":"In\u00edcio","item":"https:\/\/www.cidademarketing.com.br\/marketing\/"},{"@type":"ListItem","position":2,"name":"Grupo Madero promove a\u00e7\u00e3o social em escola municipal de Curitiba no m\u00eas da crian\u00e7a"}]},{"@type":"WebSite","@id":"https:\/\/www.cidademarketing.com.br\/marketing\/#website","url":"https:\/\/www.cidademarketing.com.br\/marketing\/","name":"CidadeMarketing","description":"Somos um ve\u00edculo de comunica\u00e7\u00e3o de destaque no Brasil, reconhecido por conte\u00fados nos segmentos de marketing, empreendedorismo e inova\u00e7\u00e3o.","publisher":{"@id":"https:\/\/www.cidademarketing.com.br\/marketing\/#organization"},"alternateName":"CidadeMarketing","potentialAction":[{"@type":"SearchAction","target":{"@type":"EntryPoint","urlTemplate":"https:\/\/www.cidademarketing.com.br\/marketing\/?s={search_term_string}"},"query-input":{"@type":"PropertyValueSpecification","valueRequired":true,"valueName":"search_term_string"}}],"inLanguage":"pt-BR"},{"@type":"Organization","@id":"https:\/\/www.cidademarketing.com.br\/marketing\/#organization","name":"CidadeMarketing","alternateName":"CidadeMarketing","url":"https:\/\/www.cidademarketing.com.br\/marketing\/","logo":{"@type":"ImageObject","inLanguage":"pt-BR","@id":"https:\/\/www.cidademarketing.com.br\/marketing\/#\/schema\/logo\/image\/","url":"https:\/\/www.cidademarketing.com.br\/marketing\/wp-content\/uploads\/2020\/01\/cidademarketing_marca_mobile.png","contentUrl":"https:\/\/www.cidademarketing.com.br\/marketing\/wp-content\/uploads\/2020\/01\/cidademarketing_marca_mobile.png","width":230,"height":92,"caption":"CidadeMarketing"},"image":{"@id":"https:\/\/www.cidademarketing.com.br\/marketing\/#\/schema\/logo\/image\/"},"sameAs":["https:\/\/www.facebook.com\/portalcidademarketing","https:\/\/x.com\/CidadeMarketing","https:\/\/www.instagram.com\/cidademarketing\/"]},{"@type":"Person","@id":"https:\/\/www.cidademarketing.com.br\/marketing\/#\/schema\/person\/02daff9f18bd9378c9e01eb6b2db155f","name":"Thales Brand\u00e3o","image":{"@type":"ImageObject","inLanguage":"pt-BR","@id":"https:\/\/secure.gravatar.com\/avatar\/7ca3206950207cc3cb48feec56a8a7898741ab725c368d99d5d7a5a50aab80c6?s=96&d=mm&r=g","url":"https:\/\/secure.gravatar.com\/avatar\/7ca3206950207cc3cb48feec56a8a7898741ab725c368d99d5d7a5a50aab80c6?s=96&d=mm&r=g","contentUrl":"https:\/\/secure.gravatar.com\/avatar\/7ca3206950207cc3cb48feec56a8a7898741ab725c368d99d5d7a5a50aab80c6?s=96&d=mm&r=g","caption":"Thales Brand\u00e3o"},"description":"Editor Executivo do Portal CidadeMarketing.com.br &gt; Mestre em Comunica\u00e7\u00e3o e Sociedade pela Universidade Federal de Sergipe. Possui MBA Executivo em Administra\u00e7\u00e3o com \u00eanfase em Marketing pela Funda\u00e7\u00e3o Get\u00falio Vargas - Rio de Janeiro. Consultor, Palestrante e Pesquisador sobre Empreendedorismo, Marketing, Redes Sociais e Neg\u00f3cios Digitais. Professor, Palestrante TedxTalks e Campus Party. Twitter: @ThalesBrandao","sameAs":["http:\/\/www.mandacaru.com.br","https:\/\/www.facebook.com\/thalesbrandao","http:\/\/www.instagram.com.br\/thalesbrandaoferreira","https:\/\/www.linkedin.com\/in\/thales-brand\u00e3o-3948609\/","https:\/\/x.com\/http:\/\/www.twitter.com\/thalesbrandao"],"url":"https:\/\/www.cidademarketing.com.br\/marketing\/author\/thalesbrandao\/"}]}},"amp_enabled":true,"_links":{"self":[{"href":"https:\/\/www.cidademarketing.com.br\/marketing\/wp-json\/wp\/v2\/posts\/20015","targetHints":{"allow":["GET"]}}],"collection":[{"href":"https:\/\/www.cidademarketing.com.br\/marketing\/wp-json\/wp\/v2\/posts"}],"about":[{"href":"https:\/\/www.cidademarketing.com.br\/marketing\/wp-json\/wp\/v2\/types\/post"}],"author":[{"embeddable":true,"href":"https:\/\/www.cidademarketing.com.br\/marketing\/wp-json\/wp\/v2\/users\/1"}],"replies":[{"embeddable":true,"href":"https:\/\/www.cidademarketing.com.br\/marketing\/wp-json\/wp\/v2\/comments?post=20015"}],"version-history":[{"count":1,"href":"https:\/\/www.cidademarketing.com.br\/marketing\/wp-json\/wp\/v2\/posts\/20015\/revisions"}],"predecessor-version":[{"id":20018,"href":"https:\/\/www.cidademarketing.com.br\/marketing\/wp-json\/wp\/v2\/posts\/20015\/revisions\/20018"}],"wp:featuredmedia":[{"embeddable":true,"href":"https:\/\/www.cidademarketing.com.br\/marketing\/wp-json\/wp\/v2\/media\/20017"}],"wp:attachment":[{"href":"https:\/\/www.cidademarketing.com.br\/marketing\/wp-json\/wp\/v2\/media?parent=20015"}],"wp:term":[{"taxonomy":"category","embeddable":true,"href":"https:\/\/www.cidademarketing.com.br\/marketing\/wp-json\/wp\/v2\/categories?post=20015"},{"taxonomy":"post_tag","embeddable":true,"href":"https:\/\/www.cidademarketing.com.br\/marketing\/wp-json\/wp\/v2\/tags?post=20015"}],"curies":[{"name":"wp","href":"https:\/\/api.w.org\/{rel}","templated":true}]}}