{"id":19937,"date":"2020-10-21T15:22:58","date_gmt":"2020-10-21T18:22:58","guid":{"rendered":"https:\/\/www.cidademarketing.com.br\/marketing\/?p=19937"},"modified":"2020-10-21T21:02:16","modified_gmt":"2020-10-22T00:02:16","slug":"campanha-do-bradesco-anuncia-patrocinio-ao-planet-afropunk","status":"publish","type":"post","link":"https:\/\/www.cidademarketing.com.br\/marketing\/2020\/10\/21\/campanha-do-bradesco-anuncia-patrocinio-ao-planet-afropunk\/","title":{"rendered":"Campanha do Bradesco anuncia patroc\u00ednio ao Planet Afropunk"},"content":{"rendered":"\n<p>Maior festival de cultura negra do mundo, o Afropunk, que neste ano teria sua primeira edi\u00e7\u00e3o na Am\u00e9rica Latina, mais especificamente em Salvador, acaba de ganhar vers\u00e3o virtual. Seguindo os protocolos de sa\u00fade e seguran\u00e7a, o novo Planet Afropunk ser\u00e1 apresentado online entre os dias 23 e 25 de outubro, de forma global e gratuita, e no Brasil ter\u00e1 o patroc\u00ednio do Bradesco.&nbsp;<\/p>\n\n\n\n<p>Para anunciar a ativa\u00e7\u00e3o, o Banco lan\u00e7a nesta&nbsp;quarta-feira (21)&nbsp;campanha digital que, como o evento, celebra a comunidade criativa negra, sua arte, m\u00fasica e moda. Criada pela Publicis, a campanha destaca express\u00f5es art\u00edsticas e est\u00e9ticas como a pintura e a dan\u00e7a, roupas e penteados. Essas refer\u00eancias aparecem junto a inser\u00e7\u00f5es gr\u00e1ficas que remetem \u00e0 identidade visual do festival.&nbsp;<\/p>\n\n\n\n<figure class=\"wp-block-gallery columns-2 is-cropped wp-block-gallery-1 is-layout-flex wp-block-gallery-is-layout-flex\"><ul class=\"blocks-gallery-grid\"><li class=\"blocks-gallery-item\"><figure><img fetchpriority=\"high\" decoding=\"async\" width=\"1024\" height=\"576\" src=\"https:\/\/www.cidademarketing.com.br\/marketing\/wp-content\/uploads\/2020\/10\/bradesco_afropunk_02-1024x576.jpg\" alt=\"\" data-id=\"19938\" data-full-url=\"https:\/\/www.cidademarketing.com.br\/marketing\/wp-content\/uploads\/2020\/10\/bradesco_afropunk_02.jpg\" data-link=\"https:\/\/www.cidademarketing.com.br\/marketing\/?attachment_id=19938\" class=\"wp-image-19938\" srcset=\"https:\/\/www.cidademarketing.com.br\/marketing\/wp-content\/uploads\/2020\/10\/bradesco_afropunk_02-1024x576.jpg 1024w, https:\/\/www.cidademarketing.com.br\/marketing\/wp-content\/uploads\/2020\/10\/bradesco_afropunk_02-300x169.jpg 300w, https:\/\/www.cidademarketing.com.br\/marketing\/wp-content\/uploads\/2020\/10\/bradesco_afropunk_02-768x432.jpg 768w, https:\/\/www.cidademarketing.com.br\/marketing\/wp-content\/uploads\/2020\/10\/bradesco_afropunk_02-1536x864.jpg 1536w, https:\/\/www.cidademarketing.com.br\/marketing\/wp-content\/uploads\/2020\/10\/bradesco_afropunk_02-747x420.jpg 747w, https:\/\/www.cidademarketing.com.br\/marketing\/wp-content\/uploads\/2020\/10\/bradesco_afropunk_02-640x360.jpg 640w, https:\/\/www.cidademarketing.com.br\/marketing\/wp-content\/uploads\/2020\/10\/bradesco_afropunk_02-681x383.jpg 681w, https:\/\/www.cidademarketing.com.br\/marketing\/wp-content\/uploads\/2020\/10\/bradesco_afropunk_02.jpg 1920w\" sizes=\"(max-width: 1024px) 100vw, 1024px\" \/><\/figure><\/li><li class=\"blocks-gallery-item\"><figure><img decoding=\"async\" width=\"1024\" height=\"576\" src=\"https:\/\/www.cidademarketing.com.br\/marketing\/wp-content\/uploads\/2020\/10\/bradesco_afropunk_03-1024x576.jpg\" alt=\"\" data-id=\"19939\" data-full-url=\"https:\/\/www.cidademarketing.com.br\/marketing\/wp-content\/uploads\/2020\/10\/bradesco_afropunk_03.jpg\" data-link=\"https:\/\/www.cidademarketing.com.br\/marketing\/?attachment_id=19939\" class=\"wp-image-19939\" srcset=\"https:\/\/www.cidademarketing.com.br\/marketing\/wp-content\/uploads\/2020\/10\/bradesco_afropunk_03-1024x576.jpg 1024w, https:\/\/www.cidademarketing.com.br\/marketing\/wp-content\/uploads\/2020\/10\/bradesco_afropunk_03-300x169.jpg 300w, https:\/\/www.cidademarketing.com.br\/marketing\/wp-content\/uploads\/2020\/10\/bradesco_afropunk_03-768x432.jpg 768w, https:\/\/www.cidademarketing.com.br\/marketing\/wp-content\/uploads\/2020\/10\/bradesco_afropunk_03-1536x864.jpg 1536w, https:\/\/www.cidademarketing.com.br\/marketing\/wp-content\/uploads\/2020\/10\/bradesco_afropunk_03-747x420.jpg 747w, https:\/\/www.cidademarketing.com.br\/marketing\/wp-content\/uploads\/2020\/10\/bradesco_afropunk_03-640x360.jpg 640w, https:\/\/www.cidademarketing.com.br\/marketing\/wp-content\/uploads\/2020\/10\/bradesco_afropunk_03-681x383.jpg 681w, https:\/\/www.cidademarketing.com.br\/marketing\/wp-content\/uploads\/2020\/10\/bradesco_afropunk_03.jpg 1920w\" sizes=\"(max-width: 1024px) 100vw, 1024px\" \/><\/figure><\/li><\/ul><\/figure>\n\n\n\n<p><\/p>\n\n\n\n<p>No filme, uma mulher pinta em uma instala\u00e7\u00e3o art\u00edstica, outra dan\u00e7a, um homem tem o seu cabelo tran\u00e7ado e se maquia com a ajuda de uma amiga, se preparando para um grande evento. Todos os personagens ganham brilhos e detalhes em neon. O texto informa: \u201cO Bradesco apresenta o Afropunk, um festival que celebra o passado, o presente e o futuro\u201d. Em seguida vem a assinatura da campanha: \u201cBradesco no Afropunk Bahia 2020\u201d.&nbsp;<\/p>\n\n\n\n<figure class=\"wp-block-embed-youtube wp-block-embed is-type-video is-provider-youtube wp-embed-aspect-16-9 wp-has-aspect-ratio\"><div class=\"wp-block-embed__wrapper\">\n<div class=\"youtube-embed\" data-video_id=\"XXiO7Gy4ggQ\"><iframe title=\"AFROPUNK Bahia 2020\" width=\"640\" height=\"360\" src=\"https:\/\/www.youtube.com\/embed\/XXiO7Gy4ggQ?feature=oembed&#038;enablejsapi=1&#038;enablejsapi=1\" frameborder=\"0\" allow=\"accelerometer; autoplay; clipboard-write; encrypted-media; gyroscope; picture-in-picture; web-share\" referrerpolicy=\"strict-origin-when-cross-origin\" allowfullscreen><\/iframe><\/div>\n<\/div><\/figure>\n\n\n\n<p>\u201cAl\u00e9m de homenagear as diferentes vertentes da cultura negra, o Afropunk tamb\u00e9m fomenta o afroempreendedorismo. S\u00e3o duas \u00e1reas que conversam diretamente com os pilares de atua\u00e7\u00e3o do Bradesco, o que faz com que o apoio ao evento tenha ader\u00eancia\u201d, comenta Marcelo Salgado, gerente de UX e redes sociais do banco.&nbsp;<\/p>\n\n\n\n<p>O Afropunk nasceu em Nova York e depois ganhou vers\u00f5es em Atlanta, Paris, Londres e Joanesburgo. Em 2020, celebra 15 anos de exist\u00eancia e estava previsto para acontecer no pa\u00eds pela primeira vez com realiza\u00e7\u00e3o do Afropunk Bahia. Para participar da vers\u00e3o virtual do Festival, cadastre-se aqui:&nbsp;<a href=\"https:\/\/planetafropunk.com\/\" target=\"_blank\" rel=\"noreferrer noopener\">www.planetafropunk.com<\/a>&nbsp;&nbsp;<\/p>\n\n\n\n<p><strong>Bravoz<\/strong>&nbsp;<\/p>\n\n\n\n<p>Em novembro, m\u00eas da Consci\u00eancia Negra, o Bradesco celebra um ano de seu projeto \u2018Bravoz \u2013 Encontros Bradesco de Vozes Brasileiras\u2019, que tem como objetivo amplificar artistas negros nacionais na sua vis\u00e3o de arte e de neg\u00f3cio. Ao longo do projeto, a cada m\u00eas, em suas redes sociais, o banco trouxe dois artistas negros de diferentes segmentos para celebrar a bravura de ser artista e empreendedor no Brasil, al\u00e9m de potencializar vozes negras fortes que transformam a sociedade. Neste m\u00eas, Gilberto Gil e a atriz Dhu Moraes protagonizam o encontro, j\u00e1 dispon\u00edvel nas redes do Bradesco. No dia 20 de novembro, no canal do Bradesco no Youtube, acontecer\u00e1 uma transmiss\u00e3o ao vivo reunindo todos os artistas que passaram pelo projeto durante o \u00faltimo ano.&nbsp;<\/p>\n\n\n\n<p><strong>Ficha t\u00e9cnica Afropunk 2020<\/strong><\/p>\n\n\n\n<p><strong>Cliente:&nbsp;<\/strong>Bradesco&nbsp;<\/p>\n\n\n\n<p><strong>Ag\u00eancia:&nbsp;<\/strong>Publicis&nbsp;<\/p>\n\n\n\n<p><strong>Produto:&nbsp;<\/strong>Institucional&nbsp;<\/p>\n\n\n\n<p><strong>T\u00edtulo:&nbsp;<\/strong>Bradesco no Afropunk 2020<\/p>\n\n\n\n<p><strong>Aprova\u00e7\u00e3o no Cliente:&nbsp;<\/strong>M\u00e1rcio Parizotto, Marcelo Salgado e Nayara Ruiz&nbsp;<\/p>\n\n\n\n<p><strong>CCO:&nbsp;<\/strong>Domenico Massareto&nbsp;<\/p>\n\n\n\n<p><strong>Diretor Executivo de Cria\u00e7\u00e3o:&nbsp;<\/strong>Gustavo Victorino&nbsp;<\/p>\n\n\n\n<p><strong>Diretores de Cria\u00e7\u00e3o:&nbsp;&nbsp;<\/strong>Rico Lins&nbsp;<\/p>\n\n\n\n<p><strong>Diretores de Cria\u00e7\u00e3o Associados:&nbsp;<\/strong>Bernardo Correa, Rafael Campos&nbsp;<\/p>\n\n\n\n<p><strong>Dire\u00e7\u00e3o de arte:&nbsp;<\/strong>Doug Reis&nbsp;<\/p>\n\n\n\n<p><strong>Reda\u00e7\u00e3o:&nbsp;<\/strong>Luiz Fonseca, Gabriela Moura&nbsp;<\/p>\n\n\n\n<p><strong>Conte\u00fado:&nbsp;<\/strong>Gabriela Moura&nbsp;<\/p>\n\n\n\n<p><strong>Atendimento:<\/strong>&nbsp;Tatiana Chiari, Marcelo Trivilato e Tahnee Riente&nbsp;<\/p>\n\n\n\n<p><strong>M\u00eddia<\/strong>: Fabiana Rodrigues, Ester Ribeiro, Giovanna Passos, Juliana Coralli, Alinne Lopes, Carlos Rodrigues, Leandro Lessa, L\u00eddia Rodrigues, Priscila Santos, Deyvilla Alves, Italo Brito, Rivagna Valcaci, Tainah Toledo, Tatiane Santos&nbsp;<\/p>\n\n\n\n<p><strong>RTVC:&nbsp;<\/strong>Renata Sayao, Alessandra Pais<br><strong>Produtora de Som:&nbsp;<\/strong>A9 Audio<br><strong>Dire\u00e7\u00e3o Musical:&nbsp;<\/strong>Apollo Nove<br><strong>Atendimento:&nbsp;<\/strong>Guta Lima<br><strong>Produ\u00e7\u00e3o Musical:&nbsp;<\/strong>Douglas Couto&nbsp;<\/p>\n\n\n\n<p><strong>Locutora:&nbsp;<\/strong>Lorena Vasconcelos&nbsp;<\/p>\n\n\n\n<p><strong>Produtora:&nbsp;<\/strong>Magma&nbsp;<\/p>\n\n\n\n<p><strong>Dire\u00e7\u00e3o:&nbsp;<\/strong>Thatiane Almeida&nbsp;<\/p>\n\n\n\n<p><strong>Produtor Executivo:&nbsp;<\/strong>Manuel Nogueira&nbsp;<\/p>\n\n\n\n<p><strong>Atendimento:&nbsp;<\/strong>Lili Pulz&nbsp;<\/p>\n\n\n\n<p><strong>Coordena\u00e7\u00e3o de produ\u00e7\u00e3o:&nbsp;<\/strong>Renata Munaretto (Santa API)&nbsp;<\/p>\n\n\n\n<p><strong>Dire\u00e7\u00e3o de fotografia:&nbsp;<\/strong>L\u00e9o Kawabe&nbsp;<\/p>\n\n\n\n<p><strong>Assistente de dire\u00e7\u00e3o:&nbsp;<\/strong>Pati Jaeger&nbsp;<\/p>\n\n\n\n<p><strong>Diretor de produ\u00e7\u00e3o:&nbsp;<\/strong>Guilherme Valiengo&nbsp;<\/p>\n\n\n\n<p><strong>Montagem:&nbsp;<\/strong>Diogo Comum&nbsp;<\/p>\n\n\n\n<p><strong>Coordenador de p\u00f3s:&nbsp;<\/strong>Liquor Media&nbsp;<\/p>\n\n\n\n<p><strong>Finalizador:&nbsp;<\/strong>Bruna Cust\u00f3dio&nbsp;<\/p>\n\n\n\n<p><strong>P\u00f3s produ\u00e7\u00e3o:&nbsp;<\/strong>Liquor Media&nbsp;<\/p>\n\n\n\n<p><strong>Motion:&nbsp;<\/strong>Pedro Alk&nbsp;<\/p>\n\n\n\n<p><strong>Color grading:&nbsp;<\/strong>Felipe Tolotti&nbsp;<\/p>\n","protected":false},"excerpt":{"rendered":"<p>Maior festival de cultura negra do mundo, o Afropunk, que neste ano teria sua primeira edi\u00e7\u00e3o na Am\u00e9rica Latina, mais especificamente em Salvador, acaba de ganhar vers\u00e3o virtual. Seguindo os protocolos de sa\u00fade e seguran\u00e7a, o novo Planet Afropunk ser\u00e1 apresentado online entre os dias 23 e 25 de outubro, de forma global e gratuita, [&hellip;]<\/p>\n","protected":false},"author":1,"featured_media":19940,"comment_status":"open","ping_status":"open","sticky":false,"template":"","format":"standard","meta":{"tdm_status":"","tdm_grid_status":"","footnotes":""},"categories":[6],"tags":[3493,641,65,447],"class_list":["post-19937","post","type-post","status-publish","format-standard","has-post-thumbnail","hentry","category-noticias","tag-afropunk","tag-bradesco","tag-campanha","tag-patrocinio"],"yoast_head":"<!-- This site is optimized with the Yoast SEO plugin v27.5 - https:\/\/yoast.com\/product\/yoast-seo-wordpress\/ -->\n<title>Campanha do Bradesco anuncia patroc\u00ednio ao Planet Afropunk - CidadeMarketing<\/title>\n<meta name=\"robots\" content=\"index, follow, max-snippet:-1, max-image-preview:large, max-video-preview:-1\" \/>\n<link rel=\"canonical\" href=\"https:\/\/www.cidademarketing.com.br\/marketing\/2020\/10\/21\/campanha-do-bradesco-anuncia-patrocinio-ao-planet-afropunk\/\" \/>\n<meta property=\"og:locale\" content=\"pt_BR\" \/>\n<meta property=\"og:type\" content=\"article\" \/>\n<meta property=\"og:title\" content=\"Campanha do Bradesco anuncia patroc\u00ednio ao Planet Afropunk - CidadeMarketing\" \/>\n<meta property=\"og:description\" content=\"Maior festival de cultura negra do mundo, o Afropunk, que neste ano teria sua primeira edi\u00e7\u00e3o na Am\u00e9rica Latina, mais especificamente em Salvador, acaba de ganhar vers\u00e3o virtual. Seguindo os protocolos de sa\u00fade e seguran\u00e7a, o novo Planet Afropunk ser\u00e1 apresentado online entre os dias 23 e 25 de outubro, de forma global e gratuita, [&hellip;]\" \/>\n<meta property=\"og:url\" content=\"https:\/\/www.cidademarketing.com.br\/marketing\/2020\/10\/21\/campanha-do-bradesco-anuncia-patrocinio-ao-planet-afropunk\/\" \/>\n<meta property=\"og:site_name\" content=\"CidadeMarketing\" \/>\n<meta property=\"article:publisher\" content=\"https:\/\/www.facebook.com\/portalcidademarketing\" \/>\n<meta property=\"article:author\" content=\"https:\/\/www.facebook.com\/thalesbrandao\" \/>\n<meta property=\"article:published_time\" content=\"2020-10-21T18:22:58+00:00\" \/>\n<meta property=\"article:modified_time\" content=\"2020-10-22T00:02:16+00:00\" \/>\n<meta property=\"og:image\" content=\"https:\/\/www.cidademarketing.com.br\/marketing\/wp-content\/uploads\/2020\/10\/bradesco_afropunk_01.jpg\" \/>\n\t<meta property=\"og:image:width\" content=\"1920\" \/>\n\t<meta property=\"og:image:height\" content=\"1080\" \/>\n\t<meta property=\"og:image:type\" content=\"image\/jpeg\" \/>\n<meta name=\"author\" content=\"Thales Brand\u00e3o\" \/>\n<meta name=\"twitter:card\" content=\"summary_large_image\" \/>\n<meta name=\"twitter:creator\" content=\"@http:\/\/www.twitter.com\/thalesbrandao\" \/>\n<meta name=\"twitter:site\" content=\"@CidadeMarketing\" \/>\n<meta name=\"twitter:label1\" content=\"Escrito por\" \/>\n\t<meta name=\"twitter:data1\" content=\"Thales Brand\u00e3o\" \/>\n\t<meta name=\"twitter:label2\" content=\"Est. tempo de leitura\" \/>\n\t<meta name=\"twitter:data2\" content=\"4 minutos\" \/>\n<script type=\"application\/ld+json\" class=\"yoast-schema-graph\">{\"@context\":\"https:\\\/\\\/schema.org\",\"@graph\":[{\"@type\":\"Article\",\"@id\":\"https:\\\/\\\/www.cidademarketing.com.br\\\/marketing\\\/2020\\\/10\\\/21\\\/campanha-do-bradesco-anuncia-patrocinio-ao-planet-afropunk\\\/#article\",\"isPartOf\":{\"@id\":\"https:\\\/\\\/www.cidademarketing.com.br\\\/marketing\\\/2020\\\/10\\\/21\\\/campanha-do-bradesco-anuncia-patrocinio-ao-planet-afropunk\\\/\"},\"author\":{\"name\":\"Thales Brand\u00e3o\",\"@id\":\"https:\\\/\\\/www.cidademarketing.com.br\\\/marketing\\\/#\\\/schema\\\/person\\\/02daff9f18bd9378c9e01eb6b2db155f\"},\"headline\":\"Campanha do Bradesco anuncia patroc\u00ednio ao Planet Afropunk\",\"datePublished\":\"2020-10-21T18:22:58+00:00\",\"dateModified\":\"2020-10-22T00:02:16+00:00\",\"mainEntityOfPage\":{\"@id\":\"https:\\\/\\\/www.cidademarketing.com.br\\\/marketing\\\/2020\\\/10\\\/21\\\/campanha-do-bradesco-anuncia-patrocinio-ao-planet-afropunk\\\/\"},\"wordCount\":747,\"commentCount\":0,\"publisher\":{\"@id\":\"https:\\\/\\\/www.cidademarketing.com.br\\\/marketing\\\/#organization\"},\"image\":{\"@id\":\"https:\\\/\\\/www.cidademarketing.com.br\\\/marketing\\\/2020\\\/10\\\/21\\\/campanha-do-bradesco-anuncia-patrocinio-ao-planet-afropunk\\\/#primaryimage\"},\"thumbnailUrl\":\"https:\\\/\\\/www.cidademarketing.com.br\\\/marketing\\\/wp-content\\\/uploads\\\/2020\\\/10\\\/bradesco_afropunk_01.jpg\",\"keywords\":[\"Afropunk\",\"Bradesco\",\"campanha\",\"patroc\u00ednio\"],\"articleSection\":[\"Not\u00edcias\"],\"inLanguage\":\"pt-BR\",\"potentialAction\":[{\"@type\":\"CommentAction\",\"name\":\"Comment\",\"target\":[\"https:\\\/\\\/www.cidademarketing.com.br\\\/marketing\\\/2020\\\/10\\\/21\\\/campanha-do-bradesco-anuncia-patrocinio-ao-planet-afropunk\\\/#respond\"]}]},{\"@type\":\"WebPage\",\"@id\":\"https:\\\/\\\/www.cidademarketing.com.br\\\/marketing\\\/2020\\\/10\\\/21\\\/campanha-do-bradesco-anuncia-patrocinio-ao-planet-afropunk\\\/\",\"url\":\"https:\\\/\\\/www.cidademarketing.com.br\\\/marketing\\\/2020\\\/10\\\/21\\\/campanha-do-bradesco-anuncia-patrocinio-ao-planet-afropunk\\\/\",\"name\":\"Campanha do Bradesco anuncia patroc\u00ednio ao Planet Afropunk - CidadeMarketing\",\"isPartOf\":{\"@id\":\"https:\\\/\\\/www.cidademarketing.com.br\\\/marketing\\\/#website\"},\"primaryImageOfPage\":{\"@id\":\"https:\\\/\\\/www.cidademarketing.com.br\\\/marketing\\\/2020\\\/10\\\/21\\\/campanha-do-bradesco-anuncia-patrocinio-ao-planet-afropunk\\\/#primaryimage\"},\"image\":{\"@id\":\"https:\\\/\\\/www.cidademarketing.com.br\\\/marketing\\\/2020\\\/10\\\/21\\\/campanha-do-bradesco-anuncia-patrocinio-ao-planet-afropunk\\\/#primaryimage\"},\"thumbnailUrl\":\"https:\\\/\\\/www.cidademarketing.com.br\\\/marketing\\\/wp-content\\\/uploads\\\/2020\\\/10\\\/bradesco_afropunk_01.jpg\",\"datePublished\":\"2020-10-21T18:22:58+00:00\",\"dateModified\":\"2020-10-22T00:02:16+00:00\",\"breadcrumb\":{\"@id\":\"https:\\\/\\\/www.cidademarketing.com.br\\\/marketing\\\/2020\\\/10\\\/21\\\/campanha-do-bradesco-anuncia-patrocinio-ao-planet-afropunk\\\/#breadcrumb\"},\"inLanguage\":\"pt-BR\",\"potentialAction\":[{\"@type\":\"ReadAction\",\"target\":[\"https:\\\/\\\/www.cidademarketing.com.br\\\/marketing\\\/2020\\\/10\\\/21\\\/campanha-do-bradesco-anuncia-patrocinio-ao-planet-afropunk\\\/\"]}]},{\"@type\":\"ImageObject\",\"inLanguage\":\"pt-BR\",\"@id\":\"https:\\\/\\\/www.cidademarketing.com.br\\\/marketing\\\/2020\\\/10\\\/21\\\/campanha-do-bradesco-anuncia-patrocinio-ao-planet-afropunk\\\/#primaryimage\",\"url\":\"https:\\\/\\\/www.cidademarketing.com.br\\\/marketing\\\/wp-content\\\/uploads\\\/2020\\\/10\\\/bradesco_afropunk_01.jpg\",\"contentUrl\":\"https:\\\/\\\/www.cidademarketing.com.br\\\/marketing\\\/wp-content\\\/uploads\\\/2020\\\/10\\\/bradesco_afropunk_01.jpg\",\"width\":1920,\"height\":1080,\"caption\":\"Reprodu\u00e7\u00e3o\"},{\"@type\":\"BreadcrumbList\",\"@id\":\"https:\\\/\\\/www.cidademarketing.com.br\\\/marketing\\\/2020\\\/10\\\/21\\\/campanha-do-bradesco-anuncia-patrocinio-ao-planet-afropunk\\\/#breadcrumb\",\"itemListElement\":[{\"@type\":\"ListItem\",\"position\":1,\"name\":\"In\u00edcio\",\"item\":\"https:\\\/\\\/www.cidademarketing.com.br\\\/marketing\\\/\"},{\"@type\":\"ListItem\",\"position\":2,\"name\":\"Campanha do Bradesco anuncia patroc\u00ednio ao Planet Afropunk\"}]},{\"@type\":\"WebSite\",\"@id\":\"https:\\\/\\\/www.cidademarketing.com.br\\\/marketing\\\/#website\",\"url\":\"https:\\\/\\\/www.cidademarketing.com.br\\\/marketing\\\/\",\"name\":\"CidadeMarketing\",\"description\":\"Somos um ve\u00edculo de comunica\u00e7\u00e3o de destaque no Brasil, reconhecido por conte\u00fados nos segmentos de marketing, empreendedorismo e inova\u00e7\u00e3o.\",\"publisher\":{\"@id\":\"https:\\\/\\\/www.cidademarketing.com.br\\\/marketing\\\/#organization\"},\"alternateName\":\"CidadeMarketing\",\"potentialAction\":[{\"@type\":\"SearchAction\",\"target\":{\"@type\":\"EntryPoint\",\"urlTemplate\":\"https:\\\/\\\/www.cidademarketing.com.br\\\/marketing\\\/?s={search_term_string}\"},\"query-input\":{\"@type\":\"PropertyValueSpecification\",\"valueRequired\":true,\"valueName\":\"search_term_string\"}}],\"inLanguage\":\"pt-BR\"},{\"@type\":\"Organization\",\"@id\":\"https:\\\/\\\/www.cidademarketing.com.br\\\/marketing\\\/#organization\",\"name\":\"CidadeMarketing\",\"alternateName\":\"CidadeMarketing\",\"url\":\"https:\\\/\\\/www.cidademarketing.com.br\\\/marketing\\\/\",\"logo\":{\"@type\":\"ImageObject\",\"inLanguage\":\"pt-BR\",\"@id\":\"https:\\\/\\\/www.cidademarketing.com.br\\\/marketing\\\/#\\\/schema\\\/logo\\\/image\\\/\",\"url\":\"https:\\\/\\\/www.cidademarketing.com.br\\\/marketing\\\/wp-content\\\/uploads\\\/2020\\\/01\\\/cidademarketing_marca_mobile.png\",\"contentUrl\":\"https:\\\/\\\/www.cidademarketing.com.br\\\/marketing\\\/wp-content\\\/uploads\\\/2020\\\/01\\\/cidademarketing_marca_mobile.png\",\"width\":230,\"height\":92,\"caption\":\"CidadeMarketing\"},\"image\":{\"@id\":\"https:\\\/\\\/www.cidademarketing.com.br\\\/marketing\\\/#\\\/schema\\\/logo\\\/image\\\/\"},\"sameAs\":[\"https:\\\/\\\/www.facebook.com\\\/portalcidademarketing\",\"https:\\\/\\\/x.com\\\/CidadeMarketing\",\"https:\\\/\\\/www.instagram.com\\\/cidademarketing\\\/\"]},{\"@type\":\"Person\",\"@id\":\"https:\\\/\\\/www.cidademarketing.com.br\\\/marketing\\\/#\\\/schema\\\/person\\\/02daff9f18bd9378c9e01eb6b2db155f\",\"name\":\"Thales Brand\u00e3o\",\"image\":{\"@type\":\"ImageObject\",\"inLanguage\":\"pt-BR\",\"@id\":\"https:\\\/\\\/secure.gravatar.com\\\/avatar\\\/7ca3206950207cc3cb48feec56a8a7898741ab725c368d99d5d7a5a50aab80c6?s=96&d=mm&r=g\",\"url\":\"https:\\\/\\\/secure.gravatar.com\\\/avatar\\\/7ca3206950207cc3cb48feec56a8a7898741ab725c368d99d5d7a5a50aab80c6?s=96&d=mm&r=g\",\"contentUrl\":\"https:\\\/\\\/secure.gravatar.com\\\/avatar\\\/7ca3206950207cc3cb48feec56a8a7898741ab725c368d99d5d7a5a50aab80c6?s=96&d=mm&r=g\",\"caption\":\"Thales Brand\u00e3o\"},\"description\":\"Editor Executivo do Portal CidadeMarketing.com.br &gt; Mestre em Comunica\u00e7\u00e3o e Sociedade pela Universidade Federal de Sergipe. Possui MBA Executivo em Administra\u00e7\u00e3o com \u00eanfase em Marketing pela Funda\u00e7\u00e3o Get\u00falio Vargas - Rio de Janeiro. Consultor, Palestrante e Pesquisador sobre Empreendedorismo, Marketing, Redes Sociais e Neg\u00f3cios Digitais. Professor, Palestrante TedxTalks e Campus Party. Twitter: @ThalesBrandao\",\"sameAs\":[\"http:\\\/\\\/www.mandacaru.com.br\",\"https:\\\/\\\/www.facebook.com\\\/thalesbrandao\",\"http:\\\/\\\/www.instagram.com.br\\\/thalesbrandaoferreira\",\"https:\\\/\\\/www.linkedin.com\\\/in\\\/thales-brand\u00e3o-3948609\\\/\",\"https:\\\/\\\/x.com\\\/http:\\\/\\\/www.twitter.com\\\/thalesbrandao\"],\"url\":\"https:\\\/\\\/www.cidademarketing.com.br\\\/marketing\\\/author\\\/thalesbrandao\\\/\"}]}<\/script>\n<!-- \/ Yoast SEO plugin. -->","yoast_head_json":{"title":"Campanha do Bradesco anuncia patroc\u00ednio ao Planet Afropunk - CidadeMarketing","robots":{"index":"index","follow":"follow","max-snippet":"max-snippet:-1","max-image-preview":"max-image-preview:large","max-video-preview":"max-video-preview:-1"},"canonical":"https:\/\/www.cidademarketing.com.br\/marketing\/2020\/10\/21\/campanha-do-bradesco-anuncia-patrocinio-ao-planet-afropunk\/","og_locale":"pt_BR","og_type":"article","og_title":"Campanha do Bradesco anuncia patroc\u00ednio ao Planet Afropunk - CidadeMarketing","og_description":"Maior festival de cultura negra do mundo, o Afropunk, que neste ano teria sua primeira edi\u00e7\u00e3o na Am\u00e9rica Latina, mais especificamente em Salvador, acaba de ganhar vers\u00e3o virtual. Seguindo os protocolos de sa\u00fade e seguran\u00e7a, o novo Planet Afropunk ser\u00e1 apresentado online entre os dias 23 e 25 de outubro, de forma global e gratuita, [&hellip;]","og_url":"https:\/\/www.cidademarketing.com.br\/marketing\/2020\/10\/21\/campanha-do-bradesco-anuncia-patrocinio-ao-planet-afropunk\/","og_site_name":"CidadeMarketing","article_publisher":"https:\/\/www.facebook.com\/portalcidademarketing","article_author":"https:\/\/www.facebook.com\/thalesbrandao","article_published_time":"2020-10-21T18:22:58+00:00","article_modified_time":"2020-10-22T00:02:16+00:00","og_image":[{"width":1920,"height":1080,"url":"https:\/\/www.cidademarketing.com.br\/marketing\/wp-content\/uploads\/2020\/10\/bradesco_afropunk_01.jpg","type":"image\/jpeg"}],"author":"Thales Brand\u00e3o","twitter_card":"summary_large_image","twitter_creator":"@http:\/\/www.twitter.com\/thalesbrandao","twitter_site":"@CidadeMarketing","twitter_misc":{"Escrito por":"Thales Brand\u00e3o","Est. tempo de leitura":"4 minutos"},"schema":{"@context":"https:\/\/schema.org","@graph":[{"@type":"Article","@id":"https:\/\/www.cidademarketing.com.br\/marketing\/2020\/10\/21\/campanha-do-bradesco-anuncia-patrocinio-ao-planet-afropunk\/#article","isPartOf":{"@id":"https:\/\/www.cidademarketing.com.br\/marketing\/2020\/10\/21\/campanha-do-bradesco-anuncia-patrocinio-ao-planet-afropunk\/"},"author":{"name":"Thales Brand\u00e3o","@id":"https:\/\/www.cidademarketing.com.br\/marketing\/#\/schema\/person\/02daff9f18bd9378c9e01eb6b2db155f"},"headline":"Campanha do Bradesco anuncia patroc\u00ednio ao Planet Afropunk","datePublished":"2020-10-21T18:22:58+00:00","dateModified":"2020-10-22T00:02:16+00:00","mainEntityOfPage":{"@id":"https:\/\/www.cidademarketing.com.br\/marketing\/2020\/10\/21\/campanha-do-bradesco-anuncia-patrocinio-ao-planet-afropunk\/"},"wordCount":747,"commentCount":0,"publisher":{"@id":"https:\/\/www.cidademarketing.com.br\/marketing\/#organization"},"image":{"@id":"https:\/\/www.cidademarketing.com.br\/marketing\/2020\/10\/21\/campanha-do-bradesco-anuncia-patrocinio-ao-planet-afropunk\/#primaryimage"},"thumbnailUrl":"https:\/\/www.cidademarketing.com.br\/marketing\/wp-content\/uploads\/2020\/10\/bradesco_afropunk_01.jpg","keywords":["Afropunk","Bradesco","campanha","patroc\u00ednio"],"articleSection":["Not\u00edcias"],"inLanguage":"pt-BR","potentialAction":[{"@type":"CommentAction","name":"Comment","target":["https:\/\/www.cidademarketing.com.br\/marketing\/2020\/10\/21\/campanha-do-bradesco-anuncia-patrocinio-ao-planet-afropunk\/#respond"]}]},{"@type":"WebPage","@id":"https:\/\/www.cidademarketing.com.br\/marketing\/2020\/10\/21\/campanha-do-bradesco-anuncia-patrocinio-ao-planet-afropunk\/","url":"https:\/\/www.cidademarketing.com.br\/marketing\/2020\/10\/21\/campanha-do-bradesco-anuncia-patrocinio-ao-planet-afropunk\/","name":"Campanha do Bradesco anuncia patroc\u00ednio ao Planet Afropunk - CidadeMarketing","isPartOf":{"@id":"https:\/\/www.cidademarketing.com.br\/marketing\/#website"},"primaryImageOfPage":{"@id":"https:\/\/www.cidademarketing.com.br\/marketing\/2020\/10\/21\/campanha-do-bradesco-anuncia-patrocinio-ao-planet-afropunk\/#primaryimage"},"image":{"@id":"https:\/\/www.cidademarketing.com.br\/marketing\/2020\/10\/21\/campanha-do-bradesco-anuncia-patrocinio-ao-planet-afropunk\/#primaryimage"},"thumbnailUrl":"https:\/\/www.cidademarketing.com.br\/marketing\/wp-content\/uploads\/2020\/10\/bradesco_afropunk_01.jpg","datePublished":"2020-10-21T18:22:58+00:00","dateModified":"2020-10-22T00:02:16+00:00","breadcrumb":{"@id":"https:\/\/www.cidademarketing.com.br\/marketing\/2020\/10\/21\/campanha-do-bradesco-anuncia-patrocinio-ao-planet-afropunk\/#breadcrumb"},"inLanguage":"pt-BR","potentialAction":[{"@type":"ReadAction","target":["https:\/\/www.cidademarketing.com.br\/marketing\/2020\/10\/21\/campanha-do-bradesco-anuncia-patrocinio-ao-planet-afropunk\/"]}]},{"@type":"ImageObject","inLanguage":"pt-BR","@id":"https:\/\/www.cidademarketing.com.br\/marketing\/2020\/10\/21\/campanha-do-bradesco-anuncia-patrocinio-ao-planet-afropunk\/#primaryimage","url":"https:\/\/www.cidademarketing.com.br\/marketing\/wp-content\/uploads\/2020\/10\/bradesco_afropunk_01.jpg","contentUrl":"https:\/\/www.cidademarketing.com.br\/marketing\/wp-content\/uploads\/2020\/10\/bradesco_afropunk_01.jpg","width":1920,"height":1080,"caption":"Reprodu\u00e7\u00e3o"},{"@type":"BreadcrumbList","@id":"https:\/\/www.cidademarketing.com.br\/marketing\/2020\/10\/21\/campanha-do-bradesco-anuncia-patrocinio-ao-planet-afropunk\/#breadcrumb","itemListElement":[{"@type":"ListItem","position":1,"name":"In\u00edcio","item":"https:\/\/www.cidademarketing.com.br\/marketing\/"},{"@type":"ListItem","position":2,"name":"Campanha do Bradesco anuncia patroc\u00ednio ao Planet Afropunk"}]},{"@type":"WebSite","@id":"https:\/\/www.cidademarketing.com.br\/marketing\/#website","url":"https:\/\/www.cidademarketing.com.br\/marketing\/","name":"CidadeMarketing","description":"Somos um ve\u00edculo de comunica\u00e7\u00e3o de destaque no Brasil, reconhecido por conte\u00fados nos segmentos de marketing, empreendedorismo e inova\u00e7\u00e3o.","publisher":{"@id":"https:\/\/www.cidademarketing.com.br\/marketing\/#organization"},"alternateName":"CidadeMarketing","potentialAction":[{"@type":"SearchAction","target":{"@type":"EntryPoint","urlTemplate":"https:\/\/www.cidademarketing.com.br\/marketing\/?s={search_term_string}"},"query-input":{"@type":"PropertyValueSpecification","valueRequired":true,"valueName":"search_term_string"}}],"inLanguage":"pt-BR"},{"@type":"Organization","@id":"https:\/\/www.cidademarketing.com.br\/marketing\/#organization","name":"CidadeMarketing","alternateName":"CidadeMarketing","url":"https:\/\/www.cidademarketing.com.br\/marketing\/","logo":{"@type":"ImageObject","inLanguage":"pt-BR","@id":"https:\/\/www.cidademarketing.com.br\/marketing\/#\/schema\/logo\/image\/","url":"https:\/\/www.cidademarketing.com.br\/marketing\/wp-content\/uploads\/2020\/01\/cidademarketing_marca_mobile.png","contentUrl":"https:\/\/www.cidademarketing.com.br\/marketing\/wp-content\/uploads\/2020\/01\/cidademarketing_marca_mobile.png","width":230,"height":92,"caption":"CidadeMarketing"},"image":{"@id":"https:\/\/www.cidademarketing.com.br\/marketing\/#\/schema\/logo\/image\/"},"sameAs":["https:\/\/www.facebook.com\/portalcidademarketing","https:\/\/x.com\/CidadeMarketing","https:\/\/www.instagram.com\/cidademarketing\/"]},{"@type":"Person","@id":"https:\/\/www.cidademarketing.com.br\/marketing\/#\/schema\/person\/02daff9f18bd9378c9e01eb6b2db155f","name":"Thales Brand\u00e3o","image":{"@type":"ImageObject","inLanguage":"pt-BR","@id":"https:\/\/secure.gravatar.com\/avatar\/7ca3206950207cc3cb48feec56a8a7898741ab725c368d99d5d7a5a50aab80c6?s=96&d=mm&r=g","url":"https:\/\/secure.gravatar.com\/avatar\/7ca3206950207cc3cb48feec56a8a7898741ab725c368d99d5d7a5a50aab80c6?s=96&d=mm&r=g","contentUrl":"https:\/\/secure.gravatar.com\/avatar\/7ca3206950207cc3cb48feec56a8a7898741ab725c368d99d5d7a5a50aab80c6?s=96&d=mm&r=g","caption":"Thales Brand\u00e3o"},"description":"Editor Executivo do Portal CidadeMarketing.com.br &gt; Mestre em Comunica\u00e7\u00e3o e Sociedade pela Universidade Federal de Sergipe. Possui MBA Executivo em Administra\u00e7\u00e3o com \u00eanfase em Marketing pela Funda\u00e7\u00e3o Get\u00falio Vargas - Rio de Janeiro. Consultor, Palestrante e Pesquisador sobre Empreendedorismo, Marketing, Redes Sociais e Neg\u00f3cios Digitais. Professor, Palestrante TedxTalks e Campus Party. Twitter: @ThalesBrandao","sameAs":["http:\/\/www.mandacaru.com.br","https:\/\/www.facebook.com\/thalesbrandao","http:\/\/www.instagram.com.br\/thalesbrandaoferreira","https:\/\/www.linkedin.com\/in\/thales-brand\u00e3o-3948609\/","https:\/\/x.com\/http:\/\/www.twitter.com\/thalesbrandao"],"url":"https:\/\/www.cidademarketing.com.br\/marketing\/author\/thalesbrandao\/"}]}},"amp_enabled":true,"_links":{"self":[{"href":"https:\/\/www.cidademarketing.com.br\/marketing\/wp-json\/wp\/v2\/posts\/19937","targetHints":{"allow":["GET"]}}],"collection":[{"href":"https:\/\/www.cidademarketing.com.br\/marketing\/wp-json\/wp\/v2\/posts"}],"about":[{"href":"https:\/\/www.cidademarketing.com.br\/marketing\/wp-json\/wp\/v2\/types\/post"}],"author":[{"embeddable":true,"href":"https:\/\/www.cidademarketing.com.br\/marketing\/wp-json\/wp\/v2\/users\/1"}],"replies":[{"embeddable":true,"href":"https:\/\/www.cidademarketing.com.br\/marketing\/wp-json\/wp\/v2\/comments?post=19937"}],"version-history":[{"count":2,"href":"https:\/\/www.cidademarketing.com.br\/marketing\/wp-json\/wp\/v2\/posts\/19937\/revisions"}],"predecessor-version":[{"id":19942,"href":"https:\/\/www.cidademarketing.com.br\/marketing\/wp-json\/wp\/v2\/posts\/19937\/revisions\/19942"}],"wp:featuredmedia":[{"embeddable":true,"href":"https:\/\/www.cidademarketing.com.br\/marketing\/wp-json\/wp\/v2\/media\/19940"}],"wp:attachment":[{"href":"https:\/\/www.cidademarketing.com.br\/marketing\/wp-json\/wp\/v2\/media?parent=19937"}],"wp:term":[{"taxonomy":"category","embeddable":true,"href":"https:\/\/www.cidademarketing.com.br\/marketing\/wp-json\/wp\/v2\/categories?post=19937"},{"taxonomy":"post_tag","embeddable":true,"href":"https:\/\/www.cidademarketing.com.br\/marketing\/wp-json\/wp\/v2\/tags?post=19937"}],"curies":[{"name":"wp","href":"https:\/\/api.w.org\/{rel}","templated":true}]}}