{"id":19881,"date":"2020-10-16T12:43:01","date_gmt":"2020-10-16T15:43:01","guid":{"rendered":"https:\/\/www.cidademarketing.com.br\/marketing\/?p=19881"},"modified":"2020-10-16T12:45:36","modified_gmt":"2020-10-16T15:45:36","slug":"dafiti-e-adidas-se-unem-em-acao-social-em-prol-do-outubro-rosa","status":"publish","type":"post","link":"https:\/\/www.cidademarketing.com.br\/marketing\/2020\/10\/16\/dafiti-e-adidas-se-unem-em-acao-social-em-prol-do-outubro-rosa\/","title":{"rendered":"Dafiti e adidas se unem em a\u00e7\u00e3o social em prol do Outubro Rosa"},"content":{"rendered":"\n<p>A Dafiti, l\u00edder online de moda e lifestyle da Am\u00e9rica Latina, e a adidas uniram-se para uma iniciativa de apoio ao movimento Outubro Rosa, que durante todo este m\u00eas foca na conscientiza\u00e7\u00e3o sobre o c\u00e2ncer de mama. Segundo o INCA (Instituto Nacional de C\u00e2ncer), a doen\u00e7a atinge aproximadamente 2,1 milh\u00f5es de mulheres todos os anos ao redor do mundo e, para 2020, o \u00f3rg\u00e3o estima 66.280 novos casos da doen\u00e7a.<\/p>\n\n\n\n<p>A a\u00e7\u00e3o conjunta do e-commerce e da marca esportiva visa promover, al\u00e9m de uma maior conscientiza\u00e7\u00e3o sobre a import\u00e2ncia do diagn\u00f3stico precoce e do autoexame, a oportunidade de acesso a exames de alto custo como mamografia, bi\u00f3psia e ultrassons. A cada R$100 (cem reais) em compras de produtos adidas selecionados no site da Dafiti, R$10 (dez reais) ser\u00e3o revertidos para a aquisi\u00e7\u00e3o dos exames para mulheres cadastradas na ONG Am\u00e9ricas Amigas e que se encontram em situa\u00e7\u00e3o de vulnerabilidade social. A meta \u00e9 atingir a marca de 1000 exames doados.<\/p>\n\n\n\n<p>Desde 2009, a ONG tem como miss\u00e3o reduzir a taxa de mortalidade por c\u00e2ncer de mama, com a\u00e7\u00f5es focadas em aumentar o acesso aos exames necess\u00e1rios para detec\u00e7\u00e3o e diagn\u00f3stico da doen\u00e7a. \u201cPara n\u00f3s da Dafiti, \u00e9 um enorme prazer nos unirmos a um de nossos principais parceiros comerciais, a adidas, e a uma ONG t\u00e3o renomada no combate ao c\u00e2ncer de mama, como a Am\u00e9ricas Amigas. Juntos, partimos do desejo de contribuir efetivamente com a sa\u00fade das mulheres, ampliando o acesso a exames de alto custo. A inten\u00e7\u00e3o \u00e9 termos um impacto ainda maior neste momento de preven\u00e7\u00e3o, contribuindo com uma sociedade ainda mais humana, conscientizada e democr\u00e1tica\u201d, pontua Samantha Albuquerque, CMO da Dafiti.<\/p>\n\n\n\n<p>A a\u00e7\u00e3o ter\u00e1 in\u00edcio no dia 19 de outubro, pelo site e app da Dafiti. Todas as pe\u00e7as adidas selecionadas ter\u00e3o um selo de identifica\u00e7\u00e3o e podem ser encontradas numa p\u00e1gina exclusiva: <a href=\"https:\/\/www.dafiti.com.br\/outubro-rosa\/\" target=\"_blank\" rel=\"noreferrer noopener\">https:\/\/www.dafiti.com.br\/outubro-rosa\/<\/a> onde haver\u00e1 tamb\u00e9m um \u201cexam\u00f4metro\u201d, que mostrar\u00e1 quantos exames forem arrecadados durante a campanha.\u00a0<\/p>\n\n\n\n<p>Al\u00e9m disso, ao longo das pr\u00f3ximas semanas, um time de influenciadores digitais parceiros da Dafiti trar\u00e1 conte\u00fados relacionados ao tema, em seus pr\u00f3prios perfis, ajudando a ampliar a conscientiza\u00e7\u00e3o sobre a causa e engajamento na campanha.&nbsp;&nbsp;<\/p>\n","protected":false},"excerpt":{"rendered":"<p>A Dafiti, l\u00edder online de moda e lifestyle da Am\u00e9rica Latina, e a adidas uniram-se para uma iniciativa de apoio ao movimento Outubro Rosa, que durante todo este m\u00eas foca na conscientiza\u00e7\u00e3o sobre o c\u00e2ncer de mama. Segundo o INCA (Instituto Nacional de C\u00e2ncer), a doen\u00e7a atinge aproximadamente 2,1 milh\u00f5es de mulheres todos os anos [&hellip;]<\/p>\n","protected":false},"author":1,"featured_media":19882,"comment_status":"open","ping_status":"open","sticky":false,"template":"","format":"standard","meta":{"tdm_status":"","tdm_grid_status":"","footnotes":""},"categories":[6],"tags":[59,2761,33,177],"class_list":["post-19881","post","type-post","status-publish","format-standard","has-post-thumbnail","hentry","category-noticias","tag-adidas","tag-dafiti","tag-estrategia","tag-marketing-social"],"yoast_head":"<!-- This site is optimized with the Yoast SEO plugin v27.5 - https:\/\/yoast.com\/product\/yoast-seo-wordpress\/ -->\n<title>Dafiti e adidas se unem em a\u00e7\u00e3o social em prol do Outubro Rosa - CidadeMarketing<\/title>\n<meta name=\"robots\" content=\"index, follow, max-snippet:-1, max-image-preview:large, max-video-preview:-1\" \/>\n<link rel=\"canonical\" href=\"https:\/\/www.cidademarketing.com.br\/marketing\/2020\/10\/16\/dafiti-e-adidas-se-unem-em-acao-social-em-prol-do-outubro-rosa\/\" \/>\n<meta property=\"og:locale\" content=\"pt_BR\" \/>\n<meta property=\"og:type\" content=\"article\" \/>\n<meta property=\"og:title\" content=\"Dafiti e adidas se unem em a\u00e7\u00e3o social em prol do Outubro Rosa - CidadeMarketing\" \/>\n<meta property=\"og:description\" content=\"A Dafiti, l\u00edder online de moda e lifestyle da Am\u00e9rica Latina, e a adidas uniram-se para uma iniciativa de apoio ao movimento Outubro Rosa, que durante todo este m\u00eas foca na conscientiza\u00e7\u00e3o sobre o c\u00e2ncer de mama. Segundo o INCA (Instituto Nacional de C\u00e2ncer), a doen\u00e7a atinge aproximadamente 2,1 milh\u00f5es de mulheres todos os anos [&hellip;]\" \/>\n<meta property=\"og:url\" content=\"https:\/\/www.cidademarketing.com.br\/marketing\/2020\/10\/16\/dafiti-e-adidas-se-unem-em-acao-social-em-prol-do-outubro-rosa\/\" \/>\n<meta property=\"og:site_name\" content=\"CidadeMarketing\" \/>\n<meta property=\"article:publisher\" content=\"https:\/\/www.facebook.com\/portalcidademarketing\" \/>\n<meta property=\"article:author\" content=\"https:\/\/www.facebook.com\/thalesbrandao\" \/>\n<meta property=\"article:published_time\" content=\"2020-10-16T15:43:01+00:00\" \/>\n<meta property=\"article:modified_time\" content=\"2020-10-16T15:45:36+00:00\" \/>\n<meta property=\"og:image\" content=\"https:\/\/www.cidademarketing.com.br\/marketing\/wp-content\/uploads\/2020\/10\/dafiti_adidas_outubrorosa.jpg\" \/>\n\t<meta property=\"og:image:width\" content=\"300\" \/>\n\t<meta property=\"og:image:height\" content=\"465\" \/>\n\t<meta property=\"og:image:type\" content=\"image\/jpeg\" \/>\n<meta name=\"author\" content=\"Thales Brand\u00e3o\" \/>\n<meta name=\"twitter:card\" content=\"summary_large_image\" \/>\n<meta name=\"twitter:creator\" content=\"@http:\/\/www.twitter.com\/thalesbrandao\" \/>\n<meta name=\"twitter:site\" content=\"@CidadeMarketing\" \/>\n<meta name=\"twitter:label1\" content=\"Escrito por\" \/>\n\t<meta name=\"twitter:data1\" content=\"Thales Brand\u00e3o\" \/>\n\t<meta name=\"twitter:label2\" content=\"Est. tempo de leitura\" \/>\n\t<meta name=\"twitter:data2\" content=\"2 minutos\" \/>\n<script type=\"application\/ld+json\" class=\"yoast-schema-graph\">{\"@context\":\"https:\\\/\\\/schema.org\",\"@graph\":[{\"@type\":\"Article\",\"@id\":\"https:\\\/\\\/www.cidademarketing.com.br\\\/marketing\\\/2020\\\/10\\\/16\\\/dafiti-e-adidas-se-unem-em-acao-social-em-prol-do-outubro-rosa\\\/#article\",\"isPartOf\":{\"@id\":\"https:\\\/\\\/www.cidademarketing.com.br\\\/marketing\\\/2020\\\/10\\\/16\\\/dafiti-e-adidas-se-unem-em-acao-social-em-prol-do-outubro-rosa\\\/\"},\"author\":{\"name\":\"Thales Brand\u00e3o\",\"@id\":\"https:\\\/\\\/www.cidademarketing.com.br\\\/marketing\\\/#\\\/schema\\\/person\\\/02daff9f18bd9378c9e01eb6b2db155f\"},\"headline\":\"Dafiti e adidas se unem em a\u00e7\u00e3o social em prol do Outubro Rosa\",\"datePublished\":\"2020-10-16T15:43:01+00:00\",\"dateModified\":\"2020-10-16T15:45:36+00:00\",\"mainEntityOfPage\":{\"@id\":\"https:\\\/\\\/www.cidademarketing.com.br\\\/marketing\\\/2020\\\/10\\\/16\\\/dafiti-e-adidas-se-unem-em-acao-social-em-prol-do-outubro-rosa\\\/\"},\"wordCount\":418,\"commentCount\":0,\"publisher\":{\"@id\":\"https:\\\/\\\/www.cidademarketing.com.br\\\/marketing\\\/#organization\"},\"image\":{\"@id\":\"https:\\\/\\\/www.cidademarketing.com.br\\\/marketing\\\/2020\\\/10\\\/16\\\/dafiti-e-adidas-se-unem-em-acao-social-em-prol-do-outubro-rosa\\\/#primaryimage\"},\"thumbnailUrl\":\"https:\\\/\\\/www.cidademarketing.com.br\\\/marketing\\\/wp-content\\\/uploads\\\/2020\\\/10\\\/dafiti_adidas_outubrorosa.jpg\",\"keywords\":[\"Adidas\",\"Dafiti\",\"estrat\u00e9gia\",\"marketing social\"],\"articleSection\":[\"Not\u00edcias\"],\"inLanguage\":\"pt-BR\",\"potentialAction\":[{\"@type\":\"CommentAction\",\"name\":\"Comment\",\"target\":[\"https:\\\/\\\/www.cidademarketing.com.br\\\/marketing\\\/2020\\\/10\\\/16\\\/dafiti-e-adidas-se-unem-em-acao-social-em-prol-do-outubro-rosa\\\/#respond\"]}]},{\"@type\":\"WebPage\",\"@id\":\"https:\\\/\\\/www.cidademarketing.com.br\\\/marketing\\\/2020\\\/10\\\/16\\\/dafiti-e-adidas-se-unem-em-acao-social-em-prol-do-outubro-rosa\\\/\",\"url\":\"https:\\\/\\\/www.cidademarketing.com.br\\\/marketing\\\/2020\\\/10\\\/16\\\/dafiti-e-adidas-se-unem-em-acao-social-em-prol-do-outubro-rosa\\\/\",\"name\":\"Dafiti e adidas se unem em a\u00e7\u00e3o social em prol do Outubro Rosa - CidadeMarketing\",\"isPartOf\":{\"@id\":\"https:\\\/\\\/www.cidademarketing.com.br\\\/marketing\\\/#website\"},\"primaryImageOfPage\":{\"@id\":\"https:\\\/\\\/www.cidademarketing.com.br\\\/marketing\\\/2020\\\/10\\\/16\\\/dafiti-e-adidas-se-unem-em-acao-social-em-prol-do-outubro-rosa\\\/#primaryimage\"},\"image\":{\"@id\":\"https:\\\/\\\/www.cidademarketing.com.br\\\/marketing\\\/2020\\\/10\\\/16\\\/dafiti-e-adidas-se-unem-em-acao-social-em-prol-do-outubro-rosa\\\/#primaryimage\"},\"thumbnailUrl\":\"https:\\\/\\\/www.cidademarketing.com.br\\\/marketing\\\/wp-content\\\/uploads\\\/2020\\\/10\\\/dafiti_adidas_outubrorosa.jpg\",\"datePublished\":\"2020-10-16T15:43:01+00:00\",\"dateModified\":\"2020-10-16T15:45:36+00:00\",\"breadcrumb\":{\"@id\":\"https:\\\/\\\/www.cidademarketing.com.br\\\/marketing\\\/2020\\\/10\\\/16\\\/dafiti-e-adidas-se-unem-em-acao-social-em-prol-do-outubro-rosa\\\/#breadcrumb\"},\"inLanguage\":\"pt-BR\",\"potentialAction\":[{\"@type\":\"ReadAction\",\"target\":[\"https:\\\/\\\/www.cidademarketing.com.br\\\/marketing\\\/2020\\\/10\\\/16\\\/dafiti-e-adidas-se-unem-em-acao-social-em-prol-do-outubro-rosa\\\/\"]}]},{\"@type\":\"ImageObject\",\"inLanguage\":\"pt-BR\",\"@id\":\"https:\\\/\\\/www.cidademarketing.com.br\\\/marketing\\\/2020\\\/10\\\/16\\\/dafiti-e-adidas-se-unem-em-acao-social-em-prol-do-outubro-rosa\\\/#primaryimage\",\"url\":\"https:\\\/\\\/www.cidademarketing.com.br\\\/marketing\\\/wp-content\\\/uploads\\\/2020\\\/10\\\/dafiti_adidas_outubrorosa.jpg\",\"contentUrl\":\"https:\\\/\\\/www.cidademarketing.com.br\\\/marketing\\\/wp-content\\\/uploads\\\/2020\\\/10\\\/dafiti_adidas_outubrorosa.jpg\",\"width\":300,\"height\":465},{\"@type\":\"BreadcrumbList\",\"@id\":\"https:\\\/\\\/www.cidademarketing.com.br\\\/marketing\\\/2020\\\/10\\\/16\\\/dafiti-e-adidas-se-unem-em-acao-social-em-prol-do-outubro-rosa\\\/#breadcrumb\",\"itemListElement\":[{\"@type\":\"ListItem\",\"position\":1,\"name\":\"In\u00edcio\",\"item\":\"https:\\\/\\\/www.cidademarketing.com.br\\\/marketing\\\/\"},{\"@type\":\"ListItem\",\"position\":2,\"name\":\"Dafiti e adidas se unem em a\u00e7\u00e3o social em prol do Outubro Rosa\"}]},{\"@type\":\"WebSite\",\"@id\":\"https:\\\/\\\/www.cidademarketing.com.br\\\/marketing\\\/#website\",\"url\":\"https:\\\/\\\/www.cidademarketing.com.br\\\/marketing\\\/\",\"name\":\"CidadeMarketing\",\"description\":\"Somos um ve\u00edculo de comunica\u00e7\u00e3o de destaque no Brasil, reconhecido por conte\u00fados nos segmentos de marketing, empreendedorismo e inova\u00e7\u00e3o.\",\"publisher\":{\"@id\":\"https:\\\/\\\/www.cidademarketing.com.br\\\/marketing\\\/#organization\"},\"alternateName\":\"CidadeMarketing\",\"potentialAction\":[{\"@type\":\"SearchAction\",\"target\":{\"@type\":\"EntryPoint\",\"urlTemplate\":\"https:\\\/\\\/www.cidademarketing.com.br\\\/marketing\\\/?s={search_term_string}\"},\"query-input\":{\"@type\":\"PropertyValueSpecification\",\"valueRequired\":true,\"valueName\":\"search_term_string\"}}],\"inLanguage\":\"pt-BR\"},{\"@type\":\"Organization\",\"@id\":\"https:\\\/\\\/www.cidademarketing.com.br\\\/marketing\\\/#organization\",\"name\":\"CidadeMarketing\",\"alternateName\":\"CidadeMarketing\",\"url\":\"https:\\\/\\\/www.cidademarketing.com.br\\\/marketing\\\/\",\"logo\":{\"@type\":\"ImageObject\",\"inLanguage\":\"pt-BR\",\"@id\":\"https:\\\/\\\/www.cidademarketing.com.br\\\/marketing\\\/#\\\/schema\\\/logo\\\/image\\\/\",\"url\":\"https:\\\/\\\/www.cidademarketing.com.br\\\/marketing\\\/wp-content\\\/uploads\\\/2020\\\/01\\\/cidademarketing_marca_mobile.png\",\"contentUrl\":\"https:\\\/\\\/www.cidademarketing.com.br\\\/marketing\\\/wp-content\\\/uploads\\\/2020\\\/01\\\/cidademarketing_marca_mobile.png\",\"width\":230,\"height\":92,\"caption\":\"CidadeMarketing\"},\"image\":{\"@id\":\"https:\\\/\\\/www.cidademarketing.com.br\\\/marketing\\\/#\\\/schema\\\/logo\\\/image\\\/\"},\"sameAs\":[\"https:\\\/\\\/www.facebook.com\\\/portalcidademarketing\",\"https:\\\/\\\/x.com\\\/CidadeMarketing\",\"https:\\\/\\\/www.instagram.com\\\/cidademarketing\\\/\"]},{\"@type\":\"Person\",\"@id\":\"https:\\\/\\\/www.cidademarketing.com.br\\\/marketing\\\/#\\\/schema\\\/person\\\/02daff9f18bd9378c9e01eb6b2db155f\",\"name\":\"Thales Brand\u00e3o\",\"image\":{\"@type\":\"ImageObject\",\"inLanguage\":\"pt-BR\",\"@id\":\"https:\\\/\\\/secure.gravatar.com\\\/avatar\\\/7ca3206950207cc3cb48feec56a8a7898741ab725c368d99d5d7a5a50aab80c6?s=96&d=mm&r=g\",\"url\":\"https:\\\/\\\/secure.gravatar.com\\\/avatar\\\/7ca3206950207cc3cb48feec56a8a7898741ab725c368d99d5d7a5a50aab80c6?s=96&d=mm&r=g\",\"contentUrl\":\"https:\\\/\\\/secure.gravatar.com\\\/avatar\\\/7ca3206950207cc3cb48feec56a8a7898741ab725c368d99d5d7a5a50aab80c6?s=96&d=mm&r=g\",\"caption\":\"Thales Brand\u00e3o\"},\"description\":\"Editor Executivo do Portal CidadeMarketing.com.br &gt; Mestre em Comunica\u00e7\u00e3o e Sociedade pela Universidade Federal de Sergipe. Possui MBA Executivo em Administra\u00e7\u00e3o com \u00eanfase em Marketing pela Funda\u00e7\u00e3o Get\u00falio Vargas - Rio de Janeiro. Consultor, Palestrante e Pesquisador sobre Empreendedorismo, Marketing, Redes Sociais e Neg\u00f3cios Digitais. Professor, Palestrante TedxTalks e Campus Party. Twitter: @ThalesBrandao\",\"sameAs\":[\"http:\\\/\\\/www.mandacaru.com.br\",\"https:\\\/\\\/www.facebook.com\\\/thalesbrandao\",\"http:\\\/\\\/www.instagram.com.br\\\/thalesbrandaoferreira\",\"https:\\\/\\\/www.linkedin.com\\\/in\\\/thales-brand\u00e3o-3948609\\\/\",\"https:\\\/\\\/x.com\\\/http:\\\/\\\/www.twitter.com\\\/thalesbrandao\"],\"url\":\"https:\\\/\\\/www.cidademarketing.com.br\\\/marketing\\\/author\\\/thalesbrandao\\\/\"}]}<\/script>\n<!-- \/ Yoast SEO plugin. -->","yoast_head_json":{"title":"Dafiti e adidas se unem em a\u00e7\u00e3o social em prol do Outubro Rosa - CidadeMarketing","robots":{"index":"index","follow":"follow","max-snippet":"max-snippet:-1","max-image-preview":"max-image-preview:large","max-video-preview":"max-video-preview:-1"},"canonical":"https:\/\/www.cidademarketing.com.br\/marketing\/2020\/10\/16\/dafiti-e-adidas-se-unem-em-acao-social-em-prol-do-outubro-rosa\/","og_locale":"pt_BR","og_type":"article","og_title":"Dafiti e adidas se unem em a\u00e7\u00e3o social em prol do Outubro Rosa - CidadeMarketing","og_description":"A Dafiti, l\u00edder online de moda e lifestyle da Am\u00e9rica Latina, e a adidas uniram-se para uma iniciativa de apoio ao movimento Outubro Rosa, que durante todo este m\u00eas foca na conscientiza\u00e7\u00e3o sobre o c\u00e2ncer de mama. Segundo o INCA (Instituto Nacional de C\u00e2ncer), a doen\u00e7a atinge aproximadamente 2,1 milh\u00f5es de mulheres todos os anos [&hellip;]","og_url":"https:\/\/www.cidademarketing.com.br\/marketing\/2020\/10\/16\/dafiti-e-adidas-se-unem-em-acao-social-em-prol-do-outubro-rosa\/","og_site_name":"CidadeMarketing","article_publisher":"https:\/\/www.facebook.com\/portalcidademarketing","article_author":"https:\/\/www.facebook.com\/thalesbrandao","article_published_time":"2020-10-16T15:43:01+00:00","article_modified_time":"2020-10-16T15:45:36+00:00","og_image":[{"width":300,"height":465,"url":"https:\/\/www.cidademarketing.com.br\/marketing\/wp-content\/uploads\/2020\/10\/dafiti_adidas_outubrorosa.jpg","type":"image\/jpeg"}],"author":"Thales Brand\u00e3o","twitter_card":"summary_large_image","twitter_creator":"@http:\/\/www.twitter.com\/thalesbrandao","twitter_site":"@CidadeMarketing","twitter_misc":{"Escrito por":"Thales Brand\u00e3o","Est. tempo de leitura":"2 minutos"},"schema":{"@context":"https:\/\/schema.org","@graph":[{"@type":"Article","@id":"https:\/\/www.cidademarketing.com.br\/marketing\/2020\/10\/16\/dafiti-e-adidas-se-unem-em-acao-social-em-prol-do-outubro-rosa\/#article","isPartOf":{"@id":"https:\/\/www.cidademarketing.com.br\/marketing\/2020\/10\/16\/dafiti-e-adidas-se-unem-em-acao-social-em-prol-do-outubro-rosa\/"},"author":{"name":"Thales Brand\u00e3o","@id":"https:\/\/www.cidademarketing.com.br\/marketing\/#\/schema\/person\/02daff9f18bd9378c9e01eb6b2db155f"},"headline":"Dafiti e adidas se unem em a\u00e7\u00e3o social em prol do Outubro Rosa","datePublished":"2020-10-16T15:43:01+00:00","dateModified":"2020-10-16T15:45:36+00:00","mainEntityOfPage":{"@id":"https:\/\/www.cidademarketing.com.br\/marketing\/2020\/10\/16\/dafiti-e-adidas-se-unem-em-acao-social-em-prol-do-outubro-rosa\/"},"wordCount":418,"commentCount":0,"publisher":{"@id":"https:\/\/www.cidademarketing.com.br\/marketing\/#organization"},"image":{"@id":"https:\/\/www.cidademarketing.com.br\/marketing\/2020\/10\/16\/dafiti-e-adidas-se-unem-em-acao-social-em-prol-do-outubro-rosa\/#primaryimage"},"thumbnailUrl":"https:\/\/www.cidademarketing.com.br\/marketing\/wp-content\/uploads\/2020\/10\/dafiti_adidas_outubrorosa.jpg","keywords":["Adidas","Dafiti","estrat\u00e9gia","marketing social"],"articleSection":["Not\u00edcias"],"inLanguage":"pt-BR","potentialAction":[{"@type":"CommentAction","name":"Comment","target":["https:\/\/www.cidademarketing.com.br\/marketing\/2020\/10\/16\/dafiti-e-adidas-se-unem-em-acao-social-em-prol-do-outubro-rosa\/#respond"]}]},{"@type":"WebPage","@id":"https:\/\/www.cidademarketing.com.br\/marketing\/2020\/10\/16\/dafiti-e-adidas-se-unem-em-acao-social-em-prol-do-outubro-rosa\/","url":"https:\/\/www.cidademarketing.com.br\/marketing\/2020\/10\/16\/dafiti-e-adidas-se-unem-em-acao-social-em-prol-do-outubro-rosa\/","name":"Dafiti e adidas se unem em a\u00e7\u00e3o social em prol do Outubro Rosa - CidadeMarketing","isPartOf":{"@id":"https:\/\/www.cidademarketing.com.br\/marketing\/#website"},"primaryImageOfPage":{"@id":"https:\/\/www.cidademarketing.com.br\/marketing\/2020\/10\/16\/dafiti-e-adidas-se-unem-em-acao-social-em-prol-do-outubro-rosa\/#primaryimage"},"image":{"@id":"https:\/\/www.cidademarketing.com.br\/marketing\/2020\/10\/16\/dafiti-e-adidas-se-unem-em-acao-social-em-prol-do-outubro-rosa\/#primaryimage"},"thumbnailUrl":"https:\/\/www.cidademarketing.com.br\/marketing\/wp-content\/uploads\/2020\/10\/dafiti_adidas_outubrorosa.jpg","datePublished":"2020-10-16T15:43:01+00:00","dateModified":"2020-10-16T15:45:36+00:00","breadcrumb":{"@id":"https:\/\/www.cidademarketing.com.br\/marketing\/2020\/10\/16\/dafiti-e-adidas-se-unem-em-acao-social-em-prol-do-outubro-rosa\/#breadcrumb"},"inLanguage":"pt-BR","potentialAction":[{"@type":"ReadAction","target":["https:\/\/www.cidademarketing.com.br\/marketing\/2020\/10\/16\/dafiti-e-adidas-se-unem-em-acao-social-em-prol-do-outubro-rosa\/"]}]},{"@type":"ImageObject","inLanguage":"pt-BR","@id":"https:\/\/www.cidademarketing.com.br\/marketing\/2020\/10\/16\/dafiti-e-adidas-se-unem-em-acao-social-em-prol-do-outubro-rosa\/#primaryimage","url":"https:\/\/www.cidademarketing.com.br\/marketing\/wp-content\/uploads\/2020\/10\/dafiti_adidas_outubrorosa.jpg","contentUrl":"https:\/\/www.cidademarketing.com.br\/marketing\/wp-content\/uploads\/2020\/10\/dafiti_adidas_outubrorosa.jpg","width":300,"height":465},{"@type":"BreadcrumbList","@id":"https:\/\/www.cidademarketing.com.br\/marketing\/2020\/10\/16\/dafiti-e-adidas-se-unem-em-acao-social-em-prol-do-outubro-rosa\/#breadcrumb","itemListElement":[{"@type":"ListItem","position":1,"name":"In\u00edcio","item":"https:\/\/www.cidademarketing.com.br\/marketing\/"},{"@type":"ListItem","position":2,"name":"Dafiti e adidas se unem em a\u00e7\u00e3o social em prol do Outubro Rosa"}]},{"@type":"WebSite","@id":"https:\/\/www.cidademarketing.com.br\/marketing\/#website","url":"https:\/\/www.cidademarketing.com.br\/marketing\/","name":"CidadeMarketing","description":"Somos um ve\u00edculo de comunica\u00e7\u00e3o de destaque no Brasil, reconhecido por conte\u00fados nos segmentos de marketing, empreendedorismo e inova\u00e7\u00e3o.","publisher":{"@id":"https:\/\/www.cidademarketing.com.br\/marketing\/#organization"},"alternateName":"CidadeMarketing","potentialAction":[{"@type":"SearchAction","target":{"@type":"EntryPoint","urlTemplate":"https:\/\/www.cidademarketing.com.br\/marketing\/?s={search_term_string}"},"query-input":{"@type":"PropertyValueSpecification","valueRequired":true,"valueName":"search_term_string"}}],"inLanguage":"pt-BR"},{"@type":"Organization","@id":"https:\/\/www.cidademarketing.com.br\/marketing\/#organization","name":"CidadeMarketing","alternateName":"CidadeMarketing","url":"https:\/\/www.cidademarketing.com.br\/marketing\/","logo":{"@type":"ImageObject","inLanguage":"pt-BR","@id":"https:\/\/www.cidademarketing.com.br\/marketing\/#\/schema\/logo\/image\/","url":"https:\/\/www.cidademarketing.com.br\/marketing\/wp-content\/uploads\/2020\/01\/cidademarketing_marca_mobile.png","contentUrl":"https:\/\/www.cidademarketing.com.br\/marketing\/wp-content\/uploads\/2020\/01\/cidademarketing_marca_mobile.png","width":230,"height":92,"caption":"CidadeMarketing"},"image":{"@id":"https:\/\/www.cidademarketing.com.br\/marketing\/#\/schema\/logo\/image\/"},"sameAs":["https:\/\/www.facebook.com\/portalcidademarketing","https:\/\/x.com\/CidadeMarketing","https:\/\/www.instagram.com\/cidademarketing\/"]},{"@type":"Person","@id":"https:\/\/www.cidademarketing.com.br\/marketing\/#\/schema\/person\/02daff9f18bd9378c9e01eb6b2db155f","name":"Thales Brand\u00e3o","image":{"@type":"ImageObject","inLanguage":"pt-BR","@id":"https:\/\/secure.gravatar.com\/avatar\/7ca3206950207cc3cb48feec56a8a7898741ab725c368d99d5d7a5a50aab80c6?s=96&d=mm&r=g","url":"https:\/\/secure.gravatar.com\/avatar\/7ca3206950207cc3cb48feec56a8a7898741ab725c368d99d5d7a5a50aab80c6?s=96&d=mm&r=g","contentUrl":"https:\/\/secure.gravatar.com\/avatar\/7ca3206950207cc3cb48feec56a8a7898741ab725c368d99d5d7a5a50aab80c6?s=96&d=mm&r=g","caption":"Thales Brand\u00e3o"},"description":"Editor Executivo do Portal CidadeMarketing.com.br &gt; Mestre em Comunica\u00e7\u00e3o e Sociedade pela Universidade Federal de Sergipe. Possui MBA Executivo em Administra\u00e7\u00e3o com \u00eanfase em Marketing pela Funda\u00e7\u00e3o Get\u00falio Vargas - Rio de Janeiro. Consultor, Palestrante e Pesquisador sobre Empreendedorismo, Marketing, Redes Sociais e Neg\u00f3cios Digitais. Professor, Palestrante TedxTalks e Campus Party. Twitter: @ThalesBrandao","sameAs":["http:\/\/www.mandacaru.com.br","https:\/\/www.facebook.com\/thalesbrandao","http:\/\/www.instagram.com.br\/thalesbrandaoferreira","https:\/\/www.linkedin.com\/in\/thales-brand\u00e3o-3948609\/","https:\/\/x.com\/http:\/\/www.twitter.com\/thalesbrandao"],"url":"https:\/\/www.cidademarketing.com.br\/marketing\/author\/thalesbrandao\/"}]}},"amp_enabled":true,"_links":{"self":[{"href":"https:\/\/www.cidademarketing.com.br\/marketing\/wp-json\/wp\/v2\/posts\/19881","targetHints":{"allow":["GET"]}}],"collection":[{"href":"https:\/\/www.cidademarketing.com.br\/marketing\/wp-json\/wp\/v2\/posts"}],"about":[{"href":"https:\/\/www.cidademarketing.com.br\/marketing\/wp-json\/wp\/v2\/types\/post"}],"author":[{"embeddable":true,"href":"https:\/\/www.cidademarketing.com.br\/marketing\/wp-json\/wp\/v2\/users\/1"}],"replies":[{"embeddable":true,"href":"https:\/\/www.cidademarketing.com.br\/marketing\/wp-json\/wp\/v2\/comments?post=19881"}],"version-history":[{"count":1,"href":"https:\/\/www.cidademarketing.com.br\/marketing\/wp-json\/wp\/v2\/posts\/19881\/revisions"}],"predecessor-version":[{"id":19883,"href":"https:\/\/www.cidademarketing.com.br\/marketing\/wp-json\/wp\/v2\/posts\/19881\/revisions\/19883"}],"wp:featuredmedia":[{"embeddable":true,"href":"https:\/\/www.cidademarketing.com.br\/marketing\/wp-json\/wp\/v2\/media\/19882"}],"wp:attachment":[{"href":"https:\/\/www.cidademarketing.com.br\/marketing\/wp-json\/wp\/v2\/media?parent=19881"}],"wp:term":[{"taxonomy":"category","embeddable":true,"href":"https:\/\/www.cidademarketing.com.br\/marketing\/wp-json\/wp\/v2\/categories?post=19881"},{"taxonomy":"post_tag","embeddable":true,"href":"https:\/\/www.cidademarketing.com.br\/marketing\/wp-json\/wp\/v2\/tags?post=19881"}],"curies":[{"name":"wp","href":"https:\/\/api.w.org\/{rel}","templated":true}]}}