{"id":19859,"date":"2020-10-15T11:34:47","date_gmt":"2020-10-15T14:34:47","guid":{"rendered":"https:\/\/www.cidademarketing.com.br\/marketing\/?p=19859"},"modified":"2020-10-15T11:34:51","modified_gmt":"2020-10-15T14:34:51","slug":"sbt-do-bem-convoca-corrente-de-empoderamento-em-apoio-ao-outubro-rosa","status":"publish","type":"post","link":"https:\/\/www.cidademarketing.com.br\/marketing\/2020\/10\/15\/sbt-do-bem-convoca-corrente-de-empoderamento-em-apoio-ao-outubro-rosa\/","title":{"rendered":"SBT do Bem convoca corrente de empoderamento em apoio ao Outubro Rosa"},"content":{"rendered":"\n<p>Outubro \u00e9 o m\u00eas e rosa \u00e9 a cor que simboliza a campanha nacional de conscientiza\u00e7\u00e3o \u00e0s mulheres e \u00e0 sociedade em geral sobre a preven\u00e7\u00e3o do c\u00e2ncer de mama e do colo do \u00fatero, umas das doen\u00e7as que mais causam mortalidades de mulheres no Brasil. De acordo com as estat\u00edsticas, de 2020 a 2022, estima-se a ocorr\u00eancia de 66.280 casos, ou seja, um risco de 61,61 casos novos a cada 100 mil mulheres*. Mas, com informa\u00e7\u00e3o, preven\u00e7\u00e3o, diagn\u00f3stico e tratamento precoces, o \u00edndice de cura pode chegar a 95%. Em apoio \u00e0 causa, o <strong>SBT do Bem<\/strong>, plataforma de responsabilidade social\u00a0do <strong>SBT<\/strong>, lan\u00e7ou a campanha <strong>Empodere-se contra o c\u00e2ncer<\/strong>, que tem como mensagem principal mostrar a representatividade que o empoderamento feminino tem na luta contra a doen\u00e7a.<\/p>\n\n\n\n<figure class=\"wp-block-embed-youtube wp-block-embed is-type-video is-provider-youtube wp-embed-aspect-16-9 wp-has-aspect-ratio\"><div class=\"wp-block-embed__wrapper\">\nhttps:\/\/www.youtube.com\/watch?v=4m_FL2eQ8bA&#038;feature=youtu.be\n<\/div><\/figure>\n\n\n\n<p>A for\u00e7a da mulher \u00e9 capaz de transformar qualquer realidade, com base nisso, a campanha traz um filme principal elaborado a partir de linguagens do universo feminino, que buscam encoraj\u00e1-las a se fortalecerem ainda mais para vencerem o c\u00e2ncer. \u201cH\u00e1 tempos, a mulher alcan\u00e7ou um protagonismo na fam\u00edlia, no trabalho, no empreendedorismo, nas artes, entre outros. Quisemos trazer nessa campanha a ideia de a pr\u00f3pria mulher ter um olhar mais atento para si mesma, se valorizar, ser resiliente e, ao mesmo tempo, se empoderar tamb\u00e9m em momentos dif\u00edceis\u201d declara <strong>Priscila Stoliar, Head de Marketing do SBT.<\/strong><\/p>\n\n\n\n<p>Ao longo do m\u00eas, ser\u00e3o realizadas diversas iniciativas nas redes sociais do\u00a0<strong>SBT Online<\/strong> como forma de engajar as mulheres nessa luta. Dentre elas est\u00e3o, desafio de dan\u00e7a no <strong>Tik Tok<\/strong> com uma coreografia especial ligada a representatividade e for\u00e7a feminina na luta contra o c\u00e2ncer de mama. Por meio de posts no <strong>Instagram<\/strong> e <strong>Facebook, <\/strong>todas as mulheres ser\u00e3o incentivadas a tirarem fotos empoderadas e compartilharem com a <strong>#Empodere-seContraOC\u00e2ncer<\/strong>. J\u00e1 no <strong>Spotify<\/strong>, a apresentadora Eliana convidar\u00e1 \u00e0s mulheres &#8211; maiores de dezoito anos &#8211; a se valorizarem nessa batalha e acompanharem o projeto na p\u00e1gina do <strong>SBT do Bem<\/strong>.<\/p>\n\n\n\n<p>A campanha ir\u00e1 ao ar no m\u00eas de outubro. A cria\u00e7\u00e3o \u00e9 da&nbsp;ag\u00eancia <strong>WMCcAnn.<\/strong><\/p>\n\n\n\n<p><em>*Fonte: INCA &#8211; Estat\u00edsticas de c\u00e2ncer 2020<\/em><\/p>\n\n\n\n<p><strong>Ficha T\u00e9cnica<\/strong><\/p>\n\n\n\n<p>Ag\u00eancia: WMcCann<br>Cliente: SBT<\/p>\n\n\n\n<p>Produto: SBT do Bem<br>Nome da campanha: Empodere-se<\/p>\n\n\n\n<p>CCO: Hugo Rodrigues e Kevin Zung<\/p>\n\n\n\n<p>Dire\u00e7\u00e3o de cria\u00e7\u00e3o: F\u00e1bio Ludwig<br>Cria\u00e7\u00e3o: Ligia Mecenas, Ariane Melo e Raoni Le\u00e3o<\/p>\n\n\n\n<p>Atendimento: Anna Moraes, Vitoria Silvestre<\/p>\n\n\n\n<p>VP de M\u00eddia: Andr\u00e9 Fran\u00e7a<\/p>\n\n\n\n<p>M\u00eddia: Leonardo Pellegrino<\/p>\n\n\n\n<p>VP de Produ\u00e7\u00e3o: Tato Bono<\/p>\n\n\n\n<p>Produ\u00e7\u00e3o integrada:&nbsp;Cayan Lobo e Camilla Mendes<\/p>\n\n\n\n<p>Produtora do filme: Lemonade Filmes<\/p>\n\n\n\n<p>Diretor: Rafaela Ferrari e Raphael Rodriguez<\/p>\n\n\n\n<p>Diretor de Fotografia: Amanda Louzada<\/p>\n\n\n\n<p>P\u00f3s-produ\u00e7\u00e3o: Renata Nascimento \/ Yggor Ara\u00fajo e Bruna Oliveira<\/p>\n\n\n\n<p>Produtora de Som: Marcelo Guerreiro&nbsp;<\/p>\n\n\n\n<p>Trilha: Marcelo Guerreiro&nbsp;<\/p>\n\n\n\n<p>Tecnologia: Marcelo Soares, Victor Odo e Caio Costa<\/p>\n\n\n\n<p>Projetos: Yarha Costa<\/p>\n\n\n\n<p>Rela\u00e7\u00f5es P\u00fablicas: Kerena Neves, Bruna Ramos e Patr\u00edcia L\u00e1zaro<\/p>\n\n\n\n<p>Aprova\u00e7\u00e3o pelo cliente: Fred M\u00fcller, Priscila Stoliar, Milena Maeda, Julyana Magrini<\/p>\n","protected":false},"excerpt":{"rendered":"<p>Outubro \u00e9 o m\u00eas e rosa \u00e9 a cor que simboliza a campanha nacional de conscientiza\u00e7\u00e3o \u00e0s mulheres e \u00e0 sociedade em geral sobre a preven\u00e7\u00e3o do c\u00e2ncer de mama e do colo do \u00fatero, umas das doen\u00e7as que mais causam mortalidades de mulheres no Brasil. De acordo com as estat\u00edsticas, de 2020 a 2022, [&hellip;]<\/p>\n","protected":false},"author":1,"featured_media":19860,"comment_status":"open","ping_status":"open","sticky":false,"template":"","format":"standard","meta":{"tdm_status":"","tdm_grid_status":"","footnotes":""},"categories":[14],"tags":[33,28,418,381],"class_list":["post-19859","post","type-post","status-publish","format-standard","has-post-thumbnail","hentry","category-videos","tag-estrategia","tag-marketing","tag-sbt","tag-televisao"],"yoast_head":"<!-- This site is optimized with the Yoast SEO plugin v27.5 - https:\/\/yoast.com\/product\/yoast-seo-wordpress\/ -->\n<title>SBT do Bem convoca corrente de empoderamento em apoio ao Outubro Rosa - CidadeMarketing<\/title>\n<meta name=\"robots\" content=\"index, follow, max-snippet:-1, max-image-preview:large, max-video-preview:-1\" \/>\n<link rel=\"canonical\" href=\"https:\/\/www.cidademarketing.com.br\/marketing\/2020\/10\/15\/sbt-do-bem-convoca-corrente-de-empoderamento-em-apoio-ao-outubro-rosa\/\" \/>\n<meta property=\"og:locale\" content=\"pt_BR\" \/>\n<meta property=\"og:type\" content=\"article\" \/>\n<meta property=\"og:title\" content=\"SBT do Bem convoca corrente de empoderamento em apoio ao Outubro Rosa - CidadeMarketing\" \/>\n<meta property=\"og:description\" content=\"Outubro \u00e9 o m\u00eas e rosa \u00e9 a cor que simboliza a campanha nacional de conscientiza\u00e7\u00e3o \u00e0s mulheres e \u00e0 sociedade em geral sobre a preven\u00e7\u00e3o do c\u00e2ncer de mama e do colo do \u00fatero, umas das doen\u00e7as que mais causam mortalidades de mulheres no Brasil. De acordo com as estat\u00edsticas, de 2020 a 2022, [&hellip;]\" \/>\n<meta property=\"og:url\" content=\"https:\/\/www.cidademarketing.com.br\/marketing\/2020\/10\/15\/sbt-do-bem-convoca-corrente-de-empoderamento-em-apoio-ao-outubro-rosa\/\" \/>\n<meta property=\"og:site_name\" content=\"CidadeMarketing\" \/>\n<meta property=\"article:publisher\" content=\"https:\/\/www.facebook.com\/portalcidademarketing\" \/>\n<meta property=\"article:author\" content=\"https:\/\/www.facebook.com\/thalesbrandao\" \/>\n<meta property=\"article:published_time\" content=\"2020-10-15T14:34:47+00:00\" \/>\n<meta property=\"article:modified_time\" content=\"2020-10-15T14:34:51+00:00\" \/>\n<meta property=\"og:image\" content=\"https:\/\/www.cidademarketing.com.br\/marketing\/wp-content\/uploads\/2020\/10\/Outubro-Rosa.jpg\" \/>\n\t<meta property=\"og:image:width\" content=\"1280\" \/>\n\t<meta property=\"og:image:height\" content=\"720\" \/>\n\t<meta property=\"og:image:type\" content=\"image\/jpeg\" \/>\n<meta name=\"author\" content=\"Thales Brand\u00e3o\" \/>\n<meta name=\"twitter:card\" content=\"summary_large_image\" \/>\n<meta name=\"twitter:creator\" content=\"@http:\/\/www.twitter.com\/thalesbrandao\" \/>\n<meta name=\"twitter:site\" content=\"@CidadeMarketing\" \/>\n<meta name=\"twitter:label1\" content=\"Escrito por\" \/>\n\t<meta name=\"twitter:data1\" content=\"Thales Brand\u00e3o\" \/>\n\t<meta name=\"twitter:label2\" content=\"Est. tempo de leitura\" \/>\n\t<meta name=\"twitter:data2\" content=\"3 minutos\" \/>\n<script type=\"application\/ld+json\" class=\"yoast-schema-graph\">{\"@context\":\"https:\\\/\\\/schema.org\",\"@graph\":[{\"@type\":\"Article\",\"@id\":\"https:\\\/\\\/www.cidademarketing.com.br\\\/marketing\\\/2020\\\/10\\\/15\\\/sbt-do-bem-convoca-corrente-de-empoderamento-em-apoio-ao-outubro-rosa\\\/#article\",\"isPartOf\":{\"@id\":\"https:\\\/\\\/www.cidademarketing.com.br\\\/marketing\\\/2020\\\/10\\\/15\\\/sbt-do-bem-convoca-corrente-de-empoderamento-em-apoio-ao-outubro-rosa\\\/\"},\"author\":{\"name\":\"Thales Brand\u00e3o\",\"@id\":\"https:\\\/\\\/www.cidademarketing.com.br\\\/marketing\\\/#\\\/schema\\\/person\\\/02daff9f18bd9378c9e01eb6b2db155f\"},\"headline\":\"SBT do Bem convoca corrente de empoderamento em apoio ao Outubro Rosa\",\"datePublished\":\"2020-10-15T14:34:47+00:00\",\"dateModified\":\"2020-10-15T14:34:51+00:00\",\"mainEntityOfPage\":{\"@id\":\"https:\\\/\\\/www.cidademarketing.com.br\\\/marketing\\\/2020\\\/10\\\/15\\\/sbt-do-bem-convoca-corrente-de-empoderamento-em-apoio-ao-outubro-rosa\\\/\"},\"wordCount\":538,\"commentCount\":0,\"publisher\":{\"@id\":\"https:\\\/\\\/www.cidademarketing.com.br\\\/marketing\\\/#organization\"},\"image\":{\"@id\":\"https:\\\/\\\/www.cidademarketing.com.br\\\/marketing\\\/2020\\\/10\\\/15\\\/sbt-do-bem-convoca-corrente-de-empoderamento-em-apoio-ao-outubro-rosa\\\/#primaryimage\"},\"thumbnailUrl\":\"https:\\\/\\\/www.cidademarketing.com.br\\\/marketing\\\/wp-content\\\/uploads\\\/2020\\\/10\\\/Outubro-Rosa.jpg\",\"keywords\":[\"estrat\u00e9gia\",\"marketing\",\"SBT\",\"televis\u00e3o\"],\"articleSection\":[\"Videos\"],\"inLanguage\":\"pt-BR\",\"potentialAction\":[{\"@type\":\"CommentAction\",\"name\":\"Comment\",\"target\":[\"https:\\\/\\\/www.cidademarketing.com.br\\\/marketing\\\/2020\\\/10\\\/15\\\/sbt-do-bem-convoca-corrente-de-empoderamento-em-apoio-ao-outubro-rosa\\\/#respond\"]}]},{\"@type\":\"WebPage\",\"@id\":\"https:\\\/\\\/www.cidademarketing.com.br\\\/marketing\\\/2020\\\/10\\\/15\\\/sbt-do-bem-convoca-corrente-de-empoderamento-em-apoio-ao-outubro-rosa\\\/\",\"url\":\"https:\\\/\\\/www.cidademarketing.com.br\\\/marketing\\\/2020\\\/10\\\/15\\\/sbt-do-bem-convoca-corrente-de-empoderamento-em-apoio-ao-outubro-rosa\\\/\",\"name\":\"SBT do Bem convoca corrente de empoderamento em apoio ao Outubro Rosa - CidadeMarketing\",\"isPartOf\":{\"@id\":\"https:\\\/\\\/www.cidademarketing.com.br\\\/marketing\\\/#website\"},\"primaryImageOfPage\":{\"@id\":\"https:\\\/\\\/www.cidademarketing.com.br\\\/marketing\\\/2020\\\/10\\\/15\\\/sbt-do-bem-convoca-corrente-de-empoderamento-em-apoio-ao-outubro-rosa\\\/#primaryimage\"},\"image\":{\"@id\":\"https:\\\/\\\/www.cidademarketing.com.br\\\/marketing\\\/2020\\\/10\\\/15\\\/sbt-do-bem-convoca-corrente-de-empoderamento-em-apoio-ao-outubro-rosa\\\/#primaryimage\"},\"thumbnailUrl\":\"https:\\\/\\\/www.cidademarketing.com.br\\\/marketing\\\/wp-content\\\/uploads\\\/2020\\\/10\\\/Outubro-Rosa.jpg\",\"datePublished\":\"2020-10-15T14:34:47+00:00\",\"dateModified\":\"2020-10-15T14:34:51+00:00\",\"breadcrumb\":{\"@id\":\"https:\\\/\\\/www.cidademarketing.com.br\\\/marketing\\\/2020\\\/10\\\/15\\\/sbt-do-bem-convoca-corrente-de-empoderamento-em-apoio-ao-outubro-rosa\\\/#breadcrumb\"},\"inLanguage\":\"pt-BR\",\"potentialAction\":[{\"@type\":\"ReadAction\",\"target\":[\"https:\\\/\\\/www.cidademarketing.com.br\\\/marketing\\\/2020\\\/10\\\/15\\\/sbt-do-bem-convoca-corrente-de-empoderamento-em-apoio-ao-outubro-rosa\\\/\"]}]},{\"@type\":\"ImageObject\",\"inLanguage\":\"pt-BR\",\"@id\":\"https:\\\/\\\/www.cidademarketing.com.br\\\/marketing\\\/2020\\\/10\\\/15\\\/sbt-do-bem-convoca-corrente-de-empoderamento-em-apoio-ao-outubro-rosa\\\/#primaryimage\",\"url\":\"https:\\\/\\\/www.cidademarketing.com.br\\\/marketing\\\/wp-content\\\/uploads\\\/2020\\\/10\\\/Outubro-Rosa.jpg\",\"contentUrl\":\"https:\\\/\\\/www.cidademarketing.com.br\\\/marketing\\\/wp-content\\\/uploads\\\/2020\\\/10\\\/Outubro-Rosa.jpg\",\"width\":1280,\"height\":720,\"caption\":\"Reprodu\u00e7\u00e3o\"},{\"@type\":\"BreadcrumbList\",\"@id\":\"https:\\\/\\\/www.cidademarketing.com.br\\\/marketing\\\/2020\\\/10\\\/15\\\/sbt-do-bem-convoca-corrente-de-empoderamento-em-apoio-ao-outubro-rosa\\\/#breadcrumb\",\"itemListElement\":[{\"@type\":\"ListItem\",\"position\":1,\"name\":\"In\u00edcio\",\"item\":\"https:\\\/\\\/www.cidademarketing.com.br\\\/marketing\\\/\"},{\"@type\":\"ListItem\",\"position\":2,\"name\":\"SBT do Bem convoca corrente de empoderamento em apoio ao Outubro Rosa\"}]},{\"@type\":\"WebSite\",\"@id\":\"https:\\\/\\\/www.cidademarketing.com.br\\\/marketing\\\/#website\",\"url\":\"https:\\\/\\\/www.cidademarketing.com.br\\\/marketing\\\/\",\"name\":\"CidadeMarketing\",\"description\":\"Somos um ve\u00edculo de comunica\u00e7\u00e3o de destaque no Brasil, reconhecido por conte\u00fados nos segmentos de marketing, empreendedorismo e inova\u00e7\u00e3o.\",\"publisher\":{\"@id\":\"https:\\\/\\\/www.cidademarketing.com.br\\\/marketing\\\/#organization\"},\"alternateName\":\"CidadeMarketing\",\"potentialAction\":[{\"@type\":\"SearchAction\",\"target\":{\"@type\":\"EntryPoint\",\"urlTemplate\":\"https:\\\/\\\/www.cidademarketing.com.br\\\/marketing\\\/?s={search_term_string}\"},\"query-input\":{\"@type\":\"PropertyValueSpecification\",\"valueRequired\":true,\"valueName\":\"search_term_string\"}}],\"inLanguage\":\"pt-BR\"},{\"@type\":\"Organization\",\"@id\":\"https:\\\/\\\/www.cidademarketing.com.br\\\/marketing\\\/#organization\",\"name\":\"CidadeMarketing\",\"alternateName\":\"CidadeMarketing\",\"url\":\"https:\\\/\\\/www.cidademarketing.com.br\\\/marketing\\\/\",\"logo\":{\"@type\":\"ImageObject\",\"inLanguage\":\"pt-BR\",\"@id\":\"https:\\\/\\\/www.cidademarketing.com.br\\\/marketing\\\/#\\\/schema\\\/logo\\\/image\\\/\",\"url\":\"https:\\\/\\\/www.cidademarketing.com.br\\\/marketing\\\/wp-content\\\/uploads\\\/2020\\\/01\\\/cidademarketing_marca_mobile.png\",\"contentUrl\":\"https:\\\/\\\/www.cidademarketing.com.br\\\/marketing\\\/wp-content\\\/uploads\\\/2020\\\/01\\\/cidademarketing_marca_mobile.png\",\"width\":230,\"height\":92,\"caption\":\"CidadeMarketing\"},\"image\":{\"@id\":\"https:\\\/\\\/www.cidademarketing.com.br\\\/marketing\\\/#\\\/schema\\\/logo\\\/image\\\/\"},\"sameAs\":[\"https:\\\/\\\/www.facebook.com\\\/portalcidademarketing\",\"https:\\\/\\\/x.com\\\/CidadeMarketing\",\"https:\\\/\\\/www.instagram.com\\\/cidademarketing\\\/\"]},{\"@type\":\"Person\",\"@id\":\"https:\\\/\\\/www.cidademarketing.com.br\\\/marketing\\\/#\\\/schema\\\/person\\\/02daff9f18bd9378c9e01eb6b2db155f\",\"name\":\"Thales Brand\u00e3o\",\"image\":{\"@type\":\"ImageObject\",\"inLanguage\":\"pt-BR\",\"@id\":\"https:\\\/\\\/secure.gravatar.com\\\/avatar\\\/7ca3206950207cc3cb48feec56a8a7898741ab725c368d99d5d7a5a50aab80c6?s=96&d=mm&r=g\",\"url\":\"https:\\\/\\\/secure.gravatar.com\\\/avatar\\\/7ca3206950207cc3cb48feec56a8a7898741ab725c368d99d5d7a5a50aab80c6?s=96&d=mm&r=g\",\"contentUrl\":\"https:\\\/\\\/secure.gravatar.com\\\/avatar\\\/7ca3206950207cc3cb48feec56a8a7898741ab725c368d99d5d7a5a50aab80c6?s=96&d=mm&r=g\",\"caption\":\"Thales Brand\u00e3o\"},\"description\":\"Editor Executivo do Portal CidadeMarketing.com.br &gt; Mestre em Comunica\u00e7\u00e3o e Sociedade pela Universidade Federal de Sergipe. Possui MBA Executivo em Administra\u00e7\u00e3o com \u00eanfase em Marketing pela Funda\u00e7\u00e3o Get\u00falio Vargas - Rio de Janeiro. Consultor, Palestrante e Pesquisador sobre Empreendedorismo, Marketing, Redes Sociais e Neg\u00f3cios Digitais. Professor, Palestrante TedxTalks e Campus Party. Twitter: @ThalesBrandao\",\"sameAs\":[\"http:\\\/\\\/www.mandacaru.com.br\",\"https:\\\/\\\/www.facebook.com\\\/thalesbrandao\",\"http:\\\/\\\/www.instagram.com.br\\\/thalesbrandaoferreira\",\"https:\\\/\\\/www.linkedin.com\\\/in\\\/thales-brand\u00e3o-3948609\\\/\",\"https:\\\/\\\/x.com\\\/http:\\\/\\\/www.twitter.com\\\/thalesbrandao\"],\"url\":\"https:\\\/\\\/www.cidademarketing.com.br\\\/marketing\\\/author\\\/thalesbrandao\\\/\"}]}<\/script>\n<!-- \/ Yoast SEO plugin. -->","yoast_head_json":{"title":"SBT do Bem convoca corrente de empoderamento em apoio ao Outubro Rosa - CidadeMarketing","robots":{"index":"index","follow":"follow","max-snippet":"max-snippet:-1","max-image-preview":"max-image-preview:large","max-video-preview":"max-video-preview:-1"},"canonical":"https:\/\/www.cidademarketing.com.br\/marketing\/2020\/10\/15\/sbt-do-bem-convoca-corrente-de-empoderamento-em-apoio-ao-outubro-rosa\/","og_locale":"pt_BR","og_type":"article","og_title":"SBT do Bem convoca corrente de empoderamento em apoio ao Outubro Rosa - CidadeMarketing","og_description":"Outubro \u00e9 o m\u00eas e rosa \u00e9 a cor que simboliza a campanha nacional de conscientiza\u00e7\u00e3o \u00e0s mulheres e \u00e0 sociedade em geral sobre a preven\u00e7\u00e3o do c\u00e2ncer de mama e do colo do \u00fatero, umas das doen\u00e7as que mais causam mortalidades de mulheres no Brasil. De acordo com as estat\u00edsticas, de 2020 a 2022, [&hellip;]","og_url":"https:\/\/www.cidademarketing.com.br\/marketing\/2020\/10\/15\/sbt-do-bem-convoca-corrente-de-empoderamento-em-apoio-ao-outubro-rosa\/","og_site_name":"CidadeMarketing","article_publisher":"https:\/\/www.facebook.com\/portalcidademarketing","article_author":"https:\/\/www.facebook.com\/thalesbrandao","article_published_time":"2020-10-15T14:34:47+00:00","article_modified_time":"2020-10-15T14:34:51+00:00","og_image":[{"width":1280,"height":720,"url":"https:\/\/www.cidademarketing.com.br\/marketing\/wp-content\/uploads\/2020\/10\/Outubro-Rosa.jpg","type":"image\/jpeg"}],"author":"Thales Brand\u00e3o","twitter_card":"summary_large_image","twitter_creator":"@http:\/\/www.twitter.com\/thalesbrandao","twitter_site":"@CidadeMarketing","twitter_misc":{"Escrito por":"Thales Brand\u00e3o","Est. tempo de leitura":"3 minutos"},"schema":{"@context":"https:\/\/schema.org","@graph":[{"@type":"Article","@id":"https:\/\/www.cidademarketing.com.br\/marketing\/2020\/10\/15\/sbt-do-bem-convoca-corrente-de-empoderamento-em-apoio-ao-outubro-rosa\/#article","isPartOf":{"@id":"https:\/\/www.cidademarketing.com.br\/marketing\/2020\/10\/15\/sbt-do-bem-convoca-corrente-de-empoderamento-em-apoio-ao-outubro-rosa\/"},"author":{"name":"Thales Brand\u00e3o","@id":"https:\/\/www.cidademarketing.com.br\/marketing\/#\/schema\/person\/02daff9f18bd9378c9e01eb6b2db155f"},"headline":"SBT do Bem convoca corrente de empoderamento em apoio ao Outubro Rosa","datePublished":"2020-10-15T14:34:47+00:00","dateModified":"2020-10-15T14:34:51+00:00","mainEntityOfPage":{"@id":"https:\/\/www.cidademarketing.com.br\/marketing\/2020\/10\/15\/sbt-do-bem-convoca-corrente-de-empoderamento-em-apoio-ao-outubro-rosa\/"},"wordCount":538,"commentCount":0,"publisher":{"@id":"https:\/\/www.cidademarketing.com.br\/marketing\/#organization"},"image":{"@id":"https:\/\/www.cidademarketing.com.br\/marketing\/2020\/10\/15\/sbt-do-bem-convoca-corrente-de-empoderamento-em-apoio-ao-outubro-rosa\/#primaryimage"},"thumbnailUrl":"https:\/\/www.cidademarketing.com.br\/marketing\/wp-content\/uploads\/2020\/10\/Outubro-Rosa.jpg","keywords":["estrat\u00e9gia","marketing","SBT","televis\u00e3o"],"articleSection":["Videos"],"inLanguage":"pt-BR","potentialAction":[{"@type":"CommentAction","name":"Comment","target":["https:\/\/www.cidademarketing.com.br\/marketing\/2020\/10\/15\/sbt-do-bem-convoca-corrente-de-empoderamento-em-apoio-ao-outubro-rosa\/#respond"]}]},{"@type":"WebPage","@id":"https:\/\/www.cidademarketing.com.br\/marketing\/2020\/10\/15\/sbt-do-bem-convoca-corrente-de-empoderamento-em-apoio-ao-outubro-rosa\/","url":"https:\/\/www.cidademarketing.com.br\/marketing\/2020\/10\/15\/sbt-do-bem-convoca-corrente-de-empoderamento-em-apoio-ao-outubro-rosa\/","name":"SBT do Bem convoca corrente de empoderamento em apoio ao Outubro Rosa - CidadeMarketing","isPartOf":{"@id":"https:\/\/www.cidademarketing.com.br\/marketing\/#website"},"primaryImageOfPage":{"@id":"https:\/\/www.cidademarketing.com.br\/marketing\/2020\/10\/15\/sbt-do-bem-convoca-corrente-de-empoderamento-em-apoio-ao-outubro-rosa\/#primaryimage"},"image":{"@id":"https:\/\/www.cidademarketing.com.br\/marketing\/2020\/10\/15\/sbt-do-bem-convoca-corrente-de-empoderamento-em-apoio-ao-outubro-rosa\/#primaryimage"},"thumbnailUrl":"https:\/\/www.cidademarketing.com.br\/marketing\/wp-content\/uploads\/2020\/10\/Outubro-Rosa.jpg","datePublished":"2020-10-15T14:34:47+00:00","dateModified":"2020-10-15T14:34:51+00:00","breadcrumb":{"@id":"https:\/\/www.cidademarketing.com.br\/marketing\/2020\/10\/15\/sbt-do-bem-convoca-corrente-de-empoderamento-em-apoio-ao-outubro-rosa\/#breadcrumb"},"inLanguage":"pt-BR","potentialAction":[{"@type":"ReadAction","target":["https:\/\/www.cidademarketing.com.br\/marketing\/2020\/10\/15\/sbt-do-bem-convoca-corrente-de-empoderamento-em-apoio-ao-outubro-rosa\/"]}]},{"@type":"ImageObject","inLanguage":"pt-BR","@id":"https:\/\/www.cidademarketing.com.br\/marketing\/2020\/10\/15\/sbt-do-bem-convoca-corrente-de-empoderamento-em-apoio-ao-outubro-rosa\/#primaryimage","url":"https:\/\/www.cidademarketing.com.br\/marketing\/wp-content\/uploads\/2020\/10\/Outubro-Rosa.jpg","contentUrl":"https:\/\/www.cidademarketing.com.br\/marketing\/wp-content\/uploads\/2020\/10\/Outubro-Rosa.jpg","width":1280,"height":720,"caption":"Reprodu\u00e7\u00e3o"},{"@type":"BreadcrumbList","@id":"https:\/\/www.cidademarketing.com.br\/marketing\/2020\/10\/15\/sbt-do-bem-convoca-corrente-de-empoderamento-em-apoio-ao-outubro-rosa\/#breadcrumb","itemListElement":[{"@type":"ListItem","position":1,"name":"In\u00edcio","item":"https:\/\/www.cidademarketing.com.br\/marketing\/"},{"@type":"ListItem","position":2,"name":"SBT do Bem convoca corrente de empoderamento em apoio ao Outubro Rosa"}]},{"@type":"WebSite","@id":"https:\/\/www.cidademarketing.com.br\/marketing\/#website","url":"https:\/\/www.cidademarketing.com.br\/marketing\/","name":"CidadeMarketing","description":"Somos um ve\u00edculo de comunica\u00e7\u00e3o de destaque no Brasil, reconhecido por conte\u00fados nos segmentos de marketing, empreendedorismo e inova\u00e7\u00e3o.","publisher":{"@id":"https:\/\/www.cidademarketing.com.br\/marketing\/#organization"},"alternateName":"CidadeMarketing","potentialAction":[{"@type":"SearchAction","target":{"@type":"EntryPoint","urlTemplate":"https:\/\/www.cidademarketing.com.br\/marketing\/?s={search_term_string}"},"query-input":{"@type":"PropertyValueSpecification","valueRequired":true,"valueName":"search_term_string"}}],"inLanguage":"pt-BR"},{"@type":"Organization","@id":"https:\/\/www.cidademarketing.com.br\/marketing\/#organization","name":"CidadeMarketing","alternateName":"CidadeMarketing","url":"https:\/\/www.cidademarketing.com.br\/marketing\/","logo":{"@type":"ImageObject","inLanguage":"pt-BR","@id":"https:\/\/www.cidademarketing.com.br\/marketing\/#\/schema\/logo\/image\/","url":"https:\/\/www.cidademarketing.com.br\/marketing\/wp-content\/uploads\/2020\/01\/cidademarketing_marca_mobile.png","contentUrl":"https:\/\/www.cidademarketing.com.br\/marketing\/wp-content\/uploads\/2020\/01\/cidademarketing_marca_mobile.png","width":230,"height":92,"caption":"CidadeMarketing"},"image":{"@id":"https:\/\/www.cidademarketing.com.br\/marketing\/#\/schema\/logo\/image\/"},"sameAs":["https:\/\/www.facebook.com\/portalcidademarketing","https:\/\/x.com\/CidadeMarketing","https:\/\/www.instagram.com\/cidademarketing\/"]},{"@type":"Person","@id":"https:\/\/www.cidademarketing.com.br\/marketing\/#\/schema\/person\/02daff9f18bd9378c9e01eb6b2db155f","name":"Thales Brand\u00e3o","image":{"@type":"ImageObject","inLanguage":"pt-BR","@id":"https:\/\/secure.gravatar.com\/avatar\/7ca3206950207cc3cb48feec56a8a7898741ab725c368d99d5d7a5a50aab80c6?s=96&d=mm&r=g","url":"https:\/\/secure.gravatar.com\/avatar\/7ca3206950207cc3cb48feec56a8a7898741ab725c368d99d5d7a5a50aab80c6?s=96&d=mm&r=g","contentUrl":"https:\/\/secure.gravatar.com\/avatar\/7ca3206950207cc3cb48feec56a8a7898741ab725c368d99d5d7a5a50aab80c6?s=96&d=mm&r=g","caption":"Thales Brand\u00e3o"},"description":"Editor Executivo do Portal CidadeMarketing.com.br &gt; Mestre em Comunica\u00e7\u00e3o e Sociedade pela Universidade Federal de Sergipe. Possui MBA Executivo em Administra\u00e7\u00e3o com \u00eanfase em Marketing pela Funda\u00e7\u00e3o Get\u00falio Vargas - Rio de Janeiro. Consultor, Palestrante e Pesquisador sobre Empreendedorismo, Marketing, Redes Sociais e Neg\u00f3cios Digitais. Professor, Palestrante TedxTalks e Campus Party. Twitter: @ThalesBrandao","sameAs":["http:\/\/www.mandacaru.com.br","https:\/\/www.facebook.com\/thalesbrandao","http:\/\/www.instagram.com.br\/thalesbrandaoferreira","https:\/\/www.linkedin.com\/in\/thales-brand\u00e3o-3948609\/","https:\/\/x.com\/http:\/\/www.twitter.com\/thalesbrandao"],"url":"https:\/\/www.cidademarketing.com.br\/marketing\/author\/thalesbrandao\/"}]}},"amp_enabled":true,"_links":{"self":[{"href":"https:\/\/www.cidademarketing.com.br\/marketing\/wp-json\/wp\/v2\/posts\/19859","targetHints":{"allow":["GET"]}}],"collection":[{"href":"https:\/\/www.cidademarketing.com.br\/marketing\/wp-json\/wp\/v2\/posts"}],"about":[{"href":"https:\/\/www.cidademarketing.com.br\/marketing\/wp-json\/wp\/v2\/types\/post"}],"author":[{"embeddable":true,"href":"https:\/\/www.cidademarketing.com.br\/marketing\/wp-json\/wp\/v2\/users\/1"}],"replies":[{"embeddable":true,"href":"https:\/\/www.cidademarketing.com.br\/marketing\/wp-json\/wp\/v2\/comments?post=19859"}],"version-history":[{"count":1,"href":"https:\/\/www.cidademarketing.com.br\/marketing\/wp-json\/wp\/v2\/posts\/19859\/revisions"}],"predecessor-version":[{"id":19861,"href":"https:\/\/www.cidademarketing.com.br\/marketing\/wp-json\/wp\/v2\/posts\/19859\/revisions\/19861"}],"wp:featuredmedia":[{"embeddable":true,"href":"https:\/\/www.cidademarketing.com.br\/marketing\/wp-json\/wp\/v2\/media\/19860"}],"wp:attachment":[{"href":"https:\/\/www.cidademarketing.com.br\/marketing\/wp-json\/wp\/v2\/media?parent=19859"}],"wp:term":[{"taxonomy":"category","embeddable":true,"href":"https:\/\/www.cidademarketing.com.br\/marketing\/wp-json\/wp\/v2\/categories?post=19859"},{"taxonomy":"post_tag","embeddable":true,"href":"https:\/\/www.cidademarketing.com.br\/marketing\/wp-json\/wp\/v2\/tags?post=19859"}],"curies":[{"name":"wp","href":"https:\/\/api.w.org\/{rel}","templated":true}]}}