{"id":19821,"date":"2020-10-12T22:41:42","date_gmt":"2020-10-13T01:41:42","guid":{"rendered":"https:\/\/www.cidademarketing.com.br\/marketing\/?p=19821"},"modified":"2020-10-12T22:43:06","modified_gmt":"2020-10-13T01:43:06","slug":"a-invisivel-comunidade-dos-paises-de-lingua-portuguesa","status":"publish","type":"post","link":"https:\/\/www.cidademarketing.com.br\/marketing\/2020\/10\/12\/a-invisivel-comunidade-dos-paises-de-lingua-portuguesa\/","title":{"rendered":"A invis\u00edvel comunidade dos pa\u00edses de l\u00edngua portuguesa"},"content":{"rendered":"\n<p>Uma longa investiga\u00e7\u00e3o sobre os primeiros 20 anos de exist\u00eancia da Comunidade dos Pa\u00edses de L\u00edngua Portuguesa (CPLP) revelou que ela esteve invis\u00edvel no Brasil, o maior pa\u00eds lus\u00f3fono do mundo. O resultado dessa pesquisa, parte de uma tese de doutorado, est\u00e1 no livro<em> A comunidade invis\u00edvel: jornalismo, identidades e a rejei\u00e7\u00e3o dos povos de l\u00edngua portuguesa no Brasil<\/em>, do jornalista, mestre e doutor em Comunica\u00e7\u00e3o Social, Cristian G\u00f3es.<\/p>\n\n\n\n<p>O livro discute o regime de (in) visbiliza\u00e7\u00e3o no jornalismo; evidencia o debate sobre a l\u00edngua portuguesa, a comunidade e as tens\u00f5es da globaliza\u00e7\u00e3o; apresenta v\u00e1rios dados e gr\u00e1ficos da investiga\u00e7\u00e3o que constatou o apagamento da CPLP no Brasil a partir do silenciamento promovido dos dois maiores jornais brasileiros, <em>Folha de S.Paulo<\/em> e <em>O Globo<\/em>. O livro aponta, de modo detalhado, os porqu\u00eas de o Brasil rejeitar os v\u00ednculos com os povos de l\u00edngua portuguesa.<\/p>\n\n\n\n<p>\u201cA violenta invisibiliza\u00e7\u00e3o da lusofonia no Brasil tem rela\u00e7\u00e3o direta com uma deforma\u00e7\u00e3o identit\u00e1ria produzida pela elite nacional e que remonta \u00e0 Col\u00f4nia. Esse processo estruturou o racismo na sociedade brasileira de modo a impedir quaisquer possibilidades de v\u00ednculos com os povos e pa\u00edses lus\u00f3fonos, grande parte africanos. O mais grave \u00e9 que esse apagamento evita que os brasileiros se enxerguem no espelho\u201d, analisa Cristian G\u00f3es.<\/p>\n\n\n\n<p>A CPLP \u00e9 formada por oficialmente por nove na\u00e7\u00f5es: Angola, Brasil, Cabo Verde, Guin\u00e9 Bissau, Guin\u00e9 Equatorial, Mo\u00e7ambique, Portugal, S\u00e3o Tom\u00e9 e Pr\u00edncipe, e Timor-Leste. Neles, o portugu\u00eas \u00e9 idioma oficial. H\u00e1 tamb\u00e9m outros pa\u00edses e regi\u00f5es, a exemplo da Galiza, na Espanha, onde a l\u00edngua portuguesa tem influ\u00eancia decisiva.<\/p>\n\n\n\n<p>\u201cO problema n\u00e3o \u00e9 a CPLP, muito pelo contr\u00e1rio. Ela \u00e9 a solu\u00e7\u00e3o. A exist\u00eancia vis\u00edvel no Brasil de uma comunidade identit\u00e1ria lus\u00f3fona seria fundamental para fomentar a ideia real de uma perten\u00e7a a um conjunto de povos com fort\u00edssimos troncos hist\u00f3ricos e identit\u00e1rios entre n\u00f3s. A comunidade poderia ser um lugar privilegiado de reencontro do Brasil com o Brasil, mas infelizmente grande parte da elite nacional busca apagar esses v\u00ednculos\u201d, avalia Cristian G\u00f3es.<\/p>\n\n\n\n<p>Para Elton Antunes, professor da Universidade Federal de Minas Gerais (UFMG), o livro \u201ctrata da nossa responsabilidade pol\u00edtica com pensamentos e pr\u00e1ticas p\u00f3s-coloniais\u201d. V\u00edtor de Sousa, professor da Universidade do Minho (Braga\/Portugal), afirma que Cristian G\u00f3es evidencia que \u201ca lusofonia deve ser vista como uma possibilidade intercultural, transcultural, cr\u00edtica e inclusiva, em oposi\u00e7\u00e3o \u00e0 globaliza\u00e7\u00e3o cosmopolita\u201d.<\/p>\n\n\n\n<p>O livro, que est\u00e1 sendo editado pela Ponte Editora, localizada no Funchal, Ilha da Madeira, tem 160 p\u00e1ginas e ser\u00e1 lan\u00e7ado na primeira semana de dezembro pr\u00f3ximo.<\/p>\n\n\n\n<p>Jos\u00e9 Cristian G\u00f3es \u00e9 jornalista profissional formando pela Universidade Tiradentes, mestre em Comunica\u00e7\u00e3o Social pela Universidade Federal de Sergipe (UFS), doutor em Comunica\u00e7\u00e3o e Sociabilidade pela UFMG, com doutoramento sanduiche na Universidade do Minho, em Braga. \u00c9 especialista em Gest\u00e3o P\u00fablica e em Comunica\u00e7\u00e3o na Gest\u00e3o de Crise. Atualmente \u00e9 investigador no Laborat\u00f3rio de Jornalismo (Lejor) da UFS, editor em <em>A P\u00e1tria<\/em> (jornal da comunidade cient\u00edfica de l\u00edngua portuguesa) e colabora para o <em>BRmais<\/em> (Alemanha) e <em>O Kwanza<\/em> (Angola).<\/p>\n\n\n\n<p>Todo recurso arrecadado com a venda do livro <em>A Comunidade Invis\u00edvel<\/em> ser\u00e1 revertido para abater o pagamento de uma indeniza\u00e7\u00e3o judicial que o autor teve que pagar a um desembargador do Tribunal de Justi\u00e7a no Estado de Sergipe\/Brasil. Cristian G\u00f3es foi condenado no Brasil por ter escrito uma cr\u00f4nica ficcional, sem nomes de pessoas ou lugares. Mais detalhes sobre esse caso est\u00e1 no document\u00e1rio produzido pelo Aritgo19: <\/p>\n\n\n\n<figure class=\"wp-block-embed-youtube wp-block-embed is-type-video is-provider-youtube wp-embed-aspect-16-9 wp-has-aspect-ratio\"><div class=\"wp-block-embed__wrapper\">\n<div class=\"youtube-embed\" data-video_id=\"BWqd7oa-O0s\"><iframe title=\"Document\u00e1rio &quot;Eu, o coronel em mim&quot; - Legendado em ingl\u00eas | ARTIGO 19\" width=\"640\" height=\"360\" src=\"https:\/\/www.youtube.com\/embed\/BWqd7oa-O0s?feature=oembed&#038;enablejsapi=1&#038;enablejsapi=1\" frameborder=\"0\" allow=\"accelerometer; autoplay; clipboard-write; encrypted-media; gyroscope; picture-in-picture; web-share\" referrerpolicy=\"strict-origin-when-cross-origin\" allowfullscreen><\/iframe><\/div>\n<\/div><\/figure>\n\n\n\n<p><strong><u>Contatos com o autor:<\/u><\/strong><\/p>\n\n\n\n<p>WhatsApp &#8211; 55 79 99907 7131<br>E-mail: <a href=\"mailto:cristiangoesdf@gmail.com\" target=\"_blank\" rel=\"noreferrer noopener\">cristiangoesdf@gmail.com<\/a><\/p>\n\n\n\n<p>Facebook: <a href=\"https:\/\/www.facebook.com\/cristian.goes\" target=\"_blank\" rel=\"noreferrer noopener\">https:\/\/www.facebook.com\/cristian.goes<\/a><\/p>\n\n\n\n<p>Instagram: <a href=\"https:\/\/www.instagram.com\/josecristiangoes\" target=\"_blank\" rel=\"noreferrer noopener\">@josecristiangoes<\/a><\/p>\n\n\n\n<p>Linkedin: <a href=\"https:\/\/www.linkedin.com\/in\/cristiangoes\/\" target=\"_blank\" rel=\"noreferrer noopener\">https:\/\/www.linkedin.com\/in\/cristiangoes\/<\/a><\/p>\n\n\n\n<p>Twitter: <a href=\"https:\/\/twitter.com\/cristiangoes\" target=\"_blank\" rel=\"noreferrer noopener\">https:\/\/twitter.com\/cristiangoes<\/a><\/p>\n","protected":false},"excerpt":{"rendered":"<p>Uma longa investiga\u00e7\u00e3o sobre os primeiros 20 anos de exist\u00eancia da Comunidade dos Pa\u00edses de L\u00edngua Portuguesa (CPLP) revelou que ela esteve invis\u00edvel no Brasil, o maior pa\u00eds lus\u00f3fono do mundo. O resultado dessa pesquisa, parte de uma tese de doutorado, est\u00e1 no livro A comunidade invis\u00edvel: jornalismo, identidades e a rejei\u00e7\u00e3o dos povos de [&hellip;]<\/p>\n","protected":false},"author":1,"featured_media":19823,"comment_status":"open","ping_status":"open","sticky":false,"template":"","format":"standard","meta":{"tdm_status":"","tdm_grid_status":"","footnotes":""},"categories":[16],"tags":[147,308,248,28],"class_list":["post-19821","post","type-post","status-publish","format-standard","has-post-thumbnail","hentry","category-livros","tag-brasil","tag-comunicacao","tag-livro","tag-marketing"],"yoast_head":"<!-- This site is optimized with the Yoast SEO plugin v27.5 - https:\/\/yoast.com\/product\/yoast-seo-wordpress\/ -->\n<title>A invis\u00edvel comunidade dos pa\u00edses de l\u00edngua portuguesa - CidadeMarketing<\/title>\n<meta name=\"robots\" content=\"index, follow, max-snippet:-1, max-image-preview:large, max-video-preview:-1\" \/>\n<link rel=\"canonical\" href=\"https:\/\/www.cidademarketing.com.br\/marketing\/2020\/10\/12\/a-invisivel-comunidade-dos-paises-de-lingua-portuguesa\/\" \/>\n<meta property=\"og:locale\" content=\"pt_BR\" \/>\n<meta property=\"og:type\" content=\"article\" \/>\n<meta property=\"og:title\" content=\"A invis\u00edvel comunidade dos pa\u00edses de l\u00edngua portuguesa - CidadeMarketing\" \/>\n<meta property=\"og:description\" content=\"Uma longa investiga\u00e7\u00e3o sobre os primeiros 20 anos de exist\u00eancia da Comunidade dos Pa\u00edses de L\u00edngua Portuguesa (CPLP) revelou que ela esteve invis\u00edvel no Brasil, o maior pa\u00eds lus\u00f3fono do mundo. O resultado dessa pesquisa, parte de uma tese de doutorado, est\u00e1 no livro A comunidade invis\u00edvel: jornalismo, identidades e a rejei\u00e7\u00e3o dos povos de [&hellip;]\" \/>\n<meta property=\"og:url\" content=\"https:\/\/www.cidademarketing.com.br\/marketing\/2020\/10\/12\/a-invisivel-comunidade-dos-paises-de-lingua-portuguesa\/\" \/>\n<meta property=\"og:site_name\" content=\"CidadeMarketing\" \/>\n<meta property=\"article:publisher\" content=\"https:\/\/www.facebook.com\/portalcidademarketing\" \/>\n<meta property=\"article:author\" content=\"https:\/\/www.facebook.com\/thalesbrandao\" \/>\n<meta property=\"article:published_time\" content=\"2020-10-13T01:41:42+00:00\" \/>\n<meta property=\"article:modified_time\" content=\"2020-10-13T01:43:06+00:00\" \/>\n<meta property=\"og:image\" content=\"https:\/\/www.cidademarketing.com.br\/marketing\/wp-content\/uploads\/2020\/10\/Livro-A-Comunidade-Invisivel-1.jpg\" \/>\n\t<meta property=\"og:image:width\" content=\"1149\" \/>\n\t<meta property=\"og:image:height\" content=\"784\" \/>\n\t<meta property=\"og:image:type\" content=\"image\/jpeg\" \/>\n<meta name=\"author\" content=\"Thales Brand\u00e3o\" \/>\n<meta name=\"twitter:card\" content=\"summary_large_image\" \/>\n<meta name=\"twitter:creator\" content=\"@http:\/\/www.twitter.com\/thalesbrandao\" \/>\n<meta name=\"twitter:site\" content=\"@CidadeMarketing\" \/>\n<meta name=\"twitter:label1\" content=\"Escrito por\" \/>\n\t<meta name=\"twitter:data1\" content=\"Thales Brand\u00e3o\" \/>\n\t<meta name=\"twitter:label2\" content=\"Est. tempo de leitura\" \/>\n\t<meta name=\"twitter:data2\" content=\"3 minutos\" \/>\n<script type=\"application\/ld+json\" class=\"yoast-schema-graph\">{\"@context\":\"https:\\\/\\\/schema.org\",\"@graph\":[{\"@type\":\"Article\",\"@id\":\"https:\\\/\\\/www.cidademarketing.com.br\\\/marketing\\\/2020\\\/10\\\/12\\\/a-invisivel-comunidade-dos-paises-de-lingua-portuguesa\\\/#article\",\"isPartOf\":{\"@id\":\"https:\\\/\\\/www.cidademarketing.com.br\\\/marketing\\\/2020\\\/10\\\/12\\\/a-invisivel-comunidade-dos-paises-de-lingua-portuguesa\\\/\"},\"author\":{\"name\":\"Thales Brand\u00e3o\",\"@id\":\"https:\\\/\\\/www.cidademarketing.com.br\\\/marketing\\\/#\\\/schema\\\/person\\\/02daff9f18bd9378c9e01eb6b2db155f\"},\"headline\":\"A invis\u00edvel comunidade dos pa\u00edses de l\u00edngua portuguesa\",\"datePublished\":\"2020-10-13T01:41:42+00:00\",\"dateModified\":\"2020-10-13T01:43:06+00:00\",\"mainEntityOfPage\":{\"@id\":\"https:\\\/\\\/www.cidademarketing.com.br\\\/marketing\\\/2020\\\/10\\\/12\\\/a-invisivel-comunidade-dos-paises-de-lingua-portuguesa\\\/\"},\"wordCount\":688,\"commentCount\":0,\"publisher\":{\"@id\":\"https:\\\/\\\/www.cidademarketing.com.br\\\/marketing\\\/#organization\"},\"image\":{\"@id\":\"https:\\\/\\\/www.cidademarketing.com.br\\\/marketing\\\/2020\\\/10\\\/12\\\/a-invisivel-comunidade-dos-paises-de-lingua-portuguesa\\\/#primaryimage\"},\"thumbnailUrl\":\"https:\\\/\\\/www.cidademarketing.com.br\\\/marketing\\\/wp-content\\\/uploads\\\/2020\\\/10\\\/Livro-A-Comunidade-Invisivel-1.jpg\",\"keywords\":[\"Brasil\",\"comunica\u00e7\u00e3o\",\"livro\",\"marketing\"],\"articleSection\":[\"Livros\"],\"inLanguage\":\"pt-BR\",\"potentialAction\":[{\"@type\":\"CommentAction\",\"name\":\"Comment\",\"target\":[\"https:\\\/\\\/www.cidademarketing.com.br\\\/marketing\\\/2020\\\/10\\\/12\\\/a-invisivel-comunidade-dos-paises-de-lingua-portuguesa\\\/#respond\"]}]},{\"@type\":\"WebPage\",\"@id\":\"https:\\\/\\\/www.cidademarketing.com.br\\\/marketing\\\/2020\\\/10\\\/12\\\/a-invisivel-comunidade-dos-paises-de-lingua-portuguesa\\\/\",\"url\":\"https:\\\/\\\/www.cidademarketing.com.br\\\/marketing\\\/2020\\\/10\\\/12\\\/a-invisivel-comunidade-dos-paises-de-lingua-portuguesa\\\/\",\"name\":\"A invis\u00edvel comunidade dos pa\u00edses de l\u00edngua portuguesa - CidadeMarketing\",\"isPartOf\":{\"@id\":\"https:\\\/\\\/www.cidademarketing.com.br\\\/marketing\\\/#website\"},\"primaryImageOfPage\":{\"@id\":\"https:\\\/\\\/www.cidademarketing.com.br\\\/marketing\\\/2020\\\/10\\\/12\\\/a-invisivel-comunidade-dos-paises-de-lingua-portuguesa\\\/#primaryimage\"},\"image\":{\"@id\":\"https:\\\/\\\/www.cidademarketing.com.br\\\/marketing\\\/2020\\\/10\\\/12\\\/a-invisivel-comunidade-dos-paises-de-lingua-portuguesa\\\/#primaryimage\"},\"thumbnailUrl\":\"https:\\\/\\\/www.cidademarketing.com.br\\\/marketing\\\/wp-content\\\/uploads\\\/2020\\\/10\\\/Livro-A-Comunidade-Invisivel-1.jpg\",\"datePublished\":\"2020-10-13T01:41:42+00:00\",\"dateModified\":\"2020-10-13T01:43:06+00:00\",\"breadcrumb\":{\"@id\":\"https:\\\/\\\/www.cidademarketing.com.br\\\/marketing\\\/2020\\\/10\\\/12\\\/a-invisivel-comunidade-dos-paises-de-lingua-portuguesa\\\/#breadcrumb\"},\"inLanguage\":\"pt-BR\",\"potentialAction\":[{\"@type\":\"ReadAction\",\"target\":[\"https:\\\/\\\/www.cidademarketing.com.br\\\/marketing\\\/2020\\\/10\\\/12\\\/a-invisivel-comunidade-dos-paises-de-lingua-portuguesa\\\/\"]}]},{\"@type\":\"ImageObject\",\"inLanguage\":\"pt-BR\",\"@id\":\"https:\\\/\\\/www.cidademarketing.com.br\\\/marketing\\\/2020\\\/10\\\/12\\\/a-invisivel-comunidade-dos-paises-de-lingua-portuguesa\\\/#primaryimage\",\"url\":\"https:\\\/\\\/www.cidademarketing.com.br\\\/marketing\\\/wp-content\\\/uploads\\\/2020\\\/10\\\/Livro-A-Comunidade-Invisivel-1.jpg\",\"contentUrl\":\"https:\\\/\\\/www.cidademarketing.com.br\\\/marketing\\\/wp-content\\\/uploads\\\/2020\\\/10\\\/Livro-A-Comunidade-Invisivel-1.jpg\",\"width\":1149,\"height\":784},{\"@type\":\"BreadcrumbList\",\"@id\":\"https:\\\/\\\/www.cidademarketing.com.br\\\/marketing\\\/2020\\\/10\\\/12\\\/a-invisivel-comunidade-dos-paises-de-lingua-portuguesa\\\/#breadcrumb\",\"itemListElement\":[{\"@type\":\"ListItem\",\"position\":1,\"name\":\"In\u00edcio\",\"item\":\"https:\\\/\\\/www.cidademarketing.com.br\\\/marketing\\\/\"},{\"@type\":\"ListItem\",\"position\":2,\"name\":\"A invis\u00edvel comunidade dos pa\u00edses de l\u00edngua portuguesa\"}]},{\"@type\":\"WebSite\",\"@id\":\"https:\\\/\\\/www.cidademarketing.com.br\\\/marketing\\\/#website\",\"url\":\"https:\\\/\\\/www.cidademarketing.com.br\\\/marketing\\\/\",\"name\":\"CidadeMarketing\",\"description\":\"Somos um ve\u00edculo de comunica\u00e7\u00e3o de destaque no Brasil, reconhecido por conte\u00fados nos segmentos de marketing, empreendedorismo e inova\u00e7\u00e3o.\",\"publisher\":{\"@id\":\"https:\\\/\\\/www.cidademarketing.com.br\\\/marketing\\\/#organization\"},\"alternateName\":\"CidadeMarketing\",\"potentialAction\":[{\"@type\":\"SearchAction\",\"target\":{\"@type\":\"EntryPoint\",\"urlTemplate\":\"https:\\\/\\\/www.cidademarketing.com.br\\\/marketing\\\/?s={search_term_string}\"},\"query-input\":{\"@type\":\"PropertyValueSpecification\",\"valueRequired\":true,\"valueName\":\"search_term_string\"}}],\"inLanguage\":\"pt-BR\"},{\"@type\":\"Organization\",\"@id\":\"https:\\\/\\\/www.cidademarketing.com.br\\\/marketing\\\/#organization\",\"name\":\"CidadeMarketing\",\"alternateName\":\"CidadeMarketing\",\"url\":\"https:\\\/\\\/www.cidademarketing.com.br\\\/marketing\\\/\",\"logo\":{\"@type\":\"ImageObject\",\"inLanguage\":\"pt-BR\",\"@id\":\"https:\\\/\\\/www.cidademarketing.com.br\\\/marketing\\\/#\\\/schema\\\/logo\\\/image\\\/\",\"url\":\"https:\\\/\\\/www.cidademarketing.com.br\\\/marketing\\\/wp-content\\\/uploads\\\/2020\\\/01\\\/cidademarketing_marca_mobile.png\",\"contentUrl\":\"https:\\\/\\\/www.cidademarketing.com.br\\\/marketing\\\/wp-content\\\/uploads\\\/2020\\\/01\\\/cidademarketing_marca_mobile.png\",\"width\":230,\"height\":92,\"caption\":\"CidadeMarketing\"},\"image\":{\"@id\":\"https:\\\/\\\/www.cidademarketing.com.br\\\/marketing\\\/#\\\/schema\\\/logo\\\/image\\\/\"},\"sameAs\":[\"https:\\\/\\\/www.facebook.com\\\/portalcidademarketing\",\"https:\\\/\\\/x.com\\\/CidadeMarketing\",\"https:\\\/\\\/www.instagram.com\\\/cidademarketing\\\/\"]},{\"@type\":\"Person\",\"@id\":\"https:\\\/\\\/www.cidademarketing.com.br\\\/marketing\\\/#\\\/schema\\\/person\\\/02daff9f18bd9378c9e01eb6b2db155f\",\"name\":\"Thales Brand\u00e3o\",\"image\":{\"@type\":\"ImageObject\",\"inLanguage\":\"pt-BR\",\"@id\":\"https:\\\/\\\/secure.gravatar.com\\\/avatar\\\/7ca3206950207cc3cb48feec56a8a7898741ab725c368d99d5d7a5a50aab80c6?s=96&d=mm&r=g\",\"url\":\"https:\\\/\\\/secure.gravatar.com\\\/avatar\\\/7ca3206950207cc3cb48feec56a8a7898741ab725c368d99d5d7a5a50aab80c6?s=96&d=mm&r=g\",\"contentUrl\":\"https:\\\/\\\/secure.gravatar.com\\\/avatar\\\/7ca3206950207cc3cb48feec56a8a7898741ab725c368d99d5d7a5a50aab80c6?s=96&d=mm&r=g\",\"caption\":\"Thales Brand\u00e3o\"},\"description\":\"Editor Executivo do Portal CidadeMarketing.com.br &gt; Mestre em Comunica\u00e7\u00e3o e Sociedade pela Universidade Federal de Sergipe. Possui MBA Executivo em Administra\u00e7\u00e3o com \u00eanfase em Marketing pela Funda\u00e7\u00e3o Get\u00falio Vargas - Rio de Janeiro. Consultor, Palestrante e Pesquisador sobre Empreendedorismo, Marketing, Redes Sociais e Neg\u00f3cios Digitais. Professor, Palestrante TedxTalks e Campus Party. Twitter: @ThalesBrandao\",\"sameAs\":[\"http:\\\/\\\/www.mandacaru.com.br\",\"https:\\\/\\\/www.facebook.com\\\/thalesbrandao\",\"http:\\\/\\\/www.instagram.com.br\\\/thalesbrandaoferreira\",\"https:\\\/\\\/www.linkedin.com\\\/in\\\/thales-brand\u00e3o-3948609\\\/\",\"https:\\\/\\\/x.com\\\/http:\\\/\\\/www.twitter.com\\\/thalesbrandao\"],\"url\":\"https:\\\/\\\/www.cidademarketing.com.br\\\/marketing\\\/author\\\/thalesbrandao\\\/\"}]}<\/script>\n<!-- \/ Yoast SEO plugin. -->","yoast_head_json":{"title":"A invis\u00edvel comunidade dos pa\u00edses de l\u00edngua portuguesa - CidadeMarketing","robots":{"index":"index","follow":"follow","max-snippet":"max-snippet:-1","max-image-preview":"max-image-preview:large","max-video-preview":"max-video-preview:-1"},"canonical":"https:\/\/www.cidademarketing.com.br\/marketing\/2020\/10\/12\/a-invisivel-comunidade-dos-paises-de-lingua-portuguesa\/","og_locale":"pt_BR","og_type":"article","og_title":"A invis\u00edvel comunidade dos pa\u00edses de l\u00edngua portuguesa - CidadeMarketing","og_description":"Uma longa investiga\u00e7\u00e3o sobre os primeiros 20 anos de exist\u00eancia da Comunidade dos Pa\u00edses de L\u00edngua Portuguesa (CPLP) revelou que ela esteve invis\u00edvel no Brasil, o maior pa\u00eds lus\u00f3fono do mundo. O resultado dessa pesquisa, parte de uma tese de doutorado, est\u00e1 no livro A comunidade invis\u00edvel: jornalismo, identidades e a rejei\u00e7\u00e3o dos povos de [&hellip;]","og_url":"https:\/\/www.cidademarketing.com.br\/marketing\/2020\/10\/12\/a-invisivel-comunidade-dos-paises-de-lingua-portuguesa\/","og_site_name":"CidadeMarketing","article_publisher":"https:\/\/www.facebook.com\/portalcidademarketing","article_author":"https:\/\/www.facebook.com\/thalesbrandao","article_published_time":"2020-10-13T01:41:42+00:00","article_modified_time":"2020-10-13T01:43:06+00:00","og_image":[{"width":1149,"height":784,"url":"https:\/\/www.cidademarketing.com.br\/marketing\/wp-content\/uploads\/2020\/10\/Livro-A-Comunidade-Invisivel-1.jpg","type":"image\/jpeg"}],"author":"Thales Brand\u00e3o","twitter_card":"summary_large_image","twitter_creator":"@http:\/\/www.twitter.com\/thalesbrandao","twitter_site":"@CidadeMarketing","twitter_misc":{"Escrito por":"Thales Brand\u00e3o","Est. tempo de leitura":"3 minutos"},"schema":{"@context":"https:\/\/schema.org","@graph":[{"@type":"Article","@id":"https:\/\/www.cidademarketing.com.br\/marketing\/2020\/10\/12\/a-invisivel-comunidade-dos-paises-de-lingua-portuguesa\/#article","isPartOf":{"@id":"https:\/\/www.cidademarketing.com.br\/marketing\/2020\/10\/12\/a-invisivel-comunidade-dos-paises-de-lingua-portuguesa\/"},"author":{"name":"Thales Brand\u00e3o","@id":"https:\/\/www.cidademarketing.com.br\/marketing\/#\/schema\/person\/02daff9f18bd9378c9e01eb6b2db155f"},"headline":"A invis\u00edvel comunidade dos pa\u00edses de l\u00edngua portuguesa","datePublished":"2020-10-13T01:41:42+00:00","dateModified":"2020-10-13T01:43:06+00:00","mainEntityOfPage":{"@id":"https:\/\/www.cidademarketing.com.br\/marketing\/2020\/10\/12\/a-invisivel-comunidade-dos-paises-de-lingua-portuguesa\/"},"wordCount":688,"commentCount":0,"publisher":{"@id":"https:\/\/www.cidademarketing.com.br\/marketing\/#organization"},"image":{"@id":"https:\/\/www.cidademarketing.com.br\/marketing\/2020\/10\/12\/a-invisivel-comunidade-dos-paises-de-lingua-portuguesa\/#primaryimage"},"thumbnailUrl":"https:\/\/www.cidademarketing.com.br\/marketing\/wp-content\/uploads\/2020\/10\/Livro-A-Comunidade-Invisivel-1.jpg","keywords":["Brasil","comunica\u00e7\u00e3o","livro","marketing"],"articleSection":["Livros"],"inLanguage":"pt-BR","potentialAction":[{"@type":"CommentAction","name":"Comment","target":["https:\/\/www.cidademarketing.com.br\/marketing\/2020\/10\/12\/a-invisivel-comunidade-dos-paises-de-lingua-portuguesa\/#respond"]}]},{"@type":"WebPage","@id":"https:\/\/www.cidademarketing.com.br\/marketing\/2020\/10\/12\/a-invisivel-comunidade-dos-paises-de-lingua-portuguesa\/","url":"https:\/\/www.cidademarketing.com.br\/marketing\/2020\/10\/12\/a-invisivel-comunidade-dos-paises-de-lingua-portuguesa\/","name":"A invis\u00edvel comunidade dos pa\u00edses de l\u00edngua portuguesa - CidadeMarketing","isPartOf":{"@id":"https:\/\/www.cidademarketing.com.br\/marketing\/#website"},"primaryImageOfPage":{"@id":"https:\/\/www.cidademarketing.com.br\/marketing\/2020\/10\/12\/a-invisivel-comunidade-dos-paises-de-lingua-portuguesa\/#primaryimage"},"image":{"@id":"https:\/\/www.cidademarketing.com.br\/marketing\/2020\/10\/12\/a-invisivel-comunidade-dos-paises-de-lingua-portuguesa\/#primaryimage"},"thumbnailUrl":"https:\/\/www.cidademarketing.com.br\/marketing\/wp-content\/uploads\/2020\/10\/Livro-A-Comunidade-Invisivel-1.jpg","datePublished":"2020-10-13T01:41:42+00:00","dateModified":"2020-10-13T01:43:06+00:00","breadcrumb":{"@id":"https:\/\/www.cidademarketing.com.br\/marketing\/2020\/10\/12\/a-invisivel-comunidade-dos-paises-de-lingua-portuguesa\/#breadcrumb"},"inLanguage":"pt-BR","potentialAction":[{"@type":"ReadAction","target":["https:\/\/www.cidademarketing.com.br\/marketing\/2020\/10\/12\/a-invisivel-comunidade-dos-paises-de-lingua-portuguesa\/"]}]},{"@type":"ImageObject","inLanguage":"pt-BR","@id":"https:\/\/www.cidademarketing.com.br\/marketing\/2020\/10\/12\/a-invisivel-comunidade-dos-paises-de-lingua-portuguesa\/#primaryimage","url":"https:\/\/www.cidademarketing.com.br\/marketing\/wp-content\/uploads\/2020\/10\/Livro-A-Comunidade-Invisivel-1.jpg","contentUrl":"https:\/\/www.cidademarketing.com.br\/marketing\/wp-content\/uploads\/2020\/10\/Livro-A-Comunidade-Invisivel-1.jpg","width":1149,"height":784},{"@type":"BreadcrumbList","@id":"https:\/\/www.cidademarketing.com.br\/marketing\/2020\/10\/12\/a-invisivel-comunidade-dos-paises-de-lingua-portuguesa\/#breadcrumb","itemListElement":[{"@type":"ListItem","position":1,"name":"In\u00edcio","item":"https:\/\/www.cidademarketing.com.br\/marketing\/"},{"@type":"ListItem","position":2,"name":"A invis\u00edvel comunidade dos pa\u00edses de l\u00edngua portuguesa"}]},{"@type":"WebSite","@id":"https:\/\/www.cidademarketing.com.br\/marketing\/#website","url":"https:\/\/www.cidademarketing.com.br\/marketing\/","name":"CidadeMarketing","description":"Somos um ve\u00edculo de comunica\u00e7\u00e3o de destaque no Brasil, reconhecido por conte\u00fados nos segmentos de marketing, empreendedorismo e inova\u00e7\u00e3o.","publisher":{"@id":"https:\/\/www.cidademarketing.com.br\/marketing\/#organization"},"alternateName":"CidadeMarketing","potentialAction":[{"@type":"SearchAction","target":{"@type":"EntryPoint","urlTemplate":"https:\/\/www.cidademarketing.com.br\/marketing\/?s={search_term_string}"},"query-input":{"@type":"PropertyValueSpecification","valueRequired":true,"valueName":"search_term_string"}}],"inLanguage":"pt-BR"},{"@type":"Organization","@id":"https:\/\/www.cidademarketing.com.br\/marketing\/#organization","name":"CidadeMarketing","alternateName":"CidadeMarketing","url":"https:\/\/www.cidademarketing.com.br\/marketing\/","logo":{"@type":"ImageObject","inLanguage":"pt-BR","@id":"https:\/\/www.cidademarketing.com.br\/marketing\/#\/schema\/logo\/image\/","url":"https:\/\/www.cidademarketing.com.br\/marketing\/wp-content\/uploads\/2020\/01\/cidademarketing_marca_mobile.png","contentUrl":"https:\/\/www.cidademarketing.com.br\/marketing\/wp-content\/uploads\/2020\/01\/cidademarketing_marca_mobile.png","width":230,"height":92,"caption":"CidadeMarketing"},"image":{"@id":"https:\/\/www.cidademarketing.com.br\/marketing\/#\/schema\/logo\/image\/"},"sameAs":["https:\/\/www.facebook.com\/portalcidademarketing","https:\/\/x.com\/CidadeMarketing","https:\/\/www.instagram.com\/cidademarketing\/"]},{"@type":"Person","@id":"https:\/\/www.cidademarketing.com.br\/marketing\/#\/schema\/person\/02daff9f18bd9378c9e01eb6b2db155f","name":"Thales Brand\u00e3o","image":{"@type":"ImageObject","inLanguage":"pt-BR","@id":"https:\/\/secure.gravatar.com\/avatar\/7ca3206950207cc3cb48feec56a8a7898741ab725c368d99d5d7a5a50aab80c6?s=96&d=mm&r=g","url":"https:\/\/secure.gravatar.com\/avatar\/7ca3206950207cc3cb48feec56a8a7898741ab725c368d99d5d7a5a50aab80c6?s=96&d=mm&r=g","contentUrl":"https:\/\/secure.gravatar.com\/avatar\/7ca3206950207cc3cb48feec56a8a7898741ab725c368d99d5d7a5a50aab80c6?s=96&d=mm&r=g","caption":"Thales Brand\u00e3o"},"description":"Editor Executivo do Portal CidadeMarketing.com.br &gt; Mestre em Comunica\u00e7\u00e3o e Sociedade pela Universidade Federal de Sergipe. Possui MBA Executivo em Administra\u00e7\u00e3o com \u00eanfase em Marketing pela Funda\u00e7\u00e3o Get\u00falio Vargas - Rio de Janeiro. Consultor, Palestrante e Pesquisador sobre Empreendedorismo, Marketing, Redes Sociais e Neg\u00f3cios Digitais. Professor, Palestrante TedxTalks e Campus Party. Twitter: @ThalesBrandao","sameAs":["http:\/\/www.mandacaru.com.br","https:\/\/www.facebook.com\/thalesbrandao","http:\/\/www.instagram.com.br\/thalesbrandaoferreira","https:\/\/www.linkedin.com\/in\/thales-brand\u00e3o-3948609\/","https:\/\/x.com\/http:\/\/www.twitter.com\/thalesbrandao"],"url":"https:\/\/www.cidademarketing.com.br\/marketing\/author\/thalesbrandao\/"}]}},"amp_enabled":true,"_links":{"self":[{"href":"https:\/\/www.cidademarketing.com.br\/marketing\/wp-json\/wp\/v2\/posts\/19821","targetHints":{"allow":["GET"]}}],"collection":[{"href":"https:\/\/www.cidademarketing.com.br\/marketing\/wp-json\/wp\/v2\/posts"}],"about":[{"href":"https:\/\/www.cidademarketing.com.br\/marketing\/wp-json\/wp\/v2\/types\/post"}],"author":[{"embeddable":true,"href":"https:\/\/www.cidademarketing.com.br\/marketing\/wp-json\/wp\/v2\/users\/1"}],"replies":[{"embeddable":true,"href":"https:\/\/www.cidademarketing.com.br\/marketing\/wp-json\/wp\/v2\/comments?post=19821"}],"version-history":[{"count":1,"href":"https:\/\/www.cidademarketing.com.br\/marketing\/wp-json\/wp\/v2\/posts\/19821\/revisions"}],"predecessor-version":[{"id":19822,"href":"https:\/\/www.cidademarketing.com.br\/marketing\/wp-json\/wp\/v2\/posts\/19821\/revisions\/19822"}],"wp:featuredmedia":[{"embeddable":true,"href":"https:\/\/www.cidademarketing.com.br\/marketing\/wp-json\/wp\/v2\/media\/19823"}],"wp:attachment":[{"href":"https:\/\/www.cidademarketing.com.br\/marketing\/wp-json\/wp\/v2\/media?parent=19821"}],"wp:term":[{"taxonomy":"category","embeddable":true,"href":"https:\/\/www.cidademarketing.com.br\/marketing\/wp-json\/wp\/v2\/categories?post=19821"},{"taxonomy":"post_tag","embeddable":true,"href":"https:\/\/www.cidademarketing.com.br\/marketing\/wp-json\/wp\/v2\/tags?post=19821"}],"curies":[{"name":"wp","href":"https:\/\/api.w.org\/{rel}","templated":true}]}}