{"id":19715,"date":"2020-10-06T22:42:05","date_gmt":"2020-10-07T01:42:05","guid":{"rendered":"https:\/\/www.cidademarketing.com.br\/marketing\/?p=19715"},"modified":"2020-10-06T22:42:09","modified_gmt":"2020-10-07T01:42:09","slug":"electrolux-apresenta-nova-assinatura-de-marca-sua-casa-bem-vivida","status":"publish","type":"post","link":"https:\/\/www.cidademarketing.com.br\/marketing\/2020\/10\/06\/electrolux-apresenta-nova-assinatura-de-marca-sua-casa-bem-vivida\/","title":{"rendered":"Electrolux apresenta nova assinatura de marca &#8220;Sua Casa Bem Vivida&#8221;"},"content":{"rendered":"\n<p>A partir de outubro, a Electrolux estreia a assinatura &#8220;Sua Casa Bem Vivida\u201d criada pela DPZ&amp;T e que ser\u00e1 implementada na Am\u00e9rica Latina. Por meio deste novo conceito, a marca pretende se aproximar ainda mais dos consumidores ao mostrar a realidade vivida dentro de suas casas.\u202f\u00a0<\/p>\n\n\n\n<figure class=\"wp-block-gallery columns-2 is-cropped wp-block-gallery-1 is-layout-flex wp-block-gallery-is-layout-flex\"><ul class=\"blocks-gallery-grid\"><li class=\"blocks-gallery-item\"><figure><img fetchpriority=\"high\" decoding=\"async\" width=\"1024\" height=\"576\" src=\"https:\/\/www.cidademarketing.com.br\/marketing\/wp-content\/uploads\/2020\/10\/novosframes_1-1024x576.jpg\" alt=\"\" data-id=\"19716\" data-full-url=\"https:\/\/www.cidademarketing.com.br\/marketing\/wp-content\/uploads\/2020\/10\/novosframes_1.jpg\" data-link=\"https:\/\/www.cidademarketing.com.br\/marketing\/?attachment_id=19716\" class=\"wp-image-19716\" srcset=\"https:\/\/www.cidademarketing.com.br\/marketing\/wp-content\/uploads\/2020\/10\/novosframes_1-1024x576.jpg 1024w, https:\/\/www.cidademarketing.com.br\/marketing\/wp-content\/uploads\/2020\/10\/novosframes_1-300x169.jpg 300w, https:\/\/www.cidademarketing.com.br\/marketing\/wp-content\/uploads\/2020\/10\/novosframes_1-768x432.jpg 768w, https:\/\/www.cidademarketing.com.br\/marketing\/wp-content\/uploads\/2020\/10\/novosframes_1-1536x864.jpg 1536w, https:\/\/www.cidademarketing.com.br\/marketing\/wp-content\/uploads\/2020\/10\/novosframes_1-747x420.jpg 747w, https:\/\/www.cidademarketing.com.br\/marketing\/wp-content\/uploads\/2020\/10\/novosframes_1-640x360.jpg 640w, https:\/\/www.cidademarketing.com.br\/marketing\/wp-content\/uploads\/2020\/10\/novosframes_1-681x383.jpg 681w, https:\/\/www.cidademarketing.com.br\/marketing\/wp-content\/uploads\/2020\/10\/novosframes_1.jpg 1920w\" sizes=\"(max-width: 1024px) 100vw, 1024px\" \/><\/figure><\/li><li class=\"blocks-gallery-item\"><figure><img decoding=\"async\" width=\"1024\" height=\"576\" src=\"https:\/\/www.cidademarketing.com.br\/marketing\/wp-content\/uploads\/2020\/10\/novosframes_Aspirador_2-1024x576.jpg\" alt=\"\" data-id=\"19717\" data-full-url=\"https:\/\/www.cidademarketing.com.br\/marketing\/wp-content\/uploads\/2020\/10\/novosframes_Aspirador_2.jpg\" data-link=\"https:\/\/www.cidademarketing.com.br\/marketing\/?attachment_id=19717\" class=\"wp-image-19717\" srcset=\"https:\/\/www.cidademarketing.com.br\/marketing\/wp-content\/uploads\/2020\/10\/novosframes_Aspirador_2-1024x576.jpg 1024w, https:\/\/www.cidademarketing.com.br\/marketing\/wp-content\/uploads\/2020\/10\/novosframes_Aspirador_2-300x169.jpg 300w, https:\/\/www.cidademarketing.com.br\/marketing\/wp-content\/uploads\/2020\/10\/novosframes_Aspirador_2-768x432.jpg 768w, https:\/\/www.cidademarketing.com.br\/marketing\/wp-content\/uploads\/2020\/10\/novosframes_Aspirador_2-1536x864.jpg 1536w, https:\/\/www.cidademarketing.com.br\/marketing\/wp-content\/uploads\/2020\/10\/novosframes_Aspirador_2-747x420.jpg 747w, https:\/\/www.cidademarketing.com.br\/marketing\/wp-content\/uploads\/2020\/10\/novosframes_Aspirador_2-640x360.jpg 640w, https:\/\/www.cidademarketing.com.br\/marketing\/wp-content\/uploads\/2020\/10\/novosframes_Aspirador_2-681x383.jpg 681w, https:\/\/www.cidademarketing.com.br\/marketing\/wp-content\/uploads\/2020\/10\/novosframes_Aspirador_2.jpg 1920w\" sizes=\"(max-width: 1024px) 100vw, 1024px\" \/><\/figure><\/li><li class=\"blocks-gallery-item\"><figure><img decoding=\"async\" width=\"1024\" height=\"576\" src=\"https:\/\/www.cidademarketing.com.br\/marketing\/wp-content\/uploads\/2020\/10\/novosframes_Forno-1024x576.jpg\" alt=\"\" data-id=\"19718\" data-full-url=\"https:\/\/www.cidademarketing.com.br\/marketing\/wp-content\/uploads\/2020\/10\/novosframes_Forno.jpg\" data-link=\"https:\/\/www.cidademarketing.com.br\/marketing\/?attachment_id=19718\" class=\"wp-image-19718\" srcset=\"https:\/\/www.cidademarketing.com.br\/marketing\/wp-content\/uploads\/2020\/10\/novosframes_Forno-1024x576.jpg 1024w, https:\/\/www.cidademarketing.com.br\/marketing\/wp-content\/uploads\/2020\/10\/novosframes_Forno-300x169.jpg 300w, https:\/\/www.cidademarketing.com.br\/marketing\/wp-content\/uploads\/2020\/10\/novosframes_Forno-768x432.jpg 768w, https:\/\/www.cidademarketing.com.br\/marketing\/wp-content\/uploads\/2020\/10\/novosframes_Forno-1536x864.jpg 1536w, https:\/\/www.cidademarketing.com.br\/marketing\/wp-content\/uploads\/2020\/10\/novosframes_Forno-747x420.jpg 747w, https:\/\/www.cidademarketing.com.br\/marketing\/wp-content\/uploads\/2020\/10\/novosframes_Forno-640x360.jpg 640w, https:\/\/www.cidademarketing.com.br\/marketing\/wp-content\/uploads\/2020\/10\/novosframes_Forno-681x383.jpg 681w, https:\/\/www.cidademarketing.com.br\/marketing\/wp-content\/uploads\/2020\/10\/novosframes_Forno.jpg 1920w\" sizes=\"(max-width: 1024px) 100vw, 1024px\" \/><\/figure><\/li><\/ul><\/figure>\n\n\n\n<p><br>Foram feitos v\u00e1rios estudos desde o primeiro semestre sobre o comportamento do consumidor, lente cultural da regi\u00e3o e sa\u00fade de marca para chegar ao novo direcionamento da comunica\u00e7\u00e3o da Electrolux. O insight foi constru\u00eddo com base na valoriza\u00e7\u00e3o do comportamento humano e suas rela\u00e7\u00f5es, entendendo o papel da marca nessa evolu\u00e7\u00e3o.<\/p>\n\n\n\n<p>A Electrolux quer retratar casas vivas, onde a vida pode n\u00e3o ser perfeita, mas deve sim ser bem vivida. Onde a imperfei\u00e7\u00e3o d\u00e1 espa\u00e7o para novas descobertas. Onde as rela\u00e7\u00f5es constroem novas formas de experimentar a vida dom\u00e9stica, por um \u00e2ngulo positivo e inclusivo.<\/p>\n\n\n\n<p>A campanha ilustra essas situa\u00e7\u00f5es da maneira natural e sens\u00edvel. O primeiro dos tr\u00eas filmes produzidos pela Saigon Filmes, com dire\u00e7\u00e3o de Vellas, materializa \u201cSua Casa Bem Vivida\u201d mostrando esse dia a dia flu\u00eddo e de descobertas. Os eletrodom\u00e9sticos da marca possibilitam que essas experi\u00eancias sejam mais prazerosas, para que as pessoas possam viver intensamente suas casas.<\/p>\n\n\n\n<p>Uma casa bem vivida \u00e9 cheia de vida e, por isso, as v\u00e1rias casas contar\u00e3o as hist\u00f3rias que acontecem nelas \u2013 tudo para refor\u00e7ar a conex\u00e3o dos consumidores com os produtos da marca.\u202f <\/p>\n\n\n\n<figure class=\"wp-block-embed-youtube wp-block-embed is-type-video is-provider-youtube wp-embed-aspect-16-9 wp-has-aspect-ratio\"><div class=\"wp-block-embed__wrapper\">\n<div class=\"youtube-embed\" data-video_id=\"6awlkbDJwHA\"><iframe title=\"Electrolux \u2013 Sua casa bem vivida\" width=\"640\" height=\"360\" src=\"https:\/\/www.youtube.com\/embed\/6awlkbDJwHA?feature=oembed&#038;enablejsapi=1&#038;enablejsapi=1\" frameborder=\"0\" allow=\"accelerometer; autoplay; clipboard-write; encrypted-media; gyroscope; picture-in-picture; web-share\" referrerpolicy=\"strict-origin-when-cross-origin\" allowfullscreen><\/iframe><\/div>\n<\/div><\/figure>\n\n\n\n<p>&#8220;Uma casa bem vivida \u00e9 aquela que representa a nossa realidade e a nossa identidade. N\u00e3o tem lugar mais vivo e real do que as experi\u00eancias que criamos nesse espa\u00e7o. A partir de estudos para o novo posicionamento, n\u00f3s entendemos profundamente o \u201cviver em casa\u201d, seja com as perfei\u00e7\u00f5es ou com as imperfei\u00e7\u00f5es que nos acompanham nela\u201d diz Cris Duclos, vice-presidente de marketing da Electrolux para a Am\u00e9rica Latina.<\/p>\n\n\n\n<p>A campanha ter\u00e1 3 fases com desdobramentos em digital, social e a\u00e7\u00f5es especiais de merchandising e com influenciadores.&nbsp;<\/p>\n\n\n\n<p><strong>Ficha T\u00e9cnica<\/strong><\/p>\n\n\n\n<p>Cliente: ELECTROLUX DO BRASIL S.A<\/p>\n\n\n\n<p>Data de produ\u00e7\u00e3o: setembro \/2020<\/p>\n\n\n\n<p>Produto: Institucional<\/p>\n\n\n\n<p>T\u00edtulo: Conceito<\/p>\n\n\n\n<p>Ag\u00eancia: DPZ&amp;T Comunica\u00e7\u00f5es LTDA<\/p>\n\n\n\n<p>Dire\u00e7\u00e3o Geral de Cria\u00e7\u00e3o: Rafael Urenha<\/p>\n\n\n\n<p>Dire\u00e7\u00e3o Executiva de Cria\u00e7\u00e3o: Rafael Ziggy, Laura Esteves<\/p>\n\n\n\n<p>Dire\u00e7\u00e3o de Cria\u00e7\u00e3o: Silvio Amorim<\/p>\n\n\n\n<p>Cria\u00e7\u00e3o: Felipe Gall, Thomaz Dantas, Raphael Lucone<\/p>\n\n\n\n<p>Atendimento: Ana Coutinho, Rodrigo Moraes, Ana Castro e Carolina Cavallini<\/p>\n\n\n\n<p>Projetos: Marcos Yamamura e Priscila Martins<\/p>\n\n\n\n<p>Aprova\u00e7\u00e3o Cliente: Cristina Duclos, Juliana Roschel, Juliane Mussarelli, Mariane Ferreira e Ale Kiyohara<\/p>\n\n\n\n<p>Planejamento: Fernando Diniz, Mark Cardoso, Aline Alonso, Mariana Crepaldi, Daniele Novaes e Adriano Martinez<\/p>\n\n\n\n<p>M\u00eddia: Paulo ilha, Kaline Lessio, Mariana Gomes e Nathan Adelino<\/p>\n\n\n\n<p>Engajamento e Influ\u00eancia: Patricia Capuchinho, Didi Blanco e Mila Alves<\/p>\n\n\n\n<p>RTV: Ducha Lopes, Paula Alimonda e Guilherme Rodrigues Silva, Matheus Gomes, Ana Paula Ananias e Fernanda Assato<\/p>\n\n\n\n<p>Produtora de imagem: Saigon Filmes<\/p>\n\n\n\n<p>Dire\u00e7\u00e3o de Cena: Vellas<\/p>\n\n\n\n<p>Produtor Executivo: Marcelo Altschuler<\/p>\n\n\n\n<p>Diretor de Arte: Guilherme Marini<\/p>\n\n\n\n<p>Figurinista: Juliana Prysthon<\/p>\n\n\n\n<p>Produtor de loca\u00e7\u00e3o: Kleber Pereira<\/p>\n\n\n\n<p>Produtor de Casting: Fl\u00e1via Cocozza<\/p>\n\n\n\n<p>Produtor de objetos: Ana Paula Cordeiro Braga<\/p>\n\n\n\n<p>Maquiador: Ana Paula Cordeiro Braga<\/p>\n\n\n\n<p>Culinarista: Luiz alfredo ferreira de Assis<\/p>\n\n\n\n<p>Atendimento Produtora: Fernanda Gomes, Rafael Costa, Karin Diniz<\/p>\n\n\n\n<p>Dire\u00e7\u00e3o de fotografia: Agustin Claramunt<\/p>\n\n\n\n<p>P\u00f3s-Produ\u00e7\u00e3o:Virgini Fares \/ Malu Leopassi<\/p>\n\n\n\n<p>Cor: Bleach Filmes &#8211; Sergio Pasqualino<\/p>\n\n\n\n<p>Montagem:Rami D\u2019Aguiar<\/p>\n\n\n\n<p>Finaliza\u00e7\u00e3o: Equipe Saigon<\/p>\n\n\n\n<p>Finalizadora: NASH Production<\/p>\n\n\n\n<p>Trilha Sonora: Institucional Electrolux<\/p>\n\n\n\n<p>Produtora de \u00c1udio: Lucha Libre Audio<\/p>\n\n\n\n<p>Maestro: Paulinho Corcione<\/p>\n\n\n\n<p>Finaliza\u00e7\u00e3o de \u00c1udio: Equipe Lucha<\/p>\n\n\n\n<p>Executivo\/Atendimento: Thais Urenha<\/p>\n","protected":false},"excerpt":{"rendered":"<p>A partir de outubro, a Electrolux estreia a assinatura &#8220;Sua Casa Bem Vivida\u201d criada pela DPZ&amp;T e que ser\u00e1 implementada na Am\u00e9rica Latina. Por meio deste novo conceito, a marca pretende se aproximar ainda mais dos consumidores ao mostrar a realidade vivida dentro de suas casas.\u202f\u00a0 Foram feitos v\u00e1rios estudos desde o primeiro semestre sobre [&hellip;]<\/p>\n","protected":false},"author":1,"featured_media":19719,"comment_status":"open","ping_status":"open","sticky":false,"template":"","format":"standard","meta":{"tdm_status":"","tdm_grid_status":"","footnotes":""},"categories":[14],"tags":[175,65,2778,37,28],"class_list":["post-19715","post","type-post","status-publish","format-standard","has-post-thumbnail","hentry","category-videos","tag-branding","tag-campanha","tag-electrolux","tag-marca","tag-marketing"],"yoast_head":"<!-- This site is optimized with the Yoast SEO plugin v27.5 - https:\/\/yoast.com\/product\/yoast-seo-wordpress\/ -->\n<title>Electrolux apresenta nova assinatura de marca &quot;Sua Casa Bem Vivida&quot; - CidadeMarketing<\/title>\n<meta name=\"robots\" content=\"index, follow, max-snippet:-1, max-image-preview:large, max-video-preview:-1\" \/>\n<link rel=\"canonical\" href=\"https:\/\/www.cidademarketing.com.br\/marketing\/2020\/10\/06\/electrolux-apresenta-nova-assinatura-de-marca-sua-casa-bem-vivida\/\" \/>\n<meta property=\"og:locale\" content=\"pt_BR\" \/>\n<meta property=\"og:type\" content=\"article\" \/>\n<meta property=\"og:title\" content=\"Electrolux apresenta nova assinatura de marca &quot;Sua Casa Bem Vivida&quot; - CidadeMarketing\" \/>\n<meta property=\"og:description\" content=\"A partir de outubro, a Electrolux estreia a assinatura &#8220;Sua Casa Bem Vivida\u201d criada pela DPZ&amp;T e que ser\u00e1 implementada na Am\u00e9rica Latina. Por meio deste novo conceito, a marca pretende se aproximar ainda mais dos consumidores ao mostrar a realidade vivida dentro de suas casas.\u202f\u00a0 Foram feitos v\u00e1rios estudos desde o primeiro semestre sobre [&hellip;]\" \/>\n<meta property=\"og:url\" content=\"https:\/\/www.cidademarketing.com.br\/marketing\/2020\/10\/06\/electrolux-apresenta-nova-assinatura-de-marca-sua-casa-bem-vivida\/\" \/>\n<meta property=\"og:site_name\" content=\"CidadeMarketing\" \/>\n<meta property=\"article:publisher\" content=\"https:\/\/www.facebook.com\/portalcidademarketing\" \/>\n<meta property=\"article:author\" content=\"https:\/\/www.facebook.com\/thalesbrandao\" \/>\n<meta property=\"article:published_time\" content=\"2020-10-07T01:42:05+00:00\" \/>\n<meta property=\"article:modified_time\" content=\"2020-10-07T01:42:09+00:00\" \/>\n<meta property=\"og:image\" content=\"https:\/\/www.cidademarketing.com.br\/marketing\/wp-content\/uploads\/2020\/10\/novosframes_Maquina.jpg\" \/>\n\t<meta property=\"og:image:width\" content=\"1920\" \/>\n\t<meta property=\"og:image:height\" content=\"1080\" \/>\n\t<meta property=\"og:image:type\" content=\"image\/jpeg\" \/>\n<meta name=\"author\" content=\"Thales Brand\u00e3o\" \/>\n<meta name=\"twitter:card\" content=\"summary_large_image\" \/>\n<meta name=\"twitter:creator\" content=\"@http:\/\/www.twitter.com\/thalesbrandao\" \/>\n<meta name=\"twitter:site\" content=\"@CidadeMarketing\" \/>\n<meta name=\"twitter:label1\" content=\"Escrito por\" \/>\n\t<meta name=\"twitter:data1\" content=\"Thales Brand\u00e3o\" \/>\n\t<meta name=\"twitter:label2\" content=\"Est. tempo de leitura\" \/>\n\t<meta name=\"twitter:data2\" content=\"3 minutos\" \/>\n<script type=\"application\/ld+json\" class=\"yoast-schema-graph\">{\"@context\":\"https:\\\/\\\/schema.org\",\"@graph\":[{\"@type\":\"Article\",\"@id\":\"https:\\\/\\\/www.cidademarketing.com.br\\\/marketing\\\/2020\\\/10\\\/06\\\/electrolux-apresenta-nova-assinatura-de-marca-sua-casa-bem-vivida\\\/#article\",\"isPartOf\":{\"@id\":\"https:\\\/\\\/www.cidademarketing.com.br\\\/marketing\\\/2020\\\/10\\\/06\\\/electrolux-apresenta-nova-assinatura-de-marca-sua-casa-bem-vivida\\\/\"},\"author\":{\"name\":\"Thales Brand\u00e3o\",\"@id\":\"https:\\\/\\\/www.cidademarketing.com.br\\\/marketing\\\/#\\\/schema\\\/person\\\/02daff9f18bd9378c9e01eb6b2db155f\"},\"headline\":\"Electrolux apresenta nova assinatura de marca &#8220;Sua Casa Bem Vivida&#8221;\",\"datePublished\":\"2020-10-07T01:42:05+00:00\",\"dateModified\":\"2020-10-07T01:42:09+00:00\",\"mainEntityOfPage\":{\"@id\":\"https:\\\/\\\/www.cidademarketing.com.br\\\/marketing\\\/2020\\\/10\\\/06\\\/electrolux-apresenta-nova-assinatura-de-marca-sua-casa-bem-vivida\\\/\"},\"wordCount\":624,\"commentCount\":0,\"publisher\":{\"@id\":\"https:\\\/\\\/www.cidademarketing.com.br\\\/marketing\\\/#organization\"},\"image\":{\"@id\":\"https:\\\/\\\/www.cidademarketing.com.br\\\/marketing\\\/2020\\\/10\\\/06\\\/electrolux-apresenta-nova-assinatura-de-marca-sua-casa-bem-vivida\\\/#primaryimage\"},\"thumbnailUrl\":\"https:\\\/\\\/www.cidademarketing.com.br\\\/marketing\\\/wp-content\\\/uploads\\\/2020\\\/10\\\/novosframes_Maquina.jpg\",\"keywords\":[\"branding\",\"campanha\",\"Electrolux\",\"marca\",\"marketing\"],\"articleSection\":[\"Videos\"],\"inLanguage\":\"pt-BR\",\"potentialAction\":[{\"@type\":\"CommentAction\",\"name\":\"Comment\",\"target\":[\"https:\\\/\\\/www.cidademarketing.com.br\\\/marketing\\\/2020\\\/10\\\/06\\\/electrolux-apresenta-nova-assinatura-de-marca-sua-casa-bem-vivida\\\/#respond\"]}]},{\"@type\":\"WebPage\",\"@id\":\"https:\\\/\\\/www.cidademarketing.com.br\\\/marketing\\\/2020\\\/10\\\/06\\\/electrolux-apresenta-nova-assinatura-de-marca-sua-casa-bem-vivida\\\/\",\"url\":\"https:\\\/\\\/www.cidademarketing.com.br\\\/marketing\\\/2020\\\/10\\\/06\\\/electrolux-apresenta-nova-assinatura-de-marca-sua-casa-bem-vivida\\\/\",\"name\":\"Electrolux apresenta nova assinatura de marca \\\"Sua Casa Bem Vivida\\\" - CidadeMarketing\",\"isPartOf\":{\"@id\":\"https:\\\/\\\/www.cidademarketing.com.br\\\/marketing\\\/#website\"},\"primaryImageOfPage\":{\"@id\":\"https:\\\/\\\/www.cidademarketing.com.br\\\/marketing\\\/2020\\\/10\\\/06\\\/electrolux-apresenta-nova-assinatura-de-marca-sua-casa-bem-vivida\\\/#primaryimage\"},\"image\":{\"@id\":\"https:\\\/\\\/www.cidademarketing.com.br\\\/marketing\\\/2020\\\/10\\\/06\\\/electrolux-apresenta-nova-assinatura-de-marca-sua-casa-bem-vivida\\\/#primaryimage\"},\"thumbnailUrl\":\"https:\\\/\\\/www.cidademarketing.com.br\\\/marketing\\\/wp-content\\\/uploads\\\/2020\\\/10\\\/novosframes_Maquina.jpg\",\"datePublished\":\"2020-10-07T01:42:05+00:00\",\"dateModified\":\"2020-10-07T01:42:09+00:00\",\"breadcrumb\":{\"@id\":\"https:\\\/\\\/www.cidademarketing.com.br\\\/marketing\\\/2020\\\/10\\\/06\\\/electrolux-apresenta-nova-assinatura-de-marca-sua-casa-bem-vivida\\\/#breadcrumb\"},\"inLanguage\":\"pt-BR\",\"potentialAction\":[{\"@type\":\"ReadAction\",\"target\":[\"https:\\\/\\\/www.cidademarketing.com.br\\\/marketing\\\/2020\\\/10\\\/06\\\/electrolux-apresenta-nova-assinatura-de-marca-sua-casa-bem-vivida\\\/\"]}]},{\"@type\":\"ImageObject\",\"inLanguage\":\"pt-BR\",\"@id\":\"https:\\\/\\\/www.cidademarketing.com.br\\\/marketing\\\/2020\\\/10\\\/06\\\/electrolux-apresenta-nova-assinatura-de-marca-sua-casa-bem-vivida\\\/#primaryimage\",\"url\":\"https:\\\/\\\/www.cidademarketing.com.br\\\/marketing\\\/wp-content\\\/uploads\\\/2020\\\/10\\\/novosframes_Maquina.jpg\",\"contentUrl\":\"https:\\\/\\\/www.cidademarketing.com.br\\\/marketing\\\/wp-content\\\/uploads\\\/2020\\\/10\\\/novosframes_Maquina.jpg\",\"width\":1920,\"height\":1080,\"caption\":\"Reprodu\u00e7\u00e3o\"},{\"@type\":\"BreadcrumbList\",\"@id\":\"https:\\\/\\\/www.cidademarketing.com.br\\\/marketing\\\/2020\\\/10\\\/06\\\/electrolux-apresenta-nova-assinatura-de-marca-sua-casa-bem-vivida\\\/#breadcrumb\",\"itemListElement\":[{\"@type\":\"ListItem\",\"position\":1,\"name\":\"In\u00edcio\",\"item\":\"https:\\\/\\\/www.cidademarketing.com.br\\\/marketing\\\/\"},{\"@type\":\"ListItem\",\"position\":2,\"name\":\"Electrolux apresenta nova assinatura de marca &#8220;Sua Casa Bem Vivida&#8221;\"}]},{\"@type\":\"WebSite\",\"@id\":\"https:\\\/\\\/www.cidademarketing.com.br\\\/marketing\\\/#website\",\"url\":\"https:\\\/\\\/www.cidademarketing.com.br\\\/marketing\\\/\",\"name\":\"CidadeMarketing\",\"description\":\"Somos um ve\u00edculo de comunica\u00e7\u00e3o de destaque no Brasil, reconhecido por conte\u00fados nos segmentos de marketing, empreendedorismo e inova\u00e7\u00e3o.\",\"publisher\":{\"@id\":\"https:\\\/\\\/www.cidademarketing.com.br\\\/marketing\\\/#organization\"},\"alternateName\":\"CidadeMarketing\",\"potentialAction\":[{\"@type\":\"SearchAction\",\"target\":{\"@type\":\"EntryPoint\",\"urlTemplate\":\"https:\\\/\\\/www.cidademarketing.com.br\\\/marketing\\\/?s={search_term_string}\"},\"query-input\":{\"@type\":\"PropertyValueSpecification\",\"valueRequired\":true,\"valueName\":\"search_term_string\"}}],\"inLanguage\":\"pt-BR\"},{\"@type\":\"Organization\",\"@id\":\"https:\\\/\\\/www.cidademarketing.com.br\\\/marketing\\\/#organization\",\"name\":\"CidadeMarketing\",\"alternateName\":\"CidadeMarketing\",\"url\":\"https:\\\/\\\/www.cidademarketing.com.br\\\/marketing\\\/\",\"logo\":{\"@type\":\"ImageObject\",\"inLanguage\":\"pt-BR\",\"@id\":\"https:\\\/\\\/www.cidademarketing.com.br\\\/marketing\\\/#\\\/schema\\\/logo\\\/image\\\/\",\"url\":\"https:\\\/\\\/www.cidademarketing.com.br\\\/marketing\\\/wp-content\\\/uploads\\\/2020\\\/01\\\/cidademarketing_marca_mobile.png\",\"contentUrl\":\"https:\\\/\\\/www.cidademarketing.com.br\\\/marketing\\\/wp-content\\\/uploads\\\/2020\\\/01\\\/cidademarketing_marca_mobile.png\",\"width\":230,\"height\":92,\"caption\":\"CidadeMarketing\"},\"image\":{\"@id\":\"https:\\\/\\\/www.cidademarketing.com.br\\\/marketing\\\/#\\\/schema\\\/logo\\\/image\\\/\"},\"sameAs\":[\"https:\\\/\\\/www.facebook.com\\\/portalcidademarketing\",\"https:\\\/\\\/x.com\\\/CidadeMarketing\",\"https:\\\/\\\/www.instagram.com\\\/cidademarketing\\\/\"]},{\"@type\":\"Person\",\"@id\":\"https:\\\/\\\/www.cidademarketing.com.br\\\/marketing\\\/#\\\/schema\\\/person\\\/02daff9f18bd9378c9e01eb6b2db155f\",\"name\":\"Thales Brand\u00e3o\",\"image\":{\"@type\":\"ImageObject\",\"inLanguage\":\"pt-BR\",\"@id\":\"https:\\\/\\\/secure.gravatar.com\\\/avatar\\\/7ca3206950207cc3cb48feec56a8a7898741ab725c368d99d5d7a5a50aab80c6?s=96&d=mm&r=g\",\"url\":\"https:\\\/\\\/secure.gravatar.com\\\/avatar\\\/7ca3206950207cc3cb48feec56a8a7898741ab725c368d99d5d7a5a50aab80c6?s=96&d=mm&r=g\",\"contentUrl\":\"https:\\\/\\\/secure.gravatar.com\\\/avatar\\\/7ca3206950207cc3cb48feec56a8a7898741ab725c368d99d5d7a5a50aab80c6?s=96&d=mm&r=g\",\"caption\":\"Thales Brand\u00e3o\"},\"description\":\"Editor Executivo do Portal CidadeMarketing.com.br &gt; Mestre em Comunica\u00e7\u00e3o e Sociedade pela Universidade Federal de Sergipe. Possui MBA Executivo em Administra\u00e7\u00e3o com \u00eanfase em Marketing pela Funda\u00e7\u00e3o Get\u00falio Vargas - Rio de Janeiro. Consultor, Palestrante e Pesquisador sobre Empreendedorismo, Marketing, Redes Sociais e Neg\u00f3cios Digitais. Professor, Palestrante TedxTalks e Campus Party. Twitter: @ThalesBrandao\",\"sameAs\":[\"http:\\\/\\\/www.mandacaru.com.br\",\"https:\\\/\\\/www.facebook.com\\\/thalesbrandao\",\"http:\\\/\\\/www.instagram.com.br\\\/thalesbrandaoferreira\",\"https:\\\/\\\/www.linkedin.com\\\/in\\\/thales-brand\u00e3o-3948609\\\/\",\"https:\\\/\\\/x.com\\\/http:\\\/\\\/www.twitter.com\\\/thalesbrandao\"],\"url\":\"https:\\\/\\\/www.cidademarketing.com.br\\\/marketing\\\/author\\\/thalesbrandao\\\/\"}]}<\/script>\n<!-- \/ Yoast SEO plugin. -->","yoast_head_json":{"title":"Electrolux apresenta nova assinatura de marca \"Sua Casa Bem Vivida\" - CidadeMarketing","robots":{"index":"index","follow":"follow","max-snippet":"max-snippet:-1","max-image-preview":"max-image-preview:large","max-video-preview":"max-video-preview:-1"},"canonical":"https:\/\/www.cidademarketing.com.br\/marketing\/2020\/10\/06\/electrolux-apresenta-nova-assinatura-de-marca-sua-casa-bem-vivida\/","og_locale":"pt_BR","og_type":"article","og_title":"Electrolux apresenta nova assinatura de marca \"Sua Casa Bem Vivida\" - CidadeMarketing","og_description":"A partir de outubro, a Electrolux estreia a assinatura &#8220;Sua Casa Bem Vivida\u201d criada pela DPZ&amp;T e que ser\u00e1 implementada na Am\u00e9rica Latina. Por meio deste novo conceito, a marca pretende se aproximar ainda mais dos consumidores ao mostrar a realidade vivida dentro de suas casas.\u202f\u00a0 Foram feitos v\u00e1rios estudos desde o primeiro semestre sobre [&hellip;]","og_url":"https:\/\/www.cidademarketing.com.br\/marketing\/2020\/10\/06\/electrolux-apresenta-nova-assinatura-de-marca-sua-casa-bem-vivida\/","og_site_name":"CidadeMarketing","article_publisher":"https:\/\/www.facebook.com\/portalcidademarketing","article_author":"https:\/\/www.facebook.com\/thalesbrandao","article_published_time":"2020-10-07T01:42:05+00:00","article_modified_time":"2020-10-07T01:42:09+00:00","og_image":[{"width":1920,"height":1080,"url":"https:\/\/www.cidademarketing.com.br\/marketing\/wp-content\/uploads\/2020\/10\/novosframes_Maquina.jpg","type":"image\/jpeg"}],"author":"Thales Brand\u00e3o","twitter_card":"summary_large_image","twitter_creator":"@http:\/\/www.twitter.com\/thalesbrandao","twitter_site":"@CidadeMarketing","twitter_misc":{"Escrito por":"Thales Brand\u00e3o","Est. tempo de leitura":"3 minutos"},"schema":{"@context":"https:\/\/schema.org","@graph":[{"@type":"Article","@id":"https:\/\/www.cidademarketing.com.br\/marketing\/2020\/10\/06\/electrolux-apresenta-nova-assinatura-de-marca-sua-casa-bem-vivida\/#article","isPartOf":{"@id":"https:\/\/www.cidademarketing.com.br\/marketing\/2020\/10\/06\/electrolux-apresenta-nova-assinatura-de-marca-sua-casa-bem-vivida\/"},"author":{"name":"Thales Brand\u00e3o","@id":"https:\/\/www.cidademarketing.com.br\/marketing\/#\/schema\/person\/02daff9f18bd9378c9e01eb6b2db155f"},"headline":"Electrolux apresenta nova assinatura de marca &#8220;Sua Casa Bem Vivida&#8221;","datePublished":"2020-10-07T01:42:05+00:00","dateModified":"2020-10-07T01:42:09+00:00","mainEntityOfPage":{"@id":"https:\/\/www.cidademarketing.com.br\/marketing\/2020\/10\/06\/electrolux-apresenta-nova-assinatura-de-marca-sua-casa-bem-vivida\/"},"wordCount":624,"commentCount":0,"publisher":{"@id":"https:\/\/www.cidademarketing.com.br\/marketing\/#organization"},"image":{"@id":"https:\/\/www.cidademarketing.com.br\/marketing\/2020\/10\/06\/electrolux-apresenta-nova-assinatura-de-marca-sua-casa-bem-vivida\/#primaryimage"},"thumbnailUrl":"https:\/\/www.cidademarketing.com.br\/marketing\/wp-content\/uploads\/2020\/10\/novosframes_Maquina.jpg","keywords":["branding","campanha","Electrolux","marca","marketing"],"articleSection":["Videos"],"inLanguage":"pt-BR","potentialAction":[{"@type":"CommentAction","name":"Comment","target":["https:\/\/www.cidademarketing.com.br\/marketing\/2020\/10\/06\/electrolux-apresenta-nova-assinatura-de-marca-sua-casa-bem-vivida\/#respond"]}]},{"@type":"WebPage","@id":"https:\/\/www.cidademarketing.com.br\/marketing\/2020\/10\/06\/electrolux-apresenta-nova-assinatura-de-marca-sua-casa-bem-vivida\/","url":"https:\/\/www.cidademarketing.com.br\/marketing\/2020\/10\/06\/electrolux-apresenta-nova-assinatura-de-marca-sua-casa-bem-vivida\/","name":"Electrolux apresenta nova assinatura de marca \"Sua Casa Bem Vivida\" - CidadeMarketing","isPartOf":{"@id":"https:\/\/www.cidademarketing.com.br\/marketing\/#website"},"primaryImageOfPage":{"@id":"https:\/\/www.cidademarketing.com.br\/marketing\/2020\/10\/06\/electrolux-apresenta-nova-assinatura-de-marca-sua-casa-bem-vivida\/#primaryimage"},"image":{"@id":"https:\/\/www.cidademarketing.com.br\/marketing\/2020\/10\/06\/electrolux-apresenta-nova-assinatura-de-marca-sua-casa-bem-vivida\/#primaryimage"},"thumbnailUrl":"https:\/\/www.cidademarketing.com.br\/marketing\/wp-content\/uploads\/2020\/10\/novosframes_Maquina.jpg","datePublished":"2020-10-07T01:42:05+00:00","dateModified":"2020-10-07T01:42:09+00:00","breadcrumb":{"@id":"https:\/\/www.cidademarketing.com.br\/marketing\/2020\/10\/06\/electrolux-apresenta-nova-assinatura-de-marca-sua-casa-bem-vivida\/#breadcrumb"},"inLanguage":"pt-BR","potentialAction":[{"@type":"ReadAction","target":["https:\/\/www.cidademarketing.com.br\/marketing\/2020\/10\/06\/electrolux-apresenta-nova-assinatura-de-marca-sua-casa-bem-vivida\/"]}]},{"@type":"ImageObject","inLanguage":"pt-BR","@id":"https:\/\/www.cidademarketing.com.br\/marketing\/2020\/10\/06\/electrolux-apresenta-nova-assinatura-de-marca-sua-casa-bem-vivida\/#primaryimage","url":"https:\/\/www.cidademarketing.com.br\/marketing\/wp-content\/uploads\/2020\/10\/novosframes_Maquina.jpg","contentUrl":"https:\/\/www.cidademarketing.com.br\/marketing\/wp-content\/uploads\/2020\/10\/novosframes_Maquina.jpg","width":1920,"height":1080,"caption":"Reprodu\u00e7\u00e3o"},{"@type":"BreadcrumbList","@id":"https:\/\/www.cidademarketing.com.br\/marketing\/2020\/10\/06\/electrolux-apresenta-nova-assinatura-de-marca-sua-casa-bem-vivida\/#breadcrumb","itemListElement":[{"@type":"ListItem","position":1,"name":"In\u00edcio","item":"https:\/\/www.cidademarketing.com.br\/marketing\/"},{"@type":"ListItem","position":2,"name":"Electrolux apresenta nova assinatura de marca &#8220;Sua Casa Bem Vivida&#8221;"}]},{"@type":"WebSite","@id":"https:\/\/www.cidademarketing.com.br\/marketing\/#website","url":"https:\/\/www.cidademarketing.com.br\/marketing\/","name":"CidadeMarketing","description":"Somos um ve\u00edculo de comunica\u00e7\u00e3o de destaque no Brasil, reconhecido por conte\u00fados nos segmentos de marketing, empreendedorismo e inova\u00e7\u00e3o.","publisher":{"@id":"https:\/\/www.cidademarketing.com.br\/marketing\/#organization"},"alternateName":"CidadeMarketing","potentialAction":[{"@type":"SearchAction","target":{"@type":"EntryPoint","urlTemplate":"https:\/\/www.cidademarketing.com.br\/marketing\/?s={search_term_string}"},"query-input":{"@type":"PropertyValueSpecification","valueRequired":true,"valueName":"search_term_string"}}],"inLanguage":"pt-BR"},{"@type":"Organization","@id":"https:\/\/www.cidademarketing.com.br\/marketing\/#organization","name":"CidadeMarketing","alternateName":"CidadeMarketing","url":"https:\/\/www.cidademarketing.com.br\/marketing\/","logo":{"@type":"ImageObject","inLanguage":"pt-BR","@id":"https:\/\/www.cidademarketing.com.br\/marketing\/#\/schema\/logo\/image\/","url":"https:\/\/www.cidademarketing.com.br\/marketing\/wp-content\/uploads\/2020\/01\/cidademarketing_marca_mobile.png","contentUrl":"https:\/\/www.cidademarketing.com.br\/marketing\/wp-content\/uploads\/2020\/01\/cidademarketing_marca_mobile.png","width":230,"height":92,"caption":"CidadeMarketing"},"image":{"@id":"https:\/\/www.cidademarketing.com.br\/marketing\/#\/schema\/logo\/image\/"},"sameAs":["https:\/\/www.facebook.com\/portalcidademarketing","https:\/\/x.com\/CidadeMarketing","https:\/\/www.instagram.com\/cidademarketing\/"]},{"@type":"Person","@id":"https:\/\/www.cidademarketing.com.br\/marketing\/#\/schema\/person\/02daff9f18bd9378c9e01eb6b2db155f","name":"Thales Brand\u00e3o","image":{"@type":"ImageObject","inLanguage":"pt-BR","@id":"https:\/\/secure.gravatar.com\/avatar\/7ca3206950207cc3cb48feec56a8a7898741ab725c368d99d5d7a5a50aab80c6?s=96&d=mm&r=g","url":"https:\/\/secure.gravatar.com\/avatar\/7ca3206950207cc3cb48feec56a8a7898741ab725c368d99d5d7a5a50aab80c6?s=96&d=mm&r=g","contentUrl":"https:\/\/secure.gravatar.com\/avatar\/7ca3206950207cc3cb48feec56a8a7898741ab725c368d99d5d7a5a50aab80c6?s=96&d=mm&r=g","caption":"Thales Brand\u00e3o"},"description":"Editor Executivo do Portal CidadeMarketing.com.br &gt; Mestre em Comunica\u00e7\u00e3o e Sociedade pela Universidade Federal de Sergipe. Possui MBA Executivo em Administra\u00e7\u00e3o com \u00eanfase em Marketing pela Funda\u00e7\u00e3o Get\u00falio Vargas - Rio de Janeiro. Consultor, Palestrante e Pesquisador sobre Empreendedorismo, Marketing, Redes Sociais e Neg\u00f3cios Digitais. Professor, Palestrante TedxTalks e Campus Party. Twitter: @ThalesBrandao","sameAs":["http:\/\/www.mandacaru.com.br","https:\/\/www.facebook.com\/thalesbrandao","http:\/\/www.instagram.com.br\/thalesbrandaoferreira","https:\/\/www.linkedin.com\/in\/thales-brand\u00e3o-3948609\/","https:\/\/x.com\/http:\/\/www.twitter.com\/thalesbrandao"],"url":"https:\/\/www.cidademarketing.com.br\/marketing\/author\/thalesbrandao\/"}]}},"amp_enabled":true,"_links":{"self":[{"href":"https:\/\/www.cidademarketing.com.br\/marketing\/wp-json\/wp\/v2\/posts\/19715","targetHints":{"allow":["GET"]}}],"collection":[{"href":"https:\/\/www.cidademarketing.com.br\/marketing\/wp-json\/wp\/v2\/posts"}],"about":[{"href":"https:\/\/www.cidademarketing.com.br\/marketing\/wp-json\/wp\/v2\/types\/post"}],"author":[{"embeddable":true,"href":"https:\/\/www.cidademarketing.com.br\/marketing\/wp-json\/wp\/v2\/users\/1"}],"replies":[{"embeddable":true,"href":"https:\/\/www.cidademarketing.com.br\/marketing\/wp-json\/wp\/v2\/comments?post=19715"}],"version-history":[{"count":1,"href":"https:\/\/www.cidademarketing.com.br\/marketing\/wp-json\/wp\/v2\/posts\/19715\/revisions"}],"predecessor-version":[{"id":19720,"href":"https:\/\/www.cidademarketing.com.br\/marketing\/wp-json\/wp\/v2\/posts\/19715\/revisions\/19720"}],"wp:featuredmedia":[{"embeddable":true,"href":"https:\/\/www.cidademarketing.com.br\/marketing\/wp-json\/wp\/v2\/media\/19719"}],"wp:attachment":[{"href":"https:\/\/www.cidademarketing.com.br\/marketing\/wp-json\/wp\/v2\/media?parent=19715"}],"wp:term":[{"taxonomy":"category","embeddable":true,"href":"https:\/\/www.cidademarketing.com.br\/marketing\/wp-json\/wp\/v2\/categories?post=19715"},{"taxonomy":"post_tag","embeddable":true,"href":"https:\/\/www.cidademarketing.com.br\/marketing\/wp-json\/wp\/v2\/tags?post=19715"}],"curies":[{"name":"wp","href":"https:\/\/api.w.org\/{rel}","templated":true}]}}